{"id":679643,"date":"2021-12-15T11:00:10","date_gmt":"2021-12-15T10:00:10","guid":{"rendered":"https:\/\/rothschenk.de\/deset-zasad-iniciativy-osn-global-compact\/"},"modified":"2025-06-30T16:52:38","modified_gmt":"2025-06-30T14:52:38","slug":"deset-zasad-iniciativy-osn-global-compact","status":"publish","type":"post","link":"https:\/\/rothschenk.de\/cz\/deset-zasad-iniciativy-osn-global-compact\/","title":{"rendered":"Deset z\u00e1sad iniciativy OSN Global Compact"},"content":{"rendered":"\n<p>Od 15. prosince 2021 jsme aktivn\u00edm \u010dlenem iniciativy UN Global Compact. To znamen\u00e1, \u017ee se na n\u00e1s vztahuje 10 princip\u016f tohoto ocen\u011bn\u00ed. <\/p>\n\n<ul class=\"wp-block-list\">\n<li>Podnikov\u00e1 udr\u017eitelnost za\u010d\u00edn\u00e1 hodnotov\u00fdm syst\u00e9mem spole\u010dnosti a podnikatelsk\u00fdm p\u0159\u00edstupem zalo\u017een\u00fdm na principech. To znamen\u00e1, \u017ee jedn\u00e1me tak, abychom plnili z\u00e1kladn\u00ed povinnosti v oblasti lidsk\u00fdch pr\u00e1v, pr\u00e1ce, \u017eivotn\u00edho prost\u0159ed\u00ed a boje proti korupci. <\/li>\n<\/ul>\n\n<ul class=\"wp-block-list\">\n<li>Jako odpov\u011bdn\u00e1 spole\u010dnost se \u0159\u00edd\u00edme stejn\u00fdmi hodnotami a z\u00e1sadami v\u0161ude tam, kde se vyskytuj\u00ed, a uv\u011bdomujeme si, \u017ee dobr\u00e9 postupy v jedn\u00e9 oblasti nekompenzuj\u00ed \u0161kody v jin\u00e9 oblasti. Za\u010dlen\u011bn\u00edm deseti princip\u016f UN Global Compact do strategi\u00ed, politik a postup\u016f a zaveden\u00edm kultury integrity spole\u010dnost Rothschenk nejen pln\u00ed svou z\u00e1kladn\u00ed odpov\u011bdnost v\u016f\u010di lidem a \u017eivotn\u00edmu prost\u0159ed\u00ed, ale tak\u00e9 vytv\u00e1\u0159\u00ed podm\u00ednky pro dlouhodob\u00fd \u00fasp\u011bch. <\/li>\n<\/ul>\n\n<ul class=\"wp-block-list\">\n<li>Deset z\u00e1sad Glob\u00e1ln\u00edho paktu OSN vych\u00e1z\u00ed ze: <a href=\"http:\/\/www.un.org\/Overview\/rights.html\" target=\"_blank\" rel=\"noreferrer noopener\">V\u0161eobecn\u00e9 deklarace lidsk\u00fdch pr\u00e1v<\/a>, <a href=\"http:\/\/www.un.org\/Overview\/rights.html\" target=\"_blank\" rel=\"noreferrer noopener\">Deklarace<\/a> <a href=\"http:\/\/www.ilo.org\/declaration\/lang--en\/index.htm\" target=\"_blank\" rel=\"noreferrer noopener\">Mezin\u00e1rodn\u00ed organizace pr\u00e1ce o z\u00e1kladn\u00edch z\u00e1sad\u00e1ch a pr\u00e1vech p\u0159i pr\u00e1ci<\/a>, <a href=\"https:\/\/sustainabledevelopment.un.org\/rio20\/futurewewant\" target=\"_blank\" rel=\"noreferrer noopener\">Deklarace z Ria o \u017eivotn\u00edm prost\u0159ed\u00ed a rozvoji<\/a> a <a href=\"http:\/\/www.unodc.org\/unodc\/en\/treaties\/CAC\/index.html\" target=\"_blank\" rel=\"noreferrer noopener\">\u00damluvy<\/a> <a href=\"http:\/\/www.unodc.org\/unodc\/en\/treaties\/CAC\/index.html\" target=\"_blank\" rel=\"noreferrer noopener\">OSN proti korupci<\/a>.<\/li>\n<\/ul>\n\n<div style=\"height:36px\" aria-hidden=\"true\" class=\"wp-block-spacer\"><\/div>\n\n<h2 class=\"wp-block-heading\">Lidsk\u00e1 pr\u00e1va<\/h2>\n\n<p><a href=\"https:\/\/www.unglobalcompact.org\/what-is-gc\/mission\/principles\/principle-1\">Z\u00e1sada 1<\/a>: Podniky by m\u011bly podporovat a respektovat ochranu mezin\u00e1rodn\u011b vyhl\u00e1\u0161en\u00fdch lidsk\u00fdch pr\u00e1v a<\/p>\n\n<p><a href=\"https:\/\/www.unglobalcompact.org\/what-is-gc\/mission\/principles\/principle-2\">Z\u00e1sada 2<\/a>: Zajistit, aby se nepod\u00edlely na poru\u0161ov\u00e1n\u00ed lidsk\u00fdch pr\u00e1v.<\/p>\n\n<div style=\"height:36px\" aria-hidden=\"true\" class=\"wp-block-spacer\"><\/div>\n\n<h2 class=\"wp-block-heading\">Pr\u00e1ce<\/h2>\n\n<p><a href=\"https:\/\/www.unglobalcompact.org\/what-is-gc\/mission\/principles\/principle-3\">Z\u00e1sada 3<\/a>: Podniky by m\u011bly prosazovat svobodu sdru\u017eov\u00e1n\u00ed a \u00fa\u010dinn\u00e9 uzn\u00e1v\u00e1n\u00ed pr\u00e1va na kolektivn\u00ed vyjedn\u00e1v\u00e1n\u00ed;<\/p>\n\n<p><a href=\"https:\/\/www.unglobalcompact.org\/what-is-gc\/mission\/principles\/principle-4\">Z\u00e1sada 4<\/a>: Zru\u0161en\u00ed v\u0161ech forem nucen\u00e9 a povinn\u00e9 pr\u00e1ce;<\/p>\n\n<p><a href=\"https:\/\/www.unglobalcompact.org\/what-is-gc\/mission\/principles\/principle-5\">Z\u00e1sada 5<\/a>: \u00fa\u010dinn\u00e9 odstran\u011bn\u00ed d\u011btsk\u00e9 pr\u00e1ce a<\/p>\n\n<p><a href=\"https:\/\/www.unglobalcompact.org\/what-is-gc\/mission\/principles\/principle-6\">Z\u00e1sada 6<\/a>: Odstran\u011bn\u00ed diskriminace v oblasti zam\u011bstn\u00e1n\u00ed a povol\u00e1n\u00ed.<\/p>\n\n<div style=\"height:36px\" aria-hidden=\"true\" class=\"wp-block-spacer\"><\/div>\n\n<h2 class=\"wp-block-heading\">\u017divotn\u00ed prost\u0159ed\u00ed<\/h2>\n\n<p><a href=\"https:\/\/www.unglobalcompact.org\/what-is-gc\/mission\/principles\/principle-7\">Z\u00e1sada 7<\/a>: Podniky by m\u011bly podporovat preventivn\u00ed p\u0159\u00edstup k probl\u00e9m\u016fm \u017eivotn\u00edho prost\u0159ed\u00ed;<\/p>\n\n<p><a href=\"https:\/\/www.unglobalcompact.org\/what-is-gc\/mission\/principles\/principle-8\">Z\u00e1sada 8<\/a>: Podniknout iniciativy na podporu v\u011bt\u0161\u00ed odpov\u011bdnosti v\u016f\u010di \u017eivotn\u00edmu prost\u0159ed\u00ed a<\/p>\n\n<p><a href=\"https:\/\/www.unglobalcompact.org\/what-is-gc\/mission\/principles\/principle-9\">Z\u00e1sada 9<\/a>: Podporovat rozvoj a \u0161\u00ed\u0159en\u00ed technologi\u00ed \u0161etrn\u00fdch k \u017eivotn\u00edmu prost\u0159ed\u00ed.<\/p>\n\n<div style=\"height:36px\" aria-hidden=\"true\" class=\"wp-block-spacer\"><\/div>\n\n<h2 class=\"wp-block-heading\">Boj proti korupci<\/h2>\n\n<p><a href=\"https:\/\/www.unglobalcompact.org\/what-is-gc\/mission\/principles\/principle-10\">Z\u00e1sada 10<\/a>: Podniky by m\u011bly bojovat proti korupci ve v\u0161ech jej\u00edch form\u00e1ch, v\u010detn\u011b vyd\u00edr\u00e1n\u00ed a \u00faplatk\u00e1\u0159stv\u00ed.<\/p>\n\n<div style=\"height:36px\" aria-hidden=\"true\" class=\"wp-block-spacer\"><\/div>\n\n<p><strong>N\u00e1\u0161 profil OSN najdete <a href=\"https:\/\/www.unglobalcompact.org\/what-is-gc\/participants\/142590-G-H-GmbH-Rothschenk#cop\">zde.<\/a><\/strong><\/p>\n\n<div style=\"height:36px\" aria-hidden=\"true\" class=\"wp-block-spacer\"><\/div>\n\n<figure class=\"wp-block-gallery has-nested-images columns-default is-cropped wp-block-gallery-1 is-layout-flex wp-block-gallery-is-layout-flex\">\n<figure class=\"wp-block-image size-large\"><img fetchpriority=\"high\" decoding=\"async\" width=\"900\" height=\"600\" data-id=\"166917\" src=\"https:\/\/rothschenk.de\/wp-content\/uploads\/2021\/12\/rothschenk-solibrot-nachhaltigkeit.jpg\" alt=\"\" class=\"wp-image-166917\" srcset=\"https:\/\/rothschenk.de\/wp-content\/uploads\/2021\/12\/rothschenk-solibrot-nachhaltigkeit.jpg 900w, https:\/\/rothschenk.de\/wp-content\/uploads\/2021\/12\/rothschenk-solibrot-nachhaltigkeit-300x200.jpg 300w, https:\/\/rothschenk.de\/wp-content\/uploads\/2021\/12\/rothschenk-solibrot-nachhaltigkeit-768x512.jpg 768w, https:\/\/rothschenk.de\/wp-content\/uploads\/2021\/12\/rothschenk-solibrot-nachhaltigkeit-600x400.jpg 600w\" sizes=\"(max-width: 900px) 100vw, 900px\" \/><\/figure>\n\n\n\n<figure class=\"wp-block-image size-large\"><img decoding=\"async\" width=\"768\" height=\"431\" data-id=\"166920\" src=\"https:\/\/rothschenk.de\/wp-content\/uploads\/2021\/12\/rothschenk-firma-produktion.jpg\" alt=\"\" class=\"wp-image-166920\" srcset=\"https:\/\/rothschenk.de\/wp-content\/uploads\/2021\/12\/rothschenk-firma-produktion.jpg 768w, https:\/\/rothschenk.de\/wp-content\/uploads\/2021\/12\/rothschenk-firma-produktion-300x168.jpg 300w, https:\/\/rothschenk.de\/wp-content\/uploads\/2021\/12\/rothschenk-firma-produktion-600x337.jpg 600w\" sizes=\"(max-width: 768px) 100vw, 768px\" \/><\/figure>\n\n\n\n<figure class=\"wp-block-image size-large\"><img decoding=\"async\" width=\"720\" height=\"480\" data-id=\"166923\" src=\"https:\/\/rothschenk.de\/wp-content\/uploads\/2021\/12\/teambesprechung_bei_rothschenk.jpg\" alt=\"\" class=\"wp-image-166923\" srcset=\"https:\/\/rothschenk.de\/wp-content\/uploads\/2021\/12\/teambesprechung_bei_rothschenk.jpg 720w, https:\/\/rothschenk.de\/wp-content\/uploads\/2021\/12\/teambesprechung_bei_rothschenk-300x200.jpg 300w, https:\/\/rothschenk.de\/wp-content\/uploads\/2021\/12\/teambesprechung_bei_rothschenk-600x400.jpg 600w\" sizes=\"(max-width: 720px) 100vw, 720px\" \/><\/figure>\n<\/figure>\n","protected":false},"excerpt":{"rendered":"<p>Od 15. prosince 2021 jsme aktivn\u00edm \u010dlenem iniciativy UN Global Compact. To znamen\u00e1, \u017ee se na n\u00e1s vztahuje 10 princip\u016f tohoto ocen\u011bn\u00ed. Lidsk\u00e1 pr\u00e1va Z\u00e1sada 1: Podniky by m\u011bly podporovat a respektovat ochranu mezin\u00e1rodn\u011b vyhl\u00e1\u0161en\u00fdch lidsk\u00fdch pr\u00e1v a Z\u00e1sada 2: Zajistit, aby se nepod\u00edlely na poru\u0161ov\u00e1n\u00ed lidsk\u00fdch pr\u00e1v. Pr\u00e1ce Z\u00e1sada 3: Podniky by m\u011bly prosazovat [&hellip;]<\/p>\n","protected":false},"author":1539,"featured_media":0,"comment_status":"open","ping_status":"closed","sticky":false,"template":"","format":"standard","meta":{"_acf_changed":false,"footnotes":""},"categories":[867],"tags":[],"class_list":["post-679643","post","type-post","status-publish","format-standard","hentry","category-rothschenk-novinky"],"acf":[],"yoast_head":"<!-- This site is optimized with the Yoast SEO plugin v27.5 - https:\/\/yoast.com\/product\/yoast-seo-wordpress\/ -->\n<title>UN Global Compact - Rothschenk<\/title>\n<meta name=\"description\" content=\"UN Global Compact | 10 princip\u016f | Lidsk\u00e1 pr\u00e1va | Protikorupce | \u017divotn\u00ed prost\u0159ed\u00ed | Pr\u00e1ce | Jsme aktivn\u00ed | Zaji\u0161t\u011bn\u00ed n\u00e1kladu Rothschenk\" \/>\n<meta name=\"robots\" content=\"index, follow, max-snippet:-1, max-image-preview:large, max-video-preview:-1\" \/>\n<link rel=\"canonical\" href=\"https:\/\/rothschenk.de\/cz\/deset-zasad-iniciativy-osn-global-compact\/\" \/>\n<meta property=\"og:locale\" content=\"cs_CZ\" \/>\n<meta property=\"og:type\" content=\"article\" \/>\n<meta property=\"og:title\" content=\"UN Global Compact - Rothschenk\" \/>\n<meta property=\"og:description\" content=\"UN Global Compact | 10 princip\u016f | Lidsk\u00e1 pr\u00e1va | Protikorupce | \u017divotn\u00ed prost\u0159ed\u00ed | Pr\u00e1ce | Jsme aktivn\u00ed | Zaji\u0161t\u011bn\u00ed n\u00e1kladu Rothschenk\" \/>\n<meta property=\"og:url\" content=\"https:\/\/rothschenk.de\/cz\/deset-zasad-iniciativy-osn-global-compact\/\" \/>\n<meta property=\"og:site_name\" content=\"Rothschenk\" \/>\n<meta property=\"article:publisher\" content=\"https:\/\/de-de.facebook.com\/FirmaRothschenk\/\" \/>\n<meta property=\"article:published_time\" content=\"2021-12-15T10:00:10+00:00\" \/>\n<meta property=\"article:modified_time\" content=\"2025-06-30T14:52:38+00:00\" \/>\n<meta property=\"og:image\" content=\"https:\/\/rothschenk.de\/wp-content\/uploads\/2021\/12\/rothschenk-solibrot-nachhaltigkeit.jpg\" \/>\n\t<meta property=\"og:image:width\" content=\"900\" \/>\n\t<meta property=\"og:image:height\" content=\"600\" \/>\n\t<meta property=\"og:image:type\" content=\"image\/jpeg\" \/>\n<meta name=\"author\" content=\"Rothschenk\" \/>\n<meta name=\"twitter:card\" content=\"summary_large_image\" \/>\n<meta name=\"twitter:label1\" content=\"Napsal(a)\" \/>\n\t<meta name=\"twitter:data1\" content=\"Rothschenk\" \/>\n\t<meta name=\"twitter:label2\" content=\"Odhadovan\u00e1 doba \u010dten\u00ed\" \/>\n\t<meta name=\"twitter:data2\" content=\"2 minuty\" \/>\n<script type=\"application\/ld+json\" class=\"yoast-schema-graph\">{\"@context\":\"https:\\\/\\\/schema.org\",\"@graph\":[{\"@type\":\"Article\",\"@id\":\"https:\\\/\\\/rothschenk.de\\\/cz\\\/deset-zasad-iniciativy-osn-global-compact\\\/#article\",\"isPartOf\":{\"@id\":\"https:\\\/\\\/rothschenk.de\\\/cz\\\/deset-zasad-iniciativy-osn-global-compact\\\/\"},\"author\":{\"name\":\"Rothschenk\",\"@id\":\"https:\\\/\\\/rothschenk.de\\\/cz\\\/#\\\/schema\\\/person\\\/e29bf5cc9df61e6c87f80cdf8ba1be93\"},\"headline\":\"Deset z\u00e1sad iniciativy OSN Global Compact\",\"datePublished\":\"2021-12-15T10:00:10+00:00\",\"dateModified\":\"2025-06-30T14:52:38+00:00\",\"mainEntityOfPage\":{\"@id\":\"https:\\\/\\\/rothschenk.de\\\/cz\\\/deset-zasad-iniciativy-osn-global-compact\\\/\"},\"wordCount\":393,\"commentCount\":0,\"image\":{\"@id\":\"https:\\\/\\\/rothschenk.de\\\/cz\\\/deset-zasad-iniciativy-osn-global-compact\\\/#primaryimage\"},\"thumbnailUrl\":\"https:\\\/\\\/rothschenk.de\\\/wp-content\\\/uploads\\\/2021\\\/12\\\/rothschenk-solibrot-nachhaltigkeit.jpg\",\"articleSection\":[\"Rothschenk Novinky\"],\"inLanguage\":\"cs\",\"potentialAction\":[{\"@type\":\"CommentAction\",\"name\":\"Comment\",\"target\":[\"https:\\\/\\\/rothschenk.de\\\/cz\\\/deset-zasad-iniciativy-osn-global-compact\\\/#respond\"]}]},{\"@type\":\"WebPage\",\"@id\":\"https:\\\/\\\/rothschenk.de\\\/cz\\\/deset-zasad-iniciativy-osn-global-compact\\\/\",\"url\":\"https:\\\/\\\/rothschenk.de\\\/cz\\\/deset-zasad-iniciativy-osn-global-compact\\\/\",\"name\":\"UN Global Compact - Rothschenk\",\"isPartOf\":{\"@id\":\"https:\\\/\\\/rothschenk.de\\\/cz\\\/#website\"},\"primaryImageOfPage\":{\"@id\":\"https:\\\/\\\/rothschenk.de\\\/cz\\\/deset-zasad-iniciativy-osn-global-compact\\\/#primaryimage\"},\"image\":{\"@id\":\"https:\\\/\\\/rothschenk.de\\\/cz\\\/deset-zasad-iniciativy-osn-global-compact\\\/#primaryimage\"},\"thumbnailUrl\":\"https:\\\/\\\/rothschenk.de\\\/wp-content\\\/uploads\\\/2021\\\/12\\\/rothschenk-solibrot-nachhaltigkeit.jpg\",\"datePublished\":\"2021-12-15T10:00:10+00:00\",\"dateModified\":\"2025-06-30T14:52:38+00:00\",\"author\":{\"@id\":\"https:\\\/\\\/rothschenk.de\\\/cz\\\/#\\\/schema\\\/person\\\/e29bf5cc9df61e6c87f80cdf8ba1be93\"},\"description\":\"UN Global Compact | 10 princip\u016f | Lidsk\u00e1 pr\u00e1va | Protikorupce | \u017divotn\u00ed prost\u0159ed\u00ed | Pr\u00e1ce | Jsme aktivn\u00ed | Zaji\u0161t\u011bn\u00ed n\u00e1kladu Rothschenk\",\"breadcrumb\":{\"@id\":\"https:\\\/\\\/rothschenk.de\\\/cz\\\/deset-zasad-iniciativy-osn-global-compact\\\/#breadcrumb\"},\"inLanguage\":\"cs\",\"potentialAction\":[{\"@type\":\"ReadAction\",\"target\":[\"https:\\\/\\\/rothschenk.de\\\/cz\\\/deset-zasad-iniciativy-osn-global-compact\\\/\"]}]},{\"@type\":\"ImageObject\",\"inLanguage\":\"cs\",\"@id\":\"https:\\\/\\\/rothschenk.de\\\/cz\\\/deset-zasad-iniciativy-osn-global-compact\\\/#primaryimage\",\"url\":\"https:\\\/\\\/rothschenk.de\\\/wp-content\\\/uploads\\\/2021\\\/12\\\/rothschenk-solibrot-nachhaltigkeit.jpg\",\"contentUrl\":\"https:\\\/\\\/rothschenk.de\\\/wp-content\\\/uploads\\\/2021\\\/12\\\/rothschenk-solibrot-nachhaltigkeit.jpg\"},{\"@type\":\"BreadcrumbList\",\"@id\":\"https:\\\/\\\/rothschenk.de\\\/cz\\\/deset-zasad-iniciativy-osn-global-compact\\\/#breadcrumb\",\"itemListElement\":[{\"@type\":\"ListItem\",\"position\":1,\"name\":\"Domovsk\u00e1 str\u00e1nka\",\"item\":\"https:\\\/\\\/rothschenk.de\\\/cz\\\/domovska-stranka\\\/\"},{\"@type\":\"ListItem\",\"position\":2,\"name\":\"Deset z\u00e1sad iniciativy OSN Global Compact\"}]},{\"@type\":\"WebSite\",\"@id\":\"https:\\\/\\\/rothschenk.de\\\/cz\\\/#website\",\"url\":\"https:\\\/\\\/rothschenk.de\\\/cz\\\/\",\"name\":\"Rothschenk - Der Online Shop f\u00fcr Ladungssicherung\",\"description\":\"Der Online Shop f\u00fcr Ladungssicherung\",\"potentialAction\":[{\"@type\":\"SearchAction\",\"target\":{\"@type\":\"EntryPoint\",\"urlTemplate\":\"https:\\\/\\\/rothschenk.de\\\/cz\\\/?s={search_term_string}\"},\"query-input\":{\"@type\":\"PropertyValueSpecification\",\"valueRequired\":true,\"valueName\":\"search_term_string\"}}],\"inLanguage\":\"cs\"},{\"@type\":\"Person\",\"@id\":\"https:\\\/\\\/rothschenk.de\\\/cz\\\/#\\\/schema\\\/person\\\/e29bf5cc9df61e6c87f80cdf8ba1be93\",\"name\":\"Rothschenk\",\"image\":{\"@type\":\"ImageObject\",\"inLanguage\":\"cs\",\"@id\":\"https:\\\/\\\/rothschenk.de\\\/wp-content\\\/uploads\\\/2024\\\/03\\\/cropped-cropped-Rothschenk-logo-ladungssicherung-1-96x96.png\",\"url\":\"https:\\\/\\\/rothschenk.de\\\/wp-content\\\/uploads\\\/2024\\\/03\\\/cropped-cropped-Rothschenk-logo-ladungssicherung-1-96x96.png\",\"contentUrl\":\"https:\\\/\\\/rothschenk.de\\\/wp-content\\\/uploads\\\/2024\\\/03\\\/cropped-cropped-Rothschenk-logo-ladungssicherung-1-96x96.png\",\"caption\":\"Rothschenk\"},\"description\":\"\u2714 Profi in der Beratung \u2714 Profi an der Laderampe \u2714 Profi bei der Abwicklung Ihrer W\u00fcnsche \u2714 Ladungssicherung Made in Germany\",\"url\":\"https:\\\/\\\/rothschenk.de\\\/cz\\\/author\\\/rothschenk\\\/\"}]}<\/script>\n<!-- \/ Yoast SEO plugin. -->","yoast_head_json":{"title":"UN Global Compact - Rothschenk","description":"UN Global Compact | 10 princip\u016f | Lidsk\u00e1 pr\u00e1va | Protikorupce | \u017divotn\u00ed prost\u0159ed\u00ed | Pr\u00e1ce | Jsme aktivn\u00ed | Zaji\u0161t\u011bn\u00ed n\u00e1kladu Rothschenk","robots":{"index":"index","follow":"follow","max-snippet":"max-snippet:-1","max-image-preview":"max-image-preview:large","max-video-preview":"max-video-preview:-1"},"canonical":"https:\/\/rothschenk.de\/cz\/deset-zasad-iniciativy-osn-global-compact\/","og_locale":"cs_CZ","og_type":"article","og_title":"UN Global Compact - Rothschenk","og_description":"UN Global Compact | 10 princip\u016f | Lidsk\u00e1 pr\u00e1va | Protikorupce | \u017divotn\u00ed prost\u0159ed\u00ed | Pr\u00e1ce | Jsme aktivn\u00ed | Zaji\u0161t\u011bn\u00ed n\u00e1kladu Rothschenk","og_url":"https:\/\/rothschenk.de\/cz\/deset-zasad-iniciativy-osn-global-compact\/","og_site_name":"Rothschenk","article_publisher":"https:\/\/de-de.facebook.com\/FirmaRothschenk\/","article_published_time":"2021-12-15T10:00:10+00:00","article_modified_time":"2025-06-30T14:52:38+00:00","og_image":[{"width":900,"height":600,"url":"https:\/\/rothschenk.de\/wp-content\/uploads\/2021\/12\/rothschenk-solibrot-nachhaltigkeit.jpg","type":"image\/jpeg"}],"author":"Rothschenk","twitter_card":"summary_large_image","twitter_misc":{"Napsal(a)":"Rothschenk","Odhadovan\u00e1 doba \u010dten\u00ed":"2 minuty"},"schema":{"@context":"https:\/\/schema.org","@graph":[{"@type":"Article","@id":"https:\/\/rothschenk.de\/cz\/deset-zasad-iniciativy-osn-global-compact\/#article","isPartOf":{"@id":"https:\/\/rothschenk.de\/cz\/deset-zasad-iniciativy-osn-global-compact\/"},"author":{"name":"Rothschenk","@id":"https:\/\/rothschenk.de\/cz\/#\/schema\/person\/e29bf5cc9df61e6c87f80cdf8ba1be93"},"headline":"Deset z\u00e1sad iniciativy OSN Global Compact","datePublished":"2021-12-15T10:00:10+00:00","dateModified":"2025-06-30T14:52:38+00:00","mainEntityOfPage":{"@id":"https:\/\/rothschenk.de\/cz\/deset-zasad-iniciativy-osn-global-compact\/"},"wordCount":393,"commentCount":0,"image":{"@id":"https:\/\/rothschenk.de\/cz\/deset-zasad-iniciativy-osn-global-compact\/#primaryimage"},"thumbnailUrl":"https:\/\/rothschenk.de\/wp-content\/uploads\/2021\/12\/rothschenk-solibrot-nachhaltigkeit.jpg","articleSection":["Rothschenk Novinky"],"inLanguage":"cs","potentialAction":[{"@type":"CommentAction","name":"Comment","target":["https:\/\/rothschenk.de\/cz\/deset-zasad-iniciativy-osn-global-compact\/#respond"]}]},{"@type":"WebPage","@id":"https:\/\/rothschenk.de\/cz\/deset-zasad-iniciativy-osn-global-compact\/","url":"https:\/\/rothschenk.de\/cz\/deset-zasad-iniciativy-osn-global-compact\/","name":"UN Global Compact - Rothschenk","isPartOf":{"@id":"https:\/\/rothschenk.de\/cz\/#website"},"primaryImageOfPage":{"@id":"https:\/\/rothschenk.de\/cz\/deset-zasad-iniciativy-osn-global-compact\/#primaryimage"},"image":{"@id":"https:\/\/rothschenk.de\/cz\/deset-zasad-iniciativy-osn-global-compact\/#primaryimage"},"thumbnailUrl":"https:\/\/rothschenk.de\/wp-content\/uploads\/2021\/12\/rothschenk-solibrot-nachhaltigkeit.jpg","datePublished":"2021-12-15T10:00:10+00:00","dateModified":"2025-06-30T14:52:38+00:00","author":{"@id":"https:\/\/rothschenk.de\/cz\/#\/schema\/person\/e29bf5cc9df61e6c87f80cdf8ba1be93"},"description":"UN Global Compact | 10 princip\u016f | Lidsk\u00e1 pr\u00e1va | Protikorupce | \u017divotn\u00ed prost\u0159ed\u00ed | Pr\u00e1ce | Jsme aktivn\u00ed | Zaji\u0161t\u011bn\u00ed n\u00e1kladu Rothschenk","breadcrumb":{"@id":"https:\/\/rothschenk.de\/cz\/deset-zasad-iniciativy-osn-global-compact\/#breadcrumb"},"inLanguage":"cs","potentialAction":[{"@type":"ReadAction","target":["https:\/\/rothschenk.de\/cz\/deset-zasad-iniciativy-osn-global-compact\/"]}]},{"@type":"ImageObject","inLanguage":"cs","@id":"https:\/\/rothschenk.de\/cz\/deset-zasad-iniciativy-osn-global-compact\/#primaryimage","url":"https:\/\/rothschenk.de\/wp-content\/uploads\/2021\/12\/rothschenk-solibrot-nachhaltigkeit.jpg","contentUrl":"https:\/\/rothschenk.de\/wp-content\/uploads\/2021\/12\/rothschenk-solibrot-nachhaltigkeit.jpg"},{"@type":"BreadcrumbList","@id":"https:\/\/rothschenk.de\/cz\/deset-zasad-iniciativy-osn-global-compact\/#breadcrumb","itemListElement":[{"@type":"ListItem","position":1,"name":"Domovsk\u00e1 str\u00e1nka","item":"https:\/\/rothschenk.de\/cz\/domovska-stranka\/"},{"@type":"ListItem","position":2,"name":"Deset z\u00e1sad iniciativy OSN Global Compact"}]},{"@type":"WebSite","@id":"https:\/\/rothschenk.de\/cz\/#website","url":"https:\/\/rothschenk.de\/cz\/","name":"Rothschenk - Der Online Shop f\u00fcr Ladungssicherung","description":"Der Online Shop f\u00fcr Ladungssicherung","potentialAction":[{"@type":"SearchAction","target":{"@type":"EntryPoint","urlTemplate":"https:\/\/rothschenk.de\/cz\/?s={search_term_string}"},"query-input":{"@type":"PropertyValueSpecification","valueRequired":true,"valueName":"search_term_string"}}],"inLanguage":"cs"},{"@type":"Person","@id":"https:\/\/rothschenk.de\/cz\/#\/schema\/person\/e29bf5cc9df61e6c87f80cdf8ba1be93","name":"Rothschenk","image":{"@type":"ImageObject","inLanguage":"cs","@id":"https:\/\/rothschenk.de\/wp-content\/uploads\/2024\/03\/cropped-cropped-Rothschenk-logo-ladungssicherung-1-96x96.png","url":"https:\/\/rothschenk.de\/wp-content\/uploads\/2024\/03\/cropped-cropped-Rothschenk-logo-ladungssicherung-1-96x96.png","contentUrl":"https:\/\/rothschenk.de\/wp-content\/uploads\/2024\/03\/cropped-cropped-Rothschenk-logo-ladungssicherung-1-96x96.png","caption":"Rothschenk"},"description":"\u2714 Profi in der Beratung \u2714 Profi an der Laderampe \u2714 Profi bei der Abwicklung Ihrer W\u00fcnsche \u2714 Ladungssicherung Made in Germany","url":"https:\/\/rothschenk.de\/cz\/author\/rothschenk\/"}]}},"_links":{"self":[{"href":"https:\/\/rothschenk.de\/cz\/wp-json\/wp\/v2\/posts\/679643","targetHints":{"allow":["GET"]}}],"collection":[{"href":"https:\/\/rothschenk.de\/cz\/wp-json\/wp\/v2\/posts"}],"about":[{"href":"https:\/\/rothschenk.de\/cz\/wp-json\/wp\/v2\/types\/post"}],"author":[{"embeddable":true,"href":"https:\/\/rothschenk.de\/cz\/wp-json\/wp\/v2\/users\/1539"}],"replies":[{"embeddable":true,"href":"https:\/\/rothschenk.de\/cz\/wp-json\/wp\/v2\/comments?post=679643"}],"version-history":[{"count":1,"href":"https:\/\/rothschenk.de\/cz\/wp-json\/wp\/v2\/posts\/679643\/revisions"}],"predecessor-version":[{"id":679646,"href":"https:\/\/rothschenk.de\/cz\/wp-json\/wp\/v2\/posts\/679643\/revisions\/679646"}],"wp:attachment":[{"href":"https:\/\/rothschenk.de\/cz\/wp-json\/wp\/v2\/media?parent=679643"}],"wp:term":[{"taxonomy":"category","embeddable":true,"href":"https:\/\/rothschenk.de\/cz\/wp-json\/wp\/v2\/categories?post=679643"},{"taxonomy":"post_tag","embeddable":true,"href":"https:\/\/rothschenk.de\/cz\/wp-json\/wp\/v2\/tags?post=679643"}],"curies":[{"name":"wp","href":"https:\/\/api.w.org\/{rel}","templated":true}]}}