{"id":679750,"date":"2022-06-30T11:27:18","date_gmt":"2022-06-30T09:27:18","guid":{"rendered":"https:\/\/rothschenk.de\/sekvence-18-overena-hruba-hmotnost-kontejner\/"},"modified":"2025-06-30T16:54:29","modified_gmt":"2025-06-30T14:54:29","slug":"sekvence-18-overena-hruba-hmotnost-kontejner","status":"publish","type":"post","link":"https:\/\/rothschenk.de\/cz\/sekvence-18-overena-hruba-hmotnost-kontejner\/","title":{"rendered":"Sekvence 18: Ov\u011b\u0159en\u00e1 hrub\u00e1 hmotnost &#8211; kontejner"},"content":{"rendered":"\n<p>Nehoda kontejnerov\u00e9 lodi MSC Napoli s kapacitou 4 419 TEU, kter\u00e1 se stala 18. ledna 2007 v Laman\u0161sk\u00e9m pr\u016flivu b\u011bhem bou\u0159e Kyrill, m\u011bla za n\u00e1sledek \u00faplnou ztr\u00e1tu lodi.<a href=\"Neapol%20Report%20No9\/2008\" target=\"_blank\" rel=\"noreferrer noopener\">(Zdroj: Zpr\u00e1va Napoli \u010d. 9\/2008<\/a>)<\/p>\n\n<p>\u0160et\u0159en\u00ed je zaj\u00edmav\u00e9, proto\u017ee jeho v\u00fdsledek m\u011bl p\u0159\u00edm\u00fd dopad na balen\u00ed\/ukl\u00e1d\u00e1n\u00ed kontejner\u016f. Co se stalo? <\/p>\n\n<figure class=\"wp-block-image aligncenter size-full is-resized\"><img fetchpriority=\"high\" decoding=\"async\" width=\"600\" height=\"369\" src=\"https:\/\/rothschenk.de\/wp-content\/uploads\/2022\/06\/msc_napoli_havarie_wikipedia_rothschenk.jpg\" alt=\"\" class=\"wp-image-150330\" style=\"width:400px\" srcset=\"https:\/\/rothschenk.de\/wp-content\/uploads\/2022\/06\/msc_napoli_havarie_wikipedia_rothschenk.jpg 600w, https:\/\/rothschenk.de\/wp-content\/uploads\/2022\/06\/msc_napoli_havarie_wikipedia_rothschenk-300x185.jpg 300w\" sizes=\"(max-width: 600px) 100vw, 600px\" \/><figcaption class=\"wp-element-caption\">Zdroj: Wikipedia<\/figcaption><\/figure>\n\n<div style=\"height:35px\" aria-hidden=\"true\" class=\"wp-block-spacer\"><\/div>\n\n<h2 class=\"wp-block-heading\">V\u00fdchoz\u00ed situace<\/h2>\n\n<p>Lo\u010f MCS Napoli plula Laman\u0161sk\u00fdm pr\u016flivem rychlost\u00ed p\u0159ibli\u017en\u011b 11 uzl\u016f (~ 20 km\/h) na z\u00e1pad sm\u011brem k Biskajsk\u00e9mu z\u00e1livu. V\u00fd\u0161ka vln m\u00edsty dosahovala a\u017e 9 metr\u016f. P\u0159ibli\u017en\u011b v 11:05 do\u0161lo k v\u00e1\u017en\u00e9 trhlin\u011b v konstrukci trupu v bl\u00edzkosti strojovny. <\/p>\n\n<p>Kapit\u00e1n v 11.25 hodin zavolal na t\u00eds\u0148ovou linku a rozhodl se opustit lo\u010f v uzav\u0159en\u00e9m z\u00e1chrann\u00e9m \u010dlunu spolu s 26 \u010dleny pos\u00e1dky. Pozd\u011bji byli zachr\u00e1n\u011bni vrtuln\u00edky Roal Navy; nedo\u0161lo k \u017e\u00e1dn\u00fdm zran\u011bn\u00edm. <\/p>\n\n<p>Po odezn\u011bn\u00ed bou\u0159e byla lo\u010f odta\u017eena sm\u011brem k Portlandu, ale hrozilo, \u017ee se rozlom\u00ed a potop\u00ed. Proto bylo 20. ledna 2007 rozhodnuto, \u017ee lo\u010f bude uzemn\u011bna v z\u00e1toce Branscombe. <\/p>\n\n<div style=\"height:35px\" aria-hidden=\"true\" class=\"wp-block-spacer\"><\/div>\n\n<h3 class=\"wp-block-heading\">Probl\u00e9m<\/h3>\n\n<p>V\u011bt\u0161ina kontejner\u016f byla zachr\u00e1n\u011bna. Zejm\u00e9na 660 ulo\u017een\u00fdch na palub\u011b bylo odv\u00e1\u017eeno. Skute\u010dn\u00e1 hmotnost 137 z nich byla o v\u00edce ne\u017e 3 tuny vy\u0161\u0161\u00ed, ne\u017e bylo uvedeno v \u00fadaj\u00edch o n\u00e1kladu. Nejv\u011bt\u0161\u00ed odchylka \u010dinila 20 tun. Celkem 137 kontejner\u016f v\u00e1\u017eilo o 312 tun v\u00edce, ne\u017e bylo uvedeno.    <\/p>\n\n<div class=\"wp-block-columns has-black-color has-text-color has-background has-link-color wp-elements-80c0c683d0ed58ea71df6bb94bf7010a is-layout-flex wp-container-core-columns-is-layout-28f84493 wp-block-columns-is-layout-flex\" style=\"background-color:#f5f5f5\">\n<div class=\"wp-block-column is-vertically-aligned-center is-layout-flow wp-block-column-is-layout-flow\" style=\"flex-basis:100%\">\n<p><strong>Jeden z v\u00fdrok\u016f ve vy\u0161et\u0159ovac\u00ed zpr\u00e1v\u011b zn\u00ed:  <\/strong><\/p>\n\n\n\n<p>&#8222;<em>Kontejnerov\u00e1 doprava je jedin\u00fdm odv\u011btv\u00edm, kde nen\u00ed hmotnost zn\u00e1ma. Pokud maj\u00ed b\u00fdt s\u00edly p\u016fsob\u00edc\u00ed na kontejnerov\u00e9 lod\u011b p\u0159esn\u011b kontrolov\u00e1ny a \u0159\u00edzeny, je nezbytn\u00e9, aby byly kontejnery p\u0159ed nakl\u00e1dkou zv\u00e1\u017eeny. <\/em>.&#8220;<\/p>\n<\/div>\n<\/div>\n\n<div style=\"height:35px\" aria-hidden=\"true\" class=\"wp-block-spacer\"><\/div>\n\n<h2 class=\"wp-block-heading\">Ov\u011b\u0159en\u00e1 celkov\u00e1 hmotnost<\/h2>\n\n<p>Na z\u00e1klad\u011b v\u00fdsledk\u016f \u0161et\u0159en\u00ed vypracovala IMO &#8222;PR\u016eVODCE OHLEDEM NA OV\u011a\u0158ENOU BRUTTO HMOTNOST KONTEJNERU P\u0158EPRAVUJ\u00cdC\u00cdHO N\u00c1KLAD&#8220;, ov\u011b\u0159enou hrubou hmotnost.<\/p>\n\n<figure class=\"wp-block-image aligncenter size-full is-resized\"><img decoding=\"async\" width=\"773\" height=\"579\" src=\"https:\/\/rothschenk.de\/wp-content\/uploads\/2022\/06\/imo-guidelines-regarding-the-verified-gross-mass-of-a-container-carrying-cargo2.png\" alt=\"\" class=\"wp-image-150327\" style=\"width:400px\" srcset=\"https:\/\/rothschenk.de\/wp-content\/uploads\/2022\/06\/imo-guidelines-regarding-the-verified-gross-mass-of-a-container-carrying-cargo2.png 773w, https:\/\/rothschenk.de\/wp-content\/uploads\/2022\/06\/imo-guidelines-regarding-the-verified-gross-mass-of-a-container-carrying-cargo2-300x225.png 300w, https:\/\/rothschenk.de\/wp-content\/uploads\/2022\/06\/imo-guidelines-regarding-the-verified-gross-mass-of-a-container-carrying-cargo2-768x575.png 768w, https:\/\/rothschenk.de\/wp-content\/uploads\/2022\/06\/imo-guidelines-regarding-the-verified-gross-mass-of-a-container-carrying-cargo2-600x449.png 600w\" sizes=\"(max-width: 773px) 100vw, 773px\" \/><\/figure>\n\n<div style=\"height:35px\" aria-hidden=\"true\" class=\"wp-block-spacer\"><\/div>\n\n<p>Jedn\u00e1 se o stanoven\u00ed skute\u010dn\u00e9 hmotnosti kontejneru, kter\u00e1 se skl\u00e1d\u00e1 z n\u00e1kladu + obalu + zabezpe\u010dovac\u00edho za\u0159\u00edzen\u00ed + vlastn\u00ed hmotnosti kontejneru. Sv\u011btov\u00e1 n\u00e1mo\u0159n\u00ed rada uvedla:<em>&#8222;Odpov\u011bdnost za zaznamen\u00e1n\u00ed a zdokumentov\u00e1n\u00ed ov\u011b\u0159en\u00e9 hrub\u00e9 hmotnosti zabalen\u00e9ho kontejneru nese odes\u00edlatel<\/em>.&#8220; To je jasn\u00e9 prohl\u00e1\u0161en\u00ed.  <\/p>\n\n<p>Pro v\u00e1\u017een\u00ed je nutn\u00e9 pou\u017e\u00edt v\u00e1hu t\u0159\u00eddy p\u0159esnosti III podle sm\u011brnice 2009\/23\/ES. Tato specifikace p\u0159esnosti nen\u00ed toleranc\u00ed hmotnosti, ale technickou toleranc\u00ed zobrazen\u00ed pou\u017eit\u00fdch vah. <\/p>\n\n<div style=\"height:35px\" aria-hidden=\"true\" class=\"wp-block-spacer\"><\/div>\n\n<div class=\"wp-block-columns has-black-color has-text-color has-background has-link-color wp-elements-7ca02cb911c1c6d8a32011cce9798c0e is-layout-flex wp-container-core-columns-is-layout-28f84493 wp-block-columns-is-layout-flex\" style=\"background-color:#f5f5f5\">\n<div class=\"wp-block-column is-vertically-aligned-center is-layout-flow wp-block-column-is-layout-flow\">\n<figure data-wp-context=\"{&quot;imageId&quot;:&quot;69f2182916ada&quot;}\" data-wp-interactive=\"core\/image\" data-wp-key=\"69f2182916ada\" class=\"wp-block-image size-medium wp-lightbox-container\"><img decoding=\"async\" width=\"300\" height=\"300\" data-wp-class--hide=\"state.isContentHidden\" data-wp-class--show=\"state.isContentVisible\" data-wp-init=\"callbacks.setButtonStyles\" data-wp-on--click=\"actions.showLightbox\" data-wp-on--load=\"callbacks.setButtonStyles\" data-wp-on-window--resize=\"callbacks.setButtonStyles\" src=\"https:\/\/rothschenk.de\/wp-content\/uploads\/2024\/03\/info-icon-rothschenk-schwarz-300x300.png\" alt=\"\" class=\"wp-image-146591\" srcset=\"https:\/\/rothschenk.de\/wp-content\/uploads\/2024\/03\/info-icon-rothschenk-schwarz-300x300.png 300w, https:\/\/rothschenk.de\/wp-content\/uploads\/2024\/03\/info-icon-rothschenk-schwarz-150x150.png 150w, https:\/\/rothschenk.de\/wp-content\/uploads\/2024\/03\/info-icon-rothschenk-schwarz-768x768.png 768w, https:\/\/rothschenk.de\/wp-content\/uploads\/2024\/03\/info-icon-rothschenk-schwarz-600x600.png 600w, https:\/\/rothschenk.de\/wp-content\/uploads\/2024\/03\/info-icon-rothschenk-schwarz-100x100.png 100w, https:\/\/rothschenk.de\/wp-content\/uploads\/2024\/03\/info-icon-rothschenk-schwarz.png 1024w\" sizes=\"(max-width: 300px) 100vw, 300px\" \/><button\n\t\t\tclass=\"lightbox-trigger\"\n\t\t\ttype=\"button\"\n\t\t\taria-haspopup=\"dialog\"\n\t\t\taria-label=\"Zv\u011bt\u0161it\"\n\t\t\tdata-wp-init=\"callbacks.initTriggerButton\"\n\t\t\tdata-wp-on--click=\"actions.showLightbox\"\n\t\t\tdata-wp-style--right=\"state.imageButtonRight\"\n\t\t\tdata-wp-style--top=\"state.imageButtonTop\"\n\t\t>\n\t\t\t<svg xmlns=\"http:\/\/www.w3.org\/2000\/svg\" width=\"12\" height=\"12\" fill=\"none\" viewBox=\"0 0 12 12\">\n\t\t\t\t<path fill=\"#fff\" d=\"M2 0a2 2 0 0 0-2 2v2h1.5V2a.5.5 0 0 1 .5-.5h2V0H2Zm2 10.5H2a.5.5 0 0 1-.5-.5V8H0v2a2 2 0 0 0 2 2h2v-1.5ZM8 12v-1.5h2a.5.5 0 0 0 .5-.5V8H12v2a2 2 0 0 1-2 2H8Zm2-12a2 2 0 0 1 2 2v2h-1.5V2a.5.5 0 0 0-.5-.5H8V0h2Z\" \/>\n\t\t\t<\/svg>\n\t\t<\/button><\/figure>\n<\/div>\n\n\n\n<div class=\"wp-block-column is-vertically-aligned-center is-layout-flow wp-block-column-is-layout-flow\" style=\"flex-basis:75%\">\n<p><strong>Pro stanoven\u00ed ov\u011b\u0159en\u00e9 celkov\u00e9 hmotnosti jsou povoleny dv\u011b metody:<\/strong><\/p>\n\n\n\n<ol class=\"wp-block-list\">\n<li>V\u0161echny n\u00e1kladov\u00e9 jednotky, obaly nebo obecn\u00fd n\u00e1klad se zv\u00e1\u017e\u00ed, p\u0159i\u010dte se hmotnost upev\u0148ovac\u00edho a ukl\u00e1dac\u00edho materi\u00e1lu a dopln\u00ed se vlastn\u00ed hmotnost\u00ed kontejneru. V\u00fdsledkem je ov\u011b\u0159en\u00e1 celkov\u00e1 hmotnost. <\/li>\n\n\n\n<li>P\u0159\u00edv\u011bs a kontejner se v\u00e1\u017e\u00ed pr\u00e1zdn\u00e9. N\u00e1klad je pot\u00e9 ulo\u017een a zaji\u0161t\u011bn v kontejneru. Pot\u00e9 se nalo\u017een\u00e1 souprava znovu zv\u00e1\u017e\u00ed. Rozd\u00edl mezi ob\u011bma v\u00e1\u017een\u00edmi + vlastn\u00ed hmotnost kontejneru je v\u00fdsledkem ov\u011b\u0159en\u00e9 celkov\u00e9 hmotnosti.   <\/li>\n<\/ol>\n<\/div>\n<\/div>\n\n<div style=\"height:35px\" aria-hidden=\"true\" class=\"wp-block-spacer\"><\/div>\n\n<h3 class=\"wp-block-heading\">Stanoven\u00ed hmotnosti v praxi<\/h3>\n\n<p>Zku\u0161enosti ukazuj\u00ed, \u017ee n\u011bkter\u00e9 nesrovnalosti v hmotnosti jsou syst\u00e9mov\u00e9, proto\u017ee jsou zp\u016fsobeny nep\u0159esn\u00fdmi informacemi z datab\u00e1ze, neudr\u017eovan\u00fdmi datab\u00e1zemi nebo chyb\u011bj\u00edc\u00edmi hmotnostn\u00edmi pom\u011bry. Nez\u0159\u00eddka se st\u00e1v\u00e1, \u017ee \u00fadaje o hmotnosti na n\u00e1kladn\u00edm listu uv\u00e1d\u011bj\u00ed pouze \u010distou hmotnost zbo\u017e\u00ed a hmotnost obal\u016f nebo kontejner\u016f (sud\u016f, IBC atd.) zcela chyb\u00ed. <\/p>\n\n<p>Doporu\u010duje se pravideln\u011b kontrolovat p\u0159esnost a \u00faplnost informac\u00ed v datab\u00e1zi. M\u011bly by se kontrolovat v\u00e1hy, u nich\u017e se mohou vyskytnout odchylky souvisej\u00edc\u00ed s v\u00fdrobou, aby bylo mo\u017en\u00e9 rozpoznat, jak velk\u00fd m\u016f\u017ee b\u00fdt rozsah odchylek, a aby bylo mo\u017en\u00e9 je zohlednit. <\/p>\n\n<p>Kapitoly 4.2.2 a\u017e 4.2.4 <strong>p\u0159edpisu CTU 2015<\/strong> upravuj\u00ed, kdo je odpov\u011bdn\u00fd za stanoven\u00ed hrub\u00e9 hmotnosti (=VGM) a kdo mus\u00ed plnit povinnosti.<\/p>\n\n<div style=\"height:35px\" aria-hidden=\"true\" class=\"wp-block-spacer\"><\/div>\n\n<div class=\"wp-block-columns has-black-color has-text-color has-background has-link-color wp-elements-cfed219328214beeb2f56e35653f7c84 is-layout-flex wp-container-core-columns-is-layout-28f84493 wp-block-columns-is-layout-flex\" style=\"background-color:#f5f5f5\">\n<div class=\"wp-block-column is-vertically-aligned-center is-layout-flow wp-block-column-is-layout-flow\">\n<figure data-wp-context=\"{&quot;imageId&quot;:&quot;69f2182916f07&quot;}\" data-wp-interactive=\"core\/image\" data-wp-key=\"69f2182916f07\" class=\"wp-block-image size-medium wp-lightbox-container\"><img decoding=\"async\" width=\"300\" height=\"300\" data-wp-class--hide=\"state.isContentHidden\" data-wp-class--show=\"state.isContentVisible\" data-wp-init=\"callbacks.setButtonStyles\" data-wp-on--click=\"actions.showLightbox\" data-wp-on--load=\"callbacks.setButtonStyles\" data-wp-on-window--resize=\"callbacks.setButtonStyles\" src=\"https:\/\/rothschenk.de\/wp-content\/uploads\/2024\/03\/info-icon-rothschenk-schwarz-300x300.png\" alt=\"\" class=\"wp-image-146591\" srcset=\"https:\/\/rothschenk.de\/wp-content\/uploads\/2024\/03\/info-icon-rothschenk-schwarz-300x300.png 300w, https:\/\/rothschenk.de\/wp-content\/uploads\/2024\/03\/info-icon-rothschenk-schwarz-150x150.png 150w, https:\/\/rothschenk.de\/wp-content\/uploads\/2024\/03\/info-icon-rothschenk-schwarz-768x768.png 768w, https:\/\/rothschenk.de\/wp-content\/uploads\/2024\/03\/info-icon-rothschenk-schwarz-600x600.png 600w, https:\/\/rothschenk.de\/wp-content\/uploads\/2024\/03\/info-icon-rothschenk-schwarz-100x100.png 100w, https:\/\/rothschenk.de\/wp-content\/uploads\/2024\/03\/info-icon-rothschenk-schwarz.png 1024w\" sizes=\"(max-width: 300px) 100vw, 300px\" \/><button\n\t\t\tclass=\"lightbox-trigger\"\n\t\t\ttype=\"button\"\n\t\t\taria-haspopup=\"dialog\"\n\t\t\taria-label=\"Zv\u011bt\u0161it\"\n\t\t\tdata-wp-init=\"callbacks.initTriggerButton\"\n\t\t\tdata-wp-on--click=\"actions.showLightbox\"\n\t\t\tdata-wp-style--right=\"state.imageButtonRight\"\n\t\t\tdata-wp-style--top=\"state.imageButtonTop\"\n\t\t>\n\t\t\t<svg xmlns=\"http:\/\/www.w3.org\/2000\/svg\" width=\"12\" height=\"12\" fill=\"none\" viewBox=\"0 0 12 12\">\n\t\t\t\t<path fill=\"#fff\" d=\"M2 0a2 2 0 0 0-2 2v2h1.5V2a.5.5 0 0 1 .5-.5h2V0H2Zm2 10.5H2a.5.5 0 0 1-.5-.5V8H0v2a2 2 0 0 0 2 2h2v-1.5ZM8 12v-1.5h2a.5.5 0 0 0 .5-.5V8H12v2a2 2 0 0 1-2 2H8Zm2-12a2 2 0 0 1 2 2v2h-1.5V2a.5.5 0 0 0-.5-.5H8V0h2Z\" \/>\n\t\t\t<\/svg>\n\t\t<\/button><\/figure>\n<\/div>\n\n\n\n<div class=\"wp-block-column is-vertically-aligned-center is-layout-flow wp-block-column-is-layout-flow\" style=\"flex-basis:75%\">\n<p><strong>Kapitola 4.2.2:<\/strong> Odes\u00edlatel by m\u011bl poskytnout spr\u00e1vn\u00e9 informace o zbo\u017e\u00ed.<\/p>\n\n\n\n<p><strong>Kapitola 4.2.3:<\/strong> Bal\u00edrna by m\u011bla p\u0159esn\u011b ur\u010dit hrubou hmotnost a p\u0159edat ji odes\u00edlateli\/odes\u00edlateli.<\/p>\n\n\n\n<p><strong>Kapitola 4.2.4:<\/strong> Odes\u00edlatel\/odes\u00edlatel by m\u011bl zajistit p\u0159esn\u00e9 ur\u010den\u00ed hrub\u00e9 hmotnosti. O potvrzen\u00e9 hrub\u00e9 hmotnosti by m\u011bl rovn\u011b\u017e informovat dopravce, jakmile je o to po\u017e\u00e1d\u00e1n. <\/p>\n<\/div>\n<\/div>\n\n<div style=\"height:35px\" aria-hidden=\"true\" class=\"wp-block-spacer\"><\/div>\n\n<h2 class=\"wp-block-heading\">Z\u00e1v\u011br<\/h2>\n\n<p>T\u00edm se jasn\u011b stanov\u00ed, kdo m\u016f\u017ee b\u00fdt v konkr\u00e9tn\u00edch p\u0159\u00edpadech odpov\u011bdn\u00fd za poru\u0161en\u00ed obchodn\u00edho pr\u00e1va.<\/p>\n\n<p>Odes\u00edlatel m\u016f\u017ee b\u00fdt rovn\u011b\u017e \u010din\u011bn odpov\u011bdn\u00fdm za n\u00e1sledn\u00e9 \u0161kody zp\u016fsoben\u00e9 nespr\u00e1vn\u00fdmi \u00fadaji podle \u010dl\u00e1nku 10 CMR. To se m\u016f\u017ee t\u00fdkat i \u0161kody na lodi, proto\u017ee ta je sou\u010d\u00e1st\u00ed p\u0159epravn\u00edho \u0159et\u011bzce.  <\/p>\n\n<p>Proto je vhodn\u00e9 \u0159\u00e1dn\u011b upravit postupy <a href=\"https:\/\/rothschenk.de\/container\/\">ukl\u00e1d\u00e1n\u00ed kontejner\u016f<\/a>, jasn\u011b vymezit a vymezit \u00fakoly a kontrolovat je.<\/p>\n\n<p>V\u00e1\u0161, Sigurd Ehringer<\/p>\n\n<div style=\"height:50px\" aria-hidden=\"true\" class=\"wp-block-spacer\"><\/div>\n\n<div class=\"wp-block-columns is-layout-flex wp-container-core-columns-is-layout-28f84493 wp-block-columns-is-layout-flex\">\n<div class=\"wp-block-column is-layout-flow wp-block-column-is-layout-flow\">\n<p>&lt;&lt;  P\u0159edchoz\u00ed \u010dl\u00e1nek<br\/><a href=\"https:\/\/rothschenk.de\/cs\/epizoda-17-nehody-a-zavery-tykajici-se-nakladu-a-jeho-ulozeni\/\">Epizoda 17: Nehody a z\u00e1v\u011bry, kter\u00e9 je t\u0159eba vyvodit ohledn\u011b n\u00e1kladu a jeho ulo\u017een\u00ed<\/a><\/p>\n<\/div>\n\n\n\n<div class=\"wp-block-column is-layout-flow wp-block-column-is-layout-flow\">\n<p class=\"has-text-align-right\">Dal\u0161\u00ed \u010dl\u00e1nek &gt;&gt; <br\/><a href=\"https:\/\/rothschenk.de\/folge-19-kombinierter-verkehr\/\"> D\u00edl 19: Kombinovan\u00e1 doprava<\/a><\/p>\n<\/div>\n<\/div>\n\n<div class=\"wp-block-columns alignfull are-vertically-aligned-center has-background is-layout-flex wp-container-core-columns-is-layout-28f84493 wp-block-columns-is-layout-flex\" style=\"background-color:#516062\">\n<div class=\"wp-block-column blog_autor_zusatz is-layout-flow wp-block-column-is-layout-flow\" style=\"flex-basis:10vw\"><\/div>\n\n\n\n<div class=\"wp-block-column is-vertically-aligned-center is-layout-flow wp-block-column-is-layout-flow\" style=\"flex-basis:20%\">\n<figure class=\"wp-block-image aligncenter size-large is-resized is-style-rounded\"><img loading=\"lazy\" decoding=\"async\" width=\"1024\" height=\"1024\" src=\"https:\/\/rothschenk.de\/wp-content\/uploads\/2024\/02\/sigurd-ehringer-ladungssicherung-ausbilder-und-berater-1024x1024.jpg\" alt=\"\" class=\"wp-image-143199\" style=\"width:150px\" srcset=\"https:\/\/rothschenk.de\/wp-content\/uploads\/2024\/02\/sigurd-ehringer-ladungssicherung-ausbilder-und-berater-1024x1024.jpg 1024w, https:\/\/rothschenk.de\/wp-content\/uploads\/2024\/02\/sigurd-ehringer-ladungssicherung-ausbilder-und-berater-300x300.jpg 300w, https:\/\/rothschenk.de\/wp-content\/uploads\/2024\/02\/sigurd-ehringer-ladungssicherung-ausbilder-und-berater-150x150.jpg 150w, https:\/\/rothschenk.de\/wp-content\/uploads\/2024\/02\/sigurd-ehringer-ladungssicherung-ausbilder-und-berater-768x767.jpg 768w, https:\/\/rothschenk.de\/wp-content\/uploads\/2024\/02\/sigurd-ehringer-ladungssicherung-ausbilder-und-berater-600x600.jpg 600w, https:\/\/rothschenk.de\/wp-content\/uploads\/2024\/02\/sigurd-ehringer-ladungssicherung-ausbilder-und-berater-100x100.jpg 100w, https:\/\/rothschenk.de\/wp-content\/uploads\/2024\/02\/sigurd-ehringer-ladungssicherung-ausbilder-und-berater.jpg 1500w\" sizes=\"(max-width: 1024px) 100vw, 1024px\" \/><\/figure>\n<\/div>\n\n\n\n<div class=\"wp-block-column is-vertically-aligned-center is-layout-flow wp-block-column-is-layout-flow\"><div class=\"wp-block-post-author\"><div class=\"wp-block-post-author__content\"><p class=\"wp-block-post-author__name\">Sigurd Ehringer<\/p><p class=\"wp-block-post-author__bio\">\u2714 VDI-zertifizierter Ausbilder f\u00fcr Ladungssicherung\r\n\u2714 Fachbuch-Autor\r\n\u2714 8 Jahre Projektmanager\r\n\u2714 12 Jahre bei der Bundeswehr (Kompaniechef)\r\n\u2714 20 Jahre Vertriebserfahrung\r\n\u2714 seit 1996 Berater\/Ausbilder in der Logistik\r\n\u2714 44 Jahre Ausbilder\/Trainer in verschiedenen Bereichen &#8212;&gt;\r\n\r\nIn einer Reihe von Fachbeitr\u00e4gen aus der Praxis, zu Themen rund um den Container und LKW, erhalten Sie Profiwissen aus erster Hand. Wie sichert man Ladung korrekt und was sind die Grundlagen der Ladungssicherung?\r\nErarbeitet und vorgestellt werden sie von Sigurd Ehringer, Inhaber von <a href=\"http:\/\/www.se-logcon.de\/\">SE-LogCon<\/a>.<\/p><\/div><\/div><\/div>\n\n\n\n<div class=\"wp-block-column blog_autor_zusatz is-layout-flow wp-block-column-is-layout-flow\" style=\"flex-basis:10vw\"><\/div>\n<\/div>\n","protected":false},"excerpt":{"rendered":"<p>Nehoda kontejnerov\u00e9 lodi MSC Napoli s kapacitou 4 419 TEU, kter\u00e1 se stala 18. ledna 2007 v Laman\u0161sk\u00e9m pr\u016flivu b\u011bhem bou\u0159e Kyrill, m\u011bla za n\u00e1sledek \u00faplnou ztr\u00e1tu lodi.(Zdroj: Zpr\u00e1va Napoli \u010d. 9\/2008) \u0160et\u0159en\u00ed je zaj\u00edmav\u00e9, proto\u017ee jeho v\u00fdsledek m\u011bl p\u0159\u00edm\u00fd dopad na balen\u00ed\/ukl\u00e1d\u00e1n\u00ed kontejner\u016f. Co se stalo? V\u00fdchoz\u00ed situace Lo\u010f MCS Napoli plula Laman\u0161sk\u00fdm pr\u016flivem [&hellip;]<\/p>\n","protected":false},"author":1536,"featured_media":0,"comment_status":"open","ping_status":"closed","sticky":false,"template":"","format":"standard","meta":{"_acf_changed":false,"footnotes":""},"categories":[864,916,871],"tags":[],"class_list":["post-679750","post","type-post","status-publish","format-standard","hentry","category-cargo-blog-cs","category-kontejner","category-pravni-zalezitosti"],"acf":[],"yoast_head":"<!-- This site is optimized with the Yoast SEO plugin v27.5 - https:\/\/yoast.com\/product\/yoast-seo-wordpress\/ -->\n<title>Pr\u016fm\u011brn\u00fd kontejner | V\u0161echny nej\u010dast\u011bj\u0161\u00ed dotazy - Rothschenk LaSi<\/title>\n<meta name=\"description\" content=\"Nehody s kontejnery &gt;&gt; Odborn\u00fd \u010dl\u00e1nek o zaji\u0161t\u011bn\u00ed n\u00e1kladu: Co je t\u0159eba dodr\u017eovat? | Krok za krokem | Odborn\u00edk \/ instruktor Sigurd Ehringer\" \/>\n<meta name=\"robots\" content=\"index, follow, max-snippet:-1, max-image-preview:large, max-video-preview:-1\" \/>\n<link rel=\"canonical\" href=\"https:\/\/rothschenk.de\/cz\/sekvence-18-overena-hruba-hmotnost-kontejner\/\" \/>\n<meta property=\"og:locale\" content=\"cs_CZ\" \/>\n<meta property=\"og:type\" content=\"article\" \/>\n<meta property=\"og:title\" content=\"Pr\u016fm\u011brn\u00fd kontejner | V\u0161echny nej\u010dast\u011bj\u0161\u00ed dotazy - Rothschenk LaSi\" \/>\n<meta property=\"og:description\" content=\"Nehody s kontejnery &gt;&gt; Odborn\u00fd \u010dl\u00e1nek o zaji\u0161t\u011bn\u00ed n\u00e1kladu: Co je t\u0159eba dodr\u017eovat? | Krok za krokem | Odborn\u00edk \/ instruktor Sigurd Ehringer\" \/>\n<meta property=\"og:url\" content=\"https:\/\/rothschenk.de\/cz\/sekvence-18-overena-hruba-hmotnost-kontejner\/\" \/>\n<meta property=\"og:site_name\" content=\"Rothschenk\" \/>\n<meta property=\"article:publisher\" content=\"https:\/\/de-de.facebook.com\/FirmaRothschenk\/\" \/>\n<meta property=\"article:published_time\" content=\"2022-06-30T09:27:18+00:00\" \/>\n<meta property=\"article:modified_time\" content=\"2025-06-30T14:54:29+00:00\" \/>\n<meta property=\"og:image\" content=\"https:\/\/rothschenk.de\/wp-content\/uploads\/2022\/06\/msc_napoli_havarie_wikipedia_rothschenk.jpg\" \/>\n\t<meta property=\"og:image:width\" content=\"600\" \/>\n\t<meta property=\"og:image:height\" content=\"369\" \/>\n\t<meta property=\"og:image:type\" content=\"image\/jpeg\" \/>\n<meta name=\"author\" content=\"Sigurd Ehringer\" \/>\n<meta name=\"twitter:card\" content=\"summary_large_image\" \/>\n<meta name=\"twitter:label1\" content=\"Napsal(a)\" \/>\n\t<meta name=\"twitter:data1\" content=\"Sigurd Ehringer\" \/>\n\t<meta name=\"twitter:label2\" content=\"Odhadovan\u00e1 doba \u010dten\u00ed\" \/>\n\t<meta name=\"twitter:data2\" content=\"4 minuty\" \/>\n<script type=\"application\/ld+json\" class=\"yoast-schema-graph\">{\"@context\":\"https:\\\/\\\/schema.org\",\"@graph\":[{\"@type\":\"Article\",\"@id\":\"https:\\\/\\\/rothschenk.de\\\/cz\\\/sekvence-18-overena-hruba-hmotnost-kontejner\\\/#article\",\"isPartOf\":{\"@id\":\"https:\\\/\\\/rothschenk.de\\\/cz\\\/sekvence-18-overena-hruba-hmotnost-kontejner\\\/\"},\"author\":{\"name\":\"Sigurd Ehringer\",\"@id\":\"https:\\\/\\\/rothschenk.de\\\/cz\\\/#\\\/schema\\\/person\\\/8878c3ce4ac9607e11b12c500ead07e8\"},\"headline\":\"Sekvence 18: Ov\u011b\u0159en\u00e1 hrub\u00e1 hmotnost &#8211; kontejner\",\"datePublished\":\"2022-06-30T09:27:18+00:00\",\"dateModified\":\"2025-06-30T14:54:29+00:00\",\"mainEntityOfPage\":{\"@id\":\"https:\\\/\\\/rothschenk.de\\\/cz\\\/sekvence-18-overena-hruba-hmotnost-kontejner\\\/\"},\"wordCount\":863,\"commentCount\":0,\"image\":{\"@id\":\"https:\\\/\\\/rothschenk.de\\\/cz\\\/sekvence-18-overena-hruba-hmotnost-kontejner\\\/#primaryimage\"},\"thumbnailUrl\":\"https:\\\/\\\/rothschenk.de\\\/wp-content\\\/uploads\\\/2022\\\/06\\\/msc_napoli_havarie_wikipedia_rothschenk.jpg\",\"articleSection\":[\"Cargo Blog\",\"Kontejner\",\"Pr\u00e1vn\u00ed z\u00e1le\u017eitosti\"],\"inLanguage\":\"cs\",\"potentialAction\":[{\"@type\":\"CommentAction\",\"name\":\"Comment\",\"target\":[\"https:\\\/\\\/rothschenk.de\\\/cz\\\/sekvence-18-overena-hruba-hmotnost-kontejner\\\/#respond\"]}]},{\"@type\":\"WebPage\",\"@id\":\"https:\\\/\\\/rothschenk.de\\\/cz\\\/sekvence-18-overena-hruba-hmotnost-kontejner\\\/\",\"url\":\"https:\\\/\\\/rothschenk.de\\\/cz\\\/sekvence-18-overena-hruba-hmotnost-kontejner\\\/\",\"name\":\"Pr\u016fm\u011brn\u00fd kontejner | V\u0161echny nej\u010dast\u011bj\u0161\u00ed dotazy - Rothschenk LaSi\",\"isPartOf\":{\"@id\":\"https:\\\/\\\/rothschenk.de\\\/cz\\\/#website\"},\"primaryImageOfPage\":{\"@id\":\"https:\\\/\\\/rothschenk.de\\\/cz\\\/sekvence-18-overena-hruba-hmotnost-kontejner\\\/#primaryimage\"},\"image\":{\"@id\":\"https:\\\/\\\/rothschenk.de\\\/cz\\\/sekvence-18-overena-hruba-hmotnost-kontejner\\\/#primaryimage\"},\"thumbnailUrl\":\"https:\\\/\\\/rothschenk.de\\\/wp-content\\\/uploads\\\/2022\\\/06\\\/msc_napoli_havarie_wikipedia_rothschenk.jpg\",\"datePublished\":\"2022-06-30T09:27:18+00:00\",\"dateModified\":\"2025-06-30T14:54:29+00:00\",\"author\":{\"@id\":\"https:\\\/\\\/rothschenk.de\\\/cz\\\/#\\\/schema\\\/person\\\/8878c3ce4ac9607e11b12c500ead07e8\"},\"description\":\"Nehody s kontejnery >> Odborn\u00fd \u010dl\u00e1nek o zaji\u0161t\u011bn\u00ed n\u00e1kladu: Co je t\u0159eba dodr\u017eovat? | Krok za krokem | Odborn\u00edk \\\/ instruktor Sigurd Ehringer\",\"breadcrumb\":{\"@id\":\"https:\\\/\\\/rothschenk.de\\\/cz\\\/sekvence-18-overena-hruba-hmotnost-kontejner\\\/#breadcrumb\"},\"inLanguage\":\"cs\",\"potentialAction\":[{\"@type\":\"ReadAction\",\"target\":[\"https:\\\/\\\/rothschenk.de\\\/cz\\\/sekvence-18-overena-hruba-hmotnost-kontejner\\\/\"]}]},{\"@type\":\"ImageObject\",\"inLanguage\":\"cs\",\"@id\":\"https:\\\/\\\/rothschenk.de\\\/cz\\\/sekvence-18-overena-hruba-hmotnost-kontejner\\\/#primaryimage\",\"url\":\"https:\\\/\\\/rothschenk.de\\\/wp-content\\\/uploads\\\/2022\\\/06\\\/msc_napoli_havarie_wikipedia_rothschenk.jpg\",\"contentUrl\":\"https:\\\/\\\/rothschenk.de\\\/wp-content\\\/uploads\\\/2022\\\/06\\\/msc_napoli_havarie_wikipedia_rothschenk.jpg\"},{\"@type\":\"BreadcrumbList\",\"@id\":\"https:\\\/\\\/rothschenk.de\\\/cz\\\/sekvence-18-overena-hruba-hmotnost-kontejner\\\/#breadcrumb\",\"itemListElement\":[{\"@type\":\"ListItem\",\"position\":1,\"name\":\"Domovsk\u00e1 str\u00e1nka\",\"item\":\"https:\\\/\\\/rothschenk.de\\\/cz\\\/domovska-stranka\\\/\"},{\"@type\":\"ListItem\",\"position\":2,\"name\":\"Sekvence 18: Ov\u011b\u0159en\u00e1 hrub\u00e1 hmotnost &#8211; kontejner\"}]},{\"@type\":\"WebSite\",\"@id\":\"https:\\\/\\\/rothschenk.de\\\/cz\\\/#website\",\"url\":\"https:\\\/\\\/rothschenk.de\\\/cz\\\/\",\"name\":\"Rothschenk - Der Online Shop f\u00fcr Ladungssicherung\",\"description\":\"Der Online Shop f\u00fcr Ladungssicherung\",\"potentialAction\":[{\"@type\":\"SearchAction\",\"target\":{\"@type\":\"EntryPoint\",\"urlTemplate\":\"https:\\\/\\\/rothschenk.de\\\/cz\\\/?s={search_term_string}\"},\"query-input\":{\"@type\":\"PropertyValueSpecification\",\"valueRequired\":true,\"valueName\":\"search_term_string\"}}],\"inLanguage\":\"cs\"},{\"@type\":\"Person\",\"@id\":\"https:\\\/\\\/rothschenk.de\\\/cz\\\/#\\\/schema\\\/person\\\/8878c3ce4ac9607e11b12c500ead07e8\",\"name\":\"Sigurd Ehringer\",\"image\":{\"@type\":\"ImageObject\",\"inLanguage\":\"cs\",\"@id\":\"https:\\\/\\\/rothschenk.de\\\/wp-content\\\/uploads\\\/2024\\\/02\\\/sigurd-ehringer-ladungssicherung-ausbilder-und-berater-96x96.jpg\",\"url\":\"https:\\\/\\\/rothschenk.de\\\/wp-content\\\/uploads\\\/2024\\\/02\\\/sigurd-ehringer-ladungssicherung-ausbilder-und-berater-96x96.jpg\",\"contentUrl\":\"https:\\\/\\\/rothschenk.de\\\/wp-content\\\/uploads\\\/2024\\\/02\\\/sigurd-ehringer-ladungssicherung-ausbilder-und-berater-96x96.jpg\",\"caption\":\"Sigurd Ehringer\"},\"description\":\"\u2714 VDI-zertifizierter Ausbilder f\u00fcr Ladungssicherung \u2714 Fachbuch-Autor \u2714 8 Jahre Projektmanager \u2714 12 Jahre bei der Bundeswehr (Kompaniechef) \u2714 20 Jahre Vertriebserfahrung \u2714 seit 1996 Berater\\\/Ausbilder in der Logistik \u2714 44 Jahre Ausbilder\\\/Trainer in verschiedenen Bereichen ---&gt; In einer Reihe von Fachbeitr\u00e4gen aus der Praxis, zu Themen rund um den Container und LKW, erhalten Sie Profiwissen aus erster Hand. Wie sichert man Ladung korrekt und was sind die Grundlagen der Ladungssicherung? Erarbeitet und vorgestellt werden sie von Sigurd Ehringer, Inhaber von SE-LogCon.\",\"url\":\"https:\\\/\\\/rothschenk.de\\\/cz\\\/author\\\/sigurd-ehringer\\\/\"}]}<\/script>\n<!-- \/ Yoast SEO plugin. -->","yoast_head_json":{"title":"Pr\u016fm\u011brn\u00fd kontejner | V\u0161echny nej\u010dast\u011bj\u0161\u00ed dotazy - Rothschenk LaSi","description":"Nehody s kontejnery >> Odborn\u00fd \u010dl\u00e1nek o zaji\u0161t\u011bn\u00ed n\u00e1kladu: Co je t\u0159eba dodr\u017eovat? | Krok za krokem | Odborn\u00edk \/ instruktor Sigurd Ehringer","robots":{"index":"index","follow":"follow","max-snippet":"max-snippet:-1","max-image-preview":"max-image-preview:large","max-video-preview":"max-video-preview:-1"},"canonical":"https:\/\/rothschenk.de\/cz\/sekvence-18-overena-hruba-hmotnost-kontejner\/","og_locale":"cs_CZ","og_type":"article","og_title":"Pr\u016fm\u011brn\u00fd kontejner | V\u0161echny nej\u010dast\u011bj\u0161\u00ed dotazy - Rothschenk LaSi","og_description":"Nehody s kontejnery >> Odborn\u00fd \u010dl\u00e1nek o zaji\u0161t\u011bn\u00ed n\u00e1kladu: Co je t\u0159eba dodr\u017eovat? | Krok za krokem | Odborn\u00edk \/ instruktor Sigurd Ehringer","og_url":"https:\/\/rothschenk.de\/cz\/sekvence-18-overena-hruba-hmotnost-kontejner\/","og_site_name":"Rothschenk","article_publisher":"https:\/\/de-de.facebook.com\/FirmaRothschenk\/","article_published_time":"2022-06-30T09:27:18+00:00","article_modified_time":"2025-06-30T14:54:29+00:00","og_image":[{"width":600,"height":369,"url":"https:\/\/rothschenk.de\/wp-content\/uploads\/2022\/06\/msc_napoli_havarie_wikipedia_rothschenk.jpg","type":"image\/jpeg"}],"author":"Sigurd Ehringer","twitter_card":"summary_large_image","twitter_misc":{"Napsal(a)":"Sigurd Ehringer","Odhadovan\u00e1 doba \u010dten\u00ed":"4 minuty"},"schema":{"@context":"https:\/\/schema.org","@graph":[{"@type":"Article","@id":"https:\/\/rothschenk.de\/cz\/sekvence-18-overena-hruba-hmotnost-kontejner\/#article","isPartOf":{"@id":"https:\/\/rothschenk.de\/cz\/sekvence-18-overena-hruba-hmotnost-kontejner\/"},"author":{"name":"Sigurd Ehringer","@id":"https:\/\/rothschenk.de\/cz\/#\/schema\/person\/8878c3ce4ac9607e11b12c500ead07e8"},"headline":"Sekvence 18: Ov\u011b\u0159en\u00e1 hrub\u00e1 hmotnost &#8211; kontejner","datePublished":"2022-06-30T09:27:18+00:00","dateModified":"2025-06-30T14:54:29+00:00","mainEntityOfPage":{"@id":"https:\/\/rothschenk.de\/cz\/sekvence-18-overena-hruba-hmotnost-kontejner\/"},"wordCount":863,"commentCount":0,"image":{"@id":"https:\/\/rothschenk.de\/cz\/sekvence-18-overena-hruba-hmotnost-kontejner\/#primaryimage"},"thumbnailUrl":"https:\/\/rothschenk.de\/wp-content\/uploads\/2022\/06\/msc_napoli_havarie_wikipedia_rothschenk.jpg","articleSection":["Cargo Blog","Kontejner","Pr\u00e1vn\u00ed z\u00e1le\u017eitosti"],"inLanguage":"cs","potentialAction":[{"@type":"CommentAction","name":"Comment","target":["https:\/\/rothschenk.de\/cz\/sekvence-18-overena-hruba-hmotnost-kontejner\/#respond"]}]},{"@type":"WebPage","@id":"https:\/\/rothschenk.de\/cz\/sekvence-18-overena-hruba-hmotnost-kontejner\/","url":"https:\/\/rothschenk.de\/cz\/sekvence-18-overena-hruba-hmotnost-kontejner\/","name":"Pr\u016fm\u011brn\u00fd kontejner | V\u0161echny nej\u010dast\u011bj\u0161\u00ed dotazy - Rothschenk LaSi","isPartOf":{"@id":"https:\/\/rothschenk.de\/cz\/#website"},"primaryImageOfPage":{"@id":"https:\/\/rothschenk.de\/cz\/sekvence-18-overena-hruba-hmotnost-kontejner\/#primaryimage"},"image":{"@id":"https:\/\/rothschenk.de\/cz\/sekvence-18-overena-hruba-hmotnost-kontejner\/#primaryimage"},"thumbnailUrl":"https:\/\/rothschenk.de\/wp-content\/uploads\/2022\/06\/msc_napoli_havarie_wikipedia_rothschenk.jpg","datePublished":"2022-06-30T09:27:18+00:00","dateModified":"2025-06-30T14:54:29+00:00","author":{"@id":"https:\/\/rothschenk.de\/cz\/#\/schema\/person\/8878c3ce4ac9607e11b12c500ead07e8"},"description":"Nehody s kontejnery >> Odborn\u00fd \u010dl\u00e1nek o zaji\u0161t\u011bn\u00ed n\u00e1kladu: Co je t\u0159eba dodr\u017eovat? | Krok za krokem | Odborn\u00edk \/ instruktor Sigurd Ehringer","breadcrumb":{"@id":"https:\/\/rothschenk.de\/cz\/sekvence-18-overena-hruba-hmotnost-kontejner\/#breadcrumb"},"inLanguage":"cs","potentialAction":[{"@type":"ReadAction","target":["https:\/\/rothschenk.de\/cz\/sekvence-18-overena-hruba-hmotnost-kontejner\/"]}]},{"@type":"ImageObject","inLanguage":"cs","@id":"https:\/\/rothschenk.de\/cz\/sekvence-18-overena-hruba-hmotnost-kontejner\/#primaryimage","url":"https:\/\/rothschenk.de\/wp-content\/uploads\/2022\/06\/msc_napoli_havarie_wikipedia_rothschenk.jpg","contentUrl":"https:\/\/rothschenk.de\/wp-content\/uploads\/2022\/06\/msc_napoli_havarie_wikipedia_rothschenk.jpg"},{"@type":"BreadcrumbList","@id":"https:\/\/rothschenk.de\/cz\/sekvence-18-overena-hruba-hmotnost-kontejner\/#breadcrumb","itemListElement":[{"@type":"ListItem","position":1,"name":"Domovsk\u00e1 str\u00e1nka","item":"https:\/\/rothschenk.de\/cz\/domovska-stranka\/"},{"@type":"ListItem","position":2,"name":"Sekvence 18: Ov\u011b\u0159en\u00e1 hrub\u00e1 hmotnost &#8211; kontejner"}]},{"@type":"WebSite","@id":"https:\/\/rothschenk.de\/cz\/#website","url":"https:\/\/rothschenk.de\/cz\/","name":"Rothschenk - Der Online Shop f\u00fcr Ladungssicherung","description":"Der Online Shop f\u00fcr Ladungssicherung","potentialAction":[{"@type":"SearchAction","target":{"@type":"EntryPoint","urlTemplate":"https:\/\/rothschenk.de\/cz\/?s={search_term_string}"},"query-input":{"@type":"PropertyValueSpecification","valueRequired":true,"valueName":"search_term_string"}}],"inLanguage":"cs"},{"@type":"Person","@id":"https:\/\/rothschenk.de\/cz\/#\/schema\/person\/8878c3ce4ac9607e11b12c500ead07e8","name":"Sigurd Ehringer","image":{"@type":"ImageObject","inLanguage":"cs","@id":"https:\/\/rothschenk.de\/wp-content\/uploads\/2024\/02\/sigurd-ehringer-ladungssicherung-ausbilder-und-berater-96x96.jpg","url":"https:\/\/rothschenk.de\/wp-content\/uploads\/2024\/02\/sigurd-ehringer-ladungssicherung-ausbilder-und-berater-96x96.jpg","contentUrl":"https:\/\/rothschenk.de\/wp-content\/uploads\/2024\/02\/sigurd-ehringer-ladungssicherung-ausbilder-und-berater-96x96.jpg","caption":"Sigurd Ehringer"},"description":"\u2714 VDI-zertifizierter Ausbilder f\u00fcr Ladungssicherung \u2714 Fachbuch-Autor \u2714 8 Jahre Projektmanager \u2714 12 Jahre bei der Bundeswehr (Kompaniechef) \u2714 20 Jahre Vertriebserfahrung \u2714 seit 1996 Berater\/Ausbilder in der Logistik \u2714 44 Jahre Ausbilder\/Trainer in verschiedenen Bereichen ---&gt; In einer Reihe von Fachbeitr\u00e4gen aus der Praxis, zu Themen rund um den Container und LKW, erhalten Sie Profiwissen aus erster Hand. Wie sichert man Ladung korrekt und was sind die Grundlagen der Ladungssicherung? Erarbeitet und vorgestellt werden sie von Sigurd Ehringer, Inhaber von SE-LogCon.","url":"https:\/\/rothschenk.de\/cz\/author\/sigurd-ehringer\/"}]}},"_links":{"self":[{"href":"https:\/\/rothschenk.de\/cz\/wp-json\/wp\/v2\/posts\/679750","targetHints":{"allow":["GET"]}}],"collection":[{"href":"https:\/\/rothschenk.de\/cz\/wp-json\/wp\/v2\/posts"}],"about":[{"href":"https:\/\/rothschenk.de\/cz\/wp-json\/wp\/v2\/types\/post"}],"author":[{"embeddable":true,"href":"https:\/\/rothschenk.de\/cz\/wp-json\/wp\/v2\/users\/1536"}],"replies":[{"embeddable":true,"href":"https:\/\/rothschenk.de\/cz\/wp-json\/wp\/v2\/comments?post=679750"}],"version-history":[{"count":1,"href":"https:\/\/rothschenk.de\/cz\/wp-json\/wp\/v2\/posts\/679750\/revisions"}],"predecessor-version":[{"id":679753,"href":"https:\/\/rothschenk.de\/cz\/wp-json\/wp\/v2\/posts\/679750\/revisions\/679753"}],"wp:attachment":[{"href":"https:\/\/rothschenk.de\/cz\/wp-json\/wp\/v2\/media?parent=679750"}],"wp:term":[{"taxonomy":"category","embeddable":true,"href":"https:\/\/rothschenk.de\/cz\/wp-json\/wp\/v2\/categories?post=679750"},{"taxonomy":"post_tag","embeddable":true,"href":"https:\/\/rothschenk.de\/cz\/wp-json\/wp\/v2\/tags?post=679750"}],"curies":[{"name":"wp","href":"https:\/\/api.w.org\/{rel}","templated":true}]}}