{"id":679787,"date":"2022-09-20T10:19:10","date_gmt":"2022-09-20T08:19:10","guid":{"rendered":"https:\/\/rothschenk.de\/vystavba-noveho-logistickeho-centra-v-plnem-proudu\/"},"modified":"2025-06-30T16:55:07","modified_gmt":"2025-06-30T14:55:07","slug":"vystavba-noveho-logistickeho-centra-v-plnem-proudu","status":"publish","type":"post","link":"https:\/\/rothschenk.de\/cz\/vystavba-noveho-logistickeho-centra-v-plnem-proudu\/","title":{"rendered":"V\u00fdstavba nov\u00e9ho logistick\u00e9ho centra v pln\u00e9m proudu&#8230;"},"content":{"rendered":"\n<p>Rothschenk roste. Sortiment v\u00fdrobk\u016f LaSi se neust\u00e1le roz\u0161i\u0159uje a vznikaj\u00ed nov\u00e9 oblasti podnik\u00e1n\u00ed. Vzhledem k rostouc\u00ed popt\u00e1vce ze strany komer\u010dn\u00edch a nyn\u00ed i soukrom\u00fdch z\u00e1kazn\u00edk\u016f se v\u00fdrazn\u011b zv\u00fd\u0161ily i n\u00e1roky na logistiku.  <\/p>\n\n<p>V posledn\u00edch dvou letech p\u0159ibyly tak\u00e9 dva nov\u00e9 internetov\u00e9 obchody [R] SHOP24 a CoverMio.<\/p>\n\n<p>Po koupi sousedn\u00edho pozemku (naproti Rothschenku, kde se nach\u00e1zej\u00ed t\u0159i st\u00e1vaj\u00edc\u00ed haly) v roce 2021 bylo okam\u017eit\u011b zah\u00e1jeno pl\u00e1nov\u00e1n\u00ed v\u00fdstavby nov\u00e9ho logistick\u00e9ho centra. Nyn\u00ed je f\u00e1ze pl\u00e1nov\u00e1n\u00ed dokon\u010dena a od prosince 2021 je v\u00fdstavba v pln\u00e9m proudu. <\/p>\n\n<p>Nov\u00e9 logistick\u00e9 centrum spole\u010dnosti Rothschenk se rozkl\u00e1d\u00e1 na plo\u0161e p\u0159ibli\u017en\u011b 6 000 m\u00b2, nov\u00e1 hala m\u00e1 plochu 1 064 m\u00b2 a lze ji modul\u00e1rn\u011b roz\u0161\u00ed\u0159it. To znamen\u00e1, \u017ee v budoucnu lze pom\u011brn\u011b snadno prov\u00e1d\u011bt \u00fapravy. <\/p>\n\n<p>D\u00edky nov\u00e9 infrastruktu\u0159e se t\u0159emi dal\u0161\u00edmi nakl\u00e1dac\u00edmi rampami a velkorys\u00fdm prostorem lze v\u00fdrazn\u011b zefektivnit trasy a procesy. V kone\u010dn\u00e9m d\u016fsledku z toho t\u011b\u017e\u00ed z\u00e1kazn\u00edk &#8211; proto\u017ee obdr\u017e\u00ed sv\u00e9 zbo\u017e\u00ed je\u0161t\u011b rychleji, ne\u017e je dosud zvykl\u00fd. <\/p>\n\n<figure class=\"wp-block-gallery has-nested-images columns-2 is-cropped wp-block-gallery-1 is-layout-flex wp-block-gallery-is-layout-flex\">\n<figure data-wp-context=\"{&quot;imageId&quot;:&quot;69f2834c7d5d4&quot;}\" data-wp-interactive=\"core\/image\" data-wp-key=\"69f2834c7d5d4\" class=\"wp-block-image size-large wp-lightbox-container\"><img fetchpriority=\"high\" decoding=\"async\" width=\"900\" height=\"600\" data-wp-class--hide=\"state.isContentHidden\" data-wp-class--show=\"state.isContentVisible\" data-wp-init=\"callbacks.setButtonStyles\" data-wp-on--click=\"actions.showLightbox\" data-wp-on--load=\"callbacks.setButtonStyles\" data-wp-on-window--resize=\"callbacks.setButtonStyles\" data-id=\"166557\" src=\"https:\/\/rothschenk.de\/wp-content\/uploads\/2022\/09\/bau-einer-halle-logistikzentrum-rothschenk-3.jpg\" alt=\"\" class=\"wp-image-166557\" srcset=\"https:\/\/rothschenk.de\/wp-content\/uploads\/2022\/09\/bau-einer-halle-logistikzentrum-rothschenk-3.jpg 900w, https:\/\/rothschenk.de\/wp-content\/uploads\/2022\/09\/bau-einer-halle-logistikzentrum-rothschenk-3-300x200.jpg 300w, https:\/\/rothschenk.de\/wp-content\/uploads\/2022\/09\/bau-einer-halle-logistikzentrum-rothschenk-3-768x512.jpg 768w, https:\/\/rothschenk.de\/wp-content\/uploads\/2022\/09\/bau-einer-halle-logistikzentrum-rothschenk-3-600x400.jpg 600w\" sizes=\"(max-width: 900px) 100vw, 900px\" \/><button\n\t\t\tclass=\"lightbox-trigger\"\n\t\t\ttype=\"button\"\n\t\t\taria-haspopup=\"dialog\"\n\t\t\taria-label=\"Zv\u011bt\u0161it\"\n\t\t\tdata-wp-init=\"callbacks.initTriggerButton\"\n\t\t\tdata-wp-on--click=\"actions.showLightbox\"\n\t\t\tdata-wp-style--right=\"state.imageButtonRight\"\n\t\t\tdata-wp-style--top=\"state.imageButtonTop\"\n\t\t>\n\t\t\t<svg xmlns=\"http:\/\/www.w3.org\/2000\/svg\" width=\"12\" height=\"12\" fill=\"none\" viewBox=\"0 0 12 12\">\n\t\t\t\t<path fill=\"#fff\" d=\"M2 0a2 2 0 0 0-2 2v2h1.5V2a.5.5 0 0 1 .5-.5h2V0H2Zm2 10.5H2a.5.5 0 0 1-.5-.5V8H0v2a2 2 0 0 0 2 2h2v-1.5ZM8 12v-1.5h2a.5.5 0 0 0 .5-.5V8H12v2a2 2 0 0 1-2 2H8Zm2-12a2 2 0 0 1 2 2v2h-1.5V2a.5.5 0 0 0-.5-.5H8V0h2Z\" \/>\n\t\t\t<\/svg>\n\t\t<\/button><\/figure>\n\n\n\n<figure data-wp-context=\"{&quot;imageId&quot;:&quot;69f2834c7d8da&quot;}\" data-wp-interactive=\"core\/image\" data-wp-key=\"69f2834c7d8da\" class=\"wp-block-image size-large wp-lightbox-container\"><img decoding=\"async\" width=\"900\" height=\"600\" data-wp-class--hide=\"state.isContentHidden\" data-wp-class--show=\"state.isContentVisible\" data-wp-init=\"callbacks.setButtonStyles\" data-wp-on--click=\"actions.showLightbox\" data-wp-on--load=\"callbacks.setButtonStyles\" data-wp-on-window--resize=\"callbacks.setButtonStyles\" data-id=\"166560\" src=\"https:\/\/rothschenk.de\/wp-content\/uploads\/2022\/09\/bau-einer-halle-logistikzentrum-rothschenk-4.jpg\" alt=\"\" class=\"wp-image-166560\" srcset=\"https:\/\/rothschenk.de\/wp-content\/uploads\/2022\/09\/bau-einer-halle-logistikzentrum-rothschenk-4.jpg 900w, https:\/\/rothschenk.de\/wp-content\/uploads\/2022\/09\/bau-einer-halle-logistikzentrum-rothschenk-4-300x200.jpg 300w, https:\/\/rothschenk.de\/wp-content\/uploads\/2022\/09\/bau-einer-halle-logistikzentrum-rothschenk-4-768x512.jpg 768w, https:\/\/rothschenk.de\/wp-content\/uploads\/2022\/09\/bau-einer-halle-logistikzentrum-rothschenk-4-600x400.jpg 600w\" sizes=\"(max-width: 900px) 100vw, 900px\" \/><button\n\t\t\tclass=\"lightbox-trigger\"\n\t\t\ttype=\"button\"\n\t\t\taria-haspopup=\"dialog\"\n\t\t\taria-label=\"Zv\u011bt\u0161it\"\n\t\t\tdata-wp-init=\"callbacks.initTriggerButton\"\n\t\t\tdata-wp-on--click=\"actions.showLightbox\"\n\t\t\tdata-wp-style--right=\"state.imageButtonRight\"\n\t\t\tdata-wp-style--top=\"state.imageButtonTop\"\n\t\t>\n\t\t\t<svg xmlns=\"http:\/\/www.w3.org\/2000\/svg\" width=\"12\" height=\"12\" fill=\"none\" viewBox=\"0 0 12 12\">\n\t\t\t\t<path fill=\"#fff\" d=\"M2 0a2 2 0 0 0-2 2v2h1.5V2a.5.5 0 0 1 .5-.5h2V0H2Zm2 10.5H2a.5.5 0 0 1-.5-.5V8H0v2a2 2 0 0 0 2 2h2v-1.5ZM8 12v-1.5h2a.5.5 0 0 0 .5-.5V8H12v2a2 2 0 0 1-2 2H8Zm2-12a2 2 0 0 1 2 2v2h-1.5V2a.5.5 0 0 0-.5-.5H8V0h2Z\" \/>\n\t\t\t<\/svg>\n\t\t<\/button><\/figure>\n\n\n\n<figure data-wp-context=\"{&quot;imageId&quot;:&quot;69f2834c7db61&quot;}\" data-wp-interactive=\"core\/image\" data-wp-key=\"69f2834c7db61\" class=\"wp-block-image size-large wp-lightbox-container\"><img decoding=\"async\" width=\"900\" height=\"600\" data-wp-class--hide=\"state.isContentHidden\" data-wp-class--show=\"state.isContentVisible\" data-wp-init=\"callbacks.setButtonStyles\" data-wp-on--click=\"actions.showLightbox\" data-wp-on--load=\"callbacks.setButtonStyles\" data-wp-on-window--resize=\"callbacks.setButtonStyles\" data-id=\"166548\" src=\"https:\/\/rothschenk.de\/wp-content\/uploads\/2022\/09\/bau-einer-halle-logistikzentrum-rothschenk.jpg\" alt=\"\" class=\"wp-image-166548\" srcset=\"https:\/\/rothschenk.de\/wp-content\/uploads\/2022\/09\/bau-einer-halle-logistikzentrum-rothschenk.jpg 900w, https:\/\/rothschenk.de\/wp-content\/uploads\/2022\/09\/bau-einer-halle-logistikzentrum-rothschenk-300x200.jpg 300w, https:\/\/rothschenk.de\/wp-content\/uploads\/2022\/09\/bau-einer-halle-logistikzentrum-rothschenk-768x512.jpg 768w, https:\/\/rothschenk.de\/wp-content\/uploads\/2022\/09\/bau-einer-halle-logistikzentrum-rothschenk-600x400.jpg 600w\" sizes=\"(max-width: 900px) 100vw, 900px\" \/><button\n\t\t\tclass=\"lightbox-trigger\"\n\t\t\ttype=\"button\"\n\t\t\taria-haspopup=\"dialog\"\n\t\t\taria-label=\"Zv\u011bt\u0161it\"\n\t\t\tdata-wp-init=\"callbacks.initTriggerButton\"\n\t\t\tdata-wp-on--click=\"actions.showLightbox\"\n\t\t\tdata-wp-style--right=\"state.imageButtonRight\"\n\t\t\tdata-wp-style--top=\"state.imageButtonTop\"\n\t\t>\n\t\t\t<svg xmlns=\"http:\/\/www.w3.org\/2000\/svg\" width=\"12\" height=\"12\" fill=\"none\" viewBox=\"0 0 12 12\">\n\t\t\t\t<path fill=\"#fff\" d=\"M2 0a2 2 0 0 0-2 2v2h1.5V2a.5.5 0 0 1 .5-.5h2V0H2Zm2 10.5H2a.5.5 0 0 1-.5-.5V8H0v2a2 2 0 0 0 2 2h2v-1.5ZM8 12v-1.5h2a.5.5 0 0 0 .5-.5V8H12v2a2 2 0 0 1-2 2H8Zm2-12a2 2 0 0 1 2 2v2h-1.5V2a.5.5 0 0 0-.5-.5H8V0h2Z\" \/>\n\t\t\t<\/svg>\n\t\t<\/button><\/figure>\n\n\n\n<figure data-wp-context=\"{&quot;imageId&quot;:&quot;69f2834c7dda0&quot;}\" data-wp-interactive=\"core\/image\" data-wp-key=\"69f2834c7dda0\" class=\"wp-block-image size-large wp-lightbox-container\"><img loading=\"lazy\" decoding=\"async\" width=\"900\" height=\"600\" data-wp-class--hide=\"state.isContentHidden\" data-wp-class--show=\"state.isContentVisible\" data-wp-init=\"callbacks.setButtonStyles\" data-wp-on--click=\"actions.showLightbox\" data-wp-on--load=\"callbacks.setButtonStyles\" data-wp-on-window--resize=\"callbacks.setButtonStyles\" data-id=\"166551\" src=\"https:\/\/rothschenk.de\/wp-content\/uploads\/2022\/09\/bau-einer-halle-logistikzentrum-rothschenk-1.jpg\" alt=\"\" class=\"wp-image-166551\" srcset=\"https:\/\/rothschenk.de\/wp-content\/uploads\/2022\/09\/bau-einer-halle-logistikzentrum-rothschenk-1.jpg 900w, https:\/\/rothschenk.de\/wp-content\/uploads\/2022\/09\/bau-einer-halle-logistikzentrum-rothschenk-1-300x200.jpg 300w, https:\/\/rothschenk.de\/wp-content\/uploads\/2022\/09\/bau-einer-halle-logistikzentrum-rothschenk-1-768x512.jpg 768w, https:\/\/rothschenk.de\/wp-content\/uploads\/2022\/09\/bau-einer-halle-logistikzentrum-rothschenk-1-600x400.jpg 600w\" sizes=\"(max-width: 900px) 100vw, 900px\" \/><button\n\t\t\tclass=\"lightbox-trigger\"\n\t\t\ttype=\"button\"\n\t\t\taria-haspopup=\"dialog\"\n\t\t\taria-label=\"Zv\u011bt\u0161it\"\n\t\t\tdata-wp-init=\"callbacks.initTriggerButton\"\n\t\t\tdata-wp-on--click=\"actions.showLightbox\"\n\t\t\tdata-wp-style--right=\"state.imageButtonRight\"\n\t\t\tdata-wp-style--top=\"state.imageButtonTop\"\n\t\t>\n\t\t\t<svg xmlns=\"http:\/\/www.w3.org\/2000\/svg\" width=\"12\" height=\"12\" fill=\"none\" viewBox=\"0 0 12 12\">\n\t\t\t\t<path fill=\"#fff\" d=\"M2 0a2 2 0 0 0-2 2v2h1.5V2a.5.5 0 0 1 .5-.5h2V0H2Zm2 10.5H2a.5.5 0 0 1-.5-.5V8H0v2a2 2 0 0 0 2 2h2v-1.5ZM8 12v-1.5h2a.5.5 0 0 0 .5-.5V8H12v2a2 2 0 0 1-2 2H8Zm2-12a2 2 0 0 1 2 2v2h-1.5V2a.5.5 0 0 0-.5-.5H8V0h2Z\" \/>\n\t\t\t<\/svg>\n\t\t<\/button><\/figure>\n<\/figure>\n\n<div style=\"height:35px\" aria-hidden=\"true\" class=\"wp-block-spacer\"><\/div>\n","protected":false},"excerpt":{"rendered":"<p>Rothschenk roste. Sortiment v\u00fdrobk\u016f LaSi se neust\u00e1le roz\u0161i\u0159uje a vznikaj\u00ed nov\u00e9 oblasti podnik\u00e1n\u00ed. Vzhledem k rostouc\u00ed popt\u00e1vce ze strany komer\u010dn\u00edch a nyn\u00ed i soukrom\u00fdch z\u00e1kazn\u00edk\u016f se v\u00fdrazn\u011b zv\u00fd\u0161ily i n\u00e1roky na logistiku. V posledn\u00edch dvou letech p\u0159ibyly tak\u00e9 dva nov\u00e9 internetov\u00e9 obchody [R] SHOP24 a CoverMio. Po koupi sousedn\u00edho pozemku (naproti Rothschenku, kde se nach\u00e1zej\u00ed [&hellip;]<\/p>\n","protected":false},"author":1539,"featured_media":0,"comment_status":"open","ping_status":"closed","sticky":false,"template":"","format":"standard","meta":{"_acf_changed":false,"footnotes":""},"categories":[867],"tags":[],"class_list":["post-679787","post","type-post","status-publish","format-standard","hentry","category-rothschenk-novinky"],"acf":[],"yoast_head":"<!-- This site is optimized with the Yoast SEO plugin v27.5 - https:\/\/yoast.com\/product\/yoast-seo-wordpress\/ -->\n<title>Nov\u00e9 logistick\u00e9 centrum - Rothschenk<\/title>\n<meta name=\"description\" content=\"Nov\u00e9 logistick\u00e9 centrum | skladovac\u00ed plocha 1 000 m2 | v\u00fd\u0161kov\u00fd sklad | 3 nakl\u00e1dac\u00ed rampy | p\u0159ipraveno l\u00e9to 2022 | nyn\u00ed je\u0161t\u011b rychleji!\" \/>\n<meta name=\"robots\" content=\"index, follow, max-snippet:-1, max-image-preview:large, max-video-preview:-1\" \/>\n<link rel=\"canonical\" href=\"https:\/\/rothschenk.de\/cz\/vystavba-noveho-logistickeho-centra-v-plnem-proudu\/\" \/>\n<meta property=\"og:locale\" content=\"cs_CZ\" \/>\n<meta property=\"og:type\" content=\"article\" \/>\n<meta property=\"og:title\" content=\"Nov\u00e9 logistick\u00e9 centrum - Rothschenk\" \/>\n<meta property=\"og:description\" content=\"Nov\u00e9 logistick\u00e9 centrum | skladovac\u00ed plocha 1 000 m2 | v\u00fd\u0161kov\u00fd sklad | 3 nakl\u00e1dac\u00ed rampy | p\u0159ipraveno l\u00e9to 2022 | nyn\u00ed je\u0161t\u011b rychleji!\" \/>\n<meta property=\"og:url\" content=\"https:\/\/rothschenk.de\/cz\/vystavba-noveho-logistickeho-centra-v-plnem-proudu\/\" \/>\n<meta property=\"og:site_name\" content=\"Rothschenk\" \/>\n<meta property=\"article:publisher\" content=\"https:\/\/de-de.facebook.com\/FirmaRothschenk\/\" \/>\n<meta property=\"article:published_time\" content=\"2022-09-20T08:19:10+00:00\" \/>\n<meta property=\"article:modified_time\" content=\"2025-06-30T14:55:07+00:00\" \/>\n<meta property=\"og:image\" content=\"https:\/\/rothschenk.de\/wp-content\/uploads\/2022\/09\/bau-einer-halle-logistikzentrum-rothschenk-3.jpg\" \/>\n\t<meta property=\"og:image:width\" content=\"900\" \/>\n\t<meta property=\"og:image:height\" content=\"600\" \/>\n\t<meta property=\"og:image:type\" content=\"image\/jpeg\" \/>\n<meta name=\"author\" content=\"Rothschenk\" \/>\n<meta name=\"twitter:card\" content=\"summary_large_image\" \/>\n<meta name=\"twitter:label1\" content=\"Napsal(a)\" \/>\n\t<meta name=\"twitter:data1\" content=\"Rothschenk\" \/>\n\t<meta name=\"twitter:label2\" content=\"Odhadovan\u00e1 doba \u010dten\u00ed\" \/>\n\t<meta name=\"twitter:data2\" content=\"1 minuta\" \/>\n<script type=\"application\/ld+json\" class=\"yoast-schema-graph\">{\"@context\":\"https:\\\/\\\/schema.org\",\"@graph\":[{\"@type\":\"Article\",\"@id\":\"https:\\\/\\\/rothschenk.de\\\/cz\\\/vystavba-noveho-logistickeho-centra-v-plnem-proudu\\\/#article\",\"isPartOf\":{\"@id\":\"https:\\\/\\\/rothschenk.de\\\/cz\\\/vystavba-noveho-logistickeho-centra-v-plnem-proudu\\\/\"},\"author\":{\"name\":\"Rothschenk\",\"@id\":\"https:\\\/\\\/rothschenk.de\\\/cz\\\/#\\\/schema\\\/person\\\/e29bf5cc9df61e6c87f80cdf8ba1be93\"},\"headline\":\"V\u00fdstavba nov\u00e9ho logistick\u00e9ho centra v pln\u00e9m proudu&#8230;\",\"datePublished\":\"2022-09-20T08:19:10+00:00\",\"dateModified\":\"2025-06-30T14:55:07+00:00\",\"mainEntityOfPage\":{\"@id\":\"https:\\\/\\\/rothschenk.de\\\/cz\\\/vystavba-noveho-logistickeho-centra-v-plnem-proudu\\\/\"},\"wordCount\":217,\"commentCount\":0,\"image\":{\"@id\":\"https:\\\/\\\/rothschenk.de\\\/cz\\\/vystavba-noveho-logistickeho-centra-v-plnem-proudu\\\/#primaryimage\"},\"thumbnailUrl\":\"https:\\\/\\\/rothschenk.de\\\/wp-content\\\/uploads\\\/2022\\\/09\\\/bau-einer-halle-logistikzentrum-rothschenk-3.jpg\",\"articleSection\":[\"Rothschenk Novinky\"],\"inLanguage\":\"cs\",\"potentialAction\":[{\"@type\":\"CommentAction\",\"name\":\"Comment\",\"target\":[\"https:\\\/\\\/rothschenk.de\\\/cz\\\/vystavba-noveho-logistickeho-centra-v-plnem-proudu\\\/#respond\"]}]},{\"@type\":\"WebPage\",\"@id\":\"https:\\\/\\\/rothschenk.de\\\/cz\\\/vystavba-noveho-logistickeho-centra-v-plnem-proudu\\\/\",\"url\":\"https:\\\/\\\/rothschenk.de\\\/cz\\\/vystavba-noveho-logistickeho-centra-v-plnem-proudu\\\/\",\"name\":\"Nov\u00e9 logistick\u00e9 centrum - Rothschenk\",\"isPartOf\":{\"@id\":\"https:\\\/\\\/rothschenk.de\\\/cz\\\/#website\"},\"primaryImageOfPage\":{\"@id\":\"https:\\\/\\\/rothschenk.de\\\/cz\\\/vystavba-noveho-logistickeho-centra-v-plnem-proudu\\\/#primaryimage\"},\"image\":{\"@id\":\"https:\\\/\\\/rothschenk.de\\\/cz\\\/vystavba-noveho-logistickeho-centra-v-plnem-proudu\\\/#primaryimage\"},\"thumbnailUrl\":\"https:\\\/\\\/rothschenk.de\\\/wp-content\\\/uploads\\\/2022\\\/09\\\/bau-einer-halle-logistikzentrum-rothschenk-3.jpg\",\"datePublished\":\"2022-09-20T08:19:10+00:00\",\"dateModified\":\"2025-06-30T14:55:07+00:00\",\"author\":{\"@id\":\"https:\\\/\\\/rothschenk.de\\\/cz\\\/#\\\/schema\\\/person\\\/e29bf5cc9df61e6c87f80cdf8ba1be93\"},\"description\":\"Nov\u00e9 logistick\u00e9 centrum | skladovac\u00ed plocha 1 000 m2 | v\u00fd\u0161kov\u00fd sklad | 3 nakl\u00e1dac\u00ed rampy | p\u0159ipraveno l\u00e9to 2022 | nyn\u00ed je\u0161t\u011b rychleji!\",\"breadcrumb\":{\"@id\":\"https:\\\/\\\/rothschenk.de\\\/cz\\\/vystavba-noveho-logistickeho-centra-v-plnem-proudu\\\/#breadcrumb\"},\"inLanguage\":\"cs\",\"potentialAction\":[{\"@type\":\"ReadAction\",\"target\":[\"https:\\\/\\\/rothschenk.de\\\/cz\\\/vystavba-noveho-logistickeho-centra-v-plnem-proudu\\\/\"]}]},{\"@type\":\"ImageObject\",\"inLanguage\":\"cs\",\"@id\":\"https:\\\/\\\/rothschenk.de\\\/cz\\\/vystavba-noveho-logistickeho-centra-v-plnem-proudu\\\/#primaryimage\",\"url\":\"https:\\\/\\\/rothschenk.de\\\/wp-content\\\/uploads\\\/2022\\\/09\\\/bau-einer-halle-logistikzentrum-rothschenk-3.jpg\",\"contentUrl\":\"https:\\\/\\\/rothschenk.de\\\/wp-content\\\/uploads\\\/2022\\\/09\\\/bau-einer-halle-logistikzentrum-rothschenk-3.jpg\"},{\"@type\":\"BreadcrumbList\",\"@id\":\"https:\\\/\\\/rothschenk.de\\\/cz\\\/vystavba-noveho-logistickeho-centra-v-plnem-proudu\\\/#breadcrumb\",\"itemListElement\":[{\"@type\":\"ListItem\",\"position\":1,\"name\":\"Domovsk\u00e1 str\u00e1nka\",\"item\":\"https:\\\/\\\/rothschenk.de\\\/cz\\\/domovska-stranka\\\/\"},{\"@type\":\"ListItem\",\"position\":2,\"name\":\"V\u00fdstavba nov\u00e9ho logistick\u00e9ho centra v pln\u00e9m proudu&#8230;\"}]},{\"@type\":\"WebSite\",\"@id\":\"https:\\\/\\\/rothschenk.de\\\/cz\\\/#website\",\"url\":\"https:\\\/\\\/rothschenk.de\\\/cz\\\/\",\"name\":\"Rothschenk - Der Online Shop f\u00fcr Ladungssicherung\",\"description\":\"Der Online Shop f\u00fcr Ladungssicherung\",\"potentialAction\":[{\"@type\":\"SearchAction\",\"target\":{\"@type\":\"EntryPoint\",\"urlTemplate\":\"https:\\\/\\\/rothschenk.de\\\/cz\\\/?s={search_term_string}\"},\"query-input\":{\"@type\":\"PropertyValueSpecification\",\"valueRequired\":true,\"valueName\":\"search_term_string\"}}],\"inLanguage\":\"cs\"},{\"@type\":\"Person\",\"@id\":\"https:\\\/\\\/rothschenk.de\\\/cz\\\/#\\\/schema\\\/person\\\/e29bf5cc9df61e6c87f80cdf8ba1be93\",\"name\":\"Rothschenk\",\"image\":{\"@type\":\"ImageObject\",\"inLanguage\":\"cs\",\"@id\":\"https:\\\/\\\/rothschenk.de\\\/wp-content\\\/uploads\\\/2024\\\/03\\\/cropped-cropped-Rothschenk-logo-ladungssicherung-1-96x96.png\",\"url\":\"https:\\\/\\\/rothschenk.de\\\/wp-content\\\/uploads\\\/2024\\\/03\\\/cropped-cropped-Rothschenk-logo-ladungssicherung-1-96x96.png\",\"contentUrl\":\"https:\\\/\\\/rothschenk.de\\\/wp-content\\\/uploads\\\/2024\\\/03\\\/cropped-cropped-Rothschenk-logo-ladungssicherung-1-96x96.png\",\"caption\":\"Rothschenk\"},\"description\":\"\u2714 Profi in der Beratung \u2714 Profi an der Laderampe \u2714 Profi bei der Abwicklung Ihrer W\u00fcnsche \u2714 Ladungssicherung Made in Germany\",\"url\":\"https:\\\/\\\/rothschenk.de\\\/cz\\\/author\\\/rothschenk\\\/\"}]}<\/script>\n<!-- \/ Yoast SEO plugin. -->","yoast_head_json":{"title":"Nov\u00e9 logistick\u00e9 centrum - Rothschenk","description":"Nov\u00e9 logistick\u00e9 centrum | skladovac\u00ed plocha 1 000 m2 | v\u00fd\u0161kov\u00fd sklad | 3 nakl\u00e1dac\u00ed rampy | p\u0159ipraveno l\u00e9to 2022 | nyn\u00ed je\u0161t\u011b rychleji!","robots":{"index":"index","follow":"follow","max-snippet":"max-snippet:-1","max-image-preview":"max-image-preview:large","max-video-preview":"max-video-preview:-1"},"canonical":"https:\/\/rothschenk.de\/cz\/vystavba-noveho-logistickeho-centra-v-plnem-proudu\/","og_locale":"cs_CZ","og_type":"article","og_title":"Nov\u00e9 logistick\u00e9 centrum - Rothschenk","og_description":"Nov\u00e9 logistick\u00e9 centrum | skladovac\u00ed plocha 1 000 m2 | v\u00fd\u0161kov\u00fd sklad | 3 nakl\u00e1dac\u00ed rampy | p\u0159ipraveno l\u00e9to 2022 | nyn\u00ed je\u0161t\u011b rychleji!","og_url":"https:\/\/rothschenk.de\/cz\/vystavba-noveho-logistickeho-centra-v-plnem-proudu\/","og_site_name":"Rothschenk","article_publisher":"https:\/\/de-de.facebook.com\/FirmaRothschenk\/","article_published_time":"2022-09-20T08:19:10+00:00","article_modified_time":"2025-06-30T14:55:07+00:00","og_image":[{"width":900,"height":600,"url":"https:\/\/rothschenk.de\/wp-content\/uploads\/2022\/09\/bau-einer-halle-logistikzentrum-rothschenk-3.jpg","type":"image\/jpeg"}],"author":"Rothschenk","twitter_card":"summary_large_image","twitter_misc":{"Napsal(a)":"Rothschenk","Odhadovan\u00e1 doba \u010dten\u00ed":"1 minuta"},"schema":{"@context":"https:\/\/schema.org","@graph":[{"@type":"Article","@id":"https:\/\/rothschenk.de\/cz\/vystavba-noveho-logistickeho-centra-v-plnem-proudu\/#article","isPartOf":{"@id":"https:\/\/rothschenk.de\/cz\/vystavba-noveho-logistickeho-centra-v-plnem-proudu\/"},"author":{"name":"Rothschenk","@id":"https:\/\/rothschenk.de\/cz\/#\/schema\/person\/e29bf5cc9df61e6c87f80cdf8ba1be93"},"headline":"V\u00fdstavba nov\u00e9ho logistick\u00e9ho centra v pln\u00e9m proudu&#8230;","datePublished":"2022-09-20T08:19:10+00:00","dateModified":"2025-06-30T14:55:07+00:00","mainEntityOfPage":{"@id":"https:\/\/rothschenk.de\/cz\/vystavba-noveho-logistickeho-centra-v-plnem-proudu\/"},"wordCount":217,"commentCount":0,"image":{"@id":"https:\/\/rothschenk.de\/cz\/vystavba-noveho-logistickeho-centra-v-plnem-proudu\/#primaryimage"},"thumbnailUrl":"https:\/\/rothschenk.de\/wp-content\/uploads\/2022\/09\/bau-einer-halle-logistikzentrum-rothschenk-3.jpg","articleSection":["Rothschenk Novinky"],"inLanguage":"cs","potentialAction":[{"@type":"CommentAction","name":"Comment","target":["https:\/\/rothschenk.de\/cz\/vystavba-noveho-logistickeho-centra-v-plnem-proudu\/#respond"]}]},{"@type":"WebPage","@id":"https:\/\/rothschenk.de\/cz\/vystavba-noveho-logistickeho-centra-v-plnem-proudu\/","url":"https:\/\/rothschenk.de\/cz\/vystavba-noveho-logistickeho-centra-v-plnem-proudu\/","name":"Nov\u00e9 logistick\u00e9 centrum - Rothschenk","isPartOf":{"@id":"https:\/\/rothschenk.de\/cz\/#website"},"primaryImageOfPage":{"@id":"https:\/\/rothschenk.de\/cz\/vystavba-noveho-logistickeho-centra-v-plnem-proudu\/#primaryimage"},"image":{"@id":"https:\/\/rothschenk.de\/cz\/vystavba-noveho-logistickeho-centra-v-plnem-proudu\/#primaryimage"},"thumbnailUrl":"https:\/\/rothschenk.de\/wp-content\/uploads\/2022\/09\/bau-einer-halle-logistikzentrum-rothschenk-3.jpg","datePublished":"2022-09-20T08:19:10+00:00","dateModified":"2025-06-30T14:55:07+00:00","author":{"@id":"https:\/\/rothschenk.de\/cz\/#\/schema\/person\/e29bf5cc9df61e6c87f80cdf8ba1be93"},"description":"Nov\u00e9 logistick\u00e9 centrum | skladovac\u00ed plocha 1 000 m2 | v\u00fd\u0161kov\u00fd sklad | 3 nakl\u00e1dac\u00ed rampy | p\u0159ipraveno l\u00e9to 2022 | nyn\u00ed je\u0161t\u011b rychleji!","breadcrumb":{"@id":"https:\/\/rothschenk.de\/cz\/vystavba-noveho-logistickeho-centra-v-plnem-proudu\/#breadcrumb"},"inLanguage":"cs","potentialAction":[{"@type":"ReadAction","target":["https:\/\/rothschenk.de\/cz\/vystavba-noveho-logistickeho-centra-v-plnem-proudu\/"]}]},{"@type":"ImageObject","inLanguage":"cs","@id":"https:\/\/rothschenk.de\/cz\/vystavba-noveho-logistickeho-centra-v-plnem-proudu\/#primaryimage","url":"https:\/\/rothschenk.de\/wp-content\/uploads\/2022\/09\/bau-einer-halle-logistikzentrum-rothschenk-3.jpg","contentUrl":"https:\/\/rothschenk.de\/wp-content\/uploads\/2022\/09\/bau-einer-halle-logistikzentrum-rothschenk-3.jpg"},{"@type":"BreadcrumbList","@id":"https:\/\/rothschenk.de\/cz\/vystavba-noveho-logistickeho-centra-v-plnem-proudu\/#breadcrumb","itemListElement":[{"@type":"ListItem","position":1,"name":"Domovsk\u00e1 str\u00e1nka","item":"https:\/\/rothschenk.de\/cz\/domovska-stranka\/"},{"@type":"ListItem","position":2,"name":"V\u00fdstavba nov\u00e9ho logistick\u00e9ho centra v pln\u00e9m proudu&#8230;"}]},{"@type":"WebSite","@id":"https:\/\/rothschenk.de\/cz\/#website","url":"https:\/\/rothschenk.de\/cz\/","name":"Rothschenk - Der Online Shop f\u00fcr Ladungssicherung","description":"Der Online Shop f\u00fcr Ladungssicherung","potentialAction":[{"@type":"SearchAction","target":{"@type":"EntryPoint","urlTemplate":"https:\/\/rothschenk.de\/cz\/?s={search_term_string}"},"query-input":{"@type":"PropertyValueSpecification","valueRequired":true,"valueName":"search_term_string"}}],"inLanguage":"cs"},{"@type":"Person","@id":"https:\/\/rothschenk.de\/cz\/#\/schema\/person\/e29bf5cc9df61e6c87f80cdf8ba1be93","name":"Rothschenk","image":{"@type":"ImageObject","inLanguage":"cs","@id":"https:\/\/rothschenk.de\/wp-content\/uploads\/2024\/03\/cropped-cropped-Rothschenk-logo-ladungssicherung-1-96x96.png","url":"https:\/\/rothschenk.de\/wp-content\/uploads\/2024\/03\/cropped-cropped-Rothschenk-logo-ladungssicherung-1-96x96.png","contentUrl":"https:\/\/rothschenk.de\/wp-content\/uploads\/2024\/03\/cropped-cropped-Rothschenk-logo-ladungssicherung-1-96x96.png","caption":"Rothschenk"},"description":"\u2714 Profi in der Beratung \u2714 Profi an der Laderampe \u2714 Profi bei der Abwicklung Ihrer W\u00fcnsche \u2714 Ladungssicherung Made in Germany","url":"https:\/\/rothschenk.de\/cz\/author\/rothschenk\/"}]}},"_links":{"self":[{"href":"https:\/\/rothschenk.de\/cz\/wp-json\/wp\/v2\/posts\/679787","targetHints":{"allow":["GET"]}}],"collection":[{"href":"https:\/\/rothschenk.de\/cz\/wp-json\/wp\/v2\/posts"}],"about":[{"href":"https:\/\/rothschenk.de\/cz\/wp-json\/wp\/v2\/types\/post"}],"author":[{"embeddable":true,"href":"https:\/\/rothschenk.de\/cz\/wp-json\/wp\/v2\/users\/1539"}],"replies":[{"embeddable":true,"href":"https:\/\/rothschenk.de\/cz\/wp-json\/wp\/v2\/comments?post=679787"}],"version-history":[{"count":1,"href":"https:\/\/rothschenk.de\/cz\/wp-json\/wp\/v2\/posts\/679787\/revisions"}],"predecessor-version":[{"id":679790,"href":"https:\/\/rothschenk.de\/cz\/wp-json\/wp\/v2\/posts\/679787\/revisions\/679790"}],"wp:attachment":[{"href":"https:\/\/rothschenk.de\/cz\/wp-json\/wp\/v2\/media?parent=679787"}],"wp:term":[{"taxonomy":"category","embeddable":true,"href":"https:\/\/rothschenk.de\/cz\/wp-json\/wp\/v2\/categories?post=679787"},{"taxonomy":"post_tag","embeddable":true,"href":"https:\/\/rothschenk.de\/cz\/wp-json\/wp\/v2\/tags?post=679787"}],"curies":[{"name":"wp","href":"https:\/\/api.w.org\/{rel}","templated":true}]}}