{"id":679788,"date":"2022-09-15T10:23:24","date_gmt":"2022-09-15T08:23:24","guid":{"rendered":"https:\/\/rothschenk.de\/dobre-pro-klima-podporeny-projekt-v-africe\/"},"modified":"2025-06-30T16:55:12","modified_gmt":"2025-06-30T14:55:12","slug":"dobre-pro-klima-podporeny-projekt-v-africe","status":"publish","type":"post","link":"https:\/\/rothschenk.de\/cz\/dobre-pro-klima-podporeny-projekt-v-africe\/","title":{"rendered":"Dobr\u00e9 pro klima &#8211; podpo\u0159en\u00fd projekt v Africe"},"content":{"rendered":"\n<div class=\"wp-block-columns is-layout-flex wp-container-core-columns-is-layout-28f84493 wp-block-columns-is-layout-flex\">\n<div class=\"wp-block-column is-layout-flow wp-block-column-is-layout-flow\" style=\"flex-basis:50%\">\n<p>Od roku 2018 se intenzivn\u011b zab\u00fdv\u00e1me dopadem na\u0161\u00ed \u010dinnosti na \u017eivotn\u00ed prost\u0159ed\u00ed a klima &#8211; z\u00e1kladem je syst\u00e9m environment\u00e1ln\u00edho \u0159\u00edzen\u00ed EMAS. V roce 2022 jsme si stanovili c\u00edl j\u00edt je\u0161t\u011b o krok d\u00e1l. Vypo\u010d\u00edtali jsme proto na\u0161i uhl\u00edkovou stopu podle mezin\u00e1rodn\u011b uzn\u00e1van\u00e9ho standardu <em>Greenhouse Gas Protocol<\/em><em>(GHG Protocol) <\/em>.    <\/p>\n\n\n\n<p>Z toho se odvozuj\u00ed konkr\u00e9tn\u00ed opat\u0159en\u00ed ke sn\u00ed\u017een\u00ed na\u0161ich emis\u00ed CO2 a kompenzaci ji\u017e vypu\u0161t\u011bn\u00fdch emis\u00ed CO2 s c\u00edlem dos\u00e1hnout klimatick\u00e9 neutrality. K dosa\u017een\u00ed tohoto c\u00edle jsme provedli n\u00e1sleduj\u00edc\u00ed kroky: <\/p>\n<\/div>\n\n\n\n<div class=\"wp-block-column is-layout-flow wp-block-column-is-layout-flow\" style=\"flex-basis:50%\">\n<figure data-wp-context=\"{&quot;imageId&quot;:&quot;69ef30bbdcef3&quot;}\" data-wp-interactive=\"core\/image\" data-wp-key=\"69ef30bbdcef3\" class=\"wp-block-image aligncenter size-full is-resized wp-lightbox-container\"><img fetchpriority=\"high\" decoding=\"async\" width=\"1058\" height=\"1497\" data-wp-class--hide=\"state.isContentHidden\" data-wp-class--show=\"state.isContentVisible\" data-wp-init=\"callbacks.setButtonStyles\" data-wp-on--click=\"actions.showLightbox\" data-wp-on--load=\"callbacks.setButtonStyles\" data-wp-on-window--resize=\"callbacks.setButtonStyles\" src=\"https:\/\/rothschenk.de\/wp-content\/uploads\/2022\/09\/Urkunde-Klimaneutrales-Unternehmen-GH-GmbH-Rothschenk-002-pdf.jpg\" alt=\"\" class=\"wp-image-166607\" style=\"aspect-ratio:0.6666666666666666;object-fit:contain;width:327px;height:auto\" srcset=\"https:\/\/rothschenk.de\/wp-content\/uploads\/2022\/09\/Urkunde-Klimaneutrales-Unternehmen-GH-GmbH-Rothschenk-002-pdf.jpg 1058w, https:\/\/rothschenk.de\/wp-content\/uploads\/2022\/09\/Urkunde-Klimaneutrales-Unternehmen-GH-GmbH-Rothschenk-002-pdf-212x300.jpg 212w, https:\/\/rothschenk.de\/wp-content\/uploads\/2022\/09\/Urkunde-Klimaneutrales-Unternehmen-GH-GmbH-Rothschenk-002-pdf-724x1024.jpg 724w, https:\/\/rothschenk.de\/wp-content\/uploads\/2022\/09\/Urkunde-Klimaneutrales-Unternehmen-GH-GmbH-Rothschenk-002-pdf-768x1087.jpg 768w, https:\/\/rothschenk.de\/wp-content\/uploads\/2022\/09\/Urkunde-Klimaneutrales-Unternehmen-GH-GmbH-Rothschenk-002-pdf-600x849.jpg 600w\" sizes=\"(max-width: 1058px) 100vw, 1058px\" \/><button\n\t\t\tclass=\"lightbox-trigger\"\n\t\t\ttype=\"button\"\n\t\t\taria-haspopup=\"dialog\"\n\t\t\taria-label=\"Zv\u011bt\u0161it\"\n\t\t\tdata-wp-init=\"callbacks.initTriggerButton\"\n\t\t\tdata-wp-on--click=\"actions.showLightbox\"\n\t\t\tdata-wp-style--right=\"state.imageButtonRight\"\n\t\t\tdata-wp-style--top=\"state.imageButtonTop\"\n\t\t>\n\t\t\t<svg xmlns=\"http:\/\/www.w3.org\/2000\/svg\" width=\"12\" height=\"12\" fill=\"none\" viewBox=\"0 0 12 12\">\n\t\t\t\t<path fill=\"#fff\" d=\"M2 0a2 2 0 0 0-2 2v2h1.5V2a.5.5 0 0 1 .5-.5h2V0H2Zm2 10.5H2a.5.5 0 0 1-.5-.5V8H0v2a2 2 0 0 0 2 2h2v-1.5ZM8 12v-1.5h2a.5.5 0 0 0 .5-.5V8H12v2a2 2 0 0 1-2 2H8Zm2-12a2 2 0 0 1 2 2v2h-1.5V2a.5.5 0 0 0-.5-.5H8V0h2Z\" \/>\n\t\t\t<\/svg>\n\t\t<\/button><\/figure>\n<\/div>\n<\/div>\n\n<h2 class=\"wp-block-heading\">Krok 1: Stanoven\u00ed stopy CO2<\/h2>\n\n<p>Takzvan\u00e1 CO2 stopa ukazuje, kolik emis\u00ed (CO2, metanu, oxidu dusn\u00e9ho atd.) podnik zp\u016fsobuje a v jak\u00fdch oblastech k nim doch\u00e1z\u00ed. K tomu je zapot\u0159eb\u00ed komplexn\u00ed sb\u011br dat (01-12\/2021): <\/p>\n\n<ul class=\"wp-block-list\">\n<li>Spot\u0159eba tepla a energie<\/li>\n\n\n\n<li>Spot\u0159eba vody<\/li>\n\n\n\n<li>Spot\u0159eba chladiva<\/li>\n\n\n\n<li>Likvidace odpadu<\/li>\n\n\n\n<li>Spot\u0159eba pohonn\u00fdch hmot v d\u016fsledku mobility zam\u011bstnanc\u016f, firemn\u00edho vozov\u00e9ho parku a slu\u017eebn\u00edch cest (lety, \u017eeleznice, auta).<\/li>\n\n\n\n<li>N\u00e1kup kancel\u00e1\u0159sk\u00fdch pot\u0159eb (pap\u00edr, tiskoviny, elektronick\u00e1 za\u0159\u00edzen\u00ed).<\/li>\n<\/ul>\n\n<p>P\u0159i v\u00fdpo\u010dtu emis\u00ed CO2 se berou v \u00favahu nejen p\u0159\u00edmo zp\u016fsoben\u00e9 emise (rozsah 1), ale tak\u00e9 emise v p\u0159edch\u00e1zej\u00edc\u00edm a navazuj\u00edc\u00edm hodnotov\u00e9m \u0159et\u011bzci (rozsah 2 a 3).<\/p>\n\n<p>V roce 2021 vyprodukovala spole\u010dnost G&amp;H Rothschenk na podnikov\u00e9 \u00farovni celkem 297 tun CO2ekv. To odpov\u00edd\u00e1 p\u0159ibli\u017en\u011b 922 366 km ujet\u00fdm autem nebo 2 281 let\u016fm ekonomickou t\u0159\u00eddou z Mnichova do Berl\u00edna. <\/p>\n\n<div style=\"height:35px\" aria-hidden=\"true\" class=\"wp-block-spacer\"><\/div>\n\n<h2 class=\"wp-block-heading\">Krok 2: Zamezen\u00ed a sn\u00ed\u017een\u00ed emis\u00ed CO2<\/h2>\n\n<p>Ji\u017e v minul\u00fdch letech jsme zavedli opat\u0159en\u00ed ke sn\u00ed\u017een\u00ed na\u0161\u00ed stopy CO2:<\/p>\n\n<ul class=\"wp-block-list\">\n<li>N\u00e1kup 100 % zelen\u00e9 elekt\u0159iny z vodn\u00edch elektr\u00e1ren<\/li>\n\n\n\n<li>N\u00e1kup 100 % d\u00e1lkov\u00e9ho vyt\u00e1p\u011bn\u00ed z obnoviteln\u00fdch surovin<\/li>\n\n\n\n<li>P\u0159echod vozov\u00e9ho parku na 100 % elektrick\u00e9 vysokozdvi\u017en\u00e9 voz\u00edky<\/li>\n\n\n\n<li>Nab\u00eddka leasingu elektrick\u00fdch a hybridn\u00edch automobil\u016f a pracovn\u00edch kol pro na\u0161e zam\u011bstnance<\/li>\n\n\n\n<li>Pou\u017eit\u00ed 100 % recyklovan\u00e9ho pap\u00edru<\/li>\n<\/ul>\n\n<p>Mezi dal\u0161\u00ed opat\u0159en\u00ed, kter\u00e1 v na\u0161\u00ed spole\u010dnosti realizujeme do roku 2026, pat\u0159\u00ed.<\/p>\n\n<ul class=\"wp-block-list\">\n<li>V\u00fdstavba logistick\u00e9 haly podle normy energetick\u00e9 \u00fa\u010dinnosti 40 (KfW)<\/li>\n\n\n\n<li>P\u0159echod osv\u011btlen\u00ed ve v\u0161ech v\u00fdrobn\u00edch hal\u00e1ch a skladech na 100 % LED.<\/li>\n\n\n\n<li>Roz\u0161\u00ed\u0159en\u00ed nab\u00edjec\u00ed infrastruktury pro elektromobily a elektrokola v are\u00e1lu spole\u010dnosti.<\/li>\n\n\n\n<li>Instalace fotovoltaick\u00e9ho syst\u00e9mu ve vlastnictv\u00ed spole\u010dnosti<\/li>\n<\/ul>\n\n<div style=\"height:35px\" aria-hidden=\"true\" class=\"wp-block-spacer\"><\/div>\n\n<h2 class=\"wp-block-heading\">Krok 3: Kompenzace emis\u00ed CO2 zp\u016fsoben\u00fdch projektem na ochranu klimatu<\/h2>\n\n<p>Zcela klimaticky neutr\u00e1ln\u00ed provoz je nemo\u017en\u00fd. Abychom kompenzovali emise CO2, kter\u00fdm jsme se zat\u00edm nedok\u00e1zali vyhnout nebo je dostate\u010dn\u011b sn\u00ed\u017eit, zakoupili jsme certifik\u00e1ty na ochranu klimatu, kter\u00e9 podporuj\u00ed projekty na ochranu klimatu v souladu s mezin\u00e1rodn\u011b uzn\u00e1van\u00fdmi standardy. Rozhodli jsme se pro projekt v Mosambiku, jeho\u017e c\u00edlem je v\u00fdroba \u010dist\u00e9 pitn\u00e9 vody. Ten je certifikov\u00e1n podle zlat\u00e9ho standardu (GS VER), kter\u00fd je v sou\u010dasnosti nejp\u0159\u00edsn\u011bj\u0161\u00edm standardem. V\u00edce informac\u00ed o projektu najdete zde: <a href=\"https:\/\/fpm.climatepartner.com\/tracking\/20055-2209-1001\/de?utm_source=(direct)&amp;utm_medium=climatepartner.com\">www.climatepartner.com\/ tracking\/project\/20055-2209-1001<\/a>.     <\/p>\n\n<div style=\"height:35px\" aria-hidden=\"true\" class=\"wp-block-spacer\"><\/div>\n\n<figure class=\"wp-block-gallery has-nested-images columns-default is-cropped wp-block-gallery-1 is-layout-flex wp-block-gallery-is-layout-flex\">\n<figure data-wp-context=\"{&quot;imageId&quot;:&quot;69ef30bbdd9dd&quot;}\" data-wp-interactive=\"core\/image\" data-wp-key=\"69ef30bbdd9dd\" class=\"wp-block-image size-large wp-lightbox-container\"><img decoding=\"async\" width=\"1024\" height=\"685\" data-wp-class--hide=\"state.isContentHidden\" data-wp-class--show=\"state.isContentVisible\" data-wp-init=\"callbacks.setButtonStyles\" data-wp-on--click=\"actions.showLightbox\" data-wp-on--load=\"callbacks.setButtonStyles\" data-wp-on-window--resize=\"callbacks.setButtonStyles\" data-id=\"166601\" src=\"https:\/\/rothschenk.de\/wp-content\/uploads\/2022\/09\/co2-abdruck-firma-rohtschenk-klimaneutral-climate-partner-sauberes-trinkwasser-mosambik-berechnung-2.jpg\" alt=\"\" class=\"wp-image-166601\" srcset=\"https:\/\/rothschenk.de\/wp-content\/uploads\/2022\/09\/co2-abdruck-firma-rohtschenk-klimaneutral-climate-partner-sauberes-trinkwasser-mosambik-berechnung-2.jpg 1024w, https:\/\/rothschenk.de\/wp-content\/uploads\/2022\/09\/co2-abdruck-firma-rohtschenk-klimaneutral-climate-partner-sauberes-trinkwasser-mosambik-berechnung-2-300x201.jpg 300w, https:\/\/rothschenk.de\/wp-content\/uploads\/2022\/09\/co2-abdruck-firma-rohtschenk-klimaneutral-climate-partner-sauberes-trinkwasser-mosambik-berechnung-2-768x514.jpg 768w, https:\/\/rothschenk.de\/wp-content\/uploads\/2022\/09\/co2-abdruck-firma-rohtschenk-klimaneutral-climate-partner-sauberes-trinkwasser-mosambik-berechnung-2-600x401.jpg 600w\" sizes=\"(max-width: 1024px) 100vw, 1024px\" \/><button\n\t\t\tclass=\"lightbox-trigger\"\n\t\t\ttype=\"button\"\n\t\t\taria-haspopup=\"dialog\"\n\t\t\taria-label=\"Zv\u011bt\u0161it\"\n\t\t\tdata-wp-init=\"callbacks.initTriggerButton\"\n\t\t\tdata-wp-on--click=\"actions.showLightbox\"\n\t\t\tdata-wp-style--right=\"state.imageButtonRight\"\n\t\t\tdata-wp-style--top=\"state.imageButtonTop\"\n\t\t>\n\t\t\t<svg xmlns=\"http:\/\/www.w3.org\/2000\/svg\" width=\"12\" height=\"12\" fill=\"none\" viewBox=\"0 0 12 12\">\n\t\t\t\t<path fill=\"#fff\" d=\"M2 0a2 2 0 0 0-2 2v2h1.5V2a.5.5 0 0 1 .5-.5h2V0H2Zm2 10.5H2a.5.5 0 0 1-.5-.5V8H0v2a2 2 0 0 0 2 2h2v-1.5ZM8 12v-1.5h2a.5.5 0 0 0 .5-.5V8H12v2a2 2 0 0 1-2 2H8Zm2-12a2 2 0 0 1 2 2v2h-1.5V2a.5.5 0 0 0-.5-.5H8V0h2Z\" \/>\n\t\t\t<\/svg>\n\t\t<\/button><\/figure>\n\n\n\n<figure data-wp-context=\"{&quot;imageId&quot;:&quot;69ef30bbddc19&quot;}\" data-wp-interactive=\"core\/image\" data-wp-key=\"69ef30bbddc19\" class=\"wp-block-image size-large wp-lightbox-container\"><img decoding=\"async\" width=\"1024\" height=\"728\" data-wp-class--hide=\"state.isContentHidden\" data-wp-class--show=\"state.isContentVisible\" data-wp-init=\"callbacks.setButtonStyles\" data-wp-on--click=\"actions.showLightbox\" data-wp-on--load=\"callbacks.setButtonStyles\" data-wp-on-window--resize=\"callbacks.setButtonStyles\" data-id=\"166610\" src=\"https:\/\/rothschenk.de\/wp-content\/uploads\/2022\/09\/co2-abdruck-firma-rohtschenk-klimaneutral-climate-partner-sauberes-trinkwasser-mosambik-berechnung.jpg\" alt=\"\" class=\"wp-image-166610\" srcset=\"https:\/\/rothschenk.de\/wp-content\/uploads\/2022\/09\/co2-abdruck-firma-rohtschenk-klimaneutral-climate-partner-sauberes-trinkwasser-mosambik-berechnung.jpg 1024w, https:\/\/rothschenk.de\/wp-content\/uploads\/2022\/09\/co2-abdruck-firma-rohtschenk-klimaneutral-climate-partner-sauberes-trinkwasser-mosambik-berechnung-300x213.jpg 300w, https:\/\/rothschenk.de\/wp-content\/uploads\/2022\/09\/co2-abdruck-firma-rohtschenk-klimaneutral-climate-partner-sauberes-trinkwasser-mosambik-berechnung-768x546.jpg 768w, https:\/\/rothschenk.de\/wp-content\/uploads\/2022\/09\/co2-abdruck-firma-rohtschenk-klimaneutral-climate-partner-sauberes-trinkwasser-mosambik-berechnung-600x427.jpg 600w\" sizes=\"(max-width: 1024px) 100vw, 1024px\" \/><button\n\t\t\tclass=\"lightbox-trigger\"\n\t\t\ttype=\"button\"\n\t\t\taria-haspopup=\"dialog\"\n\t\t\taria-label=\"Zv\u011bt\u0161it\"\n\t\t\tdata-wp-init=\"callbacks.initTriggerButton\"\n\t\t\tdata-wp-on--click=\"actions.showLightbox\"\n\t\t\tdata-wp-style--right=\"state.imageButtonRight\"\n\t\t\tdata-wp-style--top=\"state.imageButtonTop\"\n\t\t>\n\t\t\t<svg xmlns=\"http:\/\/www.w3.org\/2000\/svg\" width=\"12\" height=\"12\" fill=\"none\" viewBox=\"0 0 12 12\">\n\t\t\t\t<path fill=\"#fff\" d=\"M2 0a2 2 0 0 0-2 2v2h1.5V2a.5.5 0 0 1 .5-.5h2V0H2Zm2 10.5H2a.5.5 0 0 1-.5-.5V8H0v2a2 2 0 0 0 2 2h2v-1.5ZM8 12v-1.5h2a.5.5 0 0 0 .5-.5V8H12v2a2 2 0 0 1-2 2H8Zm2-12a2 2 0 0 1 2 2v2h-1.5V2a.5.5 0 0 0-.5-.5H8V0h2Z\" \/>\n\t\t\t<\/svg>\n\t\t<\/button><\/figure>\n<\/figure>\n","protected":false},"excerpt":{"rendered":"<p>Od roku 2018 se intenzivn\u011b zab\u00fdv\u00e1me dopadem na\u0161\u00ed \u010dinnosti na \u017eivotn\u00ed prost\u0159ed\u00ed a klima &#8211; z\u00e1kladem je syst\u00e9m environment\u00e1ln\u00edho \u0159\u00edzen\u00ed EMAS. V roce 2022 jsme si stanovili c\u00edl j\u00edt je\u0161t\u011b o krok d\u00e1l. Vypo\u010d\u00edtali jsme proto na\u0161i uhl\u00edkovou stopu podle mezin\u00e1rodn\u011b uzn\u00e1van\u00e9ho standardu Greenhouse Gas Protocol(GHG Protocol) . Z toho se odvozuj\u00ed konkr\u00e9tn\u00ed opat\u0159en\u00ed ke [&hellip;]<\/p>\n","protected":false},"author":1539,"featured_media":0,"comment_status":"open","ping_status":"closed","sticky":false,"template":"","format":"standard","meta":{"_acf_changed":false,"footnotes":""},"categories":[867],"tags":[],"class_list":["post-679788","post","type-post","status-publish","format-standard","hentry","category-rothschenk-novinky"],"acf":[],"yoast_head":"<!-- This site is optimized with the Yoast SEO plugin v27.4 - https:\/\/yoast.com\/product\/yoast-seo-wordpress\/ -->\n<title>Klimaticky neutr\u00e1ln\u00ed - Vyrobeno v N\u011bmecku - Zaji\u0161t\u011bn\u00ed n\u00e1kladu - Rothschenk<\/title>\n<meta name=\"description\" content=\"Nejudr\u017eiteln\u011bj\u0161\u00ed v\u00fdrobce pro zaji\u0161t\u011bn\u00ed n\u00e1kladu \u2714 Certifikov\u00e1no \u2714 Klimaticky neutr\u00e1ln\u00ed \u2714 Projekt v Africe pro \u00fapravu pitn\u00e9 vody \u2714 24hodinov\u00e1 prodejna \u2714\" \/>\n<meta name=\"robots\" content=\"index, follow, max-snippet:-1, max-image-preview:large, max-video-preview:-1\" \/>\n<link rel=\"canonical\" href=\"https:\/\/rothschenk.de\/cz\/dobre-pro-klima-podporeny-projekt-v-africe\/\" \/>\n<meta property=\"og:locale\" content=\"cs_CZ\" \/>\n<meta property=\"og:type\" content=\"article\" \/>\n<meta property=\"og:title\" content=\"Klimaticky neutr\u00e1ln\u00ed - Vyrobeno v N\u011bmecku - Zaji\u0161t\u011bn\u00ed n\u00e1kladu - Rothschenk\" \/>\n<meta property=\"og:description\" content=\"Nejudr\u017eiteln\u011bj\u0161\u00ed v\u00fdrobce pro zaji\u0161t\u011bn\u00ed n\u00e1kladu \u2714 Certifikov\u00e1no \u2714 Klimaticky neutr\u00e1ln\u00ed \u2714 Projekt v Africe pro \u00fapravu pitn\u00e9 vody \u2714 24hodinov\u00e1 prodejna \u2714\" \/>\n<meta property=\"og:url\" content=\"https:\/\/rothschenk.de\/cz\/dobre-pro-klima-podporeny-projekt-v-africe\/\" \/>\n<meta property=\"og:site_name\" content=\"Rothschenk\" \/>\n<meta property=\"article:publisher\" content=\"https:\/\/de-de.facebook.com\/FirmaRothschenk\/\" \/>\n<meta property=\"article:published_time\" content=\"2022-09-15T08:23:24+00:00\" \/>\n<meta property=\"article:modified_time\" content=\"2025-06-30T14:55:12+00:00\" \/>\n<meta property=\"og:image\" content=\"https:\/\/rothschenk.de\/wp-content\/uploads\/2022\/09\/Urkunde-Klimaneutrales-Unternehmen-GH-GmbH-Rothschenk-002-pdf.jpg\" \/>\n\t<meta property=\"og:image:width\" content=\"1058\" \/>\n\t<meta property=\"og:image:height\" content=\"1497\" \/>\n\t<meta property=\"og:image:type\" content=\"image\/jpeg\" \/>\n<meta name=\"author\" content=\"Rothschenk\" \/>\n<meta name=\"twitter:card\" content=\"summary_large_image\" \/>\n<meta name=\"twitter:label1\" content=\"Napsal(a)\" \/>\n\t<meta name=\"twitter:data1\" content=\"Rothschenk\" \/>\n\t<meta name=\"twitter:label2\" content=\"Odhadovan\u00e1 doba \u010dten\u00ed\" \/>\n\t<meta name=\"twitter:data2\" content=\"3 minuty\" \/>\n<script type=\"application\/ld+json\" class=\"yoast-schema-graph\">{\"@context\":\"https:\\\/\\\/schema.org\",\"@graph\":[{\"@type\":\"Article\",\"@id\":\"https:\\\/\\\/rothschenk.de\\\/cz\\\/dobre-pro-klima-podporeny-projekt-v-africe\\\/#article\",\"isPartOf\":{\"@id\":\"https:\\\/\\\/rothschenk.de\\\/cz\\\/dobre-pro-klima-podporeny-projekt-v-africe\\\/\"},\"author\":{\"name\":\"Rothschenk\",\"@id\":\"https:\\\/\\\/rothschenk.de\\\/cz\\\/#\\\/schema\\\/person\\\/e29bf5cc9df61e6c87f80cdf8ba1be93\"},\"headline\":\"Dobr\u00e9 pro klima &#8211; podpo\u0159en\u00fd projekt v Africe\",\"datePublished\":\"2022-09-15T08:23:24+00:00\",\"dateModified\":\"2025-06-30T14:55:12+00:00\",\"mainEntityOfPage\":{\"@id\":\"https:\\\/\\\/rothschenk.de\\\/cz\\\/dobre-pro-klima-podporeny-projekt-v-africe\\\/\"},\"wordCount\":527,\"commentCount\":0,\"image\":{\"@id\":\"https:\\\/\\\/rothschenk.de\\\/cz\\\/dobre-pro-klima-podporeny-projekt-v-africe\\\/#primaryimage\"},\"thumbnailUrl\":\"https:\\\/\\\/rothschenk.de\\\/wp-content\\\/uploads\\\/2022\\\/09\\\/Urkunde-Klimaneutrales-Unternehmen-GH-GmbH-Rothschenk-002-pdf.jpg\",\"articleSection\":[\"Rothschenk Novinky\"],\"inLanguage\":\"cs\",\"potentialAction\":[{\"@type\":\"CommentAction\",\"name\":\"Comment\",\"target\":[\"https:\\\/\\\/rothschenk.de\\\/cz\\\/dobre-pro-klima-podporeny-projekt-v-africe\\\/#respond\"]}]},{\"@type\":\"WebPage\",\"@id\":\"https:\\\/\\\/rothschenk.de\\\/cz\\\/dobre-pro-klima-podporeny-projekt-v-africe\\\/\",\"url\":\"https:\\\/\\\/rothschenk.de\\\/cz\\\/dobre-pro-klima-podporeny-projekt-v-africe\\\/\",\"name\":\"Klimaticky neutr\u00e1ln\u00ed - Vyrobeno v N\u011bmecku - Zaji\u0161t\u011bn\u00ed n\u00e1kladu - Rothschenk\",\"isPartOf\":{\"@id\":\"https:\\\/\\\/rothschenk.de\\\/cz\\\/#website\"},\"primaryImageOfPage\":{\"@id\":\"https:\\\/\\\/rothschenk.de\\\/cz\\\/dobre-pro-klima-podporeny-projekt-v-africe\\\/#primaryimage\"},\"image\":{\"@id\":\"https:\\\/\\\/rothschenk.de\\\/cz\\\/dobre-pro-klima-podporeny-projekt-v-africe\\\/#primaryimage\"},\"thumbnailUrl\":\"https:\\\/\\\/rothschenk.de\\\/wp-content\\\/uploads\\\/2022\\\/09\\\/Urkunde-Klimaneutrales-Unternehmen-GH-GmbH-Rothschenk-002-pdf.jpg\",\"datePublished\":\"2022-09-15T08:23:24+00:00\",\"dateModified\":\"2025-06-30T14:55:12+00:00\",\"author\":{\"@id\":\"https:\\\/\\\/rothschenk.de\\\/cz\\\/#\\\/schema\\\/person\\\/e29bf5cc9df61e6c87f80cdf8ba1be93\"},\"description\":\"Nejudr\u017eiteln\u011bj\u0161\u00ed v\u00fdrobce pro zaji\u0161t\u011bn\u00ed n\u00e1kladu \u2714 Certifikov\u00e1no \u2714 Klimaticky neutr\u00e1ln\u00ed \u2714 Projekt v Africe pro \u00fapravu pitn\u00e9 vody \u2714 24hodinov\u00e1 prodejna \u2714\",\"breadcrumb\":{\"@id\":\"https:\\\/\\\/rothschenk.de\\\/cz\\\/dobre-pro-klima-podporeny-projekt-v-africe\\\/#breadcrumb\"},\"inLanguage\":\"cs\",\"potentialAction\":[{\"@type\":\"ReadAction\",\"target\":[\"https:\\\/\\\/rothschenk.de\\\/cz\\\/dobre-pro-klima-podporeny-projekt-v-africe\\\/\"]}]},{\"@type\":\"ImageObject\",\"inLanguage\":\"cs\",\"@id\":\"https:\\\/\\\/rothschenk.de\\\/cz\\\/dobre-pro-klima-podporeny-projekt-v-africe\\\/#primaryimage\",\"url\":\"https:\\\/\\\/rothschenk.de\\\/wp-content\\\/uploads\\\/2022\\\/09\\\/Urkunde-Klimaneutrales-Unternehmen-GH-GmbH-Rothschenk-002-pdf.jpg\",\"contentUrl\":\"https:\\\/\\\/rothschenk.de\\\/wp-content\\\/uploads\\\/2022\\\/09\\\/Urkunde-Klimaneutrales-Unternehmen-GH-GmbH-Rothschenk-002-pdf.jpg\"},{\"@type\":\"BreadcrumbList\",\"@id\":\"https:\\\/\\\/rothschenk.de\\\/cz\\\/dobre-pro-klima-podporeny-projekt-v-africe\\\/#breadcrumb\",\"itemListElement\":[{\"@type\":\"ListItem\",\"position\":1,\"name\":\"Domovsk\u00e1 str\u00e1nka\",\"item\":\"https:\\\/\\\/rothschenk.de\\\/cz\\\/domovska-stranka\\\/\"},{\"@type\":\"ListItem\",\"position\":2,\"name\":\"Dobr\u00e9 pro klima - podpo\u0159en\u00fd projekt v Africe\"}]},{\"@type\":\"WebSite\",\"@id\":\"https:\\\/\\\/rothschenk.de\\\/cz\\\/#website\",\"url\":\"https:\\\/\\\/rothschenk.de\\\/cz\\\/\",\"name\":\"Rothschenk - Der Online Shop f\u00fcr Ladungssicherung\",\"description\":\"Der Online Shop f\u00fcr Ladungssicherung\",\"potentialAction\":[{\"@type\":\"SearchAction\",\"target\":{\"@type\":\"EntryPoint\",\"urlTemplate\":\"https:\\\/\\\/rothschenk.de\\\/cz\\\/?s={search_term_string}\"},\"query-input\":{\"@type\":\"PropertyValueSpecification\",\"valueRequired\":true,\"valueName\":\"search_term_string\"}}],\"inLanguage\":\"cs\"},{\"@type\":\"Person\",\"@id\":\"https:\\\/\\\/rothschenk.de\\\/cz\\\/#\\\/schema\\\/person\\\/e29bf5cc9df61e6c87f80cdf8ba1be93\",\"name\":\"Rothschenk\",\"image\":{\"@type\":\"ImageObject\",\"inLanguage\":\"cs\",\"@id\":\"https:\\\/\\\/rothschenk.de\\\/wp-content\\\/uploads\\\/2024\\\/03\\\/cropped-cropped-Rothschenk-logo-ladungssicherung-1-96x96.png\",\"url\":\"https:\\\/\\\/rothschenk.de\\\/wp-content\\\/uploads\\\/2024\\\/03\\\/cropped-cropped-Rothschenk-logo-ladungssicherung-1-96x96.png\",\"contentUrl\":\"https:\\\/\\\/rothschenk.de\\\/wp-content\\\/uploads\\\/2024\\\/03\\\/cropped-cropped-Rothschenk-logo-ladungssicherung-1-96x96.png\",\"caption\":\"Rothschenk\"},\"description\":\"\u2714 Profi in der Beratung \u2714 Profi an der Laderampe \u2714 Profi bei der Abwicklung Ihrer W\u00fcnsche \u2714 Ladungssicherung Made in Germany\",\"url\":\"https:\\\/\\\/rothschenk.de\\\/cz\\\/author\\\/rothschenk\\\/\"}]}<\/script>\n<!-- \/ Yoast SEO plugin. -->","yoast_head_json":{"title":"Klimaticky neutr\u00e1ln\u00ed - Vyrobeno v N\u011bmecku - Zaji\u0161t\u011bn\u00ed n\u00e1kladu - Rothschenk","description":"Nejudr\u017eiteln\u011bj\u0161\u00ed v\u00fdrobce pro zaji\u0161t\u011bn\u00ed n\u00e1kladu \u2714 Certifikov\u00e1no \u2714 Klimaticky neutr\u00e1ln\u00ed \u2714 Projekt v Africe pro \u00fapravu pitn\u00e9 vody \u2714 24hodinov\u00e1 prodejna \u2714","robots":{"index":"index","follow":"follow","max-snippet":"max-snippet:-1","max-image-preview":"max-image-preview:large","max-video-preview":"max-video-preview:-1"},"canonical":"https:\/\/rothschenk.de\/cz\/dobre-pro-klima-podporeny-projekt-v-africe\/","og_locale":"cs_CZ","og_type":"article","og_title":"Klimaticky neutr\u00e1ln\u00ed - Vyrobeno v N\u011bmecku - Zaji\u0161t\u011bn\u00ed n\u00e1kladu - Rothschenk","og_description":"Nejudr\u017eiteln\u011bj\u0161\u00ed v\u00fdrobce pro zaji\u0161t\u011bn\u00ed n\u00e1kladu \u2714 Certifikov\u00e1no \u2714 Klimaticky neutr\u00e1ln\u00ed \u2714 Projekt v Africe pro \u00fapravu pitn\u00e9 vody \u2714 24hodinov\u00e1 prodejna \u2714","og_url":"https:\/\/rothschenk.de\/cz\/dobre-pro-klima-podporeny-projekt-v-africe\/","og_site_name":"Rothschenk","article_publisher":"https:\/\/de-de.facebook.com\/FirmaRothschenk\/","article_published_time":"2022-09-15T08:23:24+00:00","article_modified_time":"2025-06-30T14:55:12+00:00","og_image":[{"width":1058,"height":1497,"url":"https:\/\/rothschenk.de\/wp-content\/uploads\/2022\/09\/Urkunde-Klimaneutrales-Unternehmen-GH-GmbH-Rothschenk-002-pdf.jpg","type":"image\/jpeg"}],"author":"Rothschenk","twitter_card":"summary_large_image","twitter_misc":{"Napsal(a)":"Rothschenk","Odhadovan\u00e1 doba \u010dten\u00ed":"3 minuty"},"schema":{"@context":"https:\/\/schema.org","@graph":[{"@type":"Article","@id":"https:\/\/rothschenk.de\/cz\/dobre-pro-klima-podporeny-projekt-v-africe\/#article","isPartOf":{"@id":"https:\/\/rothschenk.de\/cz\/dobre-pro-klima-podporeny-projekt-v-africe\/"},"author":{"name":"Rothschenk","@id":"https:\/\/rothschenk.de\/cz\/#\/schema\/person\/e29bf5cc9df61e6c87f80cdf8ba1be93"},"headline":"Dobr\u00e9 pro klima &#8211; podpo\u0159en\u00fd projekt v Africe","datePublished":"2022-09-15T08:23:24+00:00","dateModified":"2025-06-30T14:55:12+00:00","mainEntityOfPage":{"@id":"https:\/\/rothschenk.de\/cz\/dobre-pro-klima-podporeny-projekt-v-africe\/"},"wordCount":527,"commentCount":0,"image":{"@id":"https:\/\/rothschenk.de\/cz\/dobre-pro-klima-podporeny-projekt-v-africe\/#primaryimage"},"thumbnailUrl":"https:\/\/rothschenk.de\/wp-content\/uploads\/2022\/09\/Urkunde-Klimaneutrales-Unternehmen-GH-GmbH-Rothschenk-002-pdf.jpg","articleSection":["Rothschenk Novinky"],"inLanguage":"cs","potentialAction":[{"@type":"CommentAction","name":"Comment","target":["https:\/\/rothschenk.de\/cz\/dobre-pro-klima-podporeny-projekt-v-africe\/#respond"]}]},{"@type":"WebPage","@id":"https:\/\/rothschenk.de\/cz\/dobre-pro-klima-podporeny-projekt-v-africe\/","url":"https:\/\/rothschenk.de\/cz\/dobre-pro-klima-podporeny-projekt-v-africe\/","name":"Klimaticky neutr\u00e1ln\u00ed - Vyrobeno v N\u011bmecku - Zaji\u0161t\u011bn\u00ed n\u00e1kladu - Rothschenk","isPartOf":{"@id":"https:\/\/rothschenk.de\/cz\/#website"},"primaryImageOfPage":{"@id":"https:\/\/rothschenk.de\/cz\/dobre-pro-klima-podporeny-projekt-v-africe\/#primaryimage"},"image":{"@id":"https:\/\/rothschenk.de\/cz\/dobre-pro-klima-podporeny-projekt-v-africe\/#primaryimage"},"thumbnailUrl":"https:\/\/rothschenk.de\/wp-content\/uploads\/2022\/09\/Urkunde-Klimaneutrales-Unternehmen-GH-GmbH-Rothschenk-002-pdf.jpg","datePublished":"2022-09-15T08:23:24+00:00","dateModified":"2025-06-30T14:55:12+00:00","author":{"@id":"https:\/\/rothschenk.de\/cz\/#\/schema\/person\/e29bf5cc9df61e6c87f80cdf8ba1be93"},"description":"Nejudr\u017eiteln\u011bj\u0161\u00ed v\u00fdrobce pro zaji\u0161t\u011bn\u00ed n\u00e1kladu \u2714 Certifikov\u00e1no \u2714 Klimaticky neutr\u00e1ln\u00ed \u2714 Projekt v Africe pro \u00fapravu pitn\u00e9 vody \u2714 24hodinov\u00e1 prodejna \u2714","breadcrumb":{"@id":"https:\/\/rothschenk.de\/cz\/dobre-pro-klima-podporeny-projekt-v-africe\/#breadcrumb"},"inLanguage":"cs","potentialAction":[{"@type":"ReadAction","target":["https:\/\/rothschenk.de\/cz\/dobre-pro-klima-podporeny-projekt-v-africe\/"]}]},{"@type":"ImageObject","inLanguage":"cs","@id":"https:\/\/rothschenk.de\/cz\/dobre-pro-klima-podporeny-projekt-v-africe\/#primaryimage","url":"https:\/\/rothschenk.de\/wp-content\/uploads\/2022\/09\/Urkunde-Klimaneutrales-Unternehmen-GH-GmbH-Rothschenk-002-pdf.jpg","contentUrl":"https:\/\/rothschenk.de\/wp-content\/uploads\/2022\/09\/Urkunde-Klimaneutrales-Unternehmen-GH-GmbH-Rothschenk-002-pdf.jpg"},{"@type":"BreadcrumbList","@id":"https:\/\/rothschenk.de\/cz\/dobre-pro-klima-podporeny-projekt-v-africe\/#breadcrumb","itemListElement":[{"@type":"ListItem","position":1,"name":"Domovsk\u00e1 str\u00e1nka","item":"https:\/\/rothschenk.de\/cz\/domovska-stranka\/"},{"@type":"ListItem","position":2,"name":"Dobr\u00e9 pro klima - podpo\u0159en\u00fd projekt v Africe"}]},{"@type":"WebSite","@id":"https:\/\/rothschenk.de\/cz\/#website","url":"https:\/\/rothschenk.de\/cz\/","name":"Rothschenk - Der Online Shop f\u00fcr Ladungssicherung","description":"Der Online Shop f\u00fcr Ladungssicherung","potentialAction":[{"@type":"SearchAction","target":{"@type":"EntryPoint","urlTemplate":"https:\/\/rothschenk.de\/cz\/?s={search_term_string}"},"query-input":{"@type":"PropertyValueSpecification","valueRequired":true,"valueName":"search_term_string"}}],"inLanguage":"cs"},{"@type":"Person","@id":"https:\/\/rothschenk.de\/cz\/#\/schema\/person\/e29bf5cc9df61e6c87f80cdf8ba1be93","name":"Rothschenk","image":{"@type":"ImageObject","inLanguage":"cs","@id":"https:\/\/rothschenk.de\/wp-content\/uploads\/2024\/03\/cropped-cropped-Rothschenk-logo-ladungssicherung-1-96x96.png","url":"https:\/\/rothschenk.de\/wp-content\/uploads\/2024\/03\/cropped-cropped-Rothschenk-logo-ladungssicherung-1-96x96.png","contentUrl":"https:\/\/rothschenk.de\/wp-content\/uploads\/2024\/03\/cropped-cropped-Rothschenk-logo-ladungssicherung-1-96x96.png","caption":"Rothschenk"},"description":"\u2714 Profi in der Beratung \u2714 Profi an der Laderampe \u2714 Profi bei der Abwicklung Ihrer W\u00fcnsche \u2714 Ladungssicherung Made in Germany","url":"https:\/\/rothschenk.de\/cz\/author\/rothschenk\/"}]}},"_links":{"self":[{"href":"https:\/\/rothschenk.de\/cz\/wp-json\/wp\/v2\/posts\/679788","targetHints":{"allow":["GET"]}}],"collection":[{"href":"https:\/\/rothschenk.de\/cz\/wp-json\/wp\/v2\/posts"}],"about":[{"href":"https:\/\/rothschenk.de\/cz\/wp-json\/wp\/v2\/types\/post"}],"author":[{"embeddable":true,"href":"https:\/\/rothschenk.de\/cz\/wp-json\/wp\/v2\/users\/1539"}],"replies":[{"embeddable":true,"href":"https:\/\/rothschenk.de\/cz\/wp-json\/wp\/v2\/comments?post=679788"}],"version-history":[{"count":1,"href":"https:\/\/rothschenk.de\/cz\/wp-json\/wp\/v2\/posts\/679788\/revisions"}],"predecessor-version":[{"id":679789,"href":"https:\/\/rothschenk.de\/cz\/wp-json\/wp\/v2\/posts\/679788\/revisions\/679789"}],"wp:attachment":[{"href":"https:\/\/rothschenk.de\/cz\/wp-json\/wp\/v2\/media?parent=679788"}],"wp:term":[{"taxonomy":"category","embeddable":true,"href":"https:\/\/rothschenk.de\/cz\/wp-json\/wp\/v2\/categories?post=679788"},{"taxonomy":"post_tag","embeddable":true,"href":"https:\/\/rothschenk.de\/cz\/wp-json\/wp\/v2\/tags?post=679788"}],"curies":[{"name":"wp","href":"https:\/\/api.w.org\/{rel}","templated":true}]}}