{"id":680035,"date":"2023-03-22T16:29:09","date_gmt":"2023-03-22T15:29:09","guid":{"rendered":"https:\/\/rothschenk.de\/prisna-zprava-vybor-pro-energetiku-a-zivotni-prostredi-ihk\/"},"modified":"2025-06-30T16:57:58","modified_gmt":"2025-06-30T14:57:58","slug":"prisna-zprava-vybor-pro-energetiku-a-zivotni-prostredi-ihk","status":"publish","type":"post","link":"https:\/\/rothschenk.de\/cz\/prisna-zprava-vybor-pro-energetiku-a-zivotni-prostredi-ihk\/","title":{"rendered":"P\u0158\u00cdSN\u00c1 ZPR\u00c1VA: V\u00fdbor pro energetiku a \u017eivotn\u00ed prost\u0159ed\u00ed IHK"},"content":{"rendered":"\n<div class=\"wp-block-columns is-layout-flex wp-container-core-columns-is-layout-28f84493 wp-block-columns-is-layout-flex\">\n<div class=\"wp-block-column is-layout-flow wp-block-column-is-layout-flow\" style=\"flex-basis:50%\">\n<p>Po na\u0161em medi\u00e1ln\u011b p\u0159\u00ednosn\u00e9m <a href=\"https:\/\/rothschenk.de\/ihk-interview-pionier-des-nachhaltigen-wirtschaftens\/\">\u010dl\u00e1nku na tituln\u00ed stran\u011b \u010dasopisu IWM Pr\u016fmyslov\u00e9 a obchodn\u00ed komory W\u00fcrzburg-Schweinfurt<\/a>n\u00e1sleduje dal\u0161\u00ed zaj\u00edmavost z Rothschenku.<\/p>\n\n\n\n<p>Jeden z na\u0161ich akcion\u00e1\u0159\u016f, J\u00fcrgen Schulte-Wieking, byl na zased\u00e1n\u00ed valn\u00e9 hromady IHK dne 16. b\u0159ezna 2023 jmenov\u00e1n \u010dlenem V\u00fdboru pro energetiku a \u017eivotn\u00ed prost\u0159ed\u00ed Pr\u016fmyslov\u00e9 a obchodn\u00ed komory W\u00fcrzburg-Schweinfurt. To znamen\u00e1, \u017ee bude pom\u00e1hat ovliv\u0148ovat osud IHK v t\u00e9to oblasti b\u011bhem volebn\u00edho obdob\u00ed 2023 a\u017e 2026. <\/p>\n<\/div>\n\n\n\n<div class=\"wp-block-column is-layout-flow wp-block-column-is-layout-flow\" style=\"flex-basis:50%\">\n<figure data-wp-context=\"{&quot;imageId&quot;:&quot;69f35670cc6e6&quot;}\" data-wp-interactive=\"core\/image\" data-wp-key=\"69f35670cc6e6\" class=\"wp-block-image aligncenter size-full is-resized wp-lightbox-container\"><img fetchpriority=\"high\" decoding=\"async\" width=\"600\" height=\"625\" data-wp-class--hide=\"state.isContentHidden\" data-wp-class--show=\"state.isContentVisible\" data-wp-init=\"callbacks.setButtonStyles\" data-wp-on--click=\"actions.showLightbox\" data-wp-on--load=\"callbacks.setButtonStyles\" data-wp-on-window--resize=\"callbacks.setButtonStyles\" src=\"https:\/\/rothschenk.de\/wp-content\/uploads\/2023\/03\/juergen_schulte_wieking_kandidiert_zur_ihk_wahl_vollversammlung_wuerzburg-2.jpg\" alt=\"\" class=\"wp-image-166130\" style=\"object-fit:contain;width:400px;height:300px\" srcset=\"https:\/\/rothschenk.de\/wp-content\/uploads\/2023\/03\/juergen_schulte_wieking_kandidiert_zur_ihk_wahl_vollversammlung_wuerzburg-2.jpg 600w, https:\/\/rothschenk.de\/wp-content\/uploads\/2023\/03\/juergen_schulte_wieking_kandidiert_zur_ihk_wahl_vollversammlung_wuerzburg-2-288x300.jpg 288w\" sizes=\"(max-width: 600px) 100vw, 600px\" \/><button\n\t\t\tclass=\"lightbox-trigger\"\n\t\t\ttype=\"button\"\n\t\t\taria-haspopup=\"dialog\"\n\t\t\taria-label=\"Zv\u011bt\u0161it\"\n\t\t\tdata-wp-init=\"callbacks.initTriggerButton\"\n\t\t\tdata-wp-on--click=\"actions.showLightbox\"\n\t\t\tdata-wp-style--right=\"state.imageButtonRight\"\n\t\t\tdata-wp-style--top=\"state.imageButtonTop\"\n\t\t>\n\t\t\t<svg xmlns=\"http:\/\/www.w3.org\/2000\/svg\" width=\"12\" height=\"12\" fill=\"none\" viewBox=\"0 0 12 12\">\n\t\t\t\t<path fill=\"#fff\" d=\"M2 0a2 2 0 0 0-2 2v2h1.5V2a.5.5 0 0 1 .5-.5h2V0H2Zm2 10.5H2a.5.5 0 0 1-.5-.5V8H0v2a2 2 0 0 0 2 2h2v-1.5ZM8 12v-1.5h2a.5.5 0 0 0 .5-.5V8H12v2a2 2 0 0 1-2 2H8Zm2-12a2 2 0 0 1 2 2v2h-1.5V2a.5.5 0 0 0-.5-.5H8V0h2Z\" \/>\n\t\t\t<\/svg>\n\t\t<\/button><\/figure>\n<\/div>\n<\/div>\n\n<p>Spole\u010dnost Rothschenk tak po <a href=\"https:\/\/rothschenk.de\/cs\/volby-do-ihk-rothschenk-na-valne-hromade\/\">pod\u00e1n\u00ed p\u0159ihl\u00e1\u0161ky do voleb IHK 2023<\/a> u\u010dinila dal\u0161\u00ed logick\u00fd krok a zd\u016fraznila sv\u016fj po\u017eadavek udr\u017eitelnost nejen hl\u00e1sat, ale tak\u00e9 aktivn\u011b \u017e\u00edt. To plat\u00ed nejen v r\u00e1mci podniku, ale d\u016fsledn\u011b ve v\u0161ech oblastech podnik\u00e1n\u00ed. <\/p>\n\n<p>J\u00fcrgen Schulte-Wieking m\u00e1 des\u00edtky let zku\u0161enost\u00ed s prac\u00ed v r\u016fzn\u00fdch v\u00fdborech, nap\u0159. v Hospod\u00e1\u0159sk\u00e9 komo\u0159e junior\u016f a senior\u016f. Podrobn\u011bj\u0161\u00ed popis jeho pr\u00e1ce najdete <a href=\"https:\/\/rothschenk.de\/cs\/volby-do-ihk-rothschenk-na-valne-hromade\/\">zde.<\/a> <\/p>\n\n<p>P\u0159ejeme mu, aby se mu v jeho zodpov\u011bdn\u00e9m \u00fakolu da\u0159ilo co nejl\u00e9pe.<\/p>\n\n<figure class=\"wp-block-gallery has-nested-images columns-default is-cropped wp-block-gallery-1 is-layout-flex wp-block-gallery-is-layout-flex\">\n<figure class=\"wp-block-image size-large\"><img decoding=\"async\" width=\"900\" height=\"600\" data-id=\"166127\" src=\"https:\/\/rothschenk.de\/wp-content\/uploads\/2023\/03\/ihk_interview_rothschenk_ladungssicherung_nachhaltigkeit_pionier_nachhaltiges_wachstum_iwm_magazin-21.jpg\" alt=\"\" class=\"wp-image-166127\" srcset=\"https:\/\/rothschenk.de\/wp-content\/uploads\/2023\/03\/ihk_interview_rothschenk_ladungssicherung_nachhaltigkeit_pionier_nachhaltiges_wachstum_iwm_magazin-21.jpg 900w, https:\/\/rothschenk.de\/wp-content\/uploads\/2023\/03\/ihk_interview_rothschenk_ladungssicherung_nachhaltigkeit_pionier_nachhaltiges_wachstum_iwm_magazin-21-300x200.jpg 300w, https:\/\/rothschenk.de\/wp-content\/uploads\/2023\/03\/ihk_interview_rothschenk_ladungssicherung_nachhaltigkeit_pionier_nachhaltiges_wachstum_iwm_magazin-21-768x512.jpg 768w, https:\/\/rothschenk.de\/wp-content\/uploads\/2023\/03\/ihk_interview_rothschenk_ladungssicherung_nachhaltigkeit_pionier_nachhaltiges_wachstum_iwm_magazin-21-600x400.jpg 600w\" sizes=\"(max-width: 900px) 100vw, 900px\" \/><\/figure>\n\n\n\n<figure class=\"wp-block-image size-large\"><img decoding=\"async\" width=\"900\" height=\"600\" data-id=\"166123\" src=\"https:\/\/rothschenk.de\/wp-content\/uploads\/2023\/03\/ihk_interview_rothschenk_ladungssicherung_nachhaltigkeit_pionier_nachhaltiges_wachstum_iwm_magazin-7.jpg\" alt=\"\" class=\"wp-image-166123\" srcset=\"https:\/\/rothschenk.de\/wp-content\/uploads\/2023\/03\/ihk_interview_rothschenk_ladungssicherung_nachhaltigkeit_pionier_nachhaltiges_wachstum_iwm_magazin-7.jpg 900w, https:\/\/rothschenk.de\/wp-content\/uploads\/2023\/03\/ihk_interview_rothschenk_ladungssicherung_nachhaltigkeit_pionier_nachhaltiges_wachstum_iwm_magazin-7-300x200.jpg 300w, https:\/\/rothschenk.de\/wp-content\/uploads\/2023\/03\/ihk_interview_rothschenk_ladungssicherung_nachhaltigkeit_pionier_nachhaltiges_wachstum_iwm_magazin-7-768x512.jpg 768w, https:\/\/rothschenk.de\/wp-content\/uploads\/2023\/03\/ihk_interview_rothschenk_ladungssicherung_nachhaltigkeit_pionier_nachhaltiges_wachstum_iwm_magazin-7-600x400.jpg 600w\" sizes=\"(max-width: 900px) 100vw, 900px\" \/><\/figure>\n<\/figure>\n\n<div style=\"height:35px\" aria-hidden=\"true\" class=\"wp-block-spacer\"><\/div>\n","protected":false},"excerpt":{"rendered":"<p>Po na\u0161em medi\u00e1ln\u011b p\u0159\u00ednosn\u00e9m \u010dl\u00e1nku na tituln\u00ed stran\u011b \u010dasopisu IWM Pr\u016fmyslov\u00e9 a obchodn\u00ed komory W\u00fcrzburg-Schweinfurtn\u00e1sleduje dal\u0161\u00ed zaj\u00edmavost z Rothschenku. Jeden z na\u0161ich akcion\u00e1\u0159\u016f, J\u00fcrgen Schulte-Wieking, byl na zased\u00e1n\u00ed valn\u00e9 hromady IHK dne 16. b\u0159ezna 2023 jmenov\u00e1n \u010dlenem V\u00fdboru pro energetiku a \u017eivotn\u00ed prost\u0159ed\u00ed Pr\u016fmyslov\u00e9 a obchodn\u00ed komory W\u00fcrzburg-Schweinfurt. To znamen\u00e1, \u017ee bude pom\u00e1hat ovliv\u0148ovat osud [&hellip;]<\/p>\n","protected":false},"author":1539,"featured_media":0,"comment_status":"open","ping_status":"closed","sticky":false,"template":"","format":"standard","meta":{"_acf_changed":false,"footnotes":""},"categories":[867],"tags":[],"class_list":["post-680035","post","type-post","status-publish","format-standard","hentry","category-rothschenk-novinky"],"acf":[],"yoast_head":"<!-- This site is optimized with the Yoast SEO plugin v27.5 - https:\/\/yoast.com\/product\/yoast-seo-wordpress\/ -->\n<title>Valn\u00e9 shrom\u00e1\u017ed\u011bn\u00ed IHK - Rothschenk - \u010dlen 2023 - 2026<\/title>\n<meta name=\"description\" content=\"Valn\u00e1 hromada IHK \u2714 Udr\u017eiteln\u00e9 \u0159\u00edzen\u00ed \u2714 V\u00fdbor pro energetiku a \u017eivotn\u00ed prost\u0159ed\u00ed nyn\u00ed zahrnuje i Rothschenk \u2714 Zjist\u011bte v\u00edce!\" \/>\n<meta name=\"robots\" content=\"index, follow, max-snippet:-1, max-image-preview:large, max-video-preview:-1\" \/>\n<link rel=\"canonical\" href=\"https:\/\/rothschenk.de\/cz\/prisna-zprava-vybor-pro-energetiku-a-zivotni-prostredi-ihk\/\" \/>\n<meta property=\"og:locale\" content=\"cs_CZ\" \/>\n<meta property=\"og:type\" content=\"article\" \/>\n<meta property=\"og:title\" content=\"Valn\u00e9 shrom\u00e1\u017ed\u011bn\u00ed IHK - Rothschenk - \u010dlen 2023 - 2026\" \/>\n<meta property=\"og:description\" content=\"Valn\u00e1 hromada IHK \u2714 Udr\u017eiteln\u00e9 \u0159\u00edzen\u00ed \u2714 V\u00fdbor pro energetiku a \u017eivotn\u00ed prost\u0159ed\u00ed nyn\u00ed zahrnuje i Rothschenk \u2714 Zjist\u011bte v\u00edce!\" \/>\n<meta property=\"og:url\" content=\"https:\/\/rothschenk.de\/cz\/prisna-zprava-vybor-pro-energetiku-a-zivotni-prostredi-ihk\/\" \/>\n<meta property=\"og:site_name\" content=\"Rothschenk\" \/>\n<meta property=\"article:publisher\" content=\"https:\/\/de-de.facebook.com\/FirmaRothschenk\/\" \/>\n<meta property=\"article:published_time\" content=\"2023-03-22T15:29:09+00:00\" \/>\n<meta property=\"article:modified_time\" content=\"2025-06-30T14:57:58+00:00\" \/>\n<meta property=\"og:image\" content=\"https:\/\/rothschenk.de\/wp-content\/uploads\/2023\/03\/juergen_schulte_wieking_kandidiert_zur_ihk_wahl_vollversammlung_wuerzburg-2.jpg\" \/>\n\t<meta property=\"og:image:width\" content=\"600\" \/>\n\t<meta property=\"og:image:height\" content=\"625\" \/>\n\t<meta property=\"og:image:type\" content=\"image\/jpeg\" \/>\n<meta name=\"author\" content=\"Rothschenk\" \/>\n<meta name=\"twitter:card\" content=\"summary_large_image\" \/>\n<meta name=\"twitter:label1\" content=\"Napsal(a)\" \/>\n\t<meta name=\"twitter:data1\" content=\"Rothschenk\" \/>\n\t<meta name=\"twitter:label2\" content=\"Odhadovan\u00e1 doba \u010dten\u00ed\" \/>\n\t<meta name=\"twitter:data2\" content=\"1 minuta\" \/>\n<script type=\"application\/ld+json\" class=\"yoast-schema-graph\">{\"@context\":\"https:\\\/\\\/schema.org\",\"@graph\":[{\"@type\":\"Article\",\"@id\":\"https:\\\/\\\/rothschenk.de\\\/cz\\\/prisna-zprava-vybor-pro-energetiku-a-zivotni-prostredi-ihk\\\/#article\",\"isPartOf\":{\"@id\":\"https:\\\/\\\/rothschenk.de\\\/cz\\\/prisna-zprava-vybor-pro-energetiku-a-zivotni-prostredi-ihk\\\/\"},\"author\":{\"name\":\"Rothschenk\",\"@id\":\"https:\\\/\\\/rothschenk.de\\\/cz\\\/#\\\/schema\\\/person\\\/e29bf5cc9df61e6c87f80cdf8ba1be93\"},\"headline\":\"P\u0158\u00cdSN\u00c1 ZPR\u00c1VA: V\u00fdbor pro energetiku a \u017eivotn\u00ed prost\u0159ed\u00ed IHK\",\"datePublished\":\"2023-03-22T15:29:09+00:00\",\"dateModified\":\"2025-06-30T14:57:58+00:00\",\"mainEntityOfPage\":{\"@id\":\"https:\\\/\\\/rothschenk.de\\\/cz\\\/prisna-zprava-vybor-pro-energetiku-a-zivotni-prostredi-ihk\\\/\"},\"wordCount\":198,\"commentCount\":0,\"image\":{\"@id\":\"https:\\\/\\\/rothschenk.de\\\/cz\\\/prisna-zprava-vybor-pro-energetiku-a-zivotni-prostredi-ihk\\\/#primaryimage\"},\"thumbnailUrl\":\"https:\\\/\\\/rothschenk.de\\\/wp-content\\\/uploads\\\/2023\\\/03\\\/juergen_schulte_wieking_kandidiert_zur_ihk_wahl_vollversammlung_wuerzburg-2.jpg\",\"articleSection\":[\"Rothschenk Novinky\"],\"inLanguage\":\"cs\",\"potentialAction\":[{\"@type\":\"CommentAction\",\"name\":\"Comment\",\"target\":[\"https:\\\/\\\/rothschenk.de\\\/cz\\\/prisna-zprava-vybor-pro-energetiku-a-zivotni-prostredi-ihk\\\/#respond\"]}]},{\"@type\":\"WebPage\",\"@id\":\"https:\\\/\\\/rothschenk.de\\\/cz\\\/prisna-zprava-vybor-pro-energetiku-a-zivotni-prostredi-ihk\\\/\",\"url\":\"https:\\\/\\\/rothschenk.de\\\/cz\\\/prisna-zprava-vybor-pro-energetiku-a-zivotni-prostredi-ihk\\\/\",\"name\":\"Valn\u00e9 shrom\u00e1\u017ed\u011bn\u00ed IHK - Rothschenk - \u010dlen 2023 - 2026\",\"isPartOf\":{\"@id\":\"https:\\\/\\\/rothschenk.de\\\/cz\\\/#website\"},\"primaryImageOfPage\":{\"@id\":\"https:\\\/\\\/rothschenk.de\\\/cz\\\/prisna-zprava-vybor-pro-energetiku-a-zivotni-prostredi-ihk\\\/#primaryimage\"},\"image\":{\"@id\":\"https:\\\/\\\/rothschenk.de\\\/cz\\\/prisna-zprava-vybor-pro-energetiku-a-zivotni-prostredi-ihk\\\/#primaryimage\"},\"thumbnailUrl\":\"https:\\\/\\\/rothschenk.de\\\/wp-content\\\/uploads\\\/2023\\\/03\\\/juergen_schulte_wieking_kandidiert_zur_ihk_wahl_vollversammlung_wuerzburg-2.jpg\",\"datePublished\":\"2023-03-22T15:29:09+00:00\",\"dateModified\":\"2025-06-30T14:57:58+00:00\",\"author\":{\"@id\":\"https:\\\/\\\/rothschenk.de\\\/cz\\\/#\\\/schema\\\/person\\\/e29bf5cc9df61e6c87f80cdf8ba1be93\"},\"description\":\"Valn\u00e1 hromada IHK \u2714 Udr\u017eiteln\u00e9 \u0159\u00edzen\u00ed \u2714 V\u00fdbor pro energetiku a \u017eivotn\u00ed prost\u0159ed\u00ed nyn\u00ed zahrnuje i Rothschenk \u2714 Zjist\u011bte v\u00edce!\",\"breadcrumb\":{\"@id\":\"https:\\\/\\\/rothschenk.de\\\/cz\\\/prisna-zprava-vybor-pro-energetiku-a-zivotni-prostredi-ihk\\\/#breadcrumb\"},\"inLanguage\":\"cs\",\"potentialAction\":[{\"@type\":\"ReadAction\",\"target\":[\"https:\\\/\\\/rothschenk.de\\\/cz\\\/prisna-zprava-vybor-pro-energetiku-a-zivotni-prostredi-ihk\\\/\"]}]},{\"@type\":\"ImageObject\",\"inLanguage\":\"cs\",\"@id\":\"https:\\\/\\\/rothschenk.de\\\/cz\\\/prisna-zprava-vybor-pro-energetiku-a-zivotni-prostredi-ihk\\\/#primaryimage\",\"url\":\"https:\\\/\\\/rothschenk.de\\\/wp-content\\\/uploads\\\/2023\\\/03\\\/juergen_schulte_wieking_kandidiert_zur_ihk_wahl_vollversammlung_wuerzburg-2.jpg\",\"contentUrl\":\"https:\\\/\\\/rothschenk.de\\\/wp-content\\\/uploads\\\/2023\\\/03\\\/juergen_schulte_wieking_kandidiert_zur_ihk_wahl_vollversammlung_wuerzburg-2.jpg\"},{\"@type\":\"BreadcrumbList\",\"@id\":\"https:\\\/\\\/rothschenk.de\\\/cz\\\/prisna-zprava-vybor-pro-energetiku-a-zivotni-prostredi-ihk\\\/#breadcrumb\",\"itemListElement\":[{\"@type\":\"ListItem\",\"position\":1,\"name\":\"Domovsk\u00e1 str\u00e1nka\",\"item\":\"https:\\\/\\\/rothschenk.de\\\/cz\\\/domovska-stranka\\\/\"},{\"@type\":\"ListItem\",\"position\":2,\"name\":\"P\u0158\u00cdSN\u00c1 ZPR\u00c1VA: V\u00fdbor pro energetiku a \u017eivotn\u00ed prost\u0159ed\u00ed IHK\"}]},{\"@type\":\"WebSite\",\"@id\":\"https:\\\/\\\/rothschenk.de\\\/cz\\\/#website\",\"url\":\"https:\\\/\\\/rothschenk.de\\\/cz\\\/\",\"name\":\"Rothschenk - Der Online Shop f\u00fcr Ladungssicherung\",\"description\":\"Der Online Shop f\u00fcr Ladungssicherung\",\"potentialAction\":[{\"@type\":\"SearchAction\",\"target\":{\"@type\":\"EntryPoint\",\"urlTemplate\":\"https:\\\/\\\/rothschenk.de\\\/cz\\\/?s={search_term_string}\"},\"query-input\":{\"@type\":\"PropertyValueSpecification\",\"valueRequired\":true,\"valueName\":\"search_term_string\"}}],\"inLanguage\":\"cs\"},{\"@type\":\"Person\",\"@id\":\"https:\\\/\\\/rothschenk.de\\\/cz\\\/#\\\/schema\\\/person\\\/e29bf5cc9df61e6c87f80cdf8ba1be93\",\"name\":\"Rothschenk\",\"image\":{\"@type\":\"ImageObject\",\"inLanguage\":\"cs\",\"@id\":\"https:\\\/\\\/rothschenk.de\\\/wp-content\\\/uploads\\\/2024\\\/03\\\/cropped-cropped-Rothschenk-logo-ladungssicherung-1-96x96.png\",\"url\":\"https:\\\/\\\/rothschenk.de\\\/wp-content\\\/uploads\\\/2024\\\/03\\\/cropped-cropped-Rothschenk-logo-ladungssicherung-1-96x96.png\",\"contentUrl\":\"https:\\\/\\\/rothschenk.de\\\/wp-content\\\/uploads\\\/2024\\\/03\\\/cropped-cropped-Rothschenk-logo-ladungssicherung-1-96x96.png\",\"caption\":\"Rothschenk\"},\"description\":\"\u2714 Profi in der Beratung \u2714 Profi an der Laderampe \u2714 Profi bei der Abwicklung Ihrer W\u00fcnsche \u2714 Ladungssicherung Made in Germany\",\"url\":\"https:\\\/\\\/rothschenk.de\\\/cz\\\/author\\\/rothschenk\\\/\"}]}<\/script>\n<!-- \/ Yoast SEO plugin. -->","yoast_head_json":{"title":"Valn\u00e9 shrom\u00e1\u017ed\u011bn\u00ed IHK - Rothschenk - \u010dlen 2023 - 2026","description":"Valn\u00e1 hromada IHK \u2714 Udr\u017eiteln\u00e9 \u0159\u00edzen\u00ed \u2714 V\u00fdbor pro energetiku a \u017eivotn\u00ed prost\u0159ed\u00ed nyn\u00ed zahrnuje i Rothschenk \u2714 Zjist\u011bte v\u00edce!","robots":{"index":"index","follow":"follow","max-snippet":"max-snippet:-1","max-image-preview":"max-image-preview:large","max-video-preview":"max-video-preview:-1"},"canonical":"https:\/\/rothschenk.de\/cz\/prisna-zprava-vybor-pro-energetiku-a-zivotni-prostredi-ihk\/","og_locale":"cs_CZ","og_type":"article","og_title":"Valn\u00e9 shrom\u00e1\u017ed\u011bn\u00ed IHK - Rothschenk - \u010dlen 2023 - 2026","og_description":"Valn\u00e1 hromada IHK \u2714 Udr\u017eiteln\u00e9 \u0159\u00edzen\u00ed \u2714 V\u00fdbor pro energetiku a \u017eivotn\u00ed prost\u0159ed\u00ed nyn\u00ed zahrnuje i Rothschenk \u2714 Zjist\u011bte v\u00edce!","og_url":"https:\/\/rothschenk.de\/cz\/prisna-zprava-vybor-pro-energetiku-a-zivotni-prostredi-ihk\/","og_site_name":"Rothschenk","article_publisher":"https:\/\/de-de.facebook.com\/FirmaRothschenk\/","article_published_time":"2023-03-22T15:29:09+00:00","article_modified_time":"2025-06-30T14:57:58+00:00","og_image":[{"width":600,"height":625,"url":"https:\/\/rothschenk.de\/wp-content\/uploads\/2023\/03\/juergen_schulte_wieking_kandidiert_zur_ihk_wahl_vollversammlung_wuerzburg-2.jpg","type":"image\/jpeg"}],"author":"Rothschenk","twitter_card":"summary_large_image","twitter_misc":{"Napsal(a)":"Rothschenk","Odhadovan\u00e1 doba \u010dten\u00ed":"1 minuta"},"schema":{"@context":"https:\/\/schema.org","@graph":[{"@type":"Article","@id":"https:\/\/rothschenk.de\/cz\/prisna-zprava-vybor-pro-energetiku-a-zivotni-prostredi-ihk\/#article","isPartOf":{"@id":"https:\/\/rothschenk.de\/cz\/prisna-zprava-vybor-pro-energetiku-a-zivotni-prostredi-ihk\/"},"author":{"name":"Rothschenk","@id":"https:\/\/rothschenk.de\/cz\/#\/schema\/person\/e29bf5cc9df61e6c87f80cdf8ba1be93"},"headline":"P\u0158\u00cdSN\u00c1 ZPR\u00c1VA: V\u00fdbor pro energetiku a \u017eivotn\u00ed prost\u0159ed\u00ed IHK","datePublished":"2023-03-22T15:29:09+00:00","dateModified":"2025-06-30T14:57:58+00:00","mainEntityOfPage":{"@id":"https:\/\/rothschenk.de\/cz\/prisna-zprava-vybor-pro-energetiku-a-zivotni-prostredi-ihk\/"},"wordCount":198,"commentCount":0,"image":{"@id":"https:\/\/rothschenk.de\/cz\/prisna-zprava-vybor-pro-energetiku-a-zivotni-prostredi-ihk\/#primaryimage"},"thumbnailUrl":"https:\/\/rothschenk.de\/wp-content\/uploads\/2023\/03\/juergen_schulte_wieking_kandidiert_zur_ihk_wahl_vollversammlung_wuerzburg-2.jpg","articleSection":["Rothschenk Novinky"],"inLanguage":"cs","potentialAction":[{"@type":"CommentAction","name":"Comment","target":["https:\/\/rothschenk.de\/cz\/prisna-zprava-vybor-pro-energetiku-a-zivotni-prostredi-ihk\/#respond"]}]},{"@type":"WebPage","@id":"https:\/\/rothschenk.de\/cz\/prisna-zprava-vybor-pro-energetiku-a-zivotni-prostredi-ihk\/","url":"https:\/\/rothschenk.de\/cz\/prisna-zprava-vybor-pro-energetiku-a-zivotni-prostredi-ihk\/","name":"Valn\u00e9 shrom\u00e1\u017ed\u011bn\u00ed IHK - Rothschenk - \u010dlen 2023 - 2026","isPartOf":{"@id":"https:\/\/rothschenk.de\/cz\/#website"},"primaryImageOfPage":{"@id":"https:\/\/rothschenk.de\/cz\/prisna-zprava-vybor-pro-energetiku-a-zivotni-prostredi-ihk\/#primaryimage"},"image":{"@id":"https:\/\/rothschenk.de\/cz\/prisna-zprava-vybor-pro-energetiku-a-zivotni-prostredi-ihk\/#primaryimage"},"thumbnailUrl":"https:\/\/rothschenk.de\/wp-content\/uploads\/2023\/03\/juergen_schulte_wieking_kandidiert_zur_ihk_wahl_vollversammlung_wuerzburg-2.jpg","datePublished":"2023-03-22T15:29:09+00:00","dateModified":"2025-06-30T14:57:58+00:00","author":{"@id":"https:\/\/rothschenk.de\/cz\/#\/schema\/person\/e29bf5cc9df61e6c87f80cdf8ba1be93"},"description":"Valn\u00e1 hromada IHK \u2714 Udr\u017eiteln\u00e9 \u0159\u00edzen\u00ed \u2714 V\u00fdbor pro energetiku a \u017eivotn\u00ed prost\u0159ed\u00ed nyn\u00ed zahrnuje i Rothschenk \u2714 Zjist\u011bte v\u00edce!","breadcrumb":{"@id":"https:\/\/rothschenk.de\/cz\/prisna-zprava-vybor-pro-energetiku-a-zivotni-prostredi-ihk\/#breadcrumb"},"inLanguage":"cs","potentialAction":[{"@type":"ReadAction","target":["https:\/\/rothschenk.de\/cz\/prisna-zprava-vybor-pro-energetiku-a-zivotni-prostredi-ihk\/"]}]},{"@type":"ImageObject","inLanguage":"cs","@id":"https:\/\/rothschenk.de\/cz\/prisna-zprava-vybor-pro-energetiku-a-zivotni-prostredi-ihk\/#primaryimage","url":"https:\/\/rothschenk.de\/wp-content\/uploads\/2023\/03\/juergen_schulte_wieking_kandidiert_zur_ihk_wahl_vollversammlung_wuerzburg-2.jpg","contentUrl":"https:\/\/rothschenk.de\/wp-content\/uploads\/2023\/03\/juergen_schulte_wieking_kandidiert_zur_ihk_wahl_vollversammlung_wuerzburg-2.jpg"},{"@type":"BreadcrumbList","@id":"https:\/\/rothschenk.de\/cz\/prisna-zprava-vybor-pro-energetiku-a-zivotni-prostredi-ihk\/#breadcrumb","itemListElement":[{"@type":"ListItem","position":1,"name":"Domovsk\u00e1 str\u00e1nka","item":"https:\/\/rothschenk.de\/cz\/domovska-stranka\/"},{"@type":"ListItem","position":2,"name":"P\u0158\u00cdSN\u00c1 ZPR\u00c1VA: V\u00fdbor pro energetiku a \u017eivotn\u00ed prost\u0159ed\u00ed IHK"}]},{"@type":"WebSite","@id":"https:\/\/rothschenk.de\/cz\/#website","url":"https:\/\/rothschenk.de\/cz\/","name":"Rothschenk - Der Online Shop f\u00fcr Ladungssicherung","description":"Der Online Shop f\u00fcr Ladungssicherung","potentialAction":[{"@type":"SearchAction","target":{"@type":"EntryPoint","urlTemplate":"https:\/\/rothschenk.de\/cz\/?s={search_term_string}"},"query-input":{"@type":"PropertyValueSpecification","valueRequired":true,"valueName":"search_term_string"}}],"inLanguage":"cs"},{"@type":"Person","@id":"https:\/\/rothschenk.de\/cz\/#\/schema\/person\/e29bf5cc9df61e6c87f80cdf8ba1be93","name":"Rothschenk","image":{"@type":"ImageObject","inLanguage":"cs","@id":"https:\/\/rothschenk.de\/wp-content\/uploads\/2024\/03\/cropped-cropped-Rothschenk-logo-ladungssicherung-1-96x96.png","url":"https:\/\/rothschenk.de\/wp-content\/uploads\/2024\/03\/cropped-cropped-Rothschenk-logo-ladungssicherung-1-96x96.png","contentUrl":"https:\/\/rothschenk.de\/wp-content\/uploads\/2024\/03\/cropped-cropped-Rothschenk-logo-ladungssicherung-1-96x96.png","caption":"Rothschenk"},"description":"\u2714 Profi in der Beratung \u2714 Profi an der Laderampe \u2714 Profi bei der Abwicklung Ihrer W\u00fcnsche \u2714 Ladungssicherung Made in Germany","url":"https:\/\/rothschenk.de\/cz\/author\/rothschenk\/"}]}},"_links":{"self":[{"href":"https:\/\/rothschenk.de\/cz\/wp-json\/wp\/v2\/posts\/680035","targetHints":{"allow":["GET"]}}],"collection":[{"href":"https:\/\/rothschenk.de\/cz\/wp-json\/wp\/v2\/posts"}],"about":[{"href":"https:\/\/rothschenk.de\/cz\/wp-json\/wp\/v2\/types\/post"}],"author":[{"embeddable":true,"href":"https:\/\/rothschenk.de\/cz\/wp-json\/wp\/v2\/users\/1539"}],"replies":[{"embeddable":true,"href":"https:\/\/rothschenk.de\/cz\/wp-json\/wp\/v2\/comments?post=680035"}],"version-history":[{"count":1,"href":"https:\/\/rothschenk.de\/cz\/wp-json\/wp\/v2\/posts\/680035\/revisions"}],"predecessor-version":[{"id":680038,"href":"https:\/\/rothschenk.de\/cz\/wp-json\/wp\/v2\/posts\/680035\/revisions\/680038"}],"wp:attachment":[{"href":"https:\/\/rothschenk.de\/cz\/wp-json\/wp\/v2\/media?parent=680035"}],"wp:term":[{"taxonomy":"category","embeddable":true,"href":"https:\/\/rothschenk.de\/cz\/wp-json\/wp\/v2\/categories?post=680035"},{"taxonomy":"post_tag","embeddable":true,"href":"https:\/\/rothschenk.de\/cz\/wp-json\/wp\/v2\/tags?post=680035"}],"curies":[{"name":"wp","href":"https:\/\/api.w.org\/{rel}","templated":true}]}}