{"id":680306,"date":"2023-11-06T14:15:49","date_gmt":"2023-11-06T13:15:49","guid":{"rendered":"https:\/\/rothschenk.de\/epizoda-37-rozlozeni-nakladu-na-nakladnich-vozidlech-jak-spravne-vypocitat-hodnoty\/"},"modified":"2025-06-30T16:59:46","modified_gmt":"2025-06-30T14:59:46","slug":"epizoda-37-rozlozeni-nakladu-na-nakladnich-vozidlech-jak-spravne-vypocitat-hodnoty","status":"publish","type":"post","link":"https:\/\/rothschenk.de\/cz\/epizoda-37-rozlozeni-nakladu-na-nakladnich-vozidlech-jak-spravne-vypocitat-hodnoty\/","title":{"rendered":"Epizoda 37: Rozlo\u017een\u00ed n\u00e1kladu na n\u00e1kladn\u00edch vozidlech &#8211; jak spr\u00e1vn\u011b vypo\u010d\u00edtat hodnoty?"},"content":{"rendered":"\n<p>Rozlo\u017een\u00ed n\u00e1kladu na n\u00e1kladn\u00edch vozidlech opakovan\u011b p\u0159edstavuje pro \u0159idi\u010de i naklada\u010de velkou v\u00fdzvu, ke kter\u00e9 se \u010dasto p\u0159istupuje s &#8222;polovi\u010dn\u00edmi znalostmi&#8220;.<\/p>\n\n<p>Pokud m\u00e1te z\u00e1kladn\u00ed znalosti fyziky, lze tento probl\u00e9m vy\u0159e\u0161it pom\u011brn\u011b snadno.<\/p>\n\n<div style=\"height:35px\" aria-hidden=\"true\" class=\"wp-block-spacer\"><\/div>\n\n<h2 class=\"wp-block-heading\">Vizualizace rozlo\u017een\u00ed zat\u00ed\u017een\u00ed<\/h2>\n\n<div class=\"wp-block-columns is-layout-flex wp-container-core-columns-is-layout-28f84493 wp-block-columns-is-layout-flex\">\n<div class=\"wp-block-column is-layout-flow wp-block-column-is-layout-flow\">\n<figure data-wp-context=\"{&quot;imageId&quot;:&quot;69f0867e1dba1&quot;}\" data-wp-interactive=\"core\/image\" data-wp-key=\"69f0867e1dba1\" class=\"wp-block-image size-full wp-lightbox-container\"><img fetchpriority=\"high\" decoding=\"async\" width=\"799\" height=\"634\" data-wp-class--hide=\"state.isContentHidden\" data-wp-class--show=\"state.isContentVisible\" data-wp-init=\"callbacks.setButtonStyles\" data-wp-on--click=\"actions.showLightbox\" data-wp-on--load=\"callbacks.setButtonStyles\" data-wp-on-window--resize=\"callbacks.setButtonStyles\" src=\"https:\/\/rothschenk.de\/wp-content\/uploads\/2023\/11\/lastenverteilung-am-lkw-lasi-blog-sigurd-ehringer-rothschenk-ladungssicherung.jpg\" alt=\"\" class=\"wp-image-153701\" style=\"aspect-ratio:4\/3;object-fit:cover\" srcset=\"https:\/\/rothschenk.de\/wp-content\/uploads\/2023\/11\/lastenverteilung-am-lkw-lasi-blog-sigurd-ehringer-rothschenk-ladungssicherung.jpg 799w, https:\/\/rothschenk.de\/wp-content\/uploads\/2023\/11\/lastenverteilung-am-lkw-lasi-blog-sigurd-ehringer-rothschenk-ladungssicherung-300x238.jpg 300w, https:\/\/rothschenk.de\/wp-content\/uploads\/2023\/11\/lastenverteilung-am-lkw-lasi-blog-sigurd-ehringer-rothschenk-ladungssicherung-768x609.jpg 768w, https:\/\/rothschenk.de\/wp-content\/uploads\/2023\/11\/lastenverteilung-am-lkw-lasi-blog-sigurd-ehringer-rothschenk-ladungssicherung-600x476.jpg 600w\" sizes=\"(max-width: 799px) 100vw, 799px\" \/><button\n\t\t\tclass=\"lightbox-trigger\"\n\t\t\ttype=\"button\"\n\t\t\taria-haspopup=\"dialog\"\n\t\t\taria-label=\"Zv\u011bt\u0161it\"\n\t\t\tdata-wp-init=\"callbacks.initTriggerButton\"\n\t\t\tdata-wp-on--click=\"actions.showLightbox\"\n\t\t\tdata-wp-style--right=\"state.imageButtonRight\"\n\t\t\tdata-wp-style--top=\"state.imageButtonTop\"\n\t\t>\n\t\t\t<svg xmlns=\"http:\/\/www.w3.org\/2000\/svg\" width=\"12\" height=\"12\" fill=\"none\" viewBox=\"0 0 12 12\">\n\t\t\t\t<path fill=\"#fff\" d=\"M2 0a2 2 0 0 0-2 2v2h1.5V2a.5.5 0 0 1 .5-.5h2V0H2Zm2 10.5H2a.5.5 0 0 1-.5-.5V8H0v2a2 2 0 0 0 2 2h2v-1.5ZM8 12v-1.5h2a.5.5 0 0 0 .5-.5V8H12v2a2 2 0 0 1-2 2H8Zm2-12a2 2 0 0 1 2 2v2h-1.5V2a.5.5 0 0 0-.5-.5H8V0h2Z\" \/>\n\t\t\t<\/svg>\n\t\t<\/button><\/figure>\n\n\n\n<p>Nejjednodu\u0161\u0161\u00ed je p\u0159edstavit si, \u017ee n\u00e1kladn\u00ed automobil stoj\u00ed sv\u00fdmi n\u00e1pravami na v\u00e1ze.<\/p>\n\n\n\n<p>Pokud je rozlo\u017een\u00ed zat\u00ed\u017een\u00ed spr\u00e1vn\u00e9, je ru\u010di\u010dka stupnice na nule nebo ve st\u0159edu.<\/p>\n<\/div>\n\n\n\n<div class=\"wp-block-column is-layout-flow wp-block-column-is-layout-flow\">\n<figure data-wp-context=\"{&quot;imageId&quot;:&quot;69f0867e1e5ce&quot;}\" data-wp-interactive=\"core\/image\" data-wp-key=\"69f0867e1e5ce\" class=\"wp-block-image size-full wp-lightbox-container\"><img decoding=\"async\" width=\"801\" height=\"680\" data-wp-class--hide=\"state.isContentHidden\" data-wp-class--show=\"state.isContentVisible\" data-wp-init=\"callbacks.setButtonStyles\" data-wp-on--click=\"actions.showLightbox\" data-wp-on--load=\"callbacks.setButtonStyles\" data-wp-on-window--resize=\"callbacks.setButtonStyles\" src=\"https:\/\/rothschenk.de\/wp-content\/uploads\/2023\/11\/lastenverteilung-am-lkw-lasi-blog-sigurd-ehringer-rothschenk-ladungssicherung-1.jpg\" alt=\"\" class=\"wp-image-153667\" style=\"aspect-ratio:4\/3;object-fit:cover\" srcset=\"https:\/\/rothschenk.de\/wp-content\/uploads\/2023\/11\/lastenverteilung-am-lkw-lasi-blog-sigurd-ehringer-rothschenk-ladungssicherung-1.jpg 801w, https:\/\/rothschenk.de\/wp-content\/uploads\/2023\/11\/lastenverteilung-am-lkw-lasi-blog-sigurd-ehringer-rothschenk-ladungssicherung-1-300x255.jpg 300w, https:\/\/rothschenk.de\/wp-content\/uploads\/2023\/11\/lastenverteilung-am-lkw-lasi-blog-sigurd-ehringer-rothschenk-ladungssicherung-1-768x652.jpg 768w, https:\/\/rothschenk.de\/wp-content\/uploads\/2023\/11\/lastenverteilung-am-lkw-lasi-blog-sigurd-ehringer-rothschenk-ladungssicherung-1-600x509.jpg 600w\" sizes=\"(max-width: 801px) 100vw, 801px\" \/><button\n\t\t\tclass=\"lightbox-trigger\"\n\t\t\ttype=\"button\"\n\t\t\taria-haspopup=\"dialog\"\n\t\t\taria-label=\"Zv\u011bt\u0161it\"\n\t\t\tdata-wp-init=\"callbacks.initTriggerButton\"\n\t\t\tdata-wp-on--click=\"actions.showLightbox\"\n\t\t\tdata-wp-style--right=\"state.imageButtonRight\"\n\t\t\tdata-wp-style--top=\"state.imageButtonTop\"\n\t\t>\n\t\t\t<svg xmlns=\"http:\/\/www.w3.org\/2000\/svg\" width=\"12\" height=\"12\" fill=\"none\" viewBox=\"0 0 12 12\">\n\t\t\t\t<path fill=\"#fff\" d=\"M2 0a2 2 0 0 0-2 2v2h1.5V2a.5.5 0 0 1 .5-.5h2V0H2Zm2 10.5H2a.5.5 0 0 1-.5-.5V8H0v2a2 2 0 0 0 2 2h2v-1.5ZM8 12v-1.5h2a.5.5 0 0 0 .5-.5V8H12v2a2 2 0 0 1-2 2H8Zm2-12a2 2 0 0 1 2 2v2h-1.5V2a.5.5 0 0 0-.5-.5H8V0h2Z\" \/>\n\t\t\t<\/svg>\n\t\t<\/button><\/figure>\n\n\n\n<p>Pokud by byla p\u0159edn\u00ed n\u00e1prava p\u0159et\u00ed\u017een\u00e1, lev\u00e1 p\u00e1nev by se sn\u00ed\u017eila a prav\u00e1 zvedla. To by byl jasn\u00fd d\u016fsledek nespr\u00e1vn\u00e9ho rozlo\u017een\u00ed zat\u00ed\u017een\u00ed. <\/p>\n\n\n\n<p>Cel\u00e1 v\u011bc by se samoz\u0159ejm\u011b obr\u00e1tila, kdyby byla zadn\u00ed n\u00e1prava p\u0159et\u00ed\u017een\u00e1.<\/p>\n<\/div>\n<\/div>\n\n<div style=\"height:35px\" aria-hidden=\"true\" class=\"wp-block-spacer\"><\/div>\n\n<div class=\"wp-block-columns is-layout-flex wp-container-core-columns-is-layout-28f84493 wp-block-columns-is-layout-flex\">\n<div class=\"wp-block-column is-layout-flow wp-block-column-is-layout-flow\" style=\"flex-basis:50%\">\n<figure data-wp-context=\"{&quot;imageId&quot;:&quot;69f0867e1eafc&quot;}\" data-wp-interactive=\"core\/image\" data-wp-key=\"69f0867e1eafc\" class=\"wp-block-image aligncenter size-full is-resized wp-lightbox-container\"><img decoding=\"async\" width=\"758\" height=\"486\" data-wp-class--hide=\"state.isContentHidden\" data-wp-class--show=\"state.isContentVisible\" data-wp-init=\"callbacks.setButtonStyles\" data-wp-on--click=\"actions.showLightbox\" data-wp-on--load=\"callbacks.setButtonStyles\" data-wp-on-window--resize=\"callbacks.setButtonStyles\" src=\"https:\/\/rothschenk.de\/wp-content\/uploads\/2023\/11\/lastenverteilung-am-lkw-lasi-blog-sigurd-ehringer-rothschenk-ladungssicherung-2.jpg\" alt=\"\" class=\"wp-image-153670\" style=\"object-fit:contain;width:400px;height:300px\" srcset=\"https:\/\/rothschenk.de\/wp-content\/uploads\/2023\/11\/lastenverteilung-am-lkw-lasi-blog-sigurd-ehringer-rothschenk-ladungssicherung-2.jpg 758w, https:\/\/rothschenk.de\/wp-content\/uploads\/2023\/11\/lastenverteilung-am-lkw-lasi-blog-sigurd-ehringer-rothschenk-ladungssicherung-2-300x192.jpg 300w, https:\/\/rothschenk.de\/wp-content\/uploads\/2023\/11\/lastenverteilung-am-lkw-lasi-blog-sigurd-ehringer-rothschenk-ladungssicherung-2-600x385.jpg 600w\" sizes=\"(max-width: 758px) 100vw, 758px\" \/><button\n\t\t\tclass=\"lightbox-trigger\"\n\t\t\ttype=\"button\"\n\t\t\taria-haspopup=\"dialog\"\n\t\t\taria-label=\"Zv\u011bt\u0161it\"\n\t\t\tdata-wp-init=\"callbacks.initTriggerButton\"\n\t\t\tdata-wp-on--click=\"actions.showLightbox\"\n\t\t\tdata-wp-style--right=\"state.imageButtonRight\"\n\t\t\tdata-wp-style--top=\"state.imageButtonTop\"\n\t\t>\n\t\t\t<svg xmlns=\"http:\/\/www.w3.org\/2000\/svg\" width=\"12\" height=\"12\" fill=\"none\" viewBox=\"0 0 12 12\">\n\t\t\t\t<path fill=\"#fff\" d=\"M2 0a2 2 0 0 0-2 2v2h1.5V2a.5.5 0 0 1 .5-.5h2V0H2Zm2 10.5H2a.5.5 0 0 1-.5-.5V8H0v2a2 2 0 0 0 2 2h2v-1.5ZM8 12v-1.5h2a.5.5 0 0 0 .5-.5V8H12v2a2 2 0 0 1-2 2H8Zm2-12a2 2 0 0 1 2 2v2h-1.5V2a.5.5 0 0 0-.5-.5H8V0h2Z\" \/>\n\t\t\t<\/svg>\n\t\t<\/button><\/figure>\n<\/div>\n\n\n\n<div class=\"wp-block-column is-layout-flow wp-block-column-is-layout-flow\" style=\"flex-basis:50%\">\n<p>Tento z\u00e1kladn\u00ed princip aplikovan\u00fd na n\u00e1v\u011bs lze zjednodu\u0161it p\u0159id\u00e1n\u00edm dal\u0161\u00ed v\u00e1hy na levou v\u00e1hovou misku, na kter\u00e9 spo\u010d\u00edv\u00e1 \u0159\u00eddic\u00ed a hnac\u00ed n\u00e1prava.<\/p>\n<\/div>\n<\/div>\n\n<div style=\"height:35px\" aria-hidden=\"true\" class=\"wp-block-spacer\"><\/div>\n\n<div class=\"wp-block-columns has-black-color has-text-color has-background has-link-color wp-elements-7129fde52154087234e5aee182213201 is-layout-flex wp-container-core-columns-is-layout-28f84493 wp-block-columns-is-layout-flex\" style=\"background-color:#f5f5f5\">\n<div class=\"wp-block-column is-vertically-aligned-center is-layout-flow wp-block-column-is-layout-flow\">\n<figure data-wp-context=\"{&quot;imageId&quot;:&quot;69f0867e1f4ee&quot;}\" data-wp-interactive=\"core\/image\" data-wp-key=\"69f0867e1f4ee\" class=\"wp-block-image size-medium wp-lightbox-container\"><img loading=\"lazy\" decoding=\"async\" width=\"300\" height=\"300\" data-wp-class--hide=\"state.isContentHidden\" data-wp-class--show=\"state.isContentVisible\" data-wp-init=\"callbacks.setButtonStyles\" data-wp-on--click=\"actions.showLightbox\" data-wp-on--load=\"callbacks.setButtonStyles\" data-wp-on-window--resize=\"callbacks.setButtonStyles\" src=\"https:\/\/rothschenk.de\/wp-content\/uploads\/2024\/03\/info-icon-rothschenk-schwarz-300x300.png\" alt=\"\" class=\"wp-image-146591\" srcset=\"https:\/\/rothschenk.de\/wp-content\/uploads\/2024\/03\/info-icon-rothschenk-schwarz-300x300.png 300w, https:\/\/rothschenk.de\/wp-content\/uploads\/2024\/03\/info-icon-rothschenk-schwarz-150x150.png 150w, https:\/\/rothschenk.de\/wp-content\/uploads\/2024\/03\/info-icon-rothschenk-schwarz-768x768.png 768w, https:\/\/rothschenk.de\/wp-content\/uploads\/2024\/03\/info-icon-rothschenk-schwarz-600x600.png 600w, https:\/\/rothschenk.de\/wp-content\/uploads\/2024\/03\/info-icon-rothschenk-schwarz-100x100.png 100w, https:\/\/rothschenk.de\/wp-content\/uploads\/2024\/03\/info-icon-rothschenk-schwarz.png 1024w\" sizes=\"(max-width: 300px) 100vw, 300px\" \/><button\n\t\t\tclass=\"lightbox-trigger\"\n\t\t\ttype=\"button\"\n\t\t\taria-haspopup=\"dialog\"\n\t\t\taria-label=\"Zv\u011bt\u0161it\"\n\t\t\tdata-wp-init=\"callbacks.initTriggerButton\"\n\t\t\tdata-wp-on--click=\"actions.showLightbox\"\n\t\t\tdata-wp-style--right=\"state.imageButtonRight\"\n\t\t\tdata-wp-style--top=\"state.imageButtonTop\"\n\t\t>\n\t\t\t<svg xmlns=\"http:\/\/www.w3.org\/2000\/svg\" width=\"12\" height=\"12\" fill=\"none\" viewBox=\"0 0 12 12\">\n\t\t\t\t<path fill=\"#fff\" d=\"M2 0a2 2 0 0 0-2 2v2h1.5V2a.5.5 0 0 1 .5-.5h2V0H2Zm2 10.5H2a.5.5 0 0 1-.5-.5V8H0v2a2 2 0 0 0 2 2h2v-1.5ZM8 12v-1.5h2a.5.5 0 0 0 .5-.5V8H12v2a2 2 0 0 1-2 2H8Zm2-12a2 2 0 0 1 2 2v2h-1.5V2a.5.5 0 0 0-.5-.5H8V0h2Z\" \/>\n\t\t\t<\/svg>\n\t\t<\/button><\/figure>\n<\/div>\n\n\n\n<div class=\"wp-block-column is-vertically-aligned-center is-layout-flow wp-block-column-is-layout-flow\" style=\"flex-basis:75%\">\n<p>V p\u0159edpisech &#8222;Vozidla DGUV70&#8220; n\u011bmeck\u00e9ho \u00farazov\u00e9ho poji\u0161t\u011bn\u00ed jsou v koment\u00e1\u0159i uvedeny n\u00e1sleduj\u00edc\u00ed okrajov\u00e9 podm\u00ednky:<br\/>K \u00a7 37 odst. 1: Po\u017eadavek na dodr\u017een\u00ed p\u0159\u00edpustn\u00fdch hodnot zat\u00ed\u017een\u00ed na n\u00e1pravu je spln\u011bn, pokud: <\/p>\n\n\n\n<ol class=\"wp-block-list\">\n<li>P\u0159\u00edpustn\u00e9 <strong>zat\u00ed\u017een\u00ed p\u0159edn\u00ed n\u00e1pravy <\/strong>nen\u00ed p\u0159ekro\u010deno.<\/li>\n\n\n\n<li>P\u0159\u00edpustn\u00e9 <strong>zat\u00ed\u017een\u00ed zadn\u00ed n\u00e1pravy <\/strong>nen\u00ed p\u0159ekro\u010deno a<\/li>\n\n\n\n<li>Minim\u00e1ln\u00ed zat\u00ed\u017een\u00ed <strong>\u0159\u00edzen\u00e9 n\u00e1<\/strong> pravy je nejm\u00e9n\u011b 20 % momentov\u00e9 hmotnosti vozidla (neplat\u00ed pro n\u00e1v\u011bsy).<\/li>\n<\/ol>\n\n\n\n<p>Pokud rychlost j\u00edzdy nep\u0159ekro\u010d\u00ed 25 km\/h, m\u016f\u017ee b\u00fdt minim\u00e1ln\u00ed zat\u00ed\u017een\u00ed \u0159\u00edzen\u00e9 n\u00e1pravy sn\u00ed\u017eeno na 10 % momentov\u00e9 hmotnosti vozidla.<\/p>\n<\/div>\n<\/div>\n\n<div style=\"height:35px\" aria-hidden=\"true\" class=\"wp-block-spacer\"><\/div>\n\n<h3 class=\"wp-block-heading\">Pl\u00e1n rozlo\u017een\u00ed z\u00e1t\u011b\u017ee<\/h3>\n\n<p>Hlavn\u00edm z\u00e1kladem pro \u00favahy je pl\u00e1n rozlo\u017een\u00ed z\u00e1t\u011b\u017ee, kter\u00fd je specifick\u00fd pro ka\u017ed\u00fd typ vozidla. P\u0159edlohou pro obr\u00e1zek je program BG pro v\u00fdpo\u010det pl\u00e1n\u016f rozlo\u017een\u00ed z\u00e1t\u011b\u017ee. Obr\u00e1zek byl upraven pro \u00fa\u010dely vizualizace.<a href=\"https:\/\/www.bg-verkehr.de\/medien\/medienkatalog\/filme\/lastverteilungsplan-lvp-4-1-grundzuege-der-ladungssicherung\">(Pl\u00e1n rozd\u011blen\u00ed n\u00e1kladu LVP 4.1 + Z\u00e1kladn\u00ed z\u00e1sady zaji\u0161t\u011bn\u00ed n\u00e1kladu &#8211; BG Verkehr (bg-verkehr.de)<\/a>)<\/p>\n\n<figure class=\"wp-block-image aligncenter size-full is-resized\"><img loading=\"lazy\" decoding=\"async\" width=\"638\" height=\"490\" src=\"https:\/\/rothschenk.de\/wp-content\/uploads\/2023\/11\/lastenverteilung-am-lkw-lasi-blog-sigurd-ehringer-rothschenk-ladungssicherung-3.jpg\" alt=\"\" class=\"wp-image-153673\" style=\"width:600px\" srcset=\"https:\/\/rothschenk.de\/wp-content\/uploads\/2023\/11\/lastenverteilung-am-lkw-lasi-blog-sigurd-ehringer-rothschenk-ladungssicherung-3.jpg 638w, https:\/\/rothschenk.de\/wp-content\/uploads\/2023\/11\/lastenverteilung-am-lkw-lasi-blog-sigurd-ehringer-rothschenk-ladungssicherung-3-300x230.jpg 300w, https:\/\/rothschenk.de\/wp-content\/uploads\/2023\/11\/lastenverteilung-am-lkw-lasi-blog-sigurd-ehringer-rothschenk-ladungssicherung-3-600x461.jpg 600w\" sizes=\"(max-width: 638px) 100vw, 638px\" \/><\/figure>\n\n<div style=\"height:35px\" aria-hidden=\"true\" class=\"wp-block-spacer\"><\/div>\n\n<p>Celkov\u00e9 t\u011b\u017ei\u0161t\u011b n\u00e1kladu mus\u00ed b\u00fdt v\u017edy pod modrou \u010darou. N\u00e1klad o hmotnosti max. 2 000 kg m\u016f\u017ee b\u00fdt um\u00edst\u011bn kdekoli na lo\u017en\u00e9 plo\u0161e. Pokud v\u0161ak n\u00e1klad v\u00e1\u017e\u00ed 9 000 kg, mus\u00ed b\u00fdt t\u011b\u017ei\u0161t\u011b ve vzd\u00e1lenosti 3,40 m od p\u0159ep\u00e1\u017eky. \u010c\u00edm t\u011b\u017e\u0161\u00ed je n\u00e1klad, t\u00edm men\u0161\u00ed je voln\u00fd prostor.    <\/p>\n\n<p>V diagramu jsou tak\u00e9 d\u016fle\u017eit\u00e9 dv\u011b grafick\u00e9 osy. Osa X ozna\u010duje d\u00e9lku lo\u017en\u00e9 plochy a osa Y u\u017eite\u010dn\u00e9 zat\u00ed\u017een\u00ed. <\/p>\n\n<p>P\u0159\u00edklad: P\u0159\u00edklad: Pokud cel\u00e9 b\u0159emeno v\u00e1\u017e\u00ed 7 000 kg, p\u0159ejd\u011bte na Y=7to a pak doleva na modrou \u010d\u00e1ru.<br\/>Je dvakr\u00e1t protnuta, tak\u017ee t\u011b\u017ei\u0161t\u011b b\u0159emene m\u016f\u017ee b\u00fdt ve vzd\u00e1lenosti 3 m a\u017e 5 m od koncov\u00e9 st\u011bny.  <\/p>\n\n<figure class=\"wp-block-image aligncenter size-full is-resized\"><img loading=\"lazy\" decoding=\"async\" width=\"638\" height=\"447\" src=\"https:\/\/rothschenk.de\/wp-content\/uploads\/2023\/11\/lastenverteilung-am-lkw-lasi-blog-sigurd-ehringer-rothschenk-ladungssicherung-4.jpg\" alt=\"\" class=\"wp-image-153676\" style=\"width:600px\" srcset=\"https:\/\/rothschenk.de\/wp-content\/uploads\/2023\/11\/lastenverteilung-am-lkw-lasi-blog-sigurd-ehringer-rothschenk-ladungssicherung-4.jpg 638w, https:\/\/rothschenk.de\/wp-content\/uploads\/2023\/11\/lastenverteilung-am-lkw-lasi-blog-sigurd-ehringer-rothschenk-ladungssicherung-4-300x210.jpg 300w, https:\/\/rothschenk.de\/wp-content\/uploads\/2023\/11\/lastenverteilung-am-lkw-lasi-blog-sigurd-ehringer-rothschenk-ladungssicherung-4-600x420.jpg 600w\" sizes=\"(max-width: 638px) 100vw, 638px\" \/><\/figure>\n\n<div style=\"height:35px\" aria-hidden=\"true\" class=\"wp-block-spacer\"><\/div>\n\n<h2 class=\"wp-block-heading\">Z\u00e1kon p\u00e1kov\u00e9ho efektu<\/h2>\n\n<p>Existuje v\u0161ak i jin\u00fd zp\u016fsob ur\u010den\u00ed t\u011b\u017ei\u0161t\u011b. K tomu si mus\u00edte vzpomenout na <strong>z\u00e1kon p\u00e1ky <\/strong>. S\u00edla (hmotnost b\u0159emene) vyn\u00e1soben\u00e1 d\u00e9lkou p\u00e1ky (vzd\u00e1lenost\u00ed od \u010deln\u00ed st\u011bny k t\u011b\u017ei\u0161ti n\u00e1kladov\u00e9 jednotky) d\u00e1v\u00e1 moment. Na stejn\u00e9m principu pracuje momentov\u00fd kl\u00ed\u010d. V tomto p\u0159\u00edpad\u011b v\u0161ak d\u00e9lka p\u00e1ky z\u016fst\u00e1v\u00e1 stejn\u00e1 a s\u00edlu lze nastavit.    <\/p>\n\n<p>P\u0159i pou\u017eit\u00ed t\u00e9to metody je nutn\u00e9 zn\u00e1t <strong>polohu t\u011b\u017ei\u0161t\u011b <\/strong>b\u0159emene. Zejm\u00e9na v p\u0159\u00edpad\u011b stroj\u016f a syst\u00e9m\u016f konstruk\u010dn\u00ed odd\u011blen\u00ed \u010dasto neozna\u010d\u00ed polohu t\u011b\u017ei\u0161t\u011b nebo alespo\u0148 neposkytne v\u00fdkres, kter\u00fd by jeho polohu zn\u00e1zor\u0148oval. Tato informace je z\u00e1sadn\u00ed pro spr\u00e1vn\u00e9 zat\u00ed\u017een\u00ed a zaji\u0161t\u011bn\u00ed b\u0159emene.  <\/p>\n\n<p>N\u00e1sleduje fiktivn\u00ed p\u0159\u00edklad, jak lze ur\u010dit t\u011b\u017ei\u0161t\u011b pro podobn\u00e9 n\u00e1kladov\u00e9 jednotky.<\/p>\n\n<div style=\"height:35px\" aria-hidden=\"true\" class=\"wp-block-spacer\"><\/div>\n\n<div class=\"wp-block-columns is-layout-flex wp-container-core-columns-is-layout-28f84493 wp-block-columns-is-layout-flex\">\n<div class=\"wp-block-column is-layout-flow wp-block-column-is-layout-flow\">\n<figure class=\"wp-block-image size-full\"><img loading=\"lazy\" decoding=\"async\" width=\"505\" height=\"234\" src=\"https:\/\/rothschenk.de\/wp-content\/uploads\/2023\/11\/lastenverteilung-am-lkw-lasi-blog-sigurd-ehringer-rothschenk-ladungssicherung-5.jpg\" alt=\"\" class=\"wp-image-153679\" srcset=\"https:\/\/rothschenk.de\/wp-content\/uploads\/2023\/11\/lastenverteilung-am-lkw-lasi-blog-sigurd-ehringer-rothschenk-ladungssicherung-5.jpg 505w, https:\/\/rothschenk.de\/wp-content\/uploads\/2023\/11\/lastenverteilung-am-lkw-lasi-blog-sigurd-ehringer-rothschenk-ladungssicherung-5-300x139.jpg 300w\" sizes=\"(max-width: 505px) 100vw, 505px\" \/><\/figure>\n<\/div>\n\n\n\n<div class=\"wp-block-column is-layout-flow wp-block-column-is-layout-flow\">\n<figure class=\"wp-block-image size-full\"><img loading=\"lazy\" decoding=\"async\" width=\"508\" height=\"234\" src=\"https:\/\/rothschenk.de\/wp-content\/uploads\/2023\/11\/lastenverteilung-am-lkw-lasi-blog-sigurd-ehringer-rothschenk-ladungssicherung-6.jpg\" alt=\"\" class=\"wp-image-153682\" srcset=\"https:\/\/rothschenk.de\/wp-content\/uploads\/2023\/11\/lastenverteilung-am-lkw-lasi-blog-sigurd-ehringer-rothschenk-ladungssicherung-6.jpg 508w, https:\/\/rothschenk.de\/wp-content\/uploads\/2023\/11\/lastenverteilung-am-lkw-lasi-blog-sigurd-ehringer-rothschenk-ladungssicherung-6-300x138.jpg 300w\" sizes=\"(max-width: 508px) 100vw, 508px\" \/><\/figure>\n<\/div>\n\n\n\n<div class=\"wp-block-column is-layout-flow wp-block-column-is-layout-flow\">\n<figure class=\"wp-block-image size-full\"><img loading=\"lazy\" decoding=\"async\" width=\"570\" height=\"263\" src=\"https:\/\/rothschenk.de\/wp-content\/uploads\/2023\/11\/lastenverteilung-am-lkw-lasi-blog-sigurd-ehringer-rothschenk-ladungssicherung-7.jpg\" alt=\"\" class=\"wp-image-153686\" srcset=\"https:\/\/rothschenk.de\/wp-content\/uploads\/2023\/11\/lastenverteilung-am-lkw-lasi-blog-sigurd-ehringer-rothschenk-ladungssicherung-7.jpg 570w, https:\/\/rothschenk.de\/wp-content\/uploads\/2023\/11\/lastenverteilung-am-lkw-lasi-blog-sigurd-ehringer-rothschenk-ladungssicherung-7-300x138.jpg 300w\" sizes=\"(max-width: 570px) 100vw, 570px\" \/><\/figure>\n<\/div>\n\n\n\n<div class=\"wp-block-column is-layout-flow wp-block-column-is-layout-flow\">\n<figure class=\"wp-block-image size-full\"><img loading=\"lazy\" decoding=\"async\" width=\"519\" height=\"239\" src=\"https:\/\/rothschenk.de\/wp-content\/uploads\/2023\/11\/lastenverteilung-am-lkw-lasi-blog-sigurd-ehringer-rothschenk-ladungssicherung-8.jpg\" alt=\"\" class=\"wp-image-153689\" srcset=\"https:\/\/rothschenk.de\/wp-content\/uploads\/2023\/11\/lastenverteilung-am-lkw-lasi-blog-sigurd-ehringer-rothschenk-ladungssicherung-8.jpg 519w, https:\/\/rothschenk.de\/wp-content\/uploads\/2023\/11\/lastenverteilung-am-lkw-lasi-blog-sigurd-ehringer-rothschenk-ladungssicherung-8-300x138.jpg 300w\" sizes=\"(max-width: 519px) 100vw, 519px\" \/><\/figure>\n<\/div>\n<\/div>\n\n<figure class=\"wp-block-image aligncenter size-large\"><img loading=\"lazy\" decoding=\"async\" width=\"1024\" height=\"254\" src=\"https:\/\/rothschenk.de\/wp-content\/uploads\/2023\/11\/lastenverteilung-am-lkw-lasi-blog-sigurd-ehringer-rothschenk-ladungssicherung-9-1024x254.jpg\" alt=\"\" class=\"wp-image-153692\" srcset=\"https:\/\/rothschenk.de\/wp-content\/uploads\/2023\/11\/lastenverteilung-am-lkw-lasi-blog-sigurd-ehringer-rothschenk-ladungssicherung-9-1024x254.jpg 1024w, https:\/\/rothschenk.de\/wp-content\/uploads\/2023\/11\/lastenverteilung-am-lkw-lasi-blog-sigurd-ehringer-rothschenk-ladungssicherung-9-300x74.jpg 300w, https:\/\/rothschenk.de\/wp-content\/uploads\/2023\/11\/lastenverteilung-am-lkw-lasi-blog-sigurd-ehringer-rothschenk-ladungssicherung-9-768x190.jpg 768w, https:\/\/rothschenk.de\/wp-content\/uploads\/2023\/11\/lastenverteilung-am-lkw-lasi-blog-sigurd-ehringer-rothschenk-ladungssicherung-9-600x149.jpg 600w, https:\/\/rothschenk.de\/wp-content\/uploads\/2023\/11\/lastenverteilung-am-lkw-lasi-blog-sigurd-ehringer-rothschenk-ladungssicherung-9.jpg 1404w\" sizes=\"(max-width: 1024px) 100vw, 1024px\" \/><\/figure>\n\n<div style=\"height:35px\" aria-hidden=\"true\" class=\"wp-block-spacer\"><\/div>\n\n<p>U podobn\u00fdch n\u00e1klad\u016f, jako jsou velk\u00e9 pytle, oktabiny, IBC nebo palety s n\u00e1poji, se t\u011b\u017ei\u0161t\u011b s ka\u017edou dal\u0161\u00ed \u0159adou n\u00e1klad\u016f posouv\u00e1 d\u00e1le dozadu. Pro tuto \u00favahu nemus\u00ed b\u00fdt nutn\u011b zn\u00e1ma p\u0159esn\u00e1 hmotnost. <\/p>\n\n<p>Na konci nakl\u00e1dky mus\u00ed \u0159idi\u010d a naklada\u010d v\u011bd\u011bt, zda je poloha celkov\u00e9ho t\u011b\u017ei\u0161t\u011b (zelen\u00e1 \u0161ipka) p\u0159\u00edpustn\u00e1, nebo ne. Pokud by tato poloha nebyla p\u0159\u00edpustn\u00e1, muselo by se znovu nalo\u017eit, vylo\u017eit a znovu nalo\u017eit. <\/p>\n\n<div style=\"height:35px\" aria-hidden=\"true\" class=\"wp-block-spacer\"><\/div>\n\n<h3 class=\"wp-block-heading\">Matematick\u00e9 \u0159e\u0161en\u00ed p\u0159\u00edpadov\u00e9 studie<\/h3>\n\n<p>Probl\u00e9m lze samoz\u0159ejm\u011b \u0159e\u0161it i matematicky. Nen\u00ed to obt\u00ed\u017en\u00e9, ale je to t\u011b\u017ek\u00e1 pr\u00e1ce. <\/p>\n\n<p>Vezm\u011bte hmotnost (v kg) prvn\u00edho b\u0159emene a vyn\u00e1sobte ji vzd\u00e1lenost\u00ed (v m) mezi t\u011b\u017ei\u0161t\u011bm a p\u0159edn\u00ed st\u011bnou. Pokud jsou jednotky zat\u00ed\u017een\u00ed stejn\u00e9ho typu, lze pou\u017e\u00edt i celou \u0159adu zat\u00ed\u017een\u00ed. <\/p>\n\n<p>Druh\u00e9 zat\u00ed\u017een\u00ed vyn\u00e1soben\u00e9 novou vzd\u00e1lenost\u00ed t\u011b\u017ei\u0161t\u011b se pak p\u0159i\u010dte k prvn\u00edmu v\u00fdsledku a tak d\u00e1le, dokud nejsou vypo\u010dteny v\u0161echny jednotky zat\u00ed\u017een\u00ed.<\/p>\n\n<p>Celkov\u00fd v\u00fdsledek se vyd\u011bl\u00ed celkovou hmotnost\u00ed n\u00e1kladu.<\/p>\n\n<p>V\u00fdsledkem je vzd\u00e1lenost mezi celkov\u00fdm t\u011b\u017ei\u0161t\u011bm b\u0159emene a \u010deln\u00ed st\u011bnou.<\/p>\n\n<p>U standardn\u00edho n\u00e1v\u011bsu s maxim\u00e1ln\u00edm u\u017eite\u010dn\u00fdm zat\u00ed\u017een\u00edm mus\u00ed b\u00fdt tato vzd\u00e1lenost mezi 6,80 a 7,2.<\/p>\n\n<div style=\"height:35px\" aria-hidden=\"true\" class=\"wp-block-spacer\"><\/div>\n\n<div class=\"wp-block-columns is-layout-flex wp-container-core-columns-is-layout-28f84493 wp-block-columns-is-layout-flex\">\n<div class=\"wp-block-column is-layout-flow wp-block-column-is-layout-flow\">\n<figure data-wp-context=\"{&quot;imageId&quot;:&quot;69f0867e203a2&quot;}\" data-wp-interactive=\"core\/image\" data-wp-key=\"69f0867e203a2\" class=\"wp-block-image size-full is-resized wp-lightbox-container\"><img loading=\"lazy\" decoding=\"async\" width=\"648\" height=\"550\" data-wp-class--hide=\"state.isContentHidden\" data-wp-class--show=\"state.isContentVisible\" data-wp-init=\"callbacks.setButtonStyles\" data-wp-on--click=\"actions.showLightbox\" data-wp-on--load=\"callbacks.setButtonStyles\" data-wp-on-window--resize=\"callbacks.setButtonStyles\" src=\"https:\/\/rothschenk.de\/wp-content\/uploads\/2023\/11\/lastenverteilung-am-lkw-lasi-blog-sigurd-ehringer-rothschenk-ladungssicherung-10.jpg\" alt=\"\" class=\"wp-image-153695\" style=\"aspect-ratio:4\/3;object-fit:contain;width:400px\" srcset=\"https:\/\/rothschenk.de\/wp-content\/uploads\/2023\/11\/lastenverteilung-am-lkw-lasi-blog-sigurd-ehringer-rothschenk-ladungssicherung-10.jpg 648w, https:\/\/rothschenk.de\/wp-content\/uploads\/2023\/11\/lastenverteilung-am-lkw-lasi-blog-sigurd-ehringer-rothschenk-ladungssicherung-10-300x255.jpg 300w, https:\/\/rothschenk.de\/wp-content\/uploads\/2023\/11\/lastenverteilung-am-lkw-lasi-blog-sigurd-ehringer-rothschenk-ladungssicherung-10-600x509.jpg 600w\" sizes=\"(max-width: 648px) 100vw, 648px\" \/><button\n\t\t\tclass=\"lightbox-trigger\"\n\t\t\ttype=\"button\"\n\t\t\taria-haspopup=\"dialog\"\n\t\t\taria-label=\"Zv\u011bt\u0161it\"\n\t\t\tdata-wp-init=\"callbacks.initTriggerButton\"\n\t\t\tdata-wp-on--click=\"actions.showLightbox\"\n\t\t\tdata-wp-style--right=\"state.imageButtonRight\"\n\t\t\tdata-wp-style--top=\"state.imageButtonTop\"\n\t\t>\n\t\t\t<svg xmlns=\"http:\/\/www.w3.org\/2000\/svg\" width=\"12\" height=\"12\" fill=\"none\" viewBox=\"0 0 12 12\">\n\t\t\t\t<path fill=\"#fff\" d=\"M2 0a2 2 0 0 0-2 2v2h1.5V2a.5.5 0 0 1 .5-.5h2V0H2Zm2 10.5H2a.5.5 0 0 1-.5-.5V8H0v2a2 2 0 0 0 2 2h2v-1.5ZM8 12v-1.5h2a.5.5 0 0 0 .5-.5V8H12v2a2 2 0 0 1-2 2H8Zm2-12a2 2 0 0 1 2 2v2h-1.5V2a.5.5 0 0 0-.5-.5H8V0h2Z\" \/>\n\t\t\t<\/svg>\n\t\t<\/button><\/figure>\n<\/div>\n\n\n\n<div class=\"wp-block-column is-layout-flow wp-block-column-is-layout-flow\">\n<figure data-wp-context=\"{&quot;imageId&quot;:&quot;69f0867e205df&quot;}\" data-wp-interactive=\"core\/image\" data-wp-key=\"69f0867e205df\" class=\"wp-block-image size-full is-resized wp-lightbox-container\"><img loading=\"lazy\" decoding=\"async\" width=\"664\" height=\"604\" data-wp-class--hide=\"state.isContentHidden\" data-wp-class--show=\"state.isContentVisible\" data-wp-init=\"callbacks.setButtonStyles\" data-wp-on--click=\"actions.showLightbox\" data-wp-on--load=\"callbacks.setButtonStyles\" data-wp-on-window--resize=\"callbacks.setButtonStyles\" src=\"https:\/\/rothschenk.de\/wp-content\/uploads\/2023\/11\/lastenverteilung-am-lkw-lasi-blog-sigurd-ehringer-rothschenk-ladungssicherung-11.jpg\" alt=\"\" class=\"wp-image-153698\" style=\"aspect-ratio:4\/3;object-fit:contain;width:400px\" srcset=\"https:\/\/rothschenk.de\/wp-content\/uploads\/2023\/11\/lastenverteilung-am-lkw-lasi-blog-sigurd-ehringer-rothschenk-ladungssicherung-11.jpg 664w, https:\/\/rothschenk.de\/wp-content\/uploads\/2023\/11\/lastenverteilung-am-lkw-lasi-blog-sigurd-ehringer-rothschenk-ladungssicherung-11-300x273.jpg 300w, https:\/\/rothschenk.de\/wp-content\/uploads\/2023\/11\/lastenverteilung-am-lkw-lasi-blog-sigurd-ehringer-rothschenk-ladungssicherung-11-600x546.jpg 600w\" sizes=\"(max-width: 664px) 100vw, 664px\" \/><button\n\t\t\tclass=\"lightbox-trigger\"\n\t\t\ttype=\"button\"\n\t\t\taria-haspopup=\"dialog\"\n\t\t\taria-label=\"Zv\u011bt\u0161it\"\n\t\t\tdata-wp-init=\"callbacks.initTriggerButton\"\n\t\t\tdata-wp-on--click=\"actions.showLightbox\"\n\t\t\tdata-wp-style--right=\"state.imageButtonRight\"\n\t\t\tdata-wp-style--top=\"state.imageButtonTop\"\n\t\t>\n\t\t\t<svg xmlns=\"http:\/\/www.w3.org\/2000\/svg\" width=\"12\" height=\"12\" fill=\"none\" viewBox=\"0 0 12 12\">\n\t\t\t\t<path fill=\"#fff\" d=\"M2 0a2 2 0 0 0-2 2v2h1.5V2a.5.5 0 0 1 .5-.5h2V0H2Zm2 10.5H2a.5.5 0 0 1-.5-.5V8H0v2a2 2 0 0 0 2 2h2v-1.5ZM8 12v-1.5h2a.5.5 0 0 0 .5-.5V8H12v2a2 2 0 0 1-2 2H8Zm2-12a2 2 0 0 1 2 2v2h-1.5V2a.5.5 0 0 0-.5-.5H8V0h2Z\" \/>\n\t\t\t<\/svg>\n\t\t<\/button><\/figure>\n<\/div>\n<\/div>\n\n<p>Ti z na\u0161ich \u010dten\u00e1\u0159\u016f, kte\u0159\u00ed jsou s Excelem dostate\u010dn\u011b zdatn\u00ed, si mohou pr\u00e1ci s v\u00fdpo\u010dty usnadnit. Mohou si vytvo\u0159it tabulku, kter\u00e1 jim po zad\u00e1n\u00ed \u00fadaj\u016f poskytne v\u00fdsledek. <\/p>\n\n<div style=\"height:35px\" aria-hidden=\"true\" class=\"wp-block-spacer\"><\/div>\n\n<h2 class=\"wp-block-heading\">Z\u00e1v\u011br<\/h2>\n\n<p>S t\u011bmito z\u00e1kladn\u00edmi znalostmi by m\u011blo b\u00fdt mo\u017en\u00e9 spr\u00e1vn\u011b ulo\u017eit n\u00e1klad do takov\u00e9 m\u00edry, aby nedo\u0161lo k poru\u0161en\u00ed bezpe\u010dnosti provozu a dopravy.<\/p>\n\n<p>V\u017edy je t\u0159eba m\u00edt na pam\u011bti, \u017ee krom\u011b spr\u00e1vn\u00edho deliktu m\u016f\u017ee doj\u00edt i k trestn\u00e9mu \u010dinu. Konkr\u00e9tn\u011b v p\u0159\u00edpad\u011b, \u017ee nespr\u00e1vn\u011b nalo\u017een\u00e9 vozidlo m\u00e1 za n\u00e1sledek dopravn\u00ed nehodu se zran\u011bn\u00edm, usmrcen\u00edm osob nebo velkou \u0161kodou na majetku. <\/p>\n\n<p>V\u0161ichni se tomu chceme vyhnout, proto\u017ee jako \u00fa\u010dastn\u00edci silni\u010dn\u00edho provozu m\u016f\u017eeme b\u00fdt tak\u00e9 kdykoli posti\u017eeni.<\/p>\n\n<p>V\u00e1\u0161, Sigurd Ehringer<\/p>\n\n<div style=\"height:50px\" aria-hidden=\"true\" class=\"wp-block-spacer\"><\/div>\n\n<div class=\"wp-block-columns is-layout-flex wp-container-core-columns-is-layout-28f84493 wp-block-columns-is-layout-flex\">\n<div class=\"wp-block-column is-layout-flow wp-block-column-is-layout-flow\">\n<p>&lt;&lt;  P\u0159edchoz\u00ed \u010dl\u00e1nek<br\/><a href=\"https:\/\/rothschenk.de\/cs\/epizoda-36-kod-xl-zatizeni-celni-steny-co-je-treba-zohlednit\/folge-36-code-xl-belastung-der-stirnwand-was-ist-zu-beachten-2\/\">Episode 36: Code XL &#8211; Load on the front wall &#8211; What needs to be considered?<\/a><\/p>\n<\/div>\n\n\n\n<div class=\"wp-block-column is-layout-flow wp-block-column-is-layout-flow\">\n<p class=\"has-text-align-right\">K dal\u0161\u00edmu p\u0159\u00edsp\u011bvku  &gt;&gt; <br\/><a href=\"https:\/\/rothschenk.de\/folge-38-wie-funktioniert-eine-anti-rutschmatte-das-wirkungsprinzip\/\">Epizoda 38: Jak funguje protiskluzov\u00e1 podlo\u017eka? &#8211; \u010c\u00e1st 1: Princip fungov\u00e1n\u00ed <\/a><\/p>\n<\/div>\n<\/div>\n\n<div class=\"wp-block-columns alignfull are-vertically-aligned-center has-background is-layout-flex wp-container-core-columns-is-layout-28f84493 wp-block-columns-is-layout-flex\" style=\"background-color:#516062\">\n<div class=\"wp-block-column blog_autor_zusatz is-layout-flow wp-block-column-is-layout-flow\" style=\"flex-basis:10vw\"><\/div>\n\n\n\n<div class=\"wp-block-column is-vertically-aligned-center is-layout-flow wp-block-column-is-layout-flow\" style=\"flex-basis:20%\">\n<figure class=\"wp-block-image aligncenter size-large is-resized is-style-rounded\"><img loading=\"lazy\" decoding=\"async\" width=\"1024\" height=\"1024\" src=\"https:\/\/rothschenk.de\/wp-content\/uploads\/2024\/02\/sigurd-ehringer-ladungssicherung-ausbilder-und-berater-1024x1024.jpg\" alt=\"\" class=\"wp-image-143199\" style=\"width:150px\" srcset=\"https:\/\/rothschenk.de\/wp-content\/uploads\/2024\/02\/sigurd-ehringer-ladungssicherung-ausbilder-und-berater-1024x1024.jpg 1024w, https:\/\/rothschenk.de\/wp-content\/uploads\/2024\/02\/sigurd-ehringer-ladungssicherung-ausbilder-und-berater-300x300.jpg 300w, https:\/\/rothschenk.de\/wp-content\/uploads\/2024\/02\/sigurd-ehringer-ladungssicherung-ausbilder-und-berater-150x150.jpg 150w, https:\/\/rothschenk.de\/wp-content\/uploads\/2024\/02\/sigurd-ehringer-ladungssicherung-ausbilder-und-berater-768x767.jpg 768w, https:\/\/rothschenk.de\/wp-content\/uploads\/2024\/02\/sigurd-ehringer-ladungssicherung-ausbilder-und-berater-600x600.jpg 600w, https:\/\/rothschenk.de\/wp-content\/uploads\/2024\/02\/sigurd-ehringer-ladungssicherung-ausbilder-und-berater-100x100.jpg 100w, https:\/\/rothschenk.de\/wp-content\/uploads\/2024\/02\/sigurd-ehringer-ladungssicherung-ausbilder-und-berater.jpg 1500w\" sizes=\"(max-width: 1024px) 100vw, 1024px\" \/><\/figure>\n<\/div>\n\n\n\n<div class=\"wp-block-column is-vertically-aligned-center is-layout-flow wp-block-column-is-layout-flow\"><div class=\"wp-block-post-author\"><div class=\"wp-block-post-author__content\"><p class=\"wp-block-post-author__name\">Sigurd Ehringer<\/p><p class=\"wp-block-post-author__bio\">\u2714 VDI-zertifizierter Ausbilder f\u00fcr Ladungssicherung\r\n\u2714 Fachbuch-Autor\r\n\u2714 8 Jahre Projektmanager\r\n\u2714 12 Jahre bei der Bundeswehr (Kompaniechef)\r\n\u2714 20 Jahre Vertriebserfahrung\r\n\u2714 seit 1996 Berater\/Ausbilder in der Logistik\r\n\u2714 44 Jahre Ausbilder\/Trainer in verschiedenen Bereichen &#8212;&gt;\r\n\r\nIn einer Reihe von Fachbeitr\u00e4gen aus der Praxis, zu Themen rund um den Container und LKW, erhalten Sie Profiwissen aus erster Hand. Wie sichert man Ladung korrekt und was sind die Grundlagen der Ladungssicherung?\r\nErarbeitet und vorgestellt werden sie von Sigurd Ehringer, Inhaber von <a href=\"http:\/\/www.se-logcon.de\/\">SE-LogCon<\/a>.<\/p><\/div><\/div><\/div>\n\n\n\n<div class=\"wp-block-column blog_autor_zusatz is-layout-flow wp-block-column-is-layout-flow\" style=\"flex-basis:10vw\"><\/div>\n<\/div>\n","protected":false},"excerpt":{"rendered":"<p>Rozlo\u017een\u00ed n\u00e1kladu na n\u00e1kladn\u00edch vozidlech opakovan\u011b p\u0159edstavuje pro \u0159idi\u010de i naklada\u010de velkou v\u00fdzvu, ke kter\u00e9 se \u010dasto p\u0159istupuje s &#8222;polovi\u010dn\u00edmi znalostmi&#8220;. Pokud m\u00e1te z\u00e1kladn\u00ed znalosti fyziky, lze tento probl\u00e9m vy\u0159e\u0161it pom\u011brn\u011b snadno. Vizualizace rozlo\u017een\u00ed zat\u00ed\u017een\u00ed Nejjednodu\u0161\u0161\u00ed je p\u0159edstavit si, \u017ee n\u00e1kladn\u00ed automobil stoj\u00ed sv\u00fdmi n\u00e1pravami na v\u00e1ze. Pokud je rozlo\u017een\u00ed zat\u00ed\u017een\u00ed spr\u00e1vn\u00e9, je ru\u010di\u010dka stupnice [&hellip;]<\/p>\n","protected":false},"author":1536,"featured_media":0,"comment_status":"open","ping_status":"closed","sticky":false,"template":"","format":"standard","meta":{"_acf_changed":false,"footnotes":""},"categories":[864,866,865],"tags":[],"class_list":["post-680306","post","type-post","status-publish","format-standard","hentry","category-cargo-blog-cs","category-fyzicka-stranka","category-lorry"],"acf":[],"yoast_head":"<!-- This site is optimized with the Yoast SEO plugin v27.4 - https:\/\/yoast.com\/product\/yoast-seo-wordpress\/ -->\n<title>Rozlo\u017een\u00ed n\u00e1kladu na n\u00e1kladn\u00edch vozidlech | V\u00fdpo\u010dty | P\u0159\u00edklady - Rothschenk<\/title>\n<meta name=\"description\" content=\"Jak\u00e1 z\u00e1t\u011b\u017e vznik\u00e1? \u2714 Co je t\u0159eba vz\u00edt v \u00favahu p\u0159i nakl\u00e1d\u00e1n\u00ed? \u2714 K\u00f3d XL \u2714 B\u011b\u017en\u00e9 chyby \u2714 Po\u0161kozen\u00ed \u2714 Praktick\u00e9 p\u0159\u00edklady + \u0159e\u0161en\u00ed\" \/>\n<meta name=\"robots\" content=\"index, follow, max-snippet:-1, max-image-preview:large, max-video-preview:-1\" \/>\n<link rel=\"canonical\" href=\"https:\/\/rothschenk.de\/cz\/epizoda-37-rozlozeni-nakladu-na-nakladnich-vozidlech-jak-spravne-vypocitat-hodnoty\/\" \/>\n<meta property=\"og:locale\" content=\"cs_CZ\" \/>\n<meta property=\"og:type\" content=\"article\" \/>\n<meta property=\"og:title\" content=\"Rozlo\u017een\u00ed n\u00e1kladu na n\u00e1kladn\u00edch vozidlech | V\u00fdpo\u010dty | P\u0159\u00edklady - Rothschenk\" \/>\n<meta property=\"og:description\" content=\"Jak\u00e1 z\u00e1t\u011b\u017e vznik\u00e1? \u2714 Co je t\u0159eba vz\u00edt v \u00favahu p\u0159i nakl\u00e1d\u00e1n\u00ed? \u2714 K\u00f3d XL \u2714 B\u011b\u017en\u00e9 chyby \u2714 Po\u0161kozen\u00ed \u2714 Praktick\u00e9 p\u0159\u00edklady + \u0159e\u0161en\u00ed\" \/>\n<meta property=\"og:url\" content=\"https:\/\/rothschenk.de\/cz\/epizoda-37-rozlozeni-nakladu-na-nakladnich-vozidlech-jak-spravne-vypocitat-hodnoty\/\" \/>\n<meta property=\"og:site_name\" content=\"Rothschenk\" \/>\n<meta property=\"article:publisher\" content=\"https:\/\/de-de.facebook.com\/FirmaRothschenk\/\" \/>\n<meta property=\"article:published_time\" content=\"2023-11-06T13:15:49+00:00\" \/>\n<meta property=\"article:modified_time\" content=\"2025-06-30T14:59:46+00:00\" \/>\n<meta property=\"og:image\" content=\"https:\/\/rothschenk.de\/wp-content\/uploads\/2023\/11\/lastenverteilung-am-lkw-lasi-blog-sigurd-ehringer-rothschenk-ladungssicherung.jpg\" \/>\n\t<meta property=\"og:image:width\" content=\"799\" \/>\n\t<meta property=\"og:image:height\" content=\"634\" \/>\n\t<meta property=\"og:image:type\" content=\"image\/jpeg\" \/>\n<meta name=\"author\" content=\"Sigurd Ehringer\" \/>\n<meta name=\"twitter:card\" content=\"summary_large_image\" \/>\n<meta name=\"twitter:label1\" content=\"Napsal(a)\" \/>\n\t<meta name=\"twitter:data1\" content=\"Sigurd Ehringer\" \/>\n\t<meta name=\"twitter:label2\" content=\"Odhadovan\u00e1 doba \u010dten\u00ed\" \/>\n\t<meta name=\"twitter:data2\" content=\"5 minut\" \/>\n<script type=\"application\/ld+json\" class=\"yoast-schema-graph\">{\"@context\":\"https:\\\/\\\/schema.org\",\"@graph\":[{\"@type\":\"Article\",\"@id\":\"https:\\\/\\\/rothschenk.de\\\/cz\\\/epizoda-37-rozlozeni-nakladu-na-nakladnich-vozidlech-jak-spravne-vypocitat-hodnoty\\\/#article\",\"isPartOf\":{\"@id\":\"https:\\\/\\\/rothschenk.de\\\/cz\\\/epizoda-37-rozlozeni-nakladu-na-nakladnich-vozidlech-jak-spravne-vypocitat-hodnoty\\\/\"},\"author\":{\"name\":\"Sigurd Ehringer\",\"@id\":\"https:\\\/\\\/rothschenk.de\\\/cz\\\/#\\\/schema\\\/person\\\/8878c3ce4ac9607e11b12c500ead07e8\"},\"headline\":\"Epizoda 37: Rozlo\u017een\u00ed n\u00e1kladu na n\u00e1kladn\u00edch vozidlech &#8211; jak spr\u00e1vn\u011b vypo\u010d\u00edtat hodnoty?\",\"datePublished\":\"2023-11-06T13:15:49+00:00\",\"dateModified\":\"2025-06-30T14:59:46+00:00\",\"mainEntityOfPage\":{\"@id\":\"https:\\\/\\\/rothschenk.de\\\/cz\\\/epizoda-37-rozlozeni-nakladu-na-nakladnich-vozidlech-jak-spravne-vypocitat-hodnoty\\\/\"},\"wordCount\":1115,\"commentCount\":0,\"image\":{\"@id\":\"https:\\\/\\\/rothschenk.de\\\/cz\\\/epizoda-37-rozlozeni-nakladu-na-nakladnich-vozidlech-jak-spravne-vypocitat-hodnoty\\\/#primaryimage\"},\"thumbnailUrl\":\"https:\\\/\\\/rothschenk.de\\\/wp-content\\\/uploads\\\/2023\\\/11\\\/lastenverteilung-am-lkw-lasi-blog-sigurd-ehringer-rothschenk-ladungssicherung.jpg\",\"articleSection\":[\"Cargo Blog\",\"Fyzick\u00e1 str\u00e1nka\",\"LORRY\"],\"inLanguage\":\"cs\",\"potentialAction\":[{\"@type\":\"CommentAction\",\"name\":\"Comment\",\"target\":[\"https:\\\/\\\/rothschenk.de\\\/cz\\\/epizoda-37-rozlozeni-nakladu-na-nakladnich-vozidlech-jak-spravne-vypocitat-hodnoty\\\/#respond\"]}]},{\"@type\":\"WebPage\",\"@id\":\"https:\\\/\\\/rothschenk.de\\\/cz\\\/epizoda-37-rozlozeni-nakladu-na-nakladnich-vozidlech-jak-spravne-vypocitat-hodnoty\\\/\",\"url\":\"https:\\\/\\\/rothschenk.de\\\/cz\\\/epizoda-37-rozlozeni-nakladu-na-nakladnich-vozidlech-jak-spravne-vypocitat-hodnoty\\\/\",\"name\":\"Rozlo\u017een\u00ed n\u00e1kladu na n\u00e1kladn\u00edch vozidlech | V\u00fdpo\u010dty | P\u0159\u00edklady - Rothschenk\",\"isPartOf\":{\"@id\":\"https:\\\/\\\/rothschenk.de\\\/cz\\\/#website\"},\"primaryImageOfPage\":{\"@id\":\"https:\\\/\\\/rothschenk.de\\\/cz\\\/epizoda-37-rozlozeni-nakladu-na-nakladnich-vozidlech-jak-spravne-vypocitat-hodnoty\\\/#primaryimage\"},\"image\":{\"@id\":\"https:\\\/\\\/rothschenk.de\\\/cz\\\/epizoda-37-rozlozeni-nakladu-na-nakladnich-vozidlech-jak-spravne-vypocitat-hodnoty\\\/#primaryimage\"},\"thumbnailUrl\":\"https:\\\/\\\/rothschenk.de\\\/wp-content\\\/uploads\\\/2023\\\/11\\\/lastenverteilung-am-lkw-lasi-blog-sigurd-ehringer-rothschenk-ladungssicherung.jpg\",\"datePublished\":\"2023-11-06T13:15:49+00:00\",\"dateModified\":\"2025-06-30T14:59:46+00:00\",\"author\":{\"@id\":\"https:\\\/\\\/rothschenk.de\\\/cz\\\/#\\\/schema\\\/person\\\/8878c3ce4ac9607e11b12c500ead07e8\"},\"description\":\"Jak\u00e1 z\u00e1t\u011b\u017e vznik\u00e1? \u2714 Co je t\u0159eba vz\u00edt v \u00favahu p\u0159i nakl\u00e1d\u00e1n\u00ed? \u2714 K\u00f3d XL \u2714 B\u011b\u017en\u00e9 chyby \u2714 Po\u0161kozen\u00ed \u2714 Praktick\u00e9 p\u0159\u00edklady + \u0159e\u0161en\u00ed\",\"breadcrumb\":{\"@id\":\"https:\\\/\\\/rothschenk.de\\\/cz\\\/epizoda-37-rozlozeni-nakladu-na-nakladnich-vozidlech-jak-spravne-vypocitat-hodnoty\\\/#breadcrumb\"},\"inLanguage\":\"cs\",\"potentialAction\":[{\"@type\":\"ReadAction\",\"target\":[\"https:\\\/\\\/rothschenk.de\\\/cz\\\/epizoda-37-rozlozeni-nakladu-na-nakladnich-vozidlech-jak-spravne-vypocitat-hodnoty\\\/\"]}]},{\"@type\":\"ImageObject\",\"inLanguage\":\"cs\",\"@id\":\"https:\\\/\\\/rothschenk.de\\\/cz\\\/epizoda-37-rozlozeni-nakladu-na-nakladnich-vozidlech-jak-spravne-vypocitat-hodnoty\\\/#primaryimage\",\"url\":\"https:\\\/\\\/rothschenk.de\\\/wp-content\\\/uploads\\\/2023\\\/11\\\/lastenverteilung-am-lkw-lasi-blog-sigurd-ehringer-rothschenk-ladungssicherung.jpg\",\"contentUrl\":\"https:\\\/\\\/rothschenk.de\\\/wp-content\\\/uploads\\\/2023\\\/11\\\/lastenverteilung-am-lkw-lasi-blog-sigurd-ehringer-rothschenk-ladungssicherung.jpg\"},{\"@type\":\"BreadcrumbList\",\"@id\":\"https:\\\/\\\/rothschenk.de\\\/cz\\\/epizoda-37-rozlozeni-nakladu-na-nakladnich-vozidlech-jak-spravne-vypocitat-hodnoty\\\/#breadcrumb\",\"itemListElement\":[{\"@type\":\"ListItem\",\"position\":1,\"name\":\"Domovsk\u00e1 str\u00e1nka\",\"item\":\"https:\\\/\\\/rothschenk.de\\\/cz\\\/domovska-stranka\\\/\"},{\"@type\":\"ListItem\",\"position\":2,\"name\":\"Epizoda 37: Rozlo\u017een\u00ed n\u00e1kladu na n\u00e1kladn\u00edch vozidlech &#8211; jak spr\u00e1vn\u011b vypo\u010d\u00edtat hodnoty?\"}]},{\"@type\":\"WebSite\",\"@id\":\"https:\\\/\\\/rothschenk.de\\\/cz\\\/#website\",\"url\":\"https:\\\/\\\/rothschenk.de\\\/cz\\\/\",\"name\":\"Rothschenk - Der Online Shop f\u00fcr Ladungssicherung\",\"description\":\"Der Online Shop f\u00fcr Ladungssicherung\",\"potentialAction\":[{\"@type\":\"SearchAction\",\"target\":{\"@type\":\"EntryPoint\",\"urlTemplate\":\"https:\\\/\\\/rothschenk.de\\\/cz\\\/?s={search_term_string}\"},\"query-input\":{\"@type\":\"PropertyValueSpecification\",\"valueRequired\":true,\"valueName\":\"search_term_string\"}}],\"inLanguage\":\"cs\"},{\"@type\":\"Person\",\"@id\":\"https:\\\/\\\/rothschenk.de\\\/cz\\\/#\\\/schema\\\/person\\\/8878c3ce4ac9607e11b12c500ead07e8\",\"name\":\"Sigurd Ehringer\",\"image\":{\"@type\":\"ImageObject\",\"inLanguage\":\"cs\",\"@id\":\"https:\\\/\\\/rothschenk.de\\\/wp-content\\\/uploads\\\/2024\\\/02\\\/sigurd-ehringer-ladungssicherung-ausbilder-und-berater-96x96.jpg\",\"url\":\"https:\\\/\\\/rothschenk.de\\\/wp-content\\\/uploads\\\/2024\\\/02\\\/sigurd-ehringer-ladungssicherung-ausbilder-und-berater-96x96.jpg\",\"contentUrl\":\"https:\\\/\\\/rothschenk.de\\\/wp-content\\\/uploads\\\/2024\\\/02\\\/sigurd-ehringer-ladungssicherung-ausbilder-und-berater-96x96.jpg\",\"caption\":\"Sigurd Ehringer\"},\"description\":\"\u2714 VDI-zertifizierter Ausbilder f\u00fcr Ladungssicherung \u2714 Fachbuch-Autor \u2714 8 Jahre Projektmanager \u2714 12 Jahre bei der Bundeswehr (Kompaniechef) \u2714 20 Jahre Vertriebserfahrung \u2714 seit 1996 Berater\\\/Ausbilder in der Logistik \u2714 44 Jahre Ausbilder\\\/Trainer in verschiedenen Bereichen ---&gt; In einer Reihe von Fachbeitr\u00e4gen aus der Praxis, zu Themen rund um den Container und LKW, erhalten Sie Profiwissen aus erster Hand. Wie sichert man Ladung korrekt und was sind die Grundlagen der Ladungssicherung? Erarbeitet und vorgestellt werden sie von Sigurd Ehringer, Inhaber von SE-LogCon.\",\"url\":\"https:\\\/\\\/rothschenk.de\\\/cz\\\/author\\\/sigurd-ehringer\\\/\"}]}<\/script>\n<!-- \/ Yoast SEO plugin. -->","yoast_head_json":{"title":"Rozlo\u017een\u00ed n\u00e1kladu na n\u00e1kladn\u00edch vozidlech | V\u00fdpo\u010dty | P\u0159\u00edklady - Rothschenk","description":"Jak\u00e1 z\u00e1t\u011b\u017e vznik\u00e1? \u2714 Co je t\u0159eba vz\u00edt v \u00favahu p\u0159i nakl\u00e1d\u00e1n\u00ed? \u2714 K\u00f3d XL \u2714 B\u011b\u017en\u00e9 chyby \u2714 Po\u0161kozen\u00ed \u2714 Praktick\u00e9 p\u0159\u00edklady + \u0159e\u0161en\u00ed","robots":{"index":"index","follow":"follow","max-snippet":"max-snippet:-1","max-image-preview":"max-image-preview:large","max-video-preview":"max-video-preview:-1"},"canonical":"https:\/\/rothschenk.de\/cz\/epizoda-37-rozlozeni-nakladu-na-nakladnich-vozidlech-jak-spravne-vypocitat-hodnoty\/","og_locale":"cs_CZ","og_type":"article","og_title":"Rozlo\u017een\u00ed n\u00e1kladu na n\u00e1kladn\u00edch vozidlech | V\u00fdpo\u010dty | P\u0159\u00edklady - Rothschenk","og_description":"Jak\u00e1 z\u00e1t\u011b\u017e vznik\u00e1? \u2714 Co je t\u0159eba vz\u00edt v \u00favahu p\u0159i nakl\u00e1d\u00e1n\u00ed? \u2714 K\u00f3d XL \u2714 B\u011b\u017en\u00e9 chyby \u2714 Po\u0161kozen\u00ed \u2714 Praktick\u00e9 p\u0159\u00edklady + \u0159e\u0161en\u00ed","og_url":"https:\/\/rothschenk.de\/cz\/epizoda-37-rozlozeni-nakladu-na-nakladnich-vozidlech-jak-spravne-vypocitat-hodnoty\/","og_site_name":"Rothschenk","article_publisher":"https:\/\/de-de.facebook.com\/FirmaRothschenk\/","article_published_time":"2023-11-06T13:15:49+00:00","article_modified_time":"2025-06-30T14:59:46+00:00","og_image":[{"width":799,"height":634,"url":"https:\/\/rothschenk.de\/wp-content\/uploads\/2023\/11\/lastenverteilung-am-lkw-lasi-blog-sigurd-ehringer-rothschenk-ladungssicherung.jpg","type":"image\/jpeg"}],"author":"Sigurd Ehringer","twitter_card":"summary_large_image","twitter_misc":{"Napsal(a)":"Sigurd Ehringer","Odhadovan\u00e1 doba \u010dten\u00ed":"5 minut"},"schema":{"@context":"https:\/\/schema.org","@graph":[{"@type":"Article","@id":"https:\/\/rothschenk.de\/cz\/epizoda-37-rozlozeni-nakladu-na-nakladnich-vozidlech-jak-spravne-vypocitat-hodnoty\/#article","isPartOf":{"@id":"https:\/\/rothschenk.de\/cz\/epizoda-37-rozlozeni-nakladu-na-nakladnich-vozidlech-jak-spravne-vypocitat-hodnoty\/"},"author":{"name":"Sigurd Ehringer","@id":"https:\/\/rothschenk.de\/cz\/#\/schema\/person\/8878c3ce4ac9607e11b12c500ead07e8"},"headline":"Epizoda 37: Rozlo\u017een\u00ed n\u00e1kladu na n\u00e1kladn\u00edch vozidlech &#8211; jak spr\u00e1vn\u011b vypo\u010d\u00edtat hodnoty?","datePublished":"2023-11-06T13:15:49+00:00","dateModified":"2025-06-30T14:59:46+00:00","mainEntityOfPage":{"@id":"https:\/\/rothschenk.de\/cz\/epizoda-37-rozlozeni-nakladu-na-nakladnich-vozidlech-jak-spravne-vypocitat-hodnoty\/"},"wordCount":1115,"commentCount":0,"image":{"@id":"https:\/\/rothschenk.de\/cz\/epizoda-37-rozlozeni-nakladu-na-nakladnich-vozidlech-jak-spravne-vypocitat-hodnoty\/#primaryimage"},"thumbnailUrl":"https:\/\/rothschenk.de\/wp-content\/uploads\/2023\/11\/lastenverteilung-am-lkw-lasi-blog-sigurd-ehringer-rothschenk-ladungssicherung.jpg","articleSection":["Cargo Blog","Fyzick\u00e1 str\u00e1nka","LORRY"],"inLanguage":"cs","potentialAction":[{"@type":"CommentAction","name":"Comment","target":["https:\/\/rothschenk.de\/cz\/epizoda-37-rozlozeni-nakladu-na-nakladnich-vozidlech-jak-spravne-vypocitat-hodnoty\/#respond"]}]},{"@type":"WebPage","@id":"https:\/\/rothschenk.de\/cz\/epizoda-37-rozlozeni-nakladu-na-nakladnich-vozidlech-jak-spravne-vypocitat-hodnoty\/","url":"https:\/\/rothschenk.de\/cz\/epizoda-37-rozlozeni-nakladu-na-nakladnich-vozidlech-jak-spravne-vypocitat-hodnoty\/","name":"Rozlo\u017een\u00ed n\u00e1kladu na n\u00e1kladn\u00edch vozidlech | V\u00fdpo\u010dty | P\u0159\u00edklady - Rothschenk","isPartOf":{"@id":"https:\/\/rothschenk.de\/cz\/#website"},"primaryImageOfPage":{"@id":"https:\/\/rothschenk.de\/cz\/epizoda-37-rozlozeni-nakladu-na-nakladnich-vozidlech-jak-spravne-vypocitat-hodnoty\/#primaryimage"},"image":{"@id":"https:\/\/rothschenk.de\/cz\/epizoda-37-rozlozeni-nakladu-na-nakladnich-vozidlech-jak-spravne-vypocitat-hodnoty\/#primaryimage"},"thumbnailUrl":"https:\/\/rothschenk.de\/wp-content\/uploads\/2023\/11\/lastenverteilung-am-lkw-lasi-blog-sigurd-ehringer-rothschenk-ladungssicherung.jpg","datePublished":"2023-11-06T13:15:49+00:00","dateModified":"2025-06-30T14:59:46+00:00","author":{"@id":"https:\/\/rothschenk.de\/cz\/#\/schema\/person\/8878c3ce4ac9607e11b12c500ead07e8"},"description":"Jak\u00e1 z\u00e1t\u011b\u017e vznik\u00e1? \u2714 Co je t\u0159eba vz\u00edt v \u00favahu p\u0159i nakl\u00e1d\u00e1n\u00ed? \u2714 K\u00f3d XL \u2714 B\u011b\u017en\u00e9 chyby \u2714 Po\u0161kozen\u00ed \u2714 Praktick\u00e9 p\u0159\u00edklady + \u0159e\u0161en\u00ed","breadcrumb":{"@id":"https:\/\/rothschenk.de\/cz\/epizoda-37-rozlozeni-nakladu-na-nakladnich-vozidlech-jak-spravne-vypocitat-hodnoty\/#breadcrumb"},"inLanguage":"cs","potentialAction":[{"@type":"ReadAction","target":["https:\/\/rothschenk.de\/cz\/epizoda-37-rozlozeni-nakladu-na-nakladnich-vozidlech-jak-spravne-vypocitat-hodnoty\/"]}]},{"@type":"ImageObject","inLanguage":"cs","@id":"https:\/\/rothschenk.de\/cz\/epizoda-37-rozlozeni-nakladu-na-nakladnich-vozidlech-jak-spravne-vypocitat-hodnoty\/#primaryimage","url":"https:\/\/rothschenk.de\/wp-content\/uploads\/2023\/11\/lastenverteilung-am-lkw-lasi-blog-sigurd-ehringer-rothschenk-ladungssicherung.jpg","contentUrl":"https:\/\/rothschenk.de\/wp-content\/uploads\/2023\/11\/lastenverteilung-am-lkw-lasi-blog-sigurd-ehringer-rothschenk-ladungssicherung.jpg"},{"@type":"BreadcrumbList","@id":"https:\/\/rothschenk.de\/cz\/epizoda-37-rozlozeni-nakladu-na-nakladnich-vozidlech-jak-spravne-vypocitat-hodnoty\/#breadcrumb","itemListElement":[{"@type":"ListItem","position":1,"name":"Domovsk\u00e1 str\u00e1nka","item":"https:\/\/rothschenk.de\/cz\/domovska-stranka\/"},{"@type":"ListItem","position":2,"name":"Epizoda 37: Rozlo\u017een\u00ed n\u00e1kladu na n\u00e1kladn\u00edch vozidlech &#8211; jak spr\u00e1vn\u011b vypo\u010d\u00edtat hodnoty?"}]},{"@type":"WebSite","@id":"https:\/\/rothschenk.de\/cz\/#website","url":"https:\/\/rothschenk.de\/cz\/","name":"Rothschenk - Der Online Shop f\u00fcr Ladungssicherung","description":"Der Online Shop f\u00fcr Ladungssicherung","potentialAction":[{"@type":"SearchAction","target":{"@type":"EntryPoint","urlTemplate":"https:\/\/rothschenk.de\/cz\/?s={search_term_string}"},"query-input":{"@type":"PropertyValueSpecification","valueRequired":true,"valueName":"search_term_string"}}],"inLanguage":"cs"},{"@type":"Person","@id":"https:\/\/rothschenk.de\/cz\/#\/schema\/person\/8878c3ce4ac9607e11b12c500ead07e8","name":"Sigurd Ehringer","image":{"@type":"ImageObject","inLanguage":"cs","@id":"https:\/\/rothschenk.de\/wp-content\/uploads\/2024\/02\/sigurd-ehringer-ladungssicherung-ausbilder-und-berater-96x96.jpg","url":"https:\/\/rothschenk.de\/wp-content\/uploads\/2024\/02\/sigurd-ehringer-ladungssicherung-ausbilder-und-berater-96x96.jpg","contentUrl":"https:\/\/rothschenk.de\/wp-content\/uploads\/2024\/02\/sigurd-ehringer-ladungssicherung-ausbilder-und-berater-96x96.jpg","caption":"Sigurd Ehringer"},"description":"\u2714 VDI-zertifizierter Ausbilder f\u00fcr Ladungssicherung \u2714 Fachbuch-Autor \u2714 8 Jahre Projektmanager \u2714 12 Jahre bei der Bundeswehr (Kompaniechef) \u2714 20 Jahre Vertriebserfahrung \u2714 seit 1996 Berater\/Ausbilder in der Logistik \u2714 44 Jahre Ausbilder\/Trainer in verschiedenen Bereichen ---&gt; In einer Reihe von Fachbeitr\u00e4gen aus der Praxis, zu Themen rund um den Container und LKW, erhalten Sie Profiwissen aus erster Hand. Wie sichert man Ladung korrekt und was sind die Grundlagen der Ladungssicherung? Erarbeitet und vorgestellt werden sie von Sigurd Ehringer, Inhaber von SE-LogCon.","url":"https:\/\/rothschenk.de\/cz\/author\/sigurd-ehringer\/"}]}},"_links":{"self":[{"href":"https:\/\/rothschenk.de\/cz\/wp-json\/wp\/v2\/posts\/680306","targetHints":{"allow":["GET"]}}],"collection":[{"href":"https:\/\/rothschenk.de\/cz\/wp-json\/wp\/v2\/posts"}],"about":[{"href":"https:\/\/rothschenk.de\/cz\/wp-json\/wp\/v2\/types\/post"}],"author":[{"embeddable":true,"href":"https:\/\/rothschenk.de\/cz\/wp-json\/wp\/v2\/users\/1536"}],"replies":[{"embeddable":true,"href":"https:\/\/rothschenk.de\/cz\/wp-json\/wp\/v2\/comments?post=680306"}],"version-history":[{"count":1,"href":"https:\/\/rothschenk.de\/cz\/wp-json\/wp\/v2\/posts\/680306\/revisions"}],"predecessor-version":[{"id":680309,"href":"https:\/\/rothschenk.de\/cz\/wp-json\/wp\/v2\/posts\/680306\/revisions\/680309"}],"wp:attachment":[{"href":"https:\/\/rothschenk.de\/cz\/wp-json\/wp\/v2\/media?parent=680306"}],"wp:term":[{"taxonomy":"category","embeddable":true,"href":"https:\/\/rothschenk.de\/cz\/wp-json\/wp\/v2\/categories?post=680306"},{"taxonomy":"post_tag","embeddable":true,"href":"https:\/\/rothschenk.de\/cz\/wp-json\/wp\/v2\/tags?post=680306"}],"curies":[{"name":"wp","href":"https:\/\/api.w.org\/{rel}","templated":true}]}}