{"id":680672,"date":"2024-05-08T11:43:59","date_gmt":"2024-05-08T09:43:59","guid":{"rendered":"https:\/\/rothschenk.de\/epizoda-42-kliny-pro-upevneni-nakladu\/"},"modified":"2025-06-30T17:01:07","modified_gmt":"2025-06-30T15:01:07","slug":"epizoda-42-kliny-pro-upevneni-nakladu","status":"publish","type":"post","link":"https:\/\/rothschenk.de\/cz\/epizoda-42-kliny-pro-upevneni-nakladu\/","title":{"rendered":"Epizoda 42: Kl\u00edny pro upevn\u011bn\u00ed n\u00e1kladu"},"content":{"rendered":"\n<p>V n\u011bkter\u00fdch p\u0159\u00edpadech zaji\u0161t\u011bn\u00ed n\u00e1kladu jsou kl\u00edny naprosto vhodn\u00fdm \u0159e\u0161en\u00edm. Zejm\u00e9na kulat\u00e9 n\u00e1klady, jako jsou trubky, sloupy, sto\u017e\u00e1ry a samoz\u0159ejm\u011b kola. \u010casto v\u0161ak chyb\u00ed znalosti o tom, jak\u00e9 tvary kl\u00edn\u016f jsou k dispozici, jak\u00e9 p\u0159edpisy plat\u00ed a jak by se m\u011bly pou\u017e\u00edvat. Nejv\u00edce chyb se d\u011bl\u00e1 zejm\u00e9na p\u0159i \u0159ez\u00e1n\u00ed d\u0159ev\u011bn\u00fdch kl\u00edn\u016f.<br\/>D\u016fle\u017eit\u00fdm zdrojem je VDI-2700 09-2004 &#8222;Zaji\u0161\u0165ov\u00e1n\u00ed n\u00e1kladu na silni\u010dn\u00edch vozidlech&#8220;. Kapitola 3.3 popisuje zbo\u017e\u00ed ve form\u011b rol\u00ed.    <\/p>\n\n<p>T\u00edmto t\u00e9matem bych se cht\u011bl zab\u00fdvat v dne\u0161n\u00edm blogu.<\/p>\n\n<div style=\"height:50px\" aria-hidden=\"true\" class=\"wp-block-spacer\"><\/div>\n\n<div class=\"wp-block-columns has-black-color has-text-color has-background has-link-color wp-elements-efb5a76630ce178448b5c703055d9543 is-layout-flex wp-container-core-columns-is-layout-28f84493 wp-block-columns-is-layout-flex\" style=\"background-color:#f5f5f5\">\n<div class=\"wp-block-column is-vertically-aligned-center is-layout-flow wp-block-column-is-layout-flow\">\n<figure data-wp-context=\"{&quot;imageId&quot;:&quot;69ef7d2704ea6&quot;}\" data-wp-interactive=\"core\/image\" data-wp-key=\"69ef7d2704ea6\" class=\"wp-block-image size-medium wp-lightbox-container\"><img fetchpriority=\"high\" decoding=\"async\" width=\"300\" height=\"300\" data-wp-class--hide=\"state.isContentHidden\" data-wp-class--show=\"state.isContentVisible\" data-wp-init=\"callbacks.setButtonStyles\" data-wp-on--click=\"actions.showLightbox\" data-wp-on--load=\"callbacks.setButtonStyles\" data-wp-on-window--resize=\"callbacks.setButtonStyles\" src=\"https:\/\/rothschenk.de\/wp-content\/uploads\/2024\/03\/info-icon-rothschenk-schwarz-300x300.png\" alt=\"\" class=\"wp-image-146591\" srcset=\"https:\/\/rothschenk.de\/wp-content\/uploads\/2024\/03\/info-icon-rothschenk-schwarz-300x300.png 300w, https:\/\/rothschenk.de\/wp-content\/uploads\/2024\/03\/info-icon-rothschenk-schwarz-150x150.png 150w, https:\/\/rothschenk.de\/wp-content\/uploads\/2024\/03\/info-icon-rothschenk-schwarz-768x768.png 768w, https:\/\/rothschenk.de\/wp-content\/uploads\/2024\/03\/info-icon-rothschenk-schwarz-600x600.png 600w, https:\/\/rothschenk.de\/wp-content\/uploads\/2024\/03\/info-icon-rothschenk-schwarz-100x100.png 100w, https:\/\/rothschenk.de\/wp-content\/uploads\/2024\/03\/info-icon-rothschenk-schwarz.png 1024w\" sizes=\"(max-width: 300px) 100vw, 300px\" \/><button\n\t\t\tclass=\"lightbox-trigger\"\n\t\t\ttype=\"button\"\n\t\t\taria-haspopup=\"dialog\"\n\t\t\taria-label=\"Zv\u011bt\u0161it\"\n\t\t\tdata-wp-init=\"callbacks.initTriggerButton\"\n\t\t\tdata-wp-on--click=\"actions.showLightbox\"\n\t\t\tdata-wp-style--right=\"state.imageButtonRight\"\n\t\t\tdata-wp-style--top=\"state.imageButtonTop\"\n\t\t>\n\t\t\t<svg xmlns=\"http:\/\/www.w3.org\/2000\/svg\" width=\"12\" height=\"12\" fill=\"none\" viewBox=\"0 0 12 12\">\n\t\t\t\t<path fill=\"#fff\" d=\"M2 0a2 2 0 0 0-2 2v2h1.5V2a.5.5 0 0 1 .5-.5h2V0H2Zm2 10.5H2a.5.5 0 0 1-.5-.5V8H0v2a2 2 0 0 0 2 2h2v-1.5ZM8 12v-1.5h2a.5.5 0 0 0 .5-.5V8H12v2a2 2 0 0 1-2 2H8Zm2-12a2 2 0 0 1 2 2v2h-1.5V2a.5.5 0 0 0-.5-.5H8V0h2Z\" \/>\n\t\t\t<\/svg>\n\t\t<\/button><\/figure>\n<\/div>\n\n\n\n<div class=\"wp-block-column is-vertically-aligned-center is-layout-flow wp-block-column-is-layout-flow\" style=\"flex-basis:75%\">\n<p>V z\u00e1sad\u011b existuj\u00ed dv\u011b varianty kl\u00ednov\u00fdch profil\u016f:<\/p>\n\n\n\n<ul class=\"wp-block-list\">\n<li><strong>krabicov\u00fd kl\u00edn a  <\/strong><\/li>\n\n\n\n<li><strong>trubkov\u00fd\/v\u00e1lcov\u00fd kl\u00edn<\/strong><\/li>\n<\/ul>\n\n\n\n<p>Li\u0161\u00ed se \u00fahlem kl\u00ednu vzhledem ke sm\u011bru vl\u00e1ken d\u0159eva.<\/p>\n<\/div>\n<\/div>\n\n<div style=\"height:35px\" aria-hidden=\"true\" class=\"wp-block-spacer\"><\/div>\n\n<div class=\"wp-block-columns is-layout-flex wp-container-core-columns-is-layout-28f84493 wp-block-columns-is-layout-flex\">\n<div class=\"wp-block-column is-layout-flow wp-block-column-is-layout-flow\">\n<figure data-wp-context=\"{&quot;imageId&quot;:&quot;69ef7d2705c7b&quot;}\" data-wp-interactive=\"core\/image\" data-wp-key=\"69ef7d2705c7b\" class=\"wp-block-image size-full wp-lightbox-container\"><img decoding=\"async\" width=\"400\" height=\"300\" data-wp-class--hide=\"state.isContentHidden\" data-wp-class--show=\"state.isContentVisible\" data-wp-init=\"callbacks.setButtonStyles\" data-wp-on--click=\"actions.showLightbox\" data-wp-on--load=\"callbacks.setButtonStyles\" data-wp-on-window--resize=\"callbacks.setButtonStyles\" src=\"https:\/\/rothschenk.de\/wp-content\/uploads\/2024\/05\/keile-zur-ladungssicherung-rohrkeil.jpg\" alt=\"\" class=\"wp-image-175024\" style=\"aspect-ratio:4\/3;object-fit:cover\" srcset=\"https:\/\/rothschenk.de\/wp-content\/uploads\/2024\/05\/keile-zur-ladungssicherung-rohrkeil.jpg 400w, https:\/\/rothschenk.de\/wp-content\/uploads\/2024\/05\/keile-zur-ladungssicherung-rohrkeil-300x225.jpg 300w\" sizes=\"(max-width: 400px) 100vw, 400px\" \/><button\n\t\t\tclass=\"lightbox-trigger\"\n\t\t\ttype=\"button\"\n\t\t\taria-haspopup=\"dialog\"\n\t\t\taria-label=\"Zv\u011bt\u0161it\"\n\t\t\tdata-wp-init=\"callbacks.initTriggerButton\"\n\t\t\tdata-wp-on--click=\"actions.showLightbox\"\n\t\t\tdata-wp-style--right=\"state.imageButtonRight\"\n\t\t\tdata-wp-style--top=\"state.imageButtonTop\"\n\t\t>\n\t\t\t<svg xmlns=\"http:\/\/www.w3.org\/2000\/svg\" width=\"12\" height=\"12\" fill=\"none\" viewBox=\"0 0 12 12\">\n\t\t\t\t<path fill=\"#fff\" d=\"M2 0a2 2 0 0 0-2 2v2h1.5V2a.5.5 0 0 1 .5-.5h2V0H2Zm2 10.5H2a.5.5 0 0 1-.5-.5V8H0v2a2 2 0 0 0 2 2h2v-1.5ZM8 12v-1.5h2a.5.5 0 0 0 .5-.5V8H12v2a2 2 0 0 1-2 2H8Zm2-12a2 2 0 0 1 2 2v2h-1.5V2a.5.5 0 0 0-.5-.5H8V0h2Z\" \/>\n\t\t\t<\/svg>\n\t\t<\/button><\/figure>\n<\/div>\n\n\n\n<div class=\"wp-block-column is-layout-flow wp-block-column-is-layout-flow\">\n<figure data-wp-context=\"{&quot;imageId&quot;:&quot;69ef7d270613d&quot;}\" data-wp-interactive=\"core\/image\" data-wp-key=\"69ef7d270613d\" class=\"wp-block-image size-full wp-lightbox-container\"><img decoding=\"async\" width=\"400\" height=\"300\" data-wp-class--hide=\"state.isContentHidden\" data-wp-class--show=\"state.isContentVisible\" data-wp-init=\"callbacks.setButtonStyles\" data-wp-on--click=\"actions.showLightbox\" data-wp-on--load=\"callbacks.setButtonStyles\" data-wp-on-window--resize=\"callbacks.setButtonStyles\" src=\"https:\/\/rothschenk.de\/wp-content\/uploads\/2024\/05\/keile-zur-ladungssicherung-kistenkeil-grafik.jpg\" alt=\"\" class=\"wp-image-175027\" style=\"aspect-ratio:4\/3;object-fit:cover\" srcset=\"https:\/\/rothschenk.de\/wp-content\/uploads\/2024\/05\/keile-zur-ladungssicherung-kistenkeil-grafik.jpg 400w, https:\/\/rothschenk.de\/wp-content\/uploads\/2024\/05\/keile-zur-ladungssicherung-kistenkeil-grafik-300x225.jpg 300w\" sizes=\"(max-width: 400px) 100vw, 400px\" \/><button\n\t\t\tclass=\"lightbox-trigger\"\n\t\t\ttype=\"button\"\n\t\t\taria-haspopup=\"dialog\"\n\t\t\taria-label=\"Zv\u011bt\u0161it\"\n\t\t\tdata-wp-init=\"callbacks.initTriggerButton\"\n\t\t\tdata-wp-on--click=\"actions.showLightbox\"\n\t\t\tdata-wp-style--right=\"state.imageButtonRight\"\n\t\t\tdata-wp-style--top=\"state.imageButtonTop\"\n\t\t>\n\t\t\t<svg xmlns=\"http:\/\/www.w3.org\/2000\/svg\" width=\"12\" height=\"12\" fill=\"none\" viewBox=\"0 0 12 12\">\n\t\t\t\t<path fill=\"#fff\" d=\"M2 0a2 2 0 0 0-2 2v2h1.5V2a.5.5 0 0 1 .5-.5h2V0H2Zm2 10.5H2a.5.5 0 0 1-.5-.5V8H0v2a2 2 0 0 0 2 2h2v-1.5ZM8 12v-1.5h2a.5.5 0 0 0 .5-.5V8H12v2a2 2 0 0 1-2 2H8Zm2-12a2 2 0 0 1 2 2v2h-1.5V2a.5.5 0 0 0-.5-.5H8V0h2Z\" \/>\n\t\t\t<\/svg>\n\t\t<\/button><\/figure>\n<\/div>\n<\/div>\n\n<p>U trubkov\u00e9ho kl\u00ednu prob\u00edh\u00e1 pod\u00e9ln\u00fd sm\u011br d\u0159ev\u011bn\u00fdch vl\u00e1ken pod\u00e9l strany b\u0159emene. U sk\u0159\u00ed\u0148ov\u00fdch kl\u00edn\u016f prob\u00edh\u00e1 pod\u00e9ln\u00fd sm\u011br d\u0159ev\u011bn\u00fdch vl\u00e1ken na opa\u010dn\u00e9 stran\u011b b\u0159emene. <\/p>\n\n<p>Princip fungov\u00e1n\u00ed tohoto zp\u016fsobu zaji\u0161t\u011bn\u00ed se naz\u00fdv\u00e1 &#8222;pozitivn\u00ed zaji\u0161t\u011bn\u00ed&#8220; kruhov\u00e9ho nebo \u010dtvercov\u00e9ho profilu proti vodorovn\u00e9mu pohybu. Sm\u011br b\u011bhu vl\u00e1ken je d\u016fle\u017eit\u00fd, proto\u017ee h\u0159eb\u00edky k nim mus\u00ed b\u00fdt v\u017edy p\u0159ipevn\u011bny v prav\u00e9m \u00fahlu. V tom se krabicov\u00e9 a trubkov\u00e9 kl\u00edny li\u0161\u00ed.  <\/p>\n\n<div style=\"height:50px\" aria-hidden=\"true\" class=\"wp-block-spacer\"><\/div>\n\n<div class=\"wp-block-group is-layout-constrained wp-block-group-is-layout-constrained\">\n<h2 class=\"wp-block-heading\">Kl\u00edn na bedny<\/h2>\n\n\n\n<h3 class=\"wp-block-heading\">V\u00fdroba kl\u00ednu na bednu<\/h3>\n\n\n\n<div class=\"wp-block-columns is-layout-flex wp-container-core-columns-is-layout-28f84493 wp-block-columns-is-layout-flex\">\n<div class=\"wp-block-column is-layout-flow wp-block-column-is-layout-flow\" style=\"flex-basis:50%\">\n<p>Prvn\u00ed obr\u00e1zek ukazuje sch\u00e9ma s \u0159ezn\u00fdmi \u010darami pro pilu p\u0159i v\u00fdrob\u011b sk\u0159\u00ed\u0148ov\u00e9ho kl\u00ednu z tr\u00e1mu.<\/p>\n<\/div>\n\n\n\n<div class=\"wp-block-column is-layout-flow wp-block-column-is-layout-flow\" style=\"flex-basis:50%\">\n<figure class=\"wp-block-image size-full is-resized\"><img loading=\"lazy\" decoding=\"async\" width=\"400\" height=\"300\" src=\"https:\/\/rothschenk.de\/wp-content\/uploads\/2024\/05\/keile-zur-ladungssicherung-kistenkeil-grafik-schnittlinien-schema.jpg\" alt=\"\" class=\"wp-image-175030\" style=\"object-fit:cover;width:400px;height:300px\" srcset=\"https:\/\/rothschenk.de\/wp-content\/uploads\/2024\/05\/keile-zur-ladungssicherung-kistenkeil-grafik-schnittlinien-schema.jpg 400w, https:\/\/rothschenk.de\/wp-content\/uploads\/2024\/05\/keile-zur-ladungssicherung-kistenkeil-grafik-schnittlinien-schema-300x225.jpg 300w\" sizes=\"(max-width: 400px) 100vw, 400px\" \/><\/figure>\n<\/div>\n<\/div>\n\n\n\n<h3 class=\"wp-block-heading\">Pou\u017eit\u00ed kl\u00ednu na bedny<\/h3>\n\n\n\n<div class=\"wp-block-columns is-layout-flex wp-container-core-columns-is-layout-28f84493 wp-block-columns-is-layout-flex\">\n<div class=\"wp-block-column is-layout-flow wp-block-column-is-layout-flow\" style=\"flex-basis:50%\">\n<p>Nejprve je t\u0159eba b\u0159emeno um\u00edstit na zat\u011b\u017eovac\u00ed plochu z m\u011bkk\u00e9ho d\u0159eva, na kterou lze p\u0159ib\u00edjet h\u0159eb\u00edky.<br\/>Pak se nejprve um\u00edst\u00ed tahov\u00fd h\u0159eb\u00edk. Ten zajist\u00ed rovn\u00e9, pozitivn\u00ed um\u00edst\u011bn\u00ed kl\u00ednu. Teprve pot\u00e9 se um\u00edst\u00ed p\u0159\u00eddr\u017en\u00e9 h\u0159eb\u00edky.<br\/>H\u0159eb\u00edky mus\u00ed b\u00fdt zatlu\u010deny do lo\u017en\u00e9 plochy do hloubky osmin\u00e1sobku pr\u016fm\u011bru h\u0159eb\u00edku nebo alespo\u0148 40 mm, aby se vyvinula pot\u0159ebn\u00e1 p\u0159\u00eddr\u017en\u00e1 s\u00edla.<br\/>D\u00e9lku h\u0159eb\u00edku je proto t\u0159eba zvolit odpov\u00eddaj\u00edc\u00edm zp\u016fsobem.  <\/p>\n\n\n\n<p>U pneumatick\u00fdch h\u0159eb\u00edkova\u010dek je t\u0159eba zkontrolovat, zda h\u0159eb\u00edky skute\u010dn\u011b proniknou do podkladu a nezaseknou se pouze v kl\u00ednu.<\/p>\n<\/div>\n\n\n\n<div class=\"wp-block-column is-layout-flow wp-block-column-is-layout-flow\" style=\"flex-basis:50%\">\n<figure class=\"wp-block-image size-full is-resized\"><img loading=\"lazy\" decoding=\"async\" width=\"400\" height=\"300\" src=\"https:\/\/rothschenk.de\/wp-content\/uploads\/2024\/05\/keile-zur-ladungssicherung-kistenkeil-grafik-einsatz.jpg\" alt=\"\" class=\"wp-image-175033\" style=\"object-fit:cover;width:400px;height:300px\" srcset=\"https:\/\/rothschenk.de\/wp-content\/uploads\/2024\/05\/keile-zur-ladungssicherung-kistenkeil-grafik-einsatz.jpg 400w, https:\/\/rothschenk.de\/wp-content\/uploads\/2024\/05\/keile-zur-ladungssicherung-kistenkeil-grafik-einsatz-300x225.jpg 300w\" sizes=\"(max-width: 400px) 100vw, 400px\" \/><\/figure>\n<\/div>\n<\/div>\n\n\n\n<div class=\"wp-block-columns is-layout-flex wp-container-core-columns-is-layout-28f84493 wp-block-columns-is-layout-flex\">\n<div class=\"wp-block-column is-layout-flow wp-block-column-is-layout-flow\"><\/div>\n<\/div>\n<\/div>\n\n<div class=\"wp-block-group is-layout-constrained wp-block-group-is-layout-constrained\">\n<h2 class=\"wp-block-heading\">Potrubn\u00ed kl\u00edn<\/h2>\n\n\n\n<h3 class=\"wp-block-heading\">V\u00fdroba trubkov\u00e9ho kl\u00ednu<\/h3>\n\n\n\n<p>Na obr\u00e1zku je zn\u00e1zorn\u011bno sch\u00e9ma s \u0159ezn\u00fdmi \u010darami pro pilu p\u0159i v\u00fdrob\u011b trubkov\u00e9ho kl\u00ednu ze \u010dtvercov\u00e9ho profilu d\u0159eva.<\/p>\n\n\n\n<p>Nej\u010dast\u011bj\u0161\u00ed p\u0159\u00ed\u010dinou fale\u0161n\u00fdch kl\u00edn\u016f je to, \u017ee je plot na kotou\u010dov\u00e9 pile nastaven na 45\u00b0 a nosn\u00edk se p\u0159i ka\u017ed\u00e9m \u0159ezu ot\u00e1\u010d\u00ed. V\u00fdsledkem nen\u00ed \u017e\u00e1dn\u00fd odpad, ale ani v\u00e1le\u010dkov\u00fd kl\u00edn nebo krabicov\u00fd kl\u00edn. <\/p>\n\n\n\n<div class=\"wp-block-columns is-layout-flex wp-container-core-columns-is-layout-28f84493 wp-block-columns-is-layout-flex\">\n<div class=\"wp-block-column is-layout-flow wp-block-column-is-layout-flow\">\n<figure class=\"wp-block-image size-full\"><img loading=\"lazy\" decoding=\"async\" width=\"400\" height=\"300\" src=\"https:\/\/rothschenk.de\/wp-content\/uploads\/2024\/05\/keile-zur-ladungssicherung-kistenkeil-grafik-schnittlinie-saege.jpg\" alt=\"\" class=\"wp-image-175036\" srcset=\"https:\/\/rothschenk.de\/wp-content\/uploads\/2024\/05\/keile-zur-ladungssicherung-kistenkeil-grafik-schnittlinie-saege.jpg 400w, https:\/\/rothschenk.de\/wp-content\/uploads\/2024\/05\/keile-zur-ladungssicherung-kistenkeil-grafik-schnittlinie-saege-300x225.jpg 300w\" sizes=\"(max-width: 400px) 100vw, 400px\" \/><\/figure>\n<\/div>\n\n\n\n<div class=\"wp-block-column is-layout-flow wp-block-column-is-layout-flow\">\n<figure class=\"wp-block-image size-full\"><img loading=\"lazy\" decoding=\"async\" width=\"400\" height=\"300\" src=\"https:\/\/rothschenk.de\/wp-content\/uploads\/2024\/05\/keile-zur-ladungssicherung-saegen.jpg\" alt=\"\" class=\"wp-image-175039\" srcset=\"https:\/\/rothschenk.de\/wp-content\/uploads\/2024\/05\/keile-zur-ladungssicherung-saegen.jpg 400w, https:\/\/rothschenk.de\/wp-content\/uploads\/2024\/05\/keile-zur-ladungssicherung-saegen-300x225.jpg 300w\" sizes=\"(max-width: 400px) 100vw, 400px\" \/><\/figure>\n<\/div>\n<\/div>\n\n\n\n<h3 class=\"wp-block-heading\">Pou\u017eit\u00ed trubkov\u00e9ho kl\u00ednu<\/h3>\n\n\n\n<p>Na rozd\u00edl od bednov\u00e9ho kl\u00ednu je t\u0159eba dvojice trubkov\u00fdch kl\u00edn\u016f nejprve um\u00edstit a p\u0159ib\u00edt. Vzd\u00e1lenost mezi kl\u00edny z\u00e1vis\u00ed na pr\u016fm\u011bru b\u0159emene a mus\u00ed se p\u0159edem zm\u011b\u0159it\/vypo\u010d\u00edtat. N\u00e1klad lze ulo\u017eit a\u017e po p\u0159ibit\u00ed kl\u00edn\u016f.  <\/p>\n\n\n\n<p>Ide\u00e1ln\u00ed je, kdy\u017e se b\u0159emeno dot\u00fdk\u00e1 kl\u00edn\u016f jako bodov\u00e9 zat\u00ed\u017een\u00ed, proto\u017ee je pak optim\u00e1ln\u011b dr\u017eeno. Vzd\u00e1lenost mezi nejni\u017e\u0161\u00edm bodem b\u0159emene a lo\u017enou plochou by m\u011bla b\u00fdt alespo\u0148 20 mm. <\/p>\n\n\n\n<p>\u010castou chybou je postupovat v opa\u010dn\u00e9m po\u0159ad\u00ed. Nejprve se ulo\u017e\u00ed n\u00e1klad a pot\u00e9 se um\u00edst\u00ed kl\u00edny. Vznikne tak nestabiln\u00ed t\u0159\u00edbodov\u00e1 podp\u011bra, kter\u00e1 umo\u017e\u0148uje, aby se n\u00e1klad b\u011bhem p\u0159epravy pohyboval. Proto\u017ee jsou kl\u00edny p\u0159ibity z vn\u011bj\u0161\u00ed strany, mohou se p\u0159i t\u011bchto pohybech uvolnit a ztr\u00e1c\u00ed se zaji\u0161\u0165ovac\u00ed \u00fa\u010dinek.   <\/p>\n\n\n\n<figure class=\"wp-block-gallery has-nested-images columns-default is-cropped wp-block-gallery-1 is-layout-flex wp-block-gallery-is-layout-flex\">\n<figure class=\"wp-block-image size-large\"><img loading=\"lazy\" decoding=\"async\" width=\"400\" height=\"300\" data-id=\"175042\" src=\"https:\/\/rothschenk.de\/wp-content\/uploads\/2024\/05\/keile-zur-ladungssicherung-einsatz-des-rohrkeils.jpg\" alt=\"\" class=\"wp-image-175042\" srcset=\"https:\/\/rothschenk.de\/wp-content\/uploads\/2024\/05\/keile-zur-ladungssicherung-einsatz-des-rohrkeils.jpg 400w, https:\/\/rothschenk.de\/wp-content\/uploads\/2024\/05\/keile-zur-ladungssicherung-einsatz-des-rohrkeils-300x225.jpg 300w\" sizes=\"(max-width: 400px) 100vw, 400px\" \/><\/figure>\n\n\n\n<figure class=\"wp-block-image size-large\"><img loading=\"lazy\" decoding=\"async\" width=\"400\" height=\"300\" data-id=\"175045\" src=\"https:\/\/rothschenk.de\/wp-content\/uploads\/2024\/05\/keile-zur-ladungssicherung-einsatz-des-rohrkeils-2.jpg\" alt=\"\" class=\"wp-image-175045\" srcset=\"https:\/\/rothschenk.de\/wp-content\/uploads\/2024\/05\/keile-zur-ladungssicherung-einsatz-des-rohrkeils-2.jpg 400w, https:\/\/rothschenk.de\/wp-content\/uploads\/2024\/05\/keile-zur-ladungssicherung-einsatz-des-rohrkeils-2-300x225.jpg 300w\" sizes=\"(max-width: 400px) 100vw, 400px\" \/><\/figure>\n\n\n\n<figure class=\"wp-block-image size-large\"><img loading=\"lazy\" decoding=\"async\" width=\"400\" height=\"300\" data-id=\"175048\" src=\"https:\/\/rothschenk.de\/wp-content\/uploads\/2024\/05\/keile-zur-ladungssicherung-einsatz-des-rohrkeils-falsch.jpg\" alt=\"\" class=\"wp-image-175048\" srcset=\"https:\/\/rothschenk.de\/wp-content\/uploads\/2024\/05\/keile-zur-ladungssicherung-einsatz-des-rohrkeils-falsch.jpg 400w, https:\/\/rothschenk.de\/wp-content\/uploads\/2024\/05\/keile-zur-ladungssicherung-einsatz-des-rohrkeils-falsch-300x225.jpg 300w\" sizes=\"(max-width: 400px) 100vw, 400px\" \/><\/figure>\n<\/figure>\n\n\n\n<div style=\"height:50px\" aria-hidden=\"true\" class=\"wp-block-spacer\"><\/div>\n\n\n\n<div class=\"wp-block-columns is-layout-flex wp-container-core-columns-is-layout-28f84493 wp-block-columns-is-layout-flex\">\n<div class=\"wp-block-column is-layout-flow wp-block-column-is-layout-flow\" style=\"flex-basis:100%\">\n<div class=\"wp-block-columns has-white-color has-text-color has-background has-link-color wp-elements-d2ff03525da91d3a1c4c969be0a64915 is-layout-flex wp-container-core-columns-is-layout-28f84493 wp-block-columns-is-layout-flex\" style=\"background-color:#f5f5f5\">\n<div class=\"wp-block-column is-vertically-aligned-center is-layout-flow wp-block-column-is-layout-flow\">\n<figure data-wp-context=\"{&quot;imageId&quot;:&quot;69ef7d270750b&quot;}\" data-wp-interactive=\"core\/image\" data-wp-key=\"69ef7d270750b\" class=\"wp-block-image size-medium wp-lightbox-container\"><img loading=\"lazy\" decoding=\"async\" width=\"300\" height=\"225\" data-wp-class--hide=\"state.isContentHidden\" data-wp-class--show=\"state.isContentVisible\" data-wp-init=\"callbacks.setButtonStyles\" data-wp-on--click=\"actions.showLightbox\" data-wp-on--load=\"callbacks.setButtonStyles\" data-wp-on-window--resize=\"callbacks.setButtonStyles\" src=\"https:\/\/rothschenk.de\/wp-content\/uploads\/2024\/05\/keile-zur-ladungssicherung-einsatz-des-rohrkeils-dreipunktauflage-300x225.jpg\" alt=\"\" class=\"wp-image-175053\" srcset=\"https:\/\/rothschenk.de\/wp-content\/uploads\/2024\/05\/keile-zur-ladungssicherung-einsatz-des-rohrkeils-dreipunktauflage-300x225.jpg 300w, https:\/\/rothschenk.de\/wp-content\/uploads\/2024\/05\/keile-zur-ladungssicherung-einsatz-des-rohrkeils-dreipunktauflage.jpg 400w\" sizes=\"(max-width: 300px) 100vw, 300px\" \/><button\n\t\t\tclass=\"lightbox-trigger\"\n\t\t\ttype=\"button\"\n\t\t\taria-haspopup=\"dialog\"\n\t\t\taria-label=\"Zv\u011bt\u0161it\"\n\t\t\tdata-wp-init=\"callbacks.initTriggerButton\"\n\t\t\tdata-wp-on--click=\"actions.showLightbox\"\n\t\t\tdata-wp-style--right=\"state.imageButtonRight\"\n\t\t\tdata-wp-style--top=\"state.imageButtonTop\"\n\t\t>\n\t\t\t<svg xmlns=\"http:\/\/www.w3.org\/2000\/svg\" width=\"12\" height=\"12\" fill=\"none\" viewBox=\"0 0 12 12\">\n\t\t\t\t<path fill=\"#fff\" d=\"M2 0a2 2 0 0 0-2 2v2h1.5V2a.5.5 0 0 1 .5-.5h2V0H2Zm2 10.5H2a.5.5 0 0 1-.5-.5V8H0v2a2 2 0 0 0 2 2h2v-1.5ZM8 12v-1.5h2a.5.5 0 0 0 .5-.5V8H12v2a2 2 0 0 1-2 2H8Zm2-12a2 2 0 0 1 2 2v2h-1.5V2a.5.5 0 0 0-.5-.5H8V0h2Z\" \/>\n\t\t\t<\/svg>\n\t\t<\/button><\/figure>\n<\/div>\n\n\n\n<div class=\"wp-block-column is-vertically-aligned-center is-layout-flow wp-block-column-is-layout-flow\" style=\"flex-basis:75%\">\n<p class=\"has-black-color has-text-color has-link-color wp-elements-dd5f02136081e2845bb359075c654a3f\"><strong>Praktick\u00fd p\u0159\u00edklad<\/strong><\/p>\n\n\n\n<p class=\"has-black-color has-text-color has-link-color wp-elements-8caee84e3053a2e3eb0615b810b80d9d\">Na tomto obr\u00e1zku je jasn\u011b vid\u011bt t\u0159\u00edbodov\u00e1 podp\u011bra. Kl\u00edny jsou tak\u00e9 \u0161patn\u011b vy\u0159\u00edznut\u00e9, proto\u017ee \u00fahly nejsou spr\u00e1vn\u00e9. <\/p>\n<\/div>\n<\/div>\n<\/div>\n<\/div>\n<\/div>\n\n<div style=\"height:35px\" aria-hidden=\"true\" class=\"wp-block-spacer\"><\/div>\n\n<h2 class=\"wp-block-heading\">\u0158ez\u00e1n\u00ed \u00fahlu kl\u00ednu<\/h2>\n\n<p>Pokud je sm\u011br odvalov\u00e1n\u00ed p\u0159i nakl\u00e1d\u00e1n\u00ed z\u00e1rove\u0148 sm\u011brem j\u00edzdy, mus\u00ed b\u00fdt \u00fahel kl\u00ednu na stran\u011b n\u00e1kladu minim\u00e1ln\u011b 39\u00b0. Pokud je nakl\u00e1d\u00e1n\u00ed p\u0159\u00ed\u010dn\u00e9 ke sm\u011bru j\u00edzdy, mus\u00ed b\u00fdt alespo\u0148 35\u00b0.<br\/>Z toho automaticky vypl\u00fdvaj\u00ed proti\u00fahly 55\u00b0, resp. 51\u00b0. <\/p>\n\n<p>Vzd\u00e1lenost mezi op\u011brn\u00fdmi body mus\u00ed b\u00fdt 0,63xD ve sm\u011bru j\u00edzdy a 0,53xD v prav\u00e9m \u00fahlu k n\u011bmu.<br\/>Dal\u0161\u00ed podrobnosti o vzd\u00e1lenostech najdete v tabulce 2 v kapitole 3.3 normy VDI-2700.<\/p>\n\n<div class=\"wp-block-columns is-layout-flex wp-container-core-columns-is-layout-28f84493 wp-block-columns-is-layout-flex\">\n<div class=\"wp-block-column is-layout-flow wp-block-column-is-layout-flow\">\n<figure class=\"wp-block-image size-full\"><img loading=\"lazy\" decoding=\"async\" width=\"400\" height=\"300\" src=\"https:\/\/rothschenk.de\/wp-content\/uploads\/2024\/05\/keile-zur-ladungssicherung-einsatz-des-rohrkeils-schneiden-der-keilwinkel.jpg\" alt=\"\" class=\"wp-image-175058\" srcset=\"https:\/\/rothschenk.de\/wp-content\/uploads\/2024\/05\/keile-zur-ladungssicherung-einsatz-des-rohrkeils-schneiden-der-keilwinkel.jpg 400w, https:\/\/rothschenk.de\/wp-content\/uploads\/2024\/05\/keile-zur-ladungssicherung-einsatz-des-rohrkeils-schneiden-der-keilwinkel-300x225.jpg 300w\" sizes=\"(max-width: 400px) 100vw, 400px\" \/><\/figure>\n<\/div>\n\n\n\n<div class=\"wp-block-column is-layout-flow wp-block-column-is-layout-flow\">\n<figure class=\"wp-block-image size-full\"><img loading=\"lazy\" decoding=\"async\" width=\"400\" height=\"300\" src=\"https:\/\/rothschenk.de\/wp-content\/uploads\/2024\/05\/keile-zur-ladungssicherung-einsatz-des-rohrkeils-abstand-der-auflagepunkte.jpg\" alt=\"\" class=\"wp-image-175061\" srcset=\"https:\/\/rothschenk.de\/wp-content\/uploads\/2024\/05\/keile-zur-ladungssicherung-einsatz-des-rohrkeils-abstand-der-auflagepunkte.jpg 400w, https:\/\/rothschenk.de\/wp-content\/uploads\/2024\/05\/keile-zur-ladungssicherung-einsatz-des-rohrkeils-abstand-der-auflagepunkte-300x225.jpg 300w\" sizes=\"(max-width: 400px) 100vw, 400px\" \/><\/figure>\n<\/div>\n<\/div>\n\n<div style=\"height:35px\" aria-hidden=\"true\" class=\"wp-block-spacer\"><\/div>\n\n<h2 class=\"wp-block-heading\">B\u011b\u017en\u00e9 chyby<\/h2>\n\n<div class=\"wp-block-columns has-white-color has-text-color has-background has-link-color wp-elements-d5b6d5b9237ed07d0aa8c4c4dbdb60a6 is-layout-flex wp-container-core-columns-is-layout-28f84493 wp-block-columns-is-layout-flex\" style=\"background-color:#f5f5f5\">\n<div class=\"wp-block-column is-vertically-aligned-center is-layout-flow wp-block-column-is-layout-flow\">\n<figure class=\"wp-block-image size-large is-resized is-style-default\"><img loading=\"lazy\" decoding=\"async\" width=\"648\" height=\"267\" src=\"https:\/\/rothschenk.de\/wp-content\/uploads\/2024\/05\/keile-zur-ladungssicherung-faserverlauf-2.jpg\" alt=\"\" class=\"wp-image-175254\" style=\"object-fit:cover;width:200px;height:150px\" srcset=\"https:\/\/rothschenk.de\/wp-content\/uploads\/2024\/05\/keile-zur-ladungssicherung-faserverlauf-2.jpg 648w, https:\/\/rothschenk.de\/wp-content\/uploads\/2024\/05\/keile-zur-ladungssicherung-faserverlauf-2-300x124.jpg 300w, https:\/\/rothschenk.de\/wp-content\/uploads\/2024\/05\/keile-zur-ladungssicherung-faserverlauf-2-600x247.jpg 600w\" sizes=\"(max-width: 648px) 100vw, 648px\" \/><\/figure>\n<\/div>\n\n\n\n<div class=\"wp-block-column is-vertically-aligned-center is-layout-flow wp-block-column-is-layout-flow\" style=\"flex-basis:75%\">\n<p class=\"has-black-color has-text-color has-link-color wp-elements-973de71335694f99d80e45a506b3b3db\"><strong>Pozor<\/strong><\/p>\n\n\n\n<p class=\"has-black-color has-text-color has-link-color wp-elements-5102f9e3f04ce1c8bb5f4f8651bd1f88\">P\u0159i o\u0159ez\u00e1v\u00e1n\u00ed se nedb\u00e1 na sm\u011br vl\u00e1ken, co\u017e znamen\u00e1, \u017ee strana s koncov\u00fdmi vl\u00e1kny se v\u017edy st\u00e1v\u00e1 stranou s h\u0159eb\u00edky.<\/p>\n<\/div>\n<\/div>\n\n<div style=\"height:50px\" aria-hidden=\"true\" class=\"wp-block-spacer\"><\/div>\n\n<figure class=\"wp-block-gallery has-nested-images columns-4 is-cropped wp-block-gallery-2 is-layout-flex wp-block-gallery-is-layout-flex\">\n<figure class=\"wp-block-image size-large\"><img loading=\"lazy\" decoding=\"async\" width=\"400\" height=\"300\" data-id=\"175067\" src=\"https:\/\/rothschenk.de\/wp-content\/uploads\/2024\/05\/keile-zur-ladungssicherung-faserverlauf-naegel.jpg\" alt=\"\" class=\"wp-image-175067\" srcset=\"https:\/\/rothschenk.de\/wp-content\/uploads\/2024\/05\/keile-zur-ladungssicherung-faserverlauf-naegel.jpg 400w, https:\/\/rothschenk.de\/wp-content\/uploads\/2024\/05\/keile-zur-ladungssicherung-faserverlauf-naegel-300x225.jpg 300w\" sizes=\"(max-width: 400px) 100vw, 400px\" \/><figcaption class=\"wp-element-caption\">Obr\u00e1zek 1<\/figcaption><\/figure>\n\n\n\n<figure class=\"wp-block-image size-large\"><img loading=\"lazy\" decoding=\"async\" width=\"400\" height=\"300\" data-id=\"175070\" src=\"https:\/\/rothschenk.de\/wp-content\/uploads\/2024\/05\/keile-zur-ladungssicherung-faserverlauf-naegeltiefe.jpg\" alt=\"\" class=\"wp-image-175070\" srcset=\"https:\/\/rothschenk.de\/wp-content\/uploads\/2024\/05\/keile-zur-ladungssicherung-faserverlauf-naegeltiefe.jpg 400w, https:\/\/rothschenk.de\/wp-content\/uploads\/2024\/05\/keile-zur-ladungssicherung-faserverlauf-naegeltiefe-300x225.jpg 300w\" sizes=\"(max-width: 400px) 100vw, 400px\" \/><figcaption class=\"wp-element-caption\">Obr\u00e1zek 2<\/figcaption><\/figure>\n\n\n\n<figure class=\"wp-block-image size-large\"><img loading=\"lazy\" decoding=\"async\" width=\"400\" height=\"300\" data-id=\"175074\" src=\"https:\/\/rothschenk.de\/wp-content\/uploads\/2024\/05\/keile-zur-ladungssicherung-faserverlauf-naegel-druckluftnagler.jpg\" alt=\"\" class=\"wp-image-175074\" srcset=\"https:\/\/rothschenk.de\/wp-content\/uploads\/2024\/05\/keile-zur-ladungssicherung-faserverlauf-naegel-druckluftnagler.jpg 400w, https:\/\/rothschenk.de\/wp-content\/uploads\/2024\/05\/keile-zur-ladungssicherung-faserverlauf-naegel-druckluftnagler-300x225.jpg 300w\" sizes=\"(max-width: 400px) 100vw, 400px\" \/><figcaption class=\"wp-element-caption\">Obr\u00e1zek 3<\/figcaption><\/figure>\n\n\n\n<figure class=\"wp-block-image size-large\"><img loading=\"lazy\" decoding=\"async\" width=\"400\" height=\"300\" data-id=\"175077\" src=\"https:\/\/rothschenk.de\/wp-content\/uploads\/2024\/05\/keile-zur-ladungssicherung-faserverlauf-druckluftnagel.jpg\" alt=\"\" class=\"wp-image-175077\" srcset=\"https:\/\/rothschenk.de\/wp-content\/uploads\/2024\/05\/keile-zur-ladungssicherung-faserverlauf-druckluftnagel.jpg 400w, https:\/\/rothschenk.de\/wp-content\/uploads\/2024\/05\/keile-zur-ladungssicherung-faserverlauf-druckluftnagel-300x225.jpg 300w\" sizes=\"(max-width: 400px) 100vw, 400px\" \/><figcaption class=\"wp-element-caption\">Obr\u00e1zek 4<\/figcaption><\/figure>\n<\/figure>\n\n<p><strong>Obr\u00e1zek 1: <\/strong>Kv\u016fli nespr\u00e1vn\u00e9mu \u0159ez\u00e1n\u00ed kl\u00edn\u016f jsou h\u0159eb\u00edky zatlu\u010deny do \u010deln\u00edho zrna. Such\u00fd kl\u00edn praskne okam\u017eit\u011b, mokr\u00fd a\u017e po zaschnut\u00ed. Zaji\u0161\u0165ovac\u00ed s\u00edla tedy ji\u017e nen\u00ed d\u00e1na.<br\/>P\u0159i pod\u00e9ln\u00e9m zat\u00ed\u017een\u00ed se m\u016f\u017ee zcela rozpadnout.  <\/p>\n\n<p><strong>Obr. 2:<\/strong> H\u0159eb\u00edky mus\u00ed b\u00fdt dostate\u010dn\u011b dlouh\u00e9, aby bylo dosa\u017eeno hloubky 40 mm.<\/p>\n\n<p><strong>Obr\u00e1zek 3:<\/strong> V tomto p\u0159\u00edkladu byly t\u0159i h\u0159eb\u00edky zatlu\u010deny pneumatickou h\u0159eb\u00edkova\u010dkou.<\/p>\n\n<p><strong>Obr\u00e1zek 4:<\/strong> Spodn\u00ed strana stejn\u00e9ho kl\u00ednu. \u017d\u00e1dn\u00fd z h\u0159eb\u00edk\u016f nepro\u0161el skrz kl\u00edn, proto\u017ee jsou p\u0159\u00edli\u0161 kr\u00e1tk\u00e9. To je nev\u00fdhoda pneumatick\u00e9 h\u0159eb\u00edkova\u010dky, proto\u017ee v z\u00e1sobn\u00edku je st\u00e1le stejn\u00e1 d\u00e9lka h\u0159eb\u00edku a nelze ji m\u011bnit.  <\/p>\n\n<div style=\"height:50px\" aria-hidden=\"true\" class=\"wp-block-spacer\"><\/div>\n\n<div style=\"height:35px\" aria-hidden=\"true\" class=\"wp-block-spacer\"><\/div>\n\n<div class=\"wp-block-columns has-white-color has-text-color has-background has-link-color wp-elements-67e7d24170fca564a34ac99497914f33 is-layout-flex wp-container-core-columns-is-layout-28f84493 wp-block-columns-is-layout-flex\" style=\"background-color:#f5f5f5\">\n<div class=\"wp-block-column is-vertically-aligned-center is-layout-flow wp-block-column-is-layout-flow\">\n<figure data-wp-context=\"{&quot;imageId&quot;:&quot;69ef7d27085b9&quot;}\" data-wp-interactive=\"core\/image\" data-wp-key=\"69ef7d27085b9\" class=\"wp-block-image size-medium wp-lightbox-container\"><img loading=\"lazy\" decoding=\"async\" width=\"300\" height=\"225\" data-wp-class--hide=\"state.isContentHidden\" data-wp-class--show=\"state.isContentVisible\" data-wp-init=\"callbacks.setButtonStyles\" data-wp-on--click=\"actions.showLightbox\" data-wp-on--load=\"callbacks.setButtonStyles\" data-wp-on-window--resize=\"callbacks.setButtonStyles\" src=\"https:\/\/rothschenk.de\/wp-content\/uploads\/2024\/05\/keile-zur-ladungssicherung-geschaedigter-keil-300x225.jpg\" alt=\"\" class=\"wp-image-175080\" srcset=\"https:\/\/rothschenk.de\/wp-content\/uploads\/2024\/05\/keile-zur-ladungssicherung-geschaedigter-keil-300x225.jpg 300w, https:\/\/rothschenk.de\/wp-content\/uploads\/2024\/05\/keile-zur-ladungssicherung-geschaedigter-keil.jpg 400w\" sizes=\"(max-width: 300px) 100vw, 300px\" \/><button\n\t\t\tclass=\"lightbox-trigger\"\n\t\t\ttype=\"button\"\n\t\t\taria-haspopup=\"dialog\"\n\t\t\taria-label=\"Zv\u011bt\u0161it\"\n\t\t\tdata-wp-init=\"callbacks.initTriggerButton\"\n\t\t\tdata-wp-on--click=\"actions.showLightbox\"\n\t\t\tdata-wp-style--right=\"state.imageButtonRight\"\n\t\t\tdata-wp-style--top=\"state.imageButtonTop\"\n\t\t>\n\t\t\t<svg xmlns=\"http:\/\/www.w3.org\/2000\/svg\" width=\"12\" height=\"12\" fill=\"none\" viewBox=\"0 0 12 12\">\n\t\t\t\t<path fill=\"#fff\" d=\"M2 0a2 2 0 0 0-2 2v2h1.5V2a.5.5 0 0 1 .5-.5h2V0H2Zm2 10.5H2a.5.5 0 0 1-.5-.5V8H0v2a2 2 0 0 0 2 2h2v-1.5ZM8 12v-1.5h2a.5.5 0 0 0 .5-.5V8H12v2a2 2 0 0 1-2 2H8Zm2-12a2 2 0 0 1 2 2v2h-1.5V2a.5.5 0 0 0-.5-.5H8V0h2Z\" \/>\n\t\t\t<\/svg>\n\t\t<\/button><\/figure>\n<\/div>\n\n\n\n<div class=\"wp-block-column is-vertically-aligned-center is-layout-flow wp-block-column-is-layout-flow\" style=\"flex-basis:75%\">\n<p class=\"has-black-color has-text-color has-link-color wp-elements-dd5f02136081e2845bb359075c654a3f\"><strong>Praktick\u00fd p\u0159\u00edklad<\/strong><\/p>\n\n\n\n<p class=\"has-black-color has-text-color has-link-color wp-elements-230cd0897a6c5f2847f6156e31ecbf9e\">Na tomto obr\u00e1zku je z\u0159eteln\u011b vid\u011bt, \u017ee nespr\u00e1vn\u011b vy\u0159\u00edznut\u00fd kl\u00edn byl ji\u017e po\u0161kozen zat\u00ed\u017een\u00edm.<\/p>\n<\/div>\n<\/div>\n\n<h2 class=\"wp-block-heading\">Z\u00e1v\u011br<\/h2>\n\n<p>V\u00fd\u0161e uveden\u00e9 informace maj\u00ed \u010dten\u00e1\u0159e povzbudit ke kontrole kl\u00edn\u016f pou\u017e\u00edvan\u00fdch v jejich oblasti. Nez\u0159\u00eddka se st\u00e1v\u00e1, \u017ee kl\u00edny jsou zakoupeny od dodavatele, kter\u00fd nem\u00e1 pot\u0159ebn\u00e9 odborn\u00e9 znalosti. Aby se p\u0159ede\u0161lo nep\u0159\u00edjemn\u00fdm n\u00e1sledk\u016fm, je t\u0159eba si s dodavatelem vyjasnit, podle jak\u00fdch p\u0159edpis\u016f kl\u00edny vyr\u00e1b\u00ed. Spol\u00e9hat se na to, \u017ee dodavatel kl\u00edny spr\u00e1vn\u011b vy\u0159e\u017ee, m\u016f\u017ee b\u00fdt osudn\u00e9.<br\/>N\u00e1sleduj\u00edc\u00ed odkazy poskytuj\u00ed zaj\u00edmav\u00fd zdroj s negativn\u00edmi p\u0159\u00edklady a z nich plynouc\u00edmi d\u016fsledky:   <\/p>\n\n<ul class=\"wp-block-list\">\n<li><a href=\"https:\/\/www.tis-gdv.de\/tis\/foto\/2021-2\/2021-04\/\">duben 2021 &#8211; Dopravn\u00ed informa\u010dn\u00ed slu\u017eba (tis-gdv.de)<\/a><\/li>\n\n\n\n<li><a href=\"https:\/\/www.tis-gdv.de\/tis\/foto\/2013\/2013_03-htm\/\">b\u0159ezen 2013 &#8211; Dopravn\u00ed informa\u010dn\u00ed slu\u017eba (tis-gdv.de)<\/a><\/li>\n\n\n\n<li><a href=\"https:\/\/www.tis-gdv.de\/tis\/foto\/2017\/weihnachtsspecial\/2017_12_x07-htm\/\">prosinec 2017 &#8211; V\u00e1no\u010dn\u00ed speci\u00e1l 7 &#8211; Dopravn\u00ed informa\u010dn\u00ed servis (tis-gdv.de)<\/a><\/li>\n<\/ul>\n\n<p><br\/>Jako volaj\u00edc\u00ed v pou\u0161ti zaji\u0161\u0165uj\u00edc\u00ed n\u00e1klad douf\u00e1m, \u017ee m\u011b jeden nebo dva lid\u00e9 usly\u0161\u00ed.<\/p>\n\n<p>V\u00e1\u0161, Sigurd Ehringer<\/p>\n\n<div style=\"height:50px\" aria-hidden=\"true\" class=\"wp-block-spacer\"><\/div>\n\n<div class=\"wp-block-columns alignfull are-vertically-aligned-center has-background is-layout-flex wp-container-core-columns-is-layout-28f84493 wp-block-columns-is-layout-flex\" style=\"background-color:#516062\">\n<div class=\"wp-block-column blog_autor_zusatz is-layout-flow wp-block-column-is-layout-flow\" style=\"flex-basis:10vw\"><\/div>\n\n\n\n<div class=\"wp-block-column is-vertically-aligned-center is-layout-flow wp-block-column-is-layout-flow\" style=\"flex-basis:20%\">\n<figure class=\"wp-block-image aligncenter size-large is-resized is-style-rounded\"><img loading=\"lazy\" decoding=\"async\" width=\"1024\" height=\"1024\" src=\"https:\/\/rothschenk.de\/wp-content\/uploads\/2024\/02\/sigurd-ehringer-ladungssicherung-ausbilder-und-berater-1024x1024.jpg\" alt=\"\" class=\"wp-image-143199\" style=\"width:150px\" srcset=\"https:\/\/rothschenk.de\/wp-content\/uploads\/2024\/02\/sigurd-ehringer-ladungssicherung-ausbilder-und-berater-1024x1024.jpg 1024w, https:\/\/rothschenk.de\/wp-content\/uploads\/2024\/02\/sigurd-ehringer-ladungssicherung-ausbilder-und-berater-300x300.jpg 300w, https:\/\/rothschenk.de\/wp-content\/uploads\/2024\/02\/sigurd-ehringer-ladungssicherung-ausbilder-und-berater-150x150.jpg 150w, https:\/\/rothschenk.de\/wp-content\/uploads\/2024\/02\/sigurd-ehringer-ladungssicherung-ausbilder-und-berater-768x767.jpg 768w, https:\/\/rothschenk.de\/wp-content\/uploads\/2024\/02\/sigurd-ehringer-ladungssicherung-ausbilder-und-berater-600x600.jpg 600w, https:\/\/rothschenk.de\/wp-content\/uploads\/2024\/02\/sigurd-ehringer-ladungssicherung-ausbilder-und-berater-100x100.jpg 100w, https:\/\/rothschenk.de\/wp-content\/uploads\/2024\/02\/sigurd-ehringer-ladungssicherung-ausbilder-und-berater.jpg 1500w\" sizes=\"(max-width: 1024px) 100vw, 1024px\" \/><\/figure>\n<\/div>\n\n\n\n<div class=\"wp-block-column is-vertically-aligned-center is-layout-flow wp-block-column-is-layout-flow\"><div class=\"wp-block-post-author\"><div class=\"wp-block-post-author__content\"><p class=\"wp-block-post-author__name\">Sigurd Ehringer<\/p><p class=\"wp-block-post-author__bio\">\u2714 VDI-zertifizierter Ausbilder f\u00fcr Ladungssicherung\r\n\u2714 Fachbuch-Autor\r\n\u2714 8 Jahre Projektmanager\r\n\u2714 12 Jahre bei der Bundeswehr (Kompaniechef)\r\n\u2714 20 Jahre Vertriebserfahrung\r\n\u2714 seit 1996 Berater\/Ausbilder in der Logistik\r\n\u2714 44 Jahre Ausbilder\/Trainer in verschiedenen Bereichen &#8212;&gt;\r\n\r\nIn einer Reihe von Fachbeitr\u00e4gen aus der Praxis, zu Themen rund um den Container und LKW, erhalten Sie Profiwissen aus erster Hand. Wie sichert man Ladung korrekt und was sind die Grundlagen der Ladungssicherung?\r\nErarbeitet und vorgestellt werden sie von Sigurd Ehringer, Inhaber von <a href=\"http:\/\/www.se-logcon.de\/\">SE-LogCon<\/a>.<\/p><\/div><\/div><\/div>\n\n\n\n<div class=\"wp-block-column blog_autor_zusatz is-layout-flow wp-block-column-is-layout-flow\" style=\"flex-basis:10vw\"><\/div>\n<\/div>\n","protected":false},"excerpt":{"rendered":"<p>V n\u011bkter\u00fdch p\u0159\u00edpadech zaji\u0161t\u011bn\u00ed n\u00e1kladu jsou kl\u00edny naprosto vhodn\u00fdm \u0159e\u0161en\u00edm. Zejm\u00e9na kulat\u00e9 n\u00e1klady, jako jsou trubky, sloupy, sto\u017e\u00e1ry a samoz\u0159ejm\u011b kola. \u010casto v\u0161ak chyb\u00ed znalosti o tom, jak\u00e9 tvary kl\u00edn\u016f jsou k dispozici, jak\u00e9 p\u0159edpisy plat\u00ed a jak by se m\u011bly pou\u017e\u00edvat. Nejv\u00edce chyb se d\u011bl\u00e1 zejm\u00e9na p\u0159i \u0159ez\u00e1n\u00ed d\u0159ev\u011bn\u00fdch kl\u00edn\u016f.D\u016fle\u017eit\u00fdm zdrojem je VDI-2700 09-2004 [&hellip;]<\/p>\n","protected":false},"author":1536,"featured_media":0,"comment_status":"open","ping_status":"closed","sticky":false,"template":"","format":"standard","meta":{"_acf_changed":false,"footnotes":""},"categories":[864,866,865],"tags":[],"class_list":["post-680672","post","type-post","status-publish","format-standard","hentry","category-cargo-blog-cs","category-fyzicka-stranka","category-lorry"],"acf":[],"yoast_head":"<!-- This site is optimized with the Yoast SEO plugin v27.4 - https:\/\/yoast.com\/product\/yoast-seo-wordpress\/ -->\n<title>Kl\u00ednky pro upevn\u011bn\u00ed n\u00e1kladu - Rothschenk<\/title>\n<meta name=\"description\" content=\"Zkontrolujte kl\u00edny pou\u017e\u00edvan\u00e9 ve va\u0161\u00ed oblasti. \u2714 \u00dahel kl\u00ednu \u2714 \u00dahel trubky \u2714 Nastaven\u00ed a p\u0159ibit\u00ed kl\u00edn\u016f \u2714 Technick\u00fd \u010dl\u00e1nek Sigurda Ehringera\" \/>\n<meta name=\"robots\" content=\"index, follow, max-snippet:-1, max-image-preview:large, max-video-preview:-1\" \/>\n<link rel=\"canonical\" href=\"https:\/\/rothschenk.de\/cz\/epizoda-42-kliny-pro-upevneni-nakladu\/\" \/>\n<meta property=\"og:locale\" content=\"cs_CZ\" \/>\n<meta property=\"og:type\" content=\"article\" \/>\n<meta property=\"og:title\" content=\"Kl\u00ednky pro upevn\u011bn\u00ed n\u00e1kladu - Rothschenk\" \/>\n<meta property=\"og:description\" content=\"Zkontrolujte kl\u00edny pou\u017e\u00edvan\u00e9 ve va\u0161\u00ed oblasti. \u2714 \u00dahel kl\u00ednu \u2714 \u00dahel trubky \u2714 Nastaven\u00ed a p\u0159ibit\u00ed kl\u00edn\u016f \u2714 Technick\u00fd \u010dl\u00e1nek Sigurda Ehringera\" \/>\n<meta property=\"og:url\" content=\"https:\/\/rothschenk.de\/cz\/epizoda-42-kliny-pro-upevneni-nakladu\/\" \/>\n<meta property=\"og:site_name\" content=\"Rothschenk\" \/>\n<meta property=\"article:publisher\" content=\"https:\/\/de-de.facebook.com\/FirmaRothschenk\/\" \/>\n<meta property=\"article:published_time\" content=\"2024-05-08T09:43:59+00:00\" \/>\n<meta property=\"article:modified_time\" content=\"2025-06-30T15:01:07+00:00\" \/>\n<meta property=\"og:image\" content=\"https:\/\/rothschenk.de\/wp-content\/uploads\/2024\/03\/info-icon-rothschenk-schwarz.png\" \/>\n\t<meta property=\"og:image:width\" content=\"1024\" \/>\n\t<meta property=\"og:image:height\" content=\"1024\" \/>\n\t<meta property=\"og:image:type\" content=\"image\/png\" \/>\n<meta name=\"author\" content=\"Sigurd Ehringer\" \/>\n<meta name=\"twitter:card\" content=\"summary_large_image\" \/>\n<meta name=\"twitter:label1\" content=\"Napsal(a)\" \/>\n\t<meta name=\"twitter:data1\" content=\"Sigurd Ehringer\" \/>\n\t<meta name=\"twitter:label2\" content=\"Odhadovan\u00e1 doba \u010dten\u00ed\" \/>\n\t<meta name=\"twitter:data2\" content=\"6 minut\" \/>\n<script type=\"application\/ld+json\" class=\"yoast-schema-graph\">{\"@context\":\"https:\\\/\\\/schema.org\",\"@graph\":[{\"@type\":\"Article\",\"@id\":\"https:\\\/\\\/rothschenk.de\\\/cz\\\/epizoda-42-kliny-pro-upevneni-nakladu\\\/#article\",\"isPartOf\":{\"@id\":\"https:\\\/\\\/rothschenk.de\\\/cz\\\/epizoda-42-kliny-pro-upevneni-nakladu\\\/\"},\"author\":{\"name\":\"Sigurd Ehringer\",\"@id\":\"https:\\\/\\\/rothschenk.de\\\/cz\\\/#\\\/schema\\\/person\\\/8878c3ce4ac9607e11b12c500ead07e8\"},\"headline\":\"Epizoda 42: Kl\u00edny pro upevn\u011bn\u00ed n\u00e1kladu\",\"datePublished\":\"2024-05-08T09:43:59+00:00\",\"dateModified\":\"2025-06-30T15:01:07+00:00\",\"mainEntityOfPage\":{\"@id\":\"https:\\\/\\\/rothschenk.de\\\/cz\\\/epizoda-42-kliny-pro-upevneni-nakladu\\\/\"},\"wordCount\":1194,\"commentCount\":0,\"image\":{\"@id\":\"https:\\\/\\\/rothschenk.de\\\/cz\\\/epizoda-42-kliny-pro-upevneni-nakladu\\\/#primaryimage\"},\"thumbnailUrl\":\"https:\\\/\\\/rothschenk.de\\\/wp-content\\\/uploads\\\/2024\\\/03\\\/info-icon-rothschenk-schwarz-300x300.png\",\"articleSection\":[\"Cargo Blog\",\"Fyzick\u00e1 str\u00e1nka\",\"LORRY\"],\"inLanguage\":\"cs\",\"potentialAction\":[{\"@type\":\"CommentAction\",\"name\":\"Comment\",\"target\":[\"https:\\\/\\\/rothschenk.de\\\/cz\\\/epizoda-42-kliny-pro-upevneni-nakladu\\\/#respond\"]}]},{\"@type\":\"WebPage\",\"@id\":\"https:\\\/\\\/rothschenk.de\\\/cz\\\/epizoda-42-kliny-pro-upevneni-nakladu\\\/\",\"url\":\"https:\\\/\\\/rothschenk.de\\\/cz\\\/epizoda-42-kliny-pro-upevneni-nakladu\\\/\",\"name\":\"Kl\u00ednky pro upevn\u011bn\u00ed n\u00e1kladu - Rothschenk\",\"isPartOf\":{\"@id\":\"https:\\\/\\\/rothschenk.de\\\/cz\\\/#website\"},\"primaryImageOfPage\":{\"@id\":\"https:\\\/\\\/rothschenk.de\\\/cz\\\/epizoda-42-kliny-pro-upevneni-nakladu\\\/#primaryimage\"},\"image\":{\"@id\":\"https:\\\/\\\/rothschenk.de\\\/cz\\\/epizoda-42-kliny-pro-upevneni-nakladu\\\/#primaryimage\"},\"thumbnailUrl\":\"https:\\\/\\\/rothschenk.de\\\/wp-content\\\/uploads\\\/2024\\\/03\\\/info-icon-rothschenk-schwarz-300x300.png\",\"datePublished\":\"2024-05-08T09:43:59+00:00\",\"dateModified\":\"2025-06-30T15:01:07+00:00\",\"author\":{\"@id\":\"https:\\\/\\\/rothschenk.de\\\/cz\\\/#\\\/schema\\\/person\\\/8878c3ce4ac9607e11b12c500ead07e8\"},\"description\":\"Zkontrolujte kl\u00edny pou\u017e\u00edvan\u00e9 ve va\u0161\u00ed oblasti. \u2714 \u00dahel kl\u00ednu \u2714 \u00dahel trubky \u2714 Nastaven\u00ed a p\u0159ibit\u00ed kl\u00edn\u016f \u2714 Technick\u00fd \u010dl\u00e1nek Sigurda Ehringera\",\"breadcrumb\":{\"@id\":\"https:\\\/\\\/rothschenk.de\\\/cz\\\/epizoda-42-kliny-pro-upevneni-nakladu\\\/#breadcrumb\"},\"inLanguage\":\"cs\",\"potentialAction\":[{\"@type\":\"ReadAction\",\"target\":[\"https:\\\/\\\/rothschenk.de\\\/cz\\\/epizoda-42-kliny-pro-upevneni-nakladu\\\/\"]}]},{\"@type\":\"ImageObject\",\"inLanguage\":\"cs\",\"@id\":\"https:\\\/\\\/rothschenk.de\\\/cz\\\/epizoda-42-kliny-pro-upevneni-nakladu\\\/#primaryimage\",\"url\":\"https:\\\/\\\/rothschenk.de\\\/wp-content\\\/uploads\\\/2024\\\/03\\\/info-icon-rothschenk-schwarz-300x300.png\",\"contentUrl\":\"https:\\\/\\\/rothschenk.de\\\/wp-content\\\/uploads\\\/2024\\\/03\\\/info-icon-rothschenk-schwarz-300x300.png\"},{\"@type\":\"BreadcrumbList\",\"@id\":\"https:\\\/\\\/rothschenk.de\\\/cz\\\/epizoda-42-kliny-pro-upevneni-nakladu\\\/#breadcrumb\",\"itemListElement\":[{\"@type\":\"ListItem\",\"position\":1,\"name\":\"Domovsk\u00e1 str\u00e1nka\",\"item\":\"https:\\\/\\\/rothschenk.de\\\/cz\\\/domovska-stranka\\\/\"},{\"@type\":\"ListItem\",\"position\":2,\"name\":\"Epizoda 42: Kl\u00edny pro upevn\u011bn\u00ed n\u00e1kladu\"}]},{\"@type\":\"WebSite\",\"@id\":\"https:\\\/\\\/rothschenk.de\\\/cz\\\/#website\",\"url\":\"https:\\\/\\\/rothschenk.de\\\/cz\\\/\",\"name\":\"Rothschenk - Der Online Shop f\u00fcr Ladungssicherung\",\"description\":\"Der Online Shop f\u00fcr Ladungssicherung\",\"potentialAction\":[{\"@type\":\"SearchAction\",\"target\":{\"@type\":\"EntryPoint\",\"urlTemplate\":\"https:\\\/\\\/rothschenk.de\\\/cz\\\/?s={search_term_string}\"},\"query-input\":{\"@type\":\"PropertyValueSpecification\",\"valueRequired\":true,\"valueName\":\"search_term_string\"}}],\"inLanguage\":\"cs\"},{\"@type\":\"Person\",\"@id\":\"https:\\\/\\\/rothschenk.de\\\/cz\\\/#\\\/schema\\\/person\\\/8878c3ce4ac9607e11b12c500ead07e8\",\"name\":\"Sigurd Ehringer\",\"image\":{\"@type\":\"ImageObject\",\"inLanguage\":\"cs\",\"@id\":\"https:\\\/\\\/rothschenk.de\\\/wp-content\\\/uploads\\\/2024\\\/02\\\/sigurd-ehringer-ladungssicherung-ausbilder-und-berater-96x96.jpg\",\"url\":\"https:\\\/\\\/rothschenk.de\\\/wp-content\\\/uploads\\\/2024\\\/02\\\/sigurd-ehringer-ladungssicherung-ausbilder-und-berater-96x96.jpg\",\"contentUrl\":\"https:\\\/\\\/rothschenk.de\\\/wp-content\\\/uploads\\\/2024\\\/02\\\/sigurd-ehringer-ladungssicherung-ausbilder-und-berater-96x96.jpg\",\"caption\":\"Sigurd Ehringer\"},\"description\":\"\u2714 VDI-zertifizierter Ausbilder f\u00fcr Ladungssicherung \u2714 Fachbuch-Autor \u2714 8 Jahre Projektmanager \u2714 12 Jahre bei der Bundeswehr (Kompaniechef) \u2714 20 Jahre Vertriebserfahrung \u2714 seit 1996 Berater\\\/Ausbilder in der Logistik \u2714 44 Jahre Ausbilder\\\/Trainer in verschiedenen Bereichen ---&gt; In einer Reihe von Fachbeitr\u00e4gen aus der Praxis, zu Themen rund um den Container und LKW, erhalten Sie Profiwissen aus erster Hand. Wie sichert man Ladung korrekt und was sind die Grundlagen der Ladungssicherung? Erarbeitet und vorgestellt werden sie von Sigurd Ehringer, Inhaber von SE-LogCon.\",\"url\":\"https:\\\/\\\/rothschenk.de\\\/cz\\\/author\\\/sigurd-ehringer\\\/\"}]}<\/script>\n<!-- \/ Yoast SEO plugin. -->","yoast_head_json":{"title":"Kl\u00ednky pro upevn\u011bn\u00ed n\u00e1kladu - Rothschenk","description":"Zkontrolujte kl\u00edny pou\u017e\u00edvan\u00e9 ve va\u0161\u00ed oblasti. \u2714 \u00dahel kl\u00ednu \u2714 \u00dahel trubky \u2714 Nastaven\u00ed a p\u0159ibit\u00ed kl\u00edn\u016f \u2714 Technick\u00fd \u010dl\u00e1nek Sigurda Ehringera","robots":{"index":"index","follow":"follow","max-snippet":"max-snippet:-1","max-image-preview":"max-image-preview:large","max-video-preview":"max-video-preview:-1"},"canonical":"https:\/\/rothschenk.de\/cz\/epizoda-42-kliny-pro-upevneni-nakladu\/","og_locale":"cs_CZ","og_type":"article","og_title":"Kl\u00ednky pro upevn\u011bn\u00ed n\u00e1kladu - Rothschenk","og_description":"Zkontrolujte kl\u00edny pou\u017e\u00edvan\u00e9 ve va\u0161\u00ed oblasti. \u2714 \u00dahel kl\u00ednu \u2714 \u00dahel trubky \u2714 Nastaven\u00ed a p\u0159ibit\u00ed kl\u00edn\u016f \u2714 Technick\u00fd \u010dl\u00e1nek Sigurda Ehringera","og_url":"https:\/\/rothschenk.de\/cz\/epizoda-42-kliny-pro-upevneni-nakladu\/","og_site_name":"Rothschenk","article_publisher":"https:\/\/de-de.facebook.com\/FirmaRothschenk\/","article_published_time":"2024-05-08T09:43:59+00:00","article_modified_time":"2025-06-30T15:01:07+00:00","og_image":[{"width":1024,"height":1024,"url":"https:\/\/rothschenk.de\/wp-content\/uploads\/2024\/03\/info-icon-rothschenk-schwarz.png","type":"image\/png"}],"author":"Sigurd Ehringer","twitter_card":"summary_large_image","twitter_misc":{"Napsal(a)":"Sigurd Ehringer","Odhadovan\u00e1 doba \u010dten\u00ed":"6 minut"},"schema":{"@context":"https:\/\/schema.org","@graph":[{"@type":"Article","@id":"https:\/\/rothschenk.de\/cz\/epizoda-42-kliny-pro-upevneni-nakladu\/#article","isPartOf":{"@id":"https:\/\/rothschenk.de\/cz\/epizoda-42-kliny-pro-upevneni-nakladu\/"},"author":{"name":"Sigurd Ehringer","@id":"https:\/\/rothschenk.de\/cz\/#\/schema\/person\/8878c3ce4ac9607e11b12c500ead07e8"},"headline":"Epizoda 42: Kl\u00edny pro upevn\u011bn\u00ed n\u00e1kladu","datePublished":"2024-05-08T09:43:59+00:00","dateModified":"2025-06-30T15:01:07+00:00","mainEntityOfPage":{"@id":"https:\/\/rothschenk.de\/cz\/epizoda-42-kliny-pro-upevneni-nakladu\/"},"wordCount":1194,"commentCount":0,"image":{"@id":"https:\/\/rothschenk.de\/cz\/epizoda-42-kliny-pro-upevneni-nakladu\/#primaryimage"},"thumbnailUrl":"https:\/\/rothschenk.de\/wp-content\/uploads\/2024\/03\/info-icon-rothschenk-schwarz-300x300.png","articleSection":["Cargo Blog","Fyzick\u00e1 str\u00e1nka","LORRY"],"inLanguage":"cs","potentialAction":[{"@type":"CommentAction","name":"Comment","target":["https:\/\/rothschenk.de\/cz\/epizoda-42-kliny-pro-upevneni-nakladu\/#respond"]}]},{"@type":"WebPage","@id":"https:\/\/rothschenk.de\/cz\/epizoda-42-kliny-pro-upevneni-nakladu\/","url":"https:\/\/rothschenk.de\/cz\/epizoda-42-kliny-pro-upevneni-nakladu\/","name":"Kl\u00ednky pro upevn\u011bn\u00ed n\u00e1kladu - Rothschenk","isPartOf":{"@id":"https:\/\/rothschenk.de\/cz\/#website"},"primaryImageOfPage":{"@id":"https:\/\/rothschenk.de\/cz\/epizoda-42-kliny-pro-upevneni-nakladu\/#primaryimage"},"image":{"@id":"https:\/\/rothschenk.de\/cz\/epizoda-42-kliny-pro-upevneni-nakladu\/#primaryimage"},"thumbnailUrl":"https:\/\/rothschenk.de\/wp-content\/uploads\/2024\/03\/info-icon-rothschenk-schwarz-300x300.png","datePublished":"2024-05-08T09:43:59+00:00","dateModified":"2025-06-30T15:01:07+00:00","author":{"@id":"https:\/\/rothschenk.de\/cz\/#\/schema\/person\/8878c3ce4ac9607e11b12c500ead07e8"},"description":"Zkontrolujte kl\u00edny pou\u017e\u00edvan\u00e9 ve va\u0161\u00ed oblasti. \u2714 \u00dahel kl\u00ednu \u2714 \u00dahel trubky \u2714 Nastaven\u00ed a p\u0159ibit\u00ed kl\u00edn\u016f \u2714 Technick\u00fd \u010dl\u00e1nek Sigurda Ehringera","breadcrumb":{"@id":"https:\/\/rothschenk.de\/cz\/epizoda-42-kliny-pro-upevneni-nakladu\/#breadcrumb"},"inLanguage":"cs","potentialAction":[{"@type":"ReadAction","target":["https:\/\/rothschenk.de\/cz\/epizoda-42-kliny-pro-upevneni-nakladu\/"]}]},{"@type":"ImageObject","inLanguage":"cs","@id":"https:\/\/rothschenk.de\/cz\/epizoda-42-kliny-pro-upevneni-nakladu\/#primaryimage","url":"https:\/\/rothschenk.de\/wp-content\/uploads\/2024\/03\/info-icon-rothschenk-schwarz-300x300.png","contentUrl":"https:\/\/rothschenk.de\/wp-content\/uploads\/2024\/03\/info-icon-rothschenk-schwarz-300x300.png"},{"@type":"BreadcrumbList","@id":"https:\/\/rothschenk.de\/cz\/epizoda-42-kliny-pro-upevneni-nakladu\/#breadcrumb","itemListElement":[{"@type":"ListItem","position":1,"name":"Domovsk\u00e1 str\u00e1nka","item":"https:\/\/rothschenk.de\/cz\/domovska-stranka\/"},{"@type":"ListItem","position":2,"name":"Epizoda 42: Kl\u00edny pro upevn\u011bn\u00ed n\u00e1kladu"}]},{"@type":"WebSite","@id":"https:\/\/rothschenk.de\/cz\/#website","url":"https:\/\/rothschenk.de\/cz\/","name":"Rothschenk - Der Online Shop f\u00fcr Ladungssicherung","description":"Der Online Shop f\u00fcr Ladungssicherung","potentialAction":[{"@type":"SearchAction","target":{"@type":"EntryPoint","urlTemplate":"https:\/\/rothschenk.de\/cz\/?s={search_term_string}"},"query-input":{"@type":"PropertyValueSpecification","valueRequired":true,"valueName":"search_term_string"}}],"inLanguage":"cs"},{"@type":"Person","@id":"https:\/\/rothschenk.de\/cz\/#\/schema\/person\/8878c3ce4ac9607e11b12c500ead07e8","name":"Sigurd Ehringer","image":{"@type":"ImageObject","inLanguage":"cs","@id":"https:\/\/rothschenk.de\/wp-content\/uploads\/2024\/02\/sigurd-ehringer-ladungssicherung-ausbilder-und-berater-96x96.jpg","url":"https:\/\/rothschenk.de\/wp-content\/uploads\/2024\/02\/sigurd-ehringer-ladungssicherung-ausbilder-und-berater-96x96.jpg","contentUrl":"https:\/\/rothschenk.de\/wp-content\/uploads\/2024\/02\/sigurd-ehringer-ladungssicherung-ausbilder-und-berater-96x96.jpg","caption":"Sigurd Ehringer"},"description":"\u2714 VDI-zertifizierter Ausbilder f\u00fcr Ladungssicherung \u2714 Fachbuch-Autor \u2714 8 Jahre Projektmanager \u2714 12 Jahre bei der Bundeswehr (Kompaniechef) \u2714 20 Jahre Vertriebserfahrung \u2714 seit 1996 Berater\/Ausbilder in der Logistik \u2714 44 Jahre Ausbilder\/Trainer in verschiedenen Bereichen ---&gt; In einer Reihe von Fachbeitr\u00e4gen aus der Praxis, zu Themen rund um den Container und LKW, erhalten Sie Profiwissen aus erster Hand. Wie sichert man Ladung korrekt und was sind die Grundlagen der Ladungssicherung? Erarbeitet und vorgestellt werden sie von Sigurd Ehringer, Inhaber von SE-LogCon.","url":"https:\/\/rothschenk.de\/cz\/author\/sigurd-ehringer\/"}]}},"_links":{"self":[{"href":"https:\/\/rothschenk.de\/cz\/wp-json\/wp\/v2\/posts\/680672","targetHints":{"allow":["GET"]}}],"collection":[{"href":"https:\/\/rothschenk.de\/cz\/wp-json\/wp\/v2\/posts"}],"about":[{"href":"https:\/\/rothschenk.de\/cz\/wp-json\/wp\/v2\/types\/post"}],"author":[{"embeddable":true,"href":"https:\/\/rothschenk.de\/cz\/wp-json\/wp\/v2\/users\/1536"}],"replies":[{"embeddable":true,"href":"https:\/\/rothschenk.de\/cz\/wp-json\/wp\/v2\/comments?post=680672"}],"version-history":[{"count":1,"href":"https:\/\/rothschenk.de\/cz\/wp-json\/wp\/v2\/posts\/680672\/revisions"}],"predecessor-version":[{"id":680675,"href":"https:\/\/rothschenk.de\/cz\/wp-json\/wp\/v2\/posts\/680672\/revisions\/680675"}],"wp:attachment":[{"href":"https:\/\/rothschenk.de\/cz\/wp-json\/wp\/v2\/media?parent=680672"}],"wp:term":[{"taxonomy":"category","embeddable":true,"href":"https:\/\/rothschenk.de\/cz\/wp-json\/wp\/v2\/categories?post=680672"},{"taxonomy":"post_tag","embeddable":true,"href":"https:\/\/rothschenk.de\/cz\/wp-json\/wp\/v2\/tags?post=680672"}],"curies":[{"name":"wp","href":"https:\/\/api.w.org\/{rel}","templated":true}]}}