{"id":680789,"date":"2021-04-30T12:59:31","date_gmt":"2021-04-30T10:59:31","guid":{"rendered":"https:\/\/rothschenk.de\/epizoda-5-koeficient-treni-na-nakladnim-vozidle-na-cem-skutecne-zalezi\/"},"modified":"2025-06-30T17:01:52","modified_gmt":"2025-06-30T15:01:52","slug":"epizoda-5-koeficient-treni-na-nakladnim-vozidle-na-cem-skutecne-zalezi","status":"publish","type":"post","link":"https:\/\/rothschenk.de\/cz\/epizoda-5-koeficient-treni-na-nakladnim-vozidle-na-cem-skutecne-zalezi\/","title":{"rendered":"Epizoda 5: Koeficient t\u0159en\u00ed na n\u00e1kladn\u00edm vozidle &#8211; na \u010dem skute\u010dn\u011b z\u00e1le\u017e\u00ed?"},"content":{"rendered":"\n<p>Pokud jste na webov\u00fdch str\u00e1nk\u00e1ch Rothschenk, lze p\u0159edpokl\u00e1dat, \u017ee jste o t\u00e9matu zaji\u0161t\u011bn\u00ed z\u00e1t\u011b\u017ee v\u00edce \u010di m\u00e9n\u011b sly\u0161eli. Pokud se pust\u00edte do dal\u0161\u00edho p\u00e1tr\u00e1n\u00ed na internetu, naraz\u00edte na f\u00f3ra, informa\u010dn\u00ed str\u00e1nky poradc\u016f a \u0161kolitel\u016f, dal\u0161\u00edch v\u00fdrobc\u016f a prodejc\u016f, v\u00fdznamn\u00fdch zku\u0161ebn\u00edch instituc\u00ed a v neposledn\u00ed \u0159ad\u011b na skupiny v soci\u00e1ln\u00edch m\u00e9di\u00edch &#8211; to v\u0161e na t\u00e9ma zaji\u0161t\u011bn\u00ed n\u00e1kladu. <\/p>\n\n<p>Zejm\u00e9na ve skupin\u00e1ch se lid\u00e9 horliv\u011b dohaduj\u00ed, \u017ee tady by se m\u011bl p\u0159idat <a href=\"https:\/\/rothschenk.de\/produkt-kategorie\/lashing\/gurtband\/\">p\u00e1sek<\/a> a tady by m\u011bl b\u00fdt o t\u0159i centimetry d\u00e1l, aby se dos\u00e1hlo ide\u00e1ln\u00edho \u00fahlu. Do hry samoz\u0159ejm\u011b vstupuj\u00ed i samozvan\u00ed guruov\u00e9, jejich\u017e latina pom\u011brn\u011b rychle kon\u010d\u00ed a oni se pak h\u00e1daj\u00ed divok\u00fdmi ur\u00e1\u017ekami a nepodlo\u017een\u00fdmi teoriemi. <\/p>\n\n<p>Ale kde je, jak se \u0159\u00edk\u00e1, &#8222;zakopan\u00fd pes&#8220;?<\/p>\n\n<div style=\"height:35px\" aria-hidden=\"true\" class=\"wp-block-spacer\"><\/div>\n\n<h2 class=\"wp-block-heading has-black-color has-text-color has-link-color wp-elements-faffe2c27db578e62ceeaf40f3fe2e9e\">\u010cist\u00e9 nakl\u00e1dac\u00ed prostory<\/h2>\n\n<div class=\"wp-block-columns has-white-color has-text-color has-background has-link-color wp-elements-2a6b2cdd99138a2a4c63309d0337ebd2 is-layout-flex wp-container-core-columns-is-layout-28f84493 wp-block-columns-is-layout-flex\" style=\"background-color:#f5f5f5\">\n<div class=\"wp-block-column is-vertically-aligned-center is-layout-flow wp-block-column-is-layout-flow\" style=\"flex-basis:75%\">\n<p class=\"has-black-color has-text-color has-link-color wp-elements-b0e24f9825865a1f76d224dc6eaeec55\">Na ka\u017ed\u00e9m \u0161kolen\u00ed o upev\u0148ov\u00e1n\u00ed n\u00e1kladu, na ka\u017ed\u00e9 akci upev\u0148ov\u00e1n\u00ed n\u00e1kladu, na ka\u017ed\u00e9 p\u0159edn\u00e1\u0161ce o upev\u0148ov\u00e1n\u00ed n\u00e1kladu v\u017edy sly\u0161\u00edte jedno:<strong>&#8222;Nakl\u00e1dac\u00ed plocha mus\u00ed b\u00fdt \u010dist\u00e1, aby bylo dosa\u017eeno co nejvy\u0161\u0161\u00edho t\u0159en\u00ed<\/strong>&#8222;. Dokonce i dobr\u00fd <a href=\"https:\/\/rothschenk.de\/produkt-kategorie\/antirutsch\/\">protiskluzov\u00e1 podlo\u017eka <\/a>nem\u016f\u017ee splnit sv\u016fj \u00fa\u010del, pokud je um\u00edst\u011bno na \u0161pinav\u00e9 lo\u017en\u00e9 plo\u0161e. <\/p>\n<\/div>\n\n\n\n<div class=\"wp-block-column is-vertically-aligned-center is-layout-flow wp-block-column-is-layout-flow\">\n<figure data-wp-context=\"{&quot;imageId&quot;:&quot;69ec7e91dfd66&quot;}\" data-wp-interactive=\"core\/image\" data-wp-key=\"69ec7e91dfd66\" class=\"wp-block-image size-medium wp-lightbox-container\"><img fetchpriority=\"high\" decoding=\"async\" width=\"300\" height=\"225\" data-wp-class--hide=\"state.isContentHidden\" data-wp-class--show=\"state.isContentVisible\" data-wp-init=\"callbacks.setButtonStyles\" data-wp-on--click=\"actions.showLightbox\" data-wp-on--load=\"callbacks.setButtonStyles\" data-wp-on-window--resize=\"callbacks.setButtonStyles\" src=\"https:\/\/rothschenk.de\/wp-content\/uploads\/2021\/04\/fahrer-reinigt-verdreckte-lkw-ladeflaeche-mit-besen-reibwert-ladungssicherung-fachbeitrag-rothschenk-300x225.jpg\" alt=\"\" class=\"wp-image-147278\" srcset=\"https:\/\/rothschenk.de\/wp-content\/uploads\/2021\/04\/fahrer-reinigt-verdreckte-lkw-ladeflaeche-mit-besen-reibwert-ladungssicherung-fachbeitrag-rothschenk-300x225.jpg 300w, https:\/\/rothschenk.de\/wp-content\/uploads\/2021\/04\/fahrer-reinigt-verdreckte-lkw-ladeflaeche-mit-besen-reibwert-ladungssicherung-fachbeitrag-rothschenk-600x450.jpg 600w, https:\/\/rothschenk.de\/wp-content\/uploads\/2021\/04\/fahrer-reinigt-verdreckte-lkw-ladeflaeche-mit-besen-reibwert-ladungssicherung-fachbeitrag-rothschenk.jpg 637w\" sizes=\"(max-width: 300px) 100vw, 300px\" \/><button\n\t\t\tclass=\"lightbox-trigger\"\n\t\t\ttype=\"button\"\n\t\t\taria-haspopup=\"dialog\"\n\t\t\taria-label=\"Zv\u011bt\u0161it\"\n\t\t\tdata-wp-init=\"callbacks.initTriggerButton\"\n\t\t\tdata-wp-on--click=\"actions.showLightbox\"\n\t\t\tdata-wp-style--right=\"state.imageButtonRight\"\n\t\t\tdata-wp-style--top=\"state.imageButtonTop\"\n\t\t>\n\t\t\t<svg xmlns=\"http:\/\/www.w3.org\/2000\/svg\" width=\"12\" height=\"12\" fill=\"none\" viewBox=\"0 0 12 12\">\n\t\t\t\t<path fill=\"#fff\" d=\"M2 0a2 2 0 0 0-2 2v2h1.5V2a.5.5 0 0 1 .5-.5h2V0H2Zm2 10.5H2a.5.5 0 0 1-.5-.5V8H0v2a2 2 0 0 0 2 2h2v-1.5ZM8 12v-1.5h2a.5.5 0 0 0 .5-.5V8H12v2a2 2 0 0 1-2 2H8Zm2-12a2 2 0 0 1 2 2v2h-1.5V2a.5.5 0 0 0-.5-.5H8V0h2Z\" \/>\n\t\t\t<\/svg>\n\t\t<\/button><\/figure>\n<\/div>\n<\/div>\n\n<div style=\"height:35px\" aria-hidden=\"true\" class=\"wp-block-spacer\"><\/div>\n\n<h3 class=\"wp-block-heading\">Co je ale \u010dist\u00e9?<\/h3>\n\n<p>Pokud se na nakl\u00e1dac\u00ed plochu pod\u00edv\u00e1 p\u011bt lid\u00ed, pravd\u011bpodobn\u011b na ni bude m\u00edt deset r\u016fzn\u00fdch n\u00e1zor\u016f. <br\/>Pokud se na ni pod\u00edv\u00e1 velmi \u010distotn\u00fd \u010dlov\u011bk, pravd\u011bpodobn\u011b si rad\u011bji vezme kbel\u00edk s \u010distic\u00edm prost\u0159edkem a p\u0159\u00edpadn\u011b i dezinfekc\u00ed, aby nakl\u00e1dac\u00ed plochu vydezinfikoval.<\/p>\n\n<p>Pokud se v\u0161ak do stejn\u00e9 situace dostane velmi nepo\u0159\u00e1dn\u00fd \u010dlov\u011bk, pr\u00e1h \u010distoty je s nejv\u011bt\u0161\u00ed pravd\u011bpodobnost\u00ed velmi daleko. Pak p\u0159ich\u00e1z\u00ed na \u0159adu samozvan\u00fd praktik s v\u011btou: &#8222;U\u017e jsem vid\u011bl hor\u0161\u00ed&#8220;. <\/p>\n\n<div class=\"wp-block-columns is-layout-flex wp-container-core-columns-is-layout-28f84493 wp-block-columns-is-layout-flex\">\n<div class=\"wp-block-column is-layout-flow wp-block-column-is-layout-flow\" style=\"flex-basis:50%\">\n<figure data-wp-context=\"{&quot;imageId&quot;:&quot;69ec7e91e0375&quot;}\" data-wp-interactive=\"core\/image\" data-wp-key=\"69ec7e91e0375\" class=\"wp-block-image size-large wp-lightbox-container\"><img decoding=\"async\" width=\"640\" height=\"480\" data-wp-class--hide=\"state.isContentHidden\" data-wp-class--show=\"state.isContentVisible\" data-wp-init=\"callbacks.setButtonStyles\" data-wp-on--click=\"actions.showLightbox\" data-wp-on--load=\"callbacks.setButtonStyles\" data-wp-on-window--resize=\"callbacks.setButtonStyles\" src=\"https:\/\/rothschenk.de\/wp-content\/uploads\/2021\/04\/verdreckte-lkw-ladeflaeche-reibwert-ladungssicherung-fachbeitrag-rothschenk.jpg\" alt=\"\" class=\"wp-image-147290\" srcset=\"https:\/\/rothschenk.de\/wp-content\/uploads\/2021\/04\/verdreckte-lkw-ladeflaeche-reibwert-ladungssicherung-fachbeitrag-rothschenk.jpg 640w, https:\/\/rothschenk.de\/wp-content\/uploads\/2021\/04\/verdreckte-lkw-ladeflaeche-reibwert-ladungssicherung-fachbeitrag-rothschenk-300x225.jpg 300w, https:\/\/rothschenk.de\/wp-content\/uploads\/2021\/04\/verdreckte-lkw-ladeflaeche-reibwert-ladungssicherung-fachbeitrag-rothschenk-600x450.jpg 600w\" sizes=\"(max-width: 640px) 100vw, 640px\" \/><button\n\t\t\tclass=\"lightbox-trigger\"\n\t\t\ttype=\"button\"\n\t\t\taria-haspopup=\"dialog\"\n\t\t\taria-label=\"Zv\u011bt\u0161it\"\n\t\t\tdata-wp-init=\"callbacks.initTriggerButton\"\n\t\t\tdata-wp-on--click=\"actions.showLightbox\"\n\t\t\tdata-wp-style--right=\"state.imageButtonRight\"\n\t\t\tdata-wp-style--top=\"state.imageButtonTop\"\n\t\t>\n\t\t\t<svg xmlns=\"http:\/\/www.w3.org\/2000\/svg\" width=\"12\" height=\"12\" fill=\"none\" viewBox=\"0 0 12 12\">\n\t\t\t\t<path fill=\"#fff\" d=\"M2 0a2 2 0 0 0-2 2v2h1.5V2a.5.5 0 0 1 .5-.5h2V0H2Zm2 10.5H2a.5.5 0 0 1-.5-.5V8H0v2a2 2 0 0 0 2 2h2v-1.5ZM8 12v-1.5h2a.5.5 0 0 0 .5-.5V8H12v2a2 2 0 0 1-2 2H8Zm2-12a2 2 0 0 1 2 2v2h-1.5V2a.5.5 0 0 0-.5-.5H8V0h2Z\" \/>\n\t\t\t<\/svg>\n\t\t<\/button><\/figure>\n\n\n\n<p>Tento nakl\u00e1dac\u00ed prostor rozhodn\u011b nen\u00ed \u010dist\u00fd. Pravd\u011bpodobn\u011b se tu nezametalo u\u017e hodn\u011b dlouho. <\/p>\n<\/div>\n\n\n\n<div class=\"wp-block-column is-layout-flow wp-block-column-is-layout-flow\" style=\"flex-basis:50%\">\n<figure data-wp-context=\"{&quot;imageId&quot;:&quot;69ec7e91e073a&quot;}\" data-wp-interactive=\"core\/image\" data-wp-key=\"69ec7e91e073a\" class=\"wp-block-image size-large wp-lightbox-container\"><img decoding=\"async\" width=\"646\" height=\"484\" data-wp-class--hide=\"state.isContentHidden\" data-wp-class--show=\"state.isContentVisible\" data-wp-init=\"callbacks.setButtonStyles\" data-wp-on--click=\"actions.showLightbox\" data-wp-on--load=\"callbacks.setButtonStyles\" data-wp-on-window--resize=\"callbacks.setButtonStyles\" src=\"https:\/\/rothschenk.de\/wp-content\/uploads\/2021\/04\/verdreckte-lkw-ladeflaeche-reibwert-ladungssicherung-fachbeitrag-besen-rothschenk.jpg\" alt=\"\" class=\"wp-image-147287\" srcset=\"https:\/\/rothschenk.de\/wp-content\/uploads\/2021\/04\/verdreckte-lkw-ladeflaeche-reibwert-ladungssicherung-fachbeitrag-besen-rothschenk.jpg 646w, https:\/\/rothschenk.de\/wp-content\/uploads\/2021\/04\/verdreckte-lkw-ladeflaeche-reibwert-ladungssicherung-fachbeitrag-besen-rothschenk-300x225.jpg 300w, https:\/\/rothschenk.de\/wp-content\/uploads\/2021\/04\/verdreckte-lkw-ladeflaeche-reibwert-ladungssicherung-fachbeitrag-besen-rothschenk-600x450.jpg 600w\" sizes=\"(max-width: 646px) 100vw, 646px\" \/><button\n\t\t\tclass=\"lightbox-trigger\"\n\t\t\ttype=\"button\"\n\t\t\taria-haspopup=\"dialog\"\n\t\t\taria-label=\"Zv\u011bt\u0161it\"\n\t\t\tdata-wp-init=\"callbacks.initTriggerButton\"\n\t\t\tdata-wp-on--click=\"actions.showLightbox\"\n\t\t\tdata-wp-style--right=\"state.imageButtonRight\"\n\t\t\tdata-wp-style--top=\"state.imageButtonTop\"\n\t\t>\n\t\t\t<svg xmlns=\"http:\/\/www.w3.org\/2000\/svg\" width=\"12\" height=\"12\" fill=\"none\" viewBox=\"0 0 12 12\">\n\t\t\t\t<path fill=\"#fff\" d=\"M2 0a2 2 0 0 0-2 2v2h1.5V2a.5.5 0 0 1 .5-.5h2V0H2Zm2 10.5H2a.5.5 0 0 1-.5-.5V8H0v2a2 2 0 0 0 2 2h2v-1.5ZM8 12v-1.5h2a.5.5 0 0 0 .5-.5V8H12v2a2 2 0 0 1-2 2H8Zm2-12a2 2 0 0 1 2 2v2h-1.5V2a.5.5 0 0 0-.5-.5H8V0h2Z\" \/>\n\t\t\t<\/svg>\n\t\t<\/button><\/figure>\n\n\n\n<p>L\u00e9ka\u0159 se zm\u00ednil, \u017ee vid\u011bl i hor\u0161\u00ed zne\u010di\u0161t\u011bn\u00ed, ne\u017e je toto.<\/p>\n<\/div>\n<\/div>\n\n<div style=\"height:35px\" aria-hidden=\"true\" class=\"wp-block-spacer\"><\/div>\n\n<h3 class=\"wp-block-heading\">Zkou\u0161ka<\/h3>\n\n<div class=\"wp-block-columns is-layout-flex wp-container-core-columns-is-layout-28f84493 wp-block-columns-is-layout-flex\">\n<div class=\"wp-block-column is-vertically-aligned-center is-layout-flow wp-block-column-is-layout-flow\" style=\"flex-basis:75%\">\n<p>Ur\u010dit \u010distou lo\u017enou plochu je ve skute\u010dnosti velmi snadn\u00e9. &#8211; Pracovn\u00edk nakl\u00e1dky sleduje, jak \u0159idi\u010d zamet\u00e1 celou nakl\u00e1dac\u00ed plochu ko\u0161t\u011btem. <\/p>\n\n\n\n<p>Vhodn\u00fdm n\u00e1strojem je <strong>ko\u0161t\u011b <\/strong>s \u010dern\u00fdmi nebo hn\u011bd\u00fdmi \u0161t\u011btinami. Pouli\u010dn\u00ed zameta\u010d by se nem\u011bl pou\u017e\u00edvat, proto\u017ee \u010dasto nezamet\u00e1 tak \u010dist\u011b.   <\/p>\n\n\n\n<p>N\u011bkte\u0159\u00ed tak\u00e9 pou\u017e\u00edvaj\u00ed kompresor k vyfukov\u00e1n\u00ed lo\u017en\u00e9 plochy. \u010casto v\u0161ak lze pozorovat, \u017ee se ne\u010distoty vlivem turbulenc\u00ed usazuj\u00ed na jin\u00e9m m\u00edst\u011b. Proto je lep\u0161\u00ed se t\u00e9to technologii vyhnout a pou\u017e\u00edt b\u011b\u017en\u00fd smet\u00e1k.  <\/p>\n<\/div>\n\n\n\n<div class=\"wp-block-column is-layout-flow wp-block-column-is-layout-flow\">\n<figure data-wp-context=\"{&quot;imageId&quot;:&quot;69ec7e91e0e25&quot;}\" data-wp-interactive=\"core\/image\" data-wp-key=\"69ec7e91e0e25\" class=\"wp-block-image size-full is-resized wp-lightbox-container\"><img loading=\"lazy\" decoding=\"async\" width=\"1418\" height=\"866\" data-wp-class--hide=\"state.isContentHidden\" data-wp-class--show=\"state.isContentVisible\" data-wp-init=\"callbacks.setButtonStyles\" data-wp-on--click=\"actions.showLightbox\" data-wp-on--load=\"callbacks.setButtonStyles\" data-wp-on-window--resize=\"callbacks.setButtonStyles\" src=\"https:\/\/rothschenk.de\/wp-content\/uploads\/2021\/04\/praxis-Livetests_rothschenk-lkw-ladungssicherung.jpg\" alt=\"\" class=\"wp-image-147174\" style=\"aspect-ratio:1.3333333333333333;object-fit:cover;width:199px;height:auto\" srcset=\"https:\/\/rothschenk.de\/wp-content\/uploads\/2021\/04\/praxis-Livetests_rothschenk-lkw-ladungssicherung.jpg 1418w, https:\/\/rothschenk.de\/wp-content\/uploads\/2021\/04\/praxis-Livetests_rothschenk-lkw-ladungssicherung-300x183.jpg 300w, https:\/\/rothschenk.de\/wp-content\/uploads\/2021\/04\/praxis-Livetests_rothschenk-lkw-ladungssicherung-1024x625.jpg 1024w, https:\/\/rothschenk.de\/wp-content\/uploads\/2021\/04\/praxis-Livetests_rothschenk-lkw-ladungssicherung-768x469.jpg 768w, https:\/\/rothschenk.de\/wp-content\/uploads\/2021\/04\/praxis-Livetests_rothschenk-lkw-ladungssicherung-600x366.jpg 600w\" sizes=\"(max-width: 1418px) 100vw, 1418px\" \/><button\n\t\t\tclass=\"lightbox-trigger\"\n\t\t\ttype=\"button\"\n\t\t\taria-haspopup=\"dialog\"\n\t\t\taria-label=\"Zv\u011bt\u0161it\"\n\t\t\tdata-wp-init=\"callbacks.initTriggerButton\"\n\t\t\tdata-wp-on--click=\"actions.showLightbox\"\n\t\t\tdata-wp-style--right=\"state.imageButtonRight\"\n\t\t\tdata-wp-style--top=\"state.imageButtonTop\"\n\t\t>\n\t\t\t<svg xmlns=\"http:\/\/www.w3.org\/2000\/svg\" width=\"12\" height=\"12\" fill=\"none\" viewBox=\"0 0 12 12\">\n\t\t\t\t<path fill=\"#fff\" d=\"M2 0a2 2 0 0 0-2 2v2h1.5V2a.5.5 0 0 1 .5-.5h2V0H2Zm2 10.5H2a.5.5 0 0 1-.5-.5V8H0v2a2 2 0 0 0 2 2h2v-1.5ZM8 12v-1.5h2a.5.5 0 0 0 .5-.5V8H12v2a2 2 0 0 1-2 2H8Zm2-12a2 2 0 0 1 2 2v2h-1.5V2a.5.5 0 0 0-.5-.5H8V0h2Z\" \/>\n\t\t\t<\/svg>\n\t\t<\/button><\/figure>\n<\/div>\n<\/div>\n\n<div style=\"height:35px\" aria-hidden=\"true\" class=\"wp-block-spacer\"><\/div>\n\n<h2 class=\"wp-block-heading\">Jak\u00fd typ zametac\u00edho stroje?<\/h2>\n\n<div class=\"wp-block-columns is-layout-flex wp-container-core-columns-is-layout-28f84493 wp-block-columns-is-layout-flex\">\n<div class=\"wp-block-column is-vertically-aligned-center is-layout-flow wp-block-column-is-layout-flow\" style=\"flex-basis:75%\">\n<p>Mus\u00edte tak\u00e9 v\u011bnovat pozornost tomu, jak\u00fd typ zametac\u00edho vozu \u0159idi\u010d pou\u017e\u00edv\u00e1. Rozli\u0161uji zde t\u0159i r\u016fzn\u00e9 typy: <\/p>\n\n\n\n<ol class=\"wp-block-list\">\n<li><strong>\u010cist\u00fd<\/strong> &#8211; p\u0159i n\u011bm se co nejv\u00edce odstran\u00ed lo\u017en\u00e1 plocha a vozidlo se p\u0159ejede zep\u0159edu dozadu.<\/li>\n\n\n\n<li><strong>L\u00edn\u00fd<\/strong> &#8211; nech\u00e1 v\u0161echno na nakl\u00e1dac\u00ed plo\u0161e, dokonce i ji\u017e polo\u017een\u00e9 protiskluzov\u00e9 roho\u017ee, a pak p\u0159es n\u011b zamete.<\/li>\n\n\n\n<li>Ten <strong>zabl\u00e1cen\u00fd<\/strong> &#8211; ten u\u017e si rozlo\u017eil <a href=\"https:\/\/rothschenk.de\/produkt-kategorie\/antirutsch\/\">protiskluzov\u00e9 roho\u017ee<\/a> a te\u010f vezme ru\u010dn\u00ed kart\u00e1\u010d, roho\u017e slo\u017e\u00ed, zamete jen tam, kde le\u017e\u00ed, a zase ji polo\u017e\u00ed.<\/li>\n<\/ol>\n\n\n\n<p>V ka\u017ed\u00e9m n\u00e1kladov\u00e9m prostoru by m\u011bla b\u00fdt k dispozici &#8222;sada n\u00e1stroj\u016f&#8220;. Na obr\u00e1zku zcela vpravo je kuchy\u0148sk\u00fd smet\u00e1k s \u010dern\u00fdmi \u0161t\u011btinami. <\/p>\n<\/div>\n\n\n\n<div class=\"wp-block-column is-vertically-aligned-center is-layout-flow wp-block-column-is-layout-flow\">\n<figure data-wp-context=\"{&quot;imageId&quot;:&quot;69ec7e91e1606&quot;}\" data-wp-interactive=\"core\/image\" data-wp-key=\"69ec7e91e1606\" class=\"wp-block-image aligncenter size-full is-resized wp-lightbox-container\"><img loading=\"lazy\" decoding=\"async\" width=\"579\" height=\"772\" data-wp-class--hide=\"state.isContentHidden\" data-wp-class--show=\"state.isContentVisible\" data-wp-init=\"callbacks.setButtonStyles\" data-wp-on--click=\"actions.showLightbox\" data-wp-on--load=\"callbacks.setButtonStyles\" data-wp-on-window--resize=\"callbacks.setButtonStyles\" src=\"https:\/\/rothschenk.de\/wp-content\/uploads\/2021\/04\/besen-an-der-wand-reinigen-ladeflaeche-lkw-rothschenk3.jpg\" alt=\"\" class=\"wp-image-147402\" style=\"aspect-ratio:9\/16;object-fit:cover;width:199px;height:auto\" srcset=\"https:\/\/rothschenk.de\/wp-content\/uploads\/2021\/04\/besen-an-der-wand-reinigen-ladeflaeche-lkw-rothschenk3.jpg 579w, https:\/\/rothschenk.de\/wp-content\/uploads\/2021\/04\/besen-an-der-wand-reinigen-ladeflaeche-lkw-rothschenk3-225x300.jpg 225w\" sizes=\"(max-width: 579px) 100vw, 579px\" \/><button\n\t\t\tclass=\"lightbox-trigger\"\n\t\t\ttype=\"button\"\n\t\t\taria-haspopup=\"dialog\"\n\t\t\taria-label=\"Zv\u011bt\u0161it\"\n\t\t\tdata-wp-init=\"callbacks.initTriggerButton\"\n\t\t\tdata-wp-on--click=\"actions.showLightbox\"\n\t\t\tdata-wp-style--right=\"state.imageButtonRight\"\n\t\t\tdata-wp-style--top=\"state.imageButtonTop\"\n\t\t>\n\t\t\t<svg xmlns=\"http:\/\/www.w3.org\/2000\/svg\" width=\"12\" height=\"12\" fill=\"none\" viewBox=\"0 0 12 12\">\n\t\t\t\t<path fill=\"#fff\" d=\"M2 0a2 2 0 0 0-2 2v2h1.5V2a.5.5 0 0 1 .5-.5h2V0H2Zm2 10.5H2a.5.5 0 0 1-.5-.5V8H0v2a2 2 0 0 0 2 2h2v-1.5ZM8 12v-1.5h2a.5.5 0 0 0 .5-.5V8H12v2a2 2 0 0 1-2 2H8Zm2-12a2 2 0 0 1 2 2v2h-1.5V2a.5.5 0 0 0-.5-.5H8V0h2Z\" \/>\n\t\t\t<\/svg>\n\t\t<\/button><\/figure>\n<\/div>\n<\/div>\n\n<div style=\"height:35px\" aria-hidden=\"true\" class=\"wp-block-spacer\"><\/div>\n\n<h3 class=\"wp-block-heading\">\u00da\u010dinky<\/h3>\n\n<p>Za\u010dn\u011bme zezadu.<strong>Ten &#8222;lajd\u00e1k<\/strong>&#8220; pracuje velmi pe\u010dliv\u011b a tak\u00e9 db\u00e1 na to, aby byla fyzika v po\u0159\u00e1dku a t\u0159en\u00ed bylo pravd\u011bpodobn\u011b pom\u011brn\u011b vysok\u00e9. Mohly by v\u0161ak nastat probl\u00e9my s argumentac\u00ed p\u0159i dopravn\u00ed kontrole, pokud by inspekto\u0159i p\u0159edpokl\u00e1dali, \u017ee lo\u017en\u00e1 plocha je \u0161pinav\u00e1, proto\u017ee zbytek nebyl zameten.  <\/p>\n\n<p>Ve v\u011bt\u0161in\u011b p\u0159\u00edpad\u016f by policistu uklidnila<strong>&#8222;l\u00edn\u00e1<\/strong>&#8222;, ale z fyzik\u00e1ln\u00edho hlediska jsou mezi t\u0159ec\u00edmi partnery \u010d\u00e1ste\u010dky ne\u010distot, tak\u017ee v p\u0159\u00edpad\u011b mo\u017en\u00e9ho nouzov\u00e9ho zastaven\u00ed nebo \u00fahybn\u00e9ho man\u00e9vru by se mohlo n\u011bco pokazit. Proto je &#8222;\u010dist\u00e1&#8220; samoz\u0159ejm\u011b na\u0161\u00edm osobn\u00edm \u010d\u00edslem 1, proto\u017ee jedin\u011b tak lze u\u010dinit zadost fyzice a policistovi. <\/p>\n\n<figure data-wp-context=\"{&quot;imageId&quot;:&quot;69ec7e91e194d&quot;}\" data-wp-interactive=\"core\/image\" data-wp-key=\"69ec7e91e194d\" class=\"wp-block-image aligncenter size-full is-resized wp-lightbox-container\"><img loading=\"lazy\" decoding=\"async\" width=\"648\" height=\"429\" data-wp-class--hide=\"state.isContentHidden\" data-wp-class--show=\"state.isContentVisible\" data-wp-init=\"callbacks.setButtonStyles\" data-wp-on--click=\"actions.showLightbox\" data-wp-on--load=\"callbacks.setButtonStyles\" data-wp-on-window--resize=\"callbacks.setButtonStyles\" src=\"https:\/\/rothschenk.de\/wp-content\/uploads\/2021\/04\/besen-am-boden-reinigen-ladeflaeche-lkw-rothschenk.jpg\" alt=\"\" class=\"wp-image-147293\" style=\"width:340px;height:auto\" srcset=\"https:\/\/rothschenk.de\/wp-content\/uploads\/2021\/04\/besen-am-boden-reinigen-ladeflaeche-lkw-rothschenk.jpg 648w, https:\/\/rothschenk.de\/wp-content\/uploads\/2021\/04\/besen-am-boden-reinigen-ladeflaeche-lkw-rothschenk-300x199.jpg 300w, https:\/\/rothschenk.de\/wp-content\/uploads\/2021\/04\/besen-am-boden-reinigen-ladeflaeche-lkw-rothschenk-600x397.jpg 600w\" sizes=\"(max-width: 648px) 100vw, 648px\" \/><button\n\t\t\tclass=\"lightbox-trigger\"\n\t\t\ttype=\"button\"\n\t\t\taria-haspopup=\"dialog\"\n\t\t\taria-label=\"Zv\u011bt\u0161it\"\n\t\t\tdata-wp-init=\"callbacks.initTriggerButton\"\n\t\t\tdata-wp-on--click=\"actions.showLightbox\"\n\t\t\tdata-wp-style--right=\"state.imageButtonRight\"\n\t\t\tdata-wp-style--top=\"state.imageButtonTop\"\n\t\t>\n\t\t\t<svg xmlns=\"http:\/\/www.w3.org\/2000\/svg\" width=\"12\" height=\"12\" fill=\"none\" viewBox=\"0 0 12 12\">\n\t\t\t\t<path fill=\"#fff\" d=\"M2 0a2 2 0 0 0-2 2v2h1.5V2a.5.5 0 0 1 .5-.5h2V0H2Zm2 10.5H2a.5.5 0 0 1-.5-.5V8H0v2a2 2 0 0 0 2 2h2v-1.5ZM8 12v-1.5h2a.5.5 0 0 0 .5-.5V8H12v2a2 2 0 0 1-2 2H8Zm2-12a2 2 0 0 1 2 2v2h-1.5V2a.5.5 0 0 0-.5-.5H8V0h2Z\" \/>\n\t\t\t<\/svg>\n\t\t<\/button><figcaption class=\"wp-element-caption\">Podom\u00e1cku vyroben\u00e1 ko\u0161\u0165ata nejsou vhodn\u00fdm materi\u00e1lem pro \u010di\u0161t\u011bn\u00ed n\u00e1kladov\u00e9ho prostoru.<\/figcaption><\/figure>\n\n<div style=\"height:35px\" aria-hidden=\"true\" class=\"wp-block-spacer\"><\/div>\n\n<h2 class=\"wp-block-heading\">V\u00fdmluvy&#8230; a opat\u0159en\u00ed<\/h2>\n\n<p>V ot\u00e1zce \u010distoty je v\u017edy d\u016fle\u017eit\u00fd tak\u00e9 <strong>\u010dasov\u00fd faktor<\/strong>. Proto \u010dasto sl\u00fdch\u00e1me v\u00fdroky typu: &#8222;Nakl\u00e1d\u00e1me &#8230; n\u00e1kladn\u00edch vozidel denn\u011b, kdybychom museli kontrolovat i to, pak bychom mohli nakl\u00e1dat o 10 vozidel denn\u011b m\u00e9n\u011b&#8220;. <\/p>\n\n<p>Faktem je, \u017ee pokud osoba prov\u00e1d\u011bj\u00edc\u00ed nakl\u00e1dku sleduje ka\u017ed\u00e9ho \u0159idi\u010de, jak zamet\u00e1 nakl\u00e1dac\u00ed prostor, pak na jedno vozidlo uplyne 5 a\u017e 15 minut pom\u011brn\u011b rychle, co\u017e se v pr\u016fb\u011bhu dne s\u010d\u00edt\u00e1. Existuje v\u0161ak i jin\u00fd zp\u016fsob. <\/p>\n\n<div class=\"wp-block-columns is-layout-flex wp-container-core-columns-is-layout-28f84493 wp-block-columns-is-layout-flex\">\n<div class=\"wp-block-column is-vertically-aligned-center is-layout-flow wp-block-column-is-layout-flow\">\n<figure data-wp-context=\"{&quot;imageId&quot;:&quot;69ec7e91e2054&quot;}\" data-wp-interactive=\"core\/image\" data-wp-key=\"69ec7e91e2054\" class=\"wp-block-image alignleft size-full is-resized wp-lightbox-container\"><img loading=\"lazy\" decoding=\"async\" width=\"300\" height=\"200\" data-wp-class--hide=\"state.isContentHidden\" data-wp-class--show=\"state.isContentVisible\" data-wp-init=\"callbacks.setButtonStyles\" data-wp-on--click=\"actions.showLightbox\" data-wp-on--load=\"callbacks.setButtonStyles\" data-wp-on-window--resize=\"callbacks.setButtonStyles\" src=\"https:\/\/rothschenk.de\/wp-content\/uploads\/2021\/04\/milieu-nahaufnahme-lager-und-stapler-rothschenk-300x200-1.jpg\" alt=\"\" class=\"wp-image-147170\" style=\"aspect-ratio:1.3333333333333333;object-fit:cover;width:199px;height:auto\"\/><button\n\t\t\tclass=\"lightbox-trigger\"\n\t\t\ttype=\"button\"\n\t\t\taria-haspopup=\"dialog\"\n\t\t\taria-label=\"Zv\u011bt\u0161it\"\n\t\t\tdata-wp-init=\"callbacks.initTriggerButton\"\n\t\t\tdata-wp-on--click=\"actions.showLightbox\"\n\t\t\tdata-wp-style--right=\"state.imageButtonRight\"\n\t\t\tdata-wp-style--top=\"state.imageButtonTop\"\n\t\t>\n\t\t\t<svg xmlns=\"http:\/\/www.w3.org\/2000\/svg\" width=\"12\" height=\"12\" fill=\"none\" viewBox=\"0 0 12 12\">\n\t\t\t\t<path fill=\"#fff\" d=\"M2 0a2 2 0 0 0-2 2v2h1.5V2a.5.5 0 0 1 .5-.5h2V0H2Zm2 10.5H2a.5.5 0 0 1-.5-.5V8H0v2a2 2 0 0 0 2 2h2v-1.5ZM8 12v-1.5h2a.5.5 0 0 0 .5-.5V8H12v2a2 2 0 0 1-2 2H8Zm2-12a2 2 0 0 1 2 2v2h-1.5V2a.5.5 0 0 0-.5-.5H8V0h2Z\" \/>\n\t\t\t<\/svg>\n\t\t<\/button><\/figure>\n<\/div>\n\n\n\n<div class=\"wp-block-column is-vertically-aligned-center is-layout-flow wp-block-column-is-layout-flow\" style=\"flex-basis:75%\">\n<p class=\"has-text-align-left\">Jednou z mo\u017enost\u00ed je <strong>sm\u011brovac\u00ed l\u00edstek<\/strong>, kter\u00fd \u0159idi\u010d obdr\u017e\u00ed p\u0159i registraci. V n\u011bm je uvedeno, \u017ee \u0159idi\u010d mus\u00ed p\u0159ed vjezdem do n\u00e1kladov\u00e9ho prostoru zam\u00e9st. Pokud je odvol\u00e1n a je \u010dist\u00fd, pak dojel na m\u00edsto ur\u010den\u00ed.  <\/p>\n<\/div>\n<\/div>\n\n<p>Pokud se v\u0161ak neodvr\u00e1til od n\u00e1kladov\u00e9ho prostoru, jedn\u00edm z opat\u0159en\u00ed by bylo poslat ho zp\u011bt na vy\u010dk\u00e1vac\u00ed m\u00edsto. Takov\u00e9 opat\u0159en\u00ed ji\u017e pomohlo mnoha spole\u010dnostem &#8222;vychovat&#8220; \u0159idi\u010de a p\u0159im\u011bt je k dodr\u017eov\u00e1n\u00ed pokyn\u016f. <\/p>\n\n<p>Existuje v\u0161ak i jin\u00e1 mo\u017enost. Pokud osoba nakl\u00e1daj\u00edc\u00ed zbo\u017e\u00ed zjist\u00ed, \u017ee je lo\u017en\u00e1 plocha zne\u010di\u0161t\u011bn\u00e1, d\u00e1 \u0159idi\u010di pokyn, aby lo\u017enou plochu zametl. Ten pak zajede zp\u011bt do skladu a vyzvedne dal\u0161\u00ed n\u00e1klad. Pokud je nakl\u00e1dac\u00ed plocha \u010dist\u00e1, m\u016f\u017ee se ihned za\u010d\u00edt nakl\u00e1dat; pokud nen\u00ed, pracovn\u00edk um\u00edst\u00ed n\u00e1klad na voln\u00e9 m\u00edsto a vyzvedne dal\u0161\u00ed polo\u017eku a tento proces se opakuje, dokud nen\u00ed nakl\u00e1dac\u00ed plocha \u010dist\u00e1.   <\/p>\n\n<div style=\"height:35px\" aria-hidden=\"true\" class=\"wp-block-spacer\"><\/div>\n\n<h3 class=\"wp-block-heading\">\u010cas jsou pen\u00edze?<\/h3>\n\n<p>\u0158idi\u010di \u010dasto rad\u011bji str\u00e1v\u00ed 45 minut diskus\u00ed o tom, pro\u010d nen\u00ed nakl\u00e1dac\u00ed prostor \u010dist\u00fd, ne\u017e aby ho 5 minut zametali. Takov\u00e1 diskuse se tak\u00e9 rychle vysv\u011btl\u00ed pomoc\u00ed <strong>sm\u011brovac\u00edho l\u00edstku<\/strong> nebo <strong>pracovn\u00edch pokyn\u016f <\/strong> <strong>\u0159idi\u010de<\/strong> &#8222;PROTO\u017dE TO TAM JE&#8220; a pracovn\u00edci nakl\u00e1dky mus\u00ed dodr\u017eovat pracovn\u00ed pokyny zam\u011bstnavatele. V mnoha p\u0159\u00edpadech m\u00e1 tak\u00e9 smysl informovat dopravce o tom, \u017ee s jedn\u00edm nebo druh\u00fdm jsou pot\u00ed\u017ee.    <\/p>\n\n<figure data-wp-context=\"{&quot;imageId&quot;:&quot;69ec7e91e2460&quot;}\" data-wp-interactive=\"core\/image\" data-wp-key=\"69ec7e91e2460\" class=\"wp-block-image aligncenter size-full wp-lightbox-container\"><img loading=\"lazy\" decoding=\"async\" width=\"445\" height=\"95\" data-wp-class--hide=\"state.isContentHidden\" data-wp-class--show=\"state.isContentVisible\" data-wp-init=\"callbacks.setButtonStyles\" data-wp-on--click=\"actions.showLightbox\" data-wp-on--load=\"callbacks.setButtonStyles\" data-wp-on-window--resize=\"callbacks.setButtonStyles\" src=\"https:\/\/rothschenk.de\/wp-content\/uploads\/2021\/04\/foto-von-zertifikat-din-en-12642-code-xl-rothschenk2.jpg\" alt=\"\" class=\"wp-image-147375\" srcset=\"https:\/\/rothschenk.de\/wp-content\/uploads\/2021\/04\/foto-von-zertifikat-din-en-12642-code-xl-rothschenk2.jpg 445w, https:\/\/rothschenk.de\/wp-content\/uploads\/2021\/04\/foto-von-zertifikat-din-en-12642-code-xl-rothschenk2-300x64.jpg 300w\" sizes=\"(max-width: 445px) 100vw, 445px\" \/><button\n\t\t\tclass=\"lightbox-trigger\"\n\t\t\ttype=\"button\"\n\t\t\taria-haspopup=\"dialog\"\n\t\t\taria-label=\"Zv\u011bt\u0161it\"\n\t\t\tdata-wp-init=\"callbacks.initTriggerButton\"\n\t\t\tdata-wp-on--click=\"actions.showLightbox\"\n\t\t\tdata-wp-style--right=\"state.imageButtonRight\"\n\t\t\tdata-wp-style--top=\"state.imageButtonTop\"\n\t\t>\n\t\t\t<svg xmlns=\"http:\/\/www.w3.org\/2000\/svg\" width=\"12\" height=\"12\" fill=\"none\" viewBox=\"0 0 12 12\">\n\t\t\t\t<path fill=\"#fff\" d=\"M2 0a2 2 0 0 0-2 2v2h1.5V2a.5.5 0 0 1 .5-.5h2V0H2Zm2 10.5H2a.5.5 0 0 1-.5-.5V8H0v2a2 2 0 0 0 2 2h2v-1.5ZM8 12v-1.5h2a.5.5 0 0 0 .5-.5V8H12v2a2 2 0 0 1-2 2H8Zm2-12a2 2 0 0 1 2 2v2h-1.5V2a.5.5 0 0 0-.5-.5H8V0h2Z\" \/>\n\t\t\t<\/svg>\n\t\t<\/button><figcaption class=\"wp-element-caption\">Toto je v\u00fd\u0148atek z certifik\u00e1tu podle normy DIN-EN 12642, k\u00f3d XL. <\/figcaption><\/figure>\n\n<div style=\"height:35px\" aria-hidden=\"true\" class=\"wp-block-spacer\"><\/div>\n\n<div class=\"wp-block-columns has-white-color has-text-color has-background has-link-color wp-elements-4de6af0ffabe23466ce3736da8b157f0 is-layout-flex wp-container-core-columns-is-layout-28f84493 wp-block-columns-is-layout-flex\" style=\"background-color:#f5f5f5\">\n<div class=\"wp-block-column is-vertically-aligned-center is-layout-flow wp-block-column-is-layout-flow\" style=\"flex-basis:75%\">\n<p class=\"has-black-color has-text-color has-link-color wp-elements-ad83c5daead404c1acb7f90e7e848d24\">\u010cist\u00e1 lo\u017en\u00e1 plocha je tak\u00e9 <strong>z\u00e1kladem pro tvarov\u00e9 upevn\u011bn\u00ed n\u00e1kladu<\/strong> v t\u011blese Code XL.<\/p>\n\n\n\n<p class=\"has-black-color has-text-color has-link-color wp-elements-2a772eb297e6bae8de5627f3b493d8c1\">Certifik\u00e1t podle p\u0159edpisu XL v\u017edy obsahuje seznam okolnost\u00ed, za kter\u00fdch nosn\u00e1 konstrukce odol\u00e1v\u00e1 p\u016fsob\u00edc\u00edm sil\u00e1m. Hned na za\u010d\u00e1tku seznamu je uvedeno &#8222;Sou\u010dinitel kluzn\u00e9ho t\u0159en\u00ed nejm\u00e9n\u011b \u00b5D = 0,3&#8220;. Tuto hodnotu 0,3 lze realizovat pouze v p\u0159\u00edpad\u011b, \u017ee je lo\u017en\u00e1 plocha \u010dist\u011b zametena.  <\/p>\n<\/div>\n\n\n\n<div class=\"wp-block-column is-vertically-aligned-center is-layout-flow wp-block-column-is-layout-flow\">\n<figure data-wp-context=\"{&quot;imageId&quot;:&quot;69ec7e91e27da&quot;}\" data-wp-interactive=\"core\/image\" data-wp-key=\"69ec7e91e27da\" class=\"wp-block-image size-medium wp-lightbox-container\"><img loading=\"lazy\" decoding=\"async\" width=\"300\" height=\"168\" data-wp-class--hide=\"state.isContentHidden\" data-wp-class--show=\"state.isContentVisible\" data-wp-init=\"callbacks.setButtonStyles\" data-wp-on--click=\"actions.showLightbox\" data-wp-on--load=\"callbacks.setButtonStyles\" data-wp-on-window--resize=\"callbacks.setButtonStyles\" src=\"https:\/\/rothschenk.de\/wp-content\/uploads\/2021\/04\/seminar-christian-schmid-ladungssicherung-rothschenk-300x168.jpg\" alt=\"\" class=\"wp-image-147284\" srcset=\"https:\/\/rothschenk.de\/wp-content\/uploads\/2021\/04\/seminar-christian-schmid-ladungssicherung-rothschenk-300x168.jpg 300w, https:\/\/rothschenk.de\/wp-content\/uploads\/2021\/04\/seminar-christian-schmid-ladungssicherung-rothschenk-1024x572.jpg 1024w, https:\/\/rothschenk.de\/wp-content\/uploads\/2021\/04\/seminar-christian-schmid-ladungssicherung-rothschenk-768x429.jpg 768w, https:\/\/rothschenk.de\/wp-content\/uploads\/2021\/04\/seminar-christian-schmid-ladungssicherung-rothschenk-600x335.jpg 600w, https:\/\/rothschenk.de\/wp-content\/uploads\/2021\/04\/seminar-christian-schmid-ladungssicherung-rothschenk.jpg 1275w\" sizes=\"(max-width: 300px) 100vw, 300px\" \/><button\n\t\t\tclass=\"lightbox-trigger\"\n\t\t\ttype=\"button\"\n\t\t\taria-haspopup=\"dialog\"\n\t\t\taria-label=\"Zv\u011bt\u0161it\"\n\t\t\tdata-wp-init=\"callbacks.initTriggerButton\"\n\t\t\tdata-wp-on--click=\"actions.showLightbox\"\n\t\t\tdata-wp-style--right=\"state.imageButtonRight\"\n\t\t\tdata-wp-style--top=\"state.imageButtonTop\"\n\t\t>\n\t\t\t<svg xmlns=\"http:\/\/www.w3.org\/2000\/svg\" width=\"12\" height=\"12\" fill=\"none\" viewBox=\"0 0 12 12\">\n\t\t\t\t<path fill=\"#fff\" d=\"M2 0a2 2 0 0 0-2 2v2h1.5V2a.5.5 0 0 1 .5-.5h2V0H2Zm2 10.5H2a.5.5 0 0 1-.5-.5V8H0v2a2 2 0 0 0 2 2h2v-1.5ZM8 12v-1.5h2a.5.5 0 0 0 .5-.5V8H12v2a2 2 0 0 1-2 2H8Zm2-12a2 2 0 0 1 2 2v2h-1.5V2a.5.5 0 0 0-.5-.5H8V0h2Z\" \/>\n\t\t\t<\/svg>\n\t\t<\/button><\/figure>\n<\/div>\n<\/div>\n\n<p>Abychom si to v\u0161echno p\u0159evedli do \u010d\u00edsel, uvedeme n\u00e1sleduj\u00edc\u00ed srovn\u00e1n\u00ed: P\u0159edpokl\u00e1d\u00e1me, \u017ee na korbu n\u00e1kladn\u00edho automobilu je nalo\u017eena d\u0159ev\u011bn\u00e1 bedna o hmotnosti 5 000 kg.<\/p>\n\n<p>Pokud je lo\u017en\u00e1 plocha v \u010dist\u00e9m stavu, lze obvykle p\u0159edpokl\u00e1dat sou\u010dinitel kluzn\u00e9ho t\u0159en\u00ed \u00b5D = 0,3 (30 %). To znamen\u00e1, \u017ee t\u0159ec\u00ed s\u00edla je 5 000 daN x 0,3 =. <strong><u>1 500 daN<\/u><\/strong>. <\/p>\n\n<p>Pokud se pou\u017eij\u00ed protiskluzov\u00e9 roho\u017ee (ARM), kter\u00e9 se pak tak\u00e9 spr\u00e1vn\u011b polo\u017e\u00ed na \u010distou lo\u017enou plochu, je t\u0159ec\u00ed s\u00edla 5 000 daN x 0,6 =. <strong><u>3 000 daN.<\/u><\/strong><\/p>\n\n<p>Pokud je v\u0161ak lo\u017en\u00e1 plocha zne\u010di\u0161t\u011bn\u00e1, je v podstat\u011b jedno, zda jsou mezi zat\u00ed\u017een\u00edm a lo\u017enou plochou ARM, proto\u017ee sou\u010dinitel kluzn\u00e9ho t\u0159en\u00ed m\u016f\u017ee b\u00fdt pouze \u00b5D = 0,1.<\/p>\n\n<p>T\u0159ec\u00ed s\u00edla je tedy pouze 5 000 daN x 0,1 = 500 daN. Na prvn\u00ed pohled se to nezd\u00e1 tak dramatick\u00e9, ale v kombinaci s v\u00e1zac\u00edm popruhem je mo\u017en\u00e9, \u017ee ke skute\u010dn\u00e9mu zaji\u0161t\u011bn\u00ed t\u00e9to bedny by bylo zapot\u0159eb\u00ed v\u00edce ne\u017e 50 v\u00e1zac\u00edch popruh\u016f. <\/p>\n\n<div style=\"height:35px\" aria-hidden=\"true\" class=\"wp-block-spacer\"><\/div>\n\n<h2 class=\"wp-block-heading has-text-align-left\">Z\u00e1v\u011br<\/h2>\n\n<p class=\"has-text-align-left\">Pokud se n\u00e1m nepoda\u0159\u00ed za\u0159\u00eddit, aby byly lo\u017en\u00e9 plochy p\u0159ed zat\u00ed\u017een\u00edm \u010dist\u00e9, nemus\u00edme ve v\u011bt\u0161in\u011b p\u0159\u00edpad\u016f mluvit o <a href=\"https:\/\/rothschenk.de\/produkt-kategorie\/lashing\/gurtband\/\">\u0159emenech<\/a>, \u0159et\u011bzech apod., pokud se v\u00e1m nakonec nepoda\u0159\u00ed opravdu zajistit n\u00e1klad s t\u0159en\u00edm \u00b5D \u2264 0,1.<\/p>\n\n<p>S pozdravem, Christian Schmid<\/p>\n\n<div style=\"height:50px\" aria-hidden=\"true\" class=\"wp-block-spacer\"><\/div>\n\n<div class=\"wp-block-columns is-layout-flex wp-container-core-columns-is-layout-28f84493 wp-block-columns-is-layout-flex\">\n<div class=\"wp-block-column is-layout-flow wp-block-column-is-layout-flow\">\n<p>&lt;&lt;  P\u0159edchoz\u00ed p\u0159\u00edsp\u011bvek<br\/><a href=\"https:\/\/rothschenk.de\/folge-4-wer-ist-verantwortlich-bei-der-ladungssicherung\/\">D\u00edl 4: Kdo je zodpov\u011bdn\u00fd za zaji\u0161t\u011bn\u00ed n\u00e1kladu?<\/a><\/p>\n<\/div>\n\n\n\n<div class=\"wp-block-column is-layout-flow wp-block-column-is-layout-flow\">\n<p class=\"has-text-align-right\">Dal\u0161\u00ed \u010dl\u00e1nek &gt;&gt; <br\/><a href=\"https:\/\/rothschenk.de\/folge-6-bucht-bzw-kopflashing-was-versteht-man-darunter\/\"> D\u00edl 6: Z\u00e1toka nebo blik\u00e1n\u00ed hlavy &#8211; co to je?<\/a><\/p>\n<\/div>\n<\/div>\n\n<div class=\"wp-block-columns alignfull are-vertically-aligned-center has-background is-layout-flex wp-container-core-columns-is-layout-28f84493 wp-block-columns-is-layout-flex\" style=\"background-color:#516062\">\n<div class=\"wp-block-column blog_autor_zusatz is-layout-flow wp-block-column-is-layout-flow\" style=\"flex-basis:10vw\"><\/div>\n\n\n\n<div class=\"wp-block-column is-vertically-aligned-center is-layout-flow wp-block-column-is-layout-flow\" style=\"flex-basis:20%\">\n<figure class=\"wp-block-image aligncenter size-medium is-resized is-style-rounded\"><img loading=\"lazy\" decoding=\"async\" width=\"300\" height=\"300\" src=\"https:\/\/rothschenk.de\/wp-content\/uploads\/2024\/03\/cropped-seminar-christian-schmid-ladungssicherung-rothschenk-2-300x300.jpg\" alt=\"\" class=\"wp-image-147027\" style=\"width:150px\" srcset=\"https:\/\/rothschenk.de\/wp-content\/uploads\/2024\/03\/cropped-seminar-christian-schmid-ladungssicherung-rothschenk-2-300x300.jpg 300w, https:\/\/rothschenk.de\/wp-content\/uploads\/2024\/03\/cropped-seminar-christian-schmid-ladungssicherung-rothschenk-2-150x150.jpg 150w, https:\/\/rothschenk.de\/wp-content\/uploads\/2024\/03\/cropped-seminar-christian-schmid-ladungssicherung-rothschenk-2-100x100.jpg 100w, https:\/\/rothschenk.de\/wp-content\/uploads\/2024\/03\/cropped-seminar-christian-schmid-ladungssicherung-rothschenk-2.jpg 430w\" sizes=\"(max-width: 300px) 100vw, 300px\" \/><\/figure>\n<\/div>\n\n\n\n<div class=\"wp-block-column is-vertically-aligned-center is-layout-flow wp-block-column-is-layout-flow\"><div class=\"wp-block-post-author\"><div class=\"wp-block-post-author__content\"><p class=\"wp-block-post-author__name\">Christian Schmid<\/p><p class=\"wp-block-post-author__bio\">\u2714 Zertifizierter DVR- Moderator gem. DIN ISO 17024\r\n\u2714 QM- Beauftragter\r\n\u2714 Gefahrgutbeauftragter\r\n\u2714 Gepr\u00fcfter Industriemeister Kraftverkehr\r\n\u2714 Fahrlehrer C\/CE\r\n\u2714 Seit 2009 Ausbilder in der Logistik\r\n\u2714 Moderation der \u201eLadungssicherungs-Eventfl\u00e4che\u201c im Rahmen der LogiMat in Stuttgart\r\n\u2714 Pr\u00fcfungsausschussmitglied f\u00fcr die Industriemeister Kraftverkehr bei der IHK Bayreuth\r\n\u2714 Mitglied im Expertenausschuss f\u00fcr die Erstellung der Pr\u00fcfungsfragen f\u00fcr die \u2714 Industriemeister Kraftverkehr im Auftrag der DIHK\r\n\u2714 Fachbuchautor &#8212;&gt;\r\n\r\nIn einer Reihe von Fachbeitr\u00e4gen aus der Praxis, zu Themen rund um den Container und LKW, erhalten Sie Profiwissen aus erster Hand. Wie sichert man Ladung korrekt und was sind die Grundlagen der Ladungssicherung?\r\nErarbeitet und vorgestellt wurde dieser Beitrag von Christian Schmid, Inhaber von <a href=\"https:\/\/lkw-schmid.de\/\">L.K.W.-Schmid<\/a>.<\/p><\/div><\/div><\/div>\n\n\n\n<div class=\"wp-block-column blog_autor_zusatz is-layout-flow wp-block-column-is-layout-flow\" style=\"flex-basis:10vw\"><\/div>\n<\/div>\n","protected":false},"excerpt":{"rendered":"<p>Pokud jste na webov\u00fdch str\u00e1nk\u00e1ch Rothschenk, lze p\u0159edpokl\u00e1dat, \u017ee jste o t\u00e9matu zaji\u0161t\u011bn\u00ed z\u00e1t\u011b\u017ee v\u00edce \u010di m\u00e9n\u011b sly\u0161eli. Pokud se pust\u00edte do dal\u0161\u00edho p\u00e1tr\u00e1n\u00ed na internetu, naraz\u00edte na f\u00f3ra, informa\u010dn\u00ed str\u00e1nky poradc\u016f a \u0161kolitel\u016f, dal\u0161\u00edch v\u00fdrobc\u016f a prodejc\u016f, v\u00fdznamn\u00fdch zku\u0161ebn\u00edch instituc\u00ed a v neposledn\u00ed \u0159ad\u011b na skupiny v soci\u00e1ln\u00edch m\u00e9di\u00edch &#8211; to v\u0161e na t\u00e9ma [&hellip;]<\/p>\n","protected":false},"author":1538,"featured_media":0,"comment_status":"open","ping_status":"closed","sticky":false,"template":"","format":"standard","meta":{"_acf_changed":false,"footnotes":""},"categories":[864,866,865],"tags":[],"class_list":["post-680789","post","type-post","status-publish","format-standard","hentry","category-cargo-blog-cs","category-fyzicka-stranka","category-lorry"],"acf":[],"yoast_head":"<!-- This site is optimized with the Yoast SEO plugin v27.4 - https:\/\/yoast.com\/product\/yoast-seo-wordpress\/ -->\n<title>Koeficient t\u0159en\u00ed na n\u00e1kladn\u00edm vozidle - tomu je t\u0159eba v\u011bnovat pozornost! - Rothschenk<\/title>\n<meta name=\"description\" content=\"Koeficient t\u0159en\u00ed na n\u00e1kladn\u00edch vozidlech: technick\u00fd \u010dl\u00e1nek o \u010distot\u011b a opat\u0159en\u00edch k jej\u00edmu zaji\u0161t\u011bn\u00ed. P\u0159edn\u00e1\u0161\u00ed Christian Schmid, odborn\u00edk na LaSi.\" \/>\n<meta name=\"robots\" content=\"index, follow, max-snippet:-1, max-image-preview:large, max-video-preview:-1\" \/>\n<link rel=\"canonical\" href=\"https:\/\/rothschenk.de\/cz\/epizoda-5-koeficient-treni-na-nakladnim-vozidle-na-cem-skutecne-zalezi\/\" \/>\n<meta property=\"og:locale\" content=\"cs_CZ\" \/>\n<meta property=\"og:type\" content=\"article\" \/>\n<meta property=\"og:title\" content=\"Koeficient t\u0159en\u00ed na n\u00e1kladn\u00edm vozidle - tomu je t\u0159eba v\u011bnovat pozornost! - Rothschenk\" \/>\n<meta property=\"og:description\" content=\"Koeficient t\u0159en\u00ed na n\u00e1kladn\u00edch vozidlech: technick\u00fd \u010dl\u00e1nek o \u010distot\u011b a opat\u0159en\u00edch k jej\u00edmu zaji\u0161t\u011bn\u00ed. P\u0159edn\u00e1\u0161\u00ed Christian Schmid, odborn\u00edk na LaSi.\" \/>\n<meta property=\"og:url\" content=\"https:\/\/rothschenk.de\/cz\/epizoda-5-koeficient-treni-na-nakladnim-vozidle-na-cem-skutecne-zalezi\/\" \/>\n<meta property=\"og:site_name\" content=\"Rothschenk\" \/>\n<meta property=\"article:publisher\" content=\"https:\/\/de-de.facebook.com\/FirmaRothschenk\/\" \/>\n<meta property=\"article:published_time\" content=\"2021-04-30T10:59:31+00:00\" \/>\n<meta property=\"article:modified_time\" content=\"2025-06-30T15:01:52+00:00\" \/>\n<meta property=\"og:image\" content=\"https:\/\/rothschenk.de\/wp-content\/uploads\/2021\/04\/fahrer-reinigt-verdreckte-lkw-ladeflaeche-mit-besen-reibwert-ladungssicherung-fachbeitrag-rothschenk.jpg\" \/>\n\t<meta property=\"og:image:width\" content=\"637\" \/>\n\t<meta property=\"og:image:height\" content=\"478\" \/>\n\t<meta property=\"og:image:type\" content=\"image\/jpeg\" \/>\n<meta name=\"author\" content=\"Christian Schmid\" \/>\n<meta name=\"twitter:card\" content=\"summary_large_image\" \/>\n<meta name=\"twitter:label1\" content=\"Napsal(a)\" \/>\n\t<meta name=\"twitter:data1\" content=\"Christian Schmid\" \/>\n\t<meta name=\"twitter:label2\" content=\"Odhadovan\u00e1 doba \u010dten\u00ed\" \/>\n\t<meta name=\"twitter:data2\" content=\"8 minut\" \/>\n<script type=\"application\/ld+json\" class=\"yoast-schema-graph\">{\"@context\":\"https:\\\/\\\/schema.org\",\"@graph\":[{\"@type\":\"Article\",\"@id\":\"https:\\\/\\\/rothschenk.de\\\/cz\\\/epizoda-5-koeficient-treni-na-nakladnim-vozidle-na-cem-skutecne-zalezi\\\/#article\",\"isPartOf\":{\"@id\":\"https:\\\/\\\/rothschenk.de\\\/cz\\\/epizoda-5-koeficient-treni-na-nakladnim-vozidle-na-cem-skutecne-zalezi\\\/\"},\"author\":{\"name\":\"Christian Schmid\",\"@id\":\"https:\\\/\\\/rothschenk.de\\\/cz\\\/#\\\/schema\\\/person\\\/67ba8ee338d5fb2865b11ab32aac281a\"},\"headline\":\"Epizoda 5: Koeficient t\u0159en\u00ed na n\u00e1kladn\u00edm vozidle &#8211; na \u010dem skute\u010dn\u011b z\u00e1le\u017e\u00ed?\",\"datePublished\":\"2021-04-30T10:59:31+00:00\",\"dateModified\":\"2025-06-30T15:01:52+00:00\",\"mainEntityOfPage\":{\"@id\":\"https:\\\/\\\/rothschenk.de\\\/cz\\\/epizoda-5-koeficient-treni-na-nakladnim-vozidle-na-cem-skutecne-zalezi\\\/\"},\"wordCount\":1518,\"commentCount\":0,\"image\":{\"@id\":\"https:\\\/\\\/rothschenk.de\\\/cz\\\/epizoda-5-koeficient-treni-na-nakladnim-vozidle-na-cem-skutecne-zalezi\\\/#primaryimage\"},\"thumbnailUrl\":\"https:\\\/\\\/rothschenk.de\\\/wp-content\\\/uploads\\\/2021\\\/04\\\/fahrer-reinigt-verdreckte-lkw-ladeflaeche-mit-besen-reibwert-ladungssicherung-fachbeitrag-rothschenk-300x225.jpg\",\"articleSection\":[\"Cargo Blog\",\"Fyzick\u00e1 str\u00e1nka\",\"LORRY\"],\"inLanguage\":\"cs\",\"potentialAction\":[{\"@type\":\"CommentAction\",\"name\":\"Comment\",\"target\":[\"https:\\\/\\\/rothschenk.de\\\/cz\\\/epizoda-5-koeficient-treni-na-nakladnim-vozidle-na-cem-skutecne-zalezi\\\/#respond\"]}]},{\"@type\":\"WebPage\",\"@id\":\"https:\\\/\\\/rothschenk.de\\\/cz\\\/epizoda-5-koeficient-treni-na-nakladnim-vozidle-na-cem-skutecne-zalezi\\\/\",\"url\":\"https:\\\/\\\/rothschenk.de\\\/cz\\\/epizoda-5-koeficient-treni-na-nakladnim-vozidle-na-cem-skutecne-zalezi\\\/\",\"name\":\"Koeficient t\u0159en\u00ed na n\u00e1kladn\u00edm vozidle - tomu je t\u0159eba v\u011bnovat pozornost! - Rothschenk\",\"isPartOf\":{\"@id\":\"https:\\\/\\\/rothschenk.de\\\/cz\\\/#website\"},\"primaryImageOfPage\":{\"@id\":\"https:\\\/\\\/rothschenk.de\\\/cz\\\/epizoda-5-koeficient-treni-na-nakladnim-vozidle-na-cem-skutecne-zalezi\\\/#primaryimage\"},\"image\":{\"@id\":\"https:\\\/\\\/rothschenk.de\\\/cz\\\/epizoda-5-koeficient-treni-na-nakladnim-vozidle-na-cem-skutecne-zalezi\\\/#primaryimage\"},\"thumbnailUrl\":\"https:\\\/\\\/rothschenk.de\\\/wp-content\\\/uploads\\\/2021\\\/04\\\/fahrer-reinigt-verdreckte-lkw-ladeflaeche-mit-besen-reibwert-ladungssicherung-fachbeitrag-rothschenk-300x225.jpg\",\"datePublished\":\"2021-04-30T10:59:31+00:00\",\"dateModified\":\"2025-06-30T15:01:52+00:00\",\"author\":{\"@id\":\"https:\\\/\\\/rothschenk.de\\\/cz\\\/#\\\/schema\\\/person\\\/67ba8ee338d5fb2865b11ab32aac281a\"},\"description\":\"Koeficient t\u0159en\u00ed na n\u00e1kladn\u00edch vozidlech: technick\u00fd \u010dl\u00e1nek o \u010distot\u011b a opat\u0159en\u00edch k jej\u00edmu zaji\u0161t\u011bn\u00ed. P\u0159edn\u00e1\u0161\u00ed Christian Schmid, odborn\u00edk na LaSi.\",\"breadcrumb\":{\"@id\":\"https:\\\/\\\/rothschenk.de\\\/cz\\\/epizoda-5-koeficient-treni-na-nakladnim-vozidle-na-cem-skutecne-zalezi\\\/#breadcrumb\"},\"inLanguage\":\"cs\",\"potentialAction\":[{\"@type\":\"ReadAction\",\"target\":[\"https:\\\/\\\/rothschenk.de\\\/cz\\\/epizoda-5-koeficient-treni-na-nakladnim-vozidle-na-cem-skutecne-zalezi\\\/\"]}]},{\"@type\":\"ImageObject\",\"inLanguage\":\"cs\",\"@id\":\"https:\\\/\\\/rothschenk.de\\\/cz\\\/epizoda-5-koeficient-treni-na-nakladnim-vozidle-na-cem-skutecne-zalezi\\\/#primaryimage\",\"url\":\"https:\\\/\\\/rothschenk.de\\\/wp-content\\\/uploads\\\/2021\\\/04\\\/fahrer-reinigt-verdreckte-lkw-ladeflaeche-mit-besen-reibwert-ladungssicherung-fachbeitrag-rothschenk-300x225.jpg\",\"contentUrl\":\"https:\\\/\\\/rothschenk.de\\\/wp-content\\\/uploads\\\/2021\\\/04\\\/fahrer-reinigt-verdreckte-lkw-ladeflaeche-mit-besen-reibwert-ladungssicherung-fachbeitrag-rothschenk-300x225.jpg\"},{\"@type\":\"BreadcrumbList\",\"@id\":\"https:\\\/\\\/rothschenk.de\\\/cz\\\/epizoda-5-koeficient-treni-na-nakladnim-vozidle-na-cem-skutecne-zalezi\\\/#breadcrumb\",\"itemListElement\":[{\"@type\":\"ListItem\",\"position\":1,\"name\":\"Domovsk\u00e1 str\u00e1nka\",\"item\":\"https:\\\/\\\/rothschenk.de\\\/cz\\\/domovska-stranka\\\/\"},{\"@type\":\"ListItem\",\"position\":2,\"name\":\"Epizoda 5: Koeficient t\u0159en\u00ed na n\u00e1kladn\u00edm vozidle &#8211; na \u010dem skute\u010dn\u011b z\u00e1le\u017e\u00ed?\"}]},{\"@type\":\"WebSite\",\"@id\":\"https:\\\/\\\/rothschenk.de\\\/cz\\\/#website\",\"url\":\"https:\\\/\\\/rothschenk.de\\\/cz\\\/\",\"name\":\"Rothschenk - Der Online Shop f\u00fcr Ladungssicherung\",\"description\":\"Der Online Shop f\u00fcr Ladungssicherung\",\"potentialAction\":[{\"@type\":\"SearchAction\",\"target\":{\"@type\":\"EntryPoint\",\"urlTemplate\":\"https:\\\/\\\/rothschenk.de\\\/cz\\\/?s={search_term_string}\"},\"query-input\":{\"@type\":\"PropertyValueSpecification\",\"valueRequired\":true,\"valueName\":\"search_term_string\"}}],\"inLanguage\":\"cs\"},{\"@type\":\"Person\",\"@id\":\"https:\\\/\\\/rothschenk.de\\\/cz\\\/#\\\/schema\\\/person\\\/67ba8ee338d5fb2865b11ab32aac281a\",\"name\":\"Christian Schmid\",\"image\":{\"@type\":\"ImageObject\",\"inLanguage\":\"cs\",\"@id\":\"https:\\\/\\\/rothschenk.de\\\/wp-content\\\/uploads\\\/2024\\\/03\\\/cropped-cropped-seminar-christian-schmid-ladungssicherung-rothschenk-2-96x96.jpg\",\"url\":\"https:\\\/\\\/rothschenk.de\\\/wp-content\\\/uploads\\\/2024\\\/03\\\/cropped-cropped-seminar-christian-schmid-ladungssicherung-rothschenk-2-96x96.jpg\",\"contentUrl\":\"https:\\\/\\\/rothschenk.de\\\/wp-content\\\/uploads\\\/2024\\\/03\\\/cropped-cropped-seminar-christian-schmid-ladungssicherung-rothschenk-2-96x96.jpg\",\"caption\":\"Christian Schmid\"},\"description\":\"\u2714 Zertifizierter DVR- Moderator gem. DIN ISO 17024 \u2714 QM- Beauftragter \u2714 Gefahrgutbeauftragter \u2714 Gepr\u00fcfter Industriemeister Kraftverkehr \u2714 Fahrlehrer C\\\/CE \u2714 Seit 2009 Ausbilder in der Logistik \u2714 Moderation der \u201eLadungssicherungs-Eventfl\u00e4che\u201c im Rahmen der LogiMat in Stuttgart \u2714 Pr\u00fcfungsausschussmitglied f\u00fcr die Industriemeister Kraftverkehr bei der IHK Bayreuth \u2714 Mitglied im Expertenausschuss f\u00fcr die Erstellung der Pr\u00fcfungsfragen f\u00fcr die \u2714 Industriemeister Kraftverkehr im Auftrag der DIHK \u2714 Fachbuchautor ---&gt; In einer Reihe von Fachbeitr\u00e4gen aus der Praxis, zu Themen rund um den Container und LKW, erhalten Sie Profiwissen aus erster Hand. Wie sichert man Ladung korrekt und was sind die Grundlagen der Ladungssicherung? Erarbeitet und vorgestellt wurde dieser Beitrag von Christian Schmid, Inhaber von L.K.W.-Schmid.\",\"url\":\"https:\\\/\\\/rothschenk.de\\\/cz\\\/author\\\/christian-schmid\\\/\"}]}<\/script>\n<!-- \/ Yoast SEO plugin. -->","yoast_head_json":{"title":"Koeficient t\u0159en\u00ed na n\u00e1kladn\u00edm vozidle - tomu je t\u0159eba v\u011bnovat pozornost! - Rothschenk","description":"Koeficient t\u0159en\u00ed na n\u00e1kladn\u00edch vozidlech: technick\u00fd \u010dl\u00e1nek o \u010distot\u011b a opat\u0159en\u00edch k jej\u00edmu zaji\u0161t\u011bn\u00ed. P\u0159edn\u00e1\u0161\u00ed Christian Schmid, odborn\u00edk na LaSi.","robots":{"index":"index","follow":"follow","max-snippet":"max-snippet:-1","max-image-preview":"max-image-preview:large","max-video-preview":"max-video-preview:-1"},"canonical":"https:\/\/rothschenk.de\/cz\/epizoda-5-koeficient-treni-na-nakladnim-vozidle-na-cem-skutecne-zalezi\/","og_locale":"cs_CZ","og_type":"article","og_title":"Koeficient t\u0159en\u00ed na n\u00e1kladn\u00edm vozidle - tomu je t\u0159eba v\u011bnovat pozornost! - Rothschenk","og_description":"Koeficient t\u0159en\u00ed na n\u00e1kladn\u00edch vozidlech: technick\u00fd \u010dl\u00e1nek o \u010distot\u011b a opat\u0159en\u00edch k jej\u00edmu zaji\u0161t\u011bn\u00ed. P\u0159edn\u00e1\u0161\u00ed Christian Schmid, odborn\u00edk na LaSi.","og_url":"https:\/\/rothschenk.de\/cz\/epizoda-5-koeficient-treni-na-nakladnim-vozidle-na-cem-skutecne-zalezi\/","og_site_name":"Rothschenk","article_publisher":"https:\/\/de-de.facebook.com\/FirmaRothschenk\/","article_published_time":"2021-04-30T10:59:31+00:00","article_modified_time":"2025-06-30T15:01:52+00:00","og_image":[{"width":637,"height":478,"url":"https:\/\/rothschenk.de\/wp-content\/uploads\/2021\/04\/fahrer-reinigt-verdreckte-lkw-ladeflaeche-mit-besen-reibwert-ladungssicherung-fachbeitrag-rothschenk.jpg","type":"image\/jpeg"}],"author":"Christian Schmid","twitter_card":"summary_large_image","twitter_misc":{"Napsal(a)":"Christian Schmid","Odhadovan\u00e1 doba \u010dten\u00ed":"8 minut"},"schema":{"@context":"https:\/\/schema.org","@graph":[{"@type":"Article","@id":"https:\/\/rothschenk.de\/cz\/epizoda-5-koeficient-treni-na-nakladnim-vozidle-na-cem-skutecne-zalezi\/#article","isPartOf":{"@id":"https:\/\/rothschenk.de\/cz\/epizoda-5-koeficient-treni-na-nakladnim-vozidle-na-cem-skutecne-zalezi\/"},"author":{"name":"Christian Schmid","@id":"https:\/\/rothschenk.de\/cz\/#\/schema\/person\/67ba8ee338d5fb2865b11ab32aac281a"},"headline":"Epizoda 5: Koeficient t\u0159en\u00ed na n\u00e1kladn\u00edm vozidle &#8211; na \u010dem skute\u010dn\u011b z\u00e1le\u017e\u00ed?","datePublished":"2021-04-30T10:59:31+00:00","dateModified":"2025-06-30T15:01:52+00:00","mainEntityOfPage":{"@id":"https:\/\/rothschenk.de\/cz\/epizoda-5-koeficient-treni-na-nakladnim-vozidle-na-cem-skutecne-zalezi\/"},"wordCount":1518,"commentCount":0,"image":{"@id":"https:\/\/rothschenk.de\/cz\/epizoda-5-koeficient-treni-na-nakladnim-vozidle-na-cem-skutecne-zalezi\/#primaryimage"},"thumbnailUrl":"https:\/\/rothschenk.de\/wp-content\/uploads\/2021\/04\/fahrer-reinigt-verdreckte-lkw-ladeflaeche-mit-besen-reibwert-ladungssicherung-fachbeitrag-rothschenk-300x225.jpg","articleSection":["Cargo Blog","Fyzick\u00e1 str\u00e1nka","LORRY"],"inLanguage":"cs","potentialAction":[{"@type":"CommentAction","name":"Comment","target":["https:\/\/rothschenk.de\/cz\/epizoda-5-koeficient-treni-na-nakladnim-vozidle-na-cem-skutecne-zalezi\/#respond"]}]},{"@type":"WebPage","@id":"https:\/\/rothschenk.de\/cz\/epizoda-5-koeficient-treni-na-nakladnim-vozidle-na-cem-skutecne-zalezi\/","url":"https:\/\/rothschenk.de\/cz\/epizoda-5-koeficient-treni-na-nakladnim-vozidle-na-cem-skutecne-zalezi\/","name":"Koeficient t\u0159en\u00ed na n\u00e1kladn\u00edm vozidle - tomu je t\u0159eba v\u011bnovat pozornost! - Rothschenk","isPartOf":{"@id":"https:\/\/rothschenk.de\/cz\/#website"},"primaryImageOfPage":{"@id":"https:\/\/rothschenk.de\/cz\/epizoda-5-koeficient-treni-na-nakladnim-vozidle-na-cem-skutecne-zalezi\/#primaryimage"},"image":{"@id":"https:\/\/rothschenk.de\/cz\/epizoda-5-koeficient-treni-na-nakladnim-vozidle-na-cem-skutecne-zalezi\/#primaryimage"},"thumbnailUrl":"https:\/\/rothschenk.de\/wp-content\/uploads\/2021\/04\/fahrer-reinigt-verdreckte-lkw-ladeflaeche-mit-besen-reibwert-ladungssicherung-fachbeitrag-rothschenk-300x225.jpg","datePublished":"2021-04-30T10:59:31+00:00","dateModified":"2025-06-30T15:01:52+00:00","author":{"@id":"https:\/\/rothschenk.de\/cz\/#\/schema\/person\/67ba8ee338d5fb2865b11ab32aac281a"},"description":"Koeficient t\u0159en\u00ed na n\u00e1kladn\u00edch vozidlech: technick\u00fd \u010dl\u00e1nek o \u010distot\u011b a opat\u0159en\u00edch k jej\u00edmu zaji\u0161t\u011bn\u00ed. P\u0159edn\u00e1\u0161\u00ed Christian Schmid, odborn\u00edk na LaSi.","breadcrumb":{"@id":"https:\/\/rothschenk.de\/cz\/epizoda-5-koeficient-treni-na-nakladnim-vozidle-na-cem-skutecne-zalezi\/#breadcrumb"},"inLanguage":"cs","potentialAction":[{"@type":"ReadAction","target":["https:\/\/rothschenk.de\/cz\/epizoda-5-koeficient-treni-na-nakladnim-vozidle-na-cem-skutecne-zalezi\/"]}]},{"@type":"ImageObject","inLanguage":"cs","@id":"https:\/\/rothschenk.de\/cz\/epizoda-5-koeficient-treni-na-nakladnim-vozidle-na-cem-skutecne-zalezi\/#primaryimage","url":"https:\/\/rothschenk.de\/wp-content\/uploads\/2021\/04\/fahrer-reinigt-verdreckte-lkw-ladeflaeche-mit-besen-reibwert-ladungssicherung-fachbeitrag-rothschenk-300x225.jpg","contentUrl":"https:\/\/rothschenk.de\/wp-content\/uploads\/2021\/04\/fahrer-reinigt-verdreckte-lkw-ladeflaeche-mit-besen-reibwert-ladungssicherung-fachbeitrag-rothschenk-300x225.jpg"},{"@type":"BreadcrumbList","@id":"https:\/\/rothschenk.de\/cz\/epizoda-5-koeficient-treni-na-nakladnim-vozidle-na-cem-skutecne-zalezi\/#breadcrumb","itemListElement":[{"@type":"ListItem","position":1,"name":"Domovsk\u00e1 str\u00e1nka","item":"https:\/\/rothschenk.de\/cz\/domovska-stranka\/"},{"@type":"ListItem","position":2,"name":"Epizoda 5: Koeficient t\u0159en\u00ed na n\u00e1kladn\u00edm vozidle &#8211; na \u010dem skute\u010dn\u011b z\u00e1le\u017e\u00ed?"}]},{"@type":"WebSite","@id":"https:\/\/rothschenk.de\/cz\/#website","url":"https:\/\/rothschenk.de\/cz\/","name":"Rothschenk - Der Online Shop f\u00fcr Ladungssicherung","description":"Der Online Shop f\u00fcr Ladungssicherung","potentialAction":[{"@type":"SearchAction","target":{"@type":"EntryPoint","urlTemplate":"https:\/\/rothschenk.de\/cz\/?s={search_term_string}"},"query-input":{"@type":"PropertyValueSpecification","valueRequired":true,"valueName":"search_term_string"}}],"inLanguage":"cs"},{"@type":"Person","@id":"https:\/\/rothschenk.de\/cz\/#\/schema\/person\/67ba8ee338d5fb2865b11ab32aac281a","name":"Christian Schmid","image":{"@type":"ImageObject","inLanguage":"cs","@id":"https:\/\/rothschenk.de\/wp-content\/uploads\/2024\/03\/cropped-cropped-seminar-christian-schmid-ladungssicherung-rothschenk-2-96x96.jpg","url":"https:\/\/rothschenk.de\/wp-content\/uploads\/2024\/03\/cropped-cropped-seminar-christian-schmid-ladungssicherung-rothschenk-2-96x96.jpg","contentUrl":"https:\/\/rothschenk.de\/wp-content\/uploads\/2024\/03\/cropped-cropped-seminar-christian-schmid-ladungssicherung-rothschenk-2-96x96.jpg","caption":"Christian Schmid"},"description":"\u2714 Zertifizierter DVR- Moderator gem. DIN ISO 17024 \u2714 QM- Beauftragter \u2714 Gefahrgutbeauftragter \u2714 Gepr\u00fcfter Industriemeister Kraftverkehr \u2714 Fahrlehrer C\/CE \u2714 Seit 2009 Ausbilder in der Logistik \u2714 Moderation der \u201eLadungssicherungs-Eventfl\u00e4che\u201c im Rahmen der LogiMat in Stuttgart \u2714 Pr\u00fcfungsausschussmitglied f\u00fcr die Industriemeister Kraftverkehr bei der IHK Bayreuth \u2714 Mitglied im Expertenausschuss f\u00fcr die Erstellung der Pr\u00fcfungsfragen f\u00fcr die \u2714 Industriemeister Kraftverkehr im Auftrag der DIHK \u2714 Fachbuchautor ---&gt; In einer Reihe von Fachbeitr\u00e4gen aus der Praxis, zu Themen rund um den Container und LKW, erhalten Sie Profiwissen aus erster Hand. Wie sichert man Ladung korrekt und was sind die Grundlagen der Ladungssicherung? Erarbeitet und vorgestellt wurde dieser Beitrag von Christian Schmid, Inhaber von L.K.W.-Schmid.","url":"https:\/\/rothschenk.de\/cz\/author\/christian-schmid\/"}]}},"_links":{"self":[{"href":"https:\/\/rothschenk.de\/cz\/wp-json\/wp\/v2\/posts\/680789","targetHints":{"allow":["GET"]}}],"collection":[{"href":"https:\/\/rothschenk.de\/cz\/wp-json\/wp\/v2\/posts"}],"about":[{"href":"https:\/\/rothschenk.de\/cz\/wp-json\/wp\/v2\/types\/post"}],"author":[{"embeddable":true,"href":"https:\/\/rothschenk.de\/cz\/wp-json\/wp\/v2\/users\/1538"}],"replies":[{"embeddable":true,"href":"https:\/\/rothschenk.de\/cz\/wp-json\/wp\/v2\/comments?post=680789"}],"version-history":[{"count":1,"href":"https:\/\/rothschenk.de\/cz\/wp-json\/wp\/v2\/posts\/680789\/revisions"}],"predecessor-version":[{"id":680791,"href":"https:\/\/rothschenk.de\/cz\/wp-json\/wp\/v2\/posts\/680789\/revisions\/680791"}],"wp:attachment":[{"href":"https:\/\/rothschenk.de\/cz\/wp-json\/wp\/v2\/media?parent=680789"}],"wp:term":[{"taxonomy":"category","embeddable":true,"href":"https:\/\/rothschenk.de\/cz\/wp-json\/wp\/v2\/categories?post=680789"},{"taxonomy":"post_tag","embeddable":true,"href":"https:\/\/rothschenk.de\/cz\/wp-json\/wp\/v2\/tags?post=680789"}],"curies":[{"name":"wp","href":"https:\/\/api.w.org\/{rel}","templated":true}]}}