{"id":681196,"date":"2022-11-21T10:12:21","date_gmt":"2022-11-21T09:12:21","guid":{"rendered":"https:\/\/rothschenk.de\/cviceni-jsme-v-ohni\/"},"modified":"2025-06-30T17:04:31","modified_gmt":"2025-06-30T15:04:31","slug":"cviceni-jsme-v-ohni","status":"publish","type":"post","link":"https:\/\/rothschenk.de\/cz\/cviceni-jsme-v-ohni\/","title":{"rendered":"Cvi\u010den\u00ed &#8211; Jsme v ohni!"},"content":{"rendered":"\n<p>Co kdyby? V are\u00e1lu spole\u010dnosti G&amp;H GmbH Rothschenk se ji\u017e pot\u0159et\u00ed konalo rozs\u00e1hl\u00e9 po\u017e\u00e1rn\u00ed cvi\u010den\u00ed. C\u00edlem cvi\u010den\u00ed bylo simulovat po\u017e\u00e1r v pr\u016fmyslov\u00e9m podniku.  <\/p>\n\n<ul class=\"wp-block-list\">\n<li>Jak\u00e9 jsou trasy?<\/li>\n\n\n\n<li>Byly v\u0161echny osoby, kter\u00e9 byly v dan\u00fd den hl\u00e1\u0161eny jako p\u0159\u00edtomn\u00e9, skute\u010dn\u011b dopraveny do bezpe\u010d\u00ed?<\/li>\n\n\n\n<li>Lze v\u0161echny nacvi\u010den\u00e9 sekvence plynule vyvolat i v t\u00fdmu?<\/li>\n<\/ul>\n\n<p>Stejn\u011b jako v p\u0159edchoz\u00edch letech podaly sousedn\u00ed hasi\u010dsk\u00e9 sbory z Aubu, Baldersheimu, Burgerrothu a Oellingenu odhodlan\u00fd v\u00fdkon. Byly spln\u011bny v\u0161echny p\u0159edem stanoven\u00e9 c\u00edle a &#8222;hasi\u010dina&#8220; byla \u00fasp\u011b\u0161n\u011b zvl\u00e1dnuta. Okresn\u00ed velitel hasi\u010d\u016f mohl na z\u00e1v\u011bre\u010dn\u00e9m briefingu pochv\u00e1lit v\u0161ech v\u00edce ne\u017e 50 hasi\u010d\u016f (a jednu hasi\u010dku).  <\/p>\n\n<figure class=\"wp-block-image size-full\"><img fetchpriority=\"high\" decoding=\"async\" width=\"1024\" height=\"333\" src=\"https:\/\/rothschenk.de\/wp-content\/uploads\/2022\/11\/K800-feuerwehr-grossbrand-uebung-rothschenk-baldersheim-aub-oellingenburgerroth-nachbesprechung.jpg\" alt=\"\" class=\"wp-image-166361\" srcset=\"https:\/\/rothschenk.de\/wp-content\/uploads\/2022\/11\/K800-feuerwehr-grossbrand-uebung-rothschenk-baldersheim-aub-oellingenburgerroth-nachbesprechung.jpg 1024w, https:\/\/rothschenk.de\/wp-content\/uploads\/2022\/11\/K800-feuerwehr-grossbrand-uebung-rothschenk-baldersheim-aub-oellingenburgerroth-nachbesprechung-300x98.jpg 300w, https:\/\/rothschenk.de\/wp-content\/uploads\/2022\/11\/K800-feuerwehr-grossbrand-uebung-rothschenk-baldersheim-aub-oellingenburgerroth-nachbesprechung-768x250.jpg 768w, https:\/\/rothschenk.de\/wp-content\/uploads\/2022\/11\/K800-feuerwehr-grossbrand-uebung-rothschenk-baldersheim-aub-oellingenburgerroth-nachbesprechung-600x195.jpg 600w\" sizes=\"(max-width: 1024px) 100vw, 1024px\" \/><\/figure>\n\n<p>My v Rothschenku bychom r\u00e1di pod\u011bkovali v\u0161em dobrovoln\u00edk\u016fm a z\u00e1chrann\u00fdm slo\u017ek\u00e1m a ocenili soudr\u017enost tohoto kompetentn\u00edho t\u00fdmu. Spole\u010dnost Rothschenk proto tento spole\u010densk\u00fd z\u00e1vazek, kter\u00fd nen\u00ed v \u017e\u00e1dn\u00e9m p\u0159\u00edpad\u011b samoz\u0159ejmost\u00ed, uctila vydatn\u00fdm ob\u010derstven\u00edm a vhodn\u00fdm n\u00e1pojem. V\u0161em z\u00fa\u010dastn\u011bn\u00fdm je\u0161t\u011b jednou d\u011bkujeme.  <\/p>\n\n<p>Chcete z\u00edskat v\u00edce informac\u00ed o m\u00edstn\u00edch hasi\u010dsk\u00fdch sborech?<\/p>\n\n<ul class=\"wp-block-list\">\n<li><a href=\"https:\/\/wuerzburgwiki.de\/wiki\/Freiwillige_Feuerwehr_Aub\">Hasi\u010dsk\u00fd sbor Aub<\/a><\/li>\n\n\n\n<li><a href=\"https:\/\/wuerzburgwiki.de\/wiki\/Freiwillige_Feuerwehr_Baldersheim\">Hasi\u010dsk\u00fd sbor Baldersheim<\/a><\/li>\n\n\n\n<li><a href=\"https:\/\/www.facebook.com\/hashtag\/burgerroth\/\">Hasi\u010dsk\u00fd sbor Burgerroth<\/a><\/li>\n\n\n\n<li><a href=\"https:\/\/www.facebook.com\/ff.oellingen.1\/\">Hasi\u010dsk\u00fd sbor Oellingen<\/a><\/li>\n<\/ul>\n\n<p>V\u00edce na: <a href=\"https:\/\/www.facebook.com\/hashtag\/aub?__eep__=6&amp;__cft__%5B0%5D=AZWwQbR7Nn-SKyd6SvtTidvo2LIGTEw-Gj5RIUMELbGCZu-AR914rKBzsHM5YmZrIIAZizlWj_WXkx0GSSpPt-9mHpVmw-5jF6N0nOgDc0B-UUbX75vjZ3NsZ2RJgCvfwFGSuM6OKlGcYihLiSCBik7MRDxta9gL0NwV-QmWxWaUIA&amp;__tn__=*NK-R\">#aub<\/a> <a href=\"https:\/\/www.facebook.com\/hashtag\/baldersheim?__eep__=6&amp;__cft__%5B0%5D=AZWwQbR7Nn-SKyd6SvtTidvo2LIGTEw-Gj5RIUMELbGCZu-AR914rKBzsHM5YmZrIIAZizlWj_WXkx0GSSpPt-9mHpVmw-5jF6N0nOgDc0B-UUbX75vjZ3NsZ2RJgCvfwFGSuM6OKlGcYihLiSCBik7MRDxta9gL0NwV-QmWxWaUIA&amp;__tn__=*NK-R\">#baldersheim<\/a> <a href=\"https:\/\/www.facebook.com\/hashtag\/burgerroth?__eep__=6&amp;__cft__%5B0%5D=AZWwQbR7Nn-SKyd6SvtTidvo2LIGTEw-Gj5RIUMELbGCZu-AR914rKBzsHM5YmZrIIAZizlWj_WXkx0GSSpPt-9mHpVmw-5jF6N0nOgDc0B-UUbX75vjZ3NsZ2RJgCvfwFGSuM6OKlGcYihLiSCBik7MRDxta9gL0NwV-QmWxWaUIA&amp;__tn__=*NK-R\">#burgerroth<\/a> a <a href=\"https:\/\/www.facebook.com\/hashtag\/oellingen?__eep__=6&amp;__cft__%5B0%5D=AZWwQbR7Nn-SKyd6SvtTidvo2LIGTEw-Gj5RIUMELbGCZu-AR914rKBzsHM5YmZrIIAZizlWj_WXkx0GSSpPt-9mHpVmw-5jF6N0nOgDc0B-UUbX75vjZ3NsZ2RJgCvfwFGSuM6OKlGcYihLiSCBik7MRDxta9gL0NwV-QmWxWaUIA&amp;__tn__=*NK-R\">#oellingen<\/a> ve spole\u010dnosti <a href=\"https:\/\/www.facebook.com\/hashtag\/rothschenk?__eep__=6&amp;__cft__%5B0%5D=AZWwQbR7Nn-SKyd6SvtTidvo2LIGTEw-Gj5RIUMELbGCZu-AR914rKBzsHM5YmZrIIAZizlWj_WXkx0GSSpPt-9mHpVmw-5jF6N0nOgDc0B-UUbX75vjZ3NsZ2RJgCvfwFGSuM6OKlGcYihLiSCBik7MRDxta9gL0NwV-QmWxWaUIA&amp;__tn__=*NK-R\">#rothschenk<\/a><\/p>\n\n<figure class=\"wp-block-gallery has-nested-images columns-4 is-cropped wp-block-gallery-1 is-layout-flex wp-block-gallery-is-layout-flex\">\n<figure data-wp-context=\"{&quot;imageId&quot;:&quot;69f224549e5cf&quot;}\" data-wp-interactive=\"core\/image\" data-wp-key=\"69f224549e5cf\" class=\"wp-block-image size-large wp-lightbox-container\"><img decoding=\"async\" width=\"907\" height=\"600\" data-wp-class--hide=\"state.isContentHidden\" data-wp-class--show=\"state.isContentVisible\" data-wp-init=\"callbacks.setButtonStyles\" data-wp-on--click=\"actions.showLightbox\" data-wp-on--load=\"callbacks.setButtonStyles\" data-wp-on-window--resize=\"callbacks.setButtonStyles\" data-id=\"166343\" src=\"https:\/\/rothschenk.de\/wp-content\/uploads\/2022\/11\/K800-feuerwehr-grossbrand-uebung-rothschenk-baldersheim-aub-oellingenburgerroth.jpg\" alt=\"\" class=\"wp-image-166343\" srcset=\"https:\/\/rothschenk.de\/wp-content\/uploads\/2022\/11\/K800-feuerwehr-grossbrand-uebung-rothschenk-baldersheim-aub-oellingenburgerroth.jpg 907w, https:\/\/rothschenk.de\/wp-content\/uploads\/2022\/11\/K800-feuerwehr-grossbrand-uebung-rothschenk-baldersheim-aub-oellingenburgerroth-300x198.jpg 300w, https:\/\/rothschenk.de\/wp-content\/uploads\/2022\/11\/K800-feuerwehr-grossbrand-uebung-rothschenk-baldersheim-aub-oellingenburgerroth-768x508.jpg 768w, https:\/\/rothschenk.de\/wp-content\/uploads\/2022\/11\/K800-feuerwehr-grossbrand-uebung-rothschenk-baldersheim-aub-oellingenburgerroth-600x397.jpg 600w\" sizes=\"(max-width: 907px) 100vw, 907px\" \/><button\n\t\t\tclass=\"lightbox-trigger\"\n\t\t\ttype=\"button\"\n\t\t\taria-haspopup=\"dialog\"\n\t\t\taria-label=\"Zv\u011bt\u0161it\"\n\t\t\tdata-wp-init=\"callbacks.initTriggerButton\"\n\t\t\tdata-wp-on--click=\"actions.showLightbox\"\n\t\t\tdata-wp-style--right=\"state.imageButtonRight\"\n\t\t\tdata-wp-style--top=\"state.imageButtonTop\"\n\t\t>\n\t\t\t<svg xmlns=\"http:\/\/www.w3.org\/2000\/svg\" width=\"12\" height=\"12\" fill=\"none\" viewBox=\"0 0 12 12\">\n\t\t\t\t<path fill=\"#fff\" d=\"M2 0a2 2 0 0 0-2 2v2h1.5V2a.5.5 0 0 1 .5-.5h2V0H2Zm2 10.5H2a.5.5 0 0 1-.5-.5V8H0v2a2 2 0 0 0 2 2h2v-1.5ZM8 12v-1.5h2a.5.5 0 0 0 .5-.5V8H12v2a2 2 0 0 1-2 2H8Zm2-12a2 2 0 0 1 2 2v2h-1.5V2a.5.5 0 0 0-.5-.5H8V0h2Z\" \/>\n\t\t\t<\/svg>\n\t\t<\/button><\/figure>\n\n\n\n<figure data-wp-context=\"{&quot;imageId&quot;:&quot;69f224549eaad&quot;}\" data-wp-interactive=\"core\/image\" data-wp-key=\"69f224549eaad\" class=\"wp-block-image size-large wp-lightbox-container\"><img decoding=\"async\" width=\"900\" height=\"600\" data-wp-class--hide=\"state.isContentHidden\" data-wp-class--show=\"state.isContentVisible\" data-wp-init=\"callbacks.setButtonStyles\" data-wp-on--click=\"actions.showLightbox\" data-wp-on--load=\"callbacks.setButtonStyles\" data-wp-on-window--resize=\"callbacks.setButtonStyles\" data-id=\"166358\" src=\"https:\/\/rothschenk.de\/wp-content\/uploads\/2022\/11\/K800-feuerwehr-grossbrand-uebung-rothschenk-baldersheim-aub-oellingenburgerroth-nach-dem-einsatz.jpg\" alt=\"\" class=\"wp-image-166358\" srcset=\"https:\/\/rothschenk.de\/wp-content\/uploads\/2022\/11\/K800-feuerwehr-grossbrand-uebung-rothschenk-baldersheim-aub-oellingenburgerroth-nach-dem-einsatz.jpg 900w, https:\/\/rothschenk.de\/wp-content\/uploads\/2022\/11\/K800-feuerwehr-grossbrand-uebung-rothschenk-baldersheim-aub-oellingenburgerroth-nach-dem-einsatz-300x200.jpg 300w, https:\/\/rothschenk.de\/wp-content\/uploads\/2022\/11\/K800-feuerwehr-grossbrand-uebung-rothschenk-baldersheim-aub-oellingenburgerroth-nach-dem-einsatz-768x512.jpg 768w, https:\/\/rothschenk.de\/wp-content\/uploads\/2022\/11\/K800-feuerwehr-grossbrand-uebung-rothschenk-baldersheim-aub-oellingenburgerroth-nach-dem-einsatz-600x400.jpg 600w\" sizes=\"(max-width: 900px) 100vw, 900px\" \/><button\n\t\t\tclass=\"lightbox-trigger\"\n\t\t\ttype=\"button\"\n\t\t\taria-haspopup=\"dialog\"\n\t\t\taria-label=\"Zv\u011bt\u0161it\"\n\t\t\tdata-wp-init=\"callbacks.initTriggerButton\"\n\t\t\tdata-wp-on--click=\"actions.showLightbox\"\n\t\t\tdata-wp-style--right=\"state.imageButtonRight\"\n\t\t\tdata-wp-style--top=\"state.imageButtonTop\"\n\t\t>\n\t\t\t<svg xmlns=\"http:\/\/www.w3.org\/2000\/svg\" width=\"12\" height=\"12\" fill=\"none\" viewBox=\"0 0 12 12\">\n\t\t\t\t<path fill=\"#fff\" d=\"M2 0a2 2 0 0 0-2 2v2h1.5V2a.5.5 0 0 1 .5-.5h2V0H2Zm2 10.5H2a.5.5 0 0 1-.5-.5V8H0v2a2 2 0 0 0 2 2h2v-1.5ZM8 12v-1.5h2a.5.5 0 0 0 .5-.5V8H12v2a2 2 0 0 1-2 2H8Zm2-12a2 2 0 0 1 2 2v2h-1.5V2a.5.5 0 0 0-.5-.5H8V0h2Z\" \/>\n\t\t\t<\/svg>\n\t\t<\/button><\/figure>\n\n\n\n<figure data-wp-context=\"{&quot;imageId&quot;:&quot;69f224549f077&quot;}\" data-wp-interactive=\"core\/image\" data-wp-key=\"69f224549f077\" class=\"wp-block-image size-large wp-lightbox-container\"><img loading=\"lazy\" decoding=\"async\" width=\"900\" height=\"600\" data-wp-class--hide=\"state.isContentHidden\" data-wp-class--show=\"state.isContentVisible\" data-wp-init=\"callbacks.setButtonStyles\" data-wp-on--click=\"actions.showLightbox\" data-wp-on--load=\"callbacks.setButtonStyles\" data-wp-on-window--resize=\"callbacks.setButtonStyles\" data-id=\"166355\" src=\"https:\/\/rothschenk.de\/wp-content\/uploads\/2022\/11\/K800-feuerwehr-grossbrand-uebung-rothschenk-baldersheim-aub-oellingenburgerroth-loeschen.jpg\" alt=\"\" class=\"wp-image-166355\" srcset=\"https:\/\/rothschenk.de\/wp-content\/uploads\/2022\/11\/K800-feuerwehr-grossbrand-uebung-rothschenk-baldersheim-aub-oellingenburgerroth-loeschen.jpg 900w, https:\/\/rothschenk.de\/wp-content\/uploads\/2022\/11\/K800-feuerwehr-grossbrand-uebung-rothschenk-baldersheim-aub-oellingenburgerroth-loeschen-300x200.jpg 300w, https:\/\/rothschenk.de\/wp-content\/uploads\/2022\/11\/K800-feuerwehr-grossbrand-uebung-rothschenk-baldersheim-aub-oellingenburgerroth-loeschen-768x512.jpg 768w, https:\/\/rothschenk.de\/wp-content\/uploads\/2022\/11\/K800-feuerwehr-grossbrand-uebung-rothschenk-baldersheim-aub-oellingenburgerroth-loeschen-600x400.jpg 600w\" sizes=\"(max-width: 900px) 100vw, 900px\" \/><button\n\t\t\tclass=\"lightbox-trigger\"\n\t\t\ttype=\"button\"\n\t\t\taria-haspopup=\"dialog\"\n\t\t\taria-label=\"Zv\u011bt\u0161it\"\n\t\t\tdata-wp-init=\"callbacks.initTriggerButton\"\n\t\t\tdata-wp-on--click=\"actions.showLightbox\"\n\t\t\tdata-wp-style--right=\"state.imageButtonRight\"\n\t\t\tdata-wp-style--top=\"state.imageButtonTop\"\n\t\t>\n\t\t\t<svg xmlns=\"http:\/\/www.w3.org\/2000\/svg\" width=\"12\" height=\"12\" fill=\"none\" viewBox=\"0 0 12 12\">\n\t\t\t\t<path fill=\"#fff\" d=\"M2 0a2 2 0 0 0-2 2v2h1.5V2a.5.5 0 0 1 .5-.5h2V0H2Zm2 10.5H2a.5.5 0 0 1-.5-.5V8H0v2a2 2 0 0 0 2 2h2v-1.5ZM8 12v-1.5h2a.5.5 0 0 0 .5-.5V8H12v2a2 2 0 0 1-2 2H8Zm2-12a2 2 0 0 1 2 2v2h-1.5V2a.5.5 0 0 0-.5-.5H8V0h2Z\" \/>\n\t\t\t<\/svg>\n\t\t<\/button><\/figure>\n\n\n\n<figure data-wp-context=\"{&quot;imageId&quot;:&quot;69f224549f430&quot;}\" data-wp-interactive=\"core\/image\" data-wp-key=\"69f224549f430\" class=\"wp-block-image size-large wp-lightbox-container\"><img loading=\"lazy\" decoding=\"async\" width=\"1024\" height=\"683\" data-wp-class--hide=\"state.isContentHidden\" data-wp-class--show=\"state.isContentVisible\" data-wp-init=\"callbacks.setButtonStyles\" data-wp-on--click=\"actions.showLightbox\" data-wp-on--load=\"callbacks.setButtonStyles\" data-wp-on-window--resize=\"callbacks.setButtonStyles\" data-id=\"166340\" src=\"https:\/\/rothschenk.de\/wp-content\/uploads\/2022\/11\/K800-feuerwehr-grossbrand-uebung-rothschenk-baldersheim-aub-oellingenburgerroth-mannschaft.jpg\" alt=\"\" class=\"wp-image-166340\" srcset=\"https:\/\/rothschenk.de\/wp-content\/uploads\/2022\/11\/K800-feuerwehr-grossbrand-uebung-rothschenk-baldersheim-aub-oellingenburgerroth-mannschaft.jpg 1024w, https:\/\/rothschenk.de\/wp-content\/uploads\/2022\/11\/K800-feuerwehr-grossbrand-uebung-rothschenk-baldersheim-aub-oellingenburgerroth-mannschaft-300x200.jpg 300w, https:\/\/rothschenk.de\/wp-content\/uploads\/2022\/11\/K800-feuerwehr-grossbrand-uebung-rothschenk-baldersheim-aub-oellingenburgerroth-mannschaft-768x512.jpg 768w, https:\/\/rothschenk.de\/wp-content\/uploads\/2022\/11\/K800-feuerwehr-grossbrand-uebung-rothschenk-baldersheim-aub-oellingenburgerroth-mannschaft-600x400.jpg 600w\" sizes=\"(max-width: 1024px) 100vw, 1024px\" \/><button\n\t\t\tclass=\"lightbox-trigger\"\n\t\t\ttype=\"button\"\n\t\t\taria-haspopup=\"dialog\"\n\t\t\taria-label=\"Zv\u011bt\u0161it\"\n\t\t\tdata-wp-init=\"callbacks.initTriggerButton\"\n\t\t\tdata-wp-on--click=\"actions.showLightbox\"\n\t\t\tdata-wp-style--right=\"state.imageButtonRight\"\n\t\t\tdata-wp-style--top=\"state.imageButtonTop\"\n\t\t>\n\t\t\t<svg xmlns=\"http:\/\/www.w3.org\/2000\/svg\" width=\"12\" height=\"12\" fill=\"none\" viewBox=\"0 0 12 12\">\n\t\t\t\t<path fill=\"#fff\" d=\"M2 0a2 2 0 0 0-2 2v2h1.5V2a.5.5 0 0 1 .5-.5h2V0H2Zm2 10.5H2a.5.5 0 0 1-.5-.5V8H0v2a2 2 0 0 0 2 2h2v-1.5ZM8 12v-1.5h2a.5.5 0 0 0 .5-.5V8H12v2a2 2 0 0 1-2 2H8Zm2-12a2 2 0 0 1 2 2v2h-1.5V2a.5.5 0 0 0-.5-.5H8V0h2Z\" \/>\n\t\t\t<\/svg>\n\t\t<\/button><\/figure>\n\n\n\n<figure data-wp-context=\"{&quot;imageId&quot;:&quot;69f224549f676&quot;}\" data-wp-interactive=\"core\/image\" data-wp-key=\"69f224549f676\" class=\"wp-block-image size-large wp-lightbox-container\"><img loading=\"lazy\" decoding=\"async\" width=\"900\" height=\"600\" data-wp-class--hide=\"state.isContentHidden\" data-wp-class--show=\"state.isContentVisible\" data-wp-init=\"callbacks.setButtonStyles\" data-wp-on--click=\"actions.showLightbox\" data-wp-on--load=\"callbacks.setButtonStyles\" data-wp-on-window--resize=\"callbacks.setButtonStyles\" data-id=\"166352\" src=\"https:\/\/rothschenk.de\/wp-content\/uploads\/2022\/11\/K800-feuerwehr-grossbrand-uebung-rothschenk-baldersheim-aub-oellingenburgerroth-besprechung.jpg\" alt=\"\" class=\"wp-image-166352\" srcset=\"https:\/\/rothschenk.de\/wp-content\/uploads\/2022\/11\/K800-feuerwehr-grossbrand-uebung-rothschenk-baldersheim-aub-oellingenburgerroth-besprechung.jpg 900w, https:\/\/rothschenk.de\/wp-content\/uploads\/2022\/11\/K800-feuerwehr-grossbrand-uebung-rothschenk-baldersheim-aub-oellingenburgerroth-besprechung-300x200.jpg 300w, https:\/\/rothschenk.de\/wp-content\/uploads\/2022\/11\/K800-feuerwehr-grossbrand-uebung-rothschenk-baldersheim-aub-oellingenburgerroth-besprechung-768x512.jpg 768w, https:\/\/rothschenk.de\/wp-content\/uploads\/2022\/11\/K800-feuerwehr-grossbrand-uebung-rothschenk-baldersheim-aub-oellingenburgerroth-besprechung-600x400.jpg 600w\" sizes=\"(max-width: 900px) 100vw, 900px\" \/><button\n\t\t\tclass=\"lightbox-trigger\"\n\t\t\ttype=\"button\"\n\t\t\taria-haspopup=\"dialog\"\n\t\t\taria-label=\"Zv\u011bt\u0161it\"\n\t\t\tdata-wp-init=\"callbacks.initTriggerButton\"\n\t\t\tdata-wp-on--click=\"actions.showLightbox\"\n\t\t\tdata-wp-style--right=\"state.imageButtonRight\"\n\t\t\tdata-wp-style--top=\"state.imageButtonTop\"\n\t\t>\n\t\t\t<svg xmlns=\"http:\/\/www.w3.org\/2000\/svg\" width=\"12\" height=\"12\" fill=\"none\" viewBox=\"0 0 12 12\">\n\t\t\t\t<path fill=\"#fff\" d=\"M2 0a2 2 0 0 0-2 2v2h1.5V2a.5.5 0 0 1 .5-.5h2V0H2Zm2 10.5H2a.5.5 0 0 1-.5-.5V8H0v2a2 2 0 0 0 2 2h2v-1.5ZM8 12v-1.5h2a.5.5 0 0 0 .5-.5V8H12v2a2 2 0 0 1-2 2H8Zm2-12a2 2 0 0 1 2 2v2h-1.5V2a.5.5 0 0 0-.5-.5H8V0h2Z\" \/>\n\t\t\t<\/svg>\n\t\t<\/button><\/figure>\n\n\n\n<figure data-wp-context=\"{&quot;imageId&quot;:&quot;69f224549f8a2&quot;}\" data-wp-interactive=\"core\/image\" data-wp-key=\"69f224549f8a2\" class=\"wp-block-image size-large wp-lightbox-container\"><img loading=\"lazy\" decoding=\"async\" width=\"900\" height=\"600\" data-wp-class--hide=\"state.isContentHidden\" data-wp-class--show=\"state.isContentVisible\" data-wp-init=\"callbacks.setButtonStyles\" data-wp-on--click=\"actions.showLightbox\" data-wp-on--load=\"callbacks.setButtonStyles\" data-wp-on-window--resize=\"callbacks.setButtonStyles\" data-id=\"166349\" src=\"https:\/\/rothschenk.de\/wp-content\/uploads\/2022\/11\/K800-feuerwehr-grossbrand-uebung-rothschenk-baldersheim-aub-oellingenburgerroth-bergung.jpg\" alt=\"\" class=\"wp-image-166349\" srcset=\"https:\/\/rothschenk.de\/wp-content\/uploads\/2022\/11\/K800-feuerwehr-grossbrand-uebung-rothschenk-baldersheim-aub-oellingenburgerroth-bergung.jpg 900w, https:\/\/rothschenk.de\/wp-content\/uploads\/2022\/11\/K800-feuerwehr-grossbrand-uebung-rothschenk-baldersheim-aub-oellingenburgerroth-bergung-300x200.jpg 300w, https:\/\/rothschenk.de\/wp-content\/uploads\/2022\/11\/K800-feuerwehr-grossbrand-uebung-rothschenk-baldersheim-aub-oellingenburgerroth-bergung-768x512.jpg 768w, https:\/\/rothschenk.de\/wp-content\/uploads\/2022\/11\/K800-feuerwehr-grossbrand-uebung-rothschenk-baldersheim-aub-oellingenburgerroth-bergung-600x400.jpg 600w\" sizes=\"(max-width: 900px) 100vw, 900px\" \/><button\n\t\t\tclass=\"lightbox-trigger\"\n\t\t\ttype=\"button\"\n\t\t\taria-haspopup=\"dialog\"\n\t\t\taria-label=\"Zv\u011bt\u0161it\"\n\t\t\tdata-wp-init=\"callbacks.initTriggerButton\"\n\t\t\tdata-wp-on--click=\"actions.showLightbox\"\n\t\t\tdata-wp-style--right=\"state.imageButtonRight\"\n\t\t\tdata-wp-style--top=\"state.imageButtonTop\"\n\t\t>\n\t\t\t<svg xmlns=\"http:\/\/www.w3.org\/2000\/svg\" width=\"12\" height=\"12\" fill=\"none\" viewBox=\"0 0 12 12\">\n\t\t\t\t<path fill=\"#fff\" d=\"M2 0a2 2 0 0 0-2 2v2h1.5V2a.5.5 0 0 1 .5-.5h2V0H2Zm2 10.5H2a.5.5 0 0 1-.5-.5V8H0v2a2 2 0 0 0 2 2h2v-1.5ZM8 12v-1.5h2a.5.5 0 0 0 .5-.5V8H12v2a2 2 0 0 1-2 2H8Zm2-12a2 2 0 0 1 2 2v2h-1.5V2a.5.5 0 0 0-.5-.5H8V0h2Z\" \/>\n\t\t\t<\/svg>\n\t\t<\/button><\/figure>\n\n\n\n<figure data-wp-context=\"{&quot;imageId&quot;:&quot;69f224549facf&quot;}\" data-wp-interactive=\"core\/image\" data-wp-key=\"69f224549facf\" class=\"wp-block-image size-large wp-lightbox-container\"><img loading=\"lazy\" decoding=\"async\" width=\"900\" height=\"600\" data-wp-class--hide=\"state.isContentHidden\" data-wp-class--show=\"state.isContentVisible\" data-wp-init=\"callbacks.setButtonStyles\" data-wp-on--click=\"actions.showLightbox\" data-wp-on--load=\"callbacks.setButtonStyles\" data-wp-on-window--resize=\"callbacks.setButtonStyles\" data-id=\"166346\" src=\"https:\/\/rothschenk.de\/wp-content\/uploads\/2022\/11\/K800-feuerwehr-grossbrand-uebung-rothschenk-baldersheim-aub-oellingenburgerroth-ansprache.jpg\" alt=\"\" class=\"wp-image-166346\" srcset=\"https:\/\/rothschenk.de\/wp-content\/uploads\/2022\/11\/K800-feuerwehr-grossbrand-uebung-rothschenk-baldersheim-aub-oellingenburgerroth-ansprache.jpg 900w, https:\/\/rothschenk.de\/wp-content\/uploads\/2022\/11\/K800-feuerwehr-grossbrand-uebung-rothschenk-baldersheim-aub-oellingenburgerroth-ansprache-300x200.jpg 300w, https:\/\/rothschenk.de\/wp-content\/uploads\/2022\/11\/K800-feuerwehr-grossbrand-uebung-rothschenk-baldersheim-aub-oellingenburgerroth-ansprache-768x512.jpg 768w, https:\/\/rothschenk.de\/wp-content\/uploads\/2022\/11\/K800-feuerwehr-grossbrand-uebung-rothschenk-baldersheim-aub-oellingenburgerroth-ansprache-600x400.jpg 600w\" sizes=\"(max-width: 900px) 100vw, 900px\" \/><button\n\t\t\tclass=\"lightbox-trigger\"\n\t\t\ttype=\"button\"\n\t\t\taria-haspopup=\"dialog\"\n\t\t\taria-label=\"Zv\u011bt\u0161it\"\n\t\t\tdata-wp-init=\"callbacks.initTriggerButton\"\n\t\t\tdata-wp-on--click=\"actions.showLightbox\"\n\t\t\tdata-wp-style--right=\"state.imageButtonRight\"\n\t\t\tdata-wp-style--top=\"state.imageButtonTop\"\n\t\t>\n\t\t\t<svg xmlns=\"http:\/\/www.w3.org\/2000\/svg\" width=\"12\" height=\"12\" fill=\"none\" viewBox=\"0 0 12 12\">\n\t\t\t\t<path fill=\"#fff\" d=\"M2 0a2 2 0 0 0-2 2v2h1.5V2a.5.5 0 0 1 .5-.5h2V0H2Zm2 10.5H2a.5.5 0 0 1-.5-.5V8H0v2a2 2 0 0 0 2 2h2v-1.5ZM8 12v-1.5h2a.5.5 0 0 0 .5-.5V8H12v2a2 2 0 0 1-2 2H8Zm2-12a2 2 0 0 1 2 2v2h-1.5V2a.5.5 0 0 0-.5-.5H8V0h2Z\" \/>\n\t\t\t<\/svg>\n\t\t<\/button><\/figure>\n<\/figure>\n\n<div style=\"height:35px\" aria-hidden=\"true\" class=\"wp-block-spacer\"><\/div>\n","protected":false},"excerpt":{"rendered":"<p>Co kdyby? V are\u00e1lu spole\u010dnosti G&amp;H GmbH Rothschenk se ji\u017e pot\u0159et\u00ed konalo rozs\u00e1hl\u00e9 po\u017e\u00e1rn\u00ed cvi\u010den\u00ed. C\u00edlem cvi\u010den\u00ed bylo simulovat po\u017e\u00e1r v pr\u016fmyslov\u00e9m podniku. Stejn\u011b jako v p\u0159edchoz\u00edch letech podaly sousedn\u00ed hasi\u010dsk\u00e9 sbory z Aubu, Baldersheimu, Burgerrothu a Oellingenu odhodlan\u00fd v\u00fdkon. Byly spln\u011bny v\u0161echny p\u0159edem stanoven\u00e9 c\u00edle a &#8222;hasi\u010dina&#8220; byla \u00fasp\u011b\u0161n\u011b zvl\u00e1dnuta. Okresn\u00ed velitel hasi\u010d\u016f mohl [&hellip;]<\/p>\n","protected":false},"author":1539,"featured_media":0,"comment_status":"open","ping_status":"closed","sticky":false,"template":"","format":"standard","meta":{"_acf_changed":false,"footnotes":""},"categories":[867],"tags":[],"class_list":["post-681196","post","type-post","status-publish","format-standard","hentry","category-rothschenk-novinky"],"acf":[],"yoast_head":"<!-- This site is optimized with the Yoast SEO plugin v27.5 - https:\/\/yoast.com\/product\/yoast-seo-wordpress\/ -->\n<title>Jsme v ohni! - Po\u017e\u00e1rn\u00ed cvi\u010den\u00ed v pr\u016fmyslov\u00e9m z\u00e1vod\u011b - Rothschenk<\/title>\n<meta name=\"description\" content=\"4 hasi\u010dsk\u00e9 sbory \u2714 V\u00edce ne\u017e 50 mu\u017e\u016f \u2714 No\u010dn\u00ed cvi\u010den\u00ed \u2714 T\u00fdmov\u00e1 pr\u00e1ce v regionu \u2714 Fotografie a dojmy z vynikaj\u00edc\u00ed pr\u00e1ce na\u0161ich hasi\u010dsk\u00fdch sbor\u016f\" \/>\n<meta name=\"robots\" content=\"index, follow, max-snippet:-1, max-image-preview:large, max-video-preview:-1\" \/>\n<link rel=\"canonical\" href=\"https:\/\/rothschenk.de\/cz\/cviceni-jsme-v-ohni\/\" \/>\n<meta property=\"og:locale\" content=\"cs_CZ\" \/>\n<meta property=\"og:type\" content=\"article\" \/>\n<meta property=\"og:title\" content=\"Jsme v ohni! - Po\u017e\u00e1rn\u00ed cvi\u010den\u00ed v pr\u016fmyslov\u00e9m z\u00e1vod\u011b - Rothschenk\" \/>\n<meta property=\"og:description\" content=\"4 hasi\u010dsk\u00e9 sbory \u2714 V\u00edce ne\u017e 50 mu\u017e\u016f \u2714 No\u010dn\u00ed cvi\u010den\u00ed \u2714 T\u00fdmov\u00e1 pr\u00e1ce v regionu \u2714 Fotografie a dojmy z vynikaj\u00edc\u00ed pr\u00e1ce na\u0161ich hasi\u010dsk\u00fdch sbor\u016f\" \/>\n<meta property=\"og:url\" content=\"https:\/\/rothschenk.de\/cz\/cviceni-jsme-v-ohni\/\" \/>\n<meta property=\"og:site_name\" content=\"Rothschenk\" \/>\n<meta property=\"article:publisher\" content=\"https:\/\/de-de.facebook.com\/FirmaRothschenk\/\" \/>\n<meta property=\"article:published_time\" content=\"2022-11-21T09:12:21+00:00\" \/>\n<meta property=\"article:modified_time\" content=\"2025-06-30T15:04:31+00:00\" \/>\n<meta property=\"og:image\" content=\"https:\/\/rothschenk.de\/wp-content\/uploads\/2022\/11\/K800-feuerwehr-grossbrand-uebung-rothschenk-baldersheim-aub-oellingenburgerroth-nachbesprechung.jpg\" \/>\n\t<meta property=\"og:image:width\" content=\"1024\" \/>\n\t<meta property=\"og:image:height\" content=\"333\" \/>\n\t<meta property=\"og:image:type\" content=\"image\/jpeg\" \/>\n<meta name=\"author\" content=\"Rothschenk\" \/>\n<meta name=\"twitter:card\" content=\"summary_large_image\" \/>\n<meta name=\"twitter:label1\" content=\"Napsal(a)\" \/>\n\t<meta name=\"twitter:data1\" content=\"Rothschenk\" \/>\n\t<meta name=\"twitter:label2\" content=\"Odhadovan\u00e1 doba \u010dten\u00ed\" \/>\n\t<meta name=\"twitter:data2\" content=\"1 minuta\" \/>\n<script type=\"application\/ld+json\" class=\"yoast-schema-graph\">{\"@context\":\"https:\\\/\\\/schema.org\",\"@graph\":[{\"@type\":\"Article\",\"@id\":\"https:\\\/\\\/rothschenk.de\\\/cz\\\/cviceni-jsme-v-ohni\\\/#article\",\"isPartOf\":{\"@id\":\"https:\\\/\\\/rothschenk.de\\\/cz\\\/cviceni-jsme-v-ohni\\\/\"},\"author\":{\"name\":\"Rothschenk\",\"@id\":\"https:\\\/\\\/rothschenk.de\\\/cz\\\/#\\\/schema\\\/person\\\/e29bf5cc9df61e6c87f80cdf8ba1be93\"},\"headline\":\"Cvi\u010den\u00ed &#8211; Jsme v ohni!\",\"datePublished\":\"2022-11-21T09:12:21+00:00\",\"dateModified\":\"2025-06-30T15:04:31+00:00\",\"mainEntityOfPage\":{\"@id\":\"https:\\\/\\\/rothschenk.de\\\/cz\\\/cviceni-jsme-v-ohni\\\/\"},\"wordCount\":249,\"commentCount\":0,\"image\":{\"@id\":\"https:\\\/\\\/rothschenk.de\\\/cz\\\/cviceni-jsme-v-ohni\\\/#primaryimage\"},\"thumbnailUrl\":\"https:\\\/\\\/rothschenk.de\\\/wp-content\\\/uploads\\\/2022\\\/11\\\/K800-feuerwehr-grossbrand-uebung-rothschenk-baldersheim-aub-oellingenburgerroth-nachbesprechung.jpg\",\"articleSection\":[\"Rothschenk Novinky\"],\"inLanguage\":\"cs\",\"potentialAction\":[{\"@type\":\"CommentAction\",\"name\":\"Comment\",\"target\":[\"https:\\\/\\\/rothschenk.de\\\/cz\\\/cviceni-jsme-v-ohni\\\/#respond\"]}]},{\"@type\":\"WebPage\",\"@id\":\"https:\\\/\\\/rothschenk.de\\\/cz\\\/cviceni-jsme-v-ohni\\\/\",\"url\":\"https:\\\/\\\/rothschenk.de\\\/cz\\\/cviceni-jsme-v-ohni\\\/\",\"name\":\"Jsme v ohni! - Po\u017e\u00e1rn\u00ed cvi\u010den\u00ed v pr\u016fmyslov\u00e9m z\u00e1vod\u011b - Rothschenk\",\"isPartOf\":{\"@id\":\"https:\\\/\\\/rothschenk.de\\\/cz\\\/#website\"},\"primaryImageOfPage\":{\"@id\":\"https:\\\/\\\/rothschenk.de\\\/cz\\\/cviceni-jsme-v-ohni\\\/#primaryimage\"},\"image\":{\"@id\":\"https:\\\/\\\/rothschenk.de\\\/cz\\\/cviceni-jsme-v-ohni\\\/#primaryimage\"},\"thumbnailUrl\":\"https:\\\/\\\/rothschenk.de\\\/wp-content\\\/uploads\\\/2022\\\/11\\\/K800-feuerwehr-grossbrand-uebung-rothschenk-baldersheim-aub-oellingenburgerroth-nachbesprechung.jpg\",\"datePublished\":\"2022-11-21T09:12:21+00:00\",\"dateModified\":\"2025-06-30T15:04:31+00:00\",\"author\":{\"@id\":\"https:\\\/\\\/rothschenk.de\\\/cz\\\/#\\\/schema\\\/person\\\/e29bf5cc9df61e6c87f80cdf8ba1be93\"},\"description\":\"4 hasi\u010dsk\u00e9 sbory \u2714 V\u00edce ne\u017e 50 mu\u017e\u016f \u2714 No\u010dn\u00ed cvi\u010den\u00ed \u2714 T\u00fdmov\u00e1 pr\u00e1ce v regionu \u2714 Fotografie a dojmy z vynikaj\u00edc\u00ed pr\u00e1ce na\u0161ich hasi\u010dsk\u00fdch sbor\u016f\",\"breadcrumb\":{\"@id\":\"https:\\\/\\\/rothschenk.de\\\/cz\\\/cviceni-jsme-v-ohni\\\/#breadcrumb\"},\"inLanguage\":\"cs\",\"potentialAction\":[{\"@type\":\"ReadAction\",\"target\":[\"https:\\\/\\\/rothschenk.de\\\/cz\\\/cviceni-jsme-v-ohni\\\/\"]}]},{\"@type\":\"ImageObject\",\"inLanguage\":\"cs\",\"@id\":\"https:\\\/\\\/rothschenk.de\\\/cz\\\/cviceni-jsme-v-ohni\\\/#primaryimage\",\"url\":\"https:\\\/\\\/rothschenk.de\\\/wp-content\\\/uploads\\\/2022\\\/11\\\/K800-feuerwehr-grossbrand-uebung-rothschenk-baldersheim-aub-oellingenburgerroth-nachbesprechung.jpg\",\"contentUrl\":\"https:\\\/\\\/rothschenk.de\\\/wp-content\\\/uploads\\\/2022\\\/11\\\/K800-feuerwehr-grossbrand-uebung-rothschenk-baldersheim-aub-oellingenburgerroth-nachbesprechung.jpg\"},{\"@type\":\"BreadcrumbList\",\"@id\":\"https:\\\/\\\/rothschenk.de\\\/cz\\\/cviceni-jsme-v-ohni\\\/#breadcrumb\",\"itemListElement\":[{\"@type\":\"ListItem\",\"position\":1,\"name\":\"Domovsk\u00e1 str\u00e1nka\",\"item\":\"https:\\\/\\\/rothschenk.de\\\/cz\\\/domovska-stranka\\\/\"},{\"@type\":\"ListItem\",\"position\":2,\"name\":\"Cvi\u010den\u00ed &#8211; Jsme v ohni!\"}]},{\"@type\":\"WebSite\",\"@id\":\"https:\\\/\\\/rothschenk.de\\\/cz\\\/#website\",\"url\":\"https:\\\/\\\/rothschenk.de\\\/cz\\\/\",\"name\":\"Rothschenk - Der Online Shop f\u00fcr Ladungssicherung\",\"description\":\"Der Online Shop f\u00fcr Ladungssicherung\",\"potentialAction\":[{\"@type\":\"SearchAction\",\"target\":{\"@type\":\"EntryPoint\",\"urlTemplate\":\"https:\\\/\\\/rothschenk.de\\\/cz\\\/?s={search_term_string}\"},\"query-input\":{\"@type\":\"PropertyValueSpecification\",\"valueRequired\":true,\"valueName\":\"search_term_string\"}}],\"inLanguage\":\"cs\"},{\"@type\":\"Person\",\"@id\":\"https:\\\/\\\/rothschenk.de\\\/cz\\\/#\\\/schema\\\/person\\\/e29bf5cc9df61e6c87f80cdf8ba1be93\",\"name\":\"Rothschenk\",\"image\":{\"@type\":\"ImageObject\",\"inLanguage\":\"cs\",\"@id\":\"https:\\\/\\\/rothschenk.de\\\/wp-content\\\/uploads\\\/2024\\\/03\\\/cropped-cropped-Rothschenk-logo-ladungssicherung-1-96x96.png\",\"url\":\"https:\\\/\\\/rothschenk.de\\\/wp-content\\\/uploads\\\/2024\\\/03\\\/cropped-cropped-Rothschenk-logo-ladungssicherung-1-96x96.png\",\"contentUrl\":\"https:\\\/\\\/rothschenk.de\\\/wp-content\\\/uploads\\\/2024\\\/03\\\/cropped-cropped-Rothschenk-logo-ladungssicherung-1-96x96.png\",\"caption\":\"Rothschenk\"},\"description\":\"\u2714 Profi in der Beratung \u2714 Profi an der Laderampe \u2714 Profi bei der Abwicklung Ihrer W\u00fcnsche \u2714 Ladungssicherung Made in Germany\",\"url\":\"https:\\\/\\\/rothschenk.de\\\/cz\\\/author\\\/rothschenk\\\/\"}]}<\/script>\n<!-- \/ Yoast SEO plugin. -->","yoast_head_json":{"title":"Jsme v ohni! - Po\u017e\u00e1rn\u00ed cvi\u010den\u00ed v pr\u016fmyslov\u00e9m z\u00e1vod\u011b - Rothschenk","description":"4 hasi\u010dsk\u00e9 sbory \u2714 V\u00edce ne\u017e 50 mu\u017e\u016f \u2714 No\u010dn\u00ed cvi\u010den\u00ed \u2714 T\u00fdmov\u00e1 pr\u00e1ce v regionu \u2714 Fotografie a dojmy z vynikaj\u00edc\u00ed pr\u00e1ce na\u0161ich hasi\u010dsk\u00fdch sbor\u016f","robots":{"index":"index","follow":"follow","max-snippet":"max-snippet:-1","max-image-preview":"max-image-preview:large","max-video-preview":"max-video-preview:-1"},"canonical":"https:\/\/rothschenk.de\/cz\/cviceni-jsme-v-ohni\/","og_locale":"cs_CZ","og_type":"article","og_title":"Jsme v ohni! - Po\u017e\u00e1rn\u00ed cvi\u010den\u00ed v pr\u016fmyslov\u00e9m z\u00e1vod\u011b - Rothschenk","og_description":"4 hasi\u010dsk\u00e9 sbory \u2714 V\u00edce ne\u017e 50 mu\u017e\u016f \u2714 No\u010dn\u00ed cvi\u010den\u00ed \u2714 T\u00fdmov\u00e1 pr\u00e1ce v regionu \u2714 Fotografie a dojmy z vynikaj\u00edc\u00ed pr\u00e1ce na\u0161ich hasi\u010dsk\u00fdch sbor\u016f","og_url":"https:\/\/rothschenk.de\/cz\/cviceni-jsme-v-ohni\/","og_site_name":"Rothschenk","article_publisher":"https:\/\/de-de.facebook.com\/FirmaRothschenk\/","article_published_time":"2022-11-21T09:12:21+00:00","article_modified_time":"2025-06-30T15:04:31+00:00","og_image":[{"width":1024,"height":333,"url":"https:\/\/rothschenk.de\/wp-content\/uploads\/2022\/11\/K800-feuerwehr-grossbrand-uebung-rothschenk-baldersheim-aub-oellingenburgerroth-nachbesprechung.jpg","type":"image\/jpeg"}],"author":"Rothschenk","twitter_card":"summary_large_image","twitter_misc":{"Napsal(a)":"Rothschenk","Odhadovan\u00e1 doba \u010dten\u00ed":"1 minuta"},"schema":{"@context":"https:\/\/schema.org","@graph":[{"@type":"Article","@id":"https:\/\/rothschenk.de\/cz\/cviceni-jsme-v-ohni\/#article","isPartOf":{"@id":"https:\/\/rothschenk.de\/cz\/cviceni-jsme-v-ohni\/"},"author":{"name":"Rothschenk","@id":"https:\/\/rothschenk.de\/cz\/#\/schema\/person\/e29bf5cc9df61e6c87f80cdf8ba1be93"},"headline":"Cvi\u010den\u00ed &#8211; Jsme v ohni!","datePublished":"2022-11-21T09:12:21+00:00","dateModified":"2025-06-30T15:04:31+00:00","mainEntityOfPage":{"@id":"https:\/\/rothschenk.de\/cz\/cviceni-jsme-v-ohni\/"},"wordCount":249,"commentCount":0,"image":{"@id":"https:\/\/rothschenk.de\/cz\/cviceni-jsme-v-ohni\/#primaryimage"},"thumbnailUrl":"https:\/\/rothschenk.de\/wp-content\/uploads\/2022\/11\/K800-feuerwehr-grossbrand-uebung-rothschenk-baldersheim-aub-oellingenburgerroth-nachbesprechung.jpg","articleSection":["Rothschenk Novinky"],"inLanguage":"cs","potentialAction":[{"@type":"CommentAction","name":"Comment","target":["https:\/\/rothschenk.de\/cz\/cviceni-jsme-v-ohni\/#respond"]}]},{"@type":"WebPage","@id":"https:\/\/rothschenk.de\/cz\/cviceni-jsme-v-ohni\/","url":"https:\/\/rothschenk.de\/cz\/cviceni-jsme-v-ohni\/","name":"Jsme v ohni! - Po\u017e\u00e1rn\u00ed cvi\u010den\u00ed v pr\u016fmyslov\u00e9m z\u00e1vod\u011b - Rothschenk","isPartOf":{"@id":"https:\/\/rothschenk.de\/cz\/#website"},"primaryImageOfPage":{"@id":"https:\/\/rothschenk.de\/cz\/cviceni-jsme-v-ohni\/#primaryimage"},"image":{"@id":"https:\/\/rothschenk.de\/cz\/cviceni-jsme-v-ohni\/#primaryimage"},"thumbnailUrl":"https:\/\/rothschenk.de\/wp-content\/uploads\/2022\/11\/K800-feuerwehr-grossbrand-uebung-rothschenk-baldersheim-aub-oellingenburgerroth-nachbesprechung.jpg","datePublished":"2022-11-21T09:12:21+00:00","dateModified":"2025-06-30T15:04:31+00:00","author":{"@id":"https:\/\/rothschenk.de\/cz\/#\/schema\/person\/e29bf5cc9df61e6c87f80cdf8ba1be93"},"description":"4 hasi\u010dsk\u00e9 sbory \u2714 V\u00edce ne\u017e 50 mu\u017e\u016f \u2714 No\u010dn\u00ed cvi\u010den\u00ed \u2714 T\u00fdmov\u00e1 pr\u00e1ce v regionu \u2714 Fotografie a dojmy z vynikaj\u00edc\u00ed pr\u00e1ce na\u0161ich hasi\u010dsk\u00fdch sbor\u016f","breadcrumb":{"@id":"https:\/\/rothschenk.de\/cz\/cviceni-jsme-v-ohni\/#breadcrumb"},"inLanguage":"cs","potentialAction":[{"@type":"ReadAction","target":["https:\/\/rothschenk.de\/cz\/cviceni-jsme-v-ohni\/"]}]},{"@type":"ImageObject","inLanguage":"cs","@id":"https:\/\/rothschenk.de\/cz\/cviceni-jsme-v-ohni\/#primaryimage","url":"https:\/\/rothschenk.de\/wp-content\/uploads\/2022\/11\/K800-feuerwehr-grossbrand-uebung-rothschenk-baldersheim-aub-oellingenburgerroth-nachbesprechung.jpg","contentUrl":"https:\/\/rothschenk.de\/wp-content\/uploads\/2022\/11\/K800-feuerwehr-grossbrand-uebung-rothschenk-baldersheim-aub-oellingenburgerroth-nachbesprechung.jpg"},{"@type":"BreadcrumbList","@id":"https:\/\/rothschenk.de\/cz\/cviceni-jsme-v-ohni\/#breadcrumb","itemListElement":[{"@type":"ListItem","position":1,"name":"Domovsk\u00e1 str\u00e1nka","item":"https:\/\/rothschenk.de\/cz\/domovska-stranka\/"},{"@type":"ListItem","position":2,"name":"Cvi\u010den\u00ed &#8211; Jsme v ohni!"}]},{"@type":"WebSite","@id":"https:\/\/rothschenk.de\/cz\/#website","url":"https:\/\/rothschenk.de\/cz\/","name":"Rothschenk - Der Online Shop f\u00fcr Ladungssicherung","description":"Der Online Shop f\u00fcr Ladungssicherung","potentialAction":[{"@type":"SearchAction","target":{"@type":"EntryPoint","urlTemplate":"https:\/\/rothschenk.de\/cz\/?s={search_term_string}"},"query-input":{"@type":"PropertyValueSpecification","valueRequired":true,"valueName":"search_term_string"}}],"inLanguage":"cs"},{"@type":"Person","@id":"https:\/\/rothschenk.de\/cz\/#\/schema\/person\/e29bf5cc9df61e6c87f80cdf8ba1be93","name":"Rothschenk","image":{"@type":"ImageObject","inLanguage":"cs","@id":"https:\/\/rothschenk.de\/wp-content\/uploads\/2024\/03\/cropped-cropped-Rothschenk-logo-ladungssicherung-1-96x96.png","url":"https:\/\/rothschenk.de\/wp-content\/uploads\/2024\/03\/cropped-cropped-Rothschenk-logo-ladungssicherung-1-96x96.png","contentUrl":"https:\/\/rothschenk.de\/wp-content\/uploads\/2024\/03\/cropped-cropped-Rothschenk-logo-ladungssicherung-1-96x96.png","caption":"Rothschenk"},"description":"\u2714 Profi in der Beratung \u2714 Profi an der Laderampe \u2714 Profi bei der Abwicklung Ihrer W\u00fcnsche \u2714 Ladungssicherung Made in Germany","url":"https:\/\/rothschenk.de\/cz\/author\/rothschenk\/"}]}},"_links":{"self":[{"href":"https:\/\/rothschenk.de\/cz\/wp-json\/wp\/v2\/posts\/681196","targetHints":{"allow":["GET"]}}],"collection":[{"href":"https:\/\/rothschenk.de\/cz\/wp-json\/wp\/v2\/posts"}],"about":[{"href":"https:\/\/rothschenk.de\/cz\/wp-json\/wp\/v2\/types\/post"}],"author":[{"embeddable":true,"href":"https:\/\/rothschenk.de\/cz\/wp-json\/wp\/v2\/users\/1539"}],"replies":[{"embeddable":true,"href":"https:\/\/rothschenk.de\/cz\/wp-json\/wp\/v2\/comments?post=681196"}],"version-history":[{"count":1,"href":"https:\/\/rothschenk.de\/cz\/wp-json\/wp\/v2\/posts\/681196\/revisions"}],"predecessor-version":[{"id":681208,"href":"https:\/\/rothschenk.de\/cz\/wp-json\/wp\/v2\/posts\/681196\/revisions\/681208"}],"wp:attachment":[{"href":"https:\/\/rothschenk.de\/cz\/wp-json\/wp\/v2\/media?parent=681196"}],"wp:term":[{"taxonomy":"category","embeddable":true,"href":"https:\/\/rothschenk.de\/cz\/wp-json\/wp\/v2\/categories?post=681196"},{"taxonomy":"post_tag","embeddable":true,"href":"https:\/\/rothschenk.de\/cz\/wp-json\/wp\/v2\/tags?post=681196"}],"curies":[{"name":"wp","href":"https:\/\/api.w.org\/{rel}","templated":true}]}}