{"id":681320,"date":"2018-10-04T13:45:11","date_gmt":"2018-10-04T11:45:11","guid":{"rendered":"https:\/\/rothschenk.de\/den-mysi-zaujal-deti\/"},"modified":"2025-06-30T17:06:23","modified_gmt":"2025-06-30T15:06:23","slug":"den-mysi-zaujal-deti","status":"publish","type":"post","link":"https:\/\/rothschenk.de\/cz\/den-mysi-zaujal-deti\/","title":{"rendered":"Den my\u0161\u00ed zaujal d\u011bti"},"content":{"rendered":"\n<p>Dne 3. \u0159\u00edjna 2018 jsme ve spolupr\u00e1ci s WDR op\u011bt uspo\u0159\u00e1dali Den my\u0161\u00ed.<\/p>\n\n<p>T\u00fdm Rothschenk v\u011bnoval mnoho \u00fasil\u00ed tomu, aby vymyslel skv\u011bl\u00e9 hry a atrakce, kter\u00e9 d\u011btem zprost\u0159edkuj\u00ed technick\u00fd sv\u011bt kontejner\u016f a lanov\u00ed zp\u016fsobem vhodn\u00fdm pro d\u011bti, <a href=\"https:\/\/www.rothschenk.de\/staupolster\/\">vzduchov\u00fd vak<\/a> a <a href=\"https:\/\/www.rothschenk.de\/lashings\/\">\u0159emeny<\/a> zp\u016fsobem, kter\u00fd je pro d\u011bti vhodn\u00fd.<\/p>\n\n<p>Celkem 90 d\u011bt\u00ed v doprovodu rodi\u010d\u016f se mohlo na 7 stanovi\u0161t\u00edch pono\u0159it do sv\u011bta zaji\u0161\u0165ov\u00e1n\u00ed n\u00e1kladu.<\/p>\n\n<p>V n\u011bkter\u00fdch p\u0159\u00edpadech bylo t\u0159eba vynalo\u017eit zna\u010dn\u00e9 \u00fasil\u00ed, kter\u00e9 v\u0161ak bylo v\u00edce ne\u017e odm\u011bn\u011bno z\u00e1\u0159\u00edc\u00edma o\u010dima a spoustou up\u0159\u00edmn\u00e9ho sm\u00edchu.<\/p>\n\n<div style=\"height:35px\" aria-hidden=\"true\" class=\"wp-block-spacer\"><\/div>\n\n<h2 class=\"wp-block-heading\">Podrobn\u011b o stanic\u00edch:<\/h2>\n\n<h3 class=\"wp-block-heading\">Mapa sv\u011bta &#8211; Odkud vlastn\u011b poch\u00e1z\u00ed moje sn\u00eddan\u011b?<\/h3>\n\n<figure class=\"wp-block-gallery has-nested-images columns-default is-cropped wp-block-gallery-1 is-layout-flex wp-block-gallery-is-layout-flex\">\n<figure class=\"wp-block-image size-large\"><img fetchpriority=\"high\" decoding=\"async\" width=\"1024\" height=\"683\" data-id=\"168032\" src=\"https:\/\/rothschenk.de\/wp-content\/uploads\/2018\/10\/tueroeffnertag-mit-der-maus-wdr-2018-rothschenk-4.jpg\" alt=\"\" class=\"wp-image-168032\" srcset=\"https:\/\/rothschenk.de\/wp-content\/uploads\/2018\/10\/tueroeffnertag-mit-der-maus-wdr-2018-rothschenk-4.jpg 1024w, https:\/\/rothschenk.de\/wp-content\/uploads\/2018\/10\/tueroeffnertag-mit-der-maus-wdr-2018-rothschenk-4-300x200.jpg 300w, https:\/\/rothschenk.de\/wp-content\/uploads\/2018\/10\/tueroeffnertag-mit-der-maus-wdr-2018-rothschenk-4-768x512.jpg 768w, https:\/\/rothschenk.de\/wp-content\/uploads\/2018\/10\/tueroeffnertag-mit-der-maus-wdr-2018-rothschenk-4-600x400.jpg 600w\" sizes=\"(max-width: 1024px) 100vw, 1024px\" \/><\/figure>\n\n\n\n<figure class=\"wp-block-image size-large\"><img decoding=\"async\" width=\"1024\" height=\"683\" data-id=\"168086\" src=\"https:\/\/rothschenk.de\/wp-content\/uploads\/2018\/10\/tueroeffnertag-mit-der-maus-wdr-2018-rothschenk-22.jpg\" alt=\"\" class=\"wp-image-168086\" srcset=\"https:\/\/rothschenk.de\/wp-content\/uploads\/2018\/10\/tueroeffnertag-mit-der-maus-wdr-2018-rothschenk-22.jpg 1024w, https:\/\/rothschenk.de\/wp-content\/uploads\/2018\/10\/tueroeffnertag-mit-der-maus-wdr-2018-rothschenk-22-300x200.jpg 300w, https:\/\/rothschenk.de\/wp-content\/uploads\/2018\/10\/tueroeffnertag-mit-der-maus-wdr-2018-rothschenk-22-768x512.jpg 768w, https:\/\/rothschenk.de\/wp-content\/uploads\/2018\/10\/tueroeffnertag-mit-der-maus-wdr-2018-rothschenk-22-600x400.jpg 600w\" sizes=\"(max-width: 1024px) 100vw, 1024px\" \/><\/figure>\n\n\n\n<figure class=\"wp-block-image size-large\"><img decoding=\"async\" width=\"1024\" height=\"683\" data-id=\"168083\" src=\"https:\/\/rothschenk.de\/wp-content\/uploads\/2018\/10\/tueroeffnertag-mit-der-maus-wdr-2018-rothschenk-21.jpg\" alt=\"\" class=\"wp-image-168083\" srcset=\"https:\/\/rothschenk.de\/wp-content\/uploads\/2018\/10\/tueroeffnertag-mit-der-maus-wdr-2018-rothschenk-21.jpg 1024w, https:\/\/rothschenk.de\/wp-content\/uploads\/2018\/10\/tueroeffnertag-mit-der-maus-wdr-2018-rothschenk-21-300x200.jpg 300w, https:\/\/rothschenk.de\/wp-content\/uploads\/2018\/10\/tueroeffnertag-mit-der-maus-wdr-2018-rothschenk-21-768x512.jpg 768w, https:\/\/rothschenk.de\/wp-content\/uploads\/2018\/10\/tueroeffnertag-mit-der-maus-wdr-2018-rothschenk-21-600x400.jpg 600w\" sizes=\"(max-width: 1024px) 100vw, 1024px\" \/><\/figure>\n<\/figure>\n\n<h3 class=\"wp-block-heading\">v\u00e1zac\u00ed syst\u00e9m &#8211; Zkou\u0161ka skl\u00e1p\u011bn\u00ed s velk\u00fdmi stroji<\/h3>\n\n<figure class=\"wp-block-gallery has-nested-images columns-default is-cropped wp-block-gallery-2 is-layout-flex wp-block-gallery-is-layout-flex\">\n<figure class=\"wp-block-image size-large\"><img loading=\"lazy\" decoding=\"async\" width=\"1024\" height=\"683\" data-id=\"168053\" src=\"https:\/\/rothschenk.de\/wp-content\/uploads\/2018\/10\/tueroeffnertag-mit-der-maus-wdr-2018-rothschenk-11.jpg\" alt=\"\" class=\"wp-image-168053\" srcset=\"https:\/\/rothschenk.de\/wp-content\/uploads\/2018\/10\/tueroeffnertag-mit-der-maus-wdr-2018-rothschenk-11.jpg 1024w, https:\/\/rothschenk.de\/wp-content\/uploads\/2018\/10\/tueroeffnertag-mit-der-maus-wdr-2018-rothschenk-11-300x200.jpg 300w, https:\/\/rothschenk.de\/wp-content\/uploads\/2018\/10\/tueroeffnertag-mit-der-maus-wdr-2018-rothschenk-11-768x512.jpg 768w, https:\/\/rothschenk.de\/wp-content\/uploads\/2018\/10\/tueroeffnertag-mit-der-maus-wdr-2018-rothschenk-11-600x400.jpg 600w\" sizes=\"(max-width: 1024px) 100vw, 1024px\" \/><\/figure>\n\n\n\n<figure class=\"wp-block-image size-large\"><img loading=\"lazy\" decoding=\"async\" width=\"1024\" height=\"683\" data-id=\"168023\" src=\"https:\/\/rothschenk.de\/wp-content\/uploads\/2018\/10\/tueroeffnertag-mit-der-maus-wdr-2018-rothschenk-1.jpg\" alt=\"\" class=\"wp-image-168023\" srcset=\"https:\/\/rothschenk.de\/wp-content\/uploads\/2018\/10\/tueroeffnertag-mit-der-maus-wdr-2018-rothschenk-1.jpg 1024w, https:\/\/rothschenk.de\/wp-content\/uploads\/2018\/10\/tueroeffnertag-mit-der-maus-wdr-2018-rothschenk-1-300x200.jpg 300w, https:\/\/rothschenk.de\/wp-content\/uploads\/2018\/10\/tueroeffnertag-mit-der-maus-wdr-2018-rothschenk-1-768x512.jpg 768w, https:\/\/rothschenk.de\/wp-content\/uploads\/2018\/10\/tueroeffnertag-mit-der-maus-wdr-2018-rothschenk-1-600x400.jpg 600w\" sizes=\"(max-width: 1024px) 100vw, 1024px\" \/><\/figure>\n\n\n\n<figure class=\"wp-block-image size-large\"><img loading=\"lazy\" decoding=\"async\" width=\"1024\" height=\"683\" data-id=\"168074\" src=\"https:\/\/rothschenk.de\/wp-content\/uploads\/2018\/10\/tueroeffnertag-mit-der-maus-wdr-2018-rothschenk-18.jpg\" alt=\"\" class=\"wp-image-168074\" srcset=\"https:\/\/rothschenk.de\/wp-content\/uploads\/2018\/10\/tueroeffnertag-mit-der-maus-wdr-2018-rothschenk-18.jpg 1024w, https:\/\/rothschenk.de\/wp-content\/uploads\/2018\/10\/tueroeffnertag-mit-der-maus-wdr-2018-rothschenk-18-300x200.jpg 300w, https:\/\/rothschenk.de\/wp-content\/uploads\/2018\/10\/tueroeffnertag-mit-der-maus-wdr-2018-rothschenk-18-768x512.jpg 768w, https:\/\/rothschenk.de\/wp-content\/uploads\/2018\/10\/tueroeffnertag-mit-der-maus-wdr-2018-rothschenk-18-600x400.jpg 600w\" sizes=\"(max-width: 1024px) 100vw, 1024px\" \/><\/figure>\n\n\n\n<figure class=\"wp-block-image size-large\"><img loading=\"lazy\" decoding=\"async\" width=\"1024\" height=\"683\" data-id=\"168062\" src=\"https:\/\/rothschenk.de\/wp-content\/uploads\/2018\/10\/tueroeffnertag-mit-der-maus-wdr-2018-rothschenk-14.jpg\" alt=\"\" class=\"wp-image-168062\" srcset=\"https:\/\/rothschenk.de\/wp-content\/uploads\/2018\/10\/tueroeffnertag-mit-der-maus-wdr-2018-rothschenk-14.jpg 1024w, https:\/\/rothschenk.de\/wp-content\/uploads\/2018\/10\/tueroeffnertag-mit-der-maus-wdr-2018-rothschenk-14-300x200.jpg 300w, https:\/\/rothschenk.de\/wp-content\/uploads\/2018\/10\/tueroeffnertag-mit-der-maus-wdr-2018-rothschenk-14-768x512.jpg 768w, https:\/\/rothschenk.de\/wp-content\/uploads\/2018\/10\/tueroeffnertag-mit-der-maus-wdr-2018-rothschenk-14-600x400.jpg 600w\" sizes=\"(max-width: 1024px) 100vw, 1024px\" \/><\/figure>\n\n\n\n<figure class=\"wp-block-image size-large\"><img loading=\"lazy\" decoding=\"async\" width=\"1024\" height=\"683\" data-id=\"168080\" src=\"https:\/\/rothschenk.de\/wp-content\/uploads\/2018\/10\/tueroeffnertag-mit-der-maus-wdr-2018-rothschenk-20.jpg\" alt=\"\" class=\"wp-image-168080\" srcset=\"https:\/\/rothschenk.de\/wp-content\/uploads\/2018\/10\/tueroeffnertag-mit-der-maus-wdr-2018-rothschenk-20.jpg 1024w, https:\/\/rothschenk.de\/wp-content\/uploads\/2018\/10\/tueroeffnertag-mit-der-maus-wdr-2018-rothschenk-20-300x200.jpg 300w, https:\/\/rothschenk.de\/wp-content\/uploads\/2018\/10\/tueroeffnertag-mit-der-maus-wdr-2018-rothschenk-20-768x512.jpg 768w, https:\/\/rothschenk.de\/wp-content\/uploads\/2018\/10\/tueroeffnertag-mit-der-maus-wdr-2018-rothschenk-20-600x400.jpg 600w\" sizes=\"(max-width: 1024px) 100vw, 1024px\" \/><\/figure>\n<\/figure>\n\n<h3 class=\"wp-block-heading\">v\u00e1zac\u00ed syst\u00e9m &#8211; U\u0161ijte si ji sami pomoc\u00ed \u0161pi\u010dkov\u00e9 technologie<\/h3>\n\n<figure class=\"wp-block-gallery has-nested-images columns-default is-cropped wp-block-gallery-3 is-layout-flex wp-block-gallery-is-layout-flex\">\n<figure class=\"wp-block-image size-large\"><img loading=\"lazy\" decoding=\"async\" width=\"1024\" height=\"683\" data-id=\"168038\" src=\"https:\/\/rothschenk.de\/wp-content\/uploads\/2018\/10\/tueroeffnertag-mit-der-maus-wdr-2018-rothschenk-6.jpg\" alt=\"\" class=\"wp-image-168038\" srcset=\"https:\/\/rothschenk.de\/wp-content\/uploads\/2018\/10\/tueroeffnertag-mit-der-maus-wdr-2018-rothschenk-6.jpg 1024w, https:\/\/rothschenk.de\/wp-content\/uploads\/2018\/10\/tueroeffnertag-mit-der-maus-wdr-2018-rothschenk-6-300x200.jpg 300w, https:\/\/rothschenk.de\/wp-content\/uploads\/2018\/10\/tueroeffnertag-mit-der-maus-wdr-2018-rothschenk-6-768x512.jpg 768w, https:\/\/rothschenk.de\/wp-content\/uploads\/2018\/10\/tueroeffnertag-mit-der-maus-wdr-2018-rothschenk-6-600x400.jpg 600w\" sizes=\"(max-width: 1024px) 100vw, 1024px\" \/><\/figure>\n\n\n\n<figure class=\"wp-block-image size-large\"><img loading=\"lazy\" decoding=\"async\" width=\"1024\" height=\"683\" data-id=\"168065\" src=\"https:\/\/rothschenk.de\/wp-content\/uploads\/2018\/10\/tueroeffnertag-mit-der-maus-wdr-2018-rothschenk-15.jpg\" alt=\"\" class=\"wp-image-168065\" srcset=\"https:\/\/rothschenk.de\/wp-content\/uploads\/2018\/10\/tueroeffnertag-mit-der-maus-wdr-2018-rothschenk-15.jpg 1024w, https:\/\/rothschenk.de\/wp-content\/uploads\/2018\/10\/tueroeffnertag-mit-der-maus-wdr-2018-rothschenk-15-300x200.jpg 300w, https:\/\/rothschenk.de\/wp-content\/uploads\/2018\/10\/tueroeffnertag-mit-der-maus-wdr-2018-rothschenk-15-768x512.jpg 768w, https:\/\/rothschenk.de\/wp-content\/uploads\/2018\/10\/tueroeffnertag-mit-der-maus-wdr-2018-rothschenk-15-600x400.jpg 600w\" sizes=\"(max-width: 1024px) 100vw, 1024px\" \/><\/figure>\n<\/figure>\n\n<h3 class=\"wp-block-heading\">KnallHalla &#8211; vzduchov\u00fd vak at the limit<\/h3>\n\n<figure class=\"wp-block-gallery has-nested-images columns-default is-cropped wp-block-gallery-4 is-layout-flex wp-block-gallery-is-layout-flex\">\n<figure class=\"wp-block-image\"><img loading=\"lazy\" decoding=\"async\" width=\"1024\" height=\"683\" data-id=\"168035\" src=\"https:\/\/rothschenk.de\/wp-content\/uploads\/2018\/10\/tueroeffnertag-mit-der-maus-wdr-2018-rothschenk-5.jpg\" alt=\"\" class=\"wp-image-168035\" srcset=\"https:\/\/rothschenk.de\/wp-content\/uploads\/2018\/10\/tueroeffnertag-mit-der-maus-wdr-2018-rothschenk-5.jpg 1024w, https:\/\/rothschenk.de\/wp-content\/uploads\/2018\/10\/tueroeffnertag-mit-der-maus-wdr-2018-rothschenk-5-300x200.jpg 300w, https:\/\/rothschenk.de\/wp-content\/uploads\/2018\/10\/tueroeffnertag-mit-der-maus-wdr-2018-rothschenk-5-768x512.jpg 768w, https:\/\/rothschenk.de\/wp-content\/uploads\/2018\/10\/tueroeffnertag-mit-der-maus-wdr-2018-rothschenk-5-600x400.jpg 600w\" sizes=\"(max-width: 1024px) 100vw, 1024px\" \/><\/figure>\n\n\n\n<figure class=\"wp-block-image\"><img loading=\"lazy\" decoding=\"async\" width=\"1024\" height=\"683\" data-id=\"168050\" src=\"https:\/\/rothschenk.de\/wp-content\/uploads\/2018\/10\/tueroeffnertag-mit-der-maus-wdr-2018-rothschenk-10.jpg\" alt=\"\" class=\"wp-image-168050\" srcset=\"https:\/\/rothschenk.de\/wp-content\/uploads\/2018\/10\/tueroeffnertag-mit-der-maus-wdr-2018-rothschenk-10.jpg 1024w, https:\/\/rothschenk.de\/wp-content\/uploads\/2018\/10\/tueroeffnertag-mit-der-maus-wdr-2018-rothschenk-10-300x200.jpg 300w, https:\/\/rothschenk.de\/wp-content\/uploads\/2018\/10\/tueroeffnertag-mit-der-maus-wdr-2018-rothschenk-10-768x512.jpg 768w, https:\/\/rothschenk.de\/wp-content\/uploads\/2018\/10\/tueroeffnertag-mit-der-maus-wdr-2018-rothschenk-10-600x400.jpg 600w\" sizes=\"(max-width: 1024px) 100vw, 1024px\" \/><\/figure>\n<\/figure>\n\n<h3 class=\"wp-block-heading\">Slackline &#8211; rovnov\u00e1ha smysl\u016f<\/h3>\n\n<figure class=\"wp-block-gallery has-nested-images columns-default is-cropped wp-block-gallery-5 is-layout-flex wp-block-gallery-is-layout-flex\">\n<figure class=\"wp-block-image size-large\"><img loading=\"lazy\" decoding=\"async\" width=\"1024\" height=\"683\" data-id=\"168041\" src=\"https:\/\/rothschenk.de\/wp-content\/uploads\/2018\/10\/tueroeffnertag-mit-der-maus-wdr-2018-rothschenk-7.jpg\" alt=\"\" class=\"wp-image-168041\" srcset=\"https:\/\/rothschenk.de\/wp-content\/uploads\/2018\/10\/tueroeffnertag-mit-der-maus-wdr-2018-rothschenk-7.jpg 1024w, https:\/\/rothschenk.de\/wp-content\/uploads\/2018\/10\/tueroeffnertag-mit-der-maus-wdr-2018-rothschenk-7-300x200.jpg 300w, https:\/\/rothschenk.de\/wp-content\/uploads\/2018\/10\/tueroeffnertag-mit-der-maus-wdr-2018-rothschenk-7-768x512.jpg 768w, https:\/\/rothschenk.de\/wp-content\/uploads\/2018\/10\/tueroeffnertag-mit-der-maus-wdr-2018-rothschenk-7-600x400.jpg 600w\" sizes=\"(max-width: 1024px) 100vw, 1024px\" \/><\/figure>\n\n\n\n<figure class=\"wp-block-image size-large\"><img loading=\"lazy\" decoding=\"async\" width=\"1024\" height=\"683\" data-id=\"168047\" src=\"https:\/\/rothschenk.de\/wp-content\/uploads\/2018\/10\/tueroeffnertag-mit-der-maus-wdr-2018-rothschenk-9.jpg\" alt=\"\" class=\"wp-image-168047\" srcset=\"https:\/\/rothschenk.de\/wp-content\/uploads\/2018\/10\/tueroeffnertag-mit-der-maus-wdr-2018-rothschenk-9.jpg 1024w, https:\/\/rothschenk.de\/wp-content\/uploads\/2018\/10\/tueroeffnertag-mit-der-maus-wdr-2018-rothschenk-9-300x200.jpg 300w, https:\/\/rothschenk.de\/wp-content\/uploads\/2018\/10\/tueroeffnertag-mit-der-maus-wdr-2018-rothschenk-9-768x512.jpg 768w, https:\/\/rothschenk.de\/wp-content\/uploads\/2018\/10\/tueroeffnertag-mit-der-maus-wdr-2018-rothschenk-9-600x400.jpg 600w\" sizes=\"(max-width: 1024px) 100vw, 1024px\" \/><\/figure>\n<\/figure>\n\n<h3 class=\"wp-block-heading\">1,2 nebo 3 &#8211; T\u0159\u00edd\u011bn\u00ed odpadu se u\u010d\u00ed hrou<\/h3>\n\n<figure class=\"wp-block-gallery has-nested-images columns-default is-cropped wp-block-gallery-6 is-layout-flex wp-block-gallery-is-layout-flex\">\n<figure class=\"wp-block-image size-large\"><img loading=\"lazy\" decoding=\"async\" width=\"1024\" height=\"683\" data-id=\"168071\" src=\"https:\/\/rothschenk.de\/wp-content\/uploads\/2018\/10\/tueroeffnertag-mit-der-maus-wdr-2018-rothschenk-17.jpg\" alt=\"\" class=\"wp-image-168071\" srcset=\"https:\/\/rothschenk.de\/wp-content\/uploads\/2018\/10\/tueroeffnertag-mit-der-maus-wdr-2018-rothschenk-17.jpg 1024w, https:\/\/rothschenk.de\/wp-content\/uploads\/2018\/10\/tueroeffnertag-mit-der-maus-wdr-2018-rothschenk-17-300x200.jpg 300w, https:\/\/rothschenk.de\/wp-content\/uploads\/2018\/10\/tueroeffnertag-mit-der-maus-wdr-2018-rothschenk-17-768x512.jpg 768w, https:\/\/rothschenk.de\/wp-content\/uploads\/2018\/10\/tueroeffnertag-mit-der-maus-wdr-2018-rothschenk-17-600x400.jpg 600w\" sizes=\"(max-width: 1024px) 100vw, 1024px\" \/><\/figure>\n\n\n\n<figure class=\"wp-block-image size-large\"><img loading=\"lazy\" decoding=\"async\" width=\"1024\" height=\"683\" data-id=\"168029\" src=\"https:\/\/rothschenk.de\/wp-content\/uploads\/2018\/10\/tueroeffnertag-mit-der-maus-wdr-2018-rothschenk-3.jpg\" alt=\"\" class=\"wp-image-168029\" srcset=\"https:\/\/rothschenk.de\/wp-content\/uploads\/2018\/10\/tueroeffnertag-mit-der-maus-wdr-2018-rothschenk-3.jpg 1024w, https:\/\/rothschenk.de\/wp-content\/uploads\/2018\/10\/tueroeffnertag-mit-der-maus-wdr-2018-rothschenk-3-300x200.jpg 300w, https:\/\/rothschenk.de\/wp-content\/uploads\/2018\/10\/tueroeffnertag-mit-der-maus-wdr-2018-rothschenk-3-768x512.jpg 768w, https:\/\/rothschenk.de\/wp-content\/uploads\/2018\/10\/tueroeffnertag-mit-der-maus-wdr-2018-rothschenk-3-600x400.jpg 600w\" sizes=\"(max-width: 1024px) 100vw, 1024px\" \/><\/figure>\n<\/figure>\n\n<h3 class=\"wp-block-heading\">vzduchov\u00fd vak &#8211; Nejv\u011bt\u0161\u00ed mal\u00ed\u0159sk\u00e1 plocha ve Francii?<\/h3>\n\n<figure class=\"wp-block-gallery has-nested-images columns-default is-cropped wp-block-gallery-7 is-layout-flex wp-block-gallery-is-layout-flex\">\n<figure class=\"wp-block-image size-large\"><img loading=\"lazy\" decoding=\"async\" width=\"1024\" height=\"683\" data-id=\"168077\" src=\"https:\/\/rothschenk.de\/wp-content\/uploads\/2018\/10\/tueroeffnertag-mit-der-maus-wdr-2018-rothschenk-19.jpg\" alt=\"\" class=\"wp-image-168077\" srcset=\"https:\/\/rothschenk.de\/wp-content\/uploads\/2018\/10\/tueroeffnertag-mit-der-maus-wdr-2018-rothschenk-19.jpg 1024w, https:\/\/rothschenk.de\/wp-content\/uploads\/2018\/10\/tueroeffnertag-mit-der-maus-wdr-2018-rothschenk-19-300x200.jpg 300w, https:\/\/rothschenk.de\/wp-content\/uploads\/2018\/10\/tueroeffnertag-mit-der-maus-wdr-2018-rothschenk-19-768x512.jpg 768w, https:\/\/rothschenk.de\/wp-content\/uploads\/2018\/10\/tueroeffnertag-mit-der-maus-wdr-2018-rothschenk-19-600x400.jpg 600w\" sizes=\"(max-width: 1024px) 100vw, 1024px\" \/><\/figure>\n\n\n\n<figure class=\"wp-block-image size-large\"><img loading=\"lazy\" decoding=\"async\" width=\"1024\" height=\"683\" data-id=\"168068\" src=\"https:\/\/rothschenk.de\/wp-content\/uploads\/2018\/10\/tueroeffnertag-mit-der-maus-wdr-2018-rothschenk-16.jpg\" alt=\"\" class=\"wp-image-168068\" srcset=\"https:\/\/rothschenk.de\/wp-content\/uploads\/2018\/10\/tueroeffnertag-mit-der-maus-wdr-2018-rothschenk-16.jpg 1024w, https:\/\/rothschenk.de\/wp-content\/uploads\/2018\/10\/tueroeffnertag-mit-der-maus-wdr-2018-rothschenk-16-300x200.jpg 300w, https:\/\/rothschenk.de\/wp-content\/uploads\/2018\/10\/tueroeffnertag-mit-der-maus-wdr-2018-rothschenk-16-768x512.jpg 768w, https:\/\/rothschenk.de\/wp-content\/uploads\/2018\/10\/tueroeffnertag-mit-der-maus-wdr-2018-rothschenk-16-600x400.jpg 600w\" sizes=\"(max-width: 1024px) 100vw, 1024px\" \/><\/figure>\n\n\n\n<figure class=\"wp-block-image size-large\"><img loading=\"lazy\" decoding=\"async\" width=\"1024\" height=\"683\" data-id=\"168044\" src=\"https:\/\/rothschenk.de\/wp-content\/uploads\/2018\/10\/tueroeffnertag-mit-der-maus-wdr-2018-rothschenk-8.jpg\" alt=\"\" class=\"wp-image-168044\" srcset=\"https:\/\/rothschenk.de\/wp-content\/uploads\/2018\/10\/tueroeffnertag-mit-der-maus-wdr-2018-rothschenk-8.jpg 1024w, https:\/\/rothschenk.de\/wp-content\/uploads\/2018\/10\/tueroeffnertag-mit-der-maus-wdr-2018-rothschenk-8-300x200.jpg 300w, https:\/\/rothschenk.de\/wp-content\/uploads\/2018\/10\/tueroeffnertag-mit-der-maus-wdr-2018-rothschenk-8-768x512.jpg 768w, https:\/\/rothschenk.de\/wp-content\/uploads\/2018\/10\/tueroeffnertag-mit-der-maus-wdr-2018-rothschenk-8-600x400.jpg 600w\" sizes=\"(max-width: 1024px) 100vw, 1024px\" \/><\/figure>\n<\/figure>\n\n<div style=\"height:35px\" aria-hidden=\"true\" class=\"wp-block-spacer\"><\/div>\n\n<h2 class=\"wp-block-heading\">Mainpost<\/h2>\n\n<p><strong>&lt;&lt;<\/strong>  Zpr\u00e1vu v den\u00edku MainPost naleznete <a href=\"https:\/\/www.mainpost.de\/regional\/wuerzburg\/Volle-Ladung-an-Wissen;art779,10074370\">zde<\/a>.<\/p>\n\n<p>&#8230;nebo n\u00e1s sledujte na <a href=\"https:\/\/de-de.facebook.com\/FirmaRothschenk\/\">Facebooku. <\/a> <\/p>\n\n<p><a href=\"https:\/\/de-de.facebook.com\/FirmaRothschenk\/\">Mimochodem, nejdel\u0161\u00ed cestu jsme m\u011bli z norimbersk\u00e9 \u010dtvrti Stein. R\u00e1di bychom t\u00e9to rodin\u011b i v\u0161em ostatn\u00edm pod\u011bkovali za pozitivn\u00ed ohlasy po akci. <\/a><\/p>\n\n<p><strong>Zp\u011btn\u00e1 vazba od jednoho z na\u0161ich n\u00e1v\u0161t\u011bvn\u00edk\u016f<\/strong>: &#8222;D\u011bkujeme za pou\u010dnou a zaj\u00edmavou prohl\u00eddku va\u0161\u00ed spole\u010dnosti. Opravdu jsme si ji u\u017eili. Tak\u00e9 cel\u00e9mu person\u00e1lu za v\u0161echny praktick\u00e9 \u010dinnosti. S pozdravem, L. a G. Beckovi z okol\u00ed Rothenburgu ob der Tauber &#8222;<\/p>\n\n<div style=\"height:35px\" aria-hidden=\"true\" class=\"wp-block-spacer\"><\/div>\n\n<p><strong>&gt;  Term\u00edny vys\u00edl\u00e1n\u00ed filmu &#8222;Die Sendung mit der Maus&#8220; jsou n\u00e1sleduj\u00edc\u00ed:<\/strong><\/p>\n\n<p><strong>Ne. 9.30 hod. na Erstenu, 11.30 hod. na KIKA, So. 11.30 hod. na televizi WDR.   &lt;<\/strong><\/p>\n\n<p>R\u00e1di bychom pod\u011bkovali v\u0161em d\u011btem a rodi\u010d\u016fm, kte\u0159\u00ed s n\u00e1mi sd\u00edleli na\u0161e nad\u0161en\u00ed, stejn\u011b jako v\u0161em zam\u011bstnanc\u016fm, tisku a sponzor\u016fm na\u0161\u00ed akce. Vzhledem k vynikaj\u00edc\u00edmu ohlasu se p\u0159\u00ed\u0161t\u00ed rok Dne my\u0161\u00ed r\u00e1di z\u00fa\u010dastn\u00edme znovu. <\/p>\n\n<p>Obrazov\u00fd materi\u00e1l byl vytvo\u0159en v souladu s pokyny pro ochranu \u00fadaj\u016f uzn\u00e1van\u00fdmi v dob\u011b registrace. Pokud si p\u0159esto p\u0159ejete, abychom obr\u00e1zky nebo obsah odstranili, m\u016f\u017eete n\u00e1s kdykoli kontaktovat. Va\u0161\u00ed \u017e\u00e1dosti pak neprodlen\u011b vyhov\u00edme. Kontakt: Thomas Bauer, Mail: <a href=\"mailto:thomas.bauer@rothschenk.de\">thomas.bauer(at)rothschenk.de<\/a>   <\/p>\n\n<p><a href=\"https:\/\/www.rothschenk.de\/wp-content\/uploads\/2018\/12\/Teilnehmerurkunde.pdf\">\u00da\u010dastnick\u00fd certifik\u00e1t My\u0161\u00ed den otev\u00edr\u00e1n\u00ed dve\u0159\u00ed<\/a><\/p>\n","protected":false},"excerpt":{"rendered":"<p>Dne 3. \u0159\u00edjna 2018 jsme ve spolupr\u00e1ci s WDR op\u011bt uspo\u0159\u00e1dali Den my\u0161\u00ed. T\u00fdm Rothschenk v\u011bnoval mnoho \u00fasil\u00ed tomu, aby vymyslel skv\u011bl\u00e9 hry a atrakce, kter\u00e9 d\u011btem zprost\u0159edkuj\u00ed technick\u00fd sv\u011bt kontejner\u016f a lanov\u00ed zp\u016fsobem vhodn\u00fdm pro d\u011bti, vzduchov\u00fd vak a \u0159emeny zp\u016fsobem, kter\u00fd je pro d\u011bti vhodn\u00fd. Celkem 90 d\u011bt\u00ed v doprovodu rodi\u010d\u016f se mohlo [&hellip;]<\/p>\n","protected":false},"author":1539,"featured_media":681347,"comment_status":"open","ping_status":"closed","sticky":false,"template":"","format":"standard","meta":{"_acf_changed":false,"footnotes":""},"categories":[867],"tags":[],"class_list":["post-681320","post","type-post","status-publish","format-standard","has-post-thumbnail","hentry","category-rothschenk-novinky"],"acf":[],"yoast_head":"<!-- This site is optimized with the Yoast SEO plugin v27.4 - https:\/\/yoast.com\/product\/yoast-seo-wordpress\/ -->\n<title>Den my\u0161\u00ed zaujal d\u011bti - Rothschenk<\/title>\n<meta name=\"description\" content=\"V r\u00e1mci Dne my\u0161\u00ed p\u0159edstavila spole\u010dnost G&amp;H GmbH Rothschenk ve spolupr\u00e1ci s WDR ve sv\u00fdch prostor\u00e1ch sv\u011bt zaji\u0161t\u011bn\u00ed n\u00e1kladu.\" \/>\n<meta name=\"robots\" content=\"index, follow, max-snippet:-1, max-image-preview:large, max-video-preview:-1\" \/>\n<link rel=\"canonical\" href=\"https:\/\/rothschenk.de\/cz\/den-mysi-zaujal-deti\/\" \/>\n<meta property=\"og:locale\" content=\"cs_CZ\" \/>\n<meta property=\"og:type\" content=\"article\" \/>\n<meta property=\"og:title\" content=\"Den my\u0161\u00ed zaujal d\u011bti - Rothschenk\" \/>\n<meta property=\"og:description\" content=\"V r\u00e1mci Dne my\u0161\u00ed p\u0159edstavila spole\u010dnost G&amp;H GmbH Rothschenk ve spolupr\u00e1ci s WDR ve sv\u00fdch prostor\u00e1ch sv\u011bt zaji\u0161t\u011bn\u00ed n\u00e1kladu.\" \/>\n<meta property=\"og:url\" content=\"https:\/\/rothschenk.de\/cz\/den-mysi-zaujal-deti\/\" \/>\n<meta property=\"og:site_name\" content=\"Rothschenk\" \/>\n<meta property=\"article:publisher\" content=\"https:\/\/de-de.facebook.com\/FirmaRothschenk\/\" \/>\n<meta property=\"article:published_time\" content=\"2018-10-04T11:45:11+00:00\" \/>\n<meta property=\"article:modified_time\" content=\"2025-06-30T15:06:23+00:00\" \/>\n<meta property=\"og:image\" content=\"https:\/\/rothschenk.de\/wp-content\/uploads\/2023\/12\/kinder-gefesselt-vom-maustag.jpg\" \/>\n\t<meta property=\"og:image:width\" content=\"1920\" \/>\n\t<meta property=\"og:image:height\" content=\"1078\" \/>\n\t<meta property=\"og:image:type\" content=\"image\/jpeg\" \/>\n<meta name=\"author\" content=\"Rothschenk\" \/>\n<meta name=\"twitter:card\" content=\"summary_large_image\" \/>\n<meta name=\"twitter:label1\" content=\"Napsal(a)\" \/>\n\t<meta name=\"twitter:data1\" content=\"Rothschenk\" \/>\n\t<meta name=\"twitter:label2\" content=\"Odhadovan\u00e1 doba \u010dten\u00ed\" \/>\n\t<meta name=\"twitter:data2\" content=\"2 minuty\" \/>\n<script type=\"application\/ld+json\" class=\"yoast-schema-graph\">{\"@context\":\"https:\\\/\\\/schema.org\",\"@graph\":[{\"@type\":\"Article\",\"@id\":\"https:\\\/\\\/rothschenk.de\\\/cz\\\/den-mysi-zaujal-deti\\\/#article\",\"isPartOf\":{\"@id\":\"https:\\\/\\\/rothschenk.de\\\/cz\\\/den-mysi-zaujal-deti\\\/\"},\"author\":{\"name\":\"Rothschenk\",\"@id\":\"https:\\\/\\\/rothschenk.de\\\/cz\\\/#\\\/schema\\\/person\\\/e29bf5cc9df61e6c87f80cdf8ba1be93\"},\"headline\":\"Den my\u0161\u00ed zaujal d\u011bti\",\"datePublished\":\"2018-10-04T11:45:11+00:00\",\"dateModified\":\"2025-06-30T15:06:23+00:00\",\"mainEntityOfPage\":{\"@id\":\"https:\\\/\\\/rothschenk.de\\\/cz\\\/den-mysi-zaujal-deti\\\/\"},\"wordCount\":438,\"commentCount\":0,\"image\":{\"@id\":\"https:\\\/\\\/rothschenk.de\\\/cz\\\/den-mysi-zaujal-deti\\\/#primaryimage\"},\"thumbnailUrl\":\"https:\\\/\\\/rothschenk.de\\\/wp-content\\\/uploads\\\/2023\\\/12\\\/kinder-gefesselt-vom-maustag.jpg\",\"articleSection\":[\"Rothschenk Novinky\"],\"inLanguage\":\"cs\",\"potentialAction\":[{\"@type\":\"CommentAction\",\"name\":\"Comment\",\"target\":[\"https:\\\/\\\/rothschenk.de\\\/cz\\\/den-mysi-zaujal-deti\\\/#respond\"]}]},{\"@type\":\"WebPage\",\"@id\":\"https:\\\/\\\/rothschenk.de\\\/cz\\\/den-mysi-zaujal-deti\\\/\",\"url\":\"https:\\\/\\\/rothschenk.de\\\/cz\\\/den-mysi-zaujal-deti\\\/\",\"name\":\"Den my\u0161\u00ed zaujal d\u011bti - Rothschenk\",\"isPartOf\":{\"@id\":\"https:\\\/\\\/rothschenk.de\\\/cz\\\/#website\"},\"primaryImageOfPage\":{\"@id\":\"https:\\\/\\\/rothschenk.de\\\/cz\\\/den-mysi-zaujal-deti\\\/#primaryimage\"},\"image\":{\"@id\":\"https:\\\/\\\/rothschenk.de\\\/cz\\\/den-mysi-zaujal-deti\\\/#primaryimage\"},\"thumbnailUrl\":\"https:\\\/\\\/rothschenk.de\\\/wp-content\\\/uploads\\\/2023\\\/12\\\/kinder-gefesselt-vom-maustag.jpg\",\"datePublished\":\"2018-10-04T11:45:11+00:00\",\"dateModified\":\"2025-06-30T15:06:23+00:00\",\"author\":{\"@id\":\"https:\\\/\\\/rothschenk.de\\\/cz\\\/#\\\/schema\\\/person\\\/e29bf5cc9df61e6c87f80cdf8ba1be93\"},\"description\":\"V r\u00e1mci Dne my\u0161\u00ed p\u0159edstavila spole\u010dnost G&H GmbH Rothschenk ve spolupr\u00e1ci s WDR ve sv\u00fdch prostor\u00e1ch sv\u011bt zaji\u0161t\u011bn\u00ed n\u00e1kladu.\",\"breadcrumb\":{\"@id\":\"https:\\\/\\\/rothschenk.de\\\/cz\\\/den-mysi-zaujal-deti\\\/#breadcrumb\"},\"inLanguage\":\"cs\",\"potentialAction\":[{\"@type\":\"ReadAction\",\"target\":[\"https:\\\/\\\/rothschenk.de\\\/cz\\\/den-mysi-zaujal-deti\\\/\"]}]},{\"@type\":\"ImageObject\",\"inLanguage\":\"cs\",\"@id\":\"https:\\\/\\\/rothschenk.de\\\/cz\\\/den-mysi-zaujal-deti\\\/#primaryimage\",\"url\":\"https:\\\/\\\/rothschenk.de\\\/wp-content\\\/uploads\\\/2023\\\/12\\\/kinder-gefesselt-vom-maustag.jpg\",\"contentUrl\":\"https:\\\/\\\/rothschenk.de\\\/wp-content\\\/uploads\\\/2023\\\/12\\\/kinder-gefesselt-vom-maustag.jpg\",\"width\":1920,\"height\":1078},{\"@type\":\"BreadcrumbList\",\"@id\":\"https:\\\/\\\/rothschenk.de\\\/cz\\\/den-mysi-zaujal-deti\\\/#breadcrumb\",\"itemListElement\":[{\"@type\":\"ListItem\",\"position\":1,\"name\":\"Domovsk\u00e1 str\u00e1nka\",\"item\":\"https:\\\/\\\/rothschenk.de\\\/cz\\\/domovska-stranka\\\/\"},{\"@type\":\"ListItem\",\"position\":2,\"name\":\"Den my\u0161\u00ed zaujal d\u011bti\"}]},{\"@type\":\"WebSite\",\"@id\":\"https:\\\/\\\/rothschenk.de\\\/cz\\\/#website\",\"url\":\"https:\\\/\\\/rothschenk.de\\\/cz\\\/\",\"name\":\"Rothschenk - Der Online Shop f\u00fcr Ladungssicherung\",\"description\":\"Der Online Shop f\u00fcr Ladungssicherung\",\"potentialAction\":[{\"@type\":\"SearchAction\",\"target\":{\"@type\":\"EntryPoint\",\"urlTemplate\":\"https:\\\/\\\/rothschenk.de\\\/cz\\\/?s={search_term_string}\"},\"query-input\":{\"@type\":\"PropertyValueSpecification\",\"valueRequired\":true,\"valueName\":\"search_term_string\"}}],\"inLanguage\":\"cs\"},{\"@type\":\"Person\",\"@id\":\"https:\\\/\\\/rothschenk.de\\\/cz\\\/#\\\/schema\\\/person\\\/e29bf5cc9df61e6c87f80cdf8ba1be93\",\"name\":\"Rothschenk\",\"image\":{\"@type\":\"ImageObject\",\"inLanguage\":\"cs\",\"@id\":\"https:\\\/\\\/rothschenk.de\\\/wp-content\\\/uploads\\\/2024\\\/03\\\/cropped-cropped-Rothschenk-logo-ladungssicherung-1-96x96.png\",\"url\":\"https:\\\/\\\/rothschenk.de\\\/wp-content\\\/uploads\\\/2024\\\/03\\\/cropped-cropped-Rothschenk-logo-ladungssicherung-1-96x96.png\",\"contentUrl\":\"https:\\\/\\\/rothschenk.de\\\/wp-content\\\/uploads\\\/2024\\\/03\\\/cropped-cropped-Rothschenk-logo-ladungssicherung-1-96x96.png\",\"caption\":\"Rothschenk\"},\"description\":\"\u2714 Profi in der Beratung \u2714 Profi an der Laderampe \u2714 Profi bei der Abwicklung Ihrer W\u00fcnsche \u2714 Ladungssicherung Made in Germany\",\"url\":\"https:\\\/\\\/rothschenk.de\\\/cz\\\/author\\\/rothschenk\\\/\"}]}<\/script>\n<!-- \/ Yoast SEO plugin. -->","yoast_head_json":{"title":"Den my\u0161\u00ed zaujal d\u011bti - Rothschenk","description":"V r\u00e1mci Dne my\u0161\u00ed p\u0159edstavila spole\u010dnost G&H GmbH Rothschenk ve spolupr\u00e1ci s WDR ve sv\u00fdch prostor\u00e1ch sv\u011bt zaji\u0161t\u011bn\u00ed n\u00e1kladu.","robots":{"index":"index","follow":"follow","max-snippet":"max-snippet:-1","max-image-preview":"max-image-preview:large","max-video-preview":"max-video-preview:-1"},"canonical":"https:\/\/rothschenk.de\/cz\/den-mysi-zaujal-deti\/","og_locale":"cs_CZ","og_type":"article","og_title":"Den my\u0161\u00ed zaujal d\u011bti - Rothschenk","og_description":"V r\u00e1mci Dne my\u0161\u00ed p\u0159edstavila spole\u010dnost G&H GmbH Rothschenk ve spolupr\u00e1ci s WDR ve sv\u00fdch prostor\u00e1ch sv\u011bt zaji\u0161t\u011bn\u00ed n\u00e1kladu.","og_url":"https:\/\/rothschenk.de\/cz\/den-mysi-zaujal-deti\/","og_site_name":"Rothschenk","article_publisher":"https:\/\/de-de.facebook.com\/FirmaRothschenk\/","article_published_time":"2018-10-04T11:45:11+00:00","article_modified_time":"2025-06-30T15:06:23+00:00","og_image":[{"width":1920,"height":1078,"url":"https:\/\/rothschenk.de\/wp-content\/uploads\/2023\/12\/kinder-gefesselt-vom-maustag.jpg","type":"image\/jpeg"}],"author":"Rothschenk","twitter_card":"summary_large_image","twitter_misc":{"Napsal(a)":"Rothschenk","Odhadovan\u00e1 doba \u010dten\u00ed":"2 minuty"},"schema":{"@context":"https:\/\/schema.org","@graph":[{"@type":"Article","@id":"https:\/\/rothschenk.de\/cz\/den-mysi-zaujal-deti\/#article","isPartOf":{"@id":"https:\/\/rothschenk.de\/cz\/den-mysi-zaujal-deti\/"},"author":{"name":"Rothschenk","@id":"https:\/\/rothschenk.de\/cz\/#\/schema\/person\/e29bf5cc9df61e6c87f80cdf8ba1be93"},"headline":"Den my\u0161\u00ed zaujal d\u011bti","datePublished":"2018-10-04T11:45:11+00:00","dateModified":"2025-06-30T15:06:23+00:00","mainEntityOfPage":{"@id":"https:\/\/rothschenk.de\/cz\/den-mysi-zaujal-deti\/"},"wordCount":438,"commentCount":0,"image":{"@id":"https:\/\/rothschenk.de\/cz\/den-mysi-zaujal-deti\/#primaryimage"},"thumbnailUrl":"https:\/\/rothschenk.de\/wp-content\/uploads\/2023\/12\/kinder-gefesselt-vom-maustag.jpg","articleSection":["Rothschenk Novinky"],"inLanguage":"cs","potentialAction":[{"@type":"CommentAction","name":"Comment","target":["https:\/\/rothschenk.de\/cz\/den-mysi-zaujal-deti\/#respond"]}]},{"@type":"WebPage","@id":"https:\/\/rothschenk.de\/cz\/den-mysi-zaujal-deti\/","url":"https:\/\/rothschenk.de\/cz\/den-mysi-zaujal-deti\/","name":"Den my\u0161\u00ed zaujal d\u011bti - Rothschenk","isPartOf":{"@id":"https:\/\/rothschenk.de\/cz\/#website"},"primaryImageOfPage":{"@id":"https:\/\/rothschenk.de\/cz\/den-mysi-zaujal-deti\/#primaryimage"},"image":{"@id":"https:\/\/rothschenk.de\/cz\/den-mysi-zaujal-deti\/#primaryimage"},"thumbnailUrl":"https:\/\/rothschenk.de\/wp-content\/uploads\/2023\/12\/kinder-gefesselt-vom-maustag.jpg","datePublished":"2018-10-04T11:45:11+00:00","dateModified":"2025-06-30T15:06:23+00:00","author":{"@id":"https:\/\/rothschenk.de\/cz\/#\/schema\/person\/e29bf5cc9df61e6c87f80cdf8ba1be93"},"description":"V r\u00e1mci Dne my\u0161\u00ed p\u0159edstavila spole\u010dnost G&H GmbH Rothschenk ve spolupr\u00e1ci s WDR ve sv\u00fdch prostor\u00e1ch sv\u011bt zaji\u0161t\u011bn\u00ed n\u00e1kladu.","breadcrumb":{"@id":"https:\/\/rothschenk.de\/cz\/den-mysi-zaujal-deti\/#breadcrumb"},"inLanguage":"cs","potentialAction":[{"@type":"ReadAction","target":["https:\/\/rothschenk.de\/cz\/den-mysi-zaujal-deti\/"]}]},{"@type":"ImageObject","inLanguage":"cs","@id":"https:\/\/rothschenk.de\/cz\/den-mysi-zaujal-deti\/#primaryimage","url":"https:\/\/rothschenk.de\/wp-content\/uploads\/2023\/12\/kinder-gefesselt-vom-maustag.jpg","contentUrl":"https:\/\/rothschenk.de\/wp-content\/uploads\/2023\/12\/kinder-gefesselt-vom-maustag.jpg","width":1920,"height":1078},{"@type":"BreadcrumbList","@id":"https:\/\/rothschenk.de\/cz\/den-mysi-zaujal-deti\/#breadcrumb","itemListElement":[{"@type":"ListItem","position":1,"name":"Domovsk\u00e1 str\u00e1nka","item":"https:\/\/rothschenk.de\/cz\/domovska-stranka\/"},{"@type":"ListItem","position":2,"name":"Den my\u0161\u00ed zaujal d\u011bti"}]},{"@type":"WebSite","@id":"https:\/\/rothschenk.de\/cz\/#website","url":"https:\/\/rothschenk.de\/cz\/","name":"Rothschenk - Der Online Shop f\u00fcr Ladungssicherung","description":"Der Online Shop f\u00fcr Ladungssicherung","potentialAction":[{"@type":"SearchAction","target":{"@type":"EntryPoint","urlTemplate":"https:\/\/rothschenk.de\/cz\/?s={search_term_string}"},"query-input":{"@type":"PropertyValueSpecification","valueRequired":true,"valueName":"search_term_string"}}],"inLanguage":"cs"},{"@type":"Person","@id":"https:\/\/rothschenk.de\/cz\/#\/schema\/person\/e29bf5cc9df61e6c87f80cdf8ba1be93","name":"Rothschenk","image":{"@type":"ImageObject","inLanguage":"cs","@id":"https:\/\/rothschenk.de\/wp-content\/uploads\/2024\/03\/cropped-cropped-Rothschenk-logo-ladungssicherung-1-96x96.png","url":"https:\/\/rothschenk.de\/wp-content\/uploads\/2024\/03\/cropped-cropped-Rothschenk-logo-ladungssicherung-1-96x96.png","contentUrl":"https:\/\/rothschenk.de\/wp-content\/uploads\/2024\/03\/cropped-cropped-Rothschenk-logo-ladungssicherung-1-96x96.png","caption":"Rothschenk"},"description":"\u2714 Profi in der Beratung \u2714 Profi an der Laderampe \u2714 Profi bei der Abwicklung Ihrer W\u00fcnsche \u2714 Ladungssicherung Made in Germany","url":"https:\/\/rothschenk.de\/cz\/author\/rothschenk\/"}]}},"_links":{"self":[{"href":"https:\/\/rothschenk.de\/cz\/wp-json\/wp\/v2\/posts\/681320","targetHints":{"allow":["GET"]}}],"collection":[{"href":"https:\/\/rothschenk.de\/cz\/wp-json\/wp\/v2\/posts"}],"about":[{"href":"https:\/\/rothschenk.de\/cz\/wp-json\/wp\/v2\/types\/post"}],"author":[{"embeddable":true,"href":"https:\/\/rothschenk.de\/cz\/wp-json\/wp\/v2\/users\/1539"}],"replies":[{"embeddable":true,"href":"https:\/\/rothschenk.de\/cz\/wp-json\/wp\/v2\/comments?post=681320"}],"version-history":[{"count":1,"href":"https:\/\/rothschenk.de\/cz\/wp-json\/wp\/v2\/posts\/681320\/revisions"}],"predecessor-version":[{"id":681349,"href":"https:\/\/rothschenk.de\/cz\/wp-json\/wp\/v2\/posts\/681320\/revisions\/681349"}],"wp:featuredmedia":[{"embeddable":true,"href":"https:\/\/rothschenk.de\/cz\/wp-json\/wp\/v2\/media\/681347"}],"wp:attachment":[{"href":"https:\/\/rothschenk.de\/cz\/wp-json\/wp\/v2\/media?parent=681320"}],"wp:term":[{"taxonomy":"category","embeddable":true,"href":"https:\/\/rothschenk.de\/cz\/wp-json\/wp\/v2\/categories?post=681320"},{"taxonomy":"post_tag","embeddable":true,"href":"https:\/\/rothschenk.de\/cz\/wp-json\/wp\/v2\/tags?post=681320"}],"curies":[{"name":"wp","href":"https:\/\/api.w.org\/{rel}","templated":true}]}}