{"id":681484,"date":"2017-03-21T13:58:27","date_gmt":"2017-03-21T12:58:27","guid":{"rendered":"https:\/\/rothschenk.de\/skvely-veletrh-logimat-ve-stuttgartu\/"},"modified":"2025-06-30T17:07:34","modified_gmt":"2025-06-30T15:07:34","slug":"skvely-veletrh-logimat-ve-stuttgartu","status":"publish","type":"post","link":"https:\/\/rothschenk.de\/cz\/skvely-veletrh-logimat-ve-stuttgartu\/","title":{"rendered":"Skv\u011bl\u00fd veletrh. LogiMAT ve Stuttgartu!"},"content":{"rendered":"\n<p>Na st\u00e1nku spole\u010dnosti Rothschenk v hale 9 panovala skv\u011bl\u00e1 atmosf\u00e9ra. St\u00e1nek 9A80 na 15. mezin\u00e1rodn\u00edm veletrhu distribuce, toku materi\u00e1lu a informac\u00ed byl velmi dob\u0159e nav\u0161t\u00edven. Setk\u00e1n\u00ed s mnoha z\u00e1kazn\u00edky a p\u0159\u00e1teli n\u00e1m poskytly t\u0159i dny pln\u00e9 z\u00e1\u017eitk\u016f. Bylo to z\u00e1bavn\u00e9 a p\u0159\u00edjemn\u00e9. R\u00e1di bychom touto cestou pod\u011bkovali v\u0161em n\u00e1v\u0161t\u011bvn\u00edk\u016fm na\u0161eho st\u00e1nku za \u017eiv\u00fd z\u00e1jem o na\u0161e v\u00fdrobky a zaj\u00edmav\u00e9 diskuse.   <\/p>\n\n<p>Vy a v\u00e1\u0161 t\u00fdm Rothschenk.<\/p>\n\n<div style=\"height:35px\" aria-hidden=\"true\" class=\"wp-block-spacer\"><\/div>\n","protected":false},"excerpt":{"rendered":"<p>Na st\u00e1nku spole\u010dnosti Rothschenk v hale 9 panovala skv\u011bl\u00e1 atmosf\u00e9ra. St\u00e1nek 9A80 na 15. mezin\u00e1rodn\u00edm veletrhu distribuce, toku materi\u00e1lu a informac\u00ed byl velmi dob\u0159e nav\u0161t\u00edven. Setk\u00e1n\u00ed s mnoha z\u00e1kazn\u00edky a p\u0159\u00e1teli n\u00e1m poskytly t\u0159i dny pln\u00e9 z\u00e1\u017eitk\u016f. Bylo to z\u00e1bavn\u00e9 a p\u0159\u00edjemn\u00e9. R\u00e1di bychom touto cestou pod\u011bkovali v\u0161em n\u00e1v\u0161t\u011bvn\u00edk\u016fm na\u0161eho st\u00e1nku za \u017eiv\u00fd z\u00e1jem o [&hellip;]<\/p>\n","protected":false},"author":1539,"featured_media":0,"comment_status":"open","ping_status":"closed","sticky":false,"template":"","format":"standard","meta":{"_acf_changed":false,"footnotes":""},"categories":[867],"tags":[],"class_list":["post-681484","post","type-post","status-publish","format-standard","hentry","category-rothschenk-novinky"],"acf":[],"yoast_head":"<!-- This site is optimized with the Yoast SEO plugin v27.4 - https:\/\/yoast.com\/product\/yoast-seo-wordpress\/ -->\n<title>Skv\u011bl\u00fd veletrh. LogiMAT ve Stuttgartu! - Rothschenk<\/title>\n<meta name=\"description\" content=\"Spole\u010dnost G&amp;H GmbH Rothschenk ud\u011blala na veletrhu LogiMAT 2018 ve Stuttgartu dobr\u00fd dojem | Zaji\u0161t\u011bn\u00ed n\u00e1kladu\" \/>\n<meta name=\"robots\" content=\"index, follow, max-snippet:-1, max-image-preview:large, max-video-preview:-1\" \/>\n<link rel=\"canonical\" href=\"https:\/\/rothschenk.de\/cz\/skvely-veletrh-logimat-ve-stuttgartu\/\" \/>\n<meta property=\"og:locale\" content=\"cs_CZ\" \/>\n<meta property=\"og:type\" content=\"article\" \/>\n<meta property=\"og:title\" content=\"Skv\u011bl\u00fd veletrh. LogiMAT ve Stuttgartu! - Rothschenk\" \/>\n<meta property=\"og:description\" content=\"Spole\u010dnost G&amp;H GmbH Rothschenk ud\u011blala na veletrhu LogiMAT 2018 ve Stuttgartu dobr\u00fd dojem | Zaji\u0161t\u011bn\u00ed n\u00e1kladu\" \/>\n<meta property=\"og:url\" content=\"https:\/\/rothschenk.de\/cz\/skvely-veletrh-logimat-ve-stuttgartu\/\" \/>\n<meta property=\"og:site_name\" content=\"Rothschenk\" \/>\n<meta property=\"article:publisher\" content=\"https:\/\/de-de.facebook.com\/FirmaRothschenk\/\" \/>\n<meta property=\"article:published_time\" content=\"2017-03-21T12:58:27+00:00\" \/>\n<meta property=\"article:modified_time\" content=\"2025-06-30T15:07:34+00:00\" \/>\n<meta name=\"author\" content=\"Rothschenk\" \/>\n<meta name=\"twitter:card\" content=\"summary_large_image\" \/>\n<meta name=\"twitter:label1\" content=\"Napsal(a)\" \/>\n\t<meta name=\"twitter:data1\" content=\"Rothschenk\" \/>\n<script type=\"application\/ld+json\" class=\"yoast-schema-graph\">{\"@context\":\"https:\\\/\\\/schema.org\",\"@graph\":[{\"@type\":\"Article\",\"@id\":\"https:\\\/\\\/rothschenk.de\\\/cz\\\/skvely-veletrh-logimat-ve-stuttgartu\\\/#article\",\"isPartOf\":{\"@id\":\"https:\\\/\\\/rothschenk.de\\\/cz\\\/skvely-veletrh-logimat-ve-stuttgartu\\\/\"},\"author\":{\"name\":\"Rothschenk\",\"@id\":\"https:\\\/\\\/rothschenk.de\\\/cz\\\/#\\\/schema\\\/person\\\/e29bf5cc9df61e6c87f80cdf8ba1be93\"},\"headline\":\"Skv\u011bl\u00fd veletrh. LogiMAT ve Stuttgartu!\",\"datePublished\":\"2017-03-21T12:58:27+00:00\",\"dateModified\":\"2025-06-30T15:07:34+00:00\",\"mainEntityOfPage\":{\"@id\":\"https:\\\/\\\/rothschenk.de\\\/cz\\\/skvely-veletrh-logimat-ve-stuttgartu\\\/\"},\"wordCount\":104,\"commentCount\":0,\"articleSection\":[\"Rothschenk Novinky\"],\"inLanguage\":\"cs\",\"potentialAction\":[{\"@type\":\"CommentAction\",\"name\":\"Comment\",\"target\":[\"https:\\\/\\\/rothschenk.de\\\/cz\\\/skvely-veletrh-logimat-ve-stuttgartu\\\/#respond\"]}]},{\"@type\":\"WebPage\",\"@id\":\"https:\\\/\\\/rothschenk.de\\\/cz\\\/skvely-veletrh-logimat-ve-stuttgartu\\\/\",\"url\":\"https:\\\/\\\/rothschenk.de\\\/cz\\\/skvely-veletrh-logimat-ve-stuttgartu\\\/\",\"name\":\"Skv\u011bl\u00fd veletrh. LogiMAT ve Stuttgartu! - Rothschenk\",\"isPartOf\":{\"@id\":\"https:\\\/\\\/rothschenk.de\\\/cz\\\/#website\"},\"datePublished\":\"2017-03-21T12:58:27+00:00\",\"dateModified\":\"2025-06-30T15:07:34+00:00\",\"author\":{\"@id\":\"https:\\\/\\\/rothschenk.de\\\/cz\\\/#\\\/schema\\\/person\\\/e29bf5cc9df61e6c87f80cdf8ba1be93\"},\"description\":\"Spole\u010dnost G&H GmbH Rothschenk ud\u011blala na veletrhu LogiMAT 2018 ve Stuttgartu dobr\u00fd dojem | Zaji\u0161t\u011bn\u00ed n\u00e1kladu\",\"breadcrumb\":{\"@id\":\"https:\\\/\\\/rothschenk.de\\\/cz\\\/skvely-veletrh-logimat-ve-stuttgartu\\\/#breadcrumb\"},\"inLanguage\":\"cs\",\"potentialAction\":[{\"@type\":\"ReadAction\",\"target\":[\"https:\\\/\\\/rothschenk.de\\\/cz\\\/skvely-veletrh-logimat-ve-stuttgartu\\\/\"]}]},{\"@type\":\"BreadcrumbList\",\"@id\":\"https:\\\/\\\/rothschenk.de\\\/cz\\\/skvely-veletrh-logimat-ve-stuttgartu\\\/#breadcrumb\",\"itemListElement\":[{\"@type\":\"ListItem\",\"position\":1,\"name\":\"Domovsk\u00e1 str\u00e1nka\",\"item\":\"https:\\\/\\\/rothschenk.de\\\/cz\\\/domovska-stranka\\\/\"},{\"@type\":\"ListItem\",\"position\":2,\"name\":\"Skv\u011bl\u00fd veletrh. LogiMAT ve Stuttgartu!\"}]},{\"@type\":\"WebSite\",\"@id\":\"https:\\\/\\\/rothschenk.de\\\/cz\\\/#website\",\"url\":\"https:\\\/\\\/rothschenk.de\\\/cz\\\/\",\"name\":\"Rothschenk - Der Online Shop f\u00fcr Ladungssicherung\",\"description\":\"Der Online Shop f\u00fcr Ladungssicherung\",\"potentialAction\":[{\"@type\":\"SearchAction\",\"target\":{\"@type\":\"EntryPoint\",\"urlTemplate\":\"https:\\\/\\\/rothschenk.de\\\/cz\\\/?s={search_term_string}\"},\"query-input\":{\"@type\":\"PropertyValueSpecification\",\"valueRequired\":true,\"valueName\":\"search_term_string\"}}],\"inLanguage\":\"cs\"},{\"@type\":\"Person\",\"@id\":\"https:\\\/\\\/rothschenk.de\\\/cz\\\/#\\\/schema\\\/person\\\/e29bf5cc9df61e6c87f80cdf8ba1be93\",\"name\":\"Rothschenk\",\"image\":{\"@type\":\"ImageObject\",\"inLanguage\":\"cs\",\"@id\":\"https:\\\/\\\/rothschenk.de\\\/wp-content\\\/uploads\\\/2024\\\/03\\\/cropped-cropped-Rothschenk-logo-ladungssicherung-1-96x96.png\",\"url\":\"https:\\\/\\\/rothschenk.de\\\/wp-content\\\/uploads\\\/2024\\\/03\\\/cropped-cropped-Rothschenk-logo-ladungssicherung-1-96x96.png\",\"contentUrl\":\"https:\\\/\\\/rothschenk.de\\\/wp-content\\\/uploads\\\/2024\\\/03\\\/cropped-cropped-Rothschenk-logo-ladungssicherung-1-96x96.png\",\"caption\":\"Rothschenk\"},\"description\":\"\u2714 Profi in der Beratung \u2714 Profi an der Laderampe \u2714 Profi bei der Abwicklung Ihrer W\u00fcnsche \u2714 Ladungssicherung Made in Germany\",\"url\":\"https:\\\/\\\/rothschenk.de\\\/cz\\\/author\\\/rothschenk\\\/\"}]}<\/script>\n<!-- \/ Yoast SEO plugin. -->","yoast_head_json":{"title":"Skv\u011bl\u00fd veletrh. LogiMAT ve Stuttgartu! - Rothschenk","description":"Spole\u010dnost G&H GmbH Rothschenk ud\u011blala na veletrhu LogiMAT 2018 ve Stuttgartu dobr\u00fd dojem | Zaji\u0161t\u011bn\u00ed n\u00e1kladu","robots":{"index":"index","follow":"follow","max-snippet":"max-snippet:-1","max-image-preview":"max-image-preview:large","max-video-preview":"max-video-preview:-1"},"canonical":"https:\/\/rothschenk.de\/cz\/skvely-veletrh-logimat-ve-stuttgartu\/","og_locale":"cs_CZ","og_type":"article","og_title":"Skv\u011bl\u00fd veletrh. LogiMAT ve Stuttgartu! - Rothschenk","og_description":"Spole\u010dnost G&H GmbH Rothschenk ud\u011blala na veletrhu LogiMAT 2018 ve Stuttgartu dobr\u00fd dojem | Zaji\u0161t\u011bn\u00ed n\u00e1kladu","og_url":"https:\/\/rothschenk.de\/cz\/skvely-veletrh-logimat-ve-stuttgartu\/","og_site_name":"Rothschenk","article_publisher":"https:\/\/de-de.facebook.com\/FirmaRothschenk\/","article_published_time":"2017-03-21T12:58:27+00:00","article_modified_time":"2025-06-30T15:07:34+00:00","author":"Rothschenk","twitter_card":"summary_large_image","twitter_misc":{"Napsal(a)":"Rothschenk"},"schema":{"@context":"https:\/\/schema.org","@graph":[{"@type":"Article","@id":"https:\/\/rothschenk.de\/cz\/skvely-veletrh-logimat-ve-stuttgartu\/#article","isPartOf":{"@id":"https:\/\/rothschenk.de\/cz\/skvely-veletrh-logimat-ve-stuttgartu\/"},"author":{"name":"Rothschenk","@id":"https:\/\/rothschenk.de\/cz\/#\/schema\/person\/e29bf5cc9df61e6c87f80cdf8ba1be93"},"headline":"Skv\u011bl\u00fd veletrh. LogiMAT ve Stuttgartu!","datePublished":"2017-03-21T12:58:27+00:00","dateModified":"2025-06-30T15:07:34+00:00","mainEntityOfPage":{"@id":"https:\/\/rothschenk.de\/cz\/skvely-veletrh-logimat-ve-stuttgartu\/"},"wordCount":104,"commentCount":0,"articleSection":["Rothschenk Novinky"],"inLanguage":"cs","potentialAction":[{"@type":"CommentAction","name":"Comment","target":["https:\/\/rothschenk.de\/cz\/skvely-veletrh-logimat-ve-stuttgartu\/#respond"]}]},{"@type":"WebPage","@id":"https:\/\/rothschenk.de\/cz\/skvely-veletrh-logimat-ve-stuttgartu\/","url":"https:\/\/rothschenk.de\/cz\/skvely-veletrh-logimat-ve-stuttgartu\/","name":"Skv\u011bl\u00fd veletrh. LogiMAT ve Stuttgartu! - Rothschenk","isPartOf":{"@id":"https:\/\/rothschenk.de\/cz\/#website"},"datePublished":"2017-03-21T12:58:27+00:00","dateModified":"2025-06-30T15:07:34+00:00","author":{"@id":"https:\/\/rothschenk.de\/cz\/#\/schema\/person\/e29bf5cc9df61e6c87f80cdf8ba1be93"},"description":"Spole\u010dnost G&H GmbH Rothschenk ud\u011blala na veletrhu LogiMAT 2018 ve Stuttgartu dobr\u00fd dojem | Zaji\u0161t\u011bn\u00ed n\u00e1kladu","breadcrumb":{"@id":"https:\/\/rothschenk.de\/cz\/skvely-veletrh-logimat-ve-stuttgartu\/#breadcrumb"},"inLanguage":"cs","potentialAction":[{"@type":"ReadAction","target":["https:\/\/rothschenk.de\/cz\/skvely-veletrh-logimat-ve-stuttgartu\/"]}]},{"@type":"BreadcrumbList","@id":"https:\/\/rothschenk.de\/cz\/skvely-veletrh-logimat-ve-stuttgartu\/#breadcrumb","itemListElement":[{"@type":"ListItem","position":1,"name":"Domovsk\u00e1 str\u00e1nka","item":"https:\/\/rothschenk.de\/cz\/domovska-stranka\/"},{"@type":"ListItem","position":2,"name":"Skv\u011bl\u00fd veletrh. LogiMAT ve Stuttgartu!"}]},{"@type":"WebSite","@id":"https:\/\/rothschenk.de\/cz\/#website","url":"https:\/\/rothschenk.de\/cz\/","name":"Rothschenk - Der Online Shop f\u00fcr Ladungssicherung","description":"Der Online Shop f\u00fcr Ladungssicherung","potentialAction":[{"@type":"SearchAction","target":{"@type":"EntryPoint","urlTemplate":"https:\/\/rothschenk.de\/cz\/?s={search_term_string}"},"query-input":{"@type":"PropertyValueSpecification","valueRequired":true,"valueName":"search_term_string"}}],"inLanguage":"cs"},{"@type":"Person","@id":"https:\/\/rothschenk.de\/cz\/#\/schema\/person\/e29bf5cc9df61e6c87f80cdf8ba1be93","name":"Rothschenk","image":{"@type":"ImageObject","inLanguage":"cs","@id":"https:\/\/rothschenk.de\/wp-content\/uploads\/2024\/03\/cropped-cropped-Rothschenk-logo-ladungssicherung-1-96x96.png","url":"https:\/\/rothschenk.de\/wp-content\/uploads\/2024\/03\/cropped-cropped-Rothschenk-logo-ladungssicherung-1-96x96.png","contentUrl":"https:\/\/rothschenk.de\/wp-content\/uploads\/2024\/03\/cropped-cropped-Rothschenk-logo-ladungssicherung-1-96x96.png","caption":"Rothschenk"},"description":"\u2714 Profi in der Beratung \u2714 Profi an der Laderampe \u2714 Profi bei der Abwicklung Ihrer W\u00fcnsche \u2714 Ladungssicherung Made in Germany","url":"https:\/\/rothschenk.de\/cz\/author\/rothschenk\/"}]}},"_links":{"self":[{"href":"https:\/\/rothschenk.de\/cz\/wp-json\/wp\/v2\/posts\/681484","targetHints":{"allow":["GET"]}}],"collection":[{"href":"https:\/\/rothschenk.de\/cz\/wp-json\/wp\/v2\/posts"}],"about":[{"href":"https:\/\/rothschenk.de\/cz\/wp-json\/wp\/v2\/types\/post"}],"author":[{"embeddable":true,"href":"https:\/\/rothschenk.de\/cz\/wp-json\/wp\/v2\/users\/1539"}],"replies":[{"embeddable":true,"href":"https:\/\/rothschenk.de\/cz\/wp-json\/wp\/v2\/comments?post=681484"}],"version-history":[{"count":1,"href":"https:\/\/rothschenk.de\/cz\/wp-json\/wp\/v2\/posts\/681484\/revisions"}],"predecessor-version":[{"id":681486,"href":"https:\/\/rothschenk.de\/cz\/wp-json\/wp\/v2\/posts\/681484\/revisions\/681486"}],"wp:attachment":[{"href":"https:\/\/rothschenk.de\/cz\/wp-json\/wp\/v2\/media?parent=681484"}],"wp:term":[{"taxonomy":"category","embeddable":true,"href":"https:\/\/rothschenk.de\/cz\/wp-json\/wp\/v2\/categories?post=681484"},{"taxonomy":"post_tag","embeddable":true,"href":"https:\/\/rothschenk.de\/cz\/wp-json\/wp\/v2\/tags?post=681484"}],"curies":[{"name":"wp","href":"https:\/\/api.w.org\/{rel}","templated":true}]}}