{"id":681487,"date":"2015-10-02T14:05:34","date_gmt":"2015-10-02T12:05:34","guid":{"rendered":"https:\/\/rothschenk.de\/fachpack-norimberk-zvlastni-okamziky-red-line-zaznam\/"},"modified":"2025-06-30T17:07:35","modified_gmt":"2025-06-30T15:07:35","slug":"fachpack-norimberk-zvlastni-okamziky-red-line-zaznam","status":"publish","type":"post","link":"https:\/\/rothschenk.de\/cz\/fachpack-norimberk-zvlastni-okamziky-red-line-zaznam\/","title":{"rendered":"Fachpack Norimberk: Zvl\u00e1\u0161tn\u00ed okam\u017eiky, RED LINE, z\u00e1znam!"},"content":{"rendered":"\n<p>Spole\u010dnost Rothschenk je pravideln\u00fdm vystavovatelem na veletrhu FACHPACK v Norimberku ji\u017e v\u00edce ne\u017e deset let. I letos se poda\u0159ilo naplnit o\u010dek\u00e1v\u00e1n\u00ed v\u0161ech z\u00fa\u010dastn\u011bn\u00fdch na tomto evropsk\u00e9m veletrhu obal\u016f, technologi\u00ed, zu\u0161lech\u0165ov\u00e1n\u00ed a logistiky. Ne-li p\u0159ekonat: ke st\u00e1nk\u016fm <strong>1 565 vystavovatel\u016f<\/strong> se sjelo v\u00edce ne\u017e <strong>43 000 odborn\u00fdch n\u00e1v\u0161t\u011bvn\u00edk\u016f<\/strong>, co\u017e je <strong>rekord<\/strong>! To v\u0161ak nebyl jedin\u00fd d\u016fvod, pro\u010d byly dny v Norimberku pro spole\u010dnost Rothschenk <strong>v\u00fdjime\u010dnou ud\u00e1lost\u00ed<\/strong>. Netrp\u011bliv\u011b bylo o\u010dek\u00e1v\u00e1no prvn\u00ed p\u0159edstaven\u00ed na\u0161\u00ed nov\u00e9 produktov\u00e9 \u0159ady vzduchov\u00fd vak <strong>RED LINE<\/strong> p\u0159ed po\u010detn\u00fdm publikem. A byla \u00fasp\u011b\u0161n\u00e1. <strong>St\u00e1nek<\/strong> v hale 7a, kter\u00fd byl po v\u0161echny t\u0159i dny <strong>velmi hojn\u011b nav\u0161t\u011bvov\u00e1n<\/strong>, a <strong>velk\u00e1 popt\u00e1vka<\/strong> ukazuj\u00ed, \u017ee <strong>RED LINE <\/strong>m\u016f\u017ee b\u00fdt pro spole\u010dnost Rothschenk v segmentu vzduchov\u00fd vak p\u0159elomov\u00e1. V\u00fdrobek, kter\u00fd je v kr\u00e1tk\u00e9 dob\u011b k dispozici <strong>skladem<\/strong> ve v\u0161ech <strong>standardn\u00edch velikostech<\/strong>, spl\u0148uje po\u017eadavky <strong>sm\u011brnic AAR<\/strong> platn\u00fdch v USA. V\u00edce informac\u00ed o <a href=\"https:\/\/www.rothschenk.de\/?p=120\" target=\"_blank\" rel=\"noreferrer noopener\"><strong>v\u00fdrobku RED LINE<\/strong> naleznete zde.<\/a>       <\/p>\n\n<p>Na veletr\u017en\u00edm st\u00e1nku v Norimberku byla p\u0159\u00edtomna tak\u00e9 <strong>Gisela Rothschenk<\/strong>. <strong>Pr\u016fkopnice v oblasti zaji\u0161\u0165ov\u00e1n\u00ed n\u00e1kladu<\/strong>, kter\u00e1 se t\u011b\u0161\u00ed velk\u00e9 oblib\u011b u z\u00e1kazn\u00edk\u016f i zam\u011bstnanc\u016f, dlouho hledala vhodn\u00e9ho n\u00e1stupce pro veden\u00ed rodinn\u00e9ho podniku. V \u010dervenci kone\u010dn\u011b na\u0161la, co hledala. Gisela vyu\u017eila dny Fachpacku k tomu, aby se osobn\u011b rozlou\u010dila se sv\u00fdmi z\u00e1kazn\u00edky, kte\u0159\u00ed se za ta l\u00e9ta stali jej\u00edmi p\u0159\u00e1teli.   <\/p>\n\n<div style=\"height:35px\" aria-hidden=\"true\" class=\"wp-block-spacer\"><\/div>\n\n<figure class=\"wp-block-gallery has-nested-images columns-default is-cropped wp-block-gallery-1 is-layout-flex wp-block-gallery-is-layout-flex\">\n<figure class=\"wp-block-image size-large\"><img fetchpriority=\"high\" decoding=\"async\" width=\"1024\" height=\"683\" data-id=\"168399\" src=\"https:\/\/rothschenk.de\/wp-content\/uploads\/2015\/10\/rothschenk-fachpack-messe-ladungssicherung-2.jpg\" alt=\"\" class=\"wp-image-168399\" srcset=\"https:\/\/rothschenk.de\/wp-content\/uploads\/2015\/10\/rothschenk-fachpack-messe-ladungssicherung-2.jpg 1024w, https:\/\/rothschenk.de\/wp-content\/uploads\/2015\/10\/rothschenk-fachpack-messe-ladungssicherung-2-300x200.jpg 300w, https:\/\/rothschenk.de\/wp-content\/uploads\/2015\/10\/rothschenk-fachpack-messe-ladungssicherung-2-768x512.jpg 768w, https:\/\/rothschenk.de\/wp-content\/uploads\/2015\/10\/rothschenk-fachpack-messe-ladungssicherung-2-600x400.jpg 600w\" sizes=\"(max-width: 1024px) 100vw, 1024px\" \/><\/figure>\n\n\n\n<figure class=\"wp-block-image size-large\"><img decoding=\"async\" width=\"560\" height=\"367\" data-id=\"168402\" src=\"https:\/\/rothschenk.de\/wp-content\/uploads\/2015\/10\/rothschenk-fachpack-messe-ladungssicherung-1.jpg\" alt=\"\" class=\"wp-image-168402\" srcset=\"https:\/\/rothschenk.de\/wp-content\/uploads\/2015\/10\/rothschenk-fachpack-messe-ladungssicherung-1.jpg 560w, https:\/\/rothschenk.de\/wp-content\/uploads\/2015\/10\/rothschenk-fachpack-messe-ladungssicherung-1-300x197.jpg 300w\" sizes=\"(max-width: 560px) 100vw, 560px\" \/><\/figure>\n<\/figure>\n","protected":false},"excerpt":{"rendered":"<p>Spole\u010dnost Rothschenk je pravideln\u00fdm vystavovatelem na veletrhu FACHPACK v Norimberku ji\u017e v\u00edce ne\u017e deset let. I letos se poda\u0159ilo naplnit o\u010dek\u00e1v\u00e1n\u00ed v\u0161ech z\u00fa\u010dastn\u011bn\u00fdch na tomto evropsk\u00e9m veletrhu obal\u016f, technologi\u00ed, zu\u0161lech\u0165ov\u00e1n\u00ed a logistiky. Ne-li p\u0159ekonat: ke st\u00e1nk\u016fm 1 565 vystavovatel\u016f se sjelo v\u00edce ne\u017e 43 000 odborn\u00fdch n\u00e1v\u0161t\u011bvn\u00edk\u016f, co\u017e je rekord! To v\u0161ak nebyl jedin\u00fd d\u016fvod, [&hellip;]<\/p>\n","protected":false},"author":1539,"featured_media":0,"comment_status":"open","ping_status":"closed","sticky":false,"template":"","format":"standard","meta":{"_acf_changed":false,"footnotes":""},"categories":[867],"tags":[],"class_list":["post-681487","post","type-post","status-publish","format-standard","hentry","category-rothschenk-novinky"],"acf":[],"yoast_head":"<!-- This site is optimized with the Yoast SEO plugin v27.5 - https:\/\/yoast.com\/product\/yoast-seo-wordpress\/ -->\n<title>Fachpack Norimberk: Zvl\u00e1\u0161tn\u00ed okam\u017eiky, RED LINE, z\u00e1znam! - Rothschenk<\/title>\n<meta name=\"description\" content=\"Na leto\u0161n\u00edm veletrhu Fachpack v Norimberku p\u0159edstavila spole\u010dnost G&amp;H Gmbh Rothschenk svou novou, slibnou produktovou \u0159adu &quot;RED LINE&quot;.\" \/>\n<meta name=\"robots\" content=\"index, follow, max-snippet:-1, max-image-preview:large, max-video-preview:-1\" \/>\n<link rel=\"canonical\" href=\"https:\/\/rothschenk.de\/cz\/fachpack-norimberk-zvlastni-okamziky-red-line-zaznam\/\" \/>\n<meta property=\"og:locale\" content=\"cs_CZ\" \/>\n<meta property=\"og:type\" content=\"article\" \/>\n<meta property=\"og:title\" content=\"Fachpack Norimberk: Zvl\u00e1\u0161tn\u00ed okam\u017eiky, RED LINE, z\u00e1znam! - Rothschenk\" \/>\n<meta property=\"og:description\" content=\"Na leto\u0161n\u00edm veletrhu Fachpack v Norimberku p\u0159edstavila spole\u010dnost G&amp;H Gmbh Rothschenk svou novou, slibnou produktovou \u0159adu &quot;RED LINE&quot;.\" \/>\n<meta property=\"og:url\" content=\"https:\/\/rothschenk.de\/cz\/fachpack-norimberk-zvlastni-okamziky-red-line-zaznam\/\" \/>\n<meta property=\"og:site_name\" content=\"Rothschenk\" \/>\n<meta property=\"article:publisher\" content=\"https:\/\/de-de.facebook.com\/FirmaRothschenk\/\" \/>\n<meta property=\"article:published_time\" content=\"2015-10-02T12:05:34+00:00\" \/>\n<meta property=\"article:modified_time\" content=\"2025-06-30T15:07:35+00:00\" \/>\n<meta property=\"og:image\" content=\"https:\/\/rothschenk.de\/wp-content\/uploads\/2015\/10\/rothschenk-fachpack-messe-ladungssicherung-2.jpg\" \/>\n\t<meta property=\"og:image:width\" content=\"1024\" \/>\n\t<meta property=\"og:image:height\" content=\"683\" \/>\n\t<meta property=\"og:image:type\" content=\"image\/jpeg\" \/>\n<meta name=\"author\" content=\"Rothschenk\" \/>\n<meta name=\"twitter:card\" content=\"summary_large_image\" \/>\n<meta name=\"twitter:label1\" content=\"Napsal(a)\" \/>\n\t<meta name=\"twitter:data1\" content=\"Rothschenk\" \/>\n\t<meta name=\"twitter:label2\" content=\"Odhadovan\u00e1 doba \u010dten\u00ed\" \/>\n\t<meta name=\"twitter:data2\" content=\"1 minuta\" \/>\n<script type=\"application\/ld+json\" class=\"yoast-schema-graph\">{\"@context\":\"https:\\\/\\\/schema.org\",\"@graph\":[{\"@type\":\"Article\",\"@id\":\"https:\\\/\\\/rothschenk.de\\\/cz\\\/fachpack-norimberk-zvlastni-okamziky-red-line-zaznam\\\/#article\",\"isPartOf\":{\"@id\":\"https:\\\/\\\/rothschenk.de\\\/cz\\\/fachpack-norimberk-zvlastni-okamziky-red-line-zaznam\\\/\"},\"author\":{\"name\":\"Rothschenk\",\"@id\":\"https:\\\/\\\/rothschenk.de\\\/cz\\\/#\\\/schema\\\/person\\\/e29bf5cc9df61e6c87f80cdf8ba1be93\"},\"headline\":\"Fachpack Norimberk: Zvl\u00e1\u0161tn\u00ed okam\u017eiky, RED LINE, z\u00e1znam!\",\"datePublished\":\"2015-10-02T12:05:34+00:00\",\"dateModified\":\"2025-06-30T15:07:35+00:00\",\"mainEntityOfPage\":{\"@id\":\"https:\\\/\\\/rothschenk.de\\\/cz\\\/fachpack-norimberk-zvlastni-okamziky-red-line-zaznam\\\/\"},\"wordCount\":291,\"commentCount\":0,\"image\":{\"@id\":\"https:\\\/\\\/rothschenk.de\\\/cz\\\/fachpack-norimberk-zvlastni-okamziky-red-line-zaznam\\\/#primaryimage\"},\"thumbnailUrl\":\"https:\\\/\\\/rothschenk.de\\\/wp-content\\\/uploads\\\/2015\\\/10\\\/rothschenk-fachpack-messe-ladungssicherung-2.jpg\",\"articleSection\":[\"Rothschenk Novinky\"],\"inLanguage\":\"cs\",\"potentialAction\":[{\"@type\":\"CommentAction\",\"name\":\"Comment\",\"target\":[\"https:\\\/\\\/rothschenk.de\\\/cz\\\/fachpack-norimberk-zvlastni-okamziky-red-line-zaznam\\\/#respond\"]}]},{\"@type\":\"WebPage\",\"@id\":\"https:\\\/\\\/rothschenk.de\\\/cz\\\/fachpack-norimberk-zvlastni-okamziky-red-line-zaznam\\\/\",\"url\":\"https:\\\/\\\/rothschenk.de\\\/cz\\\/fachpack-norimberk-zvlastni-okamziky-red-line-zaznam\\\/\",\"name\":\"Fachpack Norimberk: Zvl\u00e1\u0161tn\u00ed okam\u017eiky, RED LINE, z\u00e1znam! - Rothschenk\",\"isPartOf\":{\"@id\":\"https:\\\/\\\/rothschenk.de\\\/cz\\\/#website\"},\"primaryImageOfPage\":{\"@id\":\"https:\\\/\\\/rothschenk.de\\\/cz\\\/fachpack-norimberk-zvlastni-okamziky-red-line-zaznam\\\/#primaryimage\"},\"image\":{\"@id\":\"https:\\\/\\\/rothschenk.de\\\/cz\\\/fachpack-norimberk-zvlastni-okamziky-red-line-zaznam\\\/#primaryimage\"},\"thumbnailUrl\":\"https:\\\/\\\/rothschenk.de\\\/wp-content\\\/uploads\\\/2015\\\/10\\\/rothschenk-fachpack-messe-ladungssicherung-2.jpg\",\"datePublished\":\"2015-10-02T12:05:34+00:00\",\"dateModified\":\"2025-06-30T15:07:35+00:00\",\"author\":{\"@id\":\"https:\\\/\\\/rothschenk.de\\\/cz\\\/#\\\/schema\\\/person\\\/e29bf5cc9df61e6c87f80cdf8ba1be93\"},\"description\":\"Na leto\u0161n\u00edm veletrhu Fachpack v Norimberku p\u0159edstavila spole\u010dnost G&H Gmbh Rothschenk svou novou, slibnou produktovou \u0159adu \\\"RED LINE\\\".\",\"breadcrumb\":{\"@id\":\"https:\\\/\\\/rothschenk.de\\\/cz\\\/fachpack-norimberk-zvlastni-okamziky-red-line-zaznam\\\/#breadcrumb\"},\"inLanguage\":\"cs\",\"potentialAction\":[{\"@type\":\"ReadAction\",\"target\":[\"https:\\\/\\\/rothschenk.de\\\/cz\\\/fachpack-norimberk-zvlastni-okamziky-red-line-zaznam\\\/\"]}]},{\"@type\":\"ImageObject\",\"inLanguage\":\"cs\",\"@id\":\"https:\\\/\\\/rothschenk.de\\\/cz\\\/fachpack-norimberk-zvlastni-okamziky-red-line-zaznam\\\/#primaryimage\",\"url\":\"https:\\\/\\\/rothschenk.de\\\/wp-content\\\/uploads\\\/2015\\\/10\\\/rothschenk-fachpack-messe-ladungssicherung-2.jpg\",\"contentUrl\":\"https:\\\/\\\/rothschenk.de\\\/wp-content\\\/uploads\\\/2015\\\/10\\\/rothschenk-fachpack-messe-ladungssicherung-2.jpg\"},{\"@type\":\"BreadcrumbList\",\"@id\":\"https:\\\/\\\/rothschenk.de\\\/cz\\\/fachpack-norimberk-zvlastni-okamziky-red-line-zaznam\\\/#breadcrumb\",\"itemListElement\":[{\"@type\":\"ListItem\",\"position\":1,\"name\":\"Domovsk\u00e1 str\u00e1nka\",\"item\":\"https:\\\/\\\/rothschenk.de\\\/cz\\\/domovska-stranka\\\/\"},{\"@type\":\"ListItem\",\"position\":2,\"name\":\"Fachpack Norimberk: Zvl\u00e1\u0161tn\u00ed okam\u017eiky, RED LINE, z\u00e1znam!\"}]},{\"@type\":\"WebSite\",\"@id\":\"https:\\\/\\\/rothschenk.de\\\/cz\\\/#website\",\"url\":\"https:\\\/\\\/rothschenk.de\\\/cz\\\/\",\"name\":\"Rothschenk - Der Online Shop f\u00fcr Ladungssicherung\",\"description\":\"Der Online Shop f\u00fcr Ladungssicherung\",\"potentialAction\":[{\"@type\":\"SearchAction\",\"target\":{\"@type\":\"EntryPoint\",\"urlTemplate\":\"https:\\\/\\\/rothschenk.de\\\/cz\\\/?s={search_term_string}\"},\"query-input\":{\"@type\":\"PropertyValueSpecification\",\"valueRequired\":true,\"valueName\":\"search_term_string\"}}],\"inLanguage\":\"cs\"},{\"@type\":\"Person\",\"@id\":\"https:\\\/\\\/rothschenk.de\\\/cz\\\/#\\\/schema\\\/person\\\/e29bf5cc9df61e6c87f80cdf8ba1be93\",\"name\":\"Rothschenk\",\"image\":{\"@type\":\"ImageObject\",\"inLanguage\":\"cs\",\"@id\":\"https:\\\/\\\/rothschenk.de\\\/wp-content\\\/uploads\\\/2024\\\/03\\\/cropped-cropped-Rothschenk-logo-ladungssicherung-1-96x96.png\",\"url\":\"https:\\\/\\\/rothschenk.de\\\/wp-content\\\/uploads\\\/2024\\\/03\\\/cropped-cropped-Rothschenk-logo-ladungssicherung-1-96x96.png\",\"contentUrl\":\"https:\\\/\\\/rothschenk.de\\\/wp-content\\\/uploads\\\/2024\\\/03\\\/cropped-cropped-Rothschenk-logo-ladungssicherung-1-96x96.png\",\"caption\":\"Rothschenk\"},\"description\":\"\u2714 Profi in der Beratung \u2714 Profi an der Laderampe \u2714 Profi bei der Abwicklung Ihrer W\u00fcnsche \u2714 Ladungssicherung Made in Germany\",\"url\":\"https:\\\/\\\/rothschenk.de\\\/cz\\\/author\\\/rothschenk\\\/\"}]}<\/script>\n<!-- \/ Yoast SEO plugin. -->","yoast_head_json":{"title":"Fachpack Norimberk: Zvl\u00e1\u0161tn\u00ed okam\u017eiky, RED LINE, z\u00e1znam! - Rothschenk","description":"Na leto\u0161n\u00edm veletrhu Fachpack v Norimberku p\u0159edstavila spole\u010dnost G&H Gmbh Rothschenk svou novou, slibnou produktovou \u0159adu \"RED LINE\".","robots":{"index":"index","follow":"follow","max-snippet":"max-snippet:-1","max-image-preview":"max-image-preview:large","max-video-preview":"max-video-preview:-1"},"canonical":"https:\/\/rothschenk.de\/cz\/fachpack-norimberk-zvlastni-okamziky-red-line-zaznam\/","og_locale":"cs_CZ","og_type":"article","og_title":"Fachpack Norimberk: Zvl\u00e1\u0161tn\u00ed okam\u017eiky, RED LINE, z\u00e1znam! - Rothschenk","og_description":"Na leto\u0161n\u00edm veletrhu Fachpack v Norimberku p\u0159edstavila spole\u010dnost G&H Gmbh Rothschenk svou novou, slibnou produktovou \u0159adu \"RED LINE\".","og_url":"https:\/\/rothschenk.de\/cz\/fachpack-norimberk-zvlastni-okamziky-red-line-zaznam\/","og_site_name":"Rothschenk","article_publisher":"https:\/\/de-de.facebook.com\/FirmaRothschenk\/","article_published_time":"2015-10-02T12:05:34+00:00","article_modified_time":"2025-06-30T15:07:35+00:00","og_image":[{"width":1024,"height":683,"url":"https:\/\/rothschenk.de\/wp-content\/uploads\/2015\/10\/rothschenk-fachpack-messe-ladungssicherung-2.jpg","type":"image\/jpeg"}],"author":"Rothschenk","twitter_card":"summary_large_image","twitter_misc":{"Napsal(a)":"Rothschenk","Odhadovan\u00e1 doba \u010dten\u00ed":"1 minuta"},"schema":{"@context":"https:\/\/schema.org","@graph":[{"@type":"Article","@id":"https:\/\/rothschenk.de\/cz\/fachpack-norimberk-zvlastni-okamziky-red-line-zaznam\/#article","isPartOf":{"@id":"https:\/\/rothschenk.de\/cz\/fachpack-norimberk-zvlastni-okamziky-red-line-zaznam\/"},"author":{"name":"Rothschenk","@id":"https:\/\/rothschenk.de\/cz\/#\/schema\/person\/e29bf5cc9df61e6c87f80cdf8ba1be93"},"headline":"Fachpack Norimberk: Zvl\u00e1\u0161tn\u00ed okam\u017eiky, RED LINE, z\u00e1znam!","datePublished":"2015-10-02T12:05:34+00:00","dateModified":"2025-06-30T15:07:35+00:00","mainEntityOfPage":{"@id":"https:\/\/rothschenk.de\/cz\/fachpack-norimberk-zvlastni-okamziky-red-line-zaznam\/"},"wordCount":291,"commentCount":0,"image":{"@id":"https:\/\/rothschenk.de\/cz\/fachpack-norimberk-zvlastni-okamziky-red-line-zaznam\/#primaryimage"},"thumbnailUrl":"https:\/\/rothschenk.de\/wp-content\/uploads\/2015\/10\/rothschenk-fachpack-messe-ladungssicherung-2.jpg","articleSection":["Rothschenk Novinky"],"inLanguage":"cs","potentialAction":[{"@type":"CommentAction","name":"Comment","target":["https:\/\/rothschenk.de\/cz\/fachpack-norimberk-zvlastni-okamziky-red-line-zaznam\/#respond"]}]},{"@type":"WebPage","@id":"https:\/\/rothschenk.de\/cz\/fachpack-norimberk-zvlastni-okamziky-red-line-zaznam\/","url":"https:\/\/rothschenk.de\/cz\/fachpack-norimberk-zvlastni-okamziky-red-line-zaznam\/","name":"Fachpack Norimberk: Zvl\u00e1\u0161tn\u00ed okam\u017eiky, RED LINE, z\u00e1znam! - Rothschenk","isPartOf":{"@id":"https:\/\/rothschenk.de\/cz\/#website"},"primaryImageOfPage":{"@id":"https:\/\/rothschenk.de\/cz\/fachpack-norimberk-zvlastni-okamziky-red-line-zaznam\/#primaryimage"},"image":{"@id":"https:\/\/rothschenk.de\/cz\/fachpack-norimberk-zvlastni-okamziky-red-line-zaznam\/#primaryimage"},"thumbnailUrl":"https:\/\/rothschenk.de\/wp-content\/uploads\/2015\/10\/rothschenk-fachpack-messe-ladungssicherung-2.jpg","datePublished":"2015-10-02T12:05:34+00:00","dateModified":"2025-06-30T15:07:35+00:00","author":{"@id":"https:\/\/rothschenk.de\/cz\/#\/schema\/person\/e29bf5cc9df61e6c87f80cdf8ba1be93"},"description":"Na leto\u0161n\u00edm veletrhu Fachpack v Norimberku p\u0159edstavila spole\u010dnost G&H Gmbh Rothschenk svou novou, slibnou produktovou \u0159adu \"RED LINE\".","breadcrumb":{"@id":"https:\/\/rothschenk.de\/cz\/fachpack-norimberk-zvlastni-okamziky-red-line-zaznam\/#breadcrumb"},"inLanguage":"cs","potentialAction":[{"@type":"ReadAction","target":["https:\/\/rothschenk.de\/cz\/fachpack-norimberk-zvlastni-okamziky-red-line-zaznam\/"]}]},{"@type":"ImageObject","inLanguage":"cs","@id":"https:\/\/rothschenk.de\/cz\/fachpack-norimberk-zvlastni-okamziky-red-line-zaznam\/#primaryimage","url":"https:\/\/rothschenk.de\/wp-content\/uploads\/2015\/10\/rothschenk-fachpack-messe-ladungssicherung-2.jpg","contentUrl":"https:\/\/rothschenk.de\/wp-content\/uploads\/2015\/10\/rothschenk-fachpack-messe-ladungssicherung-2.jpg"},{"@type":"BreadcrumbList","@id":"https:\/\/rothschenk.de\/cz\/fachpack-norimberk-zvlastni-okamziky-red-line-zaznam\/#breadcrumb","itemListElement":[{"@type":"ListItem","position":1,"name":"Domovsk\u00e1 str\u00e1nka","item":"https:\/\/rothschenk.de\/cz\/domovska-stranka\/"},{"@type":"ListItem","position":2,"name":"Fachpack Norimberk: Zvl\u00e1\u0161tn\u00ed okam\u017eiky, RED LINE, z\u00e1znam!"}]},{"@type":"WebSite","@id":"https:\/\/rothschenk.de\/cz\/#website","url":"https:\/\/rothschenk.de\/cz\/","name":"Rothschenk - Der Online Shop f\u00fcr Ladungssicherung","description":"Der Online Shop f\u00fcr Ladungssicherung","potentialAction":[{"@type":"SearchAction","target":{"@type":"EntryPoint","urlTemplate":"https:\/\/rothschenk.de\/cz\/?s={search_term_string}"},"query-input":{"@type":"PropertyValueSpecification","valueRequired":true,"valueName":"search_term_string"}}],"inLanguage":"cs"},{"@type":"Person","@id":"https:\/\/rothschenk.de\/cz\/#\/schema\/person\/e29bf5cc9df61e6c87f80cdf8ba1be93","name":"Rothschenk","image":{"@type":"ImageObject","inLanguage":"cs","@id":"https:\/\/rothschenk.de\/wp-content\/uploads\/2024\/03\/cropped-cropped-Rothschenk-logo-ladungssicherung-1-96x96.png","url":"https:\/\/rothschenk.de\/wp-content\/uploads\/2024\/03\/cropped-cropped-Rothschenk-logo-ladungssicherung-1-96x96.png","contentUrl":"https:\/\/rothschenk.de\/wp-content\/uploads\/2024\/03\/cropped-cropped-Rothschenk-logo-ladungssicherung-1-96x96.png","caption":"Rothschenk"},"description":"\u2714 Profi in der Beratung \u2714 Profi an der Laderampe \u2714 Profi bei der Abwicklung Ihrer W\u00fcnsche \u2714 Ladungssicherung Made in Germany","url":"https:\/\/rothschenk.de\/cz\/author\/rothschenk\/"}]}},"_links":{"self":[{"href":"https:\/\/rothschenk.de\/cz\/wp-json\/wp\/v2\/posts\/681487","targetHints":{"allow":["GET"]}}],"collection":[{"href":"https:\/\/rothschenk.de\/cz\/wp-json\/wp\/v2\/posts"}],"about":[{"href":"https:\/\/rothschenk.de\/cz\/wp-json\/wp\/v2\/types\/post"}],"author":[{"embeddable":true,"href":"https:\/\/rothschenk.de\/cz\/wp-json\/wp\/v2\/users\/1539"}],"replies":[{"embeddable":true,"href":"https:\/\/rothschenk.de\/cz\/wp-json\/wp\/v2\/comments?post=681487"}],"version-history":[{"count":1,"href":"https:\/\/rothschenk.de\/cz\/wp-json\/wp\/v2\/posts\/681487\/revisions"}],"predecessor-version":[{"id":681489,"href":"https:\/\/rothschenk.de\/cz\/wp-json\/wp\/v2\/posts\/681487\/revisions\/681489"}],"wp:attachment":[{"href":"https:\/\/rothschenk.de\/cz\/wp-json\/wp\/v2\/media?parent=681487"}],"wp:term":[{"taxonomy":"category","embeddable":true,"href":"https:\/\/rothschenk.de\/cz\/wp-json\/wp\/v2\/categories?post=681487"},{"taxonomy":"post_tag","embeddable":true,"href":"https:\/\/rothschenk.de\/cz\/wp-json\/wp\/v2\/tags?post=681487"}],"curies":[{"name":"wp","href":"https:\/\/api.w.org\/{rel}","templated":true}]}}