{"id":681702,"date":"2021-02-20T13:56:00","date_gmt":"2021-02-20T12:56:00","guid":{"rendered":"https:\/\/rothschenk.de\/epizoda-1-identifikace-kontejneru-co-znamena-oznaceni-na-dverich-kontejneru\/"},"modified":"2025-06-30T17:09:12","modified_gmt":"2025-06-30T15:09:12","slug":"epizoda-1-identifikace-kontejneru-co-znamena-oznaceni-na-dverich-kontejneru","status":"publish","type":"post","link":"https:\/\/rothschenk.de\/cz\/epizoda-1-identifikace-kontejneru-co-znamena-oznaceni-na-dverich-kontejneru\/","title":{"rendered":"Epizoda 1: Identifikace kontejneru &#8211; Co znamen\u00e1 ozna\u010den\u00ed na dve\u0159\u00edch kontejneru?"},"content":{"rendered":"\n<p><a href=\"https:\/\/rothschenk.de\/container\/\">Kontejnery<\/a> jsou jedn\u00edm z nejb\u011b\u017en\u011bj\u0161\u00edch dopravn\u00edch prost\u0159edk\u016f, a proto jich na silnic\u00edch potk\u00e1te mnoho, obvykle zezadu. Na zadn\u00edch dve\u0159\u00edch je mnoho informac\u00ed, kter\u00e9 jsou velmi d\u016fle\u017eit\u00e9 pro ty, kte\u0159\u00ed mus\u00ed kontejnery nakl\u00e1dat. V tomto d\u00edle bych proto r\u00e1d vysv\u011btlil jejich ozna\u010dov\u00e1n\u00ed a v\u00fdznam.  <\/p>\n\n<h2 class=\"wp-block-heading has-black-color has-text-color has-link-color wp-elements-03bec4ecafd04c7542a262281b96eef8\">Zadn\u00ed dve\u0159e<\/h2>\n\n<div class=\"wp-block-columns has-white-color has-text-color has-background has-link-color wp-elements-acf4f792f1dfe24fad7c503cd4384753 is-layout-flex wp-container-core-columns-is-layout-28f84493 wp-block-columns-is-layout-flex\" style=\"background-color:#f5f5f5\">\n<div class=\"wp-block-column is-vertically-aligned-center is-layout-flow wp-block-column-is-layout-flow\" style=\"flex-basis:75%\">\n<p class=\"has-black-color has-text-color has-link-color wp-elements-181aa25895ba4e33bd83a8321207bba9\"><strong>Logo<\/strong> vlastn\u00edka kontejner\u016f, spole\u010dnosti Hanjin, a jej\u00ed webov\u00e9 str\u00e1nky najdete v lev\u00e9 horn\u00ed t\u0159etin\u011b, abyste se mohli dozv\u011bd\u011bt v\u00edce. Tyto informace v\u0161ak nejsou podstatn\u00e9. Mnohem d\u016fle\u017eit\u011bj\u0161\u00ed je prav\u00e1 strana, kde jsou uvedeny informace, kter\u00e9 mus\u00ed b\u00fdt sou\u010d\u00e1st\u00ed identifikace kontejneru. Tento <strong>desetim\u00edstn\u00fd p\u00edsmenn\u00fd\/\u010d\u00edseln\u00fd k\u00f3d<\/strong> mus\u00ed b\u00fdt uveden zde a na v\u0161ech stran\u00e1ch.    <\/p>\n<\/div>\n\n\n\n<div class=\"wp-block-column is-vertically-aligned-center is-layout-flow wp-block-column-is-layout-flow\">\n<figure data-wp-context=\"{&quot;imageId&quot;:&quot;69f0ae8b059c8&quot;}\" data-wp-interactive=\"core\/image\" data-wp-key=\"69f0ae8b059c8\" class=\"wp-block-image size-medium wp-lightbox-container\"><img fetchpriority=\"high\" decoding=\"async\" width=\"300\" height=\"225\" data-wp-class--hide=\"state.isContentHidden\" data-wp-class--show=\"state.isContentVisible\" data-wp-init=\"callbacks.setButtonStyles\" data-wp-on--click=\"actions.showLightbox\" data-wp-on--load=\"callbacks.setButtonStyles\" data-wp-on-window--resize=\"callbacks.setButtonStyles\" src=\"https:\/\/rothschenk.de\/wp-content\/uploads\/2024\/03\/lkw-mit-container-von-hinten-fotografiert-mit-ctu-bezeichnungen-rothschenk-300x225.jpg\" alt=\"\" class=\"wp-image-143991\" srcset=\"https:\/\/rothschenk.de\/wp-content\/uploads\/2024\/03\/lkw-mit-container-von-hinten-fotografiert-mit-ctu-bezeichnungen-rothschenk-300x225.jpg 300w, https:\/\/rothschenk.de\/wp-content\/uploads\/2024\/03\/lkw-mit-container-von-hinten-fotografiert-mit-ctu-bezeichnungen-rothschenk-1024x768.jpg 1024w, https:\/\/rothschenk.de\/wp-content\/uploads\/2024\/03\/lkw-mit-container-von-hinten-fotografiert-mit-ctu-bezeichnungen-rothschenk-768x576.jpg 768w, https:\/\/rothschenk.de\/wp-content\/uploads\/2024\/03\/lkw-mit-container-von-hinten-fotografiert-mit-ctu-bezeichnungen-rothschenk-1536x1152.jpg 1536w, https:\/\/rothschenk.de\/wp-content\/uploads\/2024\/03\/lkw-mit-container-von-hinten-fotografiert-mit-ctu-bezeichnungen-rothschenk-600x450.jpg 600w, https:\/\/rothschenk.de\/wp-content\/uploads\/2024\/03\/lkw-mit-container-von-hinten-fotografiert-mit-ctu-bezeichnungen-rothschenk.jpg 2048w\" sizes=\"(max-width: 300px) 100vw, 300px\" \/><button\n\t\t\tclass=\"lightbox-trigger\"\n\t\t\ttype=\"button\"\n\t\t\taria-haspopup=\"dialog\"\n\t\t\taria-label=\"Zv\u011bt\u0161it\"\n\t\t\tdata-wp-init=\"callbacks.initTriggerButton\"\n\t\t\tdata-wp-on--click=\"actions.showLightbox\"\n\t\t\tdata-wp-style--right=\"state.imageButtonRight\"\n\t\t\tdata-wp-style--top=\"state.imageButtonTop\"\n\t\t>\n\t\t\t<svg xmlns=\"http:\/\/www.w3.org\/2000\/svg\" width=\"12\" height=\"12\" fill=\"none\" viewBox=\"0 0 12 12\">\n\t\t\t\t<path fill=\"#fff\" d=\"M2 0a2 2 0 0 0-2 2v2h1.5V2a.5.5 0 0 1 .5-.5h2V0H2Zm2 10.5H2a.5.5 0 0 1-.5-.5V8H0v2a2 2 0 0 0 2 2h2v-1.5ZM8 12v-1.5h2a.5.5 0 0 0 .5-.5V8H12v2a2 2 0 0 1-2 2H8Zm2-12a2 2 0 0 1 2 2v2h-1.5V2a.5.5 0 0 0-.5-.5H8V0h2Z\" \/>\n\t\t\t<\/svg>\n\t\t<\/button><\/figure>\n<\/div>\n<\/div>\n\n<div style=\"height:35px\" aria-hidden=\"true\" class=\"wp-block-spacer\"><\/div>\n\n<div class=\"wp-block-columns is-layout-flex wp-container-core-columns-is-layout-28f84493 wp-block-columns-is-layout-flex\">\n<div class=\"wp-block-column is-vertically-aligned-center is-layout-flow wp-block-column-is-layout-flow\" style=\"flex-basis:75%\">\n<h3 class=\"wp-block-heading\">Ozna\u010dov\u00e1n\u00ed<\/h3>\n\n\n\n<p>\u00dapln\u00e9 ozna\u010den\u00ed z obr\u00e1zku je: <strong>HJC U 192271 3<\/strong><\/p>\n\n\n\n<p>Za prv\u00e9 je zde k\u00f3d vlastn\u00edka<strong>&#8222;HJCU&#8220;<\/strong>. P\u00edsmena HJC znamenaj\u00ed Hanjin, zat\u00edmco p\u00edsmeno<strong>&#8222;U&#8220;<\/strong>(k\u00f3d skupiny v\u00fdrobk\u016f) znamen\u00e1 Unit, a proto se objevuje ve v\u0161ech k\u00f3dech vlastn\u00edk\u016f v kontejnerov\u00e9m sektoru.  <\/p>\n<\/div>\n\n\n\n<div class=\"wp-block-column is-layout-flow wp-block-column-is-layout-flow\">\n<figure data-wp-context=\"{&quot;imageId&quot;:&quot;69f0ae8b06040&quot;}\" data-wp-interactive=\"core\/image\" data-wp-key=\"69f0ae8b06040\" class=\"wp-block-image size-full wp-lightbox-container\"><img decoding=\"async\" width=\"499\" height=\"241\" data-wp-class--hide=\"state.isContentHidden\" data-wp-class--show=\"state.isContentVisible\" data-wp-init=\"callbacks.setButtonStyles\" data-wp-on--click=\"actions.showLightbox\" data-wp-on--load=\"callbacks.setButtonStyles\" data-wp-on-window--resize=\"callbacks.setButtonStyles\" src=\"https:\/\/rothschenk.de\/wp-content\/uploads\/2024\/03\/lkw-mit-container-von-hinten-fotografiert-mit-ctu-bezeichnungen-detailaufnahme-rothschenk.jpg.png\" alt=\"\" class=\"wp-image-143988\" srcset=\"https:\/\/rothschenk.de\/wp-content\/uploads\/2024\/03\/lkw-mit-container-von-hinten-fotografiert-mit-ctu-bezeichnungen-detailaufnahme-rothschenk.jpg.png 499w, https:\/\/rothschenk.de\/wp-content\/uploads\/2024\/03\/lkw-mit-container-von-hinten-fotografiert-mit-ctu-bezeichnungen-detailaufnahme-rothschenk.jpg-300x145.png 300w\" sizes=\"(max-width: 499px) 100vw, 499px\" \/><button\n\t\t\tclass=\"lightbox-trigger\"\n\t\t\ttype=\"button\"\n\t\t\taria-haspopup=\"dialog\"\n\t\t\taria-label=\"Zv\u011bt\u0161it\"\n\t\t\tdata-wp-init=\"callbacks.initTriggerButton\"\n\t\t\tdata-wp-on--click=\"actions.showLightbox\"\n\t\t\tdata-wp-style--right=\"state.imageButtonRight\"\n\t\t\tdata-wp-style--top=\"state.imageButtonTop\"\n\t\t>\n\t\t\t<svg xmlns=\"http:\/\/www.w3.org\/2000\/svg\" width=\"12\" height=\"12\" fill=\"none\" viewBox=\"0 0 12 12\">\n\t\t\t\t<path fill=\"#fff\" d=\"M2 0a2 2 0 0 0-2 2v2h1.5V2a.5.5 0 0 1 .5-.5h2V0H2Zm2 10.5H2a.5.5 0 0 1-.5-.5V8H0v2a2 2 0 0 0 2 2h2v-1.5ZM8 12v-1.5h2a.5.5 0 0 0 .5-.5V8H12v2a2 2 0 0 1-2 2H8Zm2-12a2 2 0 0 1 2 2v2h-1.5V2a.5.5 0 0 0-.5-.5H8V0h2Z\" \/>\n\t\t\t<\/svg>\n\t\t<\/button><\/figure>\n<\/div>\n<\/div>\n\n<p>Samotn\u00e9 \u0161estim\u00edstn\u00e9 registra\u010dn\u00ed \u010d\u00edslo<strong>&#8222;192 271&#8220;<\/strong>nen\u00ed pro jednozna\u010dnou identifikaci dosta\u010duj\u00edc\u00ed. Skl\u00e1d\u00e1 se v\u017edy ze 6 \u010d\u00edslic a chyb\u011bj\u00edc\u00ed \u010d\u00edslice dopl\u0148uje vlastn\u00edk nulami. Rozd\u00edln\u00e1 <strong>trojka je <\/strong>kontroln\u00ed \u010d\u00edslice. Slou\u017e\u00ed ke kontrole spr\u00e1vnosti a v\u011brohodnosti \u00fadaj\u016f. Syst\u00e9my pro zpracov\u00e1n\u00ed dat maj\u00ed algoritmus, kter\u00fd p\u0159ev\u00e1d\u00ed informaci<strong>&#8222;HJC U 192271&#8220;<\/strong> a jako v\u00fdsledek <strong>z\u00edsk\u00e1v\u00e1 kontroln\u00ed \u010d\u00edslici 3 <\/strong>. Pokud v\u00fdsledek nen\u00ed &#8222;3&#8220;, pak mus\u00ed b\u00fdt informace\/sekvence nespr\u00e1vn\u00e1. Proto se doporu\u010duje p\u0159ijmout z\u00e1pis v notaci<strong>&#8222;HJCU 192 271 [3]&#8220;<\/strong>. To je d\u016fle\u017eit\u00e9, aby se p\u0159ede\u0161lo zdroj\u016fm chyb, zejm\u00e9na p\u0159i ru\u010dn\u00edm p\u0159enosu.       <\/p>\n\n<p>Krom\u011b identifika\u010dn\u00edho \u010d\u00edsla se v t\u00e9to oblasti nach\u00e1z\u00ed tak\u00e9 typov\u00e9 ozna\u010den\u00ed kontejneru. V p\u0159\u00edkladu je typov\u00e9 ozna\u010den\u00ed <strong>45G1 <\/strong>. N\u011bkte\u0159\u00ed v\u0161ak tento typ ozna\u010duj\u00ed jako 45&#8243; kontejner. To je nespr\u00e1vn\u00e9.  <\/p>\n\n<div style=\"height:35px\" aria-hidden=\"true\" class=\"wp-block-spacer\"><\/div>\n\n<div class=\"wp-block-columns is-layout-flex wp-container-core-columns-is-layout-28f84493 wp-block-columns-is-layout-flex\">\n<div class=\"wp-block-column is-vertically-aligned-center is-layout-flow wp-block-column-is-layout-flow\" style=\"flex-basis:75%\">\n<h3 class=\"wp-block-heading\">Ozna\u010den\u00ed typu<\/h3>\n\n\n\n<p>Ozna\u010den\u00ed typu je upraveno v norm\u011b ISO 6346 a skl\u00e1d\u00e1 se ze 3 prvk\u016f. Prvn\u00ed dv\u011b \u010d\u00edsla ozna\u010duj\u00ed d\u00e9lku a v\u00fd\u0161ku n\u00e1doby. Kombinace p\u00edsmen a \u010d\u00edsel ozna\u010duje zam\u00fd\u0161len\u00e9 pou\u017eit\u00ed.  <\/p>\n<\/div>\n\n\n\n<div class=\"wp-block-column is-layout-flow wp-block-column-is-layout-flow\">\n<figure data-wp-context=\"{&quot;imageId&quot;:&quot;69f0ae8b065bd&quot;}\" data-wp-interactive=\"core\/image\" data-wp-key=\"69f0ae8b065bd\" class=\"wp-block-image size-medium wp-lightbox-container\"><img decoding=\"async\" width=\"300\" height=\"166\" data-wp-class--hide=\"state.isContentHidden\" data-wp-class--show=\"state.isContentVisible\" data-wp-init=\"callbacks.setButtonStyles\" data-wp-on--click=\"actions.showLightbox\" data-wp-on--load=\"callbacks.setButtonStyles\" data-wp-on-window--resize=\"callbacks.setButtonStyles\" src=\"https:\/\/rothschenk.de\/wp-content\/uploads\/2024\/03\/container-erklaerung-typenbezeichnung-rothschenk-300x166.jpg\" alt=\"\" class=\"wp-image-143982\" srcset=\"https:\/\/rothschenk.de\/wp-content\/uploads\/2024\/03\/container-erklaerung-typenbezeichnung-rothschenk-300x166.jpg 300w, https:\/\/rothschenk.de\/wp-content\/uploads\/2024\/03\/container-erklaerung-typenbezeichnung-rothschenk-600x332.jpg 600w, https:\/\/rothschenk.de\/wp-content\/uploads\/2024\/03\/container-erklaerung-typenbezeichnung-rothschenk.jpg 607w\" sizes=\"(max-width: 300px) 100vw, 300px\" \/><button\n\t\t\tclass=\"lightbox-trigger\"\n\t\t\ttype=\"button\"\n\t\t\taria-haspopup=\"dialog\"\n\t\t\taria-label=\"Zv\u011bt\u0161it\"\n\t\t\tdata-wp-init=\"callbacks.initTriggerButton\"\n\t\t\tdata-wp-on--click=\"actions.showLightbox\"\n\t\t\tdata-wp-style--right=\"state.imageButtonRight\"\n\t\t\tdata-wp-style--top=\"state.imageButtonTop\"\n\t\t>\n\t\t\t<svg xmlns=\"http:\/\/www.w3.org\/2000\/svg\" width=\"12\" height=\"12\" fill=\"none\" viewBox=\"0 0 12 12\">\n\t\t\t\t<path fill=\"#fff\" d=\"M2 0a2 2 0 0 0-2 2v2h1.5V2a.5.5 0 0 1 .5-.5h2V0H2Zm2 10.5H2a.5.5 0 0 1-.5-.5V8H0v2a2 2 0 0 0 2 2h2v-1.5ZM8 12v-1.5h2a.5.5 0 0 0 .5-.5V8H12v2a2 2 0 0 1-2 2H8Zm2-12a2 2 0 0 1 2 2v2h-1.5V2a.5.5 0 0 0-.5-.5H8V0h2Z\" \/>\n\t\t\t<\/svg>\n\t\t<\/button><\/figure>\n<\/div>\n<\/div>\n\n<div class=\"wp-block-columns is-layout-flex wp-container-core-columns-is-layout-28f84493 wp-block-columns-is-layout-flex\">\n<div class=\"wp-block-column is-layout-flow wp-block-column-is-layout-flow\">\n<figure data-wp-context=\"{&quot;imageId&quot;:&quot;69f0ae8b06882&quot;}\" data-wp-interactive=\"core\/image\" data-wp-key=\"69f0ae8b06882\" class=\"wp-block-image size-medium wp-lightbox-container\"><img loading=\"lazy\" decoding=\"async\" width=\"300\" height=\"199\" data-wp-class--hide=\"state.isContentHidden\" data-wp-class--show=\"state.isContentVisible\" data-wp-init=\"callbacks.setButtonStyles\" data-wp-on--click=\"actions.showLightbox\" data-wp-on--load=\"callbacks.setButtonStyles\" data-wp-on-window--resize=\"callbacks.setButtonStyles\" src=\"https:\/\/rothschenk.de\/wp-content\/uploads\/2024\/03\/lueftungsoeffnungen-am-container-fuer-druckausgleich-detailaufnahme-rothschenk-300x199.jpg\" alt=\"\" class=\"wp-image-143994\" srcset=\"https:\/\/rothschenk.de\/wp-content\/uploads\/2024\/03\/lueftungsoeffnungen-am-container-fuer-druckausgleich-detailaufnahme-rothschenk-300x199.jpg 300w, https:\/\/rothschenk.de\/wp-content\/uploads\/2024\/03\/lueftungsoeffnungen-am-container-fuer-druckausgleich-detailaufnahme-rothschenk-1024x680.jpg 1024w, https:\/\/rothschenk.de\/wp-content\/uploads\/2024\/03\/lueftungsoeffnungen-am-container-fuer-druckausgleich-detailaufnahme-rothschenk-768x510.jpg 768w, https:\/\/rothschenk.de\/wp-content\/uploads\/2024\/03\/lueftungsoeffnungen-am-container-fuer-druckausgleich-detailaufnahme-rothschenk-1536x1019.jpg 1536w, https:\/\/rothschenk.de\/wp-content\/uploads\/2024\/03\/lueftungsoeffnungen-am-container-fuer-druckausgleich-detailaufnahme-rothschenk-2048x1359.jpg 2048w, https:\/\/rothschenk.de\/wp-content\/uploads\/2024\/03\/lueftungsoeffnungen-am-container-fuer-druckausgleich-detailaufnahme-rothschenk-600x398.jpg 600w\" sizes=\"(max-width: 300px) 100vw, 300px\" \/><button\n\t\t\tclass=\"lightbox-trigger\"\n\t\t\ttype=\"button\"\n\t\t\taria-haspopup=\"dialog\"\n\t\t\taria-label=\"Zv\u011bt\u0161it\"\n\t\t\tdata-wp-init=\"callbacks.initTriggerButton\"\n\t\t\tdata-wp-on--click=\"actions.showLightbox\"\n\t\t\tdata-wp-style--right=\"state.imageButtonRight\"\n\t\t\tdata-wp-style--top=\"state.imageButtonTop\"\n\t\t>\n\t\t\t<svg xmlns=\"http:\/\/www.w3.org\/2000\/svg\" width=\"12\" height=\"12\" fill=\"none\" viewBox=\"0 0 12 12\">\n\t\t\t\t<path fill=\"#fff\" d=\"M2 0a2 2 0 0 0-2 2v2h1.5V2a.5.5 0 0 1 .5-.5h2V0H2Zm2 10.5H2a.5.5 0 0 1-.5-.5V8H0v2a2 2 0 0 0 2 2h2v-1.5ZM8 12v-1.5h2a.5.5 0 0 0 .5-.5V8H12v2a2 2 0 0 1-2 2H8Zm2-12a2 2 0 0 1 2 2v2h-1.5V2a.5.5 0 0 0-.5-.5H8V0h2Z\" \/>\n\t\t\t<\/svg>\n\t\t<\/button><\/figure>\n<\/div>\n\n\n\n<div class=\"wp-block-column is-vertically-aligned-center is-layout-flow wp-block-column-is-layout-flow\" style=\"flex-basis:75%\">\n<p>Ozna\u010den\u00ed G1 znamen\u00e1 kontejner s <strong>pasivn\u00ed ventilac\u00ed<\/strong>. Tyto v\u011btrac\u00ed otvory t\u011bsn\u011b pod horn\u00edm bo\u010dn\u00edm prvkem v\u0161ak slou\u017e\u00ed p\u0159edev\u0161\u00edm k vyrovn\u00e1v\u00e1n\u00ed tlaku. <\/p>\n\n\n\n<p>Vnit\u0159n\u00ed teplota z\u00e1sobn\u00edku se m\u016f\u017ee p\u0159i vystaven\u00ed slune\u010dn\u00edmu z\u00e1\u0159en\u00ed v\u00fdrazn\u011b zv\u00fd\u0161it, co\u017e zp\u016fsob\u00ed rozp\u00edn\u00e1n\u00ed vzduchu a p\u0159etlakov\u00e1n\u00ed z\u00e1sobn\u00edku. Tomu zabra\u0148uj\u00ed otvory pro vyrovn\u00e1n\u00ed tlaku. Jejich funk\u010dnost je t\u0159eba zkontrolovat p\u0159i vstupn\u00ed kontrole zbo\u017e\u00ed.  <\/p>\n<\/div>\n<\/div>\n\n<div style=\"height:35px\" aria-hidden=\"true\" class=\"wp-block-spacer\"><\/div>\n\n<h3 class=\"wp-block-heading\">Na\u010d\u00edt\u00e1n\u00ed<\/h3>\n\n<p>Ve st\u0159edn\u00ed t\u0159etin\u011b prav\u00fdch dve\u0159\u00ed kontejneru jsou uvedeny d\u016fle\u017eit\u00e9 informace o n\u00e1kladu. Hmotnost je uvedena v americk\u00fdch libr\u00e1ch <strong>(1LB\/LBS=0<\/strong>,454 kg) a kilogramech<strong>(KG)<\/strong>. <\/p>\n\n<p>Maxim\u00e1ln\u00ed hmotnost<strong>(MAXGROSS)<\/strong> kontejneru je 32 500 kg nebo 71 650 LB.<\/p>\n\n<p>Vlastn\u00ed hmotnost<strong>(TARE)<\/strong>, tj. hmotnost v nenalo\u017een\u00e9m stavu, je 3 930 kg nebo 8 660 LB. Tento \u00fadaj je t\u0159eba pou\u017e\u00edt p\u0159i ur\u010dov\u00e1n\u00ed ov\u011b\u0159en\u00e9 celkov\u00e9 hmotnosti<strong>(VGM<\/strong>). Podrobnosti o ov\u011b\u0159en\u00e9 celkov\u00e9 hmotnosti<strong>(VGM)<\/strong> budou pops\u00e1ny v jednom z p\u0159\u00ed\u0161t\u00edch d\u00edl\u016f.  <\/p>\n\n<figure data-wp-context=\"{&quot;imageId&quot;:&quot;69f0ae8b06c5f&quot;}\" data-wp-interactive=\"core\/image\" data-wp-key=\"69f0ae8b06c5f\" class=\"wp-block-image size-full wp-lightbox-container\"><img loading=\"lazy\" decoding=\"async\" width=\"499\" height=\"196\" data-wp-class--hide=\"state.isContentHidden\" data-wp-class--show=\"state.isContentVisible\" data-wp-init=\"callbacks.setButtonStyles\" data-wp-on--click=\"actions.showLightbox\" data-wp-on--load=\"callbacks.setButtonStyles\" data-wp-on-window--resize=\"callbacks.setButtonStyles\" src=\"https:\/\/rothschenk.de\/wp-content\/uploads\/2024\/03\/container-beschriftung-tuere-zu-beladung-rothschenk.png\" alt=\"\" class=\"wp-image-143997\" srcset=\"https:\/\/rothschenk.de\/wp-content\/uploads\/2024\/03\/container-beschriftung-tuere-zu-beladung-rothschenk.png 499w, https:\/\/rothschenk.de\/wp-content\/uploads\/2024\/03\/container-beschriftung-tuere-zu-beladung-rothschenk-300x118.png 300w\" sizes=\"(max-width: 499px) 100vw, 499px\" \/><button\n\t\t\tclass=\"lightbox-trigger\"\n\t\t\ttype=\"button\"\n\t\t\taria-haspopup=\"dialog\"\n\t\t\taria-label=\"Zv\u011bt\u0161it\"\n\t\t\tdata-wp-init=\"callbacks.initTriggerButton\"\n\t\t\tdata-wp-on--click=\"actions.showLightbox\"\n\t\t\tdata-wp-style--right=\"state.imageButtonRight\"\n\t\t\tdata-wp-style--top=\"state.imageButtonTop\"\n\t\t>\n\t\t\t<svg xmlns=\"http:\/\/www.w3.org\/2000\/svg\" width=\"12\" height=\"12\" fill=\"none\" viewBox=\"0 0 12 12\">\n\t\t\t\t<path fill=\"#fff\" d=\"M2 0a2 2 0 0 0-2 2v2h1.5V2a.5.5 0 0 1 .5-.5h2V0H2Zm2 10.5H2a.5.5 0 0 1-.5-.5V8H0v2a2 2 0 0 0 2 2h2v-1.5ZM8 12v-1.5h2a.5.5 0 0 0 .5-.5V8H12v2a2 2 0 0 1-2 2H8Zm2-12a2 2 0 0 1 2 2v2h-1.5V2a.5.5 0 0 0-.5-.5H8V0h2Z\" \/>\n\t\t\t<\/svg>\n\t\t<\/button><\/figure>\n\n<p>To zahrnuje informace o u\u017eite\u010dn\u00e9m zat\u00ed\u017een\u00ed<strong>(PAYLOAD<\/strong>) a objemu<strong>(CUBE)<\/strong>. Kontejner je navr\u017een pro maxim\u00e1ln\u00ed u\u017eite\u010dn\u00e9 zat\u00ed\u017een\u00ed 28 570 kg a m\u00e1 objem<strong>(CUM)<\/strong> 76,4<sup>m3<\/sup>. P\u0159i nakl\u00e1d\u00e1n\u00ed kontejneru je v\u0161ak t\u0159eba vz\u00edt v \u00favahu, \u017ee celkov\u00e1 hmotnost p\u0159epravn\u00ed jednotky nesm\u00ed p\u0159ekro\u010dit 40 000 kg (40 t) nebo 44 000 kg (44 t) p\u0159i silni\u010dn\u00ed p\u0159eprav\u011b. To znamen\u00e1, \u017ee v z\u00e1vislosti na pohotovostn\u00ed hmotnosti p\u0159epravn\u00ed jednotky (taha\u010d + podvozek + t\u00e1ra kontejneru) m\u016f\u017ee b\u00fdt nalo\u017eeno mnohem m\u00e9n\u011b kilogram\u016f, ne\u017e je uvedeno na dve\u0159\u00edch kontejneru.   <\/p>\n\n<div style=\"height:35px\" aria-hidden=\"true\" class=\"wp-block-spacer\"><\/div>\n\n<h3 class=\"wp-block-heading\">Odznak CSC<\/h3>\n\n<div class=\"wp-block-columns is-layout-flex wp-container-core-columns-is-layout-28f84493 wp-block-columns-is-layout-flex\">\n<div class=\"wp-block-column is-vertically-aligned-center is-layout-flow wp-block-column-is-layout-flow\" style=\"flex-basis:75%\">\n<p>Takzvan\u00fd \u0161t\u00edtek CSC se nach\u00e1z\u00ed ve spodn\u00ed t\u0159etin\u011b lev\u00fdch nebo n\u011bkdy tak\u00e9 prav\u00fdch dve\u0159\u00ed kontejneru. Tento \u0161t\u00edtek mus\u00ed b\u00fdt p\u0159i p\u0159eprav\u011b po mo\u0159i p\u0159\u00edtomen. Jedn\u00e1 se tedy o nejd\u016fle\u017eit\u011bj\u0161\u00ed bod p\u0159i vstupn\u00ed kontrole ze strany odes\u00edlatele\/bal\u00edrny. Pokud tento \u0161t\u00edtek chyb\u00ed, kontejner nesm\u00ed b\u00fdt nalo\u017een.   <\/p>\n<\/div>\n\n\n\n<div class=\"wp-block-column is-layout-flow wp-block-column-is-layout-flow\">\n<figure data-wp-context=\"{&quot;imageId&quot;:&quot;69f0ae8b0707d&quot;}\" data-wp-interactive=\"core\/image\" data-wp-key=\"69f0ae8b0707d\" class=\"wp-block-image size-medium wp-lightbox-container\"><img loading=\"lazy\" decoding=\"async\" width=\"300\" height=\"114\" data-wp-class--hide=\"state.isContentHidden\" data-wp-class--show=\"state.isContentVisible\" data-wp-init=\"callbacks.setButtonStyles\" data-wp-on--click=\"actions.showLightbox\" data-wp-on--load=\"callbacks.setButtonStyles\" data-wp-on-window--resize=\"callbacks.setButtonStyles\" src=\"https:\/\/rothschenk.de\/wp-content\/uploads\/2024\/03\/container-csc-plakette-beschriftung-tuere-rothschenk-300x114.png\" alt=\"\" class=\"wp-image-143979\" srcset=\"https:\/\/rothschenk.de\/wp-content\/uploads\/2024\/03\/container-csc-plakette-beschriftung-tuere-rothschenk-300x114.png 300w, https:\/\/rothschenk.de\/wp-content\/uploads\/2024\/03\/container-csc-plakette-beschriftung-tuere-rothschenk.png 499w\" sizes=\"(max-width: 300px) 100vw, 300px\" \/><button\n\t\t\tclass=\"lightbox-trigger\"\n\t\t\ttype=\"button\"\n\t\t\taria-haspopup=\"dialog\"\n\t\t\taria-label=\"Zv\u011bt\u0161it\"\n\t\t\tdata-wp-init=\"callbacks.initTriggerButton\"\n\t\t\tdata-wp-on--click=\"actions.showLightbox\"\n\t\t\tdata-wp-style--right=\"state.imageButtonRight\"\n\t\t\tdata-wp-style--top=\"state.imageButtonTop\"\n\t\t>\n\t\t\t<svg xmlns=\"http:\/\/www.w3.org\/2000\/svg\" width=\"12\" height=\"12\" fill=\"none\" viewBox=\"0 0 12 12\">\n\t\t\t\t<path fill=\"#fff\" d=\"M2 0a2 2 0 0 0-2 2v2h1.5V2a.5.5 0 0 1 .5-.5h2V0H2Zm2 10.5H2a.5.5 0 0 1-.5-.5V8H0v2a2 2 0 0 0 2 2h2v-1.5ZM8 12v-1.5h2a.5.5 0 0 0 .5-.5V8H12v2a2 2 0 0 1-2 2H8Zm2-12a2 2 0 0 1 2 2v2h-1.5V2a.5.5 0 0 0-.5-.5H8V0h2Z\" \/>\n\t\t\t<\/svg>\n\t\t<\/button><\/figure>\n<\/div>\n<\/div>\n\n<div class=\"wp-block-columns is-layout-flex wp-container-core-columns-is-layout-28f84493 wp-block-columns-is-layout-flex\">\n<div class=\"wp-block-column is-layout-flow wp-block-column-is-layout-flow\">\n<figure data-wp-context=\"{&quot;imageId&quot;:&quot;69f0ae8b0732f&quot;}\" data-wp-interactive=\"core\/image\" data-wp-key=\"69f0ae8b0732f\" class=\"wp-block-image size-medium wp-lightbox-container\"><img loading=\"lazy\" decoding=\"async\" width=\"300\" height=\"195\" data-wp-class--hide=\"state.isContentHidden\" data-wp-class--show=\"state.isContentVisible\" data-wp-init=\"callbacks.setButtonStyles\" data-wp-on--click=\"actions.showLightbox\" data-wp-on--load=\"callbacks.setButtonStyles\" data-wp-on-window--resize=\"callbacks.setButtonStyles\" src=\"https:\/\/rothschenk.de\/wp-content\/uploads\/2024\/03\/container-csc-plakette-beschriftung-tuere-detail-rothschenk-300x195.jpg\" alt=\"\" class=\"wp-image-143973\" srcset=\"https:\/\/rothschenk.de\/wp-content\/uploads\/2024\/03\/container-csc-plakette-beschriftung-tuere-detail-rothschenk-300x195.jpg 300w, https:\/\/rothschenk.de\/wp-content\/uploads\/2024\/03\/container-csc-plakette-beschriftung-tuere-detail-rothschenk-768x498.jpg 768w, https:\/\/rothschenk.de\/wp-content\/uploads\/2024\/03\/container-csc-plakette-beschriftung-tuere-detail-rothschenk-600x389.jpg 600w, https:\/\/rothschenk.de\/wp-content\/uploads\/2024\/03\/container-csc-plakette-beschriftung-tuere-detail-rothschenk.jpg 808w\" sizes=\"(max-width: 300px) 100vw, 300px\" \/><button\n\t\t\tclass=\"lightbox-trigger\"\n\t\t\ttype=\"button\"\n\t\t\taria-haspopup=\"dialog\"\n\t\t\taria-label=\"Zv\u011bt\u0161it\"\n\t\t\tdata-wp-init=\"callbacks.initTriggerButton\"\n\t\t\tdata-wp-on--click=\"actions.showLightbox\"\n\t\t\tdata-wp-style--right=\"state.imageButtonRight\"\n\t\t\tdata-wp-style--top=\"state.imageButtonTop\"\n\t\t>\n\t\t\t<svg xmlns=\"http:\/\/www.w3.org\/2000\/svg\" width=\"12\" height=\"12\" fill=\"none\" viewBox=\"0 0 12 12\">\n\t\t\t\t<path fill=\"#fff\" d=\"M2 0a2 2 0 0 0-2 2v2h1.5V2a.5.5 0 0 1 .5-.5h2V0H2Zm2 10.5H2a.5.5 0 0 1-.5-.5V8H0v2a2 2 0 0 0 2 2h2v-1.5ZM8 12v-1.5h2a.5.5 0 0 0 .5-.5V8H12v2a2 2 0 0 1-2 2H8Zm2-12a2 2 0 0 1 2 2v2h-1.5V2a.5.5 0 0 0-.5-.5H8V0h2Z\" \/>\n\t\t\t<\/svg>\n\t\t<\/button><\/figure>\n<\/div>\n\n\n\n<div class=\"wp-block-column is-vertically-aligned-center is-layout-flow wp-block-column-is-layout-flow\" style=\"flex-basis:75%\">\n<p>Uv\u00e1d\u00ed, zda byl kontejner zkontrolov\u00e1n vlastn\u00edkem v souladu s CSC<strong>(Convetion for Save Containers)<\/strong> a zda je vhodn\u00fd a povolen\u00fd pro n\u00e1mo\u0159n\u00ed p\u0159epravu. Na tomto \u0161t\u00edtku je uvedeno datum uveden\u00ed do provozu<strong>(DATE MANUFACTURED<\/strong>) 7\/2006. <\/p>\n<\/div>\n<\/div>\n\n<p>Prvn\u00ed zku\u0161ebn\u00ed cyklus trv\u00e1 5 let, tj. 7\/2011. Ka\u017ed\u00fd dal\u0161\u00ed zku\u0161ebn\u00ed cyklus se zkracuje na maxim\u00e1ln\u011b 30 m\u011bs\u00edc\u016f (2,5 roku). Datum dal\u0161\u00edho testu tedy mus\u00ed b\u00fdt &#8222;1\/2014&#8220;. Mus\u00ed v\u0161ak v\u017edy n\u00e1sledovat po p\u0159edpokl\u00e1dan\u00e9m konci cesty. Pokud tomu tak nen\u00ed, nesm\u00ed b\u00fdt kontejner nalo\u017een.    <\/p>\n\n<div class=\"wp-block-columns is-layout-flex wp-container-core-columns-is-layout-28f84493 wp-block-columns-is-layout-flex\">\n<div class=\"wp-block-column is-vertically-aligned-center is-layout-flow wp-block-column-is-layout-flow\" style=\"flex-basis:75%\">\n<p>Tato zkou\u0161ka CSC m\u016f\u017ee b\u00fdt p\u0159ekryta takzvan\u00fdm pravidlem ACEP<strong>(Approved<\/strong> <strong>Continuous<\/strong> <strong>Examination<\/strong> <strong>Programme<\/strong>). To znamen\u00e1, \u017ee vlastn\u00edk zajist\u00ed, aby frekvence prohl\u00eddek byla zpravidla 30 m\u011bs\u00edc\u016f. Jeho registra\u010dn\u00ed \u010d\u00edslo pro tento program je vyj\u00e1d\u0159eno p\u00edsmenn\u00fdm\/\u010d\u00edseln\u00fdm k\u00f3dem <strong>I\/RI 99\/CS\/118\/TO<\/strong>.  <\/p>\n<\/div>\n\n\n\n<div class=\"wp-block-column is-layout-flow wp-block-column-is-layout-flow\">\n<figure data-wp-context=\"{&quot;imageId&quot;:&quot;69f0ae8b07704&quot;}\" data-wp-interactive=\"core\/image\" data-wp-key=\"69f0ae8b07704\" class=\"wp-block-image size-medium wp-lightbox-container\"><img loading=\"lazy\" decoding=\"async\" width=\"300\" height=\"153\" data-wp-class--hide=\"state.isContentHidden\" data-wp-class--show=\"state.isContentVisible\" data-wp-init=\"callbacks.setButtonStyles\" data-wp-on--click=\"actions.showLightbox\" data-wp-on--load=\"callbacks.setButtonStyles\" data-wp-on-window--resize=\"callbacks.setButtonStyles\" src=\"https:\/\/rothschenk.de\/wp-content\/uploads\/2024\/03\/container-csc-plakette-beschriftung-tuere-detail-naechste-pruefung-rothschenk-300x153.png\" alt=\"\" class=\"wp-image-143970\" srcset=\"https:\/\/rothschenk.de\/wp-content\/uploads\/2024\/03\/container-csc-plakette-beschriftung-tuere-detail-naechste-pruefung-rothschenk-300x153.png 300w, https:\/\/rothschenk.de\/wp-content\/uploads\/2024\/03\/container-csc-plakette-beschriftung-tuere-detail-naechste-pruefung-rothschenk.png 385w\" sizes=\"(max-width: 300px) 100vw, 300px\" \/><button\n\t\t\tclass=\"lightbox-trigger\"\n\t\t\ttype=\"button\"\n\t\t\taria-haspopup=\"dialog\"\n\t\t\taria-label=\"Zv\u011bt\u0161it\"\n\t\t\tdata-wp-init=\"callbacks.initTriggerButton\"\n\t\t\tdata-wp-on--click=\"actions.showLightbox\"\n\t\t\tdata-wp-style--right=\"state.imageButtonRight\"\n\t\t\tdata-wp-style--top=\"state.imageButtonTop\"\n\t\t>\n\t\t\t<svg xmlns=\"http:\/\/www.w3.org\/2000\/svg\" width=\"12\" height=\"12\" fill=\"none\" viewBox=\"0 0 12 12\">\n\t\t\t\t<path fill=\"#fff\" d=\"M2 0a2 2 0 0 0-2 2v2h1.5V2a.5.5 0 0 1 .5-.5h2V0H2Zm2 10.5H2a.5.5 0 0 1-.5-.5V8H0v2a2 2 0 0 0 2 2h2v-1.5ZM8 12v-1.5h2a.5.5 0 0 0 .5-.5V8H12v2a2 2 0 0 1-2 2H8Zm2-12a2 2 0 0 1 2 2v2h-1.5V2a.5.5 0 0 0-.5-.5H8V0h2Z\" \/>\n\t\t\t<\/svg>\n\t\t<\/button><\/figure>\n<\/div>\n<\/div>\n\n<div class=\"wp-block-group is-vertical is-layout-flex wp-container-core-group-is-layout-fe9cc265 wp-block-group-is-layout-flex\">\n<p>U jin\u00e9ho registra\u010dn\u00edho org\u00e1nu se m\u016f\u017ee li\u0161it. Nap\u0159\u00edklad pro Hapag-Lloyd ACEP-D-HH-3, pokud m\u00e1 kontejner jedno z t\u011bchto ozna\u010den\u00ed ACEP, datum kontroly ji\u017e nen\u00ed vy\u017eadov\u00e1no. <\/p>\n\n\n\n<p>Dve\u0159e kontejneru maj\u00ed dal\u0161\u00ed technick\u00e9 \u00fadaje, kter\u00e9 je t\u0159eba dodr\u017eet nebo zkontrolovat p\u0159i kontrole p\u0159\u00edchoz\u00edho zbo\u017e\u00ed. Zejm\u00e9na se zam\u011b\u0159en\u00edm na n\u00e1lepku CSC a kontrolu ACEP. A to bude p\u0159edm\u011btem p\u0159\u00ed\u0161t\u00edho d\u00edlu.  <\/p>\n\n\n\n<p>V\u00e1\u0161, Sigurd Ehringer<\/p>\n<\/div>\n\n<div style=\"height:50px\" aria-hidden=\"true\" class=\"wp-block-spacer\"><\/div>\n\n<div class=\"wp-block-columns is-layout-flex wp-container-core-columns-is-layout-28f84493 wp-block-columns-is-layout-flex\">\n<div class=\"wp-block-column is-layout-flow wp-block-column-is-layout-flow\"><\/div>\n\n\n\n<div class=\"wp-block-column is-layout-flow wp-block-column-is-layout-flow\">\n<p class=\"has-text-align-right\">Dal\u0161\u00ed \u010dl\u00e1nek &gt;&gt; <br\/><a href=\"https:\/\/rothschenk.de\/csc-plakette-und-acep-erklaerung-der-abkuerzungen-und-inspektionskriterien\/\"> 2. d\u00edl: Odznak CSC a ACEP &#8211; vysv\u011btlen\u00ed zkratek a kontroln\u00edch krit\u00e9ri\u00ed<\/a><\/p>\n<\/div>\n<\/div>\n\n<div class=\"wp-block-columns alignfull are-vertically-aligned-center has-background is-layout-flex wp-container-core-columns-is-layout-28f84493 wp-block-columns-is-layout-flex\" style=\"background-color:#516062\">\n<div class=\"wp-block-column blog_autor_zusatz is-layout-flow wp-block-column-is-layout-flow\" style=\"flex-basis:10vw\"><\/div>\n\n\n\n<div class=\"wp-block-column is-vertically-aligned-center is-layout-flow wp-block-column-is-layout-flow\" style=\"flex-basis:20%\">\n<figure class=\"wp-block-image aligncenter size-large is-resized is-style-rounded\"><img loading=\"lazy\" decoding=\"async\" width=\"1024\" height=\"1024\" src=\"https:\/\/rothschenk.de\/wp-content\/uploads\/2024\/02\/sigurd-ehringer-ladungssicherung-ausbilder-und-berater-1024x1024.jpg\" alt=\"\" class=\"wp-image-143199\" style=\"width:150px\" srcset=\"https:\/\/rothschenk.de\/wp-content\/uploads\/2024\/02\/sigurd-ehringer-ladungssicherung-ausbilder-und-berater-1024x1024.jpg 1024w, https:\/\/rothschenk.de\/wp-content\/uploads\/2024\/02\/sigurd-ehringer-ladungssicherung-ausbilder-und-berater-300x300.jpg 300w, https:\/\/rothschenk.de\/wp-content\/uploads\/2024\/02\/sigurd-ehringer-ladungssicherung-ausbilder-und-berater-150x150.jpg 150w, https:\/\/rothschenk.de\/wp-content\/uploads\/2024\/02\/sigurd-ehringer-ladungssicherung-ausbilder-und-berater-768x767.jpg 768w, https:\/\/rothschenk.de\/wp-content\/uploads\/2024\/02\/sigurd-ehringer-ladungssicherung-ausbilder-und-berater-600x600.jpg 600w, https:\/\/rothschenk.de\/wp-content\/uploads\/2024\/02\/sigurd-ehringer-ladungssicherung-ausbilder-und-berater-100x100.jpg 100w, https:\/\/rothschenk.de\/wp-content\/uploads\/2024\/02\/sigurd-ehringer-ladungssicherung-ausbilder-und-berater.jpg 1500w\" sizes=\"(max-width: 1024px) 100vw, 1024px\" \/><\/figure>\n<\/div>\n\n\n\n<div class=\"wp-block-column is-vertically-aligned-center is-layout-flow wp-block-column-is-layout-flow\"><div class=\"wp-block-post-author\"><div class=\"wp-block-post-author__content\"><p class=\"wp-block-post-author__name\">Sigurd Ehringer<\/p><p class=\"wp-block-post-author__bio\">\u2714 VDI-zertifizierter Ausbilder f\u00fcr Ladungssicherung\r\n\u2714 Fachbuch-Autor\r\n\u2714 8 Jahre Projektmanager\r\n\u2714 12 Jahre bei der Bundeswehr (Kompaniechef)\r\n\u2714 20 Jahre Vertriebserfahrung\r\n\u2714 seit 1996 Berater\/Ausbilder in der Logistik\r\n\u2714 44 Jahre Ausbilder\/Trainer in verschiedenen Bereichen &#8212;&gt;\r\n\r\nIn einer Reihe von Fachbeitr\u00e4gen aus der Praxis, zu Themen rund um den Container und LKW, erhalten Sie Profiwissen aus erster Hand. Wie sichert man Ladung korrekt und was sind die Grundlagen der Ladungssicherung?\r\nErarbeitet und vorgestellt werden sie von Sigurd Ehringer, Inhaber von <a href=\"http:\/\/www.se-logcon.de\/\">SE-LogCon<\/a>.<\/p><\/div><\/div><\/div>\n\n\n\n<div class=\"wp-block-column blog_autor_zusatz is-layout-flow wp-block-column-is-layout-flow\" style=\"flex-basis:10vw\"><\/div>\n<\/div>\n","protected":false},"excerpt":{"rendered":"<p>Kontejnery jsou jedn\u00edm z nejb\u011b\u017en\u011bj\u0161\u00edch dopravn\u00edch prost\u0159edk\u016f, a proto jich na silnic\u00edch potk\u00e1te mnoho, obvykle zezadu. Na zadn\u00edch dve\u0159\u00edch je mnoho informac\u00ed, kter\u00e9 jsou velmi d\u016fle\u017eit\u00e9 pro ty, kte\u0159\u00ed mus\u00ed kontejnery nakl\u00e1dat. V tomto d\u00edle bych proto r\u00e1d vysv\u011btlil jejich ozna\u010dov\u00e1n\u00ed a v\u00fdznam. Zadn\u00ed dve\u0159e Logo vlastn\u00edka kontejner\u016f, spole\u010dnosti Hanjin, a jej\u00ed webov\u00e9 str\u00e1nky najdete [&hellip;]<\/p>\n","protected":false},"author":1536,"featured_media":0,"comment_status":"open","ping_status":"closed","sticky":false,"template":"","format":"standard","meta":{"_acf_changed":false,"footnotes":""},"categories":[864,916],"tags":[],"class_list":["post-681702","post","type-post","status-publish","format-standard","hentry","category-cargo-blog-cs","category-kontejner"],"acf":[],"yoast_head":"<!-- This site is optimized with the Yoast SEO plugin v27.4 - https:\/\/yoast.com\/product\/yoast-seo-wordpress\/ -->\n<title>Identifikace kontejner\u016f: Ozna\u010dov\u00e1n\u00ed a jeho v\u00fdznam - Rothschenk<\/title>\n<meta name=\"description\" content=\"Identifikace kontejneru \u27a4 Technick\u00fd \u010dl\u00e1nek o n\u00e1lepce CSC \u2713 Ozna\u010den\u00ed CTU \u2713 Typov\u00e9 ozna\u010den\u00ed \u2713 P\u0159edstavil odborn\u00edk LaSi Sigurd Ehringer\" \/>\n<meta name=\"robots\" content=\"index, follow, max-snippet:-1, max-image-preview:large, max-video-preview:-1\" \/>\n<link rel=\"canonical\" href=\"https:\/\/rothschenk.de\/cz\/epizoda-1-identifikace-kontejneru-co-znamena-oznaceni-na-dverich-kontejneru\/\" \/>\n<meta property=\"og:locale\" content=\"cs_CZ\" \/>\n<meta property=\"og:type\" content=\"article\" \/>\n<meta property=\"og:title\" content=\"Identifikace kontejner\u016f: Ozna\u010dov\u00e1n\u00ed a jeho v\u00fdznam - Rothschenk\" \/>\n<meta property=\"og:description\" content=\"Identifikace kontejneru \u27a4 Technick\u00fd \u010dl\u00e1nek o n\u00e1lepce CSC \u2713 Ozna\u010den\u00ed CTU \u2713 Typov\u00e9 ozna\u010den\u00ed \u2713 P\u0159edstavil odborn\u00edk LaSi Sigurd Ehringer\" \/>\n<meta property=\"og:url\" content=\"https:\/\/rothschenk.de\/cz\/epizoda-1-identifikace-kontejneru-co-znamena-oznaceni-na-dverich-kontejneru\/\" \/>\n<meta property=\"og:site_name\" content=\"Rothschenk\" \/>\n<meta property=\"article:publisher\" content=\"https:\/\/de-de.facebook.com\/FirmaRothschenk\/\" \/>\n<meta property=\"article:published_time\" content=\"2021-02-20T12:56:00+00:00\" \/>\n<meta property=\"article:modified_time\" content=\"2025-06-30T15:09:12+00:00\" \/>\n<meta property=\"og:image\" content=\"https:\/\/rothschenk.de\/wp-content\/uploads\/2024\/03\/lkw-mit-container-von-hinten-fotografiert-mit-ctu-bezeichnungen-rothschenk.jpg\" \/>\n\t<meta property=\"og:image:width\" content=\"2048\" \/>\n\t<meta property=\"og:image:height\" content=\"1536\" \/>\n\t<meta property=\"og:image:type\" content=\"image\/jpeg\" \/>\n<meta name=\"author\" content=\"Sigurd Ehringer\" \/>\n<meta name=\"twitter:card\" content=\"summary_large_image\" \/>\n<meta name=\"twitter:label1\" content=\"Napsal(a)\" \/>\n\t<meta name=\"twitter:data1\" content=\"Sigurd Ehringer\" \/>\n\t<meta name=\"twitter:label2\" content=\"Odhadovan\u00e1 doba \u010dten\u00ed\" \/>\n\t<meta name=\"twitter:data2\" content=\"5 minut\" \/>\n<script type=\"application\/ld+json\" class=\"yoast-schema-graph\">{\"@context\":\"https:\\\/\\\/schema.org\",\"@graph\":[{\"@type\":\"Article\",\"@id\":\"https:\\\/\\\/rothschenk.de\\\/cz\\\/epizoda-1-identifikace-kontejneru-co-znamena-oznaceni-na-dverich-kontejneru\\\/#article\",\"isPartOf\":{\"@id\":\"https:\\\/\\\/rothschenk.de\\\/cz\\\/epizoda-1-identifikace-kontejneru-co-znamena-oznaceni-na-dverich-kontejneru\\\/\"},\"author\":{\"name\":\"Sigurd Ehringer\",\"@id\":\"https:\\\/\\\/rothschenk.de\\\/cz\\\/#\\\/schema\\\/person\\\/8878c3ce4ac9607e11b12c500ead07e8\"},\"headline\":\"Epizoda 1: Identifikace kontejneru &#8211; Co znamen\u00e1 ozna\u010den\u00ed na dve\u0159\u00edch kontejneru?\",\"datePublished\":\"2021-02-20T12:56:00+00:00\",\"dateModified\":\"2025-06-30T15:09:12+00:00\",\"mainEntityOfPage\":{\"@id\":\"https:\\\/\\\/rothschenk.de\\\/cz\\\/epizoda-1-identifikace-kontejneru-co-znamena-oznaceni-na-dverich-kontejneru\\\/\"},\"wordCount\":999,\"commentCount\":0,\"image\":{\"@id\":\"https:\\\/\\\/rothschenk.de\\\/cz\\\/epizoda-1-identifikace-kontejneru-co-znamena-oznaceni-na-dverich-kontejneru\\\/#primaryimage\"},\"thumbnailUrl\":\"https:\\\/\\\/rothschenk.de\\\/wp-content\\\/uploads\\\/2024\\\/03\\\/lkw-mit-container-von-hinten-fotografiert-mit-ctu-bezeichnungen-rothschenk-300x225.jpg\",\"articleSection\":[\"Cargo Blog\",\"Kontejner\"],\"inLanguage\":\"cs\",\"potentialAction\":[{\"@type\":\"CommentAction\",\"name\":\"Comment\",\"target\":[\"https:\\\/\\\/rothschenk.de\\\/cz\\\/epizoda-1-identifikace-kontejneru-co-znamena-oznaceni-na-dverich-kontejneru\\\/#respond\"]}]},{\"@type\":\"WebPage\",\"@id\":\"https:\\\/\\\/rothschenk.de\\\/cz\\\/epizoda-1-identifikace-kontejneru-co-znamena-oznaceni-na-dverich-kontejneru\\\/\",\"url\":\"https:\\\/\\\/rothschenk.de\\\/cz\\\/epizoda-1-identifikace-kontejneru-co-znamena-oznaceni-na-dverich-kontejneru\\\/\",\"name\":\"Identifikace kontejner\u016f: Ozna\u010dov\u00e1n\u00ed a jeho v\u00fdznam - Rothschenk\",\"isPartOf\":{\"@id\":\"https:\\\/\\\/rothschenk.de\\\/cz\\\/#website\"},\"primaryImageOfPage\":{\"@id\":\"https:\\\/\\\/rothschenk.de\\\/cz\\\/epizoda-1-identifikace-kontejneru-co-znamena-oznaceni-na-dverich-kontejneru\\\/#primaryimage\"},\"image\":{\"@id\":\"https:\\\/\\\/rothschenk.de\\\/cz\\\/epizoda-1-identifikace-kontejneru-co-znamena-oznaceni-na-dverich-kontejneru\\\/#primaryimage\"},\"thumbnailUrl\":\"https:\\\/\\\/rothschenk.de\\\/wp-content\\\/uploads\\\/2024\\\/03\\\/lkw-mit-container-von-hinten-fotografiert-mit-ctu-bezeichnungen-rothschenk-300x225.jpg\",\"datePublished\":\"2021-02-20T12:56:00+00:00\",\"dateModified\":\"2025-06-30T15:09:12+00:00\",\"author\":{\"@id\":\"https:\\\/\\\/rothschenk.de\\\/cz\\\/#\\\/schema\\\/person\\\/8878c3ce4ac9607e11b12c500ead07e8\"},\"description\":\"Identifikace kontejneru \u27a4 Technick\u00fd \u010dl\u00e1nek o n\u00e1lepce CSC \u2713 Ozna\u010den\u00ed CTU \u2713 Typov\u00e9 ozna\u010den\u00ed \u2713 P\u0159edstavil odborn\u00edk LaSi Sigurd Ehringer\",\"breadcrumb\":{\"@id\":\"https:\\\/\\\/rothschenk.de\\\/cz\\\/epizoda-1-identifikace-kontejneru-co-znamena-oznaceni-na-dverich-kontejneru\\\/#breadcrumb\"},\"inLanguage\":\"cs\",\"potentialAction\":[{\"@type\":\"ReadAction\",\"target\":[\"https:\\\/\\\/rothschenk.de\\\/cz\\\/epizoda-1-identifikace-kontejneru-co-znamena-oznaceni-na-dverich-kontejneru\\\/\"]}]},{\"@type\":\"ImageObject\",\"inLanguage\":\"cs\",\"@id\":\"https:\\\/\\\/rothschenk.de\\\/cz\\\/epizoda-1-identifikace-kontejneru-co-znamena-oznaceni-na-dverich-kontejneru\\\/#primaryimage\",\"url\":\"https:\\\/\\\/rothschenk.de\\\/wp-content\\\/uploads\\\/2024\\\/03\\\/lkw-mit-container-von-hinten-fotografiert-mit-ctu-bezeichnungen-rothschenk-300x225.jpg\",\"contentUrl\":\"https:\\\/\\\/rothschenk.de\\\/wp-content\\\/uploads\\\/2024\\\/03\\\/lkw-mit-container-von-hinten-fotografiert-mit-ctu-bezeichnungen-rothschenk-300x225.jpg\"},{\"@type\":\"BreadcrumbList\",\"@id\":\"https:\\\/\\\/rothschenk.de\\\/cz\\\/epizoda-1-identifikace-kontejneru-co-znamena-oznaceni-na-dverich-kontejneru\\\/#breadcrumb\",\"itemListElement\":[{\"@type\":\"ListItem\",\"position\":1,\"name\":\"Domovsk\u00e1 str\u00e1nka\",\"item\":\"https:\\\/\\\/rothschenk.de\\\/cz\\\/domovska-stranka\\\/\"},{\"@type\":\"ListItem\",\"position\":2,\"name\":\"Epizoda 1: Identifikace kontejneru &#8211; Co znamen\u00e1 ozna\u010den\u00ed na dve\u0159\u00edch kontejneru?\"}]},{\"@type\":\"WebSite\",\"@id\":\"https:\\\/\\\/rothschenk.de\\\/cz\\\/#website\",\"url\":\"https:\\\/\\\/rothschenk.de\\\/cz\\\/\",\"name\":\"Rothschenk - Der Online Shop f\u00fcr Ladungssicherung\",\"description\":\"Der Online Shop f\u00fcr Ladungssicherung\",\"potentialAction\":[{\"@type\":\"SearchAction\",\"target\":{\"@type\":\"EntryPoint\",\"urlTemplate\":\"https:\\\/\\\/rothschenk.de\\\/cz\\\/?s={search_term_string}\"},\"query-input\":{\"@type\":\"PropertyValueSpecification\",\"valueRequired\":true,\"valueName\":\"search_term_string\"}}],\"inLanguage\":\"cs\"},{\"@type\":\"Person\",\"@id\":\"https:\\\/\\\/rothschenk.de\\\/cz\\\/#\\\/schema\\\/person\\\/8878c3ce4ac9607e11b12c500ead07e8\",\"name\":\"Sigurd Ehringer\",\"image\":{\"@type\":\"ImageObject\",\"inLanguage\":\"cs\",\"@id\":\"https:\\\/\\\/rothschenk.de\\\/wp-content\\\/uploads\\\/2024\\\/02\\\/sigurd-ehringer-ladungssicherung-ausbilder-und-berater-96x96.jpg\",\"url\":\"https:\\\/\\\/rothschenk.de\\\/wp-content\\\/uploads\\\/2024\\\/02\\\/sigurd-ehringer-ladungssicherung-ausbilder-und-berater-96x96.jpg\",\"contentUrl\":\"https:\\\/\\\/rothschenk.de\\\/wp-content\\\/uploads\\\/2024\\\/02\\\/sigurd-ehringer-ladungssicherung-ausbilder-und-berater-96x96.jpg\",\"caption\":\"Sigurd Ehringer\"},\"description\":\"\u2714 VDI-zertifizierter Ausbilder f\u00fcr Ladungssicherung \u2714 Fachbuch-Autor \u2714 8 Jahre Projektmanager \u2714 12 Jahre bei der Bundeswehr (Kompaniechef) \u2714 20 Jahre Vertriebserfahrung \u2714 seit 1996 Berater\\\/Ausbilder in der Logistik \u2714 44 Jahre Ausbilder\\\/Trainer in verschiedenen Bereichen ---&gt; In einer Reihe von Fachbeitr\u00e4gen aus der Praxis, zu Themen rund um den Container und LKW, erhalten Sie Profiwissen aus erster Hand. Wie sichert man Ladung korrekt und was sind die Grundlagen der Ladungssicherung? Erarbeitet und vorgestellt werden sie von Sigurd Ehringer, Inhaber von SE-LogCon.\",\"url\":\"https:\\\/\\\/rothschenk.de\\\/cz\\\/author\\\/sigurd-ehringer\\\/\"}]}<\/script>\n<!-- \/ Yoast SEO plugin. -->","yoast_head_json":{"title":"Identifikace kontejner\u016f: Ozna\u010dov\u00e1n\u00ed a jeho v\u00fdznam - Rothschenk","description":"Identifikace kontejneru \u27a4 Technick\u00fd \u010dl\u00e1nek o n\u00e1lepce CSC \u2713 Ozna\u010den\u00ed CTU \u2713 Typov\u00e9 ozna\u010den\u00ed \u2713 P\u0159edstavil odborn\u00edk LaSi Sigurd Ehringer","robots":{"index":"index","follow":"follow","max-snippet":"max-snippet:-1","max-image-preview":"max-image-preview:large","max-video-preview":"max-video-preview:-1"},"canonical":"https:\/\/rothschenk.de\/cz\/epizoda-1-identifikace-kontejneru-co-znamena-oznaceni-na-dverich-kontejneru\/","og_locale":"cs_CZ","og_type":"article","og_title":"Identifikace kontejner\u016f: Ozna\u010dov\u00e1n\u00ed a jeho v\u00fdznam - Rothschenk","og_description":"Identifikace kontejneru \u27a4 Technick\u00fd \u010dl\u00e1nek o n\u00e1lepce CSC \u2713 Ozna\u010den\u00ed CTU \u2713 Typov\u00e9 ozna\u010den\u00ed \u2713 P\u0159edstavil odborn\u00edk LaSi Sigurd Ehringer","og_url":"https:\/\/rothschenk.de\/cz\/epizoda-1-identifikace-kontejneru-co-znamena-oznaceni-na-dverich-kontejneru\/","og_site_name":"Rothschenk","article_publisher":"https:\/\/de-de.facebook.com\/FirmaRothschenk\/","article_published_time":"2021-02-20T12:56:00+00:00","article_modified_time":"2025-06-30T15:09:12+00:00","og_image":[{"width":2048,"height":1536,"url":"https:\/\/rothschenk.de\/wp-content\/uploads\/2024\/03\/lkw-mit-container-von-hinten-fotografiert-mit-ctu-bezeichnungen-rothschenk.jpg","type":"image\/jpeg"}],"author":"Sigurd Ehringer","twitter_card":"summary_large_image","twitter_misc":{"Napsal(a)":"Sigurd Ehringer","Odhadovan\u00e1 doba \u010dten\u00ed":"5 minut"},"schema":{"@context":"https:\/\/schema.org","@graph":[{"@type":"Article","@id":"https:\/\/rothschenk.de\/cz\/epizoda-1-identifikace-kontejneru-co-znamena-oznaceni-na-dverich-kontejneru\/#article","isPartOf":{"@id":"https:\/\/rothschenk.de\/cz\/epizoda-1-identifikace-kontejneru-co-znamena-oznaceni-na-dverich-kontejneru\/"},"author":{"name":"Sigurd Ehringer","@id":"https:\/\/rothschenk.de\/cz\/#\/schema\/person\/8878c3ce4ac9607e11b12c500ead07e8"},"headline":"Epizoda 1: Identifikace kontejneru &#8211; Co znamen\u00e1 ozna\u010den\u00ed na dve\u0159\u00edch kontejneru?","datePublished":"2021-02-20T12:56:00+00:00","dateModified":"2025-06-30T15:09:12+00:00","mainEntityOfPage":{"@id":"https:\/\/rothschenk.de\/cz\/epizoda-1-identifikace-kontejneru-co-znamena-oznaceni-na-dverich-kontejneru\/"},"wordCount":999,"commentCount":0,"image":{"@id":"https:\/\/rothschenk.de\/cz\/epizoda-1-identifikace-kontejneru-co-znamena-oznaceni-na-dverich-kontejneru\/#primaryimage"},"thumbnailUrl":"https:\/\/rothschenk.de\/wp-content\/uploads\/2024\/03\/lkw-mit-container-von-hinten-fotografiert-mit-ctu-bezeichnungen-rothschenk-300x225.jpg","articleSection":["Cargo Blog","Kontejner"],"inLanguage":"cs","potentialAction":[{"@type":"CommentAction","name":"Comment","target":["https:\/\/rothschenk.de\/cz\/epizoda-1-identifikace-kontejneru-co-znamena-oznaceni-na-dverich-kontejneru\/#respond"]}]},{"@type":"WebPage","@id":"https:\/\/rothschenk.de\/cz\/epizoda-1-identifikace-kontejneru-co-znamena-oznaceni-na-dverich-kontejneru\/","url":"https:\/\/rothschenk.de\/cz\/epizoda-1-identifikace-kontejneru-co-znamena-oznaceni-na-dverich-kontejneru\/","name":"Identifikace kontejner\u016f: Ozna\u010dov\u00e1n\u00ed a jeho v\u00fdznam - Rothschenk","isPartOf":{"@id":"https:\/\/rothschenk.de\/cz\/#website"},"primaryImageOfPage":{"@id":"https:\/\/rothschenk.de\/cz\/epizoda-1-identifikace-kontejneru-co-znamena-oznaceni-na-dverich-kontejneru\/#primaryimage"},"image":{"@id":"https:\/\/rothschenk.de\/cz\/epizoda-1-identifikace-kontejneru-co-znamena-oznaceni-na-dverich-kontejneru\/#primaryimage"},"thumbnailUrl":"https:\/\/rothschenk.de\/wp-content\/uploads\/2024\/03\/lkw-mit-container-von-hinten-fotografiert-mit-ctu-bezeichnungen-rothschenk-300x225.jpg","datePublished":"2021-02-20T12:56:00+00:00","dateModified":"2025-06-30T15:09:12+00:00","author":{"@id":"https:\/\/rothschenk.de\/cz\/#\/schema\/person\/8878c3ce4ac9607e11b12c500ead07e8"},"description":"Identifikace kontejneru \u27a4 Technick\u00fd \u010dl\u00e1nek o n\u00e1lepce CSC \u2713 Ozna\u010den\u00ed CTU \u2713 Typov\u00e9 ozna\u010den\u00ed \u2713 P\u0159edstavil odborn\u00edk LaSi Sigurd Ehringer","breadcrumb":{"@id":"https:\/\/rothschenk.de\/cz\/epizoda-1-identifikace-kontejneru-co-znamena-oznaceni-na-dverich-kontejneru\/#breadcrumb"},"inLanguage":"cs","potentialAction":[{"@type":"ReadAction","target":["https:\/\/rothschenk.de\/cz\/epizoda-1-identifikace-kontejneru-co-znamena-oznaceni-na-dverich-kontejneru\/"]}]},{"@type":"ImageObject","inLanguage":"cs","@id":"https:\/\/rothschenk.de\/cz\/epizoda-1-identifikace-kontejneru-co-znamena-oznaceni-na-dverich-kontejneru\/#primaryimage","url":"https:\/\/rothschenk.de\/wp-content\/uploads\/2024\/03\/lkw-mit-container-von-hinten-fotografiert-mit-ctu-bezeichnungen-rothschenk-300x225.jpg","contentUrl":"https:\/\/rothschenk.de\/wp-content\/uploads\/2024\/03\/lkw-mit-container-von-hinten-fotografiert-mit-ctu-bezeichnungen-rothschenk-300x225.jpg"},{"@type":"BreadcrumbList","@id":"https:\/\/rothschenk.de\/cz\/epizoda-1-identifikace-kontejneru-co-znamena-oznaceni-na-dverich-kontejneru\/#breadcrumb","itemListElement":[{"@type":"ListItem","position":1,"name":"Domovsk\u00e1 str\u00e1nka","item":"https:\/\/rothschenk.de\/cz\/domovska-stranka\/"},{"@type":"ListItem","position":2,"name":"Epizoda 1: Identifikace kontejneru &#8211; Co znamen\u00e1 ozna\u010den\u00ed na dve\u0159\u00edch kontejneru?"}]},{"@type":"WebSite","@id":"https:\/\/rothschenk.de\/cz\/#website","url":"https:\/\/rothschenk.de\/cz\/","name":"Rothschenk - Der Online Shop f\u00fcr Ladungssicherung","description":"Der Online Shop f\u00fcr Ladungssicherung","potentialAction":[{"@type":"SearchAction","target":{"@type":"EntryPoint","urlTemplate":"https:\/\/rothschenk.de\/cz\/?s={search_term_string}"},"query-input":{"@type":"PropertyValueSpecification","valueRequired":true,"valueName":"search_term_string"}}],"inLanguage":"cs"},{"@type":"Person","@id":"https:\/\/rothschenk.de\/cz\/#\/schema\/person\/8878c3ce4ac9607e11b12c500ead07e8","name":"Sigurd Ehringer","image":{"@type":"ImageObject","inLanguage":"cs","@id":"https:\/\/rothschenk.de\/wp-content\/uploads\/2024\/02\/sigurd-ehringer-ladungssicherung-ausbilder-und-berater-96x96.jpg","url":"https:\/\/rothschenk.de\/wp-content\/uploads\/2024\/02\/sigurd-ehringer-ladungssicherung-ausbilder-und-berater-96x96.jpg","contentUrl":"https:\/\/rothschenk.de\/wp-content\/uploads\/2024\/02\/sigurd-ehringer-ladungssicherung-ausbilder-und-berater-96x96.jpg","caption":"Sigurd Ehringer"},"description":"\u2714 VDI-zertifizierter Ausbilder f\u00fcr Ladungssicherung \u2714 Fachbuch-Autor \u2714 8 Jahre Projektmanager \u2714 12 Jahre bei der Bundeswehr (Kompaniechef) \u2714 20 Jahre Vertriebserfahrung \u2714 seit 1996 Berater\/Ausbilder in der Logistik \u2714 44 Jahre Ausbilder\/Trainer in verschiedenen Bereichen ---&gt; In einer Reihe von Fachbeitr\u00e4gen aus der Praxis, zu Themen rund um den Container und LKW, erhalten Sie Profiwissen aus erster Hand. Wie sichert man Ladung korrekt und was sind die Grundlagen der Ladungssicherung? Erarbeitet und vorgestellt werden sie von Sigurd Ehringer, Inhaber von SE-LogCon.","url":"https:\/\/rothschenk.de\/cz\/author\/sigurd-ehringer\/"}]}},"_links":{"self":[{"href":"https:\/\/rothschenk.de\/cz\/wp-json\/wp\/v2\/posts\/681702","targetHints":{"allow":["GET"]}}],"collection":[{"href":"https:\/\/rothschenk.de\/cz\/wp-json\/wp\/v2\/posts"}],"about":[{"href":"https:\/\/rothschenk.de\/cz\/wp-json\/wp\/v2\/types\/post"}],"author":[{"embeddable":true,"href":"https:\/\/rothschenk.de\/cz\/wp-json\/wp\/v2\/users\/1536"}],"replies":[{"embeddable":true,"href":"https:\/\/rothschenk.de\/cz\/wp-json\/wp\/v2\/comments?post=681702"}],"version-history":[{"count":1,"href":"https:\/\/rothschenk.de\/cz\/wp-json\/wp\/v2\/posts\/681702\/revisions"}],"predecessor-version":[{"id":681705,"href":"https:\/\/rothschenk.de\/cz\/wp-json\/wp\/v2\/posts\/681702\/revisions\/681705"}],"wp:attachment":[{"href":"https:\/\/rothschenk.de\/cz\/wp-json\/wp\/v2\/media?parent=681702"}],"wp:term":[{"taxonomy":"category","embeddable":true,"href":"https:\/\/rothschenk.de\/cz\/wp-json\/wp\/v2\/categories?post=681702"},{"taxonomy":"post_tag","embeddable":true,"href":"https:\/\/rothschenk.de\/cz\/wp-json\/wp\/v2\/tags?post=681702"}],"curies":[{"name":"wp","href":"https:\/\/api.w.org\/{rel}","templated":true}]}}