{"id":734124,"date":"2025-06-11T10:15:23","date_gmt":"2025-06-11T08:15:23","guid":{"rendered":"https:\/\/rothschenk.de\/epizoda-57-vzduchove-vaky-v-nakladnich-vozidlech-spravna-aplikace\/"},"modified":"2025-07-28T16:22:49","modified_gmt":"2025-07-28T14:22:49","slug":"epizoda-57-vzduchove-vaky-v-nakladnich-vozidlech-spravna-aplikace","status":"publish","type":"post","link":"https:\/\/rothschenk.de\/cz\/epizoda-57-vzduchove-vaky-v-nakladnich-vozidlech-spravna-aplikace\/","title":{"rendered":"Epizoda 57: Vzduchov\u00e9 vaky v n\u00e1kladn\u00edch vozidlech &#8211; spr\u00e1vn\u00e1 aplikace"},"content":{"rendered":"\n<div style=\"height:30px\" aria-hidden=\"true\" class=\"wp-block-spacer\"><\/div>\n\n<h2 class=\"wp-block-heading\"><strong>Co \u0159\u00edk\u00e1 kodex \u010cT\u00da?<\/strong><\/h2>\n\n<p>Pou\u017e\u00edv\u00e1n\u00ed vzduchov\u00fdch vak\u016f v kontejnerech je b\u011b\u017enou metodou a stalo se ned\u00edlnou sou\u010d\u00e1st\u00ed reperto\u00e1ru zaji\u0161\u0165ovac\u00edch metod.<\/p>\n\n<p>Kodex CTU v\u011bnuje celou kapitolu v p\u0159\u00edloze 4 dodatku 7 vzduchov\u00fdm vak\u016fm a odkazuje v\u00fdhradn\u011b na n\u00e1mo\u0159n\u00ed kontejnery, p\u0159i\u010dem\u017e n\u00e1kladn\u00ed automobily zcela opom\u00edj\u00ed. Zd\u00e1 se proto vhodn\u00e9 osv\u011btlit toto t\u00e9ma a vysv\u011btlit jeho v\u00fdhody a rizika. Rovn\u011b\u017e je t\u0159eba odk\u00e1zat na <a href=\"https:\/\/rothschenk.de\/cz\/epizoda-48-vypocet-vzduchovy-vak-podle-zbozi-co-je-spravne\/\">odd\u00edl 48 &#8222;Nakl\u00e1d\u00e1n\u00ed vzduchov\u00fdch vak\u016f&#8220;.<\/a>   <\/p>\n\n<div style=\"height:26px\" aria-hidden=\"true\" class=\"wp-block-spacer\"><\/div>\n\n<h3 class=\"wp-block-heading\"><strong>Obecn\u00e9 informace<\/strong><\/h3>\n\n<p>Obecn\u011b se vzduchov\u00e9 vaky pou\u017e\u00edvaj\u00ed k uzav\u0159en\u00ed existuj\u00edc\u00edch mezer mezi n\u00e1kladov\u00fdmi jednotkami a k nep\u0159eru\u0161ovan\u00e9mu p\u0159enosu v\u00fdsledn\u00fdch zrychluj\u00edc\u00edch sil n\u00e1kladu na pevn\u00e9 n\u00e1stavby dopravn\u00edho prost\u0159edku.<br \/>Pro pou\u017eit\u00ed je d\u016fle\u017eit\u00e9 v\u011bd\u011bt, \u017ee vzduchov\u00fd vak m\u016f\u017ee absorbovat a p\u0159en\u00e1\u0161et vznikaj\u00edc\u00ed s\u00edly pouze na velk\u00e9 plo\u0161e.<br \/><br \/>Nejprve n\u011bkolik z\u00e1kladn\u00edch pozn\u00e1mek k pozitivn\u00edmu blokov\u00e1n\u00ed, proto\u017ee v komunit\u011b u\u017eivatel\u016f se o n\u011bm \u010dasto diskutuje r\u016fzn\u00fdmi zp\u016fsoby. Term\u00edn t\u011bsn\u00e9 ulo\u017een\u00ed poch\u00e1z\u00ed z techniky spoj\u016f a znamen\u00e1 pevn\u00e9, nikoli voln\u011b pohybliv\u00e9 spojen\u00ed dvou sou\u010d\u00e1st\u00ed. V oblasti zaji\u0161\u0165ov\u00e1n\u00ed b\u0159emen se term\u00edn t\u011bsn\u00e9 ulo\u017een\u00ed pou\u017e\u00edv\u00e1 tehdy, kdy\u017e je b\u0159emeno ulo\u017eeno tak, \u017ee nevznikaj\u00ed \u017e\u00e1dn\u00e9 mezery v\u016f\u010di nosn\u00fdm konstrukc\u00edm.    <br \/><br \/>Odborn\u00edci z praxe v\u011bd\u00ed, \u017ee se mezer\u00e1m nelze vyhnout, ale jak velk\u00e9 mohou b\u00fdt? Proto p\u0159edpisy povoluj\u00ed ur\u010ditou nekritickou \u010d\u00e1stku mezery v z\u00e1vislosti na dopravn\u00edm prost\u0159edku. U n\u00e1kladn\u00edch vozidel to lze zn\u00e1zornit na n\u00e1sleduj\u00edc\u00edch sch\u00e9matech.  <\/p>\n\n<div style=\"height:26px\" aria-hidden=\"true\" class=\"wp-block-spacer\"><\/div>\n\n<div class=\"wp-block-columns is-layout-flex wp-container-core-columns-is-layout-28f84493 wp-block-columns-is-layout-flex\">\n<div class=\"wp-block-column is-layout-flow wp-block-column-is-layout-flow\" style=\"flex-basis:50%\">\n<figure data-wp-context=\"{&quot;imageId&quot;:&quot;69f1cd21e3587&quot;}\" data-wp-interactive=\"core\/image\" data-wp-key=\"69f1cd21e3587\" class=\"wp-block-image aligncenter size-full wp-lightbox-container\"><img fetchpriority=\"high\" decoding=\"async\" width=\"397\" height=\"529\" data-wp-class--hide=\"state.isContentHidden\" data-wp-class--show=\"state.isContentVisible\" data-wp-init=\"callbacks.setButtonStyles\" data-wp-on--click=\"actions.showLightbox\" data-wp-on--load=\"callbacks.setButtonStyles\" data-wp-on-window--resize=\"callbacks.setButtonStyles\" src=\"https:\/\/rothschenk.de\/wp-content\/uploads\/2025\/07\/Stellschema-edited.jpeg\" alt=\"\" class=\"wp-image-733702\" style=\"object-fit:cover\" srcset=\"https:\/\/rothschenk.de\/wp-content\/uploads\/2025\/07\/Stellschema-edited.jpeg 397w, https:\/\/rothschenk.de\/wp-content\/uploads\/2025\/07\/Stellschema-edited-225x300.jpeg 225w\" sizes=\"(max-width: 397px) 100vw, 397px\" \/><button\n\t\t\tclass=\"lightbox-trigger\"\n\t\t\ttype=\"button\"\n\t\t\taria-haspopup=\"dialog\"\n\t\t\taria-label=\"Zv\u011bt\u0161it\"\n\t\t\tdata-wp-init=\"callbacks.initTriggerButton\"\n\t\t\tdata-wp-on--click=\"actions.showLightbox\"\n\t\t\tdata-wp-style--right=\"state.imageButtonRight\"\n\t\t\tdata-wp-style--top=\"state.imageButtonTop\"\n\t\t>\n\t\t\t<svg xmlns=\"http:\/\/www.w3.org\/2000\/svg\" width=\"12\" height=\"12\" fill=\"none\" viewBox=\"0 0 12 12\">\n\t\t\t\t<path fill=\"#fff\" d=\"M2 0a2 2 0 0 0-2 2v2h1.5V2a.5.5 0 0 1 .5-.5h2V0H2Zm2 10.5H2a.5.5 0 0 1-.5-.5V8H0v2a2 2 0 0 0 2 2h2v-1.5ZM8 12v-1.5h2a.5.5 0 0 0 .5-.5V8H12v2a2 2 0 0 1-2 2H8Zm2-12a2 2 0 0 1 2 2v2h-1.5V2a.5.5 0 0 0-.5-.5H8V0h2Z\" \/>\n\t\t\t<\/svg>\n\t\t<\/button><\/figure>\n<\/div>\n\n\n\n<div class=\"wp-block-column is-layout-flow wp-block-column-is-layout-flow\" style=\"flex-basis:50%\">\n<p>Rozm\u011bry dopravn\u00edch prost\u0159edk\u016f v Evrop\u011b vych\u00e1zej\u00ed z rozm\u011br\u016f europalet. O t\u011bsn\u00e9m ulo\u017een\u00ed m\u016f\u017eeme hovo\u0159it, pokud jsou na n\u00e1kladn\u00edm vozidle ulo\u017eeny dv\u011b europalety p\u0159\u00ed\u010dn\u011b nebo t\u0159i pod\u00e9ln\u011b.   <\/p>\n\n\n\n<p>Sou\u010det p\u0159\u00edpustn\u00fdch mezer je roven rozd\u00edlu mezi vnit\u0159n\u00ed lo\u017enou \u0161\u00ed\u0159kou karoserie a 2,40 metru.<\/p>\n\n\n\n<p><br \/>P\u0159\u00edklad: 2,45 m &#8211; 2,40 m = 0,05 m = 5 cm.<\/p>\n<\/div>\n<\/div>\n\n<div class=\"wp-block-columns is-layout-flex wp-container-core-columns-is-layout-28f84493 wp-block-columns-is-layout-flex\">\n<div class=\"wp-block-column is-layout-flow wp-block-column-is-layout-flow\" style=\"flex-basis:50%\">\n<figure data-wp-context=\"{&quot;imageId&quot;:&quot;69f1cd21e41e0&quot;}\" data-wp-interactive=\"core\/image\" data-wp-key=\"69f1cd21e41e0\" class=\"wp-block-image aligncenter size-full wp-lightbox-container\"><img decoding=\"async\" width=\"422\" height=\"587\" data-wp-class--hide=\"state.isContentHidden\" data-wp-class--show=\"state.isContentVisible\" data-wp-init=\"callbacks.setButtonStyles\" data-wp-on--click=\"actions.showLightbox\" data-wp-on--load=\"callbacks.setButtonStyles\" data-wp-on-window--resize=\"callbacks.setButtonStyles\" src=\"https:\/\/rothschenk.de\/wp-content\/uploads\/2025\/06\/Stellschema-quer-und-laengs-entstehende-Luecken-Rothschenk.jpeg\" alt=\"Polohovac&#xED; sch&#xE9;ma-p&#x159;&#xED;&#x10D;n&#xE9; a pod&#xE9;ln&#x11B; vznikaj&#xED;c&#xED; mezery-Rothschenk\" class=\"wp-image-733948\" style=\"object-fit:cover\" srcset=\"https:\/\/rothschenk.de\/wp-content\/uploads\/2025\/06\/Stellschema-quer-und-laengs-entstehende-Luecken-Rothschenk.jpeg 422w, https:\/\/rothschenk.de\/wp-content\/uploads\/2025\/06\/Stellschema-quer-und-laengs-entstehende-Luecken-Rothschenk-216x300.jpeg 216w\" sizes=\"(max-width: 422px) 100vw, 422px\" \/><button\n\t\t\tclass=\"lightbox-trigger\"\n\t\t\ttype=\"button\"\n\t\t\taria-haspopup=\"dialog\"\n\t\t\taria-label=\"Zv\u011bt\u0161it\"\n\t\t\tdata-wp-init=\"callbacks.initTriggerButton\"\n\t\t\tdata-wp-on--click=\"actions.showLightbox\"\n\t\t\tdata-wp-style--right=\"state.imageButtonRight\"\n\t\t\tdata-wp-style--top=\"state.imageButtonTop\"\n\t\t>\n\t\t\t<svg xmlns=\"http:\/\/www.w3.org\/2000\/svg\" width=\"12\" height=\"12\" fill=\"none\" viewBox=\"0 0 12 12\">\n\t\t\t\t<path fill=\"#fff\" d=\"M2 0a2 2 0 0 0-2 2v2h1.5V2a.5.5 0 0 1 .5-.5h2V0H2Zm2 10.5H2a.5.5 0 0 1-.5-.5V8H0v2a2 2 0 0 0 2 2h2v-1.5ZM8 12v-1.5h2a.5.5 0 0 0 .5-.5V8H12v2a2 2 0 0 1-2 2H8Zm2-12a2 2 0 0 1 2 2v2h-1.5V2a.5.5 0 0 0-.5-.5H8V0h2Z\" \/>\n\t\t\t<\/svg>\n\t\t<\/button><\/figure>\n<\/div>\n\n\n\n<div class=\"wp-block-column is-layout-flow wp-block-column-is-layout-flow\" style=\"flex-basis:50%\">\n<p>P\u0159i bli\u017e\u0161\u00edm pohledu zjist\u00edte, \u017ee v z\u00e1vislosti na typu p\u0159et\u00ed\u017een\u00ed jsou zde 3 nebo 5 mezer.  <\/p>\n\n\n\n<p>To znamen\u00e1, \u017ee v\u00fd\u0161e vypo\u010dten\u00e1 celkov\u00e1 mezera se op\u011bt rozd\u011bl\u00ed na 3 mezery = 1,6 cm nebo<br \/>na 5 mezer = 1 cm. <br \/><br \/>To v\u0161e je velmi sportovn\u00ed a teoretick\u00e9, ale v podstat\u011b spr\u00e1vn\u00e9.<\/p>\n<\/div>\n<\/div>\n\n<div class=\"wp-block-columns is-layout-flex wp-container-core-columns-is-layout-28f84493 wp-block-columns-is-layout-flex\">\n<div class=\"wp-block-column is-layout-flow wp-block-column-is-layout-flow\" style=\"flex-basis:50%\">\n<figure data-wp-context=\"{&quot;imageId&quot;:&quot;69f1cd21e4766&quot;}\" data-wp-interactive=\"core\/image\" data-wp-key=\"69f1cd21e4766\" class=\"wp-block-image aligncenter size-full wp-lightbox-container\"><img decoding=\"async\" width=\"422\" height=\"527\" data-wp-class--hide=\"state.isContentHidden\" data-wp-class--show=\"state.isContentVisible\" data-wp-init=\"callbacks.setButtonStyles\" data-wp-on--click=\"actions.showLightbox\" data-wp-on--load=\"callbacks.setButtonStyles\" data-wp-on-window--resize=\"callbacks.setButtonStyles\" src=\"https:\/\/rothschenk.de\/wp-content\/uploads\/2025\/06\/Stellschema-quer-und-laengs-entstehende-Luecken-Rothschenk2.jpeg\" alt=\"Polohov&#xE9; sch&#xE9;ma-p&#x159;&#xED;&#x10D;n&#xE9; a pod&#xE9;ln&#xE9; prota&#x17E;en&#xED; mezer-Rothschenk2\" class=\"wp-image-733954\" style=\"object-fit:cover\" srcset=\"https:\/\/rothschenk.de\/wp-content\/uploads\/2025\/06\/Stellschema-quer-und-laengs-entstehende-Luecken-Rothschenk2.jpeg 422w, https:\/\/rothschenk.de\/wp-content\/uploads\/2025\/06\/Stellschema-quer-und-laengs-entstehende-Luecken-Rothschenk2-240x300.jpeg 240w\" sizes=\"(max-width: 422px) 100vw, 422px\" \/><button\n\t\t\tclass=\"lightbox-trigger\"\n\t\t\ttype=\"button\"\n\t\t\taria-haspopup=\"dialog\"\n\t\t\taria-label=\"Zv\u011bt\u0161it\"\n\t\t\tdata-wp-init=\"callbacks.initTriggerButton\"\n\t\t\tdata-wp-on--click=\"actions.showLightbox\"\n\t\t\tdata-wp-style--right=\"state.imageButtonRight\"\n\t\t\tdata-wp-style--top=\"state.imageButtonTop\"\n\t\t>\n\t\t\t<svg xmlns=\"http:\/\/www.w3.org\/2000\/svg\" width=\"12\" height=\"12\" fill=\"none\" viewBox=\"0 0 12 12\">\n\t\t\t\t<path fill=\"#fff\" d=\"M2 0a2 2 0 0 0-2 2v2h1.5V2a.5.5 0 0 1 .5-.5h2V0H2Zm2 10.5H2a.5.5 0 0 1-.5-.5V8H0v2a2 2 0 0 0 2 2h2v-1.5ZM8 12v-1.5h2a.5.5 0 0 0 .5-.5V8H12v2a2 2 0 0 1-2 2H8Zm2-12a2 2 0 0 1 2 2v2h-1.5V2a.5.5 0 0 0-.5-.5H8V0h2Z\" \/>\n\t\t\t<\/svg>\n\t\t<\/button><\/figure>\n<\/div>\n\n\n\n<div class=\"wp-block-column is-layout-flow wp-block-column-is-layout-flow\" style=\"flex-basis:50%\">\n<p>V\u011bt\u0161ina v\u00fdrobc\u016f n\u00e1v\u011bs\u016f povoluje maxim\u00e1ln\u00ed mezeru 15 cm sm\u011brem dozadu.   <\/p>\n\n\n\n<p>Ve specifick\u00fdch p\u0159\u00edpadech je t\u0159eba nahl\u00e9dnout do osv\u011bd\u010den\u00ed org\u00e1nu, aby bylo mo\u017en\u00e9 z\u00edskat p\u0159esn\u00e9 informace.<\/p>\n<\/div>\n<\/div>\n\n<p>Hlavn\u00edm probl\u00e9mem jsou v\u0161ak n\u00e1kladov\u00e9 jednotky, proto\u017ee v mnoha p\u0159\u00edpadech nejsou zabaleny tak, aby tvo\u0159ily blok o z\u00e1kladn\u00edch rozm\u011brech 1,2 m x 0,8 m. \u010casto jsou nadm\u011brn\u011b nebo nedostate\u010dn\u011b postaven\u00e9, maj\u00ed mezery mezi jednotliv\u00fdmi obaly nebo se z jin\u00fdch d\u016fvod\u016f nevejdou t\u011bsn\u011b do dopravn\u00edho prost\u0159edku.   <\/p>\n\n<p>Chemick\u00e9 palety \u0159ady CP se li\u0161\u00ed od rozm\u011br\u016f Euro, s v\u00fdjimkou palety CP-2. Krom\u011b europalet existuje mnoho dal\u0161\u00edch variant, nemluv\u011b o speci\u00e1ln\u00edch palet\u00e1ch. <\/p>\n\n<p>Pr\u00e1v\u011b v t\u011bchto situac\u00edch by mohly b\u00fdt vzduchov\u00e9 vaky \u0159e\u0161en\u00edm. Samoz\u0159ejm\u011b je t\u0159eba vz\u00edt v \u00favahu n\u011bkolik okrajov\u00fdch podm\u00ednek. <\/p>\n\n<ol class=\"wp-block-list\">\n<li>Vzduchov\u00e9 vaky se mohou pru\u017en\u011b p\u0159izp\u016fsobit nerovn\u00e9mu povrchu, ale tento povrch mus\u00ed b\u00fdt statick\u00fd. Pokud se n\u00e1kladov\u00e1 jednotka p\u0159i pln\u011bn\u00ed dun\u00e1\u017en\u00edho pytle poddaj\u00ed nebo se vych\u00fdl\u00ed, nemohou dun\u00e1\u017en\u00ed pytle plnit sv\u016fj \u00fa\u010del a nemohou zabr\u00e1nit pohybu n\u00e1kladu. <\/li>\n\n\n\n<li>Pokud je pro nakl\u00e1dku k dispozici n\u00e1kladn\u00ed automobil s plachtovou n\u00e1stavbou, lze vzduchov\u00e9 vaky um\u00edstit pouze mezi n\u00e1kladov\u00e9 jednotky. Nikoli v\u0161ak mezi n\u00e1klad a plachtu, proto\u017ee ta povoluje. V p\u0159\u00edpad\u011b sk\u0159\u00ed\u0148ov\u00e9 n\u00e1stavby by to nebylo kritick\u00e9.  <\/li>\n\n\n\n<li>V\u017edy je tak\u00e9 t\u0159eba db\u00e1t na to, aby se vzduchov\u00e9 vaky netiskly k ostr\u00fdm hran\u00e1m. Mimo\u0159\u00e1dnou pozornost je t\u0159eba v\u011bnovat tak\u00e9 po\u0161kozen\u00fdm palet\u00e1m, aby nedo\u0161lo k po\u0161kozen\u00ed polstrov\u00e1n\u00ed. <\/li>\n\n\n\n<li>Existuje riziko, \u017ee se polstrov\u00e1n\u00ed b\u011bhem p\u0159epravy dostane nahoru z mezery, zejm\u00e9na u palet, kter\u00e9 jsou um\u00edst\u011bny pod n\u00edm. K tomu m\u016f\u017ee doj\u00edt zejm\u00e9na v p\u0159\u00edpad\u011b, \u017ee je vzduchov\u00fd vak p\u0159\u00edli\u0161 velk\u00fd nebo p\u0159\u00edli\u0161 vysok\u00fd. M\u011bl by b\u00fdt dimenzov\u00e1n tak, aby v \u017e\u00e1dn\u00e9m p\u0159\u00edpad\u011b nebyl vy\u0161\u0161\u00ed ne\u017e n\u00e1kladov\u00e1 jednotka, o kterou se op\u00edr\u00e1.  <\/li>\n\n\n\n<li>N\u011bkdy nen\u00ed spr\u00e1vn\u00fd pol\u0161t\u00e1\u0159 po ruce. Vyplnit mezeru dv\u011bma pol\u0161t\u00e1\u0159ky, kter\u00e9 na sebe tla\u010d\u00ed, je naprosto nevhodn\u00e9. <\/li>\n\n\n\n<li>Rovn\u011b\u017e je zak\u00e1z\u00e1no um\u00edstit pol\u0161t\u00e1\u0159 tak, aby tla\u010dil na zaji\u0161\u0165ovac\u00ed nosn\u00edky, up\u00ednac\u00ed desky nebo jin\u00e1 zaji\u0161\u0165ovac\u00ed za\u0159\u00edzen\u00ed. Vzduchov\u00e9 vaky pat\u0159\u00ed v\u017edy mezi n\u00e1klad. <\/li>\n<\/ol>\n\n<div style=\"height:47px\" aria-hidden=\"true\" class=\"wp-block-spacer\"><\/div>\n\n<p><strong>N\u011bkolik p\u0159\u00edklad\u016f<\/strong><\/p>\n\n<div class=\"wp-block-columns is-layout-flex wp-container-core-columns-is-layout-28f84493 wp-block-columns-is-layout-flex\">\n<div class=\"wp-block-column is-layout-flow wp-block-column-is-layout-flow\" style=\"flex-basis:50%\">\n<figure data-wp-context=\"{&quot;imageId&quot;:&quot;69f1cd21e4e05&quot;}\" data-wp-interactive=\"core\/image\" data-wp-key=\"69f1cd21e4e05\" class=\"wp-block-image aligncenter size-full is-resized wp-lightbox-container\"><img loading=\"lazy\" decoding=\"async\" width=\"679\" height=\"509\" data-wp-class--hide=\"state.isContentHidden\" data-wp-class--show=\"state.isContentVisible\" data-wp-init=\"callbacks.setButtonStyles\" data-wp-on--click=\"actions.showLightbox\" data-wp-on--load=\"callbacks.setButtonStyles\" data-wp-on-window--resize=\"callbacks.setButtonStyles\" src=\"https:\/\/rothschenk.de\/wp-content\/uploads\/2025\/06\/Korrekter-Einsatz-3D-Staupolster-im-Reefer-Rothschenk-Ladungssicherung-1.jpg\" alt=\"vzduchov&#xFD; vak\" class=\"wp-image-733908\" style=\"object-fit:cover;width:400px;height:300px\" srcset=\"https:\/\/rothschenk.de\/wp-content\/uploads\/2025\/06\/Korrekter-Einsatz-3D-Staupolster-im-Reefer-Rothschenk-Ladungssicherung-1.jpg 679w, https:\/\/rothschenk.de\/wp-content\/uploads\/2025\/06\/Korrekter-Einsatz-3D-Staupolster-im-Reefer-Rothschenk-Ladungssicherung-1-300x225.jpg 300w, https:\/\/rothschenk.de\/wp-content\/uploads\/2025\/06\/Korrekter-Einsatz-3D-Staupolster-im-Reefer-Rothschenk-Ladungssicherung-1-600x450.jpg 600w\" sizes=\"(max-width: 679px) 100vw, 679px\" \/><button\n\t\t\tclass=\"lightbox-trigger\"\n\t\t\ttype=\"button\"\n\t\t\taria-haspopup=\"dialog\"\n\t\t\taria-label=\"Zv\u011bt\u0161it\"\n\t\t\tdata-wp-init=\"callbacks.initTriggerButton\"\n\t\t\tdata-wp-on--click=\"actions.showLightbox\"\n\t\t\tdata-wp-style--right=\"state.imageButtonRight\"\n\t\t\tdata-wp-style--top=\"state.imageButtonTop\"\n\t\t>\n\t\t\t<svg xmlns=\"http:\/\/www.w3.org\/2000\/svg\" width=\"12\" height=\"12\" fill=\"none\" viewBox=\"0 0 12 12\">\n\t\t\t\t<path fill=\"#fff\" d=\"M2 0a2 2 0 0 0-2 2v2h1.5V2a.5.5 0 0 1 .5-.5h2V0H2Zm2 10.5H2a.5.5 0 0 1-.5-.5V8H0v2a2 2 0 0 0 2 2h2v-1.5ZM8 12v-1.5h2a.5.5 0 0 0 .5-.5V8H12v2a2 2 0 0 1-2 2H8Zm2-12a2 2 0 0 1 2 2v2h-1.5V2a.5.5 0 0 0-.5-.5H8V0h2Z\" \/>\n\t\t\t<\/svg>\n\t\t<\/button><\/figure>\n<\/div>\n\n\n\n<div class=\"wp-block-column is-layout-flow wp-block-column-is-layout-flow\" style=\"flex-basis:50%\">\n<p><strong>Pozitivn\u00ed!<\/strong><br \/>Dobr\u00fdm n\u00e1padem je pou\u017eit\u00ed vzduchov\u00fdch vak\u016f v chlad\u00edrensk\u00e9 sk\u0159\u00edni k vypln\u011bn\u00ed mezer. Je v\u0161ak d\u016fle\u017eit\u00e9 m\u00edt na pam\u011bti, \u017ee n\u00e1kladov\u00fd prostor by nem\u011bl b\u00fdt zcela zapln\u011bn.   <br \/><br \/>Co tedy? Jak lze uvolnit zadn\u00ed pojistku? <\/p>\n\n\n\n<p>V \u00favahu je t\u0159eba vz\u00edt tak\u00e9 mo\u017en\u00e9 kol\u00eds\u00e1n\u00ed objemu v d\u016fsledku zm\u011bn teploty.<\/p>\n\n\n\n<p><br \/><\/p>\n<\/div>\n<\/div>\n\n<div class=\"wp-block-columns is-layout-flex wp-container-core-columns-is-layout-28f84493 wp-block-columns-is-layout-flex\">\n<div class=\"wp-block-column is-layout-flow wp-block-column-is-layout-flow\" style=\"flex-basis:50%\">\n<figure data-wp-context=\"{&quot;imageId&quot;:&quot;69f1cd21e5364&quot;}\" data-wp-interactive=\"core\/image\" data-wp-key=\"69f1cd21e5364\" class=\"wp-block-image aligncenter size-full is-resized wp-lightbox-container\"><img loading=\"lazy\" decoding=\"async\" width=\"666\" height=\"499\" data-wp-class--hide=\"state.isContentHidden\" data-wp-class--show=\"state.isContentVisible\" data-wp-init=\"callbacks.setButtonStyles\" data-wp-on--click=\"actions.showLightbox\" data-wp-on--load=\"callbacks.setButtonStyles\" data-wp-on-window--resize=\"callbacks.setButtonStyles\" src=\"https:\/\/rothschenk.de\/wp-content\/uploads\/2025\/06\/Falscher-Einsatz-von-Stausaecken-im-LKW-mit-Sperrstange-Rothschenk-1.jpg\" alt=\"vzduchov&#xFD; vak\" class=\"wp-image-733894\" style=\"object-fit:cover;width:400px;height:300px\" srcset=\"https:\/\/rothschenk.de\/wp-content\/uploads\/2025\/06\/Falscher-Einsatz-von-Stausaecken-im-LKW-mit-Sperrstange-Rothschenk-1.jpg 666w, https:\/\/rothschenk.de\/wp-content\/uploads\/2025\/06\/Falscher-Einsatz-von-Stausaecken-im-LKW-mit-Sperrstange-Rothschenk-1-300x225.jpg 300w, https:\/\/rothschenk.de\/wp-content\/uploads\/2025\/06\/Falscher-Einsatz-von-Stausaecken-im-LKW-mit-Sperrstange-Rothschenk-1-600x450.jpg 600w\" sizes=\"(max-width: 666px) 100vw, 666px\" \/><button\n\t\t\tclass=\"lightbox-trigger\"\n\t\t\ttype=\"button\"\n\t\t\taria-haspopup=\"dialog\"\n\t\t\taria-label=\"Zv\u011bt\u0161it\"\n\t\t\tdata-wp-init=\"callbacks.initTriggerButton\"\n\t\t\tdata-wp-on--click=\"actions.showLightbox\"\n\t\t\tdata-wp-style--right=\"state.imageButtonRight\"\n\t\t\tdata-wp-style--top=\"state.imageButtonTop\"\n\t\t>\n\t\t\t<svg xmlns=\"http:\/\/www.w3.org\/2000\/svg\" width=\"12\" height=\"12\" fill=\"none\" viewBox=\"0 0 12 12\">\n\t\t\t\t<path fill=\"#fff\" d=\"M2 0a2 2 0 0 0-2 2v2h1.5V2a.5.5 0 0 1 .5-.5h2V0H2Zm2 10.5H2a.5.5 0 0 1-.5-.5V8H0v2a2 2 0 0 0 2 2h2v-1.5ZM8 12v-1.5h2a.5.5 0 0 0 .5-.5V8H12v2a2 2 0 0 1-2 2H8Zm2-12a2 2 0 0 1 2 2v2h-1.5V2a.5.5 0 0 0-.5-.5H8V0h2Z\" \/>\n\t\t\t<\/svg>\n\t\t<\/button><\/figure>\n<\/div>\n\n\n\n<div class=\"wp-block-column is-layout-flow wp-block-column-is-layout-flow\" style=\"flex-basis:50%\">\n<p><strong>Negativn\u00ed!<\/strong><br \/>Tento p\u0159\u00edklad nen\u00ed v \u017e\u00e1dn\u00e9m p\u0159\u00edpad\u011b p\u0159ijateln\u00fd.<br \/><br \/>Podle \u00fadaj\u016f v\u00fdrobce maj\u00ed up\u00ednac\u00ed ty\u010de maxim\u00e1ln\u00ed blokovac\u00ed s\u00edlu 150daN v cel\u00e9 \u0161\u00ed\u0159ce. To s nejv\u011bt\u0161\u00ed pravd\u011bpodobnost\u00ed nebude sta\u010dit. <br \/><br \/>Nen\u00ed dovoleno um\u00edstit vzduchov\u00fd vak proti zaji\u0161\u0165ovac\u00ed ty\u010di, proto\u017ee v\u017edy mus\u00ed b\u00fdt k dispozici plocha pro p\u0159enos s\u00edly.<\/p>\n<\/div>\n<\/div>\n\n<div class=\"wp-block-columns is-layout-flex wp-container-core-columns-is-layout-28f84493 wp-block-columns-is-layout-flex\">\n<div class=\"wp-block-column is-layout-flow wp-block-column-is-layout-flow\" style=\"flex-basis:50%\">\n<figure data-wp-context=\"{&quot;imageId&quot;:&quot;69f1cd21e57c5&quot;}\" data-wp-interactive=\"core\/image\" data-wp-key=\"69f1cd21e57c5\" class=\"wp-block-image aligncenter size-full is-resized wp-lightbox-container\"><img loading=\"lazy\" decoding=\"async\" width=\"674\" height=\"505\" data-wp-class--hide=\"state.isContentHidden\" data-wp-class--show=\"state.isContentVisible\" data-wp-init=\"callbacks.setButtonStyles\" data-wp-on--click=\"actions.showLightbox\" data-wp-on--load=\"callbacks.setButtonStyles\" data-wp-on-window--resize=\"callbacks.setButtonStyles\" src=\"https:\/\/rothschenk.de\/wp-content\/uploads\/2025\/06\/Falscher-Einsatz-von-Stausaecken-im-LKW-nebeneinander-Rothschenk-Ladungssicherung-1.jpg\" alt=\"vzduchov&#xFD; vak\" class=\"wp-image-733900\" style=\"object-fit:cover;width:400px;height:300px\" srcset=\"https:\/\/rothschenk.de\/wp-content\/uploads\/2025\/06\/Falscher-Einsatz-von-Stausaecken-im-LKW-nebeneinander-Rothschenk-Ladungssicherung-1.jpg 674w, https:\/\/rothschenk.de\/wp-content\/uploads\/2025\/06\/Falscher-Einsatz-von-Stausaecken-im-LKW-nebeneinander-Rothschenk-Ladungssicherung-1-300x225.jpg 300w, https:\/\/rothschenk.de\/wp-content\/uploads\/2025\/06\/Falscher-Einsatz-von-Stausaecken-im-LKW-nebeneinander-Rothschenk-Ladungssicherung-1-600x450.jpg 600w\" sizes=\"(max-width: 674px) 100vw, 674px\" \/><button\n\t\t\tclass=\"lightbox-trigger\"\n\t\t\ttype=\"button\"\n\t\t\taria-haspopup=\"dialog\"\n\t\t\taria-label=\"Zv\u011bt\u0161it\"\n\t\t\tdata-wp-init=\"callbacks.initTriggerButton\"\n\t\t\tdata-wp-on--click=\"actions.showLightbox\"\n\t\t\tdata-wp-style--right=\"state.imageButtonRight\"\n\t\t\tdata-wp-style--top=\"state.imageButtonTop\"\n\t\t>\n\t\t\t<svg xmlns=\"http:\/\/www.w3.org\/2000\/svg\" width=\"12\" height=\"12\" fill=\"none\" viewBox=\"0 0 12 12\">\n\t\t\t\t<path fill=\"#fff\" d=\"M2 0a2 2 0 0 0-2 2v2h1.5V2a.5.5 0 0 1 .5-.5h2V0H2Zm2 10.5H2a.5.5 0 0 1-.5-.5V8H0v2a2 2 0 0 0 2 2h2v-1.5ZM8 12v-1.5h2a.5.5 0 0 0 .5-.5V8H12v2a2 2 0 0 1-2 2H8Zm2-12a2 2 0 0 1 2 2v2h-1.5V2a.5.5 0 0 0-.5-.5H8V0h2Z\" \/>\n\t\t\t<\/svg>\n\t\t<\/button><\/figure>\n<\/div>\n\n\n\n<div class=\"wp-block-column is-layout-flow wp-block-column-is-layout-flow\" style=\"flex-basis:50%\">\n<p><strong>Negativn\u00ed!<\/strong><br \/>V tomto p\u0159\u00edpad\u011b je dopravn\u00edm prost\u0159edkem kontejner, ale prokladov\u00e1 vlo\u017eka je zcela nevhodn\u00e1.<br \/><br \/>\u010caloun\u011bn\u00ed proti \u010daloun\u011bn\u00ed nen\u00ed p\u0159\u00edpustn\u00e9, proto\u017ee nen\u00ed dosa\u017eeno rovnov\u00e1hy sil. Pol\u0161t\u00e1\u0159e p\u0159i pohybu ustupuj\u00ed. Velk\u00fd pol\u0161t\u00e1\u0159 vlevo bude pravd\u011bpodobn\u011b po kr\u00e1tk\u00e9 cest\u011b le\u017eet voln\u011b naho\u0159e.  <\/p>\n<\/div>\n<\/div>\n\n<div class=\"wp-block-columns is-layout-flex wp-container-core-columns-is-layout-28f84493 wp-block-columns-is-layout-flex\">\n<div class=\"wp-block-column is-layout-flow wp-block-column-is-layout-flow\" style=\"flex-basis:50%\">\n<figure data-wp-context=\"{&quot;imageId&quot;:&quot;69f1cd21e5e32&quot;}\" data-wp-interactive=\"core\/image\" data-wp-key=\"69f1cd21e5e32\" class=\"wp-block-image aligncenter size-full is-resized wp-lightbox-container\"><img loading=\"lazy\" decoding=\"async\" width=\"600\" height=\"454\" data-wp-class--hide=\"state.isContentHidden\" data-wp-class--show=\"state.isContentVisible\" data-wp-init=\"callbacks.setButtonStyles\" data-wp-on--click=\"actions.showLightbox\" data-wp-on--load=\"callbacks.setButtonStyles\" data-wp-on-window--resize=\"callbacks.setButtonStyles\" src=\"https:\/\/rothschenk.de\/wp-content\/uploads\/2024\/06\/3D-in-stauluecke-von-einem-lkw-rothschenk.webp\" alt=\"3D-ve-statku-n&#xE1;kladn&#xED;ho-vozu-rothschenk\" class=\"wp-image-191005\" style=\"object-fit:cover;width:400px;height:300px\" srcset=\"https:\/\/rothschenk.de\/wp-content\/uploads\/2024\/06\/3D-in-stauluecke-von-einem-lkw-rothschenk.webp 600w, https:\/\/rothschenk.de\/wp-content\/uploads\/2024\/06\/3D-in-stauluecke-von-einem-lkw-rothschenk-300x227.webp 300w\" sizes=\"(max-width: 600px) 100vw, 600px\" \/><button\n\t\t\tclass=\"lightbox-trigger\"\n\t\t\ttype=\"button\"\n\t\t\taria-haspopup=\"dialog\"\n\t\t\taria-label=\"Zv\u011bt\u0161it\"\n\t\t\tdata-wp-init=\"callbacks.initTriggerButton\"\n\t\t\tdata-wp-on--click=\"actions.showLightbox\"\n\t\t\tdata-wp-style--right=\"state.imageButtonRight\"\n\t\t\tdata-wp-style--top=\"state.imageButtonTop\"\n\t\t>\n\t\t\t<svg xmlns=\"http:\/\/www.w3.org\/2000\/svg\" width=\"12\" height=\"12\" fill=\"none\" viewBox=\"0 0 12 12\">\n\t\t\t\t<path fill=\"#fff\" d=\"M2 0a2 2 0 0 0-2 2v2h1.5V2a.5.5 0 0 1 .5-.5h2V0H2Zm2 10.5H2a.5.5 0 0 1-.5-.5V8H0v2a2 2 0 0 0 2 2h2v-1.5ZM8 12v-1.5h2a.5.5 0 0 0 .5-.5V8H12v2a2 2 0 0 1-2 2H8Zm2-12a2 2 0 0 1 2 2v2h-1.5V2a.5.5 0 0 0-.5-.5H8V0h2Z\" \/>\n\t\t\t<\/svg>\n\t\t<\/button><\/figure>\n<\/div>\n\n\n\n<div class=\"wp-block-column is-layout-flow wp-block-column-is-layout-flow\" style=\"flex-basis:50%\">\n<p><strong>Pozitivn\u00ed!<\/strong><br \/>Tento vzduchov\u00fd vak p\u0159en\u00e1\u0161\u00ed s\u00edly na celou plochu a spolehliv\u011b vypl\u0148uje mezeru.  <\/p>\n<\/div>\n<\/div>\n\n<div class=\"wp-block-columns is-layout-flex wp-container-core-columns-is-layout-28f84493 wp-block-columns-is-layout-flex\">\n<div class=\"wp-block-column is-layout-flow wp-block-column-is-layout-flow\" style=\"flex-basis:50%\">\n<figure data-wp-context=\"{&quot;imageId&quot;:&quot;69f1cd21e62bd&quot;}\" data-wp-interactive=\"core\/image\" data-wp-key=\"69f1cd21e62bd\" class=\"wp-block-image aligncenter size-full is-resized wp-lightbox-container\"><img loading=\"lazy\" decoding=\"async\" width=\"1033\" height=\"775\" data-wp-class--hide=\"state.isContentHidden\" data-wp-class--show=\"state.isContentVisible\" data-wp-init=\"callbacks.setButtonStyles\" data-wp-on--click=\"actions.showLightbox\" data-wp-on--load=\"callbacks.setButtonStyles\" data-wp-on-window--resize=\"callbacks.setButtonStyles\" src=\"https:\/\/rothschenk.de\/wp-content\/uploads\/2025\/06\/Korrekter-Einsatz-von-Staupolstern-im-LKW-bei-unterschiedlicher-Ware-Rothschenk-Ladungssicherung-1.jpg\" alt=\"vzduchov&#xFD; vak\" class=\"wp-image-733920\" style=\"object-fit:cover;width:400px;height:300px\" srcset=\"https:\/\/rothschenk.de\/wp-content\/uploads\/2025\/06\/Korrekter-Einsatz-von-Staupolstern-im-LKW-bei-unterschiedlicher-Ware-Rothschenk-Ladungssicherung-1.jpg 1033w, https:\/\/rothschenk.de\/wp-content\/uploads\/2025\/06\/Korrekter-Einsatz-von-Staupolstern-im-LKW-bei-unterschiedlicher-Ware-Rothschenk-Ladungssicherung-1-300x225.jpg 300w, https:\/\/rothschenk.de\/wp-content\/uploads\/2025\/06\/Korrekter-Einsatz-von-Staupolstern-im-LKW-bei-unterschiedlicher-Ware-Rothschenk-Ladungssicherung-1-1024x768.jpg 1024w, https:\/\/rothschenk.de\/wp-content\/uploads\/2025\/06\/Korrekter-Einsatz-von-Staupolstern-im-LKW-bei-unterschiedlicher-Ware-Rothschenk-Ladungssicherung-1-768x576.jpg 768w, https:\/\/rothschenk.de\/wp-content\/uploads\/2025\/06\/Korrekter-Einsatz-von-Staupolstern-im-LKW-bei-unterschiedlicher-Ware-Rothschenk-Ladungssicherung-1-600x450.jpg 600w\" sizes=\"(max-width: 1033px) 100vw, 1033px\" \/><button\n\t\t\tclass=\"lightbox-trigger\"\n\t\t\ttype=\"button\"\n\t\t\taria-haspopup=\"dialog\"\n\t\t\taria-label=\"Zv\u011bt\u0161it\"\n\t\t\tdata-wp-init=\"callbacks.initTriggerButton\"\n\t\t\tdata-wp-on--click=\"actions.showLightbox\"\n\t\t\tdata-wp-style--right=\"state.imageButtonRight\"\n\t\t\tdata-wp-style--top=\"state.imageButtonTop\"\n\t\t>\n\t\t\t<svg xmlns=\"http:\/\/www.w3.org\/2000\/svg\" width=\"12\" height=\"12\" fill=\"none\" viewBox=\"0 0 12 12\">\n\t\t\t\t<path fill=\"#fff\" d=\"M2 0a2 2 0 0 0-2 2v2h1.5V2a.5.5 0 0 1 .5-.5h2V0H2Zm2 10.5H2a.5.5 0 0 1-.5-.5V8H0v2a2 2 0 0 0 2 2h2v-1.5ZM8 12v-1.5h2a.5.5 0 0 0 .5-.5V8H12v2a2 2 0 0 1-2 2H8Zm2-12a2 2 0 0 1 2 2v2h-1.5V2a.5.5 0 0 0-.5-.5H8V0h2Z\" \/>\n\t\t\t<\/svg>\n\t\t<\/button><\/figure>\n<\/div>\n\n\n\n<div class=\"wp-block-column is-layout-flow wp-block-column-is-layout-flow\" style=\"flex-basis:50%\">\n<p><strong>Pozitivn\u00ed!<\/strong><br \/>A\u010dkoli je na obr\u00e1zku zobrazen kontejner, tento typ ulo\u017een\u00ed s vzduchov\u00fdmi vaky jako v\u00fdpln\u00ed mezer lze pou\u017e\u00edt i na n\u00e1v\u011bsu s plachtovou karoseri\u00ed. Vzduchov\u00e9 vaky jsou um\u00edst\u011bny mezi n\u00e1kladem. <\/p>\n<\/div>\n<\/div>\n\n<p>P\u0159\u00edzniv\u011b nalad\u011bn\u00fd \u010dten\u00e1\u0159 se m\u016f\u017ee p\u0159esv\u011bd\u010dit, \u017ee s ohledem na okrajov\u00e9 podm\u00ednky je vzduchov\u00fd vak v sektoru n\u00e1kladn\u00edch vozidel rozhodn\u011b opodstatn\u011bn\u00fd.<br \/>Z\u016fsta\u0148te nalad\u011bni, dal\u0161\u00ed d\u00edly se zaj\u00edmav\u00fdmi t\u00e9maty se bl\u00ed\u017e\u00ed.<\/p>\n\n<ul class=\"wp-block-list\"><\/ul>\n\n<ul class=\"wp-block-list\"><\/ul>\n\n<p><strong>V\u00e1\u0161, Sigurd Ehringer<\/strong><\/p>\n\n<div style=\"height:50px\" aria-hidden=\"true\" class=\"wp-block-spacer\"><\/div>\n\n<div class=\"wp-block-columns is-layout-flex wp-container-core-columns-is-layout-28f84493 wp-block-columns-is-layout-flex\">\n<div class=\"wp-block-column is-layout-flow wp-block-column-is-layout-flow\">\n<p class=\"has-text-align-left\">P\u0159edchoz\u00ed \u010dl\u00e1nek &gt;&gt;<br \/><a href=\"https:\/\/rothschenk.de\/cz\/epizoda-56-zajisteni-nakladovych-jednotek-zkouska-sklapeni-s-vysokozdviznym-vozikem-cast-2\/\">D\u00edl 56: Zaji\u0161t\u011bn\u00ed n\u00e1kladov\u00fdch jednotek: Zkou\u0161ka skl\u00e1p\u011bn\u00ed pomoc\u00ed zaklada\u010de<\/a> \u010d\u00e1st2<\/p>\n<\/div>\n\n\n\n<div class=\"wp-block-column is-layout-flow wp-block-column-is-layout-flow\">\n<p class=\"has-text-align-right\">K dal\u0161\u00edmu p\u0159\u00edsp\u011bvku  &gt;&gt;<br \/><\/p>\n<\/div>\n<\/div>\n\n<div class=\"wp-block-columns alignfull are-vertically-aligned-center has-background is-layout-flex wp-container-core-columns-is-layout-28f84493 wp-block-columns-is-layout-flex\" style=\"background-color:#516062\">\n<div class=\"wp-block-column blog_autor_zusatz is-layout-flow wp-block-column-is-layout-flow\" style=\"flex-basis:10vw\"><\/div>\n\n\n\n<div class=\"wp-block-column is-vertically-aligned-center is-layout-flow wp-block-column-is-layout-flow\" style=\"flex-basis:20%\">\n<figure class=\"wp-block-image aligncenter size-large is-resized is-style-rounded\"><img loading=\"lazy\" decoding=\"async\" width=\"1024\" height=\"1024\" src=\"https:\/\/rothschenk.de\/wp-content\/uploads\/2024\/02\/sigurd-ehringer-ladungssicherung-ausbilder-und-berater-1024x1024.jpg\" alt=\"\" class=\"wp-image-143199\" style=\"width:150px\" srcset=\"https:\/\/rothschenk.de\/wp-content\/uploads\/2024\/02\/sigurd-ehringer-ladungssicherung-ausbilder-und-berater-1024x1024.jpg 1024w, https:\/\/rothschenk.de\/wp-content\/uploads\/2024\/02\/sigurd-ehringer-ladungssicherung-ausbilder-und-berater-300x300.jpg 300w, https:\/\/rothschenk.de\/wp-content\/uploads\/2024\/02\/sigurd-ehringer-ladungssicherung-ausbilder-und-berater-150x150.jpg 150w, https:\/\/rothschenk.de\/wp-content\/uploads\/2024\/02\/sigurd-ehringer-ladungssicherung-ausbilder-und-berater-768x767.jpg 768w, https:\/\/rothschenk.de\/wp-content\/uploads\/2024\/02\/sigurd-ehringer-ladungssicherung-ausbilder-und-berater-600x600.jpg 600w, https:\/\/rothschenk.de\/wp-content\/uploads\/2024\/02\/sigurd-ehringer-ladungssicherung-ausbilder-und-berater-100x100.jpg 100w, https:\/\/rothschenk.de\/wp-content\/uploads\/2024\/02\/sigurd-ehringer-ladungssicherung-ausbilder-und-berater.jpg 1500w\" sizes=\"(max-width: 1024px) 100vw, 1024px\" \/><\/figure>\n<\/div>\n\n\n\n<div class=\"wp-block-column is-vertically-aligned-center is-layout-flow wp-block-column-is-layout-flow\"><div class=\"wp-block-post-author\"><div class=\"wp-block-post-author__content\"><p class=\"wp-block-post-author__name\">Sigurd Ehringer<\/p><p class=\"wp-block-post-author__bio\">\u2714 VDI-zertifizierter Ausbilder f\u00fcr Ladungssicherung\r\n\u2714 Fachbuch-Autor\r\n\u2714 8 Jahre Projektmanager\r\n\u2714 12 Jahre bei der Bundeswehr (Kompaniechef)\r\n\u2714 20 Jahre Vertriebserfahrung\r\n\u2714 seit 1996 Berater\/Ausbilder in der Logistik\r\n\u2714 44 Jahre Ausbilder\/Trainer in verschiedenen Bereichen &#8212;&gt;\r\n\r\nIn einer Reihe von Fachbeitr\u00e4gen aus der Praxis, zu Themen rund um den Container und LKW, erhalten Sie Profiwissen aus erster Hand. Wie sichert man Ladung korrekt und was sind die Grundlagen der Ladungssicherung?\r\nErarbeitet und vorgestellt werden sie von Sigurd Ehringer, Inhaber von <a href=\"http:\/\/www.se-logcon.de\/\">SE-LogCon<\/a>.<\/p><\/div><\/div><\/div>\n\n\n\n<div class=\"wp-block-column blog_autor_zusatz is-layout-flow wp-block-column-is-layout-flow\" style=\"flex-basis:10vw\"><\/div>\n<\/div>\n\n<p><\/p>\n","protected":false},"excerpt":{"rendered":"<p>Co \u0159\u00edk\u00e1 kodex \u010cT\u00da? Pou\u017e\u00edv\u00e1n\u00ed vzduchov\u00fdch vak\u016f v kontejnerech je b\u011b\u017enou metodou a stalo se ned\u00edlnou sou\u010d\u00e1st\u00ed reperto\u00e1ru zaji\u0161\u0165ovac\u00edch metod. Kodex CTU v\u011bnuje celou kapitolu v p\u0159\u00edloze 4 dodatku 7 vzduchov\u00fdm vak\u016fm a odkazuje v\u00fdhradn\u011b na n\u00e1mo\u0159n\u00ed kontejnery, p\u0159i\u010dem\u017e n\u00e1kladn\u00ed automobily zcela opom\u00edj\u00ed. Zd\u00e1 se proto vhodn\u00e9 osv\u011btlit toto t\u00e9ma a vysv\u011btlit jeho v\u00fdhody a [&hellip;]<\/p>\n","protected":false},"author":1536,"featured_media":684278,"comment_status":"open","ping_status":"closed","sticky":false,"template":"","format":"standard","meta":{"_acf_changed":false,"footnotes":""},"categories":[864,865],"tags":[965,964,962,963,909],"class_list":["post-734124","post","type-post","status-publish","format-standard","has-post-thumbnail","hentry","category-cargo-blog-cs","category-lorry","tag-mezery-v-dopravni-zacpe","tag-prakticke-priklady","tag-vzduchovy-vak","tag-vzduchovy-vak-cz","tag-zajisteni-nakladu"],"acf":[],"yoast_head":"<!-- This site is optimized with the Yoast SEO plugin v27.5 - https:\/\/yoast.com\/product\/yoast-seo-wordpress\/ -->\n<title>Spr\u00e1vn\u00e9 pou\u017e\u00edv\u00e1n\u00ed vzduchov\u00fdch vak\u016f v n\u00e1kladn\u00edch automobilech. Technick\u00fd \u010dl\u00e1nek z praxe<\/title>\n<meta name=\"description\" content=\"Praktick\u00e9 p\u0159\u00edklady \u2714 NoGo&#039;s \u2714 Z\u00e1klady \u2714 Kdy pou\u017e\u00edt kter\u00fd vzduchov\u00fd vak? \u2714 BLOG se Sigurdem Ehringerem\" \/>\n<meta name=\"robots\" content=\"index, follow, max-snippet:-1, max-image-preview:large, max-video-preview:-1\" \/>\n<link rel=\"canonical\" href=\"https:\/\/rothschenk.de\/cz\/epizoda-57-vzduchove-vaky-v-nakladnich-vozidlech-spravna-aplikace\/\" \/>\n<meta property=\"og:locale\" content=\"cs_CZ\" \/>\n<meta property=\"og:type\" content=\"article\" \/>\n<meta property=\"og:title\" content=\"Spr\u00e1vn\u00e9 pou\u017e\u00edv\u00e1n\u00ed vzduchov\u00fdch vak\u016f v n\u00e1kladn\u00edch automobilech. Technick\u00fd \u010dl\u00e1nek z praxe\" \/>\n<meta property=\"og:description\" content=\"Praktick\u00e9 p\u0159\u00edklady \u2714 NoGo&#039;s \u2714 Z\u00e1klady \u2714 Kdy pou\u017e\u00edt kter\u00fd vzduchov\u00fd vak? \u2714 BLOG se Sigurdem Ehringerem\" \/>\n<meta property=\"og:url\" content=\"https:\/\/rothschenk.de\/cz\/epizoda-57-vzduchove-vaky-v-nakladnich-vozidlech-spravna-aplikace\/\" \/>\n<meta property=\"og:site_name\" content=\"Rothschenk\" \/>\n<meta property=\"article:publisher\" content=\"https:\/\/de-de.facebook.com\/FirmaRothschenk\/\" \/>\n<meta property=\"article:published_time\" content=\"2025-06-11T08:15:23+00:00\" \/>\n<meta property=\"article:modified_time\" content=\"2025-07-28T14:22:49+00:00\" \/>\n<meta property=\"og:image\" content=\"https:\/\/rothschenk.de\/wp-content\/uploads\/2024\/05\/Neues-Projekt-4-2.jpg\" \/>\n\t<meta property=\"og:image:width\" content=\"600\" \/>\n\t<meta property=\"og:image:height\" content=\"454\" \/>\n\t<meta property=\"og:image:type\" content=\"image\/jpeg\" \/>\n<meta name=\"author\" content=\"Sigurd Ehringer\" \/>\n<meta name=\"twitter:card\" content=\"summary_large_image\" \/>\n<meta name=\"twitter:label1\" content=\"Napsal(a)\" \/>\n\t<meta name=\"twitter:data1\" content=\"Sigurd Ehringer\" \/>\n\t<meta name=\"twitter:label2\" content=\"Odhadovan\u00e1 doba \u010dten\u00ed\" \/>\n\t<meta name=\"twitter:data2\" content=\"6 minut\" \/>\n<script type=\"application\/ld+json\" class=\"yoast-schema-graph\">{\"@context\":\"https:\\\/\\\/schema.org\",\"@graph\":[{\"@type\":\"Article\",\"@id\":\"https:\\\/\\\/rothschenk.de\\\/cz\\\/epizoda-57-vzduchove-vaky-v-nakladnich-vozidlech-spravna-aplikace\\\/#article\",\"isPartOf\":{\"@id\":\"https:\\\/\\\/rothschenk.de\\\/cz\\\/epizoda-57-vzduchove-vaky-v-nakladnich-vozidlech-spravna-aplikace\\\/\"},\"author\":{\"name\":\"Sigurd Ehringer\",\"@id\":\"https:\\\/\\\/rothschenk.de\\\/cz\\\/#\\\/schema\\\/person\\\/8878c3ce4ac9607e11b12c500ead07e8\"},\"headline\":\"Epizoda 57: Vzduchov\u00e9 vaky v n\u00e1kladn\u00edch vozidlech &#8211; spr\u00e1vn\u00e1 aplikace\",\"datePublished\":\"2025-06-11T08:15:23+00:00\",\"dateModified\":\"2025-07-28T14:22:49+00:00\",\"mainEntityOfPage\":{\"@id\":\"https:\\\/\\\/rothschenk.de\\\/cz\\\/epizoda-57-vzduchove-vaky-v-nakladnich-vozidlech-spravna-aplikace\\\/\"},\"wordCount\":1205,\"commentCount\":0,\"image\":{\"@id\":\"https:\\\/\\\/rothschenk.de\\\/cz\\\/epizoda-57-vzduchove-vaky-v-nakladnich-vozidlech-spravna-aplikace\\\/#primaryimage\"},\"thumbnailUrl\":\"https:\\\/\\\/rothschenk.de\\\/wp-content\\\/uploads\\\/2024\\\/05\\\/Neues-Projekt-4-2.jpg\",\"keywords\":[\"Mezery v dopravn\u00ed z\u00e1cp\u011b\",\"Praktick\u00e9 p\u0159\u00edklady\",\"vzduchov\u00fd vak\",\"vzduchov\u00fd vak\",\"Zaji\u0161t\u011bn\u00ed n\u00e1kladu\"],\"articleSection\":[\"Cargo Blog\",\"LORRY\"],\"inLanguage\":\"cs\",\"potentialAction\":[{\"@type\":\"CommentAction\",\"name\":\"Comment\",\"target\":[\"https:\\\/\\\/rothschenk.de\\\/cz\\\/epizoda-57-vzduchove-vaky-v-nakladnich-vozidlech-spravna-aplikace\\\/#respond\"]}]},{\"@type\":\"WebPage\",\"@id\":\"https:\\\/\\\/rothschenk.de\\\/cz\\\/epizoda-57-vzduchove-vaky-v-nakladnich-vozidlech-spravna-aplikace\\\/\",\"url\":\"https:\\\/\\\/rothschenk.de\\\/cz\\\/epizoda-57-vzduchove-vaky-v-nakladnich-vozidlech-spravna-aplikace\\\/\",\"name\":\"Spr\u00e1vn\u00e9 pou\u017e\u00edv\u00e1n\u00ed vzduchov\u00fdch vak\u016f v n\u00e1kladn\u00edch automobilech. Technick\u00fd \u010dl\u00e1nek z praxe\",\"isPartOf\":{\"@id\":\"https:\\\/\\\/rothschenk.de\\\/cz\\\/#website\"},\"primaryImageOfPage\":{\"@id\":\"https:\\\/\\\/rothschenk.de\\\/cz\\\/epizoda-57-vzduchove-vaky-v-nakladnich-vozidlech-spravna-aplikace\\\/#primaryimage\"},\"image\":{\"@id\":\"https:\\\/\\\/rothschenk.de\\\/cz\\\/epizoda-57-vzduchove-vaky-v-nakladnich-vozidlech-spravna-aplikace\\\/#primaryimage\"},\"thumbnailUrl\":\"https:\\\/\\\/rothschenk.de\\\/wp-content\\\/uploads\\\/2024\\\/05\\\/Neues-Projekt-4-2.jpg\",\"datePublished\":\"2025-06-11T08:15:23+00:00\",\"dateModified\":\"2025-07-28T14:22:49+00:00\",\"author\":{\"@id\":\"https:\\\/\\\/rothschenk.de\\\/cz\\\/#\\\/schema\\\/person\\\/8878c3ce4ac9607e11b12c500ead07e8\"},\"description\":\"Praktick\u00e9 p\u0159\u00edklady \u2714 NoGo's \u2714 Z\u00e1klady \u2714 Kdy pou\u017e\u00edt kter\u00fd vzduchov\u00fd vak? \u2714 BLOG se Sigurdem Ehringerem\",\"breadcrumb\":{\"@id\":\"https:\\\/\\\/rothschenk.de\\\/cz\\\/epizoda-57-vzduchove-vaky-v-nakladnich-vozidlech-spravna-aplikace\\\/#breadcrumb\"},\"inLanguage\":\"cs\",\"potentialAction\":[{\"@type\":\"ReadAction\",\"target\":[\"https:\\\/\\\/rothschenk.de\\\/cz\\\/epizoda-57-vzduchove-vaky-v-nakladnich-vozidlech-spravna-aplikace\\\/\"]}]},{\"@type\":\"ImageObject\",\"inLanguage\":\"cs\",\"@id\":\"https:\\\/\\\/rothschenk.de\\\/cz\\\/epizoda-57-vzduchove-vaky-v-nakladnich-vozidlech-spravna-aplikace\\\/#primaryimage\",\"url\":\"https:\\\/\\\/rothschenk.de\\\/wp-content\\\/uploads\\\/2024\\\/05\\\/Neues-Projekt-4-2.jpg\",\"contentUrl\":\"https:\\\/\\\/rothschenk.de\\\/wp-content\\\/uploads\\\/2024\\\/05\\\/Neues-Projekt-4-2.jpg\",\"width\":600,\"height\":454,\"caption\":\"Dually Bag Staupolster auf dem LKW\"},{\"@type\":\"BreadcrumbList\",\"@id\":\"https:\\\/\\\/rothschenk.de\\\/cz\\\/epizoda-57-vzduchove-vaky-v-nakladnich-vozidlech-spravna-aplikace\\\/#breadcrumb\",\"itemListElement\":[{\"@type\":\"ListItem\",\"position\":1,\"name\":\"Domovsk\u00e1 str\u00e1nka\",\"item\":\"https:\\\/\\\/rothschenk.de\\\/cz\\\/domovska-stranka\\\/\"},{\"@type\":\"ListItem\",\"position\":2,\"name\":\"Epizoda 57: Vzduchov\u00e9 vaky v n\u00e1kladn\u00edch vozidlech - spr\u00e1vn\u00e1 aplikace\"}]},{\"@type\":\"WebSite\",\"@id\":\"https:\\\/\\\/rothschenk.de\\\/cz\\\/#website\",\"url\":\"https:\\\/\\\/rothschenk.de\\\/cz\\\/\",\"name\":\"Rothschenk - Der Online Shop f\u00fcr Ladungssicherung\",\"description\":\"Der Online Shop f\u00fcr Ladungssicherung\",\"potentialAction\":[{\"@type\":\"SearchAction\",\"target\":{\"@type\":\"EntryPoint\",\"urlTemplate\":\"https:\\\/\\\/rothschenk.de\\\/cz\\\/?s={search_term_string}\"},\"query-input\":{\"@type\":\"PropertyValueSpecification\",\"valueRequired\":true,\"valueName\":\"search_term_string\"}}],\"inLanguage\":\"cs\"},{\"@type\":\"Person\",\"@id\":\"https:\\\/\\\/rothschenk.de\\\/cz\\\/#\\\/schema\\\/person\\\/8878c3ce4ac9607e11b12c500ead07e8\",\"name\":\"Sigurd Ehringer\",\"image\":{\"@type\":\"ImageObject\",\"inLanguage\":\"cs\",\"@id\":\"https:\\\/\\\/rothschenk.de\\\/wp-content\\\/uploads\\\/2024\\\/02\\\/sigurd-ehringer-ladungssicherung-ausbilder-und-berater-96x96.jpg\",\"url\":\"https:\\\/\\\/rothschenk.de\\\/wp-content\\\/uploads\\\/2024\\\/02\\\/sigurd-ehringer-ladungssicherung-ausbilder-und-berater-96x96.jpg\",\"contentUrl\":\"https:\\\/\\\/rothschenk.de\\\/wp-content\\\/uploads\\\/2024\\\/02\\\/sigurd-ehringer-ladungssicherung-ausbilder-und-berater-96x96.jpg\",\"caption\":\"Sigurd Ehringer\"},\"description\":\"\u2714 VDI-zertifizierter Ausbilder f\u00fcr Ladungssicherung \u2714 Fachbuch-Autor \u2714 8 Jahre Projektmanager \u2714 12 Jahre bei der Bundeswehr (Kompaniechef) \u2714 20 Jahre Vertriebserfahrung \u2714 seit 1996 Berater\\\/Ausbilder in der Logistik \u2714 44 Jahre Ausbilder\\\/Trainer in verschiedenen Bereichen ---&gt; In einer Reihe von Fachbeitr\u00e4gen aus der Praxis, zu Themen rund um den Container und LKW, erhalten Sie Profiwissen aus erster Hand. Wie sichert man Ladung korrekt und was sind die Grundlagen der Ladungssicherung? Erarbeitet und vorgestellt werden sie von Sigurd Ehringer, Inhaber von SE-LogCon.\",\"url\":\"https:\\\/\\\/rothschenk.de\\\/cz\\\/author\\\/sigurd-ehringer\\\/\"}]}<\/script>\n<!-- \/ Yoast SEO plugin. -->","yoast_head_json":{"title":"Spr\u00e1vn\u00e9 pou\u017e\u00edv\u00e1n\u00ed vzduchov\u00fdch vak\u016f v n\u00e1kladn\u00edch automobilech. Technick\u00fd \u010dl\u00e1nek z praxe","description":"Praktick\u00e9 p\u0159\u00edklady \u2714 NoGo's \u2714 Z\u00e1klady \u2714 Kdy pou\u017e\u00edt kter\u00fd vzduchov\u00fd vak? \u2714 BLOG se Sigurdem Ehringerem","robots":{"index":"index","follow":"follow","max-snippet":"max-snippet:-1","max-image-preview":"max-image-preview:large","max-video-preview":"max-video-preview:-1"},"canonical":"https:\/\/rothschenk.de\/cz\/epizoda-57-vzduchove-vaky-v-nakladnich-vozidlech-spravna-aplikace\/","og_locale":"cs_CZ","og_type":"article","og_title":"Spr\u00e1vn\u00e9 pou\u017e\u00edv\u00e1n\u00ed vzduchov\u00fdch vak\u016f v n\u00e1kladn\u00edch automobilech. Technick\u00fd \u010dl\u00e1nek z praxe","og_description":"Praktick\u00e9 p\u0159\u00edklady \u2714 NoGo's \u2714 Z\u00e1klady \u2714 Kdy pou\u017e\u00edt kter\u00fd vzduchov\u00fd vak? \u2714 BLOG se Sigurdem Ehringerem","og_url":"https:\/\/rothschenk.de\/cz\/epizoda-57-vzduchove-vaky-v-nakladnich-vozidlech-spravna-aplikace\/","og_site_name":"Rothschenk","article_publisher":"https:\/\/de-de.facebook.com\/FirmaRothschenk\/","article_published_time":"2025-06-11T08:15:23+00:00","article_modified_time":"2025-07-28T14:22:49+00:00","og_image":[{"width":600,"height":454,"url":"https:\/\/rothschenk.de\/wp-content\/uploads\/2024\/05\/Neues-Projekt-4-2.jpg","type":"image\/jpeg"}],"author":"Sigurd Ehringer","twitter_card":"summary_large_image","twitter_misc":{"Napsal(a)":"Sigurd Ehringer","Odhadovan\u00e1 doba \u010dten\u00ed":"6 minut"},"schema":{"@context":"https:\/\/schema.org","@graph":[{"@type":"Article","@id":"https:\/\/rothschenk.de\/cz\/epizoda-57-vzduchove-vaky-v-nakladnich-vozidlech-spravna-aplikace\/#article","isPartOf":{"@id":"https:\/\/rothschenk.de\/cz\/epizoda-57-vzduchove-vaky-v-nakladnich-vozidlech-spravna-aplikace\/"},"author":{"name":"Sigurd Ehringer","@id":"https:\/\/rothschenk.de\/cz\/#\/schema\/person\/8878c3ce4ac9607e11b12c500ead07e8"},"headline":"Epizoda 57: Vzduchov\u00e9 vaky v n\u00e1kladn\u00edch vozidlech &#8211; spr\u00e1vn\u00e1 aplikace","datePublished":"2025-06-11T08:15:23+00:00","dateModified":"2025-07-28T14:22:49+00:00","mainEntityOfPage":{"@id":"https:\/\/rothschenk.de\/cz\/epizoda-57-vzduchove-vaky-v-nakladnich-vozidlech-spravna-aplikace\/"},"wordCount":1205,"commentCount":0,"image":{"@id":"https:\/\/rothschenk.de\/cz\/epizoda-57-vzduchove-vaky-v-nakladnich-vozidlech-spravna-aplikace\/#primaryimage"},"thumbnailUrl":"https:\/\/rothschenk.de\/wp-content\/uploads\/2024\/05\/Neues-Projekt-4-2.jpg","keywords":["Mezery v dopravn\u00ed z\u00e1cp\u011b","Praktick\u00e9 p\u0159\u00edklady","vzduchov\u00fd vak","vzduchov\u00fd vak","Zaji\u0161t\u011bn\u00ed n\u00e1kladu"],"articleSection":["Cargo Blog","LORRY"],"inLanguage":"cs","potentialAction":[{"@type":"CommentAction","name":"Comment","target":["https:\/\/rothschenk.de\/cz\/epizoda-57-vzduchove-vaky-v-nakladnich-vozidlech-spravna-aplikace\/#respond"]}]},{"@type":"WebPage","@id":"https:\/\/rothschenk.de\/cz\/epizoda-57-vzduchove-vaky-v-nakladnich-vozidlech-spravna-aplikace\/","url":"https:\/\/rothschenk.de\/cz\/epizoda-57-vzduchove-vaky-v-nakladnich-vozidlech-spravna-aplikace\/","name":"Spr\u00e1vn\u00e9 pou\u017e\u00edv\u00e1n\u00ed vzduchov\u00fdch vak\u016f v n\u00e1kladn\u00edch automobilech. Technick\u00fd \u010dl\u00e1nek z praxe","isPartOf":{"@id":"https:\/\/rothschenk.de\/cz\/#website"},"primaryImageOfPage":{"@id":"https:\/\/rothschenk.de\/cz\/epizoda-57-vzduchove-vaky-v-nakladnich-vozidlech-spravna-aplikace\/#primaryimage"},"image":{"@id":"https:\/\/rothschenk.de\/cz\/epizoda-57-vzduchove-vaky-v-nakladnich-vozidlech-spravna-aplikace\/#primaryimage"},"thumbnailUrl":"https:\/\/rothschenk.de\/wp-content\/uploads\/2024\/05\/Neues-Projekt-4-2.jpg","datePublished":"2025-06-11T08:15:23+00:00","dateModified":"2025-07-28T14:22:49+00:00","author":{"@id":"https:\/\/rothschenk.de\/cz\/#\/schema\/person\/8878c3ce4ac9607e11b12c500ead07e8"},"description":"Praktick\u00e9 p\u0159\u00edklady \u2714 NoGo's \u2714 Z\u00e1klady \u2714 Kdy pou\u017e\u00edt kter\u00fd vzduchov\u00fd vak? \u2714 BLOG se Sigurdem Ehringerem","breadcrumb":{"@id":"https:\/\/rothschenk.de\/cz\/epizoda-57-vzduchove-vaky-v-nakladnich-vozidlech-spravna-aplikace\/#breadcrumb"},"inLanguage":"cs","potentialAction":[{"@type":"ReadAction","target":["https:\/\/rothschenk.de\/cz\/epizoda-57-vzduchove-vaky-v-nakladnich-vozidlech-spravna-aplikace\/"]}]},{"@type":"ImageObject","inLanguage":"cs","@id":"https:\/\/rothschenk.de\/cz\/epizoda-57-vzduchove-vaky-v-nakladnich-vozidlech-spravna-aplikace\/#primaryimage","url":"https:\/\/rothschenk.de\/wp-content\/uploads\/2024\/05\/Neues-Projekt-4-2.jpg","contentUrl":"https:\/\/rothschenk.de\/wp-content\/uploads\/2024\/05\/Neues-Projekt-4-2.jpg","width":600,"height":454,"caption":"Dually Bag Staupolster auf dem LKW"},{"@type":"BreadcrumbList","@id":"https:\/\/rothschenk.de\/cz\/epizoda-57-vzduchove-vaky-v-nakladnich-vozidlech-spravna-aplikace\/#breadcrumb","itemListElement":[{"@type":"ListItem","position":1,"name":"Domovsk\u00e1 str\u00e1nka","item":"https:\/\/rothschenk.de\/cz\/domovska-stranka\/"},{"@type":"ListItem","position":2,"name":"Epizoda 57: Vzduchov\u00e9 vaky v n\u00e1kladn\u00edch vozidlech - spr\u00e1vn\u00e1 aplikace"}]},{"@type":"WebSite","@id":"https:\/\/rothschenk.de\/cz\/#website","url":"https:\/\/rothschenk.de\/cz\/","name":"Rothschenk - Der Online Shop f\u00fcr Ladungssicherung","description":"Der Online Shop f\u00fcr Ladungssicherung","potentialAction":[{"@type":"SearchAction","target":{"@type":"EntryPoint","urlTemplate":"https:\/\/rothschenk.de\/cz\/?s={search_term_string}"},"query-input":{"@type":"PropertyValueSpecification","valueRequired":true,"valueName":"search_term_string"}}],"inLanguage":"cs"},{"@type":"Person","@id":"https:\/\/rothschenk.de\/cz\/#\/schema\/person\/8878c3ce4ac9607e11b12c500ead07e8","name":"Sigurd Ehringer","image":{"@type":"ImageObject","inLanguage":"cs","@id":"https:\/\/rothschenk.de\/wp-content\/uploads\/2024\/02\/sigurd-ehringer-ladungssicherung-ausbilder-und-berater-96x96.jpg","url":"https:\/\/rothschenk.de\/wp-content\/uploads\/2024\/02\/sigurd-ehringer-ladungssicherung-ausbilder-und-berater-96x96.jpg","contentUrl":"https:\/\/rothschenk.de\/wp-content\/uploads\/2024\/02\/sigurd-ehringer-ladungssicherung-ausbilder-und-berater-96x96.jpg","caption":"Sigurd Ehringer"},"description":"\u2714 VDI-zertifizierter Ausbilder f\u00fcr Ladungssicherung \u2714 Fachbuch-Autor \u2714 8 Jahre Projektmanager \u2714 12 Jahre bei der Bundeswehr (Kompaniechef) \u2714 20 Jahre Vertriebserfahrung \u2714 seit 1996 Berater\/Ausbilder in der Logistik \u2714 44 Jahre Ausbilder\/Trainer in verschiedenen Bereichen ---&gt; In einer Reihe von Fachbeitr\u00e4gen aus der Praxis, zu Themen rund um den Container und LKW, erhalten Sie Profiwissen aus erster Hand. Wie sichert man Ladung korrekt und was sind die Grundlagen der Ladungssicherung? Erarbeitet und vorgestellt werden sie von Sigurd Ehringer, Inhaber von SE-LogCon.","url":"https:\/\/rothschenk.de\/cz\/author\/sigurd-ehringer\/"}]}},"_links":{"self":[{"href":"https:\/\/rothschenk.de\/cz\/wp-json\/wp\/v2\/posts\/734124","targetHints":{"allow":["GET"]}}],"collection":[{"href":"https:\/\/rothschenk.de\/cz\/wp-json\/wp\/v2\/posts"}],"about":[{"href":"https:\/\/rothschenk.de\/cz\/wp-json\/wp\/v2\/types\/post"}],"author":[{"embeddable":true,"href":"https:\/\/rothschenk.de\/cz\/wp-json\/wp\/v2\/users\/1536"}],"replies":[{"embeddable":true,"href":"https:\/\/rothschenk.de\/cz\/wp-json\/wp\/v2\/comments?post=734124"}],"version-history":[{"count":2,"href":"https:\/\/rothschenk.de\/cz\/wp-json\/wp\/v2\/posts\/734124\/revisions"}],"predecessor-version":[{"id":734137,"href":"https:\/\/rothschenk.de\/cz\/wp-json\/wp\/v2\/posts\/734124\/revisions\/734137"}],"wp:featuredmedia":[{"embeddable":true,"href":"https:\/\/rothschenk.de\/cz\/wp-json\/wp\/v2\/media\/684278"}],"wp:attachment":[{"href":"https:\/\/rothschenk.de\/cz\/wp-json\/wp\/v2\/media?parent=734124"}],"wp:term":[{"taxonomy":"category","embeddable":true,"href":"https:\/\/rothschenk.de\/cz\/wp-json\/wp\/v2\/categories?post=734124"},{"taxonomy":"post_tag","embeddable":true,"href":"https:\/\/rothschenk.de\/cz\/wp-json\/wp\/v2\/tags?post=734124"}],"curies":[{"name":"wp","href":"https:\/\/api.w.org\/{rel}","templated":true}]}}