{"id":678705,"date":"2024-12-04T14:52:46","date_gmt":"2024-12-04T13:52:46","guid":{"rendered":"https:\/\/rothschenk.de\/odcinek-51-kto-ponosi-odpowiedzialnosc-w-firmach-aspekty-strukturalne\/"},"modified":"2025-06-30T16:41:12","modified_gmt":"2025-06-30T14:41:12","slug":"odcinek-51-kto-ponosi-odpowiedzialnosc-w-firmach-aspekty-strukturalne","status":"publish","type":"post","link":"https:\/\/rothschenk.de\/pl\/odcinek-51-kto-ponosi-odpowiedzialnosc-w-firmach-aspekty-strukturalne\/","title":{"rendered":"Odcinek 51: Kto ponosi odpowiedzialno\u015b\u0107 w firmach? &#8211; Aspekty strukturalne"},"content":{"rendered":"\n<p>Po wyja\u015bnieniu podstawy prawnej w ostatnim artykule, niniejszy artyku\u0142 dotyczy kwestii, w jaki spos\u00f3b mo\u017cna zaprojektowa\u0107 organizacj\u0119, aby by\u0142a zgodna z prawem. Bezpiecze\u0144stwo prawne oznacza spe\u0142nienie warunk\u00f3w brzegowych okre\u015blonych w \u00a7 130 OWiG. <\/p>\n\n<p>Zasadniczo zawsze zak\u0142adam, \u017ce w ka\u017cdej firmie istnieje zgodna wola przestrzegania zasad i przepis\u00f3w. I to zawsze, a nie tylko wtedy, gdy korzy\u015b\u0107 jest po naszej stronie. Ka\u017cdy, kto nie jest na to przygotowany, powinien pomy\u015ble\u0107 za siebie.  <br\/><br\/>Po pierwsze, chcia\u0142bym powiedzie\u0107 co\u015b o &#8222;personelu&#8221;. W ka\u017cdej firmie s\u0105 wodzowie i Indianie. Idealnie by\u0142oby, gdyby by\u0142 jeden szef, a reszta to Indianie. Niestety, ta zasada nie jest ju\u017c tak \u0142atwa do przestrzegania w naszym wieloaspektowym \u015bwiecie pracy. Dlatego potrzebna jest jasna struktura.    <\/p>\n\n<div style=\"height:50px\" aria-hidden=\"true\" class=\"wp-block-spacer\"><\/div>\n\n<h2 class=\"wp-block-heading\">Piramida odpowiedzialno\u015bci<\/h2>\n\n<div class=\"wp-block-columns is-layout-flex wp-container-core-columns-is-layout-28f84493 wp-block-columns-is-layout-flex\">\n<div class=\"wp-block-column is-layout-flow wp-block-column-is-layout-flow\">\n<p>Chcia\u0142bym to zilustrowa\u0107 za pomoc\u0105 s\u0105siedniej grafiki.<br\/>Na g\u00f3rze znajduje si\u0119 przedsi\u0119biorca.<\/p>\n\n\n\n<p><br\/>Drugi poziom obejmuje osoby, kt\u00f3re wdra\u017caj\u0105 i wype\u0142niaj\u0105 niekt\u00f3re obowi\u0105zki przedsi\u0119biorcy w ich miejsce. Musz\u0105 one zosta\u0107 przez niego wyznaczone zgodnie z \u00a7 9 ust. 2 OWiG.<br\/>Trzeci poziom obejmuje pracownik\u00f3w, kt\u00f3rzy pracuj\u0105 wy\u0142\u0105cznie w imieniu firmy i wykonuj\u0105 specjalne zadania. S\u0105 to na przyk\u0142ad kierownicy zespo\u0142\u00f3w, kierownicy zmian itp.   <\/p>\n\n\n\n<p><br\/>Wszyscy pozostali pracownicy znajduj\u0105 si\u0119 na czwartym poziomie. Pomi\u0119dzy wszystkimi poziomami istnieje system kontroli i raportowania. Kontrola odbywa si\u0119 od g\u00f3ry do do\u0142u, a raportowanie od do\u0142u do g\u00f3ry.  <\/p>\n<\/div>\n\n\n\n<div class=\"wp-block-column is-layout-flow wp-block-column-is-layout-flow\">\n<figure class=\"wp-block-gallery has-nested-images columns-default is-cropped wp-block-gallery-1 is-layout-flex wp-block-gallery-is-layout-flex\">\n<figure data-wp-context=\"{&quot;imageId&quot;:&quot;69ec7cb617bc9&quot;}\" data-wp-interactive=\"core\/image\" data-wp-key=\"69ec7cb617bc9\" class=\"wp-block-image size-full wp-lightbox-container\"><img fetchpriority=\"high\" decoding=\"async\" width=\"620\" height=\"367\" data-wp-class--hide=\"state.isContentHidden\" data-wp-class--show=\"state.isContentVisible\" data-wp-init=\"callbacks.setButtonStyles\" data-wp-on--click=\"actions.showLightbox\" data-wp-on--load=\"callbacks.setButtonStyles\" data-wp-on-window--resize=\"callbacks.setButtonStyles\" data-id=\"411173\" src=\"https:\/\/rothschenk.de\/wp-content\/uploads\/2024\/12\/Verantwortung-im-Unternehmen-Hierarchie-Rothschenk-Ladungssicherung.jpg\" alt=\"Odpowiedzialno&#x15B;&#x107; w firmie Hierarchia Rothschenk Zabezpieczanie &#x142;adunku\" class=\"wp-image-411173\" style=\"object-fit:cover\" srcset=\"https:\/\/rothschenk.de\/wp-content\/uploads\/2024\/12\/Verantwortung-im-Unternehmen-Hierarchie-Rothschenk-Ladungssicherung.jpg 620w, https:\/\/rothschenk.de\/wp-content\/uploads\/2024\/12\/Verantwortung-im-Unternehmen-Hierarchie-Rothschenk-Ladungssicherung-300x178.jpg 300w, https:\/\/rothschenk.de\/wp-content\/uploads\/2024\/12\/Verantwortung-im-Unternehmen-Hierarchie-Rothschenk-Ladungssicherung-600x355.jpg 600w\" sizes=\"(max-width: 620px) 100vw, 620px\" \/><button\n\t\t\tclass=\"lightbox-trigger\"\n\t\t\ttype=\"button\"\n\t\t\taria-haspopup=\"dialog\"\n\t\t\taria-label=\"Powi\u0119ksz\"\n\t\t\tdata-wp-init=\"callbacks.initTriggerButton\"\n\t\t\tdata-wp-on--click=\"actions.showLightbox\"\n\t\t\tdata-wp-style--right=\"state.imageButtonRight\"\n\t\t\tdata-wp-style--top=\"state.imageButtonTop\"\n\t\t>\n\t\t\t<svg xmlns=\"http:\/\/www.w3.org\/2000\/svg\" width=\"12\" height=\"12\" fill=\"none\" viewBox=\"0 0 12 12\">\n\t\t\t\t<path fill=\"#fff\" d=\"M2 0a2 2 0 0 0-2 2v2h1.5V2a.5.5 0 0 1 .5-.5h2V0H2Zm2 10.5H2a.5.5 0 0 1-.5-.5V8H0v2a2 2 0 0 0 2 2h2v-1.5ZM8 12v-1.5h2a.5.5 0 0 0 .5-.5V8H12v2a2 2 0 0 1-2 2H8Zm2-12a2 2 0 0 1 2 2v2h-1.5V2a.5.5 0 0 0-.5-.5H8V0h2Z\" \/>\n\t\t\t<\/svg>\n\t\t<\/button><\/figure>\n<\/figure>\n<\/div>\n<\/div>\n\n<p>Niestety, w dzisiejszych czasach d\u0105\u017cenie do zniesienia hierarchii mija si\u0119 z celem. Jaki sens ma poci\u0105ganie lidera zespo\u0142u do odpowiedzialno\u015bci, je\u015bli nie mo\u017ce on\/nie jest w stanie przej\u0105\u0107 kontroli nad swoim zespo\u0142em, poniewa\u017c odm\u00f3wiono mu niezb\u0119dnej w\u0142adzy? Jest to jeden z powod\u00f3w, dla kt\u00f3rych sprawy id\u0105 \u017ale.  <\/p>\n\n<p>Schemat organizacyjny jest zwykle narz\u0119dziem u\u017cywanym do graficznego zilustrowania odpowiedzialno\u015bci, obowi\u0105zk\u00f3w i kontroli.<\/p>\n\n<div style=\"height:50px\" aria-hidden=\"true\" class=\"wp-block-spacer\"><\/div>\n\n<h2 class=\"wp-block-heading\">Schemat organizacyjny odpowiedzialno\u015bci<\/h2>\n\n<div class=\"wp-block-columns is-layout-flex wp-container-core-columns-is-layout-28f84493 wp-block-columns-is-layout-flex\">\n<div class=\"wp-block-column is-layout-flow wp-block-column-is-layout-flow\">\n<p>Ten fikcyjny schemat organizacyjny ma na celu zilustrowanie zasady, kto jest odpowiedzialny od g\u00f3ry do do\u0142u i kto komu podlega od do\u0142u do g\u00f3ry.<\/p>\n\n\n\n<p><br\/>Niedopuszczalne jest zatem, aby kierownik sprzeda\u017cy w pi\u0105tkowe popo\u0142udnie zmieni\u0142 zdanie kierownika logistyki i zdecydowa\u0142, \u017ce nieodpowiednia ci\u0119\u017car\u00f3wka i tak zostanie za\u0142adowana, poniewa\u017c z\u0142o\u017cy\u0142 obietnic\u0119 swojemu klientowi.<\/p>\n\n\n\n<p><br\/>Kto ponosi odpowiedzialno\u015b\u0107 w przypadku incydentu? Kierownik sprzeda\u017cy czy kierownik logistyki? <\/p>\n<\/div>\n\n\n\n<div class=\"wp-block-column is-layout-flow wp-block-column-is-layout-flow\">\n<figure class=\"wp-block-gallery has-nested-images columns-default is-cropped wp-block-gallery-2 is-layout-flex wp-block-gallery-is-layout-flex\">\n<figure data-wp-context=\"{&quot;imageId&quot;:&quot;69ec7cb61815e&quot;}\" data-wp-interactive=\"core\/image\" data-wp-key=\"69ec7cb61815e\" class=\"wp-block-image size-full wp-lightbox-container\"><img decoding=\"async\" width=\"591\" height=\"392\" data-wp-class--hide=\"state.isContentHidden\" data-wp-class--show=\"state.isContentVisible\" data-wp-init=\"callbacks.setButtonStyles\" data-wp-on--click=\"actions.showLightbox\" data-wp-on--load=\"callbacks.setButtonStyles\" data-wp-on-window--resize=\"callbacks.setButtonStyles\" data-id=\"411188\" src=\"https:\/\/rothschenk.de\/wp-content\/uploads\/2024\/12\/Verantwortung-im-Unternehmen-Organigramm-Rothschenk-Ladungssicherung.jpg\" alt=\"Odpowiedzialno&#x15B;&#x107; w firmie Schemat organizacyjny Zabezpieczenie &#x142;adunku Rothschenk\" class=\"wp-image-411188\" style=\"object-fit:cover\" srcset=\"https:\/\/rothschenk.de\/wp-content\/uploads\/2024\/12\/Verantwortung-im-Unternehmen-Organigramm-Rothschenk-Ladungssicherung.jpg 591w, https:\/\/rothschenk.de\/wp-content\/uploads\/2024\/12\/Verantwortung-im-Unternehmen-Organigramm-Rothschenk-Ladungssicherung-300x199.jpg 300w\" sizes=\"(max-width: 591px) 100vw, 591px\" \/><button\n\t\t\tclass=\"lightbox-trigger\"\n\t\t\ttype=\"button\"\n\t\t\taria-haspopup=\"dialog\"\n\t\t\taria-label=\"Powi\u0119ksz\"\n\t\t\tdata-wp-init=\"callbacks.initTriggerButton\"\n\t\t\tdata-wp-on--click=\"actions.showLightbox\"\n\t\t\tdata-wp-style--right=\"state.imageButtonRight\"\n\t\t\tdata-wp-style--top=\"state.imageButtonTop\"\n\t\t>\n\t\t\t<svg xmlns=\"http:\/\/www.w3.org\/2000\/svg\" width=\"12\" height=\"12\" fill=\"none\" viewBox=\"0 0 12 12\">\n\t\t\t\t<path fill=\"#fff\" d=\"M2 0a2 2 0 0 0-2 2v2h1.5V2a.5.5 0 0 1 .5-.5h2V0H2Zm2 10.5H2a.5.5 0 0 1-.5-.5V8H0v2a2 2 0 0 0 2 2h2v-1.5ZM8 12v-1.5h2a.5.5 0 0 0 .5-.5V8H12v2a2 2 0 0 1-2 2H8Zm2-12a2 2 0 0 1 2 2v2h-1.5V2a.5.5 0 0 0-.5-.5H8V0h2Z\" \/>\n\t\t\t<\/svg>\n\t\t<\/button><\/figure>\n<\/figure>\n<\/div>\n<\/div>\n\n<div class=\"wp-block-columns is-layout-flex wp-container-core-columns-is-layout-28f84493 wp-block-columns-is-layout-flex\">\n<div class=\"wp-block-column is-layout-flow wp-block-column-is-layout-flow\">\n<p>Ca\u0142o\u015b\u0107 mo\u017cna r\u00f3wnie\u017c zwizualizowa\u0107 jako tr\u00f3jno\u017cny sto\u0142ek. Nie zawsze stoi poziomo, ale te\u017c si\u0119 nie chwieje.<br\/>Realizacj\u0119 mo\u017cna sprowadzi\u0107 do trzech n\u00f3g: <\/p>\n\n\n\n<ul class=\"wp-block-list\">\n<li>\u015brodki organizacyjne<\/li>\n\n\n\n<li>\u015brodki techniczne i<\/li>\n\n\n\n<li>\u015arodki personalne<\/li>\n<\/ul>\n\n\n\n<p><\/p>\n<\/div>\n\n\n\n<div class=\"wp-block-column is-layout-flow wp-block-column-is-layout-flow\">\n<figure class=\"wp-block-gallery has-nested-images columns-default is-cropped wp-block-gallery-3 is-layout-flex wp-block-gallery-is-layout-flex\">\n<figure data-wp-context=\"{&quot;imageId&quot;:&quot;69ec7cb618784&quot;}\" data-wp-interactive=\"core\/image\" data-wp-key=\"69ec7cb618784\" class=\"wp-block-image size-full wp-lightbox-container\"><img decoding=\"async\" width=\"669\" height=\"632\" data-wp-class--hide=\"state.isContentHidden\" data-wp-class--show=\"state.isContentVisible\" data-wp-init=\"callbacks.setButtonStyles\" data-wp-on--click=\"actions.showLightbox\" data-wp-on--load=\"callbacks.setButtonStyles\" data-wp-on-window--resize=\"callbacks.setButtonStyles\" data-id=\"411194\" src=\"https:\/\/rothschenk.de\/wp-content\/uploads\/2024\/12\/Verantwortung-im-Unternehmen-Pflichten-als-Dreibeinhocker-Rothschenk-Ladungssicherung.jpg\" alt=\"Odpowiedzialno&#x15B;&#x107; w firmie Obowi&#x105;zki jako tr&#xF3;jno&#x17C;ny sto&#x142;ek Rothschenk Zabezpieczenie &#x142;adunku\" class=\"wp-image-411194\" style=\"object-fit:cover\" srcset=\"https:\/\/rothschenk.de\/wp-content\/uploads\/2024\/12\/Verantwortung-im-Unternehmen-Pflichten-als-Dreibeinhocker-Rothschenk-Ladungssicherung.jpg 669w, https:\/\/rothschenk.de\/wp-content\/uploads\/2024\/12\/Verantwortung-im-Unternehmen-Pflichten-als-Dreibeinhocker-Rothschenk-Ladungssicherung-300x283.jpg 300w, https:\/\/rothschenk.de\/wp-content\/uploads\/2024\/12\/Verantwortung-im-Unternehmen-Pflichten-als-Dreibeinhocker-Rothschenk-Ladungssicherung-600x567.jpg 600w\" sizes=\"(max-width: 669px) 100vw, 669px\" \/><button\n\t\t\tclass=\"lightbox-trigger\"\n\t\t\ttype=\"button\"\n\t\t\taria-haspopup=\"dialog\"\n\t\t\taria-label=\"Powi\u0119ksz\"\n\t\t\tdata-wp-init=\"callbacks.initTriggerButton\"\n\t\t\tdata-wp-on--click=\"actions.showLightbox\"\n\t\t\tdata-wp-style--right=\"state.imageButtonRight\"\n\t\t\tdata-wp-style--top=\"state.imageButtonTop\"\n\t\t>\n\t\t\t<svg xmlns=\"http:\/\/www.w3.org\/2000\/svg\" width=\"12\" height=\"12\" fill=\"none\" viewBox=\"0 0 12 12\">\n\t\t\t\t<path fill=\"#fff\" d=\"M2 0a2 2 0 0 0-2 2v2h1.5V2a.5.5 0 0 1 .5-.5h2V0H2Zm2 10.5H2a.5.5 0 0 1-.5-.5V8H0v2a2 2 0 0 0 2 2h2v-1.5ZM8 12v-1.5h2a.5.5 0 0 0 .5-.5V8H12v2a2 2 0 0 1-2 2H8Zm2-12a2 2 0 0 1 2 2v2h-1.5V2a.5.5 0 0 0-.5-.5H8V0h2Z\" \/>\n\t\t\t<\/svg>\n\t\t<\/button><\/figure>\n<\/figure>\n<\/div>\n<\/div>\n\n<h2 class=\"wp-block-heading\">\u015arodki organizacyjne<\/h2>\n\n<div class=\"wp-block-columns is-layout-flex wp-container-core-columns-is-layout-28f84493 wp-block-columns-is-layout-flex\">\n<div class=\"wp-block-column is-layout-flow wp-block-column-is-layout-flow\">\n<p>\u015arodki organizacyjne mo\u017cna wyszczeg\u00f3lni\u0107 w spos\u00f3b przedstawiony obok.<\/p>\n<\/div>\n\n\n\n<div class=\"wp-block-column is-layout-flow wp-block-column-is-layout-flow\">\n<ul class=\"wp-block-list\">\n<li>Mianowanie upowa\u017cnionych os\u00f3b<\/li>\n\n\n\n<li>Organizacja proces\u00f3w<\/li>\n\n\n\n<li>Tworzenie instrukcji<\/li>\n\n\n\n<li>Opracowanie list kontrolnych<\/li>\n\n\n\n<li>Monitorowanie wykonania<\/li>\n\n\n\n<li>Definicja 100% kontroli<\/li>\n\n\n\n<li>Definicja kontroli losowych<\/li>\n<\/ul>\n\n\n\n<ul class=\"wp-block-list\">\n<li><\/li>\n<\/ul>\n<\/div>\n<\/div>\n\n<h2 class=\"wp-block-heading\">\u015arodki techniczne<\/h2>\n\n<div class=\"wp-block-columns is-layout-flex wp-container-core-columns-is-layout-28f84493 wp-block-columns-is-layout-flex\">\n<div class=\"wp-block-column is-layout-flow wp-block-column-is-layout-flow\">\n<p>\u015arodki techniczne mo\u017cna podzieli\u0107 w nast\u0119puj\u0105cy spos\u00f3b.<\/p>\n<\/div>\n\n\n\n<div class=\"wp-block-column is-layout-flow wp-block-column-is-layout-flow\">\n<p>Definicja<\/p>\n\n\n\n<ul class=\"wp-block-list\">\n<li>Sprz\u0119t do za\u0142adunku i roz\u0142adunku<\/li>\n\n\n\n<li>Wymagania dotycz\u0105ce produktu<\/li>\n\n\n\n<li>Wymagania dotycz\u0105ce pojazdu<\/li>\n\n\n\n<li>Sprz\u0119t do zabezpieczania \u0142adunku<\/li>\n\n\n\n<li>Metoda \u0142adowania i zabezpieczania<\/li>\n<\/ul>\n<\/div>\n<\/div>\n\n<div class=\"wp-block-columns is-layout-flex wp-container-core-columns-is-layout-28f84493 wp-block-columns-is-layout-flex\">\n<div class=\"wp-block-column is-layout-flow wp-block-column-is-layout-flow\">\n<h2 class=\"wp-block-heading\">\u015arodki personalne<\/h2>\n\n\n\n<p>\u015arodki personalne mog\u0105\/musz\u0105 by\u0107. Harmonogram, w kt\u00f3rym \u015brodki s\u0105 roz\u0142o\u017cone na ca\u0142y rok, ma sens.   <\/p>\n\n\n\n<p>Oznacza to, \u017ce \u015brodki nie zawsze s\u0105 wciskane w ostatnie dwa miesi\u0105ce, kiedy nagle zdajemy sobie spraw\u0119, \u017ce rok ko\u0144czy si\u0119 31 grudnia. <\/p>\n<\/div>\n\n\n\n<div class=\"wp-block-column is-layout-flow wp-block-column-is-layout-flow\">\n<ul class=\"wp-block-list\">\n<li>Kursy szkoleniowe<\/li>\n\n\n\n<li>Instrukcje<\/li>\n\n\n\n<li>Dalsze szkolenie<\/li>\n<\/ul>\n<\/div>\n<\/div>\n\n<p>Oczywi\u015bcie ka\u017cda firma musi dopracowa\u0107 i precyzyjnie opisa\u0107 t\u0119 przybli\u017con\u0105 struktur\u0119 dla siebie.<\/p>\n\n<p><br\/>Tak zaprojektowana struktura organizacyjna nie zwalnia jednak dyrektora zarz\u0105dzaj\u0105cego z odpowiedzialno\u015bci. Musi on dopilnowa\u0107, aby wszystko przebiega\u0142o sprawnie. Praktyka pokazuje jednak, \u017ce zawsze zdarzaj\u0105 si\u0119 sytuacje, kt\u00f3re nie id\u0105 zgodnie z planem. Aby je zminimalizowa\u0107, wszystkie osoby odpowiedzialne powinny zna\u0107 sw\u00f3j obszar i wiedzie\u0107, jak przebiega codzienna dzia\u0142alno\u015b\u0107. Osoba odpowiedzialna, kt\u00f3ra nigdy nie odwiedza swojego obszaru, aby wyrobi\u0107 sobie zdanie, pr\u0119dzej czy p\u00f3\u017aniej upadnie na twarz.    <\/p>\n\n<p><br\/>Je\u015bli rozwin\u0119\u0142a si\u0119 kultura korporacyjna, w kt\u00f3rej nikt nie ma odwagi zg\u0142asza\u0107 negatywnych wiadomo\u015bci na szczyt, to w pewnym momencie incydenty, wypadki, uszkodzenia lub podobne ujawni\u0105 ten stan rzeczy. Nawet je\u015bli kapitan ma pierwszego oficera i sternika, b\u0119dzie on regularnie przebywa\u0142 na mostku, aby sprawdzi\u0107, czy statek znajduje si\u0119 na w\u0142a\u015bciwym kursie. Podstawowym stwierdzeniem przepis\u00f3w dotycz\u0105cych obsady za\u0142ogowej jest to, \u017ce &#8222;za\u0142oga musi by\u0107 tak skomponowana, aby statek <em><strong>m\u00f3g\u0142 by\u0107 zawsze bezpiecznie nawigowany w ka\u017cdych warunkach<\/strong><\/em>&#8222;. Ka\u017cdy dyrektor zarz\u0105dzaj\u0105cy, kierownik operacyjny lub podobna osoba powinna przyj\u0105\u0107 t\u0119 podstawow\u0105 zasad\u0119.   <\/p>\n\n<p><br\/>W nast\u0119pnej cz\u0119\u015bci zag\u0142\u0119bimy si\u0119 jeszcze bardziej w praktyczn\u0105 stron\u0119 rzeczy. B\u0105d\u017a na bie\u017c\u0105co. <\/p>\n\n<p><strong>Z powa\u017caniem, Sigurd Ehringer<\/strong><\/p>\n\n<div style=\"height:50px\" aria-hidden=\"true\" class=\"wp-block-spacer\"><\/div>\n\n<div class=\"wp-block-columns is-layout-flex wp-container-core-columns-is-layout-28f84493 wp-block-columns-is-layout-flex\">\n<div class=\"wp-block-column is-layout-flow wp-block-column-is-layout-flow\">\n<p>&lt;&lt;  Previous Post<br\/><a href=\"https:\/\/rothschenk.de\/pl\/odcinek-50-kto-jest-odpowiedzialny-za-ladowanie-w-firmach\/\">Odcinek 50: Kto jest odpowiedzialny za \u0142adowanie w firmach?<\/a><\/p>\n<\/div>\n\n\n\n<div class=\"wp-block-column is-layout-flow wp-block-column-is-layout-flow\">\n<p class=\"has-text-align-right\">Nast\u0119pny artyku\u0142 &gt;&gt;<br\/><a href=\"https:\/\/rothschenk.de\/pl\/odcinek-52-kto-jest-odpowiedzialny-w-organizacjach-siedem-mozliwych-do-unikniecia-bledow-w-organizacji\/\">Odcinek 52: Kto ponosi odpowiedzialno\u015b\u0107 w firmach &#8211; b\u0142\u0119dy, kt\u00f3rych nale\u017cy unika\u0107<\/a><\/p>\n<\/div>\n<\/div>\n\n<div class=\"wp-block-columns alignfull are-vertically-aligned-center has-background is-layout-flex wp-container-core-columns-is-layout-28f84493 wp-block-columns-is-layout-flex\" style=\"background-color:#516062\">\n<div class=\"wp-block-column blog_autor_zusatz is-layout-flow wp-block-column-is-layout-flow\" style=\"flex-basis:10vw\"><\/div>\n\n\n\n<div class=\"wp-block-column is-vertically-aligned-center is-layout-flow wp-block-column-is-layout-flow\" style=\"flex-basis:20%\">\n<figure class=\"wp-block-image aligncenter size-large is-resized is-style-rounded\"><img loading=\"lazy\" decoding=\"async\" width=\"1024\" height=\"1024\" src=\"https:\/\/rothschenk.de\/wp-content\/uploads\/2024\/02\/sigurd-ehringer-ladungssicherung-ausbilder-und-berater-1024x1024.jpg\" alt=\"\" class=\"wp-image-143199\" style=\"width:150px\" srcset=\"https:\/\/rothschenk.de\/wp-content\/uploads\/2024\/02\/sigurd-ehringer-ladungssicherung-ausbilder-und-berater-1024x1024.jpg 1024w, https:\/\/rothschenk.de\/wp-content\/uploads\/2024\/02\/sigurd-ehringer-ladungssicherung-ausbilder-und-berater-300x300.jpg 300w, https:\/\/rothschenk.de\/wp-content\/uploads\/2024\/02\/sigurd-ehringer-ladungssicherung-ausbilder-und-berater-150x150.jpg 150w, https:\/\/rothschenk.de\/wp-content\/uploads\/2024\/02\/sigurd-ehringer-ladungssicherung-ausbilder-und-berater-768x767.jpg 768w, https:\/\/rothschenk.de\/wp-content\/uploads\/2024\/02\/sigurd-ehringer-ladungssicherung-ausbilder-und-berater-600x600.jpg 600w, https:\/\/rothschenk.de\/wp-content\/uploads\/2024\/02\/sigurd-ehringer-ladungssicherung-ausbilder-und-berater-100x100.jpg 100w, https:\/\/rothschenk.de\/wp-content\/uploads\/2024\/02\/sigurd-ehringer-ladungssicherung-ausbilder-und-berater.jpg 1500w\" sizes=\"(max-width: 1024px) 100vw, 1024px\" \/><\/figure>\n<\/div>\n\n\n\n<div class=\"wp-block-column is-vertically-aligned-center is-layout-flow wp-block-column-is-layout-flow\"><div class=\"wp-block-post-author\"><div class=\"wp-block-post-author__content\"><p class=\"wp-block-post-author__name\">Thomas Bauer<\/p><p class=\"wp-block-post-author__bio\">\u2714 Marketing | Web | CI<\/p><\/div><\/div><\/div>\n\n\n\n<div class=\"wp-block-column blog_autor_zusatz is-layout-flow wp-block-column-is-layout-flow\" style=\"flex-basis:10vw\"><\/div>\n<\/div>\n\n<p><\/p>\n","protected":false},"excerpt":{"rendered":"<p>Po wyja\u015bnieniu podstawy prawnej w ostatnim artykule, niniejszy artyku\u0142 dotyczy kwestii, w jaki spos\u00f3b mo\u017cna zaprojektowa\u0107 organizacj\u0119, aby by\u0142a zgodna z prawem. Bezpiecze\u0144stwo prawne oznacza spe\u0142nienie warunk\u00f3w brzegowych okre\u015blonych w \u00a7 130 OWiG. Zasadniczo zawsze zak\u0142adam, \u017ce w ka\u017cdej firmie istnieje zgodna wola przestrzegania zasad i przepis\u00f3w. I to zawsze, a nie tylko wtedy, gdy [&hellip;]<\/p>\n","protected":false},"author":1540,"featured_media":678709,"comment_status":"open","ping_status":"closed","sticky":false,"template":"","format":"standard","meta":{"_acf_changed":false,"footnotes":""},"categories":[893,896],"tags":[],"class_list":["post-678705","post","type-post","status-publish","format-standard","has-post-thumbnail","hentry","category-blog-cargo","category-kwestie-prawne"],"acf":[],"yoast_head":"<!-- This site is optimized with the Yoast SEO plugin v27.4 - https:\/\/yoast.com\/product\/yoast-seo-wordpress\/ -->\n<title>Kto jest odpowiedzialny za za\u0142adunek w firmach?<\/title>\n<meta name=\"description\" content=\"Kto jest odpowiedzialny? Aspekty strukturalne \u2714 Schemat organizacyjny \u2714 Procedury i protoko\u0142y \u2714 BLOG Rothschenka\" \/>\n<meta name=\"robots\" content=\"index, follow, max-snippet:-1, max-image-preview:large, max-video-preview:-1\" \/>\n<link rel=\"canonical\" href=\"https:\/\/rothschenk.de\/pl\/odcinek-51-kto-ponosi-odpowiedzialnosc-w-firmach-aspekty-strukturalne\/\" \/>\n<meta property=\"og:locale\" content=\"pl_PL\" \/>\n<meta property=\"og:type\" content=\"article\" \/>\n<meta property=\"og:title\" content=\"Kto jest odpowiedzialny za za\u0142adunek w firmach?\" \/>\n<meta property=\"og:description\" content=\"Kto jest odpowiedzialny? Aspekty strukturalne \u2714 Schemat organizacyjny \u2714 Procedury i protoko\u0142y \u2714 BLOG Rothschenka\" \/>\n<meta property=\"og:url\" content=\"https:\/\/rothschenk.de\/pl\/odcinek-51-kto-ponosi-odpowiedzialnosc-w-firmach-aspekty-strukturalne\/\" \/>\n<meta property=\"og:site_name\" content=\"Rothschenk\" \/>\n<meta property=\"article:publisher\" content=\"https:\/\/de-de.facebook.com\/FirmaRothschenk\/\" \/>\n<meta property=\"article:published_time\" content=\"2024-12-04T13:52:46+00:00\" \/>\n<meta property=\"article:modified_time\" content=\"2025-06-30T14:41:12+00:00\" \/>\n<meta property=\"og:image\" content=\"https:\/\/rothschenk.de\/wp-content\/uploads\/2023\/03\/ihk-interview-rothschenk-ladungssicherung-nachhaltigkeit-pionier-nachhaltiges-wachstum-iwm-magazin-3-2.jpg\" \/>\n\t<meta property=\"og:image:width\" content=\"900\" \/>\n\t<meta property=\"og:image:height\" content=\"600\" \/>\n\t<meta property=\"og:image:type\" content=\"image\/jpeg\" \/>\n<meta name=\"author\" content=\"Thomas Bauer\" \/>\n<meta name=\"twitter:card\" content=\"summary_large_image\" \/>\n<meta name=\"twitter:label1\" content=\"Napisane przez\" \/>\n\t<meta name=\"twitter:data1\" content=\"Thomas Bauer\" \/>\n\t<meta name=\"twitter:label2\" content=\"Szacowany czas czytania\" \/>\n\t<meta name=\"twitter:data2\" content=\"4 minuty\" \/>\n<script type=\"application\/ld+json\" class=\"yoast-schema-graph\">{\"@context\":\"https:\\\/\\\/schema.org\",\"@graph\":[{\"@type\":\"Article\",\"@id\":\"https:\\\/\\\/rothschenk.de\\\/pl\\\/odcinek-51-kto-ponosi-odpowiedzialnosc-w-firmach-aspekty-strukturalne\\\/#article\",\"isPartOf\":{\"@id\":\"https:\\\/\\\/rothschenk.de\\\/pl\\\/odcinek-51-kto-ponosi-odpowiedzialnosc-w-firmach-aspekty-strukturalne\\\/\"},\"author\":{\"name\":\"Thomas Bauer\",\"@id\":\"https:\\\/\\\/rothschenk.de\\\/pl\\\/#\\\/schema\\\/person\\\/468caeaeceb0b408dec779a2acc5ec46\"},\"headline\":\"Odcinek 51: Kto ponosi odpowiedzialno\u015b\u0107 w firmach? &#8211; Aspekty strukturalne\",\"datePublished\":\"2024-12-04T13:52:46+00:00\",\"dateModified\":\"2025-06-30T14:41:12+00:00\",\"mainEntityOfPage\":{\"@id\":\"https:\\\/\\\/rothschenk.de\\\/pl\\\/odcinek-51-kto-ponosi-odpowiedzialnosc-w-firmach-aspekty-strukturalne\\\/\"},\"wordCount\":820,\"commentCount\":0,\"image\":{\"@id\":\"https:\\\/\\\/rothschenk.de\\\/pl\\\/odcinek-51-kto-ponosi-odpowiedzialnosc-w-firmach-aspekty-strukturalne\\\/#primaryimage\"},\"thumbnailUrl\":\"https:\\\/\\\/rothschenk.de\\\/wp-content\\\/uploads\\\/2023\\\/03\\\/ihk-interview-rothschenk-ladungssicherung-nachhaltigkeit-pionier-nachhaltiges-wachstum-iwm-magazin-3-2.jpg\",\"articleSection\":[\"Blog Cargo\",\"Kwestie prawne\"],\"inLanguage\":\"pl-PL\",\"potentialAction\":[{\"@type\":\"CommentAction\",\"name\":\"Comment\",\"target\":[\"https:\\\/\\\/rothschenk.de\\\/pl\\\/odcinek-51-kto-ponosi-odpowiedzialnosc-w-firmach-aspekty-strukturalne\\\/#respond\"]}]},{\"@type\":\"WebPage\",\"@id\":\"https:\\\/\\\/rothschenk.de\\\/pl\\\/odcinek-51-kto-ponosi-odpowiedzialnosc-w-firmach-aspekty-strukturalne\\\/\",\"url\":\"https:\\\/\\\/rothschenk.de\\\/pl\\\/odcinek-51-kto-ponosi-odpowiedzialnosc-w-firmach-aspekty-strukturalne\\\/\",\"name\":\"Kto jest odpowiedzialny za za\u0142adunek w firmach?\",\"isPartOf\":{\"@id\":\"https:\\\/\\\/rothschenk.de\\\/pl\\\/#website\"},\"primaryImageOfPage\":{\"@id\":\"https:\\\/\\\/rothschenk.de\\\/pl\\\/odcinek-51-kto-ponosi-odpowiedzialnosc-w-firmach-aspekty-strukturalne\\\/#primaryimage\"},\"image\":{\"@id\":\"https:\\\/\\\/rothschenk.de\\\/pl\\\/odcinek-51-kto-ponosi-odpowiedzialnosc-w-firmach-aspekty-strukturalne\\\/#primaryimage\"},\"thumbnailUrl\":\"https:\\\/\\\/rothschenk.de\\\/wp-content\\\/uploads\\\/2023\\\/03\\\/ihk-interview-rothschenk-ladungssicherung-nachhaltigkeit-pionier-nachhaltiges-wachstum-iwm-magazin-3-2.jpg\",\"datePublished\":\"2024-12-04T13:52:46+00:00\",\"dateModified\":\"2025-06-30T14:41:12+00:00\",\"author\":{\"@id\":\"https:\\\/\\\/rothschenk.de\\\/pl\\\/#\\\/schema\\\/person\\\/468caeaeceb0b408dec779a2acc5ec46\"},\"description\":\"Kto jest odpowiedzialny? Aspekty strukturalne \u2714 Schemat organizacyjny \u2714 Procedury i protoko\u0142y \u2714 BLOG Rothschenka\",\"breadcrumb\":{\"@id\":\"https:\\\/\\\/rothschenk.de\\\/pl\\\/odcinek-51-kto-ponosi-odpowiedzialnosc-w-firmach-aspekty-strukturalne\\\/#breadcrumb\"},\"inLanguage\":\"pl-PL\",\"potentialAction\":[{\"@type\":\"ReadAction\",\"target\":[\"https:\\\/\\\/rothschenk.de\\\/pl\\\/odcinek-51-kto-ponosi-odpowiedzialnosc-w-firmach-aspekty-strukturalne\\\/\"]}]},{\"@type\":\"ImageObject\",\"inLanguage\":\"pl-PL\",\"@id\":\"https:\\\/\\\/rothschenk.de\\\/pl\\\/odcinek-51-kto-ponosi-odpowiedzialnosc-w-firmach-aspekty-strukturalne\\\/#primaryimage\",\"url\":\"https:\\\/\\\/rothschenk.de\\\/wp-content\\\/uploads\\\/2023\\\/03\\\/ihk-interview-rothschenk-ladungssicherung-nachhaltigkeit-pionier-nachhaltiges-wachstum-iwm-magazin-3-2.jpg\",\"contentUrl\":\"https:\\\/\\\/rothschenk.de\\\/wp-content\\\/uploads\\\/2023\\\/03\\\/ihk-interview-rothschenk-ladungssicherung-nachhaltigkeit-pionier-nachhaltiges-wachstum-iwm-magazin-3-2.jpg\",\"width\":900,\"height\":600},{\"@type\":\"BreadcrumbList\",\"@id\":\"https:\\\/\\\/rothschenk.de\\\/pl\\\/odcinek-51-kto-ponosi-odpowiedzialnosc-w-firmach-aspekty-strukturalne\\\/#breadcrumb\",\"itemListElement\":[{\"@type\":\"ListItem\",\"position\":1,\"name\":\"Strona g\u0142\u00f3wna\",\"item\":\"https:\\\/\\\/rothschenk.de\\\/pl\\\/strona-glowna\\\/\"},{\"@type\":\"ListItem\",\"position\":2,\"name\":\"Odcinek 51: Kto ponosi odpowiedzialno\u015b\u0107 w firmach? - Aspekty strukturalne\"}]},{\"@type\":\"WebSite\",\"@id\":\"https:\\\/\\\/rothschenk.de\\\/pl\\\/#website\",\"url\":\"https:\\\/\\\/rothschenk.de\\\/pl\\\/\",\"name\":\"Rothschenk - Der Online Shop f\u00fcr Ladungssicherung\",\"description\":\"Der Online Shop f\u00fcr Ladungssicherung\",\"potentialAction\":[{\"@type\":\"SearchAction\",\"target\":{\"@type\":\"EntryPoint\",\"urlTemplate\":\"https:\\\/\\\/rothschenk.de\\\/pl\\\/?s={search_term_string}\"},\"query-input\":{\"@type\":\"PropertyValueSpecification\",\"valueRequired\":true,\"valueName\":\"search_term_string\"}}],\"inLanguage\":\"pl-PL\"},{\"@type\":\"Person\",\"@id\":\"https:\\\/\\\/rothschenk.de\\\/pl\\\/#\\\/schema\\\/person\\\/468caeaeceb0b408dec779a2acc5ec46\",\"name\":\"Thomas Bauer\",\"image\":{\"@type\":\"ImageObject\",\"inLanguage\":\"pl-PL\",\"@id\":\"https:\\\/\\\/rothschenk.de\\\/wp-content\\\/uploads\\\/2024\\\/03\\\/cropped-cropped-Rothschenk-logo-ladungssicherung-1-96x96.png\",\"url\":\"https:\\\/\\\/rothschenk.de\\\/wp-content\\\/uploads\\\/2024\\\/03\\\/cropped-cropped-Rothschenk-logo-ladungssicherung-1-96x96.png\",\"contentUrl\":\"https:\\\/\\\/rothschenk.de\\\/wp-content\\\/uploads\\\/2024\\\/03\\\/cropped-cropped-Rothschenk-logo-ladungssicherung-1-96x96.png\",\"caption\":\"Thomas Bauer\"},\"description\":\"\u2714 Marketing | Web | CI\",\"url\":\"https:\\\/\\\/rothschenk.de\\\/pl\\\/author\\\/thomas-bauer\\\/\"}]}<\/script>\n<!-- \/ Yoast SEO plugin. -->","yoast_head_json":{"title":"Kto jest odpowiedzialny za za\u0142adunek w firmach?","description":"Kto jest odpowiedzialny? Aspekty strukturalne \u2714 Schemat organizacyjny \u2714 Procedury i protoko\u0142y \u2714 BLOG Rothschenka","robots":{"index":"index","follow":"follow","max-snippet":"max-snippet:-1","max-image-preview":"max-image-preview:large","max-video-preview":"max-video-preview:-1"},"canonical":"https:\/\/rothschenk.de\/pl\/odcinek-51-kto-ponosi-odpowiedzialnosc-w-firmach-aspekty-strukturalne\/","og_locale":"pl_PL","og_type":"article","og_title":"Kto jest odpowiedzialny za za\u0142adunek w firmach?","og_description":"Kto jest odpowiedzialny? Aspekty strukturalne \u2714 Schemat organizacyjny \u2714 Procedury i protoko\u0142y \u2714 BLOG Rothschenka","og_url":"https:\/\/rothschenk.de\/pl\/odcinek-51-kto-ponosi-odpowiedzialnosc-w-firmach-aspekty-strukturalne\/","og_site_name":"Rothschenk","article_publisher":"https:\/\/de-de.facebook.com\/FirmaRothschenk\/","article_published_time":"2024-12-04T13:52:46+00:00","article_modified_time":"2025-06-30T14:41:12+00:00","og_image":[{"width":900,"height":600,"url":"https:\/\/rothschenk.de\/wp-content\/uploads\/2023\/03\/ihk-interview-rothschenk-ladungssicherung-nachhaltigkeit-pionier-nachhaltiges-wachstum-iwm-magazin-3-2.jpg","type":"image\/jpeg"}],"author":"Thomas Bauer","twitter_card":"summary_large_image","twitter_misc":{"Napisane przez":"Thomas Bauer","Szacowany czas czytania":"4 minuty"},"schema":{"@context":"https:\/\/schema.org","@graph":[{"@type":"Article","@id":"https:\/\/rothschenk.de\/pl\/odcinek-51-kto-ponosi-odpowiedzialnosc-w-firmach-aspekty-strukturalne\/#article","isPartOf":{"@id":"https:\/\/rothschenk.de\/pl\/odcinek-51-kto-ponosi-odpowiedzialnosc-w-firmach-aspekty-strukturalne\/"},"author":{"name":"Thomas Bauer","@id":"https:\/\/rothschenk.de\/pl\/#\/schema\/person\/468caeaeceb0b408dec779a2acc5ec46"},"headline":"Odcinek 51: Kto ponosi odpowiedzialno\u015b\u0107 w firmach? &#8211; Aspekty strukturalne","datePublished":"2024-12-04T13:52:46+00:00","dateModified":"2025-06-30T14:41:12+00:00","mainEntityOfPage":{"@id":"https:\/\/rothschenk.de\/pl\/odcinek-51-kto-ponosi-odpowiedzialnosc-w-firmach-aspekty-strukturalne\/"},"wordCount":820,"commentCount":0,"image":{"@id":"https:\/\/rothschenk.de\/pl\/odcinek-51-kto-ponosi-odpowiedzialnosc-w-firmach-aspekty-strukturalne\/#primaryimage"},"thumbnailUrl":"https:\/\/rothschenk.de\/wp-content\/uploads\/2023\/03\/ihk-interview-rothschenk-ladungssicherung-nachhaltigkeit-pionier-nachhaltiges-wachstum-iwm-magazin-3-2.jpg","articleSection":["Blog Cargo","Kwestie prawne"],"inLanguage":"pl-PL","potentialAction":[{"@type":"CommentAction","name":"Comment","target":["https:\/\/rothschenk.de\/pl\/odcinek-51-kto-ponosi-odpowiedzialnosc-w-firmach-aspekty-strukturalne\/#respond"]}]},{"@type":"WebPage","@id":"https:\/\/rothschenk.de\/pl\/odcinek-51-kto-ponosi-odpowiedzialnosc-w-firmach-aspekty-strukturalne\/","url":"https:\/\/rothschenk.de\/pl\/odcinek-51-kto-ponosi-odpowiedzialnosc-w-firmach-aspekty-strukturalne\/","name":"Kto jest odpowiedzialny za za\u0142adunek w firmach?","isPartOf":{"@id":"https:\/\/rothschenk.de\/pl\/#website"},"primaryImageOfPage":{"@id":"https:\/\/rothschenk.de\/pl\/odcinek-51-kto-ponosi-odpowiedzialnosc-w-firmach-aspekty-strukturalne\/#primaryimage"},"image":{"@id":"https:\/\/rothschenk.de\/pl\/odcinek-51-kto-ponosi-odpowiedzialnosc-w-firmach-aspekty-strukturalne\/#primaryimage"},"thumbnailUrl":"https:\/\/rothschenk.de\/wp-content\/uploads\/2023\/03\/ihk-interview-rothschenk-ladungssicherung-nachhaltigkeit-pionier-nachhaltiges-wachstum-iwm-magazin-3-2.jpg","datePublished":"2024-12-04T13:52:46+00:00","dateModified":"2025-06-30T14:41:12+00:00","author":{"@id":"https:\/\/rothschenk.de\/pl\/#\/schema\/person\/468caeaeceb0b408dec779a2acc5ec46"},"description":"Kto jest odpowiedzialny? Aspekty strukturalne \u2714 Schemat organizacyjny \u2714 Procedury i protoko\u0142y \u2714 BLOG Rothschenka","breadcrumb":{"@id":"https:\/\/rothschenk.de\/pl\/odcinek-51-kto-ponosi-odpowiedzialnosc-w-firmach-aspekty-strukturalne\/#breadcrumb"},"inLanguage":"pl-PL","potentialAction":[{"@type":"ReadAction","target":["https:\/\/rothschenk.de\/pl\/odcinek-51-kto-ponosi-odpowiedzialnosc-w-firmach-aspekty-strukturalne\/"]}]},{"@type":"ImageObject","inLanguage":"pl-PL","@id":"https:\/\/rothschenk.de\/pl\/odcinek-51-kto-ponosi-odpowiedzialnosc-w-firmach-aspekty-strukturalne\/#primaryimage","url":"https:\/\/rothschenk.de\/wp-content\/uploads\/2023\/03\/ihk-interview-rothschenk-ladungssicherung-nachhaltigkeit-pionier-nachhaltiges-wachstum-iwm-magazin-3-2.jpg","contentUrl":"https:\/\/rothschenk.de\/wp-content\/uploads\/2023\/03\/ihk-interview-rothschenk-ladungssicherung-nachhaltigkeit-pionier-nachhaltiges-wachstum-iwm-magazin-3-2.jpg","width":900,"height":600},{"@type":"BreadcrumbList","@id":"https:\/\/rothschenk.de\/pl\/odcinek-51-kto-ponosi-odpowiedzialnosc-w-firmach-aspekty-strukturalne\/#breadcrumb","itemListElement":[{"@type":"ListItem","position":1,"name":"Strona g\u0142\u00f3wna","item":"https:\/\/rothschenk.de\/pl\/strona-glowna\/"},{"@type":"ListItem","position":2,"name":"Odcinek 51: Kto ponosi odpowiedzialno\u015b\u0107 w firmach? - Aspekty strukturalne"}]},{"@type":"WebSite","@id":"https:\/\/rothschenk.de\/pl\/#website","url":"https:\/\/rothschenk.de\/pl\/","name":"Rothschenk - Der Online Shop f\u00fcr Ladungssicherung","description":"Der Online Shop f\u00fcr Ladungssicherung","potentialAction":[{"@type":"SearchAction","target":{"@type":"EntryPoint","urlTemplate":"https:\/\/rothschenk.de\/pl\/?s={search_term_string}"},"query-input":{"@type":"PropertyValueSpecification","valueRequired":true,"valueName":"search_term_string"}}],"inLanguage":"pl-PL"},{"@type":"Person","@id":"https:\/\/rothschenk.de\/pl\/#\/schema\/person\/468caeaeceb0b408dec779a2acc5ec46","name":"Thomas Bauer","image":{"@type":"ImageObject","inLanguage":"pl-PL","@id":"https:\/\/rothschenk.de\/wp-content\/uploads\/2024\/03\/cropped-cropped-Rothschenk-logo-ladungssicherung-1-96x96.png","url":"https:\/\/rothschenk.de\/wp-content\/uploads\/2024\/03\/cropped-cropped-Rothschenk-logo-ladungssicherung-1-96x96.png","contentUrl":"https:\/\/rothschenk.de\/wp-content\/uploads\/2024\/03\/cropped-cropped-Rothschenk-logo-ladungssicherung-1-96x96.png","caption":"Thomas Bauer"},"description":"\u2714 Marketing | Web | CI","url":"https:\/\/rothschenk.de\/pl\/author\/thomas-bauer\/"}]}},"_links":{"self":[{"href":"https:\/\/rothschenk.de\/pl\/wp-json\/wp\/v2\/posts\/678705","targetHints":{"allow":["GET"]}}],"collection":[{"href":"https:\/\/rothschenk.de\/pl\/wp-json\/wp\/v2\/posts"}],"about":[{"href":"https:\/\/rothschenk.de\/pl\/wp-json\/wp\/v2\/types\/post"}],"author":[{"embeddable":true,"href":"https:\/\/rothschenk.de\/pl\/wp-json\/wp\/v2\/users\/1540"}],"replies":[{"embeddable":true,"href":"https:\/\/rothschenk.de\/pl\/wp-json\/wp\/v2\/comments?post=678705"}],"version-history":[{"count":1,"href":"https:\/\/rothschenk.de\/pl\/wp-json\/wp\/v2\/posts\/678705\/revisions"}],"predecessor-version":[{"id":678710,"href":"https:\/\/rothschenk.de\/pl\/wp-json\/wp\/v2\/posts\/678705\/revisions\/678710"}],"wp:featuredmedia":[{"embeddable":true,"href":"https:\/\/rothschenk.de\/pl\/wp-json\/wp\/v2\/media\/678709"}],"wp:attachment":[{"href":"https:\/\/rothschenk.de\/pl\/wp-json\/wp\/v2\/media?parent=678705"}],"wp:term":[{"taxonomy":"category","embeddable":true,"href":"https:\/\/rothschenk.de\/pl\/wp-json\/wp\/v2\/categories?post=678705"},{"taxonomy":"post_tag","embeddable":true,"href":"https:\/\/rothschenk.de\/pl\/wp-json\/wp\/v2\/tags?post=678705"}],"curies":[{"name":"wp","href":"https:\/\/api.w.org\/{rel}","templated":true}]}}