{"id":679719,"date":"2022-05-25T10:49:22","date_gmt":"2022-05-25T08:49:22","guid":{"rendered":"https:\/\/rothschenk.de\/32-dni-towarow-niebezpiecznych-w-monachium\/"},"modified":"2025-06-30T16:53:55","modified_gmt":"2025-06-30T14:53:55","slug":"32-dni-towarow-niebezpiecznych-w-monachium","status":"publish","type":"post","link":"https:\/\/rothschenk.de\/pl\/32-dni-towarow-niebezpiecznych-w-monachium\/","title":{"rendered":"32 Dni Towar\u00f3w Niebezpiecznych w Monachium"},"content":{"rendered":"\n<p>Jako lider w bran\u017cy byli\u015bmy oczywi\u015bcie reprezentowani na Dniach Towar\u00f3w Niebezpiecznych w Monachium w dniach 23-25 maja 2022 roku. Decydenci i osoby odpowiedzialne za zabezpieczenie \u0142adunku z r\u00f3\u017cnych firm skorzystali z okazji, aby od\u015bwie\u017cy\u0107 swoj\u0105 wiedz\u0119. <\/p>\n\n<p>Prelegenci skupili si\u0119 na nast\u0119puj\u0105cych tematach:<\/p>\n\n<ul class=\"wp-block-list\">\n<li>Zmiany prawne i wdro\u017cenie w praktyce<\/li>\n\n\n\n<li>Rozw\u00f3j w bran\u017cy gospodarki odpadami<\/li>\n\n\n\n<li>Przest\u0119pstwa zwi\u0105zane z towarami niebezpiecznymi w praktyce prawnej<\/li>\n\n\n\n<li>Szkolenia w czasach pandemii: cyfryzacja czy stara szko\u0142a?<\/li>\n<\/ul>\n\n<p>Nie zabrak\u0142o r\u00f3wnie\u017c dodatkowych temat\u00f3w specjalnych:<\/p>\n\n<ul class=\"wp-block-list\">\n<li>Zadania federalnych organ\u00f3w nadzoru: FOPH i EBA<\/li>\n\n\n\n<li>Elektroniczny dokument przewozowy<\/li>\n\n\n\n<li>Eksperymentalna prezentacja r\u00f3\u017cnych towar\u00f3w niebezpiecznych<\/li>\n<\/ul>\n\n<p>Interesuj\u0105ce dyskusje odby\u0142y si\u0119 r\u00f3wnie\u017c na r\u00f3\u017cnych sympozjach na temat:<\/p>\n\n<ul class=\"wp-block-list\">\n<li>Karta charakterystyki w prawie dotycz\u0105cym towar\u00f3w niebezpiecznych<\/li>\n\n\n\n<li>Dokument transportowy<\/li>\n\n\n\n<li>Towary niebezpieczne w transporcie lotniczym &#8211; nieco inny rodzaj transportu<\/li>\n<\/ul>\n\n<p>Jako wsp\u00f3\u0142wystawca, Rothschenk by\u0142 oczywi\u015bcie reprezentowany z licznymi innowacjami, takimi jak nowe <a href=\"https:\/\/rothschenk.de\/produkt\/akkubetriebenes-spanngeraet-r-lt-38e\/\" target=\"_blank\" rel=\"noreferrer noopener\">zasilane bateryjnie urz\u0105dzenie zaciskowe [R] LT38e.<\/a><\/p>\n\n<p>Chcieliby\u015bmy podzi\u0119kowa\u0107 wszystkim klientom, zainteresowanym stronom i prelegentom za liczne dyskusje i nowe kontakty. Z niecierpliwo\u015bci\u0105 czekamy na ponowne spotkanie podczas 33. Monachijskich Dni Towar\u00f3w Niebezpiecznych! <\/p>\n\n<div style=\"height:35px\" aria-hidden=\"true\" class=\"wp-block-spacer\"><\/div>\n\n<figure class=\"wp-block-gallery has-nested-images columns-default is-cropped wp-block-gallery-1 is-layout-flex wp-block-gallery-is-layout-flex\">\n<figure class=\"wp-block-image size-large\"><img fetchpriority=\"high\" decoding=\"async\" width=\"1024\" height=\"768\" data-id=\"166772\" src=\"https:\/\/rothschenk.de\/wp-content\/uploads\/2022\/05\/muenchner_gefahgutmesse_rothschenk_ladungssicherung-2-3.jpg\" alt=\"\" class=\"wp-image-166772\" srcset=\"https:\/\/rothschenk.de\/wp-content\/uploads\/2022\/05\/muenchner_gefahgutmesse_rothschenk_ladungssicherung-2-3.jpg 1024w, https:\/\/rothschenk.de\/wp-content\/uploads\/2022\/05\/muenchner_gefahgutmesse_rothschenk_ladungssicherung-2-3-300x225.jpg 300w, https:\/\/rothschenk.de\/wp-content\/uploads\/2022\/05\/muenchner_gefahgutmesse_rothschenk_ladungssicherung-2-3-768x576.jpg 768w, https:\/\/rothschenk.de\/wp-content\/uploads\/2022\/05\/muenchner_gefahgutmesse_rothschenk_ladungssicherung-2-3-600x450.jpg 600w\" sizes=\"(max-width: 1024px) 100vw, 1024px\" \/><\/figure>\n\n\n\n<figure class=\"wp-block-image size-large\"><img decoding=\"async\" width=\"1024\" height=\"768\" data-id=\"166775\" src=\"https:\/\/rothschenk.de\/wp-content\/uploads\/2022\/05\/muenchner_gefahgutmesse_rothschenk_ladungssicherung-2-5.jpg\" alt=\"\" class=\"wp-image-166775\" srcset=\"https:\/\/rothschenk.de\/wp-content\/uploads\/2022\/05\/muenchner_gefahgutmesse_rothschenk_ladungssicherung-2-5.jpg 1024w, https:\/\/rothschenk.de\/wp-content\/uploads\/2022\/05\/muenchner_gefahgutmesse_rothschenk_ladungssicherung-2-5-300x225.jpg 300w, https:\/\/rothschenk.de\/wp-content\/uploads\/2022\/05\/muenchner_gefahgutmesse_rothschenk_ladungssicherung-2-5-768x576.jpg 768w, https:\/\/rothschenk.de\/wp-content\/uploads\/2022\/05\/muenchner_gefahgutmesse_rothschenk_ladungssicherung-2-5-600x450.jpg 600w\" sizes=\"(max-width: 1024px) 100vw, 1024px\" \/><\/figure>\n<\/figure>\n","protected":false},"excerpt":{"rendered":"<p>Jako lider w bran\u017cy byli\u015bmy oczywi\u015bcie reprezentowani na Dniach Towar\u00f3w Niebezpiecznych w Monachium w dniach 23-25 maja 2022 roku. Decydenci i osoby odpowiedzialne za zabezpieczenie \u0142adunku z r\u00f3\u017cnych firm skorzystali z okazji, aby od\u015bwie\u017cy\u0107 swoj\u0105 wiedz\u0119. Prelegenci skupili si\u0119 na nast\u0119puj\u0105cych tematach: Nie zabrak\u0142o r\u00f3wnie\u017c dodatkowych temat\u00f3w specjalnych: Interesuj\u0105ce dyskusje odby\u0142y si\u0119 r\u00f3wnie\u017c na r\u00f3\u017cnych [&hellip;]<\/p>\n","protected":false},"author":1539,"featured_media":0,"comment_status":"open","ping_status":"closed","sticky":false,"template":"","format":"standard","meta":{"_acf_changed":false,"footnotes":""},"categories":[868],"tags":[],"class_list":["post-679719","post","type-post","status-publish","format-standard","hentry","category-wiadomosci-rothschenk"],"acf":[],"yoast_head":"<!-- This site is optimized with the Yoast SEO plugin v27.5 - https:\/\/yoast.com\/product\/yoast-seo-wordpress\/ -->\n<title>32 Dni Towar\u00f3w Niebezpiecznych w Monachium - Rothschenk<\/title>\n<meta name=\"description\" content=\"32. Monachijskie Dni Towar\u00f3w Niebezpiecznych | Przegl\u0105d | Program wspieraj\u0105cy | Wiecz\u00f3r wydarze\u0144 | Zabezpieczenie \u0142adunku Rothschenk | Byli\u015bmy tam!\" \/>\n<meta name=\"robots\" content=\"index, follow, max-snippet:-1, max-image-preview:large, max-video-preview:-1\" \/>\n<link rel=\"canonical\" href=\"https:\/\/rothschenk.de\/pl\/32-dni-towarow-niebezpiecznych-w-monachium\/\" \/>\n<meta property=\"og:locale\" content=\"pl_PL\" \/>\n<meta property=\"og:type\" content=\"article\" \/>\n<meta property=\"og:title\" content=\"32 Dni Towar\u00f3w Niebezpiecznych w Monachium - Rothschenk\" \/>\n<meta property=\"og:description\" content=\"32. Monachijskie Dni Towar\u00f3w Niebezpiecznych | Przegl\u0105d | Program wspieraj\u0105cy | Wiecz\u00f3r wydarze\u0144 | Zabezpieczenie \u0142adunku Rothschenk | Byli\u015bmy tam!\" \/>\n<meta property=\"og:url\" content=\"https:\/\/rothschenk.de\/pl\/32-dni-towarow-niebezpiecznych-w-monachium\/\" \/>\n<meta property=\"og:site_name\" content=\"Rothschenk\" \/>\n<meta property=\"article:publisher\" content=\"https:\/\/de-de.facebook.com\/FirmaRothschenk\/\" \/>\n<meta property=\"article:published_time\" content=\"2022-05-25T08:49:22+00:00\" \/>\n<meta property=\"article:modified_time\" content=\"2025-06-30T14:53:55+00:00\" \/>\n<meta property=\"og:image\" content=\"https:\/\/rothschenk.de\/wp-content\/uploads\/2022\/05\/muenchner_gefahgutmesse_rothschenk_ladungssicherung-2-3.jpg\" \/>\n\t<meta property=\"og:image:width\" content=\"1024\" \/>\n\t<meta property=\"og:image:height\" content=\"768\" \/>\n\t<meta property=\"og:image:type\" content=\"image\/jpeg\" \/>\n<meta name=\"author\" content=\"Rothschenk\" \/>\n<meta name=\"twitter:card\" content=\"summary_large_image\" \/>\n<meta name=\"twitter:label1\" content=\"Napisane przez\" \/>\n\t<meta name=\"twitter:data1\" content=\"Rothschenk\" \/>\n\t<meta name=\"twitter:label2\" content=\"Szacowany czas czytania\" \/>\n\t<meta name=\"twitter:data2\" content=\"1 minuta\" \/>\n<script type=\"application\/ld+json\" class=\"yoast-schema-graph\">{\"@context\":\"https:\\\/\\\/schema.org\",\"@graph\":[{\"@type\":\"Article\",\"@id\":\"https:\\\/\\\/rothschenk.de\\\/pl\\\/32-dni-towarow-niebezpiecznych-w-monachium\\\/#article\",\"isPartOf\":{\"@id\":\"https:\\\/\\\/rothschenk.de\\\/pl\\\/32-dni-towarow-niebezpiecznych-w-monachium\\\/\"},\"author\":{\"name\":\"Rothschenk\",\"@id\":\"https:\\\/\\\/rothschenk.de\\\/pl\\\/#\\\/schema\\\/person\\\/e29bf5cc9df61e6c87f80cdf8ba1be93\"},\"headline\":\"32 Dni Towar\u00f3w Niebezpiecznych w Monachium\",\"datePublished\":\"2022-05-25T08:49:22+00:00\",\"dateModified\":\"2025-06-30T14:53:55+00:00\",\"mainEntityOfPage\":{\"@id\":\"https:\\\/\\\/rothschenk.de\\\/pl\\\/32-dni-towarow-niebezpiecznych-w-monachium\\\/\"},\"wordCount\":202,\"commentCount\":0,\"image\":{\"@id\":\"https:\\\/\\\/rothschenk.de\\\/pl\\\/32-dni-towarow-niebezpiecznych-w-monachium\\\/#primaryimage\"},\"thumbnailUrl\":\"https:\\\/\\\/rothschenk.de\\\/wp-content\\\/uploads\\\/2022\\\/05\\\/muenchner_gefahgutmesse_rothschenk_ladungssicherung-2-3.jpg\",\"articleSection\":[\"Wiadomo\u015bci Rothschenk\"],\"inLanguage\":\"pl-PL\",\"potentialAction\":[{\"@type\":\"CommentAction\",\"name\":\"Comment\",\"target\":[\"https:\\\/\\\/rothschenk.de\\\/pl\\\/32-dni-towarow-niebezpiecznych-w-monachium\\\/#respond\"]}]},{\"@type\":\"WebPage\",\"@id\":\"https:\\\/\\\/rothschenk.de\\\/pl\\\/32-dni-towarow-niebezpiecznych-w-monachium\\\/\",\"url\":\"https:\\\/\\\/rothschenk.de\\\/pl\\\/32-dni-towarow-niebezpiecznych-w-monachium\\\/\",\"name\":\"32 Dni Towar\u00f3w Niebezpiecznych w Monachium - Rothschenk\",\"isPartOf\":{\"@id\":\"https:\\\/\\\/rothschenk.de\\\/pl\\\/#website\"},\"primaryImageOfPage\":{\"@id\":\"https:\\\/\\\/rothschenk.de\\\/pl\\\/32-dni-towarow-niebezpiecznych-w-monachium\\\/#primaryimage\"},\"image\":{\"@id\":\"https:\\\/\\\/rothschenk.de\\\/pl\\\/32-dni-towarow-niebezpiecznych-w-monachium\\\/#primaryimage\"},\"thumbnailUrl\":\"https:\\\/\\\/rothschenk.de\\\/wp-content\\\/uploads\\\/2022\\\/05\\\/muenchner_gefahgutmesse_rothschenk_ladungssicherung-2-3.jpg\",\"datePublished\":\"2022-05-25T08:49:22+00:00\",\"dateModified\":\"2025-06-30T14:53:55+00:00\",\"author\":{\"@id\":\"https:\\\/\\\/rothschenk.de\\\/pl\\\/#\\\/schema\\\/person\\\/e29bf5cc9df61e6c87f80cdf8ba1be93\"},\"description\":\"32. Monachijskie Dni Towar\u00f3w Niebezpiecznych | Przegl\u0105d | Program wspieraj\u0105cy | Wiecz\u00f3r wydarze\u0144 | Zabezpieczenie \u0142adunku Rothschenk | Byli\u015bmy tam!\",\"breadcrumb\":{\"@id\":\"https:\\\/\\\/rothschenk.de\\\/pl\\\/32-dni-towarow-niebezpiecznych-w-monachium\\\/#breadcrumb\"},\"inLanguage\":\"pl-PL\",\"potentialAction\":[{\"@type\":\"ReadAction\",\"target\":[\"https:\\\/\\\/rothschenk.de\\\/pl\\\/32-dni-towarow-niebezpiecznych-w-monachium\\\/\"]}]},{\"@type\":\"ImageObject\",\"inLanguage\":\"pl-PL\",\"@id\":\"https:\\\/\\\/rothschenk.de\\\/pl\\\/32-dni-towarow-niebezpiecznych-w-monachium\\\/#primaryimage\",\"url\":\"https:\\\/\\\/rothschenk.de\\\/wp-content\\\/uploads\\\/2022\\\/05\\\/muenchner_gefahgutmesse_rothschenk_ladungssicherung-2-3.jpg\",\"contentUrl\":\"https:\\\/\\\/rothschenk.de\\\/wp-content\\\/uploads\\\/2022\\\/05\\\/muenchner_gefahgutmesse_rothschenk_ladungssicherung-2-3.jpg\"},{\"@type\":\"BreadcrumbList\",\"@id\":\"https:\\\/\\\/rothschenk.de\\\/pl\\\/32-dni-towarow-niebezpiecznych-w-monachium\\\/#breadcrumb\",\"itemListElement\":[{\"@type\":\"ListItem\",\"position\":1,\"name\":\"Strona g\u0142\u00f3wna\",\"item\":\"https:\\\/\\\/rothschenk.de\\\/pl\\\/strona-glowna\\\/\"},{\"@type\":\"ListItem\",\"position\":2,\"name\":\"32 Dni Towar\u00f3w Niebezpiecznych w Monachium\"}]},{\"@type\":\"WebSite\",\"@id\":\"https:\\\/\\\/rothschenk.de\\\/pl\\\/#website\",\"url\":\"https:\\\/\\\/rothschenk.de\\\/pl\\\/\",\"name\":\"Rothschenk - Der Online Shop f\u00fcr Ladungssicherung\",\"description\":\"Der Online Shop f\u00fcr Ladungssicherung\",\"potentialAction\":[{\"@type\":\"SearchAction\",\"target\":{\"@type\":\"EntryPoint\",\"urlTemplate\":\"https:\\\/\\\/rothschenk.de\\\/pl\\\/?s={search_term_string}\"},\"query-input\":{\"@type\":\"PropertyValueSpecification\",\"valueRequired\":true,\"valueName\":\"search_term_string\"}}],\"inLanguage\":\"pl-PL\"},{\"@type\":\"Person\",\"@id\":\"https:\\\/\\\/rothschenk.de\\\/pl\\\/#\\\/schema\\\/person\\\/e29bf5cc9df61e6c87f80cdf8ba1be93\",\"name\":\"Rothschenk\",\"image\":{\"@type\":\"ImageObject\",\"inLanguage\":\"pl-PL\",\"@id\":\"https:\\\/\\\/rothschenk.de\\\/wp-content\\\/uploads\\\/2024\\\/03\\\/cropped-cropped-Rothschenk-logo-ladungssicherung-1-96x96.png\",\"url\":\"https:\\\/\\\/rothschenk.de\\\/wp-content\\\/uploads\\\/2024\\\/03\\\/cropped-cropped-Rothschenk-logo-ladungssicherung-1-96x96.png\",\"contentUrl\":\"https:\\\/\\\/rothschenk.de\\\/wp-content\\\/uploads\\\/2024\\\/03\\\/cropped-cropped-Rothschenk-logo-ladungssicherung-1-96x96.png\",\"caption\":\"Rothschenk\"},\"description\":\"\u2714 Profi in der Beratung \u2714 Profi an der Laderampe \u2714 Profi bei der Abwicklung Ihrer W\u00fcnsche \u2714 Ladungssicherung Made in Germany\",\"url\":\"https:\\\/\\\/rothschenk.de\\\/pl\\\/author\\\/rothschenk\\\/\"}]}<\/script>\n<!-- \/ Yoast SEO plugin. -->","yoast_head_json":{"title":"32 Dni Towar\u00f3w Niebezpiecznych w Monachium - Rothschenk","description":"32. Monachijskie Dni Towar\u00f3w Niebezpiecznych | Przegl\u0105d | Program wspieraj\u0105cy | Wiecz\u00f3r wydarze\u0144 | Zabezpieczenie \u0142adunku Rothschenk | Byli\u015bmy tam!","robots":{"index":"index","follow":"follow","max-snippet":"max-snippet:-1","max-image-preview":"max-image-preview:large","max-video-preview":"max-video-preview:-1"},"canonical":"https:\/\/rothschenk.de\/pl\/32-dni-towarow-niebezpiecznych-w-monachium\/","og_locale":"pl_PL","og_type":"article","og_title":"32 Dni Towar\u00f3w Niebezpiecznych w Monachium - Rothschenk","og_description":"32. Monachijskie Dni Towar\u00f3w Niebezpiecznych | Przegl\u0105d | Program wspieraj\u0105cy | Wiecz\u00f3r wydarze\u0144 | Zabezpieczenie \u0142adunku Rothschenk | Byli\u015bmy tam!","og_url":"https:\/\/rothschenk.de\/pl\/32-dni-towarow-niebezpiecznych-w-monachium\/","og_site_name":"Rothschenk","article_publisher":"https:\/\/de-de.facebook.com\/FirmaRothschenk\/","article_published_time":"2022-05-25T08:49:22+00:00","article_modified_time":"2025-06-30T14:53:55+00:00","og_image":[{"width":1024,"height":768,"url":"https:\/\/rothschenk.de\/wp-content\/uploads\/2022\/05\/muenchner_gefahgutmesse_rothschenk_ladungssicherung-2-3.jpg","type":"image\/jpeg"}],"author":"Rothschenk","twitter_card":"summary_large_image","twitter_misc":{"Napisane przez":"Rothschenk","Szacowany czas czytania":"1 minuta"},"schema":{"@context":"https:\/\/schema.org","@graph":[{"@type":"Article","@id":"https:\/\/rothschenk.de\/pl\/32-dni-towarow-niebezpiecznych-w-monachium\/#article","isPartOf":{"@id":"https:\/\/rothschenk.de\/pl\/32-dni-towarow-niebezpiecznych-w-monachium\/"},"author":{"name":"Rothschenk","@id":"https:\/\/rothschenk.de\/pl\/#\/schema\/person\/e29bf5cc9df61e6c87f80cdf8ba1be93"},"headline":"32 Dni Towar\u00f3w Niebezpiecznych w Monachium","datePublished":"2022-05-25T08:49:22+00:00","dateModified":"2025-06-30T14:53:55+00:00","mainEntityOfPage":{"@id":"https:\/\/rothschenk.de\/pl\/32-dni-towarow-niebezpiecznych-w-monachium\/"},"wordCount":202,"commentCount":0,"image":{"@id":"https:\/\/rothschenk.de\/pl\/32-dni-towarow-niebezpiecznych-w-monachium\/#primaryimage"},"thumbnailUrl":"https:\/\/rothschenk.de\/wp-content\/uploads\/2022\/05\/muenchner_gefahgutmesse_rothschenk_ladungssicherung-2-3.jpg","articleSection":["Wiadomo\u015bci Rothschenk"],"inLanguage":"pl-PL","potentialAction":[{"@type":"CommentAction","name":"Comment","target":["https:\/\/rothschenk.de\/pl\/32-dni-towarow-niebezpiecznych-w-monachium\/#respond"]}]},{"@type":"WebPage","@id":"https:\/\/rothschenk.de\/pl\/32-dni-towarow-niebezpiecznych-w-monachium\/","url":"https:\/\/rothschenk.de\/pl\/32-dni-towarow-niebezpiecznych-w-monachium\/","name":"32 Dni Towar\u00f3w Niebezpiecznych w Monachium - Rothschenk","isPartOf":{"@id":"https:\/\/rothschenk.de\/pl\/#website"},"primaryImageOfPage":{"@id":"https:\/\/rothschenk.de\/pl\/32-dni-towarow-niebezpiecznych-w-monachium\/#primaryimage"},"image":{"@id":"https:\/\/rothschenk.de\/pl\/32-dni-towarow-niebezpiecznych-w-monachium\/#primaryimage"},"thumbnailUrl":"https:\/\/rothschenk.de\/wp-content\/uploads\/2022\/05\/muenchner_gefahgutmesse_rothschenk_ladungssicherung-2-3.jpg","datePublished":"2022-05-25T08:49:22+00:00","dateModified":"2025-06-30T14:53:55+00:00","author":{"@id":"https:\/\/rothschenk.de\/pl\/#\/schema\/person\/e29bf5cc9df61e6c87f80cdf8ba1be93"},"description":"32. Monachijskie Dni Towar\u00f3w Niebezpiecznych | Przegl\u0105d | Program wspieraj\u0105cy | Wiecz\u00f3r wydarze\u0144 | Zabezpieczenie \u0142adunku Rothschenk | Byli\u015bmy tam!","breadcrumb":{"@id":"https:\/\/rothschenk.de\/pl\/32-dni-towarow-niebezpiecznych-w-monachium\/#breadcrumb"},"inLanguage":"pl-PL","potentialAction":[{"@type":"ReadAction","target":["https:\/\/rothschenk.de\/pl\/32-dni-towarow-niebezpiecznych-w-monachium\/"]}]},{"@type":"ImageObject","inLanguage":"pl-PL","@id":"https:\/\/rothschenk.de\/pl\/32-dni-towarow-niebezpiecznych-w-monachium\/#primaryimage","url":"https:\/\/rothschenk.de\/wp-content\/uploads\/2022\/05\/muenchner_gefahgutmesse_rothschenk_ladungssicherung-2-3.jpg","contentUrl":"https:\/\/rothschenk.de\/wp-content\/uploads\/2022\/05\/muenchner_gefahgutmesse_rothschenk_ladungssicherung-2-3.jpg"},{"@type":"BreadcrumbList","@id":"https:\/\/rothschenk.de\/pl\/32-dni-towarow-niebezpiecznych-w-monachium\/#breadcrumb","itemListElement":[{"@type":"ListItem","position":1,"name":"Strona g\u0142\u00f3wna","item":"https:\/\/rothschenk.de\/pl\/strona-glowna\/"},{"@type":"ListItem","position":2,"name":"32 Dni Towar\u00f3w Niebezpiecznych w Monachium"}]},{"@type":"WebSite","@id":"https:\/\/rothschenk.de\/pl\/#website","url":"https:\/\/rothschenk.de\/pl\/","name":"Rothschenk - Der Online Shop f\u00fcr Ladungssicherung","description":"Der Online Shop f\u00fcr Ladungssicherung","potentialAction":[{"@type":"SearchAction","target":{"@type":"EntryPoint","urlTemplate":"https:\/\/rothschenk.de\/pl\/?s={search_term_string}"},"query-input":{"@type":"PropertyValueSpecification","valueRequired":true,"valueName":"search_term_string"}}],"inLanguage":"pl-PL"},{"@type":"Person","@id":"https:\/\/rothschenk.de\/pl\/#\/schema\/person\/e29bf5cc9df61e6c87f80cdf8ba1be93","name":"Rothschenk","image":{"@type":"ImageObject","inLanguage":"pl-PL","@id":"https:\/\/rothschenk.de\/wp-content\/uploads\/2024\/03\/cropped-cropped-Rothschenk-logo-ladungssicherung-1-96x96.png","url":"https:\/\/rothschenk.de\/wp-content\/uploads\/2024\/03\/cropped-cropped-Rothschenk-logo-ladungssicherung-1-96x96.png","contentUrl":"https:\/\/rothschenk.de\/wp-content\/uploads\/2024\/03\/cropped-cropped-Rothschenk-logo-ladungssicherung-1-96x96.png","caption":"Rothschenk"},"description":"\u2714 Profi in der Beratung \u2714 Profi an der Laderampe \u2714 Profi bei der Abwicklung Ihrer W\u00fcnsche \u2714 Ladungssicherung Made in Germany","url":"https:\/\/rothschenk.de\/pl\/author\/rothschenk\/"}]}},"_links":{"self":[{"href":"https:\/\/rothschenk.de\/pl\/wp-json\/wp\/v2\/posts\/679719","targetHints":{"allow":["GET"]}}],"collection":[{"href":"https:\/\/rothschenk.de\/pl\/wp-json\/wp\/v2\/posts"}],"about":[{"href":"https:\/\/rothschenk.de\/pl\/wp-json\/wp\/v2\/types\/post"}],"author":[{"embeddable":true,"href":"https:\/\/rothschenk.de\/pl\/wp-json\/wp\/v2\/users\/1539"}],"replies":[{"embeddable":true,"href":"https:\/\/rothschenk.de\/pl\/wp-json\/wp\/v2\/comments?post=679719"}],"version-history":[{"count":1,"href":"https:\/\/rothschenk.de\/pl\/wp-json\/wp\/v2\/posts\/679719\/revisions"}],"predecessor-version":[{"id":679721,"href":"https:\/\/rothschenk.de\/pl\/wp-json\/wp\/v2\/posts\/679719\/revisions\/679721"}],"wp:attachment":[{"href":"https:\/\/rothschenk.de\/pl\/wp-json\/wp\/v2\/media?parent=679719"}],"wp:term":[{"taxonomy":"category","embeddable":true,"href":"https:\/\/rothschenk.de\/pl\/wp-json\/wp\/v2\/categories?post=679719"},{"taxonomy":"post_tag","embeddable":true,"href":"https:\/\/rothschenk.de\/pl\/wp-json\/wp\/v2\/tags?post=679719"}],"curies":[{"name":"wp","href":"https:\/\/api.w.org\/{rel}","templated":true}]}}