{"id":679795,"date":"2022-09-20T10:19:10","date_gmt":"2022-09-20T08:19:10","guid":{"rendered":"https:\/\/rothschenk.de\/budowa-nowego-centrum-logistycznego-idzie-pelna-para\/"},"modified":"2025-06-30T16:55:14","modified_gmt":"2025-06-30T14:55:14","slug":"budowa-nowego-centrum-logistycznego-idzie-pelna-para","status":"publish","type":"post","link":"https:\/\/rothschenk.de\/pl\/budowa-nowego-centrum-logistycznego-idzie-pelna-para\/","title":{"rendered":"Budowa nowego centrum logistycznego idzie pe\u0142n\u0105 par\u0105&#8230;"},"content":{"rendered":"\n<p>Rothschenk rozwija si\u0119. Asortyment produkt\u00f3w w LaSi jest stale poszerzany i rozwijane s\u0105 nowe obszary dzia\u0142alno\u015bci. Ze wzgl\u0119du na zwi\u0119kszony popyt ze strony klient\u00f3w komercyjnych, a teraz tak\u017ce prywatnych, znacznie wzros\u0142y r\u00f3wnie\u017c wymagania dotycz\u0105ce logistyki.  <\/p>\n\n<p>Wraz z [R] SHOP24 i CoverMio, w ci\u0105gu ostatnich dw\u00f3ch lat dodano r\u00f3wnie\u017c dwa nowe sklepy internetowe.<\/p>\n\n<p>Po zakupie s\u0105siedniej dzia\u0142ki (naprzeciwko Rothschenk, z trzema istniej\u0105cymi halami) w 2021 r., natychmiast rozpocz\u0119to planowanie budowy nowego centrum logistycznego. Faza planowania zosta\u0142a zako\u0144czona, a budowa ruszy\u0142a pe\u0142n\u0105 par\u0105 w grudniu 2021 roku. <\/p>\n\n<p>Nowe centrum logistyczne Rothschenk zajmuje powierzchni\u0119 oko\u0142o 6 000 m\u00b2, nowa hala ma powierzchni\u0119 1 064 m\u00b2 i mo\u017ce by\u0107 rozbudowywana modu\u0142owo. Oznacza to, \u017ce w przysz\u0142o\u015bci mo\u017cna j\u0105 stosunkowo \u0142atwo dostosowa\u0107. <\/p>\n\n<p>Dzi\u0119ki nowej infrastrukturze z trzema dodatkowymi rampami za\u0142adunkowymi i du\u017c\u0105 przestrzeni\u0105, trasy i procesy mog\u0105 zosta\u0107 znacznie usprawnione. W ostatecznym rozrachunku jest to korzystne dla klient\u00f3w, kt\u00f3rzy otrzymuj\u0105 swoje towary jeszcze szybciej ni\u017c dotychczas. <\/p>\n\n<figure class=\"wp-block-gallery has-nested-images columns-2 is-cropped wp-block-gallery-1 is-layout-flex wp-block-gallery-is-layout-flex\">\n<figure data-wp-context=\"{&quot;imageId&quot;:&quot;69f46165b58fb&quot;}\" data-wp-interactive=\"core\/image\" data-wp-key=\"69f46165b58fb\" class=\"wp-block-image size-large wp-lightbox-container\"><img fetchpriority=\"high\" decoding=\"async\" width=\"900\" height=\"600\" data-wp-class--hide=\"state.isContentHidden\" data-wp-class--show=\"state.isContentVisible\" data-wp-init=\"callbacks.setButtonStyles\" data-wp-on--click=\"actions.showLightbox\" data-wp-on--load=\"callbacks.setButtonStyles\" data-wp-on-window--resize=\"callbacks.setButtonStyles\" data-id=\"166557\" src=\"https:\/\/rothschenk.de\/wp-content\/uploads\/2022\/09\/bau-einer-halle-logistikzentrum-rothschenk-3.jpg\" alt=\"\" class=\"wp-image-166557\" srcset=\"https:\/\/rothschenk.de\/wp-content\/uploads\/2022\/09\/bau-einer-halle-logistikzentrum-rothschenk-3.jpg 900w, https:\/\/rothschenk.de\/wp-content\/uploads\/2022\/09\/bau-einer-halle-logistikzentrum-rothschenk-3-300x200.jpg 300w, https:\/\/rothschenk.de\/wp-content\/uploads\/2022\/09\/bau-einer-halle-logistikzentrum-rothschenk-3-768x512.jpg 768w, https:\/\/rothschenk.de\/wp-content\/uploads\/2022\/09\/bau-einer-halle-logistikzentrum-rothschenk-3-600x400.jpg 600w\" sizes=\"(max-width: 900px) 100vw, 900px\" \/><button\n\t\t\tclass=\"lightbox-trigger\"\n\t\t\ttype=\"button\"\n\t\t\taria-haspopup=\"dialog\"\n\t\t\taria-label=\"Powi\u0119ksz\"\n\t\t\tdata-wp-init=\"callbacks.initTriggerButton\"\n\t\t\tdata-wp-on--click=\"actions.showLightbox\"\n\t\t\tdata-wp-style--right=\"state.imageButtonRight\"\n\t\t\tdata-wp-style--top=\"state.imageButtonTop\"\n\t\t>\n\t\t\t<svg xmlns=\"http:\/\/www.w3.org\/2000\/svg\" width=\"12\" height=\"12\" fill=\"none\" viewBox=\"0 0 12 12\">\n\t\t\t\t<path fill=\"#fff\" d=\"M2 0a2 2 0 0 0-2 2v2h1.5V2a.5.5 0 0 1 .5-.5h2V0H2Zm2 10.5H2a.5.5 0 0 1-.5-.5V8H0v2a2 2 0 0 0 2 2h2v-1.5ZM8 12v-1.5h2a.5.5 0 0 0 .5-.5V8H12v2a2 2 0 0 1-2 2H8Zm2-12a2 2 0 0 1 2 2v2h-1.5V2a.5.5 0 0 0-.5-.5H8V0h2Z\" \/>\n\t\t\t<\/svg>\n\t\t<\/button><\/figure>\n\n\n\n<figure data-wp-context=\"{&quot;imageId&quot;:&quot;69f46165b5c3e&quot;}\" data-wp-interactive=\"core\/image\" data-wp-key=\"69f46165b5c3e\" class=\"wp-block-image size-large wp-lightbox-container\"><img decoding=\"async\" width=\"900\" height=\"600\" data-wp-class--hide=\"state.isContentHidden\" data-wp-class--show=\"state.isContentVisible\" data-wp-init=\"callbacks.setButtonStyles\" data-wp-on--click=\"actions.showLightbox\" data-wp-on--load=\"callbacks.setButtonStyles\" data-wp-on-window--resize=\"callbacks.setButtonStyles\" data-id=\"166560\" src=\"https:\/\/rothschenk.de\/wp-content\/uploads\/2022\/09\/bau-einer-halle-logistikzentrum-rothschenk-4.jpg\" alt=\"\" class=\"wp-image-166560\" srcset=\"https:\/\/rothschenk.de\/wp-content\/uploads\/2022\/09\/bau-einer-halle-logistikzentrum-rothschenk-4.jpg 900w, https:\/\/rothschenk.de\/wp-content\/uploads\/2022\/09\/bau-einer-halle-logistikzentrum-rothschenk-4-300x200.jpg 300w, https:\/\/rothschenk.de\/wp-content\/uploads\/2022\/09\/bau-einer-halle-logistikzentrum-rothschenk-4-768x512.jpg 768w, https:\/\/rothschenk.de\/wp-content\/uploads\/2022\/09\/bau-einer-halle-logistikzentrum-rothschenk-4-600x400.jpg 600w\" sizes=\"(max-width: 900px) 100vw, 900px\" \/><button\n\t\t\tclass=\"lightbox-trigger\"\n\t\t\ttype=\"button\"\n\t\t\taria-haspopup=\"dialog\"\n\t\t\taria-label=\"Powi\u0119ksz\"\n\t\t\tdata-wp-init=\"callbacks.initTriggerButton\"\n\t\t\tdata-wp-on--click=\"actions.showLightbox\"\n\t\t\tdata-wp-style--right=\"state.imageButtonRight\"\n\t\t\tdata-wp-style--top=\"state.imageButtonTop\"\n\t\t>\n\t\t\t<svg xmlns=\"http:\/\/www.w3.org\/2000\/svg\" width=\"12\" height=\"12\" fill=\"none\" viewBox=\"0 0 12 12\">\n\t\t\t\t<path fill=\"#fff\" d=\"M2 0a2 2 0 0 0-2 2v2h1.5V2a.5.5 0 0 1 .5-.5h2V0H2Zm2 10.5H2a.5.5 0 0 1-.5-.5V8H0v2a2 2 0 0 0 2 2h2v-1.5ZM8 12v-1.5h2a.5.5 0 0 0 .5-.5V8H12v2a2 2 0 0 1-2 2H8Zm2-12a2 2 0 0 1 2 2v2h-1.5V2a.5.5 0 0 0-.5-.5H8V0h2Z\" \/>\n\t\t\t<\/svg>\n\t\t<\/button><\/figure>\n\n\n\n<figure data-wp-context=\"{&quot;imageId&quot;:&quot;69f46165b5f01&quot;}\" data-wp-interactive=\"core\/image\" data-wp-key=\"69f46165b5f01\" class=\"wp-block-image size-large wp-lightbox-container\"><img decoding=\"async\" width=\"900\" height=\"600\" data-wp-class--hide=\"state.isContentHidden\" data-wp-class--show=\"state.isContentVisible\" data-wp-init=\"callbacks.setButtonStyles\" data-wp-on--click=\"actions.showLightbox\" data-wp-on--load=\"callbacks.setButtonStyles\" data-wp-on-window--resize=\"callbacks.setButtonStyles\" data-id=\"166548\" src=\"https:\/\/rothschenk.de\/wp-content\/uploads\/2022\/09\/bau-einer-halle-logistikzentrum-rothschenk.jpg\" alt=\"\" class=\"wp-image-166548\" srcset=\"https:\/\/rothschenk.de\/wp-content\/uploads\/2022\/09\/bau-einer-halle-logistikzentrum-rothschenk.jpg 900w, https:\/\/rothschenk.de\/wp-content\/uploads\/2022\/09\/bau-einer-halle-logistikzentrum-rothschenk-300x200.jpg 300w, https:\/\/rothschenk.de\/wp-content\/uploads\/2022\/09\/bau-einer-halle-logistikzentrum-rothschenk-768x512.jpg 768w, https:\/\/rothschenk.de\/wp-content\/uploads\/2022\/09\/bau-einer-halle-logistikzentrum-rothschenk-600x400.jpg 600w\" sizes=\"(max-width: 900px) 100vw, 900px\" \/><button\n\t\t\tclass=\"lightbox-trigger\"\n\t\t\ttype=\"button\"\n\t\t\taria-haspopup=\"dialog\"\n\t\t\taria-label=\"Powi\u0119ksz\"\n\t\t\tdata-wp-init=\"callbacks.initTriggerButton\"\n\t\t\tdata-wp-on--click=\"actions.showLightbox\"\n\t\t\tdata-wp-style--right=\"state.imageButtonRight\"\n\t\t\tdata-wp-style--top=\"state.imageButtonTop\"\n\t\t>\n\t\t\t<svg xmlns=\"http:\/\/www.w3.org\/2000\/svg\" width=\"12\" height=\"12\" fill=\"none\" viewBox=\"0 0 12 12\">\n\t\t\t\t<path fill=\"#fff\" d=\"M2 0a2 2 0 0 0-2 2v2h1.5V2a.5.5 0 0 1 .5-.5h2V0H2Zm2 10.5H2a.5.5 0 0 1-.5-.5V8H0v2a2 2 0 0 0 2 2h2v-1.5ZM8 12v-1.5h2a.5.5 0 0 0 .5-.5V8H12v2a2 2 0 0 1-2 2H8Zm2-12a2 2 0 0 1 2 2v2h-1.5V2a.5.5 0 0 0-.5-.5H8V0h2Z\" \/>\n\t\t\t<\/svg>\n\t\t<\/button><\/figure>\n\n\n\n<figure data-wp-context=\"{&quot;imageId&quot;:&quot;69f46165b61a9&quot;}\" data-wp-interactive=\"core\/image\" data-wp-key=\"69f46165b61a9\" class=\"wp-block-image size-large wp-lightbox-container\"><img loading=\"lazy\" decoding=\"async\" width=\"900\" height=\"600\" data-wp-class--hide=\"state.isContentHidden\" data-wp-class--show=\"state.isContentVisible\" data-wp-init=\"callbacks.setButtonStyles\" data-wp-on--click=\"actions.showLightbox\" data-wp-on--load=\"callbacks.setButtonStyles\" data-wp-on-window--resize=\"callbacks.setButtonStyles\" data-id=\"166551\" src=\"https:\/\/rothschenk.de\/wp-content\/uploads\/2022\/09\/bau-einer-halle-logistikzentrum-rothschenk-1.jpg\" alt=\"\" class=\"wp-image-166551\" srcset=\"https:\/\/rothschenk.de\/wp-content\/uploads\/2022\/09\/bau-einer-halle-logistikzentrum-rothschenk-1.jpg 900w, https:\/\/rothschenk.de\/wp-content\/uploads\/2022\/09\/bau-einer-halle-logistikzentrum-rothschenk-1-300x200.jpg 300w, https:\/\/rothschenk.de\/wp-content\/uploads\/2022\/09\/bau-einer-halle-logistikzentrum-rothschenk-1-768x512.jpg 768w, https:\/\/rothschenk.de\/wp-content\/uploads\/2022\/09\/bau-einer-halle-logistikzentrum-rothschenk-1-600x400.jpg 600w\" sizes=\"(max-width: 900px) 100vw, 900px\" \/><button\n\t\t\tclass=\"lightbox-trigger\"\n\t\t\ttype=\"button\"\n\t\t\taria-haspopup=\"dialog\"\n\t\t\taria-label=\"Powi\u0119ksz\"\n\t\t\tdata-wp-init=\"callbacks.initTriggerButton\"\n\t\t\tdata-wp-on--click=\"actions.showLightbox\"\n\t\t\tdata-wp-style--right=\"state.imageButtonRight\"\n\t\t\tdata-wp-style--top=\"state.imageButtonTop\"\n\t\t>\n\t\t\t<svg xmlns=\"http:\/\/www.w3.org\/2000\/svg\" width=\"12\" height=\"12\" fill=\"none\" viewBox=\"0 0 12 12\">\n\t\t\t\t<path fill=\"#fff\" d=\"M2 0a2 2 0 0 0-2 2v2h1.5V2a.5.5 0 0 1 .5-.5h2V0H2Zm2 10.5H2a.5.5 0 0 1-.5-.5V8H0v2a2 2 0 0 0 2 2h2v-1.5ZM8 12v-1.5h2a.5.5 0 0 0 .5-.5V8H12v2a2 2 0 0 1-2 2H8Zm2-12a2 2 0 0 1 2 2v2h-1.5V2a.5.5 0 0 0-.5-.5H8V0h2Z\" \/>\n\t\t\t<\/svg>\n\t\t<\/button><\/figure>\n<\/figure>\n\n<div style=\"height:35px\" aria-hidden=\"true\" class=\"wp-block-spacer\"><\/div>\n","protected":false},"excerpt":{"rendered":"<p>Rothschenk rozwija si\u0119. Asortyment produkt\u00f3w w LaSi jest stale poszerzany i rozwijane s\u0105 nowe obszary dzia\u0142alno\u015bci. Ze wzgl\u0119du na zwi\u0119kszony popyt ze strony klient\u00f3w komercyjnych, a teraz tak\u017ce prywatnych, znacznie wzros\u0142y r\u00f3wnie\u017c wymagania dotycz\u0105ce logistyki. Wraz z [R] SHOP24 i CoverMio, w ci\u0105gu ostatnich dw\u00f3ch lat dodano r\u00f3wnie\u017c dwa nowe sklepy internetowe. Po zakupie s\u0105siedniej [&hellip;]<\/p>\n","protected":false},"author":1539,"featured_media":0,"comment_status":"open","ping_status":"closed","sticky":false,"template":"","format":"standard","meta":{"_acf_changed":false,"footnotes":""},"categories":[868],"tags":[],"class_list":["post-679795","post","type-post","status-publish","format-standard","hentry","category-wiadomosci-rothschenk"],"acf":[],"yoast_head":"<!-- This site is optimized with the Yoast SEO plugin v27.5 - https:\/\/yoast.com\/product\/yoast-seo-wordpress\/ -->\n<title>Nowe centrum logistyczne - Rothschenk<\/title>\n<meta name=\"description\" content=\"Nowe centrum logistyczne | 1 000 m2 powierzchni magazynowej | magazyn wysokiego sk\u0142adowania | 3 rampy za\u0142adunkowe | gotowe latem 2022 r. | teraz dostarczane jeszcze szybciej!\" \/>\n<meta name=\"robots\" content=\"index, follow, max-snippet:-1, max-image-preview:large, max-video-preview:-1\" \/>\n<link rel=\"canonical\" href=\"https:\/\/rothschenk.de\/pl\/budowa-nowego-centrum-logistycznego-idzie-pelna-para\/\" \/>\n<meta property=\"og:locale\" content=\"pl_PL\" \/>\n<meta property=\"og:type\" content=\"article\" \/>\n<meta property=\"og:title\" content=\"Nowe centrum logistyczne - Rothschenk\" \/>\n<meta property=\"og:description\" content=\"Nowe centrum logistyczne | 1 000 m2 powierzchni magazynowej | magazyn wysokiego sk\u0142adowania | 3 rampy za\u0142adunkowe | gotowe latem 2022 r. | teraz dostarczane jeszcze szybciej!\" \/>\n<meta property=\"og:url\" content=\"https:\/\/rothschenk.de\/pl\/budowa-nowego-centrum-logistycznego-idzie-pelna-para\/\" \/>\n<meta property=\"og:site_name\" content=\"Rothschenk\" \/>\n<meta property=\"article:publisher\" content=\"https:\/\/de-de.facebook.com\/FirmaRothschenk\/\" \/>\n<meta property=\"article:published_time\" content=\"2022-09-20T08:19:10+00:00\" \/>\n<meta property=\"article:modified_time\" content=\"2025-06-30T14:55:14+00:00\" \/>\n<meta property=\"og:image\" content=\"https:\/\/rothschenk.de\/wp-content\/uploads\/2022\/09\/bau-einer-halle-logistikzentrum-rothschenk-3.jpg\" \/>\n\t<meta property=\"og:image:width\" content=\"900\" \/>\n\t<meta property=\"og:image:height\" content=\"600\" \/>\n\t<meta property=\"og:image:type\" content=\"image\/jpeg\" \/>\n<meta name=\"author\" content=\"Rothschenk\" \/>\n<meta name=\"twitter:card\" content=\"summary_large_image\" \/>\n<meta name=\"twitter:label1\" content=\"Napisane przez\" \/>\n\t<meta name=\"twitter:data1\" content=\"Rothschenk\" \/>\n\t<meta name=\"twitter:label2\" content=\"Szacowany czas czytania\" \/>\n\t<meta name=\"twitter:data2\" content=\"1 minuta\" \/>\n<script type=\"application\/ld+json\" class=\"yoast-schema-graph\">{\"@context\":\"https:\\\/\\\/schema.org\",\"@graph\":[{\"@type\":\"Article\",\"@id\":\"https:\\\/\\\/rothschenk.de\\\/pl\\\/budowa-nowego-centrum-logistycznego-idzie-pelna-para\\\/#article\",\"isPartOf\":{\"@id\":\"https:\\\/\\\/rothschenk.de\\\/pl\\\/budowa-nowego-centrum-logistycznego-idzie-pelna-para\\\/\"},\"author\":{\"name\":\"Rothschenk\",\"@id\":\"https:\\\/\\\/rothschenk.de\\\/pl\\\/#\\\/schema\\\/person\\\/e29bf5cc9df61e6c87f80cdf8ba1be93\"},\"headline\":\"Budowa nowego centrum logistycznego idzie pe\u0142n\u0105 par\u0105&#8230;\",\"datePublished\":\"2022-09-20T08:19:10+00:00\",\"dateModified\":\"2025-06-30T14:55:14+00:00\",\"mainEntityOfPage\":{\"@id\":\"https:\\\/\\\/rothschenk.de\\\/pl\\\/budowa-nowego-centrum-logistycznego-idzie-pelna-para\\\/\"},\"wordCount\":184,\"commentCount\":0,\"image\":{\"@id\":\"https:\\\/\\\/rothschenk.de\\\/pl\\\/budowa-nowego-centrum-logistycznego-idzie-pelna-para\\\/#primaryimage\"},\"thumbnailUrl\":\"https:\\\/\\\/rothschenk.de\\\/wp-content\\\/uploads\\\/2022\\\/09\\\/bau-einer-halle-logistikzentrum-rothschenk-3.jpg\",\"articleSection\":[\"Wiadomo\u015bci Rothschenk\"],\"inLanguage\":\"pl-PL\",\"potentialAction\":[{\"@type\":\"CommentAction\",\"name\":\"Comment\",\"target\":[\"https:\\\/\\\/rothschenk.de\\\/pl\\\/budowa-nowego-centrum-logistycznego-idzie-pelna-para\\\/#respond\"]}]},{\"@type\":\"WebPage\",\"@id\":\"https:\\\/\\\/rothschenk.de\\\/pl\\\/budowa-nowego-centrum-logistycznego-idzie-pelna-para\\\/\",\"url\":\"https:\\\/\\\/rothschenk.de\\\/pl\\\/budowa-nowego-centrum-logistycznego-idzie-pelna-para\\\/\",\"name\":\"Nowe centrum logistyczne - Rothschenk\",\"isPartOf\":{\"@id\":\"https:\\\/\\\/rothschenk.de\\\/pl\\\/#website\"},\"primaryImageOfPage\":{\"@id\":\"https:\\\/\\\/rothschenk.de\\\/pl\\\/budowa-nowego-centrum-logistycznego-idzie-pelna-para\\\/#primaryimage\"},\"image\":{\"@id\":\"https:\\\/\\\/rothschenk.de\\\/pl\\\/budowa-nowego-centrum-logistycznego-idzie-pelna-para\\\/#primaryimage\"},\"thumbnailUrl\":\"https:\\\/\\\/rothschenk.de\\\/wp-content\\\/uploads\\\/2022\\\/09\\\/bau-einer-halle-logistikzentrum-rothschenk-3.jpg\",\"datePublished\":\"2022-09-20T08:19:10+00:00\",\"dateModified\":\"2025-06-30T14:55:14+00:00\",\"author\":{\"@id\":\"https:\\\/\\\/rothschenk.de\\\/pl\\\/#\\\/schema\\\/person\\\/e29bf5cc9df61e6c87f80cdf8ba1be93\"},\"description\":\"Nowe centrum logistyczne | 1 000 m2 powierzchni magazynowej | magazyn wysokiego sk\u0142adowania | 3 rampy za\u0142adunkowe | gotowe latem 2022 r. | teraz dostarczane jeszcze szybciej!\",\"breadcrumb\":{\"@id\":\"https:\\\/\\\/rothschenk.de\\\/pl\\\/budowa-nowego-centrum-logistycznego-idzie-pelna-para\\\/#breadcrumb\"},\"inLanguage\":\"pl-PL\",\"potentialAction\":[{\"@type\":\"ReadAction\",\"target\":[\"https:\\\/\\\/rothschenk.de\\\/pl\\\/budowa-nowego-centrum-logistycznego-idzie-pelna-para\\\/\"]}]},{\"@type\":\"ImageObject\",\"inLanguage\":\"pl-PL\",\"@id\":\"https:\\\/\\\/rothschenk.de\\\/pl\\\/budowa-nowego-centrum-logistycznego-idzie-pelna-para\\\/#primaryimage\",\"url\":\"https:\\\/\\\/rothschenk.de\\\/wp-content\\\/uploads\\\/2022\\\/09\\\/bau-einer-halle-logistikzentrum-rothschenk-3.jpg\",\"contentUrl\":\"https:\\\/\\\/rothschenk.de\\\/wp-content\\\/uploads\\\/2022\\\/09\\\/bau-einer-halle-logistikzentrum-rothschenk-3.jpg\"},{\"@type\":\"BreadcrumbList\",\"@id\":\"https:\\\/\\\/rothschenk.de\\\/pl\\\/budowa-nowego-centrum-logistycznego-idzie-pelna-para\\\/#breadcrumb\",\"itemListElement\":[{\"@type\":\"ListItem\",\"position\":1,\"name\":\"Strona g\u0142\u00f3wna\",\"item\":\"https:\\\/\\\/rothschenk.de\\\/pl\\\/strona-glowna\\\/\"},{\"@type\":\"ListItem\",\"position\":2,\"name\":\"Budowa nowego centrum logistycznego idzie pe\u0142n\u0105 par\u0105...\"}]},{\"@type\":\"WebSite\",\"@id\":\"https:\\\/\\\/rothschenk.de\\\/pl\\\/#website\",\"url\":\"https:\\\/\\\/rothschenk.de\\\/pl\\\/\",\"name\":\"Rothschenk - Der Online Shop f\u00fcr Ladungssicherung\",\"description\":\"Der Online Shop f\u00fcr Ladungssicherung\",\"potentialAction\":[{\"@type\":\"SearchAction\",\"target\":{\"@type\":\"EntryPoint\",\"urlTemplate\":\"https:\\\/\\\/rothschenk.de\\\/pl\\\/?s={search_term_string}\"},\"query-input\":{\"@type\":\"PropertyValueSpecification\",\"valueRequired\":true,\"valueName\":\"search_term_string\"}}],\"inLanguage\":\"pl-PL\"},{\"@type\":\"Person\",\"@id\":\"https:\\\/\\\/rothschenk.de\\\/pl\\\/#\\\/schema\\\/person\\\/e29bf5cc9df61e6c87f80cdf8ba1be93\",\"name\":\"Rothschenk\",\"image\":{\"@type\":\"ImageObject\",\"inLanguage\":\"pl-PL\",\"@id\":\"https:\\\/\\\/rothschenk.de\\\/wp-content\\\/uploads\\\/2024\\\/03\\\/cropped-cropped-Rothschenk-logo-ladungssicherung-1-96x96.png\",\"url\":\"https:\\\/\\\/rothschenk.de\\\/wp-content\\\/uploads\\\/2024\\\/03\\\/cropped-cropped-Rothschenk-logo-ladungssicherung-1-96x96.png\",\"contentUrl\":\"https:\\\/\\\/rothschenk.de\\\/wp-content\\\/uploads\\\/2024\\\/03\\\/cropped-cropped-Rothschenk-logo-ladungssicherung-1-96x96.png\",\"caption\":\"Rothschenk\"},\"description\":\"\u2714 Profi in der Beratung \u2714 Profi an der Laderampe \u2714 Profi bei der Abwicklung Ihrer W\u00fcnsche \u2714 Ladungssicherung Made in Germany\",\"url\":\"https:\\\/\\\/rothschenk.de\\\/pl\\\/author\\\/rothschenk\\\/\"}]}<\/script>\n<!-- \/ Yoast SEO plugin. -->","yoast_head_json":{"title":"Nowe centrum logistyczne - Rothschenk","description":"Nowe centrum logistyczne | 1 000 m2 powierzchni magazynowej | magazyn wysokiego sk\u0142adowania | 3 rampy za\u0142adunkowe | gotowe latem 2022 r. | teraz dostarczane jeszcze szybciej!","robots":{"index":"index","follow":"follow","max-snippet":"max-snippet:-1","max-image-preview":"max-image-preview:large","max-video-preview":"max-video-preview:-1"},"canonical":"https:\/\/rothschenk.de\/pl\/budowa-nowego-centrum-logistycznego-idzie-pelna-para\/","og_locale":"pl_PL","og_type":"article","og_title":"Nowe centrum logistyczne - Rothschenk","og_description":"Nowe centrum logistyczne | 1 000 m2 powierzchni magazynowej | magazyn wysokiego sk\u0142adowania | 3 rampy za\u0142adunkowe | gotowe latem 2022 r. | teraz dostarczane jeszcze szybciej!","og_url":"https:\/\/rothschenk.de\/pl\/budowa-nowego-centrum-logistycznego-idzie-pelna-para\/","og_site_name":"Rothschenk","article_publisher":"https:\/\/de-de.facebook.com\/FirmaRothschenk\/","article_published_time":"2022-09-20T08:19:10+00:00","article_modified_time":"2025-06-30T14:55:14+00:00","og_image":[{"width":900,"height":600,"url":"https:\/\/rothschenk.de\/wp-content\/uploads\/2022\/09\/bau-einer-halle-logistikzentrum-rothschenk-3.jpg","type":"image\/jpeg"}],"author":"Rothschenk","twitter_card":"summary_large_image","twitter_misc":{"Napisane przez":"Rothschenk","Szacowany czas czytania":"1 minuta"},"schema":{"@context":"https:\/\/schema.org","@graph":[{"@type":"Article","@id":"https:\/\/rothschenk.de\/pl\/budowa-nowego-centrum-logistycznego-idzie-pelna-para\/#article","isPartOf":{"@id":"https:\/\/rothschenk.de\/pl\/budowa-nowego-centrum-logistycznego-idzie-pelna-para\/"},"author":{"name":"Rothschenk","@id":"https:\/\/rothschenk.de\/pl\/#\/schema\/person\/e29bf5cc9df61e6c87f80cdf8ba1be93"},"headline":"Budowa nowego centrum logistycznego idzie pe\u0142n\u0105 par\u0105&#8230;","datePublished":"2022-09-20T08:19:10+00:00","dateModified":"2025-06-30T14:55:14+00:00","mainEntityOfPage":{"@id":"https:\/\/rothschenk.de\/pl\/budowa-nowego-centrum-logistycznego-idzie-pelna-para\/"},"wordCount":184,"commentCount":0,"image":{"@id":"https:\/\/rothschenk.de\/pl\/budowa-nowego-centrum-logistycznego-idzie-pelna-para\/#primaryimage"},"thumbnailUrl":"https:\/\/rothschenk.de\/wp-content\/uploads\/2022\/09\/bau-einer-halle-logistikzentrum-rothschenk-3.jpg","articleSection":["Wiadomo\u015bci Rothschenk"],"inLanguage":"pl-PL","potentialAction":[{"@type":"CommentAction","name":"Comment","target":["https:\/\/rothschenk.de\/pl\/budowa-nowego-centrum-logistycznego-idzie-pelna-para\/#respond"]}]},{"@type":"WebPage","@id":"https:\/\/rothschenk.de\/pl\/budowa-nowego-centrum-logistycznego-idzie-pelna-para\/","url":"https:\/\/rothschenk.de\/pl\/budowa-nowego-centrum-logistycznego-idzie-pelna-para\/","name":"Nowe centrum logistyczne - Rothschenk","isPartOf":{"@id":"https:\/\/rothschenk.de\/pl\/#website"},"primaryImageOfPage":{"@id":"https:\/\/rothschenk.de\/pl\/budowa-nowego-centrum-logistycznego-idzie-pelna-para\/#primaryimage"},"image":{"@id":"https:\/\/rothschenk.de\/pl\/budowa-nowego-centrum-logistycznego-idzie-pelna-para\/#primaryimage"},"thumbnailUrl":"https:\/\/rothschenk.de\/wp-content\/uploads\/2022\/09\/bau-einer-halle-logistikzentrum-rothschenk-3.jpg","datePublished":"2022-09-20T08:19:10+00:00","dateModified":"2025-06-30T14:55:14+00:00","author":{"@id":"https:\/\/rothschenk.de\/pl\/#\/schema\/person\/e29bf5cc9df61e6c87f80cdf8ba1be93"},"description":"Nowe centrum logistyczne | 1 000 m2 powierzchni magazynowej | magazyn wysokiego sk\u0142adowania | 3 rampy za\u0142adunkowe | gotowe latem 2022 r. | teraz dostarczane jeszcze szybciej!","breadcrumb":{"@id":"https:\/\/rothschenk.de\/pl\/budowa-nowego-centrum-logistycznego-idzie-pelna-para\/#breadcrumb"},"inLanguage":"pl-PL","potentialAction":[{"@type":"ReadAction","target":["https:\/\/rothschenk.de\/pl\/budowa-nowego-centrum-logistycznego-idzie-pelna-para\/"]}]},{"@type":"ImageObject","inLanguage":"pl-PL","@id":"https:\/\/rothschenk.de\/pl\/budowa-nowego-centrum-logistycznego-idzie-pelna-para\/#primaryimage","url":"https:\/\/rothschenk.de\/wp-content\/uploads\/2022\/09\/bau-einer-halle-logistikzentrum-rothschenk-3.jpg","contentUrl":"https:\/\/rothschenk.de\/wp-content\/uploads\/2022\/09\/bau-einer-halle-logistikzentrum-rothschenk-3.jpg"},{"@type":"BreadcrumbList","@id":"https:\/\/rothschenk.de\/pl\/budowa-nowego-centrum-logistycznego-idzie-pelna-para\/#breadcrumb","itemListElement":[{"@type":"ListItem","position":1,"name":"Strona g\u0142\u00f3wna","item":"https:\/\/rothschenk.de\/pl\/strona-glowna\/"},{"@type":"ListItem","position":2,"name":"Budowa nowego centrum logistycznego idzie pe\u0142n\u0105 par\u0105..."}]},{"@type":"WebSite","@id":"https:\/\/rothschenk.de\/pl\/#website","url":"https:\/\/rothschenk.de\/pl\/","name":"Rothschenk - Der Online Shop f\u00fcr Ladungssicherung","description":"Der Online Shop f\u00fcr Ladungssicherung","potentialAction":[{"@type":"SearchAction","target":{"@type":"EntryPoint","urlTemplate":"https:\/\/rothschenk.de\/pl\/?s={search_term_string}"},"query-input":{"@type":"PropertyValueSpecification","valueRequired":true,"valueName":"search_term_string"}}],"inLanguage":"pl-PL"},{"@type":"Person","@id":"https:\/\/rothschenk.de\/pl\/#\/schema\/person\/e29bf5cc9df61e6c87f80cdf8ba1be93","name":"Rothschenk","image":{"@type":"ImageObject","inLanguage":"pl-PL","@id":"https:\/\/rothschenk.de\/wp-content\/uploads\/2024\/03\/cropped-cropped-Rothschenk-logo-ladungssicherung-1-96x96.png","url":"https:\/\/rothschenk.de\/wp-content\/uploads\/2024\/03\/cropped-cropped-Rothschenk-logo-ladungssicherung-1-96x96.png","contentUrl":"https:\/\/rothschenk.de\/wp-content\/uploads\/2024\/03\/cropped-cropped-Rothschenk-logo-ladungssicherung-1-96x96.png","caption":"Rothschenk"},"description":"\u2714 Profi in der Beratung \u2714 Profi an der Laderampe \u2714 Profi bei der Abwicklung Ihrer W\u00fcnsche \u2714 Ladungssicherung Made in Germany","url":"https:\/\/rothschenk.de\/pl\/author\/rothschenk\/"}]}},"_links":{"self":[{"href":"https:\/\/rothschenk.de\/pl\/wp-json\/wp\/v2\/posts\/679795","targetHints":{"allow":["GET"]}}],"collection":[{"href":"https:\/\/rothschenk.de\/pl\/wp-json\/wp\/v2\/posts"}],"about":[{"href":"https:\/\/rothschenk.de\/pl\/wp-json\/wp\/v2\/types\/post"}],"author":[{"embeddable":true,"href":"https:\/\/rothschenk.de\/pl\/wp-json\/wp\/v2\/users\/1539"}],"replies":[{"embeddable":true,"href":"https:\/\/rothschenk.de\/pl\/wp-json\/wp\/v2\/comments?post=679795"}],"version-history":[{"count":1,"href":"https:\/\/rothschenk.de\/pl\/wp-json\/wp\/v2\/posts\/679795\/revisions"}],"predecessor-version":[{"id":679797,"href":"https:\/\/rothschenk.de\/pl\/wp-json\/wp\/v2\/posts\/679795\/revisions\/679797"}],"wp:attachment":[{"href":"https:\/\/rothschenk.de\/pl\/wp-json\/wp\/v2\/media?parent=679795"}],"wp:term":[{"taxonomy":"category","embeddable":true,"href":"https:\/\/rothschenk.de\/pl\/wp-json\/wp\/v2\/categories?post=679795"},{"taxonomy":"post_tag","embeddable":true,"href":"https:\/\/rothschenk.de\/pl\/wp-json\/wp\/v2\/tags?post=679795"}],"curies":[{"name":"wp","href":"https:\/\/api.w.org\/{rel}","templated":true}]}}