{"id":679814,"date":"2022-09-28T10:15:49","date_gmt":"2022-09-28T08:15:49","guid":{"rendered":"https:\/\/rothschenk.de\/wybory-do-ihk-rothschenk-w-zgromadzeniu-ogolnym\/"},"modified":"2025-06-30T16:55:38","modified_gmt":"2025-06-30T14:55:38","slug":"wybory-do-ihk-rothschenk-w-zgromadzeniu-ogolnym","status":"publish","type":"post","link":"https:\/\/rothschenk.de\/pl\/wybory-do-ihk-rothschenk-w-zgromadzeniu-ogolnym\/","title":{"rendered":"Wybory do IHK &#8211; Rothschenk w zgromadzeniu og\u00f3lnym!"},"content":{"rendered":"\n<p>Nasz partner J\u00fcrgen Schulte-Wieking kandyduje na walne zgromadzenie IHK W\u00fcrzburg-Schweinfurt!<\/p>\n\n<p>Ma ju\u017c nasze mentalne wsparcie &#8211; teraz wszystko zale\u017cy od Ciebie! Skorzystaj ze swojego prawa do g\u0142osowania i pom\u00f3\u017c zdecydowa\u0107, kto b\u0119dzie reprezentowa\u0142 Twoje interesy w latach 2023-2026. G\u0142osowa\u0107 mo\u017cna jeszcze do 13 pa\u017adziernika 2022 roku! Dokumenty do g\u0142osowania korespondencyjnego zosta\u0142y ju\u017c wys\u0142ane poczt\u0105 do ka\u017cdej firmy w Mainfranken, kt\u00f3ra jest uprawniona do g\u0142osowania.   <\/p>\n\n<p>Trzymamy kciuki za J\u00fcrgena Schulte-Wiekinga!  <\/p>\n\n<p>Wi\u0119cej informacji na temat wybor\u00f3w mo\u017cna znale\u017a\u0107 na stronie <a href=\"http:\/\/www.ihkwahl-mainfranken.de\/\">www.ihkwahl-mainfranken.de.<\/a><\/p>\n\n<p><a href=\"https:\/\/www.linkedin.com\/feed\/hashtag\/ihkwahl?trk=public_post-text\">#ihkwahl2022<\/a> <a href=\"https:\/\/www.linkedin.com\/feed\/hashtag\/gemeinsamgestalten?trk=public_post-text\">#gemeinsamgestalten<\/a> <a href=\"https:\/\/www.linkedin.com\/feed\/hashtag\/gemeinsammitentscheiden?trk=public_post-text\">#gemeinsammitentscheiden<\/a> <a href=\"https:\/\/www.linkedin.com\/feed\/hashtag\/ihkwAeSrzburgschweinfurt?trk=public_post-text\">#ihkw\u00fcrzburgschweinfurt<\/a> <a href=\"https:\/\/www.linkedin.com\/feed\/hashtag\/gemeinsamfAeSrmainfranken?trk=public_post-text\">#gemeinsamf\u00fcrmainfranken<\/a> <a href=\"https:\/\/www.linkedin.com\/feed\/hashtag\/kandidaten?trk=public_post-text\">#kandidaten<\/a> #ehrenamt #mainfranken #w\u00fcrzburg<\/p>\n\n<div style=\"height:35px\" aria-hidden=\"true\" class=\"wp-block-spacer\"><\/div>\n\n<figure class=\"wp-block-gallery has-nested-images columns-default is-cropped wp-block-gallery-1 is-layout-flex wp-block-gallery-is-layout-flex\">\n<figure class=\"wp-block-image size-large\"><img fetchpriority=\"high\" decoding=\"async\" width=\"600\" height=\"625\" data-id=\"166457\" src=\"https:\/\/rothschenk.de\/wp-content\/uploads\/2022\/09\/juergen-schulte-wieking-kandidiert-zur-ihk-wahl-vollversammlung-wuerzburg.jpg\" alt=\"\" class=\"wp-image-166457\" srcset=\"https:\/\/rothschenk.de\/wp-content\/uploads\/2022\/09\/juergen-schulte-wieking-kandidiert-zur-ihk-wahl-vollversammlung-wuerzburg.jpg 600w, https:\/\/rothschenk.de\/wp-content\/uploads\/2022\/09\/juergen-schulte-wieking-kandidiert-zur-ihk-wahl-vollversammlung-wuerzburg-288x300.jpg 288w\" sizes=\"(max-width: 600px) 100vw, 600px\" \/><\/figure>\n\n\n\n<figure class=\"wp-block-image size-large\"><img decoding=\"async\" width=\"600\" height=\"625\" data-id=\"166460\" src=\"https:\/\/rothschenk.de\/wp-content\/uploads\/2022\/09\/juergen-schulte-wieking-kandidiert-zur-ihk-wahl-vollversammlung-wuerzburg-3.jpg\" alt=\"\" class=\"wp-image-166460\" srcset=\"https:\/\/rothschenk.de\/wp-content\/uploads\/2022\/09\/juergen-schulte-wieking-kandidiert-zur-ihk-wahl-vollversammlung-wuerzburg-3.jpg 600w, https:\/\/rothschenk.de\/wp-content\/uploads\/2022\/09\/juergen-schulte-wieking-kandidiert-zur-ihk-wahl-vollversammlung-wuerzburg-3-288x300.jpg 288w\" sizes=\"(max-width: 600px) 100vw, 600px\" \/><\/figure>\n<\/figure>\n\n<h2 class=\"wp-block-heading\">Moje warto\u015bci<\/h2>\n\n<p>&#8222;Jako udzia\u0142owiec G&amp;H GmbH Rothschenk, lokalizacja biznesowa Mainfranken jest szczeg\u00f3lnie bliska mojemu sercu. Ponadto moje wieloletnie do\u015bwiadczenie jako konsultanta ds. zarz\u0105dzania i cz\u0142onka r\u00f3\u017cnych komitet\u00f3w jest si\u0142\u0105 nap\u0119dow\u0105 do realizacji pomys\u0142\u00f3w. <\/p>\n\n<p>G\u0142\u0119boko wierz\u0119 w warto\u015bci &#8222;Okr\u0105g\u0142ego Sto\u0142u&#8221;, w sensie pozytywnej zmiany poprzez przyjazn\u0105 solidarno\u015b\u0107. Prawdziwa analogowa &#8222;sie\u0107 spo\u0142eczna&#8221; poprzez wymian\u0119 do\u015bwiadcze\u0144 prywatnych i przedsi\u0119biorczych jest jednym z impuls\u00f3w, kt\u00f3re chcia\u0142bym wnie\u015b\u0107 do IHK!&#8221; <\/p>\n\n<p>Wi\u0119cej informacji na temat wybor\u00f3w mo\u017cna znale\u017a\u0107 na stronie <a href=\"http:\/\/www.ihkwahl-mainfranken.de\/\">www.ihkwahl-mainfranken.de.<\/a><\/p>\n\n<div style=\"height:35px\" aria-hidden=\"true\" class=\"wp-block-spacer\"><\/div>\n\n<h2 class=\"wp-block-heading\">Poprzednie do\u015bwiadczenie w zarz\u0105dzie:<\/h2>\n\n<ul class=\"wp-block-list\">\n<li>Prezes i cz\u0142onek zarz\u0105du Junior Chamber Esslingen<br\/><a href=\"https:\/\/www.wj-esslingen.de\/\">https:\/\/www.wj-esslingen.de\/<\/a><\/li>\n\n\n\n<li>Cz\u0142onek Okr\u0105g\u0142ego Sto\u0142u<br\/><a href=\"https:\/\/www.round-table.de\/\">https:\/\/www.round-table.de\/<\/a><\/li>\n\n\n\n<li>Cz\u0142onek Old Table<br\/><a href=\"https:\/\/old-tablers.de\/\">https:\/\/old-tablers.de\/<\/a><\/li>\n<\/ul>\n\n<div style=\"height:35px\" aria-hidden=\"true\" class=\"wp-block-spacer\"><\/div>\n\n<h2 class=\"wp-block-heading\">To jest to, za czym si\u0119 opowiadam<\/h2>\n\n<p>Duch by\u0142ego juniora biznesowego w rejonie Stuttgartu jest r\u00f3wnie\u017c si\u0142\u0105 nap\u0119dow\u0105 mojej pracy jako partnera i konsultanta ds. zarz\u0105dzania, aby realizowa\u0107 pomys\u0142y.<\/p>\n\n<p><strong>M\u00f3j cel dla IHK:<\/strong><\/p>\n\n<ul class=\"wp-block-list\">\n<li>Utrzymywanie dobrych rzeczy w przyja\u017ani<\/li>\n\n\n\n<li>Podejmuj si\u0119 nowych rzeczy z determinacj\u0105<\/li>\n\n\n\n<li>Zr\u00f3wnowa\u017cona integracja pomys\u0142\u00f3w<\/li>\n<\/ul>\n\n<div style=\"height:35px\" aria-hidden=\"true\" class=\"wp-block-spacer\"><\/div>\n\n<div class=\"wp-block-columns is-layout-flex wp-container-core-columns-is-layout-28f84493 wp-block-columns-is-layout-flex\">\n<div class=\"wp-block-column is-layout-flow wp-block-column-is-layout-flow\">\n<h2 class=\"wp-block-heading\">Tw\u00f3j g\u0142os si\u0119 liczy &#8211; tutaj<\/h2>\n\n\n\n<p>Grupa wyborcza: Przemys\u0142<\/p>\n\n\n\n<p>Klasa wielko\u015bci firmy: \u015brednie i du\u017ce firmy<\/p>\n<\/div>\n\n\n\n<div class=\"wp-block-column is-layout-flow wp-block-column-is-layout-flow\">\n<figure class=\"wp-block-image size-full\"><img decoding=\"async\" width=\"600\" height=\"625\" src=\"https:\/\/rothschenk.de\/wp-content\/uploads\/2023\/03\/juergen_schulte_wieking_kandidiert_zur_ihk_wahl_vollversammlung_wuerzburg-2.jpg\" alt=\"\" class=\"wp-image-166130\" srcset=\"https:\/\/rothschenk.de\/wp-content\/uploads\/2023\/03\/juergen_schulte_wieking_kandidiert_zur_ihk_wahl_vollversammlung_wuerzburg-2.jpg 600w, https:\/\/rothschenk.de\/wp-content\/uploads\/2023\/03\/juergen_schulte_wieking_kandidiert_zur_ihk_wahl_vollversammlung_wuerzburg-2-288x300.jpg 288w\" sizes=\"(max-width: 600px) 100vw, 600px\" \/><\/figure>\n<\/div>\n<\/div>\n","protected":false},"excerpt":{"rendered":"<p>Nasz partner J\u00fcrgen Schulte-Wieking kandyduje na walne zgromadzenie IHK W\u00fcrzburg-Schweinfurt! Ma ju\u017c nasze mentalne wsparcie &#8211; teraz wszystko zale\u017cy od Ciebie! Skorzystaj ze swojego prawa do g\u0142osowania i pom\u00f3\u017c zdecydowa\u0107, kto b\u0119dzie reprezentowa\u0142 Twoje interesy w latach 2023-2026. G\u0142osowa\u0107 mo\u017cna jeszcze do 13 pa\u017adziernika 2022 roku! Dokumenty do g\u0142osowania korespondencyjnego zosta\u0142y ju\u017c wys\u0142ane poczt\u0105 do [&hellip;]<\/p>\n","protected":false},"author":1539,"featured_media":0,"comment_status":"open","ping_status":"closed","sticky":false,"template":"","format":"standard","meta":{"_acf_changed":false,"footnotes":""},"categories":[868],"tags":[],"class_list":["post-679814","post","type-post","status-publish","format-standard","hentry","category-wiadomosci-rothschenk"],"acf":[],"yoast_head":"<!-- This site is optimized with the Yoast SEO plugin v27.5 - https:\/\/yoast.com\/product\/yoast-seo-wordpress\/ -->\n<title>Zgromadzenie Og\u00f3lne IHK - Wybory 2022 - Rothschenk jest kandydatem<\/title>\n<meta name=\"description\" content=\"Udzia\u0142owiec G&amp;H GmbH Rohtschenk kandyduje w wyborach \u2714 We\u017a odpowiedzialno\u015b\u0107 teraz \u2714 M\u015aP jako si\u0142a nap\u0119dowa \u2714\" \/>\n<meta name=\"robots\" content=\"index, follow, max-snippet:-1, max-image-preview:large, max-video-preview:-1\" \/>\n<link rel=\"canonical\" href=\"https:\/\/rothschenk.de\/pl\/wybory-do-ihk-rothschenk-w-zgromadzeniu-ogolnym\/\" \/>\n<meta property=\"og:locale\" content=\"pl_PL\" \/>\n<meta property=\"og:type\" content=\"article\" \/>\n<meta property=\"og:title\" content=\"Zgromadzenie Og\u00f3lne IHK - Wybory 2022 - Rothschenk jest kandydatem\" \/>\n<meta property=\"og:description\" content=\"Udzia\u0142owiec G&amp;H GmbH Rohtschenk kandyduje w wyborach \u2714 We\u017a odpowiedzialno\u015b\u0107 teraz \u2714 M\u015aP jako si\u0142a nap\u0119dowa \u2714\" \/>\n<meta property=\"og:url\" content=\"https:\/\/rothschenk.de\/pl\/wybory-do-ihk-rothschenk-w-zgromadzeniu-ogolnym\/\" \/>\n<meta property=\"og:site_name\" content=\"Rothschenk\" \/>\n<meta property=\"article:publisher\" content=\"https:\/\/de-de.facebook.com\/FirmaRothschenk\/\" \/>\n<meta property=\"article:published_time\" content=\"2022-09-28T08:15:49+00:00\" \/>\n<meta property=\"article:modified_time\" content=\"2025-06-30T14:55:38+00:00\" \/>\n<meta property=\"og:image\" content=\"https:\/\/rothschenk.de\/wp-content\/uploads\/2022\/09\/juergen-schulte-wieking-kandidiert-zur-ihk-wahl-vollversammlung-wuerzburg.jpg\" \/>\n\t<meta property=\"og:image:width\" content=\"600\" \/>\n\t<meta property=\"og:image:height\" content=\"625\" \/>\n\t<meta property=\"og:image:type\" content=\"image\/jpeg\" \/>\n<meta name=\"author\" content=\"Rothschenk\" \/>\n<meta name=\"twitter:card\" content=\"summary_large_image\" \/>\n<meta name=\"twitter:label1\" content=\"Napisane przez\" \/>\n\t<meta name=\"twitter:data1\" content=\"Rothschenk\" \/>\n\t<meta name=\"twitter:label2\" content=\"Szacowany czas czytania\" \/>\n\t<meta name=\"twitter:data2\" content=\"2 minuty\" \/>\n<script type=\"application\/ld+json\" class=\"yoast-schema-graph\">{\"@context\":\"https:\\\/\\\/schema.org\",\"@graph\":[{\"@type\":\"Article\",\"@id\":\"https:\\\/\\\/rothschenk.de\\\/pl\\\/wybory-do-ihk-rothschenk-w-zgromadzeniu-ogolnym\\\/#article\",\"isPartOf\":{\"@id\":\"https:\\\/\\\/rothschenk.de\\\/pl\\\/wybory-do-ihk-rothschenk-w-zgromadzeniu-ogolnym\\\/\"},\"author\":{\"name\":\"Rothschenk\",\"@id\":\"https:\\\/\\\/rothschenk.de\\\/pl\\\/#\\\/schema\\\/person\\\/e29bf5cc9df61e6c87f80cdf8ba1be93\"},\"headline\":\"Wybory do IHK &#8211; Rothschenk w zgromadzeniu og\u00f3lnym!\",\"datePublished\":\"2022-09-28T08:15:49+00:00\",\"dateModified\":\"2025-06-30T14:55:38+00:00\",\"mainEntityOfPage\":{\"@id\":\"https:\\\/\\\/rothschenk.de\\\/pl\\\/wybory-do-ihk-rothschenk-w-zgromadzeniu-ogolnym\\\/\"},\"wordCount\":335,\"commentCount\":0,\"image\":{\"@id\":\"https:\\\/\\\/rothschenk.de\\\/pl\\\/wybory-do-ihk-rothschenk-w-zgromadzeniu-ogolnym\\\/#primaryimage\"},\"thumbnailUrl\":\"https:\\\/\\\/rothschenk.de\\\/wp-content\\\/uploads\\\/2022\\\/09\\\/juergen-schulte-wieking-kandidiert-zur-ihk-wahl-vollversammlung-wuerzburg.jpg\",\"articleSection\":[\"Wiadomo\u015bci Rothschenk\"],\"inLanguage\":\"pl-PL\",\"potentialAction\":[{\"@type\":\"CommentAction\",\"name\":\"Comment\",\"target\":[\"https:\\\/\\\/rothschenk.de\\\/pl\\\/wybory-do-ihk-rothschenk-w-zgromadzeniu-ogolnym\\\/#respond\"]}]},{\"@type\":\"WebPage\",\"@id\":\"https:\\\/\\\/rothschenk.de\\\/pl\\\/wybory-do-ihk-rothschenk-w-zgromadzeniu-ogolnym\\\/\",\"url\":\"https:\\\/\\\/rothschenk.de\\\/pl\\\/wybory-do-ihk-rothschenk-w-zgromadzeniu-ogolnym\\\/\",\"name\":\"Zgromadzenie Og\u00f3lne IHK - Wybory 2022 - Rothschenk jest kandydatem\",\"isPartOf\":{\"@id\":\"https:\\\/\\\/rothschenk.de\\\/pl\\\/#website\"},\"primaryImageOfPage\":{\"@id\":\"https:\\\/\\\/rothschenk.de\\\/pl\\\/wybory-do-ihk-rothschenk-w-zgromadzeniu-ogolnym\\\/#primaryimage\"},\"image\":{\"@id\":\"https:\\\/\\\/rothschenk.de\\\/pl\\\/wybory-do-ihk-rothschenk-w-zgromadzeniu-ogolnym\\\/#primaryimage\"},\"thumbnailUrl\":\"https:\\\/\\\/rothschenk.de\\\/wp-content\\\/uploads\\\/2022\\\/09\\\/juergen-schulte-wieking-kandidiert-zur-ihk-wahl-vollversammlung-wuerzburg.jpg\",\"datePublished\":\"2022-09-28T08:15:49+00:00\",\"dateModified\":\"2025-06-30T14:55:38+00:00\",\"author\":{\"@id\":\"https:\\\/\\\/rothschenk.de\\\/pl\\\/#\\\/schema\\\/person\\\/e29bf5cc9df61e6c87f80cdf8ba1be93\"},\"description\":\"Udzia\u0142owiec G&H GmbH Rohtschenk kandyduje w wyborach \u2714 We\u017a odpowiedzialno\u015b\u0107 teraz \u2714 M\u015aP jako si\u0142a nap\u0119dowa \u2714\",\"breadcrumb\":{\"@id\":\"https:\\\/\\\/rothschenk.de\\\/pl\\\/wybory-do-ihk-rothschenk-w-zgromadzeniu-ogolnym\\\/#breadcrumb\"},\"inLanguage\":\"pl-PL\",\"potentialAction\":[{\"@type\":\"ReadAction\",\"target\":[\"https:\\\/\\\/rothschenk.de\\\/pl\\\/wybory-do-ihk-rothschenk-w-zgromadzeniu-ogolnym\\\/\"]}]},{\"@type\":\"ImageObject\",\"inLanguage\":\"pl-PL\",\"@id\":\"https:\\\/\\\/rothschenk.de\\\/pl\\\/wybory-do-ihk-rothschenk-w-zgromadzeniu-ogolnym\\\/#primaryimage\",\"url\":\"https:\\\/\\\/rothschenk.de\\\/wp-content\\\/uploads\\\/2022\\\/09\\\/juergen-schulte-wieking-kandidiert-zur-ihk-wahl-vollversammlung-wuerzburg.jpg\",\"contentUrl\":\"https:\\\/\\\/rothschenk.de\\\/wp-content\\\/uploads\\\/2022\\\/09\\\/juergen-schulte-wieking-kandidiert-zur-ihk-wahl-vollversammlung-wuerzburg.jpg\"},{\"@type\":\"BreadcrumbList\",\"@id\":\"https:\\\/\\\/rothschenk.de\\\/pl\\\/wybory-do-ihk-rothschenk-w-zgromadzeniu-ogolnym\\\/#breadcrumb\",\"itemListElement\":[{\"@type\":\"ListItem\",\"position\":1,\"name\":\"Strona g\u0142\u00f3wna\",\"item\":\"https:\\\/\\\/rothschenk.de\\\/pl\\\/strona-glowna\\\/\"},{\"@type\":\"ListItem\",\"position\":2,\"name\":\"Wybory do IHK - Rothschenk w zgromadzeniu og\u00f3lnym!\"}]},{\"@type\":\"WebSite\",\"@id\":\"https:\\\/\\\/rothschenk.de\\\/pl\\\/#website\",\"url\":\"https:\\\/\\\/rothschenk.de\\\/pl\\\/\",\"name\":\"Rothschenk - Der Online Shop f\u00fcr Ladungssicherung\",\"description\":\"Der Online Shop f\u00fcr Ladungssicherung\",\"potentialAction\":[{\"@type\":\"SearchAction\",\"target\":{\"@type\":\"EntryPoint\",\"urlTemplate\":\"https:\\\/\\\/rothschenk.de\\\/pl\\\/?s={search_term_string}\"},\"query-input\":{\"@type\":\"PropertyValueSpecification\",\"valueRequired\":true,\"valueName\":\"search_term_string\"}}],\"inLanguage\":\"pl-PL\"},{\"@type\":\"Person\",\"@id\":\"https:\\\/\\\/rothschenk.de\\\/pl\\\/#\\\/schema\\\/person\\\/e29bf5cc9df61e6c87f80cdf8ba1be93\",\"name\":\"Rothschenk\",\"image\":{\"@type\":\"ImageObject\",\"inLanguage\":\"pl-PL\",\"@id\":\"https:\\\/\\\/rothschenk.de\\\/wp-content\\\/uploads\\\/2024\\\/03\\\/cropped-cropped-Rothschenk-logo-ladungssicherung-1-96x96.png\",\"url\":\"https:\\\/\\\/rothschenk.de\\\/wp-content\\\/uploads\\\/2024\\\/03\\\/cropped-cropped-Rothschenk-logo-ladungssicherung-1-96x96.png\",\"contentUrl\":\"https:\\\/\\\/rothschenk.de\\\/wp-content\\\/uploads\\\/2024\\\/03\\\/cropped-cropped-Rothschenk-logo-ladungssicherung-1-96x96.png\",\"caption\":\"Rothschenk\"},\"description\":\"\u2714 Profi in der Beratung \u2714 Profi an der Laderampe \u2714 Profi bei der Abwicklung Ihrer W\u00fcnsche \u2714 Ladungssicherung Made in Germany\",\"url\":\"https:\\\/\\\/rothschenk.de\\\/pl\\\/author\\\/rothschenk\\\/\"}]}<\/script>\n<!-- \/ Yoast SEO plugin. -->","yoast_head_json":{"title":"Zgromadzenie Og\u00f3lne IHK - Wybory 2022 - Rothschenk jest kandydatem","description":"Udzia\u0142owiec G&H GmbH Rohtschenk kandyduje w wyborach \u2714 We\u017a odpowiedzialno\u015b\u0107 teraz \u2714 M\u015aP jako si\u0142a nap\u0119dowa \u2714","robots":{"index":"index","follow":"follow","max-snippet":"max-snippet:-1","max-image-preview":"max-image-preview:large","max-video-preview":"max-video-preview:-1"},"canonical":"https:\/\/rothschenk.de\/pl\/wybory-do-ihk-rothschenk-w-zgromadzeniu-ogolnym\/","og_locale":"pl_PL","og_type":"article","og_title":"Zgromadzenie Og\u00f3lne IHK - Wybory 2022 - Rothschenk jest kandydatem","og_description":"Udzia\u0142owiec G&H GmbH Rohtschenk kandyduje w wyborach \u2714 We\u017a odpowiedzialno\u015b\u0107 teraz \u2714 M\u015aP jako si\u0142a nap\u0119dowa \u2714","og_url":"https:\/\/rothschenk.de\/pl\/wybory-do-ihk-rothschenk-w-zgromadzeniu-ogolnym\/","og_site_name":"Rothschenk","article_publisher":"https:\/\/de-de.facebook.com\/FirmaRothschenk\/","article_published_time":"2022-09-28T08:15:49+00:00","article_modified_time":"2025-06-30T14:55:38+00:00","og_image":[{"width":600,"height":625,"url":"https:\/\/rothschenk.de\/wp-content\/uploads\/2022\/09\/juergen-schulte-wieking-kandidiert-zur-ihk-wahl-vollversammlung-wuerzburg.jpg","type":"image\/jpeg"}],"author":"Rothschenk","twitter_card":"summary_large_image","twitter_misc":{"Napisane przez":"Rothschenk","Szacowany czas czytania":"2 minuty"},"schema":{"@context":"https:\/\/schema.org","@graph":[{"@type":"Article","@id":"https:\/\/rothschenk.de\/pl\/wybory-do-ihk-rothschenk-w-zgromadzeniu-ogolnym\/#article","isPartOf":{"@id":"https:\/\/rothschenk.de\/pl\/wybory-do-ihk-rothschenk-w-zgromadzeniu-ogolnym\/"},"author":{"name":"Rothschenk","@id":"https:\/\/rothschenk.de\/pl\/#\/schema\/person\/e29bf5cc9df61e6c87f80cdf8ba1be93"},"headline":"Wybory do IHK &#8211; Rothschenk w zgromadzeniu og\u00f3lnym!","datePublished":"2022-09-28T08:15:49+00:00","dateModified":"2025-06-30T14:55:38+00:00","mainEntityOfPage":{"@id":"https:\/\/rothschenk.de\/pl\/wybory-do-ihk-rothschenk-w-zgromadzeniu-ogolnym\/"},"wordCount":335,"commentCount":0,"image":{"@id":"https:\/\/rothschenk.de\/pl\/wybory-do-ihk-rothschenk-w-zgromadzeniu-ogolnym\/#primaryimage"},"thumbnailUrl":"https:\/\/rothschenk.de\/wp-content\/uploads\/2022\/09\/juergen-schulte-wieking-kandidiert-zur-ihk-wahl-vollversammlung-wuerzburg.jpg","articleSection":["Wiadomo\u015bci Rothschenk"],"inLanguage":"pl-PL","potentialAction":[{"@type":"CommentAction","name":"Comment","target":["https:\/\/rothschenk.de\/pl\/wybory-do-ihk-rothschenk-w-zgromadzeniu-ogolnym\/#respond"]}]},{"@type":"WebPage","@id":"https:\/\/rothschenk.de\/pl\/wybory-do-ihk-rothschenk-w-zgromadzeniu-ogolnym\/","url":"https:\/\/rothschenk.de\/pl\/wybory-do-ihk-rothschenk-w-zgromadzeniu-ogolnym\/","name":"Zgromadzenie Og\u00f3lne IHK - Wybory 2022 - Rothschenk jest kandydatem","isPartOf":{"@id":"https:\/\/rothschenk.de\/pl\/#website"},"primaryImageOfPage":{"@id":"https:\/\/rothschenk.de\/pl\/wybory-do-ihk-rothschenk-w-zgromadzeniu-ogolnym\/#primaryimage"},"image":{"@id":"https:\/\/rothschenk.de\/pl\/wybory-do-ihk-rothschenk-w-zgromadzeniu-ogolnym\/#primaryimage"},"thumbnailUrl":"https:\/\/rothschenk.de\/wp-content\/uploads\/2022\/09\/juergen-schulte-wieking-kandidiert-zur-ihk-wahl-vollversammlung-wuerzburg.jpg","datePublished":"2022-09-28T08:15:49+00:00","dateModified":"2025-06-30T14:55:38+00:00","author":{"@id":"https:\/\/rothschenk.de\/pl\/#\/schema\/person\/e29bf5cc9df61e6c87f80cdf8ba1be93"},"description":"Udzia\u0142owiec G&H GmbH Rohtschenk kandyduje w wyborach \u2714 We\u017a odpowiedzialno\u015b\u0107 teraz \u2714 M\u015aP jako si\u0142a nap\u0119dowa \u2714","breadcrumb":{"@id":"https:\/\/rothschenk.de\/pl\/wybory-do-ihk-rothschenk-w-zgromadzeniu-ogolnym\/#breadcrumb"},"inLanguage":"pl-PL","potentialAction":[{"@type":"ReadAction","target":["https:\/\/rothschenk.de\/pl\/wybory-do-ihk-rothschenk-w-zgromadzeniu-ogolnym\/"]}]},{"@type":"ImageObject","inLanguage":"pl-PL","@id":"https:\/\/rothschenk.de\/pl\/wybory-do-ihk-rothschenk-w-zgromadzeniu-ogolnym\/#primaryimage","url":"https:\/\/rothschenk.de\/wp-content\/uploads\/2022\/09\/juergen-schulte-wieking-kandidiert-zur-ihk-wahl-vollversammlung-wuerzburg.jpg","contentUrl":"https:\/\/rothschenk.de\/wp-content\/uploads\/2022\/09\/juergen-schulte-wieking-kandidiert-zur-ihk-wahl-vollversammlung-wuerzburg.jpg"},{"@type":"BreadcrumbList","@id":"https:\/\/rothschenk.de\/pl\/wybory-do-ihk-rothschenk-w-zgromadzeniu-ogolnym\/#breadcrumb","itemListElement":[{"@type":"ListItem","position":1,"name":"Strona g\u0142\u00f3wna","item":"https:\/\/rothschenk.de\/pl\/strona-glowna\/"},{"@type":"ListItem","position":2,"name":"Wybory do IHK - Rothschenk w zgromadzeniu og\u00f3lnym!"}]},{"@type":"WebSite","@id":"https:\/\/rothschenk.de\/pl\/#website","url":"https:\/\/rothschenk.de\/pl\/","name":"Rothschenk - Der Online Shop f\u00fcr Ladungssicherung","description":"Der Online Shop f\u00fcr Ladungssicherung","potentialAction":[{"@type":"SearchAction","target":{"@type":"EntryPoint","urlTemplate":"https:\/\/rothschenk.de\/pl\/?s={search_term_string}"},"query-input":{"@type":"PropertyValueSpecification","valueRequired":true,"valueName":"search_term_string"}}],"inLanguage":"pl-PL"},{"@type":"Person","@id":"https:\/\/rothschenk.de\/pl\/#\/schema\/person\/e29bf5cc9df61e6c87f80cdf8ba1be93","name":"Rothschenk","image":{"@type":"ImageObject","inLanguage":"pl-PL","@id":"https:\/\/rothschenk.de\/wp-content\/uploads\/2024\/03\/cropped-cropped-Rothschenk-logo-ladungssicherung-1-96x96.png","url":"https:\/\/rothschenk.de\/wp-content\/uploads\/2024\/03\/cropped-cropped-Rothschenk-logo-ladungssicherung-1-96x96.png","contentUrl":"https:\/\/rothschenk.de\/wp-content\/uploads\/2024\/03\/cropped-cropped-Rothschenk-logo-ladungssicherung-1-96x96.png","caption":"Rothschenk"},"description":"\u2714 Profi in der Beratung \u2714 Profi an der Laderampe \u2714 Profi bei der Abwicklung Ihrer W\u00fcnsche \u2714 Ladungssicherung Made in Germany","url":"https:\/\/rothschenk.de\/pl\/author\/rothschenk\/"}]}},"_links":{"self":[{"href":"https:\/\/rothschenk.de\/pl\/wp-json\/wp\/v2\/posts\/679814","targetHints":{"allow":["GET"]}}],"collection":[{"href":"https:\/\/rothschenk.de\/pl\/wp-json\/wp\/v2\/posts"}],"about":[{"href":"https:\/\/rothschenk.de\/pl\/wp-json\/wp\/v2\/types\/post"}],"author":[{"embeddable":true,"href":"https:\/\/rothschenk.de\/pl\/wp-json\/wp\/v2\/users\/1539"}],"replies":[{"embeddable":true,"href":"https:\/\/rothschenk.de\/pl\/wp-json\/wp\/v2\/comments?post=679814"}],"version-history":[{"count":1,"href":"https:\/\/rothschenk.de\/pl\/wp-json\/wp\/v2\/posts\/679814\/revisions"}],"predecessor-version":[{"id":679817,"href":"https:\/\/rothschenk.de\/pl\/wp-json\/wp\/v2\/posts\/679814\/revisions\/679817"}],"wp:attachment":[{"href":"https:\/\/rothschenk.de\/pl\/wp-json\/wp\/v2\/media?parent=679814"}],"wp:term":[{"taxonomy":"category","embeddable":true,"href":"https:\/\/rothschenk.de\/pl\/wp-json\/wp\/v2\/categories?post=679814"},{"taxonomy":"post_tag","embeddable":true,"href":"https:\/\/rothschenk.de\/pl\/wp-json\/wp\/v2\/tags?post=679814"}],"curies":[{"name":"wp","href":"https:\/\/api.w.org\/{rel}","templated":true}]}}