{"id":679978,"date":"2023-03-01T10:08:08","date_gmt":"2023-03-01T09:08:08","guid":{"rendered":"https:\/\/rothschenk.de\/wywiad-z-ihk-pionierem-zrownowazonego-zarzadzania\/"},"modified":"2025-06-30T16:57:23","modified_gmt":"2025-06-30T14:57:23","slug":"wywiad-z-ihk-pionierem-zrownowazonego-zarzadzania","status":"publish","type":"post","link":"https:\/\/rothschenk.de\/pl\/wywiad-z-ihk-pionierem-zrownowazonego-zarzadzania\/","title":{"rendered":"Wywiad z IHK &#8211; pionierem zr\u00f3wnowa\u017conego zarz\u0105dzania"},"content":{"rendered":"\n<p>Rothschenk trafia na pierwsz\u0105 stron\u0119. Oczywi\u015bcie trafiaj\u0105 tam tylko najwa\u017cniejsze tematy i wiod\u0105ce firmy. Podkre\u015bla to nasz\u0105 pozycj\u0119 &#8222;lidera innowacji&#8221; w bran\u017cy. Nie tylko w naszych produktach, ale tak\u017ce w etapach ich produkcji, w strukturach firmy i w ca\u0142ym procesie gospodarczym.   <\/p>\n\n<p>Z wyprzedzeniem przeprowadzono wywiad z jednym z dyrektor\u00f3w zarz\u0105dzaj\u0105cych G&amp;H GmbH w celu uzyskania niezb\u0119dnych informacji og\u00f3lnych do artyku\u0142u IHK.<\/p>\n\n<p>Biuro prasowe by\u0142o r\u00f3wnie\u017c w stanie &#8222;wch\u0142on\u0105\u0107&#8221; &#8222;ducha&#8221; firmy zorientowanej na zesp\u00f3\u0142.<\/p>\n\n<figure class=\"wp-block-gallery has-nested-images columns-default is-cropped wp-block-gallery-1 is-layout-flex wp-block-gallery-is-layout-flex\">\n<figure data-wp-context=\"{&quot;imageId&quot;:&quot;69f5b98bce06d&quot;}\" data-wp-interactive=\"core\/image\" data-wp-key=\"69f5b98bce06d\" class=\"wp-block-image size-large wp-lightbox-container\"><img fetchpriority=\"high\" decoding=\"async\" width=\"900\" height=\"600\" data-wp-class--hide=\"state.isContentHidden\" data-wp-class--show=\"state.isContentVisible\" data-wp-init=\"callbacks.setButtonStyles\" data-wp-on--click=\"actions.showLightbox\" data-wp-on--load=\"callbacks.setButtonStyles\" data-wp-on-window--resize=\"callbacks.setButtonStyles\" data-id=\"166217\" src=\"https:\/\/rothschenk.de\/wp-content\/uploads\/2023\/03\/ihk-interview-rothschenk-ladungssicherung-nachhaltigkeit-pionier-nachhaltiges-wachstum-iwm-magazin-3-1.jpg\" alt=\"\" class=\"wp-image-166217\" srcset=\"https:\/\/rothschenk.de\/wp-content\/uploads\/2023\/03\/ihk-interview-rothschenk-ladungssicherung-nachhaltigkeit-pionier-nachhaltiges-wachstum-iwm-magazin-3-1.jpg 900w, https:\/\/rothschenk.de\/wp-content\/uploads\/2023\/03\/ihk-interview-rothschenk-ladungssicherung-nachhaltigkeit-pionier-nachhaltiges-wachstum-iwm-magazin-3-1-300x200.jpg 300w, https:\/\/rothschenk.de\/wp-content\/uploads\/2023\/03\/ihk-interview-rothschenk-ladungssicherung-nachhaltigkeit-pionier-nachhaltiges-wachstum-iwm-magazin-3-1-768x512.jpg 768w, https:\/\/rothschenk.de\/wp-content\/uploads\/2023\/03\/ihk-interview-rothschenk-ladungssicherung-nachhaltigkeit-pionier-nachhaltiges-wachstum-iwm-magazin-3-1-600x400.jpg 600w\" sizes=\"(max-width: 900px) 100vw, 900px\" \/><button\n\t\t\tclass=\"lightbox-trigger\"\n\t\t\ttype=\"button\"\n\t\t\taria-haspopup=\"dialog\"\n\t\t\taria-label=\"Powi\u0119ksz\"\n\t\t\tdata-wp-init=\"callbacks.initTriggerButton\"\n\t\t\tdata-wp-on--click=\"actions.showLightbox\"\n\t\t\tdata-wp-style--right=\"state.imageButtonRight\"\n\t\t\tdata-wp-style--top=\"state.imageButtonTop\"\n\t\t>\n\t\t\t<svg xmlns=\"http:\/\/www.w3.org\/2000\/svg\" width=\"12\" height=\"12\" fill=\"none\" viewBox=\"0 0 12 12\">\n\t\t\t\t<path fill=\"#fff\" d=\"M2 0a2 2 0 0 0-2 2v2h1.5V2a.5.5 0 0 1 .5-.5h2V0H2Zm2 10.5H2a.5.5 0 0 1-.5-.5V8H0v2a2 2 0 0 0 2 2h2v-1.5ZM8 12v-1.5h2a.5.5 0 0 0 .5-.5V8H12v2a2 2 0 0 1-2 2H8Zm2-12a2 2 0 0 1 2 2v2h-1.5V2a.5.5 0 0 0-.5-.5H8V0h2Z\" \/>\n\t\t\t<\/svg>\n\t\t<\/button><\/figure>\n\n\n\n<figure data-wp-context=\"{&quot;imageId&quot;:&quot;69f5b98bce448&quot;}\" data-wp-interactive=\"core\/image\" data-wp-key=\"69f5b98bce448\" class=\"wp-block-image size-large wp-lightbox-container\"><img decoding=\"async\" width=\"900\" height=\"600\" data-wp-class--hide=\"state.isContentHidden\" data-wp-class--show=\"state.isContentVisible\" data-wp-init=\"callbacks.setButtonStyles\" data-wp-on--click=\"actions.showLightbox\" data-wp-on--load=\"callbacks.setButtonStyles\" data-wp-on-window--resize=\"callbacks.setButtonStyles\" data-id=\"166220\" src=\"https:\/\/rothschenk.de\/wp-content\/uploads\/2023\/03\/ihk-interview-rothschenk-ladungssicherung-nachhaltigkeit-pionier-nachhaltiges-wachstum-iwm-magazin-3-2.jpg\" alt=\"\" class=\"wp-image-166220\" srcset=\"https:\/\/rothschenk.de\/wp-content\/uploads\/2023\/03\/ihk-interview-rothschenk-ladungssicherung-nachhaltigkeit-pionier-nachhaltiges-wachstum-iwm-magazin-3-2.jpg 900w, https:\/\/rothschenk.de\/wp-content\/uploads\/2023\/03\/ihk-interview-rothschenk-ladungssicherung-nachhaltigkeit-pionier-nachhaltiges-wachstum-iwm-magazin-3-2-300x200.jpg 300w, https:\/\/rothschenk.de\/wp-content\/uploads\/2023\/03\/ihk-interview-rothschenk-ladungssicherung-nachhaltigkeit-pionier-nachhaltiges-wachstum-iwm-magazin-3-2-768x512.jpg 768w, https:\/\/rothschenk.de\/wp-content\/uploads\/2023\/03\/ihk-interview-rothschenk-ladungssicherung-nachhaltigkeit-pionier-nachhaltiges-wachstum-iwm-magazin-3-2-600x400.jpg 600w\" sizes=\"(max-width: 900px) 100vw, 900px\" \/><button\n\t\t\tclass=\"lightbox-trigger\"\n\t\t\ttype=\"button\"\n\t\t\taria-haspopup=\"dialog\"\n\t\t\taria-label=\"Powi\u0119ksz\"\n\t\t\tdata-wp-init=\"callbacks.initTriggerButton\"\n\t\t\tdata-wp-on--click=\"actions.showLightbox\"\n\t\t\tdata-wp-style--right=\"state.imageButtonRight\"\n\t\t\tdata-wp-style--top=\"state.imageButtonTop\"\n\t\t>\n\t\t\t<svg xmlns=\"http:\/\/www.w3.org\/2000\/svg\" width=\"12\" height=\"12\" fill=\"none\" viewBox=\"0 0 12 12\">\n\t\t\t\t<path fill=\"#fff\" d=\"M2 0a2 2 0 0 0-2 2v2h1.5V2a.5.5 0 0 1 .5-.5h2V0H2Zm2 10.5H2a.5.5 0 0 1-.5-.5V8H0v2a2 2 0 0 0 2 2h2v-1.5ZM8 12v-1.5h2a.5.5 0 0 0 .5-.5V8H12v2a2 2 0 0 1-2 2H8Zm2-12a2 2 0 0 1 2 2v2h-1.5V2a.5.5 0 0 0-.5-.5H8V0h2Z\" \/>\n\t\t\t<\/svg>\n\t\t<\/button><\/figure>\n\n\n\n<figure data-wp-context=\"{&quot;imageId&quot;:&quot;69f5b98bce669&quot;}\" data-wp-interactive=\"core\/image\" data-wp-key=\"69f5b98bce669\" class=\"wp-block-image size-large wp-lightbox-container\"><img decoding=\"async\" width=\"900\" height=\"600\" data-wp-class--hide=\"state.isContentHidden\" data-wp-class--show=\"state.isContentVisible\" data-wp-init=\"callbacks.setButtonStyles\" data-wp-on--click=\"actions.showLightbox\" data-wp-on--load=\"callbacks.setButtonStyles\" data-wp-on-window--resize=\"callbacks.setButtonStyles\" data-id=\"166223\" src=\"https:\/\/rothschenk.de\/wp-content\/uploads\/2023\/03\/ihk-interview-rothschenk-ladungssicherung-nachhaltigkeit-pionier-nachhaltiges-wachstum-iwm-magazin-3-3.jpg\" alt=\"\" class=\"wp-image-166223\" srcset=\"https:\/\/rothschenk.de\/wp-content\/uploads\/2023\/03\/ihk-interview-rothschenk-ladungssicherung-nachhaltigkeit-pionier-nachhaltiges-wachstum-iwm-magazin-3-3.jpg 900w, https:\/\/rothschenk.de\/wp-content\/uploads\/2023\/03\/ihk-interview-rothschenk-ladungssicherung-nachhaltigkeit-pionier-nachhaltiges-wachstum-iwm-magazin-3-3-300x200.jpg 300w, https:\/\/rothschenk.de\/wp-content\/uploads\/2023\/03\/ihk-interview-rothschenk-ladungssicherung-nachhaltigkeit-pionier-nachhaltiges-wachstum-iwm-magazin-3-3-768x512.jpg 768w, https:\/\/rothschenk.de\/wp-content\/uploads\/2023\/03\/ihk-interview-rothschenk-ladungssicherung-nachhaltigkeit-pionier-nachhaltiges-wachstum-iwm-magazin-3-3-600x400.jpg 600w\" sizes=\"(max-width: 900px) 100vw, 900px\" \/><button\n\t\t\tclass=\"lightbox-trigger\"\n\t\t\ttype=\"button\"\n\t\t\taria-haspopup=\"dialog\"\n\t\t\taria-label=\"Powi\u0119ksz\"\n\t\t\tdata-wp-init=\"callbacks.initTriggerButton\"\n\t\t\tdata-wp-on--click=\"actions.showLightbox\"\n\t\t\tdata-wp-style--right=\"state.imageButtonRight\"\n\t\t\tdata-wp-style--top=\"state.imageButtonTop\"\n\t\t>\n\t\t\t<svg xmlns=\"http:\/\/www.w3.org\/2000\/svg\" width=\"12\" height=\"12\" fill=\"none\" viewBox=\"0 0 12 12\">\n\t\t\t\t<path fill=\"#fff\" d=\"M2 0a2 2 0 0 0-2 2v2h1.5V2a.5.5 0 0 1 .5-.5h2V0H2Zm2 10.5H2a.5.5 0 0 1-.5-.5V8H0v2a2 2 0 0 0 2 2h2v-1.5ZM8 12v-1.5h2a.5.5 0 0 0 .5-.5V8H12v2a2 2 0 0 1-2 2H8Zm2-12a2 2 0 0 1 2 2v2h-1.5V2a.5.5 0 0 0-.5-.5H8V0h2Z\" \/>\n\t\t\t<\/svg>\n\t\t<\/button><\/figure>\n<\/figure>\n\n<p>J\u00fcrgen Schulte-Wieking, odpowiedzialny za planowanie produkcji w firmie i odpowiedzialny za wprowadzenie obszar\u00f3w zr\u00f3wnowa\u017conego rozwoju, wyja\u015bni\u0142 r\u00f3\u017cne przeszkody i wyzwania, ale tak\u017ce rozwi\u0105zania.<\/p>\n\n<p>W dniu 1 marca 2013 r. ukaza\u0142 si\u0119 nowy magazyn IHK W\u00fcrzburg-Schweinfurt IWM (Wirtschaft in Mainfranken).<\/p>\n\n<p>Szczeg\u00f3lny zaszczyt dla nas: Rothschenk jako artyku\u0142 przewodni dla renomowanej gazety biznesowej. Poniewa\u017c IHK aktuell jest szczeg\u00f3lnie zaanga\u017cowana w temat &#8222;zr\u00f3wnowa\u017conego rozwoju&#8221; w swoich raportach, wa\u017cne by\u0142o, aby wybra\u0107 firm\u0119, kt\u00f3ra wyr\u00f3\u017cnia si\u0119 szczeg\u00f3lnym zaanga\u017cowaniem w tym obszarze. <\/p>\n\n<p>G&amp;H GmbH Rothschenk ju\u017c w ostatnich latach przyci\u0105ga\u0142a uwag\u0119 wyj\u0105tkowymi nagrodami. Opr\u00f3cz zwyk\u0142ych certyfikat\u00f3w, takich jak DIN ISO 9001:2014, firma osi\u0105gn\u0119\u0142a r\u00f3wnie\u017c wyj\u0105tkowe poziomy odniesienia: np. EMAS, a nawet najwy\u017cszy osi\u0105galny poziom w Ecovadis: platynowy. Ten ostatni jest osi\u0105gany przez mniej ni\u017c 1% wszystkich notowanych tam firm.  <\/p>\n\n<p>Wk\u0142ad IHK potwierdza wysi\u0142ki ostatnich lat. Jako producent system\u00f3w mocowania \u0142adunk\u00f3w, Rothschenk b\u0119dzie nadal konsekwentnie pod\u0105\u017ca\u0142 t\u0105 drog\u0105. Nie tylko dlatego, \u017ce wymaga tego coraz wi\u0119cej klient\u00f3w, ale przede wszystkim ze wzgl\u0119du na pracownik\u00f3w i \u015brodowisko.  <\/p>\n\n<p>Ca\u0142y artyku\u0142 IHK mo\u017cna przeczyta\u0107 tutaj.<\/p>\n\n<p><a href=\"https:\/\/rothschenk.de\/wp-content\/uploads\/2023\/03\/IHK-WIM_low.pdf\">PDF do pobrania<\/a><\/p>\n\n<p><a href=\"https:\/\/wim.wuerzburg.ihk.de\/de\/profiles\/95b963f13909\/editions\/42b2db4422f5961f2fe2\/pages\">PDF-Pobierz kompletny WIM<\/a><\/p>\n\n<p><a href=\"https:\/\/www.wuerzburg.ihk.de\/wim\/\">Strona internetowa IHK<\/a><\/p>\n\n<p>Prezentacja aktualnego certyfikatu EMAS dla Rothschenk r\u00f3wnie\u017c odby\u0142a si\u0119 w idealnym momencie. Dr Kargerbauer przyby\u0142 osobi\u015bcie 22.02.23, aby wr\u0119czy\u0107 certyfikat zespo\u0142owi Rothschenk. W szczeg\u00f3lno\u015bci chcieliby\u015bmy podzi\u0119kowa\u0107 urz\u0119dniczce ds. \u015brodowiska Biance Schmitt i Johannie Ott, odpowiedzialnej za zintegrowane zarz\u0105dzanie projektami oraz urz\u0119dniczce ds. zr\u00f3wnowa\u017conego rozwoju i zarz\u0105dzania jako\u015bci\u0105.  <\/p>\n\n<p>Pan Kargerbauer odby\u0142 kr\u00f3tk\u0105 wycieczk\u0119 po firmie, aby uzyska\u0107 wgl\u0105d w procesy producenta zabezpiecze\u0144 \u0142adunku. Opr\u00f3cz tematu zr\u00f3wnowa\u017conego rozwoju, skupiono si\u0119 r\u00f3wnie\u017c na wyzwaniach zwi\u0105zanych z utrzymaniem w\u0142asnej produkcji w Niemczech. Ponadto, ekspansja firmy z Dolnej Frankonii z nowo wybudowanym centrum logistycznym. Tutaj r\u00f3wnie\u017c firma otwiera nowe mo\u017cliwo\u015bci w regionie dzi\u0119ki pod\u0142\u0105czeniu do sieci ciep\u0142owniczej, standardom KfW40 i fotowoltaice.   <\/p>\n\n<figure class=\"wp-block-gallery has-nested-images columns-default is-cropped wp-block-gallery-2 is-layout-flex wp-block-gallery-is-layout-flex\">\n<figure class=\"wp-block-image size-large\"><img loading=\"lazy\" decoding=\"async\" width=\"911\" height=\"600\" data-id=\"166229\" src=\"https:\/\/rothschenk.de\/wp-content\/uploads\/2023\/03\/ihk-emas-urkunde-uebergabe-4.jpg\" alt=\"\" class=\"wp-image-166229\" srcset=\"https:\/\/rothschenk.de\/wp-content\/uploads\/2023\/03\/ihk-emas-urkunde-uebergabe-4.jpg 911w, https:\/\/rothschenk.de\/wp-content\/uploads\/2023\/03\/ihk-emas-urkunde-uebergabe-4-300x198.jpg 300w, https:\/\/rothschenk.de\/wp-content\/uploads\/2023\/03\/ihk-emas-urkunde-uebergabe-4-768x506.jpg 768w, https:\/\/rothschenk.de\/wp-content\/uploads\/2023\/03\/ihk-emas-urkunde-uebergabe-4-600x395.jpg 600w\" sizes=\"(max-width: 911px) 100vw, 911px\" \/><\/figure>\n\n\n\n<figure class=\"wp-block-image size-large\"><img loading=\"lazy\" decoding=\"async\" width=\"900\" height=\"600\" data-id=\"166214\" src=\"https:\/\/rothschenk.de\/wp-content\/uploads\/2023\/03\/ihk-emas-urkunde-uebergabe-11.jpg\" alt=\"\" class=\"wp-image-166214\" srcset=\"https:\/\/rothschenk.de\/wp-content\/uploads\/2023\/03\/ihk-emas-urkunde-uebergabe-11.jpg 900w, https:\/\/rothschenk.de\/wp-content\/uploads\/2023\/03\/ihk-emas-urkunde-uebergabe-11-300x200.jpg 300w, https:\/\/rothschenk.de\/wp-content\/uploads\/2023\/03\/ihk-emas-urkunde-uebergabe-11-768x512.jpg 768w, https:\/\/rothschenk.de\/wp-content\/uploads\/2023\/03\/ihk-emas-urkunde-uebergabe-11-600x400.jpg 600w\" sizes=\"(max-width: 900px) 100vw, 900px\" \/><\/figure>\n\n\n\n<figure class=\"wp-block-image size-large\"><img loading=\"lazy\" decoding=\"async\" width=\"913\" height=\"600\" data-id=\"166211\" src=\"https:\/\/rothschenk.de\/wp-content\/uploads\/2023\/03\/ihk-emas-urkunde-uebergabe-8.jpg\" alt=\"\" class=\"wp-image-166211\" srcset=\"https:\/\/rothschenk.de\/wp-content\/uploads\/2023\/03\/ihk-emas-urkunde-uebergabe-8.jpg 913w, https:\/\/rothschenk.de\/wp-content\/uploads\/2023\/03\/ihk-emas-urkunde-uebergabe-8-300x197.jpg 300w, https:\/\/rothschenk.de\/wp-content\/uploads\/2023\/03\/ihk-emas-urkunde-uebergabe-8-768x505.jpg 768w, https:\/\/rothschenk.de\/wp-content\/uploads\/2023\/03\/ihk-emas-urkunde-uebergabe-8-600x394.jpg 600w\" sizes=\"(max-width: 913px) 100vw, 913px\" \/><\/figure>\n<\/figure>\n\n<div style=\"height:35px\" aria-hidden=\"true\" class=\"wp-block-spacer\"><\/div>\n","protected":false},"excerpt":{"rendered":"<p>Rothschenk trafia na pierwsz\u0105 stron\u0119. Oczywi\u015bcie trafiaj\u0105 tam tylko najwa\u017cniejsze tematy i wiod\u0105ce firmy. Podkre\u015bla to nasz\u0105 pozycj\u0119 &#8222;lidera innowacji&#8221; w bran\u017cy. Nie tylko w naszych produktach, ale tak\u017ce w etapach ich produkcji, w strukturach firmy i w ca\u0142ym procesie gospodarczym. Z wyprzedzeniem przeprowadzono wywiad z jednym z dyrektor\u00f3w zarz\u0105dzaj\u0105cych G&amp;H GmbH w celu uzyskania [&hellip;]<\/p>\n","protected":false},"author":1539,"featured_media":679985,"comment_status":"open","ping_status":"closed","sticky":false,"template":"","format":"standard","meta":{"_acf_changed":false,"footnotes":""},"categories":[868],"tags":[],"class_list":["post-679978","post","type-post","status-publish","format-standard","has-post-thumbnail","hentry","category-wiadomosci-rothschenk"],"acf":[],"yoast_head":"<!-- This site is optimized with the Yoast SEO plugin v27.5 - https:\/\/yoast.com\/product\/yoast-seo-wordpress\/ -->\n<title>Pionier zr\u00f3wnowa\u017conego zarz\u0105dzania - Rothschenk - wk\u0142ad IHK<\/title>\n<meta name=\"description\" content=\"Historia z ok\u0142adki z marca 2023 r. w oficjalnej gazecie IHK W\u00fcrzburg-Schweinfurt! Przeczytaj tutaj, co sprawia, \u017ce Rothschenk jest pionierem w swojej bran\u017cy...\" \/>\n<meta name=\"robots\" content=\"index, follow, max-snippet:-1, max-image-preview:large, max-video-preview:-1\" \/>\n<link rel=\"canonical\" href=\"https:\/\/rothschenk.de\/pl\/wywiad-z-ihk-pionierem-zrownowazonego-zarzadzania\/\" \/>\n<meta property=\"og:locale\" content=\"pl_PL\" \/>\n<meta property=\"og:type\" content=\"article\" \/>\n<meta property=\"og:title\" content=\"Pionier zr\u00f3wnowa\u017conego zarz\u0105dzania - Rothschenk - wk\u0142ad IHK\" \/>\n<meta property=\"og:description\" content=\"Historia z ok\u0142adki z marca 2023 r. w oficjalnej gazecie IHK W\u00fcrzburg-Schweinfurt! Przeczytaj tutaj, co sprawia, \u017ce Rothschenk jest pionierem w swojej bran\u017cy...\" \/>\n<meta property=\"og:url\" content=\"https:\/\/rothschenk.de\/pl\/wywiad-z-ihk-pionierem-zrownowazonego-zarzadzania\/\" \/>\n<meta property=\"og:site_name\" content=\"Rothschenk\" \/>\n<meta property=\"article:publisher\" content=\"https:\/\/de-de.facebook.com\/FirmaRothschenk\/\" \/>\n<meta property=\"article:published_time\" content=\"2023-03-01T09:08:08+00:00\" \/>\n<meta property=\"article:modified_time\" content=\"2025-06-30T14:57:23+00:00\" \/>\n<meta property=\"og:image\" content=\"https:\/\/rothschenk.de\/wp-content\/uploads\/2023\/12\/ihk-interview-pionier-des-nachhaltigen-wirtschaftens.jpg\" \/>\n\t<meta property=\"og:image:width\" content=\"1920\" \/>\n\t<meta property=\"og:image:height\" content=\"1078\" \/>\n\t<meta property=\"og:image:type\" content=\"image\/jpeg\" \/>\n<meta name=\"author\" content=\"Rothschenk\" \/>\n<meta name=\"twitter:card\" content=\"summary_large_image\" \/>\n<meta name=\"twitter:label1\" content=\"Napisane przez\" \/>\n\t<meta name=\"twitter:data1\" content=\"Rothschenk\" \/>\n\t<meta name=\"twitter:label2\" content=\"Szacowany czas czytania\" \/>\n\t<meta name=\"twitter:data2\" content=\"2 minuty\" \/>\n<script type=\"application\/ld+json\" class=\"yoast-schema-graph\">{\"@context\":\"https:\\\/\\\/schema.org\",\"@graph\":[{\"@type\":\"Article\",\"@id\":\"https:\\\/\\\/rothschenk.de\\\/pl\\\/wywiad-z-ihk-pionierem-zrownowazonego-zarzadzania\\\/#article\",\"isPartOf\":{\"@id\":\"https:\\\/\\\/rothschenk.de\\\/pl\\\/wywiad-z-ihk-pionierem-zrownowazonego-zarzadzania\\\/\"},\"author\":{\"name\":\"Rothschenk\",\"@id\":\"https:\\\/\\\/rothschenk.de\\\/pl\\\/#\\\/schema\\\/person\\\/e29bf5cc9df61e6c87f80cdf8ba1be93\"},\"headline\":\"Wywiad z IHK &#8211; pionierem zr\u00f3wnowa\u017conego zarz\u0105dzania\",\"datePublished\":\"2023-03-01T09:08:08+00:00\",\"dateModified\":\"2025-06-30T14:57:23+00:00\",\"mainEntityOfPage\":{\"@id\":\"https:\\\/\\\/rothschenk.de\\\/pl\\\/wywiad-z-ihk-pionierem-zrownowazonego-zarzadzania\\\/\"},\"wordCount\":454,\"commentCount\":0,\"image\":{\"@id\":\"https:\\\/\\\/rothschenk.de\\\/pl\\\/wywiad-z-ihk-pionierem-zrownowazonego-zarzadzania\\\/#primaryimage\"},\"thumbnailUrl\":\"https:\\\/\\\/rothschenk.de\\\/wp-content\\\/uploads\\\/2023\\\/12\\\/ihk-interview-pionier-des-nachhaltigen-wirtschaftens.jpg\",\"articleSection\":[\"Wiadomo\u015bci Rothschenk\"],\"inLanguage\":\"pl-PL\",\"potentialAction\":[{\"@type\":\"CommentAction\",\"name\":\"Comment\",\"target\":[\"https:\\\/\\\/rothschenk.de\\\/pl\\\/wywiad-z-ihk-pionierem-zrownowazonego-zarzadzania\\\/#respond\"]}]},{\"@type\":\"WebPage\",\"@id\":\"https:\\\/\\\/rothschenk.de\\\/pl\\\/wywiad-z-ihk-pionierem-zrownowazonego-zarzadzania\\\/\",\"url\":\"https:\\\/\\\/rothschenk.de\\\/pl\\\/wywiad-z-ihk-pionierem-zrownowazonego-zarzadzania\\\/\",\"name\":\"Pionier zr\u00f3wnowa\u017conego zarz\u0105dzania - Rothschenk - wk\u0142ad IHK\",\"isPartOf\":{\"@id\":\"https:\\\/\\\/rothschenk.de\\\/pl\\\/#website\"},\"primaryImageOfPage\":{\"@id\":\"https:\\\/\\\/rothschenk.de\\\/pl\\\/wywiad-z-ihk-pionierem-zrownowazonego-zarzadzania\\\/#primaryimage\"},\"image\":{\"@id\":\"https:\\\/\\\/rothschenk.de\\\/pl\\\/wywiad-z-ihk-pionierem-zrownowazonego-zarzadzania\\\/#primaryimage\"},\"thumbnailUrl\":\"https:\\\/\\\/rothschenk.de\\\/wp-content\\\/uploads\\\/2023\\\/12\\\/ihk-interview-pionier-des-nachhaltigen-wirtschaftens.jpg\",\"datePublished\":\"2023-03-01T09:08:08+00:00\",\"dateModified\":\"2025-06-30T14:57:23+00:00\",\"author\":{\"@id\":\"https:\\\/\\\/rothschenk.de\\\/pl\\\/#\\\/schema\\\/person\\\/e29bf5cc9df61e6c87f80cdf8ba1be93\"},\"description\":\"Historia z ok\u0142adki z marca 2023 r. w oficjalnej gazecie IHK W\u00fcrzburg-Schweinfurt! Przeczytaj tutaj, co sprawia, \u017ce Rothschenk jest pionierem w swojej bran\u017cy...\",\"breadcrumb\":{\"@id\":\"https:\\\/\\\/rothschenk.de\\\/pl\\\/wywiad-z-ihk-pionierem-zrownowazonego-zarzadzania\\\/#breadcrumb\"},\"inLanguage\":\"pl-PL\",\"potentialAction\":[{\"@type\":\"ReadAction\",\"target\":[\"https:\\\/\\\/rothschenk.de\\\/pl\\\/wywiad-z-ihk-pionierem-zrownowazonego-zarzadzania\\\/\"]}]},{\"@type\":\"ImageObject\",\"inLanguage\":\"pl-PL\",\"@id\":\"https:\\\/\\\/rothschenk.de\\\/pl\\\/wywiad-z-ihk-pionierem-zrownowazonego-zarzadzania\\\/#primaryimage\",\"url\":\"https:\\\/\\\/rothschenk.de\\\/wp-content\\\/uploads\\\/2023\\\/12\\\/ihk-interview-pionier-des-nachhaltigen-wirtschaftens.jpg\",\"contentUrl\":\"https:\\\/\\\/rothschenk.de\\\/wp-content\\\/uploads\\\/2023\\\/12\\\/ihk-interview-pionier-des-nachhaltigen-wirtschaftens.jpg\",\"width\":1920,\"height\":1078},{\"@type\":\"BreadcrumbList\",\"@id\":\"https:\\\/\\\/rothschenk.de\\\/pl\\\/wywiad-z-ihk-pionierem-zrownowazonego-zarzadzania\\\/#breadcrumb\",\"itemListElement\":[{\"@type\":\"ListItem\",\"position\":1,\"name\":\"Strona g\u0142\u00f3wna\",\"item\":\"https:\\\/\\\/rothschenk.de\\\/pl\\\/strona-glowna\\\/\"},{\"@type\":\"ListItem\",\"position\":2,\"name\":\"Wywiad z IHK &#8211; pionierem zr\u00f3wnowa\u017conego zarz\u0105dzania\"}]},{\"@type\":\"WebSite\",\"@id\":\"https:\\\/\\\/rothschenk.de\\\/pl\\\/#website\",\"url\":\"https:\\\/\\\/rothschenk.de\\\/pl\\\/\",\"name\":\"Rothschenk - Der Online Shop f\u00fcr Ladungssicherung\",\"description\":\"Der Online Shop f\u00fcr Ladungssicherung\",\"potentialAction\":[{\"@type\":\"SearchAction\",\"target\":{\"@type\":\"EntryPoint\",\"urlTemplate\":\"https:\\\/\\\/rothschenk.de\\\/pl\\\/?s={search_term_string}\"},\"query-input\":{\"@type\":\"PropertyValueSpecification\",\"valueRequired\":true,\"valueName\":\"search_term_string\"}}],\"inLanguage\":\"pl-PL\"},{\"@type\":\"Person\",\"@id\":\"https:\\\/\\\/rothschenk.de\\\/pl\\\/#\\\/schema\\\/person\\\/e29bf5cc9df61e6c87f80cdf8ba1be93\",\"name\":\"Rothschenk\",\"image\":{\"@type\":\"ImageObject\",\"inLanguage\":\"pl-PL\",\"@id\":\"https:\\\/\\\/rothschenk.de\\\/wp-content\\\/uploads\\\/2024\\\/03\\\/cropped-cropped-Rothschenk-logo-ladungssicherung-1-96x96.png\",\"url\":\"https:\\\/\\\/rothschenk.de\\\/wp-content\\\/uploads\\\/2024\\\/03\\\/cropped-cropped-Rothschenk-logo-ladungssicherung-1-96x96.png\",\"contentUrl\":\"https:\\\/\\\/rothschenk.de\\\/wp-content\\\/uploads\\\/2024\\\/03\\\/cropped-cropped-Rothschenk-logo-ladungssicherung-1-96x96.png\",\"caption\":\"Rothschenk\"},\"description\":\"\u2714 Profi in der Beratung \u2714 Profi an der Laderampe \u2714 Profi bei der Abwicklung Ihrer W\u00fcnsche \u2714 Ladungssicherung Made in Germany\",\"url\":\"https:\\\/\\\/rothschenk.de\\\/pl\\\/author\\\/rothschenk\\\/\"}]}<\/script>\n<!-- \/ Yoast SEO plugin. -->","yoast_head_json":{"title":"Pionier zr\u00f3wnowa\u017conego zarz\u0105dzania - Rothschenk - wk\u0142ad IHK","description":"Historia z ok\u0142adki z marca 2023 r. w oficjalnej gazecie IHK W\u00fcrzburg-Schweinfurt! Przeczytaj tutaj, co sprawia, \u017ce Rothschenk jest pionierem w swojej bran\u017cy...","robots":{"index":"index","follow":"follow","max-snippet":"max-snippet:-1","max-image-preview":"max-image-preview:large","max-video-preview":"max-video-preview:-1"},"canonical":"https:\/\/rothschenk.de\/pl\/wywiad-z-ihk-pionierem-zrownowazonego-zarzadzania\/","og_locale":"pl_PL","og_type":"article","og_title":"Pionier zr\u00f3wnowa\u017conego zarz\u0105dzania - Rothschenk - wk\u0142ad IHK","og_description":"Historia z ok\u0142adki z marca 2023 r. w oficjalnej gazecie IHK W\u00fcrzburg-Schweinfurt! Przeczytaj tutaj, co sprawia, \u017ce Rothschenk jest pionierem w swojej bran\u017cy...","og_url":"https:\/\/rothschenk.de\/pl\/wywiad-z-ihk-pionierem-zrownowazonego-zarzadzania\/","og_site_name":"Rothschenk","article_publisher":"https:\/\/de-de.facebook.com\/FirmaRothschenk\/","article_published_time":"2023-03-01T09:08:08+00:00","article_modified_time":"2025-06-30T14:57:23+00:00","og_image":[{"width":1920,"height":1078,"url":"https:\/\/rothschenk.de\/wp-content\/uploads\/2023\/12\/ihk-interview-pionier-des-nachhaltigen-wirtschaftens.jpg","type":"image\/jpeg"}],"author":"Rothschenk","twitter_card":"summary_large_image","twitter_misc":{"Napisane przez":"Rothschenk","Szacowany czas czytania":"2 minuty"},"schema":{"@context":"https:\/\/schema.org","@graph":[{"@type":"Article","@id":"https:\/\/rothschenk.de\/pl\/wywiad-z-ihk-pionierem-zrownowazonego-zarzadzania\/#article","isPartOf":{"@id":"https:\/\/rothschenk.de\/pl\/wywiad-z-ihk-pionierem-zrownowazonego-zarzadzania\/"},"author":{"name":"Rothschenk","@id":"https:\/\/rothschenk.de\/pl\/#\/schema\/person\/e29bf5cc9df61e6c87f80cdf8ba1be93"},"headline":"Wywiad z IHK &#8211; pionierem zr\u00f3wnowa\u017conego zarz\u0105dzania","datePublished":"2023-03-01T09:08:08+00:00","dateModified":"2025-06-30T14:57:23+00:00","mainEntityOfPage":{"@id":"https:\/\/rothschenk.de\/pl\/wywiad-z-ihk-pionierem-zrownowazonego-zarzadzania\/"},"wordCount":454,"commentCount":0,"image":{"@id":"https:\/\/rothschenk.de\/pl\/wywiad-z-ihk-pionierem-zrownowazonego-zarzadzania\/#primaryimage"},"thumbnailUrl":"https:\/\/rothschenk.de\/wp-content\/uploads\/2023\/12\/ihk-interview-pionier-des-nachhaltigen-wirtschaftens.jpg","articleSection":["Wiadomo\u015bci Rothschenk"],"inLanguage":"pl-PL","potentialAction":[{"@type":"CommentAction","name":"Comment","target":["https:\/\/rothschenk.de\/pl\/wywiad-z-ihk-pionierem-zrownowazonego-zarzadzania\/#respond"]}]},{"@type":"WebPage","@id":"https:\/\/rothschenk.de\/pl\/wywiad-z-ihk-pionierem-zrownowazonego-zarzadzania\/","url":"https:\/\/rothschenk.de\/pl\/wywiad-z-ihk-pionierem-zrownowazonego-zarzadzania\/","name":"Pionier zr\u00f3wnowa\u017conego zarz\u0105dzania - Rothschenk - wk\u0142ad IHK","isPartOf":{"@id":"https:\/\/rothschenk.de\/pl\/#website"},"primaryImageOfPage":{"@id":"https:\/\/rothschenk.de\/pl\/wywiad-z-ihk-pionierem-zrownowazonego-zarzadzania\/#primaryimage"},"image":{"@id":"https:\/\/rothschenk.de\/pl\/wywiad-z-ihk-pionierem-zrownowazonego-zarzadzania\/#primaryimage"},"thumbnailUrl":"https:\/\/rothschenk.de\/wp-content\/uploads\/2023\/12\/ihk-interview-pionier-des-nachhaltigen-wirtschaftens.jpg","datePublished":"2023-03-01T09:08:08+00:00","dateModified":"2025-06-30T14:57:23+00:00","author":{"@id":"https:\/\/rothschenk.de\/pl\/#\/schema\/person\/e29bf5cc9df61e6c87f80cdf8ba1be93"},"description":"Historia z ok\u0142adki z marca 2023 r. w oficjalnej gazecie IHK W\u00fcrzburg-Schweinfurt! Przeczytaj tutaj, co sprawia, \u017ce Rothschenk jest pionierem w swojej bran\u017cy...","breadcrumb":{"@id":"https:\/\/rothschenk.de\/pl\/wywiad-z-ihk-pionierem-zrownowazonego-zarzadzania\/#breadcrumb"},"inLanguage":"pl-PL","potentialAction":[{"@type":"ReadAction","target":["https:\/\/rothschenk.de\/pl\/wywiad-z-ihk-pionierem-zrownowazonego-zarzadzania\/"]}]},{"@type":"ImageObject","inLanguage":"pl-PL","@id":"https:\/\/rothschenk.de\/pl\/wywiad-z-ihk-pionierem-zrownowazonego-zarzadzania\/#primaryimage","url":"https:\/\/rothschenk.de\/wp-content\/uploads\/2023\/12\/ihk-interview-pionier-des-nachhaltigen-wirtschaftens.jpg","contentUrl":"https:\/\/rothschenk.de\/wp-content\/uploads\/2023\/12\/ihk-interview-pionier-des-nachhaltigen-wirtschaftens.jpg","width":1920,"height":1078},{"@type":"BreadcrumbList","@id":"https:\/\/rothschenk.de\/pl\/wywiad-z-ihk-pionierem-zrownowazonego-zarzadzania\/#breadcrumb","itemListElement":[{"@type":"ListItem","position":1,"name":"Strona g\u0142\u00f3wna","item":"https:\/\/rothschenk.de\/pl\/strona-glowna\/"},{"@type":"ListItem","position":2,"name":"Wywiad z IHK &#8211; pionierem zr\u00f3wnowa\u017conego zarz\u0105dzania"}]},{"@type":"WebSite","@id":"https:\/\/rothschenk.de\/pl\/#website","url":"https:\/\/rothschenk.de\/pl\/","name":"Rothschenk - Der Online Shop f\u00fcr Ladungssicherung","description":"Der Online Shop f\u00fcr Ladungssicherung","potentialAction":[{"@type":"SearchAction","target":{"@type":"EntryPoint","urlTemplate":"https:\/\/rothschenk.de\/pl\/?s={search_term_string}"},"query-input":{"@type":"PropertyValueSpecification","valueRequired":true,"valueName":"search_term_string"}}],"inLanguage":"pl-PL"},{"@type":"Person","@id":"https:\/\/rothschenk.de\/pl\/#\/schema\/person\/e29bf5cc9df61e6c87f80cdf8ba1be93","name":"Rothschenk","image":{"@type":"ImageObject","inLanguage":"pl-PL","@id":"https:\/\/rothschenk.de\/wp-content\/uploads\/2024\/03\/cropped-cropped-Rothschenk-logo-ladungssicherung-1-96x96.png","url":"https:\/\/rothschenk.de\/wp-content\/uploads\/2024\/03\/cropped-cropped-Rothschenk-logo-ladungssicherung-1-96x96.png","contentUrl":"https:\/\/rothschenk.de\/wp-content\/uploads\/2024\/03\/cropped-cropped-Rothschenk-logo-ladungssicherung-1-96x96.png","caption":"Rothschenk"},"description":"\u2714 Profi in der Beratung \u2714 Profi an der Laderampe \u2714 Profi bei der Abwicklung Ihrer W\u00fcnsche \u2714 Ladungssicherung Made in Germany","url":"https:\/\/rothschenk.de\/pl\/author\/rothschenk\/"}]}},"_links":{"self":[{"href":"https:\/\/rothschenk.de\/pl\/wp-json\/wp\/v2\/posts\/679978","targetHints":{"allow":["GET"]}}],"collection":[{"href":"https:\/\/rothschenk.de\/pl\/wp-json\/wp\/v2\/posts"}],"about":[{"href":"https:\/\/rothschenk.de\/pl\/wp-json\/wp\/v2\/types\/post"}],"author":[{"embeddable":true,"href":"https:\/\/rothschenk.de\/pl\/wp-json\/wp\/v2\/users\/1539"}],"replies":[{"embeddable":true,"href":"https:\/\/rothschenk.de\/pl\/wp-json\/wp\/v2\/comments?post=679978"}],"version-history":[{"count":1,"href":"https:\/\/rothschenk.de\/pl\/wp-json\/wp\/v2\/posts\/679978\/revisions"}],"predecessor-version":[{"id":679987,"href":"https:\/\/rothschenk.de\/pl\/wp-json\/wp\/v2\/posts\/679978\/revisions\/679987"}],"wp:featuredmedia":[{"embeddable":true,"href":"https:\/\/rothschenk.de\/pl\/wp-json\/wp\/v2\/media\/679985"}],"wp:attachment":[{"href":"https:\/\/rothschenk.de\/pl\/wp-json\/wp\/v2\/media?parent=679978"}],"wp:term":[{"taxonomy":"category","embeddable":true,"href":"https:\/\/rothschenk.de\/pl\/wp-json\/wp\/v2\/categories?post=679978"},{"taxonomy":"post_tag","embeddable":true,"href":"https:\/\/rothschenk.de\/pl\/wp-json\/wp\/v2\/tags?post=679978"}],"curies":[{"name":"wp","href":"https:\/\/api.w.org\/{rel}","templated":true}]}}