{"id":680021,"date":"2023-03-22T16:29:09","date_gmt":"2023-03-22T15:29:09","guid":{"rendered":"https:\/\/rothschenk.de\/breaking-news-komisja-energii-i-srodowiska-ihk\/"},"modified":"2025-06-30T16:57:42","modified_gmt":"2025-06-30T14:57:42","slug":"breaking-news-komisja-energii-i-srodowiska-ihk","status":"publish","type":"post","link":"https:\/\/rothschenk.de\/pl\/breaking-news-komisja-energii-i-srodowiska-ihk\/","title":{"rendered":"BREAKING NEWS: Komisja Energii i \u015arodowiska IHK"},"content":{"rendered":"\n<div class=\"wp-block-columns is-layout-flex wp-container-core-columns-is-layout-28f84493 wp-block-columns-is-layout-flex\">\n<div class=\"wp-block-column is-layout-flow wp-block-column-is-layout-flow\" style=\"flex-basis:50%\">\n<p>Po naszej medialnej <a href=\"https:\/\/rothschenk.de\/pl\/wywiad-z-ihk-pionierem-zrownowazonego-zarzadzania\/\">ok\u0142adce w magazynie IWM Izby Przemys\u0142owo-Handlowej W\u00fcrzburg-Schweinfurt<\/a>, natychmiast pojawia si\u0119 kolejna atrakcja Rothschenk.<\/p>\n\n\n\n<p>Jeden z naszych partner\u00f3w, J\u00fcrgen Schulte-Wieking, zosta\u0142 powo\u0142any na cz\u0142onka Komisji Energii i \u015arodowiska Izby Przemys\u0142owo-Handlowej W\u00fcrzburg-Schweinfurt na posiedzeniu Walnego Zgromadzenia IHK w dniu 16 marca 2023 roku. Oznacza to, \u017ce pomo\u017ce on wp\u0142yn\u0105\u0107 na losy IHK w tym obszarze w kadencji 2023-2026. <\/p>\n<\/div>\n\n\n\n<div class=\"wp-block-column is-layout-flow wp-block-column-is-layout-flow\" style=\"flex-basis:50%\">\n<figure data-wp-context=\"{&quot;imageId&quot;:&quot;69f3565cf351d&quot;}\" data-wp-interactive=\"core\/image\" data-wp-key=\"69f3565cf351d\" class=\"wp-block-image aligncenter size-full is-resized wp-lightbox-container\"><img fetchpriority=\"high\" decoding=\"async\" width=\"600\" height=\"625\" data-wp-class--hide=\"state.isContentHidden\" data-wp-class--show=\"state.isContentVisible\" data-wp-init=\"callbacks.setButtonStyles\" data-wp-on--click=\"actions.showLightbox\" data-wp-on--load=\"callbacks.setButtonStyles\" data-wp-on-window--resize=\"callbacks.setButtonStyles\" src=\"https:\/\/rothschenk.de\/wp-content\/uploads\/2023\/03\/juergen_schulte_wieking_kandidiert_zur_ihk_wahl_vollversammlung_wuerzburg-2.jpg\" alt=\"\" class=\"wp-image-166130\" style=\"object-fit:contain;width:400px;height:300px\" srcset=\"https:\/\/rothschenk.de\/wp-content\/uploads\/2023\/03\/juergen_schulte_wieking_kandidiert_zur_ihk_wahl_vollversammlung_wuerzburg-2.jpg 600w, https:\/\/rothschenk.de\/wp-content\/uploads\/2023\/03\/juergen_schulte_wieking_kandidiert_zur_ihk_wahl_vollversammlung_wuerzburg-2-288x300.jpg 288w\" sizes=\"(max-width: 600px) 100vw, 600px\" \/><button\n\t\t\tclass=\"lightbox-trigger\"\n\t\t\ttype=\"button\"\n\t\t\taria-haspopup=\"dialog\"\n\t\t\taria-label=\"Powi\u0119ksz\"\n\t\t\tdata-wp-init=\"callbacks.initTriggerButton\"\n\t\t\tdata-wp-on--click=\"actions.showLightbox\"\n\t\t\tdata-wp-style--right=\"state.imageButtonRight\"\n\t\t\tdata-wp-style--top=\"state.imageButtonTop\"\n\t\t>\n\t\t\t<svg xmlns=\"http:\/\/www.w3.org\/2000\/svg\" width=\"12\" height=\"12\" fill=\"none\" viewBox=\"0 0 12 12\">\n\t\t\t\t<path fill=\"#fff\" d=\"M2 0a2 2 0 0 0-2 2v2h1.5V2a.5.5 0 0 1 .5-.5h2V0H2Zm2 10.5H2a.5.5 0 0 1-.5-.5V8H0v2a2 2 0 0 0 2 2h2v-1.5ZM8 12v-1.5h2a.5.5 0 0 0 .5-.5V8H12v2a2 2 0 0 1-2 2H8Zm2-12a2 2 0 0 1 2 2v2h-1.5V2a.5.5 0 0 0-.5-.5H8V0h2Z\" \/>\n\t\t\t<\/svg>\n\t\t<\/button><\/figure>\n<\/div>\n<\/div>\n\n<p>Rothschenk podj\u0105\u0142 zatem kolejny logiczny krok po <a href=\"https:\/\/rothschenk.de\/pl\/wybory-do-ihk-rothschenk-w-zgromadzeniu-ogolnym\/\">zg\u0142oszeniu si\u0119 do wybor\u00f3w IHK w 2023<\/a> r., podkre\u015blaj\u0105c swoje roszczenie nie tylko do g\u0142oszenia zr\u00f3wnowa\u017conego rozwoju, ale tak\u017ce do jego aktywnego stosowania. Dotyczy to nie tylko firmy, ale konsekwentnie we wszystkich obszarach przedsi\u0119biorczo\u015bci. <\/p>\n\n<p>J\u00fcrgen Schulte-Wieking ma dziesi\u0119ciolecia do\u015bwiadczenia w r\u00f3\u017cnych komitetach, np. w Izbie Handlowej Junior\u00f3w\/Senior\u00f3w. Bardziej szczeg\u00f3\u0142owy opis jego pracy mo\u017cna znale\u017a\u0107 <a href=\"https:\/\/rothschenk.de\/pl\/wybory-do-ihk-rothschenk-w-zgromadzeniu-ogolnym\/\">tutaj.<\/a> <\/p>\n\n<p>\u017byczymy mu wszystkiego najlepszego w jego odpowiedzialnym zadaniu.<\/p>\n\n<figure class=\"wp-block-gallery has-nested-images columns-default is-cropped wp-block-gallery-1 is-layout-flex wp-block-gallery-is-layout-flex\">\n<figure class=\"wp-block-image size-large\"><img decoding=\"async\" width=\"900\" height=\"600\" data-id=\"166127\" src=\"https:\/\/rothschenk.de\/wp-content\/uploads\/2023\/03\/ihk_interview_rothschenk_ladungssicherung_nachhaltigkeit_pionier_nachhaltiges_wachstum_iwm_magazin-21.jpg\" alt=\"\" class=\"wp-image-166127\" srcset=\"https:\/\/rothschenk.de\/wp-content\/uploads\/2023\/03\/ihk_interview_rothschenk_ladungssicherung_nachhaltigkeit_pionier_nachhaltiges_wachstum_iwm_magazin-21.jpg 900w, https:\/\/rothschenk.de\/wp-content\/uploads\/2023\/03\/ihk_interview_rothschenk_ladungssicherung_nachhaltigkeit_pionier_nachhaltiges_wachstum_iwm_magazin-21-300x200.jpg 300w, https:\/\/rothschenk.de\/wp-content\/uploads\/2023\/03\/ihk_interview_rothschenk_ladungssicherung_nachhaltigkeit_pionier_nachhaltiges_wachstum_iwm_magazin-21-768x512.jpg 768w, https:\/\/rothschenk.de\/wp-content\/uploads\/2023\/03\/ihk_interview_rothschenk_ladungssicherung_nachhaltigkeit_pionier_nachhaltiges_wachstum_iwm_magazin-21-600x400.jpg 600w\" sizes=\"(max-width: 900px) 100vw, 900px\" \/><\/figure>\n\n\n\n<figure class=\"wp-block-image size-large\"><img decoding=\"async\" width=\"900\" height=\"600\" data-id=\"166123\" src=\"https:\/\/rothschenk.de\/wp-content\/uploads\/2023\/03\/ihk_interview_rothschenk_ladungssicherung_nachhaltigkeit_pionier_nachhaltiges_wachstum_iwm_magazin-7.jpg\" alt=\"\" class=\"wp-image-166123\" srcset=\"https:\/\/rothschenk.de\/wp-content\/uploads\/2023\/03\/ihk_interview_rothschenk_ladungssicherung_nachhaltigkeit_pionier_nachhaltiges_wachstum_iwm_magazin-7.jpg 900w, https:\/\/rothschenk.de\/wp-content\/uploads\/2023\/03\/ihk_interview_rothschenk_ladungssicherung_nachhaltigkeit_pionier_nachhaltiges_wachstum_iwm_magazin-7-300x200.jpg 300w, https:\/\/rothschenk.de\/wp-content\/uploads\/2023\/03\/ihk_interview_rothschenk_ladungssicherung_nachhaltigkeit_pionier_nachhaltiges_wachstum_iwm_magazin-7-768x512.jpg 768w, https:\/\/rothschenk.de\/wp-content\/uploads\/2023\/03\/ihk_interview_rothschenk_ladungssicherung_nachhaltigkeit_pionier_nachhaltiges_wachstum_iwm_magazin-7-600x400.jpg 600w\" sizes=\"(max-width: 900px) 100vw, 900px\" \/><\/figure>\n<\/figure>\n\n<div style=\"height:35px\" aria-hidden=\"true\" class=\"wp-block-spacer\"><\/div>\n","protected":false},"excerpt":{"rendered":"<p>Po naszej medialnej ok\u0142adce w magazynie IWM Izby Przemys\u0142owo-Handlowej W\u00fcrzburg-Schweinfurt, natychmiast pojawia si\u0119 kolejna atrakcja Rothschenk. Jeden z naszych partner\u00f3w, J\u00fcrgen Schulte-Wieking, zosta\u0142 powo\u0142any na cz\u0142onka Komisji Energii i \u015arodowiska Izby Przemys\u0142owo-Handlowej W\u00fcrzburg-Schweinfurt na posiedzeniu Walnego Zgromadzenia IHK w dniu 16 marca 2023 roku. Oznacza to, \u017ce pomo\u017ce on wp\u0142yn\u0105\u0107 na losy IHK w tym [&hellip;]<\/p>\n","protected":false},"author":1539,"featured_media":0,"comment_status":"open","ping_status":"closed","sticky":false,"template":"","format":"standard","meta":{"_acf_changed":false,"footnotes":""},"categories":[868],"tags":[],"class_list":["post-680021","post","type-post","status-publish","format-standard","hentry","category-wiadomosci-rothschenk"],"acf":[],"yoast_head":"<!-- This site is optimized with the Yoast SEO plugin v27.5 - https:\/\/yoast.com\/product\/yoast-seo-wordpress\/ -->\n<title>Walne Zgromadzenie IHK - Rothschenk - Cz\u0142onek 2023 - 2026<\/title>\n<meta name=\"description\" content=\"Zgromadzenie Og\u00f3lne IHK \u2714 Zr\u00f3wnowa\u017cone zarz\u0105dzanie \u2714 Komisja ds. Energii i \u015arodowiska obejmuje teraz r\u00f3wnie\u017c Rothschenk \u2714 Dowiedz si\u0119 wi\u0119cej ju\u017c teraz!\" \/>\n<meta name=\"robots\" content=\"index, follow, max-snippet:-1, max-image-preview:large, max-video-preview:-1\" \/>\n<link rel=\"canonical\" href=\"https:\/\/rothschenk.de\/pl\/breaking-news-komisja-energii-i-srodowiska-ihk\/\" \/>\n<meta property=\"og:locale\" content=\"pl_PL\" \/>\n<meta property=\"og:type\" content=\"article\" \/>\n<meta property=\"og:title\" content=\"Walne Zgromadzenie IHK - Rothschenk - Cz\u0142onek 2023 - 2026\" \/>\n<meta property=\"og:description\" content=\"Zgromadzenie Og\u00f3lne IHK \u2714 Zr\u00f3wnowa\u017cone zarz\u0105dzanie \u2714 Komisja ds. Energii i \u015arodowiska obejmuje teraz r\u00f3wnie\u017c Rothschenk \u2714 Dowiedz si\u0119 wi\u0119cej ju\u017c teraz!\" \/>\n<meta property=\"og:url\" content=\"https:\/\/rothschenk.de\/pl\/breaking-news-komisja-energii-i-srodowiska-ihk\/\" \/>\n<meta property=\"og:site_name\" content=\"Rothschenk\" \/>\n<meta property=\"article:publisher\" content=\"https:\/\/de-de.facebook.com\/FirmaRothschenk\/\" \/>\n<meta property=\"article:published_time\" content=\"2023-03-22T15:29:09+00:00\" \/>\n<meta property=\"article:modified_time\" content=\"2025-06-30T14:57:42+00:00\" \/>\n<meta property=\"og:image\" content=\"https:\/\/rothschenk.de\/wp-content\/uploads\/2023\/03\/juergen_schulte_wieking_kandidiert_zur_ihk_wahl_vollversammlung_wuerzburg-2.jpg\" \/>\n\t<meta property=\"og:image:width\" content=\"600\" \/>\n\t<meta property=\"og:image:height\" content=\"625\" \/>\n\t<meta property=\"og:image:type\" content=\"image\/jpeg\" \/>\n<meta name=\"author\" content=\"Rothschenk\" \/>\n<meta name=\"twitter:card\" content=\"summary_large_image\" \/>\n<meta name=\"twitter:label1\" content=\"Napisane przez\" \/>\n\t<meta name=\"twitter:data1\" content=\"Rothschenk\" \/>\n\t<meta name=\"twitter:label2\" content=\"Szacowany czas czytania\" \/>\n\t<meta name=\"twitter:data2\" content=\"1 minuta\" \/>\n<script type=\"application\/ld+json\" class=\"yoast-schema-graph\">{\"@context\":\"https:\\\/\\\/schema.org\",\"@graph\":[{\"@type\":\"Article\",\"@id\":\"https:\\\/\\\/rothschenk.de\\\/pl\\\/breaking-news-komisja-energii-i-srodowiska-ihk\\\/#article\",\"isPartOf\":{\"@id\":\"https:\\\/\\\/rothschenk.de\\\/pl\\\/breaking-news-komisja-energii-i-srodowiska-ihk\\\/\"},\"author\":{\"name\":\"Rothschenk\",\"@id\":\"https:\\\/\\\/rothschenk.de\\\/pl\\\/#\\\/schema\\\/person\\\/e29bf5cc9df61e6c87f80cdf8ba1be93\"},\"headline\":\"BREAKING NEWS: Komisja Energii i \u015arodowiska IHK\",\"datePublished\":\"2023-03-22T15:29:09+00:00\",\"dateModified\":\"2025-06-30T14:57:42+00:00\",\"mainEntityOfPage\":{\"@id\":\"https:\\\/\\\/rothschenk.de\\\/pl\\\/breaking-news-komisja-energii-i-srodowiska-ihk\\\/\"},\"wordCount\":163,\"commentCount\":0,\"image\":{\"@id\":\"https:\\\/\\\/rothschenk.de\\\/pl\\\/breaking-news-komisja-energii-i-srodowiska-ihk\\\/#primaryimage\"},\"thumbnailUrl\":\"https:\\\/\\\/rothschenk.de\\\/wp-content\\\/uploads\\\/2023\\\/03\\\/juergen_schulte_wieking_kandidiert_zur_ihk_wahl_vollversammlung_wuerzburg-2.jpg\",\"articleSection\":[\"Wiadomo\u015bci Rothschenk\"],\"inLanguage\":\"pl-PL\",\"potentialAction\":[{\"@type\":\"CommentAction\",\"name\":\"Comment\",\"target\":[\"https:\\\/\\\/rothschenk.de\\\/pl\\\/breaking-news-komisja-energii-i-srodowiska-ihk\\\/#respond\"]}]},{\"@type\":\"WebPage\",\"@id\":\"https:\\\/\\\/rothschenk.de\\\/pl\\\/breaking-news-komisja-energii-i-srodowiska-ihk\\\/\",\"url\":\"https:\\\/\\\/rothschenk.de\\\/pl\\\/breaking-news-komisja-energii-i-srodowiska-ihk\\\/\",\"name\":\"Walne Zgromadzenie IHK - Rothschenk - Cz\u0142onek 2023 - 2026\",\"isPartOf\":{\"@id\":\"https:\\\/\\\/rothschenk.de\\\/pl\\\/#website\"},\"primaryImageOfPage\":{\"@id\":\"https:\\\/\\\/rothschenk.de\\\/pl\\\/breaking-news-komisja-energii-i-srodowiska-ihk\\\/#primaryimage\"},\"image\":{\"@id\":\"https:\\\/\\\/rothschenk.de\\\/pl\\\/breaking-news-komisja-energii-i-srodowiska-ihk\\\/#primaryimage\"},\"thumbnailUrl\":\"https:\\\/\\\/rothschenk.de\\\/wp-content\\\/uploads\\\/2023\\\/03\\\/juergen_schulte_wieking_kandidiert_zur_ihk_wahl_vollversammlung_wuerzburg-2.jpg\",\"datePublished\":\"2023-03-22T15:29:09+00:00\",\"dateModified\":\"2025-06-30T14:57:42+00:00\",\"author\":{\"@id\":\"https:\\\/\\\/rothschenk.de\\\/pl\\\/#\\\/schema\\\/person\\\/e29bf5cc9df61e6c87f80cdf8ba1be93\"},\"description\":\"Zgromadzenie Og\u00f3lne IHK \u2714 Zr\u00f3wnowa\u017cone zarz\u0105dzanie \u2714 Komisja ds. Energii i \u015arodowiska obejmuje teraz r\u00f3wnie\u017c Rothschenk \u2714 Dowiedz si\u0119 wi\u0119cej ju\u017c teraz!\",\"breadcrumb\":{\"@id\":\"https:\\\/\\\/rothschenk.de\\\/pl\\\/breaking-news-komisja-energii-i-srodowiska-ihk\\\/#breadcrumb\"},\"inLanguage\":\"pl-PL\",\"potentialAction\":[{\"@type\":\"ReadAction\",\"target\":[\"https:\\\/\\\/rothschenk.de\\\/pl\\\/breaking-news-komisja-energii-i-srodowiska-ihk\\\/\"]}]},{\"@type\":\"ImageObject\",\"inLanguage\":\"pl-PL\",\"@id\":\"https:\\\/\\\/rothschenk.de\\\/pl\\\/breaking-news-komisja-energii-i-srodowiska-ihk\\\/#primaryimage\",\"url\":\"https:\\\/\\\/rothschenk.de\\\/wp-content\\\/uploads\\\/2023\\\/03\\\/juergen_schulte_wieking_kandidiert_zur_ihk_wahl_vollversammlung_wuerzburg-2.jpg\",\"contentUrl\":\"https:\\\/\\\/rothschenk.de\\\/wp-content\\\/uploads\\\/2023\\\/03\\\/juergen_schulte_wieking_kandidiert_zur_ihk_wahl_vollversammlung_wuerzburg-2.jpg\"},{\"@type\":\"BreadcrumbList\",\"@id\":\"https:\\\/\\\/rothschenk.de\\\/pl\\\/breaking-news-komisja-energii-i-srodowiska-ihk\\\/#breadcrumb\",\"itemListElement\":[{\"@type\":\"ListItem\",\"position\":1,\"name\":\"Strona g\u0142\u00f3wna\",\"item\":\"https:\\\/\\\/rothschenk.de\\\/pl\\\/strona-glowna\\\/\"},{\"@type\":\"ListItem\",\"position\":2,\"name\":\"BREAKING NEWS: Komisja Energii i \u015arodowiska IHK\"}]},{\"@type\":\"WebSite\",\"@id\":\"https:\\\/\\\/rothschenk.de\\\/pl\\\/#website\",\"url\":\"https:\\\/\\\/rothschenk.de\\\/pl\\\/\",\"name\":\"Rothschenk - Der Online Shop f\u00fcr Ladungssicherung\",\"description\":\"Der Online Shop f\u00fcr Ladungssicherung\",\"potentialAction\":[{\"@type\":\"SearchAction\",\"target\":{\"@type\":\"EntryPoint\",\"urlTemplate\":\"https:\\\/\\\/rothschenk.de\\\/pl\\\/?s={search_term_string}\"},\"query-input\":{\"@type\":\"PropertyValueSpecification\",\"valueRequired\":true,\"valueName\":\"search_term_string\"}}],\"inLanguage\":\"pl-PL\"},{\"@type\":\"Person\",\"@id\":\"https:\\\/\\\/rothschenk.de\\\/pl\\\/#\\\/schema\\\/person\\\/e29bf5cc9df61e6c87f80cdf8ba1be93\",\"name\":\"Rothschenk\",\"image\":{\"@type\":\"ImageObject\",\"inLanguage\":\"pl-PL\",\"@id\":\"https:\\\/\\\/rothschenk.de\\\/wp-content\\\/uploads\\\/2024\\\/03\\\/cropped-cropped-Rothschenk-logo-ladungssicherung-1-96x96.png\",\"url\":\"https:\\\/\\\/rothschenk.de\\\/wp-content\\\/uploads\\\/2024\\\/03\\\/cropped-cropped-Rothschenk-logo-ladungssicherung-1-96x96.png\",\"contentUrl\":\"https:\\\/\\\/rothschenk.de\\\/wp-content\\\/uploads\\\/2024\\\/03\\\/cropped-cropped-Rothschenk-logo-ladungssicherung-1-96x96.png\",\"caption\":\"Rothschenk\"},\"description\":\"\u2714 Profi in der Beratung \u2714 Profi an der Laderampe \u2714 Profi bei der Abwicklung Ihrer W\u00fcnsche \u2714 Ladungssicherung Made in Germany\",\"url\":\"https:\\\/\\\/rothschenk.de\\\/pl\\\/author\\\/rothschenk\\\/\"}]}<\/script>\n<!-- \/ Yoast SEO plugin. -->","yoast_head_json":{"title":"Walne Zgromadzenie IHK - Rothschenk - Cz\u0142onek 2023 - 2026","description":"Zgromadzenie Og\u00f3lne IHK \u2714 Zr\u00f3wnowa\u017cone zarz\u0105dzanie \u2714 Komisja ds. Energii i \u015arodowiska obejmuje teraz r\u00f3wnie\u017c Rothschenk \u2714 Dowiedz si\u0119 wi\u0119cej ju\u017c teraz!","robots":{"index":"index","follow":"follow","max-snippet":"max-snippet:-1","max-image-preview":"max-image-preview:large","max-video-preview":"max-video-preview:-1"},"canonical":"https:\/\/rothschenk.de\/pl\/breaking-news-komisja-energii-i-srodowiska-ihk\/","og_locale":"pl_PL","og_type":"article","og_title":"Walne Zgromadzenie IHK - Rothschenk - Cz\u0142onek 2023 - 2026","og_description":"Zgromadzenie Og\u00f3lne IHK \u2714 Zr\u00f3wnowa\u017cone zarz\u0105dzanie \u2714 Komisja ds. Energii i \u015arodowiska obejmuje teraz r\u00f3wnie\u017c Rothschenk \u2714 Dowiedz si\u0119 wi\u0119cej ju\u017c teraz!","og_url":"https:\/\/rothschenk.de\/pl\/breaking-news-komisja-energii-i-srodowiska-ihk\/","og_site_name":"Rothschenk","article_publisher":"https:\/\/de-de.facebook.com\/FirmaRothschenk\/","article_published_time":"2023-03-22T15:29:09+00:00","article_modified_time":"2025-06-30T14:57:42+00:00","og_image":[{"width":600,"height":625,"url":"https:\/\/rothschenk.de\/wp-content\/uploads\/2023\/03\/juergen_schulte_wieking_kandidiert_zur_ihk_wahl_vollversammlung_wuerzburg-2.jpg","type":"image\/jpeg"}],"author":"Rothschenk","twitter_card":"summary_large_image","twitter_misc":{"Napisane przez":"Rothschenk","Szacowany czas czytania":"1 minuta"},"schema":{"@context":"https:\/\/schema.org","@graph":[{"@type":"Article","@id":"https:\/\/rothschenk.de\/pl\/breaking-news-komisja-energii-i-srodowiska-ihk\/#article","isPartOf":{"@id":"https:\/\/rothschenk.de\/pl\/breaking-news-komisja-energii-i-srodowiska-ihk\/"},"author":{"name":"Rothschenk","@id":"https:\/\/rothschenk.de\/pl\/#\/schema\/person\/e29bf5cc9df61e6c87f80cdf8ba1be93"},"headline":"BREAKING NEWS: Komisja Energii i \u015arodowiska IHK","datePublished":"2023-03-22T15:29:09+00:00","dateModified":"2025-06-30T14:57:42+00:00","mainEntityOfPage":{"@id":"https:\/\/rothschenk.de\/pl\/breaking-news-komisja-energii-i-srodowiska-ihk\/"},"wordCount":163,"commentCount":0,"image":{"@id":"https:\/\/rothschenk.de\/pl\/breaking-news-komisja-energii-i-srodowiska-ihk\/#primaryimage"},"thumbnailUrl":"https:\/\/rothschenk.de\/wp-content\/uploads\/2023\/03\/juergen_schulte_wieking_kandidiert_zur_ihk_wahl_vollversammlung_wuerzburg-2.jpg","articleSection":["Wiadomo\u015bci Rothschenk"],"inLanguage":"pl-PL","potentialAction":[{"@type":"CommentAction","name":"Comment","target":["https:\/\/rothschenk.de\/pl\/breaking-news-komisja-energii-i-srodowiska-ihk\/#respond"]}]},{"@type":"WebPage","@id":"https:\/\/rothschenk.de\/pl\/breaking-news-komisja-energii-i-srodowiska-ihk\/","url":"https:\/\/rothschenk.de\/pl\/breaking-news-komisja-energii-i-srodowiska-ihk\/","name":"Walne Zgromadzenie IHK - Rothschenk - Cz\u0142onek 2023 - 2026","isPartOf":{"@id":"https:\/\/rothschenk.de\/pl\/#website"},"primaryImageOfPage":{"@id":"https:\/\/rothschenk.de\/pl\/breaking-news-komisja-energii-i-srodowiska-ihk\/#primaryimage"},"image":{"@id":"https:\/\/rothschenk.de\/pl\/breaking-news-komisja-energii-i-srodowiska-ihk\/#primaryimage"},"thumbnailUrl":"https:\/\/rothschenk.de\/wp-content\/uploads\/2023\/03\/juergen_schulte_wieking_kandidiert_zur_ihk_wahl_vollversammlung_wuerzburg-2.jpg","datePublished":"2023-03-22T15:29:09+00:00","dateModified":"2025-06-30T14:57:42+00:00","author":{"@id":"https:\/\/rothschenk.de\/pl\/#\/schema\/person\/e29bf5cc9df61e6c87f80cdf8ba1be93"},"description":"Zgromadzenie Og\u00f3lne IHK \u2714 Zr\u00f3wnowa\u017cone zarz\u0105dzanie \u2714 Komisja ds. Energii i \u015arodowiska obejmuje teraz r\u00f3wnie\u017c Rothschenk \u2714 Dowiedz si\u0119 wi\u0119cej ju\u017c teraz!","breadcrumb":{"@id":"https:\/\/rothschenk.de\/pl\/breaking-news-komisja-energii-i-srodowiska-ihk\/#breadcrumb"},"inLanguage":"pl-PL","potentialAction":[{"@type":"ReadAction","target":["https:\/\/rothschenk.de\/pl\/breaking-news-komisja-energii-i-srodowiska-ihk\/"]}]},{"@type":"ImageObject","inLanguage":"pl-PL","@id":"https:\/\/rothschenk.de\/pl\/breaking-news-komisja-energii-i-srodowiska-ihk\/#primaryimage","url":"https:\/\/rothschenk.de\/wp-content\/uploads\/2023\/03\/juergen_schulte_wieking_kandidiert_zur_ihk_wahl_vollversammlung_wuerzburg-2.jpg","contentUrl":"https:\/\/rothschenk.de\/wp-content\/uploads\/2023\/03\/juergen_schulte_wieking_kandidiert_zur_ihk_wahl_vollversammlung_wuerzburg-2.jpg"},{"@type":"BreadcrumbList","@id":"https:\/\/rothschenk.de\/pl\/breaking-news-komisja-energii-i-srodowiska-ihk\/#breadcrumb","itemListElement":[{"@type":"ListItem","position":1,"name":"Strona g\u0142\u00f3wna","item":"https:\/\/rothschenk.de\/pl\/strona-glowna\/"},{"@type":"ListItem","position":2,"name":"BREAKING NEWS: Komisja Energii i \u015arodowiska IHK"}]},{"@type":"WebSite","@id":"https:\/\/rothschenk.de\/pl\/#website","url":"https:\/\/rothschenk.de\/pl\/","name":"Rothschenk - Der Online Shop f\u00fcr Ladungssicherung","description":"Der Online Shop f\u00fcr Ladungssicherung","potentialAction":[{"@type":"SearchAction","target":{"@type":"EntryPoint","urlTemplate":"https:\/\/rothschenk.de\/pl\/?s={search_term_string}"},"query-input":{"@type":"PropertyValueSpecification","valueRequired":true,"valueName":"search_term_string"}}],"inLanguage":"pl-PL"},{"@type":"Person","@id":"https:\/\/rothschenk.de\/pl\/#\/schema\/person\/e29bf5cc9df61e6c87f80cdf8ba1be93","name":"Rothschenk","image":{"@type":"ImageObject","inLanguage":"pl-PL","@id":"https:\/\/rothschenk.de\/wp-content\/uploads\/2024\/03\/cropped-cropped-Rothschenk-logo-ladungssicherung-1-96x96.png","url":"https:\/\/rothschenk.de\/wp-content\/uploads\/2024\/03\/cropped-cropped-Rothschenk-logo-ladungssicherung-1-96x96.png","contentUrl":"https:\/\/rothschenk.de\/wp-content\/uploads\/2024\/03\/cropped-cropped-Rothschenk-logo-ladungssicherung-1-96x96.png","caption":"Rothschenk"},"description":"\u2714 Profi in der Beratung \u2714 Profi an der Laderampe \u2714 Profi bei der Abwicklung Ihrer W\u00fcnsche \u2714 Ladungssicherung Made in Germany","url":"https:\/\/rothschenk.de\/pl\/author\/rothschenk\/"}]}},"_links":{"self":[{"href":"https:\/\/rothschenk.de\/pl\/wp-json\/wp\/v2\/posts\/680021","targetHints":{"allow":["GET"]}}],"collection":[{"href":"https:\/\/rothschenk.de\/pl\/wp-json\/wp\/v2\/posts"}],"about":[{"href":"https:\/\/rothschenk.de\/pl\/wp-json\/wp\/v2\/types\/post"}],"author":[{"embeddable":true,"href":"https:\/\/rothschenk.de\/pl\/wp-json\/wp\/v2\/users\/1539"}],"replies":[{"embeddable":true,"href":"https:\/\/rothschenk.de\/pl\/wp-json\/wp\/v2\/comments?post=680021"}],"version-history":[{"count":1,"href":"https:\/\/rothschenk.de\/pl\/wp-json\/wp\/v2\/posts\/680021\/revisions"}],"predecessor-version":[{"id":680024,"href":"https:\/\/rothschenk.de\/pl\/wp-json\/wp\/v2\/posts\/680021\/revisions\/680024"}],"wp:attachment":[{"href":"https:\/\/rothschenk.de\/pl\/wp-json\/wp\/v2\/media?parent=680021"}],"wp:term":[{"taxonomy":"category","embeddable":true,"href":"https:\/\/rothschenk.de\/pl\/wp-json\/wp\/v2\/categories?post=680021"},{"taxonomy":"post_tag","embeddable":true,"href":"https:\/\/rothschenk.de\/pl\/wp-json\/wp\/v2\/tags?post=680021"}],"curies":[{"name":"wp","href":"https:\/\/api.w.org\/{rel}","templated":true}]}}