{"id":680819,"date":"2021-06-07T16:49:45","date_gmt":"2021-06-07T14:49:45","guid":{"rendered":"https:\/\/rothschenk.de\/odcinek-7-przychodzaca-inspekcja-kontenera\/"},"modified":"2025-06-30T17:02:11","modified_gmt":"2025-06-30T15:02:11","slug":"odcinek-7-przychodzaca-inspekcja-kontenera","status":"publish","type":"post","link":"https:\/\/rothschenk.de\/pl\/odcinek-7-przychodzaca-inspekcja-kontenera\/","title":{"rendered":"Odcinek 7: Przychodz\u0105ca inspekcja kontenera"},"content":{"rendered":"\n<p>Znaczna cz\u0119\u015b\u0107 ca\u0142ego transportu drobnicowego na \u015bwiecie odbywa si\u0119 w kontenerach. Miliony tych metalowych skrzy\u0144 s\u0105 transportowane drog\u0105 morsk\u0105, kolejow\u0105 i drogow\u0105. <br\/>Podlegaj\u0105 one wsz\u0119dzie szczeg\u00f3lnym obci\u0105\u017ceniom transportowym, a podczas za\u0142adunku spedytorzy czasami nie maj\u0105 \u017cadnych zahamowa\u0144 w obchodzeniu si\u0119 z nimi z niewielk\u0105 ostro\u017cno\u015bci\u0105.<\/p>\n\n<p>Chocia\u017c istniej\u0105 globalne zasady dotycz\u0105ce sprawdzania i naprawy <a href=\"https:\/\/rothschenk.de\/container\/\">kontener\u00f3w<\/a> i, przynajmniej w teorii, ka\u017cdy kontener powinien by\u0107 w porz\u0105dku, wszystkie skrzynie maj\u0105 mniej lub bardziej powa\u017cne uszkodzenia.<br\/>Dlatego konieczne jest poddanie kontenera inspekcji przychodz\u0105cej przed za\u0142adunkiem.<\/p>\n\n<div style=\"height:35px\" aria-hidden=\"true\" class=\"wp-block-spacer\"><\/div>\n\n<figure data-wp-context=\"{&quot;imageId&quot;:&quot;69f5cb1dd69ae&quot;}\" data-wp-interactive=\"core\/image\" data-wp-key=\"69f5cb1dd69ae\" class=\"wp-block-image aligncenter size-large is-resized wp-lightbox-container\"><img fetchpriority=\"high\" decoding=\"async\" width=\"1024\" height=\"575\" data-wp-class--hide=\"state.isContentHidden\" data-wp-class--show=\"state.isContentVisible\" data-wp-init=\"callbacks.setButtonStyles\" data-wp-on--click=\"actions.showLightbox\" data-wp-on--load=\"callbacks.setButtonStyles\" data-wp-on-window--resize=\"callbacks.setButtonStyles\" src=\"https:\/\/rothschenk.de\/wp-content\/uploads\/2021\/06\/folge-7-die-eingangspruefung-des-containers-1024x575.jpg\" alt=\"\" class=\"wp-image-148014\" style=\"width:524px;height:auto\" srcset=\"https:\/\/rothschenk.de\/wp-content\/uploads\/2021\/06\/folge-7-die-eingangspruefung-des-containers-1024x575.jpg 1024w, https:\/\/rothschenk.de\/wp-content\/uploads\/2021\/06\/folge-7-die-eingangspruefung-des-containers-300x168.jpg 300w, https:\/\/rothschenk.de\/wp-content\/uploads\/2021\/06\/folge-7-die-eingangspruefung-des-containers-768x431.jpg 768w, https:\/\/rothschenk.de\/wp-content\/uploads\/2021\/06\/folge-7-die-eingangspruefung-des-containers-1536x862.jpg 1536w, https:\/\/rothschenk.de\/wp-content\/uploads\/2021\/06\/folge-7-die-eingangspruefung-des-containers-600x337.jpg 600w, https:\/\/rothschenk.de\/wp-content\/uploads\/2021\/06\/folge-7-die-eingangspruefung-des-containers.jpg 1920w\" sizes=\"(max-width: 1024px) 100vw, 1024px\" \/><button\n\t\t\tclass=\"lightbox-trigger\"\n\t\t\ttype=\"button\"\n\t\t\taria-haspopup=\"dialog\"\n\t\t\taria-label=\"Powi\u0119ksz\"\n\t\t\tdata-wp-init=\"callbacks.initTriggerButton\"\n\t\t\tdata-wp-on--click=\"actions.showLightbox\"\n\t\t\tdata-wp-style--right=\"state.imageButtonRight\"\n\t\t\tdata-wp-style--top=\"state.imageButtonTop\"\n\t\t>\n\t\t\t<svg xmlns=\"http:\/\/www.w3.org\/2000\/svg\" width=\"12\" height=\"12\" fill=\"none\" viewBox=\"0 0 12 12\">\n\t\t\t\t<path fill=\"#fff\" d=\"M2 0a2 2 0 0 0-2 2v2h1.5V2a.5.5 0 0 1 .5-.5h2V0H2Zm2 10.5H2a.5.5 0 0 1-.5-.5V8H0v2a2 2 0 0 0 2 2h2v-1.5ZM8 12v-1.5h2a.5.5 0 0 0 .5-.5V8H12v2a2 2 0 0 1-2 2H8Zm2-12a2 2 0 0 1 2 2v2h-1.5V2a.5.5 0 0 0-.5-.5H8V0h2Z\" \/>\n\t\t\t<\/svg>\n\t\t<\/button><\/figure>\n\n<div style=\"height:35px\" aria-hidden=\"true\" class=\"wp-block-spacer\"><\/div>\n\n<h2 class=\"wp-block-heading\">Powody kontroli towar\u00f3w przychodz\u0105cych<\/h2>\n\n<p>Rozdzia\u0142 4.2.3 Kodeksu CTU 2015, mi\u0119dzynarodowych przepis\u00f3w dotycz\u0105cych obs\u0142ugi kontener\u00f3w, przypisuje odpowiedzialno\u015b\u0107 za to nadawcy lub pakuj\u0105cemu. Stwierdza on: <em>&#8222;Pakuj\u0105cy powinien upewni\u0107 si\u0119, \u017ce CTU jest sprawdzony przed zapakowaniem i \u017ce stan CTU jest odpowiedni dla \u0142adunku, kt\u00f3ry ma by\u0107 transportowany&#8221;.<\/em> Dalsze punkty s\u0105 nast\u0119puj\u0105ce.  <\/p>\n\n<p>Co pomy\u015bla\u0142by klient, gdyby otrzyma\u0142 sw\u00f3j do\u015b\u0107 drogi towar w takim opakowaniu? Prawdopodobnie pomy\u015bla\u0142by: Mam nadziej\u0119, \u017ce moje towary s\u0105 nieuszkodzone i przyjrza\u0142by si\u0119 bli\u017cej, aby sprawdzi\u0107, czy wszystko jest w porz\u0105dku. <\/p>\n\n<div class=\"wp-block-columns is-layout-flex wp-container-core-columns-is-layout-28f84493 wp-block-columns-is-layout-flex\">\n<div class=\"wp-block-column is-layout-flow wp-block-column-is-layout-flow\" style=\"flex-basis:50%\">\n<figure data-wp-context=\"{&quot;imageId&quot;:&quot;69f5cb1dd7020&quot;}\" data-wp-interactive=\"core\/image\" data-wp-key=\"69f5cb1dd7020\" class=\"wp-block-image size-full is-resized wp-lightbox-container\"><img decoding=\"async\" width=\"2560\" height=\"1707\" data-wp-class--hide=\"state.isContentHidden\" data-wp-class--show=\"state.isContentVisible\" data-wp-init=\"callbacks.setButtonStyles\" data-wp-on--click=\"actions.showLightbox\" data-wp-on--load=\"callbacks.setButtonStyles\" data-wp-on-window--resize=\"callbacks.setButtonStyles\" src=\"https:\/\/rothschenk.de\/wp-content\/uploads\/2021\/06\/verbeulter-beschaedigter-container-ladungssicherung-rothschenk-scaled.jpg\" alt=\"\" class=\"wp-image-148051\" style=\"width:400px\" srcset=\"https:\/\/rothschenk.de\/wp-content\/uploads\/2021\/06\/verbeulter-beschaedigter-container-ladungssicherung-rothschenk-scaled.jpg 2560w, https:\/\/rothschenk.de\/wp-content\/uploads\/2021\/06\/verbeulter-beschaedigter-container-ladungssicherung-rothschenk-300x200.jpg 300w, https:\/\/rothschenk.de\/wp-content\/uploads\/2021\/06\/verbeulter-beschaedigter-container-ladungssicherung-rothschenk-1024x683.jpg 1024w, https:\/\/rothschenk.de\/wp-content\/uploads\/2021\/06\/verbeulter-beschaedigter-container-ladungssicherung-rothschenk-768x512.jpg 768w, https:\/\/rothschenk.de\/wp-content\/uploads\/2021\/06\/verbeulter-beschaedigter-container-ladungssicherung-rothschenk-1536x1024.jpg 1536w, https:\/\/rothschenk.de\/wp-content\/uploads\/2021\/06\/verbeulter-beschaedigter-container-ladungssicherung-rothschenk-2048x1365.jpg 2048w, https:\/\/rothschenk.de\/wp-content\/uploads\/2021\/06\/verbeulter-beschaedigter-container-ladungssicherung-rothschenk-600x400.jpg 600w\" sizes=\"(max-width: 2560px) 100vw, 2560px\" \/><button\n\t\t\tclass=\"lightbox-trigger\"\n\t\t\ttype=\"button\"\n\t\t\taria-haspopup=\"dialog\"\n\t\t\taria-label=\"Powi\u0119ksz\"\n\t\t\tdata-wp-init=\"callbacks.initTriggerButton\"\n\t\t\tdata-wp-on--click=\"actions.showLightbox\"\n\t\t\tdata-wp-style--right=\"state.imageButtonRight\"\n\t\t\tdata-wp-style--top=\"state.imageButtonTop\"\n\t\t>\n\t\t\t<svg xmlns=\"http:\/\/www.w3.org\/2000\/svg\" width=\"12\" height=\"12\" fill=\"none\" viewBox=\"0 0 12 12\">\n\t\t\t\t<path fill=\"#fff\" d=\"M2 0a2 2 0 0 0-2 2v2h1.5V2a.5.5 0 0 1 .5-.5h2V0H2Zm2 10.5H2a.5.5 0 0 1-.5-.5V8H0v2a2 2 0 0 0 2 2h2v-1.5ZM8 12v-1.5h2a.5.5 0 0 0 .5-.5V8H12v2a2 2 0 0 1-2 2H8Zm2-12a2 2 0 0 1 2 2v2h-1.5V2a.5.5 0 0 0-.5-.5H8V0h2Z\" \/>\n\t\t\t<\/svg>\n\t\t<\/button><figcaption class=\"wp-element-caption\">Kontrola towar\u00f3w przychodz\u0105cych jest integraln\u0105 cz\u0119\u015bci\u0105 profesjonalnego zabezpieczenia \u0142adunku.<\/figcaption><\/figure>\n<\/div>\n\n\n\n<div class=\"wp-block-column is-layout-flow wp-block-column-is-layout-flow\" style=\"flex-basis:50%\">\n<figure data-wp-context=\"{&quot;imageId&quot;:&quot;69f5cb1dd79c2&quot;}\" data-wp-interactive=\"core\/image\" data-wp-key=\"69f5cb1dd79c2\" class=\"wp-block-image size-full is-resized wp-lightbox-container\"><img decoding=\"async\" width=\"300\" height=\"200\" data-wp-class--hide=\"state.isContentHidden\" data-wp-class--show=\"state.isContentVisible\" data-wp-init=\"callbacks.setButtonStyles\" data-wp-on--click=\"actions.showLightbox\" data-wp-on--load=\"callbacks.setButtonStyles\" data-wp-on-window--resize=\"callbacks.setButtonStyles\" src=\"https:\/\/rothschenk.de\/wp-content\/uploads\/2021\/06\/container-schade-ladungssicherung-eingangskontrolle-rothschenk-blog-beitrag-300x225-1.jpg\" alt=\"\" class=\"wp-image-148038\" style=\"width:400px\"\/><button\n\t\t\tclass=\"lightbox-trigger\"\n\t\t\ttype=\"button\"\n\t\t\taria-haspopup=\"dialog\"\n\t\t\taria-label=\"Powi\u0119ksz\"\n\t\t\tdata-wp-init=\"callbacks.initTriggerButton\"\n\t\t\tdata-wp-on--click=\"actions.showLightbox\"\n\t\t\tdata-wp-style--right=\"state.imageButtonRight\"\n\t\t\tdata-wp-style--top=\"state.imageButtonTop\"\n\t\t>\n\t\t\t<svg xmlns=\"http:\/\/www.w3.org\/2000\/svg\" width=\"12\" height=\"12\" fill=\"none\" viewBox=\"0 0 12 12\">\n\t\t\t\t<path fill=\"#fff\" d=\"M2 0a2 2 0 0 0-2 2v2h1.5V2a.5.5 0 0 1 .5-.5h2V0H2Zm2 10.5H2a.5.5 0 0 1-.5-.5V8H0v2a2 2 0 0 0 2 2h2v-1.5ZM8 12v-1.5h2a.5.5 0 0 0 .5-.5V8H12v2a2 2 0 0 1-2 2H8Zm2-12a2 2 0 0 1 2 2v2h-1.5V2a.5.5 0 0 0-.5-.5H8V0h2Z\" \/>\n\t\t\t<\/svg>\n\t\t<\/button><\/figure>\n<\/div>\n<\/div>\n\n<p>W rozdziale 8.2 przepisy wyja\u015bniaj\u0105 kontrol\u0119 jednostki transportu towar\u00f3w, ale pozostaj\u0105 niejasne w szczeg\u00f3\u0142ach.<\/p>\n\n<p>W zwi\u0105zku z tym konieczne jest, aby firma \u017ceglugowa przyjrza\u0142a si\u0119 sprawie i okre\u015bli\u0142a, kt\u00f3ry typ CTU jest odpowiedni dla jej potrzeb i jakie inne cechy musz\u0105 by\u0107 spe\u0142nione.<\/p>\n\n<p>Poni\u017csze wyja\u015bnienia s\u0105 wynikiem wielu inspekcji kontener\u00f3w lub eskort za\u0142adunku w terenie.<\/p>\n\n<p>W tym przypadku kierowca ci\u0119\u017car\u00f3wki cz\u0119sto obiera niew\u0142a\u015bciwy kurs, otwieraj\u0105c drzwi kontenera po przyje\u017adzie, sk\u0142adaj\u0105c je, a nast\u0119pnie wje\u017cd\u017caj\u0105c na ramp\u0119.<\/p>\n\n<p>Wa\u017cna kontrola <strong><a href=\"https:\/\/rothschenk.de\/csc-plakette-und-acep-erklaerung-der-abkuerzungen-und-inspektionskriterien\/\">naklejki CSC<\/a><\/strong> nie jest ju\u017c takie proste. Kierowca robi to, poniewa\u017c jest to powszechna praktyka u wielu nadawc\u00f3w\/pakowaczy, a kontrola przychodz\u0105ca nie jest przeprowadzana. <\/p>\n\n<div style=\"height:35px\" aria-hidden=\"true\" class=\"wp-block-spacer\"><\/div>\n\n<h2 class=\"wp-block-heading\">Kontrola kontenera w dw\u00f3ch krokach<\/h2>\n\n<div class=\"wp-block-columns has-black-color has-text-color has-background has-link-color wp-elements-27c3b171bb3ec1ef173b8c8537692626 is-layout-flex wp-container-core-columns-is-layout-28f84493 wp-block-columns-is-layout-flex\" style=\"background-color:#f5f5f5\">\n<div class=\"wp-block-column is-vertically-aligned-center is-layout-flow wp-block-column-is-layout-flow\" style=\"flex-basis:75%\">\n<ol class=\"wp-block-list\">\n<li><strong>Kontrola przychodz\u0105cych towar\u00f3w <\/strong>w celu podj\u0119cia decyzji o przyj\u0119ciu lub odrzuceniu kontenera.<\/li>\n\n\n\n<li><strong>Dokumentacja za\u0142adunku<\/strong> wraz z sekwencj\u0105 za\u0142adunku, \u015brodkami zabezpieczenia \u0142adunku, roz\u0142o\u017ceniem \u0142adunku i zabezpieczeniem przed wypadni\u0119ciem, je\u015bli to konieczne.<\/li>\n<\/ol>\n\n\n\n<p>Te dwa etapy powinny by\u0107 jasno opisane dla inspektora z jasnymi kryteriami w celu u\u0142atwienia inspekcji.<\/p>\n<\/div>\n\n\n\n<div class=\"wp-block-column is-vertically-aligned-center is-layout-flow wp-block-column-is-layout-flow\">\n<figure data-wp-context=\"{&quot;imageId&quot;:&quot;69f5cb1dd7efa&quot;}\" data-wp-interactive=\"core\/image\" data-wp-key=\"69f5cb1dd7efa\" class=\"wp-block-image size-full wp-lightbox-container\"><img loading=\"lazy\" decoding=\"async\" width=\"252\" height=\"168\" data-wp-class--hide=\"state.isContentHidden\" data-wp-class--show=\"state.isContentVisible\" data-wp-init=\"callbacks.setButtonStyles\" data-wp-on--click=\"actions.showLightbox\" data-wp-on--load=\"callbacks.setButtonStyles\" data-wp-on-window--resize=\"callbacks.setButtonStyles\" src=\"https:\/\/rothschenk.de\/wp-content\/uploads\/2021\/06\/Seminarcontainer4-300x168-1.jpg\" alt=\"\" class=\"wp-image-148048\"\/><button\n\t\t\tclass=\"lightbox-trigger\"\n\t\t\ttype=\"button\"\n\t\t\taria-haspopup=\"dialog\"\n\t\t\taria-label=\"Powi\u0119ksz\"\n\t\t\tdata-wp-init=\"callbacks.initTriggerButton\"\n\t\t\tdata-wp-on--click=\"actions.showLightbox\"\n\t\t\tdata-wp-style--right=\"state.imageButtonRight\"\n\t\t\tdata-wp-style--top=\"state.imageButtonTop\"\n\t\t>\n\t\t\t<svg xmlns=\"http:\/\/www.w3.org\/2000\/svg\" width=\"12\" height=\"12\" fill=\"none\" viewBox=\"0 0 12 12\">\n\t\t\t\t<path fill=\"#fff\" d=\"M2 0a2 2 0 0 0-2 2v2h1.5V2a.5.5 0 0 1 .5-.5h2V0H2Zm2 10.5H2a.5.5 0 0 1-.5-.5V8H0v2a2 2 0 0 0 2 2h2v-1.5ZM8 12v-1.5h2a.5.5 0 0 0 .5-.5V8H12v2a2 2 0 0 1-2 2H8Zm2-12a2 2 0 0 1 2 2v2h-1.5V2a.5.5 0 0 0-.5-.5H8V0h2Z\" \/>\n\t\t\t<\/svg>\n\t\t<\/button><\/figure>\n<\/div>\n<\/div>\n\n<div style=\"height:35px\" aria-hidden=\"true\" class=\"wp-block-spacer\"><\/div>\n\n<h3 class=\"wp-block-heading\">Kontrola towar\u00f3w przychodz\u0105cych<\/h3>\n\n<p>Nierzadko zdarza si\u0119, \u017ce firmy musz\u0105 p\u0142aci\u0107 za naprawy kontener\u00f3w, mimo \u017ce nie by\u0142y ich przyczyn\u0105.<\/p>\n\n<p>I odwrotnie, je\u015bli nie przeprowadzono kontroli przychodz\u0105cej i nie stwierdzono \u017cadnych wad, oznacza to, \u017ce <a href=\"https:\/\/rothschenk.de\/container\/\">kontener<\/a> by\u0142 w dobrym stanie w momencie jego przyj\u0119cia, a uszkodzenie zosta\u0142o spowodowane przez pakuj\u0105cego w okresie jego u\u017cytkowania.<\/p>\n\n<div class=\"wp-block-columns is-layout-flex wp-container-core-columns-is-layout-28f84493 wp-block-columns-is-layout-flex\">\n<div class=\"wp-block-column is-vertically-aligned-center is-layout-flow wp-block-column-is-layout-flow\">\n<figure data-wp-context=\"{&quot;imageId&quot;:&quot;69f5cb1dd8282&quot;}\" data-wp-interactive=\"core\/image\" data-wp-key=\"69f5cb1dd8282\" class=\"wp-block-image alignleft size-full is-resized wp-lightbox-container\"><img loading=\"lazy\" decoding=\"async\" width=\"1011\" height=\"674\" data-wp-class--hide=\"state.isContentHidden\" data-wp-class--show=\"state.isContentVisible\" data-wp-init=\"callbacks.setButtonStyles\" data-wp-on--click=\"actions.showLightbox\" data-wp-on--load=\"callbacks.setButtonStyles\" data-wp-on-window--resize=\"callbacks.setButtonStyles\" src=\"https:\/\/rothschenk.de\/wp-content\/uploads\/2021\/06\/csc-plaktette-ueberischt-angaben-container-rothschenk.png\" alt=\"\" class=\"wp-image-148044\" style=\"aspect-ratio:1.3333333333333333;object-fit:contain;width:199px;height:auto\" srcset=\"https:\/\/rothschenk.de\/wp-content\/uploads\/2021\/06\/csc-plaktette-ueberischt-angaben-container-rothschenk.png 1011w, https:\/\/rothschenk.de\/wp-content\/uploads\/2021\/06\/csc-plaktette-ueberischt-angaben-container-rothschenk-300x200.png 300w, https:\/\/rothschenk.de\/wp-content\/uploads\/2021\/06\/csc-plaktette-ueberischt-angaben-container-rothschenk-768x512.png 768w, https:\/\/rothschenk.de\/wp-content\/uploads\/2021\/06\/csc-plaktette-ueberischt-angaben-container-rothschenk-600x400.png 600w\" sizes=\"(max-width: 1011px) 100vw, 1011px\" \/><button\n\t\t\tclass=\"lightbox-trigger\"\n\t\t\ttype=\"button\"\n\t\t\taria-haspopup=\"dialog\"\n\t\t\taria-label=\"Powi\u0119ksz\"\n\t\t\tdata-wp-init=\"callbacks.initTriggerButton\"\n\t\t\tdata-wp-on--click=\"actions.showLightbox\"\n\t\t\tdata-wp-style--right=\"state.imageButtonRight\"\n\t\t\tdata-wp-style--top=\"state.imageButtonTop\"\n\t\t>\n\t\t\t<svg xmlns=\"http:\/\/www.w3.org\/2000\/svg\" width=\"12\" height=\"12\" fill=\"none\" viewBox=\"0 0 12 12\">\n\t\t\t\t<path fill=\"#fff\" d=\"M2 0a2 2 0 0 0-2 2v2h1.5V2a.5.5 0 0 1 .5-.5h2V0H2Zm2 10.5H2a.5.5 0 0 1-.5-.5V8H0v2a2 2 0 0 0 2 2h2v-1.5ZM8 12v-1.5h2a.5.5 0 0 0 .5-.5V8H12v2a2 2 0 0 1-2 2H8Zm2-12a2 2 0 0 1 2 2v2h-1.5V2a.5.5 0 0 0-.5-.5H8V0h2Z\" \/>\n\t\t\t<\/svg>\n\t\t<\/button><\/figure>\n<\/div>\n\n\n\n<div class=\"wp-block-column is-vertically-aligned-center is-layout-flow wp-block-column-is-layout-flow\" style=\"flex-basis:75%\">\n<p class=\"has-text-align-left\"><a href=\"https:\/\/rothschenk.de\/csc-plakette-und-acep-erklaerung-der-abkuerzungen-und-inspektionskriterien\/\">Naklejka CSC<\/a> musi zosta\u0107 sprawdzona natychmiast po dostarczeniu kontenera.<br\/>Je\u015bli wymagania nie s\u0105 spe\u0142nione, jest to kryterium twarde.<\/p>\n<\/div>\n<\/div>\n\n<p><strong>\u015aruby <\/strong>na \u0142\u0105czniku blokuj\u0105cym to kolejna powalaj\u0105ca cecha. Mocowanie musi by\u0107 przynitowane po przek\u0105tnej na g\u00f3rze i na dole. D\u017awignia blokuj\u0105ca i zatrzask podnosz\u0105cy r\u00f3wnie\u017c musz\u0105 by\u0107 przynitowane.  <\/p>\n\n<div class=\"wp-block-columns is-layout-flex wp-container-core-columns-is-layout-28f84493 wp-block-columns-is-layout-flex\">\n<div class=\"wp-block-column is-layout-flow wp-block-column-is-layout-flow\" style=\"flex-basis:33.34%\">\n<figure data-wp-context=\"{&quot;imageId&quot;:&quot;69f5cb1dd85bf&quot;}\" data-wp-interactive=\"core\/image\" data-wp-key=\"69f5cb1dd85bf\" class=\"wp-block-image size-full wp-lightbox-container\"><img loading=\"lazy\" decoding=\"async\" width=\"200\" height=\"300\" data-wp-class--hide=\"state.isContentHidden\" data-wp-class--show=\"state.isContentVisible\" data-wp-init=\"callbacks.setButtonStyles\" data-wp-on--click=\"actions.showLightbox\" data-wp-on--load=\"callbacks.setButtonStyles\" data-wp-on-window--resize=\"callbacks.setButtonStyles\" src=\"https:\/\/rothschenk.de\/wp-content\/uploads\/2021\/06\/verriegelungsbolzen-container-detailansicht-rothschenk-258x300-1.png\" alt=\"\" class=\"wp-image-148055\" style=\"aspect-ratio:9\/16;object-fit:cover\"\/><button\n\t\t\tclass=\"lightbox-trigger\"\n\t\t\ttype=\"button\"\n\t\t\taria-haspopup=\"dialog\"\n\t\t\taria-label=\"Powi\u0119ksz\"\n\t\t\tdata-wp-init=\"callbacks.initTriggerButton\"\n\t\t\tdata-wp-on--click=\"actions.showLightbox\"\n\t\t\tdata-wp-style--right=\"state.imageButtonRight\"\n\t\t\tdata-wp-style--top=\"state.imageButtonTop\"\n\t\t>\n\t\t\t<svg xmlns=\"http:\/\/www.w3.org\/2000\/svg\" width=\"12\" height=\"12\" fill=\"none\" viewBox=\"0 0 12 12\">\n\t\t\t\t<path fill=\"#fff\" d=\"M2 0a2 2 0 0 0-2 2v2h1.5V2a.5.5 0 0 1 .5-.5h2V0H2Zm2 10.5H2a.5.5 0 0 1-.5-.5V8H0v2a2 2 0 0 0 2 2h2v-1.5ZM8 12v-1.5h2a.5.5 0 0 0 .5-.5V8H12v2a2 2 0 0 1-2 2H8Zm2-12a2 2 0 0 1 2 2v2h-1.5V2a.5.5 0 0 0-.5-.5H8V0h2Z\" \/>\n\t\t\t<\/svg>\n\t\t<\/button><\/figure>\n<\/div>\n\n\n\n<div class=\"wp-block-column is-layout-flow wp-block-column-is-layout-flow\" style=\"flex-basis:33.34%\">\n<figure data-wp-context=\"{&quot;imageId&quot;:&quot;69f5cb1dd8815&quot;}\" data-wp-interactive=\"core\/image\" data-wp-key=\"69f5cb1dd8815\" class=\"wp-block-image size-full wp-lightbox-container\"><img loading=\"lazy\" decoding=\"async\" width=\"200\" height=\"300\" data-wp-class--hide=\"state.isContentHidden\" data-wp-class--show=\"state.isContentVisible\" data-wp-init=\"callbacks.setButtonStyles\" data-wp-on--click=\"actions.showLightbox\" data-wp-on--load=\"callbacks.setButtonStyles\" data-wp-on-window--resize=\"callbacks.setButtonStyles\" src=\"https:\/\/rothschenk.de\/wp-content\/uploads\/2021\/06\/verriegelungshebel-container-detailansicht-ladungssicherung-rothchenk2-225x300-1.jpg\" alt=\"\" class=\"wp-image-148058\" style=\"aspect-ratio:9\/16;object-fit:cover\"\/><button\n\t\t\tclass=\"lightbox-trigger\"\n\t\t\ttype=\"button\"\n\t\t\taria-haspopup=\"dialog\"\n\t\t\taria-label=\"Powi\u0119ksz\"\n\t\t\tdata-wp-init=\"callbacks.initTriggerButton\"\n\t\t\tdata-wp-on--click=\"actions.showLightbox\"\n\t\t\tdata-wp-style--right=\"state.imageButtonRight\"\n\t\t\tdata-wp-style--top=\"state.imageButtonTop\"\n\t\t>\n\t\t\t<svg xmlns=\"http:\/\/www.w3.org\/2000\/svg\" width=\"12\" height=\"12\" fill=\"none\" viewBox=\"0 0 12 12\">\n\t\t\t\t<path fill=\"#fff\" d=\"M2 0a2 2 0 0 0-2 2v2h1.5V2a.5.5 0 0 1 .5-.5h2V0H2Zm2 10.5H2a.5.5 0 0 1-.5-.5V8H0v2a2 2 0 0 0 2 2h2v-1.5ZM8 12v-1.5h2a.5.5 0 0 0 .5-.5V8H12v2a2 2 0 0 1-2 2H8Zm2-12a2 2 0 0 1 2 2v2h-1.5V2a.5.5 0 0 0-.5-.5H8V0h2Z\" \/>\n\t\t\t<\/svg>\n\t\t<\/button><\/figure>\n<\/div>\n\n\n\n<div class=\"wp-block-column is-layout-flow wp-block-column-is-layout-flow\" style=\"flex-basis:33.33%\">\n<figure data-wp-context=\"{&quot;imageId&quot;:&quot;69f5cb1dd8a51&quot;}\" data-wp-interactive=\"core\/image\" data-wp-key=\"69f5cb1dd8a51\" class=\"wp-block-image size-full wp-lightbox-container\"><img loading=\"lazy\" decoding=\"async\" width=\"200\" height=\"300\" data-wp-class--hide=\"state.isContentHidden\" data-wp-class--show=\"state.isContentVisible\" data-wp-init=\"callbacks.setButtonStyles\" data-wp-on--click=\"actions.showLightbox\" data-wp-on--load=\"callbacks.setButtonStyles\" data-wp-on-window--resize=\"callbacks.setButtonStyles\" src=\"https:\/\/rothschenk.de\/wp-content\/uploads\/2021\/06\/verriegelungshebel-container-detailansicht-ladungssicherung-rothchenk-225x300-1.jpg\" alt=\"\" class=\"wp-image-148061\" style=\"aspect-ratio:9\/16;object-fit:cover\"\/><button\n\t\t\tclass=\"lightbox-trigger\"\n\t\t\ttype=\"button\"\n\t\t\taria-haspopup=\"dialog\"\n\t\t\taria-label=\"Powi\u0119ksz\"\n\t\t\tdata-wp-init=\"callbacks.initTriggerButton\"\n\t\t\tdata-wp-on--click=\"actions.showLightbox\"\n\t\t\tdata-wp-style--right=\"state.imageButtonRight\"\n\t\t\tdata-wp-style--top=\"state.imageButtonTop\"\n\t\t>\n\t\t\t<svg xmlns=\"http:\/\/www.w3.org\/2000\/svg\" width=\"12\" height=\"12\" fill=\"none\" viewBox=\"0 0 12 12\">\n\t\t\t\t<path fill=\"#fff\" d=\"M2 0a2 2 0 0 0-2 2v2h1.5V2a.5.5 0 0 1 .5-.5h2V0H2Zm2 10.5H2a.5.5 0 0 1-.5-.5V8H0v2a2 2 0 0 0 2 2h2v-1.5ZM8 12v-1.5h2a.5.5 0 0 0 .5-.5V8H12v2a2 2 0 0 1-2 2H8Zm2-12a2 2 0 0 1 2 2v2h-1.5V2a.5.5 0 0 0-.5-.5H8V0h2Z\" \/>\n\t\t\t<\/svg>\n\t\t<\/button><\/figure>\n<\/div>\n<\/div>\n\n<div class=\"wp-block-columns is-layout-flex wp-container-core-columns-is-layout-28f84493 wp-block-columns-is-layout-flex\">\n<div class=\"wp-block-column is-vertically-aligned-center is-layout-flow wp-block-column-is-layout-flow\" style=\"flex-basis:75%\">\n<p class=\"has-text-align-left\">Nast\u0119pnie nale\u017cy <strong>sprawdzi\u0107 wzrokowo<\/strong> ca\u0142y pojemnik. Nale\u017cy sprawdzi\u0107 nie tylko wszystkie boki z zewn\u0105trz, ale tak\u017ce pod\u0142og\u0119 od do\u0142u. Takie uszkodzenia powinny by\u0107 zawsze udokumentowane, zw\u0142aszcza \u017ce mog\u0105 one prowadzi\u0107 do problem\u00f3w podczas korzystania z <a href=\"https:\/\/rothschenk.de\/pl\/produkt-kategorie\/worki-sztauerskie\/\">work\u00f3w sztauerskich <\/a>. Dzieje si\u0119 tak dlatego, \u017ce twarda powierzchnia rdzy mo\u017ce prowadzi\u0107 do utraty ci\u015bnienia w worki sztauerskie z powodu tarcia.   <\/p>\n<\/div>\n\n\n\n<div class=\"wp-block-column is-vertically-aligned-center is-layout-flow wp-block-column-is-layout-flow\">\n<figure data-wp-context=\"{&quot;imageId&quot;:&quot;69f5cb1dd8d4e&quot;}\" data-wp-interactive=\"core\/image\" data-wp-key=\"69f5cb1dd8d4e\" class=\"wp-block-image alignleft size-full is-resized wp-lightbox-container\"><img loading=\"lazy\" decoding=\"async\" width=\"300\" height=\"200\" data-wp-class--hide=\"state.isContentHidden\" data-wp-class--show=\"state.isContentVisible\" data-wp-init=\"callbacks.setButtonStyles\" data-wp-on--click=\"actions.showLightbox\" data-wp-on--load=\"callbacks.setButtonStyles\" data-wp-on-window--resize=\"callbacks.setButtonStyles\" src=\"https:\/\/rothschenk.de\/wp-content\/uploads\/2021\/06\/container-beschaedigung-delle-innen-gefahr-ladungssicherung-300x208-1.jpg\" alt=\"\" class=\"wp-image-148032\" style=\"aspect-ratio:1.3333333333333333;object-fit:cover;width:199px;height:auto\"\/><button\n\t\t\tclass=\"lightbox-trigger\"\n\t\t\ttype=\"button\"\n\t\t\taria-haspopup=\"dialog\"\n\t\t\taria-label=\"Powi\u0119ksz\"\n\t\t\tdata-wp-init=\"callbacks.initTriggerButton\"\n\t\t\tdata-wp-on--click=\"actions.showLightbox\"\n\t\t\tdata-wp-style--right=\"state.imageButtonRight\"\n\t\t\tdata-wp-style--top=\"state.imageButtonTop\"\n\t\t>\n\t\t\t<svg xmlns=\"http:\/\/www.w3.org\/2000\/svg\" width=\"12\" height=\"12\" fill=\"none\" viewBox=\"0 0 12 12\">\n\t\t\t\t<path fill=\"#fff\" d=\"M2 0a2 2 0 0 0-2 2v2h1.5V2a.5.5 0 0 1 .5-.5h2V0H2Zm2 10.5H2a.5.5 0 0 1-.5-.5V8H0v2a2 2 0 0 0 2 2h2v-1.5ZM8 12v-1.5h2a.5.5 0 0 0 .5-.5V8H12v2a2 2 0 0 1-2 2H8Zm2-12a2 2 0 0 1 2 2v2h-1.5V2a.5.5 0 0 0-.5-.5H8V0h2Z\" \/>\n\t\t\t<\/svg>\n\t\t<\/button><\/figure>\n<\/div>\n<\/div>\n\n<div class=\"wp-block-columns is-layout-flex wp-container-core-columns-is-layout-28f84493 wp-block-columns-is-layout-flex\">\n<div class=\"wp-block-column is-vertically-aligned-center is-layout-flow wp-block-column-is-layout-flow\" style=\"flex-basis:75%\">\n<p>Nale\u017cy r\u00f3wnie\u017c sprawdzi\u0107 <strong>szczelno\u015b\u0107 <\/strong>pojemnika. Najlepszym rozwi\u0105zaniem jest tutaj metoda dwuosobowa. Jeden wspina si\u0119 do kontenera, a drugi ca\u0142kowicie zamyka drzwi. Wewn\u0105trz musi by\u0107 teraz ca\u0142kowicie ciemno.   <\/p>\n\n\n\n<p>Rozproszone \u015bwiat\u0142o mo\u017ce przenika\u0107 przez otwory wyr\u00f3wnuj\u0105ce ci\u015bnienie w jasnym \u015bwietle s\u0142onecznym, ale nie jest to krytyczne. W przeciwnym razie ka\u017cdy wyciek, nawet niewielki, zosta\u0142by rozpoznany przez padaj\u0105ce \u015bwiat\u0142o. <\/p>\n\n\n\n<p>W ten spos\u00f3b mo\u017cna wykry\u0107 w szczeg\u00f3lno\u015bci uszkodzenia uszczelek drzwi, np. je\u015bli drzwi s\u0105 wypaczone i nie zamykaj\u0105 si\u0119 prawid\u0142owo, mimo \u017ce uszczelka jest w dobrym stanie.<\/p>\n<\/div>\n\n\n\n<div class=\"wp-block-column is-vertically-aligned-center is-layout-flow wp-block-column-is-layout-flow\">\n<figure data-wp-context=\"{&quot;imageId&quot;:&quot;69f5cb1dd90ae&quot;}\" data-wp-interactive=\"core\/image\" data-wp-key=\"69f5cb1dd90ae\" class=\"wp-block-image alignleft size-full is-resized wp-lightbox-container\"><img loading=\"lazy\" decoding=\"async\" width=\"300\" height=\"200\" data-wp-class--hide=\"state.isContentHidden\" data-wp-class--show=\"state.isContentVisible\" data-wp-init=\"callbacks.setButtonStyles\" data-wp-on--click=\"actions.showLightbox\" data-wp-on--load=\"callbacks.setButtonStyles\" data-wp-on-window--resize=\"callbacks.setButtonStyles\" src=\"https:\/\/rothschenk.de\/wp-content\/uploads\/2021\/06\/container-sichtpruefung-von-innen-geschlossene-tueren-ladungssicherung-rothschenk-300x225-1.jpg\" alt=\"\" class=\"wp-image-148041\" style=\"aspect-ratio:1.3333333333333333;object-fit:cover;width:199px;height:auto\"\/><button\n\t\t\tclass=\"lightbox-trigger\"\n\t\t\ttype=\"button\"\n\t\t\taria-haspopup=\"dialog\"\n\t\t\taria-label=\"Powi\u0119ksz\"\n\t\t\tdata-wp-init=\"callbacks.initTriggerButton\"\n\t\t\tdata-wp-on--click=\"actions.showLightbox\"\n\t\t\tdata-wp-style--right=\"state.imageButtonRight\"\n\t\t\tdata-wp-style--top=\"state.imageButtonTop\"\n\t\t>\n\t\t\t<svg xmlns=\"http:\/\/www.w3.org\/2000\/svg\" width=\"12\" height=\"12\" fill=\"none\" viewBox=\"0 0 12 12\">\n\t\t\t\t<path fill=\"#fff\" d=\"M2 0a2 2 0 0 0-2 2v2h1.5V2a.5.5 0 0 1 .5-.5h2V0H2Zm2 10.5H2a.5.5 0 0 1-.5-.5V8H0v2a2 2 0 0 0 2 2h2v-1.5ZM8 12v-1.5h2a.5.5 0 0 0 .5-.5V8H12v2a2 2 0 0 1-2 2H8Zm2-12a2 2 0 0 1 2 2v2h-1.5V2a.5.5 0 0 0-.5-.5H8V0h2Z\" \/>\n\t\t\t<\/svg>\n\t\t<\/button><\/figure>\n<\/div>\n<\/div>\n\n<div class=\"wp-block-columns is-layout-flex wp-container-core-columns-is-layout-28f84493 wp-block-columns-is-layout-flex\">\n<div class=\"wp-block-column is-vertically-aligned-center is-layout-flow wp-block-column-is-layout-flow\" style=\"flex-basis:75%\">\n<p>Niekt\u00f3rzy spedytorzy\/pakowacze r\u00f3wnie\u017c wpadaj\u0105 na nietypowe pomys\u0142y i dostosowuj\u0105 kontener do swoich cel\u00f3w.<\/p>\n\n\n\n<p>W tym przypadku <a href=\"https:\/\/rothschenk.de\/produkt-kategorie\/lashing\/\">pr\u0119ty mocuj\u0105ce<\/a> na drzwiach zosta\u0142y usuni\u0119te i przesuni\u0119te. Oznacza to, \u017ce kontener zosta\u0142 zmodyfikowany strukturalnie. <\/p>\n<\/div>\n\n\n\n<div class=\"wp-block-column is-vertically-aligned-center is-layout-flow wp-block-column-is-layout-flow\">\n<figure data-wp-context=\"{&quot;imageId&quot;:&quot;69f5cb1dd93c8&quot;}\" data-wp-interactive=\"core\/image\" data-wp-key=\"69f5cb1dd93c8\" class=\"wp-block-image alignleft size-full is-resized wp-lightbox-container\"><img loading=\"lazy\" decoding=\"async\" width=\"300\" height=\"200\" data-wp-class--hide=\"state.isContentHidden\" data-wp-class--show=\"state.isContentVisible\" data-wp-init=\"callbacks.setButtonStyles\" data-wp-on--click=\"actions.showLightbox\" data-wp-on--load=\"callbacks.setButtonStyles\" data-wp-on-window--resize=\"callbacks.setButtonStyles\" src=\"https:\/\/rothschenk.de\/wp-content\/uploads\/2021\/06\/container-delle-beule-eingangskontrolle-ladungssicherung-rothschenk-300x227-1.jpg\" alt=\"\" class=\"wp-image-148035\" style=\"aspect-ratio:1.3333333333333333;object-fit:cover;width:199px;height:auto\"\/><button\n\t\t\tclass=\"lightbox-trigger\"\n\t\t\ttype=\"button\"\n\t\t\taria-haspopup=\"dialog\"\n\t\t\taria-label=\"Powi\u0119ksz\"\n\t\t\tdata-wp-init=\"callbacks.initTriggerButton\"\n\t\t\tdata-wp-on--click=\"actions.showLightbox\"\n\t\t\tdata-wp-style--right=\"state.imageButtonRight\"\n\t\t\tdata-wp-style--top=\"state.imageButtonTop\"\n\t\t>\n\t\t\t<svg xmlns=\"http:\/\/www.w3.org\/2000\/svg\" width=\"12\" height=\"12\" fill=\"none\" viewBox=\"0 0 12 12\">\n\t\t\t\t<path fill=\"#fff\" d=\"M2 0a2 2 0 0 0-2 2v2h1.5V2a.5.5 0 0 1 .5-.5h2V0H2Zm2 10.5H2a.5.5 0 0 1-.5-.5V8H0v2a2 2 0 0 0 2 2h2v-1.5ZM8 12v-1.5h2a.5.5 0 0 0 .5-.5V8H12v2a2 2 0 0 1-2 2H8Zm2-12a2 2 0 0 1 2 2v2h-1.5V2a.5.5 0 0 0-.5-.5H8V0h2Z\" \/>\n\t\t\t<\/svg>\n\t\t<\/button><\/figure>\n<\/div>\n<\/div>\n\n<p>Kontener musi by\u0107 r\u00f3wnie\u017c <strong>czysty <\/strong>i <strong>bezzapachowy <\/strong>. Je\u015bli kontener musi zosta\u0107 przewietrzony przed za\u0142adunkiem, czas potrzebny na to nie powinien by\u0107 wliczany do czasu za\u0142adunku w porozumieniu z przedsi\u0119biorstwem \u017ceglugowym. Kodeks CTU zawiera wytyczne na ten temat w r\u00f3\u017cnych miejscach, ale w szczeg\u00f3lno\u015bci w punkcie 12.1.6. Szczeg\u00f3ln\u0105 uwag\u0119 nale\u017cy zwr\u00f3ci\u0107 na wskazania, czy kontener zosta\u0142 poddany fumigacji. Wynika to z faktu, \u017ce niekt\u00f3re firmy pakuj\u0105ce nie wype\u0142niaj\u0105 swoich obowi\u0105zk\u00f3w w zakresie etykietowania w tym zakresie.    <\/p>\n\n<div class=\"wp-block-columns is-layout-flex wp-container-core-columns-is-layout-28f84493 wp-block-columns-is-layout-flex\">\n<div class=\"wp-block-column is-vertically-aligned-center is-layout-flow wp-block-column-is-layout-flow\" style=\"flex-basis:75%\">\n<p><strong>Zaklejone otwory wyr\u00f3wnuj\u0105ce ci\u015bnienie<\/strong> s\u0105 wyra\u017an\u0105 oznak\u0105 fumigacji. Cz\u0119sto s\u0105 one uszczelnione od wewn\u0105trz. Dlatego zawsze zaleca si\u0119 ostro\u017cno\u015b\u0107.  <\/p>\n<\/div>\n\n\n\n<div class=\"wp-block-column is-vertically-aligned-center is-layout-flow wp-block-column-is-layout-flow\">\n<figure data-wp-context=\"{&quot;imageId&quot;:&quot;69f5cb1dd972d&quot;}\" data-wp-interactive=\"core\/image\" data-wp-key=\"69f5cb1dd972d\" class=\"wp-block-image alignleft size-full is-resized wp-lightbox-container\"><img loading=\"lazy\" decoding=\"async\" width=\"300\" height=\"200\" data-wp-class--hide=\"state.isContentHidden\" data-wp-class--show=\"state.isContentVisible\" data-wp-init=\"callbacks.setButtonStyles\" data-wp-on--click=\"actions.showLightbox\" data-wp-on--load=\"callbacks.setButtonStyles\" data-wp-on-window--resize=\"callbacks.setButtonStyles\" src=\"https:\/\/rothschenk.de\/wp-content\/uploads\/2021\/06\/abgeklebte-entlueftung-container-nach-beagsung-ladungssicherung-rothschenk-300x200-1.jpg\" alt=\"\" class=\"wp-image-148029\" style=\"aspect-ratio:1.3333333333333333;object-fit:cover;width:199px;height:auto\"\/><button\n\t\t\tclass=\"lightbox-trigger\"\n\t\t\ttype=\"button\"\n\t\t\taria-haspopup=\"dialog\"\n\t\t\taria-label=\"Powi\u0119ksz\"\n\t\t\tdata-wp-init=\"callbacks.initTriggerButton\"\n\t\t\tdata-wp-on--click=\"actions.showLightbox\"\n\t\t\tdata-wp-style--right=\"state.imageButtonRight\"\n\t\t\tdata-wp-style--top=\"state.imageButtonTop\"\n\t\t>\n\t\t\t<svg xmlns=\"http:\/\/www.w3.org\/2000\/svg\" width=\"12\" height=\"12\" fill=\"none\" viewBox=\"0 0 12 12\">\n\t\t\t\t<path fill=\"#fff\" d=\"M2 0a2 2 0 0 0-2 2v2h1.5V2a.5.5 0 0 1 .5-.5h2V0H2Zm2 10.5H2a.5.5 0 0 1-.5-.5V8H0v2a2 2 0 0 0 2 2h2v-1.5ZM8 12v-1.5h2a.5.5 0 0 0 .5-.5V8H12v2a2 2 0 0 1-2 2H8Zm2-12a2 2 0 0 1 2 2v2h-1.5V2a.5.5 0 0 0-.5-.5H8V0h2Z\" \/>\n\t\t\t<\/svg>\n\t\t<\/button><\/figure>\n<\/div>\n<\/div>\n\n<h3 class=\"wp-block-heading\">Dokumentacja<\/h3>\n\n<p>Celem musi by\u0107 obrona przed roszczeniami o odszkodowanie za wady, kt\u00f3re ju\u017c wyst\u0105pi\u0142y.<br\/>Wady powinny by\u0107 zatem rejestrowane na <strong>li\u015bcie kontrolnej <\/strong>i, w razie potrzeby, fotografowane. Sensowne mo\u017ce by\u0107 r\u00f3wnie\u017c skoordynowanie dalszych dzia\u0142a\u0144 z firm\u0105 przewozow\u0105 lub spedytorem. W ko\u0144cu jest to zawsze ta\u0144sze ni\u017c p\u00f3\u017aniejsze p\u0142acenie za kosztowne naprawy z powodu braku dowod\u00f3w.  <\/p>\n\n<p>Z powa\u017caniem, Sigurd Ehringer<\/p>\n\n<div style=\"height:50px\" aria-hidden=\"true\" class=\"wp-block-spacer\"><\/div>\n\n<div class=\"wp-block-columns is-layout-flex wp-container-core-columns-is-layout-28f84493 wp-block-columns-is-layout-flex\">\n<div class=\"wp-block-column is-layout-flow wp-block-column-is-layout-flow\">\n<p>&lt;&lt;  Previous Post<br\/><a href=\"https:\/\/rothschenk.de\/pl\/odcinek-6-bay-lub-miganie-glowy-co-to-jest\/\">Odcinek 6: Bay czy head flashing &#8211; co to jest?<\/a><\/p>\n<\/div>\n\n\n\n<div class=\"wp-block-column is-layout-flow wp-block-column-is-layout-flow\">\n<p class=\"has-text-align-right\">Nast\u0119pny post &gt;&gt; <br\/><a href=\"https:\/\/rothschenk.de\/folge-8-formschluss-im-container\/\"> Odcinek 8: Pozytywna blokada w kontenerze<\/a><\/p>\n<\/div>\n<\/div>\n\n<div class=\"wp-block-columns alignfull are-vertically-aligned-center has-background is-layout-flex wp-container-core-columns-is-layout-28f84493 wp-block-columns-is-layout-flex\" style=\"background-color:#516062\">\n<div class=\"wp-block-column blog_autor_zusatz is-layout-flow wp-block-column-is-layout-flow\" style=\"flex-basis:10vw\"><\/div>\n\n\n\n<div class=\"wp-block-column is-vertically-aligned-center is-layout-flow wp-block-column-is-layout-flow\" style=\"flex-basis:20%\">\n<figure class=\"wp-block-image aligncenter size-large is-resized is-style-rounded\"><img loading=\"lazy\" decoding=\"async\" width=\"1024\" height=\"1024\" src=\"https:\/\/rothschenk.de\/wp-content\/uploads\/2024\/02\/sigurd-ehringer-ladungssicherung-ausbilder-und-berater-1024x1024.jpg\" alt=\"\" class=\"wp-image-143199\" style=\"width:150px\" srcset=\"https:\/\/rothschenk.de\/wp-content\/uploads\/2024\/02\/sigurd-ehringer-ladungssicherung-ausbilder-und-berater-1024x1024.jpg 1024w, https:\/\/rothschenk.de\/wp-content\/uploads\/2024\/02\/sigurd-ehringer-ladungssicherung-ausbilder-und-berater-300x300.jpg 300w, https:\/\/rothschenk.de\/wp-content\/uploads\/2024\/02\/sigurd-ehringer-ladungssicherung-ausbilder-und-berater-150x150.jpg 150w, https:\/\/rothschenk.de\/wp-content\/uploads\/2024\/02\/sigurd-ehringer-ladungssicherung-ausbilder-und-berater-768x767.jpg 768w, https:\/\/rothschenk.de\/wp-content\/uploads\/2024\/02\/sigurd-ehringer-ladungssicherung-ausbilder-und-berater-600x600.jpg 600w, https:\/\/rothschenk.de\/wp-content\/uploads\/2024\/02\/sigurd-ehringer-ladungssicherung-ausbilder-und-berater-100x100.jpg 100w, https:\/\/rothschenk.de\/wp-content\/uploads\/2024\/02\/sigurd-ehringer-ladungssicherung-ausbilder-und-berater.jpg 1500w\" sizes=\"(max-width: 1024px) 100vw, 1024px\" \/><\/figure>\n<\/div>\n\n\n\n<div class=\"wp-block-column is-vertically-aligned-center is-layout-flow wp-block-column-is-layout-flow\"><div class=\"wp-block-post-author\"><div class=\"wp-block-post-author__content\"><p class=\"wp-block-post-author__name\">Sigurd Ehringer<\/p><p class=\"wp-block-post-author__bio\">\u2714 VDI-zertifizierter Ausbilder f\u00fcr Ladungssicherung\r\n\u2714 Fachbuch-Autor\r\n\u2714 8 Jahre Projektmanager\r\n\u2714 12 Jahre bei der Bundeswehr (Kompaniechef)\r\n\u2714 20 Jahre Vertriebserfahrung\r\n\u2714 seit 1996 Berater\/Ausbilder in der Logistik\r\n\u2714 44 Jahre Ausbilder\/Trainer in verschiedenen Bereichen &#8212;&gt;\r\n\r\nIn einer Reihe von Fachbeitr\u00e4gen aus der Praxis, zu Themen rund um den Container und LKW, erhalten Sie Profiwissen aus erster Hand. Wie sichert man Ladung korrekt und was sind die Grundlagen der Ladungssicherung?\r\nErarbeitet und vorgestellt werden sie von Sigurd Ehringer, Inhaber von <a href=\"http:\/\/www.se-logcon.de\/\">SE-LogCon<\/a>.<\/p><\/div><\/div><\/div>\n\n\n\n<div class=\"wp-block-column blog_autor_zusatz is-layout-flow wp-block-column-is-layout-flow\" style=\"flex-basis:10vw\"><\/div>\n<\/div>\n","protected":false},"excerpt":{"rendered":"<p>Znaczna cz\u0119\u015b\u0107 ca\u0142ego transportu drobnicowego na \u015bwiecie odbywa si\u0119 w kontenerach. Miliony tych metalowych skrzy\u0144 s\u0105 transportowane drog\u0105 morsk\u0105, kolejow\u0105 i drogow\u0105. Podlegaj\u0105 one wsz\u0119dzie szczeg\u00f3lnym obci\u0105\u017ceniom transportowym, a podczas za\u0142adunku spedytorzy czasami nie maj\u0105 \u017cadnych zahamowa\u0144 w obchodzeniu si\u0119 z nimi z niewielk\u0105 ostro\u017cno\u015bci\u0105. Chocia\u017c istniej\u0105 globalne zasady dotycz\u0105ce sprawdzania i naprawy kontener\u00f3w i, [&hellip;]<\/p>\n","protected":false},"author":1536,"featured_media":680821,"comment_status":"open","ping_status":"closed","sticky":false,"template":"","format":"standard","meta":{"_acf_changed":false,"footnotes":""},"categories":[893,894],"tags":[],"class_list":["post-680819","post","type-post","status-publish","format-standard","has-post-thumbnail","hentry","category-blog-cargo","category-pojemnik"],"acf":[],"yoast_head":"<!-- This site is optimized with the Yoast SEO plugin v27.5 - https:\/\/yoast.com\/product\/yoast-seo-wordpress\/ -->\n<title>Kontrola kontener\u00f3w przychodz\u0105cych - co nale\u017cy wzi\u0105\u0107 pod uwag\u0119? - Rothschenk<\/title>\n<meta name=\"description\" content=\"Specjalistyczny artyku\u0142 na temat kontroli kontener\u00f3w przychodz\u0105cych. Przedstawiony przez eksperta ds. zabezpieczania \u0142adunk\u00f3w Sigurda Ehringera. Obowi\u0105zki | Zadania | Wskaz\u00f3wki\" \/>\n<meta name=\"robots\" content=\"index, follow, max-snippet:-1, max-image-preview:large, max-video-preview:-1\" \/>\n<link rel=\"canonical\" href=\"https:\/\/rothschenk.de\/pl\/odcinek-7-przychodzaca-inspekcja-kontenera\/\" \/>\n<meta property=\"og:locale\" content=\"pl_PL\" \/>\n<meta property=\"og:type\" content=\"article\" \/>\n<meta property=\"og:title\" content=\"Kontrola kontener\u00f3w przychodz\u0105cych - co nale\u017cy wzi\u0105\u0107 pod uwag\u0119? - Rothschenk\" \/>\n<meta property=\"og:description\" content=\"Specjalistyczny artyku\u0142 na temat kontroli kontener\u00f3w przychodz\u0105cych. Przedstawiony przez eksperta ds. zabezpieczania \u0142adunk\u00f3w Sigurda Ehringera. Obowi\u0105zki | Zadania | Wskaz\u00f3wki\" \/>\n<meta property=\"og:url\" content=\"https:\/\/rothschenk.de\/pl\/odcinek-7-przychodzaca-inspekcja-kontenera\/\" \/>\n<meta property=\"og:site_name\" content=\"Rothschenk\" \/>\n<meta property=\"article:publisher\" content=\"https:\/\/de-de.facebook.com\/FirmaRothschenk\/\" \/>\n<meta property=\"article:published_time\" content=\"2021-06-07T14:49:45+00:00\" \/>\n<meta property=\"article:modified_time\" content=\"2025-06-30T15:02:11+00:00\" \/>\n<meta property=\"og:image\" content=\"https:\/\/rothschenk.de\/wp-content\/uploads\/2021\/06\/folge-7-die-eingangspruefung-des-containers.jpg\" \/>\n\t<meta property=\"og:image:width\" content=\"1920\" \/>\n\t<meta property=\"og:image:height\" content=\"1078\" \/>\n\t<meta property=\"og:image:type\" content=\"image\/jpeg\" \/>\n<meta name=\"author\" content=\"Sigurd Ehringer\" \/>\n<meta name=\"twitter:card\" content=\"summary_large_image\" \/>\n<meta name=\"twitter:label1\" content=\"Napisane przez\" \/>\n\t<meta name=\"twitter:data1\" content=\"Sigurd Ehringer\" \/>\n\t<meta name=\"twitter:label2\" content=\"Szacowany czas czytania\" \/>\n\t<meta name=\"twitter:data2\" content=\"5 minut\" \/>\n<script type=\"application\/ld+json\" class=\"yoast-schema-graph\">{\"@context\":\"https:\\\/\\\/schema.org\",\"@graph\":[{\"@type\":\"Article\",\"@id\":\"https:\\\/\\\/rothschenk.de\\\/pl\\\/odcinek-7-przychodzaca-inspekcja-kontenera\\\/#article\",\"isPartOf\":{\"@id\":\"https:\\\/\\\/rothschenk.de\\\/pl\\\/odcinek-7-przychodzaca-inspekcja-kontenera\\\/\"},\"author\":{\"name\":\"Sigurd Ehringer\",\"@id\":\"https:\\\/\\\/rothschenk.de\\\/pl\\\/#\\\/schema\\\/person\\\/8878c3ce4ac9607e11b12c500ead07e8\"},\"headline\":\"Odcinek 7: Przychodz\u0105ca inspekcja kontenera\",\"datePublished\":\"2021-06-07T14:49:45+00:00\",\"dateModified\":\"2025-06-30T15:02:11+00:00\",\"mainEntityOfPage\":{\"@id\":\"https:\\\/\\\/rothschenk.de\\\/pl\\\/odcinek-7-przychodzaca-inspekcja-kontenera\\\/\"},\"wordCount\":951,\"commentCount\":0,\"image\":{\"@id\":\"https:\\\/\\\/rothschenk.de\\\/pl\\\/odcinek-7-przychodzaca-inspekcja-kontenera\\\/#primaryimage\"},\"thumbnailUrl\":\"https:\\\/\\\/rothschenk.de\\\/wp-content\\\/uploads\\\/2021\\\/06\\\/folge-7-die-eingangspruefung-des-containers.jpg\",\"articleSection\":[\"Blog Cargo\",\"Pojemnik\"],\"inLanguage\":\"pl-PL\",\"potentialAction\":[{\"@type\":\"CommentAction\",\"name\":\"Comment\",\"target\":[\"https:\\\/\\\/rothschenk.de\\\/pl\\\/odcinek-7-przychodzaca-inspekcja-kontenera\\\/#respond\"]}]},{\"@type\":\"WebPage\",\"@id\":\"https:\\\/\\\/rothschenk.de\\\/pl\\\/odcinek-7-przychodzaca-inspekcja-kontenera\\\/\",\"url\":\"https:\\\/\\\/rothschenk.de\\\/pl\\\/odcinek-7-przychodzaca-inspekcja-kontenera\\\/\",\"name\":\"Kontrola kontener\u00f3w przychodz\u0105cych - co nale\u017cy wzi\u0105\u0107 pod uwag\u0119? - Rothschenk\",\"isPartOf\":{\"@id\":\"https:\\\/\\\/rothschenk.de\\\/pl\\\/#website\"},\"primaryImageOfPage\":{\"@id\":\"https:\\\/\\\/rothschenk.de\\\/pl\\\/odcinek-7-przychodzaca-inspekcja-kontenera\\\/#primaryimage\"},\"image\":{\"@id\":\"https:\\\/\\\/rothschenk.de\\\/pl\\\/odcinek-7-przychodzaca-inspekcja-kontenera\\\/#primaryimage\"},\"thumbnailUrl\":\"https:\\\/\\\/rothschenk.de\\\/wp-content\\\/uploads\\\/2021\\\/06\\\/folge-7-die-eingangspruefung-des-containers.jpg\",\"datePublished\":\"2021-06-07T14:49:45+00:00\",\"dateModified\":\"2025-06-30T15:02:11+00:00\",\"author\":{\"@id\":\"https:\\\/\\\/rothschenk.de\\\/pl\\\/#\\\/schema\\\/person\\\/8878c3ce4ac9607e11b12c500ead07e8\"},\"description\":\"Specjalistyczny artyku\u0142 na temat kontroli kontener\u00f3w przychodz\u0105cych. Przedstawiony przez eksperta ds. zabezpieczania \u0142adunk\u00f3w Sigurda Ehringera. Obowi\u0105zki | Zadania | Wskaz\u00f3wki\",\"breadcrumb\":{\"@id\":\"https:\\\/\\\/rothschenk.de\\\/pl\\\/odcinek-7-przychodzaca-inspekcja-kontenera\\\/#breadcrumb\"},\"inLanguage\":\"pl-PL\",\"potentialAction\":[{\"@type\":\"ReadAction\",\"target\":[\"https:\\\/\\\/rothschenk.de\\\/pl\\\/odcinek-7-przychodzaca-inspekcja-kontenera\\\/\"]}]},{\"@type\":\"ImageObject\",\"inLanguage\":\"pl-PL\",\"@id\":\"https:\\\/\\\/rothschenk.de\\\/pl\\\/odcinek-7-przychodzaca-inspekcja-kontenera\\\/#primaryimage\",\"url\":\"https:\\\/\\\/rothschenk.de\\\/wp-content\\\/uploads\\\/2021\\\/06\\\/folge-7-die-eingangspruefung-des-containers.jpg\",\"contentUrl\":\"https:\\\/\\\/rothschenk.de\\\/wp-content\\\/uploads\\\/2021\\\/06\\\/folge-7-die-eingangspruefung-des-containers.jpg\",\"width\":1920,\"height\":1078},{\"@type\":\"BreadcrumbList\",\"@id\":\"https:\\\/\\\/rothschenk.de\\\/pl\\\/odcinek-7-przychodzaca-inspekcja-kontenera\\\/#breadcrumb\",\"itemListElement\":[{\"@type\":\"ListItem\",\"position\":1,\"name\":\"Strona g\u0142\u00f3wna\",\"item\":\"https:\\\/\\\/rothschenk.de\\\/pl\\\/strona-glowna\\\/\"},{\"@type\":\"ListItem\",\"position\":2,\"name\":\"Odcinek 7: Przychodz\u0105ca inspekcja kontenera\"}]},{\"@type\":\"WebSite\",\"@id\":\"https:\\\/\\\/rothschenk.de\\\/pl\\\/#website\",\"url\":\"https:\\\/\\\/rothschenk.de\\\/pl\\\/\",\"name\":\"Rothschenk - Der Online Shop f\u00fcr Ladungssicherung\",\"description\":\"Der Online Shop f\u00fcr Ladungssicherung\",\"potentialAction\":[{\"@type\":\"SearchAction\",\"target\":{\"@type\":\"EntryPoint\",\"urlTemplate\":\"https:\\\/\\\/rothschenk.de\\\/pl\\\/?s={search_term_string}\"},\"query-input\":{\"@type\":\"PropertyValueSpecification\",\"valueRequired\":true,\"valueName\":\"search_term_string\"}}],\"inLanguage\":\"pl-PL\"},{\"@type\":\"Person\",\"@id\":\"https:\\\/\\\/rothschenk.de\\\/pl\\\/#\\\/schema\\\/person\\\/8878c3ce4ac9607e11b12c500ead07e8\",\"name\":\"Sigurd Ehringer\",\"image\":{\"@type\":\"ImageObject\",\"inLanguage\":\"pl-PL\",\"@id\":\"https:\\\/\\\/rothschenk.de\\\/wp-content\\\/uploads\\\/2024\\\/02\\\/sigurd-ehringer-ladungssicherung-ausbilder-und-berater-96x96.jpg\",\"url\":\"https:\\\/\\\/rothschenk.de\\\/wp-content\\\/uploads\\\/2024\\\/02\\\/sigurd-ehringer-ladungssicherung-ausbilder-und-berater-96x96.jpg\",\"contentUrl\":\"https:\\\/\\\/rothschenk.de\\\/wp-content\\\/uploads\\\/2024\\\/02\\\/sigurd-ehringer-ladungssicherung-ausbilder-und-berater-96x96.jpg\",\"caption\":\"Sigurd Ehringer\"},\"description\":\"\u2714 VDI-zertifizierter Ausbilder f\u00fcr Ladungssicherung \u2714 Fachbuch-Autor \u2714 8 Jahre Projektmanager \u2714 12 Jahre bei der Bundeswehr (Kompaniechef) \u2714 20 Jahre Vertriebserfahrung \u2714 seit 1996 Berater\\\/Ausbilder in der Logistik \u2714 44 Jahre Ausbilder\\\/Trainer in verschiedenen Bereichen ---&gt; In einer Reihe von Fachbeitr\u00e4gen aus der Praxis, zu Themen rund um den Container und LKW, erhalten Sie Profiwissen aus erster Hand. Wie sichert man Ladung korrekt und was sind die Grundlagen der Ladungssicherung? Erarbeitet und vorgestellt werden sie von Sigurd Ehringer, Inhaber von SE-LogCon.\",\"url\":\"https:\\\/\\\/rothschenk.de\\\/pl\\\/author\\\/sigurd-ehringer\\\/\"}]}<\/script>\n<!-- \/ Yoast SEO plugin. -->","yoast_head_json":{"title":"Kontrola kontener\u00f3w przychodz\u0105cych - co nale\u017cy wzi\u0105\u0107 pod uwag\u0119? - Rothschenk","description":"Specjalistyczny artyku\u0142 na temat kontroli kontener\u00f3w przychodz\u0105cych. Przedstawiony przez eksperta ds. zabezpieczania \u0142adunk\u00f3w Sigurda Ehringera. Obowi\u0105zki | Zadania | Wskaz\u00f3wki","robots":{"index":"index","follow":"follow","max-snippet":"max-snippet:-1","max-image-preview":"max-image-preview:large","max-video-preview":"max-video-preview:-1"},"canonical":"https:\/\/rothschenk.de\/pl\/odcinek-7-przychodzaca-inspekcja-kontenera\/","og_locale":"pl_PL","og_type":"article","og_title":"Kontrola kontener\u00f3w przychodz\u0105cych - co nale\u017cy wzi\u0105\u0107 pod uwag\u0119? - Rothschenk","og_description":"Specjalistyczny artyku\u0142 na temat kontroli kontener\u00f3w przychodz\u0105cych. Przedstawiony przez eksperta ds. zabezpieczania \u0142adunk\u00f3w Sigurda Ehringera. Obowi\u0105zki | Zadania | Wskaz\u00f3wki","og_url":"https:\/\/rothschenk.de\/pl\/odcinek-7-przychodzaca-inspekcja-kontenera\/","og_site_name":"Rothschenk","article_publisher":"https:\/\/de-de.facebook.com\/FirmaRothschenk\/","article_published_time":"2021-06-07T14:49:45+00:00","article_modified_time":"2025-06-30T15:02:11+00:00","og_image":[{"width":1920,"height":1078,"url":"https:\/\/rothschenk.de\/wp-content\/uploads\/2021\/06\/folge-7-die-eingangspruefung-des-containers.jpg","type":"image\/jpeg"}],"author":"Sigurd Ehringer","twitter_card":"summary_large_image","twitter_misc":{"Napisane przez":"Sigurd Ehringer","Szacowany czas czytania":"5 minut"},"schema":{"@context":"https:\/\/schema.org","@graph":[{"@type":"Article","@id":"https:\/\/rothschenk.de\/pl\/odcinek-7-przychodzaca-inspekcja-kontenera\/#article","isPartOf":{"@id":"https:\/\/rothschenk.de\/pl\/odcinek-7-przychodzaca-inspekcja-kontenera\/"},"author":{"name":"Sigurd Ehringer","@id":"https:\/\/rothschenk.de\/pl\/#\/schema\/person\/8878c3ce4ac9607e11b12c500ead07e8"},"headline":"Odcinek 7: Przychodz\u0105ca inspekcja kontenera","datePublished":"2021-06-07T14:49:45+00:00","dateModified":"2025-06-30T15:02:11+00:00","mainEntityOfPage":{"@id":"https:\/\/rothschenk.de\/pl\/odcinek-7-przychodzaca-inspekcja-kontenera\/"},"wordCount":951,"commentCount":0,"image":{"@id":"https:\/\/rothschenk.de\/pl\/odcinek-7-przychodzaca-inspekcja-kontenera\/#primaryimage"},"thumbnailUrl":"https:\/\/rothschenk.de\/wp-content\/uploads\/2021\/06\/folge-7-die-eingangspruefung-des-containers.jpg","articleSection":["Blog Cargo","Pojemnik"],"inLanguage":"pl-PL","potentialAction":[{"@type":"CommentAction","name":"Comment","target":["https:\/\/rothschenk.de\/pl\/odcinek-7-przychodzaca-inspekcja-kontenera\/#respond"]}]},{"@type":"WebPage","@id":"https:\/\/rothschenk.de\/pl\/odcinek-7-przychodzaca-inspekcja-kontenera\/","url":"https:\/\/rothschenk.de\/pl\/odcinek-7-przychodzaca-inspekcja-kontenera\/","name":"Kontrola kontener\u00f3w przychodz\u0105cych - co nale\u017cy wzi\u0105\u0107 pod uwag\u0119? - Rothschenk","isPartOf":{"@id":"https:\/\/rothschenk.de\/pl\/#website"},"primaryImageOfPage":{"@id":"https:\/\/rothschenk.de\/pl\/odcinek-7-przychodzaca-inspekcja-kontenera\/#primaryimage"},"image":{"@id":"https:\/\/rothschenk.de\/pl\/odcinek-7-przychodzaca-inspekcja-kontenera\/#primaryimage"},"thumbnailUrl":"https:\/\/rothschenk.de\/wp-content\/uploads\/2021\/06\/folge-7-die-eingangspruefung-des-containers.jpg","datePublished":"2021-06-07T14:49:45+00:00","dateModified":"2025-06-30T15:02:11+00:00","author":{"@id":"https:\/\/rothschenk.de\/pl\/#\/schema\/person\/8878c3ce4ac9607e11b12c500ead07e8"},"description":"Specjalistyczny artyku\u0142 na temat kontroli kontener\u00f3w przychodz\u0105cych. Przedstawiony przez eksperta ds. zabezpieczania \u0142adunk\u00f3w Sigurda Ehringera. Obowi\u0105zki | Zadania | Wskaz\u00f3wki","breadcrumb":{"@id":"https:\/\/rothschenk.de\/pl\/odcinek-7-przychodzaca-inspekcja-kontenera\/#breadcrumb"},"inLanguage":"pl-PL","potentialAction":[{"@type":"ReadAction","target":["https:\/\/rothschenk.de\/pl\/odcinek-7-przychodzaca-inspekcja-kontenera\/"]}]},{"@type":"ImageObject","inLanguage":"pl-PL","@id":"https:\/\/rothschenk.de\/pl\/odcinek-7-przychodzaca-inspekcja-kontenera\/#primaryimage","url":"https:\/\/rothschenk.de\/wp-content\/uploads\/2021\/06\/folge-7-die-eingangspruefung-des-containers.jpg","contentUrl":"https:\/\/rothschenk.de\/wp-content\/uploads\/2021\/06\/folge-7-die-eingangspruefung-des-containers.jpg","width":1920,"height":1078},{"@type":"BreadcrumbList","@id":"https:\/\/rothschenk.de\/pl\/odcinek-7-przychodzaca-inspekcja-kontenera\/#breadcrumb","itemListElement":[{"@type":"ListItem","position":1,"name":"Strona g\u0142\u00f3wna","item":"https:\/\/rothschenk.de\/pl\/strona-glowna\/"},{"@type":"ListItem","position":2,"name":"Odcinek 7: Przychodz\u0105ca inspekcja kontenera"}]},{"@type":"WebSite","@id":"https:\/\/rothschenk.de\/pl\/#website","url":"https:\/\/rothschenk.de\/pl\/","name":"Rothschenk - Der Online Shop f\u00fcr Ladungssicherung","description":"Der Online Shop f\u00fcr Ladungssicherung","potentialAction":[{"@type":"SearchAction","target":{"@type":"EntryPoint","urlTemplate":"https:\/\/rothschenk.de\/pl\/?s={search_term_string}"},"query-input":{"@type":"PropertyValueSpecification","valueRequired":true,"valueName":"search_term_string"}}],"inLanguage":"pl-PL"},{"@type":"Person","@id":"https:\/\/rothschenk.de\/pl\/#\/schema\/person\/8878c3ce4ac9607e11b12c500ead07e8","name":"Sigurd Ehringer","image":{"@type":"ImageObject","inLanguage":"pl-PL","@id":"https:\/\/rothschenk.de\/wp-content\/uploads\/2024\/02\/sigurd-ehringer-ladungssicherung-ausbilder-und-berater-96x96.jpg","url":"https:\/\/rothschenk.de\/wp-content\/uploads\/2024\/02\/sigurd-ehringer-ladungssicherung-ausbilder-und-berater-96x96.jpg","contentUrl":"https:\/\/rothschenk.de\/wp-content\/uploads\/2024\/02\/sigurd-ehringer-ladungssicherung-ausbilder-und-berater-96x96.jpg","caption":"Sigurd Ehringer"},"description":"\u2714 VDI-zertifizierter Ausbilder f\u00fcr Ladungssicherung \u2714 Fachbuch-Autor \u2714 8 Jahre Projektmanager \u2714 12 Jahre bei der Bundeswehr (Kompaniechef) \u2714 20 Jahre Vertriebserfahrung \u2714 seit 1996 Berater\/Ausbilder in der Logistik \u2714 44 Jahre Ausbilder\/Trainer in verschiedenen Bereichen ---&gt; In einer Reihe von Fachbeitr\u00e4gen aus der Praxis, zu Themen rund um den Container und LKW, erhalten Sie Profiwissen aus erster Hand. Wie sichert man Ladung korrekt und was sind die Grundlagen der Ladungssicherung? Erarbeitet und vorgestellt werden sie von Sigurd Ehringer, Inhaber von SE-LogCon.","url":"https:\/\/rothschenk.de\/pl\/author\/sigurd-ehringer\/"}]}},"_links":{"self":[{"href":"https:\/\/rothschenk.de\/pl\/wp-json\/wp\/v2\/posts\/680819","targetHints":{"allow":["GET"]}}],"collection":[{"href":"https:\/\/rothschenk.de\/pl\/wp-json\/wp\/v2\/posts"}],"about":[{"href":"https:\/\/rothschenk.de\/pl\/wp-json\/wp\/v2\/types\/post"}],"author":[{"embeddable":true,"href":"https:\/\/rothschenk.de\/pl\/wp-json\/wp\/v2\/users\/1536"}],"replies":[{"embeddable":true,"href":"https:\/\/rothschenk.de\/pl\/wp-json\/wp\/v2\/comments?post=680819"}],"version-history":[{"count":1,"href":"https:\/\/rothschenk.de\/pl\/wp-json\/wp\/v2\/posts\/680819\/revisions"}],"predecessor-version":[{"id":680842,"href":"https:\/\/rothschenk.de\/pl\/wp-json\/wp\/v2\/posts\/680819\/revisions\/680842"}],"wp:featuredmedia":[{"embeddable":true,"href":"https:\/\/rothschenk.de\/pl\/wp-json\/wp\/v2\/media\/680821"}],"wp:attachment":[{"href":"https:\/\/rothschenk.de\/pl\/wp-json\/wp\/v2\/media?parent=680819"}],"wp:term":[{"taxonomy":"category","embeddable":true,"href":"https:\/\/rothschenk.de\/pl\/wp-json\/wp\/v2\/categories?post=680819"},{"taxonomy":"post_tag","embeddable":true,"href":"https:\/\/rothschenk.de\/pl\/wp-json\/wp\/v2\/tags?post=680819"}],"curies":[{"name":"wp","href":"https:\/\/api.w.org\/{rel}","templated":true}]}}