{"id":681225,"date":"2023-11-06T14:15:49","date_gmt":"2023-11-06T13:15:49","guid":{"rendered":"https:\/\/rothschenk.de\/odcinek-37-rozklad-obciazenia-na-ciezarowkach-jak-prawidlowo-obliczyc-wartosci\/"},"modified":"2025-06-30T17:04:28","modified_gmt":"2025-06-30T15:04:28","slug":"odcinek-37-rozklad-obciazenia-na-ciezarowkach-jak-prawidlowo-obliczyc-wartosci","status":"publish","type":"post","link":"https:\/\/rothschenk.de\/pl\/odcinek-37-rozklad-obciazenia-na-ciezarowkach-jak-prawidlowo-obliczyc-wartosci\/","title":{"rendered":"Odcinek 37: Rozk\u0142ad obci\u0105\u017cenia na ci\u0119\u017car\u00f3wkach &#8211; Jak prawid\u0142owo obliczy\u0107 warto\u015bci?"},"content":{"rendered":"\n<p>Rozk\u0142ad \u0142adunku na ci\u0119\u017car\u00f3wkach wielokrotnie stawia zar\u00f3wno kierowc\u00f3w, jak i za\u0142adowc\u00f3w przed powa\u017cnymi wyzwaniami, do kt\u00f3rych cz\u0119sto podchodzi si\u0119 z &#8222;po\u0142owiczn\u0105 wiedz\u0105&#8221;.<\/p>\n\n<p>Pod warunkiem, \u017ce posiada si\u0119 podstawow\u0105 wiedz\u0119 z zakresu fizyki, problem ten mo\u017cna do\u015b\u0107 \u0142atwo rozwi\u0105za\u0107.<\/p>\n\n<div style=\"height:35px\" aria-hidden=\"true\" class=\"wp-block-spacer\"><\/div>\n\n<h2 class=\"wp-block-heading\">Wizualizacja rozk\u0142adu obci\u0105\u017cenia<\/h2>\n\n<div class=\"wp-block-columns is-layout-flex wp-container-core-columns-is-layout-28f84493 wp-block-columns-is-layout-flex\">\n<div class=\"wp-block-column is-layout-flow wp-block-column-is-layout-flow\">\n<figure data-wp-context=\"{&quot;imageId&quot;:&quot;69f086ab42b85&quot;}\" data-wp-interactive=\"core\/image\" data-wp-key=\"69f086ab42b85\" class=\"wp-block-image size-full wp-lightbox-container\"><img fetchpriority=\"high\" decoding=\"async\" width=\"799\" height=\"634\" data-wp-class--hide=\"state.isContentHidden\" data-wp-class--show=\"state.isContentVisible\" data-wp-init=\"callbacks.setButtonStyles\" data-wp-on--click=\"actions.showLightbox\" data-wp-on--load=\"callbacks.setButtonStyles\" data-wp-on-window--resize=\"callbacks.setButtonStyles\" src=\"https:\/\/rothschenk.de\/wp-content\/uploads\/2023\/11\/lastenverteilung-am-lkw-lasi-blog-sigurd-ehringer-rothschenk-ladungssicherung.jpg\" alt=\"\" class=\"wp-image-153701\" style=\"aspect-ratio:4\/3;object-fit:cover\" srcset=\"https:\/\/rothschenk.de\/wp-content\/uploads\/2023\/11\/lastenverteilung-am-lkw-lasi-blog-sigurd-ehringer-rothschenk-ladungssicherung.jpg 799w, https:\/\/rothschenk.de\/wp-content\/uploads\/2023\/11\/lastenverteilung-am-lkw-lasi-blog-sigurd-ehringer-rothschenk-ladungssicherung-300x238.jpg 300w, https:\/\/rothschenk.de\/wp-content\/uploads\/2023\/11\/lastenverteilung-am-lkw-lasi-blog-sigurd-ehringer-rothschenk-ladungssicherung-768x609.jpg 768w, https:\/\/rothschenk.de\/wp-content\/uploads\/2023\/11\/lastenverteilung-am-lkw-lasi-blog-sigurd-ehringer-rothschenk-ladungssicherung-600x476.jpg 600w\" sizes=\"(max-width: 799px) 100vw, 799px\" \/><button\n\t\t\tclass=\"lightbox-trigger\"\n\t\t\ttype=\"button\"\n\t\t\taria-haspopup=\"dialog\"\n\t\t\taria-label=\"Powi\u0119ksz\"\n\t\t\tdata-wp-init=\"callbacks.initTriggerButton\"\n\t\t\tdata-wp-on--click=\"actions.showLightbox\"\n\t\t\tdata-wp-style--right=\"state.imageButtonRight\"\n\t\t\tdata-wp-style--top=\"state.imageButtonTop\"\n\t\t>\n\t\t\t<svg xmlns=\"http:\/\/www.w3.org\/2000\/svg\" width=\"12\" height=\"12\" fill=\"none\" viewBox=\"0 0 12 12\">\n\t\t\t\t<path fill=\"#fff\" d=\"M2 0a2 2 0 0 0-2 2v2h1.5V2a.5.5 0 0 1 .5-.5h2V0H2Zm2 10.5H2a.5.5 0 0 1-.5-.5V8H0v2a2 2 0 0 0 2 2h2v-1.5ZM8 12v-1.5h2a.5.5 0 0 0 .5-.5V8H12v2a2 2 0 0 1-2 2H8Zm2-12a2 2 0 0 1 2 2v2h-1.5V2a.5.5 0 0 0-.5-.5H8V0h2Z\" \/>\n\t\t\t<\/svg>\n\t\t<\/button><\/figure>\n\n\n\n<p>Najprostszym podej\u015bciem jest wyobra\u017cenie sobie, \u017ce ci\u0119\u017car\u00f3wka stoi ze swoimi osiami na wadze.<\/p>\n\n\n\n<p>Je\u015bli rozk\u0142ad obci\u0105\u017cenia jest prawid\u0142owy, wskaz\u00f3wka skali znajduje si\u0119 na zerze lub w \u015brodku.<\/p>\n<\/div>\n\n\n\n<div class=\"wp-block-column is-layout-flow wp-block-column-is-layout-flow\">\n<figure data-wp-context=\"{&quot;imageId&quot;:&quot;69f086ab43577&quot;}\" data-wp-interactive=\"core\/image\" data-wp-key=\"69f086ab43577\" class=\"wp-block-image size-full wp-lightbox-container\"><img decoding=\"async\" width=\"801\" height=\"680\" data-wp-class--hide=\"state.isContentHidden\" data-wp-class--show=\"state.isContentVisible\" data-wp-init=\"callbacks.setButtonStyles\" data-wp-on--click=\"actions.showLightbox\" data-wp-on--load=\"callbacks.setButtonStyles\" data-wp-on-window--resize=\"callbacks.setButtonStyles\" src=\"https:\/\/rothschenk.de\/wp-content\/uploads\/2023\/11\/lastenverteilung-am-lkw-lasi-blog-sigurd-ehringer-rothschenk-ladungssicherung-1.jpg\" alt=\"\" class=\"wp-image-153667\" style=\"aspect-ratio:4\/3;object-fit:cover\" srcset=\"https:\/\/rothschenk.de\/wp-content\/uploads\/2023\/11\/lastenverteilung-am-lkw-lasi-blog-sigurd-ehringer-rothschenk-ladungssicherung-1.jpg 801w, https:\/\/rothschenk.de\/wp-content\/uploads\/2023\/11\/lastenverteilung-am-lkw-lasi-blog-sigurd-ehringer-rothschenk-ladungssicherung-1-300x255.jpg 300w, https:\/\/rothschenk.de\/wp-content\/uploads\/2023\/11\/lastenverteilung-am-lkw-lasi-blog-sigurd-ehringer-rothschenk-ladungssicherung-1-768x652.jpg 768w, https:\/\/rothschenk.de\/wp-content\/uploads\/2023\/11\/lastenverteilung-am-lkw-lasi-blog-sigurd-ehringer-rothschenk-ladungssicherung-1-600x509.jpg 600w\" sizes=\"(max-width: 801px) 100vw, 801px\" \/><button\n\t\t\tclass=\"lightbox-trigger\"\n\t\t\ttype=\"button\"\n\t\t\taria-haspopup=\"dialog\"\n\t\t\taria-label=\"Powi\u0119ksz\"\n\t\t\tdata-wp-init=\"callbacks.initTriggerButton\"\n\t\t\tdata-wp-on--click=\"actions.showLightbox\"\n\t\t\tdata-wp-style--right=\"state.imageButtonRight\"\n\t\t\tdata-wp-style--top=\"state.imageButtonTop\"\n\t\t>\n\t\t\t<svg xmlns=\"http:\/\/www.w3.org\/2000\/svg\" width=\"12\" height=\"12\" fill=\"none\" viewBox=\"0 0 12 12\">\n\t\t\t\t<path fill=\"#fff\" d=\"M2 0a2 2 0 0 0-2 2v2h1.5V2a.5.5 0 0 1 .5-.5h2V0H2Zm2 10.5H2a.5.5 0 0 1-.5-.5V8H0v2a2 2 0 0 0 2 2h2v-1.5ZM8 12v-1.5h2a.5.5 0 0 0 .5-.5V8H12v2a2 2 0 0 1-2 2H8Zm2-12a2 2 0 0 1 2 2v2h-1.5V2a.5.5 0 0 0-.5-.5H8V0h2Z\" \/>\n\t\t\t<\/svg>\n\t\t<\/button><\/figure>\n\n\n\n<p>Je\u015bli przednia o\u015b by\u0142aby przeci\u0105\u017cona, lewa miska opu\u015bci\u0142aby si\u0119, a prawa podnios\u0142aby. By\u0142by to wyra\u017any skutek nieprawid\u0142owego rozk\u0142adu obci\u0105\u017cenia. <\/p>\n\n\n\n<p>Ca\u0142a sytuacja uleg\u0142aby oczywi\u015bcie odwr\u00f3ceniu, gdyby tylna o\u015b by\u0142a przeci\u0105\u017cona.<\/p>\n<\/div>\n<\/div>\n\n<div style=\"height:35px\" aria-hidden=\"true\" class=\"wp-block-spacer\"><\/div>\n\n<div class=\"wp-block-columns is-layout-flex wp-container-core-columns-is-layout-28f84493 wp-block-columns-is-layout-flex\">\n<div class=\"wp-block-column is-layout-flow wp-block-column-is-layout-flow\" style=\"flex-basis:50%\">\n<figure data-wp-context=\"{&quot;imageId&quot;:&quot;69f086ab4391c&quot;}\" data-wp-interactive=\"core\/image\" data-wp-key=\"69f086ab4391c\" class=\"wp-block-image aligncenter size-full is-resized wp-lightbox-container\"><img decoding=\"async\" width=\"758\" height=\"486\" data-wp-class--hide=\"state.isContentHidden\" data-wp-class--show=\"state.isContentVisible\" data-wp-init=\"callbacks.setButtonStyles\" data-wp-on--click=\"actions.showLightbox\" data-wp-on--load=\"callbacks.setButtonStyles\" data-wp-on-window--resize=\"callbacks.setButtonStyles\" src=\"https:\/\/rothschenk.de\/wp-content\/uploads\/2023\/11\/lastenverteilung-am-lkw-lasi-blog-sigurd-ehringer-rothschenk-ladungssicherung-2.jpg\" alt=\"\" class=\"wp-image-153670\" style=\"object-fit:contain;width:400px;height:300px\" srcset=\"https:\/\/rothschenk.de\/wp-content\/uploads\/2023\/11\/lastenverteilung-am-lkw-lasi-blog-sigurd-ehringer-rothschenk-ladungssicherung-2.jpg 758w, https:\/\/rothschenk.de\/wp-content\/uploads\/2023\/11\/lastenverteilung-am-lkw-lasi-blog-sigurd-ehringer-rothschenk-ladungssicherung-2-300x192.jpg 300w, https:\/\/rothschenk.de\/wp-content\/uploads\/2023\/11\/lastenverteilung-am-lkw-lasi-blog-sigurd-ehringer-rothschenk-ladungssicherung-2-600x385.jpg 600w\" sizes=\"(max-width: 758px) 100vw, 758px\" \/><button\n\t\t\tclass=\"lightbox-trigger\"\n\t\t\ttype=\"button\"\n\t\t\taria-haspopup=\"dialog\"\n\t\t\taria-label=\"Powi\u0119ksz\"\n\t\t\tdata-wp-init=\"callbacks.initTriggerButton\"\n\t\t\tdata-wp-on--click=\"actions.showLightbox\"\n\t\t\tdata-wp-style--right=\"state.imageButtonRight\"\n\t\t\tdata-wp-style--top=\"state.imageButtonTop\"\n\t\t>\n\t\t\t<svg xmlns=\"http:\/\/www.w3.org\/2000\/svg\" width=\"12\" height=\"12\" fill=\"none\" viewBox=\"0 0 12 12\">\n\t\t\t\t<path fill=\"#fff\" d=\"M2 0a2 2 0 0 0-2 2v2h1.5V2a.5.5 0 0 1 .5-.5h2V0H2Zm2 10.5H2a.5.5 0 0 1-.5-.5V8H0v2a2 2 0 0 0 2 2h2v-1.5ZM8 12v-1.5h2a.5.5 0 0 0 .5-.5V8H12v2a2 2 0 0 1-2 2H8Zm2-12a2 2 0 0 1 2 2v2h-1.5V2a.5.5 0 0 0-.5-.5H8V0h2Z\" \/>\n\t\t\t<\/svg>\n\t\t<\/button><\/figure>\n<\/div>\n\n\n\n<div class=\"wp-block-column is-layout-flow wp-block-column-is-layout-flow\" style=\"flex-basis:50%\">\n<p>T\u0119 podstawow\u0105 zasad\u0119 zastosowan\u0105 w naczepie mo\u017cna upro\u015bci\u0107, dodaj\u0105c kolejn\u0105 wag\u0119 do lewej szalki, na kt\u00f3rej spoczywaj\u0105 osie steruj\u0105ce i nap\u0119dowe.<\/p>\n<\/div>\n<\/div>\n\n<div style=\"height:35px\" aria-hidden=\"true\" class=\"wp-block-spacer\"><\/div>\n\n<div class=\"wp-block-columns has-black-color has-text-color has-background has-link-color wp-elements-163b39bd89f00ea4494dd7a84e895f18 is-layout-flex wp-container-core-columns-is-layout-28f84493 wp-block-columns-is-layout-flex\" style=\"background-color:#f5f5f5\">\n<div class=\"wp-block-column is-vertically-aligned-center is-layout-flow wp-block-column-is-layout-flow\">\n<figure data-wp-context=\"{&quot;imageId&quot;:&quot;69f086ab441d5&quot;}\" data-wp-interactive=\"core\/image\" data-wp-key=\"69f086ab441d5\" class=\"wp-block-image size-medium wp-lightbox-container\"><img loading=\"lazy\" decoding=\"async\" width=\"300\" height=\"300\" data-wp-class--hide=\"state.isContentHidden\" data-wp-class--show=\"state.isContentVisible\" data-wp-init=\"callbacks.setButtonStyles\" data-wp-on--click=\"actions.showLightbox\" data-wp-on--load=\"callbacks.setButtonStyles\" data-wp-on-window--resize=\"callbacks.setButtonStyles\" src=\"https:\/\/rothschenk.de\/wp-content\/uploads\/2024\/03\/info-icon-rothschenk-schwarz-300x300.png\" alt=\"\" class=\"wp-image-146591\" srcset=\"https:\/\/rothschenk.de\/wp-content\/uploads\/2024\/03\/info-icon-rothschenk-schwarz-300x300.png 300w, https:\/\/rothschenk.de\/wp-content\/uploads\/2024\/03\/info-icon-rothschenk-schwarz-150x150.png 150w, https:\/\/rothschenk.de\/wp-content\/uploads\/2024\/03\/info-icon-rothschenk-schwarz-768x768.png 768w, https:\/\/rothschenk.de\/wp-content\/uploads\/2024\/03\/info-icon-rothschenk-schwarz-600x600.png 600w, https:\/\/rothschenk.de\/wp-content\/uploads\/2024\/03\/info-icon-rothschenk-schwarz-100x100.png 100w, https:\/\/rothschenk.de\/wp-content\/uploads\/2024\/03\/info-icon-rothschenk-schwarz.png 1024w\" sizes=\"(max-width: 300px) 100vw, 300px\" \/><button\n\t\t\tclass=\"lightbox-trigger\"\n\t\t\ttype=\"button\"\n\t\t\taria-haspopup=\"dialog\"\n\t\t\taria-label=\"Powi\u0119ksz\"\n\t\t\tdata-wp-init=\"callbacks.initTriggerButton\"\n\t\t\tdata-wp-on--click=\"actions.showLightbox\"\n\t\t\tdata-wp-style--right=\"state.imageButtonRight\"\n\t\t\tdata-wp-style--top=\"state.imageButtonTop\"\n\t\t>\n\t\t\t<svg xmlns=\"http:\/\/www.w3.org\/2000\/svg\" width=\"12\" height=\"12\" fill=\"none\" viewBox=\"0 0 12 12\">\n\t\t\t\t<path fill=\"#fff\" d=\"M2 0a2 2 0 0 0-2 2v2h1.5V2a.5.5 0 0 1 .5-.5h2V0H2Zm2 10.5H2a.5.5 0 0 1-.5-.5V8H0v2a2 2 0 0 0 2 2h2v-1.5ZM8 12v-1.5h2a.5.5 0 0 0 .5-.5V8H12v2a2 2 0 0 1-2 2H8Zm2-12a2 2 0 0 1 2 2v2h-1.5V2a.5.5 0 0 0-.5-.5H8V0h2Z\" \/>\n\t\t\t<\/svg>\n\t\t<\/button><\/figure>\n<\/div>\n\n\n\n<div class=\"wp-block-column is-vertically-aligned-center is-layout-flow wp-block-column-is-layout-flow\" style=\"flex-basis:75%\">\n<p>Regulamin &#8222;DGUV70 Fahrzeuge&#8221; Niemieckiego Zak\u0142adu Ubezpiecze\u0144 Spo\u0142ecznych od Wypadk\u00f3w Komunikacyjnych zawiera w komentarzu nast\u0119puj\u0105ce warunki brzegowe:<br\/>W odniesieniu do \u00a7 37 ust. 1: Wym\u00f3g zgodno\u015bci z dopuszczalnymi warto\u015bciami nacisk\u00f3w na osie jest spe\u0142niony, je\u017celi: <\/p>\n\n\n\n<ol class=\"wp-block-list\">\n<li>Dopuszczalne <strong>obci\u0105\u017cenie przedniej osi <\/strong>nie zosta\u0142o przekroczone<\/li>\n\n\n\n<li>Dopuszczalne <strong>obci\u0105\u017cenie tylnej osi <\/strong>nie zosta\u0142o przekroczone i<\/li>\n\n\n\n<li>Minimalne obci\u0105\u017cenie <strong>osi kierowanej<\/strong> wynosi nie mniej ni\u017c 20% masy pojazdu (nie dotyczy naczep).<\/li>\n<\/ol>\n\n\n\n<p>Je\u015bli pr\u0119dko\u015b\u0107 jazdy nie przekracza 25 km\/h, minimalne obci\u0105\u017cenie osi kierowanej mo\u017ce zosta\u0107 zmniejszone do 10% masy pojazdu.<\/p>\n<\/div>\n<\/div>\n\n<div style=\"height:35px\" aria-hidden=\"true\" class=\"wp-block-spacer\"><\/div>\n\n<h3 class=\"wp-block-heading\">Plan dystrybucji obci\u0105\u017cenia<\/h3>\n\n<p>G\u0142\u00f3wn\u0105 podstaw\u0105 rozwa\u017ca\u0144 jest plan rozmieszczenia \u0142adunku, kt\u00f3ry jest specyficzny dla ka\u017cdego typu pojazdu. Szablonem dla obrazu jest program BG do obliczania plan\u00f3w rozk\u0142adu obci\u0105\u017cenia. Obraz zosta\u0142 zmodyfikowany do cel\u00f3w wizualizacji.<a href=\"https:\/\/www.bg-verkehr.de\/medien\/medienkatalog\/filme\/lastverteilungsplan-lvp-4-1-grundzuege-der-ladungssicherung\">(Plan rozmieszczenia \u0142adunku LVP 4.1 + Podstawowe zasady zabezpieczania \u0142adunku &#8211; BG Verkehr (bg-verkehr.de)<\/a>)<\/p>\n\n<figure class=\"wp-block-image aligncenter size-full is-resized\"><img loading=\"lazy\" decoding=\"async\" width=\"638\" height=\"490\" src=\"https:\/\/rothschenk.de\/wp-content\/uploads\/2023\/11\/lastenverteilung-am-lkw-lasi-blog-sigurd-ehringer-rothschenk-ladungssicherung-3.jpg\" alt=\"\" class=\"wp-image-153673\" style=\"width:600px\" srcset=\"https:\/\/rothschenk.de\/wp-content\/uploads\/2023\/11\/lastenverteilung-am-lkw-lasi-blog-sigurd-ehringer-rothschenk-ladungssicherung-3.jpg 638w, https:\/\/rothschenk.de\/wp-content\/uploads\/2023\/11\/lastenverteilung-am-lkw-lasi-blog-sigurd-ehringer-rothschenk-ladungssicherung-3-300x230.jpg 300w, https:\/\/rothschenk.de\/wp-content\/uploads\/2023\/11\/lastenverteilung-am-lkw-lasi-blog-sigurd-ehringer-rothschenk-ladungssicherung-3-600x461.jpg 600w\" sizes=\"(max-width: 638px) 100vw, 638px\" \/><\/figure>\n\n<div style=\"height:35px\" aria-hidden=\"true\" class=\"wp-block-spacer\"><\/div>\n\n<p>Ca\u0142kowity \u015brodek ci\u0119\u017cko\u015bci \u0142adunku musi zawsze znajdowa\u0107 si\u0119 poni\u017cej niebieskiej linii. \u0141adunek o maksymalnej masie 2000 kg mo\u017cna umie\u015bci\u0107 w dowolnym miejscu na skrzyni \u0142adunkowej. Je\u015bli jednak \u0142adunek wa\u017cy 9000 kg, \u015brodek ci\u0119\u017cko\u015bci musi znajdowa\u0107 si\u0119 w odleg\u0142o\u015bci 3,40 m od przegrody. Im ci\u0119\u017cszy \u0142adunek, tym mniejszy margines swobody.    <\/p>\n\n<p>Na wykresie wa\u017cne s\u0105 r\u00f3wnie\u017c dwie osie graficzne. O\u015b X wskazuje d\u0142ugo\u015b\u0107 obszaru za\u0142adunku, a o\u015b Y \u0142adunek. <\/p>\n\n<p>Przyk\u0142ad: Je\u015bli ca\u0142y \u0142adunek wa\u017cy 7000 kg, nale\u017cy przej\u015b\u0107 do Y=7to, a nast\u0119pnie w lewo do niebieskiej linii.<br\/>Jest ona przecinana dwukrotnie, wi\u0119c \u015brodek ci\u0119\u017cko\u015bci \u0142adunku mo\u017ce znajdowa\u0107 si\u0119 w odleg\u0142o\u015bci od 3 m do 5 m od \u015bciany ko\u0144cowej.  <\/p>\n\n<figure class=\"wp-block-image aligncenter size-full is-resized\"><img loading=\"lazy\" decoding=\"async\" width=\"638\" height=\"447\" src=\"https:\/\/rothschenk.de\/wp-content\/uploads\/2023\/11\/lastenverteilung-am-lkw-lasi-blog-sigurd-ehringer-rothschenk-ladungssicherung-4.jpg\" alt=\"\" class=\"wp-image-153676\" style=\"width:600px\" srcset=\"https:\/\/rothschenk.de\/wp-content\/uploads\/2023\/11\/lastenverteilung-am-lkw-lasi-blog-sigurd-ehringer-rothschenk-ladungssicherung-4.jpg 638w, https:\/\/rothschenk.de\/wp-content\/uploads\/2023\/11\/lastenverteilung-am-lkw-lasi-blog-sigurd-ehringer-rothschenk-ladungssicherung-4-300x210.jpg 300w, https:\/\/rothschenk.de\/wp-content\/uploads\/2023\/11\/lastenverteilung-am-lkw-lasi-blog-sigurd-ehringer-rothschenk-ladungssicherung-4-600x420.jpg 600w\" sizes=\"(max-width: 638px) 100vw, 638px\" \/><\/figure>\n\n<div style=\"height:35px\" aria-hidden=\"true\" class=\"wp-block-spacer\"><\/div>\n\n<h2 class=\"wp-block-heading\">Prawo d\u017awigni<\/h2>\n\n<p>Istnieje jednak inny spos\u00f3b okre\u015blenia \u015brodka ci\u0119\u017cko\u015bci. Aby to zrobi\u0107, nale\u017cy pami\u0119ta\u0107 o <strong>prawie d\u017awigni <\/strong>. Si\u0142a (ci\u0119\u017car \u0142adunku) pomno\u017cona przez d\u0142ugo\u015b\u0107 d\u017awigni (odleg\u0142o\u015b\u0107 od \u015bciany ko\u0144cowej do \u015brodka ci\u0119\u017cko\u015bci jednostki \u0142adunkowej) daje moment. Klucz dynamometryczny dzia\u0142a na tej samej zasadzie. W tym przypadku jednak d\u0142ugo\u015b\u0107 d\u017awigni pozostaje taka sama, a si\u0142a mo\u017ce by\u0107 regulowana.    <\/p>\n\n<p>Podczas korzystania z tej metody konieczna jest znajomo\u015b\u0107 <strong>po\u0142o\u017cenia \u015brodka ci\u0119\u017cko\u015bci <\/strong>\u0142adunku. W szczeg\u00f3lno\u015bci w przypadku maszyn i urz\u0105dze\u0144 dzia\u0142 projektowy cz\u0119sto nie zaznacza po\u0142o\u017cenia \u015brodka ci\u0119\u017cko\u015bci lub przynajmniej nie dostarcza rysunku pokazuj\u0105cego jego po\u0142o\u017cenie. Informacje te maj\u0105 kluczowe znaczenie dla prawid\u0142owego za\u0142adunku i zabezpieczenia \u0142adunku.  <\/p>\n\n<p>Poni\u017cej przedstawiono fikcyjny przyk\u0142ad wyznaczania \u015brodka ci\u0119\u017cko\u015bci dla podobnych jednostek \u0142adunkowych.<\/p>\n\n<div style=\"height:35px\" aria-hidden=\"true\" class=\"wp-block-spacer\"><\/div>\n\n<div class=\"wp-block-columns is-layout-flex wp-container-core-columns-is-layout-28f84493 wp-block-columns-is-layout-flex\">\n<div class=\"wp-block-column is-layout-flow wp-block-column-is-layout-flow\">\n<figure class=\"wp-block-image size-full\"><img loading=\"lazy\" decoding=\"async\" width=\"505\" height=\"234\" src=\"https:\/\/rothschenk.de\/wp-content\/uploads\/2023\/11\/lastenverteilung-am-lkw-lasi-blog-sigurd-ehringer-rothschenk-ladungssicherung-5.jpg\" alt=\"\" class=\"wp-image-153679\" srcset=\"https:\/\/rothschenk.de\/wp-content\/uploads\/2023\/11\/lastenverteilung-am-lkw-lasi-blog-sigurd-ehringer-rothschenk-ladungssicherung-5.jpg 505w, https:\/\/rothschenk.de\/wp-content\/uploads\/2023\/11\/lastenverteilung-am-lkw-lasi-blog-sigurd-ehringer-rothschenk-ladungssicherung-5-300x139.jpg 300w\" sizes=\"(max-width: 505px) 100vw, 505px\" \/><\/figure>\n<\/div>\n\n\n\n<div class=\"wp-block-column is-layout-flow wp-block-column-is-layout-flow\">\n<figure class=\"wp-block-image size-full\"><img loading=\"lazy\" decoding=\"async\" width=\"508\" height=\"234\" src=\"https:\/\/rothschenk.de\/wp-content\/uploads\/2023\/11\/lastenverteilung-am-lkw-lasi-blog-sigurd-ehringer-rothschenk-ladungssicherung-6.jpg\" alt=\"\" class=\"wp-image-153682\" srcset=\"https:\/\/rothschenk.de\/wp-content\/uploads\/2023\/11\/lastenverteilung-am-lkw-lasi-blog-sigurd-ehringer-rothschenk-ladungssicherung-6.jpg 508w, https:\/\/rothschenk.de\/wp-content\/uploads\/2023\/11\/lastenverteilung-am-lkw-lasi-blog-sigurd-ehringer-rothschenk-ladungssicherung-6-300x138.jpg 300w\" sizes=\"(max-width: 508px) 100vw, 508px\" \/><\/figure>\n<\/div>\n\n\n\n<div class=\"wp-block-column is-layout-flow wp-block-column-is-layout-flow\">\n<figure class=\"wp-block-image size-full\"><img loading=\"lazy\" decoding=\"async\" width=\"570\" height=\"263\" src=\"https:\/\/rothschenk.de\/wp-content\/uploads\/2023\/11\/lastenverteilung-am-lkw-lasi-blog-sigurd-ehringer-rothschenk-ladungssicherung-7.jpg\" alt=\"\" class=\"wp-image-153686\" srcset=\"https:\/\/rothschenk.de\/wp-content\/uploads\/2023\/11\/lastenverteilung-am-lkw-lasi-blog-sigurd-ehringer-rothschenk-ladungssicherung-7.jpg 570w, https:\/\/rothschenk.de\/wp-content\/uploads\/2023\/11\/lastenverteilung-am-lkw-lasi-blog-sigurd-ehringer-rothschenk-ladungssicherung-7-300x138.jpg 300w\" sizes=\"(max-width: 570px) 100vw, 570px\" \/><\/figure>\n<\/div>\n\n\n\n<div class=\"wp-block-column is-layout-flow wp-block-column-is-layout-flow\">\n<figure class=\"wp-block-image size-full\"><img loading=\"lazy\" decoding=\"async\" width=\"519\" height=\"239\" src=\"https:\/\/rothschenk.de\/wp-content\/uploads\/2023\/11\/lastenverteilung-am-lkw-lasi-blog-sigurd-ehringer-rothschenk-ladungssicherung-8.jpg\" alt=\"\" class=\"wp-image-153689\" srcset=\"https:\/\/rothschenk.de\/wp-content\/uploads\/2023\/11\/lastenverteilung-am-lkw-lasi-blog-sigurd-ehringer-rothschenk-ladungssicherung-8.jpg 519w, https:\/\/rothschenk.de\/wp-content\/uploads\/2023\/11\/lastenverteilung-am-lkw-lasi-blog-sigurd-ehringer-rothschenk-ladungssicherung-8-300x138.jpg 300w\" sizes=\"(max-width: 519px) 100vw, 519px\" \/><\/figure>\n<\/div>\n<\/div>\n\n<figure class=\"wp-block-image aligncenter size-large\"><img loading=\"lazy\" decoding=\"async\" width=\"1024\" height=\"254\" src=\"https:\/\/rothschenk.de\/wp-content\/uploads\/2023\/11\/lastenverteilung-am-lkw-lasi-blog-sigurd-ehringer-rothschenk-ladungssicherung-9-1024x254.jpg\" alt=\"\" class=\"wp-image-153692\" srcset=\"https:\/\/rothschenk.de\/wp-content\/uploads\/2023\/11\/lastenverteilung-am-lkw-lasi-blog-sigurd-ehringer-rothschenk-ladungssicherung-9-1024x254.jpg 1024w, https:\/\/rothschenk.de\/wp-content\/uploads\/2023\/11\/lastenverteilung-am-lkw-lasi-blog-sigurd-ehringer-rothschenk-ladungssicherung-9-300x74.jpg 300w, https:\/\/rothschenk.de\/wp-content\/uploads\/2023\/11\/lastenverteilung-am-lkw-lasi-blog-sigurd-ehringer-rothschenk-ladungssicherung-9-768x190.jpg 768w, https:\/\/rothschenk.de\/wp-content\/uploads\/2023\/11\/lastenverteilung-am-lkw-lasi-blog-sigurd-ehringer-rothschenk-ladungssicherung-9-600x149.jpg 600w, https:\/\/rothschenk.de\/wp-content\/uploads\/2023\/11\/lastenverteilung-am-lkw-lasi-blog-sigurd-ehringer-rothschenk-ladungssicherung-9.jpg 1404w\" sizes=\"(max-width: 1024px) 100vw, 1024px\" \/><\/figure>\n\n<div style=\"height:35px\" aria-hidden=\"true\" class=\"wp-block-spacer\"><\/div>\n\n<p>W przypadku podobnych \u0142adunk\u00f3w, takich jak big-bagi, oktabiny, IBC lub palety z napojami, \u015brodek ci\u0119\u017cko\u015bci przesuwa si\u0119 dalej do ty\u0142u z ka\u017cdym rz\u0119dem \u0142adunk\u00f3w. Dok\u0142adna waga nie musi by\u0107 znana. <\/p>\n\n<p>Pod koniec za\u0142adunku kierowca i \u0142adowacz musz\u0105 wiedzie\u0107, czy po\u0142o\u017cenie \u015brodka ci\u0119\u017cko\u015bci (zielona strza\u0142ka) jest dopuszczalne, czy nie. Je\u015bli pozycja ta jest niedopuszczalna, konieczne b\u0119dzie prze\u0142adowanie, roz\u0142adowanie i ponowne za\u0142adowanie. <\/p>\n\n<div style=\"height:35px\" aria-hidden=\"true\" class=\"wp-block-spacer\"><\/div>\n\n<h3 class=\"wp-block-heading\">Matematyczne rozwi\u0105zanie studium przypadku<\/h3>\n\n<p>Oczywi\u015bcie problem mo\u017cna rozwi\u0105za\u0107 r\u00f3wnie\u017c matematycznie. Nie jest to trudne, ale to ci\u0119\u017cka praca. <\/p>\n\n<p>We\u017a wag\u0119 (w kg) pierwszego \u0142adunku i pomn\u00f3\u017c j\u0105 przez odleg\u0142o\u015b\u0107 (w m) mi\u0119dzy \u015brodkiem ci\u0119\u017cko\u015bci a \u015bcian\u0105 przedni\u0105. Je\u015bli jednostki \u0142adunkowe s\u0105 tego samego typu, mo\u017cna r\u00f3wnie\u017c u\u017cy\u0107 ca\u0142ego rz\u0119du \u0142adunk\u00f3w. <\/p>\n\n<p>Drugie obci\u0105\u017cenie, pomno\u017cone przez now\u0105 odleg\u0142o\u015b\u0107 \u015brodka ci\u0119\u017cko\u015bci, jest nast\u0119pnie dodawane do pierwszego wyniku i tak dalej, a\u017c do obliczenia wszystkich jednostek obci\u0105\u017cenia.<\/p>\n\n<p>Zsumowany wynik jest dzielony przez ca\u0142kowit\u0105 mas\u0119 \u0142adunku.<\/p>\n\n<p>Wynikiem jest odleg\u0142o\u015b\u0107 mi\u0119dzy ca\u0142kowitym \u015brodkiem ci\u0119\u017cko\u015bci \u0142adunku a \u015bcian\u0105 ko\u0144cow\u0105.<\/p>\n\n<p>W przypadku standardowej naczepy o maksymalnej \u0142adowno\u015bci odleg\u0142o\u015b\u0107 ta musi wynosi\u0107 od 6,80 do 7,2.<\/p>\n\n<div style=\"height:35px\" aria-hidden=\"true\" class=\"wp-block-spacer\"><\/div>\n\n<div class=\"wp-block-columns is-layout-flex wp-container-core-columns-is-layout-28f84493 wp-block-columns-is-layout-flex\">\n<div class=\"wp-block-column is-layout-flow wp-block-column-is-layout-flow\">\n<figure data-wp-context=\"{&quot;imageId&quot;:&quot;69f086ab450f8&quot;}\" data-wp-interactive=\"core\/image\" data-wp-key=\"69f086ab450f8\" class=\"wp-block-image size-full is-resized wp-lightbox-container\"><img loading=\"lazy\" decoding=\"async\" width=\"648\" height=\"550\" data-wp-class--hide=\"state.isContentHidden\" data-wp-class--show=\"state.isContentVisible\" data-wp-init=\"callbacks.setButtonStyles\" data-wp-on--click=\"actions.showLightbox\" data-wp-on--load=\"callbacks.setButtonStyles\" data-wp-on-window--resize=\"callbacks.setButtonStyles\" src=\"https:\/\/rothschenk.de\/wp-content\/uploads\/2023\/11\/lastenverteilung-am-lkw-lasi-blog-sigurd-ehringer-rothschenk-ladungssicherung-10.jpg\" alt=\"\" class=\"wp-image-153695\" style=\"aspect-ratio:4\/3;object-fit:contain;width:400px\" srcset=\"https:\/\/rothschenk.de\/wp-content\/uploads\/2023\/11\/lastenverteilung-am-lkw-lasi-blog-sigurd-ehringer-rothschenk-ladungssicherung-10.jpg 648w, https:\/\/rothschenk.de\/wp-content\/uploads\/2023\/11\/lastenverteilung-am-lkw-lasi-blog-sigurd-ehringer-rothschenk-ladungssicherung-10-300x255.jpg 300w, https:\/\/rothschenk.de\/wp-content\/uploads\/2023\/11\/lastenverteilung-am-lkw-lasi-blog-sigurd-ehringer-rothschenk-ladungssicherung-10-600x509.jpg 600w\" sizes=\"(max-width: 648px) 100vw, 648px\" \/><button\n\t\t\tclass=\"lightbox-trigger\"\n\t\t\ttype=\"button\"\n\t\t\taria-haspopup=\"dialog\"\n\t\t\taria-label=\"Powi\u0119ksz\"\n\t\t\tdata-wp-init=\"callbacks.initTriggerButton\"\n\t\t\tdata-wp-on--click=\"actions.showLightbox\"\n\t\t\tdata-wp-style--right=\"state.imageButtonRight\"\n\t\t\tdata-wp-style--top=\"state.imageButtonTop\"\n\t\t>\n\t\t\t<svg xmlns=\"http:\/\/www.w3.org\/2000\/svg\" width=\"12\" height=\"12\" fill=\"none\" viewBox=\"0 0 12 12\">\n\t\t\t\t<path fill=\"#fff\" d=\"M2 0a2 2 0 0 0-2 2v2h1.5V2a.5.5 0 0 1 .5-.5h2V0H2Zm2 10.5H2a.5.5 0 0 1-.5-.5V8H0v2a2 2 0 0 0 2 2h2v-1.5ZM8 12v-1.5h2a.5.5 0 0 0 .5-.5V8H12v2a2 2 0 0 1-2 2H8Zm2-12a2 2 0 0 1 2 2v2h-1.5V2a.5.5 0 0 0-.5-.5H8V0h2Z\" \/>\n\t\t\t<\/svg>\n\t\t<\/button><\/figure>\n<\/div>\n\n\n\n<div class=\"wp-block-column is-layout-flow wp-block-column-is-layout-flow\">\n<figure data-wp-context=\"{&quot;imageId&quot;:&quot;69f086ab45388&quot;}\" data-wp-interactive=\"core\/image\" data-wp-key=\"69f086ab45388\" class=\"wp-block-image size-full is-resized wp-lightbox-container\"><img loading=\"lazy\" decoding=\"async\" width=\"664\" height=\"604\" data-wp-class--hide=\"state.isContentHidden\" data-wp-class--show=\"state.isContentVisible\" data-wp-init=\"callbacks.setButtonStyles\" data-wp-on--click=\"actions.showLightbox\" data-wp-on--load=\"callbacks.setButtonStyles\" data-wp-on-window--resize=\"callbacks.setButtonStyles\" src=\"https:\/\/rothschenk.de\/wp-content\/uploads\/2023\/11\/lastenverteilung-am-lkw-lasi-blog-sigurd-ehringer-rothschenk-ladungssicherung-11.jpg\" alt=\"\" class=\"wp-image-153698\" style=\"aspect-ratio:4\/3;object-fit:contain;width:400px\" srcset=\"https:\/\/rothschenk.de\/wp-content\/uploads\/2023\/11\/lastenverteilung-am-lkw-lasi-blog-sigurd-ehringer-rothschenk-ladungssicherung-11.jpg 664w, https:\/\/rothschenk.de\/wp-content\/uploads\/2023\/11\/lastenverteilung-am-lkw-lasi-blog-sigurd-ehringer-rothschenk-ladungssicherung-11-300x273.jpg 300w, https:\/\/rothschenk.de\/wp-content\/uploads\/2023\/11\/lastenverteilung-am-lkw-lasi-blog-sigurd-ehringer-rothschenk-ladungssicherung-11-600x546.jpg 600w\" sizes=\"(max-width: 664px) 100vw, 664px\" \/><button\n\t\t\tclass=\"lightbox-trigger\"\n\t\t\ttype=\"button\"\n\t\t\taria-haspopup=\"dialog\"\n\t\t\taria-label=\"Powi\u0119ksz\"\n\t\t\tdata-wp-init=\"callbacks.initTriggerButton\"\n\t\t\tdata-wp-on--click=\"actions.showLightbox\"\n\t\t\tdata-wp-style--right=\"state.imageButtonRight\"\n\t\t\tdata-wp-style--top=\"state.imageButtonTop\"\n\t\t>\n\t\t\t<svg xmlns=\"http:\/\/www.w3.org\/2000\/svg\" width=\"12\" height=\"12\" fill=\"none\" viewBox=\"0 0 12 12\">\n\t\t\t\t<path fill=\"#fff\" d=\"M2 0a2 2 0 0 0-2 2v2h1.5V2a.5.5 0 0 1 .5-.5h2V0H2Zm2 10.5H2a.5.5 0 0 1-.5-.5V8H0v2a2 2 0 0 0 2 2h2v-1.5ZM8 12v-1.5h2a.5.5 0 0 0 .5-.5V8H12v2a2 2 0 0 1-2 2H8Zm2-12a2 2 0 0 1 2 2v2h-1.5V2a.5.5 0 0 0-.5-.5H8V0h2Z\" \/>\n\t\t\t<\/svg>\n\t\t<\/button><\/figure>\n<\/div>\n<\/div>\n\n<p>Ci z naszych czytelnik\u00f3w, kt\u00f3rzy s\u0105 w miar\u0119 zaznajomieni z programem Excel, mog\u0105 u\u0142atwi\u0107 sobie obliczenia. Mog\u0105 utworzy\u0107 tabel\u0119, kt\u00f3ra dostarczy im wynik po wprowadzeniu danych. <\/p>\n\n<div style=\"height:35px\" aria-hidden=\"true\" class=\"wp-block-spacer\"><\/div>\n\n<h2 class=\"wp-block-heading\">Wnioski<\/h2>\n\n<p>Dzi\u0119ki tej podstawowej wiedzy powinno by\u0107 mo\u017cliwe prawid\u0142owe rozmieszczenie \u0142adunk\u00f3w w takim stopniu, aby unikn\u0105\u0107 naruszenia bezpiecze\u0144stwa operacyjnego i ruchu drogowego.<\/p>\n\n<p>Nale\u017cy zawsze pami\u0119ta\u0107, \u017ce opr\u00f3cz wykroczenia administracyjnego mo\u017ce to r\u00f3wnie\u017c skutkowa\u0107 przest\u0119pstwem. Mianowicie, je\u015bli nieprawid\u0142owo za\u0142adowany pojazd spowoduje wypadek z obra\u017ceniami, ofiarami \u015bmiertelnymi lub powa\u017cnymi uszkodzeniami mienia. <\/p>\n\n<p>Wszyscy chcemy tego unikn\u0105\u0107, poniewa\u017c jako u\u017cytkownicy dr\u00f3g r\u00f3wnie\u017c mo\u017cemy ucierpie\u0107 w ka\u017cdej chwili.<\/p>\n\n<p>Z powa\u017caniem, Sigurd Ehringer<\/p>\n\n<div style=\"height:50px\" aria-hidden=\"true\" class=\"wp-block-spacer\"><\/div>\n\n<div class=\"wp-block-columns is-layout-flex wp-container-core-columns-is-layout-28f84493 wp-block-columns-is-layout-flex\">\n<div class=\"wp-block-column is-layout-flow wp-block-column-is-layout-flow\">\n<p>&lt;&lt;  Poprzedni artyku\u0142<br\/><a href=\"https:\/\/rothschenk.de\/pl\/odcinek-36-code-xl-obciazenie-sciany-koncowej-co-nalezy-wziac-pod-uwage\/folge-36-code-xl-belastung-der-stirnwand-was-ist-zu-beachten-2\/\">Odcinek 36: Code XL &#8211; Obci\u0105\u017cenie na przedniej \u015bcianie &#8211; co nale\u017cy wzi\u0105\u0107 pod uwag\u0119?<\/a><\/p>\n<\/div>\n\n\n\n<div class=\"wp-block-column is-layout-flow wp-block-column-is-layout-flow\">\n<p class=\"has-text-align-right\">Do nast\u0119pnego postu  &gt;&gt; <br\/><a href=\"https:\/\/rothschenk.de\/pl\/odcinek-38-jak-dziala-mata-antyposlizgowa-czesc-1-zasada-dzialania\/\">Odcinek 38: Jak dzia\u0142a mata antypo\u015blizgowa? &#8211; Cz\u0119\u015b\u0107 1: Zasada dzia\u0142ania <\/a><\/p>\n<\/div>\n<\/div>\n\n<div class=\"wp-block-columns alignfull are-vertically-aligned-center has-background is-layout-flex wp-container-core-columns-is-layout-28f84493 wp-block-columns-is-layout-flex\" style=\"background-color:#516062\">\n<div class=\"wp-block-column blog_autor_zusatz is-layout-flow wp-block-column-is-layout-flow\" style=\"flex-basis:10vw\"><\/div>\n\n\n\n<div class=\"wp-block-column is-vertically-aligned-center is-layout-flow wp-block-column-is-layout-flow\" style=\"flex-basis:20%\">\n<figure class=\"wp-block-image aligncenter size-large is-resized is-style-rounded\"><img loading=\"lazy\" decoding=\"async\" width=\"1024\" height=\"1024\" src=\"https:\/\/rothschenk.de\/wp-content\/uploads\/2024\/02\/sigurd-ehringer-ladungssicherung-ausbilder-und-berater-1024x1024.jpg\" alt=\"\" class=\"wp-image-143199\" style=\"width:150px\" srcset=\"https:\/\/rothschenk.de\/wp-content\/uploads\/2024\/02\/sigurd-ehringer-ladungssicherung-ausbilder-und-berater-1024x1024.jpg 1024w, https:\/\/rothschenk.de\/wp-content\/uploads\/2024\/02\/sigurd-ehringer-ladungssicherung-ausbilder-und-berater-300x300.jpg 300w, https:\/\/rothschenk.de\/wp-content\/uploads\/2024\/02\/sigurd-ehringer-ladungssicherung-ausbilder-und-berater-150x150.jpg 150w, https:\/\/rothschenk.de\/wp-content\/uploads\/2024\/02\/sigurd-ehringer-ladungssicherung-ausbilder-und-berater-768x767.jpg 768w, https:\/\/rothschenk.de\/wp-content\/uploads\/2024\/02\/sigurd-ehringer-ladungssicherung-ausbilder-und-berater-600x600.jpg 600w, https:\/\/rothschenk.de\/wp-content\/uploads\/2024\/02\/sigurd-ehringer-ladungssicherung-ausbilder-und-berater-100x100.jpg 100w, https:\/\/rothschenk.de\/wp-content\/uploads\/2024\/02\/sigurd-ehringer-ladungssicherung-ausbilder-und-berater.jpg 1500w\" sizes=\"(max-width: 1024px) 100vw, 1024px\" \/><\/figure>\n<\/div>\n\n\n\n<div class=\"wp-block-column is-vertically-aligned-center is-layout-flow wp-block-column-is-layout-flow\"><div class=\"wp-block-post-author\"><div class=\"wp-block-post-author__content\"><p class=\"wp-block-post-author__name\">Sigurd Ehringer<\/p><p class=\"wp-block-post-author__bio\">\u2714 VDI-zertifizierter Ausbilder f\u00fcr Ladungssicherung\r\n\u2714 Fachbuch-Autor\r\n\u2714 8 Jahre Projektmanager\r\n\u2714 12 Jahre bei der Bundeswehr (Kompaniechef)\r\n\u2714 20 Jahre Vertriebserfahrung\r\n\u2714 seit 1996 Berater\/Ausbilder in der Logistik\r\n\u2714 44 Jahre Ausbilder\/Trainer in verschiedenen Bereichen &#8212;&gt;\r\n\r\nIn einer Reihe von Fachbeitr\u00e4gen aus der Praxis, zu Themen rund um den Container und LKW, erhalten Sie Profiwissen aus erster Hand. Wie sichert man Ladung korrekt und was sind die Grundlagen der Ladungssicherung?\r\nErarbeitet und vorgestellt werden sie von Sigurd Ehringer, Inhaber von <a href=\"http:\/\/www.se-logcon.de\/\">SE-LogCon<\/a>.<\/p><\/div><\/div><\/div>\n\n\n\n<div class=\"wp-block-column blog_autor_zusatz is-layout-flow wp-block-column-is-layout-flow\" style=\"flex-basis:10vw\"><\/div>\n<\/div>\n","protected":false},"excerpt":{"rendered":"<p>Rozk\u0142ad \u0142adunku na ci\u0119\u017car\u00f3wkach wielokrotnie stawia zar\u00f3wno kierowc\u00f3w, jak i za\u0142adowc\u00f3w przed powa\u017cnymi wyzwaniami, do kt\u00f3rych cz\u0119sto podchodzi si\u0119 z &#8222;po\u0142owiczn\u0105 wiedz\u0105&#8221;. Pod warunkiem, \u017ce posiada si\u0119 podstawow\u0105 wiedz\u0119 z zakresu fizyki, problem ten mo\u017cna do\u015b\u0107 \u0142atwo rozwi\u0105za\u0107. Wizualizacja rozk\u0142adu obci\u0105\u017cenia Najprostszym podej\u015bciem jest wyobra\u017cenie sobie, \u017ce ci\u0119\u017car\u00f3wka stoi ze swoimi osiami na wadze. Je\u015bli [&hellip;]<\/p>\n","protected":false},"author":1536,"featured_media":681239,"comment_status":"open","ping_status":"closed","sticky":false,"template":"","format":"standard","meta":{"_acf_changed":false,"footnotes":""},"categories":[893,895,908],"tags":[],"class_list":["post-681225","post","type-post","status-publish","format-standard","has-post-thumbnail","hentry","category-blog-cargo","category-fizyczny","category-lorry-pl"],"acf":[],"yoast_head":"<!-- This site is optimized with the Yoast SEO plugin v27.4 - https:\/\/yoast.com\/product\/yoast-seo-wordpress\/ -->\n<title>Rozk\u0142ad obci\u0105\u017cenia na ci\u0119\u017car\u00f3wkach | Obliczenia | Przyk\u0142ady - Rothschenk<\/title>\n<meta name=\"description\" content=\"Jakie obci\u0105\u017cenia powstaj\u0105? Co nale\u017cy wzi\u0105\u0107 pod uwag\u0119 podczas \u0142adowania? Kod XL \u2714 Cz\u0119ste b\u0142\u0119dy \u2714 Uszkodzenia \u2714 Praktyczne przyk\u0142ady + rozwi\u0105zania\" \/>\n<meta name=\"robots\" content=\"index, follow, max-snippet:-1, max-image-preview:large, max-video-preview:-1\" \/>\n<link rel=\"canonical\" href=\"https:\/\/rothschenk.de\/pl\/odcinek-37-rozklad-obciazenia-na-ciezarowkach-jak-prawidlowo-obliczyc-wartosci\/\" \/>\n<meta property=\"og:locale\" content=\"pl_PL\" \/>\n<meta property=\"og:type\" content=\"article\" \/>\n<meta property=\"og:title\" content=\"Rozk\u0142ad obci\u0105\u017cenia na ci\u0119\u017car\u00f3wkach | Obliczenia | Przyk\u0142ady - Rothschenk\" \/>\n<meta property=\"og:description\" content=\"Jakie obci\u0105\u017cenia powstaj\u0105? Co nale\u017cy wzi\u0105\u0107 pod uwag\u0119 podczas \u0142adowania? Kod XL \u2714 Cz\u0119ste b\u0142\u0119dy \u2714 Uszkodzenia \u2714 Praktyczne przyk\u0142ady + rozwi\u0105zania\" \/>\n<meta property=\"og:url\" content=\"https:\/\/rothschenk.de\/pl\/odcinek-37-rozklad-obciazenia-na-ciezarowkach-jak-prawidlowo-obliczyc-wartosci\/\" \/>\n<meta property=\"og:site_name\" content=\"Rothschenk\" \/>\n<meta property=\"article:publisher\" content=\"https:\/\/de-de.facebook.com\/FirmaRothschenk\/\" \/>\n<meta property=\"article:published_time\" content=\"2023-11-06T13:15:49+00:00\" \/>\n<meta property=\"article:modified_time\" content=\"2025-06-30T15:04:28+00:00\" \/>\n<meta property=\"og:image\" content=\"https:\/\/rothschenk.de\/wp-content\/uploads\/2024\/03\/folge-37-lastverteilung-am-lkw-wie-berechnet-man-die-werte-richtig.jpg\" \/>\n\t<meta property=\"og:image:width\" content=\"1920\" \/>\n\t<meta property=\"og:image:height\" content=\"1078\" \/>\n\t<meta property=\"og:image:type\" content=\"image\/jpeg\" \/>\n<meta name=\"author\" content=\"Sigurd Ehringer\" \/>\n<meta name=\"twitter:card\" content=\"summary_large_image\" \/>\n<meta name=\"twitter:label1\" content=\"Napisane przez\" \/>\n\t<meta name=\"twitter:data1\" content=\"Sigurd Ehringer\" \/>\n\t<meta name=\"twitter:label2\" content=\"Szacowany czas czytania\" \/>\n\t<meta name=\"twitter:data2\" content=\"5 minut\" \/>\n<script type=\"application\/ld+json\" class=\"yoast-schema-graph\">{\"@context\":\"https:\\\/\\\/schema.org\",\"@graph\":[{\"@type\":\"Article\",\"@id\":\"https:\\\/\\\/rothschenk.de\\\/pl\\\/odcinek-37-rozklad-obciazenia-na-ciezarowkach-jak-prawidlowo-obliczyc-wartosci\\\/#article\",\"isPartOf\":{\"@id\":\"https:\\\/\\\/rothschenk.de\\\/pl\\\/odcinek-37-rozklad-obciazenia-na-ciezarowkach-jak-prawidlowo-obliczyc-wartosci\\\/\"},\"author\":{\"name\":\"Sigurd Ehringer\",\"@id\":\"https:\\\/\\\/rothschenk.de\\\/pl\\\/#\\\/schema\\\/person\\\/8878c3ce4ac9607e11b12c500ead07e8\"},\"headline\":\"Odcinek 37: Rozk\u0142ad obci\u0105\u017cenia na ci\u0119\u017car\u00f3wkach &#8211; Jak prawid\u0142owo obliczy\u0107 warto\u015bci?\",\"datePublished\":\"2023-11-06T13:15:49+00:00\",\"dateModified\":\"2025-06-30T15:04:28+00:00\",\"mainEntityOfPage\":{\"@id\":\"https:\\\/\\\/rothschenk.de\\\/pl\\\/odcinek-37-rozklad-obciazenia-na-ciezarowkach-jak-prawidlowo-obliczyc-wartosci\\\/\"},\"wordCount\":995,\"commentCount\":0,\"image\":{\"@id\":\"https:\\\/\\\/rothschenk.de\\\/pl\\\/odcinek-37-rozklad-obciazenia-na-ciezarowkach-jak-prawidlowo-obliczyc-wartosci\\\/#primaryimage\"},\"thumbnailUrl\":\"https:\\\/\\\/rothschenk.de\\\/wp-content\\\/uploads\\\/2024\\\/03\\\/folge-37-lastverteilung-am-lkw-wie-berechnet-man-die-werte-richtig.jpg\",\"articleSection\":[\"Blog Cargo\",\"Fizyczny\",\"LORRY\"],\"inLanguage\":\"pl-PL\",\"potentialAction\":[{\"@type\":\"CommentAction\",\"name\":\"Comment\",\"target\":[\"https:\\\/\\\/rothschenk.de\\\/pl\\\/odcinek-37-rozklad-obciazenia-na-ciezarowkach-jak-prawidlowo-obliczyc-wartosci\\\/#respond\"]}]},{\"@type\":\"WebPage\",\"@id\":\"https:\\\/\\\/rothschenk.de\\\/pl\\\/odcinek-37-rozklad-obciazenia-na-ciezarowkach-jak-prawidlowo-obliczyc-wartosci\\\/\",\"url\":\"https:\\\/\\\/rothschenk.de\\\/pl\\\/odcinek-37-rozklad-obciazenia-na-ciezarowkach-jak-prawidlowo-obliczyc-wartosci\\\/\",\"name\":\"Rozk\u0142ad obci\u0105\u017cenia na ci\u0119\u017car\u00f3wkach | Obliczenia | Przyk\u0142ady - Rothschenk\",\"isPartOf\":{\"@id\":\"https:\\\/\\\/rothschenk.de\\\/pl\\\/#website\"},\"primaryImageOfPage\":{\"@id\":\"https:\\\/\\\/rothschenk.de\\\/pl\\\/odcinek-37-rozklad-obciazenia-na-ciezarowkach-jak-prawidlowo-obliczyc-wartosci\\\/#primaryimage\"},\"image\":{\"@id\":\"https:\\\/\\\/rothschenk.de\\\/pl\\\/odcinek-37-rozklad-obciazenia-na-ciezarowkach-jak-prawidlowo-obliczyc-wartosci\\\/#primaryimage\"},\"thumbnailUrl\":\"https:\\\/\\\/rothschenk.de\\\/wp-content\\\/uploads\\\/2024\\\/03\\\/folge-37-lastverteilung-am-lkw-wie-berechnet-man-die-werte-richtig.jpg\",\"datePublished\":\"2023-11-06T13:15:49+00:00\",\"dateModified\":\"2025-06-30T15:04:28+00:00\",\"author\":{\"@id\":\"https:\\\/\\\/rothschenk.de\\\/pl\\\/#\\\/schema\\\/person\\\/8878c3ce4ac9607e11b12c500ead07e8\"},\"description\":\"Jakie obci\u0105\u017cenia powstaj\u0105? Co nale\u017cy wzi\u0105\u0107 pod uwag\u0119 podczas \u0142adowania? Kod XL \u2714 Cz\u0119ste b\u0142\u0119dy \u2714 Uszkodzenia \u2714 Praktyczne przyk\u0142ady + rozwi\u0105zania\",\"breadcrumb\":{\"@id\":\"https:\\\/\\\/rothschenk.de\\\/pl\\\/odcinek-37-rozklad-obciazenia-na-ciezarowkach-jak-prawidlowo-obliczyc-wartosci\\\/#breadcrumb\"},\"inLanguage\":\"pl-PL\",\"potentialAction\":[{\"@type\":\"ReadAction\",\"target\":[\"https:\\\/\\\/rothschenk.de\\\/pl\\\/odcinek-37-rozklad-obciazenia-na-ciezarowkach-jak-prawidlowo-obliczyc-wartosci\\\/\"]}]},{\"@type\":\"ImageObject\",\"inLanguage\":\"pl-PL\",\"@id\":\"https:\\\/\\\/rothschenk.de\\\/pl\\\/odcinek-37-rozklad-obciazenia-na-ciezarowkach-jak-prawidlowo-obliczyc-wartosci\\\/#primaryimage\",\"url\":\"https:\\\/\\\/rothschenk.de\\\/wp-content\\\/uploads\\\/2024\\\/03\\\/folge-37-lastverteilung-am-lkw-wie-berechnet-man-die-werte-richtig.jpg\",\"contentUrl\":\"https:\\\/\\\/rothschenk.de\\\/wp-content\\\/uploads\\\/2024\\\/03\\\/folge-37-lastverteilung-am-lkw-wie-berechnet-man-die-werte-richtig.jpg\",\"width\":1920,\"height\":1078},{\"@type\":\"BreadcrumbList\",\"@id\":\"https:\\\/\\\/rothschenk.de\\\/pl\\\/odcinek-37-rozklad-obciazenia-na-ciezarowkach-jak-prawidlowo-obliczyc-wartosci\\\/#breadcrumb\",\"itemListElement\":[{\"@type\":\"ListItem\",\"position\":1,\"name\":\"Strona g\u0142\u00f3wna\",\"item\":\"https:\\\/\\\/rothschenk.de\\\/pl\\\/strona-glowna\\\/\"},{\"@type\":\"ListItem\",\"position\":2,\"name\":\"Odcinek 37: Rozk\u0142ad obci\u0105\u017cenia na ci\u0119\u017car\u00f3wkach &#8211; Jak prawid\u0142owo obliczy\u0107 warto\u015bci?\"}]},{\"@type\":\"WebSite\",\"@id\":\"https:\\\/\\\/rothschenk.de\\\/pl\\\/#website\",\"url\":\"https:\\\/\\\/rothschenk.de\\\/pl\\\/\",\"name\":\"Rothschenk - Der Online Shop f\u00fcr Ladungssicherung\",\"description\":\"Der Online Shop f\u00fcr Ladungssicherung\",\"potentialAction\":[{\"@type\":\"SearchAction\",\"target\":{\"@type\":\"EntryPoint\",\"urlTemplate\":\"https:\\\/\\\/rothschenk.de\\\/pl\\\/?s={search_term_string}\"},\"query-input\":{\"@type\":\"PropertyValueSpecification\",\"valueRequired\":true,\"valueName\":\"search_term_string\"}}],\"inLanguage\":\"pl-PL\"},{\"@type\":\"Person\",\"@id\":\"https:\\\/\\\/rothschenk.de\\\/pl\\\/#\\\/schema\\\/person\\\/8878c3ce4ac9607e11b12c500ead07e8\",\"name\":\"Sigurd Ehringer\",\"image\":{\"@type\":\"ImageObject\",\"inLanguage\":\"pl-PL\",\"@id\":\"https:\\\/\\\/rothschenk.de\\\/wp-content\\\/uploads\\\/2024\\\/02\\\/sigurd-ehringer-ladungssicherung-ausbilder-und-berater-96x96.jpg\",\"url\":\"https:\\\/\\\/rothschenk.de\\\/wp-content\\\/uploads\\\/2024\\\/02\\\/sigurd-ehringer-ladungssicherung-ausbilder-und-berater-96x96.jpg\",\"contentUrl\":\"https:\\\/\\\/rothschenk.de\\\/wp-content\\\/uploads\\\/2024\\\/02\\\/sigurd-ehringer-ladungssicherung-ausbilder-und-berater-96x96.jpg\",\"caption\":\"Sigurd Ehringer\"},\"description\":\"\u2714 VDI-zertifizierter Ausbilder f\u00fcr Ladungssicherung \u2714 Fachbuch-Autor \u2714 8 Jahre Projektmanager \u2714 12 Jahre bei der Bundeswehr (Kompaniechef) \u2714 20 Jahre Vertriebserfahrung \u2714 seit 1996 Berater\\\/Ausbilder in der Logistik \u2714 44 Jahre Ausbilder\\\/Trainer in verschiedenen Bereichen ---&gt; In einer Reihe von Fachbeitr\u00e4gen aus der Praxis, zu Themen rund um den Container und LKW, erhalten Sie Profiwissen aus erster Hand. Wie sichert man Ladung korrekt und was sind die Grundlagen der Ladungssicherung? Erarbeitet und vorgestellt werden sie von Sigurd Ehringer, Inhaber von SE-LogCon.\",\"url\":\"https:\\\/\\\/rothschenk.de\\\/pl\\\/author\\\/sigurd-ehringer\\\/\"}]}<\/script>\n<!-- \/ Yoast SEO plugin. -->","yoast_head_json":{"title":"Rozk\u0142ad obci\u0105\u017cenia na ci\u0119\u017car\u00f3wkach | Obliczenia | Przyk\u0142ady - Rothschenk","description":"Jakie obci\u0105\u017cenia powstaj\u0105? Co nale\u017cy wzi\u0105\u0107 pod uwag\u0119 podczas \u0142adowania? Kod XL \u2714 Cz\u0119ste b\u0142\u0119dy \u2714 Uszkodzenia \u2714 Praktyczne przyk\u0142ady + rozwi\u0105zania","robots":{"index":"index","follow":"follow","max-snippet":"max-snippet:-1","max-image-preview":"max-image-preview:large","max-video-preview":"max-video-preview:-1"},"canonical":"https:\/\/rothschenk.de\/pl\/odcinek-37-rozklad-obciazenia-na-ciezarowkach-jak-prawidlowo-obliczyc-wartosci\/","og_locale":"pl_PL","og_type":"article","og_title":"Rozk\u0142ad obci\u0105\u017cenia na ci\u0119\u017car\u00f3wkach | Obliczenia | Przyk\u0142ady - Rothschenk","og_description":"Jakie obci\u0105\u017cenia powstaj\u0105? Co nale\u017cy wzi\u0105\u0107 pod uwag\u0119 podczas \u0142adowania? Kod XL \u2714 Cz\u0119ste b\u0142\u0119dy \u2714 Uszkodzenia \u2714 Praktyczne przyk\u0142ady + rozwi\u0105zania","og_url":"https:\/\/rothschenk.de\/pl\/odcinek-37-rozklad-obciazenia-na-ciezarowkach-jak-prawidlowo-obliczyc-wartosci\/","og_site_name":"Rothschenk","article_publisher":"https:\/\/de-de.facebook.com\/FirmaRothschenk\/","article_published_time":"2023-11-06T13:15:49+00:00","article_modified_time":"2025-06-30T15:04:28+00:00","og_image":[{"width":1920,"height":1078,"url":"https:\/\/rothschenk.de\/wp-content\/uploads\/2024\/03\/folge-37-lastverteilung-am-lkw-wie-berechnet-man-die-werte-richtig.jpg","type":"image\/jpeg"}],"author":"Sigurd Ehringer","twitter_card":"summary_large_image","twitter_misc":{"Napisane przez":"Sigurd Ehringer","Szacowany czas czytania":"5 minut"},"schema":{"@context":"https:\/\/schema.org","@graph":[{"@type":"Article","@id":"https:\/\/rothschenk.de\/pl\/odcinek-37-rozklad-obciazenia-na-ciezarowkach-jak-prawidlowo-obliczyc-wartosci\/#article","isPartOf":{"@id":"https:\/\/rothschenk.de\/pl\/odcinek-37-rozklad-obciazenia-na-ciezarowkach-jak-prawidlowo-obliczyc-wartosci\/"},"author":{"name":"Sigurd Ehringer","@id":"https:\/\/rothschenk.de\/pl\/#\/schema\/person\/8878c3ce4ac9607e11b12c500ead07e8"},"headline":"Odcinek 37: Rozk\u0142ad obci\u0105\u017cenia na ci\u0119\u017car\u00f3wkach &#8211; Jak prawid\u0142owo obliczy\u0107 warto\u015bci?","datePublished":"2023-11-06T13:15:49+00:00","dateModified":"2025-06-30T15:04:28+00:00","mainEntityOfPage":{"@id":"https:\/\/rothschenk.de\/pl\/odcinek-37-rozklad-obciazenia-na-ciezarowkach-jak-prawidlowo-obliczyc-wartosci\/"},"wordCount":995,"commentCount":0,"image":{"@id":"https:\/\/rothschenk.de\/pl\/odcinek-37-rozklad-obciazenia-na-ciezarowkach-jak-prawidlowo-obliczyc-wartosci\/#primaryimage"},"thumbnailUrl":"https:\/\/rothschenk.de\/wp-content\/uploads\/2024\/03\/folge-37-lastverteilung-am-lkw-wie-berechnet-man-die-werte-richtig.jpg","articleSection":["Blog Cargo","Fizyczny","LORRY"],"inLanguage":"pl-PL","potentialAction":[{"@type":"CommentAction","name":"Comment","target":["https:\/\/rothschenk.de\/pl\/odcinek-37-rozklad-obciazenia-na-ciezarowkach-jak-prawidlowo-obliczyc-wartosci\/#respond"]}]},{"@type":"WebPage","@id":"https:\/\/rothschenk.de\/pl\/odcinek-37-rozklad-obciazenia-na-ciezarowkach-jak-prawidlowo-obliczyc-wartosci\/","url":"https:\/\/rothschenk.de\/pl\/odcinek-37-rozklad-obciazenia-na-ciezarowkach-jak-prawidlowo-obliczyc-wartosci\/","name":"Rozk\u0142ad obci\u0105\u017cenia na ci\u0119\u017car\u00f3wkach | Obliczenia | Przyk\u0142ady - Rothschenk","isPartOf":{"@id":"https:\/\/rothschenk.de\/pl\/#website"},"primaryImageOfPage":{"@id":"https:\/\/rothschenk.de\/pl\/odcinek-37-rozklad-obciazenia-na-ciezarowkach-jak-prawidlowo-obliczyc-wartosci\/#primaryimage"},"image":{"@id":"https:\/\/rothschenk.de\/pl\/odcinek-37-rozklad-obciazenia-na-ciezarowkach-jak-prawidlowo-obliczyc-wartosci\/#primaryimage"},"thumbnailUrl":"https:\/\/rothschenk.de\/wp-content\/uploads\/2024\/03\/folge-37-lastverteilung-am-lkw-wie-berechnet-man-die-werte-richtig.jpg","datePublished":"2023-11-06T13:15:49+00:00","dateModified":"2025-06-30T15:04:28+00:00","author":{"@id":"https:\/\/rothschenk.de\/pl\/#\/schema\/person\/8878c3ce4ac9607e11b12c500ead07e8"},"description":"Jakie obci\u0105\u017cenia powstaj\u0105? Co nale\u017cy wzi\u0105\u0107 pod uwag\u0119 podczas \u0142adowania? Kod XL \u2714 Cz\u0119ste b\u0142\u0119dy \u2714 Uszkodzenia \u2714 Praktyczne przyk\u0142ady + rozwi\u0105zania","breadcrumb":{"@id":"https:\/\/rothschenk.de\/pl\/odcinek-37-rozklad-obciazenia-na-ciezarowkach-jak-prawidlowo-obliczyc-wartosci\/#breadcrumb"},"inLanguage":"pl-PL","potentialAction":[{"@type":"ReadAction","target":["https:\/\/rothschenk.de\/pl\/odcinek-37-rozklad-obciazenia-na-ciezarowkach-jak-prawidlowo-obliczyc-wartosci\/"]}]},{"@type":"ImageObject","inLanguage":"pl-PL","@id":"https:\/\/rothschenk.de\/pl\/odcinek-37-rozklad-obciazenia-na-ciezarowkach-jak-prawidlowo-obliczyc-wartosci\/#primaryimage","url":"https:\/\/rothschenk.de\/wp-content\/uploads\/2024\/03\/folge-37-lastverteilung-am-lkw-wie-berechnet-man-die-werte-richtig.jpg","contentUrl":"https:\/\/rothschenk.de\/wp-content\/uploads\/2024\/03\/folge-37-lastverteilung-am-lkw-wie-berechnet-man-die-werte-richtig.jpg","width":1920,"height":1078},{"@type":"BreadcrumbList","@id":"https:\/\/rothschenk.de\/pl\/odcinek-37-rozklad-obciazenia-na-ciezarowkach-jak-prawidlowo-obliczyc-wartosci\/#breadcrumb","itemListElement":[{"@type":"ListItem","position":1,"name":"Strona g\u0142\u00f3wna","item":"https:\/\/rothschenk.de\/pl\/strona-glowna\/"},{"@type":"ListItem","position":2,"name":"Odcinek 37: Rozk\u0142ad obci\u0105\u017cenia na ci\u0119\u017car\u00f3wkach &#8211; Jak prawid\u0142owo obliczy\u0107 warto\u015bci?"}]},{"@type":"WebSite","@id":"https:\/\/rothschenk.de\/pl\/#website","url":"https:\/\/rothschenk.de\/pl\/","name":"Rothschenk - Der Online Shop f\u00fcr Ladungssicherung","description":"Der Online Shop f\u00fcr Ladungssicherung","potentialAction":[{"@type":"SearchAction","target":{"@type":"EntryPoint","urlTemplate":"https:\/\/rothschenk.de\/pl\/?s={search_term_string}"},"query-input":{"@type":"PropertyValueSpecification","valueRequired":true,"valueName":"search_term_string"}}],"inLanguage":"pl-PL"},{"@type":"Person","@id":"https:\/\/rothschenk.de\/pl\/#\/schema\/person\/8878c3ce4ac9607e11b12c500ead07e8","name":"Sigurd Ehringer","image":{"@type":"ImageObject","inLanguage":"pl-PL","@id":"https:\/\/rothschenk.de\/wp-content\/uploads\/2024\/02\/sigurd-ehringer-ladungssicherung-ausbilder-und-berater-96x96.jpg","url":"https:\/\/rothschenk.de\/wp-content\/uploads\/2024\/02\/sigurd-ehringer-ladungssicherung-ausbilder-und-berater-96x96.jpg","contentUrl":"https:\/\/rothschenk.de\/wp-content\/uploads\/2024\/02\/sigurd-ehringer-ladungssicherung-ausbilder-und-berater-96x96.jpg","caption":"Sigurd Ehringer"},"description":"\u2714 VDI-zertifizierter Ausbilder f\u00fcr Ladungssicherung \u2714 Fachbuch-Autor \u2714 8 Jahre Projektmanager \u2714 12 Jahre bei der Bundeswehr (Kompaniechef) \u2714 20 Jahre Vertriebserfahrung \u2714 seit 1996 Berater\/Ausbilder in der Logistik \u2714 44 Jahre Ausbilder\/Trainer in verschiedenen Bereichen ---&gt; In einer Reihe von Fachbeitr\u00e4gen aus der Praxis, zu Themen rund um den Container und LKW, erhalten Sie Profiwissen aus erster Hand. Wie sichert man Ladung korrekt und was sind die Grundlagen der Ladungssicherung? Erarbeitet und vorgestellt werden sie von Sigurd Ehringer, Inhaber von SE-LogCon.","url":"https:\/\/rothschenk.de\/pl\/author\/sigurd-ehringer\/"}]}},"_links":{"self":[{"href":"https:\/\/rothschenk.de\/pl\/wp-json\/wp\/v2\/posts\/681225","targetHints":{"allow":["GET"]}}],"collection":[{"href":"https:\/\/rothschenk.de\/pl\/wp-json\/wp\/v2\/posts"}],"about":[{"href":"https:\/\/rothschenk.de\/pl\/wp-json\/wp\/v2\/types\/post"}],"author":[{"embeddable":true,"href":"https:\/\/rothschenk.de\/pl\/wp-json\/wp\/v2\/users\/1536"}],"replies":[{"embeddable":true,"href":"https:\/\/rothschenk.de\/pl\/wp-json\/wp\/v2\/comments?post=681225"}],"version-history":[{"count":1,"href":"https:\/\/rothschenk.de\/pl\/wp-json\/wp\/v2\/posts\/681225\/revisions"}],"predecessor-version":[{"id":681241,"href":"https:\/\/rothschenk.de\/pl\/wp-json\/wp\/v2\/posts\/681225\/revisions\/681241"}],"wp:featuredmedia":[{"embeddable":true,"href":"https:\/\/rothschenk.de\/pl\/wp-json\/wp\/v2\/media\/681239"}],"wp:attachment":[{"href":"https:\/\/rothschenk.de\/pl\/wp-json\/wp\/v2\/media?parent=681225"}],"wp:term":[{"taxonomy":"category","embeddable":true,"href":"https:\/\/rothschenk.de\/pl\/wp-json\/wp\/v2\/categories?post=681225"},{"taxonomy":"post_tag","embeddable":true,"href":"https:\/\/rothschenk.de\/pl\/wp-json\/wp\/v2\/tags?post=681225"}],"curies":[{"name":"wp","href":"https:\/\/api.w.org\/{rel}","templated":true}]}}