{"id":681267,"date":"2015-10-02T14:05:34","date_gmt":"2015-10-02T12:05:34","guid":{"rendered":"https:\/\/rothschenk.de\/fachpack-norymberga-wyjatkowe-chwile-red-line-rekord\/"},"modified":"2025-06-30T17:05:54","modified_gmt":"2025-06-30T15:05:54","slug":"fachpack-norymberga-wyjatkowe-chwile-red-line-rekord","status":"publish","type":"post","link":"https:\/\/rothschenk.de\/pl\/fachpack-norymberga-wyjatkowe-chwile-red-line-rekord\/","title":{"rendered":"Fachpack Norymberga: wyj\u0105tkowe chwile, RED LINE, rekord!"},"content":{"rendered":"\n<p>Rothschenk jest regularnym wystawc\u0105 na targach FACHPACK w Norymberdze od ponad dekady. Po raz kolejny w tym roku europejskie targi opakowa\u0144, technologii, wyko\u0144czenia i logistyki by\u0142y w stanie spe\u0142ni\u0107 oczekiwania wszystkich zaanga\u017cowanych stron. Je\u015bli nie je przekroczy\u0107: ponad <strong>43 000 odwiedzaj\u0105cych<\/strong> przyby\u0142o na stoiska <strong>1565 wystawc\u00f3w<\/strong>&#8211; to <strong>rekord<\/strong>! Nie by\u0142 to jednak jedyny pow\u00f3d, dla kt\u00f3rego dni sp\u0119dzone w Norymberdze by\u0142y dla Rothschenk <strong>szczeg\u00f3lnym wydarzeniem<\/strong>. Pierwsza prezentacja naszej nowej linii produkt\u00f3w worki sztauerskie <strong>RED LINE<\/strong> przed du\u017c\u0105 publiczno\u015bci\u0105 by\u0142a niecierpliwie oczekiwana. I to by\u0142 sukces. <strong>Stoisko<\/strong> w hali 7a, <strong>kt\u00f3re cieszy\u0142o<\/strong> si\u0119 <strong>du\u017cym zainteresowaniem<\/strong> przez wszystkie trzy dni, oraz <strong>du\u017cy popyt<\/strong> pokazuj\u0105, \u017ce <strong>RED LINE <\/strong>mo\u017ce by\u0107 prze\u0142omowym produktem Rothschenk w segmencie worki sztauerskie. Produkt, kt\u00f3ry jest dost\u0119pny <strong>od<\/strong> r\u0119ki we wszystkich <strong>standardowych rozmiarach<\/strong>, spe\u0142nia wymagania <strong>wytycznych AAR<\/strong> obowi\u0105zuj\u0105cych w USA. Wi\u0119cej informacji na temat <a href=\"https:\/\/www.rothschenk.de\/?p=120\" target=\"_blank\" rel=\"noreferrer noopener\"><strong>RED<\/strong><\/a> LINE mo\u017cna znale\u017a\u0107 tutaj.       <\/p>\n\n<p><strong>Gisela Rothschenk<\/strong> by\u0142a r\u00f3wnie\u017c obecna na stoisku targowym w Norymberdze. <strong>Pionierka w dziedzinie zabezpieczania \u0142adunk\u00f3w<\/strong>, kt\u00f3ra cieszy si\u0119 ogromn\u0105 popularno\u015bci\u0105 w\u015br\u00f3d klient\u00f3w i pracownik\u00f3w, przez d\u0142ugi czas szuka\u0142a odpowiedniego nast\u0119pcy do zarz\u0105dzania rodzinn\u0105 firm\u0105. W lipcu w ko\u0144cu znalaz\u0142a to, czego szuka\u0142a. Gisela wykorzysta\u0142a dni Fachpack, aby osobi\u015bcie po\u017cegna\u0107 si\u0119 ze swoimi klientami, kt\u00f3rzy przez lata stali si\u0119 jej przyjaci\u00f3\u0142mi.   <\/p>\n\n<div style=\"height:35px\" aria-hidden=\"true\" class=\"wp-block-spacer\"><\/div>\n\n<figure class=\"wp-block-gallery has-nested-images columns-default is-cropped wp-block-gallery-1 is-layout-flex wp-block-gallery-is-layout-flex\">\n<figure class=\"wp-block-image size-large\"><img fetchpriority=\"high\" decoding=\"async\" width=\"1024\" height=\"683\" data-id=\"168399\" src=\"https:\/\/rothschenk.de\/wp-content\/uploads\/2015\/10\/rothschenk-fachpack-messe-ladungssicherung-2.jpg\" alt=\"\" class=\"wp-image-168399\" srcset=\"https:\/\/rothschenk.de\/wp-content\/uploads\/2015\/10\/rothschenk-fachpack-messe-ladungssicherung-2.jpg 1024w, https:\/\/rothschenk.de\/wp-content\/uploads\/2015\/10\/rothschenk-fachpack-messe-ladungssicherung-2-300x200.jpg 300w, https:\/\/rothschenk.de\/wp-content\/uploads\/2015\/10\/rothschenk-fachpack-messe-ladungssicherung-2-768x512.jpg 768w, https:\/\/rothschenk.de\/wp-content\/uploads\/2015\/10\/rothschenk-fachpack-messe-ladungssicherung-2-600x400.jpg 600w\" sizes=\"(max-width: 1024px) 100vw, 1024px\" \/><\/figure>\n\n\n\n<figure class=\"wp-block-image size-large\"><img decoding=\"async\" width=\"560\" height=\"367\" data-id=\"168402\" src=\"https:\/\/rothschenk.de\/wp-content\/uploads\/2015\/10\/rothschenk-fachpack-messe-ladungssicherung-1.jpg\" alt=\"\" class=\"wp-image-168402\" srcset=\"https:\/\/rothschenk.de\/wp-content\/uploads\/2015\/10\/rothschenk-fachpack-messe-ladungssicherung-1.jpg 560w, https:\/\/rothschenk.de\/wp-content\/uploads\/2015\/10\/rothschenk-fachpack-messe-ladungssicherung-1-300x197.jpg 300w\" sizes=\"(max-width: 560px) 100vw, 560px\" \/><\/figure>\n<\/figure>\n","protected":false},"excerpt":{"rendered":"<p>Rothschenk jest regularnym wystawc\u0105 na targach FACHPACK w Norymberdze od ponad dekady. Po raz kolejny w tym roku europejskie targi opakowa\u0144, technologii, wyko\u0144czenia i logistyki by\u0142y w stanie spe\u0142ni\u0107 oczekiwania wszystkich zaanga\u017cowanych stron. Je\u015bli nie je przekroczy\u0107: ponad 43 000 odwiedzaj\u0105cych przyby\u0142o na stoiska 1565 wystawc\u00f3w&#8211; to rekord! Nie by\u0142 to jednak jedyny pow\u00f3d, dla [&hellip;]<\/p>\n","protected":false},"author":1539,"featured_media":0,"comment_status":"open","ping_status":"closed","sticky":false,"template":"","format":"standard","meta":{"_acf_changed":false,"footnotes":""},"categories":[868],"tags":[],"class_list":["post-681267","post","type-post","status-publish","format-standard","hentry","category-wiadomosci-rothschenk"],"acf":[],"yoast_head":"<!-- This site is optimized with the Yoast SEO plugin v27.5 - https:\/\/yoast.com\/product\/yoast-seo-wordpress\/ -->\n<title>Fachpack Norymberga: wyj\u0105tkowe chwile, RED LINE, rekord! - Rothschenk<\/title>\n<meta name=\"description\" content=\"Na tegorocznych targach Fachpack w Norymberdze firma G&amp;H Gmbh Rothschenk zaprezentowa\u0142a now\u0105, obiecuj\u0105c\u0105 lini\u0119 produkt\u00f3w &quot;RED LINE&quot;.\" \/>\n<meta name=\"robots\" content=\"index, follow, max-snippet:-1, max-image-preview:large, max-video-preview:-1\" \/>\n<link rel=\"canonical\" href=\"https:\/\/rothschenk.de\/pl\/fachpack-norymberga-wyjatkowe-chwile-red-line-rekord\/\" \/>\n<meta property=\"og:locale\" content=\"pl_PL\" \/>\n<meta property=\"og:type\" content=\"article\" \/>\n<meta property=\"og:title\" content=\"Fachpack Norymberga: wyj\u0105tkowe chwile, RED LINE, rekord! - Rothschenk\" \/>\n<meta property=\"og:description\" content=\"Na tegorocznych targach Fachpack w Norymberdze firma G&amp;H Gmbh Rothschenk zaprezentowa\u0142a now\u0105, obiecuj\u0105c\u0105 lini\u0119 produkt\u00f3w &quot;RED LINE&quot;.\" \/>\n<meta property=\"og:url\" content=\"https:\/\/rothschenk.de\/pl\/fachpack-norymberga-wyjatkowe-chwile-red-line-rekord\/\" \/>\n<meta property=\"og:site_name\" content=\"Rothschenk\" \/>\n<meta property=\"article:publisher\" content=\"https:\/\/de-de.facebook.com\/FirmaRothschenk\/\" \/>\n<meta property=\"article:published_time\" content=\"2015-10-02T12:05:34+00:00\" \/>\n<meta property=\"article:modified_time\" content=\"2025-06-30T15:05:54+00:00\" \/>\n<meta property=\"og:image\" content=\"https:\/\/rothschenk.de\/wp-content\/uploads\/2015\/10\/rothschenk-fachpack-messe-ladungssicherung-2.jpg\" \/>\n\t<meta property=\"og:image:width\" content=\"1024\" \/>\n\t<meta property=\"og:image:height\" content=\"683\" \/>\n\t<meta property=\"og:image:type\" content=\"image\/jpeg\" \/>\n<meta name=\"author\" content=\"Rothschenk\" \/>\n<meta name=\"twitter:card\" content=\"summary_large_image\" \/>\n<meta name=\"twitter:label1\" content=\"Napisane przez\" \/>\n\t<meta name=\"twitter:data1\" content=\"Rothschenk\" \/>\n\t<meta name=\"twitter:label2\" content=\"Szacowany czas czytania\" \/>\n\t<meta name=\"twitter:data2\" content=\"1 minuta\" \/>\n<script type=\"application\/ld+json\" class=\"yoast-schema-graph\">{\"@context\":\"https:\\\/\\\/schema.org\",\"@graph\":[{\"@type\":\"Article\",\"@id\":\"https:\\\/\\\/rothschenk.de\\\/pl\\\/fachpack-norymberga-wyjatkowe-chwile-red-line-rekord\\\/#article\",\"isPartOf\":{\"@id\":\"https:\\\/\\\/rothschenk.de\\\/pl\\\/fachpack-norymberga-wyjatkowe-chwile-red-line-rekord\\\/\"},\"author\":{\"name\":\"Rothschenk\",\"@id\":\"https:\\\/\\\/rothschenk.de\\\/pl\\\/#\\\/schema\\\/person\\\/e29bf5cc9df61e6c87f80cdf8ba1be93\"},\"headline\":\"Fachpack Norymberga: wyj\u0105tkowe chwile, RED LINE, rekord!\",\"datePublished\":\"2015-10-02T12:05:34+00:00\",\"dateModified\":\"2025-06-30T15:05:54+00:00\",\"mainEntityOfPage\":{\"@id\":\"https:\\\/\\\/rothschenk.de\\\/pl\\\/fachpack-norymberga-wyjatkowe-chwile-red-line-rekord\\\/\"},\"wordCount\":256,\"commentCount\":0,\"image\":{\"@id\":\"https:\\\/\\\/rothschenk.de\\\/pl\\\/fachpack-norymberga-wyjatkowe-chwile-red-line-rekord\\\/#primaryimage\"},\"thumbnailUrl\":\"https:\\\/\\\/rothschenk.de\\\/wp-content\\\/uploads\\\/2015\\\/10\\\/rothschenk-fachpack-messe-ladungssicherung-2.jpg\",\"articleSection\":[\"Wiadomo\u015bci Rothschenk\"],\"inLanguage\":\"pl-PL\",\"potentialAction\":[{\"@type\":\"CommentAction\",\"name\":\"Comment\",\"target\":[\"https:\\\/\\\/rothschenk.de\\\/pl\\\/fachpack-norymberga-wyjatkowe-chwile-red-line-rekord\\\/#respond\"]}]},{\"@type\":\"WebPage\",\"@id\":\"https:\\\/\\\/rothschenk.de\\\/pl\\\/fachpack-norymberga-wyjatkowe-chwile-red-line-rekord\\\/\",\"url\":\"https:\\\/\\\/rothschenk.de\\\/pl\\\/fachpack-norymberga-wyjatkowe-chwile-red-line-rekord\\\/\",\"name\":\"Fachpack Norymberga: wyj\u0105tkowe chwile, RED LINE, rekord! - Rothschenk\",\"isPartOf\":{\"@id\":\"https:\\\/\\\/rothschenk.de\\\/pl\\\/#website\"},\"primaryImageOfPage\":{\"@id\":\"https:\\\/\\\/rothschenk.de\\\/pl\\\/fachpack-norymberga-wyjatkowe-chwile-red-line-rekord\\\/#primaryimage\"},\"image\":{\"@id\":\"https:\\\/\\\/rothschenk.de\\\/pl\\\/fachpack-norymberga-wyjatkowe-chwile-red-line-rekord\\\/#primaryimage\"},\"thumbnailUrl\":\"https:\\\/\\\/rothschenk.de\\\/wp-content\\\/uploads\\\/2015\\\/10\\\/rothschenk-fachpack-messe-ladungssicherung-2.jpg\",\"datePublished\":\"2015-10-02T12:05:34+00:00\",\"dateModified\":\"2025-06-30T15:05:54+00:00\",\"author\":{\"@id\":\"https:\\\/\\\/rothschenk.de\\\/pl\\\/#\\\/schema\\\/person\\\/e29bf5cc9df61e6c87f80cdf8ba1be93\"},\"description\":\"Na tegorocznych targach Fachpack w Norymberdze firma G&H Gmbh Rothschenk zaprezentowa\u0142a now\u0105, obiecuj\u0105c\u0105 lini\u0119 produkt\u00f3w \\\"RED LINE\\\".\",\"breadcrumb\":{\"@id\":\"https:\\\/\\\/rothschenk.de\\\/pl\\\/fachpack-norymberga-wyjatkowe-chwile-red-line-rekord\\\/#breadcrumb\"},\"inLanguage\":\"pl-PL\",\"potentialAction\":[{\"@type\":\"ReadAction\",\"target\":[\"https:\\\/\\\/rothschenk.de\\\/pl\\\/fachpack-norymberga-wyjatkowe-chwile-red-line-rekord\\\/\"]}]},{\"@type\":\"ImageObject\",\"inLanguage\":\"pl-PL\",\"@id\":\"https:\\\/\\\/rothschenk.de\\\/pl\\\/fachpack-norymberga-wyjatkowe-chwile-red-line-rekord\\\/#primaryimage\",\"url\":\"https:\\\/\\\/rothschenk.de\\\/wp-content\\\/uploads\\\/2015\\\/10\\\/rothschenk-fachpack-messe-ladungssicherung-2.jpg\",\"contentUrl\":\"https:\\\/\\\/rothschenk.de\\\/wp-content\\\/uploads\\\/2015\\\/10\\\/rothschenk-fachpack-messe-ladungssicherung-2.jpg\"},{\"@type\":\"BreadcrumbList\",\"@id\":\"https:\\\/\\\/rothschenk.de\\\/pl\\\/fachpack-norymberga-wyjatkowe-chwile-red-line-rekord\\\/#breadcrumb\",\"itemListElement\":[{\"@type\":\"ListItem\",\"position\":1,\"name\":\"Strona g\u0142\u00f3wna\",\"item\":\"https:\\\/\\\/rothschenk.de\\\/pl\\\/strona-glowna\\\/\"},{\"@type\":\"ListItem\",\"position\":2,\"name\":\"Fachpack Norymberga: wyj\u0105tkowe chwile, RED LINE, rekord!\"}]},{\"@type\":\"WebSite\",\"@id\":\"https:\\\/\\\/rothschenk.de\\\/pl\\\/#website\",\"url\":\"https:\\\/\\\/rothschenk.de\\\/pl\\\/\",\"name\":\"Rothschenk - Der Online Shop f\u00fcr Ladungssicherung\",\"description\":\"Der Online Shop f\u00fcr Ladungssicherung\",\"potentialAction\":[{\"@type\":\"SearchAction\",\"target\":{\"@type\":\"EntryPoint\",\"urlTemplate\":\"https:\\\/\\\/rothschenk.de\\\/pl\\\/?s={search_term_string}\"},\"query-input\":{\"@type\":\"PropertyValueSpecification\",\"valueRequired\":true,\"valueName\":\"search_term_string\"}}],\"inLanguage\":\"pl-PL\"},{\"@type\":\"Person\",\"@id\":\"https:\\\/\\\/rothschenk.de\\\/pl\\\/#\\\/schema\\\/person\\\/e29bf5cc9df61e6c87f80cdf8ba1be93\",\"name\":\"Rothschenk\",\"image\":{\"@type\":\"ImageObject\",\"inLanguage\":\"pl-PL\",\"@id\":\"https:\\\/\\\/rothschenk.de\\\/wp-content\\\/uploads\\\/2024\\\/03\\\/cropped-cropped-Rothschenk-logo-ladungssicherung-1-96x96.png\",\"url\":\"https:\\\/\\\/rothschenk.de\\\/wp-content\\\/uploads\\\/2024\\\/03\\\/cropped-cropped-Rothschenk-logo-ladungssicherung-1-96x96.png\",\"contentUrl\":\"https:\\\/\\\/rothschenk.de\\\/wp-content\\\/uploads\\\/2024\\\/03\\\/cropped-cropped-Rothschenk-logo-ladungssicherung-1-96x96.png\",\"caption\":\"Rothschenk\"},\"description\":\"\u2714 Profi in der Beratung \u2714 Profi an der Laderampe \u2714 Profi bei der Abwicklung Ihrer W\u00fcnsche \u2714 Ladungssicherung Made in Germany\",\"url\":\"https:\\\/\\\/rothschenk.de\\\/pl\\\/author\\\/rothschenk\\\/\"}]}<\/script>\n<!-- \/ Yoast SEO plugin. -->","yoast_head_json":{"title":"Fachpack Norymberga: wyj\u0105tkowe chwile, RED LINE, rekord! - Rothschenk","description":"Na tegorocznych targach Fachpack w Norymberdze firma G&H Gmbh Rothschenk zaprezentowa\u0142a now\u0105, obiecuj\u0105c\u0105 lini\u0119 produkt\u00f3w \"RED LINE\".","robots":{"index":"index","follow":"follow","max-snippet":"max-snippet:-1","max-image-preview":"max-image-preview:large","max-video-preview":"max-video-preview:-1"},"canonical":"https:\/\/rothschenk.de\/pl\/fachpack-norymberga-wyjatkowe-chwile-red-line-rekord\/","og_locale":"pl_PL","og_type":"article","og_title":"Fachpack Norymberga: wyj\u0105tkowe chwile, RED LINE, rekord! - Rothschenk","og_description":"Na tegorocznych targach Fachpack w Norymberdze firma G&H Gmbh Rothschenk zaprezentowa\u0142a now\u0105, obiecuj\u0105c\u0105 lini\u0119 produkt\u00f3w \"RED LINE\".","og_url":"https:\/\/rothschenk.de\/pl\/fachpack-norymberga-wyjatkowe-chwile-red-line-rekord\/","og_site_name":"Rothschenk","article_publisher":"https:\/\/de-de.facebook.com\/FirmaRothschenk\/","article_published_time":"2015-10-02T12:05:34+00:00","article_modified_time":"2025-06-30T15:05:54+00:00","og_image":[{"width":1024,"height":683,"url":"https:\/\/rothschenk.de\/wp-content\/uploads\/2015\/10\/rothschenk-fachpack-messe-ladungssicherung-2.jpg","type":"image\/jpeg"}],"author":"Rothschenk","twitter_card":"summary_large_image","twitter_misc":{"Napisane przez":"Rothschenk","Szacowany czas czytania":"1 minuta"},"schema":{"@context":"https:\/\/schema.org","@graph":[{"@type":"Article","@id":"https:\/\/rothschenk.de\/pl\/fachpack-norymberga-wyjatkowe-chwile-red-line-rekord\/#article","isPartOf":{"@id":"https:\/\/rothschenk.de\/pl\/fachpack-norymberga-wyjatkowe-chwile-red-line-rekord\/"},"author":{"name":"Rothschenk","@id":"https:\/\/rothschenk.de\/pl\/#\/schema\/person\/e29bf5cc9df61e6c87f80cdf8ba1be93"},"headline":"Fachpack Norymberga: wyj\u0105tkowe chwile, RED LINE, rekord!","datePublished":"2015-10-02T12:05:34+00:00","dateModified":"2025-06-30T15:05:54+00:00","mainEntityOfPage":{"@id":"https:\/\/rothschenk.de\/pl\/fachpack-norymberga-wyjatkowe-chwile-red-line-rekord\/"},"wordCount":256,"commentCount":0,"image":{"@id":"https:\/\/rothschenk.de\/pl\/fachpack-norymberga-wyjatkowe-chwile-red-line-rekord\/#primaryimage"},"thumbnailUrl":"https:\/\/rothschenk.de\/wp-content\/uploads\/2015\/10\/rothschenk-fachpack-messe-ladungssicherung-2.jpg","articleSection":["Wiadomo\u015bci Rothschenk"],"inLanguage":"pl-PL","potentialAction":[{"@type":"CommentAction","name":"Comment","target":["https:\/\/rothschenk.de\/pl\/fachpack-norymberga-wyjatkowe-chwile-red-line-rekord\/#respond"]}]},{"@type":"WebPage","@id":"https:\/\/rothschenk.de\/pl\/fachpack-norymberga-wyjatkowe-chwile-red-line-rekord\/","url":"https:\/\/rothschenk.de\/pl\/fachpack-norymberga-wyjatkowe-chwile-red-line-rekord\/","name":"Fachpack Norymberga: wyj\u0105tkowe chwile, RED LINE, rekord! - Rothschenk","isPartOf":{"@id":"https:\/\/rothschenk.de\/pl\/#website"},"primaryImageOfPage":{"@id":"https:\/\/rothschenk.de\/pl\/fachpack-norymberga-wyjatkowe-chwile-red-line-rekord\/#primaryimage"},"image":{"@id":"https:\/\/rothschenk.de\/pl\/fachpack-norymberga-wyjatkowe-chwile-red-line-rekord\/#primaryimage"},"thumbnailUrl":"https:\/\/rothschenk.de\/wp-content\/uploads\/2015\/10\/rothschenk-fachpack-messe-ladungssicherung-2.jpg","datePublished":"2015-10-02T12:05:34+00:00","dateModified":"2025-06-30T15:05:54+00:00","author":{"@id":"https:\/\/rothschenk.de\/pl\/#\/schema\/person\/e29bf5cc9df61e6c87f80cdf8ba1be93"},"description":"Na tegorocznych targach Fachpack w Norymberdze firma G&H Gmbh Rothschenk zaprezentowa\u0142a now\u0105, obiecuj\u0105c\u0105 lini\u0119 produkt\u00f3w \"RED LINE\".","breadcrumb":{"@id":"https:\/\/rothschenk.de\/pl\/fachpack-norymberga-wyjatkowe-chwile-red-line-rekord\/#breadcrumb"},"inLanguage":"pl-PL","potentialAction":[{"@type":"ReadAction","target":["https:\/\/rothschenk.de\/pl\/fachpack-norymberga-wyjatkowe-chwile-red-line-rekord\/"]}]},{"@type":"ImageObject","inLanguage":"pl-PL","@id":"https:\/\/rothschenk.de\/pl\/fachpack-norymberga-wyjatkowe-chwile-red-line-rekord\/#primaryimage","url":"https:\/\/rothschenk.de\/wp-content\/uploads\/2015\/10\/rothschenk-fachpack-messe-ladungssicherung-2.jpg","contentUrl":"https:\/\/rothschenk.de\/wp-content\/uploads\/2015\/10\/rothschenk-fachpack-messe-ladungssicherung-2.jpg"},{"@type":"BreadcrumbList","@id":"https:\/\/rothschenk.de\/pl\/fachpack-norymberga-wyjatkowe-chwile-red-line-rekord\/#breadcrumb","itemListElement":[{"@type":"ListItem","position":1,"name":"Strona g\u0142\u00f3wna","item":"https:\/\/rothschenk.de\/pl\/strona-glowna\/"},{"@type":"ListItem","position":2,"name":"Fachpack Norymberga: wyj\u0105tkowe chwile, RED LINE, rekord!"}]},{"@type":"WebSite","@id":"https:\/\/rothschenk.de\/pl\/#website","url":"https:\/\/rothschenk.de\/pl\/","name":"Rothschenk - Der Online Shop f\u00fcr Ladungssicherung","description":"Der Online Shop f\u00fcr Ladungssicherung","potentialAction":[{"@type":"SearchAction","target":{"@type":"EntryPoint","urlTemplate":"https:\/\/rothschenk.de\/pl\/?s={search_term_string}"},"query-input":{"@type":"PropertyValueSpecification","valueRequired":true,"valueName":"search_term_string"}}],"inLanguage":"pl-PL"},{"@type":"Person","@id":"https:\/\/rothschenk.de\/pl\/#\/schema\/person\/e29bf5cc9df61e6c87f80cdf8ba1be93","name":"Rothschenk","image":{"@type":"ImageObject","inLanguage":"pl-PL","@id":"https:\/\/rothschenk.de\/wp-content\/uploads\/2024\/03\/cropped-cropped-Rothschenk-logo-ladungssicherung-1-96x96.png","url":"https:\/\/rothschenk.de\/wp-content\/uploads\/2024\/03\/cropped-cropped-Rothschenk-logo-ladungssicherung-1-96x96.png","contentUrl":"https:\/\/rothschenk.de\/wp-content\/uploads\/2024\/03\/cropped-cropped-Rothschenk-logo-ladungssicherung-1-96x96.png","caption":"Rothschenk"},"description":"\u2714 Profi in der Beratung \u2714 Profi an der Laderampe \u2714 Profi bei der Abwicklung Ihrer W\u00fcnsche \u2714 Ladungssicherung Made in Germany","url":"https:\/\/rothschenk.de\/pl\/author\/rothschenk\/"}]}},"_links":{"self":[{"href":"https:\/\/rothschenk.de\/pl\/wp-json\/wp\/v2\/posts\/681267","targetHints":{"allow":["GET"]}}],"collection":[{"href":"https:\/\/rothschenk.de\/pl\/wp-json\/wp\/v2\/posts"}],"about":[{"href":"https:\/\/rothschenk.de\/pl\/wp-json\/wp\/v2\/types\/post"}],"author":[{"embeddable":true,"href":"https:\/\/rothschenk.de\/pl\/wp-json\/wp\/v2\/users\/1539"}],"replies":[{"embeddable":true,"href":"https:\/\/rothschenk.de\/pl\/wp-json\/wp\/v2\/comments?post=681267"}],"version-history":[{"count":1,"href":"https:\/\/rothschenk.de\/pl\/wp-json\/wp\/v2\/posts\/681267\/revisions"}],"predecessor-version":[{"id":681271,"href":"https:\/\/rothschenk.de\/pl\/wp-json\/wp\/v2\/posts\/681267\/revisions\/681271"}],"wp:attachment":[{"href":"https:\/\/rothschenk.de\/pl\/wp-json\/wp\/v2\/media?parent=681267"}],"wp:term":[{"taxonomy":"category","embeddable":true,"href":"https:\/\/rothschenk.de\/pl\/wp-json\/wp\/v2\/categories?post=681267"},{"taxonomy":"post_tag","embeddable":true,"href":"https:\/\/rothschenk.de\/pl\/wp-json\/wp\/v2\/tags?post=681267"}],"curies":[{"name":"wp","href":"https:\/\/api.w.org\/{rel}","templated":true}]}}