{"id":681400,"date":"2019-02-21T12:51:41","date_gmt":"2019-02-21T11:51:41","guid":{"rendered":"https:\/\/rothschenk.de\/lognet-2019-przeglad-targow\/"},"modified":"2025-06-30T17:06:39","modified_gmt":"2025-06-30T15:06:39","slug":"lognet-2019-przeglad-targow","status":"publish","type":"post","link":"https:\/\/rothschenk.de\/pl\/lognet-2019-przeglad-targow\/","title":{"rendered":"LogNet 2019 &#8211; przegl\u0105d targ\u00f3w"},"content":{"rendered":"\n<p>W dniach 19-20 lutego 2019 r. LogNet zaprosi\u0142 r\u00f3\u017cne oddzia\u0142y Bundeswehry na wystaw\u0119 wewn\u0119trzn\u0105. Niezale\u017cnie od tego, czy chodzi o zaopatrzenie, uzupe\u0142nianie zapas\u00f3w czy flot\u0119 pojazd\u00f3w &#8211; decydenci, wysocy rang\u0105 rang\u0105 i eksperci ze wszystkich dow\u00f3dztw Bundeswehry byli pod r\u0119k\u0105, aby uzyska\u0107 praktyczne pomys\u0142y od lider\u00f3w rynku w bran\u017cy. <\/p>\n\n<p>Wydarzeniu towarzyszy\u0142o wiele specjalistycznych prezentacji na temat cyfrowych zam\u00f3wie\u0144 i logistyki, wyg\u0142oszonych przez wysokiej rangi prelegent\u00f3w w salach plenarnych Uniwersytetu Nauk Stosowanych Bonn-Rhein-Sieg. Dope\u0142nieniem tego wyj\u0105tkowego wydarzenia by\u0142 doskona\u0142y catering, kt\u00f3ry u\u0142atwi\u0142 nawi\u0105zywanie kontakt\u00f3w w mi\u0142ej atmosferze. Firma G&amp;H GmbH Rothschenk mia\u0142a przyjemno\u015b\u0107 wnie\u015b\u0107 swoj\u0105 innowacyjn\u0105 wiedz\u0119 do tego interesuj\u0105cego wydarzenia specjalistycznego.  <\/p>\n\n<div style=\"height:35px\" aria-hidden=\"true\" class=\"wp-block-spacer\"><\/div>\n\n<figure class=\"wp-block-gallery has-nested-images columns-default is-cropped wp-block-gallery-1 is-layout-flex wp-block-gallery-is-layout-flex\">\n<figure class=\"wp-block-image size-large\"><img fetchpriority=\"high\" decoding=\"async\" width=\"768\" height=\"1024\" data-id=\"167603\" src=\"https:\/\/rothschenk.de\/wp-content\/uploads\/2019\/02\/loginet-2019-messe-rothschenk.jpg\" alt=\"\" class=\"wp-image-167603\" srcset=\"https:\/\/rothschenk.de\/wp-content\/uploads\/2019\/02\/loginet-2019-messe-rothschenk.jpg 768w, https:\/\/rothschenk.de\/wp-content\/uploads\/2019\/02\/loginet-2019-messe-rothschenk-225x300.jpg 225w, https:\/\/rothschenk.de\/wp-content\/uploads\/2019\/02\/loginet-2019-messe-rothschenk-600x800.jpg 600w\" sizes=\"(max-width: 768px) 100vw, 768px\" \/><\/figure>\n\n\n\n<figure class=\"wp-block-image size-large\"><img decoding=\"async\" width=\"768\" height=\"1024\" data-id=\"167600\" src=\"https:\/\/rothschenk.de\/wp-content\/uploads\/2019\/02\/lognet-2019-rothschenk-messestand.jpg\" alt=\"\" class=\"wp-image-167600\" srcset=\"https:\/\/rothschenk.de\/wp-content\/uploads\/2019\/02\/lognet-2019-rothschenk-messestand.jpg 768w, https:\/\/rothschenk.de\/wp-content\/uploads\/2019\/02\/lognet-2019-rothschenk-messestand-225x300.jpg 225w, https:\/\/rothschenk.de\/wp-content\/uploads\/2019\/02\/lognet-2019-rothschenk-messestand-600x800.jpg 600w\" sizes=\"(max-width: 768px) 100vw, 768px\" \/><\/figure>\n\n\n\n<figure class=\"wp-block-image size-large\"><img decoding=\"async\" width=\"768\" height=\"1024\" data-id=\"167608\" src=\"https:\/\/rothschenk.de\/wp-content\/uploads\/2019\/02\/lognet-2019-messe-rothschenk-catering.jpg\" alt=\"\" class=\"wp-image-167608\" srcset=\"https:\/\/rothschenk.de\/wp-content\/uploads\/2019\/02\/lognet-2019-messe-rothschenk-catering.jpg 768w, https:\/\/rothschenk.de\/wp-content\/uploads\/2019\/02\/lognet-2019-messe-rothschenk-catering-225x300.jpg 225w, https:\/\/rothschenk.de\/wp-content\/uploads\/2019\/02\/lognet-2019-messe-rothschenk-catering-600x800.jpg 600w\" sizes=\"(max-width: 768px) 100vw, 768px\" \/><\/figure>\n<\/figure>\n","protected":false},"excerpt":{"rendered":"<p>W dniach 19-20 lutego 2019 r. LogNet zaprosi\u0142 r\u00f3\u017cne oddzia\u0142y Bundeswehry na wystaw\u0119 wewn\u0119trzn\u0105. Niezale\u017cnie od tego, czy chodzi o zaopatrzenie, uzupe\u0142nianie zapas\u00f3w czy flot\u0119 pojazd\u00f3w &#8211; decydenci, wysocy rang\u0105 rang\u0105 i eksperci ze wszystkich dow\u00f3dztw Bundeswehry byli pod r\u0119k\u0105, aby uzyska\u0107 praktyczne pomys\u0142y od lider\u00f3w rynku w bran\u017cy. Wydarzeniu towarzyszy\u0142o wiele specjalistycznych prezentacji na [&hellip;]<\/p>\n","protected":false},"author":1539,"featured_media":0,"comment_status":"open","ping_status":"closed","sticky":false,"template":"","format":"standard","meta":{"_acf_changed":false,"footnotes":""},"categories":[868],"tags":[],"class_list":["post-681400","post","type-post","status-publish","format-standard","hentry","category-wiadomosci-rothschenk"],"acf":[],"yoast_head":"<!-- This site is optimized with the Yoast SEO plugin v27.4 - https:\/\/yoast.com\/product\/yoast-seo-wordpress\/ -->\n<title>LogNet 2019 - przegl\u0105d targ\u00f3w - Rothschenk<\/title>\n<meta name=\"description\" content=\"W dniach 19-20 lutego 2019 r. firma G&amp;H GmbH Rothschenk zaprezentowa\u0142a swoje produkty do zabezpieczania \u0142adunk\u00f3w na targach LogNet 2019.\" \/>\n<meta name=\"robots\" content=\"index, follow, max-snippet:-1, max-image-preview:large, max-video-preview:-1\" \/>\n<link rel=\"canonical\" href=\"https:\/\/rothschenk.de\/pl\/lognet-2019-przeglad-targow\/\" \/>\n<meta property=\"og:locale\" content=\"pl_PL\" \/>\n<meta property=\"og:type\" content=\"article\" \/>\n<meta property=\"og:title\" content=\"LogNet 2019 - przegl\u0105d targ\u00f3w - Rothschenk\" \/>\n<meta property=\"og:description\" content=\"W dniach 19-20 lutego 2019 r. firma G&amp;H GmbH Rothschenk zaprezentowa\u0142a swoje produkty do zabezpieczania \u0142adunk\u00f3w na targach LogNet 2019.\" \/>\n<meta property=\"og:url\" content=\"https:\/\/rothschenk.de\/pl\/lognet-2019-przeglad-targow\/\" \/>\n<meta property=\"og:site_name\" content=\"Rothschenk\" \/>\n<meta property=\"article:publisher\" content=\"https:\/\/de-de.facebook.com\/FirmaRothschenk\/\" \/>\n<meta property=\"article:published_time\" content=\"2019-02-21T11:51:41+00:00\" \/>\n<meta property=\"article:modified_time\" content=\"2025-06-30T15:06:39+00:00\" \/>\n<meta property=\"og:image\" content=\"https:\/\/rothschenk.de\/wp-content\/uploads\/2019\/02\/loginet-2019-messe-rothschenk.jpg\" \/>\n\t<meta property=\"og:image:width\" content=\"768\" \/>\n\t<meta property=\"og:image:height\" content=\"1024\" \/>\n\t<meta property=\"og:image:type\" content=\"image\/jpeg\" \/>\n<meta name=\"author\" content=\"Rothschenk\" \/>\n<meta name=\"twitter:card\" content=\"summary_large_image\" \/>\n<meta name=\"twitter:label1\" content=\"Napisane przez\" \/>\n\t<meta name=\"twitter:data1\" content=\"Rothschenk\" \/>\n\t<meta name=\"twitter:label2\" content=\"Szacowany czas czytania\" \/>\n\t<meta name=\"twitter:data2\" content=\"1 minuta\" \/>\n<script type=\"application\/ld+json\" class=\"yoast-schema-graph\">{\"@context\":\"https:\\\/\\\/schema.org\",\"@graph\":[{\"@type\":\"Article\",\"@id\":\"https:\\\/\\\/rothschenk.de\\\/pl\\\/lognet-2019-przeglad-targow\\\/#article\",\"isPartOf\":{\"@id\":\"https:\\\/\\\/rothschenk.de\\\/pl\\\/lognet-2019-przeglad-targow\\\/\"},\"author\":{\"name\":\"Rothschenk\",\"@id\":\"https:\\\/\\\/rothschenk.de\\\/pl\\\/#\\\/schema\\\/person\\\/e29bf5cc9df61e6c87f80cdf8ba1be93\"},\"headline\":\"LogNet 2019 &#8211; przegl\u0105d targ\u00f3w\",\"datePublished\":\"2019-02-21T11:51:41+00:00\",\"dateModified\":\"2025-06-30T15:06:39+00:00\",\"mainEntityOfPage\":{\"@id\":\"https:\\\/\\\/rothschenk.de\\\/pl\\\/lognet-2019-przeglad-targow\\\/\"},\"wordCount\":134,\"commentCount\":0,\"image\":{\"@id\":\"https:\\\/\\\/rothschenk.de\\\/pl\\\/lognet-2019-przeglad-targow\\\/#primaryimage\"},\"thumbnailUrl\":\"https:\\\/\\\/rothschenk.de\\\/wp-content\\\/uploads\\\/2019\\\/02\\\/loginet-2019-messe-rothschenk.jpg\",\"articleSection\":[\"Wiadomo\u015bci Rothschenk\"],\"inLanguage\":\"pl-PL\",\"potentialAction\":[{\"@type\":\"CommentAction\",\"name\":\"Comment\",\"target\":[\"https:\\\/\\\/rothschenk.de\\\/pl\\\/lognet-2019-przeglad-targow\\\/#respond\"]}]},{\"@type\":\"WebPage\",\"@id\":\"https:\\\/\\\/rothschenk.de\\\/pl\\\/lognet-2019-przeglad-targow\\\/\",\"url\":\"https:\\\/\\\/rothschenk.de\\\/pl\\\/lognet-2019-przeglad-targow\\\/\",\"name\":\"LogNet 2019 - przegl\u0105d targ\u00f3w - Rothschenk\",\"isPartOf\":{\"@id\":\"https:\\\/\\\/rothschenk.de\\\/pl\\\/#website\"},\"primaryImageOfPage\":{\"@id\":\"https:\\\/\\\/rothschenk.de\\\/pl\\\/lognet-2019-przeglad-targow\\\/#primaryimage\"},\"image\":{\"@id\":\"https:\\\/\\\/rothschenk.de\\\/pl\\\/lognet-2019-przeglad-targow\\\/#primaryimage\"},\"thumbnailUrl\":\"https:\\\/\\\/rothschenk.de\\\/wp-content\\\/uploads\\\/2019\\\/02\\\/loginet-2019-messe-rothschenk.jpg\",\"datePublished\":\"2019-02-21T11:51:41+00:00\",\"dateModified\":\"2025-06-30T15:06:39+00:00\",\"author\":{\"@id\":\"https:\\\/\\\/rothschenk.de\\\/pl\\\/#\\\/schema\\\/person\\\/e29bf5cc9df61e6c87f80cdf8ba1be93\"},\"description\":\"W dniach 19-20 lutego 2019 r. firma G&H GmbH Rothschenk zaprezentowa\u0142a swoje produkty do zabezpieczania \u0142adunk\u00f3w na targach LogNet 2019.\",\"breadcrumb\":{\"@id\":\"https:\\\/\\\/rothschenk.de\\\/pl\\\/lognet-2019-przeglad-targow\\\/#breadcrumb\"},\"inLanguage\":\"pl-PL\",\"potentialAction\":[{\"@type\":\"ReadAction\",\"target\":[\"https:\\\/\\\/rothschenk.de\\\/pl\\\/lognet-2019-przeglad-targow\\\/\"]}]},{\"@type\":\"ImageObject\",\"inLanguage\":\"pl-PL\",\"@id\":\"https:\\\/\\\/rothschenk.de\\\/pl\\\/lognet-2019-przeglad-targow\\\/#primaryimage\",\"url\":\"https:\\\/\\\/rothschenk.de\\\/wp-content\\\/uploads\\\/2019\\\/02\\\/loginet-2019-messe-rothschenk.jpg\",\"contentUrl\":\"https:\\\/\\\/rothschenk.de\\\/wp-content\\\/uploads\\\/2019\\\/02\\\/loginet-2019-messe-rothschenk.jpg\"},{\"@type\":\"BreadcrumbList\",\"@id\":\"https:\\\/\\\/rothschenk.de\\\/pl\\\/lognet-2019-przeglad-targow\\\/#breadcrumb\",\"itemListElement\":[{\"@type\":\"ListItem\",\"position\":1,\"name\":\"Strona g\u0142\u00f3wna\",\"item\":\"https:\\\/\\\/rothschenk.de\\\/pl\\\/strona-glowna\\\/\"},{\"@type\":\"ListItem\",\"position\":2,\"name\":\"LogNet 2019 &#8211; przegl\u0105d targ\u00f3w\"}]},{\"@type\":\"WebSite\",\"@id\":\"https:\\\/\\\/rothschenk.de\\\/pl\\\/#website\",\"url\":\"https:\\\/\\\/rothschenk.de\\\/pl\\\/\",\"name\":\"Rothschenk - Der Online Shop f\u00fcr Ladungssicherung\",\"description\":\"Der Online Shop f\u00fcr Ladungssicherung\",\"potentialAction\":[{\"@type\":\"SearchAction\",\"target\":{\"@type\":\"EntryPoint\",\"urlTemplate\":\"https:\\\/\\\/rothschenk.de\\\/pl\\\/?s={search_term_string}\"},\"query-input\":{\"@type\":\"PropertyValueSpecification\",\"valueRequired\":true,\"valueName\":\"search_term_string\"}}],\"inLanguage\":\"pl-PL\"},{\"@type\":\"Person\",\"@id\":\"https:\\\/\\\/rothschenk.de\\\/pl\\\/#\\\/schema\\\/person\\\/e29bf5cc9df61e6c87f80cdf8ba1be93\",\"name\":\"Rothschenk\",\"image\":{\"@type\":\"ImageObject\",\"inLanguage\":\"pl-PL\",\"@id\":\"https:\\\/\\\/rothschenk.de\\\/wp-content\\\/uploads\\\/2024\\\/03\\\/cropped-cropped-Rothschenk-logo-ladungssicherung-1-96x96.png\",\"url\":\"https:\\\/\\\/rothschenk.de\\\/wp-content\\\/uploads\\\/2024\\\/03\\\/cropped-cropped-Rothschenk-logo-ladungssicherung-1-96x96.png\",\"contentUrl\":\"https:\\\/\\\/rothschenk.de\\\/wp-content\\\/uploads\\\/2024\\\/03\\\/cropped-cropped-Rothschenk-logo-ladungssicherung-1-96x96.png\",\"caption\":\"Rothschenk\"},\"description\":\"\u2714 Profi in der Beratung \u2714 Profi an der Laderampe \u2714 Profi bei der Abwicklung Ihrer W\u00fcnsche \u2714 Ladungssicherung Made in Germany\",\"url\":\"https:\\\/\\\/rothschenk.de\\\/pl\\\/author\\\/rothschenk\\\/\"}]}<\/script>\n<!-- \/ Yoast SEO plugin. -->","yoast_head_json":{"title":"LogNet 2019 - przegl\u0105d targ\u00f3w - Rothschenk","description":"W dniach 19-20 lutego 2019 r. firma G&H GmbH Rothschenk zaprezentowa\u0142a swoje produkty do zabezpieczania \u0142adunk\u00f3w na targach LogNet 2019.","robots":{"index":"index","follow":"follow","max-snippet":"max-snippet:-1","max-image-preview":"max-image-preview:large","max-video-preview":"max-video-preview:-1"},"canonical":"https:\/\/rothschenk.de\/pl\/lognet-2019-przeglad-targow\/","og_locale":"pl_PL","og_type":"article","og_title":"LogNet 2019 - przegl\u0105d targ\u00f3w - Rothschenk","og_description":"W dniach 19-20 lutego 2019 r. firma G&H GmbH Rothschenk zaprezentowa\u0142a swoje produkty do zabezpieczania \u0142adunk\u00f3w na targach LogNet 2019.","og_url":"https:\/\/rothschenk.de\/pl\/lognet-2019-przeglad-targow\/","og_site_name":"Rothschenk","article_publisher":"https:\/\/de-de.facebook.com\/FirmaRothschenk\/","article_published_time":"2019-02-21T11:51:41+00:00","article_modified_time":"2025-06-30T15:06:39+00:00","og_image":[{"width":768,"height":1024,"url":"https:\/\/rothschenk.de\/wp-content\/uploads\/2019\/02\/loginet-2019-messe-rothschenk.jpg","type":"image\/jpeg"}],"author":"Rothschenk","twitter_card":"summary_large_image","twitter_misc":{"Napisane przez":"Rothschenk","Szacowany czas czytania":"1 minuta"},"schema":{"@context":"https:\/\/schema.org","@graph":[{"@type":"Article","@id":"https:\/\/rothschenk.de\/pl\/lognet-2019-przeglad-targow\/#article","isPartOf":{"@id":"https:\/\/rothschenk.de\/pl\/lognet-2019-przeglad-targow\/"},"author":{"name":"Rothschenk","@id":"https:\/\/rothschenk.de\/pl\/#\/schema\/person\/e29bf5cc9df61e6c87f80cdf8ba1be93"},"headline":"LogNet 2019 &#8211; przegl\u0105d targ\u00f3w","datePublished":"2019-02-21T11:51:41+00:00","dateModified":"2025-06-30T15:06:39+00:00","mainEntityOfPage":{"@id":"https:\/\/rothschenk.de\/pl\/lognet-2019-przeglad-targow\/"},"wordCount":134,"commentCount":0,"image":{"@id":"https:\/\/rothschenk.de\/pl\/lognet-2019-przeglad-targow\/#primaryimage"},"thumbnailUrl":"https:\/\/rothschenk.de\/wp-content\/uploads\/2019\/02\/loginet-2019-messe-rothschenk.jpg","articleSection":["Wiadomo\u015bci Rothschenk"],"inLanguage":"pl-PL","potentialAction":[{"@type":"CommentAction","name":"Comment","target":["https:\/\/rothschenk.de\/pl\/lognet-2019-przeglad-targow\/#respond"]}]},{"@type":"WebPage","@id":"https:\/\/rothschenk.de\/pl\/lognet-2019-przeglad-targow\/","url":"https:\/\/rothschenk.de\/pl\/lognet-2019-przeglad-targow\/","name":"LogNet 2019 - przegl\u0105d targ\u00f3w - Rothschenk","isPartOf":{"@id":"https:\/\/rothschenk.de\/pl\/#website"},"primaryImageOfPage":{"@id":"https:\/\/rothschenk.de\/pl\/lognet-2019-przeglad-targow\/#primaryimage"},"image":{"@id":"https:\/\/rothschenk.de\/pl\/lognet-2019-przeglad-targow\/#primaryimage"},"thumbnailUrl":"https:\/\/rothschenk.de\/wp-content\/uploads\/2019\/02\/loginet-2019-messe-rothschenk.jpg","datePublished":"2019-02-21T11:51:41+00:00","dateModified":"2025-06-30T15:06:39+00:00","author":{"@id":"https:\/\/rothschenk.de\/pl\/#\/schema\/person\/e29bf5cc9df61e6c87f80cdf8ba1be93"},"description":"W dniach 19-20 lutego 2019 r. firma G&H GmbH Rothschenk zaprezentowa\u0142a swoje produkty do zabezpieczania \u0142adunk\u00f3w na targach LogNet 2019.","breadcrumb":{"@id":"https:\/\/rothschenk.de\/pl\/lognet-2019-przeglad-targow\/#breadcrumb"},"inLanguage":"pl-PL","potentialAction":[{"@type":"ReadAction","target":["https:\/\/rothschenk.de\/pl\/lognet-2019-przeglad-targow\/"]}]},{"@type":"ImageObject","inLanguage":"pl-PL","@id":"https:\/\/rothschenk.de\/pl\/lognet-2019-przeglad-targow\/#primaryimage","url":"https:\/\/rothschenk.de\/wp-content\/uploads\/2019\/02\/loginet-2019-messe-rothschenk.jpg","contentUrl":"https:\/\/rothschenk.de\/wp-content\/uploads\/2019\/02\/loginet-2019-messe-rothschenk.jpg"},{"@type":"BreadcrumbList","@id":"https:\/\/rothschenk.de\/pl\/lognet-2019-przeglad-targow\/#breadcrumb","itemListElement":[{"@type":"ListItem","position":1,"name":"Strona g\u0142\u00f3wna","item":"https:\/\/rothschenk.de\/pl\/strona-glowna\/"},{"@type":"ListItem","position":2,"name":"LogNet 2019 &#8211; przegl\u0105d targ\u00f3w"}]},{"@type":"WebSite","@id":"https:\/\/rothschenk.de\/pl\/#website","url":"https:\/\/rothschenk.de\/pl\/","name":"Rothschenk - Der Online Shop f\u00fcr Ladungssicherung","description":"Der Online Shop f\u00fcr Ladungssicherung","potentialAction":[{"@type":"SearchAction","target":{"@type":"EntryPoint","urlTemplate":"https:\/\/rothschenk.de\/pl\/?s={search_term_string}"},"query-input":{"@type":"PropertyValueSpecification","valueRequired":true,"valueName":"search_term_string"}}],"inLanguage":"pl-PL"},{"@type":"Person","@id":"https:\/\/rothschenk.de\/pl\/#\/schema\/person\/e29bf5cc9df61e6c87f80cdf8ba1be93","name":"Rothschenk","image":{"@type":"ImageObject","inLanguage":"pl-PL","@id":"https:\/\/rothschenk.de\/wp-content\/uploads\/2024\/03\/cropped-cropped-Rothschenk-logo-ladungssicherung-1-96x96.png","url":"https:\/\/rothschenk.de\/wp-content\/uploads\/2024\/03\/cropped-cropped-Rothschenk-logo-ladungssicherung-1-96x96.png","contentUrl":"https:\/\/rothschenk.de\/wp-content\/uploads\/2024\/03\/cropped-cropped-Rothschenk-logo-ladungssicherung-1-96x96.png","caption":"Rothschenk"},"description":"\u2714 Profi in der Beratung \u2714 Profi an der Laderampe \u2714 Profi bei der Abwicklung Ihrer W\u00fcnsche \u2714 Ladungssicherung Made in Germany","url":"https:\/\/rothschenk.de\/pl\/author\/rothschenk\/"}]}},"_links":{"self":[{"href":"https:\/\/rothschenk.de\/pl\/wp-json\/wp\/v2\/posts\/681400","targetHints":{"allow":["GET"]}}],"collection":[{"href":"https:\/\/rothschenk.de\/pl\/wp-json\/wp\/v2\/posts"}],"about":[{"href":"https:\/\/rothschenk.de\/pl\/wp-json\/wp\/v2\/types\/post"}],"author":[{"embeddable":true,"href":"https:\/\/rothschenk.de\/pl\/wp-json\/wp\/v2\/users\/1539"}],"replies":[{"embeddable":true,"href":"https:\/\/rothschenk.de\/pl\/wp-json\/wp\/v2\/comments?post=681400"}],"version-history":[{"count":1,"href":"https:\/\/rothschenk.de\/pl\/wp-json\/wp\/v2\/posts\/681400\/revisions"}],"predecessor-version":[{"id":681402,"href":"https:\/\/rothschenk.de\/pl\/wp-json\/wp\/v2\/posts\/681400\/revisions\/681402"}],"wp:attachment":[{"href":"https:\/\/rothschenk.de\/pl\/wp-json\/wp\/v2\/media?parent=681400"}],"wp:term":[{"taxonomy":"category","embeddable":true,"href":"https:\/\/rothschenk.de\/pl\/wp-json\/wp\/v2\/categories?post=681400"},{"taxonomy":"post_tag","embeddable":true,"href":"https:\/\/rothschenk.de\/pl\/wp-json\/wp\/v2\/tags?post=681400"}],"curies":[{"name":"wp","href":"https:\/\/api.w.org\/{rel}","templated":true}]}}