{"id":681554,"date":"2018-10-04T13:45:11","date_gmt":"2018-10-04T11:45:11","guid":{"rendered":"https:\/\/rothschenk.de\/dzieci-oczarowane-dniem-myszy\/"},"modified":"2025-06-30T17:08:05","modified_gmt":"2025-06-30T15:08:05","slug":"dzieci-oczarowane-dniem-myszy","status":"publish","type":"post","link":"https:\/\/rothschenk.de\/pl\/dzieci-oczarowane-dniem-myszy\/","title":{"rendered":"Dzieci oczarowane Dniem Myszy"},"content":{"rendered":"\n<p>3 pa\u017adziernika 2018 r. po raz kolejny zorganizowali\u015bmy Dzie\u0144 Myszy we wsp\u00f3\u0142pracy z WDR.<\/p>\n\n<p>Zesp\u00f3\u0142 Rothschenk w\u0142o\u017cy\u0142 wiele wysi\u0142ku w opracowanie wspania\u0142ych gier i atrakcji, aby przekaza\u0107 techniczny \u015bwiat pojemnik\u00f3w i odci\u0105g\u00f3w w spos\u00f3b odpowiedni dla dzieci, <a href=\"https:\/\/www.rothschenk.de\/staupolster\/\">worki sztauerskie<\/a> i <a href=\"https:\/\/www.rothschenk.de\/lashings\/\">odci\u0105g\u00f3w<\/a> w spos\u00f3b przyjazny dla dzieci.<\/p>\n\n<p>\u0141\u0105cznie 90 dzieci w towarzystwie rodzic\u00f3w mog\u0142o zanurzy\u0107 si\u0119 w \u015bwiecie zabezpieczania \u0142adunk\u00f3w na 7 stacjach.<\/p>\n\n<p>W niekt\u00f3rych przypadkach w\u0142o\u017cono wiele wysi\u0142ku, ale zosta\u0142o to nagrodzone b\u0142yszcz\u0105cymi oczami i mn\u00f3stwem szczerego \u015bmiechu.<\/p>\n\n<div style=\"height:35px\" aria-hidden=\"true\" class=\"wp-block-spacer\"><\/div>\n\n<h2 class=\"wp-block-heading\">Stacje w szczeg\u00f3\u0142ach:<\/h2>\n\n<h3 class=\"wp-block-heading\">Mapa \u015bwiata &#8211; Sk\u0105d w\u0142a\u015bciwie pochodzi moje \u015bniadanie?<\/h3>\n\n<figure class=\"wp-block-gallery has-nested-images columns-default is-cropped wp-block-gallery-1 is-layout-flex wp-block-gallery-is-layout-flex\">\n<figure class=\"wp-block-image size-large\"><img fetchpriority=\"high\" decoding=\"async\" width=\"1024\" height=\"683\" data-id=\"168032\" src=\"https:\/\/rothschenk.de\/wp-content\/uploads\/2018\/10\/tueroeffnertag-mit-der-maus-wdr-2018-rothschenk-4.jpg\" alt=\"\" class=\"wp-image-168032\" srcset=\"https:\/\/rothschenk.de\/wp-content\/uploads\/2018\/10\/tueroeffnertag-mit-der-maus-wdr-2018-rothschenk-4.jpg 1024w, https:\/\/rothschenk.de\/wp-content\/uploads\/2018\/10\/tueroeffnertag-mit-der-maus-wdr-2018-rothschenk-4-300x200.jpg 300w, https:\/\/rothschenk.de\/wp-content\/uploads\/2018\/10\/tueroeffnertag-mit-der-maus-wdr-2018-rothschenk-4-768x512.jpg 768w, https:\/\/rothschenk.de\/wp-content\/uploads\/2018\/10\/tueroeffnertag-mit-der-maus-wdr-2018-rothschenk-4-600x400.jpg 600w\" sizes=\"(max-width: 1024px) 100vw, 1024px\" \/><\/figure>\n\n\n\n<figure class=\"wp-block-image size-large\"><img decoding=\"async\" width=\"1024\" height=\"683\" data-id=\"168086\" src=\"https:\/\/rothschenk.de\/wp-content\/uploads\/2018\/10\/tueroeffnertag-mit-der-maus-wdr-2018-rothschenk-22.jpg\" alt=\"\" class=\"wp-image-168086\" srcset=\"https:\/\/rothschenk.de\/wp-content\/uploads\/2018\/10\/tueroeffnertag-mit-der-maus-wdr-2018-rothschenk-22.jpg 1024w, https:\/\/rothschenk.de\/wp-content\/uploads\/2018\/10\/tueroeffnertag-mit-der-maus-wdr-2018-rothschenk-22-300x200.jpg 300w, https:\/\/rothschenk.de\/wp-content\/uploads\/2018\/10\/tueroeffnertag-mit-der-maus-wdr-2018-rothschenk-22-768x512.jpg 768w, https:\/\/rothschenk.de\/wp-content\/uploads\/2018\/10\/tueroeffnertag-mit-der-maus-wdr-2018-rothschenk-22-600x400.jpg 600w\" sizes=\"(max-width: 1024px) 100vw, 1024px\" \/><\/figure>\n\n\n\n<figure class=\"wp-block-image size-large\"><img decoding=\"async\" width=\"1024\" height=\"683\" data-id=\"168083\" src=\"https:\/\/rothschenk.de\/wp-content\/uploads\/2018\/10\/tueroeffnertag-mit-der-maus-wdr-2018-rothschenk-21.jpg\" alt=\"\" class=\"wp-image-168083\" srcset=\"https:\/\/rothschenk.de\/wp-content\/uploads\/2018\/10\/tueroeffnertag-mit-der-maus-wdr-2018-rothschenk-21.jpg 1024w, https:\/\/rothschenk.de\/wp-content\/uploads\/2018\/10\/tueroeffnertag-mit-der-maus-wdr-2018-rothschenk-21-300x200.jpg 300w, https:\/\/rothschenk.de\/wp-content\/uploads\/2018\/10\/tueroeffnertag-mit-der-maus-wdr-2018-rothschenk-21-768x512.jpg 768w, https:\/\/rothschenk.de\/wp-content\/uploads\/2018\/10\/tueroeffnertag-mit-der-maus-wdr-2018-rothschenk-21-600x400.jpg 600w\" sizes=\"(max-width: 1024px) 100vw, 1024px\" \/><\/figure>\n<\/figure>\n\n<h3 class=\"wp-block-heading\">system wi\u0105zania &#8211; Test wywrotki przy u\u017cyciu du\u017cych maszyn<\/h3>\n\n<figure class=\"wp-block-gallery has-nested-images columns-default is-cropped wp-block-gallery-2 is-layout-flex wp-block-gallery-is-layout-flex\">\n<figure class=\"wp-block-image size-large\"><img loading=\"lazy\" decoding=\"async\" width=\"1024\" height=\"683\" data-id=\"168053\" src=\"https:\/\/rothschenk.de\/wp-content\/uploads\/2018\/10\/tueroeffnertag-mit-der-maus-wdr-2018-rothschenk-11.jpg\" alt=\"\" class=\"wp-image-168053\" srcset=\"https:\/\/rothschenk.de\/wp-content\/uploads\/2018\/10\/tueroeffnertag-mit-der-maus-wdr-2018-rothschenk-11.jpg 1024w, https:\/\/rothschenk.de\/wp-content\/uploads\/2018\/10\/tueroeffnertag-mit-der-maus-wdr-2018-rothschenk-11-300x200.jpg 300w, https:\/\/rothschenk.de\/wp-content\/uploads\/2018\/10\/tueroeffnertag-mit-der-maus-wdr-2018-rothschenk-11-768x512.jpg 768w, https:\/\/rothschenk.de\/wp-content\/uploads\/2018\/10\/tueroeffnertag-mit-der-maus-wdr-2018-rothschenk-11-600x400.jpg 600w\" sizes=\"(max-width: 1024px) 100vw, 1024px\" \/><\/figure>\n\n\n\n<figure class=\"wp-block-image size-large\"><img loading=\"lazy\" decoding=\"async\" width=\"1024\" height=\"683\" data-id=\"168023\" src=\"https:\/\/rothschenk.de\/wp-content\/uploads\/2018\/10\/tueroeffnertag-mit-der-maus-wdr-2018-rothschenk-1.jpg\" alt=\"\" class=\"wp-image-168023\" srcset=\"https:\/\/rothschenk.de\/wp-content\/uploads\/2018\/10\/tueroeffnertag-mit-der-maus-wdr-2018-rothschenk-1.jpg 1024w, https:\/\/rothschenk.de\/wp-content\/uploads\/2018\/10\/tueroeffnertag-mit-der-maus-wdr-2018-rothschenk-1-300x200.jpg 300w, https:\/\/rothschenk.de\/wp-content\/uploads\/2018\/10\/tueroeffnertag-mit-der-maus-wdr-2018-rothschenk-1-768x512.jpg 768w, https:\/\/rothschenk.de\/wp-content\/uploads\/2018\/10\/tueroeffnertag-mit-der-maus-wdr-2018-rothschenk-1-600x400.jpg 600w\" sizes=\"(max-width: 1024px) 100vw, 1024px\" \/><\/figure>\n\n\n\n<figure class=\"wp-block-image size-large\"><img loading=\"lazy\" decoding=\"async\" width=\"1024\" height=\"683\" data-id=\"168074\" src=\"https:\/\/rothschenk.de\/wp-content\/uploads\/2018\/10\/tueroeffnertag-mit-der-maus-wdr-2018-rothschenk-18.jpg\" alt=\"\" class=\"wp-image-168074\" srcset=\"https:\/\/rothschenk.de\/wp-content\/uploads\/2018\/10\/tueroeffnertag-mit-der-maus-wdr-2018-rothschenk-18.jpg 1024w, https:\/\/rothschenk.de\/wp-content\/uploads\/2018\/10\/tueroeffnertag-mit-der-maus-wdr-2018-rothschenk-18-300x200.jpg 300w, https:\/\/rothschenk.de\/wp-content\/uploads\/2018\/10\/tueroeffnertag-mit-der-maus-wdr-2018-rothschenk-18-768x512.jpg 768w, https:\/\/rothschenk.de\/wp-content\/uploads\/2018\/10\/tueroeffnertag-mit-der-maus-wdr-2018-rothschenk-18-600x400.jpg 600w\" sizes=\"(max-width: 1024px) 100vw, 1024px\" \/><\/figure>\n\n\n\n<figure class=\"wp-block-image size-large\"><img loading=\"lazy\" decoding=\"async\" width=\"1024\" height=\"683\" data-id=\"168062\" src=\"https:\/\/rothschenk.de\/wp-content\/uploads\/2018\/10\/tueroeffnertag-mit-der-maus-wdr-2018-rothschenk-14.jpg\" alt=\"\" class=\"wp-image-168062\" srcset=\"https:\/\/rothschenk.de\/wp-content\/uploads\/2018\/10\/tueroeffnertag-mit-der-maus-wdr-2018-rothschenk-14.jpg 1024w, https:\/\/rothschenk.de\/wp-content\/uploads\/2018\/10\/tueroeffnertag-mit-der-maus-wdr-2018-rothschenk-14-300x200.jpg 300w, https:\/\/rothschenk.de\/wp-content\/uploads\/2018\/10\/tueroeffnertag-mit-der-maus-wdr-2018-rothschenk-14-768x512.jpg 768w, https:\/\/rothschenk.de\/wp-content\/uploads\/2018\/10\/tueroeffnertag-mit-der-maus-wdr-2018-rothschenk-14-600x400.jpg 600w\" sizes=\"(max-width: 1024px) 100vw, 1024px\" \/><\/figure>\n\n\n\n<figure class=\"wp-block-image size-large\"><img loading=\"lazy\" decoding=\"async\" width=\"1024\" height=\"683\" data-id=\"168080\" src=\"https:\/\/rothschenk.de\/wp-content\/uploads\/2018\/10\/tueroeffnertag-mit-der-maus-wdr-2018-rothschenk-20.jpg\" alt=\"\" class=\"wp-image-168080\" srcset=\"https:\/\/rothschenk.de\/wp-content\/uploads\/2018\/10\/tueroeffnertag-mit-der-maus-wdr-2018-rothschenk-20.jpg 1024w, https:\/\/rothschenk.de\/wp-content\/uploads\/2018\/10\/tueroeffnertag-mit-der-maus-wdr-2018-rothschenk-20-300x200.jpg 300w, https:\/\/rothschenk.de\/wp-content\/uploads\/2018\/10\/tueroeffnertag-mit-der-maus-wdr-2018-rothschenk-20-768x512.jpg 768w, https:\/\/rothschenk.de\/wp-content\/uploads\/2018\/10\/tueroeffnertag-mit-der-maus-wdr-2018-rothschenk-20-600x400.jpg 600w\" sizes=\"(max-width: 1024px) 100vw, 1024px\" \/><\/figure>\n<\/figure>\n\n<h3 class=\"wp-block-heading\">system wi\u0105zania &#8211; Uszyj to sam dzi\u0119ki zaawansowanej technologii<\/h3>\n\n<figure class=\"wp-block-gallery has-nested-images columns-default is-cropped wp-block-gallery-3 is-layout-flex wp-block-gallery-is-layout-flex\">\n<figure class=\"wp-block-image size-large\"><img loading=\"lazy\" decoding=\"async\" width=\"1024\" height=\"683\" data-id=\"168038\" src=\"https:\/\/rothschenk.de\/wp-content\/uploads\/2018\/10\/tueroeffnertag-mit-der-maus-wdr-2018-rothschenk-6.jpg\" alt=\"\" class=\"wp-image-168038\" srcset=\"https:\/\/rothschenk.de\/wp-content\/uploads\/2018\/10\/tueroeffnertag-mit-der-maus-wdr-2018-rothschenk-6.jpg 1024w, https:\/\/rothschenk.de\/wp-content\/uploads\/2018\/10\/tueroeffnertag-mit-der-maus-wdr-2018-rothschenk-6-300x200.jpg 300w, https:\/\/rothschenk.de\/wp-content\/uploads\/2018\/10\/tueroeffnertag-mit-der-maus-wdr-2018-rothschenk-6-768x512.jpg 768w, https:\/\/rothschenk.de\/wp-content\/uploads\/2018\/10\/tueroeffnertag-mit-der-maus-wdr-2018-rothschenk-6-600x400.jpg 600w\" sizes=\"(max-width: 1024px) 100vw, 1024px\" \/><\/figure>\n\n\n\n<figure class=\"wp-block-image size-large\"><img loading=\"lazy\" decoding=\"async\" width=\"1024\" height=\"683\" data-id=\"168065\" src=\"https:\/\/rothschenk.de\/wp-content\/uploads\/2018\/10\/tueroeffnertag-mit-der-maus-wdr-2018-rothschenk-15.jpg\" alt=\"\" class=\"wp-image-168065\" srcset=\"https:\/\/rothschenk.de\/wp-content\/uploads\/2018\/10\/tueroeffnertag-mit-der-maus-wdr-2018-rothschenk-15.jpg 1024w, https:\/\/rothschenk.de\/wp-content\/uploads\/2018\/10\/tueroeffnertag-mit-der-maus-wdr-2018-rothschenk-15-300x200.jpg 300w, https:\/\/rothschenk.de\/wp-content\/uploads\/2018\/10\/tueroeffnertag-mit-der-maus-wdr-2018-rothschenk-15-768x512.jpg 768w, https:\/\/rothschenk.de\/wp-content\/uploads\/2018\/10\/tueroeffnertag-mit-der-maus-wdr-2018-rothschenk-15-600x400.jpg 600w\" sizes=\"(max-width: 1024px) 100vw, 1024px\" \/><\/figure>\n<\/figure>\n\n<h3 class=\"wp-block-heading\">KnallHalla &#8211; worki sztauerskie na granicy mo\u017cliwo\u015bci<\/h3>\n\n<figure class=\"wp-block-gallery has-nested-images columns-default is-cropped wp-block-gallery-4 is-layout-flex wp-block-gallery-is-layout-flex\">\n<figure class=\"wp-block-image\"><img loading=\"lazy\" decoding=\"async\" width=\"1024\" height=\"683\" data-id=\"168035\" src=\"https:\/\/rothschenk.de\/wp-content\/uploads\/2018\/10\/tueroeffnertag-mit-der-maus-wdr-2018-rothschenk-5.jpg\" alt=\"\" class=\"wp-image-168035\" srcset=\"https:\/\/rothschenk.de\/wp-content\/uploads\/2018\/10\/tueroeffnertag-mit-der-maus-wdr-2018-rothschenk-5.jpg 1024w, https:\/\/rothschenk.de\/wp-content\/uploads\/2018\/10\/tueroeffnertag-mit-der-maus-wdr-2018-rothschenk-5-300x200.jpg 300w, https:\/\/rothschenk.de\/wp-content\/uploads\/2018\/10\/tueroeffnertag-mit-der-maus-wdr-2018-rothschenk-5-768x512.jpg 768w, https:\/\/rothschenk.de\/wp-content\/uploads\/2018\/10\/tueroeffnertag-mit-der-maus-wdr-2018-rothschenk-5-600x400.jpg 600w\" sizes=\"(max-width: 1024px) 100vw, 1024px\" \/><\/figure>\n\n\n\n<figure class=\"wp-block-image\"><img loading=\"lazy\" decoding=\"async\" width=\"1024\" height=\"683\" data-id=\"168050\" src=\"https:\/\/rothschenk.de\/wp-content\/uploads\/2018\/10\/tueroeffnertag-mit-der-maus-wdr-2018-rothschenk-10.jpg\" alt=\"\" class=\"wp-image-168050\" srcset=\"https:\/\/rothschenk.de\/wp-content\/uploads\/2018\/10\/tueroeffnertag-mit-der-maus-wdr-2018-rothschenk-10.jpg 1024w, https:\/\/rothschenk.de\/wp-content\/uploads\/2018\/10\/tueroeffnertag-mit-der-maus-wdr-2018-rothschenk-10-300x200.jpg 300w, https:\/\/rothschenk.de\/wp-content\/uploads\/2018\/10\/tueroeffnertag-mit-der-maus-wdr-2018-rothschenk-10-768x512.jpg 768w, https:\/\/rothschenk.de\/wp-content\/uploads\/2018\/10\/tueroeffnertag-mit-der-maus-wdr-2018-rothschenk-10-600x400.jpg 600w\" sizes=\"(max-width: 1024px) 100vw, 1024px\" \/><\/figure>\n<\/figure>\n\n<h3 class=\"wp-block-heading\">Slackline &#8211; r\u00f3wnowaga zmys\u0142\u00f3w<\/h3>\n\n<figure class=\"wp-block-gallery has-nested-images columns-default is-cropped wp-block-gallery-5 is-layout-flex wp-block-gallery-is-layout-flex\">\n<figure class=\"wp-block-image size-large\"><img loading=\"lazy\" decoding=\"async\" width=\"1024\" height=\"683\" data-id=\"168041\" src=\"https:\/\/rothschenk.de\/wp-content\/uploads\/2018\/10\/tueroeffnertag-mit-der-maus-wdr-2018-rothschenk-7.jpg\" alt=\"\" class=\"wp-image-168041\" srcset=\"https:\/\/rothschenk.de\/wp-content\/uploads\/2018\/10\/tueroeffnertag-mit-der-maus-wdr-2018-rothschenk-7.jpg 1024w, https:\/\/rothschenk.de\/wp-content\/uploads\/2018\/10\/tueroeffnertag-mit-der-maus-wdr-2018-rothschenk-7-300x200.jpg 300w, https:\/\/rothschenk.de\/wp-content\/uploads\/2018\/10\/tueroeffnertag-mit-der-maus-wdr-2018-rothschenk-7-768x512.jpg 768w, https:\/\/rothschenk.de\/wp-content\/uploads\/2018\/10\/tueroeffnertag-mit-der-maus-wdr-2018-rothschenk-7-600x400.jpg 600w\" sizes=\"(max-width: 1024px) 100vw, 1024px\" \/><\/figure>\n\n\n\n<figure class=\"wp-block-image size-large\"><img loading=\"lazy\" decoding=\"async\" width=\"1024\" height=\"683\" data-id=\"168047\" src=\"https:\/\/rothschenk.de\/wp-content\/uploads\/2018\/10\/tueroeffnertag-mit-der-maus-wdr-2018-rothschenk-9.jpg\" alt=\"\" class=\"wp-image-168047\" srcset=\"https:\/\/rothschenk.de\/wp-content\/uploads\/2018\/10\/tueroeffnertag-mit-der-maus-wdr-2018-rothschenk-9.jpg 1024w, https:\/\/rothschenk.de\/wp-content\/uploads\/2018\/10\/tueroeffnertag-mit-der-maus-wdr-2018-rothschenk-9-300x200.jpg 300w, https:\/\/rothschenk.de\/wp-content\/uploads\/2018\/10\/tueroeffnertag-mit-der-maus-wdr-2018-rothschenk-9-768x512.jpg 768w, https:\/\/rothschenk.de\/wp-content\/uploads\/2018\/10\/tueroeffnertag-mit-der-maus-wdr-2018-rothschenk-9-600x400.jpg 600w\" sizes=\"(max-width: 1024px) 100vw, 1024px\" \/><\/figure>\n<\/figure>\n\n<h3 class=\"wp-block-heading\">1,2 lub 3 &#8211; Nauka segregacji odpad\u00f3w poprzez zabaw\u0119<\/h3>\n\n<figure class=\"wp-block-gallery has-nested-images columns-default is-cropped wp-block-gallery-6 is-layout-flex wp-block-gallery-is-layout-flex\">\n<figure class=\"wp-block-image size-large\"><img loading=\"lazy\" decoding=\"async\" width=\"1024\" height=\"683\" data-id=\"168071\" src=\"https:\/\/rothschenk.de\/wp-content\/uploads\/2018\/10\/tueroeffnertag-mit-der-maus-wdr-2018-rothschenk-17.jpg\" alt=\"\" class=\"wp-image-168071\" srcset=\"https:\/\/rothschenk.de\/wp-content\/uploads\/2018\/10\/tueroeffnertag-mit-der-maus-wdr-2018-rothschenk-17.jpg 1024w, https:\/\/rothschenk.de\/wp-content\/uploads\/2018\/10\/tueroeffnertag-mit-der-maus-wdr-2018-rothschenk-17-300x200.jpg 300w, https:\/\/rothschenk.de\/wp-content\/uploads\/2018\/10\/tueroeffnertag-mit-der-maus-wdr-2018-rothschenk-17-768x512.jpg 768w, https:\/\/rothschenk.de\/wp-content\/uploads\/2018\/10\/tueroeffnertag-mit-der-maus-wdr-2018-rothschenk-17-600x400.jpg 600w\" sizes=\"(max-width: 1024px) 100vw, 1024px\" \/><\/figure>\n\n\n\n<figure class=\"wp-block-image size-large\"><img loading=\"lazy\" decoding=\"async\" width=\"1024\" height=\"683\" data-id=\"168029\" src=\"https:\/\/rothschenk.de\/wp-content\/uploads\/2018\/10\/tueroeffnertag-mit-der-maus-wdr-2018-rothschenk-3.jpg\" alt=\"\" class=\"wp-image-168029\" srcset=\"https:\/\/rothschenk.de\/wp-content\/uploads\/2018\/10\/tueroeffnertag-mit-der-maus-wdr-2018-rothschenk-3.jpg 1024w, https:\/\/rothschenk.de\/wp-content\/uploads\/2018\/10\/tueroeffnertag-mit-der-maus-wdr-2018-rothschenk-3-300x200.jpg 300w, https:\/\/rothschenk.de\/wp-content\/uploads\/2018\/10\/tueroeffnertag-mit-der-maus-wdr-2018-rothschenk-3-768x512.jpg 768w, https:\/\/rothschenk.de\/wp-content\/uploads\/2018\/10\/tueroeffnertag-mit-der-maus-wdr-2018-rothschenk-3-600x400.jpg 600w\" sizes=\"(max-width: 1024px) 100vw, 1024px\" \/><\/figure>\n<\/figure>\n\n<h3 class=\"wp-block-heading\">worki sztauerskie &#8211; Najwi\u0119kszy obszar malarski we Frankonii?<\/h3>\n\n<figure class=\"wp-block-gallery has-nested-images columns-default is-cropped wp-block-gallery-7 is-layout-flex wp-block-gallery-is-layout-flex\">\n<figure class=\"wp-block-image size-large\"><img loading=\"lazy\" decoding=\"async\" width=\"1024\" height=\"683\" data-id=\"168077\" src=\"https:\/\/rothschenk.de\/wp-content\/uploads\/2018\/10\/tueroeffnertag-mit-der-maus-wdr-2018-rothschenk-19.jpg\" alt=\"\" class=\"wp-image-168077\" srcset=\"https:\/\/rothschenk.de\/wp-content\/uploads\/2018\/10\/tueroeffnertag-mit-der-maus-wdr-2018-rothschenk-19.jpg 1024w, https:\/\/rothschenk.de\/wp-content\/uploads\/2018\/10\/tueroeffnertag-mit-der-maus-wdr-2018-rothschenk-19-300x200.jpg 300w, https:\/\/rothschenk.de\/wp-content\/uploads\/2018\/10\/tueroeffnertag-mit-der-maus-wdr-2018-rothschenk-19-768x512.jpg 768w, https:\/\/rothschenk.de\/wp-content\/uploads\/2018\/10\/tueroeffnertag-mit-der-maus-wdr-2018-rothschenk-19-600x400.jpg 600w\" sizes=\"(max-width: 1024px) 100vw, 1024px\" \/><\/figure>\n\n\n\n<figure class=\"wp-block-image size-large\"><img loading=\"lazy\" decoding=\"async\" width=\"1024\" height=\"683\" data-id=\"168068\" src=\"https:\/\/rothschenk.de\/wp-content\/uploads\/2018\/10\/tueroeffnertag-mit-der-maus-wdr-2018-rothschenk-16.jpg\" alt=\"\" class=\"wp-image-168068\" srcset=\"https:\/\/rothschenk.de\/wp-content\/uploads\/2018\/10\/tueroeffnertag-mit-der-maus-wdr-2018-rothschenk-16.jpg 1024w, https:\/\/rothschenk.de\/wp-content\/uploads\/2018\/10\/tueroeffnertag-mit-der-maus-wdr-2018-rothschenk-16-300x200.jpg 300w, https:\/\/rothschenk.de\/wp-content\/uploads\/2018\/10\/tueroeffnertag-mit-der-maus-wdr-2018-rothschenk-16-768x512.jpg 768w, https:\/\/rothschenk.de\/wp-content\/uploads\/2018\/10\/tueroeffnertag-mit-der-maus-wdr-2018-rothschenk-16-600x400.jpg 600w\" sizes=\"(max-width: 1024px) 100vw, 1024px\" \/><\/figure>\n\n\n\n<figure class=\"wp-block-image size-large\"><img loading=\"lazy\" decoding=\"async\" width=\"1024\" height=\"683\" data-id=\"168044\" src=\"https:\/\/rothschenk.de\/wp-content\/uploads\/2018\/10\/tueroeffnertag-mit-der-maus-wdr-2018-rothschenk-8.jpg\" alt=\"\" class=\"wp-image-168044\" srcset=\"https:\/\/rothschenk.de\/wp-content\/uploads\/2018\/10\/tueroeffnertag-mit-der-maus-wdr-2018-rothschenk-8.jpg 1024w, https:\/\/rothschenk.de\/wp-content\/uploads\/2018\/10\/tueroeffnertag-mit-der-maus-wdr-2018-rothschenk-8-300x200.jpg 300w, https:\/\/rothschenk.de\/wp-content\/uploads\/2018\/10\/tueroeffnertag-mit-der-maus-wdr-2018-rothschenk-8-768x512.jpg 768w, https:\/\/rothschenk.de\/wp-content\/uploads\/2018\/10\/tueroeffnertag-mit-der-maus-wdr-2018-rothschenk-8-600x400.jpg 600w\" sizes=\"(max-width: 1024px) 100vw, 1024px\" \/><\/figure>\n<\/figure>\n\n<div style=\"height:35px\" aria-hidden=\"true\" class=\"wp-block-spacer\"><\/div>\n\n<h2 class=\"wp-block-heading\">Mainpost<\/h2>\n\n<p><strong>&lt;&lt;<\/strong> <a href=\"https:\/\/www.mainpost.de\/regional\/wuerzburg\/Volle-Ladung-an-Wissen;art779,10074370\">Kliknij tutaj<\/a>, aby przeczyta\u0107 raport w MainPost.<\/p>\n\n<p>&#8230;lub \u015bled\u017a nas na <a href=\"https:\/\/de-de.facebook.com\/FirmaRothschenk\/\">Facebooku. <\/a> <\/p>\n\n<p><a href=\"https:\/\/de-de.facebook.com\/FirmaRothschenk\/\">Nawiasem m\u00f3wi\u0105c, mieli\u015bmy najd\u0142u\u017csz\u0105 podr\u00f3\u017c z dzielnicy Stein w Norymberdze. Chcieliby\u015bmy podzi\u0119kowa\u0107 tej rodzinie i wszystkim innym za pozytywne opinie po wydarzeniu. <\/a><\/p>\n\n<p><strong>Informacja zwrotna od jednego z naszych go\u015bci:<\/strong> &#8222;Dzi\u0119kujemy za pouczaj\u0105c\u0105 i interesuj\u0105c\u0105 wycieczk\u0119 po firmie. Naprawd\u0119 nam si\u0119 podoba\u0142o. R\u00f3wnie\u017c ca\u0142emu personelowi za wszystkie praktyczne dzia\u0142ania. Z powa\u017caniem, L. i G. Beck z okolic Rothenburg ob der Tauber&#8221;.<\/p>\n\n<div style=\"height:35px\" aria-hidden=\"true\" class=\"wp-block-spacer\"><\/div>\n\n<p><strong>&gt;  Daty emisji &#8222;Die Sendung mit der Maus&#8221; to:<\/strong><\/p>\n\n<p><strong>Niedz. 9.30 w Ersten, 11.30 w KIKA, sob. 11.30 w telewizji WDR   &lt;<\/strong><\/p>\n\n<p>Chcieliby\u015bmy podzi\u0119kowa\u0107 wszystkim dzieciom i rodzicom, kt\u00f3rzy podzielali nasz entuzjazm, a tak\u017ce wszystkim pracownikom, prasie i sponsorom naszego wydarzenia. Ze wzgl\u0119du na wspania\u0142y odzew, z przyjemno\u015bci\u0105 we\u017amiemy udzia\u0142 w Dniu Myszy ponownie w przysz\u0142ym roku. <\/p>\n\n<p>Materia\u0142 zdj\u0119ciowy zosta\u0142 utworzony zgodnie z wytycznymi dotycz\u0105cymi ochrony danych uznanymi w momencie rejestracji. Je\u015bli mimo to chcesz, aby\u015bmy usun\u0119li obrazy lub tre\u015bci, mo\u017cesz skontaktowa\u0107 si\u0119 z nami w dowolnym momencie. Natychmiast spe\u0142nimy Twoje \u017c\u0105danie. Kontakt: Thomas Bauer, Mail: <a href=\"mailto:thomas.bauer@rothschenk.de\">thomas.bauer(at)rothschenk.de<\/a>   <\/p>\n\n<p><a href=\"https:\/\/www.rothschenk.de\/wp-content\/uploads\/2018\/12\/Teilnehmerurkunde.pdf\">Certyfikat uczestnika Mouse Door Opener Day<\/a><\/p>\n","protected":false},"excerpt":{"rendered":"<p>3 pa\u017adziernika 2018 r. po raz kolejny zorganizowali\u015bmy Dzie\u0144 Myszy we wsp\u00f3\u0142pracy z WDR. Zesp\u00f3\u0142 Rothschenk w\u0142o\u017cy\u0142 wiele wysi\u0142ku w opracowanie wspania\u0142ych gier i atrakcji, aby przekaza\u0107 techniczny \u015bwiat pojemnik\u00f3w i odci\u0105g\u00f3w w spos\u00f3b odpowiedni dla dzieci, worki sztauerskie i odci\u0105g\u00f3w w spos\u00f3b przyjazny dla dzieci. \u0141\u0105cznie 90 dzieci w towarzystwie rodzic\u00f3w mog\u0142o zanurzy\u0107 si\u0119 [&hellip;]<\/p>\n","protected":false},"author":1539,"featured_media":680495,"comment_status":"open","ping_status":"closed","sticky":false,"template":"","format":"standard","meta":{"_acf_changed":false,"footnotes":""},"categories":[868],"tags":[],"class_list":["post-681554","post","type-post","status-publish","format-standard","has-post-thumbnail","hentry","category-wiadomosci-rothschenk"],"acf":[],"yoast_head":"<!-- This site is optimized with the Yoast SEO plugin v27.4 - https:\/\/yoast.com\/product\/yoast-seo-wordpress\/ -->\n<title>Dzieci oczarowane Dniem Myszy - Rothschenk<\/title>\n<meta name=\"description\" content=\"W Dniu Myszy firma G&amp;H GmbH Rothschenk zaprezentowa\u0142a \u015bwiat zabezpieczania \u0142adunk\u00f3w na terenie swojej firmy we wsp\u00f3\u0142pracy z WDR.\" \/>\n<meta name=\"robots\" content=\"index, follow, max-snippet:-1, max-image-preview:large, max-video-preview:-1\" \/>\n<link rel=\"canonical\" href=\"https:\/\/rothschenk.de\/pl\/dzieci-oczarowane-dniem-myszy\/\" \/>\n<meta property=\"og:locale\" content=\"pl_PL\" \/>\n<meta property=\"og:type\" content=\"article\" \/>\n<meta property=\"og:title\" content=\"Dzieci oczarowane Dniem Myszy - Rothschenk\" \/>\n<meta property=\"og:description\" content=\"W Dniu Myszy firma G&amp;H GmbH Rothschenk zaprezentowa\u0142a \u015bwiat zabezpieczania \u0142adunk\u00f3w na terenie swojej firmy we wsp\u00f3\u0142pracy z WDR.\" \/>\n<meta property=\"og:url\" content=\"https:\/\/rothschenk.de\/pl\/dzieci-oczarowane-dniem-myszy\/\" \/>\n<meta property=\"og:site_name\" content=\"Rothschenk\" \/>\n<meta property=\"article:publisher\" content=\"https:\/\/de-de.facebook.com\/FirmaRothschenk\/\" \/>\n<meta property=\"article:published_time\" content=\"2018-10-04T11:45:11+00:00\" \/>\n<meta property=\"article:modified_time\" content=\"2025-06-30T15:08:05+00:00\" \/>\n<meta property=\"og:image\" content=\"https:\/\/rothschenk.de\/wp-content\/uploads\/2023\/12\/kinder-gefesselt-vom-maustag.jpg\" \/>\n\t<meta property=\"og:image:width\" content=\"1920\" \/>\n\t<meta property=\"og:image:height\" content=\"1078\" \/>\n\t<meta property=\"og:image:type\" content=\"image\/jpeg\" \/>\n<meta name=\"author\" content=\"Rothschenk\" \/>\n<meta name=\"twitter:card\" content=\"summary_large_image\" \/>\n<meta name=\"twitter:label1\" content=\"Napisane przez\" \/>\n\t<meta name=\"twitter:data1\" content=\"Rothschenk\" \/>\n\t<meta name=\"twitter:label2\" content=\"Szacowany czas czytania\" \/>\n\t<meta name=\"twitter:data2\" content=\"2 minuty\" \/>\n<script type=\"application\/ld+json\" class=\"yoast-schema-graph\">{\"@context\":\"https:\\\/\\\/schema.org\",\"@graph\":[{\"@type\":\"Article\",\"@id\":\"https:\\\/\\\/rothschenk.de\\\/pl\\\/dzieci-oczarowane-dniem-myszy\\\/#article\",\"isPartOf\":{\"@id\":\"https:\\\/\\\/rothschenk.de\\\/pl\\\/dzieci-oczarowane-dniem-myszy\\\/\"},\"author\":{\"name\":\"Rothschenk\",\"@id\":\"https:\\\/\\\/rothschenk.de\\\/pl\\\/#\\\/schema\\\/person\\\/e29bf5cc9df61e6c87f80cdf8ba1be93\"},\"headline\":\"Dzieci oczarowane Dniem Myszy\",\"datePublished\":\"2018-10-04T11:45:11+00:00\",\"dateModified\":\"2025-06-30T15:08:05+00:00\",\"mainEntityOfPage\":{\"@id\":\"https:\\\/\\\/rothschenk.de\\\/pl\\\/dzieci-oczarowane-dniem-myszy\\\/\"},\"wordCount\":385,\"commentCount\":0,\"image\":{\"@id\":\"https:\\\/\\\/rothschenk.de\\\/pl\\\/dzieci-oczarowane-dniem-myszy\\\/#primaryimage\"},\"thumbnailUrl\":\"https:\\\/\\\/rothschenk.de\\\/wp-content\\\/uploads\\\/2023\\\/12\\\/kinder-gefesselt-vom-maustag.jpg\",\"articleSection\":[\"Wiadomo\u015bci Rothschenk\"],\"inLanguage\":\"pl-PL\",\"potentialAction\":[{\"@type\":\"CommentAction\",\"name\":\"Comment\",\"target\":[\"https:\\\/\\\/rothschenk.de\\\/pl\\\/dzieci-oczarowane-dniem-myszy\\\/#respond\"]}]},{\"@type\":\"WebPage\",\"@id\":\"https:\\\/\\\/rothschenk.de\\\/pl\\\/dzieci-oczarowane-dniem-myszy\\\/\",\"url\":\"https:\\\/\\\/rothschenk.de\\\/pl\\\/dzieci-oczarowane-dniem-myszy\\\/\",\"name\":\"Dzieci oczarowane Dniem Myszy - Rothschenk\",\"isPartOf\":{\"@id\":\"https:\\\/\\\/rothschenk.de\\\/pl\\\/#website\"},\"primaryImageOfPage\":{\"@id\":\"https:\\\/\\\/rothschenk.de\\\/pl\\\/dzieci-oczarowane-dniem-myszy\\\/#primaryimage\"},\"image\":{\"@id\":\"https:\\\/\\\/rothschenk.de\\\/pl\\\/dzieci-oczarowane-dniem-myszy\\\/#primaryimage\"},\"thumbnailUrl\":\"https:\\\/\\\/rothschenk.de\\\/wp-content\\\/uploads\\\/2023\\\/12\\\/kinder-gefesselt-vom-maustag.jpg\",\"datePublished\":\"2018-10-04T11:45:11+00:00\",\"dateModified\":\"2025-06-30T15:08:05+00:00\",\"author\":{\"@id\":\"https:\\\/\\\/rothschenk.de\\\/pl\\\/#\\\/schema\\\/person\\\/e29bf5cc9df61e6c87f80cdf8ba1be93\"},\"description\":\"W Dniu Myszy firma G&H GmbH Rothschenk zaprezentowa\u0142a \u015bwiat zabezpieczania \u0142adunk\u00f3w na terenie swojej firmy we wsp\u00f3\u0142pracy z WDR.\",\"breadcrumb\":{\"@id\":\"https:\\\/\\\/rothschenk.de\\\/pl\\\/dzieci-oczarowane-dniem-myszy\\\/#breadcrumb\"},\"inLanguage\":\"pl-PL\",\"potentialAction\":[{\"@type\":\"ReadAction\",\"target\":[\"https:\\\/\\\/rothschenk.de\\\/pl\\\/dzieci-oczarowane-dniem-myszy\\\/\"]}]},{\"@type\":\"ImageObject\",\"inLanguage\":\"pl-PL\",\"@id\":\"https:\\\/\\\/rothschenk.de\\\/pl\\\/dzieci-oczarowane-dniem-myszy\\\/#primaryimage\",\"url\":\"https:\\\/\\\/rothschenk.de\\\/wp-content\\\/uploads\\\/2023\\\/12\\\/kinder-gefesselt-vom-maustag.jpg\",\"contentUrl\":\"https:\\\/\\\/rothschenk.de\\\/wp-content\\\/uploads\\\/2023\\\/12\\\/kinder-gefesselt-vom-maustag.jpg\",\"width\":1920,\"height\":1078},{\"@type\":\"BreadcrumbList\",\"@id\":\"https:\\\/\\\/rothschenk.de\\\/pl\\\/dzieci-oczarowane-dniem-myszy\\\/#breadcrumb\",\"itemListElement\":[{\"@type\":\"ListItem\",\"position\":1,\"name\":\"Strona g\u0142\u00f3wna\",\"item\":\"https:\\\/\\\/rothschenk.de\\\/pl\\\/strona-glowna\\\/\"},{\"@type\":\"ListItem\",\"position\":2,\"name\":\"Dzieci oczarowane Dniem Myszy\"}]},{\"@type\":\"WebSite\",\"@id\":\"https:\\\/\\\/rothschenk.de\\\/pl\\\/#website\",\"url\":\"https:\\\/\\\/rothschenk.de\\\/pl\\\/\",\"name\":\"Rothschenk - Der Online Shop f\u00fcr Ladungssicherung\",\"description\":\"Der Online Shop f\u00fcr Ladungssicherung\",\"potentialAction\":[{\"@type\":\"SearchAction\",\"target\":{\"@type\":\"EntryPoint\",\"urlTemplate\":\"https:\\\/\\\/rothschenk.de\\\/pl\\\/?s={search_term_string}\"},\"query-input\":{\"@type\":\"PropertyValueSpecification\",\"valueRequired\":true,\"valueName\":\"search_term_string\"}}],\"inLanguage\":\"pl-PL\"},{\"@type\":\"Person\",\"@id\":\"https:\\\/\\\/rothschenk.de\\\/pl\\\/#\\\/schema\\\/person\\\/e29bf5cc9df61e6c87f80cdf8ba1be93\",\"name\":\"Rothschenk\",\"image\":{\"@type\":\"ImageObject\",\"inLanguage\":\"pl-PL\",\"@id\":\"https:\\\/\\\/rothschenk.de\\\/wp-content\\\/uploads\\\/2024\\\/03\\\/cropped-cropped-Rothschenk-logo-ladungssicherung-1-96x96.png\",\"url\":\"https:\\\/\\\/rothschenk.de\\\/wp-content\\\/uploads\\\/2024\\\/03\\\/cropped-cropped-Rothschenk-logo-ladungssicherung-1-96x96.png\",\"contentUrl\":\"https:\\\/\\\/rothschenk.de\\\/wp-content\\\/uploads\\\/2024\\\/03\\\/cropped-cropped-Rothschenk-logo-ladungssicherung-1-96x96.png\",\"caption\":\"Rothschenk\"},\"description\":\"\u2714 Profi in der Beratung \u2714 Profi an der Laderampe \u2714 Profi bei der Abwicklung Ihrer W\u00fcnsche \u2714 Ladungssicherung Made in Germany\",\"url\":\"https:\\\/\\\/rothschenk.de\\\/pl\\\/author\\\/rothschenk\\\/\"}]}<\/script>\n<!-- \/ Yoast SEO plugin. -->","yoast_head_json":{"title":"Dzieci oczarowane Dniem Myszy - Rothschenk","description":"W Dniu Myszy firma G&H GmbH Rothschenk zaprezentowa\u0142a \u015bwiat zabezpieczania \u0142adunk\u00f3w na terenie swojej firmy we wsp\u00f3\u0142pracy z WDR.","robots":{"index":"index","follow":"follow","max-snippet":"max-snippet:-1","max-image-preview":"max-image-preview:large","max-video-preview":"max-video-preview:-1"},"canonical":"https:\/\/rothschenk.de\/pl\/dzieci-oczarowane-dniem-myszy\/","og_locale":"pl_PL","og_type":"article","og_title":"Dzieci oczarowane Dniem Myszy - Rothschenk","og_description":"W Dniu Myszy firma G&H GmbH Rothschenk zaprezentowa\u0142a \u015bwiat zabezpieczania \u0142adunk\u00f3w na terenie swojej firmy we wsp\u00f3\u0142pracy z WDR.","og_url":"https:\/\/rothschenk.de\/pl\/dzieci-oczarowane-dniem-myszy\/","og_site_name":"Rothschenk","article_publisher":"https:\/\/de-de.facebook.com\/FirmaRothschenk\/","article_published_time":"2018-10-04T11:45:11+00:00","article_modified_time":"2025-06-30T15:08:05+00:00","og_image":[{"width":1920,"height":1078,"url":"https:\/\/rothschenk.de\/wp-content\/uploads\/2023\/12\/kinder-gefesselt-vom-maustag.jpg","type":"image\/jpeg"}],"author":"Rothschenk","twitter_card":"summary_large_image","twitter_misc":{"Napisane przez":"Rothschenk","Szacowany czas czytania":"2 minuty"},"schema":{"@context":"https:\/\/schema.org","@graph":[{"@type":"Article","@id":"https:\/\/rothschenk.de\/pl\/dzieci-oczarowane-dniem-myszy\/#article","isPartOf":{"@id":"https:\/\/rothschenk.de\/pl\/dzieci-oczarowane-dniem-myszy\/"},"author":{"name":"Rothschenk","@id":"https:\/\/rothschenk.de\/pl\/#\/schema\/person\/e29bf5cc9df61e6c87f80cdf8ba1be93"},"headline":"Dzieci oczarowane Dniem Myszy","datePublished":"2018-10-04T11:45:11+00:00","dateModified":"2025-06-30T15:08:05+00:00","mainEntityOfPage":{"@id":"https:\/\/rothschenk.de\/pl\/dzieci-oczarowane-dniem-myszy\/"},"wordCount":385,"commentCount":0,"image":{"@id":"https:\/\/rothschenk.de\/pl\/dzieci-oczarowane-dniem-myszy\/#primaryimage"},"thumbnailUrl":"https:\/\/rothschenk.de\/wp-content\/uploads\/2023\/12\/kinder-gefesselt-vom-maustag.jpg","articleSection":["Wiadomo\u015bci Rothschenk"],"inLanguage":"pl-PL","potentialAction":[{"@type":"CommentAction","name":"Comment","target":["https:\/\/rothschenk.de\/pl\/dzieci-oczarowane-dniem-myszy\/#respond"]}]},{"@type":"WebPage","@id":"https:\/\/rothschenk.de\/pl\/dzieci-oczarowane-dniem-myszy\/","url":"https:\/\/rothschenk.de\/pl\/dzieci-oczarowane-dniem-myszy\/","name":"Dzieci oczarowane Dniem Myszy - Rothschenk","isPartOf":{"@id":"https:\/\/rothschenk.de\/pl\/#website"},"primaryImageOfPage":{"@id":"https:\/\/rothschenk.de\/pl\/dzieci-oczarowane-dniem-myszy\/#primaryimage"},"image":{"@id":"https:\/\/rothschenk.de\/pl\/dzieci-oczarowane-dniem-myszy\/#primaryimage"},"thumbnailUrl":"https:\/\/rothschenk.de\/wp-content\/uploads\/2023\/12\/kinder-gefesselt-vom-maustag.jpg","datePublished":"2018-10-04T11:45:11+00:00","dateModified":"2025-06-30T15:08:05+00:00","author":{"@id":"https:\/\/rothschenk.de\/pl\/#\/schema\/person\/e29bf5cc9df61e6c87f80cdf8ba1be93"},"description":"W Dniu Myszy firma G&H GmbH Rothschenk zaprezentowa\u0142a \u015bwiat zabezpieczania \u0142adunk\u00f3w na terenie swojej firmy we wsp\u00f3\u0142pracy z WDR.","breadcrumb":{"@id":"https:\/\/rothschenk.de\/pl\/dzieci-oczarowane-dniem-myszy\/#breadcrumb"},"inLanguage":"pl-PL","potentialAction":[{"@type":"ReadAction","target":["https:\/\/rothschenk.de\/pl\/dzieci-oczarowane-dniem-myszy\/"]}]},{"@type":"ImageObject","inLanguage":"pl-PL","@id":"https:\/\/rothschenk.de\/pl\/dzieci-oczarowane-dniem-myszy\/#primaryimage","url":"https:\/\/rothschenk.de\/wp-content\/uploads\/2023\/12\/kinder-gefesselt-vom-maustag.jpg","contentUrl":"https:\/\/rothschenk.de\/wp-content\/uploads\/2023\/12\/kinder-gefesselt-vom-maustag.jpg","width":1920,"height":1078},{"@type":"BreadcrumbList","@id":"https:\/\/rothschenk.de\/pl\/dzieci-oczarowane-dniem-myszy\/#breadcrumb","itemListElement":[{"@type":"ListItem","position":1,"name":"Strona g\u0142\u00f3wna","item":"https:\/\/rothschenk.de\/pl\/strona-glowna\/"},{"@type":"ListItem","position":2,"name":"Dzieci oczarowane Dniem Myszy"}]},{"@type":"WebSite","@id":"https:\/\/rothschenk.de\/pl\/#website","url":"https:\/\/rothschenk.de\/pl\/","name":"Rothschenk - Der Online Shop f\u00fcr Ladungssicherung","description":"Der Online Shop f\u00fcr Ladungssicherung","potentialAction":[{"@type":"SearchAction","target":{"@type":"EntryPoint","urlTemplate":"https:\/\/rothschenk.de\/pl\/?s={search_term_string}"},"query-input":{"@type":"PropertyValueSpecification","valueRequired":true,"valueName":"search_term_string"}}],"inLanguage":"pl-PL"},{"@type":"Person","@id":"https:\/\/rothschenk.de\/pl\/#\/schema\/person\/e29bf5cc9df61e6c87f80cdf8ba1be93","name":"Rothschenk","image":{"@type":"ImageObject","inLanguage":"pl-PL","@id":"https:\/\/rothschenk.de\/wp-content\/uploads\/2024\/03\/cropped-cropped-Rothschenk-logo-ladungssicherung-1-96x96.png","url":"https:\/\/rothschenk.de\/wp-content\/uploads\/2024\/03\/cropped-cropped-Rothschenk-logo-ladungssicherung-1-96x96.png","contentUrl":"https:\/\/rothschenk.de\/wp-content\/uploads\/2024\/03\/cropped-cropped-Rothschenk-logo-ladungssicherung-1-96x96.png","caption":"Rothschenk"},"description":"\u2714 Profi in der Beratung \u2714 Profi an der Laderampe \u2714 Profi bei der Abwicklung Ihrer W\u00fcnsche \u2714 Ladungssicherung Made in Germany","url":"https:\/\/rothschenk.de\/pl\/author\/rothschenk\/"}]}},"_links":{"self":[{"href":"https:\/\/rothschenk.de\/pl\/wp-json\/wp\/v2\/posts\/681554","targetHints":{"allow":["GET"]}}],"collection":[{"href":"https:\/\/rothschenk.de\/pl\/wp-json\/wp\/v2\/posts"}],"about":[{"href":"https:\/\/rothschenk.de\/pl\/wp-json\/wp\/v2\/types\/post"}],"author":[{"embeddable":true,"href":"https:\/\/rothschenk.de\/pl\/wp-json\/wp\/v2\/users\/1539"}],"replies":[{"embeddable":true,"href":"https:\/\/rothschenk.de\/pl\/wp-json\/wp\/v2\/comments?post=681554"}],"version-history":[{"count":1,"href":"https:\/\/rothschenk.de\/pl\/wp-json\/wp\/v2\/posts\/681554\/revisions"}],"predecessor-version":[{"id":681577,"href":"https:\/\/rothschenk.de\/pl\/wp-json\/wp\/v2\/posts\/681554\/revisions\/681577"}],"wp:featuredmedia":[{"embeddable":true,"href":"https:\/\/rothschenk.de\/pl\/wp-json\/wp\/v2\/media\/680495"}],"wp:attachment":[{"href":"https:\/\/rothschenk.de\/pl\/wp-json\/wp\/v2\/media?parent=681554"}],"wp:term":[{"taxonomy":"category","embeddable":true,"href":"https:\/\/rothschenk.de\/pl\/wp-json\/wp\/v2\/categories?post=681554"},{"taxonomy":"post_tag","embeddable":true,"href":"https:\/\/rothschenk.de\/pl\/wp-json\/wp\/v2\/tags?post=681554"}],"curies":[{"name":"wp","href":"https:\/\/api.w.org\/{rel}","templated":true}]}}