{"id":681680,"date":"2021-02-20T13:56:00","date_gmt":"2021-02-20T12:56:00","guid":{"rendered":"https:\/\/rothschenk.de\/odcinek-1-identyfikacja-kontenera-co-oznacza-etykieta-na-drzwiach-kontenera\/"},"modified":"2025-06-30T17:09:10","modified_gmt":"2025-06-30T15:09:10","slug":"odcinek-1-identyfikacja-kontenera-co-oznacza-etykieta-na-drzwiach-kontenera","status":"publish","type":"post","link":"https:\/\/rothschenk.de\/pl\/odcinek-1-identyfikacja-kontenera-co-oznacza-etykieta-na-drzwiach-kontenera\/","title":{"rendered":"Odcinek 1: Identyfikacja kontenera &#8211; Co oznacza etykieta na drzwiach kontenera?"},"content":{"rendered":"\n<p>Poniewa\u017c <a href=\"https:\/\/rothschenk.de\/container\/\">kontenery<\/a> s\u0105 jednym z najpopularniejszych \u015brodk\u00f3w transportu, na drogach mo\u017cna zobaczy\u0107 wiele z nich, zazwyczaj od ty\u0142u. Na tylnych drzwiach znajduje si\u0119 wiele informacji, kt\u00f3re s\u0105 bardzo wa\u017cne dla tych, kt\u00f3rzy musz\u0105 za\u0142adowa\u0107 kontenery. Dlatego w tym odcinku chcia\u0142bym wyja\u015bni\u0107 etykiety i ich znaczenie.  <\/p>\n\n<h2 class=\"wp-block-heading has-black-color has-text-color has-link-color wp-elements-dd6a0abfa7c7cbead69d7f29f859c8f2\">Tylne drzwi<\/h2>\n\n<div class=\"wp-block-columns has-white-color has-text-color has-background has-link-color wp-elements-f6249a3b103c12ddab0fc483d5425df2 is-layout-flex wp-container-core-columns-is-layout-28f84493 wp-block-columns-is-layout-flex\" style=\"background-color:#f5f5f5\">\n<div class=\"wp-block-column is-vertically-aligned-center is-layout-flow wp-block-column-is-layout-flow\" style=\"flex-basis:75%\">\n<p class=\"has-black-color has-text-color has-link-color wp-elements-9d7d9973d6e290058211129f439631b0\"><strong>Logo<\/strong> w\u0142a\u015bciciela kontenera, Hanjin, oraz jego strona internetowa znajduj\u0105 si\u0119 w g\u00f3rnej jednej trzeciej po lewej stronie, dzi\u0119ki czemu mo\u017cna dowiedzie\u0107 si\u0119 wi\u0119cej. Informacje te nie s\u0105 jednak niezb\u0119dne. Prawa strona jest znacznie wa\u017cniejsza, poniewa\u017c zawiera informacje, kt\u00f3re musz\u0105 by\u0107 zawarte w identyfikacji kontenera. Ten <strong>10-cyfrowy kod literowo-cyfrowy<\/strong> musi by\u0107 zawarty tutaj i na wszystkich stronach.    <\/p>\n<\/div>\n\n\n\n<div class=\"wp-block-column is-vertically-aligned-center is-layout-flow wp-block-column-is-layout-flow\">\n<figure data-wp-context=\"{&quot;imageId&quot;:&quot;69f09d08921c9&quot;}\" data-wp-interactive=\"core\/image\" data-wp-key=\"69f09d08921c9\" class=\"wp-block-image size-medium wp-lightbox-container\"><img fetchpriority=\"high\" decoding=\"async\" width=\"300\" height=\"225\" data-wp-class--hide=\"state.isContentHidden\" data-wp-class--show=\"state.isContentVisible\" data-wp-init=\"callbacks.setButtonStyles\" data-wp-on--click=\"actions.showLightbox\" data-wp-on--load=\"callbacks.setButtonStyles\" data-wp-on-window--resize=\"callbacks.setButtonStyles\" src=\"https:\/\/rothschenk.de\/wp-content\/uploads\/2024\/03\/lkw-mit-container-von-hinten-fotografiert-mit-ctu-bezeichnungen-rothschenk-300x225.jpg\" alt=\"\" class=\"wp-image-143991\" srcset=\"https:\/\/rothschenk.de\/wp-content\/uploads\/2024\/03\/lkw-mit-container-von-hinten-fotografiert-mit-ctu-bezeichnungen-rothschenk-300x225.jpg 300w, https:\/\/rothschenk.de\/wp-content\/uploads\/2024\/03\/lkw-mit-container-von-hinten-fotografiert-mit-ctu-bezeichnungen-rothschenk-1024x768.jpg 1024w, https:\/\/rothschenk.de\/wp-content\/uploads\/2024\/03\/lkw-mit-container-von-hinten-fotografiert-mit-ctu-bezeichnungen-rothschenk-768x576.jpg 768w, https:\/\/rothschenk.de\/wp-content\/uploads\/2024\/03\/lkw-mit-container-von-hinten-fotografiert-mit-ctu-bezeichnungen-rothschenk-1536x1152.jpg 1536w, https:\/\/rothschenk.de\/wp-content\/uploads\/2024\/03\/lkw-mit-container-von-hinten-fotografiert-mit-ctu-bezeichnungen-rothschenk-600x450.jpg 600w, https:\/\/rothschenk.de\/wp-content\/uploads\/2024\/03\/lkw-mit-container-von-hinten-fotografiert-mit-ctu-bezeichnungen-rothschenk.jpg 2048w\" sizes=\"(max-width: 300px) 100vw, 300px\" \/><button\n\t\t\tclass=\"lightbox-trigger\"\n\t\t\ttype=\"button\"\n\t\t\taria-haspopup=\"dialog\"\n\t\t\taria-label=\"Powi\u0119ksz\"\n\t\t\tdata-wp-init=\"callbacks.initTriggerButton\"\n\t\t\tdata-wp-on--click=\"actions.showLightbox\"\n\t\t\tdata-wp-style--right=\"state.imageButtonRight\"\n\t\t\tdata-wp-style--top=\"state.imageButtonTop\"\n\t\t>\n\t\t\t<svg xmlns=\"http:\/\/www.w3.org\/2000\/svg\" width=\"12\" height=\"12\" fill=\"none\" viewBox=\"0 0 12 12\">\n\t\t\t\t<path fill=\"#fff\" d=\"M2 0a2 2 0 0 0-2 2v2h1.5V2a.5.5 0 0 1 .5-.5h2V0H2Zm2 10.5H2a.5.5 0 0 1-.5-.5V8H0v2a2 2 0 0 0 2 2h2v-1.5ZM8 12v-1.5h2a.5.5 0 0 0 .5-.5V8H12v2a2 2 0 0 1-2 2H8Zm2-12a2 2 0 0 1 2 2v2h-1.5V2a.5.5 0 0 0-.5-.5H8V0h2Z\" \/>\n\t\t\t<\/svg>\n\t\t<\/button><\/figure>\n<\/div>\n<\/div>\n\n<div style=\"height:35px\" aria-hidden=\"true\" class=\"wp-block-spacer\"><\/div>\n\n<div class=\"wp-block-columns is-layout-flex wp-container-core-columns-is-layout-28f84493 wp-block-columns-is-layout-flex\">\n<div class=\"wp-block-column is-vertically-aligned-center is-layout-flow wp-block-column-is-layout-flow\" style=\"flex-basis:75%\">\n<h3 class=\"wp-block-heading\">Etykietowanie<\/h3>\n\n\n\n<p>Pe\u0142ne oznaczenie na zdj\u0119ciu to: <strong>HJC U 192271 3<\/strong><\/p>\n\n\n\n<p>Po pierwsze, istnieje kod w\u0142a\u015bciciela<strong>&#8222;HJCU<\/strong>&#8222;. Litery HJC oznaczaj\u0105 Hanjin, podczas gdy litera<strong>&#8222;U<\/strong>&#8221; (kod grupy produkt\u00f3w) oznacza Unit i dlatego pojawia si\u0119 we wszystkich kodach w\u0142a\u015bciciela w sektorze kontenerowym.  <\/p>\n<\/div>\n\n\n\n<div class=\"wp-block-column is-layout-flow wp-block-column-is-layout-flow\">\n<figure data-wp-context=\"{&quot;imageId&quot;:&quot;69f09d0892939&quot;}\" data-wp-interactive=\"core\/image\" data-wp-key=\"69f09d0892939\" class=\"wp-block-image size-full wp-lightbox-container\"><img decoding=\"async\" width=\"499\" height=\"241\" data-wp-class--hide=\"state.isContentHidden\" data-wp-class--show=\"state.isContentVisible\" data-wp-init=\"callbacks.setButtonStyles\" data-wp-on--click=\"actions.showLightbox\" data-wp-on--load=\"callbacks.setButtonStyles\" data-wp-on-window--resize=\"callbacks.setButtonStyles\" src=\"https:\/\/rothschenk.de\/wp-content\/uploads\/2024\/03\/lkw-mit-container-von-hinten-fotografiert-mit-ctu-bezeichnungen-detailaufnahme-rothschenk.jpg.png\" alt=\"\" class=\"wp-image-143988\" srcset=\"https:\/\/rothschenk.de\/wp-content\/uploads\/2024\/03\/lkw-mit-container-von-hinten-fotografiert-mit-ctu-bezeichnungen-detailaufnahme-rothschenk.jpg.png 499w, https:\/\/rothschenk.de\/wp-content\/uploads\/2024\/03\/lkw-mit-container-von-hinten-fotografiert-mit-ctu-bezeichnungen-detailaufnahme-rothschenk.jpg-300x145.png 300w\" sizes=\"(max-width: 499px) 100vw, 499px\" \/><button\n\t\t\tclass=\"lightbox-trigger\"\n\t\t\ttype=\"button\"\n\t\t\taria-haspopup=\"dialog\"\n\t\t\taria-label=\"Powi\u0119ksz\"\n\t\t\tdata-wp-init=\"callbacks.initTriggerButton\"\n\t\t\tdata-wp-on--click=\"actions.showLightbox\"\n\t\t\tdata-wp-style--right=\"state.imageButtonRight\"\n\t\t\tdata-wp-style--top=\"state.imageButtonTop\"\n\t\t>\n\t\t\t<svg xmlns=\"http:\/\/www.w3.org\/2000\/svg\" width=\"12\" height=\"12\" fill=\"none\" viewBox=\"0 0 12 12\">\n\t\t\t\t<path fill=\"#fff\" d=\"M2 0a2 2 0 0 0-2 2v2h1.5V2a.5.5 0 0 1 .5-.5h2V0H2Zm2 10.5H2a.5.5 0 0 1-.5-.5V8H0v2a2 2 0 0 0 2 2h2v-1.5ZM8 12v-1.5h2a.5.5 0 0 0 .5-.5V8H12v2a2 2 0 0 1-2 2H8Zm2-12a2 2 0 0 1 2 2v2h-1.5V2a.5.5 0 0 0-.5-.5H8V0h2Z\" \/>\n\t\t\t<\/svg>\n\t\t<\/button><\/figure>\n<\/div>\n<\/div>\n\n<p>Sam 6-cyfrowy numer rejestracyjny<strong>&#8222;192 271<\/strong>&#8221; nie jest wystarczaj\u0105cy do jednoznacznej identyfikacji. Sk\u0142ada si\u0119 on zawsze z 6 cyfr, a brakuj\u0105ce cyfry s\u0105 uzupe\u0142niane zerami przez w\u0142a\u015bciciela. Oddzielona cyfra <strong>3 jest <\/strong>cyfr\u0105 kontroln\u0105. S\u0142u\u017cy ona do sprawdzania dok\u0142adno\u015bci i wiarygodno\u015bci informacji. Systemy przetwarzania danych maj\u0105 algorytm, kt\u00f3ry konwertuje informacj\u0119<strong>&#8222;HJC U 192271&#8221;<\/strong> i uzyskuje w wyniku <strong>cyfr\u0119 kontroln\u0105 3 <\/strong>. Je\u015bli wynikiem nie jest &#8222;3&#8221;, informacja\/sekwencja musi by\u0107 nieprawid\u0142owa. Dlatego zaleca si\u0119 akceptowanie rejestracji w zapisie<strong>&#8222;HJCU 192 271 [3]&#8221;<\/strong>. Jest to wa\u017cne, aby unikn\u0105\u0107 \u017ar\u00f3de\u0142 b\u0142\u0119d\u00f3w, zw\u0142aszcza podczas r\u0119cznego przesy\u0142ania.       <\/p>\n\n<p>Opr\u00f3cz numeru identyfikacyjnego w tym obszarze znajduje si\u0119 r\u00f3wnie\u017c oznaczenie typu pojemnika. W tym przyk\u0142adzie oznaczenie typu to <strong>45G1 <\/strong>. Jednak niekt\u00f3rzy okre\u015blaj\u0105 ten typ jako kontener 45&#8243;. Jest to nieprawid\u0142owe.  <\/p>\n\n<div style=\"height:35px\" aria-hidden=\"true\" class=\"wp-block-spacer\"><\/div>\n\n<div class=\"wp-block-columns is-layout-flex wp-container-core-columns-is-layout-28f84493 wp-block-columns-is-layout-flex\">\n<div class=\"wp-block-column is-vertically-aligned-center is-layout-flow wp-block-column-is-layout-flow\" style=\"flex-basis:75%\">\n<h3 class=\"wp-block-heading\">Oznaczenie typu<\/h3>\n\n\n\n<p>Oznaczenia typu s\u0105 regulowane przez norm\u0119 ISO 6346 i sk\u0142adaj\u0105 si\u0119 z 3 element\u00f3w. Pierwsze dwie cyfry oznaczaj\u0105 d\u0142ugo\u015b\u0107 i wysoko\u015b\u0107 pojemnika. Kombinacja liter i cyfr oznacza przeznaczenie.  <\/p>\n<\/div>\n\n\n\n<div class=\"wp-block-column is-layout-flow wp-block-column-is-layout-flow\">\n<figure data-wp-context=\"{&quot;imageId&quot;:&quot;69f09d0892d6d&quot;}\" data-wp-interactive=\"core\/image\" data-wp-key=\"69f09d0892d6d\" class=\"wp-block-image size-medium wp-lightbox-container\"><img decoding=\"async\" width=\"300\" height=\"166\" data-wp-class--hide=\"state.isContentHidden\" data-wp-class--show=\"state.isContentVisible\" data-wp-init=\"callbacks.setButtonStyles\" data-wp-on--click=\"actions.showLightbox\" data-wp-on--load=\"callbacks.setButtonStyles\" data-wp-on-window--resize=\"callbacks.setButtonStyles\" src=\"https:\/\/rothschenk.de\/wp-content\/uploads\/2024\/03\/container-erklaerung-typenbezeichnung-rothschenk-300x166.jpg\" alt=\"\" class=\"wp-image-143982\" srcset=\"https:\/\/rothschenk.de\/wp-content\/uploads\/2024\/03\/container-erklaerung-typenbezeichnung-rothschenk-300x166.jpg 300w, https:\/\/rothschenk.de\/wp-content\/uploads\/2024\/03\/container-erklaerung-typenbezeichnung-rothschenk-600x332.jpg 600w, https:\/\/rothschenk.de\/wp-content\/uploads\/2024\/03\/container-erklaerung-typenbezeichnung-rothschenk.jpg 607w\" sizes=\"(max-width: 300px) 100vw, 300px\" \/><button\n\t\t\tclass=\"lightbox-trigger\"\n\t\t\ttype=\"button\"\n\t\t\taria-haspopup=\"dialog\"\n\t\t\taria-label=\"Powi\u0119ksz\"\n\t\t\tdata-wp-init=\"callbacks.initTriggerButton\"\n\t\t\tdata-wp-on--click=\"actions.showLightbox\"\n\t\t\tdata-wp-style--right=\"state.imageButtonRight\"\n\t\t\tdata-wp-style--top=\"state.imageButtonTop\"\n\t\t>\n\t\t\t<svg xmlns=\"http:\/\/www.w3.org\/2000\/svg\" width=\"12\" height=\"12\" fill=\"none\" viewBox=\"0 0 12 12\">\n\t\t\t\t<path fill=\"#fff\" d=\"M2 0a2 2 0 0 0-2 2v2h1.5V2a.5.5 0 0 1 .5-.5h2V0H2Zm2 10.5H2a.5.5 0 0 1-.5-.5V8H0v2a2 2 0 0 0 2 2h2v-1.5ZM8 12v-1.5h2a.5.5 0 0 0 .5-.5V8H12v2a2 2 0 0 1-2 2H8Zm2-12a2 2 0 0 1 2 2v2h-1.5V2a.5.5 0 0 0-.5-.5H8V0h2Z\" \/>\n\t\t\t<\/svg>\n\t\t<\/button><\/figure>\n<\/div>\n<\/div>\n\n<div class=\"wp-block-columns is-layout-flex wp-container-core-columns-is-layout-28f84493 wp-block-columns-is-layout-flex\">\n<div class=\"wp-block-column is-layout-flow wp-block-column-is-layout-flow\">\n<figure data-wp-context=\"{&quot;imageId&quot;:&quot;69f09d089304b&quot;}\" data-wp-interactive=\"core\/image\" data-wp-key=\"69f09d089304b\" class=\"wp-block-image size-medium wp-lightbox-container\"><img loading=\"lazy\" decoding=\"async\" width=\"300\" height=\"199\" data-wp-class--hide=\"state.isContentHidden\" data-wp-class--show=\"state.isContentVisible\" data-wp-init=\"callbacks.setButtonStyles\" data-wp-on--click=\"actions.showLightbox\" data-wp-on--load=\"callbacks.setButtonStyles\" data-wp-on-window--resize=\"callbacks.setButtonStyles\" src=\"https:\/\/rothschenk.de\/wp-content\/uploads\/2024\/03\/lueftungsoeffnungen-am-container-fuer-druckausgleich-detailaufnahme-rothschenk-300x199.jpg\" alt=\"\" class=\"wp-image-143994\" srcset=\"https:\/\/rothschenk.de\/wp-content\/uploads\/2024\/03\/lueftungsoeffnungen-am-container-fuer-druckausgleich-detailaufnahme-rothschenk-300x199.jpg 300w, https:\/\/rothschenk.de\/wp-content\/uploads\/2024\/03\/lueftungsoeffnungen-am-container-fuer-druckausgleich-detailaufnahme-rothschenk-1024x680.jpg 1024w, https:\/\/rothschenk.de\/wp-content\/uploads\/2024\/03\/lueftungsoeffnungen-am-container-fuer-druckausgleich-detailaufnahme-rothschenk-768x510.jpg 768w, https:\/\/rothschenk.de\/wp-content\/uploads\/2024\/03\/lueftungsoeffnungen-am-container-fuer-druckausgleich-detailaufnahme-rothschenk-1536x1019.jpg 1536w, https:\/\/rothschenk.de\/wp-content\/uploads\/2024\/03\/lueftungsoeffnungen-am-container-fuer-druckausgleich-detailaufnahme-rothschenk-2048x1359.jpg 2048w, https:\/\/rothschenk.de\/wp-content\/uploads\/2024\/03\/lueftungsoeffnungen-am-container-fuer-druckausgleich-detailaufnahme-rothschenk-600x398.jpg 600w\" sizes=\"(max-width: 300px) 100vw, 300px\" \/><button\n\t\t\tclass=\"lightbox-trigger\"\n\t\t\ttype=\"button\"\n\t\t\taria-haspopup=\"dialog\"\n\t\t\taria-label=\"Powi\u0119ksz\"\n\t\t\tdata-wp-init=\"callbacks.initTriggerButton\"\n\t\t\tdata-wp-on--click=\"actions.showLightbox\"\n\t\t\tdata-wp-style--right=\"state.imageButtonRight\"\n\t\t\tdata-wp-style--top=\"state.imageButtonTop\"\n\t\t>\n\t\t\t<svg xmlns=\"http:\/\/www.w3.org\/2000\/svg\" width=\"12\" height=\"12\" fill=\"none\" viewBox=\"0 0 12 12\">\n\t\t\t\t<path fill=\"#fff\" d=\"M2 0a2 2 0 0 0-2 2v2h1.5V2a.5.5 0 0 1 .5-.5h2V0H2Zm2 10.5H2a.5.5 0 0 1-.5-.5V8H0v2a2 2 0 0 0 2 2h2v-1.5ZM8 12v-1.5h2a.5.5 0 0 0 .5-.5V8H12v2a2 2 0 0 1-2 2H8Zm2-12a2 2 0 0 1 2 2v2h-1.5V2a.5.5 0 0 0-.5-.5H8V0h2Z\" \/>\n\t\t\t<\/svg>\n\t\t<\/button><\/figure>\n<\/div>\n\n\n\n<div class=\"wp-block-column is-vertically-aligned-center is-layout-flow wp-block-column-is-layout-flow\" style=\"flex-basis:75%\">\n<p>Oznaczenie G1 oznacza kontener z <strong>pasywn\u0105 wentylacj\u0105<\/strong>. Jednak te otwory wentylacyjne, znajduj\u0105ce si\u0119 tu\u017c poni\u017cej g\u00f3rnego elementu bocznego, s\u0142u\u017c\u0105 g\u0142\u00f3wnie do wyr\u00f3wnywania ci\u015bnienia. <\/p>\n\n\n\n<p>Wewn\u0119trzna temperatura pojemnika mo\u017ce znacznie wzrosn\u0105\u0107 pod wp\u0142ywem \u015bwiat\u0142a s\u0142onecznego, powoduj\u0105c rozpr\u0119\u017cenie powietrza i wzrost ci\u015bnienia w pojemniku. Zapobiegaj\u0105 temu otwory wyr\u00f3wnuj\u0105ce ci\u015bnienie. Ich dzia\u0142anie nale\u017cy sprawdzi\u0107 podczas kontroli towar\u00f3w przychodz\u0105cych.  <\/p>\n<\/div>\n<\/div>\n\n<div style=\"height:35px\" aria-hidden=\"true\" class=\"wp-block-spacer\"><\/div>\n\n<h3 class=\"wp-block-heading\">\u0141adowanie<\/h3>\n\n<p>\u015arodkowa trzecia cz\u0119\u015b\u0107 prawych drzwi kontenera zawiera wa\u017cne informacje na temat \u0142adunku. Waga podana jest w funtach ameryka\u0144skich <strong>(1LB\/LBS=0<\/strong>,454 kg) i kilogramach<strong>(KG<\/strong>). <\/p>\n\n<p>Maksymalna waga<strong>(MAXGROSS<\/strong>) kontenera wynosi 32 500 kg lub 71 650 LB.<\/p>\n\n<p>Masa w\u0142asna<strong>(TARE<\/strong>), tj. masa bez \u0142adunku, wynosi 3 930 kg lub 8 660 LB. Informacje te nale\u017cy wykorzysta\u0107 przy okre\u015blaniu zweryfikowanej masy brutto<strong>(VGM<\/strong>). Szczeg\u00f3\u0142y dotycz\u0105ce zweryfikowanej masy brutto<strong>(VGM<\/strong>) zostan\u0105 opisane w jednym z kolejnych odcink\u00f3w.  <\/p>\n\n<figure data-wp-context=\"{&quot;imageId&quot;:&quot;69f09d0893452&quot;}\" data-wp-interactive=\"core\/image\" data-wp-key=\"69f09d0893452\" class=\"wp-block-image size-full wp-lightbox-container\"><img loading=\"lazy\" decoding=\"async\" width=\"499\" height=\"196\" data-wp-class--hide=\"state.isContentHidden\" data-wp-class--show=\"state.isContentVisible\" data-wp-init=\"callbacks.setButtonStyles\" data-wp-on--click=\"actions.showLightbox\" data-wp-on--load=\"callbacks.setButtonStyles\" data-wp-on-window--resize=\"callbacks.setButtonStyles\" src=\"https:\/\/rothschenk.de\/wp-content\/uploads\/2024\/03\/container-beschriftung-tuere-zu-beladung-rothschenk.png\" alt=\"\" class=\"wp-image-143997\" srcset=\"https:\/\/rothschenk.de\/wp-content\/uploads\/2024\/03\/container-beschriftung-tuere-zu-beladung-rothschenk.png 499w, https:\/\/rothschenk.de\/wp-content\/uploads\/2024\/03\/container-beschriftung-tuere-zu-beladung-rothschenk-300x118.png 300w\" sizes=\"(max-width: 499px) 100vw, 499px\" \/><button\n\t\t\tclass=\"lightbox-trigger\"\n\t\t\ttype=\"button\"\n\t\t\taria-haspopup=\"dialog\"\n\t\t\taria-label=\"Powi\u0119ksz\"\n\t\t\tdata-wp-init=\"callbacks.initTriggerButton\"\n\t\t\tdata-wp-on--click=\"actions.showLightbox\"\n\t\t\tdata-wp-style--right=\"state.imageButtonRight\"\n\t\t\tdata-wp-style--top=\"state.imageButtonTop\"\n\t\t>\n\t\t\t<svg xmlns=\"http:\/\/www.w3.org\/2000\/svg\" width=\"12\" height=\"12\" fill=\"none\" viewBox=\"0 0 12 12\">\n\t\t\t\t<path fill=\"#fff\" d=\"M2 0a2 2 0 0 0-2 2v2h1.5V2a.5.5 0 0 1 .5-.5h2V0H2Zm2 10.5H2a.5.5 0 0 1-.5-.5V8H0v2a2 2 0 0 0 2 2h2v-1.5ZM8 12v-1.5h2a.5.5 0 0 0 .5-.5V8H12v2a2 2 0 0 1-2 2H8Zm2-12a2 2 0 0 1 2 2v2h-1.5V2a.5.5 0 0 0-.5-.5H8V0h2Z\" \/>\n\t\t\t<\/svg>\n\t\t<\/button><\/figure>\n\n<p>Obejmuje to informacje o \u0142adowno\u015bci<strong>(PAYLOAD<\/strong>) i obj\u0119to\u015bci<strong>(CUBE<\/strong>). Kontener zosta\u0142 zaprojektowany dla maksymalnej \u0142adowno\u015bci 28 570 kg i ma obj\u0119to\u015b\u0107<strong>(CUM<\/strong>) 76,4<sup>m3<\/sup>. Podczas za\u0142adunku kontenera nale\u017cy jednak wzi\u0105\u0107 pod uwag\u0119, \u017ce ca\u0142kowita masa jednostki transportowej nie mo\u017ce przekroczy\u0107 40 000 kg (40 t) lub 44 000 kg (44 t) w przypadku transportu drogowego. Oznacza to, \u017ce w zale\u017cno\u015bci od masy w\u0142asnej jednostki transportowej (ci\u0105gnik siod\u0142owy + podwozie + tara kontenera) mo\u017cna za\u0142adowa\u0107 znacznie mniej kilogram\u00f3w ni\u017c wskazano na drzwiach kontenera.   <\/p>\n\n<div style=\"height:35px\" aria-hidden=\"true\" class=\"wp-block-spacer\"><\/div>\n\n<h3 class=\"wp-block-heading\">Odznaka CSC<\/h3>\n\n<div class=\"wp-block-columns is-layout-flex wp-container-core-columns-is-layout-28f84493 wp-block-columns-is-layout-flex\">\n<div class=\"wp-block-column is-vertically-aligned-center is-layout-flow wp-block-column-is-layout-flow\" style=\"flex-basis:75%\">\n<p>Tak zwana etykieta CSC znajduje si\u0119 w dolnej jednej trzeciej lewych lub czasami tak\u017ce prawych drzwi kontenera. Etykieta ta musi by\u0107 obecna podczas transportu morskiego. Jest to zatem najwa\u017cniejszy punkt podczas inspekcji przychodz\u0105cej przeprowadzanej przez nadawc\u0119\/pakowacza. Je\u015bli brakuje tej naklejki, kontener nie mo\u017ce zosta\u0107 za\u0142adowany.   <\/p>\n<\/div>\n\n\n\n<div class=\"wp-block-column is-layout-flow wp-block-column-is-layout-flow\">\n<figure data-wp-context=\"{&quot;imageId&quot;:&quot;69f09d089376e&quot;}\" data-wp-interactive=\"core\/image\" data-wp-key=\"69f09d089376e\" class=\"wp-block-image size-medium wp-lightbox-container\"><img loading=\"lazy\" decoding=\"async\" width=\"300\" height=\"114\" data-wp-class--hide=\"state.isContentHidden\" data-wp-class--show=\"state.isContentVisible\" data-wp-init=\"callbacks.setButtonStyles\" data-wp-on--click=\"actions.showLightbox\" data-wp-on--load=\"callbacks.setButtonStyles\" data-wp-on-window--resize=\"callbacks.setButtonStyles\" src=\"https:\/\/rothschenk.de\/wp-content\/uploads\/2024\/03\/container-csc-plakette-beschriftung-tuere-rothschenk-300x114.png\" alt=\"\" class=\"wp-image-143979\" srcset=\"https:\/\/rothschenk.de\/wp-content\/uploads\/2024\/03\/container-csc-plakette-beschriftung-tuere-rothschenk-300x114.png 300w, https:\/\/rothschenk.de\/wp-content\/uploads\/2024\/03\/container-csc-plakette-beschriftung-tuere-rothschenk.png 499w\" sizes=\"(max-width: 300px) 100vw, 300px\" \/><button\n\t\t\tclass=\"lightbox-trigger\"\n\t\t\ttype=\"button\"\n\t\t\taria-haspopup=\"dialog\"\n\t\t\taria-label=\"Powi\u0119ksz\"\n\t\t\tdata-wp-init=\"callbacks.initTriggerButton\"\n\t\t\tdata-wp-on--click=\"actions.showLightbox\"\n\t\t\tdata-wp-style--right=\"state.imageButtonRight\"\n\t\t\tdata-wp-style--top=\"state.imageButtonTop\"\n\t\t>\n\t\t\t<svg xmlns=\"http:\/\/www.w3.org\/2000\/svg\" width=\"12\" height=\"12\" fill=\"none\" viewBox=\"0 0 12 12\">\n\t\t\t\t<path fill=\"#fff\" d=\"M2 0a2 2 0 0 0-2 2v2h1.5V2a.5.5 0 0 1 .5-.5h2V0H2Zm2 10.5H2a.5.5 0 0 1-.5-.5V8H0v2a2 2 0 0 0 2 2h2v-1.5ZM8 12v-1.5h2a.5.5 0 0 0 .5-.5V8H12v2a2 2 0 0 1-2 2H8Zm2-12a2 2 0 0 1 2 2v2h-1.5V2a.5.5 0 0 0-.5-.5H8V0h2Z\" \/>\n\t\t\t<\/svg>\n\t\t<\/button><\/figure>\n<\/div>\n<\/div>\n\n<div class=\"wp-block-columns is-layout-flex wp-container-core-columns-is-layout-28f84493 wp-block-columns-is-layout-flex\">\n<div class=\"wp-block-column is-layout-flow wp-block-column-is-layout-flow\">\n<figure data-wp-context=\"{&quot;imageId&quot;:&quot;69f09d0893a1f&quot;}\" data-wp-interactive=\"core\/image\" data-wp-key=\"69f09d0893a1f\" class=\"wp-block-image size-medium wp-lightbox-container\"><img loading=\"lazy\" decoding=\"async\" width=\"300\" height=\"195\" data-wp-class--hide=\"state.isContentHidden\" data-wp-class--show=\"state.isContentVisible\" data-wp-init=\"callbacks.setButtonStyles\" data-wp-on--click=\"actions.showLightbox\" data-wp-on--load=\"callbacks.setButtonStyles\" data-wp-on-window--resize=\"callbacks.setButtonStyles\" src=\"https:\/\/rothschenk.de\/wp-content\/uploads\/2024\/03\/container-csc-plakette-beschriftung-tuere-detail-rothschenk-300x195.jpg\" alt=\"\" class=\"wp-image-143973\" srcset=\"https:\/\/rothschenk.de\/wp-content\/uploads\/2024\/03\/container-csc-plakette-beschriftung-tuere-detail-rothschenk-300x195.jpg 300w, https:\/\/rothschenk.de\/wp-content\/uploads\/2024\/03\/container-csc-plakette-beschriftung-tuere-detail-rothschenk-768x498.jpg 768w, https:\/\/rothschenk.de\/wp-content\/uploads\/2024\/03\/container-csc-plakette-beschriftung-tuere-detail-rothschenk-600x389.jpg 600w, https:\/\/rothschenk.de\/wp-content\/uploads\/2024\/03\/container-csc-plakette-beschriftung-tuere-detail-rothschenk.jpg 808w\" sizes=\"(max-width: 300px) 100vw, 300px\" \/><button\n\t\t\tclass=\"lightbox-trigger\"\n\t\t\ttype=\"button\"\n\t\t\taria-haspopup=\"dialog\"\n\t\t\taria-label=\"Powi\u0119ksz\"\n\t\t\tdata-wp-init=\"callbacks.initTriggerButton\"\n\t\t\tdata-wp-on--click=\"actions.showLightbox\"\n\t\t\tdata-wp-style--right=\"state.imageButtonRight\"\n\t\t\tdata-wp-style--top=\"state.imageButtonTop\"\n\t\t>\n\t\t\t<svg xmlns=\"http:\/\/www.w3.org\/2000\/svg\" width=\"12\" height=\"12\" fill=\"none\" viewBox=\"0 0 12 12\">\n\t\t\t\t<path fill=\"#fff\" d=\"M2 0a2 2 0 0 0-2 2v2h1.5V2a.5.5 0 0 1 .5-.5h2V0H2Zm2 10.5H2a.5.5 0 0 1-.5-.5V8H0v2a2 2 0 0 0 2 2h2v-1.5ZM8 12v-1.5h2a.5.5 0 0 0 .5-.5V8H12v2a2 2 0 0 1-2 2H8Zm2-12a2 2 0 0 1 2 2v2h-1.5V2a.5.5 0 0 0-.5-.5H8V0h2Z\" \/>\n\t\t\t<\/svg>\n\t\t<\/button><\/figure>\n<\/div>\n\n\n\n<div class=\"wp-block-column is-vertically-aligned-center is-layout-flow wp-block-column-is-layout-flow\" style=\"flex-basis:75%\">\n<p>Wskazuje, czy kontener zosta\u0142 sprawdzony przez w\u0142a\u015bciciela zgodnie z CSC<strong>(Convetion for Save Containers<\/strong>) oraz czy jest odpowiedni i dopuszczony do transportu morskiego. Data uruchomienia<strong>(DATE MANUFACTURED<\/strong>) jest wskazana na tej etykiecie jako 7\/2006. <\/p>\n<\/div>\n<\/div>\n\n<p>Pierwszy cykl testowy wynosi 5 lat, tj. 7\/2011 r. Ka\u017cdy kolejny cykl testowy jest skr\u00f3cony do maksymalnie 30 miesi\u0119cy (2,5 roku). Data nast\u0119pnego testu musi zatem wynosi\u0107 &#8222;1\/2014&#8221;. Musi ona jednak zawsze nast\u0119powa\u0107 po oczekiwanym zako\u0144czeniu podr\u00f3\u017cy. W przeciwnym razie kontener nie mo\u017ce zosta\u0107 za\u0142adowany.    <\/p>\n\n<div class=\"wp-block-columns is-layout-flex wp-container-core-columns-is-layout-28f84493 wp-block-columns-is-layout-flex\">\n<div class=\"wp-block-column is-vertically-aligned-center is-layout-flow wp-block-column-is-layout-flow\" style=\"flex-basis:75%\">\n<p>Egzamin CSC mo\u017ce by\u0107 na\u0142o\u017cony na tak zwan\u0105 zasad\u0119 ACEP<strong>(Approved<\/strong> <strong>Continuous<\/strong> <strong>Examination<\/strong> <strong>Programme<\/strong>). Oznacza to, \u017ce w\u0142a\u015bciciel zapewnia cz\u0119stotliwo\u015b\u0107 przegl\u0105d\u00f3w wynosz\u0105c\u0105 zazwyczaj 30 miesi\u0119cy. Jego numer rejestracyjny dla tego programu jest wyra\u017cony kodem literowo-cyfrowym <strong>I\/RI 99\/CS\/118\/TO<\/strong>.  <\/p>\n<\/div>\n\n\n\n<div class=\"wp-block-column is-layout-flow wp-block-column-is-layout-flow\">\n<figure data-wp-context=\"{&quot;imageId&quot;:&quot;69f09d0893da9&quot;}\" data-wp-interactive=\"core\/image\" data-wp-key=\"69f09d0893da9\" class=\"wp-block-image size-medium wp-lightbox-container\"><img loading=\"lazy\" decoding=\"async\" width=\"300\" height=\"153\" data-wp-class--hide=\"state.isContentHidden\" data-wp-class--show=\"state.isContentVisible\" data-wp-init=\"callbacks.setButtonStyles\" data-wp-on--click=\"actions.showLightbox\" data-wp-on--load=\"callbacks.setButtonStyles\" data-wp-on-window--resize=\"callbacks.setButtonStyles\" src=\"https:\/\/rothschenk.de\/wp-content\/uploads\/2024\/03\/container-csc-plakette-beschriftung-tuere-detail-naechste-pruefung-rothschenk-300x153.png\" alt=\"\" class=\"wp-image-143970\" srcset=\"https:\/\/rothschenk.de\/wp-content\/uploads\/2024\/03\/container-csc-plakette-beschriftung-tuere-detail-naechste-pruefung-rothschenk-300x153.png 300w, https:\/\/rothschenk.de\/wp-content\/uploads\/2024\/03\/container-csc-plakette-beschriftung-tuere-detail-naechste-pruefung-rothschenk.png 385w\" sizes=\"(max-width: 300px) 100vw, 300px\" \/><button\n\t\t\tclass=\"lightbox-trigger\"\n\t\t\ttype=\"button\"\n\t\t\taria-haspopup=\"dialog\"\n\t\t\taria-label=\"Powi\u0119ksz\"\n\t\t\tdata-wp-init=\"callbacks.initTriggerButton\"\n\t\t\tdata-wp-on--click=\"actions.showLightbox\"\n\t\t\tdata-wp-style--right=\"state.imageButtonRight\"\n\t\t\tdata-wp-style--top=\"state.imageButtonTop\"\n\t\t>\n\t\t\t<svg xmlns=\"http:\/\/www.w3.org\/2000\/svg\" width=\"12\" height=\"12\" fill=\"none\" viewBox=\"0 0 12 12\">\n\t\t\t\t<path fill=\"#fff\" d=\"M2 0a2 2 0 0 0-2 2v2h1.5V2a.5.5 0 0 1 .5-.5h2V0H2Zm2 10.5H2a.5.5 0 0 1-.5-.5V8H0v2a2 2 0 0 0 2 2h2v-1.5ZM8 12v-1.5h2a.5.5 0 0 0 .5-.5V8H12v2a2 2 0 0 1-2 2H8Zm2-12a2 2 0 0 1 2 2v2h-1.5V2a.5.5 0 0 0-.5-.5H8V0h2Z\" \/>\n\t\t\t<\/svg>\n\t\t<\/button><\/figure>\n<\/div>\n<\/div>\n\n<div class=\"wp-block-group is-vertical is-layout-flex wp-container-core-group-is-layout-fe9cc265 wp-block-group-is-layout-flex\">\n<p>Mo\u017ce by\u0107 r\u00f3wnie\u017c inna dla innego organu rejestracyjnego. Na przyk\u0142ad dla Hapag-Lloyd ACEP-D-HH-3, je\u015bli kontener ma jedno z tych oznacze\u0144 ACEP, data inspekcji nie jest ju\u017c wymagana. <\/p>\n\n\n\n<p>Drzwi kontenera maj\u0105 dalsze szczeg\u00f3\u0142y techniczne, kt\u00f3re musz\u0105 by\u0107 przestrzegane lub sprawdzane podczas kontroli towar\u00f3w przychodz\u0105cych. Zw\u0142aszcza je\u015bli chodzi o naklejk\u0119 CSC i inspekcj\u0119 ACEP. B\u0119dzie to tematem kolejnej cz\u0119\u015bci.  <\/p>\n\n\n\n<p>Z powa\u017caniem, Sigurd Ehringer<\/p>\n<\/div>\n\n<div style=\"height:50px\" aria-hidden=\"true\" class=\"wp-block-spacer\"><\/div>\n\n<div class=\"wp-block-columns is-layout-flex wp-container-core-columns-is-layout-28f84493 wp-block-columns-is-layout-flex\">\n<div class=\"wp-block-column is-layout-flow wp-block-column-is-layout-flow\"><\/div>\n\n\n\n<div class=\"wp-block-column is-layout-flow wp-block-column-is-layout-flow\">\n<p class=\"has-text-align-right\">Nast\u0119pny artyku\u0142 &gt;&gt; <br\/><a href=\"https:\/\/rothschenk.de\/csc-plakette-und-acep-erklaerung-der-abkuerzungen-und-inspektionskriterien\/\"> Odcinek 2: Odznaka CSC i ACEP &#8211; wyja\u015bnienie skr\u00f3t\u00f3w i kryteri\u00f3w kontroli<\/a><\/p>\n<\/div>\n<\/div>\n\n<div class=\"wp-block-columns alignfull are-vertically-aligned-center has-background is-layout-flex wp-container-core-columns-is-layout-28f84493 wp-block-columns-is-layout-flex\" style=\"background-color:#516062\">\n<div class=\"wp-block-column blog_autor_zusatz is-layout-flow wp-block-column-is-layout-flow\" style=\"flex-basis:10vw\"><\/div>\n\n\n\n<div class=\"wp-block-column is-vertically-aligned-center is-layout-flow wp-block-column-is-layout-flow\" style=\"flex-basis:20%\">\n<figure class=\"wp-block-image aligncenter size-large is-resized is-style-rounded\"><img loading=\"lazy\" decoding=\"async\" width=\"1024\" height=\"1024\" src=\"https:\/\/rothschenk.de\/wp-content\/uploads\/2024\/02\/sigurd-ehringer-ladungssicherung-ausbilder-und-berater-1024x1024.jpg\" alt=\"\" class=\"wp-image-143199\" style=\"width:150px\" srcset=\"https:\/\/rothschenk.de\/wp-content\/uploads\/2024\/02\/sigurd-ehringer-ladungssicherung-ausbilder-und-berater-1024x1024.jpg 1024w, https:\/\/rothschenk.de\/wp-content\/uploads\/2024\/02\/sigurd-ehringer-ladungssicherung-ausbilder-und-berater-300x300.jpg 300w, https:\/\/rothschenk.de\/wp-content\/uploads\/2024\/02\/sigurd-ehringer-ladungssicherung-ausbilder-und-berater-150x150.jpg 150w, https:\/\/rothschenk.de\/wp-content\/uploads\/2024\/02\/sigurd-ehringer-ladungssicherung-ausbilder-und-berater-768x767.jpg 768w, https:\/\/rothschenk.de\/wp-content\/uploads\/2024\/02\/sigurd-ehringer-ladungssicherung-ausbilder-und-berater-600x600.jpg 600w, https:\/\/rothschenk.de\/wp-content\/uploads\/2024\/02\/sigurd-ehringer-ladungssicherung-ausbilder-und-berater-100x100.jpg 100w, https:\/\/rothschenk.de\/wp-content\/uploads\/2024\/02\/sigurd-ehringer-ladungssicherung-ausbilder-und-berater.jpg 1500w\" sizes=\"(max-width: 1024px) 100vw, 1024px\" \/><\/figure>\n<\/div>\n\n\n\n<div class=\"wp-block-column is-vertically-aligned-center is-layout-flow wp-block-column-is-layout-flow\"><div class=\"wp-block-post-author\"><div class=\"wp-block-post-author__content\"><p class=\"wp-block-post-author__name\">Sigurd Ehringer<\/p><p class=\"wp-block-post-author__bio\">\u2714 VDI-zertifizierter Ausbilder f\u00fcr Ladungssicherung\r\n\u2714 Fachbuch-Autor\r\n\u2714 8 Jahre Projektmanager\r\n\u2714 12 Jahre bei der Bundeswehr (Kompaniechef)\r\n\u2714 20 Jahre Vertriebserfahrung\r\n\u2714 seit 1996 Berater\/Ausbilder in der Logistik\r\n\u2714 44 Jahre Ausbilder\/Trainer in verschiedenen Bereichen &#8212;&gt;\r\n\r\nIn einer Reihe von Fachbeitr\u00e4gen aus der Praxis, zu Themen rund um den Container und LKW, erhalten Sie Profiwissen aus erster Hand. Wie sichert man Ladung korrekt und was sind die Grundlagen der Ladungssicherung?\r\nErarbeitet und vorgestellt werden sie von Sigurd Ehringer, Inhaber von <a href=\"http:\/\/www.se-logcon.de\/\">SE-LogCon<\/a>.<\/p><\/div><\/div><\/div>\n\n\n\n<div class=\"wp-block-column blog_autor_zusatz is-layout-flow wp-block-column-is-layout-flow\" style=\"flex-basis:10vw\"><\/div>\n<\/div>\n","protected":false},"excerpt":{"rendered":"<p>Poniewa\u017c kontenery s\u0105 jednym z najpopularniejszych \u015brodk\u00f3w transportu, na drogach mo\u017cna zobaczy\u0107 wiele z nich, zazwyczaj od ty\u0142u. Na tylnych drzwiach znajduje si\u0119 wiele informacji, kt\u00f3re s\u0105 bardzo wa\u017cne dla tych, kt\u00f3rzy musz\u0105 za\u0142adowa\u0107 kontenery. Dlatego w tym odcinku chcia\u0142bym wyja\u015bni\u0107 etykiety i ich znaczenie. Tylne drzwi Logo w\u0142a\u015bciciela kontenera, Hanjin, oraz jego strona internetowa [&hellip;]<\/p>\n","protected":false},"author":1536,"featured_media":681692,"comment_status":"open","ping_status":"closed","sticky":false,"template":"","format":"standard","meta":{"_acf_changed":false,"footnotes":""},"categories":[893,894],"tags":[],"class_list":["post-681680","post","type-post","status-publish","format-standard","has-post-thumbnail","hentry","category-blog-cargo","category-pojemnik"],"acf":[],"yoast_head":"<!-- This site is optimized with the Yoast SEO plugin v27.4 - https:\/\/yoast.com\/product\/yoast-seo-wordpress\/ -->\n<title>Identyfikacja pojemnik\u00f3w: Etykietowanie i jego znaczenie - Rothschenk<\/title>\n<meta name=\"description\" content=\"Identyfikacja pojemnika \u27a4 Artyku\u0142 techniczny na temat naklejki CSC \u2713 Etykietowanie CTU \u2713 Oznaczenie typu \u2713 Przedstawione przez eksperta LaSi Sigurda Ehringera\" \/>\n<meta name=\"robots\" content=\"index, follow, max-snippet:-1, max-image-preview:large, max-video-preview:-1\" \/>\n<link rel=\"canonical\" href=\"https:\/\/rothschenk.de\/pl\/odcinek-1-identyfikacja-kontenera-co-oznacza-etykieta-na-drzwiach-kontenera\/\" \/>\n<meta property=\"og:locale\" content=\"pl_PL\" \/>\n<meta property=\"og:type\" content=\"article\" \/>\n<meta property=\"og:title\" content=\"Identyfikacja pojemnik\u00f3w: Etykietowanie i jego znaczenie - Rothschenk\" \/>\n<meta property=\"og:description\" content=\"Identyfikacja pojemnika \u27a4 Artyku\u0142 techniczny na temat naklejki CSC \u2713 Etykietowanie CTU \u2713 Oznaczenie typu \u2713 Przedstawione przez eksperta LaSi Sigurda Ehringera\" \/>\n<meta property=\"og:url\" content=\"https:\/\/rothschenk.de\/pl\/odcinek-1-identyfikacja-kontenera-co-oznacza-etykieta-na-drzwiach-kontenera\/\" \/>\n<meta property=\"og:site_name\" content=\"Rothschenk\" \/>\n<meta property=\"article:publisher\" content=\"https:\/\/de-de.facebook.com\/FirmaRothschenk\/\" \/>\n<meta property=\"article:published_time\" content=\"2021-02-20T12:56:00+00:00\" \/>\n<meta property=\"article:modified_time\" content=\"2025-06-30T15:09:10+00:00\" \/>\n<meta property=\"og:image\" content=\"https:\/\/rothschenk.de\/wp-content\/uploads\/2021\/02\/Folge-1-Container-Identifikation-\u2013-Was-bedeutet-die-Beschriftung-auf-einer-Containertuere.jpg\" \/>\n\t<meta property=\"og:image:width\" content=\"1920\" \/>\n\t<meta property=\"og:image:height\" content=\"1078\" \/>\n\t<meta property=\"og:image:type\" content=\"image\/jpeg\" \/>\n<meta name=\"author\" content=\"Sigurd Ehringer\" \/>\n<meta name=\"twitter:card\" content=\"summary_large_image\" \/>\n<meta name=\"twitter:label1\" content=\"Napisane przez\" \/>\n\t<meta name=\"twitter:data1\" content=\"Sigurd Ehringer\" \/>\n\t<meta name=\"twitter:label2\" content=\"Szacowany czas czytania\" \/>\n\t<meta name=\"twitter:data2\" content=\"4 minuty\" \/>\n<script type=\"application\/ld+json\" class=\"yoast-schema-graph\">{\"@context\":\"https:\\\/\\\/schema.org\",\"@graph\":[{\"@type\":\"Article\",\"@id\":\"https:\\\/\\\/rothschenk.de\\\/pl\\\/odcinek-1-identyfikacja-kontenera-co-oznacza-etykieta-na-drzwiach-kontenera\\\/#article\",\"isPartOf\":{\"@id\":\"https:\\\/\\\/rothschenk.de\\\/pl\\\/odcinek-1-identyfikacja-kontenera-co-oznacza-etykieta-na-drzwiach-kontenera\\\/\"},\"author\":{\"name\":\"Sigurd Ehringer\",\"@id\":\"https:\\\/\\\/rothschenk.de\\\/pl\\\/#\\\/schema\\\/person\\\/8878c3ce4ac9607e11b12c500ead07e8\"},\"headline\":\"Odcinek 1: Identyfikacja kontenera &#8211; Co oznacza etykieta na drzwiach kontenera?\",\"datePublished\":\"2021-02-20T12:56:00+00:00\",\"dateModified\":\"2025-06-30T15:09:10+00:00\",\"mainEntityOfPage\":{\"@id\":\"https:\\\/\\\/rothschenk.de\\\/pl\\\/odcinek-1-identyfikacja-kontenera-co-oznacza-etykieta-na-drzwiach-kontenera\\\/\"},\"wordCount\":864,\"commentCount\":0,\"image\":{\"@id\":\"https:\\\/\\\/rothschenk.de\\\/pl\\\/odcinek-1-identyfikacja-kontenera-co-oznacza-etykieta-na-drzwiach-kontenera\\\/#primaryimage\"},\"thumbnailUrl\":\"https:\\\/\\\/rothschenk.de\\\/wp-content\\\/uploads\\\/2021\\\/02\\\/Folge-1-Container-Identifikation-\u2013-Was-bedeutet-die-Beschriftung-auf-einer-Containertuere.jpg\",\"articleSection\":[\"Blog Cargo\",\"Pojemnik\"],\"inLanguage\":\"pl-PL\",\"potentialAction\":[{\"@type\":\"CommentAction\",\"name\":\"Comment\",\"target\":[\"https:\\\/\\\/rothschenk.de\\\/pl\\\/odcinek-1-identyfikacja-kontenera-co-oznacza-etykieta-na-drzwiach-kontenera\\\/#respond\"]}]},{\"@type\":\"WebPage\",\"@id\":\"https:\\\/\\\/rothschenk.de\\\/pl\\\/odcinek-1-identyfikacja-kontenera-co-oznacza-etykieta-na-drzwiach-kontenera\\\/\",\"url\":\"https:\\\/\\\/rothschenk.de\\\/pl\\\/odcinek-1-identyfikacja-kontenera-co-oznacza-etykieta-na-drzwiach-kontenera\\\/\",\"name\":\"Identyfikacja pojemnik\u00f3w: Etykietowanie i jego znaczenie - Rothschenk\",\"isPartOf\":{\"@id\":\"https:\\\/\\\/rothschenk.de\\\/pl\\\/#website\"},\"primaryImageOfPage\":{\"@id\":\"https:\\\/\\\/rothschenk.de\\\/pl\\\/odcinek-1-identyfikacja-kontenera-co-oznacza-etykieta-na-drzwiach-kontenera\\\/#primaryimage\"},\"image\":{\"@id\":\"https:\\\/\\\/rothschenk.de\\\/pl\\\/odcinek-1-identyfikacja-kontenera-co-oznacza-etykieta-na-drzwiach-kontenera\\\/#primaryimage\"},\"thumbnailUrl\":\"https:\\\/\\\/rothschenk.de\\\/wp-content\\\/uploads\\\/2021\\\/02\\\/Folge-1-Container-Identifikation-\u2013-Was-bedeutet-die-Beschriftung-auf-einer-Containertuere.jpg\",\"datePublished\":\"2021-02-20T12:56:00+00:00\",\"dateModified\":\"2025-06-30T15:09:10+00:00\",\"author\":{\"@id\":\"https:\\\/\\\/rothschenk.de\\\/pl\\\/#\\\/schema\\\/person\\\/8878c3ce4ac9607e11b12c500ead07e8\"},\"description\":\"Identyfikacja pojemnika \u27a4 Artyku\u0142 techniczny na temat naklejki CSC \u2713 Etykietowanie CTU \u2713 Oznaczenie typu \u2713 Przedstawione przez eksperta LaSi Sigurda Ehringera\",\"breadcrumb\":{\"@id\":\"https:\\\/\\\/rothschenk.de\\\/pl\\\/odcinek-1-identyfikacja-kontenera-co-oznacza-etykieta-na-drzwiach-kontenera\\\/#breadcrumb\"},\"inLanguage\":\"pl-PL\",\"potentialAction\":[{\"@type\":\"ReadAction\",\"target\":[\"https:\\\/\\\/rothschenk.de\\\/pl\\\/odcinek-1-identyfikacja-kontenera-co-oznacza-etykieta-na-drzwiach-kontenera\\\/\"]}]},{\"@type\":\"ImageObject\",\"inLanguage\":\"pl-PL\",\"@id\":\"https:\\\/\\\/rothschenk.de\\\/pl\\\/odcinek-1-identyfikacja-kontenera-co-oznacza-etykieta-na-drzwiach-kontenera\\\/#primaryimage\",\"url\":\"https:\\\/\\\/rothschenk.de\\\/wp-content\\\/uploads\\\/2021\\\/02\\\/Folge-1-Container-Identifikation-\u2013-Was-bedeutet-die-Beschriftung-auf-einer-Containertuere.jpg\",\"contentUrl\":\"https:\\\/\\\/rothschenk.de\\\/wp-content\\\/uploads\\\/2021\\\/02\\\/Folge-1-Container-Identifikation-\u2013-Was-bedeutet-die-Beschriftung-auf-einer-Containertuere.jpg\",\"width\":1920,\"height\":1078},{\"@type\":\"BreadcrumbList\",\"@id\":\"https:\\\/\\\/rothschenk.de\\\/pl\\\/odcinek-1-identyfikacja-kontenera-co-oznacza-etykieta-na-drzwiach-kontenera\\\/#breadcrumb\",\"itemListElement\":[{\"@type\":\"ListItem\",\"position\":1,\"name\":\"Strona g\u0142\u00f3wna\",\"item\":\"https:\\\/\\\/rothschenk.de\\\/pl\\\/strona-glowna\\\/\"},{\"@type\":\"ListItem\",\"position\":2,\"name\":\"Odcinek 1: Identyfikacja kontenera &#8211; Co oznacza etykieta na drzwiach kontenera?\"}]},{\"@type\":\"WebSite\",\"@id\":\"https:\\\/\\\/rothschenk.de\\\/pl\\\/#website\",\"url\":\"https:\\\/\\\/rothschenk.de\\\/pl\\\/\",\"name\":\"Rothschenk - Der Online Shop f\u00fcr Ladungssicherung\",\"description\":\"Der Online Shop f\u00fcr Ladungssicherung\",\"potentialAction\":[{\"@type\":\"SearchAction\",\"target\":{\"@type\":\"EntryPoint\",\"urlTemplate\":\"https:\\\/\\\/rothschenk.de\\\/pl\\\/?s={search_term_string}\"},\"query-input\":{\"@type\":\"PropertyValueSpecification\",\"valueRequired\":true,\"valueName\":\"search_term_string\"}}],\"inLanguage\":\"pl-PL\"},{\"@type\":\"Person\",\"@id\":\"https:\\\/\\\/rothschenk.de\\\/pl\\\/#\\\/schema\\\/person\\\/8878c3ce4ac9607e11b12c500ead07e8\",\"name\":\"Sigurd Ehringer\",\"image\":{\"@type\":\"ImageObject\",\"inLanguage\":\"pl-PL\",\"@id\":\"https:\\\/\\\/rothschenk.de\\\/wp-content\\\/uploads\\\/2024\\\/02\\\/sigurd-ehringer-ladungssicherung-ausbilder-und-berater-96x96.jpg\",\"url\":\"https:\\\/\\\/rothschenk.de\\\/wp-content\\\/uploads\\\/2024\\\/02\\\/sigurd-ehringer-ladungssicherung-ausbilder-und-berater-96x96.jpg\",\"contentUrl\":\"https:\\\/\\\/rothschenk.de\\\/wp-content\\\/uploads\\\/2024\\\/02\\\/sigurd-ehringer-ladungssicherung-ausbilder-und-berater-96x96.jpg\",\"caption\":\"Sigurd Ehringer\"},\"description\":\"\u2714 VDI-zertifizierter Ausbilder f\u00fcr Ladungssicherung \u2714 Fachbuch-Autor \u2714 8 Jahre Projektmanager \u2714 12 Jahre bei der Bundeswehr (Kompaniechef) \u2714 20 Jahre Vertriebserfahrung \u2714 seit 1996 Berater\\\/Ausbilder in der Logistik \u2714 44 Jahre Ausbilder\\\/Trainer in verschiedenen Bereichen ---&gt; In einer Reihe von Fachbeitr\u00e4gen aus der Praxis, zu Themen rund um den Container und LKW, erhalten Sie Profiwissen aus erster Hand. Wie sichert man Ladung korrekt und was sind die Grundlagen der Ladungssicherung? Erarbeitet und vorgestellt werden sie von Sigurd Ehringer, Inhaber von SE-LogCon.\",\"url\":\"https:\\\/\\\/rothschenk.de\\\/pl\\\/author\\\/sigurd-ehringer\\\/\"}]}<\/script>\n<!-- \/ Yoast SEO plugin. -->","yoast_head_json":{"title":"Identyfikacja pojemnik\u00f3w: Etykietowanie i jego znaczenie - Rothschenk","description":"Identyfikacja pojemnika \u27a4 Artyku\u0142 techniczny na temat naklejki CSC \u2713 Etykietowanie CTU \u2713 Oznaczenie typu \u2713 Przedstawione przez eksperta LaSi Sigurda Ehringera","robots":{"index":"index","follow":"follow","max-snippet":"max-snippet:-1","max-image-preview":"max-image-preview:large","max-video-preview":"max-video-preview:-1"},"canonical":"https:\/\/rothschenk.de\/pl\/odcinek-1-identyfikacja-kontenera-co-oznacza-etykieta-na-drzwiach-kontenera\/","og_locale":"pl_PL","og_type":"article","og_title":"Identyfikacja pojemnik\u00f3w: Etykietowanie i jego znaczenie - Rothschenk","og_description":"Identyfikacja pojemnika \u27a4 Artyku\u0142 techniczny na temat naklejki CSC \u2713 Etykietowanie CTU \u2713 Oznaczenie typu \u2713 Przedstawione przez eksperta LaSi Sigurda Ehringera","og_url":"https:\/\/rothschenk.de\/pl\/odcinek-1-identyfikacja-kontenera-co-oznacza-etykieta-na-drzwiach-kontenera\/","og_site_name":"Rothschenk","article_publisher":"https:\/\/de-de.facebook.com\/FirmaRothschenk\/","article_published_time":"2021-02-20T12:56:00+00:00","article_modified_time":"2025-06-30T15:09:10+00:00","og_image":[{"width":1920,"height":1078,"url":"https:\/\/rothschenk.de\/wp-content\/uploads\/2021\/02\/Folge-1-Container-Identifikation-\u2013-Was-bedeutet-die-Beschriftung-auf-einer-Containertuere.jpg","type":"image\/jpeg"}],"author":"Sigurd Ehringer","twitter_card":"summary_large_image","twitter_misc":{"Napisane przez":"Sigurd Ehringer","Szacowany czas czytania":"4 minuty"},"schema":{"@context":"https:\/\/schema.org","@graph":[{"@type":"Article","@id":"https:\/\/rothschenk.de\/pl\/odcinek-1-identyfikacja-kontenera-co-oznacza-etykieta-na-drzwiach-kontenera\/#article","isPartOf":{"@id":"https:\/\/rothschenk.de\/pl\/odcinek-1-identyfikacja-kontenera-co-oznacza-etykieta-na-drzwiach-kontenera\/"},"author":{"name":"Sigurd Ehringer","@id":"https:\/\/rothschenk.de\/pl\/#\/schema\/person\/8878c3ce4ac9607e11b12c500ead07e8"},"headline":"Odcinek 1: Identyfikacja kontenera &#8211; Co oznacza etykieta na drzwiach kontenera?","datePublished":"2021-02-20T12:56:00+00:00","dateModified":"2025-06-30T15:09:10+00:00","mainEntityOfPage":{"@id":"https:\/\/rothschenk.de\/pl\/odcinek-1-identyfikacja-kontenera-co-oznacza-etykieta-na-drzwiach-kontenera\/"},"wordCount":864,"commentCount":0,"image":{"@id":"https:\/\/rothschenk.de\/pl\/odcinek-1-identyfikacja-kontenera-co-oznacza-etykieta-na-drzwiach-kontenera\/#primaryimage"},"thumbnailUrl":"https:\/\/rothschenk.de\/wp-content\/uploads\/2021\/02\/Folge-1-Container-Identifikation-\u2013-Was-bedeutet-die-Beschriftung-auf-einer-Containertuere.jpg","articleSection":["Blog Cargo","Pojemnik"],"inLanguage":"pl-PL","potentialAction":[{"@type":"CommentAction","name":"Comment","target":["https:\/\/rothschenk.de\/pl\/odcinek-1-identyfikacja-kontenera-co-oznacza-etykieta-na-drzwiach-kontenera\/#respond"]}]},{"@type":"WebPage","@id":"https:\/\/rothschenk.de\/pl\/odcinek-1-identyfikacja-kontenera-co-oznacza-etykieta-na-drzwiach-kontenera\/","url":"https:\/\/rothschenk.de\/pl\/odcinek-1-identyfikacja-kontenera-co-oznacza-etykieta-na-drzwiach-kontenera\/","name":"Identyfikacja pojemnik\u00f3w: Etykietowanie i jego znaczenie - Rothschenk","isPartOf":{"@id":"https:\/\/rothschenk.de\/pl\/#website"},"primaryImageOfPage":{"@id":"https:\/\/rothschenk.de\/pl\/odcinek-1-identyfikacja-kontenera-co-oznacza-etykieta-na-drzwiach-kontenera\/#primaryimage"},"image":{"@id":"https:\/\/rothschenk.de\/pl\/odcinek-1-identyfikacja-kontenera-co-oznacza-etykieta-na-drzwiach-kontenera\/#primaryimage"},"thumbnailUrl":"https:\/\/rothschenk.de\/wp-content\/uploads\/2021\/02\/Folge-1-Container-Identifikation-\u2013-Was-bedeutet-die-Beschriftung-auf-einer-Containertuere.jpg","datePublished":"2021-02-20T12:56:00+00:00","dateModified":"2025-06-30T15:09:10+00:00","author":{"@id":"https:\/\/rothschenk.de\/pl\/#\/schema\/person\/8878c3ce4ac9607e11b12c500ead07e8"},"description":"Identyfikacja pojemnika \u27a4 Artyku\u0142 techniczny na temat naklejki CSC \u2713 Etykietowanie CTU \u2713 Oznaczenie typu \u2713 Przedstawione przez eksperta LaSi Sigurda Ehringera","breadcrumb":{"@id":"https:\/\/rothschenk.de\/pl\/odcinek-1-identyfikacja-kontenera-co-oznacza-etykieta-na-drzwiach-kontenera\/#breadcrumb"},"inLanguage":"pl-PL","potentialAction":[{"@type":"ReadAction","target":["https:\/\/rothschenk.de\/pl\/odcinek-1-identyfikacja-kontenera-co-oznacza-etykieta-na-drzwiach-kontenera\/"]}]},{"@type":"ImageObject","inLanguage":"pl-PL","@id":"https:\/\/rothschenk.de\/pl\/odcinek-1-identyfikacja-kontenera-co-oznacza-etykieta-na-drzwiach-kontenera\/#primaryimage","url":"https:\/\/rothschenk.de\/wp-content\/uploads\/2021\/02\/Folge-1-Container-Identifikation-\u2013-Was-bedeutet-die-Beschriftung-auf-einer-Containertuere.jpg","contentUrl":"https:\/\/rothschenk.de\/wp-content\/uploads\/2021\/02\/Folge-1-Container-Identifikation-\u2013-Was-bedeutet-die-Beschriftung-auf-einer-Containertuere.jpg","width":1920,"height":1078},{"@type":"BreadcrumbList","@id":"https:\/\/rothschenk.de\/pl\/odcinek-1-identyfikacja-kontenera-co-oznacza-etykieta-na-drzwiach-kontenera\/#breadcrumb","itemListElement":[{"@type":"ListItem","position":1,"name":"Strona g\u0142\u00f3wna","item":"https:\/\/rothschenk.de\/pl\/strona-glowna\/"},{"@type":"ListItem","position":2,"name":"Odcinek 1: Identyfikacja kontenera &#8211; Co oznacza etykieta na drzwiach kontenera?"}]},{"@type":"WebSite","@id":"https:\/\/rothschenk.de\/pl\/#website","url":"https:\/\/rothschenk.de\/pl\/","name":"Rothschenk - Der Online Shop f\u00fcr Ladungssicherung","description":"Der Online Shop f\u00fcr Ladungssicherung","potentialAction":[{"@type":"SearchAction","target":{"@type":"EntryPoint","urlTemplate":"https:\/\/rothschenk.de\/pl\/?s={search_term_string}"},"query-input":{"@type":"PropertyValueSpecification","valueRequired":true,"valueName":"search_term_string"}}],"inLanguage":"pl-PL"},{"@type":"Person","@id":"https:\/\/rothschenk.de\/pl\/#\/schema\/person\/8878c3ce4ac9607e11b12c500ead07e8","name":"Sigurd Ehringer","image":{"@type":"ImageObject","inLanguage":"pl-PL","@id":"https:\/\/rothschenk.de\/wp-content\/uploads\/2024\/02\/sigurd-ehringer-ladungssicherung-ausbilder-und-berater-96x96.jpg","url":"https:\/\/rothschenk.de\/wp-content\/uploads\/2024\/02\/sigurd-ehringer-ladungssicherung-ausbilder-und-berater-96x96.jpg","contentUrl":"https:\/\/rothschenk.de\/wp-content\/uploads\/2024\/02\/sigurd-ehringer-ladungssicherung-ausbilder-und-berater-96x96.jpg","caption":"Sigurd Ehringer"},"description":"\u2714 VDI-zertifizierter Ausbilder f\u00fcr Ladungssicherung \u2714 Fachbuch-Autor \u2714 8 Jahre Projektmanager \u2714 12 Jahre bei der Bundeswehr (Kompaniechef) \u2714 20 Jahre Vertriebserfahrung \u2714 seit 1996 Berater\/Ausbilder in der Logistik \u2714 44 Jahre Ausbilder\/Trainer in verschiedenen Bereichen ---&gt; In einer Reihe von Fachbeitr\u00e4gen aus der Praxis, zu Themen rund um den Container und LKW, erhalten Sie Profiwissen aus erster Hand. Wie sichert man Ladung korrekt und was sind die Grundlagen der Ladungssicherung? Erarbeitet und vorgestellt werden sie von Sigurd Ehringer, Inhaber von SE-LogCon.","url":"https:\/\/rothschenk.de\/pl\/author\/sigurd-ehringer\/"}]}},"_links":{"self":[{"href":"https:\/\/rothschenk.de\/pl\/wp-json\/wp\/v2\/posts\/681680","targetHints":{"allow":["GET"]}}],"collection":[{"href":"https:\/\/rothschenk.de\/pl\/wp-json\/wp\/v2\/posts"}],"about":[{"href":"https:\/\/rothschenk.de\/pl\/wp-json\/wp\/v2\/types\/post"}],"author":[{"embeddable":true,"href":"https:\/\/rothschenk.de\/pl\/wp-json\/wp\/v2\/users\/1536"}],"replies":[{"embeddable":true,"href":"https:\/\/rothschenk.de\/pl\/wp-json\/wp\/v2\/comments?post=681680"}],"version-history":[{"count":1,"href":"https:\/\/rothschenk.de\/pl\/wp-json\/wp\/v2\/posts\/681680\/revisions"}],"predecessor-version":[{"id":681696,"href":"https:\/\/rothschenk.de\/pl\/wp-json\/wp\/v2\/posts\/681680\/revisions\/681696"}],"wp:featuredmedia":[{"embeddable":true,"href":"https:\/\/rothschenk.de\/pl\/wp-json\/wp\/v2\/media\/681692"}],"wp:attachment":[{"href":"https:\/\/rothschenk.de\/pl\/wp-json\/wp\/v2\/media?parent=681680"}],"wp:term":[{"taxonomy":"category","embeddable":true,"href":"https:\/\/rothschenk.de\/pl\/wp-json\/wp\/v2\/categories?post=681680"},{"taxonomy":"post_tag","embeddable":true,"href":"https:\/\/rothschenk.de\/pl\/wp-json\/wp\/v2\/tags?post=681680"}],"curies":[{"name":"wp","href":"https:\/\/api.w.org\/{rel}","templated":true}]}}