{"id":678297,"date":"2024-10-23T16:28:58","date_gmt":"2024-10-23T14:28:58","guid":{"rendered":"https:\/\/rothschenk.de\/epizoda-48-vypocet-vyplnovy-vak-podla-tovaru-co-je-spravne\/"},"modified":"2025-06-30T16:30:57","modified_gmt":"2025-06-30T14:30:57","slug":"epizoda-48-vypocet-vyplnovy-vak-podla-tovaru-co-je-spravne","status":"publish","type":"post","link":"https:\/\/rothschenk.de\/sk\/epizoda-48-vypocet-vyplnovy-vak-podla-tovaru-co-je-spravne\/","title":{"rendered":"Epiz\u00f3da 48: V\u00fdpo\u010det v\u00fdpl\u0148ov\u00fd vak pod\u013ea tovaru &#8211; \u010do je spr\u00e1vne?"},"content":{"rendered":"\n<p>Pou\u017e\u00edvanie debniacich vriec v kontajneroch je be\u017enou met\u00f3dou a nevyhnutnou s\u00fa\u010das\u0165ou reperto\u00e1ru zabezpe\u010dovac\u00edch met\u00f3d. Napriek tomu je to met\u00f3da, ktorej \u00fa\u010dinnos\u0165 je zrejm\u00e1, ale ktor\u00e1 je spojen\u00e1 aj s rizikami. <br\/><br\/>K\u00f3dex CTU venuje ukladac\u00edm vank\u00fa\u0161om cel\u00fa kapitolu v dodatku 7, pr\u00edloha 4 a je pln\u00fd vzorcov, ktor\u00e9 sa na prv\u00fd poh\u013ead zdaj\u00fa by\u0165 pre be\u017en\u00e9ho odosielate\u013ea\/odberate\u013ea nepreh\u013eadn\u00e9. Zd\u00e1 sa preto vhodn\u00e9 osvetli\u0165 t\u00fato t\u00e9mu a vysvetli\u0165 logiku v nej obsiahnut\u00fa.<br\/>Vo v\u0161eobecnosti v\u00fdpl\u0148ov\u00fd vak sl\u00fa\u017ei na uzatvorenie existuj\u00facich medzier medzi n\u00e1kladov\u00fdmi jednotkami v kontajneri a na nepreru\u0161ovan\u00fd prenos v\u00fdsledn\u00fdch s\u00edl zr\u00fdchlenia n\u00e1kladu na steny kontajnera. <\/p>\n\n<p><strong>Tu s\u00fa op\u00edsan\u00e9 dva pr\u00edstupy:<\/strong><br\/>1. Ak\u00fd ve\u013ek\u00fd mus\u00ed by\u0165 v\u00fdpl\u0148ov\u00fd vak, aby zabr\u00e1nil pohybu bremena zn\u00e1mej hmotnosti pri definovan\u00fdch zr\u00fdchleniach a koeficientoch trenia?<br\/>2. Ak\u00e9 za\u0165a\u017eovacie sily m\u00f4\u017ee absorbova\u0165 v\u00fdpl\u0148ov\u00fd vak so zn\u00e1mymi rozmermi a plniacim tlakom?<br\/>Zodpovedaj\u00face vzorce pre obe ot\u00e1zky mo\u017eno n\u00e1js\u0165 v k\u00f3dexe \u010cVUT.<\/p>\n\n<div style=\"height:54px\" aria-hidden=\"true\" class=\"wp-block-spacer\"><\/div>\n\n<div class=\"wp-block-columns is-layout-flex wp-container-core-columns-is-layout-28f84493 wp-block-columns-is-layout-flex\">\n<div class=\"wp-block-column is-layout-flow wp-block-column-is-layout-flow\">\n<p>Vzorce vpravo sa pou\u017e\u00edvaj\u00fa na v\u00fdpo\u010det n\u00e1bojovej sily, ktor\u00e1 vznik\u00e1 pri ur\u010dit\u00fdch zr\u00fdchleniach a koeficientoch trenia.<\/p>\n\n\n\n<p><\/p>\n<\/div>\n\n\n\n<div class=\"wp-block-column is-layout-flow wp-block-column-is-layout-flow\">\n<figure class=\"wp-block-gallery has-nested-images columns-default is-cropped wp-block-gallery-1 is-layout-flex wp-block-gallery-is-layout-flex\">\n<figure data-wp-context=\"{&quot;imageId&quot;:&quot;69f446fb6dd97&quot;}\" data-wp-interactive=\"core\/image\" data-wp-key=\"69f446fb6dd97\" class=\"wp-block-image size-full wp-lightbox-container\"><img fetchpriority=\"high\" decoding=\"async\" width=\"603\" height=\"246\" data-wp-class--hide=\"state.isContentHidden\" data-wp-class--show=\"state.isContentVisible\" data-wp-init=\"callbacks.setButtonStyles\" data-wp-on--click=\"actions.showLightbox\" data-wp-on--load=\"callbacks.setButtonStyles\" data-wp-on-window--resize=\"callbacks.setButtonStyles\" data-id=\"358847\" src=\"https:\/\/rothschenk.de\/wp-content\/uploads\/2024\/10\/Stausack-berechnen-passend-zur-Ware-Ladungssicherung-Rothschenk.jpg\" alt=\"v&#xFD;pl&#x148;ov&#xFD; vak-calculate-fit-to-goods-load-securing-Rothschenk\" class=\"wp-image-358847\" style=\"object-fit:cover\" srcset=\"https:\/\/rothschenk.de\/wp-content\/uploads\/2024\/10\/Stausack-berechnen-passend-zur-Ware-Ladungssicherung-Rothschenk.jpg 603w, https:\/\/rothschenk.de\/wp-content\/uploads\/2024\/10\/Stausack-berechnen-passend-zur-Ware-Ladungssicherung-Rothschenk-300x122.jpg 300w, https:\/\/rothschenk.de\/wp-content\/uploads\/2024\/10\/Stausack-berechnen-passend-zur-Ware-Ladungssicherung-Rothschenk-600x245.jpg 600w\" sizes=\"(max-width: 603px) 100vw, 603px\" \/><button\n\t\t\tclass=\"lightbox-trigger\"\n\t\t\ttype=\"button\"\n\t\t\taria-haspopup=\"dialog\"\n\t\t\taria-label=\"Zv\u00e4\u010d\u0161i\u0165\"\n\t\t\tdata-wp-init=\"callbacks.initTriggerButton\"\n\t\t\tdata-wp-on--click=\"actions.showLightbox\"\n\t\t\tdata-wp-style--right=\"state.imageButtonRight\"\n\t\t\tdata-wp-style--top=\"state.imageButtonTop\"\n\t\t>\n\t\t\t<svg xmlns=\"http:\/\/www.w3.org\/2000\/svg\" width=\"12\" height=\"12\" fill=\"none\" viewBox=\"0 0 12 12\">\n\t\t\t\t<path fill=\"#fff\" d=\"M2 0a2 2 0 0 0-2 2v2h1.5V2a.5.5 0 0 1 .5-.5h2V0H2Zm2 10.5H2a.5.5 0 0 1-.5-.5V8H0v2a2 2 0 0 0 2 2h2v-1.5ZM8 12v-1.5h2a.5.5 0 0 0 .5-.5V8H12v2a2 2 0 0 1-2 2H8Zm2-12a2 2 0 0 1 2 2v2h-1.5V2a.5.5 0 0 0-.5-.5H8V0h2Z\" \/>\n\t\t\t<\/svg>\n\t\t<\/button><\/figure>\n<\/figure>\n<\/div>\n<\/div>\n\n<div class=\"wp-block-columns is-layout-flex wp-container-core-columns-is-layout-28f84493 wp-block-columns-is-layout-flex\">\n<div class=\"wp-block-column is-layout-flow wp-block-column-is-layout-flow\">\n<p>Nasleduj\u00face \u00favahy op\u00e4\u0165 vych\u00e1dzaj\u00fa z klasick\u00e9ho bloku piatich europaliet.<br\/><br\/>Predpoklad\u00e1me hmotnos\u0165 za\u0165a\u017eenia 2 x 900 kg pre pozd\u013a\u017ene stojace jednotky a 3 x 800 kg pre prie\u010dne stojace jednotky. V z\u00e1vislosti od uhla odva\u013eovania treba po\u010d\u00edta\u0165 s hmotnos\u0165ou 1 800 kg alebo 2 400 kg. <br\/><br\/>K\u00f3dex CTU stanovuje, \u017ee v ka\u017edom pr\u00edpade sa mus\u00ed pou\u017ei\u0165 vy\u0161\u0161ia hmotnos\u0165 n\u00e1kladu.<br\/><br\/>Predpoklad\u00e1me tieto \u010fal\u0161ie faktory:<br\/>Xy = 0,8g Zr\u00fdchlenie pri kot\u00fa\u013ean\u00ed<br\/>Cz = 0,2 Zr\u00fdchlenie pri n\u00e1klone<br\/>\u03bc = 0,3 Koeficient trenia o podlahu kontajnera<br\/>SF = 0,75 Bezpe\u010dnostn\u00fd faktor pre polstrovanie na 1x pou\u017eitie<br\/>Hmotnos\u0165 = 2,4 t alebo<br\/>Hmotnos\u0165 = 2 400 kg<br\/>Zr\u00fdchlenie sp\u00f4soben\u00e9 gravit\u00e1ciou = 9,81 m\/s2 ~ 10 m\/s2<\/p>\n\n\n\n<p><\/p>\n<\/div>\n\n\n\n<div class=\"wp-block-column is-layout-flow wp-block-column-is-layout-flow\">\n<figure class=\"wp-block-gallery has-nested-images columns-default is-cropped wp-block-gallery-2 is-layout-flex wp-block-gallery-is-layout-flex\">\n<figure data-wp-context=\"{&quot;imageId&quot;:&quot;69f446fb6e3b0&quot;}\" data-wp-interactive=\"core\/image\" data-wp-key=\"69f446fb6e3b0\" class=\"wp-block-image size-full wp-lightbox-container\"><img decoding=\"async\" width=\"726\" height=\"771\" data-wp-class--hide=\"state.isContentHidden\" data-wp-class--show=\"state.isContentVisible\" data-wp-init=\"callbacks.setButtonStyles\" data-wp-on--click=\"actions.showLightbox\" data-wp-on--load=\"callbacks.setButtonStyles\" data-wp-on-window--resize=\"callbacks.setButtonStyles\" data-id=\"358850\" src=\"https:\/\/rothschenk.de\/wp-content\/uploads\/2024\/10\/Zeichnung-Stausack-berechnen-passend-zur-Ware-Ladungssicherung-Rothschenk.jpg\" alt=\"Kreslenie-v&#xFD;pl&#x148;ov&#xFD; vak-vypo&#x10D;&#xED;tanie-prisp&#xF4;sobenia-n&#xE1;kladu-zabezpe&#x10D;enie-redshank\" class=\"wp-image-358850\" style=\"object-fit:cover\" srcset=\"https:\/\/rothschenk.de\/wp-content\/uploads\/2024\/10\/Zeichnung-Stausack-berechnen-passend-zur-Ware-Ladungssicherung-Rothschenk.jpg 726w, https:\/\/rothschenk.de\/wp-content\/uploads\/2024\/10\/Zeichnung-Stausack-berechnen-passend-zur-Ware-Ladungssicherung-Rothschenk-282x300.jpg 282w, https:\/\/rothschenk.de\/wp-content\/uploads\/2024\/10\/Zeichnung-Stausack-berechnen-passend-zur-Ware-Ladungssicherung-Rothschenk-600x637.jpg 600w\" sizes=\"(max-width: 726px) 100vw, 726px\" \/><button\n\t\t\tclass=\"lightbox-trigger\"\n\t\t\ttype=\"button\"\n\t\t\taria-haspopup=\"dialog\"\n\t\t\taria-label=\"Zv\u00e4\u010d\u0161i\u0165\"\n\t\t\tdata-wp-init=\"callbacks.initTriggerButton\"\n\t\t\tdata-wp-on--click=\"actions.showLightbox\"\n\t\t\tdata-wp-style--right=\"state.imageButtonRight\"\n\t\t\tdata-wp-style--top=\"state.imageButtonTop\"\n\t\t>\n\t\t\t<svg xmlns=\"http:\/\/www.w3.org\/2000\/svg\" width=\"12\" height=\"12\" fill=\"none\" viewBox=\"0 0 12 12\">\n\t\t\t\t<path fill=\"#fff\" d=\"M2 0a2 2 0 0 0-2 2v2h1.5V2a.5.5 0 0 1 .5-.5h2V0H2Zm2 10.5H2a.5.5 0 0 1-.5-.5V8H0v2a2 2 0 0 0 2 2h2v-1.5ZM8 12v-1.5h2a.5.5 0 0 0 .5-.5V8H12v2a2 2 0 0 1-2 2H8Zm2-12a2 2 0 0 1 2 2v2h-1.5V2a.5.5 0 0 0-.5-.5H8V0h2Z\" \/>\n\t\t\t<\/svg>\n\t\t<\/button><\/figure>\n<\/figure>\n<\/div>\n<\/div>\n\n<p>V\u00fdpo\u010det sa d\u00e1 zjednodu\u0161i\u0165 aj pre odborn\u00edkov, ktor\u00ed lep\u0161ie poznaj\u00fa jednotku &#8222;daN&#8220;. Pr\u00edklad v\u00fdpo\u010dtu je ur\u010den\u00fd na to, aby to uk\u00e1zal. V prvom riadku sa po\u010d\u00edta s tonami a v druhom s kilogramami. Na prepo\u010det z kN na daN sa v\u00fdsledok mus\u00ed najprv vyn\u00e1sobi\u0165 1 000 a potom vydeli\u0165 10. Ak vezmete hmotnos\u0165 bremena v kg a vypo\u010d\u00edtate gravita\u010dn\u00e9 zr\u00fdchlenie ako 1, z\u00edskate v\u00fdsledok v daN v jednom v\u00fdpo\u010dte.    <\/p>\n\n<figure data-wp-context=\"{&quot;imageId&quot;:&quot;69f446fb704fa&quot;}\" data-wp-interactive=\"core\/image\" data-wp-key=\"69f446fb704fa\" class=\"wp-block-image size-full is-resized wp-lightbox-container\"><img decoding=\"async\" width=\"1374\" height=\"212\" data-wp-class--hide=\"state.isContentHidden\" data-wp-class--show=\"state.isContentVisible\" data-wp-init=\"callbacks.setButtonStyles\" data-wp-on--click=\"actions.showLightbox\" data-wp-on--load=\"callbacks.setButtonStyles\" data-wp-on-window--resize=\"callbacks.setButtonStyles\" src=\"https:\/\/rothschenk.de\/wp-content\/uploads\/2024\/10\/Formel-Stausack-berechnen-passend-zur-Ware-Ladungssicherung-Rothschenk.jpg\" alt=\"Vzorec-v&#xFD;pl&#x148;ov&#xFD; vak-kalkula&#x10D;n&#xE9;-v&#xFD;po&#x10D;ty-pre-n&#xE1;klad-zabezpe&#x10D;enie-redshank\" class=\"wp-image-358829\" style=\"object-fit:cover;width:534px;height:auto\" srcset=\"https:\/\/rothschenk.de\/wp-content\/uploads\/2024\/10\/Formel-Stausack-berechnen-passend-zur-Ware-Ladungssicherung-Rothschenk.jpg 1374w, https:\/\/rothschenk.de\/wp-content\/uploads\/2024\/10\/Formel-Stausack-berechnen-passend-zur-Ware-Ladungssicherung-Rothschenk-300x46.jpg 300w, https:\/\/rothschenk.de\/wp-content\/uploads\/2024\/10\/Formel-Stausack-berechnen-passend-zur-Ware-Ladungssicherung-Rothschenk-1024x158.jpg 1024w, https:\/\/rothschenk.de\/wp-content\/uploads\/2024\/10\/Formel-Stausack-berechnen-passend-zur-Ware-Ladungssicherung-Rothschenk-768x118.jpg 768w, https:\/\/rothschenk.de\/wp-content\/uploads\/2024\/10\/Formel-Stausack-berechnen-passend-zur-Ware-Ladungssicherung-Rothschenk-600x93.jpg 600w\" sizes=\"(max-width: 1374px) 100vw, 1374px\" \/><button\n\t\t\tclass=\"lightbox-trigger\"\n\t\t\ttype=\"button\"\n\t\t\taria-haspopup=\"dialog\"\n\t\t\taria-label=\"Zv\u00e4\u010d\u0161i\u0165\"\n\t\t\tdata-wp-init=\"callbacks.initTriggerButton\"\n\t\t\tdata-wp-on--click=\"actions.showLightbox\"\n\t\t\tdata-wp-style--right=\"state.imageButtonRight\"\n\t\t\tdata-wp-style--top=\"state.imageButtonTop\"\n\t\t>\n\t\t\t<svg xmlns=\"http:\/\/www.w3.org\/2000\/svg\" width=\"12\" height=\"12\" fill=\"none\" viewBox=\"0 0 12 12\">\n\t\t\t\t<path fill=\"#fff\" d=\"M2 0a2 2 0 0 0-2 2v2h1.5V2a.5.5 0 0 1 .5-.5h2V0H2Zm2 10.5H2a.5.5 0 0 1-.5-.5V8H0v2a2 2 0 0 0 2 2h2v-1.5ZM8 12v-1.5h2a.5.5 0 0 0 .5-.5V8H12v2a2 2 0 0 1-2 2H8Zm2-12a2 2 0 0 1 2 2v2h-1.5V2a.5.5 0 0 0-.5-.5H8V0h2Z\" \/>\n\t\t\t<\/svg>\n\t\t<\/button><\/figure>\n\n<p>V\u00fdsledok: Vank\u00fa\u0161 mus\u00ed by\u0165 schopn\u00fd absorbova\u0165 silu za\u0165a\u017eenia 1 812 daN.<\/p>\n\n<div style=\"height:36px\" aria-hidden=\"true\" class=\"wp-block-spacer\"><\/div>\n\n<div class=\"wp-block-columns is-layout-flex wp-container-core-columns-is-layout-28f84493 wp-block-columns-is-layout-flex\">\n<div class=\"wp-block-column is-layout-flow wp-block-column-is-layout-flow\">\n<p>V pr\u00edlohe 7, pr\u00edloha 4, kapitola 4.3 sa vypo\u010d\u00edtava sila, ktor\u00fa m\u00f4\u017ee v\u00fdpl\u0148ov\u00fd vak absorbova\u0165 v z\u00e1vislosti od tlaku pri roztrhnut\u00ed. Vzorec sa mus\u00ed preusporiada\u0165, aby sa ur\u010dila kontaktn\u00e1 plocha n\u00e1razn\u00edka: <\/p>\n\n\n\n<figure class=\"wp-block-image size-full\"><img loading=\"lazy\" decoding=\"async\" width=\"542\" height=\"200\" src=\"https:\/\/rothschenk.de\/wp-content\/uploads\/2024\/10\/Formel-Stausack-Kraft-berechnen-passend-zur-Ware-Ladungssicherung-Rothschenk.jpg\" alt=\"Vzorec-v&#xFD;pl&#x148;ov&#xFD; vak-Vypo&#x10D;&#xED;tajte silu-prisp&#xF4;sobenie-na-n&#xE1;klad-zabezpe&#x10D;enie-Rothschenk\" class=\"wp-image-358832\" srcset=\"https:\/\/rothschenk.de\/wp-content\/uploads\/2024\/10\/Formel-Stausack-Kraft-berechnen-passend-zur-Ware-Ladungssicherung-Rothschenk.jpg 542w, https:\/\/rothschenk.de\/wp-content\/uploads\/2024\/10\/Formel-Stausack-Kraft-berechnen-passend-zur-Ware-Ladungssicherung-Rothschenk-300x111.jpg 300w\" sizes=\"(max-width: 542px) 100vw, 542px\" \/><\/figure>\n\n\n\n<p>Ak pou\u017eijeme silu za\u0165a\u017eenia z vy\u0161\u0161ie uveden\u00e9ho pr\u00edkladu, mus\u00ed ma\u0165 str\u00e1nka v\u00fdpl\u0148ov\u00fd vak plochu <strong>0,45 m2<\/strong>, aby absorbovala silu.<\/p>\n<\/div>\n\n\n\n<div class=\"wp-block-column is-layout-flow wp-block-column-is-layout-flow\">\n<figure class=\"wp-block-gallery has-nested-images columns-default is-cropped wp-block-gallery-3 is-layout-flex wp-block-gallery-is-layout-flex\">\n<figure data-wp-context=\"{&quot;imageId&quot;:&quot;69f446fb718cc&quot;}\" data-wp-interactive=\"core\/image\" data-wp-key=\"69f446fb718cc\" class=\"wp-block-image size-full wp-lightbox-container\"><img loading=\"lazy\" decoding=\"async\" width=\"602\" height=\"290\" data-wp-class--hide=\"state.isContentHidden\" data-wp-class--show=\"state.isContentVisible\" data-wp-init=\"callbacks.setButtonStyles\" data-wp-on--click=\"actions.showLightbox\" data-wp-on--load=\"callbacks.setButtonStyles\" data-wp-on-window--resize=\"callbacks.setButtonStyles\" data-id=\"358835\" src=\"https:\/\/rothschenk.de\/wp-content\/uploads\/2024\/10\/Formel-Stausack-Kraft-passend-zur-Ware-Ladungssicherung-Rothschenk.jpg\" alt=\"Vzorec-v&#xFD;pl&#x148;ov&#xFD; vak-sila-odpoved&#xE1;-n&#xE1;kladom-zabezpe&#x10D;enie-&#x10D;ervenej-&#x161;atky\" class=\"wp-image-358835\" style=\"object-fit:cover\" srcset=\"https:\/\/rothschenk.de\/wp-content\/uploads\/2024\/10\/Formel-Stausack-Kraft-passend-zur-Ware-Ladungssicherung-Rothschenk.jpg 602w, https:\/\/rothschenk.de\/wp-content\/uploads\/2024\/10\/Formel-Stausack-Kraft-passend-zur-Ware-Ladungssicherung-Rothschenk-300x145.jpg 300w, https:\/\/rothschenk.de\/wp-content\/uploads\/2024\/10\/Formel-Stausack-Kraft-passend-zur-Ware-Ladungssicherung-Rothschenk-600x289.jpg 600w\" sizes=\"(max-width: 602px) 100vw, 602px\" \/><button\n\t\t\tclass=\"lightbox-trigger\"\n\t\t\ttype=\"button\"\n\t\t\taria-haspopup=\"dialog\"\n\t\t\taria-label=\"Zv\u00e4\u010d\u0161i\u0165\"\n\t\t\tdata-wp-init=\"callbacks.initTriggerButton\"\n\t\t\tdata-wp-on--click=\"actions.showLightbox\"\n\t\t\tdata-wp-style--right=\"state.imageButtonRight\"\n\t\t\tdata-wp-style--top=\"state.imageButtonTop\"\n\t\t>\n\t\t\t<svg xmlns=\"http:\/\/www.w3.org\/2000\/svg\" width=\"12\" height=\"12\" fill=\"none\" viewBox=\"0 0 12 12\">\n\t\t\t\t<path fill=\"#fff\" d=\"M2 0a2 2 0 0 0-2 2v2h1.5V2a.5.5 0 0 1 .5-.5h2V0H2Zm2 10.5H2a.5.5 0 0 1-.5-.5V8H0v2a2 2 0 0 0 2 2h2v-1.5ZM8 12v-1.5h2a.5.5 0 0 0 .5-.5V8H12v2a2 2 0 0 1-2 2H8Zm2-12a2 2 0 0 1 2 2v2h-1.5V2a.5.5 0 0 0-.5-.5H8V0h2Z\" \/>\n\t\t\t<\/svg>\n\t\t<\/button><\/figure>\n<\/figure>\n\n\n\n<figure data-wp-context=\"{&quot;imageId&quot;:&quot;69f446fb72e0d&quot;}\" data-wp-interactive=\"core\/image\" data-wp-key=\"69f446fb72e0d\" class=\"wp-block-image size-full wp-lightbox-container\"><img loading=\"lazy\" decoding=\"async\" width=\"605\" height=\"197\" data-wp-class--hide=\"state.isContentHidden\" data-wp-class--show=\"state.isContentVisible\" data-wp-init=\"callbacks.setButtonStyles\" data-wp-on--click=\"actions.showLightbox\" data-wp-on--load=\"callbacks.setButtonStyles\" data-wp-on-window--resize=\"callbacks.setButtonStyles\" src=\"https:\/\/rothschenk.de\/wp-content\/uploads\/2024\/10\/Ladungskraft-Formel-Stausack-Kraft-berechnen-passend-zur-Ware-Ladungssicherung-Rothschenk.jpg\" alt=\"Vzorec sily za&#x165;a&#x17E;enia-v&#xFD;pl&#x148;ov&#xFD; vak-V&#xFD;po&#x10D;et sily priliehaj&#xFA;cej k tovaru- zabezpe&#x10D;enie za&#x165;a&#x17E;enia-Rothschenk\" class=\"wp-image-358844\" style=\"object-fit:cover\" srcset=\"https:\/\/rothschenk.de\/wp-content\/uploads\/2024\/10\/Ladungskraft-Formel-Stausack-Kraft-berechnen-passend-zur-Ware-Ladungssicherung-Rothschenk.jpg 605w, https:\/\/rothschenk.de\/wp-content\/uploads\/2024\/10\/Ladungskraft-Formel-Stausack-Kraft-berechnen-passend-zur-Ware-Ladungssicherung-Rothschenk-300x98.jpg 300w, https:\/\/rothschenk.de\/wp-content\/uploads\/2024\/10\/Ladungskraft-Formel-Stausack-Kraft-berechnen-passend-zur-Ware-Ladungssicherung-Rothschenk-600x195.jpg 600w\" sizes=\"(max-width: 605px) 100vw, 605px\" \/><button\n\t\t\tclass=\"lightbox-trigger\"\n\t\t\ttype=\"button\"\n\t\t\taria-haspopup=\"dialog\"\n\t\t\taria-label=\"Zv\u00e4\u010d\u0161i\u0165\"\n\t\t\tdata-wp-init=\"callbacks.initTriggerButton\"\n\t\t\tdata-wp-on--click=\"actions.showLightbox\"\n\t\t\tdata-wp-style--right=\"state.imageButtonRight\"\n\t\t\tdata-wp-style--top=\"state.imageButtonTop\"\n\t\t>\n\t\t\t<svg xmlns=\"http:\/\/www.w3.org\/2000\/svg\" width=\"12\" height=\"12\" fill=\"none\" viewBox=\"0 0 12 12\">\n\t\t\t\t<path fill=\"#fff\" d=\"M2 0a2 2 0 0 0-2 2v2h1.5V2a.5.5 0 0 1 .5-.5h2V0H2Zm2 10.5H2a.5.5 0 0 1-.5-.5V8H0v2a2 2 0 0 0 2 2h2v-1.5ZM8 12v-1.5h2a.5.5 0 0 0 .5-.5V8H12v2a2 2 0 0 1-2 2H8Zm2-12a2 2 0 0 1 2 2v2h-1.5V2a.5.5 0 0 0-.5-.5H8V0h2Z\" \/>\n\t\t\t<\/svg>\n\t\t<\/button><\/figure>\n<\/div>\n<\/div>\n\n<div class=\"wp-block-columns is-layout-flex wp-container-core-columns-is-layout-28f84493 wp-block-columns-is-layout-flex\">\n<div class=\"wp-block-column is-layout-flow wp-block-column-is-layout-flow\">\n<p>Ak chcete pokra\u010dova\u0165 v pr\u00e1ci s pr\u00edkladom, predstavme si cel\u00fa vec zhora.<br\/>Vn\u00fatorn\u00e1 \u0161\u00edrka kontajnera = 2,34 m<br\/>Euro paleta: 0,80 x 1,20 m<br\/>Z \u010disto matematick\u00e9ho h\u013eadiska z toho vypl\u00fdva nasleduj\u00faca \u0161\u00edrka medzery:<br\/>2,34 m &#8211; 0,80 m &#8211; 1,20 m = 0,34 m<br\/>a d\u013a\u017eka medzery 2,40 m.<br\/>Ak predpoklad\u00e1me, \u017ee v\u00fd\u0161ka paliet je 1,60 m, vznikne maxim\u00e1lna vypolstrovan\u00e1 plocha: 1,60 m x 2,40 m = <strong>3,84 m2<\/strong>.<\/p>\n<\/div>\n\n\n\n<div class=\"wp-block-column is-layout-flow wp-block-column-is-layout-flow\">\n<figure class=\"wp-block-image size-full\"><img loading=\"lazy\" decoding=\"async\" width=\"288\" height=\"359\" src=\"https:\/\/rothschenk.de\/wp-content\/uploads\/2024\/10\/Fuenferblock-Formel-Stausack-berechnen-passend-zur-Ware-Ladungssicherung-Rothschenk.jpg\" alt=\"P&#xE4;&#x165;blokov&#xFD; vzor-v&#xFD;pl&#x148;ov&#xFD; vak-v&#xFD;po&#x10D;et-prisp&#xF4;sobenia-na-zabezpe&#x10D;enie-komoditn&#xE9;ho-za&#x165;a&#x17E;enia-&#x10D;erven&#xE9;ho-&#x10D;l&#xE1;nku\" class=\"wp-image-358838\" srcset=\"https:\/\/rothschenk.de\/wp-content\/uploads\/2024\/10\/Fuenferblock-Formel-Stausack-berechnen-passend-zur-Ware-Ladungssicherung-Rothschenk.jpg 288w, https:\/\/rothschenk.de\/wp-content\/uploads\/2024\/10\/Fuenferblock-Formel-Stausack-berechnen-passend-zur-Ware-Ladungssicherung-Rothschenk-241x300.jpg 241w\" sizes=\"(max-width: 288px) 100vw, 288px\" \/><\/figure>\n<\/div>\n<\/div>\n\n<div class=\"wp-block-columns is-layout-flex wp-container-core-columns-is-layout-28f84493 wp-block-columns-is-layout-flex\">\n<div class=\"wp-block-column is-layout-flow wp-block-column-is-layout-flow\">\n<p>Ak predpoklad\u00e1me, \u017ee podlo\u017eka by mala nielen absorbova\u0165 silu za\u0165a\u017eenia, ale aj zabezpe\u010di\u0165 cel\u00fd n\u00e1klad proti skr\u00fateniu\/posunutiu, potom by d\u013a\u017eka podlo\u017eky 2,00 m bola dostato\u010dn\u00e1. Za predpokladu, \u017ee palety s\u00fa stabiln\u00e9 aj v\u00fd\u0161kovo, v\u00fd\u0161ka podlo\u017eky by sa mohla zn\u00ed\u017ei\u0165 na 1,40 m.<br\/>Efekt\u00edvna plocha podlo\u017eky 2,00 m x 1,40 m = <strong>2,80 m2<\/strong>. <\/p>\n<\/div>\n\n\n\n<div class=\"wp-block-column is-layout-flow wp-block-column-is-layout-flow\">\n<figure class=\"wp-block-image size-full\"><img loading=\"lazy\" decoding=\"async\" width=\"253\" height=\"344\" src=\"https:\/\/rothschenk.de\/wp-content\/uploads\/2024\/10\/Fuenferblock-Zeichnung-Formel-Stausack-berechnen-passend-zur-Ware-Ladungssicherung-Rothschenk.jpg\" alt=\"Blok piatich v&#xFD;kresov-formula-v&#xFD;pl&#x148;ov&#xFD; vak-v&#xFD;po&#x10D;et-na-n&#xE1;klad-zabezpe&#x10D;enie-&#x10D;ervenej-&#x161;atky\" class=\"wp-image-358841\" srcset=\"https:\/\/rothschenk.de\/wp-content\/uploads\/2024\/10\/Fuenferblock-Zeichnung-Formel-Stausack-berechnen-passend-zur-Ware-Ladungssicherung-Rothschenk.jpg 253w, https:\/\/rothschenk.de\/wp-content\/uploads\/2024\/10\/Fuenferblock-Zeichnung-Formel-Stausack-berechnen-passend-zur-Ware-Ladungssicherung-Rothschenk-221x300.jpg 221w\" sizes=\"(max-width: 253px) 100vw, 253px\" \/><\/figure>\n<\/div>\n<\/div>\n\n<p>Ak teraz porovn\u00e1te dva vypo\u010d\u00edtan\u00e9 v\u00fdsledky, a to 0,45 m2 potrebn\u00fdch pre hmotnos\u0165 n\u00e1kladu, s plochou vypl\u00fdvaj\u00facou z rozmerov n\u00e1kladu, a to 2,80 m2, dostanete 6-n\u00e1sobok bezpe\u010dnostn\u00e9ho faktora.<\/p>\n\n<p>Z vypo\u010d\u00edtan\u00fdch \u00fadajov vypl\u00fdva, \u017ee vank\u00fa\u0161, ktor\u00fd je dimenzovan\u00fd pod\u013ea za\u0165a\u017eenia, m\u00f4\u017ee vo v\u0161eobecnosti absorbova\u0165 podstatne v\u00e4\u010d\u0161iu silu za\u0165a\u017eenia, ako je v skuto\u010dnosti potrebn\u00e1. To tie\u017e vedie k z\u00e1veru, \u017ee vysok\u00fd plniaci tlak nie je potrebn\u00fd. Pou\u017eitie dun\u00e1\u017enych vakov si vy\u017eaduje ve\u013ea vzduchu, ale mal\u00fd tlak. Plnenie prostredn\u00edctvom syst\u00e9mu stla\u010den\u00e9ho vzduchu trv\u00e1 dlh\u0161ie ako pri pou\u017eit\u00ed d\u00fachadla. Za predpokladu, \u017ee ned\u00f4jde k in\u00fdm technick\u00fdm chyb\u00e1m, ste v\u017edy na bezpe\u010dnej strane.    <br\/><br\/>Samozrejme, v\u017edy je potrebn\u00e9 konzultova\u0165 s dod\u00e1vate\u013eom v\u00fdpl\u0148ov\u00fd vak a vy\u017eiada\u0165 si konkr\u00e9tne \u00fadaje o manipul\u00e1cii.<br\/><br\/>Z uveden\u00e9ho opisu tie\u017e vypl\u00fdva, \u017ee napriek mno\u017estvu vzorcov nie je k\u00f3d CTU tak\u00fd zlo\u017eit\u00fd, ako sa na prv\u00fd poh\u013ead zd\u00e1. Nebojte sa preto pozrie\u0165 sa na pravidl\u00e1 a predpisy bli\u017e\u0161ie. <\/p>\n\n<p><strong>V\u00e1\u0161, Sigurd Ehringer<\/strong><\/p>\n\n<div style=\"height:50px\" aria-hidden=\"true\" class=\"wp-block-spacer\"><\/div>\n\n<div class=\"wp-block-columns is-layout-flex wp-container-core-columns-is-layout-28f84493 wp-block-columns-is-layout-flex\">\n<div class=\"wp-block-column is-layout-flow wp-block-column-is-layout-flow\">\n<p>&lt;&lt;  Predch\u00e1dzaj\u00faci \u010dl\u00e1nok<br\/><a href=\"https:\/\/rothschenk.de\/folge-47-ist-eine-sicherung-von-ladung-nach-oben-im-container-notwendig\/\">Epiz\u00f3da 47: Je potrebn\u00e9 zabezpe\u010di\u0165 n\u00e1klad v kontajneroch smerom nahor?<\/a><\/p>\n<\/div>\n\n\n\n<div class=\"wp-block-column is-layout-flow wp-block-column-is-layout-flow\">\n<p class=\"has-text-align-right\">K \u010fal\u0161iemu pr\u00edspevku  &gt;&gt;<br\/><\/p>\n<\/div>\n<\/div>\n\n<div class=\"wp-block-columns alignfull are-vertically-aligned-center has-background is-layout-flex wp-container-core-columns-is-layout-28f84493 wp-block-columns-is-layout-flex\" style=\"background-color:#516062\">\n<div class=\"wp-block-column blog_autor_zusatz is-layout-flow wp-block-column-is-layout-flow\" style=\"flex-basis:10vw\"><\/div>\n\n\n\n<div class=\"wp-block-column is-vertically-aligned-center is-layout-flow wp-block-column-is-layout-flow\" style=\"flex-basis:20%\">\n<figure class=\"wp-block-image aligncenter size-large is-resized is-style-rounded\"><img loading=\"lazy\" decoding=\"async\" width=\"1024\" height=\"1024\" src=\"https:\/\/rothschenk.de\/wp-content\/uploads\/2024\/02\/sigurd-ehringer-ladungssicherung-ausbilder-und-berater-1024x1024.jpg\" alt=\"\" class=\"wp-image-143199\" style=\"width:150px\" srcset=\"https:\/\/rothschenk.de\/wp-content\/uploads\/2024\/02\/sigurd-ehringer-ladungssicherung-ausbilder-und-berater-1024x1024.jpg 1024w, https:\/\/rothschenk.de\/wp-content\/uploads\/2024\/02\/sigurd-ehringer-ladungssicherung-ausbilder-und-berater-300x300.jpg 300w, https:\/\/rothschenk.de\/wp-content\/uploads\/2024\/02\/sigurd-ehringer-ladungssicherung-ausbilder-und-berater-150x150.jpg 150w, https:\/\/rothschenk.de\/wp-content\/uploads\/2024\/02\/sigurd-ehringer-ladungssicherung-ausbilder-und-berater-768x767.jpg 768w, https:\/\/rothschenk.de\/wp-content\/uploads\/2024\/02\/sigurd-ehringer-ladungssicherung-ausbilder-und-berater-600x600.jpg 600w, https:\/\/rothschenk.de\/wp-content\/uploads\/2024\/02\/sigurd-ehringer-ladungssicherung-ausbilder-und-berater-100x100.jpg 100w, https:\/\/rothschenk.de\/wp-content\/uploads\/2024\/02\/sigurd-ehringer-ladungssicherung-ausbilder-und-berater.jpg 1500w\" sizes=\"(max-width: 1024px) 100vw, 1024px\" \/><\/figure>\n<\/div>\n\n\n\n<div class=\"wp-block-column is-vertically-aligned-center is-layout-flow wp-block-column-is-layout-flow\"><div class=\"wp-block-post-author\"><div class=\"wp-block-post-author__content\"><p class=\"wp-block-post-author__name\">Sigurd Ehringer<\/p><p class=\"wp-block-post-author__bio\">\u2714 VDI-zertifizierter Ausbilder f\u00fcr Ladungssicherung\r\n\u2714 Fachbuch-Autor\r\n\u2714 8 Jahre Projektmanager\r\n\u2714 12 Jahre bei der Bundeswehr (Kompaniechef)\r\n\u2714 20 Jahre Vertriebserfahrung\r\n\u2714 seit 1996 Berater\/Ausbilder in der Logistik\r\n\u2714 44 Jahre Ausbilder\/Trainer in verschiedenen Bereichen &#8212;&gt;\r\n\r\nIn einer Reihe von Fachbeitr\u00e4gen aus der Praxis, zu Themen rund um den Container und LKW, erhalten Sie Profiwissen aus erster Hand. Wie sichert man Ladung korrekt und was sind die Grundlagen der Ladungssicherung?\r\nErarbeitet und vorgestellt werden sie von Sigurd Ehringer, Inhaber von <a href=\"http:\/\/www.se-logcon.de\/\">SE-LogCon<\/a>.<\/p><\/div><\/div><\/div>\n\n\n\n<div class=\"wp-block-column blog_autor_zusatz is-layout-flow wp-block-column-is-layout-flow\" style=\"flex-basis:10vw\"><\/div>\n<\/div>\n\n<p><\/p>\n","protected":false},"excerpt":{"rendered":"<p>Pou\u017e\u00edvanie debniacich vriec v kontajneroch je be\u017enou met\u00f3dou a nevyhnutnou s\u00fa\u010das\u0165ou reperto\u00e1ru zabezpe\u010dovac\u00edch met\u00f3d. Napriek tomu je to met\u00f3da, ktorej \u00fa\u010dinnos\u0165 je zrejm\u00e1, ale ktor\u00e1 je spojen\u00e1 aj s rizikami. K\u00f3dex CTU venuje ukladac\u00edm vank\u00fa\u0161om cel\u00fa kapitolu v dodatku 7, pr\u00edloha 4 a je pln\u00fd vzorcov, ktor\u00e9 sa na prv\u00fd poh\u013ead zdaj\u00fa by\u0165 pre be\u017en\u00e9ho [&hellip;]<\/p>\n","protected":false},"author":1536,"featured_media":0,"comment_status":"open","ping_status":"closed","sticky":false,"template":"","format":"standard","meta":{"_acf_changed":false,"footnotes":""},"categories":[872,874,873],"tags":[],"class_list":["post-678297","post","type-post","status-publish","format-standard","hentry","category-cargo-blog-sk","category-fyzicka-stranka-sk","category-kontajner"],"acf":[],"yoast_head":"<!-- This site is optimized with the Yoast SEO plugin v27.5 - https:\/\/yoast.com\/product\/yoast-seo-wordpress\/ -->\n<title>BLOG: V\u00fdpo\u010det v\u00fdpl\u0148ov\u00fd vak pod\u013ea tovaru - \u010do je spr\u00e1vne?<\/title>\n<meta name=\"description\" content=\"\u010co je povolen\u00e9 a v s\u00falade s k\u00f3dexom CTU? \u2714 V\u00fdpo\u010det \u2714 Spr\u00e1vna ve\u013ekos\u0165 \u2714 Technick\u00fd \u010dl\u00e1nok s pr\u00edkladmi v\u00fdpo\u010dtu \u2714 BLOG Sigurda Ehringera\" \/>\n<meta name=\"robots\" content=\"index, follow, max-snippet:-1, max-image-preview:large, max-video-preview:-1\" \/>\n<link rel=\"canonical\" href=\"https:\/\/rothschenk.de\/sk\/epizoda-48-vypocet-vyplnovy-vak-podla-tovaru-co-je-spravne\/\" \/>\n<meta property=\"og:locale\" content=\"sk_SK\" \/>\n<meta property=\"og:type\" content=\"article\" \/>\n<meta property=\"og:title\" content=\"BLOG: V\u00fdpo\u010det v\u00fdpl\u0148ov\u00fd vak pod\u013ea tovaru - \u010do je spr\u00e1vne?\" \/>\n<meta property=\"og:description\" content=\"\u010co je povolen\u00e9 a v s\u00falade s k\u00f3dexom CTU? \u2714 V\u00fdpo\u010det \u2714 Spr\u00e1vna ve\u013ekos\u0165 \u2714 Technick\u00fd \u010dl\u00e1nok s pr\u00edkladmi v\u00fdpo\u010dtu \u2714 BLOG Sigurda Ehringera\" \/>\n<meta property=\"og:url\" content=\"https:\/\/rothschenk.de\/sk\/epizoda-48-vypocet-vyplnovy-vak-podla-tovaru-co-je-spravne\/\" \/>\n<meta property=\"og:site_name\" content=\"Rothschenk\" \/>\n<meta property=\"article:publisher\" content=\"https:\/\/de-de.facebook.com\/FirmaRothschenk\/\" \/>\n<meta property=\"article:published_time\" content=\"2024-10-23T14:28:58+00:00\" \/>\n<meta property=\"article:modified_time\" content=\"2025-06-30T14:30:57+00:00\" \/>\n<meta property=\"og:image\" content=\"https:\/\/rothschenk.de\/wp-content\/uploads\/2024\/10\/Stausack-berechnen-passend-zur-Ware-Ladungssicherung-Rothschenk.jpg\" \/>\n\t<meta property=\"og:image:width\" content=\"603\" \/>\n\t<meta property=\"og:image:height\" content=\"246\" \/>\n\t<meta property=\"og:image:type\" content=\"image\/jpeg\" \/>\n<meta name=\"author\" content=\"Sigurd Ehringer\" \/>\n<meta name=\"twitter:card\" content=\"summary_large_image\" \/>\n<meta name=\"twitter:label1\" content=\"Autor\" \/>\n\t<meta name=\"twitter:data1\" content=\"Sigurd Ehringer\" \/>\n\t<meta name=\"twitter:label2\" content=\"Predpokladan\u00fd \u010das \u010d\u00edtania\" \/>\n\t<meta name=\"twitter:data2\" content=\"4 min\u00faty\" \/>\n<script type=\"application\/ld+json\" class=\"yoast-schema-graph\">{\"@context\":\"https:\\\/\\\/schema.org\",\"@graph\":[{\"@type\":\"Article\",\"@id\":\"https:\\\/\\\/rothschenk.de\\\/sk\\\/epizoda-48-vypocet-vyplnovy-vak-podla-tovaru-co-je-spravne\\\/#article\",\"isPartOf\":{\"@id\":\"https:\\\/\\\/rothschenk.de\\\/sk\\\/epizoda-48-vypocet-vyplnovy-vak-podla-tovaru-co-je-spravne\\\/\"},\"author\":{\"name\":\"Sigurd Ehringer\",\"@id\":\"https:\\\/\\\/rothschenk.de\\\/sk\\\/#\\\/schema\\\/person\\\/8878c3ce4ac9607e11b12c500ead07e8\"},\"headline\":\"Epiz\u00f3da 48: V\u00fdpo\u010det v\u00fdpl\u0148ov\u00fd vak pod\u013ea tovaru &#8211; \u010do je spr\u00e1vne?\",\"datePublished\":\"2024-10-23T14:28:58+00:00\",\"dateModified\":\"2025-06-30T14:30:57+00:00\",\"mainEntityOfPage\":{\"@id\":\"https:\\\/\\\/rothschenk.de\\\/sk\\\/epizoda-48-vypocet-vyplnovy-vak-podla-tovaru-co-je-spravne\\\/\"},\"wordCount\":867,\"commentCount\":0,\"image\":{\"@id\":\"https:\\\/\\\/rothschenk.de\\\/sk\\\/epizoda-48-vypocet-vyplnovy-vak-podla-tovaru-co-je-spravne\\\/#primaryimage\"},\"thumbnailUrl\":\"https:\\\/\\\/rothschenk.de\\\/wp-content\\\/uploads\\\/2024\\\/10\\\/Stausack-berechnen-passend-zur-Ware-Ladungssicherung-Rothschenk.jpg\",\"articleSection\":[\"Cargo Blog\",\"Fyzick\u00e1 str\u00e1nka\",\"Kontajner\"],\"inLanguage\":\"sk-SK\",\"potentialAction\":[{\"@type\":\"CommentAction\",\"name\":\"Comment\",\"target\":[\"https:\\\/\\\/rothschenk.de\\\/sk\\\/epizoda-48-vypocet-vyplnovy-vak-podla-tovaru-co-je-spravne\\\/#respond\"]}]},{\"@type\":\"WebPage\",\"@id\":\"https:\\\/\\\/rothschenk.de\\\/sk\\\/epizoda-48-vypocet-vyplnovy-vak-podla-tovaru-co-je-spravne\\\/\",\"url\":\"https:\\\/\\\/rothschenk.de\\\/sk\\\/epizoda-48-vypocet-vyplnovy-vak-podla-tovaru-co-je-spravne\\\/\",\"name\":\"BLOG: V\u00fdpo\u010det v\u00fdpl\u0148ov\u00fd vak pod\u013ea tovaru - \u010do je spr\u00e1vne?\",\"isPartOf\":{\"@id\":\"https:\\\/\\\/rothschenk.de\\\/sk\\\/#website\"},\"primaryImageOfPage\":{\"@id\":\"https:\\\/\\\/rothschenk.de\\\/sk\\\/epizoda-48-vypocet-vyplnovy-vak-podla-tovaru-co-je-spravne\\\/#primaryimage\"},\"image\":{\"@id\":\"https:\\\/\\\/rothschenk.de\\\/sk\\\/epizoda-48-vypocet-vyplnovy-vak-podla-tovaru-co-je-spravne\\\/#primaryimage\"},\"thumbnailUrl\":\"https:\\\/\\\/rothschenk.de\\\/wp-content\\\/uploads\\\/2024\\\/10\\\/Stausack-berechnen-passend-zur-Ware-Ladungssicherung-Rothschenk.jpg\",\"datePublished\":\"2024-10-23T14:28:58+00:00\",\"dateModified\":\"2025-06-30T14:30:57+00:00\",\"author\":{\"@id\":\"https:\\\/\\\/rothschenk.de\\\/sk\\\/#\\\/schema\\\/person\\\/8878c3ce4ac9607e11b12c500ead07e8\"},\"description\":\"\u010co je povolen\u00e9 a v s\u00falade s k\u00f3dexom CTU? \u2714 V\u00fdpo\u010det \u2714 Spr\u00e1vna ve\u013ekos\u0165 \u2714 Technick\u00fd \u010dl\u00e1nok s pr\u00edkladmi v\u00fdpo\u010dtu \u2714 BLOG Sigurda Ehringera\",\"breadcrumb\":{\"@id\":\"https:\\\/\\\/rothschenk.de\\\/sk\\\/epizoda-48-vypocet-vyplnovy-vak-podla-tovaru-co-je-spravne\\\/#breadcrumb\"},\"inLanguage\":\"sk-SK\",\"potentialAction\":[{\"@type\":\"ReadAction\",\"target\":[\"https:\\\/\\\/rothschenk.de\\\/sk\\\/epizoda-48-vypocet-vyplnovy-vak-podla-tovaru-co-je-spravne\\\/\"]}]},{\"@type\":\"ImageObject\",\"inLanguage\":\"sk-SK\",\"@id\":\"https:\\\/\\\/rothschenk.de\\\/sk\\\/epizoda-48-vypocet-vyplnovy-vak-podla-tovaru-co-je-spravne\\\/#primaryimage\",\"url\":\"https:\\\/\\\/rothschenk.de\\\/wp-content\\\/uploads\\\/2024\\\/10\\\/Stausack-berechnen-passend-zur-Ware-Ladungssicherung-Rothschenk.jpg\",\"contentUrl\":\"https:\\\/\\\/rothschenk.de\\\/wp-content\\\/uploads\\\/2024\\\/10\\\/Stausack-berechnen-passend-zur-Ware-Ladungssicherung-Rothschenk.jpg\"},{\"@type\":\"BreadcrumbList\",\"@id\":\"https:\\\/\\\/rothschenk.de\\\/sk\\\/epizoda-48-vypocet-vyplnovy-vak-podla-tovaru-co-je-spravne\\\/#breadcrumb\",\"itemListElement\":[{\"@type\":\"ListItem\",\"position\":1,\"name\":\"Domovsk\u00e1 str\u00e1nka\",\"item\":\"https:\\\/\\\/rothschenk.de\\\/sk\\\/domovska-stranka\\\/\"},{\"@type\":\"ListItem\",\"position\":2,\"name\":\"Epiz\u00f3da 48: V\u00fdpo\u010det v\u00fdpl\u0148ov\u00fd vak pod\u013ea tovaru &#8211; \u010do je spr\u00e1vne?\"}]},{\"@type\":\"WebSite\",\"@id\":\"https:\\\/\\\/rothschenk.de\\\/sk\\\/#website\",\"url\":\"https:\\\/\\\/rothschenk.de\\\/sk\\\/\",\"name\":\"Rothschenk - Der Online Shop f\u00fcr Ladungssicherung\",\"description\":\"Der Online Shop f\u00fcr Ladungssicherung\",\"potentialAction\":[{\"@type\":\"SearchAction\",\"target\":{\"@type\":\"EntryPoint\",\"urlTemplate\":\"https:\\\/\\\/rothschenk.de\\\/sk\\\/?s={search_term_string}\"},\"query-input\":{\"@type\":\"PropertyValueSpecification\",\"valueRequired\":true,\"valueName\":\"search_term_string\"}}],\"inLanguage\":\"sk-SK\"},{\"@type\":\"Person\",\"@id\":\"https:\\\/\\\/rothschenk.de\\\/sk\\\/#\\\/schema\\\/person\\\/8878c3ce4ac9607e11b12c500ead07e8\",\"name\":\"Sigurd Ehringer\",\"image\":{\"@type\":\"ImageObject\",\"inLanguage\":\"sk-SK\",\"@id\":\"https:\\\/\\\/rothschenk.de\\\/wp-content\\\/uploads\\\/2024\\\/02\\\/sigurd-ehringer-ladungssicherung-ausbilder-und-berater-96x96.jpg\",\"url\":\"https:\\\/\\\/rothschenk.de\\\/wp-content\\\/uploads\\\/2024\\\/02\\\/sigurd-ehringer-ladungssicherung-ausbilder-und-berater-96x96.jpg\",\"contentUrl\":\"https:\\\/\\\/rothschenk.de\\\/wp-content\\\/uploads\\\/2024\\\/02\\\/sigurd-ehringer-ladungssicherung-ausbilder-und-berater-96x96.jpg\",\"caption\":\"Sigurd Ehringer\"},\"description\":\"\u2714 VDI-zertifizierter Ausbilder f\u00fcr Ladungssicherung \u2714 Fachbuch-Autor \u2714 8 Jahre Projektmanager \u2714 12 Jahre bei der Bundeswehr (Kompaniechef) \u2714 20 Jahre Vertriebserfahrung \u2714 seit 1996 Berater\\\/Ausbilder in der Logistik \u2714 44 Jahre Ausbilder\\\/Trainer in verschiedenen Bereichen ---&gt; In einer Reihe von Fachbeitr\u00e4gen aus der Praxis, zu Themen rund um den Container und LKW, erhalten Sie Profiwissen aus erster Hand. Wie sichert man Ladung korrekt und was sind die Grundlagen der Ladungssicherung? Erarbeitet und vorgestellt werden sie von Sigurd Ehringer, Inhaber von SE-LogCon.\",\"url\":\"https:\\\/\\\/rothschenk.de\\\/sk\\\/author\\\/sigurd-ehringer\\\/\"}]}<\/script>\n<!-- \/ Yoast SEO plugin. -->","yoast_head_json":{"title":"BLOG: V\u00fdpo\u010det v\u00fdpl\u0148ov\u00fd vak pod\u013ea tovaru - \u010do je spr\u00e1vne?","description":"\u010co je povolen\u00e9 a v s\u00falade s k\u00f3dexom CTU? \u2714 V\u00fdpo\u010det \u2714 Spr\u00e1vna ve\u013ekos\u0165 \u2714 Technick\u00fd \u010dl\u00e1nok s pr\u00edkladmi v\u00fdpo\u010dtu \u2714 BLOG Sigurda Ehringera","robots":{"index":"index","follow":"follow","max-snippet":"max-snippet:-1","max-image-preview":"max-image-preview:large","max-video-preview":"max-video-preview:-1"},"canonical":"https:\/\/rothschenk.de\/sk\/epizoda-48-vypocet-vyplnovy-vak-podla-tovaru-co-je-spravne\/","og_locale":"sk_SK","og_type":"article","og_title":"BLOG: V\u00fdpo\u010det v\u00fdpl\u0148ov\u00fd vak pod\u013ea tovaru - \u010do je spr\u00e1vne?","og_description":"\u010co je povolen\u00e9 a v s\u00falade s k\u00f3dexom CTU? \u2714 V\u00fdpo\u010det \u2714 Spr\u00e1vna ve\u013ekos\u0165 \u2714 Technick\u00fd \u010dl\u00e1nok s pr\u00edkladmi v\u00fdpo\u010dtu \u2714 BLOG Sigurda Ehringera","og_url":"https:\/\/rothschenk.de\/sk\/epizoda-48-vypocet-vyplnovy-vak-podla-tovaru-co-je-spravne\/","og_site_name":"Rothschenk","article_publisher":"https:\/\/de-de.facebook.com\/FirmaRothschenk\/","article_published_time":"2024-10-23T14:28:58+00:00","article_modified_time":"2025-06-30T14:30:57+00:00","og_image":[{"width":603,"height":246,"url":"https:\/\/rothschenk.de\/wp-content\/uploads\/2024\/10\/Stausack-berechnen-passend-zur-Ware-Ladungssicherung-Rothschenk.jpg","type":"image\/jpeg"}],"author":"Sigurd Ehringer","twitter_card":"summary_large_image","twitter_misc":{"Autor":"Sigurd Ehringer","Predpokladan\u00fd \u010das \u010d\u00edtania":"4 min\u00faty"},"schema":{"@context":"https:\/\/schema.org","@graph":[{"@type":"Article","@id":"https:\/\/rothschenk.de\/sk\/epizoda-48-vypocet-vyplnovy-vak-podla-tovaru-co-je-spravne\/#article","isPartOf":{"@id":"https:\/\/rothschenk.de\/sk\/epizoda-48-vypocet-vyplnovy-vak-podla-tovaru-co-je-spravne\/"},"author":{"name":"Sigurd Ehringer","@id":"https:\/\/rothschenk.de\/sk\/#\/schema\/person\/8878c3ce4ac9607e11b12c500ead07e8"},"headline":"Epiz\u00f3da 48: V\u00fdpo\u010det v\u00fdpl\u0148ov\u00fd vak pod\u013ea tovaru &#8211; \u010do je spr\u00e1vne?","datePublished":"2024-10-23T14:28:58+00:00","dateModified":"2025-06-30T14:30:57+00:00","mainEntityOfPage":{"@id":"https:\/\/rothschenk.de\/sk\/epizoda-48-vypocet-vyplnovy-vak-podla-tovaru-co-je-spravne\/"},"wordCount":867,"commentCount":0,"image":{"@id":"https:\/\/rothschenk.de\/sk\/epizoda-48-vypocet-vyplnovy-vak-podla-tovaru-co-je-spravne\/#primaryimage"},"thumbnailUrl":"https:\/\/rothschenk.de\/wp-content\/uploads\/2024\/10\/Stausack-berechnen-passend-zur-Ware-Ladungssicherung-Rothschenk.jpg","articleSection":["Cargo Blog","Fyzick\u00e1 str\u00e1nka","Kontajner"],"inLanguage":"sk-SK","potentialAction":[{"@type":"CommentAction","name":"Comment","target":["https:\/\/rothschenk.de\/sk\/epizoda-48-vypocet-vyplnovy-vak-podla-tovaru-co-je-spravne\/#respond"]}]},{"@type":"WebPage","@id":"https:\/\/rothschenk.de\/sk\/epizoda-48-vypocet-vyplnovy-vak-podla-tovaru-co-je-spravne\/","url":"https:\/\/rothschenk.de\/sk\/epizoda-48-vypocet-vyplnovy-vak-podla-tovaru-co-je-spravne\/","name":"BLOG: V\u00fdpo\u010det v\u00fdpl\u0148ov\u00fd vak pod\u013ea tovaru - \u010do je spr\u00e1vne?","isPartOf":{"@id":"https:\/\/rothschenk.de\/sk\/#website"},"primaryImageOfPage":{"@id":"https:\/\/rothschenk.de\/sk\/epizoda-48-vypocet-vyplnovy-vak-podla-tovaru-co-je-spravne\/#primaryimage"},"image":{"@id":"https:\/\/rothschenk.de\/sk\/epizoda-48-vypocet-vyplnovy-vak-podla-tovaru-co-je-spravne\/#primaryimage"},"thumbnailUrl":"https:\/\/rothschenk.de\/wp-content\/uploads\/2024\/10\/Stausack-berechnen-passend-zur-Ware-Ladungssicherung-Rothschenk.jpg","datePublished":"2024-10-23T14:28:58+00:00","dateModified":"2025-06-30T14:30:57+00:00","author":{"@id":"https:\/\/rothschenk.de\/sk\/#\/schema\/person\/8878c3ce4ac9607e11b12c500ead07e8"},"description":"\u010co je povolen\u00e9 a v s\u00falade s k\u00f3dexom CTU? \u2714 V\u00fdpo\u010det \u2714 Spr\u00e1vna ve\u013ekos\u0165 \u2714 Technick\u00fd \u010dl\u00e1nok s pr\u00edkladmi v\u00fdpo\u010dtu \u2714 BLOG Sigurda Ehringera","breadcrumb":{"@id":"https:\/\/rothschenk.de\/sk\/epizoda-48-vypocet-vyplnovy-vak-podla-tovaru-co-je-spravne\/#breadcrumb"},"inLanguage":"sk-SK","potentialAction":[{"@type":"ReadAction","target":["https:\/\/rothschenk.de\/sk\/epizoda-48-vypocet-vyplnovy-vak-podla-tovaru-co-je-spravne\/"]}]},{"@type":"ImageObject","inLanguage":"sk-SK","@id":"https:\/\/rothschenk.de\/sk\/epizoda-48-vypocet-vyplnovy-vak-podla-tovaru-co-je-spravne\/#primaryimage","url":"https:\/\/rothschenk.de\/wp-content\/uploads\/2024\/10\/Stausack-berechnen-passend-zur-Ware-Ladungssicherung-Rothschenk.jpg","contentUrl":"https:\/\/rothschenk.de\/wp-content\/uploads\/2024\/10\/Stausack-berechnen-passend-zur-Ware-Ladungssicherung-Rothschenk.jpg"},{"@type":"BreadcrumbList","@id":"https:\/\/rothschenk.de\/sk\/epizoda-48-vypocet-vyplnovy-vak-podla-tovaru-co-je-spravne\/#breadcrumb","itemListElement":[{"@type":"ListItem","position":1,"name":"Domovsk\u00e1 str\u00e1nka","item":"https:\/\/rothschenk.de\/sk\/domovska-stranka\/"},{"@type":"ListItem","position":2,"name":"Epiz\u00f3da 48: V\u00fdpo\u010det v\u00fdpl\u0148ov\u00fd vak pod\u013ea tovaru &#8211; \u010do je spr\u00e1vne?"}]},{"@type":"WebSite","@id":"https:\/\/rothschenk.de\/sk\/#website","url":"https:\/\/rothschenk.de\/sk\/","name":"Rothschenk - Der Online Shop f\u00fcr Ladungssicherung","description":"Der Online Shop f\u00fcr Ladungssicherung","potentialAction":[{"@type":"SearchAction","target":{"@type":"EntryPoint","urlTemplate":"https:\/\/rothschenk.de\/sk\/?s={search_term_string}"},"query-input":{"@type":"PropertyValueSpecification","valueRequired":true,"valueName":"search_term_string"}}],"inLanguage":"sk-SK"},{"@type":"Person","@id":"https:\/\/rothschenk.de\/sk\/#\/schema\/person\/8878c3ce4ac9607e11b12c500ead07e8","name":"Sigurd Ehringer","image":{"@type":"ImageObject","inLanguage":"sk-SK","@id":"https:\/\/rothschenk.de\/wp-content\/uploads\/2024\/02\/sigurd-ehringer-ladungssicherung-ausbilder-und-berater-96x96.jpg","url":"https:\/\/rothschenk.de\/wp-content\/uploads\/2024\/02\/sigurd-ehringer-ladungssicherung-ausbilder-und-berater-96x96.jpg","contentUrl":"https:\/\/rothschenk.de\/wp-content\/uploads\/2024\/02\/sigurd-ehringer-ladungssicherung-ausbilder-und-berater-96x96.jpg","caption":"Sigurd Ehringer"},"description":"\u2714 VDI-zertifizierter Ausbilder f\u00fcr Ladungssicherung \u2714 Fachbuch-Autor \u2714 8 Jahre Projektmanager \u2714 12 Jahre bei der Bundeswehr (Kompaniechef) \u2714 20 Jahre Vertriebserfahrung \u2714 seit 1996 Berater\/Ausbilder in der Logistik \u2714 44 Jahre Ausbilder\/Trainer in verschiedenen Bereichen ---&gt; In einer Reihe von Fachbeitr\u00e4gen aus der Praxis, zu Themen rund um den Container und LKW, erhalten Sie Profiwissen aus erster Hand. Wie sichert man Ladung korrekt und was sind die Grundlagen der Ladungssicherung? Erarbeitet und vorgestellt werden sie von Sigurd Ehringer, Inhaber von SE-LogCon.","url":"https:\/\/rothschenk.de\/sk\/author\/sigurd-ehringer\/"}]}},"_links":{"self":[{"href":"https:\/\/rothschenk.de\/sk\/wp-json\/wp\/v2\/posts\/678297","targetHints":{"allow":["GET"]}}],"collection":[{"href":"https:\/\/rothschenk.de\/sk\/wp-json\/wp\/v2\/posts"}],"about":[{"href":"https:\/\/rothschenk.de\/sk\/wp-json\/wp\/v2\/types\/post"}],"author":[{"embeddable":true,"href":"https:\/\/rothschenk.de\/sk\/wp-json\/wp\/v2\/users\/1536"}],"replies":[{"embeddable":true,"href":"https:\/\/rothschenk.de\/sk\/wp-json\/wp\/v2\/comments?post=678297"}],"version-history":[{"count":1,"href":"https:\/\/rothschenk.de\/sk\/wp-json\/wp\/v2\/posts\/678297\/revisions"}],"predecessor-version":[{"id":678323,"href":"https:\/\/rothschenk.de\/sk\/wp-json\/wp\/v2\/posts\/678297\/revisions\/678323"}],"wp:attachment":[{"href":"https:\/\/rothschenk.de\/sk\/wp-json\/wp\/v2\/media?parent=678297"}],"wp:term":[{"taxonomy":"category","embeddable":true,"href":"https:\/\/rothschenk.de\/sk\/wp-json\/wp\/v2\/categories?post=678297"},{"taxonomy":"post_tag","embeddable":true,"href":"https:\/\/rothschenk.de\/sk\/wp-json\/wp\/v2\/tags?post=678297"}],"curies":[{"name":"wp","href":"https:\/\/api.w.org\/{rel}","templated":true}]}}