{"id":679430,"date":"2025-02-11T11:46:34","date_gmt":"2025-02-11T10:46:34","guid":{"rendered":"https:\/\/rothschenk.de\/epizoda-53-kto-je-zodpovedny-vo-firmach-technicke-opatrenia\/"},"modified":"2025-06-30T16:47:01","modified_gmt":"2025-06-30T14:47:01","slug":"epizoda-53-kto-je-zodpovedny-vo-firmach-technicke-opatrenia","status":"publish","type":"post","link":"https:\/\/rothschenk.de\/sk\/epizoda-53-kto-je-zodpovedny-vo-firmach-technicke-opatrenia\/","title":{"rendered":"Epiz\u00f3da 53: Kto je zodpovedn\u00fd vo firm\u00e1ch? &#8211; Technick\u00e9 opatrenia"},"content":{"rendered":"\n<p>Ako bolo avizovan\u00e9 v 52. epiz\u00f3de, chcem sa tejto praxi venova\u0165 e\u0161te hlb\u0161ie, pouk\u00e1za\u0165 na chyby, ktor\u00e9 sa \u010dasto robia, a predstavi\u0165 mo\u017en\u00e9 rie\u0161enia.<\/p>\n\n<div class=\"wp-block-columns is-layout-flex wp-container-core-columns-is-layout-28f84493 wp-block-columns-is-layout-flex\">\n<div class=\"wp-block-column is-layout-flow wp-block-column-is-layout-flow\">\n<p>Pri plnen\u00ed povinnost\u00ed sa op\u00e4\u0165 riadim tromi piliermi.<\/p>\n\n\n\n<p><br\/>Nasleduj\u00face technick\u00e9 opatrenia mo\u017eno podrobne op\u00edsa\u0165 takto.<\/p>\n\n\n\n<figure class=\"wp-block-table\"><table class=\"has-fixed-layout\"><tbody><tr><td>1. po\u017eiadavky na v\u00fdrobok<br\/>2. o\u010dak\u00e1van\u00e9 prepravn\u00e9 za\u0165a\u017eenie<br\/>3. Po\u017eiadavky na vozidl\u00e1<br\/>4. Zariadenia na upevnenie n\u00e1kladu<br\/>5. Met\u00f3dy zabezpe\u010denia<br\/>6. Zariadenia na nakladanie a vykladanie  <\/td><\/tr><\/tbody><\/table><\/figure>\n<\/div>\n\n\n\n<div class=\"wp-block-column is-layout-flow wp-block-column-is-layout-flow\">\n<figure class=\"wp-block-gallery has-nested-images columns-default is-cropped wp-block-gallery-1 is-layout-flex wp-block-gallery-is-layout-flex\">\n<figure data-wp-context=\"{&quot;imageId&quot;:&quot;69ec812109ac2&quot;}\" data-wp-interactive=\"core\/image\" data-wp-key=\"69ec812109ac2\" class=\"wp-block-image size-full wp-lightbox-container\"><img fetchpriority=\"high\" decoding=\"async\" width=\"1080\" height=\"1080\" data-wp-class--hide=\"state.isContentHidden\" data-wp-class--show=\"state.isContentVisible\" data-wp-init=\"callbacks.setButtonStyles\" data-wp-on--click=\"actions.showLightbox\" data-wp-on--load=\"callbacks.setButtonStyles\" data-wp-on-window--resize=\"callbacks.setButtonStyles\" data-id=\"499054\" src=\"https:\/\/rothschenk.de\/wp-content\/uploads\/2025\/02\/Saeulen-der-Verantwortung-Pflichten-in-der-Ladungssicherung-Rothschenk-edited.png\" alt=\"\" class=\"wp-image-499054\" style=\"object-fit:cover\" srcset=\"https:\/\/rothschenk.de\/wp-content\/uploads\/2025\/02\/Saeulen-der-Verantwortung-Pflichten-in-der-Ladungssicherung-Rothschenk-edited.png 1080w, https:\/\/rothschenk.de\/wp-content\/uploads\/2025\/02\/Saeulen-der-Verantwortung-Pflichten-in-der-Ladungssicherung-Rothschenk-edited-300x300.png 300w, https:\/\/rothschenk.de\/wp-content\/uploads\/2025\/02\/Saeulen-der-Verantwortung-Pflichten-in-der-Ladungssicherung-Rothschenk-edited-1024x1024.png 1024w, https:\/\/rothschenk.de\/wp-content\/uploads\/2025\/02\/Saeulen-der-Verantwortung-Pflichten-in-der-Ladungssicherung-Rothschenk-edited-150x150.png 150w, https:\/\/rothschenk.de\/wp-content\/uploads\/2025\/02\/Saeulen-der-Verantwortung-Pflichten-in-der-Ladungssicherung-Rothschenk-edited-768x768.png 768w, https:\/\/rothschenk.de\/wp-content\/uploads\/2025\/02\/Saeulen-der-Verantwortung-Pflichten-in-der-Ladungssicherung-Rothschenk-edited-600x600.png 600w, https:\/\/rothschenk.de\/wp-content\/uploads\/2025\/02\/Saeulen-der-Verantwortung-Pflichten-in-der-Ladungssicherung-Rothschenk-edited-100x100.png 100w\" sizes=\"(max-width: 1080px) 100vw, 1080px\" \/><button\n\t\t\tclass=\"lightbox-trigger\"\n\t\t\ttype=\"button\"\n\t\t\taria-haspopup=\"dialog\"\n\t\t\taria-label=\"Zv\u00e4\u010d\u0161i\u0165\"\n\t\t\tdata-wp-init=\"callbacks.initTriggerButton\"\n\t\t\tdata-wp-on--click=\"actions.showLightbox\"\n\t\t\tdata-wp-style--right=\"state.imageButtonRight\"\n\t\t\tdata-wp-style--top=\"state.imageButtonTop\"\n\t\t>\n\t\t\t<svg xmlns=\"http:\/\/www.w3.org\/2000\/svg\" width=\"12\" height=\"12\" fill=\"none\" viewBox=\"0 0 12 12\">\n\t\t\t\t<path fill=\"#fff\" d=\"M2 0a2 2 0 0 0-2 2v2h1.5V2a.5.5 0 0 1 .5-.5h2V0H2Zm2 10.5H2a.5.5 0 0 1-.5-.5V8H0v2a2 2 0 0 0 2 2h2v-1.5ZM8 12v-1.5h2a.5.5 0 0 0 .5-.5V8H12v2a2 2 0 0 1-2 2H8Zm2-12a2 2 0 0 1 2 2v2h-1.5V2a.5.5 0 0 0-.5-.5H8V0h2Z\" \/>\n\t\t\t<\/svg>\n\t\t<\/button><\/figure>\n<\/figure>\n<\/div>\n<\/div>\n\n<h2 class=\"wp-block-heading\">1. definova\u0165 po\u017eiadavky na v\u00fdrobok<\/h2>\n\n<p>Vych\u00e1dzaj\u00fac zo z\u00e1kladnej my\u0161lienky, \u017ee ka\u017ed\u00fd v\u00fdrobok zvy\u010dajne prech\u00e1dza f\u00e1zou prepravy k pou\u017e\u00edvate\u013eovi\/pr\u00edjemcovi, bolo by dobr\u00e9 vedie\u0165, ak\u00e9 za\u0165a\u017eenie vydr\u017e\u00ed. Tieto poznatky sa potom m\u00f4\u017eu pou\u017ei\u0165 na ur\u010denie opatren\u00ed a n\u00e1kladov na balenie.   <br\/><br\/>V\u00fdrobok, ktor\u00fd je citliv\u00fd na otrasy alebo vibr\u00e1cie, sa mus\u00ed bali\u0165 inak ako stroj alebo syst\u00e9m. Od toho sa potom m\u00f4\u017ee odv\u00edja\u0165 aj v\u00fdber dopravn\u00fdch prostriedkov a zabezpe\u010dovac\u00edch opatren\u00ed.   <br\/><br\/>V tejto s\u00favislosti treba spomen\u00fa\u0165 d\u00f4le\u017eit\u00fa smernicu VDI, <strong>VDI-2700, list 5 &#8222;Zabezpe\u010denie n\u00e1kladu na cestn\u00fdch vozidl\u00e1ch &#8211; syst\u00e9my riadenia kvality&#8220;.<\/strong> <br\/><br\/>N\u00e1zov hne\u010f neodha\u013euje pou\u017eite\u013en\u00fd obsah. Opisuje \u0161ed\u00fa z\u00f3nu medzi klientom a dopravcom\/zasielate\u013eom t\u00fdm, \u017ee rozde\u013euje proces prepravy na tenk\u00e9 pl\u00e1tky a v\u0161eobecne opisuje v\u00fdsledn\u00e9 opatrenia.   <br\/><br\/>Obsah m\u00f4jho \u010dl\u00e1nku z toho vych\u00e1dza a cel\u00fa vec podopiera praktick\u00fdmi sk\u00fasenos\u0165ami. Ka\u017ed\u00fd mana\u017e\u00e9r logistiky by mal pozna\u0165 toto usmernenie a implementova\u0165 jeho po\u017eiadavky v konkr\u00e9tnej firme. <\/p>\n\n<div style=\"height:36px\" aria-hidden=\"true\" class=\"wp-block-spacer\"><\/div>\n\n<h2 class=\"wp-block-heading\">2. o\u010dak\u00e1van\u00e9 prepravn\u00e9 za\u0165a\u017eenie<\/h2>\n\n<p>Od okamihu, ke\u010f si z\u00e1kazn\u00edk objedn\u00e1 tovar\/v\u00fdrobky, je zvy\u010dajne zn\u00e1me aj miesto dodania\/odberu. To umo\u017e\u0148uje ur\u010di\u0165 aj predpokladan\u00e9 n\u00e1klady na dopravu.   <br\/><br\/><strong>K\u00f3dex CTU 2014<\/strong> obsahuje tabu\u013ekov\u00fd preh\u013ead o\u010dak\u00e1van\u00e9ho dopravn\u00e9ho za\u0165a\u017eenia. Ten by mal tvori\u0165 z\u00e1klad pre \u00favahy.   <br\/><br\/>Dod\u00e1vka z Nemecka do Ameriky nevyhnutne zah\u0155\u0148a leteck\u00fa alebo n\u00e1morn\u00fa prepravu, predbe\u017en\u00e1 a n\u00e1sledn\u00e1 preprava v\u017edy zah\u0155\u0148a cestn\u00fa dopravu a jej \u010dasti sa m\u00f4\u017eu prepravova\u0165 aj po \u017eeleznici. To znamen\u00e1, \u017ee \u00favahy s\u00fa zalo\u017een\u00e9 u\u017e na \u0161tyroch r\u00f4znych prepravn\u00fdch za\u0165a\u017eeniach.   <br\/><br\/>Opatrenia, ktor\u00e9 sa maj\u00fa prija\u0165, napr. balenie, musia vych\u00e1dza\u0165 z najvy\u0161\u0161ieho prepravn\u00e9ho za\u0165a\u017eenia.  <br\/><br\/>Ak sa tieto aspekty zanedbaj\u00fa, je len ot\u00e1zkou \u010dasu, kedy d\u00f4jde k probl\u00e9mom a\/alebo po\u0161kodeniu pri preprave. U\u017e v tejto f\u00e1ze by sa mal zv\u00e1\u017ei\u0165 typ sp\u00f4sobu upevnenia, aby sa v\u00fdrobok mohol v pr\u00edpade potreby vybavi\u0165 potrebn\u00fdmi upev\u0148ovac\u00edmi bodmi. <\/p>\n\n<div style=\"height:36px\" aria-hidden=\"true\" class=\"wp-block-spacer\"><\/div>\n\n<h2 class=\"wp-block-heading\">3. d\u00f4le\u017eit\u00e9 po\u017eiadavky na vozidlo<\/h2>\n\n<p>Pri \u017eiadosti o prepravu sa vynech\u00e1vaj\u00fa rozhoduj\u00face opatrenia. Vo v\u00e4\u010d\u0161ine pr\u00edpadov sa m\u00f4\u017eete spo\u013eahn\u00fa\u0165 na to, \u017ee pneumatiky vozidla s\u00fa okr\u00fahle. Ale to, \u010di s\u00fa z\u00e1rove\u0148 v s\u00falade s predpismi o cestnej prem\u00e1vke, je u\u017e riziko.    <br\/><br\/>Pri preprave nebezpe\u010dn\u00e9ho tovaru je nakladate\u013esk\u00e1 spolo\u010dnos\u0165 okrem in\u00e9ho povinn\u00e1 skontrolova\u0165 vozidlo z h\u013eadiska bezpe\u010dnosti cestnej prem\u00e1vky, \u010do zah\u0155\u0148a aj &#8222;kontrolu&#8220; pneumat\u00edk. Nejde teda o kontrolu T\u00dcV.   <br\/><br\/>V z\u00e1vislosti od v\u00fdrobku, ktor\u00fd sa m\u00e1 nalo\u017ei\u0165, je potrebn\u00e9 uvies\u0165 typ vozidla, napr. skri\u0148ov\u00e1 alebo plachtov\u00e1 nadstavba. Ak sa vy\u017eaduje upevnenie pomocou upev\u0148ovac\u00edch p\u00e1sov, m\u00f4\u017ee ma\u0165 zmysel po\u017eadova\u0165 perforovan\u00fa li\u0161tu, preto\u017ee pod\u013ea normy EN-12642 nejde o \u0161tandardn\u00e9 vybavenie. Ka\u017ed\u00fd popruh sa potom m\u00f4\u017ee upevni\u0165 v optim\u00e1lnej polohe. Ak sa pl\u00e1nuje za\u0165a\u017eenie \u017eeriavom, nemal by sa vynecha\u0165 odkaz na &#8222;funk\u010dn\u00fa&#8220; posuvn\u00fa strechu.    <\/p>\n\n<div style=\"height:36px\" aria-hidden=\"true\" class=\"wp-block-spacer\"><\/div>\n\n<h2 class=\"wp-block-heading\">4. spr\u00e1vne zariadenie na upevnenie n\u00e1kladu<\/h2>\n\n<p>Mal by sa ur\u010di\u0165 aj druh z\u00e1bezpeky. Samotn\u00e9 tvrdenie &#8222;musia by\u0165 poskytnut\u00e9 dostato\u010dn\u00e9 prostriedky zabezpe\u010denia&#8220; v sebe skr\u00fdva viacero riz\u00edk. Uk\u00e1zalo sa, \u017ee je \u00fa\u010deln\u00e9 \u0161pecifikova\u0165 zabezpe\u010dovacie prostriedky, ako aj ich vlastnosti a po\u010det.    <br\/><br\/>Napr\u00edklad: 10 nap\u00ednac\u00edch p\u00e1sov s dlh\u00fdmi p\u00e1kov\u00fdmi nap\u00ednac\u00edmi ra\u010d\u0148ami, STF = 500daN, LC = 2 000daN a dve chr\u00e1ni\u010de hr\u00e1n na p\u00e1s.  <br\/><br\/>Nemala by sa vynecha\u0165 pozn\u00e1mka, \u017ee p\u00e1sy sa nesm\u00fa vyradi\u0165. Malo by sa tie\u017e uvies\u0165, \u017ee ak\u00e9ko\u013evek dodato\u010dn\u00e9 n\u00e1klady vzniknut\u00e9 v d\u00f4sledku ch\u00fdbaj\u00faceho alebo nespr\u00e1vneho upev\u0148ovacieho zariadenia zn\u00e1\u0161a dopravca.   <br\/><br\/>Ak sa vy\u017eaduj\u00fa proti\u0161mykov\u00e9 roho\u017ee, je ur\u010dite vhodn\u00e9 uvies\u0165 odkaz na po\u017eiadavku na kvalitu v s\u00falade s VDI-2700, list 15 &#8222;Proti\u0161mykov\u00e9 materi\u00e1ly&#8220;.  <br\/><br\/>\u010c\u00edm podrobnej\u0161ia je \u0161pecifik\u00e1cia vozidla a v\u00fdbavy, t\u00fdm menej prekvapen\u00ed a t\u00fdm menej sa musia zaobera\u0165, preto\u017ee pravidl\u00e1 hry s\u00fa jasn\u00e9.<\/p>\n\n<div style=\"height:36px\" aria-hidden=\"true\" class=\"wp-block-spacer\"><\/div>\n\n<h2 class=\"wp-block-heading\">5 Spr\u00e1vna met\u00f3da z\u00e1lohovania<\/h2>\n\n<p>Vo\u013eba sp\u00f4sobu zaistenia predstavuje riziko, ktor\u00e9 by sa nemalo podce\u0148ova\u0165, ak sa ponech\u00e1 na vodi\u010da n\u00e1kladn\u00e9ho vozidla.  <br\/><br\/>Predpoklad, \u017ee vodi\u010d je \u0161pecialista, sa v praxi nepotvrdil. Nakladacia spolo\u010dnos\u0165 by mala ma\u0165 pod palcom cel\u00fd proces. Naj\u010dastej\u0161ie pou\u017e\u00edvanou met\u00f3dou zaistenia je upevnenie. Rovnako \u010dasto sa pou\u017e\u00edva nespr\u00e1vne alebo je nevhodn\u00e9 a ne\u00fa\u010dinn\u00e9.     <br\/><br\/>V z\u00e1vislosti od hodnoty tovaru by mali existova\u0165 jasn\u00e9 pokyny na nakladanie, ktor\u00e9 odr\u00e1\u017eaj\u00fa vypo\u010d\u00edtan\u00fd sp\u00f4sob zabezpe\u010denia. Za to je zodpovedn\u00fd &#8222;ved\u00faci nakl\u00e1dky&#8220; a v pr\u00edpade pochybnost\u00ed je to konate\u013e, ak nevymenoval nikoho in\u00e9ho. U\u013eah\u010duje to pr\u00e1cu zamestnancovi nakladania a pokyny m\u00f4\u017eu sl\u00fa\u017ei\u0165 aj ako denn\u00edk nakladania.  <\/p>\n\n<div style=\"height:36px\" aria-hidden=\"true\" class=\"wp-block-spacer\"><\/div>\n\n<h2 class=\"wp-block-heading\">6. existuj\u00face nakladacie a vykladacie zariadenia<\/h2>\n\n<p>Mali by sa objasni\u0165 podmienky nakl\u00e1dky a vykl\u00e1dky, aby sa im pr\u00edjemca mohol prisp\u00f4sobi\u0165.  <br\/><br\/>Nie ka\u017ed\u00fd pr\u00edjemca m\u00e1 napr\u00edklad 10-tonov\u00fd vysokozdvi\u017en\u00fd voz\u00edk s dlh\u00fdmi vidlicami, \u010do \u010dasto znamen\u00e1, \u017ee palety nie s\u00fa umiestnen\u00e9 na proti\u0161mykov\u00fdch podlo\u017ek\u00e1ch, preto\u017ee to s\u0165a\u017euje tla\u010denie a \u0165ahanie.  <br\/><br\/>Ak je potrebn\u00e9 vylo\u017ei\u0165 \u017eeriav, malo by sa zv\u00e1\u017ei\u0165 doplnenie zdv\u00edhacieho zariadenia, najm\u00e4 v pr\u00edpade strojov a syst\u00e9mov.<\/p>\n\n<div style=\"height:36px\" aria-hidden=\"true\" class=\"wp-block-spacer\"><\/div>\n\n<p>Pilier &#8222;technick\u00e9 opatrenia&#8220; zaber\u00e1 v usmernen\u00ed VDI ve\u013ea miesta a je nevyhnutn\u00fd pre plynul\u00fa prepravu. \u010c\u00edm presnej\u0161ie s\u00fa procesy napl\u00e1novan\u00e9 a \u010d\u00edm lep\u0161ie z\u00fa\u010dastnen\u00e9 osoby poznaj\u00fa svoje \u00falohy, t\u00fdm ni\u017e\u0161ie je riziko, \u017ee sa nie\u010do pokaz\u00ed.   <br\/><br\/>Moj\u00edm cie\u013eom je tie\u017e iniciova\u0165 my\u0161lienkov\u00fd proces. Sk\u00fasenosti uk\u00e1zali, \u017ee z\u00e1vady, po\u0161kodenia pri preprave alebo pr\u00ed\u010diny sluchov\u00fdch prejavov kontroln\u00fdch org\u00e1nov sa daj\u00fa lokalizova\u0165 pr\u00e1ve v tejto oblasti.   <br\/><br\/>Ako sa hovor\u00ed: &#8222;Nesta\u010d\u00ed ma\u0165 t\u00fa\u017ebu chyta\u0165 ryby, mus\u00edte si prinies\u0165 aj sie\u0165&#8220;.  <br\/><br\/>S t\u00fdmto vedom\u00edm zosta\u0148te naladen\u00ed, bude \u010fal\u0161\u00ed diel.<\/p>\n\n<p><strong>V\u00e1\u0161, Sigurd Ehringer<\/strong><\/p>\n\n<div style=\"height:50px\" aria-hidden=\"true\" class=\"wp-block-spacer\"><\/div>\n\n<div class=\"wp-block-columns is-layout-flex wp-container-core-columns-is-layout-28f84493 wp-block-columns-is-layout-flex\">\n<div class=\"wp-block-column is-layout-flow wp-block-column-is-layout-flow\">\n<p class=\"has-text-align-left\">Predch\u00e1dzaj\u00faci \u010dl\u00e1nok &gt;&gt;<br\/><a href=\"https:\/\/rothschenk.de\/folge-52-wer-traegt-in-unternehmen-die-verantwortung-zu-vermeidende-fehler\/\">Epiz\u00f3da 52: Kto je zodpovedn\u00fd vo firm\u00e1ch &#8211; chyby, ktor\u00fdm sa treba vyhn\u00fa\u0165<\/a><\/p>\n<\/div>\n\n\n\n<div class=\"wp-block-column is-layout-flow wp-block-column-is-layout-flow\">\n<p class=\"has-text-align-right\">K \u010fal\u0161iemu pr\u00edspevku  &gt;&gt;<br\/><\/p>\n<\/div>\n<\/div>\n\n<div class=\"wp-block-columns alignfull are-vertically-aligned-center has-background is-layout-flex wp-container-core-columns-is-layout-28f84493 wp-block-columns-is-layout-flex\" style=\"background-color:#516062\">\n<div class=\"wp-block-column blog_autor_zusatz is-layout-flow wp-block-column-is-layout-flow\" style=\"flex-basis:10vw\"><\/div>\n\n\n\n<div class=\"wp-block-column is-vertically-aligned-center is-layout-flow wp-block-column-is-layout-flow\" style=\"flex-basis:20%\">\n<figure class=\"wp-block-image aligncenter size-large is-resized is-style-rounded\"><img decoding=\"async\" width=\"1024\" height=\"1024\" src=\"https:\/\/rothschenk.de\/wp-content\/uploads\/2024\/02\/sigurd-ehringer-ladungssicherung-ausbilder-und-berater-1024x1024.jpg\" alt=\"\" class=\"wp-image-143199\" style=\"width:150px\" srcset=\"https:\/\/rothschenk.de\/wp-content\/uploads\/2024\/02\/sigurd-ehringer-ladungssicherung-ausbilder-und-berater-1024x1024.jpg 1024w, https:\/\/rothschenk.de\/wp-content\/uploads\/2024\/02\/sigurd-ehringer-ladungssicherung-ausbilder-und-berater-300x300.jpg 300w, https:\/\/rothschenk.de\/wp-content\/uploads\/2024\/02\/sigurd-ehringer-ladungssicherung-ausbilder-und-berater-150x150.jpg 150w, https:\/\/rothschenk.de\/wp-content\/uploads\/2024\/02\/sigurd-ehringer-ladungssicherung-ausbilder-und-berater-768x767.jpg 768w, https:\/\/rothschenk.de\/wp-content\/uploads\/2024\/02\/sigurd-ehringer-ladungssicherung-ausbilder-und-berater-600x600.jpg 600w, https:\/\/rothschenk.de\/wp-content\/uploads\/2024\/02\/sigurd-ehringer-ladungssicherung-ausbilder-und-berater-100x100.jpg 100w, https:\/\/rothschenk.de\/wp-content\/uploads\/2024\/02\/sigurd-ehringer-ladungssicherung-ausbilder-und-berater.jpg 1500w\" sizes=\"(max-width: 1024px) 100vw, 1024px\" \/><\/figure>\n<\/div>\n\n\n\n<div class=\"wp-block-column is-vertically-aligned-center is-layout-flow wp-block-column-is-layout-flow\"><div class=\"wp-block-post-author\"><div class=\"wp-block-post-author__content\"><p class=\"wp-block-post-author__name\">Sigurd Ehringer<\/p><p class=\"wp-block-post-author__bio\">\u2714 VDI-zertifizierter Ausbilder f\u00fcr Ladungssicherung\r\n\u2714 Fachbuch-Autor\r\n\u2714 8 Jahre Projektmanager\r\n\u2714 12 Jahre bei der Bundeswehr (Kompaniechef)\r\n\u2714 20 Jahre Vertriebserfahrung\r\n\u2714 seit 1996 Berater\/Ausbilder in der Logistik\r\n\u2714 44 Jahre Ausbilder\/Trainer in verschiedenen Bereichen &#8212;&gt;\r\n\r\nIn einer Reihe von Fachbeitr\u00e4gen aus der Praxis, zu Themen rund um den Container und LKW, erhalten Sie Profiwissen aus erster Hand. Wie sichert man Ladung korrekt und was sind die Grundlagen der Ladungssicherung?\r\nErarbeitet und vorgestellt werden sie von Sigurd Ehringer, Inhaber von <a href=\"http:\/\/www.se-logcon.de\/\">SE-LogCon<\/a>.<\/p><\/div><\/div><\/div>\n\n\n\n<div class=\"wp-block-column blog_autor_zusatz is-layout-flow wp-block-column-is-layout-flow\" style=\"flex-basis:10vw\"><\/div>\n<\/div>\n\n<p><\/p>\n","protected":false},"excerpt":{"rendered":"<p>Ako bolo avizovan\u00e9 v 52. epiz\u00f3de, chcem sa tejto praxi venova\u0165 e\u0161te hlb\u0161ie, pouk\u00e1za\u0165 na chyby, ktor\u00e9 sa \u010dasto robia, a predstavi\u0165 mo\u017en\u00e9 rie\u0161enia. Pri plnen\u00ed povinnost\u00ed sa op\u00e4\u0165 riadim tromi piliermi. Nasleduj\u00face technick\u00e9 opatrenia mo\u017eno podrobne op\u00edsa\u0165 takto. 1. po\u017eiadavky na v\u00fdrobok2. o\u010dak\u00e1van\u00e9 prepravn\u00e9 za\u0165a\u017eenie3. Po\u017eiadavky na vozidl\u00e14. Zariadenia na upevnenie n\u00e1kladu5. Met\u00f3dy zabezpe\u010denia6. [&hellip;]<\/p>\n","protected":false},"author":1536,"featured_media":0,"comment_status":"open","ping_status":"closed","sticky":false,"template":"","format":"standard","meta":{"_acf_changed":false,"footnotes":""},"categories":[872,887],"tags":[],"class_list":["post-679430","post","type-post","status-publish","format-standard","hentry","category-cargo-blog-sk","category-pravne-zalezitosti"],"acf":[],"yoast_head":"<!-- This site is optimized with the Yoast SEO plugin v27.4 - https:\/\/yoast.com\/product\/yoast-seo-wordpress\/ -->\n<title>Zodpovednos\u0165 v spolo\u010dnosti - Technick\u00e9 opatrenia<\/title>\n<meta name=\"description\" content=\"Spr\u00e1vne zariadenie na upevnenie n\u00e1kladu \u2714 Preprava n\u00e1kladu \u2714 Po\u017eiadavky na vozidlo \u2714 Met\u00f3dy zabezpe\u010denia \u2714 Zariadenia na nakladanie\/vykladanie \u2714 BLOG\" \/>\n<meta name=\"robots\" content=\"index, follow, max-snippet:-1, max-image-preview:large, max-video-preview:-1\" \/>\n<link rel=\"canonical\" href=\"https:\/\/rothschenk.de\/sk\/epizoda-53-kto-je-zodpovedny-vo-firmach-technicke-opatrenia\/\" \/>\n<meta property=\"og:locale\" content=\"sk_SK\" \/>\n<meta property=\"og:type\" content=\"article\" \/>\n<meta property=\"og:title\" content=\"Zodpovednos\u0165 v spolo\u010dnosti - Technick\u00e9 opatrenia\" \/>\n<meta property=\"og:description\" content=\"Spr\u00e1vne zariadenie na upevnenie n\u00e1kladu \u2714 Preprava n\u00e1kladu \u2714 Po\u017eiadavky na vozidlo \u2714 Met\u00f3dy zabezpe\u010denia \u2714 Zariadenia na nakladanie\/vykladanie \u2714 BLOG\" \/>\n<meta property=\"og:url\" content=\"https:\/\/rothschenk.de\/sk\/epizoda-53-kto-je-zodpovedny-vo-firmach-technicke-opatrenia\/\" \/>\n<meta property=\"og:site_name\" content=\"Rothschenk\" \/>\n<meta property=\"article:publisher\" content=\"https:\/\/de-de.facebook.com\/FirmaRothschenk\/\" \/>\n<meta property=\"article:published_time\" content=\"2025-02-11T10:46:34+00:00\" \/>\n<meta property=\"article:modified_time\" content=\"2025-06-30T14:47:01+00:00\" \/>\n<meta property=\"og:image\" content=\"https:\/\/rothschenk.de\/wp-content\/uploads\/2025\/02\/Saeulen-der-Verantwortung-Pflichten-in-der-Ladungssicherung-Rothschenk-edited.png\" \/>\n\t<meta property=\"og:image:width\" content=\"1080\" \/>\n\t<meta property=\"og:image:height\" content=\"1080\" \/>\n\t<meta property=\"og:image:type\" content=\"image\/png\" \/>\n<meta name=\"author\" content=\"Sigurd Ehringer\" \/>\n<meta name=\"twitter:card\" content=\"summary_large_image\" \/>\n<meta name=\"twitter:label1\" content=\"Autor\" \/>\n\t<meta name=\"twitter:data1\" content=\"Sigurd Ehringer\" \/>\n\t<meta name=\"twitter:label2\" content=\"Predpokladan\u00fd \u010das \u010d\u00edtania\" \/>\n\t<meta name=\"twitter:data2\" content=\"6 min\u00fat\" \/>\n<script type=\"application\/ld+json\" class=\"yoast-schema-graph\">{\"@context\":\"https:\\\/\\\/schema.org\",\"@graph\":[{\"@type\":\"Article\",\"@id\":\"https:\\\/\\\/rothschenk.de\\\/sk\\\/epizoda-53-kto-je-zodpovedny-vo-firmach-technicke-opatrenia\\\/#article\",\"isPartOf\":{\"@id\":\"https:\\\/\\\/rothschenk.de\\\/sk\\\/epizoda-53-kto-je-zodpovedny-vo-firmach-technicke-opatrenia\\\/\"},\"author\":{\"name\":\"Sigurd Ehringer\",\"@id\":\"https:\\\/\\\/rothschenk.de\\\/sk\\\/#\\\/schema\\\/person\\\/8878c3ce4ac9607e11b12c500ead07e8\"},\"headline\":\"Epiz\u00f3da 53: Kto je zodpovedn\u00fd vo firm\u00e1ch? &#8211; Technick\u00e9 opatrenia\",\"datePublished\":\"2025-02-11T10:46:34+00:00\",\"dateModified\":\"2025-06-30T14:47:01+00:00\",\"mainEntityOfPage\":{\"@id\":\"https:\\\/\\\/rothschenk.de\\\/sk\\\/epizoda-53-kto-je-zodpovedny-vo-firmach-technicke-opatrenia\\\/\"},\"wordCount\":1186,\"commentCount\":0,\"image\":{\"@id\":\"https:\\\/\\\/rothschenk.de\\\/sk\\\/epizoda-53-kto-je-zodpovedny-vo-firmach-technicke-opatrenia\\\/#primaryimage\"},\"thumbnailUrl\":\"https:\\\/\\\/rothschenk.de\\\/wp-content\\\/uploads\\\/2025\\\/02\\\/Saeulen-der-Verantwortung-Pflichten-in-der-Ladungssicherung-Rothschenk-edited.png\",\"articleSection\":[\"Cargo Blog\",\"Pr\u00e1vne z\u00e1le\u017eitosti\"],\"inLanguage\":\"sk-SK\",\"potentialAction\":[{\"@type\":\"CommentAction\",\"name\":\"Comment\",\"target\":[\"https:\\\/\\\/rothschenk.de\\\/sk\\\/epizoda-53-kto-je-zodpovedny-vo-firmach-technicke-opatrenia\\\/#respond\"]}]},{\"@type\":\"WebPage\",\"@id\":\"https:\\\/\\\/rothschenk.de\\\/sk\\\/epizoda-53-kto-je-zodpovedny-vo-firmach-technicke-opatrenia\\\/\",\"url\":\"https:\\\/\\\/rothschenk.de\\\/sk\\\/epizoda-53-kto-je-zodpovedny-vo-firmach-technicke-opatrenia\\\/\",\"name\":\"Zodpovednos\u0165 v spolo\u010dnosti - Technick\u00e9 opatrenia\",\"isPartOf\":{\"@id\":\"https:\\\/\\\/rothschenk.de\\\/sk\\\/#website\"},\"primaryImageOfPage\":{\"@id\":\"https:\\\/\\\/rothschenk.de\\\/sk\\\/epizoda-53-kto-je-zodpovedny-vo-firmach-technicke-opatrenia\\\/#primaryimage\"},\"image\":{\"@id\":\"https:\\\/\\\/rothschenk.de\\\/sk\\\/epizoda-53-kto-je-zodpovedny-vo-firmach-technicke-opatrenia\\\/#primaryimage\"},\"thumbnailUrl\":\"https:\\\/\\\/rothschenk.de\\\/wp-content\\\/uploads\\\/2025\\\/02\\\/Saeulen-der-Verantwortung-Pflichten-in-der-Ladungssicherung-Rothschenk-edited.png\",\"datePublished\":\"2025-02-11T10:46:34+00:00\",\"dateModified\":\"2025-06-30T14:47:01+00:00\",\"author\":{\"@id\":\"https:\\\/\\\/rothschenk.de\\\/sk\\\/#\\\/schema\\\/person\\\/8878c3ce4ac9607e11b12c500ead07e8\"},\"description\":\"Spr\u00e1vne zariadenie na upevnenie n\u00e1kladu \u2714 Preprava n\u00e1kladu \u2714 Po\u017eiadavky na vozidlo \u2714 Met\u00f3dy zabezpe\u010denia \u2714 Zariadenia na nakladanie\\\/vykladanie \u2714 BLOG\",\"breadcrumb\":{\"@id\":\"https:\\\/\\\/rothschenk.de\\\/sk\\\/epizoda-53-kto-je-zodpovedny-vo-firmach-technicke-opatrenia\\\/#breadcrumb\"},\"inLanguage\":\"sk-SK\",\"potentialAction\":[{\"@type\":\"ReadAction\",\"target\":[\"https:\\\/\\\/rothschenk.de\\\/sk\\\/epizoda-53-kto-je-zodpovedny-vo-firmach-technicke-opatrenia\\\/\"]}]},{\"@type\":\"ImageObject\",\"inLanguage\":\"sk-SK\",\"@id\":\"https:\\\/\\\/rothschenk.de\\\/sk\\\/epizoda-53-kto-je-zodpovedny-vo-firmach-technicke-opatrenia\\\/#primaryimage\",\"url\":\"https:\\\/\\\/rothschenk.de\\\/wp-content\\\/uploads\\\/2025\\\/02\\\/Saeulen-der-Verantwortung-Pflichten-in-der-Ladungssicherung-Rothschenk-edited.png\",\"contentUrl\":\"https:\\\/\\\/rothschenk.de\\\/wp-content\\\/uploads\\\/2025\\\/02\\\/Saeulen-der-Verantwortung-Pflichten-in-der-Ladungssicherung-Rothschenk-edited.png\"},{\"@type\":\"BreadcrumbList\",\"@id\":\"https:\\\/\\\/rothschenk.de\\\/sk\\\/epizoda-53-kto-je-zodpovedny-vo-firmach-technicke-opatrenia\\\/#breadcrumb\",\"itemListElement\":[{\"@type\":\"ListItem\",\"position\":1,\"name\":\"Domovsk\u00e1 str\u00e1nka\",\"item\":\"https:\\\/\\\/rothschenk.de\\\/sk\\\/domovska-stranka\\\/\"},{\"@type\":\"ListItem\",\"position\":2,\"name\":\"Epiz\u00f3da 53: Kto je zodpovedn\u00fd vo firm\u00e1ch? - Technick\u00e9 opatrenia\"}]},{\"@type\":\"WebSite\",\"@id\":\"https:\\\/\\\/rothschenk.de\\\/sk\\\/#website\",\"url\":\"https:\\\/\\\/rothschenk.de\\\/sk\\\/\",\"name\":\"Rothschenk - Der Online Shop f\u00fcr Ladungssicherung\",\"description\":\"Der Online Shop f\u00fcr Ladungssicherung\",\"potentialAction\":[{\"@type\":\"SearchAction\",\"target\":{\"@type\":\"EntryPoint\",\"urlTemplate\":\"https:\\\/\\\/rothschenk.de\\\/sk\\\/?s={search_term_string}\"},\"query-input\":{\"@type\":\"PropertyValueSpecification\",\"valueRequired\":true,\"valueName\":\"search_term_string\"}}],\"inLanguage\":\"sk-SK\"},{\"@type\":\"Person\",\"@id\":\"https:\\\/\\\/rothschenk.de\\\/sk\\\/#\\\/schema\\\/person\\\/8878c3ce4ac9607e11b12c500ead07e8\",\"name\":\"Sigurd Ehringer\",\"image\":{\"@type\":\"ImageObject\",\"inLanguage\":\"sk-SK\",\"@id\":\"https:\\\/\\\/rothschenk.de\\\/wp-content\\\/uploads\\\/2024\\\/02\\\/sigurd-ehringer-ladungssicherung-ausbilder-und-berater-96x96.jpg\",\"url\":\"https:\\\/\\\/rothschenk.de\\\/wp-content\\\/uploads\\\/2024\\\/02\\\/sigurd-ehringer-ladungssicherung-ausbilder-und-berater-96x96.jpg\",\"contentUrl\":\"https:\\\/\\\/rothschenk.de\\\/wp-content\\\/uploads\\\/2024\\\/02\\\/sigurd-ehringer-ladungssicherung-ausbilder-und-berater-96x96.jpg\",\"caption\":\"Sigurd Ehringer\"},\"description\":\"\u2714 VDI-zertifizierter Ausbilder f\u00fcr Ladungssicherung \u2714 Fachbuch-Autor \u2714 8 Jahre Projektmanager \u2714 12 Jahre bei der Bundeswehr (Kompaniechef) \u2714 20 Jahre Vertriebserfahrung \u2714 seit 1996 Berater\\\/Ausbilder in der Logistik \u2714 44 Jahre Ausbilder\\\/Trainer in verschiedenen Bereichen ---&gt; In einer Reihe von Fachbeitr\u00e4gen aus der Praxis, zu Themen rund um den Container und LKW, erhalten Sie Profiwissen aus erster Hand. Wie sichert man Ladung korrekt und was sind die Grundlagen der Ladungssicherung? Erarbeitet und vorgestellt werden sie von Sigurd Ehringer, Inhaber von SE-LogCon.\",\"url\":\"https:\\\/\\\/rothschenk.de\\\/sk\\\/author\\\/sigurd-ehringer\\\/\"}]}<\/script>\n<!-- \/ Yoast SEO plugin. -->","yoast_head_json":{"title":"Zodpovednos\u0165 v spolo\u010dnosti - Technick\u00e9 opatrenia","description":"Spr\u00e1vne zariadenie na upevnenie n\u00e1kladu \u2714 Preprava n\u00e1kladu \u2714 Po\u017eiadavky na vozidlo \u2714 Met\u00f3dy zabezpe\u010denia \u2714 Zariadenia na nakladanie\/vykladanie \u2714 BLOG","robots":{"index":"index","follow":"follow","max-snippet":"max-snippet:-1","max-image-preview":"max-image-preview:large","max-video-preview":"max-video-preview:-1"},"canonical":"https:\/\/rothschenk.de\/sk\/epizoda-53-kto-je-zodpovedny-vo-firmach-technicke-opatrenia\/","og_locale":"sk_SK","og_type":"article","og_title":"Zodpovednos\u0165 v spolo\u010dnosti - Technick\u00e9 opatrenia","og_description":"Spr\u00e1vne zariadenie na upevnenie n\u00e1kladu \u2714 Preprava n\u00e1kladu \u2714 Po\u017eiadavky na vozidlo \u2714 Met\u00f3dy zabezpe\u010denia \u2714 Zariadenia na nakladanie\/vykladanie \u2714 BLOG","og_url":"https:\/\/rothschenk.de\/sk\/epizoda-53-kto-je-zodpovedny-vo-firmach-technicke-opatrenia\/","og_site_name":"Rothschenk","article_publisher":"https:\/\/de-de.facebook.com\/FirmaRothschenk\/","article_published_time":"2025-02-11T10:46:34+00:00","article_modified_time":"2025-06-30T14:47:01+00:00","og_image":[{"width":1080,"height":1080,"url":"https:\/\/rothschenk.de\/wp-content\/uploads\/2025\/02\/Saeulen-der-Verantwortung-Pflichten-in-der-Ladungssicherung-Rothschenk-edited.png","type":"image\/png"}],"author":"Sigurd Ehringer","twitter_card":"summary_large_image","twitter_misc":{"Autor":"Sigurd Ehringer","Predpokladan\u00fd \u010das \u010d\u00edtania":"6 min\u00fat"},"schema":{"@context":"https:\/\/schema.org","@graph":[{"@type":"Article","@id":"https:\/\/rothschenk.de\/sk\/epizoda-53-kto-je-zodpovedny-vo-firmach-technicke-opatrenia\/#article","isPartOf":{"@id":"https:\/\/rothschenk.de\/sk\/epizoda-53-kto-je-zodpovedny-vo-firmach-technicke-opatrenia\/"},"author":{"name":"Sigurd Ehringer","@id":"https:\/\/rothschenk.de\/sk\/#\/schema\/person\/8878c3ce4ac9607e11b12c500ead07e8"},"headline":"Epiz\u00f3da 53: Kto je zodpovedn\u00fd vo firm\u00e1ch? &#8211; Technick\u00e9 opatrenia","datePublished":"2025-02-11T10:46:34+00:00","dateModified":"2025-06-30T14:47:01+00:00","mainEntityOfPage":{"@id":"https:\/\/rothschenk.de\/sk\/epizoda-53-kto-je-zodpovedny-vo-firmach-technicke-opatrenia\/"},"wordCount":1186,"commentCount":0,"image":{"@id":"https:\/\/rothschenk.de\/sk\/epizoda-53-kto-je-zodpovedny-vo-firmach-technicke-opatrenia\/#primaryimage"},"thumbnailUrl":"https:\/\/rothschenk.de\/wp-content\/uploads\/2025\/02\/Saeulen-der-Verantwortung-Pflichten-in-der-Ladungssicherung-Rothschenk-edited.png","articleSection":["Cargo Blog","Pr\u00e1vne z\u00e1le\u017eitosti"],"inLanguage":"sk-SK","potentialAction":[{"@type":"CommentAction","name":"Comment","target":["https:\/\/rothschenk.de\/sk\/epizoda-53-kto-je-zodpovedny-vo-firmach-technicke-opatrenia\/#respond"]}]},{"@type":"WebPage","@id":"https:\/\/rothschenk.de\/sk\/epizoda-53-kto-je-zodpovedny-vo-firmach-technicke-opatrenia\/","url":"https:\/\/rothschenk.de\/sk\/epizoda-53-kto-je-zodpovedny-vo-firmach-technicke-opatrenia\/","name":"Zodpovednos\u0165 v spolo\u010dnosti - Technick\u00e9 opatrenia","isPartOf":{"@id":"https:\/\/rothschenk.de\/sk\/#website"},"primaryImageOfPage":{"@id":"https:\/\/rothschenk.de\/sk\/epizoda-53-kto-je-zodpovedny-vo-firmach-technicke-opatrenia\/#primaryimage"},"image":{"@id":"https:\/\/rothschenk.de\/sk\/epizoda-53-kto-je-zodpovedny-vo-firmach-technicke-opatrenia\/#primaryimage"},"thumbnailUrl":"https:\/\/rothschenk.de\/wp-content\/uploads\/2025\/02\/Saeulen-der-Verantwortung-Pflichten-in-der-Ladungssicherung-Rothschenk-edited.png","datePublished":"2025-02-11T10:46:34+00:00","dateModified":"2025-06-30T14:47:01+00:00","author":{"@id":"https:\/\/rothschenk.de\/sk\/#\/schema\/person\/8878c3ce4ac9607e11b12c500ead07e8"},"description":"Spr\u00e1vne zariadenie na upevnenie n\u00e1kladu \u2714 Preprava n\u00e1kladu \u2714 Po\u017eiadavky na vozidlo \u2714 Met\u00f3dy zabezpe\u010denia \u2714 Zariadenia na nakladanie\/vykladanie \u2714 BLOG","breadcrumb":{"@id":"https:\/\/rothschenk.de\/sk\/epizoda-53-kto-je-zodpovedny-vo-firmach-technicke-opatrenia\/#breadcrumb"},"inLanguage":"sk-SK","potentialAction":[{"@type":"ReadAction","target":["https:\/\/rothschenk.de\/sk\/epizoda-53-kto-je-zodpovedny-vo-firmach-technicke-opatrenia\/"]}]},{"@type":"ImageObject","inLanguage":"sk-SK","@id":"https:\/\/rothschenk.de\/sk\/epizoda-53-kto-je-zodpovedny-vo-firmach-technicke-opatrenia\/#primaryimage","url":"https:\/\/rothschenk.de\/wp-content\/uploads\/2025\/02\/Saeulen-der-Verantwortung-Pflichten-in-der-Ladungssicherung-Rothschenk-edited.png","contentUrl":"https:\/\/rothschenk.de\/wp-content\/uploads\/2025\/02\/Saeulen-der-Verantwortung-Pflichten-in-der-Ladungssicherung-Rothschenk-edited.png"},{"@type":"BreadcrumbList","@id":"https:\/\/rothschenk.de\/sk\/epizoda-53-kto-je-zodpovedny-vo-firmach-technicke-opatrenia\/#breadcrumb","itemListElement":[{"@type":"ListItem","position":1,"name":"Domovsk\u00e1 str\u00e1nka","item":"https:\/\/rothschenk.de\/sk\/domovska-stranka\/"},{"@type":"ListItem","position":2,"name":"Epiz\u00f3da 53: Kto je zodpovedn\u00fd vo firm\u00e1ch? - Technick\u00e9 opatrenia"}]},{"@type":"WebSite","@id":"https:\/\/rothschenk.de\/sk\/#website","url":"https:\/\/rothschenk.de\/sk\/","name":"Rothschenk - Der Online Shop f\u00fcr Ladungssicherung","description":"Der Online Shop f\u00fcr Ladungssicherung","potentialAction":[{"@type":"SearchAction","target":{"@type":"EntryPoint","urlTemplate":"https:\/\/rothschenk.de\/sk\/?s={search_term_string}"},"query-input":{"@type":"PropertyValueSpecification","valueRequired":true,"valueName":"search_term_string"}}],"inLanguage":"sk-SK"},{"@type":"Person","@id":"https:\/\/rothschenk.de\/sk\/#\/schema\/person\/8878c3ce4ac9607e11b12c500ead07e8","name":"Sigurd Ehringer","image":{"@type":"ImageObject","inLanguage":"sk-SK","@id":"https:\/\/rothschenk.de\/wp-content\/uploads\/2024\/02\/sigurd-ehringer-ladungssicherung-ausbilder-und-berater-96x96.jpg","url":"https:\/\/rothschenk.de\/wp-content\/uploads\/2024\/02\/sigurd-ehringer-ladungssicherung-ausbilder-und-berater-96x96.jpg","contentUrl":"https:\/\/rothschenk.de\/wp-content\/uploads\/2024\/02\/sigurd-ehringer-ladungssicherung-ausbilder-und-berater-96x96.jpg","caption":"Sigurd Ehringer"},"description":"\u2714 VDI-zertifizierter Ausbilder f\u00fcr Ladungssicherung \u2714 Fachbuch-Autor \u2714 8 Jahre Projektmanager \u2714 12 Jahre bei der Bundeswehr (Kompaniechef) \u2714 20 Jahre Vertriebserfahrung \u2714 seit 1996 Berater\/Ausbilder in der Logistik \u2714 44 Jahre Ausbilder\/Trainer in verschiedenen Bereichen ---&gt; In einer Reihe von Fachbeitr\u00e4gen aus der Praxis, zu Themen rund um den Container und LKW, erhalten Sie Profiwissen aus erster Hand. Wie sichert man Ladung korrekt und was sind die Grundlagen der Ladungssicherung? Erarbeitet und vorgestellt werden sie von Sigurd Ehringer, Inhaber von SE-LogCon.","url":"https:\/\/rothschenk.de\/sk\/author\/sigurd-ehringer\/"}]}},"_links":{"self":[{"href":"https:\/\/rothschenk.de\/sk\/wp-json\/wp\/v2\/posts\/679430","targetHints":{"allow":["GET"]}}],"collection":[{"href":"https:\/\/rothschenk.de\/sk\/wp-json\/wp\/v2\/posts"}],"about":[{"href":"https:\/\/rothschenk.de\/sk\/wp-json\/wp\/v2\/types\/post"}],"author":[{"embeddable":true,"href":"https:\/\/rothschenk.de\/sk\/wp-json\/wp\/v2\/users\/1536"}],"replies":[{"embeddable":true,"href":"https:\/\/rothschenk.de\/sk\/wp-json\/wp\/v2\/comments?post=679430"}],"version-history":[{"count":1,"href":"https:\/\/rothschenk.de\/sk\/wp-json\/wp\/v2\/posts\/679430\/revisions"}],"predecessor-version":[{"id":679455,"href":"https:\/\/rothschenk.de\/sk\/wp-json\/wp\/v2\/posts\/679430\/revisions\/679455"}],"wp:attachment":[{"href":"https:\/\/rothschenk.de\/sk\/wp-json\/wp\/v2\/media?parent=679430"}],"wp:term":[{"taxonomy":"category","embeddable":true,"href":"https:\/\/rothschenk.de\/sk\/wp-json\/wp\/v2\/categories?post=679430"},{"taxonomy":"post_tag","embeddable":true,"href":"https:\/\/rothschenk.de\/sk\/wp-json\/wp\/v2\/tags?post=679430"}],"curies":[{"name":"wp","href":"https:\/\/api.w.org\/{rel}","templated":true}]}}