{"id":679626,"date":"2024-12-04T14:52:46","date_gmt":"2024-12-04T13:52:46","guid":{"rendered":"https:\/\/rothschenk.de\/epizoda-51-kto-nesie-zodpovednost-v-podnikoch-strukturalne-aspekty\/"},"modified":"2025-06-30T16:52:23","modified_gmt":"2025-06-30T14:52:23","slug":"epizoda-51-kto-nesie-zodpovednost-v-podnikoch-strukturalne-aspekty","status":"publish","type":"post","link":"https:\/\/rothschenk.de\/sk\/epizoda-51-kto-nesie-zodpovednost-v-podnikoch-strukturalne-aspekty\/","title":{"rendered":"Epiz\u00f3da 51: Kto nesie zodpovednos\u0165 v podnikoch? &#8211; \u0160truktur\u00e1lne aspekty"},"content":{"rendered":"\n<p>Po vysvetlen\u00ed pr\u00e1vneho z\u00e1kladu v minulom \u010dl\u00e1nku sa tento \u010dl\u00e1nok zaober\u00e1 ot\u00e1zkou, ako mo\u017eno organiz\u00e1ciu navrhn\u00fa\u0165 tak, aby bola v s\u00falade s pr\u00e1vnymi predpismi. Pr\u00e1vne bezpe\u010dn\u00e1 znamen\u00e1 sp\u013a\u0148aj\u00faca hrani\u010dn\u00e9 podmienky \u00a7 130 OWiG. <\/p>\n\n<p>V podstate v\u017edy predpoklad\u00e1m, \u017ee v ka\u017edej spolo\u010dnosti existuje konsenzu\u00e1lna v\u00f4\u013ea dodr\u017eiava\u0165 pravidl\u00e1 a predpisy. A to v\u017edy a nielen vtedy, ke\u010f je v\u00fdhoda vo v\u00e1\u0161 prospech. Ka\u017ed\u00fd, kto na to nie je pripraven\u00fd, by sa mal nad sebou zamyslie\u0165.  <br\/><br\/>Najprv by som chcel poveda\u0165 nie\u010do o &#8222;person\u00e1li&#8220;. V ka\u017edej spolo\u010dnosti s\u00fa n\u00e1\u010deln\u00edci a indi\u00e1ni. V ide\u00e1lnom pr\u00edpade je jeden n\u00e1\u010deln\u00edk a zvy\u0161ok s\u00fa Indi\u00e1ni. \u017dia\u013e, v na\u0161om mnohotv\u00e1rnom pracovnom svete u\u017e nie je tak\u00e9 jednoduch\u00e9 t\u00fato z\u00e1sadu dodr\u017eiava\u0165. Preto je potrebn\u00e9 ma\u0165 jasn\u00fa \u0161trukt\u00faru.    <\/p>\n\n<div style=\"height:50px\" aria-hidden=\"true\" class=\"wp-block-spacer\"><\/div>\n\n<h2 class=\"wp-block-heading\">Pyram\u00edda zodpovednosti<\/h2>\n\n<div class=\"wp-block-columns is-layout-flex wp-container-core-columns-is-layout-28f84493 wp-block-columns-is-layout-flex\">\n<div class=\"wp-block-column is-layout-flow wp-block-column-is-layout-flow\">\n<p>R\u00e1d by som to ilustroval na nasleduj\u00facej grafike.<br\/>Na vrchole je podnikate\u013e.<\/p>\n\n\n\n<p><br\/>Druh\u00e1 \u00farove\u0148 obsahuje osoby, ktor\u00e9 vykon\u00e1vaj\u00fa a plnia niektor\u00e9 povinnosti podnikate\u013ea namiesto neho. Musia by\u0165 n\u00edm vymenovan\u00e9 v s\u00falade s \u00a7 9 ods. 2 OWiG.<br\/>3. \u00farove\u0148 zah\u0155\u0148a zamestnancov, ktor\u00ed pracuj\u00fa v\u00fdlu\u010dne v mene podniku a plnia osobitn\u00e9 \u00falohy. Ide napr\u00edklad o ved\u00facich t\u00edmov, ved\u00facich zmien at\u010f.   <\/p>\n\n\n\n<p><br\/>V\u0161etci ostatn\u00ed zamestnanci sa nach\u00e1dzaj\u00fa na 4. \u00farovni. Medzi v\u0161etk\u00fdmi \u00farov\u0148ami existuje syst\u00e9m kontroly a pod\u00e1vania spr\u00e1v. Kontrola prebieha zhora nadol a pod\u00e1vanie spr\u00e1v zdola nahor.  <\/p>\n<\/div>\n\n\n\n<div class=\"wp-block-column is-layout-flow wp-block-column-is-layout-flow\">\n<figure class=\"wp-block-gallery has-nested-images columns-default is-cropped wp-block-gallery-1 is-layout-flex wp-block-gallery-is-layout-flex\">\n<figure data-wp-context=\"{&quot;imageId&quot;:&quot;69ec7eb3a1f77&quot;}\" data-wp-interactive=\"core\/image\" data-wp-key=\"69ec7eb3a1f77\" class=\"wp-block-image size-full wp-lightbox-container\"><img fetchpriority=\"high\" decoding=\"async\" width=\"620\" height=\"367\" data-wp-class--hide=\"state.isContentHidden\" data-wp-class--show=\"state.isContentVisible\" data-wp-init=\"callbacks.setButtonStyles\" data-wp-on--click=\"actions.showLightbox\" data-wp-on--load=\"callbacks.setButtonStyles\" data-wp-on-window--resize=\"callbacks.setButtonStyles\" data-id=\"411173\" src=\"https:\/\/rothschenk.de\/wp-content\/uploads\/2024\/12\/Verantwortung-im-Unternehmen-Hierarchie-Rothschenk-Ladungssicherung.jpg\" alt=\"Zodpovednos&#x165; v r&#xE1;mci spolo&#x10D;nosti Hierarchia Rothschenk Zabezpe&#x10D;enie z&#xE1;&#x165;a&#x17E;e\" class=\"wp-image-411173\" style=\"object-fit:cover\" srcset=\"https:\/\/rothschenk.de\/wp-content\/uploads\/2024\/12\/Verantwortung-im-Unternehmen-Hierarchie-Rothschenk-Ladungssicherung.jpg 620w, https:\/\/rothschenk.de\/wp-content\/uploads\/2024\/12\/Verantwortung-im-Unternehmen-Hierarchie-Rothschenk-Ladungssicherung-300x178.jpg 300w, https:\/\/rothschenk.de\/wp-content\/uploads\/2024\/12\/Verantwortung-im-Unternehmen-Hierarchie-Rothschenk-Ladungssicherung-600x355.jpg 600w\" sizes=\"(max-width: 620px) 100vw, 620px\" \/><button\n\t\t\tclass=\"lightbox-trigger\"\n\t\t\ttype=\"button\"\n\t\t\taria-haspopup=\"dialog\"\n\t\t\taria-label=\"Zv\u00e4\u010d\u0161i\u0165\"\n\t\t\tdata-wp-init=\"callbacks.initTriggerButton\"\n\t\t\tdata-wp-on--click=\"actions.showLightbox\"\n\t\t\tdata-wp-style--right=\"state.imageButtonRight\"\n\t\t\tdata-wp-style--top=\"state.imageButtonTop\"\n\t\t>\n\t\t\t<svg xmlns=\"http:\/\/www.w3.org\/2000\/svg\" width=\"12\" height=\"12\" fill=\"none\" viewBox=\"0 0 12 12\">\n\t\t\t\t<path fill=\"#fff\" d=\"M2 0a2 2 0 0 0-2 2v2h1.5V2a.5.5 0 0 1 .5-.5h2V0H2Zm2 10.5H2a.5.5 0 0 1-.5-.5V8H0v2a2 2 0 0 0 2 2h2v-1.5ZM8 12v-1.5h2a.5.5 0 0 0 .5-.5V8H12v2a2 2 0 0 1-2 2H8Zm2-12a2 2 0 0 1 2 2v2h-1.5V2a.5.5 0 0 0-.5-.5H8V0h2Z\" \/>\n\t\t\t<\/svg>\n\t\t<\/button><\/figure>\n<\/figure>\n<\/div>\n<\/div>\n\n<p>\u017dia\u013e, v dne\u0161nej dobe je snaha o zru\u0161enie hierarchie prekonan\u00e1. Ak\u00fd zmysel m\u00e1 bra\u0165 na zodpovednos\u0165 ved\u00faceho t\u00edmu, ak sa nem\u00f4\u017ee\/nem\u00f4\u017ee presadi\u0165 nad svoj\u00edm t\u00edmom, preto\u017ee mu bola odopret\u00e1 potrebn\u00e1 autorita? Toto je jeden z d\u00f4vodov, pre\u010do sa veci kazia.  <\/p>\n\n<p>Organiza\u010dn\u00e1 sch\u00e9ma je zvy\u010dajne n\u00e1stroj, ktor\u00fd sa pou\u017e\u00edva na grafick\u00e9 zn\u00e1zornenie zodpovednost\u00ed, povinnost\u00ed a kontrol.<\/p>\n\n<div style=\"height:50px\" aria-hidden=\"true\" class=\"wp-block-spacer\"><\/div>\n\n<h2 class=\"wp-block-heading\">Organiza\u010dn\u00e1 sch\u00e9ma zodpovednosti<\/h2>\n\n<div class=\"wp-block-columns is-layout-flex wp-container-core-columns-is-layout-28f84493 wp-block-columns-is-layout-flex\">\n<div class=\"wp-block-column is-layout-flow wp-block-column-is-layout-flow\">\n<p>T\u00e1to fikt\u00edvna organiza\u010dn\u00e1 sch\u00e9ma m\u00e1 ilustrova\u0165 princ\u00edp, kto je zodpovedn\u00fd zhora nadol a kto komu podlieha zdola nahor.<\/p>\n\n\n\n<p><br\/>Je preto neprijate\u013en\u00e9, aby mana\u017e\u00e9r predaja v piatok popoludn\u00ed zru\u0161il rozhodnutie mana\u017e\u00e9ra logistiky a rozhodol, \u017ee nevhodn\u00fd n\u00e1kladn\u00fd automobil bude nalo\u017een\u00fd aj tak, preto\u017ee dal s\u013eub z\u00e1kazn\u00edkovi.<\/p>\n\n\n\n<p><br\/>Kto preber\u00e1 zodpovednos\u0165 v pr\u00edpade incidentu? Mana\u017e\u00e9r predaja alebo mana\u017e\u00e9r logistiky? <\/p>\n<\/div>\n\n\n\n<div class=\"wp-block-column is-layout-flow wp-block-column-is-layout-flow\">\n<figure class=\"wp-block-gallery has-nested-images columns-default is-cropped wp-block-gallery-2 is-layout-flex wp-block-gallery-is-layout-flex\">\n<figure data-wp-context=\"{&quot;imageId&quot;:&quot;69ec7eb3a24f8&quot;}\" data-wp-interactive=\"core\/image\" data-wp-key=\"69ec7eb3a24f8\" class=\"wp-block-image size-full wp-lightbox-container\"><img decoding=\"async\" width=\"591\" height=\"392\" data-wp-class--hide=\"state.isContentHidden\" data-wp-class--show=\"state.isContentVisible\" data-wp-init=\"callbacks.setButtonStyles\" data-wp-on--click=\"actions.showLightbox\" data-wp-on--load=\"callbacks.setButtonStyles\" data-wp-on-window--resize=\"callbacks.setButtonStyles\" data-id=\"411188\" src=\"https:\/\/rothschenk.de\/wp-content\/uploads\/2024\/12\/Verantwortung-im-Unternehmen-Organigramm-Rothschenk-Ladungssicherung.jpg\" alt=\"Zodpovednos&#x165; v r&#xE1;mci spolo&#x10D;nosti Organiza&#x10D;n&#xE1; sch&#xE9;ma Rothschenk zabezpe&#x10D;enie n&#xE1;kladu\" class=\"wp-image-411188\" style=\"object-fit:cover\" srcset=\"https:\/\/rothschenk.de\/wp-content\/uploads\/2024\/12\/Verantwortung-im-Unternehmen-Organigramm-Rothschenk-Ladungssicherung.jpg 591w, https:\/\/rothschenk.de\/wp-content\/uploads\/2024\/12\/Verantwortung-im-Unternehmen-Organigramm-Rothschenk-Ladungssicherung-300x199.jpg 300w\" sizes=\"(max-width: 591px) 100vw, 591px\" \/><button\n\t\t\tclass=\"lightbox-trigger\"\n\t\t\ttype=\"button\"\n\t\t\taria-haspopup=\"dialog\"\n\t\t\taria-label=\"Zv\u00e4\u010d\u0161i\u0165\"\n\t\t\tdata-wp-init=\"callbacks.initTriggerButton\"\n\t\t\tdata-wp-on--click=\"actions.showLightbox\"\n\t\t\tdata-wp-style--right=\"state.imageButtonRight\"\n\t\t\tdata-wp-style--top=\"state.imageButtonTop\"\n\t\t>\n\t\t\t<svg xmlns=\"http:\/\/www.w3.org\/2000\/svg\" width=\"12\" height=\"12\" fill=\"none\" viewBox=\"0 0 12 12\">\n\t\t\t\t<path fill=\"#fff\" d=\"M2 0a2 2 0 0 0-2 2v2h1.5V2a.5.5 0 0 1 .5-.5h2V0H2Zm2 10.5H2a.5.5 0 0 1-.5-.5V8H0v2a2 2 0 0 0 2 2h2v-1.5ZM8 12v-1.5h2a.5.5 0 0 0 .5-.5V8H12v2a2 2 0 0 1-2 2H8Zm2-12a2 2 0 0 1 2 2v2h-1.5V2a.5.5 0 0 0-.5-.5H8V0h2Z\" \/>\n\t\t\t<\/svg>\n\t\t<\/button><\/figure>\n<\/figure>\n<\/div>\n<\/div>\n\n<div class=\"wp-block-columns is-layout-flex wp-container-core-columns-is-layout-28f84493 wp-block-columns-is-layout-flex\">\n<div class=\"wp-block-column is-layout-flow wp-block-column-is-layout-flow\">\n<p>Cel\u00fa vec si mo\u017eno predstavi\u0165 aj ako trojnoh\u00fa stoli\u010dku. Nestoj\u00ed v\u017edy vodorovne, ale ani sa nek\u00fdve.<br\/>Realiz\u00e1ciu mo\u017eno zredukova\u0165 na tri nohy: <\/p>\n\n\n\n<ul class=\"wp-block-list\">\n<li>organiza\u010dn\u00e9 opatrenia<\/li>\n\n\n\n<li>technick\u00e9 opatrenia a<\/li>\n\n\n\n<li>Person\u00e1lne opatrenia<\/li>\n<\/ul>\n\n\n\n<p><\/p>\n<\/div>\n\n\n\n<div class=\"wp-block-column is-layout-flow wp-block-column-is-layout-flow\">\n<figure class=\"wp-block-gallery has-nested-images columns-default is-cropped wp-block-gallery-3 is-layout-flex wp-block-gallery-is-layout-flex\">\n<figure data-wp-context=\"{&quot;imageId&quot;:&quot;69ec7eb3a2949&quot;}\" data-wp-interactive=\"core\/image\" data-wp-key=\"69ec7eb3a2949\" class=\"wp-block-image size-full wp-lightbox-container\"><img decoding=\"async\" width=\"669\" height=\"632\" data-wp-class--hide=\"state.isContentHidden\" data-wp-class--show=\"state.isContentVisible\" data-wp-init=\"callbacks.setButtonStyles\" data-wp-on--click=\"actions.showLightbox\" data-wp-on--load=\"callbacks.setButtonStyles\" data-wp-on-window--resize=\"callbacks.setButtonStyles\" data-id=\"411194\" src=\"https:\/\/rothschenk.de\/wp-content\/uploads\/2024\/12\/Verantwortung-im-Unternehmen-Pflichten-als-Dreibeinhocker-Rothschenk-Ladungssicherung.jpg\" alt=\"Zodpovednos&#x165; v spolo&#x10D;nosti Povinnosti ako trojnoh&#xE1; stoli&#x10D;ka Rothschenk Zabezpe&#x10D;enie n&#xE1;kladu\" class=\"wp-image-411194\" style=\"object-fit:cover\" srcset=\"https:\/\/rothschenk.de\/wp-content\/uploads\/2024\/12\/Verantwortung-im-Unternehmen-Pflichten-als-Dreibeinhocker-Rothschenk-Ladungssicherung.jpg 669w, https:\/\/rothschenk.de\/wp-content\/uploads\/2024\/12\/Verantwortung-im-Unternehmen-Pflichten-als-Dreibeinhocker-Rothschenk-Ladungssicherung-300x283.jpg 300w, https:\/\/rothschenk.de\/wp-content\/uploads\/2024\/12\/Verantwortung-im-Unternehmen-Pflichten-als-Dreibeinhocker-Rothschenk-Ladungssicherung-600x567.jpg 600w\" sizes=\"(max-width: 669px) 100vw, 669px\" \/><button\n\t\t\tclass=\"lightbox-trigger\"\n\t\t\ttype=\"button\"\n\t\t\taria-haspopup=\"dialog\"\n\t\t\taria-label=\"Zv\u00e4\u010d\u0161i\u0165\"\n\t\t\tdata-wp-init=\"callbacks.initTriggerButton\"\n\t\t\tdata-wp-on--click=\"actions.showLightbox\"\n\t\t\tdata-wp-style--right=\"state.imageButtonRight\"\n\t\t\tdata-wp-style--top=\"state.imageButtonTop\"\n\t\t>\n\t\t\t<svg xmlns=\"http:\/\/www.w3.org\/2000\/svg\" width=\"12\" height=\"12\" fill=\"none\" viewBox=\"0 0 12 12\">\n\t\t\t\t<path fill=\"#fff\" d=\"M2 0a2 2 0 0 0-2 2v2h1.5V2a.5.5 0 0 1 .5-.5h2V0H2Zm2 10.5H2a.5.5 0 0 1-.5-.5V8H0v2a2 2 0 0 0 2 2h2v-1.5ZM8 12v-1.5h2a.5.5 0 0 0 .5-.5V8H12v2a2 2 0 0 1-2 2H8Zm2-12a2 2 0 0 1 2 2v2h-1.5V2a.5.5 0 0 0-.5-.5H8V0h2Z\" \/>\n\t\t\t<\/svg>\n\t\t<\/button><\/figure>\n<\/figure>\n<\/div>\n<\/div>\n\n<h2 class=\"wp-block-heading\">Organiza\u010dn\u00e9 opatrenia<\/h2>\n\n<div class=\"wp-block-columns is-layout-flex wp-container-core-columns-is-layout-28f84493 wp-block-columns-is-layout-flex\">\n<div class=\"wp-block-column is-layout-flow wp-block-column-is-layout-flow\">\n<p>Organiza\u010dn\u00e9 opatrenia je mo\u017en\u00e9 podrobne pop\u00edsa\u0165 na nasleduj\u00facej strane.<\/p>\n<\/div>\n\n\n\n<div class=\"wp-block-column is-layout-flow wp-block-column-is-layout-flow\">\n<ul class=\"wp-block-list\">\n<li>Vymenovanie opr\u00e1vnen\u00fdch os\u00f4b<\/li>\n\n\n\n<li>Organiz\u00e1cia procesov<\/li>\n\n\n\n<li>Vytv\u00e1ranie pokynov<\/li>\n\n\n\n<li>Vypracovanie kontroln\u00fdch zoznamov<\/li>\n\n\n\n<li>Monitorovanie vykon\u00e1vania<\/li>\n\n\n\n<li>Defin\u00edcia 100 % kontrol<\/li>\n\n\n\n<li>Defin\u00edcia n\u00e1hodn\u00fdch kontrol<\/li>\n<\/ul>\n\n\n\n<ul class=\"wp-block-list\">\n<li><\/li>\n<\/ul>\n<\/div>\n<\/div>\n\n<h2 class=\"wp-block-heading\">Technick\u00e9 opatrenia<\/h2>\n\n<div class=\"wp-block-columns is-layout-flex wp-container-core-columns-is-layout-28f84493 wp-block-columns-is-layout-flex\">\n<div class=\"wp-block-column is-layout-flow wp-block-column-is-layout-flow\">\n<p>Technick\u00e9 opatrenia by sa dali rozdeli\u0165 takto.<\/p>\n<\/div>\n\n\n\n<div class=\"wp-block-column is-layout-flow wp-block-column-is-layout-flow\">\n<p>Defin\u00edcia<\/p>\n\n\n\n<ul class=\"wp-block-list\">\n<li>Nakladacie a vykladacie zariadenia<\/li>\n\n\n\n<li>Po\u017eiadavky na v\u00fdrobok<\/li>\n\n\n\n<li>Po\u017eiadavky na vozidlo<\/li>\n\n\n\n<li>Zariadenia na upevnenie n\u00e1kladu<\/li>\n\n\n\n<li>Sp\u00f4sob nakladania a upev\u0148ovania<\/li>\n<\/ul>\n<\/div>\n<\/div>\n\n<div class=\"wp-block-columns is-layout-flex wp-container-core-columns-is-layout-28f84493 wp-block-columns-is-layout-flex\">\n<div class=\"wp-block-column is-layout-flow wp-block-column-is-layout-flow\">\n<h2 class=\"wp-block-heading\">Person\u00e1lne opatrenia<\/h2>\n\n\n\n<p>Person\u00e1lne opatrenia m\u00f4\u017eu\/musia by\u0165. Zmysel m\u00e1 harmonogram, v ktorom s\u00fa opatrenia rozlo\u017een\u00e9 na cel\u00fd rok.   <\/p>\n\n\n\n<p>To znamen\u00e1, \u017ee opatrenia nie s\u00fa v\u017edy vtesnan\u00e9 do posledn\u00fdch dvoch mesiacov, ke\u010f si zrazu uvedom\u00edte, \u017ee rok kon\u010d\u00ed 31. decembra. <\/p>\n<\/div>\n\n\n\n<div class=\"wp-block-column is-layout-flow wp-block-column-is-layout-flow\">\n<ul class=\"wp-block-list\">\n<li>\u0160kolenia<\/li>\n\n\n\n<li>Pokyny<\/li>\n\n\n\n<li>\u010eal\u0161ie vzdel\u00e1vanie<\/li>\n<\/ul>\n<\/div>\n<\/div>\n\n<p>Samozrejme, ka\u017ed\u00e1 spolo\u010dnos\u0165 si mus\u00ed t\u00fato hrub\u00fa \u0161trukt\u00faru upresni\u0165 a presne pop\u00edsa\u0165 sama.<\/p>\n\n<p><br\/>Takto navrhnut\u00e1 organiza\u010dn\u00e1 \u0161trukt\u00fara v\u0161ak nezbavuje riadiaceho pracovn\u00edka jeho zodpovednosti. Mus\u00ed zabezpe\u010di\u0165, aby v\u0161etko prebiehalo hladko. Praktick\u00e9 sk\u00fasenosti v\u0161ak ukazuj\u00fa, \u017ee v\u017edy sa vyskytn\u00fa situ\u00e1cie, ktor\u00e9 neprebiehaj\u00fa pod\u013ea pl\u00e1nu. Aby sa ich po\u010det minimalizoval, v\u0161etci zodpovedn\u00ed by mali pozna\u0165 svoju oblas\u0165 a vedie\u0165, ako prebieha ka\u017edodenn\u00e1 \u010dinnos\u0165. Zodpovedn\u00e1 osoba, ktor\u00e1 nikdy nenav\u0161t\u00edvi svoju oblas\u0165 na stretnutia, aby z\u00edskala preh\u013ead, sk\u00f4r \u010di nesk\u00f4r padne na hubu.    <\/p>\n\n<p><br\/>Ak sa vytvorila firemn\u00e1 kult\u00fara, v ktorej sa nikto neodv\u00e1\u017ei ozn\u00e1mi\u0165 negat\u00edvne spr\u00e1vy na vrchol, potom v ur\u010ditom okamihu incidenty, nehody, \u0161kody a podobne odhalia tento stav. Aj ke\u010f m\u00e1 kapit\u00e1n prv\u00e9ho d\u00f4stojn\u00edka a kormideln\u00edka, pravidelne bude na most\u00edku kontrolova\u0165, \u010di je lo\u010f na spr\u00e1vnom kurze. Z\u00e1kladn\u00fdm tvrden\u00edm predpisov o obsaden\u00ed lode je, \u017ee &#8222;pos\u00e1dka mus\u00ed by\u0165 zlo\u017een\u00e1 tak, aby lo\u010f <em><strong>mohla by\u0165 v\u017edy bezpe\u010dne navigovan\u00e1 za v\u0161etk\u00fdch podmienok<\/strong><\/em>&#8222;. T\u00fato z\u00e1kladn\u00fa z\u00e1sadu by si mal osvoji\u0165 ka\u017ed\u00fd v\u00fdkonn\u00fd riadite\u013e, ved\u00faci prev\u00e1dzky alebo podobne.   <\/p>\n\n<p><br\/>V \u010fal\u0161om pokra\u010dovan\u00ed sa budeme venova\u0165 praktickej str\u00e1nke veci e\u0161te hlb\u0161ie. Zosta\u0148te naladen\u00ed. <\/p>\n\n<p><strong>V\u00e1\u0161, Sigurd Ehringer<\/strong><\/p>\n\n<div style=\"height:50px\" aria-hidden=\"true\" class=\"wp-block-spacer\"><\/div>\n\n<div class=\"wp-block-columns is-layout-flex wp-container-core-columns-is-layout-28f84493 wp-block-columns-is-layout-flex\">\n<div class=\"wp-block-column is-layout-flow wp-block-column-is-layout-flow\">\n<p>&lt;&lt;  Previous Post<br\/><a href=\"https:\/\/rothschenk.de\/sk\/epizoda-50-kto-je-zodpovedny-za-nakladanie-v-podnikoch\/\">Episode 50: Kto je zodpovedn\u00fd za nakladanie v podnikoch?<\/a><\/p>\n<\/div>\n\n\n\n<div class=\"wp-block-column is-layout-flow wp-block-column-is-layout-flow\">\n<p class=\"has-text-align-right\">\u010eal\u0161\u00ed \u010dl\u00e1nok &gt;&gt;<br\/><a href=\"https:\/\/rothschenk.de\/folge-52-wer-traegt-in-unternehmen-die-verantwortung-zu-vermeidende-fehler\/\">52. diel: Kto je zodpovedn\u00fd vo firm\u00e1ch &#8211; chyby, ktor\u00fdm sa treba vyhn\u00fa\u0165<\/a><\/p>\n<\/div>\n<\/div>\n\n<div class=\"wp-block-columns alignfull are-vertically-aligned-center has-background is-layout-flex wp-container-core-columns-is-layout-28f84493 wp-block-columns-is-layout-flex\" style=\"background-color:#516062\">\n<div class=\"wp-block-column blog_autor_zusatz is-layout-flow wp-block-column-is-layout-flow\" style=\"flex-basis:10vw\"><\/div>\n\n\n\n<div class=\"wp-block-column is-vertically-aligned-center is-layout-flow wp-block-column-is-layout-flow\" style=\"flex-basis:20%\">\n<figure class=\"wp-block-image aligncenter size-large is-resized is-style-rounded\"><img loading=\"lazy\" decoding=\"async\" width=\"1024\" height=\"1024\" src=\"https:\/\/rothschenk.de\/wp-content\/uploads\/2024\/02\/sigurd-ehringer-ladungssicherung-ausbilder-und-berater-1024x1024.jpg\" alt=\"\" class=\"wp-image-143199\" style=\"width:150px\" srcset=\"https:\/\/rothschenk.de\/wp-content\/uploads\/2024\/02\/sigurd-ehringer-ladungssicherung-ausbilder-und-berater-1024x1024.jpg 1024w, https:\/\/rothschenk.de\/wp-content\/uploads\/2024\/02\/sigurd-ehringer-ladungssicherung-ausbilder-und-berater-300x300.jpg 300w, https:\/\/rothschenk.de\/wp-content\/uploads\/2024\/02\/sigurd-ehringer-ladungssicherung-ausbilder-und-berater-150x150.jpg 150w, https:\/\/rothschenk.de\/wp-content\/uploads\/2024\/02\/sigurd-ehringer-ladungssicherung-ausbilder-und-berater-768x767.jpg 768w, https:\/\/rothschenk.de\/wp-content\/uploads\/2024\/02\/sigurd-ehringer-ladungssicherung-ausbilder-und-berater-600x600.jpg 600w, https:\/\/rothschenk.de\/wp-content\/uploads\/2024\/02\/sigurd-ehringer-ladungssicherung-ausbilder-und-berater-100x100.jpg 100w, https:\/\/rothschenk.de\/wp-content\/uploads\/2024\/02\/sigurd-ehringer-ladungssicherung-ausbilder-und-berater.jpg 1500w\" sizes=\"(max-width: 1024px) 100vw, 1024px\" \/><\/figure>\n<\/div>\n\n\n\n<div class=\"wp-block-column is-vertically-aligned-center is-layout-flow wp-block-column-is-layout-flow\"><div class=\"wp-block-post-author\"><div class=\"wp-block-post-author__content\"><p class=\"wp-block-post-author__name\">Thomas Bauer<\/p><p class=\"wp-block-post-author__bio\">\u2714 Marketing | Web | CI<\/p><\/div><\/div><\/div>\n\n\n\n<div class=\"wp-block-column blog_autor_zusatz is-layout-flow wp-block-column-is-layout-flow\" style=\"flex-basis:10vw\"><\/div>\n<\/div>\n\n<p><\/p>\n","protected":false},"excerpt":{"rendered":"<p>Po vysvetlen\u00ed pr\u00e1vneho z\u00e1kladu v minulom \u010dl\u00e1nku sa tento \u010dl\u00e1nok zaober\u00e1 ot\u00e1zkou, ako mo\u017eno organiz\u00e1ciu navrhn\u00fa\u0165 tak, aby bola v s\u00falade s pr\u00e1vnymi predpismi. Pr\u00e1vne bezpe\u010dn\u00e1 znamen\u00e1 sp\u013a\u0148aj\u00faca hrani\u010dn\u00e9 podmienky \u00a7 130 OWiG. V podstate v\u017edy predpoklad\u00e1m, \u017ee v ka\u017edej spolo\u010dnosti existuje konsenzu\u00e1lna v\u00f4\u013ea dodr\u017eiava\u0165 pravidl\u00e1 a predpisy. A to v\u017edy a nielen vtedy, ke\u010f [&hellip;]<\/p>\n","protected":false},"author":1540,"featured_media":0,"comment_status":"open","ping_status":"closed","sticky":false,"template":"","format":"standard","meta":{"_acf_changed":false,"footnotes":""},"categories":[872,887],"tags":[],"class_list":["post-679626","post","type-post","status-publish","format-standard","hentry","category-cargo-blog-sk","category-pravne-zalezitosti"],"acf":[],"yoast_head":"<!-- This site is optimized with the Yoast SEO plugin v27.4 - https:\/\/yoast.com\/product\/yoast-seo-wordpress\/ -->\n<title>Kto je zodpovedn\u00fd za nakladanie v spolo\u010dnostiach?<\/title>\n<meta name=\"description\" content=\"Kto je za to zodpovedn\u00fd? \u2714 \u0160truktur\u00e1lne aspekty \u2714 Organiza\u010dn\u00e1 sch\u00e9ma \u2714 Z\u00e1v\u00e4zok a protokoly \u2714 Rothschenkov BLOG\" \/>\n<meta name=\"robots\" content=\"index, follow, max-snippet:-1, max-image-preview:large, max-video-preview:-1\" \/>\n<link rel=\"canonical\" href=\"https:\/\/rothschenk.de\/sk\/epizoda-51-kto-nesie-zodpovednost-v-podnikoch-strukturalne-aspekty\/\" \/>\n<meta property=\"og:locale\" content=\"sk_SK\" \/>\n<meta property=\"og:type\" content=\"article\" \/>\n<meta property=\"og:title\" content=\"Kto je zodpovedn\u00fd za nakladanie v spolo\u010dnostiach?\" \/>\n<meta property=\"og:description\" content=\"Kto je za to zodpovedn\u00fd? \u2714 \u0160truktur\u00e1lne aspekty \u2714 Organiza\u010dn\u00e1 sch\u00e9ma \u2714 Z\u00e1v\u00e4zok a protokoly \u2714 Rothschenkov BLOG\" \/>\n<meta property=\"og:url\" content=\"https:\/\/rothschenk.de\/sk\/epizoda-51-kto-nesie-zodpovednost-v-podnikoch-strukturalne-aspekty\/\" \/>\n<meta property=\"og:site_name\" content=\"Rothschenk\" \/>\n<meta property=\"article:publisher\" content=\"https:\/\/de-de.facebook.com\/FirmaRothschenk\/\" \/>\n<meta property=\"article:published_time\" content=\"2024-12-04T13:52:46+00:00\" \/>\n<meta property=\"article:modified_time\" content=\"2025-06-30T14:52:23+00:00\" \/>\n<meta property=\"og:image\" content=\"https:\/\/rothschenk.de\/wp-content\/uploads\/2024\/12\/Verantwortung-im-Unternehmen-Hierarchie-Rothschenk-Ladungssicherung.jpg\" \/>\n\t<meta property=\"og:image:width\" content=\"620\" \/>\n\t<meta property=\"og:image:height\" content=\"367\" \/>\n\t<meta property=\"og:image:type\" content=\"image\/jpeg\" \/>\n<meta name=\"author\" content=\"Thomas Bauer\" \/>\n<meta name=\"twitter:card\" content=\"summary_large_image\" \/>\n<meta name=\"twitter:label1\" content=\"Autor\" \/>\n\t<meta name=\"twitter:data1\" content=\"Thomas Bauer\" \/>\n\t<meta name=\"twitter:label2\" content=\"Predpokladan\u00fd \u010das \u010d\u00edtania\" \/>\n\t<meta name=\"twitter:data2\" content=\"4 min\u00faty\" \/>\n<script type=\"application\/ld+json\" class=\"yoast-schema-graph\">{\"@context\":\"https:\\\/\\\/schema.org\",\"@graph\":[{\"@type\":\"Article\",\"@id\":\"https:\\\/\\\/rothschenk.de\\\/sk\\\/epizoda-51-kto-nesie-zodpovednost-v-podnikoch-strukturalne-aspekty\\\/#article\",\"isPartOf\":{\"@id\":\"https:\\\/\\\/rothschenk.de\\\/sk\\\/epizoda-51-kto-nesie-zodpovednost-v-podnikoch-strukturalne-aspekty\\\/\"},\"author\":{\"name\":\"Thomas Bauer\",\"@id\":\"https:\\\/\\\/rothschenk.de\\\/sk\\\/#\\\/schema\\\/person\\\/468caeaeceb0b408dec779a2acc5ec46\"},\"headline\":\"Epiz\u00f3da 51: Kto nesie zodpovednos\u0165 v podnikoch? &#8211; \u0160truktur\u00e1lne aspekty\",\"datePublished\":\"2024-12-04T13:52:46+00:00\",\"dateModified\":\"2025-06-30T14:52:23+00:00\",\"mainEntityOfPage\":{\"@id\":\"https:\\\/\\\/rothschenk.de\\\/sk\\\/epizoda-51-kto-nesie-zodpovednost-v-podnikoch-strukturalne-aspekty\\\/\"},\"wordCount\":864,\"commentCount\":0,\"image\":{\"@id\":\"https:\\\/\\\/rothschenk.de\\\/sk\\\/epizoda-51-kto-nesie-zodpovednost-v-podnikoch-strukturalne-aspekty\\\/#primaryimage\"},\"thumbnailUrl\":\"https:\\\/\\\/rothschenk.de\\\/wp-content\\\/uploads\\\/2024\\\/12\\\/Verantwortung-im-Unternehmen-Hierarchie-Rothschenk-Ladungssicherung.jpg\",\"articleSection\":[\"Cargo Blog\",\"Pr\u00e1vne z\u00e1le\u017eitosti\"],\"inLanguage\":\"sk-SK\",\"potentialAction\":[{\"@type\":\"CommentAction\",\"name\":\"Comment\",\"target\":[\"https:\\\/\\\/rothschenk.de\\\/sk\\\/epizoda-51-kto-nesie-zodpovednost-v-podnikoch-strukturalne-aspekty\\\/#respond\"]}]},{\"@type\":\"WebPage\",\"@id\":\"https:\\\/\\\/rothschenk.de\\\/sk\\\/epizoda-51-kto-nesie-zodpovednost-v-podnikoch-strukturalne-aspekty\\\/\",\"url\":\"https:\\\/\\\/rothschenk.de\\\/sk\\\/epizoda-51-kto-nesie-zodpovednost-v-podnikoch-strukturalne-aspekty\\\/\",\"name\":\"Kto je zodpovedn\u00fd za nakladanie v spolo\u010dnostiach?\",\"isPartOf\":{\"@id\":\"https:\\\/\\\/rothschenk.de\\\/sk\\\/#website\"},\"primaryImageOfPage\":{\"@id\":\"https:\\\/\\\/rothschenk.de\\\/sk\\\/epizoda-51-kto-nesie-zodpovednost-v-podnikoch-strukturalne-aspekty\\\/#primaryimage\"},\"image\":{\"@id\":\"https:\\\/\\\/rothschenk.de\\\/sk\\\/epizoda-51-kto-nesie-zodpovednost-v-podnikoch-strukturalne-aspekty\\\/#primaryimage\"},\"thumbnailUrl\":\"https:\\\/\\\/rothschenk.de\\\/wp-content\\\/uploads\\\/2024\\\/12\\\/Verantwortung-im-Unternehmen-Hierarchie-Rothschenk-Ladungssicherung.jpg\",\"datePublished\":\"2024-12-04T13:52:46+00:00\",\"dateModified\":\"2025-06-30T14:52:23+00:00\",\"author\":{\"@id\":\"https:\\\/\\\/rothschenk.de\\\/sk\\\/#\\\/schema\\\/person\\\/468caeaeceb0b408dec779a2acc5ec46\"},\"description\":\"Kto je za to zodpovedn\u00fd? \u2714 \u0160truktur\u00e1lne aspekty \u2714 Organiza\u010dn\u00e1 sch\u00e9ma \u2714 Z\u00e1v\u00e4zok a protokoly \u2714 Rothschenkov BLOG\",\"breadcrumb\":{\"@id\":\"https:\\\/\\\/rothschenk.de\\\/sk\\\/epizoda-51-kto-nesie-zodpovednost-v-podnikoch-strukturalne-aspekty\\\/#breadcrumb\"},\"inLanguage\":\"sk-SK\",\"potentialAction\":[{\"@type\":\"ReadAction\",\"target\":[\"https:\\\/\\\/rothschenk.de\\\/sk\\\/epizoda-51-kto-nesie-zodpovednost-v-podnikoch-strukturalne-aspekty\\\/\"]}]},{\"@type\":\"ImageObject\",\"inLanguage\":\"sk-SK\",\"@id\":\"https:\\\/\\\/rothschenk.de\\\/sk\\\/epizoda-51-kto-nesie-zodpovednost-v-podnikoch-strukturalne-aspekty\\\/#primaryimage\",\"url\":\"https:\\\/\\\/rothschenk.de\\\/wp-content\\\/uploads\\\/2024\\\/12\\\/Verantwortung-im-Unternehmen-Hierarchie-Rothschenk-Ladungssicherung.jpg\",\"contentUrl\":\"https:\\\/\\\/rothschenk.de\\\/wp-content\\\/uploads\\\/2024\\\/12\\\/Verantwortung-im-Unternehmen-Hierarchie-Rothschenk-Ladungssicherung.jpg\"},{\"@type\":\"BreadcrumbList\",\"@id\":\"https:\\\/\\\/rothschenk.de\\\/sk\\\/epizoda-51-kto-nesie-zodpovednost-v-podnikoch-strukturalne-aspekty\\\/#breadcrumb\",\"itemListElement\":[{\"@type\":\"ListItem\",\"position\":1,\"name\":\"Domovsk\u00e1 str\u00e1nka\",\"item\":\"https:\\\/\\\/rothschenk.de\\\/sk\\\/domovska-stranka\\\/\"},{\"@type\":\"ListItem\",\"position\":2,\"name\":\"Epiz\u00f3da 51: Kto nesie zodpovednos\u0165 v podnikoch? &#8211; \u0160truktur\u00e1lne aspekty\"}]},{\"@type\":\"WebSite\",\"@id\":\"https:\\\/\\\/rothschenk.de\\\/sk\\\/#website\",\"url\":\"https:\\\/\\\/rothschenk.de\\\/sk\\\/\",\"name\":\"Rothschenk - Der Online Shop f\u00fcr Ladungssicherung\",\"description\":\"Der Online Shop f\u00fcr Ladungssicherung\",\"potentialAction\":[{\"@type\":\"SearchAction\",\"target\":{\"@type\":\"EntryPoint\",\"urlTemplate\":\"https:\\\/\\\/rothschenk.de\\\/sk\\\/?s={search_term_string}\"},\"query-input\":{\"@type\":\"PropertyValueSpecification\",\"valueRequired\":true,\"valueName\":\"search_term_string\"}}],\"inLanguage\":\"sk-SK\"},{\"@type\":\"Person\",\"@id\":\"https:\\\/\\\/rothschenk.de\\\/sk\\\/#\\\/schema\\\/person\\\/468caeaeceb0b408dec779a2acc5ec46\",\"name\":\"Thomas Bauer\",\"image\":{\"@type\":\"ImageObject\",\"inLanguage\":\"sk-SK\",\"@id\":\"https:\\\/\\\/rothschenk.de\\\/wp-content\\\/uploads\\\/2024\\\/03\\\/cropped-cropped-Rothschenk-logo-ladungssicherung-1-96x96.png\",\"url\":\"https:\\\/\\\/rothschenk.de\\\/wp-content\\\/uploads\\\/2024\\\/03\\\/cropped-cropped-Rothschenk-logo-ladungssicherung-1-96x96.png\",\"contentUrl\":\"https:\\\/\\\/rothschenk.de\\\/wp-content\\\/uploads\\\/2024\\\/03\\\/cropped-cropped-Rothschenk-logo-ladungssicherung-1-96x96.png\",\"caption\":\"Thomas Bauer\"},\"description\":\"\u2714 Marketing | Web | CI\",\"url\":\"https:\\\/\\\/rothschenk.de\\\/sk\\\/author\\\/thomas-bauer\\\/\"}]}<\/script>\n<!-- \/ Yoast SEO plugin. -->","yoast_head_json":{"title":"Kto je zodpovedn\u00fd za nakladanie v spolo\u010dnostiach?","description":"Kto je za to zodpovedn\u00fd? \u2714 \u0160truktur\u00e1lne aspekty \u2714 Organiza\u010dn\u00e1 sch\u00e9ma \u2714 Z\u00e1v\u00e4zok a protokoly \u2714 Rothschenkov BLOG","robots":{"index":"index","follow":"follow","max-snippet":"max-snippet:-1","max-image-preview":"max-image-preview:large","max-video-preview":"max-video-preview:-1"},"canonical":"https:\/\/rothschenk.de\/sk\/epizoda-51-kto-nesie-zodpovednost-v-podnikoch-strukturalne-aspekty\/","og_locale":"sk_SK","og_type":"article","og_title":"Kto je zodpovedn\u00fd za nakladanie v spolo\u010dnostiach?","og_description":"Kto je za to zodpovedn\u00fd? \u2714 \u0160truktur\u00e1lne aspekty \u2714 Organiza\u010dn\u00e1 sch\u00e9ma \u2714 Z\u00e1v\u00e4zok a protokoly \u2714 Rothschenkov BLOG","og_url":"https:\/\/rothschenk.de\/sk\/epizoda-51-kto-nesie-zodpovednost-v-podnikoch-strukturalne-aspekty\/","og_site_name":"Rothschenk","article_publisher":"https:\/\/de-de.facebook.com\/FirmaRothschenk\/","article_published_time":"2024-12-04T13:52:46+00:00","article_modified_time":"2025-06-30T14:52:23+00:00","og_image":[{"width":620,"height":367,"url":"https:\/\/rothschenk.de\/wp-content\/uploads\/2024\/12\/Verantwortung-im-Unternehmen-Hierarchie-Rothschenk-Ladungssicherung.jpg","type":"image\/jpeg"}],"author":"Thomas Bauer","twitter_card":"summary_large_image","twitter_misc":{"Autor":"Thomas Bauer","Predpokladan\u00fd \u010das \u010d\u00edtania":"4 min\u00faty"},"schema":{"@context":"https:\/\/schema.org","@graph":[{"@type":"Article","@id":"https:\/\/rothschenk.de\/sk\/epizoda-51-kto-nesie-zodpovednost-v-podnikoch-strukturalne-aspekty\/#article","isPartOf":{"@id":"https:\/\/rothschenk.de\/sk\/epizoda-51-kto-nesie-zodpovednost-v-podnikoch-strukturalne-aspekty\/"},"author":{"name":"Thomas Bauer","@id":"https:\/\/rothschenk.de\/sk\/#\/schema\/person\/468caeaeceb0b408dec779a2acc5ec46"},"headline":"Epiz\u00f3da 51: Kto nesie zodpovednos\u0165 v podnikoch? &#8211; \u0160truktur\u00e1lne aspekty","datePublished":"2024-12-04T13:52:46+00:00","dateModified":"2025-06-30T14:52:23+00:00","mainEntityOfPage":{"@id":"https:\/\/rothschenk.de\/sk\/epizoda-51-kto-nesie-zodpovednost-v-podnikoch-strukturalne-aspekty\/"},"wordCount":864,"commentCount":0,"image":{"@id":"https:\/\/rothschenk.de\/sk\/epizoda-51-kto-nesie-zodpovednost-v-podnikoch-strukturalne-aspekty\/#primaryimage"},"thumbnailUrl":"https:\/\/rothschenk.de\/wp-content\/uploads\/2024\/12\/Verantwortung-im-Unternehmen-Hierarchie-Rothschenk-Ladungssicherung.jpg","articleSection":["Cargo Blog","Pr\u00e1vne z\u00e1le\u017eitosti"],"inLanguage":"sk-SK","potentialAction":[{"@type":"CommentAction","name":"Comment","target":["https:\/\/rothschenk.de\/sk\/epizoda-51-kto-nesie-zodpovednost-v-podnikoch-strukturalne-aspekty\/#respond"]}]},{"@type":"WebPage","@id":"https:\/\/rothschenk.de\/sk\/epizoda-51-kto-nesie-zodpovednost-v-podnikoch-strukturalne-aspekty\/","url":"https:\/\/rothschenk.de\/sk\/epizoda-51-kto-nesie-zodpovednost-v-podnikoch-strukturalne-aspekty\/","name":"Kto je zodpovedn\u00fd za nakladanie v spolo\u010dnostiach?","isPartOf":{"@id":"https:\/\/rothschenk.de\/sk\/#website"},"primaryImageOfPage":{"@id":"https:\/\/rothschenk.de\/sk\/epizoda-51-kto-nesie-zodpovednost-v-podnikoch-strukturalne-aspekty\/#primaryimage"},"image":{"@id":"https:\/\/rothschenk.de\/sk\/epizoda-51-kto-nesie-zodpovednost-v-podnikoch-strukturalne-aspekty\/#primaryimage"},"thumbnailUrl":"https:\/\/rothschenk.de\/wp-content\/uploads\/2024\/12\/Verantwortung-im-Unternehmen-Hierarchie-Rothschenk-Ladungssicherung.jpg","datePublished":"2024-12-04T13:52:46+00:00","dateModified":"2025-06-30T14:52:23+00:00","author":{"@id":"https:\/\/rothschenk.de\/sk\/#\/schema\/person\/468caeaeceb0b408dec779a2acc5ec46"},"description":"Kto je za to zodpovedn\u00fd? \u2714 \u0160truktur\u00e1lne aspekty \u2714 Organiza\u010dn\u00e1 sch\u00e9ma \u2714 Z\u00e1v\u00e4zok a protokoly \u2714 Rothschenkov BLOG","breadcrumb":{"@id":"https:\/\/rothschenk.de\/sk\/epizoda-51-kto-nesie-zodpovednost-v-podnikoch-strukturalne-aspekty\/#breadcrumb"},"inLanguage":"sk-SK","potentialAction":[{"@type":"ReadAction","target":["https:\/\/rothschenk.de\/sk\/epizoda-51-kto-nesie-zodpovednost-v-podnikoch-strukturalne-aspekty\/"]}]},{"@type":"ImageObject","inLanguage":"sk-SK","@id":"https:\/\/rothschenk.de\/sk\/epizoda-51-kto-nesie-zodpovednost-v-podnikoch-strukturalne-aspekty\/#primaryimage","url":"https:\/\/rothschenk.de\/wp-content\/uploads\/2024\/12\/Verantwortung-im-Unternehmen-Hierarchie-Rothschenk-Ladungssicherung.jpg","contentUrl":"https:\/\/rothschenk.de\/wp-content\/uploads\/2024\/12\/Verantwortung-im-Unternehmen-Hierarchie-Rothschenk-Ladungssicherung.jpg"},{"@type":"BreadcrumbList","@id":"https:\/\/rothschenk.de\/sk\/epizoda-51-kto-nesie-zodpovednost-v-podnikoch-strukturalne-aspekty\/#breadcrumb","itemListElement":[{"@type":"ListItem","position":1,"name":"Domovsk\u00e1 str\u00e1nka","item":"https:\/\/rothschenk.de\/sk\/domovska-stranka\/"},{"@type":"ListItem","position":2,"name":"Epiz\u00f3da 51: Kto nesie zodpovednos\u0165 v podnikoch? &#8211; \u0160truktur\u00e1lne aspekty"}]},{"@type":"WebSite","@id":"https:\/\/rothschenk.de\/sk\/#website","url":"https:\/\/rothschenk.de\/sk\/","name":"Rothschenk - Der Online Shop f\u00fcr Ladungssicherung","description":"Der Online Shop f\u00fcr Ladungssicherung","potentialAction":[{"@type":"SearchAction","target":{"@type":"EntryPoint","urlTemplate":"https:\/\/rothschenk.de\/sk\/?s={search_term_string}"},"query-input":{"@type":"PropertyValueSpecification","valueRequired":true,"valueName":"search_term_string"}}],"inLanguage":"sk-SK"},{"@type":"Person","@id":"https:\/\/rothschenk.de\/sk\/#\/schema\/person\/468caeaeceb0b408dec779a2acc5ec46","name":"Thomas Bauer","image":{"@type":"ImageObject","inLanguage":"sk-SK","@id":"https:\/\/rothschenk.de\/wp-content\/uploads\/2024\/03\/cropped-cropped-Rothschenk-logo-ladungssicherung-1-96x96.png","url":"https:\/\/rothschenk.de\/wp-content\/uploads\/2024\/03\/cropped-cropped-Rothschenk-logo-ladungssicherung-1-96x96.png","contentUrl":"https:\/\/rothschenk.de\/wp-content\/uploads\/2024\/03\/cropped-cropped-Rothschenk-logo-ladungssicherung-1-96x96.png","caption":"Thomas Bauer"},"description":"\u2714 Marketing | Web | CI","url":"https:\/\/rothschenk.de\/sk\/author\/thomas-bauer\/"}]}},"_links":{"self":[{"href":"https:\/\/rothschenk.de\/sk\/wp-json\/wp\/v2\/posts\/679626","targetHints":{"allow":["GET"]}}],"collection":[{"href":"https:\/\/rothschenk.de\/sk\/wp-json\/wp\/v2\/posts"}],"about":[{"href":"https:\/\/rothschenk.de\/sk\/wp-json\/wp\/v2\/types\/post"}],"author":[{"embeddable":true,"href":"https:\/\/rothschenk.de\/sk\/wp-json\/wp\/v2\/users\/1540"}],"replies":[{"embeddable":true,"href":"https:\/\/rothschenk.de\/sk\/wp-json\/wp\/v2\/comments?post=679626"}],"version-history":[{"count":1,"href":"https:\/\/rothschenk.de\/sk\/wp-json\/wp\/v2\/posts\/679626\/revisions"}],"predecessor-version":[{"id":679628,"href":"https:\/\/rothschenk.de\/sk\/wp-json\/wp\/v2\/posts\/679626\/revisions\/679628"}],"wp:attachment":[{"href":"https:\/\/rothschenk.de\/sk\/wp-json\/wp\/v2\/media?parent=679626"}],"wp:term":[{"taxonomy":"category","embeddable":true,"href":"https:\/\/rothschenk.de\/sk\/wp-json\/wp\/v2\/categories?post=679626"},{"taxonomy":"post_tag","embeddable":true,"href":"https:\/\/rothschenk.de\/sk\/wp-json\/wp\/v2\/tags?post=679626"}],"curies":[{"name":"wp","href":"https:\/\/api.w.org\/{rel}","templated":true}]}}