{"id":679732,"date":"2022-05-30T10:47:13","date_gmt":"2022-05-30T08:47:13","guid":{"rendered":"https:\/\/rothschenk.de\/dobra-rada-pre-vas-bicykel\/"},"modified":"2025-06-30T16:54:15","modified_gmt":"2025-06-30T14:54:15","slug":"dobra-rada-pre-vas-bicykel","status":"publish","type":"post","link":"https:\/\/rothschenk.de\/sk\/dobra-rada-pre-vas-bicykel\/","title":{"rendered":"Dobr\u00e1 rada pre v\u00e1\u0161 bicykel"},"content":{"rendered":"\n<p>Rothschenk je symbolom bezpe\u010dnosti na cest\u00e1ch, \u017eelezniciach a na mori. Pokia\u013e ide o cestn\u00fa dopravu, aj cestu zamestnancov do pr\u00e1ce sprev\u00e1dzaj\u00fa r\u00f4zne v\u00fdzvy. <\/p>\n\n<p>T\u00edm Rothschenk tak mohol v spolupr\u00e1ci s ADAC absolvova\u0165 jednod\u0148ov\u00e9 \u0161kolenie o bezpe\u010dnosti jazdy. Na tento \u00fa\u010del bol vo vlastn\u00fdch priestoroch spolo\u010dnosti zriaden\u00fd kurz, v ktorom sa preverovali a podporovali zru\u010dnosti a schopnosti. <\/p>\n\n<p>Tr\u00e9novalo sa spr\u00e1vne rozbiehanie a brzdenie, ktor\u00e9 je pri e-bikoch obzvl\u00e1\u0161\u0165 d\u00f4le\u017eit\u00e9, ako aj bezpe\u010dn\u00e9 vyh\u00fdbanie sa prek\u00e1\u017ekam. Jednou z obzvl\u00e1\u0161\u0165 zlo\u017eit\u00fdch \u00faloh bolo zdvihnutie a odlo\u017eenie rukov\u00e4te pripevnenej na re\u0165azi. \u00dalohou bolo jednou rukou ob\u00eds\u0165 st\u013ap, ku ktor\u00e9mu bola re\u0165az pripevnen\u00e1.  <\/p>\n\n<figure class=\"wp-block-gallery has-nested-images columns-default is-cropped wp-block-gallery-1 is-layout-flex wp-block-gallery-is-layout-flex\">\n<figure data-wp-context=\"{&quot;imageId&quot;:&quot;69f312317fb94&quot;}\" data-wp-interactive=\"core\/image\" data-wp-key=\"69f312317fb94\" class=\"wp-block-image size-large wp-lightbox-container\"><img fetchpriority=\"high\" decoding=\"async\" width=\"1024\" height=\"675\" data-wp-class--hide=\"state.isContentHidden\" data-wp-class--show=\"state.isContentVisible\" data-wp-init=\"callbacks.setButtonStyles\" data-wp-on--click=\"actions.showLightbox\" data-wp-on--load=\"callbacks.setButtonStyles\" data-wp-on-window--resize=\"callbacks.setButtonStyles\" data-id=\"166708\" src=\"https:\/\/rothschenk.de\/wp-content\/uploads\/2022\/05\/fahrrad-sicherheitstraining-adac-rothschenk-parcour-bgm-1-1024x675.jpg\" alt=\"\" class=\"wp-image-166708\" srcset=\"https:\/\/rothschenk.de\/wp-content\/uploads\/2022\/05\/fahrrad-sicherheitstraining-adac-rothschenk-parcour-bgm-1-1024x675.jpg 1024w, https:\/\/rothschenk.de\/wp-content\/uploads\/2022\/05\/fahrrad-sicherheitstraining-adac-rothschenk-parcour-bgm-1-300x198.jpg 300w, https:\/\/rothschenk.de\/wp-content\/uploads\/2022\/05\/fahrrad-sicherheitstraining-adac-rothschenk-parcour-bgm-1-768x506.jpg 768w, https:\/\/rothschenk.de\/wp-content\/uploads\/2022\/05\/fahrrad-sicherheitstraining-adac-rothschenk-parcour-bgm-1-600x396.jpg 600w, https:\/\/rothschenk.de\/wp-content\/uploads\/2022\/05\/fahrrad-sicherheitstraining-adac-rothschenk-parcour-bgm-1.jpg 1165w\" sizes=\"(max-width: 1024px) 100vw, 1024px\" \/><button\n\t\t\tclass=\"lightbox-trigger\"\n\t\t\ttype=\"button\"\n\t\t\taria-haspopup=\"dialog\"\n\t\t\taria-label=\"Zv\u00e4\u010d\u0161i\u0165\"\n\t\t\tdata-wp-init=\"callbacks.initTriggerButton\"\n\t\t\tdata-wp-on--click=\"actions.showLightbox\"\n\t\t\tdata-wp-style--right=\"state.imageButtonRight\"\n\t\t\tdata-wp-style--top=\"state.imageButtonTop\"\n\t\t>\n\t\t\t<svg xmlns=\"http:\/\/www.w3.org\/2000\/svg\" width=\"12\" height=\"12\" fill=\"none\" viewBox=\"0 0 12 12\">\n\t\t\t\t<path fill=\"#fff\" d=\"M2 0a2 2 0 0 0-2 2v2h1.5V2a.5.5 0 0 1 .5-.5h2V0H2Zm2 10.5H2a.5.5 0 0 1-.5-.5V8H0v2a2 2 0 0 0 2 2h2v-1.5ZM8 12v-1.5h2a.5.5 0 0 0 .5-.5V8H12v2a2 2 0 0 1-2 2H8Zm2-12a2 2 0 0 1 2 2v2h-1.5V2a.5.5 0 0 0-.5-.5H8V0h2Z\" \/>\n\t\t\t<\/svg>\n\t\t<\/button><\/figure>\n\n\n\n<figure data-wp-context=\"{&quot;imageId&quot;:&quot;69f312318022c&quot;}\" data-wp-interactive=\"core\/image\" data-wp-key=\"69f312318022c\" class=\"wp-block-image size-large wp-lightbox-container\"><img decoding=\"async\" width=\"1024\" height=\"683\" data-wp-class--hide=\"state.isContentHidden\" data-wp-class--show=\"state.isContentVisible\" data-wp-init=\"callbacks.setButtonStyles\" data-wp-on--click=\"actions.showLightbox\" data-wp-on--load=\"callbacks.setButtonStyles\" data-wp-on-window--resize=\"callbacks.setButtonStyles\" data-id=\"166716\" src=\"https:\/\/rothschenk.de\/wp-content\/uploads\/2022\/05\/fahrrad-sicherheitstraining-adac-rothschenk-parcour-bgm-2-1024x683.jpg\" alt=\"\" class=\"wp-image-166716\" srcset=\"https:\/\/rothschenk.de\/wp-content\/uploads\/2022\/05\/fahrrad-sicherheitstraining-adac-rothschenk-parcour-bgm-2-1024x683.jpg 1024w, https:\/\/rothschenk.de\/wp-content\/uploads\/2022\/05\/fahrrad-sicherheitstraining-adac-rothschenk-parcour-bgm-2-300x200.jpg 300w, https:\/\/rothschenk.de\/wp-content\/uploads\/2022\/05\/fahrrad-sicherheitstraining-adac-rothschenk-parcour-bgm-2-768x512.jpg 768w, https:\/\/rothschenk.de\/wp-content\/uploads\/2022\/05\/fahrrad-sicherheitstraining-adac-rothschenk-parcour-bgm-2-600x400.jpg 600w, https:\/\/rothschenk.de\/wp-content\/uploads\/2022\/05\/fahrrad-sicherheitstraining-adac-rothschenk-parcour-bgm-2.jpg 1152w\" sizes=\"(max-width: 1024px) 100vw, 1024px\" \/><button\n\t\t\tclass=\"lightbox-trigger\"\n\t\t\ttype=\"button\"\n\t\t\taria-haspopup=\"dialog\"\n\t\t\taria-label=\"Zv\u00e4\u010d\u0161i\u0165\"\n\t\t\tdata-wp-init=\"callbacks.initTriggerButton\"\n\t\t\tdata-wp-on--click=\"actions.showLightbox\"\n\t\t\tdata-wp-style--right=\"state.imageButtonRight\"\n\t\t\tdata-wp-style--top=\"state.imageButtonTop\"\n\t\t>\n\t\t\t<svg xmlns=\"http:\/\/www.w3.org\/2000\/svg\" width=\"12\" height=\"12\" fill=\"none\" viewBox=\"0 0 12 12\">\n\t\t\t\t<path fill=\"#fff\" d=\"M2 0a2 2 0 0 0-2 2v2h1.5V2a.5.5 0 0 1 .5-.5h2V0H2Zm2 10.5H2a.5.5 0 0 1-.5-.5V8H0v2a2 2 0 0 0 2 2h2v-1.5ZM8 12v-1.5h2a.5.5 0 0 0 .5-.5V8H12v2a2 2 0 0 1-2 2H8Zm2-12a2 2 0 0 1 2 2v2h-1.5V2a.5.5 0 0 0-.5-.5H8V0h2Z\" \/>\n\t\t\t<\/svg>\n\t\t<\/button><\/figure>\n\n\n\n<figure data-wp-context=\"{&quot;imageId&quot;:&quot;69f31231809d1&quot;}\" data-wp-interactive=\"core\/image\" data-wp-key=\"69f31231809d1\" class=\"wp-block-image size-large wp-lightbox-container\"><img decoding=\"async\" width=\"1024\" height=\"683\" data-wp-class--hide=\"state.isContentHidden\" data-wp-class--show=\"state.isContentVisible\" data-wp-init=\"callbacks.setButtonStyles\" data-wp-on--click=\"actions.showLightbox\" data-wp-on--load=\"callbacks.setButtonStyles\" data-wp-on-window--resize=\"callbacks.setButtonStyles\" data-id=\"166728\" src=\"https:\/\/rothschenk.de\/wp-content\/uploads\/2022\/05\/fahrrad-sicherheitstraining-adac-rothschenk-parcour-bgm-6-1024x683.jpg\" alt=\"\" class=\"wp-image-166728\" srcset=\"https:\/\/rothschenk.de\/wp-content\/uploads\/2022\/05\/fahrrad-sicherheitstraining-adac-rothschenk-parcour-bgm-6-1024x683.jpg 1024w, https:\/\/rothschenk.de\/wp-content\/uploads\/2022\/05\/fahrrad-sicherheitstraining-adac-rothschenk-parcour-bgm-6-300x200.jpg 300w, https:\/\/rothschenk.de\/wp-content\/uploads\/2022\/05\/fahrrad-sicherheitstraining-adac-rothschenk-parcour-bgm-6-768x512.jpg 768w, https:\/\/rothschenk.de\/wp-content\/uploads\/2022\/05\/fahrrad-sicherheitstraining-adac-rothschenk-parcour-bgm-6-600x400.jpg 600w, https:\/\/rothschenk.de\/wp-content\/uploads\/2022\/05\/fahrrad-sicherheitstraining-adac-rothschenk-parcour-bgm-6.jpg 1152w\" sizes=\"(max-width: 1024px) 100vw, 1024px\" \/><button\n\t\t\tclass=\"lightbox-trigger\"\n\t\t\ttype=\"button\"\n\t\t\taria-haspopup=\"dialog\"\n\t\t\taria-label=\"Zv\u00e4\u010d\u0161i\u0165\"\n\t\t\tdata-wp-init=\"callbacks.initTriggerButton\"\n\t\t\tdata-wp-on--click=\"actions.showLightbox\"\n\t\t\tdata-wp-style--right=\"state.imageButtonRight\"\n\t\t\tdata-wp-style--top=\"state.imageButtonTop\"\n\t\t>\n\t\t\t<svg xmlns=\"http:\/\/www.w3.org\/2000\/svg\" width=\"12\" height=\"12\" fill=\"none\" viewBox=\"0 0 12 12\">\n\t\t\t\t<path fill=\"#fff\" d=\"M2 0a2 2 0 0 0-2 2v2h1.5V2a.5.5 0 0 1 .5-.5h2V0H2Zm2 10.5H2a.5.5 0 0 1-.5-.5V8H0v2a2 2 0 0 0 2 2h2v-1.5ZM8 12v-1.5h2a.5.5 0 0 0 .5-.5V8H12v2a2 2 0 0 1-2 2H8Zm2-12a2 2 0 0 1 2 2v2h-1.5V2a.5.5 0 0 0-.5-.5H8V0h2Z\" \/>\n\t\t\t<\/svg>\n\t\t<\/button><\/figure>\n<\/figure>\n\n<p>Rie\u0161ili sa pr\u00e1vne ot\u00e1zky, ako aj bezpe\u010dnostn\u00e9 vybavenie a spr\u00e1vne nastavenie bicykla.<\/p>\n\n<p>Ako vypl\u00fdva zo <a href=\"https:\/\/service.destatis.de\/DE\/verkehrsunfallkalender\/\">\u0161tatist\u00edk Spolkov\u00e9ho \u0161tatistick\u00e9ho \u00faradu<\/a>, po\u010det dopravn\u00fdch neh\u00f4d s \u00fa\u010das\u0165ou bicyklov v posledn\u00fdch rokoch v\u00fdrazne st\u00fapol. Ur\u010dite k tomu prispel prebiehaj\u00faci boom elektronick\u00fdch bicyklov a zv\u00fd\u0161en\u00fd po\u010det zamestnancov, ktor\u00ed presedlali z \u00e1ut na bicykle. <\/p>\n\n<p>Cyklistick\u00e1 sez\u00f3na ako celok sa tie\u017e pred\u013a\u017eila. Zauj\u00edmav\u00e9 je, \u017ee tieto \u0161tatistiky sa vz\u0165ahuj\u00fa na obdobie do roku 2020, t. j. do polovice v\u00fdluky Covid-19. Bude zauj\u00edmav\u00e9 sledova\u0165, ako to ovplyvn\u00ed \u0161tatistiky na roky 2021\/2022.  <\/p>\n\n<p>Intern\u00e9 \u0161kolenie preto vykonalo cenn\u00fa pr\u00e1cu pri predch\u00e1dzan\u00ed nehod\u00e1m. Predch\u00e1dzaj\u00face vedomosti v\u0161etk\u00fdch z\u00fa\u010dastnen\u00fdch boli r\u00f4zne, ale prostredn\u00edctvom tohto podnikov\u00e9ho podujatia sa zv\u00fd\u0161ili na rovnak\u00fa \u00farove\u0148. V\u010faka tomu by u\u017e v bud\u00facnosti nemalo ni\u010d st\u00e1\u0165 v ceste bezpe\u010dnej ceste do Aubu.  <\/p>\n\n<p>Chceli by sme sa po\u010fakova\u0165 v\u0161etk\u00fdm \u00fa\u010dastn\u00edkom a, samozrejme, najm\u00e4 zamestnancom <a href=\"https:\/\/www.adac.de\/rund-ums-fahrzeug\/zweirad\/fahrrad-ebike-pedelec\/\">ADAC<\/a> za ich nasadenie.<\/p>\n\n<figure class=\"wp-block-gallery has-nested-images columns-default is-cropped wp-block-gallery-2 is-layout-flex wp-block-gallery-is-layout-flex\">\n<figure data-wp-context=\"{&quot;imageId&quot;:&quot;69f3123181478&quot;}\" data-wp-interactive=\"core\/image\" data-wp-key=\"69f3123181478\" class=\"wp-block-image size-large wp-lightbox-container\"><img loading=\"lazy\" decoding=\"async\" width=\"1024\" height=\"683\" data-wp-class--hide=\"state.isContentHidden\" data-wp-class--show=\"state.isContentVisible\" data-wp-init=\"callbacks.setButtonStyles\" data-wp-on--click=\"actions.showLightbox\" data-wp-on--load=\"callbacks.setButtonStyles\" data-wp-on-window--resize=\"callbacks.setButtonStyles\" data-id=\"166734\" src=\"https:\/\/rothschenk.de\/wp-content\/uploads\/2022\/05\/fahrrad-sicherheitstraining-adac-rothschenk-parcour-bgm-8-1024x683.jpg\" alt=\"\" class=\"wp-image-166734\" srcset=\"https:\/\/rothschenk.de\/wp-content\/uploads\/2022\/05\/fahrrad-sicherheitstraining-adac-rothschenk-parcour-bgm-8-1024x683.jpg 1024w, https:\/\/rothschenk.de\/wp-content\/uploads\/2022\/05\/fahrrad-sicherheitstraining-adac-rothschenk-parcour-bgm-8-300x200.jpg 300w, https:\/\/rothschenk.de\/wp-content\/uploads\/2022\/05\/fahrrad-sicherheitstraining-adac-rothschenk-parcour-bgm-8-768x512.jpg 768w, https:\/\/rothschenk.de\/wp-content\/uploads\/2022\/05\/fahrrad-sicherheitstraining-adac-rothschenk-parcour-bgm-8-600x400.jpg 600w, https:\/\/rothschenk.de\/wp-content\/uploads\/2022\/05\/fahrrad-sicherheitstraining-adac-rothschenk-parcour-bgm-8.jpg 1151w\" sizes=\"(max-width: 1024px) 100vw, 1024px\" \/><button\n\t\t\tclass=\"lightbox-trigger\"\n\t\t\ttype=\"button\"\n\t\t\taria-haspopup=\"dialog\"\n\t\t\taria-label=\"Zv\u00e4\u010d\u0161i\u0165\"\n\t\t\tdata-wp-init=\"callbacks.initTriggerButton\"\n\t\t\tdata-wp-on--click=\"actions.showLightbox\"\n\t\t\tdata-wp-style--right=\"state.imageButtonRight\"\n\t\t\tdata-wp-style--top=\"state.imageButtonTop\"\n\t\t>\n\t\t\t<svg xmlns=\"http:\/\/www.w3.org\/2000\/svg\" width=\"12\" height=\"12\" fill=\"none\" viewBox=\"0 0 12 12\">\n\t\t\t\t<path fill=\"#fff\" d=\"M2 0a2 2 0 0 0-2 2v2h1.5V2a.5.5 0 0 1 .5-.5h2V0H2Zm2 10.5H2a.5.5 0 0 1-.5-.5V8H0v2a2 2 0 0 0 2 2h2v-1.5ZM8 12v-1.5h2a.5.5 0 0 0 .5-.5V8H12v2a2 2 0 0 1-2 2H8Zm2-12a2 2 0 0 1 2 2v2h-1.5V2a.5.5 0 0 0-.5-.5H8V0h2Z\" \/>\n\t\t\t<\/svg>\n\t\t<\/button><\/figure>\n\n\n\n<figure data-wp-context=\"{&quot;imageId&quot;:&quot;69f31231816a2&quot;}\" data-wp-interactive=\"core\/image\" data-wp-key=\"69f31231816a2\" class=\"wp-block-image size-large wp-lightbox-container\"><img loading=\"lazy\" decoding=\"async\" width=\"1024\" height=\"683\" data-wp-class--hide=\"state.isContentHidden\" data-wp-class--show=\"state.isContentVisible\" data-wp-init=\"callbacks.setButtonStyles\" data-wp-on--click=\"actions.showLightbox\" data-wp-on--load=\"callbacks.setButtonStyles\" data-wp-on-window--resize=\"callbacks.setButtonStyles\" data-id=\"166731\" src=\"https:\/\/rothschenk.de\/wp-content\/uploads\/2022\/05\/fahrrad-sicherheitstraining-adac-rothschenk-parcour-bgm-7-1024x683.jpg\" alt=\"\" class=\"wp-image-166731\" srcset=\"https:\/\/rothschenk.de\/wp-content\/uploads\/2022\/05\/fahrrad-sicherheitstraining-adac-rothschenk-parcour-bgm-7-1024x683.jpg 1024w, https:\/\/rothschenk.de\/wp-content\/uploads\/2022\/05\/fahrrad-sicherheitstraining-adac-rothschenk-parcour-bgm-7-300x200.jpg 300w, https:\/\/rothschenk.de\/wp-content\/uploads\/2022\/05\/fahrrad-sicherheitstraining-adac-rothschenk-parcour-bgm-7-768x512.jpg 768w, https:\/\/rothschenk.de\/wp-content\/uploads\/2022\/05\/fahrrad-sicherheitstraining-adac-rothschenk-parcour-bgm-7-600x400.jpg 600w, https:\/\/rothschenk.de\/wp-content\/uploads\/2022\/05\/fahrrad-sicherheitstraining-adac-rothschenk-parcour-bgm-7.jpg 1151w\" sizes=\"(max-width: 1024px) 100vw, 1024px\" \/><button\n\t\t\tclass=\"lightbox-trigger\"\n\t\t\ttype=\"button\"\n\t\t\taria-haspopup=\"dialog\"\n\t\t\taria-label=\"Zv\u00e4\u010d\u0161i\u0165\"\n\t\t\tdata-wp-init=\"callbacks.initTriggerButton\"\n\t\t\tdata-wp-on--click=\"actions.showLightbox\"\n\t\t\tdata-wp-style--right=\"state.imageButtonRight\"\n\t\t\tdata-wp-style--top=\"state.imageButtonTop\"\n\t\t>\n\t\t\t<svg xmlns=\"http:\/\/www.w3.org\/2000\/svg\" width=\"12\" height=\"12\" fill=\"none\" viewBox=\"0 0 12 12\">\n\t\t\t\t<path fill=\"#fff\" d=\"M2 0a2 2 0 0 0-2 2v2h1.5V2a.5.5 0 0 1 .5-.5h2V0H2Zm2 10.5H2a.5.5 0 0 1-.5-.5V8H0v2a2 2 0 0 0 2 2h2v-1.5ZM8 12v-1.5h2a.5.5 0 0 0 .5-.5V8H12v2a2 2 0 0 1-2 2H8Zm2-12a2 2 0 0 1 2 2v2h-1.5V2a.5.5 0 0 0-.5-.5H8V0h2Z\" \/>\n\t\t\t<\/svg>\n\t\t<\/button><\/figure>\n\n\n\n<figure data-wp-context=\"{&quot;imageId&quot;:&quot;69f3123181bd8&quot;}\" data-wp-interactive=\"core\/image\" data-wp-key=\"69f3123181bd8\" class=\"wp-block-image size-large wp-lightbox-container\"><img loading=\"lazy\" decoding=\"async\" width=\"1024\" height=\"680\" data-wp-class--hide=\"state.isContentHidden\" data-wp-class--show=\"state.isContentVisible\" data-wp-init=\"callbacks.setButtonStyles\" data-wp-on--click=\"actions.showLightbox\" data-wp-on--load=\"callbacks.setButtonStyles\" data-wp-on-window--resize=\"callbacks.setButtonStyles\" data-id=\"166725\" src=\"https:\/\/rothschenk.de\/wp-content\/uploads\/2022\/05\/fahrrad-sicherheitstraining-adac-rothschenk-parcour-bgm-5-1024x680.jpg\" alt=\"\" class=\"wp-image-166725\" srcset=\"https:\/\/rothschenk.de\/wp-content\/uploads\/2022\/05\/fahrrad-sicherheitstraining-adac-rothschenk-parcour-bgm-5-1024x680.jpg 1024w, https:\/\/rothschenk.de\/wp-content\/uploads\/2022\/05\/fahrrad-sicherheitstraining-adac-rothschenk-parcour-bgm-5-300x199.jpg 300w, https:\/\/rothschenk.de\/wp-content\/uploads\/2022\/05\/fahrrad-sicherheitstraining-adac-rothschenk-parcour-bgm-5-768x510.jpg 768w, https:\/\/rothschenk.de\/wp-content\/uploads\/2022\/05\/fahrrad-sicherheitstraining-adac-rothschenk-parcour-bgm-5-600x398.jpg 600w, https:\/\/rothschenk.de\/wp-content\/uploads\/2022\/05\/fahrrad-sicherheitstraining-adac-rothschenk-parcour-bgm-5.jpg 1157w\" sizes=\"(max-width: 1024px) 100vw, 1024px\" \/><button\n\t\t\tclass=\"lightbox-trigger\"\n\t\t\ttype=\"button\"\n\t\t\taria-haspopup=\"dialog\"\n\t\t\taria-label=\"Zv\u00e4\u010d\u0161i\u0165\"\n\t\t\tdata-wp-init=\"callbacks.initTriggerButton\"\n\t\t\tdata-wp-on--click=\"actions.showLightbox\"\n\t\t\tdata-wp-style--right=\"state.imageButtonRight\"\n\t\t\tdata-wp-style--top=\"state.imageButtonTop\"\n\t\t>\n\t\t\t<svg xmlns=\"http:\/\/www.w3.org\/2000\/svg\" width=\"12\" height=\"12\" fill=\"none\" viewBox=\"0 0 12 12\">\n\t\t\t\t<path fill=\"#fff\" d=\"M2 0a2 2 0 0 0-2 2v2h1.5V2a.5.5 0 0 1 .5-.5h2V0H2Zm2 10.5H2a.5.5 0 0 1-.5-.5V8H0v2a2 2 0 0 0 2 2h2v-1.5ZM8 12v-1.5h2a.5.5 0 0 0 .5-.5V8H12v2a2 2 0 0 1-2 2H8Zm2-12a2 2 0 0 1 2 2v2h-1.5V2a.5.5 0 0 0-.5-.5H8V0h2Z\" \/>\n\t\t\t<\/svg>\n\t\t<\/button><\/figure>\n\n\n\n<figure data-wp-context=\"{&quot;imageId&quot;:&quot;69f3123181deb&quot;}\" data-wp-interactive=\"core\/image\" data-wp-key=\"69f3123181deb\" class=\"wp-block-image size-large wp-lightbox-container\"><img loading=\"lazy\" decoding=\"async\" width=\"1024\" height=\"682\" data-wp-class--hide=\"state.isContentHidden\" data-wp-class--show=\"state.isContentVisible\" data-wp-init=\"callbacks.setButtonStyles\" data-wp-on--click=\"actions.showLightbox\" data-wp-on--load=\"callbacks.setButtonStyles\" data-wp-on-window--resize=\"callbacks.setButtonStyles\" data-id=\"166722\" src=\"https:\/\/rothschenk.de\/wp-content\/uploads\/2022\/05\/fahrrad-sicherheitstraining-adac-rothschenk-parcour-bgm-4-1024x682.jpg\" alt=\"\" class=\"wp-image-166722\" srcset=\"https:\/\/rothschenk.de\/wp-content\/uploads\/2022\/05\/fahrrad-sicherheitstraining-adac-rothschenk-parcour-bgm-4-1024x682.jpg 1024w, https:\/\/rothschenk.de\/wp-content\/uploads\/2022\/05\/fahrrad-sicherheitstraining-adac-rothschenk-parcour-bgm-4-300x200.jpg 300w, https:\/\/rothschenk.de\/wp-content\/uploads\/2022\/05\/fahrrad-sicherheitstraining-adac-rothschenk-parcour-bgm-4-768x512.jpg 768w, https:\/\/rothschenk.de\/wp-content\/uploads\/2022\/05\/fahrrad-sicherheitstraining-adac-rothschenk-parcour-bgm-4-600x400.jpg 600w, https:\/\/rothschenk.de\/wp-content\/uploads\/2022\/05\/fahrrad-sicherheitstraining-adac-rothschenk-parcour-bgm-4.jpg 1153w\" sizes=\"(max-width: 1024px) 100vw, 1024px\" \/><button\n\t\t\tclass=\"lightbox-trigger\"\n\t\t\ttype=\"button\"\n\t\t\taria-haspopup=\"dialog\"\n\t\t\taria-label=\"Zv\u00e4\u010d\u0161i\u0165\"\n\t\t\tdata-wp-init=\"callbacks.initTriggerButton\"\n\t\t\tdata-wp-on--click=\"actions.showLightbox\"\n\t\t\tdata-wp-style--right=\"state.imageButtonRight\"\n\t\t\tdata-wp-style--top=\"state.imageButtonTop\"\n\t\t>\n\t\t\t<svg xmlns=\"http:\/\/www.w3.org\/2000\/svg\" width=\"12\" height=\"12\" fill=\"none\" viewBox=\"0 0 12 12\">\n\t\t\t\t<path fill=\"#fff\" d=\"M2 0a2 2 0 0 0-2 2v2h1.5V2a.5.5 0 0 1 .5-.5h2V0H2Zm2 10.5H2a.5.5 0 0 1-.5-.5V8H0v2a2 2 0 0 0 2 2h2v-1.5ZM8 12v-1.5h2a.5.5 0 0 0 .5-.5V8H12v2a2 2 0 0 1-2 2H8Zm2-12a2 2 0 0 1 2 2v2h-1.5V2a.5.5 0 0 0-.5-.5H8V0h2Z\" \/>\n\t\t\t<\/svg>\n\t\t<\/button><\/figure>\n\n\n\n<figure data-wp-context=\"{&quot;imageId&quot;:&quot;69f3123181fe4&quot;}\" data-wp-interactive=\"core\/image\" data-wp-key=\"69f3123181fe4\" class=\"wp-block-image size-large wp-lightbox-container\"><img loading=\"lazy\" decoding=\"async\" width=\"1024\" height=\"683\" data-wp-class--hide=\"state.isContentHidden\" data-wp-class--show=\"state.isContentVisible\" data-wp-init=\"callbacks.setButtonStyles\" data-wp-on--click=\"actions.showLightbox\" data-wp-on--load=\"callbacks.setButtonStyles\" data-wp-on-window--resize=\"callbacks.setButtonStyles\" data-id=\"166719\" src=\"https:\/\/rothschenk.de\/wp-content\/uploads\/2022\/05\/fahrrad-sicherheitstraining-adac-rothschenk-parcour-bgm-3-1024x683.jpg\" alt=\"\" class=\"wp-image-166719\" srcset=\"https:\/\/rothschenk.de\/wp-content\/uploads\/2022\/05\/fahrrad-sicherheitstraining-adac-rothschenk-parcour-bgm-3-1024x683.jpg 1024w, https:\/\/rothschenk.de\/wp-content\/uploads\/2022\/05\/fahrrad-sicherheitstraining-adac-rothschenk-parcour-bgm-3-300x200.jpg 300w, https:\/\/rothschenk.de\/wp-content\/uploads\/2022\/05\/fahrrad-sicherheitstraining-adac-rothschenk-parcour-bgm-3-768x512.jpg 768w, https:\/\/rothschenk.de\/wp-content\/uploads\/2022\/05\/fahrrad-sicherheitstraining-adac-rothschenk-parcour-bgm-3-600x400.jpg 600w, https:\/\/rothschenk.de\/wp-content\/uploads\/2022\/05\/fahrrad-sicherheitstraining-adac-rothschenk-parcour-bgm-3.jpg 1152w\" sizes=\"(max-width: 1024px) 100vw, 1024px\" \/><button\n\t\t\tclass=\"lightbox-trigger\"\n\t\t\ttype=\"button\"\n\t\t\taria-haspopup=\"dialog\"\n\t\t\taria-label=\"Zv\u00e4\u010d\u0161i\u0165\"\n\t\t\tdata-wp-init=\"callbacks.initTriggerButton\"\n\t\t\tdata-wp-on--click=\"actions.showLightbox\"\n\t\t\tdata-wp-style--right=\"state.imageButtonRight\"\n\t\t\tdata-wp-style--top=\"state.imageButtonTop\"\n\t\t>\n\t\t\t<svg xmlns=\"http:\/\/www.w3.org\/2000\/svg\" width=\"12\" height=\"12\" fill=\"none\" viewBox=\"0 0 12 12\">\n\t\t\t\t<path fill=\"#fff\" d=\"M2 0a2 2 0 0 0-2 2v2h1.5V2a.5.5 0 0 1 .5-.5h2V0H2Zm2 10.5H2a.5.5 0 0 1-.5-.5V8H0v2a2 2 0 0 0 2 2h2v-1.5ZM8 12v-1.5h2a.5.5 0 0 0 .5-.5V8H12v2a2 2 0 0 1-2 2H8Zm2-12a2 2 0 0 1 2 2v2h-1.5V2a.5.5 0 0 0-.5-.5H8V0h2Z\" \/>\n\t\t\t<\/svg>\n\t\t<\/button><\/figure>\n<\/figure>\n\n<div style=\"height:35px\" aria-hidden=\"true\" class=\"wp-block-spacer\"><\/div>\n","protected":false},"excerpt":{"rendered":"<p>Rothschenk je symbolom bezpe\u010dnosti na cest\u00e1ch, \u017eelezniciach a na mori. Pokia\u013e ide o cestn\u00fa dopravu, aj cestu zamestnancov do pr\u00e1ce sprev\u00e1dzaj\u00fa r\u00f4zne v\u00fdzvy. T\u00edm Rothschenk tak mohol v spolupr\u00e1ci s ADAC absolvova\u0165 jednod\u0148ov\u00e9 \u0161kolenie o bezpe\u010dnosti jazdy. Na tento \u00fa\u010del bol vo vlastn\u00fdch priestoroch spolo\u010dnosti zriaden\u00fd kurz, v ktorom sa preverovali a podporovali zru\u010dnosti a [&hellip;]<\/p>\n","protected":false},"author":1539,"featured_media":0,"comment_status":"open","ping_status":"closed","sticky":false,"template":"","format":"standard","meta":{"_acf_changed":false,"footnotes":""},"categories":[870],"tags":[],"class_list":["post-679732","post","type-post","status-publish","format-standard","hentry","category-rothschenk-novinky-sk"],"acf":[],"yoast_head":"<!-- This site is optimized with the Yoast SEO plugin v27.5 - https:\/\/yoast.com\/product\/yoast-seo-wordpress\/ -->\n<title>ADAC - Dobr\u00e9 rady pre v\u00e1\u0161 bicykel - Rothschenk<\/title>\n<meta name=\"description\" content=\"\u0160kolenia o bezpe\u010dnosti vodi\u010dov | ADAC | \u0160kolenia v priestoroch spolo\u010dnosti Rothschenk | Bezpe\u010dn\u00e1 cesta do pr\u00e1ce | Zabezpe\u010denie n\u00e1kladu Rothschenk | Blog\" \/>\n<meta name=\"robots\" content=\"index, follow, max-snippet:-1, max-image-preview:large, max-video-preview:-1\" \/>\n<link rel=\"canonical\" href=\"https:\/\/rothschenk.de\/sk\/dobra-rada-pre-vas-bicykel\/\" \/>\n<meta property=\"og:locale\" content=\"sk_SK\" \/>\n<meta property=\"og:type\" content=\"article\" \/>\n<meta property=\"og:title\" content=\"ADAC - Dobr\u00e9 rady pre v\u00e1\u0161 bicykel - Rothschenk\" \/>\n<meta property=\"og:description\" content=\"\u0160kolenia o bezpe\u010dnosti vodi\u010dov | ADAC | \u0160kolenia v priestoroch spolo\u010dnosti Rothschenk | Bezpe\u010dn\u00e1 cesta do pr\u00e1ce | Zabezpe\u010denie n\u00e1kladu Rothschenk | Blog\" \/>\n<meta property=\"og:url\" content=\"https:\/\/rothschenk.de\/sk\/dobra-rada-pre-vas-bicykel\/\" \/>\n<meta property=\"og:site_name\" content=\"Rothschenk\" \/>\n<meta property=\"article:publisher\" content=\"https:\/\/de-de.facebook.com\/FirmaRothschenk\/\" \/>\n<meta property=\"article:published_time\" content=\"2022-05-30T08:47:13+00:00\" \/>\n<meta property=\"article:modified_time\" content=\"2025-06-30T14:54:15+00:00\" \/>\n<meta property=\"og:image\" content=\"https:\/\/rothschenk.de\/wp-content\/uploads\/2022\/05\/fahrrad-sicherheitstraining-adac-rothschenk-parcour-bgm-1.jpg\" \/>\n\t<meta property=\"og:image:width\" content=\"1165\" \/>\n\t<meta property=\"og:image:height\" content=\"768\" \/>\n\t<meta property=\"og:image:type\" content=\"image\/jpeg\" \/>\n<meta name=\"author\" content=\"Rothschenk\" \/>\n<meta name=\"twitter:card\" content=\"summary_large_image\" \/>\n<meta name=\"twitter:label1\" content=\"Autor\" \/>\n\t<meta name=\"twitter:data1\" content=\"Rothschenk\" \/>\n\t<meta name=\"twitter:label2\" content=\"Predpokladan\u00fd \u010das \u010d\u00edtania\" \/>\n\t<meta name=\"twitter:data2\" content=\"2 min\u00faty\" \/>\n<script type=\"application\/ld+json\" class=\"yoast-schema-graph\">{\"@context\":\"https:\\\/\\\/schema.org\",\"@graph\":[{\"@type\":\"Article\",\"@id\":\"https:\\\/\\\/rothschenk.de\\\/sk\\\/dobra-rada-pre-vas-bicykel\\\/#article\",\"isPartOf\":{\"@id\":\"https:\\\/\\\/rothschenk.de\\\/sk\\\/dobra-rada-pre-vas-bicykel\\\/\"},\"author\":{\"name\":\"Rothschenk\",\"@id\":\"https:\\\/\\\/rothschenk.de\\\/sk\\\/#\\\/schema\\\/person\\\/e29bf5cc9df61e6c87f80cdf8ba1be93\"},\"headline\":\"Dobr\u00e1 rada pre v\u00e1\u0161 bicykel\",\"datePublished\":\"2022-05-30T08:47:13+00:00\",\"dateModified\":\"2025-06-30T14:54:15+00:00\",\"mainEntityOfPage\":{\"@id\":\"https:\\\/\\\/rothschenk.de\\\/sk\\\/dobra-rada-pre-vas-bicykel\\\/\"},\"wordCount\":315,\"commentCount\":0,\"image\":{\"@id\":\"https:\\\/\\\/rothschenk.de\\\/sk\\\/dobra-rada-pre-vas-bicykel\\\/#primaryimage\"},\"thumbnailUrl\":\"https:\\\/\\\/rothschenk.de\\\/wp-content\\\/uploads\\\/2022\\\/05\\\/fahrrad-sicherheitstraining-adac-rothschenk-parcour-bgm-1-1024x675.jpg\",\"articleSection\":[\"Rothschenk Novinky\"],\"inLanguage\":\"sk-SK\",\"potentialAction\":[{\"@type\":\"CommentAction\",\"name\":\"Comment\",\"target\":[\"https:\\\/\\\/rothschenk.de\\\/sk\\\/dobra-rada-pre-vas-bicykel\\\/#respond\"]}]},{\"@type\":\"WebPage\",\"@id\":\"https:\\\/\\\/rothschenk.de\\\/sk\\\/dobra-rada-pre-vas-bicykel\\\/\",\"url\":\"https:\\\/\\\/rothschenk.de\\\/sk\\\/dobra-rada-pre-vas-bicykel\\\/\",\"name\":\"ADAC - Dobr\u00e9 rady pre v\u00e1\u0161 bicykel - Rothschenk\",\"isPartOf\":{\"@id\":\"https:\\\/\\\/rothschenk.de\\\/sk\\\/#website\"},\"primaryImageOfPage\":{\"@id\":\"https:\\\/\\\/rothschenk.de\\\/sk\\\/dobra-rada-pre-vas-bicykel\\\/#primaryimage\"},\"image\":{\"@id\":\"https:\\\/\\\/rothschenk.de\\\/sk\\\/dobra-rada-pre-vas-bicykel\\\/#primaryimage\"},\"thumbnailUrl\":\"https:\\\/\\\/rothschenk.de\\\/wp-content\\\/uploads\\\/2022\\\/05\\\/fahrrad-sicherheitstraining-adac-rothschenk-parcour-bgm-1-1024x675.jpg\",\"datePublished\":\"2022-05-30T08:47:13+00:00\",\"dateModified\":\"2025-06-30T14:54:15+00:00\",\"author\":{\"@id\":\"https:\\\/\\\/rothschenk.de\\\/sk\\\/#\\\/schema\\\/person\\\/e29bf5cc9df61e6c87f80cdf8ba1be93\"},\"description\":\"\u0160kolenia o bezpe\u010dnosti vodi\u010dov | ADAC | \u0160kolenia v priestoroch spolo\u010dnosti Rothschenk | Bezpe\u010dn\u00e1 cesta do pr\u00e1ce | Zabezpe\u010denie n\u00e1kladu Rothschenk | Blog\",\"breadcrumb\":{\"@id\":\"https:\\\/\\\/rothschenk.de\\\/sk\\\/dobra-rada-pre-vas-bicykel\\\/#breadcrumb\"},\"inLanguage\":\"sk-SK\",\"potentialAction\":[{\"@type\":\"ReadAction\",\"target\":[\"https:\\\/\\\/rothschenk.de\\\/sk\\\/dobra-rada-pre-vas-bicykel\\\/\"]}]},{\"@type\":\"ImageObject\",\"inLanguage\":\"sk-SK\",\"@id\":\"https:\\\/\\\/rothschenk.de\\\/sk\\\/dobra-rada-pre-vas-bicykel\\\/#primaryimage\",\"url\":\"https:\\\/\\\/rothschenk.de\\\/wp-content\\\/uploads\\\/2022\\\/05\\\/fahrrad-sicherheitstraining-adac-rothschenk-parcour-bgm-1-1024x675.jpg\",\"contentUrl\":\"https:\\\/\\\/rothschenk.de\\\/wp-content\\\/uploads\\\/2022\\\/05\\\/fahrrad-sicherheitstraining-adac-rothschenk-parcour-bgm-1-1024x675.jpg\"},{\"@type\":\"BreadcrumbList\",\"@id\":\"https:\\\/\\\/rothschenk.de\\\/sk\\\/dobra-rada-pre-vas-bicykel\\\/#breadcrumb\",\"itemListElement\":[{\"@type\":\"ListItem\",\"position\":1,\"name\":\"Domovsk\u00e1 str\u00e1nka\",\"item\":\"https:\\\/\\\/rothschenk.de\\\/sk\\\/domovska-stranka\\\/\"},{\"@type\":\"ListItem\",\"position\":2,\"name\":\"Dobr\u00e1 rada pre v\u00e1\u0161 bicykel\"}]},{\"@type\":\"WebSite\",\"@id\":\"https:\\\/\\\/rothschenk.de\\\/sk\\\/#website\",\"url\":\"https:\\\/\\\/rothschenk.de\\\/sk\\\/\",\"name\":\"Rothschenk - Der Online Shop f\u00fcr Ladungssicherung\",\"description\":\"Der Online Shop f\u00fcr Ladungssicherung\",\"potentialAction\":[{\"@type\":\"SearchAction\",\"target\":{\"@type\":\"EntryPoint\",\"urlTemplate\":\"https:\\\/\\\/rothschenk.de\\\/sk\\\/?s={search_term_string}\"},\"query-input\":{\"@type\":\"PropertyValueSpecification\",\"valueRequired\":true,\"valueName\":\"search_term_string\"}}],\"inLanguage\":\"sk-SK\"},{\"@type\":\"Person\",\"@id\":\"https:\\\/\\\/rothschenk.de\\\/sk\\\/#\\\/schema\\\/person\\\/e29bf5cc9df61e6c87f80cdf8ba1be93\",\"name\":\"Rothschenk\",\"image\":{\"@type\":\"ImageObject\",\"inLanguage\":\"sk-SK\",\"@id\":\"https:\\\/\\\/rothschenk.de\\\/wp-content\\\/uploads\\\/2024\\\/03\\\/cropped-cropped-Rothschenk-logo-ladungssicherung-1-96x96.png\",\"url\":\"https:\\\/\\\/rothschenk.de\\\/wp-content\\\/uploads\\\/2024\\\/03\\\/cropped-cropped-Rothschenk-logo-ladungssicherung-1-96x96.png\",\"contentUrl\":\"https:\\\/\\\/rothschenk.de\\\/wp-content\\\/uploads\\\/2024\\\/03\\\/cropped-cropped-Rothschenk-logo-ladungssicherung-1-96x96.png\",\"caption\":\"Rothschenk\"},\"description\":\"\u2714 Profi in der Beratung \u2714 Profi an der Laderampe \u2714 Profi bei der Abwicklung Ihrer W\u00fcnsche \u2714 Ladungssicherung Made in Germany\",\"url\":\"https:\\\/\\\/rothschenk.de\\\/sk\\\/author\\\/rothschenk\\\/\"}]}<\/script>\n<!-- \/ Yoast SEO plugin. -->","yoast_head_json":{"title":"ADAC - Dobr\u00e9 rady pre v\u00e1\u0161 bicykel - Rothschenk","description":"\u0160kolenia o bezpe\u010dnosti vodi\u010dov | ADAC | \u0160kolenia v priestoroch spolo\u010dnosti Rothschenk | Bezpe\u010dn\u00e1 cesta do pr\u00e1ce | Zabezpe\u010denie n\u00e1kladu Rothschenk | Blog","robots":{"index":"index","follow":"follow","max-snippet":"max-snippet:-1","max-image-preview":"max-image-preview:large","max-video-preview":"max-video-preview:-1"},"canonical":"https:\/\/rothschenk.de\/sk\/dobra-rada-pre-vas-bicykel\/","og_locale":"sk_SK","og_type":"article","og_title":"ADAC - Dobr\u00e9 rady pre v\u00e1\u0161 bicykel - Rothschenk","og_description":"\u0160kolenia o bezpe\u010dnosti vodi\u010dov | ADAC | \u0160kolenia v priestoroch spolo\u010dnosti Rothschenk | Bezpe\u010dn\u00e1 cesta do pr\u00e1ce | Zabezpe\u010denie n\u00e1kladu Rothschenk | Blog","og_url":"https:\/\/rothschenk.de\/sk\/dobra-rada-pre-vas-bicykel\/","og_site_name":"Rothschenk","article_publisher":"https:\/\/de-de.facebook.com\/FirmaRothschenk\/","article_published_time":"2022-05-30T08:47:13+00:00","article_modified_time":"2025-06-30T14:54:15+00:00","og_image":[{"width":1165,"height":768,"url":"https:\/\/rothschenk.de\/wp-content\/uploads\/2022\/05\/fahrrad-sicherheitstraining-adac-rothschenk-parcour-bgm-1.jpg","type":"image\/jpeg"}],"author":"Rothschenk","twitter_card":"summary_large_image","twitter_misc":{"Autor":"Rothschenk","Predpokladan\u00fd \u010das \u010d\u00edtania":"2 min\u00faty"},"schema":{"@context":"https:\/\/schema.org","@graph":[{"@type":"Article","@id":"https:\/\/rothschenk.de\/sk\/dobra-rada-pre-vas-bicykel\/#article","isPartOf":{"@id":"https:\/\/rothschenk.de\/sk\/dobra-rada-pre-vas-bicykel\/"},"author":{"name":"Rothschenk","@id":"https:\/\/rothschenk.de\/sk\/#\/schema\/person\/e29bf5cc9df61e6c87f80cdf8ba1be93"},"headline":"Dobr\u00e1 rada pre v\u00e1\u0161 bicykel","datePublished":"2022-05-30T08:47:13+00:00","dateModified":"2025-06-30T14:54:15+00:00","mainEntityOfPage":{"@id":"https:\/\/rothschenk.de\/sk\/dobra-rada-pre-vas-bicykel\/"},"wordCount":315,"commentCount":0,"image":{"@id":"https:\/\/rothschenk.de\/sk\/dobra-rada-pre-vas-bicykel\/#primaryimage"},"thumbnailUrl":"https:\/\/rothschenk.de\/wp-content\/uploads\/2022\/05\/fahrrad-sicherheitstraining-adac-rothschenk-parcour-bgm-1-1024x675.jpg","articleSection":["Rothschenk Novinky"],"inLanguage":"sk-SK","potentialAction":[{"@type":"CommentAction","name":"Comment","target":["https:\/\/rothschenk.de\/sk\/dobra-rada-pre-vas-bicykel\/#respond"]}]},{"@type":"WebPage","@id":"https:\/\/rothschenk.de\/sk\/dobra-rada-pre-vas-bicykel\/","url":"https:\/\/rothschenk.de\/sk\/dobra-rada-pre-vas-bicykel\/","name":"ADAC - Dobr\u00e9 rady pre v\u00e1\u0161 bicykel - Rothschenk","isPartOf":{"@id":"https:\/\/rothschenk.de\/sk\/#website"},"primaryImageOfPage":{"@id":"https:\/\/rothschenk.de\/sk\/dobra-rada-pre-vas-bicykel\/#primaryimage"},"image":{"@id":"https:\/\/rothschenk.de\/sk\/dobra-rada-pre-vas-bicykel\/#primaryimage"},"thumbnailUrl":"https:\/\/rothschenk.de\/wp-content\/uploads\/2022\/05\/fahrrad-sicherheitstraining-adac-rothschenk-parcour-bgm-1-1024x675.jpg","datePublished":"2022-05-30T08:47:13+00:00","dateModified":"2025-06-30T14:54:15+00:00","author":{"@id":"https:\/\/rothschenk.de\/sk\/#\/schema\/person\/e29bf5cc9df61e6c87f80cdf8ba1be93"},"description":"\u0160kolenia o bezpe\u010dnosti vodi\u010dov | ADAC | \u0160kolenia v priestoroch spolo\u010dnosti Rothschenk | Bezpe\u010dn\u00e1 cesta do pr\u00e1ce | Zabezpe\u010denie n\u00e1kladu Rothschenk | Blog","breadcrumb":{"@id":"https:\/\/rothschenk.de\/sk\/dobra-rada-pre-vas-bicykel\/#breadcrumb"},"inLanguage":"sk-SK","potentialAction":[{"@type":"ReadAction","target":["https:\/\/rothschenk.de\/sk\/dobra-rada-pre-vas-bicykel\/"]}]},{"@type":"ImageObject","inLanguage":"sk-SK","@id":"https:\/\/rothschenk.de\/sk\/dobra-rada-pre-vas-bicykel\/#primaryimage","url":"https:\/\/rothschenk.de\/wp-content\/uploads\/2022\/05\/fahrrad-sicherheitstraining-adac-rothschenk-parcour-bgm-1-1024x675.jpg","contentUrl":"https:\/\/rothschenk.de\/wp-content\/uploads\/2022\/05\/fahrrad-sicherheitstraining-adac-rothschenk-parcour-bgm-1-1024x675.jpg"},{"@type":"BreadcrumbList","@id":"https:\/\/rothschenk.de\/sk\/dobra-rada-pre-vas-bicykel\/#breadcrumb","itemListElement":[{"@type":"ListItem","position":1,"name":"Domovsk\u00e1 str\u00e1nka","item":"https:\/\/rothschenk.de\/sk\/domovska-stranka\/"},{"@type":"ListItem","position":2,"name":"Dobr\u00e1 rada pre v\u00e1\u0161 bicykel"}]},{"@type":"WebSite","@id":"https:\/\/rothschenk.de\/sk\/#website","url":"https:\/\/rothschenk.de\/sk\/","name":"Rothschenk - Der Online Shop f\u00fcr Ladungssicherung","description":"Der Online Shop f\u00fcr Ladungssicherung","potentialAction":[{"@type":"SearchAction","target":{"@type":"EntryPoint","urlTemplate":"https:\/\/rothschenk.de\/sk\/?s={search_term_string}"},"query-input":{"@type":"PropertyValueSpecification","valueRequired":true,"valueName":"search_term_string"}}],"inLanguage":"sk-SK"},{"@type":"Person","@id":"https:\/\/rothschenk.de\/sk\/#\/schema\/person\/e29bf5cc9df61e6c87f80cdf8ba1be93","name":"Rothschenk","image":{"@type":"ImageObject","inLanguage":"sk-SK","@id":"https:\/\/rothschenk.de\/wp-content\/uploads\/2024\/03\/cropped-cropped-Rothschenk-logo-ladungssicherung-1-96x96.png","url":"https:\/\/rothschenk.de\/wp-content\/uploads\/2024\/03\/cropped-cropped-Rothschenk-logo-ladungssicherung-1-96x96.png","contentUrl":"https:\/\/rothschenk.de\/wp-content\/uploads\/2024\/03\/cropped-cropped-Rothschenk-logo-ladungssicherung-1-96x96.png","caption":"Rothschenk"},"description":"\u2714 Profi in der Beratung \u2714 Profi an der Laderampe \u2714 Profi bei der Abwicklung Ihrer W\u00fcnsche \u2714 Ladungssicherung Made in Germany","url":"https:\/\/rothschenk.de\/sk\/author\/rothschenk\/"}]}},"_links":{"self":[{"href":"https:\/\/rothschenk.de\/sk\/wp-json\/wp\/v2\/posts\/679732","targetHints":{"allow":["GET"]}}],"collection":[{"href":"https:\/\/rothschenk.de\/sk\/wp-json\/wp\/v2\/posts"}],"about":[{"href":"https:\/\/rothschenk.de\/sk\/wp-json\/wp\/v2\/types\/post"}],"author":[{"embeddable":true,"href":"https:\/\/rothschenk.de\/sk\/wp-json\/wp\/v2\/users\/1539"}],"replies":[{"embeddable":true,"href":"https:\/\/rothschenk.de\/sk\/wp-json\/wp\/v2\/comments?post=679732"}],"version-history":[{"count":1,"href":"https:\/\/rothschenk.de\/sk\/wp-json\/wp\/v2\/posts\/679732\/revisions"}],"predecessor-version":[{"id":679734,"href":"https:\/\/rothschenk.de\/sk\/wp-json\/wp\/v2\/posts\/679732\/revisions\/679734"}],"wp:attachment":[{"href":"https:\/\/rothschenk.de\/sk\/wp-json\/wp\/v2\/media?parent=679732"}],"wp:term":[{"taxonomy":"category","embeddable":true,"href":"https:\/\/rothschenk.de\/sk\/wp-json\/wp\/v2\/categories?post=679732"},{"taxonomy":"post_tag","embeddable":true,"href":"https:\/\/rothschenk.de\/sk\/wp-json\/wp\/v2\/tags?post=679732"}],"curies":[{"name":"wp","href":"https:\/\/api.w.org\/{rel}","templated":true}]}}