{"id":679772,"date":"2022-09-15T10:23:24","date_gmt":"2022-09-15T08:23:24","guid":{"rendered":"https:\/\/rothschenk.de\/dobre-pre-klimu-podporeny-projekt-v-afrike\/"},"modified":"2025-06-30T16:54:54","modified_gmt":"2025-06-30T14:54:54","slug":"dobre-pre-klimu-podporeny-projekt-v-afrike","status":"publish","type":"post","link":"https:\/\/rothschenk.de\/sk\/dobre-pre-klimu-podporeny-projekt-v-afrike\/","title":{"rendered":"Dobr\u00e9 pre kl\u00edmu &#8211; podporen\u00fd projekt v Afrike"},"content":{"rendered":"\n<div class=\"wp-block-columns is-layout-flex wp-container-core-columns-is-layout-28f84493 wp-block-columns-is-layout-flex\">\n<div class=\"wp-block-column is-layout-flow wp-block-column-is-layout-flow\" style=\"flex-basis:50%\">\n<p>Od roku 2018 intenz\u00edvne pracujeme na vplyve na\u0161ich \u010dinnost\u00ed na \u017eivotn\u00e9 prostredie a kl\u00edmu &#8211; z\u00e1kladom je syst\u00e9m environment\u00e1lneho riadenia EMAS. V roku 2022 sme si stanovili cie\u013e \u00eds\u0165 e\u0161te o krok \u010falej. Preto sme vypo\u010d\u00edtali na\u0161u uhl\u00edkov\u00fa stopu v s\u00falade s medzin\u00e1rodne uzn\u00e1vanou normou <em>Greenhouse Gas Protocol<\/em><em>(Protokol o sklen\u00edkov\u00fdch ply <\/em> <em>noch<\/em> ).    <\/p>\n\n\n\n<p>To tvor\u00ed z\u00e1klad pre odvodenie konkr\u00e9tnych opatren\u00ed na zn\u00ed\u017eenie na\u0161ich emisi\u00ed CO2 a kompenz\u00e1ciu u\u017e vypusten\u00fdch emisi\u00ed CO2 s cie\u013eom dosiahnu\u0165 klimatick\u00fa neutralitu. Na dosiahnutie tohto cie\u013ea sme vykonali nasleduj\u00face kroky: <\/p>\n<\/div>\n\n\n\n<div class=\"wp-block-column is-layout-flow wp-block-column-is-layout-flow\" style=\"flex-basis:50%\">\n<figure data-wp-context=\"{&quot;imageId&quot;:&quot;69ef55e5786f9&quot;}\" data-wp-interactive=\"core\/image\" data-wp-key=\"69ef55e5786f9\" class=\"wp-block-image aligncenter size-full is-resized wp-lightbox-container\"><img fetchpriority=\"high\" decoding=\"async\" width=\"1058\" height=\"1497\" data-wp-class--hide=\"state.isContentHidden\" data-wp-class--show=\"state.isContentVisible\" data-wp-init=\"callbacks.setButtonStyles\" data-wp-on--click=\"actions.showLightbox\" data-wp-on--load=\"callbacks.setButtonStyles\" data-wp-on-window--resize=\"callbacks.setButtonStyles\" src=\"https:\/\/rothschenk.de\/wp-content\/uploads\/2022\/09\/Urkunde-Klimaneutrales-Unternehmen-GH-GmbH-Rothschenk-002-pdf.jpg\" alt=\"\" class=\"wp-image-166607\" style=\"aspect-ratio:0.6666666666666666;object-fit:contain;width:327px;height:auto\" srcset=\"https:\/\/rothschenk.de\/wp-content\/uploads\/2022\/09\/Urkunde-Klimaneutrales-Unternehmen-GH-GmbH-Rothschenk-002-pdf.jpg 1058w, https:\/\/rothschenk.de\/wp-content\/uploads\/2022\/09\/Urkunde-Klimaneutrales-Unternehmen-GH-GmbH-Rothschenk-002-pdf-212x300.jpg 212w, https:\/\/rothschenk.de\/wp-content\/uploads\/2022\/09\/Urkunde-Klimaneutrales-Unternehmen-GH-GmbH-Rothschenk-002-pdf-724x1024.jpg 724w, https:\/\/rothschenk.de\/wp-content\/uploads\/2022\/09\/Urkunde-Klimaneutrales-Unternehmen-GH-GmbH-Rothschenk-002-pdf-768x1087.jpg 768w, https:\/\/rothschenk.de\/wp-content\/uploads\/2022\/09\/Urkunde-Klimaneutrales-Unternehmen-GH-GmbH-Rothschenk-002-pdf-600x849.jpg 600w\" sizes=\"(max-width: 1058px) 100vw, 1058px\" \/><button\n\t\t\tclass=\"lightbox-trigger\"\n\t\t\ttype=\"button\"\n\t\t\taria-haspopup=\"dialog\"\n\t\t\taria-label=\"Zv\u00e4\u010d\u0161i\u0165\"\n\t\t\tdata-wp-init=\"callbacks.initTriggerButton\"\n\t\t\tdata-wp-on--click=\"actions.showLightbox\"\n\t\t\tdata-wp-style--right=\"state.imageButtonRight\"\n\t\t\tdata-wp-style--top=\"state.imageButtonTop\"\n\t\t>\n\t\t\t<svg xmlns=\"http:\/\/www.w3.org\/2000\/svg\" width=\"12\" height=\"12\" fill=\"none\" viewBox=\"0 0 12 12\">\n\t\t\t\t<path fill=\"#fff\" d=\"M2 0a2 2 0 0 0-2 2v2h1.5V2a.5.5 0 0 1 .5-.5h2V0H2Zm2 10.5H2a.5.5 0 0 1-.5-.5V8H0v2a2 2 0 0 0 2 2h2v-1.5ZM8 12v-1.5h2a.5.5 0 0 0 .5-.5V8H12v2a2 2 0 0 1-2 2H8Zm2-12a2 2 0 0 1 2 2v2h-1.5V2a.5.5 0 0 0-.5-.5H8V0h2Z\" \/>\n\t\t\t<\/svg>\n\t\t<\/button><\/figure>\n<\/div>\n<\/div>\n\n<h2 class=\"wp-block-heading\">Krok 1: Ur\u010denie stopy CO2<\/h2>\n\n<p>Takzvan\u00e1 CO2 stopa ukazuje, ko\u013eko emisi\u00ed (CO2, met\u00e1nu, oxidu dusn\u00e9ho at\u010f.) spolo\u010dnos\u0165 sp\u00f4sobuje a v ktor\u00fdch oblastiach sa vyskytuj\u00fa. Vy\u017eaduje si to komplexn\u00fd zber \u00fadajov (01-12\/2021): <\/p>\n\n<ul class=\"wp-block-list\">\n<li>Spotreba tepla a energie<\/li>\n\n\n\n<li>Spotreba vody<\/li>\n\n\n\n<li>Spotreba chladiva<\/li>\n\n\n\n<li>Likvid\u00e1cia odpadu<\/li>\n\n\n\n<li>Spotreba paliva v d\u00f4sledku mobility zamestnancov, firemn\u00e9ho vozov\u00e9ho parku a slu\u017eobn\u00fdch ciest (lety, \u017eeleznica, auto)<\/li>\n\n\n\n<li>obstar\u00e1vanie kancel\u00e1rskych potrieb (papier, tla\u010doviny, elektronick\u00e9 zariadenia)<\/li>\n<\/ul>\n\n<p>Pri v\u00fdpo\u010dte emisi\u00ed CO2 sa zoh\u013ead\u0148uj\u00fa nielen priamo sp\u00f4soben\u00e9 emisie (rozsah 1), ale aj emisie v predch\u00e1dzaj\u00facom a n\u00e1slednom hodnotovom re\u0165azci (rozsah 2 a 3).<\/p>\n\n<p>Celkovo spolo\u010dnos\u0165 G&amp;H Rothschenk vyprodukovala v roku 2021 na \u00farovni spolo\u010dnosti 297 ton CO2eq. To zodpoved\u00e1 pribli\u017ene 922 366 km prejden\u00fdm autom alebo 2 281 letom v ekonomickej triede z Mn\u00edchova do Berl\u00edna. <\/p>\n\n<div style=\"height:35px\" aria-hidden=\"true\" class=\"wp-block-spacer\"><\/div>\n\n<h2 class=\"wp-block-heading\">Krok 2: Zamedzenie a zn\u00ed\u017eenie emisi\u00ed CO2<\/h2>\n\n<p>V posledn\u00fdch rokoch sme u\u017e zaviedli opatrenia na zn\u00ed\u017eenie na\u0161ej emisnej stopy CO2:<\/p>\n\n<ul class=\"wp-block-list\">\n<li>N\u00e1kup 100 % ekologickej elektrickej energie z vodn\u00fdch elektr\u00e1rn\u00ed<\/li>\n\n\n\n<li>N\u00e1kup 100 % dia\u013ekov\u00e9ho vykurovania z obnovite\u013en\u00fdch surov\u00edn<\/li>\n\n\n\n<li>Prechod vozov\u00e9ho parku na 100 % elektrick\u00e9 vysokozdvi\u017en\u00e9 voz\u00edky<\/li>\n\n\n\n<li>Ponuka l\u00edzingu elektrick\u00fdch a hybridn\u00fdch vozidiel a pracovn\u00fdch bicyklov pre na\u0161ich zamestnancov<\/li>\n\n\n\n<li>Pou\u017e\u00edvanie 100 % recyklovan\u00e9ho papiera<\/li>\n<\/ul>\n\n<p>Medzi \u010fal\u0161ie opatrenia, ktor\u00e9 v na\u0161ej spolo\u010dnosti zrealizujeme do roku 2026, patria<\/p>\n\n<ul class=\"wp-block-list\">\n<li>V\u00fdstavba logistickej haly pod\u013ea normy energetickej \u00fa\u010dinnosti 40 (KfW)<\/li>\n\n\n\n<li>Premena osvetlenia vo v\u0161etk\u00fdch v\u00fdrobn\u00fdch hal\u00e1ch a skladoch na 100 % LED<\/li>\n\n\n\n<li>Roz\u0161\u00edrenie nab\u00edjacej infra\u0161trukt\u00fary pre elektromobily a pedelecs v are\u00e1li spolo\u010dnosti<\/li>\n\n\n\n<li>In\u0161tal\u00e1cia fotovoltaick\u00e9ho syst\u00e9mu vo vlastn\u00edctve spolo\u010dnosti<\/li>\n<\/ul>\n\n<div style=\"height:35px\" aria-hidden=\"true\" class=\"wp-block-spacer\"><\/div>\n\n<h2 class=\"wp-block-heading\">Krok 3: Kompenz\u00e1cia emisi\u00ed CO2 sp\u00f4soben\u00fdch projektom na ochranu kl\u00edmy<\/h2>\n\n<p>Nie je mo\u017en\u00e9 fungova\u0165 \u00faplne klimaticky neutr\u00e1lne. Aby sme kompenzovali emisie CO2, ktor\u00fdm sme sa zatia\u013e nedok\u00e1zali vyhn\u00fa\u0165 alebo ich dostato\u010dne zn\u00ed\u017ei\u0165, zak\u00fapili sme certifik\u00e1ty na ochranu kl\u00edmy, ktor\u00e9 podporuj\u00fa projekty na ochranu kl\u00edmy v s\u00falade s medzin\u00e1rodne uzn\u00e1van\u00fdmi normami. Rozhodli sme sa pre projekt v Mozambiku na v\u00fdrobu \u010distej pitnej vody. Ten je certifikovan\u00fd pod\u013ea zlat\u00e9ho \u0161tandardu (GS VER), ktor\u00fd je v s\u00fa\u010dasnosti najpr\u00edsnej\u0161\u00edm \u0161tandardom. Viac inform\u00e1ci\u00ed o projekte n\u00e1jdete tu: <a href=\"https:\/\/fpm.climatepartner.com\/tracking\/20055-2209-1001\/de?utm_source=(direct)&amp;utm_medium=climatepartner.com\">www.climatepartner.com\/ tracking\/project\/20055-2209-1001<\/a>     <\/p>\n\n<div style=\"height:35px\" aria-hidden=\"true\" class=\"wp-block-spacer\"><\/div>\n\n<figure class=\"wp-block-gallery has-nested-images columns-default is-cropped wp-block-gallery-1 is-layout-flex wp-block-gallery-is-layout-flex\">\n<figure data-wp-context=\"{&quot;imageId&quot;:&quot;69ef55e578f79&quot;}\" data-wp-interactive=\"core\/image\" data-wp-key=\"69ef55e578f79\" class=\"wp-block-image size-large wp-lightbox-container\"><img decoding=\"async\" width=\"1024\" height=\"685\" data-wp-class--hide=\"state.isContentHidden\" data-wp-class--show=\"state.isContentVisible\" data-wp-init=\"callbacks.setButtonStyles\" data-wp-on--click=\"actions.showLightbox\" data-wp-on--load=\"callbacks.setButtonStyles\" data-wp-on-window--resize=\"callbacks.setButtonStyles\" data-id=\"166601\" src=\"https:\/\/rothschenk.de\/wp-content\/uploads\/2022\/09\/co2-abdruck-firma-rohtschenk-klimaneutral-climate-partner-sauberes-trinkwasser-mosambik-berechnung-2.jpg\" alt=\"\" class=\"wp-image-166601\" srcset=\"https:\/\/rothschenk.de\/wp-content\/uploads\/2022\/09\/co2-abdruck-firma-rohtschenk-klimaneutral-climate-partner-sauberes-trinkwasser-mosambik-berechnung-2.jpg 1024w, https:\/\/rothschenk.de\/wp-content\/uploads\/2022\/09\/co2-abdruck-firma-rohtschenk-klimaneutral-climate-partner-sauberes-trinkwasser-mosambik-berechnung-2-300x201.jpg 300w, https:\/\/rothschenk.de\/wp-content\/uploads\/2022\/09\/co2-abdruck-firma-rohtschenk-klimaneutral-climate-partner-sauberes-trinkwasser-mosambik-berechnung-2-768x514.jpg 768w, https:\/\/rothschenk.de\/wp-content\/uploads\/2022\/09\/co2-abdruck-firma-rohtschenk-klimaneutral-climate-partner-sauberes-trinkwasser-mosambik-berechnung-2-600x401.jpg 600w\" sizes=\"(max-width: 1024px) 100vw, 1024px\" \/><button\n\t\t\tclass=\"lightbox-trigger\"\n\t\t\ttype=\"button\"\n\t\t\taria-haspopup=\"dialog\"\n\t\t\taria-label=\"Zv\u00e4\u010d\u0161i\u0165\"\n\t\t\tdata-wp-init=\"callbacks.initTriggerButton\"\n\t\t\tdata-wp-on--click=\"actions.showLightbox\"\n\t\t\tdata-wp-style--right=\"state.imageButtonRight\"\n\t\t\tdata-wp-style--top=\"state.imageButtonTop\"\n\t\t>\n\t\t\t<svg xmlns=\"http:\/\/www.w3.org\/2000\/svg\" width=\"12\" height=\"12\" fill=\"none\" viewBox=\"0 0 12 12\">\n\t\t\t\t<path fill=\"#fff\" d=\"M2 0a2 2 0 0 0-2 2v2h1.5V2a.5.5 0 0 1 .5-.5h2V0H2Zm2 10.5H2a.5.5 0 0 1-.5-.5V8H0v2a2 2 0 0 0 2 2h2v-1.5ZM8 12v-1.5h2a.5.5 0 0 0 .5-.5V8H12v2a2 2 0 0 1-2 2H8Zm2-12a2 2 0 0 1 2 2v2h-1.5V2a.5.5 0 0 0-.5-.5H8V0h2Z\" \/>\n\t\t\t<\/svg>\n\t\t<\/button><\/figure>\n\n\n\n<figure data-wp-context=\"{&quot;imageId&quot;:&quot;69ef55e5791ba&quot;}\" data-wp-interactive=\"core\/image\" data-wp-key=\"69ef55e5791ba\" class=\"wp-block-image size-large wp-lightbox-container\"><img decoding=\"async\" width=\"1024\" height=\"728\" data-wp-class--hide=\"state.isContentHidden\" data-wp-class--show=\"state.isContentVisible\" data-wp-init=\"callbacks.setButtonStyles\" data-wp-on--click=\"actions.showLightbox\" data-wp-on--load=\"callbacks.setButtonStyles\" data-wp-on-window--resize=\"callbacks.setButtonStyles\" data-id=\"166610\" src=\"https:\/\/rothschenk.de\/wp-content\/uploads\/2022\/09\/co2-abdruck-firma-rohtschenk-klimaneutral-climate-partner-sauberes-trinkwasser-mosambik-berechnung.jpg\" alt=\"\" class=\"wp-image-166610\" srcset=\"https:\/\/rothschenk.de\/wp-content\/uploads\/2022\/09\/co2-abdruck-firma-rohtschenk-klimaneutral-climate-partner-sauberes-trinkwasser-mosambik-berechnung.jpg 1024w, https:\/\/rothschenk.de\/wp-content\/uploads\/2022\/09\/co2-abdruck-firma-rohtschenk-klimaneutral-climate-partner-sauberes-trinkwasser-mosambik-berechnung-300x213.jpg 300w, https:\/\/rothschenk.de\/wp-content\/uploads\/2022\/09\/co2-abdruck-firma-rohtschenk-klimaneutral-climate-partner-sauberes-trinkwasser-mosambik-berechnung-768x546.jpg 768w, https:\/\/rothschenk.de\/wp-content\/uploads\/2022\/09\/co2-abdruck-firma-rohtschenk-klimaneutral-climate-partner-sauberes-trinkwasser-mosambik-berechnung-600x427.jpg 600w\" sizes=\"(max-width: 1024px) 100vw, 1024px\" \/><button\n\t\t\tclass=\"lightbox-trigger\"\n\t\t\ttype=\"button\"\n\t\t\taria-haspopup=\"dialog\"\n\t\t\taria-label=\"Zv\u00e4\u010d\u0161i\u0165\"\n\t\t\tdata-wp-init=\"callbacks.initTriggerButton\"\n\t\t\tdata-wp-on--click=\"actions.showLightbox\"\n\t\t\tdata-wp-style--right=\"state.imageButtonRight\"\n\t\t\tdata-wp-style--top=\"state.imageButtonTop\"\n\t\t>\n\t\t\t<svg xmlns=\"http:\/\/www.w3.org\/2000\/svg\" width=\"12\" height=\"12\" fill=\"none\" viewBox=\"0 0 12 12\">\n\t\t\t\t<path fill=\"#fff\" d=\"M2 0a2 2 0 0 0-2 2v2h1.5V2a.5.5 0 0 1 .5-.5h2V0H2Zm2 10.5H2a.5.5 0 0 1-.5-.5V8H0v2a2 2 0 0 0 2 2h2v-1.5ZM8 12v-1.5h2a.5.5 0 0 0 .5-.5V8H12v2a2 2 0 0 1-2 2H8Zm2-12a2 2 0 0 1 2 2v2h-1.5V2a.5.5 0 0 0-.5-.5H8V0h2Z\" \/>\n\t\t\t<\/svg>\n\t\t<\/button><\/figure>\n<\/figure>\n","protected":false},"excerpt":{"rendered":"<p>Od roku 2018 intenz\u00edvne pracujeme na vplyve na\u0161ich \u010dinnost\u00ed na \u017eivotn\u00e9 prostredie a kl\u00edmu &#8211; z\u00e1kladom je syst\u00e9m environment\u00e1lneho riadenia EMAS. V roku 2022 sme si stanovili cie\u013e \u00eds\u0165 e\u0161te o krok \u010falej. Preto sme vypo\u010d\u00edtali na\u0161u uhl\u00edkov\u00fa stopu v s\u00falade s medzin\u00e1rodne uzn\u00e1vanou normou Greenhouse Gas Protocol(Protokol o sklen\u00edkov\u00fdch ply noch ). To tvor\u00ed [&hellip;]<\/p>\n","protected":false},"author":1539,"featured_media":0,"comment_status":"open","ping_status":"closed","sticky":false,"template":"","format":"standard","meta":{"_acf_changed":false,"footnotes":""},"categories":[870],"tags":[],"class_list":["post-679772","post","type-post","status-publish","format-standard","hentry","category-rothschenk-novinky-sk"],"acf":[],"yoast_head":"<!-- This site is optimized with the Yoast SEO plugin v27.4 - https:\/\/yoast.com\/product\/yoast-seo-wordpress\/ -->\n<title>Klimaticky neutr\u00e1lne - Vyroben\u00e9 v Nemecku - Zabezpe\u010denie n\u00e1kladu - Rothschenk<\/title>\n<meta name=\"description\" content=\"Najudr\u017eate\u013enej\u0161\u00ed v\u00fdrobca na zabezpe\u010denie n\u00e1kladu \u2714 Certifikovan\u00fd \u2714 Klimaticky neutr\u00e1lny \u2714 Projekt v Afrike na \u00fapravu pitnej vody \u2714 24-hodinov\u00fd obchod \u2714\" \/>\n<meta name=\"robots\" content=\"index, follow, max-snippet:-1, max-image-preview:large, max-video-preview:-1\" \/>\n<link rel=\"canonical\" href=\"https:\/\/rothschenk.de\/sk\/dobre-pre-klimu-podporeny-projekt-v-afrike\/\" \/>\n<meta property=\"og:locale\" content=\"sk_SK\" \/>\n<meta property=\"og:type\" content=\"article\" \/>\n<meta property=\"og:title\" content=\"Klimaticky neutr\u00e1lne - Vyroben\u00e9 v Nemecku - Zabezpe\u010denie n\u00e1kladu - Rothschenk\" \/>\n<meta property=\"og:description\" content=\"Najudr\u017eate\u013enej\u0161\u00ed v\u00fdrobca na zabezpe\u010denie n\u00e1kladu \u2714 Certifikovan\u00fd \u2714 Klimaticky neutr\u00e1lny \u2714 Projekt v Afrike na \u00fapravu pitnej vody \u2714 24-hodinov\u00fd obchod \u2714\" \/>\n<meta property=\"og:url\" content=\"https:\/\/rothschenk.de\/sk\/dobre-pre-klimu-podporeny-projekt-v-afrike\/\" \/>\n<meta property=\"og:site_name\" content=\"Rothschenk\" \/>\n<meta property=\"article:publisher\" content=\"https:\/\/de-de.facebook.com\/FirmaRothschenk\/\" \/>\n<meta property=\"article:published_time\" content=\"2022-09-15T08:23:24+00:00\" \/>\n<meta property=\"article:modified_time\" content=\"2025-06-30T14:54:54+00:00\" \/>\n<meta property=\"og:image\" content=\"https:\/\/rothschenk.de\/wp-content\/uploads\/2022\/09\/Urkunde-Klimaneutrales-Unternehmen-GH-GmbH-Rothschenk-002-pdf.jpg\" \/>\n\t<meta property=\"og:image:width\" content=\"1058\" \/>\n\t<meta property=\"og:image:height\" content=\"1497\" \/>\n\t<meta property=\"og:image:type\" content=\"image\/jpeg\" \/>\n<meta name=\"author\" content=\"Rothschenk\" \/>\n<meta name=\"twitter:card\" content=\"summary_large_image\" \/>\n<meta name=\"twitter:label1\" content=\"Autor\" \/>\n\t<meta name=\"twitter:data1\" content=\"Rothschenk\" \/>\n\t<meta name=\"twitter:label2\" content=\"Predpokladan\u00fd \u010das \u010d\u00edtania\" \/>\n\t<meta name=\"twitter:data2\" content=\"3 min\u00faty\" \/>\n<script type=\"application\/ld+json\" class=\"yoast-schema-graph\">{\"@context\":\"https:\\\/\\\/schema.org\",\"@graph\":[{\"@type\":\"Article\",\"@id\":\"https:\\\/\\\/rothschenk.de\\\/sk\\\/dobre-pre-klimu-podporeny-projekt-v-afrike\\\/#article\",\"isPartOf\":{\"@id\":\"https:\\\/\\\/rothschenk.de\\\/sk\\\/dobre-pre-klimu-podporeny-projekt-v-afrike\\\/\"},\"author\":{\"name\":\"Rothschenk\",\"@id\":\"https:\\\/\\\/rothschenk.de\\\/sk\\\/#\\\/schema\\\/person\\\/e29bf5cc9df61e6c87f80cdf8ba1be93\"},\"headline\":\"Dobr\u00e9 pre kl\u00edmu &#8211; podporen\u00fd projekt v Afrike\",\"datePublished\":\"2022-09-15T08:23:24+00:00\",\"dateModified\":\"2025-06-30T14:54:54+00:00\",\"mainEntityOfPage\":{\"@id\":\"https:\\\/\\\/rothschenk.de\\\/sk\\\/dobre-pre-klimu-podporeny-projekt-v-afrike\\\/\"},\"wordCount\":519,\"commentCount\":0,\"image\":{\"@id\":\"https:\\\/\\\/rothschenk.de\\\/sk\\\/dobre-pre-klimu-podporeny-projekt-v-afrike\\\/#primaryimage\"},\"thumbnailUrl\":\"https:\\\/\\\/rothschenk.de\\\/wp-content\\\/uploads\\\/2022\\\/09\\\/Urkunde-Klimaneutrales-Unternehmen-GH-GmbH-Rothschenk-002-pdf.jpg\",\"articleSection\":[\"Rothschenk Novinky\"],\"inLanguage\":\"sk-SK\",\"potentialAction\":[{\"@type\":\"CommentAction\",\"name\":\"Comment\",\"target\":[\"https:\\\/\\\/rothschenk.de\\\/sk\\\/dobre-pre-klimu-podporeny-projekt-v-afrike\\\/#respond\"]}]},{\"@type\":\"WebPage\",\"@id\":\"https:\\\/\\\/rothschenk.de\\\/sk\\\/dobre-pre-klimu-podporeny-projekt-v-afrike\\\/\",\"url\":\"https:\\\/\\\/rothschenk.de\\\/sk\\\/dobre-pre-klimu-podporeny-projekt-v-afrike\\\/\",\"name\":\"Klimaticky neutr\u00e1lne - Vyroben\u00e9 v Nemecku - Zabezpe\u010denie n\u00e1kladu - Rothschenk\",\"isPartOf\":{\"@id\":\"https:\\\/\\\/rothschenk.de\\\/sk\\\/#website\"},\"primaryImageOfPage\":{\"@id\":\"https:\\\/\\\/rothschenk.de\\\/sk\\\/dobre-pre-klimu-podporeny-projekt-v-afrike\\\/#primaryimage\"},\"image\":{\"@id\":\"https:\\\/\\\/rothschenk.de\\\/sk\\\/dobre-pre-klimu-podporeny-projekt-v-afrike\\\/#primaryimage\"},\"thumbnailUrl\":\"https:\\\/\\\/rothschenk.de\\\/wp-content\\\/uploads\\\/2022\\\/09\\\/Urkunde-Klimaneutrales-Unternehmen-GH-GmbH-Rothschenk-002-pdf.jpg\",\"datePublished\":\"2022-09-15T08:23:24+00:00\",\"dateModified\":\"2025-06-30T14:54:54+00:00\",\"author\":{\"@id\":\"https:\\\/\\\/rothschenk.de\\\/sk\\\/#\\\/schema\\\/person\\\/e29bf5cc9df61e6c87f80cdf8ba1be93\"},\"description\":\"Najudr\u017eate\u013enej\u0161\u00ed v\u00fdrobca na zabezpe\u010denie n\u00e1kladu \u2714 Certifikovan\u00fd \u2714 Klimaticky neutr\u00e1lny \u2714 Projekt v Afrike na \u00fapravu pitnej vody \u2714 24-hodinov\u00fd obchod \u2714\",\"breadcrumb\":{\"@id\":\"https:\\\/\\\/rothschenk.de\\\/sk\\\/dobre-pre-klimu-podporeny-projekt-v-afrike\\\/#breadcrumb\"},\"inLanguage\":\"sk-SK\",\"potentialAction\":[{\"@type\":\"ReadAction\",\"target\":[\"https:\\\/\\\/rothschenk.de\\\/sk\\\/dobre-pre-klimu-podporeny-projekt-v-afrike\\\/\"]}]},{\"@type\":\"ImageObject\",\"inLanguage\":\"sk-SK\",\"@id\":\"https:\\\/\\\/rothschenk.de\\\/sk\\\/dobre-pre-klimu-podporeny-projekt-v-afrike\\\/#primaryimage\",\"url\":\"https:\\\/\\\/rothschenk.de\\\/wp-content\\\/uploads\\\/2022\\\/09\\\/Urkunde-Klimaneutrales-Unternehmen-GH-GmbH-Rothschenk-002-pdf.jpg\",\"contentUrl\":\"https:\\\/\\\/rothschenk.de\\\/wp-content\\\/uploads\\\/2022\\\/09\\\/Urkunde-Klimaneutrales-Unternehmen-GH-GmbH-Rothschenk-002-pdf.jpg\"},{\"@type\":\"BreadcrumbList\",\"@id\":\"https:\\\/\\\/rothschenk.de\\\/sk\\\/dobre-pre-klimu-podporeny-projekt-v-afrike\\\/#breadcrumb\",\"itemListElement\":[{\"@type\":\"ListItem\",\"position\":1,\"name\":\"Domovsk\u00e1 str\u00e1nka\",\"item\":\"https:\\\/\\\/rothschenk.de\\\/sk\\\/domovska-stranka\\\/\"},{\"@type\":\"ListItem\",\"position\":2,\"name\":\"Dobr\u00e9 pre kl\u00edmu - podporen\u00fd projekt v Afrike\"}]},{\"@type\":\"WebSite\",\"@id\":\"https:\\\/\\\/rothschenk.de\\\/sk\\\/#website\",\"url\":\"https:\\\/\\\/rothschenk.de\\\/sk\\\/\",\"name\":\"Rothschenk - Der Online Shop f\u00fcr Ladungssicherung\",\"description\":\"Der Online Shop f\u00fcr Ladungssicherung\",\"potentialAction\":[{\"@type\":\"SearchAction\",\"target\":{\"@type\":\"EntryPoint\",\"urlTemplate\":\"https:\\\/\\\/rothschenk.de\\\/sk\\\/?s={search_term_string}\"},\"query-input\":{\"@type\":\"PropertyValueSpecification\",\"valueRequired\":true,\"valueName\":\"search_term_string\"}}],\"inLanguage\":\"sk-SK\"},{\"@type\":\"Person\",\"@id\":\"https:\\\/\\\/rothschenk.de\\\/sk\\\/#\\\/schema\\\/person\\\/e29bf5cc9df61e6c87f80cdf8ba1be93\",\"name\":\"Rothschenk\",\"image\":{\"@type\":\"ImageObject\",\"inLanguage\":\"sk-SK\",\"@id\":\"https:\\\/\\\/rothschenk.de\\\/wp-content\\\/uploads\\\/2024\\\/03\\\/cropped-cropped-Rothschenk-logo-ladungssicherung-1-96x96.png\",\"url\":\"https:\\\/\\\/rothschenk.de\\\/wp-content\\\/uploads\\\/2024\\\/03\\\/cropped-cropped-Rothschenk-logo-ladungssicherung-1-96x96.png\",\"contentUrl\":\"https:\\\/\\\/rothschenk.de\\\/wp-content\\\/uploads\\\/2024\\\/03\\\/cropped-cropped-Rothschenk-logo-ladungssicherung-1-96x96.png\",\"caption\":\"Rothschenk\"},\"description\":\"\u2714 Profi in der Beratung \u2714 Profi an der Laderampe \u2714 Profi bei der Abwicklung Ihrer W\u00fcnsche \u2714 Ladungssicherung Made in Germany\",\"url\":\"https:\\\/\\\/rothschenk.de\\\/sk\\\/author\\\/rothschenk\\\/\"}]}<\/script>\n<!-- \/ Yoast SEO plugin. -->","yoast_head_json":{"title":"Klimaticky neutr\u00e1lne - Vyroben\u00e9 v Nemecku - Zabezpe\u010denie n\u00e1kladu - Rothschenk","description":"Najudr\u017eate\u013enej\u0161\u00ed v\u00fdrobca na zabezpe\u010denie n\u00e1kladu \u2714 Certifikovan\u00fd \u2714 Klimaticky neutr\u00e1lny \u2714 Projekt v Afrike na \u00fapravu pitnej vody \u2714 24-hodinov\u00fd obchod \u2714","robots":{"index":"index","follow":"follow","max-snippet":"max-snippet:-1","max-image-preview":"max-image-preview:large","max-video-preview":"max-video-preview:-1"},"canonical":"https:\/\/rothschenk.de\/sk\/dobre-pre-klimu-podporeny-projekt-v-afrike\/","og_locale":"sk_SK","og_type":"article","og_title":"Klimaticky neutr\u00e1lne - Vyroben\u00e9 v Nemecku - Zabezpe\u010denie n\u00e1kladu - Rothschenk","og_description":"Najudr\u017eate\u013enej\u0161\u00ed v\u00fdrobca na zabezpe\u010denie n\u00e1kladu \u2714 Certifikovan\u00fd \u2714 Klimaticky neutr\u00e1lny \u2714 Projekt v Afrike na \u00fapravu pitnej vody \u2714 24-hodinov\u00fd obchod \u2714","og_url":"https:\/\/rothschenk.de\/sk\/dobre-pre-klimu-podporeny-projekt-v-afrike\/","og_site_name":"Rothschenk","article_publisher":"https:\/\/de-de.facebook.com\/FirmaRothschenk\/","article_published_time":"2022-09-15T08:23:24+00:00","article_modified_time":"2025-06-30T14:54:54+00:00","og_image":[{"width":1058,"height":1497,"url":"https:\/\/rothschenk.de\/wp-content\/uploads\/2022\/09\/Urkunde-Klimaneutrales-Unternehmen-GH-GmbH-Rothschenk-002-pdf.jpg","type":"image\/jpeg"}],"author":"Rothschenk","twitter_card":"summary_large_image","twitter_misc":{"Autor":"Rothschenk","Predpokladan\u00fd \u010das \u010d\u00edtania":"3 min\u00faty"},"schema":{"@context":"https:\/\/schema.org","@graph":[{"@type":"Article","@id":"https:\/\/rothschenk.de\/sk\/dobre-pre-klimu-podporeny-projekt-v-afrike\/#article","isPartOf":{"@id":"https:\/\/rothschenk.de\/sk\/dobre-pre-klimu-podporeny-projekt-v-afrike\/"},"author":{"name":"Rothschenk","@id":"https:\/\/rothschenk.de\/sk\/#\/schema\/person\/e29bf5cc9df61e6c87f80cdf8ba1be93"},"headline":"Dobr\u00e9 pre kl\u00edmu &#8211; podporen\u00fd projekt v Afrike","datePublished":"2022-09-15T08:23:24+00:00","dateModified":"2025-06-30T14:54:54+00:00","mainEntityOfPage":{"@id":"https:\/\/rothschenk.de\/sk\/dobre-pre-klimu-podporeny-projekt-v-afrike\/"},"wordCount":519,"commentCount":0,"image":{"@id":"https:\/\/rothschenk.de\/sk\/dobre-pre-klimu-podporeny-projekt-v-afrike\/#primaryimage"},"thumbnailUrl":"https:\/\/rothschenk.de\/wp-content\/uploads\/2022\/09\/Urkunde-Klimaneutrales-Unternehmen-GH-GmbH-Rothschenk-002-pdf.jpg","articleSection":["Rothschenk Novinky"],"inLanguage":"sk-SK","potentialAction":[{"@type":"CommentAction","name":"Comment","target":["https:\/\/rothschenk.de\/sk\/dobre-pre-klimu-podporeny-projekt-v-afrike\/#respond"]}]},{"@type":"WebPage","@id":"https:\/\/rothschenk.de\/sk\/dobre-pre-klimu-podporeny-projekt-v-afrike\/","url":"https:\/\/rothschenk.de\/sk\/dobre-pre-klimu-podporeny-projekt-v-afrike\/","name":"Klimaticky neutr\u00e1lne - Vyroben\u00e9 v Nemecku - Zabezpe\u010denie n\u00e1kladu - Rothschenk","isPartOf":{"@id":"https:\/\/rothschenk.de\/sk\/#website"},"primaryImageOfPage":{"@id":"https:\/\/rothschenk.de\/sk\/dobre-pre-klimu-podporeny-projekt-v-afrike\/#primaryimage"},"image":{"@id":"https:\/\/rothschenk.de\/sk\/dobre-pre-klimu-podporeny-projekt-v-afrike\/#primaryimage"},"thumbnailUrl":"https:\/\/rothschenk.de\/wp-content\/uploads\/2022\/09\/Urkunde-Klimaneutrales-Unternehmen-GH-GmbH-Rothschenk-002-pdf.jpg","datePublished":"2022-09-15T08:23:24+00:00","dateModified":"2025-06-30T14:54:54+00:00","author":{"@id":"https:\/\/rothschenk.de\/sk\/#\/schema\/person\/e29bf5cc9df61e6c87f80cdf8ba1be93"},"description":"Najudr\u017eate\u013enej\u0161\u00ed v\u00fdrobca na zabezpe\u010denie n\u00e1kladu \u2714 Certifikovan\u00fd \u2714 Klimaticky neutr\u00e1lny \u2714 Projekt v Afrike na \u00fapravu pitnej vody \u2714 24-hodinov\u00fd obchod \u2714","breadcrumb":{"@id":"https:\/\/rothschenk.de\/sk\/dobre-pre-klimu-podporeny-projekt-v-afrike\/#breadcrumb"},"inLanguage":"sk-SK","potentialAction":[{"@type":"ReadAction","target":["https:\/\/rothschenk.de\/sk\/dobre-pre-klimu-podporeny-projekt-v-afrike\/"]}]},{"@type":"ImageObject","inLanguage":"sk-SK","@id":"https:\/\/rothschenk.de\/sk\/dobre-pre-klimu-podporeny-projekt-v-afrike\/#primaryimage","url":"https:\/\/rothschenk.de\/wp-content\/uploads\/2022\/09\/Urkunde-Klimaneutrales-Unternehmen-GH-GmbH-Rothschenk-002-pdf.jpg","contentUrl":"https:\/\/rothschenk.de\/wp-content\/uploads\/2022\/09\/Urkunde-Klimaneutrales-Unternehmen-GH-GmbH-Rothschenk-002-pdf.jpg"},{"@type":"BreadcrumbList","@id":"https:\/\/rothschenk.de\/sk\/dobre-pre-klimu-podporeny-projekt-v-afrike\/#breadcrumb","itemListElement":[{"@type":"ListItem","position":1,"name":"Domovsk\u00e1 str\u00e1nka","item":"https:\/\/rothschenk.de\/sk\/domovska-stranka\/"},{"@type":"ListItem","position":2,"name":"Dobr\u00e9 pre kl\u00edmu - podporen\u00fd projekt v Afrike"}]},{"@type":"WebSite","@id":"https:\/\/rothschenk.de\/sk\/#website","url":"https:\/\/rothschenk.de\/sk\/","name":"Rothschenk - Der Online Shop f\u00fcr Ladungssicherung","description":"Der Online Shop f\u00fcr Ladungssicherung","potentialAction":[{"@type":"SearchAction","target":{"@type":"EntryPoint","urlTemplate":"https:\/\/rothschenk.de\/sk\/?s={search_term_string}"},"query-input":{"@type":"PropertyValueSpecification","valueRequired":true,"valueName":"search_term_string"}}],"inLanguage":"sk-SK"},{"@type":"Person","@id":"https:\/\/rothschenk.de\/sk\/#\/schema\/person\/e29bf5cc9df61e6c87f80cdf8ba1be93","name":"Rothschenk","image":{"@type":"ImageObject","inLanguage":"sk-SK","@id":"https:\/\/rothschenk.de\/wp-content\/uploads\/2024\/03\/cropped-cropped-Rothschenk-logo-ladungssicherung-1-96x96.png","url":"https:\/\/rothschenk.de\/wp-content\/uploads\/2024\/03\/cropped-cropped-Rothschenk-logo-ladungssicherung-1-96x96.png","contentUrl":"https:\/\/rothschenk.de\/wp-content\/uploads\/2024\/03\/cropped-cropped-Rothschenk-logo-ladungssicherung-1-96x96.png","caption":"Rothschenk"},"description":"\u2714 Profi in der Beratung \u2714 Profi an der Laderampe \u2714 Profi bei der Abwicklung Ihrer W\u00fcnsche \u2714 Ladungssicherung Made in Germany","url":"https:\/\/rothschenk.de\/sk\/author\/rothschenk\/"}]}},"_links":{"self":[{"href":"https:\/\/rothschenk.de\/sk\/wp-json\/wp\/v2\/posts\/679772","targetHints":{"allow":["GET"]}}],"collection":[{"href":"https:\/\/rothschenk.de\/sk\/wp-json\/wp\/v2\/posts"}],"about":[{"href":"https:\/\/rothschenk.de\/sk\/wp-json\/wp\/v2\/types\/post"}],"author":[{"embeddable":true,"href":"https:\/\/rothschenk.de\/sk\/wp-json\/wp\/v2\/users\/1539"}],"replies":[{"embeddable":true,"href":"https:\/\/rothschenk.de\/sk\/wp-json\/wp\/v2\/comments?post=679772"}],"version-history":[{"count":1,"href":"https:\/\/rothschenk.de\/sk\/wp-json\/wp\/v2\/posts\/679772\/revisions"}],"predecessor-version":[{"id":679773,"href":"https:\/\/rothschenk.de\/sk\/wp-json\/wp\/v2\/posts\/679772\/revisions\/679773"}],"wp:attachment":[{"href":"https:\/\/rothschenk.de\/sk\/wp-json\/wp\/v2\/media?parent=679772"}],"wp:term":[{"taxonomy":"category","embeddable":true,"href":"https:\/\/rothschenk.de\/sk\/wp-json\/wp\/v2\/categories?post=679772"},{"taxonomy":"post_tag","embeddable":true,"href":"https:\/\/rothschenk.de\/sk\/wp-json\/wp\/v2\/tags?post=679772"}],"curies":[{"name":"wp","href":"https:\/\/api.w.org\/{rel}","templated":true}]}}