{"id":679810,"date":"2022-09-28T10:15:49","date_gmt":"2022-09-28T08:15:49","guid":{"rendered":"https:\/\/rothschenk.de\/volby-ihk-rothschenk-na-valnom-zhromazdeni\/"},"modified":"2025-06-30T16:55:37","modified_gmt":"2025-06-30T14:55:37","slug":"volby-ihk-rothschenk-na-valnom-zhromazdeni","status":"publish","type":"post","link":"https:\/\/rothschenk.de\/sk\/volby-ihk-rothschenk-na-valnom-zhromazdeni\/","title":{"rendered":"Vo\u013eby IHK &#8211; Rothschenk na valnom zhroma\u017eden\u00ed!"},"content":{"rendered":"\n<p>N\u00e1\u0161 partner J\u00fcrgen Schulte-Wieking kandiduje do valn\u00e9ho zhroma\u017edenia IHK W\u00fcrzburg-Schweinfurt!<\/p>\n\n<p>U\u017e m\u00e1 na\u0161u ment\u00e1lnu podporu &#8211; teraz je to na v\u00e1s! Vyu\u017eite svoje volebn\u00e9 pr\u00e1vo a pom\u00f4\u017ete rozhodn\u00fa\u0165, kto bude zastupova\u0165 va\u0161e z\u00e1ujmy v rokoch 2023 a\u017e 2026. Hlasova\u0165 m\u00f4\u017eete e\u0161te do 13. okt\u00f3bra 2022! Dokumenty na hlasovanie po\u0161tou u\u017e boli zaslan\u00e9 po\u0161tou do ka\u017edej spolo\u010dnosti v Mainfranken, ktor\u00e1 m\u00e1 pr\u00e1vo hlasova\u0165.   <\/p>\n\n<p>J\u00fcrgenovi Schulte-Wiekingovi dr\u017e\u00edme palce!  <\/p>\n\n<p>\u010eal\u0161ie inform\u00e1cie o vo\u013eb\u00e1ch n\u00e1jdete na str\u00e1nke <a href=\"http:\/\/www.ihkwahl-mainfranken.de\/\">www.ihkwahl-mainfranken.de<\/a>.<\/p>\n\n<p><a href=\"https:\/\/www.linkedin.com\/feed\/hashtag\/ihkwahl?trk=public_post-text\">#ihkwahl2022<\/a> <a href=\"https:\/\/www.linkedin.com\/feed\/hashtag\/gemeinsamgestalten?trk=public_post-text\">#gemeinsamgestalten<\/a> <a href=\"https:\/\/www.linkedin.com\/feed\/hashtag\/gemeinsammitentscheiden?trk=public_post-text\">#gemeinsammitentscheiden<\/a> <a href=\"https:\/\/www.linkedin.com\/feed\/hashtag\/ihkwAeSrzburgschweinfurt?trk=public_post-text\">#ihkw\u00fcrzburgschweinfurt<\/a> <a href=\"https:\/\/www.linkedin.com\/feed\/hashtag\/gemeinsamfAeSrmainfranken?trk=public_post-text\">#gemeinsamf\u00fcrmainfranken<\/a> <a href=\"https:\/\/www.linkedin.com\/feed\/hashtag\/kandidaten?trk=public_post-text\">#kandidaten<\/a> #ehrenamt #mainfranken #w\u00fcrzburg<\/p>\n\n<div style=\"height:35px\" aria-hidden=\"true\" class=\"wp-block-spacer\"><\/div>\n\n<figure class=\"wp-block-gallery has-nested-images columns-default is-cropped wp-block-gallery-1 is-layout-flex wp-block-gallery-is-layout-flex\">\n<figure class=\"wp-block-image size-large\"><img fetchpriority=\"high\" decoding=\"async\" width=\"600\" height=\"625\" data-id=\"166457\" src=\"https:\/\/rothschenk.de\/wp-content\/uploads\/2022\/09\/juergen-schulte-wieking-kandidiert-zur-ihk-wahl-vollversammlung-wuerzburg.jpg\" alt=\"\" class=\"wp-image-166457\" srcset=\"https:\/\/rothschenk.de\/wp-content\/uploads\/2022\/09\/juergen-schulte-wieking-kandidiert-zur-ihk-wahl-vollversammlung-wuerzburg.jpg 600w, https:\/\/rothschenk.de\/wp-content\/uploads\/2022\/09\/juergen-schulte-wieking-kandidiert-zur-ihk-wahl-vollversammlung-wuerzburg-288x300.jpg 288w\" sizes=\"(max-width: 600px) 100vw, 600px\" \/><\/figure>\n\n\n\n<figure class=\"wp-block-image size-large\"><img decoding=\"async\" width=\"600\" height=\"625\" data-id=\"166460\" src=\"https:\/\/rothschenk.de\/wp-content\/uploads\/2022\/09\/juergen-schulte-wieking-kandidiert-zur-ihk-wahl-vollversammlung-wuerzburg-3.jpg\" alt=\"\" class=\"wp-image-166460\" srcset=\"https:\/\/rothschenk.de\/wp-content\/uploads\/2022\/09\/juergen-schulte-wieking-kandidiert-zur-ihk-wahl-vollversammlung-wuerzburg-3.jpg 600w, https:\/\/rothschenk.de\/wp-content\/uploads\/2022\/09\/juergen-schulte-wieking-kandidiert-zur-ihk-wahl-vollversammlung-wuerzburg-3-288x300.jpg 288w\" sizes=\"(max-width: 600px) 100vw, 600px\" \/><\/figure>\n<\/figure>\n\n<h2 class=\"wp-block-heading\">Moje hodnoty<\/h2>\n\n<p>&#8222;Ako akcion\u00e1rovi spolo\u010dnosti G&amp;H GmbH Rothschenk mi je obchodn\u00e9 miesto Mainfranken mimoriadne bl\u00edzke. Okrem toho s\u00fa moje dlhoro\u010dn\u00e9 sk\u00fasenosti ako poradcu v oblasti riadenia a \u010dlena r\u00f4znych v\u00fdborov hnacou silou pri presadzovan\u00ed my\u0161lienok. <\/p>\n\n<p>Pevne ver\u00edm v hodnoty &#8222;okr\u00fahleho stola&#8220; v zmysle pozit\u00edvnej zmeny prostredn\u00edctvom priate\u013eskej solidarity. Skuto\u010dn\u00e1 analogick\u00e1 &#8222;soci\u00e1lna sie\u0165&#8220; prostredn\u00edctvom v\u00fdmeny s\u00fakromn\u00fdch a podnikate\u013esk\u00fdch sk\u00fasenost\u00ed je jedn\u00fdm z impulzov, ktor\u00e9 by som chcel prinies\u0165 do IHK!&#8220; <\/p>\n\n<p>Viac inform\u00e1ci\u00ed o vo\u013eb\u00e1ch n\u00e1jdete na str\u00e1nke <a href=\"http:\/\/www.ihkwahl-mainfranken.de\/\">www.ihkwahl-mainfranken.de<\/a>.<\/p>\n\n<div style=\"height:35px\" aria-hidden=\"true\" class=\"wp-block-spacer\"><\/div>\n\n<h2 class=\"wp-block-heading\">Predch\u00e1dzaj\u00face sk\u00fasenosti so spr\u00e1vnou radou:<\/h2>\n\n<ul class=\"wp-block-list\">\n<li>Prezident a \u010dlen predstavenstva Juniorskej komory Esslingen<br\/><a href=\"https:\/\/www.wj-esslingen.de\/\">https:\/\/www.wj-esslingen.de\/<\/a><\/li>\n\n\n\n<li>\u010clen okr\u00fahleho stola<br\/><a href=\"https:\/\/www.round-table.de\/\">https:\/\/www.round-table.de\/<\/a><\/li>\n\n\n\n<li>\u010clen skupiny Old Table<br\/><a href=\"https:\/\/old-tablers.de\/\">https:\/\/old-tablers.de\/<\/a><\/li>\n<\/ul>\n\n<div style=\"height:35px\" aria-hidden=\"true\" class=\"wp-block-spacer\"><\/div>\n\n<h2 class=\"wp-block-heading\">To je to, za \u010d\u00edm si stoj\u00edm<\/h2>\n\n<p>Duch b\u00fdval\u00e9ho mlad\u00e9ho podnikate\u013ea v oblasti Stuttgartu je tie\u017e hnacou silou mojej pr\u00e1ce ako partnera a poradcu v oblasti riadenia pri presadzovan\u00ed my\u0161lienok.<\/p>\n\n<p><strong>M\u00f4j cie\u013e pre IHK:<\/strong><\/p>\n\n<ul class=\"wp-block-list\">\n<li>Zachovanie dobr\u00fdch vec\u00ed priate\u013esk\u00fdm sp\u00f4sobom<\/li>\n\n\n\n<li>Odhodlane sa pustite do nov\u00fdch vec\u00ed<\/li>\n\n\n\n<li>Udr\u017eate\u013en\u00e1 integr\u00e1cia my\u0161lienok<\/li>\n<\/ul>\n\n<div style=\"height:35px\" aria-hidden=\"true\" class=\"wp-block-spacer\"><\/div>\n\n<div class=\"wp-block-columns is-layout-flex wp-container-core-columns-is-layout-28f84493 wp-block-columns-is-layout-flex\">\n<div class=\"wp-block-column is-layout-flow wp-block-column-is-layout-flow\">\n<h2 class=\"wp-block-heading\">V\u00e1\u0161 hlas sa po\u010d\u00edta &#8211; priamo tu<\/h2>\n\n\n\n<p>Volebn\u00e1 skupina: Priemysel<\/p>\n\n\n\n<p>Trieda ve\u013ekosti spolo\u010dnosti: stredn\u00e9 a ve\u013ek\u00e9 spolo\u010dnosti<\/p>\n<\/div>\n\n\n\n<div class=\"wp-block-column is-layout-flow wp-block-column-is-layout-flow\">\n<figure class=\"wp-block-image size-full\"><img decoding=\"async\" width=\"600\" height=\"625\" src=\"https:\/\/rothschenk.de\/wp-content\/uploads\/2023\/03\/juergen_schulte_wieking_kandidiert_zur_ihk_wahl_vollversammlung_wuerzburg-2.jpg\" alt=\"\" class=\"wp-image-166130\" srcset=\"https:\/\/rothschenk.de\/wp-content\/uploads\/2023\/03\/juergen_schulte_wieking_kandidiert_zur_ihk_wahl_vollversammlung_wuerzburg-2.jpg 600w, https:\/\/rothschenk.de\/wp-content\/uploads\/2023\/03\/juergen_schulte_wieking_kandidiert_zur_ihk_wahl_vollversammlung_wuerzburg-2-288x300.jpg 288w\" sizes=\"(max-width: 600px) 100vw, 600px\" \/><\/figure>\n<\/div>\n<\/div>\n","protected":false},"excerpt":{"rendered":"<p>N\u00e1\u0161 partner J\u00fcrgen Schulte-Wieking kandiduje do valn\u00e9ho zhroma\u017edenia IHK W\u00fcrzburg-Schweinfurt! U\u017e m\u00e1 na\u0161u ment\u00e1lnu podporu &#8211; teraz je to na v\u00e1s! Vyu\u017eite svoje volebn\u00e9 pr\u00e1vo a pom\u00f4\u017ete rozhodn\u00fa\u0165, kto bude zastupova\u0165 va\u0161e z\u00e1ujmy v rokoch 2023 a\u017e 2026. Hlasova\u0165 m\u00f4\u017eete e\u0161te do 13. okt\u00f3bra 2022! Dokumenty na hlasovanie po\u0161tou u\u017e boli zaslan\u00e9 po\u0161tou do ka\u017edej [&hellip;]<\/p>\n","protected":false},"author":1539,"featured_media":0,"comment_status":"open","ping_status":"closed","sticky":false,"template":"","format":"standard","meta":{"_acf_changed":false,"footnotes":""},"categories":[870],"tags":[],"class_list":["post-679810","post","type-post","status-publish","format-standard","hentry","category-rothschenk-novinky-sk"],"acf":[],"yoast_head":"<!-- This site is optimized with the Yoast SEO plugin v27.5 - https:\/\/yoast.com\/product\/yoast-seo-wordpress\/ -->\n<title>Valn\u00e9 zhroma\u017edenie IHK - vo\u013eby 2022 - Rothschenk je kandid\u00e1tom<\/title>\n<meta name=\"description\" content=\"Akcion\u00e1r spolo\u010dnosti G&amp;H GmbH Rohtschenk kandiduje vo vo\u013eb\u00e1ch \u2714 Prevezmite zodpovednos\u0165 \u2714 Mal\u00e9 a stredn\u00e9 podniky ako hnacia sila \u2714\" \/>\n<meta name=\"robots\" content=\"index, follow, max-snippet:-1, max-image-preview:large, max-video-preview:-1\" \/>\n<link rel=\"canonical\" href=\"https:\/\/rothschenk.de\/sk\/volby-ihk-rothschenk-na-valnom-zhromazdeni\/\" \/>\n<meta property=\"og:locale\" content=\"sk_SK\" \/>\n<meta property=\"og:type\" content=\"article\" \/>\n<meta property=\"og:title\" content=\"Valn\u00e9 zhroma\u017edenie IHK - vo\u013eby 2022 - Rothschenk je kandid\u00e1tom\" \/>\n<meta property=\"og:description\" content=\"Akcion\u00e1r spolo\u010dnosti G&amp;H GmbH Rohtschenk kandiduje vo vo\u013eb\u00e1ch \u2714 Prevezmite zodpovednos\u0165 \u2714 Mal\u00e9 a stredn\u00e9 podniky ako hnacia sila \u2714\" \/>\n<meta property=\"og:url\" content=\"https:\/\/rothschenk.de\/sk\/volby-ihk-rothschenk-na-valnom-zhromazdeni\/\" \/>\n<meta property=\"og:site_name\" content=\"Rothschenk\" \/>\n<meta property=\"article:publisher\" content=\"https:\/\/de-de.facebook.com\/FirmaRothschenk\/\" \/>\n<meta property=\"article:published_time\" content=\"2022-09-28T08:15:49+00:00\" \/>\n<meta property=\"article:modified_time\" content=\"2025-06-30T14:55:37+00:00\" \/>\n<meta property=\"og:image\" content=\"https:\/\/rothschenk.de\/wp-content\/uploads\/2022\/09\/juergen-schulte-wieking-kandidiert-zur-ihk-wahl-vollversammlung-wuerzburg.jpg\" \/>\n\t<meta property=\"og:image:width\" content=\"600\" \/>\n\t<meta property=\"og:image:height\" content=\"625\" \/>\n\t<meta property=\"og:image:type\" content=\"image\/jpeg\" \/>\n<meta name=\"author\" content=\"Rothschenk\" \/>\n<meta name=\"twitter:card\" content=\"summary_large_image\" \/>\n<meta name=\"twitter:label1\" content=\"Autor\" \/>\n\t<meta name=\"twitter:data1\" content=\"Rothschenk\" \/>\n\t<meta name=\"twitter:label2\" content=\"Predpokladan\u00fd \u010das \u010d\u00edtania\" \/>\n\t<meta name=\"twitter:data2\" content=\"2 min\u00faty\" \/>\n<script type=\"application\/ld+json\" class=\"yoast-schema-graph\">{\"@context\":\"https:\\\/\\\/schema.org\",\"@graph\":[{\"@type\":\"Article\",\"@id\":\"https:\\\/\\\/rothschenk.de\\\/sk\\\/volby-ihk-rothschenk-na-valnom-zhromazdeni\\\/#article\",\"isPartOf\":{\"@id\":\"https:\\\/\\\/rothschenk.de\\\/sk\\\/volby-ihk-rothschenk-na-valnom-zhromazdeni\\\/\"},\"author\":{\"name\":\"Rothschenk\",\"@id\":\"https:\\\/\\\/rothschenk.de\\\/sk\\\/#\\\/schema\\\/person\\\/e29bf5cc9df61e6c87f80cdf8ba1be93\"},\"headline\":\"Vo\u013eby IHK &#8211; Rothschenk na valnom zhroma\u017eden\u00ed!\",\"datePublished\":\"2022-09-28T08:15:49+00:00\",\"dateModified\":\"2025-06-30T14:55:37+00:00\",\"mainEntityOfPage\":{\"@id\":\"https:\\\/\\\/rothschenk.de\\\/sk\\\/volby-ihk-rothschenk-na-valnom-zhromazdeni\\\/\"},\"wordCount\":352,\"commentCount\":0,\"image\":{\"@id\":\"https:\\\/\\\/rothschenk.de\\\/sk\\\/volby-ihk-rothschenk-na-valnom-zhromazdeni\\\/#primaryimage\"},\"thumbnailUrl\":\"https:\\\/\\\/rothschenk.de\\\/wp-content\\\/uploads\\\/2022\\\/09\\\/juergen-schulte-wieking-kandidiert-zur-ihk-wahl-vollversammlung-wuerzburg.jpg\",\"articleSection\":[\"Rothschenk Novinky\"],\"inLanguage\":\"sk-SK\",\"potentialAction\":[{\"@type\":\"CommentAction\",\"name\":\"Comment\",\"target\":[\"https:\\\/\\\/rothschenk.de\\\/sk\\\/volby-ihk-rothschenk-na-valnom-zhromazdeni\\\/#respond\"]}]},{\"@type\":\"WebPage\",\"@id\":\"https:\\\/\\\/rothschenk.de\\\/sk\\\/volby-ihk-rothschenk-na-valnom-zhromazdeni\\\/\",\"url\":\"https:\\\/\\\/rothschenk.de\\\/sk\\\/volby-ihk-rothschenk-na-valnom-zhromazdeni\\\/\",\"name\":\"Valn\u00e9 zhroma\u017edenie IHK - vo\u013eby 2022 - Rothschenk je kandid\u00e1tom\",\"isPartOf\":{\"@id\":\"https:\\\/\\\/rothschenk.de\\\/sk\\\/#website\"},\"primaryImageOfPage\":{\"@id\":\"https:\\\/\\\/rothschenk.de\\\/sk\\\/volby-ihk-rothschenk-na-valnom-zhromazdeni\\\/#primaryimage\"},\"image\":{\"@id\":\"https:\\\/\\\/rothschenk.de\\\/sk\\\/volby-ihk-rothschenk-na-valnom-zhromazdeni\\\/#primaryimage\"},\"thumbnailUrl\":\"https:\\\/\\\/rothschenk.de\\\/wp-content\\\/uploads\\\/2022\\\/09\\\/juergen-schulte-wieking-kandidiert-zur-ihk-wahl-vollversammlung-wuerzburg.jpg\",\"datePublished\":\"2022-09-28T08:15:49+00:00\",\"dateModified\":\"2025-06-30T14:55:37+00:00\",\"author\":{\"@id\":\"https:\\\/\\\/rothschenk.de\\\/sk\\\/#\\\/schema\\\/person\\\/e29bf5cc9df61e6c87f80cdf8ba1be93\"},\"description\":\"Akcion\u00e1r spolo\u010dnosti G&H GmbH Rohtschenk kandiduje vo vo\u013eb\u00e1ch \u2714 Prevezmite zodpovednos\u0165 \u2714 Mal\u00e9 a stredn\u00e9 podniky ako hnacia sila \u2714\",\"breadcrumb\":{\"@id\":\"https:\\\/\\\/rothschenk.de\\\/sk\\\/volby-ihk-rothschenk-na-valnom-zhromazdeni\\\/#breadcrumb\"},\"inLanguage\":\"sk-SK\",\"potentialAction\":[{\"@type\":\"ReadAction\",\"target\":[\"https:\\\/\\\/rothschenk.de\\\/sk\\\/volby-ihk-rothschenk-na-valnom-zhromazdeni\\\/\"]}]},{\"@type\":\"ImageObject\",\"inLanguage\":\"sk-SK\",\"@id\":\"https:\\\/\\\/rothschenk.de\\\/sk\\\/volby-ihk-rothschenk-na-valnom-zhromazdeni\\\/#primaryimage\",\"url\":\"https:\\\/\\\/rothschenk.de\\\/wp-content\\\/uploads\\\/2022\\\/09\\\/juergen-schulte-wieking-kandidiert-zur-ihk-wahl-vollversammlung-wuerzburg.jpg\",\"contentUrl\":\"https:\\\/\\\/rothschenk.de\\\/wp-content\\\/uploads\\\/2022\\\/09\\\/juergen-schulte-wieking-kandidiert-zur-ihk-wahl-vollversammlung-wuerzburg.jpg\"},{\"@type\":\"BreadcrumbList\",\"@id\":\"https:\\\/\\\/rothschenk.de\\\/sk\\\/volby-ihk-rothschenk-na-valnom-zhromazdeni\\\/#breadcrumb\",\"itemListElement\":[{\"@type\":\"ListItem\",\"position\":1,\"name\":\"Domovsk\u00e1 str\u00e1nka\",\"item\":\"https:\\\/\\\/rothschenk.de\\\/sk\\\/domovska-stranka\\\/\"},{\"@type\":\"ListItem\",\"position\":2,\"name\":\"Vo\u013eby IHK - Rothschenk na valnom zhroma\u017eden\u00ed!\"}]},{\"@type\":\"WebSite\",\"@id\":\"https:\\\/\\\/rothschenk.de\\\/sk\\\/#website\",\"url\":\"https:\\\/\\\/rothschenk.de\\\/sk\\\/\",\"name\":\"Rothschenk - Der Online Shop f\u00fcr Ladungssicherung\",\"description\":\"Der Online Shop f\u00fcr Ladungssicherung\",\"potentialAction\":[{\"@type\":\"SearchAction\",\"target\":{\"@type\":\"EntryPoint\",\"urlTemplate\":\"https:\\\/\\\/rothschenk.de\\\/sk\\\/?s={search_term_string}\"},\"query-input\":{\"@type\":\"PropertyValueSpecification\",\"valueRequired\":true,\"valueName\":\"search_term_string\"}}],\"inLanguage\":\"sk-SK\"},{\"@type\":\"Person\",\"@id\":\"https:\\\/\\\/rothschenk.de\\\/sk\\\/#\\\/schema\\\/person\\\/e29bf5cc9df61e6c87f80cdf8ba1be93\",\"name\":\"Rothschenk\",\"image\":{\"@type\":\"ImageObject\",\"inLanguage\":\"sk-SK\",\"@id\":\"https:\\\/\\\/rothschenk.de\\\/wp-content\\\/uploads\\\/2024\\\/03\\\/cropped-cropped-Rothschenk-logo-ladungssicherung-1-96x96.png\",\"url\":\"https:\\\/\\\/rothschenk.de\\\/wp-content\\\/uploads\\\/2024\\\/03\\\/cropped-cropped-Rothschenk-logo-ladungssicherung-1-96x96.png\",\"contentUrl\":\"https:\\\/\\\/rothschenk.de\\\/wp-content\\\/uploads\\\/2024\\\/03\\\/cropped-cropped-Rothschenk-logo-ladungssicherung-1-96x96.png\",\"caption\":\"Rothschenk\"},\"description\":\"\u2714 Profi in der Beratung \u2714 Profi an der Laderampe \u2714 Profi bei der Abwicklung Ihrer W\u00fcnsche \u2714 Ladungssicherung Made in Germany\",\"url\":\"https:\\\/\\\/rothschenk.de\\\/sk\\\/author\\\/rothschenk\\\/\"}]}<\/script>\n<!-- \/ Yoast SEO plugin. -->","yoast_head_json":{"title":"Valn\u00e9 zhroma\u017edenie IHK - vo\u013eby 2022 - Rothschenk je kandid\u00e1tom","description":"Akcion\u00e1r spolo\u010dnosti G&H GmbH Rohtschenk kandiduje vo vo\u013eb\u00e1ch \u2714 Prevezmite zodpovednos\u0165 \u2714 Mal\u00e9 a stredn\u00e9 podniky ako hnacia sila \u2714","robots":{"index":"index","follow":"follow","max-snippet":"max-snippet:-1","max-image-preview":"max-image-preview:large","max-video-preview":"max-video-preview:-1"},"canonical":"https:\/\/rothschenk.de\/sk\/volby-ihk-rothschenk-na-valnom-zhromazdeni\/","og_locale":"sk_SK","og_type":"article","og_title":"Valn\u00e9 zhroma\u017edenie IHK - vo\u013eby 2022 - Rothschenk je kandid\u00e1tom","og_description":"Akcion\u00e1r spolo\u010dnosti G&H GmbH Rohtschenk kandiduje vo vo\u013eb\u00e1ch \u2714 Prevezmite zodpovednos\u0165 \u2714 Mal\u00e9 a stredn\u00e9 podniky ako hnacia sila \u2714","og_url":"https:\/\/rothschenk.de\/sk\/volby-ihk-rothschenk-na-valnom-zhromazdeni\/","og_site_name":"Rothschenk","article_publisher":"https:\/\/de-de.facebook.com\/FirmaRothschenk\/","article_published_time":"2022-09-28T08:15:49+00:00","article_modified_time":"2025-06-30T14:55:37+00:00","og_image":[{"width":600,"height":625,"url":"https:\/\/rothschenk.de\/wp-content\/uploads\/2022\/09\/juergen-schulte-wieking-kandidiert-zur-ihk-wahl-vollversammlung-wuerzburg.jpg","type":"image\/jpeg"}],"author":"Rothschenk","twitter_card":"summary_large_image","twitter_misc":{"Autor":"Rothschenk","Predpokladan\u00fd \u010das \u010d\u00edtania":"2 min\u00faty"},"schema":{"@context":"https:\/\/schema.org","@graph":[{"@type":"Article","@id":"https:\/\/rothschenk.de\/sk\/volby-ihk-rothschenk-na-valnom-zhromazdeni\/#article","isPartOf":{"@id":"https:\/\/rothschenk.de\/sk\/volby-ihk-rothschenk-na-valnom-zhromazdeni\/"},"author":{"name":"Rothschenk","@id":"https:\/\/rothschenk.de\/sk\/#\/schema\/person\/e29bf5cc9df61e6c87f80cdf8ba1be93"},"headline":"Vo\u013eby IHK &#8211; Rothschenk na valnom zhroma\u017eden\u00ed!","datePublished":"2022-09-28T08:15:49+00:00","dateModified":"2025-06-30T14:55:37+00:00","mainEntityOfPage":{"@id":"https:\/\/rothschenk.de\/sk\/volby-ihk-rothschenk-na-valnom-zhromazdeni\/"},"wordCount":352,"commentCount":0,"image":{"@id":"https:\/\/rothschenk.de\/sk\/volby-ihk-rothschenk-na-valnom-zhromazdeni\/#primaryimage"},"thumbnailUrl":"https:\/\/rothschenk.de\/wp-content\/uploads\/2022\/09\/juergen-schulte-wieking-kandidiert-zur-ihk-wahl-vollversammlung-wuerzburg.jpg","articleSection":["Rothschenk Novinky"],"inLanguage":"sk-SK","potentialAction":[{"@type":"CommentAction","name":"Comment","target":["https:\/\/rothschenk.de\/sk\/volby-ihk-rothschenk-na-valnom-zhromazdeni\/#respond"]}]},{"@type":"WebPage","@id":"https:\/\/rothschenk.de\/sk\/volby-ihk-rothschenk-na-valnom-zhromazdeni\/","url":"https:\/\/rothschenk.de\/sk\/volby-ihk-rothschenk-na-valnom-zhromazdeni\/","name":"Valn\u00e9 zhroma\u017edenie IHK - vo\u013eby 2022 - Rothschenk je kandid\u00e1tom","isPartOf":{"@id":"https:\/\/rothschenk.de\/sk\/#website"},"primaryImageOfPage":{"@id":"https:\/\/rothschenk.de\/sk\/volby-ihk-rothschenk-na-valnom-zhromazdeni\/#primaryimage"},"image":{"@id":"https:\/\/rothschenk.de\/sk\/volby-ihk-rothschenk-na-valnom-zhromazdeni\/#primaryimage"},"thumbnailUrl":"https:\/\/rothschenk.de\/wp-content\/uploads\/2022\/09\/juergen-schulte-wieking-kandidiert-zur-ihk-wahl-vollversammlung-wuerzburg.jpg","datePublished":"2022-09-28T08:15:49+00:00","dateModified":"2025-06-30T14:55:37+00:00","author":{"@id":"https:\/\/rothschenk.de\/sk\/#\/schema\/person\/e29bf5cc9df61e6c87f80cdf8ba1be93"},"description":"Akcion\u00e1r spolo\u010dnosti G&H GmbH Rohtschenk kandiduje vo vo\u013eb\u00e1ch \u2714 Prevezmite zodpovednos\u0165 \u2714 Mal\u00e9 a stredn\u00e9 podniky ako hnacia sila \u2714","breadcrumb":{"@id":"https:\/\/rothschenk.de\/sk\/volby-ihk-rothschenk-na-valnom-zhromazdeni\/#breadcrumb"},"inLanguage":"sk-SK","potentialAction":[{"@type":"ReadAction","target":["https:\/\/rothschenk.de\/sk\/volby-ihk-rothschenk-na-valnom-zhromazdeni\/"]}]},{"@type":"ImageObject","inLanguage":"sk-SK","@id":"https:\/\/rothschenk.de\/sk\/volby-ihk-rothschenk-na-valnom-zhromazdeni\/#primaryimage","url":"https:\/\/rothschenk.de\/wp-content\/uploads\/2022\/09\/juergen-schulte-wieking-kandidiert-zur-ihk-wahl-vollversammlung-wuerzburg.jpg","contentUrl":"https:\/\/rothschenk.de\/wp-content\/uploads\/2022\/09\/juergen-schulte-wieking-kandidiert-zur-ihk-wahl-vollversammlung-wuerzburg.jpg"},{"@type":"BreadcrumbList","@id":"https:\/\/rothschenk.de\/sk\/volby-ihk-rothschenk-na-valnom-zhromazdeni\/#breadcrumb","itemListElement":[{"@type":"ListItem","position":1,"name":"Domovsk\u00e1 str\u00e1nka","item":"https:\/\/rothschenk.de\/sk\/domovska-stranka\/"},{"@type":"ListItem","position":2,"name":"Vo\u013eby IHK - Rothschenk na valnom zhroma\u017eden\u00ed!"}]},{"@type":"WebSite","@id":"https:\/\/rothschenk.de\/sk\/#website","url":"https:\/\/rothschenk.de\/sk\/","name":"Rothschenk - Der Online Shop f\u00fcr Ladungssicherung","description":"Der Online Shop f\u00fcr Ladungssicherung","potentialAction":[{"@type":"SearchAction","target":{"@type":"EntryPoint","urlTemplate":"https:\/\/rothschenk.de\/sk\/?s={search_term_string}"},"query-input":{"@type":"PropertyValueSpecification","valueRequired":true,"valueName":"search_term_string"}}],"inLanguage":"sk-SK"},{"@type":"Person","@id":"https:\/\/rothschenk.de\/sk\/#\/schema\/person\/e29bf5cc9df61e6c87f80cdf8ba1be93","name":"Rothschenk","image":{"@type":"ImageObject","inLanguage":"sk-SK","@id":"https:\/\/rothschenk.de\/wp-content\/uploads\/2024\/03\/cropped-cropped-Rothschenk-logo-ladungssicherung-1-96x96.png","url":"https:\/\/rothschenk.de\/wp-content\/uploads\/2024\/03\/cropped-cropped-Rothschenk-logo-ladungssicherung-1-96x96.png","contentUrl":"https:\/\/rothschenk.de\/wp-content\/uploads\/2024\/03\/cropped-cropped-Rothschenk-logo-ladungssicherung-1-96x96.png","caption":"Rothschenk"},"description":"\u2714 Profi in der Beratung \u2714 Profi an der Laderampe \u2714 Profi bei der Abwicklung Ihrer W\u00fcnsche \u2714 Ladungssicherung Made in Germany","url":"https:\/\/rothschenk.de\/sk\/author\/rothschenk\/"}]}},"_links":{"self":[{"href":"https:\/\/rothschenk.de\/sk\/wp-json\/wp\/v2\/posts\/679810","targetHints":{"allow":["GET"]}}],"collection":[{"href":"https:\/\/rothschenk.de\/sk\/wp-json\/wp\/v2\/posts"}],"about":[{"href":"https:\/\/rothschenk.de\/sk\/wp-json\/wp\/v2\/types\/post"}],"author":[{"embeddable":true,"href":"https:\/\/rothschenk.de\/sk\/wp-json\/wp\/v2\/users\/1539"}],"replies":[{"embeddable":true,"href":"https:\/\/rothschenk.de\/sk\/wp-json\/wp\/v2\/comments?post=679810"}],"version-history":[{"count":1,"href":"https:\/\/rothschenk.de\/sk\/wp-json\/wp\/v2\/posts\/679810\/revisions"}],"predecessor-version":[{"id":679813,"href":"https:\/\/rothschenk.de\/sk\/wp-json\/wp\/v2\/posts\/679810\/revisions\/679813"}],"wp:attachment":[{"href":"https:\/\/rothschenk.de\/sk\/wp-json\/wp\/v2\/media?parent=679810"}],"wp:term":[{"taxonomy":"category","embeddable":true,"href":"https:\/\/rothschenk.de\/sk\/wp-json\/wp\/v2\/categories?post=679810"},{"taxonomy":"post_tag","embeddable":true,"href":"https:\/\/rothschenk.de\/sk\/wp-json\/wp\/v2\/tags?post=679810"}],"curies":[{"name":"wp","href":"https:\/\/api.w.org\/{rel}","templated":true}]}}