{"id":679924,"date":"2023-02-02T13:07:09","date_gmt":"2023-02-02T12:07:09","guid":{"rendered":"https:\/\/rothschenk.de\/sekvencia-28-predpinacia-sila-stf-a-upevnovacia-kapacita-lc\/"},"modified":"2025-06-30T16:57:05","modified_gmt":"2025-06-30T14:57:05","slug":"sekvencia-28-predpinacia-sila-stf-a-upevnovacia-kapacita-lc","status":"publish","type":"post","link":"https:\/\/rothschenk.de\/sk\/sekvencia-28-predpinacia-sila-stf-a-upevnovacia-kapacita-lc\/","title":{"rendered":"Sekvencia 28: Predp\u00ednacia sila (STF) a upev\u0148ovacia kapacita (LC)"},"content":{"rendered":"\n<p>Jednou z naj\u010dastej\u0161\u00edch ch\u00fdb pri zais\u0165ovan\u00ed n\u00e1kladu je, \u017ee najd\u00f4le\u017eitej\u0161ie prvky nap\u00ednacieho zariadenia, \u010di u\u017e ide o <a href=\"https:\/\/rothschenk.de\/produkt\/gurtband-32-mm-sackware-a-250-m\/\">remene<\/a>, re\u0165aze alebo lan\u00e1, nie s\u00fa efekt\u00edvne implementovan\u00e9.<\/p>\n\n<p>Tieto d\u00f4le\u017eit\u00e9 vlastnosti n\u00e1jdete na \u0161t\u00edtku p\u00e1su alebo na retiazke\/pr\u00edvesku.<\/p>\n\n<div style=\"height:35px\" aria-hidden=\"true\" class=\"wp-block-spacer\"><\/div>\n\n<div class=\"wp-block-columns is-layout-flex wp-container-core-columns-is-layout-28f84493 wp-block-columns-is-layout-flex\">\n<div class=\"wp-block-column is-layout-flow wp-block-column-is-layout-flow\">\n<figure data-wp-context=\"{&quot;imageId&quot;:&quot;69f539a6a704b&quot;}\" data-wp-interactive=\"core\/image\" data-wp-key=\"69f539a6a704b\" class=\"wp-block-image size-full wp-lightbox-container\"><img fetchpriority=\"high\" decoding=\"async\" width=\"1100\" height=\"825\" data-wp-class--hide=\"state.isContentHidden\" data-wp-class--show=\"state.isContentVisible\" data-wp-init=\"callbacks.setButtonStyles\" data-wp-on--click=\"actions.showLightbox\" data-wp-on--load=\"callbacks.setButtonStyles\" data-wp-on-window--resize=\"callbacks.setButtonStyles\" src=\"https:\/\/rothschenk.de\/wp-content\/uploads\/2023\/02\/vorspannkraft-zurrkraft-lc-stf-label-zurrgurt-din-12195-2-rs.jpg\" alt=\"\" class=\"wp-image-151592\" style=\"aspect-ratio:4\/3;object-fit:cover\" srcset=\"https:\/\/rothschenk.de\/wp-content\/uploads\/2023\/02\/vorspannkraft-zurrkraft-lc-stf-label-zurrgurt-din-12195-2-rs.jpg 1100w, https:\/\/rothschenk.de\/wp-content\/uploads\/2023\/02\/vorspannkraft-zurrkraft-lc-stf-label-zurrgurt-din-12195-2-rs-300x225.jpg 300w, https:\/\/rothschenk.de\/wp-content\/uploads\/2023\/02\/vorspannkraft-zurrkraft-lc-stf-label-zurrgurt-din-12195-2-rs-1024x768.jpg 1024w, https:\/\/rothschenk.de\/wp-content\/uploads\/2023\/02\/vorspannkraft-zurrkraft-lc-stf-label-zurrgurt-din-12195-2-rs-768x576.jpg 768w, https:\/\/rothschenk.de\/wp-content\/uploads\/2023\/02\/vorspannkraft-zurrkraft-lc-stf-label-zurrgurt-din-12195-2-rs-600x450.jpg 600w\" sizes=\"(max-width: 1100px) 100vw, 1100px\" \/><button\n\t\t\tclass=\"lightbox-trigger\"\n\t\t\ttype=\"button\"\n\t\t\taria-haspopup=\"dialog\"\n\t\t\taria-label=\"Zv\u00e4\u010d\u0161i\u0165\"\n\t\t\tdata-wp-init=\"callbacks.initTriggerButton\"\n\t\t\tdata-wp-on--click=\"actions.showLightbox\"\n\t\t\tdata-wp-style--right=\"state.imageButtonRight\"\n\t\t\tdata-wp-style--top=\"state.imageButtonTop\"\n\t\t>\n\t\t\t<svg xmlns=\"http:\/\/www.w3.org\/2000\/svg\" width=\"12\" height=\"12\" fill=\"none\" viewBox=\"0 0 12 12\">\n\t\t\t\t<path fill=\"#fff\" d=\"M2 0a2 2 0 0 0-2 2v2h1.5V2a.5.5 0 0 1 .5-.5h2V0H2Zm2 10.5H2a.5.5 0 0 1-.5-.5V8H0v2a2 2 0 0 0 2 2h2v-1.5ZM8 12v-1.5h2a.5.5 0 0 0 .5-.5V8H12v2a2 2 0 0 1-2 2H8Zm2-12a2 2 0 0 1 2 2v2h-1.5V2a.5.5 0 0 0-.5-.5H8V0h2Z\" \/>\n\t\t\t<\/svg>\n\t\t<\/button><\/figure>\n<\/div>\n\n\n\n<div class=\"wp-block-column is-layout-flow wp-block-column-is-layout-flow\">\n<figure data-wp-context=\"{&quot;imageId&quot;:&quot;69f539a6a7905&quot;}\" data-wp-interactive=\"core\/image\" data-wp-key=\"69f539a6a7905\" class=\"wp-block-image size-full wp-lightbox-container\"><img decoding=\"async\" width=\"1100\" height=\"825\" data-wp-class--hide=\"state.isContentHidden\" data-wp-class--show=\"state.isContentVisible\" data-wp-init=\"callbacks.setButtonStyles\" data-wp-on--click=\"actions.showLightbox\" data-wp-on--load=\"callbacks.setButtonStyles\" data-wp-on-window--resize=\"callbacks.setButtonStyles\" src=\"https:\/\/rothschenk.de\/wp-content\/uploads\/2023\/02\/vorspannkraft-zurrkraft-lc-stf-label-zurrgurt-din-12195-2-kette-rs2.jpg\" alt=\"\" class=\"wp-image-151595\" style=\"aspect-ratio:4\/3;object-fit:cover\" srcset=\"https:\/\/rothschenk.de\/wp-content\/uploads\/2023\/02\/vorspannkraft-zurrkraft-lc-stf-label-zurrgurt-din-12195-2-kette-rs2.jpg 1100w, https:\/\/rothschenk.de\/wp-content\/uploads\/2023\/02\/vorspannkraft-zurrkraft-lc-stf-label-zurrgurt-din-12195-2-kette-rs2-300x225.jpg 300w, https:\/\/rothschenk.de\/wp-content\/uploads\/2023\/02\/vorspannkraft-zurrkraft-lc-stf-label-zurrgurt-din-12195-2-kette-rs2-1024x768.jpg 1024w, https:\/\/rothschenk.de\/wp-content\/uploads\/2023\/02\/vorspannkraft-zurrkraft-lc-stf-label-zurrgurt-din-12195-2-kette-rs2-768x576.jpg 768w, https:\/\/rothschenk.de\/wp-content\/uploads\/2023\/02\/vorspannkraft-zurrkraft-lc-stf-label-zurrgurt-din-12195-2-kette-rs2-600x450.jpg 600w\" sizes=\"(max-width: 1100px) 100vw, 1100px\" \/><button\n\t\t\tclass=\"lightbox-trigger\"\n\t\t\ttype=\"button\"\n\t\t\taria-haspopup=\"dialog\"\n\t\t\taria-label=\"Zv\u00e4\u010d\u0161i\u0165\"\n\t\t\tdata-wp-init=\"callbacks.initTriggerButton\"\n\t\t\tdata-wp-on--click=\"actions.showLightbox\"\n\t\t\tdata-wp-style--right=\"state.imageButtonRight\"\n\t\t\tdata-wp-style--top=\"state.imageButtonTop\"\n\t\t>\n\t\t\t<svg xmlns=\"http:\/\/www.w3.org\/2000\/svg\" width=\"12\" height=\"12\" fill=\"none\" viewBox=\"0 0 12 12\">\n\t\t\t\t<path fill=\"#fff\" d=\"M2 0a2 2 0 0 0-2 2v2h1.5V2a.5.5 0 0 1 .5-.5h2V0H2Zm2 10.5H2a.5.5 0 0 1-.5-.5V8H0v2a2 2 0 0 0 2 2h2v-1.5ZM8 12v-1.5h2a.5.5 0 0 0 .5-.5V8H12v2a2 2 0 0 1-2 2H8Zm2-12a2 2 0 0 1 2 2v2h-1.5V2a.5.5 0 0 0-.5-.5H8V0h2Z\" \/>\n\t\t\t<\/svg>\n\t\t<\/button><\/figure>\n<\/div>\n<\/div>\n\n<p>Je mimoriadne d\u00f4le\u017eit\u00e9 vedie\u0165, ktor\u00e9 \u00fadaje sa musia o\u010dak\u00e1va\u0165 pre ktor\u00fa met\u00f3du zabezpe\u010denia. <strong>Predp\u00ednacia sila <\/strong>(STF) je d\u00f4le\u017eit\u00e1 pri v\u0161etk\u00fdch met\u00f3dach zabezpe\u010denia s pou\u017eit\u00edm sily. <strong>Upev\u0148ovacia kapacita <\/strong>(LC) je rozhoduj\u00faca pre v\u0161etky met\u00f3dy upevnenia tvarovan\u00edm.  <\/p>\n\n<p>Samozrejme, v ka\u017edej met\u00f3de zabezpe\u010denia zohr\u00e1va d\u00f4le\u017eit\u00fa \u00falohu aj <strong>trenie <\/strong>. Plat\u00ed to najm\u00e4 pre trecie met\u00f3dy, ako je napr\u00edklad viazanie. Pri tejto met\u00f3de sa naj\u010dastej\u0161ie vyskytuj\u00fa najv\u00e4\u010d\u0161ie chyby.  <\/p>\n\n<div style=\"height:35px\" aria-hidden=\"true\" class=\"wp-block-spacer\"><\/div>\n\n<h2 class=\"wp-block-heading\">Praktick\u00e9 pr\u00edklady<\/h2>\n\n<div class=\"wp-block-columns is-layout-flex wp-container-core-columns-is-layout-28f84493 wp-block-columns-is-layout-flex\">\n<div class=\"wp-block-column is-layout-flow wp-block-column-is-layout-flow\">\n<figure data-wp-context=\"{&quot;imageId&quot;:&quot;69f539a6a7cb6&quot;}\" data-wp-interactive=\"core\/image\" data-wp-key=\"69f539a6a7cb6\" class=\"wp-block-image size-full wp-lightbox-container\"><img decoding=\"async\" width=\"583\" height=\"437\" data-wp-class--hide=\"state.isContentHidden\" data-wp-class--show=\"state.isContentVisible\" data-wp-init=\"callbacks.setButtonStyles\" data-wp-on--click=\"actions.showLightbox\" data-wp-on--load=\"callbacks.setButtonStyles\" data-wp-on-window--resize=\"callbacks.setButtonStyles\" src=\"https:\/\/rothschenk.de\/wp-content\/uploads\/2023\/02\/fehlanwendung-zurrgurt-falsche-anwendung-zurrwinkel-reibbeibwert-sicherungskraft-ladungsgewicht-rothschenk-blog.jpg\" alt=\"\" class=\"wp-image-151598\" style=\"aspect-ratio:4\/3;object-fit:cover\" srcset=\"https:\/\/rothschenk.de\/wp-content\/uploads\/2023\/02\/fehlanwendung-zurrgurt-falsche-anwendung-zurrwinkel-reibbeibwert-sicherungskraft-ladungsgewicht-rothschenk-blog.jpg 583w, https:\/\/rothschenk.de\/wp-content\/uploads\/2023\/02\/fehlanwendung-zurrgurt-falsche-anwendung-zurrwinkel-reibbeibwert-sicherungskraft-ladungsgewicht-rothschenk-blog-300x225.jpg 300w\" sizes=\"(max-width: 583px) 100vw, 583px\" \/><button\n\t\t\tclass=\"lightbox-trigger\"\n\t\t\ttype=\"button\"\n\t\t\taria-haspopup=\"dialog\"\n\t\t\taria-label=\"Zv\u00e4\u010d\u0161i\u0165\"\n\t\t\tdata-wp-init=\"callbacks.initTriggerButton\"\n\t\t\tdata-wp-on--click=\"actions.showLightbox\"\n\t\t\tdata-wp-style--right=\"state.imageButtonRight\"\n\t\t\tdata-wp-style--top=\"state.imageButtonTop\"\n\t\t>\n\t\t\t<svg xmlns=\"http:\/\/www.w3.org\/2000\/svg\" width=\"12\" height=\"12\" fill=\"none\" viewBox=\"0 0 12 12\">\n\t\t\t\t<path fill=\"#fff\" d=\"M2 0a2 2 0 0 0-2 2v2h1.5V2a.5.5 0 0 1 .5-.5h2V0H2Zm2 10.5H2a.5.5 0 0 1-.5-.5V8H0v2a2 2 0 0 0 2 2h2v-1.5ZM8 12v-1.5h2a.5.5 0 0 0 .5-.5V8H12v2a2 2 0 0 1-2 2H8Zm2-12a2 2 0 0 1 2 2v2h-1.5V2a.5.5 0 0 0-.5-.5H8V0h2Z\" \/>\n\t\t\t<\/svg>\n\t\t<\/button><\/figure>\n\n\n\n<p>Tento obr\u00e1zok ilustruje cel\u00fd probl\u00e9m s viazan\u00edm. Medzi v\u0161etk\u00fdmi vrstvami s\u00fa r\u00f4zne koeficienty trenia a uhol upevnenia sa v ka\u017edej vrstve men\u00ed. <\/p>\n\n\n\n<p>To znamen\u00e1, \u017ee po\u017eadovan\u00e1 zais\u0165ovacia sila, ktor\u00e1 vypl\u00fdva z hmotnosti n\u00e1kladu, nie je ani z\u010faleka dosiahnut\u00e1.<\/p>\n<\/div>\n\n\n\n<div class=\"wp-block-column is-layout-flow wp-block-column-is-layout-flow\">\n<figure data-wp-context=\"{&quot;imageId&quot;:&quot;69f539a6a7f6e&quot;}\" data-wp-interactive=\"core\/image\" data-wp-key=\"69f539a6a7f6e\" class=\"wp-block-image size-full wp-lightbox-container\"><img loading=\"lazy\" decoding=\"async\" width=\"609\" height=\"457\" data-wp-class--hide=\"state.isContentHidden\" data-wp-class--show=\"state.isContentVisible\" data-wp-init=\"callbacks.setButtonStyles\" data-wp-on--click=\"actions.showLightbox\" data-wp-on--load=\"callbacks.setButtonStyles\" data-wp-on-window--resize=\"callbacks.setButtonStyles\" src=\"https:\/\/rothschenk.de\/wp-content\/uploads\/2023\/02\/fehlanwendung-zurrgurt-falsche-anwendung-zurrwinkel-reibbeibwert-sicherungskraft-ladungsgewicht-rothschenk-blog-haken-bordwqand.jpg\" alt=\"\" class=\"wp-image-151585\" style=\"aspect-ratio:4\/3;object-fit:cover\" srcset=\"https:\/\/rothschenk.de\/wp-content\/uploads\/2023\/02\/fehlanwendung-zurrgurt-falsche-anwendung-zurrwinkel-reibbeibwert-sicherungskraft-ladungsgewicht-rothschenk-blog-haken-bordwqand.jpg 609w, https:\/\/rothschenk.de\/wp-content\/uploads\/2023\/02\/fehlanwendung-zurrgurt-falsche-anwendung-zurrwinkel-reibbeibwert-sicherungskraft-ladungsgewicht-rothschenk-blog-haken-bordwqand-300x225.jpg 300w, https:\/\/rothschenk.de\/wp-content\/uploads\/2023\/02\/fehlanwendung-zurrgurt-falsche-anwendung-zurrwinkel-reibbeibwert-sicherungskraft-ladungsgewicht-rothschenk-blog-haken-bordwqand-600x450.jpg 600w\" sizes=\"(max-width: 609px) 100vw, 609px\" \/><button\n\t\t\tclass=\"lightbox-trigger\"\n\t\t\ttype=\"button\"\n\t\t\taria-haspopup=\"dialog\"\n\t\t\taria-label=\"Zv\u00e4\u010d\u0161i\u0165\"\n\t\t\tdata-wp-init=\"callbacks.initTriggerButton\"\n\t\t\tdata-wp-on--click=\"actions.showLightbox\"\n\t\t\tdata-wp-style--right=\"state.imageButtonRight\"\n\t\t\tdata-wp-style--top=\"state.imageButtonTop\"\n\t\t>\n\t\t\t<svg xmlns=\"http:\/\/www.w3.org\/2000\/svg\" width=\"12\" height=\"12\" fill=\"none\" viewBox=\"0 0 12 12\">\n\t\t\t\t<path fill=\"#fff\" d=\"M2 0a2 2 0 0 0-2 2v2h1.5V2a.5.5 0 0 1 .5-.5h2V0H2Zm2 10.5H2a.5.5 0 0 1-.5-.5V8H0v2a2 2 0 0 0 2 2h2v-1.5ZM8 12v-1.5h2a.5.5 0 0 0 .5-.5V8H12v2a2 2 0 0 1-2 2H8Zm2-12a2 2 0 0 1 2 2v2h-1.5V2a.5.5 0 0 0-.5-.5H8V0h2Z\" \/>\n\t\t\t<\/svg>\n\t\t<\/button><\/figure>\n\n\n\n<p>Okrem toho maj\u00fa nap\u00ednacie popruhy len kr\u00e1tke p\u00e1kov\u00e9 pr\u00edtla\u010dn\u00e9 z\u00e1padky.<\/p>\n\n\n\n<p>Niektor\u00e9 z nich prech\u00e1dzaj\u00fa cez bo\u010dn\u00fa stranu a s\u00fa pripevnen\u00e9 k r\u00e1mu.<\/p>\n<\/div>\n<\/div>\n\n<div style=\"height:35px\" aria-hidden=\"true\" class=\"wp-block-spacer\"><\/div>\n\n<div class=\"wp-block-columns is-layout-flex wp-container-core-columns-is-layout-28f84493 wp-block-columns-is-layout-flex\">\n<div class=\"wp-block-column is-layout-flow wp-block-column-is-layout-flow\">\n<p>T\u00e1to vibra\u010dn\u00e1 doska tie\u017e nie je dostato\u010dne zabezpe\u010den\u00e1. P\u00e1s je veden\u00fd cez p\u00e1dov\u00fa stranu, \u010do zna\u010dne splo\u0161\u0165uje uhol upevnenia \u03b1 a v\u00fdrazne zni\u017euje vertik\u00e1lnu \u010das\u0165 zabezpe\u010dovacej sily. <\/p>\n\n\n\n<p>P\u00e1sy pravdepodobne presahuj\u00fa p\u00e1dov\u00fa hranu, preto\u017ee vozidlo bolo skon\u0161truovan\u00e9 na prepravu sypk\u00fdch materi\u00e1lov a nem\u00e1 \u017eiadne upev\u0148ovacie body. Vozidlo by preto nebolo vhodn\u00e9 na tak\u00fato prepravu. <\/p>\n<\/div>\n\n\n\n<div class=\"wp-block-column is-layout-flow wp-block-column-is-layout-flow\">\n<figure class=\"wp-block-image size-full\"><img loading=\"lazy\" decoding=\"async\" width=\"763\" height=\"572\" src=\"https:\/\/rothschenk.de\/wp-content\/uploads\/2023\/02\/fehlanwendung-zurrgurt-falsche-anwendung-zurrwinkel-reibbeibwert-sicherungskraft-ladungsgewicht-rothschenk-blog-ruettelplatte.jpg\" alt=\"\" class=\"wp-image-151589\" srcset=\"https:\/\/rothschenk.de\/wp-content\/uploads\/2023\/02\/fehlanwendung-zurrgurt-falsche-anwendung-zurrwinkel-reibbeibwert-sicherungskraft-ladungsgewicht-rothschenk-blog-ruettelplatte.jpg 763w, https:\/\/rothschenk.de\/wp-content\/uploads\/2023\/02\/fehlanwendung-zurrgurt-falsche-anwendung-zurrwinkel-reibbeibwert-sicherungskraft-ladungsgewicht-rothschenk-blog-ruettelplatte-300x225.jpg 300w, https:\/\/rothschenk.de\/wp-content\/uploads\/2023\/02\/fehlanwendung-zurrgurt-falsche-anwendung-zurrwinkel-reibbeibwert-sicherungskraft-ladungsgewicht-rothschenk-blog-ruettelplatte-600x450.jpg 600w\" sizes=\"(max-width: 763px) 100vw, 763px\" \/><\/figure>\n<\/div>\n<\/div>\n\n<div style=\"height:35px\" aria-hidden=\"true\" class=\"wp-block-spacer\"><\/div>\n\n<h2 class=\"wp-block-heading\">Preprava ve\u013ek\u00fdch spotrebi\u010dov<\/h2>\n\n<div class=\"wp-block-columns has-black-color has-text-color has-background has-link-color wp-elements-0b38dfd83619c09c04e5a82bb54e807a is-layout-flex wp-container-core-columns-is-layout-28f84493 wp-block-columns-is-layout-flex\" style=\"background-color:#f5f5f5\">\n<div class=\"wp-block-column is-vertically-aligned-center is-layout-flow wp-block-column-is-layout-flow\">\n<figure data-wp-context=\"{&quot;imageId&quot;:&quot;69f539a6a852f&quot;}\" data-wp-interactive=\"core\/image\" data-wp-key=\"69f539a6a852f\" class=\"wp-block-image size-medium wp-lightbox-container\"><img loading=\"lazy\" decoding=\"async\" width=\"300\" height=\"300\" data-wp-class--hide=\"state.isContentHidden\" data-wp-class--show=\"state.isContentVisible\" data-wp-init=\"callbacks.setButtonStyles\" data-wp-on--click=\"actions.showLightbox\" data-wp-on--load=\"callbacks.setButtonStyles\" data-wp-on-window--resize=\"callbacks.setButtonStyles\" src=\"https:\/\/rothschenk.de\/wp-content\/uploads\/2024\/03\/info-icon-rothschenk-schwarz-300x300.png\" alt=\"\" class=\"wp-image-146591\" srcset=\"https:\/\/rothschenk.de\/wp-content\/uploads\/2024\/03\/info-icon-rothschenk-schwarz-300x300.png 300w, https:\/\/rothschenk.de\/wp-content\/uploads\/2024\/03\/info-icon-rothschenk-schwarz-150x150.png 150w, https:\/\/rothschenk.de\/wp-content\/uploads\/2024\/03\/info-icon-rothschenk-schwarz-768x768.png 768w, https:\/\/rothschenk.de\/wp-content\/uploads\/2024\/03\/info-icon-rothschenk-schwarz-600x600.png 600w, https:\/\/rothschenk.de\/wp-content\/uploads\/2024\/03\/info-icon-rothschenk-schwarz-100x100.png 100w, https:\/\/rothschenk.de\/wp-content\/uploads\/2024\/03\/info-icon-rothschenk-schwarz.png 1024w\" sizes=\"(max-width: 300px) 100vw, 300px\" \/><button\n\t\t\tclass=\"lightbox-trigger\"\n\t\t\ttype=\"button\"\n\t\t\taria-haspopup=\"dialog\"\n\t\t\taria-label=\"Zv\u00e4\u010d\u0161i\u0165\"\n\t\t\tdata-wp-init=\"callbacks.initTriggerButton\"\n\t\t\tdata-wp-on--click=\"actions.showLightbox\"\n\t\t\tdata-wp-style--right=\"state.imageButtonRight\"\n\t\t\tdata-wp-style--top=\"state.imageButtonTop\"\n\t\t>\n\t\t\t<svg xmlns=\"http:\/\/www.w3.org\/2000\/svg\" width=\"12\" height=\"12\" fill=\"none\" viewBox=\"0 0 12 12\">\n\t\t\t\t<path fill=\"#fff\" d=\"M2 0a2 2 0 0 0-2 2v2h1.5V2a.5.5 0 0 1 .5-.5h2V0H2Zm2 10.5H2a.5.5 0 0 1-.5-.5V8H0v2a2 2 0 0 0 2 2h2v-1.5ZM8 12v-1.5h2a.5.5 0 0 0 .5-.5V8H12v2a2 2 0 0 1-2 2H8Zm2-12a2 2 0 0 1 2 2v2h-1.5V2a.5.5 0 0 0-.5-.5H8V0h2Z\" \/>\n\t\t\t<\/svg>\n\t\t<\/button><\/figure>\n<\/div>\n\n\n\n<div class=\"wp-block-column is-vertically-aligned-center is-layout-flow wp-block-column-is-layout-flow\" style=\"flex-basis:75%\">\n<p>Bez podrobn\u00e9ho v\u00fdpo\u010dtu mo\u017eno predpoklada\u0165, \u017ee n\u00e1sledn\u00e9 za\u0165a\u017eenie je s ve\u013ekou pravdepodobnos\u0165ou nedostato\u010dne zabezpe\u010den\u00e9.<\/p>\n\n\n\n<p>Pou\u017eitie LC zabezpe\u010dovac\u00edch zariaden\u00ed je \u010dasto u\u017eito\u010dn\u00e9 pri preprave ve\u013ek\u00fdch zariaden\u00ed, preto\u017ee ve\u013ek\u00e9 hmotnosti sa daj\u00fa zabezpe\u010di\u0165 s pomerne mal\u00fdm \u00fasil\u00edm.<\/p>\n\n\n\n<p>Typick\u00fdm pr\u00edkladom s\u00fa r\u00fdpadl\u00e1 a zariadenia staveniska. Aj tu sa v\u0161ak robia chyby. <\/p>\n<\/div>\n<\/div>\n\n<div style=\"height:35px\" aria-hidden=\"true\" class=\"wp-block-spacer\"><\/div>\n\n<div class=\"wp-block-columns is-layout-flex wp-container-core-columns-is-layout-28f84493 wp-block-columns-is-layout-flex\">\n<div class=\"wp-block-column is-layout-flow wp-block-column-is-layout-flow\" style=\"flex-basis:50%\">\n<figure data-wp-context=\"{&quot;imageId&quot;:&quot;69f539a6a8aa4&quot;}\" data-wp-interactive=\"core\/image\" data-wp-key=\"69f539a6a8aa4\" class=\"wp-block-image alignleft size-full is-resized wp-lightbox-container\"><img loading=\"lazy\" decoding=\"async\" width=\"871\" height=\"653\" data-wp-class--hide=\"state.isContentHidden\" data-wp-class--show=\"state.isContentVisible\" data-wp-init=\"callbacks.setButtonStyles\" data-wp-on--click=\"actions.showLightbox\" data-wp-on--load=\"callbacks.setButtonStyles\" data-wp-on-window--resize=\"callbacks.setButtonStyles\" src=\"https:\/\/rothschenk.de\/wp-content\/uploads\/2023\/02\/fehlanwendung-zurrgurt-falsche-anwendung-zurrwinkel-reibbeibwert-sicherungskraft-ladungsgewicht-rothschenk-blog-bagger.jpg\" alt=\"\" class=\"wp-image-151579\" style=\"object-fit:cover;width:400px;height:300px\" srcset=\"https:\/\/rothschenk.de\/wp-content\/uploads\/2023\/02\/fehlanwendung-zurrgurt-falsche-anwendung-zurrwinkel-reibbeibwert-sicherungskraft-ladungsgewicht-rothschenk-blog-bagger.jpg 871w, https:\/\/rothschenk.de\/wp-content\/uploads\/2023\/02\/fehlanwendung-zurrgurt-falsche-anwendung-zurrwinkel-reibbeibwert-sicherungskraft-ladungsgewicht-rothschenk-blog-bagger-300x225.jpg 300w, https:\/\/rothschenk.de\/wp-content\/uploads\/2023\/02\/fehlanwendung-zurrgurt-falsche-anwendung-zurrwinkel-reibbeibwert-sicherungskraft-ladungsgewicht-rothschenk-blog-bagger-768x576.jpg 768w, https:\/\/rothschenk.de\/wp-content\/uploads\/2023\/02\/fehlanwendung-zurrgurt-falsche-anwendung-zurrwinkel-reibbeibwert-sicherungskraft-ladungsgewicht-rothschenk-blog-bagger-600x450.jpg 600w\" sizes=\"(max-width: 871px) 100vw, 871px\" \/><button\n\t\t\tclass=\"lightbox-trigger\"\n\t\t\ttype=\"button\"\n\t\t\taria-haspopup=\"dialog\"\n\t\t\taria-label=\"Zv\u00e4\u010d\u0161i\u0165\"\n\t\t\tdata-wp-init=\"callbacks.initTriggerButton\"\n\t\t\tdata-wp-on--click=\"actions.showLightbox\"\n\t\t\tdata-wp-style--right=\"state.imageButtonRight\"\n\t\t\tdata-wp-style--top=\"state.imageButtonTop\"\n\t\t>\n\t\t\t<svg xmlns=\"http:\/\/www.w3.org\/2000\/svg\" width=\"12\" height=\"12\" fill=\"none\" viewBox=\"0 0 12 12\">\n\t\t\t\t<path fill=\"#fff\" d=\"M2 0a2 2 0 0 0-2 2v2h1.5V2a.5.5 0 0 1 .5-.5h2V0H2Zm2 10.5H2a.5.5 0 0 1-.5-.5V8H0v2a2 2 0 0 0 2 2h2v-1.5ZM8 12v-1.5h2a.5.5 0 0 0 .5-.5V8H12v2a2 2 0 0 1-2 2H8Zm2-12a2 2 0 0 1 2 2v2h-1.5V2a.5.5 0 0 0-.5-.5H8V0h2Z\" \/>\n\t\t\t<\/svg>\n\t\t<\/button><\/figure>\n<\/div>\n\n\n\n<div class=\"wp-block-column is-layout-flow wp-block-column-is-layout-flow\" style=\"flex-basis:50%\">\n<p>Jednou z naj\u010dastej\u0161\u00edch ch\u00fdb je, \u017ee reme\u0148 alebo re\u0165az je prevle\u010den\u00e1 cez vle\u010dn\u00e9 oko.<\/p>\n\n\n\n<p>V tomto pr\u00edpade re\u0165az p\u00f4sob\u00ed len v smere jazdy, ale nie do strany.<\/p>\n\n\n\n<p>To m\u00e1 negat\u00edvny vplyv na to, \u017ee v pr\u00edpade ot\u00e1\u010dav\u00e9ho pohybu m\u00f4\u017ee stroj sk\u013aznu\u0165 do strany, \u010do sp\u00f4sob\u00ed posunutie celkov\u00e9ho \u0165a\u017eiska jazdnej s\u00fapravy. V\u00fdsledkom by bolo prevr\u00e1tenie. <\/p>\n<\/div>\n<\/div>\n\n<div class=\"wp-block-columns is-layout-flex wp-container-core-columns-is-layout-28f84493 wp-block-columns-is-layout-flex\">\n<div class=\"wp-block-column is-layout-flow wp-block-column-is-layout-flow\" style=\"flex-basis:50%\">\n<figure data-wp-context=\"{&quot;imageId&quot;:&quot;69f539a6a8eb2&quot;}\" data-wp-interactive=\"core\/image\" data-wp-key=\"69f539a6a8eb2\" class=\"wp-block-image alignleft size-full is-resized wp-lightbox-container\"><img loading=\"lazy\" decoding=\"async\" width=\"877\" height=\"657\" data-wp-class--hide=\"state.isContentHidden\" data-wp-class--show=\"state.isContentVisible\" data-wp-init=\"callbacks.setButtonStyles\" data-wp-on--click=\"actions.showLightbox\" data-wp-on--load=\"callbacks.setButtonStyles\" data-wp-on-window--resize=\"callbacks.setButtonStyles\" src=\"https:\/\/rothschenk.de\/wp-content\/uploads\/2023\/02\/fehlanwendung-zurrgurt-falsche-anwendung-zurrwinkel-reibbeibwert-sicherungskraft-ladungsgewicht-rothschenk-blog-bagger-winkel.jpg\" alt=\"\" class=\"wp-image-151582\" style=\"object-fit:cover;width:400px;height:300px\" srcset=\"https:\/\/rothschenk.de\/wp-content\/uploads\/2023\/02\/fehlanwendung-zurrgurt-falsche-anwendung-zurrwinkel-reibbeibwert-sicherungskraft-ladungsgewicht-rothschenk-blog-bagger-winkel.jpg 877w, https:\/\/rothschenk.de\/wp-content\/uploads\/2023\/02\/fehlanwendung-zurrgurt-falsche-anwendung-zurrwinkel-reibbeibwert-sicherungskraft-ladungsgewicht-rothschenk-blog-bagger-winkel-300x225.jpg 300w, https:\/\/rothschenk.de\/wp-content\/uploads\/2023\/02\/fehlanwendung-zurrgurt-falsche-anwendung-zurrwinkel-reibbeibwert-sicherungskraft-ladungsgewicht-rothschenk-blog-bagger-winkel-768x575.jpg 768w, https:\/\/rothschenk.de\/wp-content\/uploads\/2023\/02\/fehlanwendung-zurrgurt-falsche-anwendung-zurrwinkel-reibbeibwert-sicherungskraft-ladungsgewicht-rothschenk-blog-bagger-winkel-600x449.jpg 600w\" sizes=\"(max-width: 877px) 100vw, 877px\" \/><button\n\t\t\tclass=\"lightbox-trigger\"\n\t\t\ttype=\"button\"\n\t\t\taria-haspopup=\"dialog\"\n\t\t\taria-label=\"Zv\u00e4\u010d\u0161i\u0165\"\n\t\t\tdata-wp-init=\"callbacks.initTriggerButton\"\n\t\t\tdata-wp-on--click=\"actions.showLightbox\"\n\t\t\tdata-wp-style--right=\"state.imageButtonRight\"\n\t\t\tdata-wp-style--top=\"state.imageButtonTop\"\n\t\t>\n\t\t\t<svg xmlns=\"http:\/\/www.w3.org\/2000\/svg\" width=\"12\" height=\"12\" fill=\"none\" viewBox=\"0 0 12 12\">\n\t\t\t\t<path fill=\"#fff\" d=\"M2 0a2 2 0 0 0-2 2v2h1.5V2a.5.5 0 0 1 .5-.5h2V0H2Zm2 10.5H2a.5.5 0 0 1-.5-.5V8H0v2a2 2 0 0 0 2 2h2v-1.5ZM8 12v-1.5h2a.5.5 0 0 0 .5-.5V8H12v2a2 2 0 0 1-2 2H8Zm2-12a2 2 0 0 1 2 2v2h-1.5V2a.5.5 0 0 0-.5-.5H8V0h2Z\" \/>\n\t\t\t<\/svg>\n\t\t<\/button><\/figure>\n<\/div>\n\n\n\n<div class=\"wp-block-column is-layout-flow wp-block-column-is-layout-flow\" style=\"flex-basis:50%\">\n<p>Tento stroj m\u00e1 tri upev\u0148ovacie body (\u017elt\u00e9 kruhy), ktor\u00e9 v\u0161ak neboli optim\u00e1lne vyu\u017eit\u00e9.<\/p>\n\n\n\n<p>Uhol vyviazania \u03b1 (\u010derven\u00fd) je nepriazniv\u00fd, preto\u017ee je pr\u00edli\u0161 ve\u013ek\u00fd, uhol vyviazania \u03b2 (modr\u00fd) je v poriadku. Upev\u0148ovacie sily v smere jazdy s\u00fa podstatne v\u00e4\u010d\u0161ie ako sily do str\u00e1n. <\/p>\n\n\n\n<p>Diagon\u00e1lne upevnenie by bolo lep\u0161\u00edm rie\u0161en\u00edm bez dodato\u010dnej n\u00e1mahy, preto\u017ee oba uhly upevnenia optim\u00e1lne pren\u00e1\u0161aj\u00fa sily pozd\u013a\u017ene aj prie\u010dne.<\/p>\n\n\n\n<p>Obe re\u0165aze by bolo mo\u017en\u00e9 upevni\u0165 aj do oka na uv\u00e4zovanie.<\/p>\n<\/div>\n<\/div>\n\n<p>V\u00e1\u0161, Sigurd Ehringer<\/p>\n\n<div style=\"height:50px\" aria-hidden=\"true\" class=\"wp-block-spacer\"><\/div>\n\n<div class=\"wp-block-columns is-layout-flex wp-container-core-columns-is-layout-28f84493 wp-block-columns-is-layout-flex\">\n<div class=\"wp-block-column is-layout-flow wp-block-column-is-layout-flow\">\n<p>&lt;&lt;  Predch\u00e1dzaj\u00faci pr\u00edspevok<br\/><a href=\"https:\/\/rothschenk.de\/sk\/epizoda-27-a-co-uhly-upevnenia\/\">Epiz\u00f3da 27: A \u010do uhly vyviazania?<\/a><\/p>\n<\/div>\n\n\n\n<div class=\"wp-block-column is-layout-flow wp-block-column-is-layout-flow\">\n<p class=\"has-text-align-right\">\u010eal\u0161\u00ed \u010dl\u00e1nok &gt;&gt; <br\/><a href=\"https:\/\/rothschenk.de\/folge-29-ablegereife-von-zurrgurten-die-kriterien\/\"> Epiz\u00f3da 29: Vyradenie zrelosti upev\u0148ovac\u00edch popruhov &#8211; krit\u00e9ri\u00e1<\/a><\/p>\n<\/div>\n<\/div>\n\n<div class=\"wp-block-columns alignfull are-vertically-aligned-center has-background is-layout-flex wp-container-core-columns-is-layout-28f84493 wp-block-columns-is-layout-flex\" style=\"background-color:#516062\">\n<div class=\"wp-block-column blog_autor_zusatz is-layout-flow wp-block-column-is-layout-flow\" style=\"flex-basis:10vw\"><\/div>\n\n\n\n<div class=\"wp-block-column is-vertically-aligned-center is-layout-flow wp-block-column-is-layout-flow\" style=\"flex-basis:20%\">\n<figure class=\"wp-block-image aligncenter size-large is-resized is-style-rounded\"><img loading=\"lazy\" decoding=\"async\" width=\"1024\" height=\"1024\" src=\"https:\/\/rothschenk.de\/wp-content\/uploads\/2024\/02\/sigurd-ehringer-ladungssicherung-ausbilder-und-berater-1024x1024.jpg\" alt=\"\" class=\"wp-image-143199\" style=\"width:150px\" srcset=\"https:\/\/rothschenk.de\/wp-content\/uploads\/2024\/02\/sigurd-ehringer-ladungssicherung-ausbilder-und-berater-1024x1024.jpg 1024w, https:\/\/rothschenk.de\/wp-content\/uploads\/2024\/02\/sigurd-ehringer-ladungssicherung-ausbilder-und-berater-300x300.jpg 300w, https:\/\/rothschenk.de\/wp-content\/uploads\/2024\/02\/sigurd-ehringer-ladungssicherung-ausbilder-und-berater-150x150.jpg 150w, https:\/\/rothschenk.de\/wp-content\/uploads\/2024\/02\/sigurd-ehringer-ladungssicherung-ausbilder-und-berater-768x767.jpg 768w, https:\/\/rothschenk.de\/wp-content\/uploads\/2024\/02\/sigurd-ehringer-ladungssicherung-ausbilder-und-berater-600x600.jpg 600w, https:\/\/rothschenk.de\/wp-content\/uploads\/2024\/02\/sigurd-ehringer-ladungssicherung-ausbilder-und-berater-100x100.jpg 100w, https:\/\/rothschenk.de\/wp-content\/uploads\/2024\/02\/sigurd-ehringer-ladungssicherung-ausbilder-und-berater.jpg 1500w\" sizes=\"(max-width: 1024px) 100vw, 1024px\" \/><\/figure>\n<\/div>\n\n\n\n<div class=\"wp-block-column is-vertically-aligned-center is-layout-flow wp-block-column-is-layout-flow\"><div class=\"wp-block-post-author\"><div class=\"wp-block-post-author__content\"><p class=\"wp-block-post-author__name\">Sigurd Ehringer<\/p><p class=\"wp-block-post-author__bio\">\u2714 VDI-zertifizierter Ausbilder f\u00fcr Ladungssicherung\r\n\u2714 Fachbuch-Autor\r\n\u2714 8 Jahre Projektmanager\r\n\u2714 12 Jahre bei der Bundeswehr (Kompaniechef)\r\n\u2714 20 Jahre Vertriebserfahrung\r\n\u2714 seit 1996 Berater\/Ausbilder in der Logistik\r\n\u2714 44 Jahre Ausbilder\/Trainer in verschiedenen Bereichen &#8212;&gt;\r\n\r\nIn einer Reihe von Fachbeitr\u00e4gen aus der Praxis, zu Themen rund um den Container und LKW, erhalten Sie Profiwissen aus erster Hand. Wie sichert man Ladung korrekt und was sind die Grundlagen der Ladungssicherung?\r\nErarbeitet und vorgestellt werden sie von Sigurd Ehringer, Inhaber von <a href=\"http:\/\/www.se-logcon.de\/\">SE-LogCon<\/a>.<\/p><\/div><\/div><\/div>\n\n\n\n<div class=\"wp-block-column blog_autor_zusatz is-layout-flow wp-block-column-is-layout-flow\" style=\"flex-basis:10vw\"><\/div>\n<\/div>\n","protected":false},"excerpt":{"rendered":"<p>Jednou z naj\u010dastej\u0161\u00edch ch\u00fdb pri zais\u0165ovan\u00ed n\u00e1kladu je, \u017ee najd\u00f4le\u017eitej\u0161ie prvky nap\u00ednacieho zariadenia, \u010di u\u017e ide o remene, re\u0165aze alebo lan\u00e1, nie s\u00fa efekt\u00edvne implementovan\u00e9. Tieto d\u00f4le\u017eit\u00e9 vlastnosti n\u00e1jdete na \u0161t\u00edtku p\u00e1su alebo na retiazke\/pr\u00edvesku. Je mimoriadne d\u00f4le\u017eit\u00e9 vedie\u0165, ktor\u00e9 \u00fadaje sa musia o\u010dak\u00e1va\u0165 pre ktor\u00fa met\u00f3du zabezpe\u010denia. Predp\u00ednacia sila (STF) je d\u00f4le\u017eit\u00e1 pri v\u0161etk\u00fdch [&hellip;]<\/p>\n","protected":false},"author":1536,"featured_media":679933,"comment_status":"open","ping_status":"closed","sticky":false,"template":"","format":"standard","meta":{"_acf_changed":false,"footnotes":""},"categories":[872,874,892],"tags":[],"class_list":["post-679924","post","type-post","status-publish","format-standard","has-post-thumbnail","hentry","category-cargo-blog-sk","category-fyzicka-stranka-sk","category-lorry-sk"],"acf":[],"yoast_head":"<!-- This site is optimized with the Yoast SEO plugin v27.5 - https:\/\/yoast.com\/product\/yoast-seo-wordpress\/ -->\n<title>BLOG: Predp\u00ednacia sila STF a upev\u0148ovacia kapacita LC - odborne vysvetlen\u00e9 - Rothschenk<\/title>\n<meta name=\"description\" content=\"STF\/LC &gt;&gt; Ak\u00fd je rozdiel medzi predp\u00ednacou a upev\u0148ovacou silou? \u2714 Praktick\u00e9 pr\u00edklady \u2714 Predch\u00e1dzanie chyb\u00e1m \u2714 Technick\u00fd \u010dl\u00e1nok so Sigurdom Ehringerom\" \/>\n<meta name=\"robots\" content=\"index, follow, max-snippet:-1, max-image-preview:large, max-video-preview:-1\" \/>\n<link rel=\"canonical\" href=\"https:\/\/rothschenk.de\/sk\/sekvencia-28-predpinacia-sila-stf-a-upevnovacia-kapacita-lc\/\" \/>\n<meta property=\"og:locale\" content=\"sk_SK\" \/>\n<meta property=\"og:type\" content=\"article\" \/>\n<meta property=\"og:title\" content=\"BLOG: Predp\u00ednacia sila STF a upev\u0148ovacia kapacita LC - odborne vysvetlen\u00e9 - Rothschenk\" \/>\n<meta property=\"og:description\" content=\"STF\/LC &gt;&gt; Ak\u00fd je rozdiel medzi predp\u00ednacou a upev\u0148ovacou silou? \u2714 Praktick\u00e9 pr\u00edklady \u2714 Predch\u00e1dzanie chyb\u00e1m \u2714 Technick\u00fd \u010dl\u00e1nok so Sigurdom Ehringerom\" \/>\n<meta property=\"og:url\" content=\"https:\/\/rothschenk.de\/sk\/sekvencia-28-predpinacia-sila-stf-a-upevnovacia-kapacita-lc\/\" \/>\n<meta property=\"og:site_name\" content=\"Rothschenk\" \/>\n<meta property=\"article:publisher\" content=\"https:\/\/de-de.facebook.com\/FirmaRothschenk\/\" \/>\n<meta property=\"article:published_time\" content=\"2023-02-02T12:07:09+00:00\" \/>\n<meta property=\"article:modified_time\" content=\"2025-06-30T14:57:05+00:00\" \/>\n<meta property=\"og:image\" content=\"https:\/\/rothschenk.de\/wp-content\/uploads\/2022\/10\/folge-28-vorspannkraft-stf-und-zurrkraft-lc.jpg\" \/>\n\t<meta property=\"og:image:width\" content=\"1920\" \/>\n\t<meta property=\"og:image:height\" content=\"1078\" \/>\n\t<meta property=\"og:image:type\" content=\"image\/jpeg\" \/>\n<meta name=\"author\" content=\"Sigurd Ehringer\" \/>\n<meta name=\"twitter:card\" content=\"summary_large_image\" \/>\n<meta name=\"twitter:label1\" content=\"Autor\" \/>\n\t<meta name=\"twitter:data1\" content=\"Sigurd Ehringer\" \/>\n\t<meta name=\"twitter:label2\" content=\"Predpokladan\u00fd \u010das \u010d\u00edtania\" \/>\n\t<meta name=\"twitter:data2\" content=\"3 min\u00faty\" \/>\n<script type=\"application\/ld+json\" class=\"yoast-schema-graph\">{\"@context\":\"https:\\\/\\\/schema.org\",\"@graph\":[{\"@type\":\"Article\",\"@id\":\"https:\\\/\\\/rothschenk.de\\\/sk\\\/sekvencia-28-predpinacia-sila-stf-a-upevnovacia-kapacita-lc\\\/#article\",\"isPartOf\":{\"@id\":\"https:\\\/\\\/rothschenk.de\\\/sk\\\/sekvencia-28-predpinacia-sila-stf-a-upevnovacia-kapacita-lc\\\/\"},\"author\":{\"name\":\"Sigurd Ehringer\",\"@id\":\"https:\\\/\\\/rothschenk.de\\\/sk\\\/#\\\/schema\\\/person\\\/8878c3ce4ac9607e11b12c500ead07e8\"},\"headline\":\"Sekvencia 28: Predp\u00ednacia sila (STF) a upev\u0148ovacia kapacita (LC)\",\"datePublished\":\"2023-02-02T12:07:09+00:00\",\"dateModified\":\"2025-06-30T14:57:05+00:00\",\"mainEntityOfPage\":{\"@id\":\"https:\\\/\\\/rothschenk.de\\\/sk\\\/sekvencia-28-predpinacia-sila-stf-a-upevnovacia-kapacita-lc\\\/\"},\"wordCount\":596,\"commentCount\":0,\"image\":{\"@id\":\"https:\\\/\\\/rothschenk.de\\\/sk\\\/sekvencia-28-predpinacia-sila-stf-a-upevnovacia-kapacita-lc\\\/#primaryimage\"},\"thumbnailUrl\":\"https:\\\/\\\/rothschenk.de\\\/wp-content\\\/uploads\\\/2022\\\/10\\\/folge-28-vorspannkraft-stf-und-zurrkraft-lc.jpg\",\"articleSection\":[\"Cargo Blog\",\"Fyzick\u00e1 str\u00e1nka\",\"LORRY\"],\"inLanguage\":\"sk-SK\",\"potentialAction\":[{\"@type\":\"CommentAction\",\"name\":\"Comment\",\"target\":[\"https:\\\/\\\/rothschenk.de\\\/sk\\\/sekvencia-28-predpinacia-sila-stf-a-upevnovacia-kapacita-lc\\\/#respond\"]}]},{\"@type\":\"WebPage\",\"@id\":\"https:\\\/\\\/rothschenk.de\\\/sk\\\/sekvencia-28-predpinacia-sila-stf-a-upevnovacia-kapacita-lc\\\/\",\"url\":\"https:\\\/\\\/rothschenk.de\\\/sk\\\/sekvencia-28-predpinacia-sila-stf-a-upevnovacia-kapacita-lc\\\/\",\"name\":\"BLOG: Predp\u00ednacia sila STF a upev\u0148ovacia kapacita LC - odborne vysvetlen\u00e9 - Rothschenk\",\"isPartOf\":{\"@id\":\"https:\\\/\\\/rothschenk.de\\\/sk\\\/#website\"},\"primaryImageOfPage\":{\"@id\":\"https:\\\/\\\/rothschenk.de\\\/sk\\\/sekvencia-28-predpinacia-sila-stf-a-upevnovacia-kapacita-lc\\\/#primaryimage\"},\"image\":{\"@id\":\"https:\\\/\\\/rothschenk.de\\\/sk\\\/sekvencia-28-predpinacia-sila-stf-a-upevnovacia-kapacita-lc\\\/#primaryimage\"},\"thumbnailUrl\":\"https:\\\/\\\/rothschenk.de\\\/wp-content\\\/uploads\\\/2022\\\/10\\\/folge-28-vorspannkraft-stf-und-zurrkraft-lc.jpg\",\"datePublished\":\"2023-02-02T12:07:09+00:00\",\"dateModified\":\"2025-06-30T14:57:05+00:00\",\"author\":{\"@id\":\"https:\\\/\\\/rothschenk.de\\\/sk\\\/#\\\/schema\\\/person\\\/8878c3ce4ac9607e11b12c500ead07e8\"},\"description\":\"STF\\\/LC >> Ak\u00fd je rozdiel medzi predp\u00ednacou a upev\u0148ovacou silou? \u2714 Praktick\u00e9 pr\u00edklady \u2714 Predch\u00e1dzanie chyb\u00e1m \u2714 Technick\u00fd \u010dl\u00e1nok so Sigurdom Ehringerom\",\"breadcrumb\":{\"@id\":\"https:\\\/\\\/rothschenk.de\\\/sk\\\/sekvencia-28-predpinacia-sila-stf-a-upevnovacia-kapacita-lc\\\/#breadcrumb\"},\"inLanguage\":\"sk-SK\",\"potentialAction\":[{\"@type\":\"ReadAction\",\"target\":[\"https:\\\/\\\/rothschenk.de\\\/sk\\\/sekvencia-28-predpinacia-sila-stf-a-upevnovacia-kapacita-lc\\\/\"]}]},{\"@type\":\"ImageObject\",\"inLanguage\":\"sk-SK\",\"@id\":\"https:\\\/\\\/rothschenk.de\\\/sk\\\/sekvencia-28-predpinacia-sila-stf-a-upevnovacia-kapacita-lc\\\/#primaryimage\",\"url\":\"https:\\\/\\\/rothschenk.de\\\/wp-content\\\/uploads\\\/2022\\\/10\\\/folge-28-vorspannkraft-stf-und-zurrkraft-lc.jpg\",\"contentUrl\":\"https:\\\/\\\/rothschenk.de\\\/wp-content\\\/uploads\\\/2022\\\/10\\\/folge-28-vorspannkraft-stf-und-zurrkraft-lc.jpg\",\"width\":1920,\"height\":1078},{\"@type\":\"BreadcrumbList\",\"@id\":\"https:\\\/\\\/rothschenk.de\\\/sk\\\/sekvencia-28-predpinacia-sila-stf-a-upevnovacia-kapacita-lc\\\/#breadcrumb\",\"itemListElement\":[{\"@type\":\"ListItem\",\"position\":1,\"name\":\"Domovsk\u00e1 str\u00e1nka\",\"item\":\"https:\\\/\\\/rothschenk.de\\\/sk\\\/domovska-stranka\\\/\"},{\"@type\":\"ListItem\",\"position\":2,\"name\":\"Sekvencia 28: Predp\u00ednacia sila (STF) a upev\u0148ovacia kapacita (LC)\"}]},{\"@type\":\"WebSite\",\"@id\":\"https:\\\/\\\/rothschenk.de\\\/sk\\\/#website\",\"url\":\"https:\\\/\\\/rothschenk.de\\\/sk\\\/\",\"name\":\"Rothschenk - Der Online Shop f\u00fcr Ladungssicherung\",\"description\":\"Der Online Shop f\u00fcr Ladungssicherung\",\"potentialAction\":[{\"@type\":\"SearchAction\",\"target\":{\"@type\":\"EntryPoint\",\"urlTemplate\":\"https:\\\/\\\/rothschenk.de\\\/sk\\\/?s={search_term_string}\"},\"query-input\":{\"@type\":\"PropertyValueSpecification\",\"valueRequired\":true,\"valueName\":\"search_term_string\"}}],\"inLanguage\":\"sk-SK\"},{\"@type\":\"Person\",\"@id\":\"https:\\\/\\\/rothschenk.de\\\/sk\\\/#\\\/schema\\\/person\\\/8878c3ce4ac9607e11b12c500ead07e8\",\"name\":\"Sigurd Ehringer\",\"image\":{\"@type\":\"ImageObject\",\"inLanguage\":\"sk-SK\",\"@id\":\"https:\\\/\\\/rothschenk.de\\\/wp-content\\\/uploads\\\/2024\\\/02\\\/sigurd-ehringer-ladungssicherung-ausbilder-und-berater-96x96.jpg\",\"url\":\"https:\\\/\\\/rothschenk.de\\\/wp-content\\\/uploads\\\/2024\\\/02\\\/sigurd-ehringer-ladungssicherung-ausbilder-und-berater-96x96.jpg\",\"contentUrl\":\"https:\\\/\\\/rothschenk.de\\\/wp-content\\\/uploads\\\/2024\\\/02\\\/sigurd-ehringer-ladungssicherung-ausbilder-und-berater-96x96.jpg\",\"caption\":\"Sigurd Ehringer\"},\"description\":\"\u2714 VDI-zertifizierter Ausbilder f\u00fcr Ladungssicherung \u2714 Fachbuch-Autor \u2714 8 Jahre Projektmanager \u2714 12 Jahre bei der Bundeswehr (Kompaniechef) \u2714 20 Jahre Vertriebserfahrung \u2714 seit 1996 Berater\\\/Ausbilder in der Logistik \u2714 44 Jahre Ausbilder\\\/Trainer in verschiedenen Bereichen ---&gt; In einer Reihe von Fachbeitr\u00e4gen aus der Praxis, zu Themen rund um den Container und LKW, erhalten Sie Profiwissen aus erster Hand. Wie sichert man Ladung korrekt und was sind die Grundlagen der Ladungssicherung? Erarbeitet und vorgestellt werden sie von Sigurd Ehringer, Inhaber von SE-LogCon.\",\"url\":\"https:\\\/\\\/rothschenk.de\\\/sk\\\/author\\\/sigurd-ehringer\\\/\"}]}<\/script>\n<!-- \/ Yoast SEO plugin. -->","yoast_head_json":{"title":"BLOG: Predp\u00ednacia sila STF a upev\u0148ovacia kapacita LC - odborne vysvetlen\u00e9 - Rothschenk","description":"STF\/LC >> Ak\u00fd je rozdiel medzi predp\u00ednacou a upev\u0148ovacou silou? \u2714 Praktick\u00e9 pr\u00edklady \u2714 Predch\u00e1dzanie chyb\u00e1m \u2714 Technick\u00fd \u010dl\u00e1nok so Sigurdom Ehringerom","robots":{"index":"index","follow":"follow","max-snippet":"max-snippet:-1","max-image-preview":"max-image-preview:large","max-video-preview":"max-video-preview:-1"},"canonical":"https:\/\/rothschenk.de\/sk\/sekvencia-28-predpinacia-sila-stf-a-upevnovacia-kapacita-lc\/","og_locale":"sk_SK","og_type":"article","og_title":"BLOG: Predp\u00ednacia sila STF a upev\u0148ovacia kapacita LC - odborne vysvetlen\u00e9 - Rothschenk","og_description":"STF\/LC >> Ak\u00fd je rozdiel medzi predp\u00ednacou a upev\u0148ovacou silou? \u2714 Praktick\u00e9 pr\u00edklady \u2714 Predch\u00e1dzanie chyb\u00e1m \u2714 Technick\u00fd \u010dl\u00e1nok so Sigurdom Ehringerom","og_url":"https:\/\/rothschenk.de\/sk\/sekvencia-28-predpinacia-sila-stf-a-upevnovacia-kapacita-lc\/","og_site_name":"Rothschenk","article_publisher":"https:\/\/de-de.facebook.com\/FirmaRothschenk\/","article_published_time":"2023-02-02T12:07:09+00:00","article_modified_time":"2025-06-30T14:57:05+00:00","og_image":[{"width":1920,"height":1078,"url":"https:\/\/rothschenk.de\/wp-content\/uploads\/2022\/10\/folge-28-vorspannkraft-stf-und-zurrkraft-lc.jpg","type":"image\/jpeg"}],"author":"Sigurd Ehringer","twitter_card":"summary_large_image","twitter_misc":{"Autor":"Sigurd Ehringer","Predpokladan\u00fd \u010das \u010d\u00edtania":"3 min\u00faty"},"schema":{"@context":"https:\/\/schema.org","@graph":[{"@type":"Article","@id":"https:\/\/rothschenk.de\/sk\/sekvencia-28-predpinacia-sila-stf-a-upevnovacia-kapacita-lc\/#article","isPartOf":{"@id":"https:\/\/rothschenk.de\/sk\/sekvencia-28-predpinacia-sila-stf-a-upevnovacia-kapacita-lc\/"},"author":{"name":"Sigurd Ehringer","@id":"https:\/\/rothschenk.de\/sk\/#\/schema\/person\/8878c3ce4ac9607e11b12c500ead07e8"},"headline":"Sekvencia 28: Predp\u00ednacia sila (STF) a upev\u0148ovacia kapacita (LC)","datePublished":"2023-02-02T12:07:09+00:00","dateModified":"2025-06-30T14:57:05+00:00","mainEntityOfPage":{"@id":"https:\/\/rothschenk.de\/sk\/sekvencia-28-predpinacia-sila-stf-a-upevnovacia-kapacita-lc\/"},"wordCount":596,"commentCount":0,"image":{"@id":"https:\/\/rothschenk.de\/sk\/sekvencia-28-predpinacia-sila-stf-a-upevnovacia-kapacita-lc\/#primaryimage"},"thumbnailUrl":"https:\/\/rothschenk.de\/wp-content\/uploads\/2022\/10\/folge-28-vorspannkraft-stf-und-zurrkraft-lc.jpg","articleSection":["Cargo Blog","Fyzick\u00e1 str\u00e1nka","LORRY"],"inLanguage":"sk-SK","potentialAction":[{"@type":"CommentAction","name":"Comment","target":["https:\/\/rothschenk.de\/sk\/sekvencia-28-predpinacia-sila-stf-a-upevnovacia-kapacita-lc\/#respond"]}]},{"@type":"WebPage","@id":"https:\/\/rothschenk.de\/sk\/sekvencia-28-predpinacia-sila-stf-a-upevnovacia-kapacita-lc\/","url":"https:\/\/rothschenk.de\/sk\/sekvencia-28-predpinacia-sila-stf-a-upevnovacia-kapacita-lc\/","name":"BLOG: Predp\u00ednacia sila STF a upev\u0148ovacia kapacita LC - odborne vysvetlen\u00e9 - Rothschenk","isPartOf":{"@id":"https:\/\/rothschenk.de\/sk\/#website"},"primaryImageOfPage":{"@id":"https:\/\/rothschenk.de\/sk\/sekvencia-28-predpinacia-sila-stf-a-upevnovacia-kapacita-lc\/#primaryimage"},"image":{"@id":"https:\/\/rothschenk.de\/sk\/sekvencia-28-predpinacia-sila-stf-a-upevnovacia-kapacita-lc\/#primaryimage"},"thumbnailUrl":"https:\/\/rothschenk.de\/wp-content\/uploads\/2022\/10\/folge-28-vorspannkraft-stf-und-zurrkraft-lc.jpg","datePublished":"2023-02-02T12:07:09+00:00","dateModified":"2025-06-30T14:57:05+00:00","author":{"@id":"https:\/\/rothschenk.de\/sk\/#\/schema\/person\/8878c3ce4ac9607e11b12c500ead07e8"},"description":"STF\/LC >> Ak\u00fd je rozdiel medzi predp\u00ednacou a upev\u0148ovacou silou? \u2714 Praktick\u00e9 pr\u00edklady \u2714 Predch\u00e1dzanie chyb\u00e1m \u2714 Technick\u00fd \u010dl\u00e1nok so Sigurdom Ehringerom","breadcrumb":{"@id":"https:\/\/rothschenk.de\/sk\/sekvencia-28-predpinacia-sila-stf-a-upevnovacia-kapacita-lc\/#breadcrumb"},"inLanguage":"sk-SK","potentialAction":[{"@type":"ReadAction","target":["https:\/\/rothschenk.de\/sk\/sekvencia-28-predpinacia-sila-stf-a-upevnovacia-kapacita-lc\/"]}]},{"@type":"ImageObject","inLanguage":"sk-SK","@id":"https:\/\/rothschenk.de\/sk\/sekvencia-28-predpinacia-sila-stf-a-upevnovacia-kapacita-lc\/#primaryimage","url":"https:\/\/rothschenk.de\/wp-content\/uploads\/2022\/10\/folge-28-vorspannkraft-stf-und-zurrkraft-lc.jpg","contentUrl":"https:\/\/rothschenk.de\/wp-content\/uploads\/2022\/10\/folge-28-vorspannkraft-stf-und-zurrkraft-lc.jpg","width":1920,"height":1078},{"@type":"BreadcrumbList","@id":"https:\/\/rothschenk.de\/sk\/sekvencia-28-predpinacia-sila-stf-a-upevnovacia-kapacita-lc\/#breadcrumb","itemListElement":[{"@type":"ListItem","position":1,"name":"Domovsk\u00e1 str\u00e1nka","item":"https:\/\/rothschenk.de\/sk\/domovska-stranka\/"},{"@type":"ListItem","position":2,"name":"Sekvencia 28: Predp\u00ednacia sila (STF) a upev\u0148ovacia kapacita (LC)"}]},{"@type":"WebSite","@id":"https:\/\/rothschenk.de\/sk\/#website","url":"https:\/\/rothschenk.de\/sk\/","name":"Rothschenk - Der Online Shop f\u00fcr Ladungssicherung","description":"Der Online Shop f\u00fcr Ladungssicherung","potentialAction":[{"@type":"SearchAction","target":{"@type":"EntryPoint","urlTemplate":"https:\/\/rothschenk.de\/sk\/?s={search_term_string}"},"query-input":{"@type":"PropertyValueSpecification","valueRequired":true,"valueName":"search_term_string"}}],"inLanguage":"sk-SK"},{"@type":"Person","@id":"https:\/\/rothschenk.de\/sk\/#\/schema\/person\/8878c3ce4ac9607e11b12c500ead07e8","name":"Sigurd Ehringer","image":{"@type":"ImageObject","inLanguage":"sk-SK","@id":"https:\/\/rothschenk.de\/wp-content\/uploads\/2024\/02\/sigurd-ehringer-ladungssicherung-ausbilder-und-berater-96x96.jpg","url":"https:\/\/rothschenk.de\/wp-content\/uploads\/2024\/02\/sigurd-ehringer-ladungssicherung-ausbilder-und-berater-96x96.jpg","contentUrl":"https:\/\/rothschenk.de\/wp-content\/uploads\/2024\/02\/sigurd-ehringer-ladungssicherung-ausbilder-und-berater-96x96.jpg","caption":"Sigurd Ehringer"},"description":"\u2714 VDI-zertifizierter Ausbilder f\u00fcr Ladungssicherung \u2714 Fachbuch-Autor \u2714 8 Jahre Projektmanager \u2714 12 Jahre bei der Bundeswehr (Kompaniechef) \u2714 20 Jahre Vertriebserfahrung \u2714 seit 1996 Berater\/Ausbilder in der Logistik \u2714 44 Jahre Ausbilder\/Trainer in verschiedenen Bereichen ---&gt; In einer Reihe von Fachbeitr\u00e4gen aus der Praxis, zu Themen rund um den Container und LKW, erhalten Sie Profiwissen aus erster Hand. Wie sichert man Ladung korrekt und was sind die Grundlagen der Ladungssicherung? Erarbeitet und vorgestellt werden sie von Sigurd Ehringer, Inhaber von SE-LogCon.","url":"https:\/\/rothschenk.de\/sk\/author\/sigurd-ehringer\/"}]}},"_links":{"self":[{"href":"https:\/\/rothschenk.de\/sk\/wp-json\/wp\/v2\/posts\/679924","targetHints":{"allow":["GET"]}}],"collection":[{"href":"https:\/\/rothschenk.de\/sk\/wp-json\/wp\/v2\/posts"}],"about":[{"href":"https:\/\/rothschenk.de\/sk\/wp-json\/wp\/v2\/types\/post"}],"author":[{"embeddable":true,"href":"https:\/\/rothschenk.de\/sk\/wp-json\/wp\/v2\/users\/1536"}],"replies":[{"embeddable":true,"href":"https:\/\/rothschenk.de\/sk\/wp-json\/wp\/v2\/comments?post=679924"}],"version-history":[{"count":1,"href":"https:\/\/rothschenk.de\/sk\/wp-json\/wp\/v2\/posts\/679924\/revisions"}],"predecessor-version":[{"id":679944,"href":"https:\/\/rothschenk.de\/sk\/wp-json\/wp\/v2\/posts\/679924\/revisions\/679944"}],"wp:featuredmedia":[{"embeddable":true,"href":"https:\/\/rothschenk.de\/sk\/wp-json\/wp\/v2\/media\/679933"}],"wp:attachment":[{"href":"https:\/\/rothschenk.de\/sk\/wp-json\/wp\/v2\/media?parent=679924"}],"wp:term":[{"taxonomy":"category","embeddable":true,"href":"https:\/\/rothschenk.de\/sk\/wp-json\/wp\/v2\/categories?post=679924"},{"taxonomy":"post_tag","embeddable":true,"href":"https:\/\/rothschenk.de\/sk\/wp-json\/wp\/v2\/tags?post=679924"}],"curies":[{"name":"wp","href":"https:\/\/api.w.org\/{rel}","templated":true}]}}