{"id":680017,"date":"2023-03-22T16:29:09","date_gmt":"2023-03-22T15:29:09","guid":{"rendered":"https:\/\/rothschenk.de\/breaking-news-vybor-pre-energetiku-a-zivotne-prostredie-ihk\/"},"modified":"2025-06-30T16:57:42","modified_gmt":"2025-06-30T14:57:42","slug":"breaking-news-vybor-pre-energetiku-a-zivotne-prostredie-ihk","status":"publish","type":"post","link":"https:\/\/rothschenk.de\/sk\/breaking-news-vybor-pre-energetiku-a-zivotne-prostredie-ihk\/","title":{"rendered":"BREAKING NEWS: V\u00fdbor pre energetiku a \u017eivotn\u00e9 prostredie IHK"},"content":{"rendered":"\n<div class=\"wp-block-columns is-layout-flex wp-container-core-columns-is-layout-28f84493 wp-block-columns-is-layout-flex\">\n<div class=\"wp-block-column is-layout-flow wp-block-column-is-layout-flow\" style=\"flex-basis:50%\">\n<p>Po na\u0161om medializovanom <a href=\"https:\/\/rothschenk.de\/ihk-interview-pionier-des-nachhaltigen-wirtschaftens\/\">pr\u00edbehu na titulnej strane \u010dasopisu IWM Priemyselnej a obchodnej komory W\u00fcrzburg-Schweinfurt<\/a>nasleduje hne\u010f \u010fal\u0161ia zauj\u00edmavos\u0165 z Rothschenku.<\/p>\n\n\n\n<p>Jeden z na\u0161ich akcion\u00e1rov, J\u00fcrgen Schulte-Wieking, bol na zasadnut\u00ed valn\u00e9ho zhroma\u017edenia IHK 16. marca 2023 vymenovan\u00fd za \u010dlena V\u00fdboru pre energetiku a \u017eivotn\u00e9 prostredie Priemyselnej a obchodnej komory W\u00fcrzburg-Schweinfurt. Znamen\u00e1 to, \u017ee po\u010das volebn\u00e9ho obdobia 2023 a\u017e 2026 bude pom\u00e1ha\u0165 ovplyv\u0148ova\u0165 osud IHK v tejto oblasti. <\/p>\n<\/div>\n\n\n\n<div class=\"wp-block-column is-layout-flow wp-block-column-is-layout-flow\" style=\"flex-basis:50%\">\n<figure data-wp-context=\"{&quot;imageId&quot;:&quot;69f35670ce63d&quot;}\" data-wp-interactive=\"core\/image\" data-wp-key=\"69f35670ce63d\" class=\"wp-block-image aligncenter size-full is-resized wp-lightbox-container\"><img fetchpriority=\"high\" decoding=\"async\" width=\"600\" height=\"625\" data-wp-class--hide=\"state.isContentHidden\" data-wp-class--show=\"state.isContentVisible\" data-wp-init=\"callbacks.setButtonStyles\" data-wp-on--click=\"actions.showLightbox\" data-wp-on--load=\"callbacks.setButtonStyles\" data-wp-on-window--resize=\"callbacks.setButtonStyles\" src=\"https:\/\/rothschenk.de\/wp-content\/uploads\/2023\/03\/juergen_schulte_wieking_kandidiert_zur_ihk_wahl_vollversammlung_wuerzburg-2.jpg\" alt=\"\" class=\"wp-image-166130\" style=\"object-fit:contain;width:400px;height:300px\" srcset=\"https:\/\/rothschenk.de\/wp-content\/uploads\/2023\/03\/juergen_schulte_wieking_kandidiert_zur_ihk_wahl_vollversammlung_wuerzburg-2.jpg 600w, https:\/\/rothschenk.de\/wp-content\/uploads\/2023\/03\/juergen_schulte_wieking_kandidiert_zur_ihk_wahl_vollversammlung_wuerzburg-2-288x300.jpg 288w\" sizes=\"(max-width: 600px) 100vw, 600px\" \/><button\n\t\t\tclass=\"lightbox-trigger\"\n\t\t\ttype=\"button\"\n\t\t\taria-haspopup=\"dialog\"\n\t\t\taria-label=\"Zv\u00e4\u010d\u0161i\u0165\"\n\t\t\tdata-wp-init=\"callbacks.initTriggerButton\"\n\t\t\tdata-wp-on--click=\"actions.showLightbox\"\n\t\t\tdata-wp-style--right=\"state.imageButtonRight\"\n\t\t\tdata-wp-style--top=\"state.imageButtonTop\"\n\t\t>\n\t\t\t<svg xmlns=\"http:\/\/www.w3.org\/2000\/svg\" width=\"12\" height=\"12\" fill=\"none\" viewBox=\"0 0 12 12\">\n\t\t\t\t<path fill=\"#fff\" d=\"M2 0a2 2 0 0 0-2 2v2h1.5V2a.5.5 0 0 1 .5-.5h2V0H2Zm2 10.5H2a.5.5 0 0 1-.5-.5V8H0v2a2 2 0 0 0 2 2h2v-1.5ZM8 12v-1.5h2a.5.5 0 0 0 .5-.5V8H12v2a2 2 0 0 1-2 2H8Zm2-12a2 2 0 0 1 2 2v2h-1.5V2a.5.5 0 0 0-.5-.5H8V0h2Z\" \/>\n\t\t\t<\/svg>\n\t\t<\/button><\/figure>\n<\/div>\n<\/div>\n\n<p>Spolo\u010dnos\u0165 Rothschenk tak po <a href=\"https:\/\/rothschenk.de\/sk\/volby-ihk-rothschenk-na-valnom-zhromazdeni\/\">podan\u00ed prihl\u00e1\u0161ky do volieb IHK 2023<\/a> urobila \u010fal\u0161\u00ed logick\u00fd krok a zd\u00f4raznila svoje tvrdenie, \u017ee udr\u017eate\u013enos\u0165 nielen hl\u00e1sa, ale aj akt\u00edvne \u017eije. To plat\u00ed nielen v r\u00e1mci podniku, ale d\u00f4sledne vo v\u0161etk\u00fdch oblastiach podnikania. <\/p>\n\n<p>J\u00fcrgen Schulte-Wieking m\u00e1 desa\u0165ro\u010dia sk\u00fasenost\u00ed s pr\u00e1cou v r\u00f4znych v\u00fdboroch, napr. v Obchodnej komore juniorov a seniorov. Podrobnej\u0161\u00ed opis jeho pr\u00e1ce n\u00e1jdete <a href=\"https:\/\/rothschenk.de\/sk\/volby-ihk-rothschenk-na-valnom-zhromazdeni\/\">tu.<\/a> <\/p>\n\n<p>Prajeme mu ve\u013ea \u00faspechov v jeho zodpovednej \u00falohe.<\/p>\n\n<figure class=\"wp-block-gallery has-nested-images columns-default is-cropped wp-block-gallery-1 is-layout-flex wp-block-gallery-is-layout-flex\">\n<figure class=\"wp-block-image size-large\"><img decoding=\"async\" width=\"900\" height=\"600\" data-id=\"166127\" src=\"https:\/\/rothschenk.de\/wp-content\/uploads\/2023\/03\/ihk_interview_rothschenk_ladungssicherung_nachhaltigkeit_pionier_nachhaltiges_wachstum_iwm_magazin-21.jpg\" alt=\"\" class=\"wp-image-166127\" srcset=\"https:\/\/rothschenk.de\/wp-content\/uploads\/2023\/03\/ihk_interview_rothschenk_ladungssicherung_nachhaltigkeit_pionier_nachhaltiges_wachstum_iwm_magazin-21.jpg 900w, https:\/\/rothschenk.de\/wp-content\/uploads\/2023\/03\/ihk_interview_rothschenk_ladungssicherung_nachhaltigkeit_pionier_nachhaltiges_wachstum_iwm_magazin-21-300x200.jpg 300w, https:\/\/rothschenk.de\/wp-content\/uploads\/2023\/03\/ihk_interview_rothschenk_ladungssicherung_nachhaltigkeit_pionier_nachhaltiges_wachstum_iwm_magazin-21-768x512.jpg 768w, https:\/\/rothschenk.de\/wp-content\/uploads\/2023\/03\/ihk_interview_rothschenk_ladungssicherung_nachhaltigkeit_pionier_nachhaltiges_wachstum_iwm_magazin-21-600x400.jpg 600w\" sizes=\"(max-width: 900px) 100vw, 900px\" \/><\/figure>\n\n\n\n<figure class=\"wp-block-image size-large\"><img decoding=\"async\" width=\"900\" height=\"600\" data-id=\"166123\" src=\"https:\/\/rothschenk.de\/wp-content\/uploads\/2023\/03\/ihk_interview_rothschenk_ladungssicherung_nachhaltigkeit_pionier_nachhaltiges_wachstum_iwm_magazin-7.jpg\" alt=\"\" class=\"wp-image-166123\" srcset=\"https:\/\/rothschenk.de\/wp-content\/uploads\/2023\/03\/ihk_interview_rothschenk_ladungssicherung_nachhaltigkeit_pionier_nachhaltiges_wachstum_iwm_magazin-7.jpg 900w, https:\/\/rothschenk.de\/wp-content\/uploads\/2023\/03\/ihk_interview_rothschenk_ladungssicherung_nachhaltigkeit_pionier_nachhaltiges_wachstum_iwm_magazin-7-300x200.jpg 300w, https:\/\/rothschenk.de\/wp-content\/uploads\/2023\/03\/ihk_interview_rothschenk_ladungssicherung_nachhaltigkeit_pionier_nachhaltiges_wachstum_iwm_magazin-7-768x512.jpg 768w, https:\/\/rothschenk.de\/wp-content\/uploads\/2023\/03\/ihk_interview_rothschenk_ladungssicherung_nachhaltigkeit_pionier_nachhaltiges_wachstum_iwm_magazin-7-600x400.jpg 600w\" sizes=\"(max-width: 900px) 100vw, 900px\" \/><\/figure>\n<\/figure>\n\n<div style=\"height:35px\" aria-hidden=\"true\" class=\"wp-block-spacer\"><\/div>\n","protected":false},"excerpt":{"rendered":"<p>Po na\u0161om medializovanom pr\u00edbehu na titulnej strane \u010dasopisu IWM Priemyselnej a obchodnej komory W\u00fcrzburg-Schweinfurtnasleduje hne\u010f \u010fal\u0161ia zauj\u00edmavos\u0165 z Rothschenku. Jeden z na\u0161ich akcion\u00e1rov, J\u00fcrgen Schulte-Wieking, bol na zasadnut\u00ed valn\u00e9ho zhroma\u017edenia IHK 16. marca 2023 vymenovan\u00fd za \u010dlena V\u00fdboru pre energetiku a \u017eivotn\u00e9 prostredie Priemyselnej a obchodnej komory W\u00fcrzburg-Schweinfurt. Znamen\u00e1 to, \u017ee po\u010das volebn\u00e9ho obdobia 2023 [&hellip;]<\/p>\n","protected":false},"author":1539,"featured_media":0,"comment_status":"open","ping_status":"closed","sticky":false,"template":"","format":"standard","meta":{"_acf_changed":false,"footnotes":""},"categories":[870],"tags":[],"class_list":["post-680017","post","type-post","status-publish","format-standard","hentry","category-rothschenk-novinky-sk"],"acf":[],"yoast_head":"<!-- This site is optimized with the Yoast SEO plugin v27.5 - https:\/\/yoast.com\/product\/yoast-seo-wordpress\/ -->\n<title>Valn\u00e9 zhroma\u017edenie IHK - Rothschenk - \u010dlen 2023 - 2026<\/title>\n<meta name=\"description\" content=\"Valn\u00e9 zhroma\u017edenie IHK \u2714 Trvalo udr\u017eate\u013en\u00fd mana\u017ement \u2714 V\u00fdbor pre energetiku a \u017eivotn\u00e9 prostredie teraz zah\u0155\u0148a aj Rothschenk \u2714 Zistite viac!\" \/>\n<meta name=\"robots\" content=\"index, follow, max-snippet:-1, max-image-preview:large, max-video-preview:-1\" \/>\n<link rel=\"canonical\" href=\"https:\/\/rothschenk.de\/sk\/breaking-news-vybor-pre-energetiku-a-zivotne-prostredie-ihk\/\" \/>\n<meta property=\"og:locale\" content=\"sk_SK\" \/>\n<meta property=\"og:type\" content=\"article\" \/>\n<meta property=\"og:title\" content=\"Valn\u00e9 zhroma\u017edenie IHK - Rothschenk - \u010dlen 2023 - 2026\" \/>\n<meta property=\"og:description\" content=\"Valn\u00e9 zhroma\u017edenie IHK \u2714 Trvalo udr\u017eate\u013en\u00fd mana\u017ement \u2714 V\u00fdbor pre energetiku a \u017eivotn\u00e9 prostredie teraz zah\u0155\u0148a aj Rothschenk \u2714 Zistite viac!\" \/>\n<meta property=\"og:url\" content=\"https:\/\/rothschenk.de\/sk\/breaking-news-vybor-pre-energetiku-a-zivotne-prostredie-ihk\/\" \/>\n<meta property=\"og:site_name\" content=\"Rothschenk\" \/>\n<meta property=\"article:publisher\" content=\"https:\/\/de-de.facebook.com\/FirmaRothschenk\/\" \/>\n<meta property=\"article:published_time\" content=\"2023-03-22T15:29:09+00:00\" \/>\n<meta property=\"article:modified_time\" content=\"2025-06-30T14:57:42+00:00\" \/>\n<meta property=\"og:image\" content=\"https:\/\/rothschenk.de\/wp-content\/uploads\/2023\/03\/juergen_schulte_wieking_kandidiert_zur_ihk_wahl_vollversammlung_wuerzburg-2.jpg\" \/>\n\t<meta property=\"og:image:width\" content=\"600\" \/>\n\t<meta property=\"og:image:height\" content=\"625\" \/>\n\t<meta property=\"og:image:type\" content=\"image\/jpeg\" \/>\n<meta name=\"author\" content=\"Rothschenk\" \/>\n<meta name=\"twitter:card\" content=\"summary_large_image\" \/>\n<meta name=\"twitter:label1\" content=\"Autor\" \/>\n\t<meta name=\"twitter:data1\" content=\"Rothschenk\" \/>\n\t<meta name=\"twitter:label2\" content=\"Predpokladan\u00fd \u010das \u010d\u00edtania\" \/>\n\t<meta name=\"twitter:data2\" content=\"1 min\u00fata\" \/>\n<script type=\"application\/ld+json\" class=\"yoast-schema-graph\">{\"@context\":\"https:\\\/\\\/schema.org\",\"@graph\":[{\"@type\":\"Article\",\"@id\":\"https:\\\/\\\/rothschenk.de\\\/sk\\\/breaking-news-vybor-pre-energetiku-a-zivotne-prostredie-ihk\\\/#article\",\"isPartOf\":{\"@id\":\"https:\\\/\\\/rothschenk.de\\\/sk\\\/breaking-news-vybor-pre-energetiku-a-zivotne-prostredie-ihk\\\/\"},\"author\":{\"name\":\"Rothschenk\",\"@id\":\"https:\\\/\\\/rothschenk.de\\\/sk\\\/#\\\/schema\\\/person\\\/e29bf5cc9df61e6c87f80cdf8ba1be93\"},\"headline\":\"BREAKING NEWS: V\u00fdbor pre energetiku a \u017eivotn\u00e9 prostredie IHK\",\"datePublished\":\"2023-03-22T15:29:09+00:00\",\"dateModified\":\"2025-06-30T14:57:42+00:00\",\"mainEntityOfPage\":{\"@id\":\"https:\\\/\\\/rothschenk.de\\\/sk\\\/breaking-news-vybor-pre-energetiku-a-zivotne-prostredie-ihk\\\/\"},\"wordCount\":176,\"commentCount\":0,\"image\":{\"@id\":\"https:\\\/\\\/rothschenk.de\\\/sk\\\/breaking-news-vybor-pre-energetiku-a-zivotne-prostredie-ihk\\\/#primaryimage\"},\"thumbnailUrl\":\"https:\\\/\\\/rothschenk.de\\\/wp-content\\\/uploads\\\/2023\\\/03\\\/juergen_schulte_wieking_kandidiert_zur_ihk_wahl_vollversammlung_wuerzburg-2.jpg\",\"articleSection\":[\"Rothschenk Novinky\"],\"inLanguage\":\"sk-SK\",\"potentialAction\":[{\"@type\":\"CommentAction\",\"name\":\"Comment\",\"target\":[\"https:\\\/\\\/rothschenk.de\\\/sk\\\/breaking-news-vybor-pre-energetiku-a-zivotne-prostredie-ihk\\\/#respond\"]}]},{\"@type\":\"WebPage\",\"@id\":\"https:\\\/\\\/rothschenk.de\\\/sk\\\/breaking-news-vybor-pre-energetiku-a-zivotne-prostredie-ihk\\\/\",\"url\":\"https:\\\/\\\/rothschenk.de\\\/sk\\\/breaking-news-vybor-pre-energetiku-a-zivotne-prostredie-ihk\\\/\",\"name\":\"Valn\u00e9 zhroma\u017edenie IHK - Rothschenk - \u010dlen 2023 - 2026\",\"isPartOf\":{\"@id\":\"https:\\\/\\\/rothschenk.de\\\/sk\\\/#website\"},\"primaryImageOfPage\":{\"@id\":\"https:\\\/\\\/rothschenk.de\\\/sk\\\/breaking-news-vybor-pre-energetiku-a-zivotne-prostredie-ihk\\\/#primaryimage\"},\"image\":{\"@id\":\"https:\\\/\\\/rothschenk.de\\\/sk\\\/breaking-news-vybor-pre-energetiku-a-zivotne-prostredie-ihk\\\/#primaryimage\"},\"thumbnailUrl\":\"https:\\\/\\\/rothschenk.de\\\/wp-content\\\/uploads\\\/2023\\\/03\\\/juergen_schulte_wieking_kandidiert_zur_ihk_wahl_vollversammlung_wuerzburg-2.jpg\",\"datePublished\":\"2023-03-22T15:29:09+00:00\",\"dateModified\":\"2025-06-30T14:57:42+00:00\",\"author\":{\"@id\":\"https:\\\/\\\/rothschenk.de\\\/sk\\\/#\\\/schema\\\/person\\\/e29bf5cc9df61e6c87f80cdf8ba1be93\"},\"description\":\"Valn\u00e9 zhroma\u017edenie IHK \u2714 Trvalo udr\u017eate\u013en\u00fd mana\u017ement \u2714 V\u00fdbor pre energetiku a \u017eivotn\u00e9 prostredie teraz zah\u0155\u0148a aj Rothschenk \u2714 Zistite viac!\",\"breadcrumb\":{\"@id\":\"https:\\\/\\\/rothschenk.de\\\/sk\\\/breaking-news-vybor-pre-energetiku-a-zivotne-prostredie-ihk\\\/#breadcrumb\"},\"inLanguage\":\"sk-SK\",\"potentialAction\":[{\"@type\":\"ReadAction\",\"target\":[\"https:\\\/\\\/rothschenk.de\\\/sk\\\/breaking-news-vybor-pre-energetiku-a-zivotne-prostredie-ihk\\\/\"]}]},{\"@type\":\"ImageObject\",\"inLanguage\":\"sk-SK\",\"@id\":\"https:\\\/\\\/rothschenk.de\\\/sk\\\/breaking-news-vybor-pre-energetiku-a-zivotne-prostredie-ihk\\\/#primaryimage\",\"url\":\"https:\\\/\\\/rothschenk.de\\\/wp-content\\\/uploads\\\/2023\\\/03\\\/juergen_schulte_wieking_kandidiert_zur_ihk_wahl_vollversammlung_wuerzburg-2.jpg\",\"contentUrl\":\"https:\\\/\\\/rothschenk.de\\\/wp-content\\\/uploads\\\/2023\\\/03\\\/juergen_schulte_wieking_kandidiert_zur_ihk_wahl_vollversammlung_wuerzburg-2.jpg\"},{\"@type\":\"BreadcrumbList\",\"@id\":\"https:\\\/\\\/rothschenk.de\\\/sk\\\/breaking-news-vybor-pre-energetiku-a-zivotne-prostredie-ihk\\\/#breadcrumb\",\"itemListElement\":[{\"@type\":\"ListItem\",\"position\":1,\"name\":\"Domovsk\u00e1 str\u00e1nka\",\"item\":\"https:\\\/\\\/rothschenk.de\\\/sk\\\/domovska-stranka\\\/\"},{\"@type\":\"ListItem\",\"position\":2,\"name\":\"BREAKING NEWS: V\u00fdbor pre energetiku a \u017eivotn\u00e9 prostredie IHK\"}]},{\"@type\":\"WebSite\",\"@id\":\"https:\\\/\\\/rothschenk.de\\\/sk\\\/#website\",\"url\":\"https:\\\/\\\/rothschenk.de\\\/sk\\\/\",\"name\":\"Rothschenk - Der Online Shop f\u00fcr Ladungssicherung\",\"description\":\"Der Online Shop f\u00fcr Ladungssicherung\",\"potentialAction\":[{\"@type\":\"SearchAction\",\"target\":{\"@type\":\"EntryPoint\",\"urlTemplate\":\"https:\\\/\\\/rothschenk.de\\\/sk\\\/?s={search_term_string}\"},\"query-input\":{\"@type\":\"PropertyValueSpecification\",\"valueRequired\":true,\"valueName\":\"search_term_string\"}}],\"inLanguage\":\"sk-SK\"},{\"@type\":\"Person\",\"@id\":\"https:\\\/\\\/rothschenk.de\\\/sk\\\/#\\\/schema\\\/person\\\/e29bf5cc9df61e6c87f80cdf8ba1be93\",\"name\":\"Rothschenk\",\"image\":{\"@type\":\"ImageObject\",\"inLanguage\":\"sk-SK\",\"@id\":\"https:\\\/\\\/rothschenk.de\\\/wp-content\\\/uploads\\\/2024\\\/03\\\/cropped-cropped-Rothschenk-logo-ladungssicherung-1-96x96.png\",\"url\":\"https:\\\/\\\/rothschenk.de\\\/wp-content\\\/uploads\\\/2024\\\/03\\\/cropped-cropped-Rothschenk-logo-ladungssicherung-1-96x96.png\",\"contentUrl\":\"https:\\\/\\\/rothschenk.de\\\/wp-content\\\/uploads\\\/2024\\\/03\\\/cropped-cropped-Rothschenk-logo-ladungssicherung-1-96x96.png\",\"caption\":\"Rothschenk\"},\"description\":\"\u2714 Profi in der Beratung \u2714 Profi an der Laderampe \u2714 Profi bei der Abwicklung Ihrer W\u00fcnsche \u2714 Ladungssicherung Made in Germany\",\"url\":\"https:\\\/\\\/rothschenk.de\\\/sk\\\/author\\\/rothschenk\\\/\"}]}<\/script>\n<!-- \/ Yoast SEO plugin. -->","yoast_head_json":{"title":"Valn\u00e9 zhroma\u017edenie IHK - Rothschenk - \u010dlen 2023 - 2026","description":"Valn\u00e9 zhroma\u017edenie IHK \u2714 Trvalo udr\u017eate\u013en\u00fd mana\u017ement \u2714 V\u00fdbor pre energetiku a \u017eivotn\u00e9 prostredie teraz zah\u0155\u0148a aj Rothschenk \u2714 Zistite viac!","robots":{"index":"index","follow":"follow","max-snippet":"max-snippet:-1","max-image-preview":"max-image-preview:large","max-video-preview":"max-video-preview:-1"},"canonical":"https:\/\/rothschenk.de\/sk\/breaking-news-vybor-pre-energetiku-a-zivotne-prostredie-ihk\/","og_locale":"sk_SK","og_type":"article","og_title":"Valn\u00e9 zhroma\u017edenie IHK - Rothschenk - \u010dlen 2023 - 2026","og_description":"Valn\u00e9 zhroma\u017edenie IHK \u2714 Trvalo udr\u017eate\u013en\u00fd mana\u017ement \u2714 V\u00fdbor pre energetiku a \u017eivotn\u00e9 prostredie teraz zah\u0155\u0148a aj Rothschenk \u2714 Zistite viac!","og_url":"https:\/\/rothschenk.de\/sk\/breaking-news-vybor-pre-energetiku-a-zivotne-prostredie-ihk\/","og_site_name":"Rothschenk","article_publisher":"https:\/\/de-de.facebook.com\/FirmaRothschenk\/","article_published_time":"2023-03-22T15:29:09+00:00","article_modified_time":"2025-06-30T14:57:42+00:00","og_image":[{"width":600,"height":625,"url":"https:\/\/rothschenk.de\/wp-content\/uploads\/2023\/03\/juergen_schulte_wieking_kandidiert_zur_ihk_wahl_vollversammlung_wuerzburg-2.jpg","type":"image\/jpeg"}],"author":"Rothschenk","twitter_card":"summary_large_image","twitter_misc":{"Autor":"Rothschenk","Predpokladan\u00fd \u010das \u010d\u00edtania":"1 min\u00fata"},"schema":{"@context":"https:\/\/schema.org","@graph":[{"@type":"Article","@id":"https:\/\/rothschenk.de\/sk\/breaking-news-vybor-pre-energetiku-a-zivotne-prostredie-ihk\/#article","isPartOf":{"@id":"https:\/\/rothschenk.de\/sk\/breaking-news-vybor-pre-energetiku-a-zivotne-prostredie-ihk\/"},"author":{"name":"Rothschenk","@id":"https:\/\/rothschenk.de\/sk\/#\/schema\/person\/e29bf5cc9df61e6c87f80cdf8ba1be93"},"headline":"BREAKING NEWS: V\u00fdbor pre energetiku a \u017eivotn\u00e9 prostredie IHK","datePublished":"2023-03-22T15:29:09+00:00","dateModified":"2025-06-30T14:57:42+00:00","mainEntityOfPage":{"@id":"https:\/\/rothschenk.de\/sk\/breaking-news-vybor-pre-energetiku-a-zivotne-prostredie-ihk\/"},"wordCount":176,"commentCount":0,"image":{"@id":"https:\/\/rothschenk.de\/sk\/breaking-news-vybor-pre-energetiku-a-zivotne-prostredie-ihk\/#primaryimage"},"thumbnailUrl":"https:\/\/rothschenk.de\/wp-content\/uploads\/2023\/03\/juergen_schulte_wieking_kandidiert_zur_ihk_wahl_vollversammlung_wuerzburg-2.jpg","articleSection":["Rothschenk Novinky"],"inLanguage":"sk-SK","potentialAction":[{"@type":"CommentAction","name":"Comment","target":["https:\/\/rothschenk.de\/sk\/breaking-news-vybor-pre-energetiku-a-zivotne-prostredie-ihk\/#respond"]}]},{"@type":"WebPage","@id":"https:\/\/rothschenk.de\/sk\/breaking-news-vybor-pre-energetiku-a-zivotne-prostredie-ihk\/","url":"https:\/\/rothschenk.de\/sk\/breaking-news-vybor-pre-energetiku-a-zivotne-prostredie-ihk\/","name":"Valn\u00e9 zhroma\u017edenie IHK - Rothschenk - \u010dlen 2023 - 2026","isPartOf":{"@id":"https:\/\/rothschenk.de\/sk\/#website"},"primaryImageOfPage":{"@id":"https:\/\/rothschenk.de\/sk\/breaking-news-vybor-pre-energetiku-a-zivotne-prostredie-ihk\/#primaryimage"},"image":{"@id":"https:\/\/rothschenk.de\/sk\/breaking-news-vybor-pre-energetiku-a-zivotne-prostredie-ihk\/#primaryimage"},"thumbnailUrl":"https:\/\/rothschenk.de\/wp-content\/uploads\/2023\/03\/juergen_schulte_wieking_kandidiert_zur_ihk_wahl_vollversammlung_wuerzburg-2.jpg","datePublished":"2023-03-22T15:29:09+00:00","dateModified":"2025-06-30T14:57:42+00:00","author":{"@id":"https:\/\/rothschenk.de\/sk\/#\/schema\/person\/e29bf5cc9df61e6c87f80cdf8ba1be93"},"description":"Valn\u00e9 zhroma\u017edenie IHK \u2714 Trvalo udr\u017eate\u013en\u00fd mana\u017ement \u2714 V\u00fdbor pre energetiku a \u017eivotn\u00e9 prostredie teraz zah\u0155\u0148a aj Rothschenk \u2714 Zistite viac!","breadcrumb":{"@id":"https:\/\/rothschenk.de\/sk\/breaking-news-vybor-pre-energetiku-a-zivotne-prostredie-ihk\/#breadcrumb"},"inLanguage":"sk-SK","potentialAction":[{"@type":"ReadAction","target":["https:\/\/rothschenk.de\/sk\/breaking-news-vybor-pre-energetiku-a-zivotne-prostredie-ihk\/"]}]},{"@type":"ImageObject","inLanguage":"sk-SK","@id":"https:\/\/rothschenk.de\/sk\/breaking-news-vybor-pre-energetiku-a-zivotne-prostredie-ihk\/#primaryimage","url":"https:\/\/rothschenk.de\/wp-content\/uploads\/2023\/03\/juergen_schulte_wieking_kandidiert_zur_ihk_wahl_vollversammlung_wuerzburg-2.jpg","contentUrl":"https:\/\/rothschenk.de\/wp-content\/uploads\/2023\/03\/juergen_schulte_wieking_kandidiert_zur_ihk_wahl_vollversammlung_wuerzburg-2.jpg"},{"@type":"BreadcrumbList","@id":"https:\/\/rothschenk.de\/sk\/breaking-news-vybor-pre-energetiku-a-zivotne-prostredie-ihk\/#breadcrumb","itemListElement":[{"@type":"ListItem","position":1,"name":"Domovsk\u00e1 str\u00e1nka","item":"https:\/\/rothschenk.de\/sk\/domovska-stranka\/"},{"@type":"ListItem","position":2,"name":"BREAKING NEWS: V\u00fdbor pre energetiku a \u017eivotn\u00e9 prostredie IHK"}]},{"@type":"WebSite","@id":"https:\/\/rothschenk.de\/sk\/#website","url":"https:\/\/rothschenk.de\/sk\/","name":"Rothschenk - Der Online Shop f\u00fcr Ladungssicherung","description":"Der Online Shop f\u00fcr Ladungssicherung","potentialAction":[{"@type":"SearchAction","target":{"@type":"EntryPoint","urlTemplate":"https:\/\/rothschenk.de\/sk\/?s={search_term_string}"},"query-input":{"@type":"PropertyValueSpecification","valueRequired":true,"valueName":"search_term_string"}}],"inLanguage":"sk-SK"},{"@type":"Person","@id":"https:\/\/rothschenk.de\/sk\/#\/schema\/person\/e29bf5cc9df61e6c87f80cdf8ba1be93","name":"Rothschenk","image":{"@type":"ImageObject","inLanguage":"sk-SK","@id":"https:\/\/rothschenk.de\/wp-content\/uploads\/2024\/03\/cropped-cropped-Rothschenk-logo-ladungssicherung-1-96x96.png","url":"https:\/\/rothschenk.de\/wp-content\/uploads\/2024\/03\/cropped-cropped-Rothschenk-logo-ladungssicherung-1-96x96.png","contentUrl":"https:\/\/rothschenk.de\/wp-content\/uploads\/2024\/03\/cropped-cropped-Rothschenk-logo-ladungssicherung-1-96x96.png","caption":"Rothschenk"},"description":"\u2714 Profi in der Beratung \u2714 Profi an der Laderampe \u2714 Profi bei der Abwicklung Ihrer W\u00fcnsche \u2714 Ladungssicherung Made in Germany","url":"https:\/\/rothschenk.de\/sk\/author\/rothschenk\/"}]}},"_links":{"self":[{"href":"https:\/\/rothschenk.de\/sk\/wp-json\/wp\/v2\/posts\/680017","targetHints":{"allow":["GET"]}}],"collection":[{"href":"https:\/\/rothschenk.de\/sk\/wp-json\/wp\/v2\/posts"}],"about":[{"href":"https:\/\/rothschenk.de\/sk\/wp-json\/wp\/v2\/types\/post"}],"author":[{"embeddable":true,"href":"https:\/\/rothschenk.de\/sk\/wp-json\/wp\/v2\/users\/1539"}],"replies":[{"embeddable":true,"href":"https:\/\/rothschenk.de\/sk\/wp-json\/wp\/v2\/comments?post=680017"}],"version-history":[{"count":1,"href":"https:\/\/rothschenk.de\/sk\/wp-json\/wp\/v2\/posts\/680017\/revisions"}],"predecessor-version":[{"id":680019,"href":"https:\/\/rothschenk.de\/sk\/wp-json\/wp\/v2\/posts\/680017\/revisions\/680019"}],"wp:attachment":[{"href":"https:\/\/rothschenk.de\/sk\/wp-json\/wp\/v2\/media?parent=680017"}],"wp:term":[{"taxonomy":"category","embeddable":true,"href":"https:\/\/rothschenk.de\/sk\/wp-json\/wp\/v2\/categories?post=680017"},{"taxonomy":"post_tag","embeddable":true,"href":"https:\/\/rothschenk.de\/sk\/wp-json\/wp\/v2\/tags?post=680017"}],"curies":[{"name":"wp","href":"https:\/\/api.w.org\/{rel}","templated":true}]}}