{"id":681109,"date":"2021-12-15T11:00:10","date_gmt":"2021-12-15T10:00:10","guid":{"rendered":"https:\/\/rothschenk.de\/desat-zasad-iniciativy-osn-global-compact\/"},"modified":"2025-06-30T17:03:42","modified_gmt":"2025-06-30T15:03:42","slug":"desat-zasad-iniciativy-osn-global-compact","status":"publish","type":"post","link":"https:\/\/rothschenk.de\/sk\/desat-zasad-iniciativy-osn-global-compact\/","title":{"rendered":"Desa\u0165 z\u00e1sad iniciat\u00edvy OSN Global Compact"},"content":{"rendered":"\n<p>Od 15. decembra 2021 sme akt\u00edvnym \u010dlenom iniciat\u00edvy UN Global Compact. To znamen\u00e1, \u017ee sa na n\u00e1s vz\u0165ahuje 10 z\u00e1sad tohto ocenenia. <\/p>\n\n<ul class=\"wp-block-list\">\n<li>Podnikov\u00e1 udr\u017eate\u013enos\u0165 sa za\u010d\u00edna hodnotov\u00fdm syst\u00e9mom spolo\u010dnosti a podnikate\u013esk\u00fdm pr\u00edstupom zalo\u017een\u00fdm na princ\u00edpoch. To znamen\u00e1, \u017ee kon\u00e1me tak, aby sme plnili z\u00e1kladn\u00e9 povinnosti v oblasti \u013eudsk\u00fdch pr\u00e1v, pr\u00e1ce, \u017eivotn\u00e9ho prostredia a boja proti korupcii. <\/li>\n<\/ul>\n\n<ul class=\"wp-block-list\">\n<li>Ako zodpovedn\u00e1 spolo\u010dnos\u0165 sa riadime rovnak\u00fdmi hodnotami a princ\u00edpmi v\u0161ade tam, kde sa vyskytuj\u00fa, a uvedomujeme si, \u017ee dobr\u00e9 postupy v jednej oblasti nekompenzuj\u00fa \u0161kody v inej oblasti. Za\u010dlenen\u00edm desiatich princ\u00edpov Glob\u00e1lnej dohody OSN do strat\u00e9gi\u00ed, polit\u00edk a postupov a vytvoren\u00edm kult\u00fary integrity spolo\u010dnos\u0165 Rothschenk nielen\u017ee pln\u00ed svoju z\u00e1kladn\u00fa zodpovednos\u0165 vo\u010di \u013eu\u010fom a \u017eivotn\u00e9mu prostrediu, ale vytv\u00e1ra aj podmienky pre dlhodob\u00fd \u00faspech. <\/li>\n<\/ul>\n\n<ul class=\"wp-block-list\">\n<li>Desa\u0165 z\u00e1sad Glob\u00e1lneho paktu OSN vych\u00e1dza zo <a href=\"http:\/\/www.un.org\/Overview\/rights.html\" target=\"_blank\" rel=\"noreferrer noopener\">V\u0161eobecnej deklar\u00e1cie \u013eudsk\u00fdch pr\u00e1v<\/a>, <a href=\"http:\/\/www.un.org\/Overview\/rights.html\" target=\"_blank\" rel=\"noreferrer noopener\">Deklar\u00e1cie<\/a> <a href=\"http:\/\/www.ilo.org\/declaration\/lang--en\/index.htm\" target=\"_blank\" rel=\"noreferrer noopener\">Medzin\u00e1rodnej organiz\u00e1cie pr\u00e1ce o z\u00e1kladn\u00fdch z\u00e1sad\u00e1ch a pr\u00e1vach pri pr\u00e1ci<\/a>, <a href=\"https:\/\/sustainabledevelopment.un.org\/rio20\/futurewewant\" target=\"_blank\" rel=\"noreferrer noopener\">Deklar\u00e1cie z Ria o \u017eivotnom prostred\u00ed a rozvoji<\/a> a <a href=\"http:\/\/www.unodc.org\/unodc\/en\/treaties\/CAC\/index.html\" target=\"_blank\" rel=\"noreferrer noopener\">Dohovoru<\/a> <a href=\"http:\/\/www.unodc.org\/unodc\/en\/treaties\/CAC\/index.html\" target=\"_blank\" rel=\"noreferrer noopener\">OSN proti korupcii<\/a>.<\/li>\n<\/ul>\n\n<div style=\"height:36px\" aria-hidden=\"true\" class=\"wp-block-spacer\"><\/div>\n\n<h2 class=\"wp-block-heading\">\u013dudsk\u00e9 pr\u00e1va<\/h2>\n\n<p><a href=\"https:\/\/www.unglobalcompact.org\/what-is-gc\/mission\/principles\/principle-1\">Z\u00e1sada 1<\/a>: Podniky by mali podporova\u0165 a re\u0161pektova\u0165 ochranu medzin\u00e1rodne vyhl\u00e1sen\u00fdch \u013eudsk\u00fdch pr\u00e1v a<\/p>\n\n<p><a href=\"https:\/\/www.unglobalcompact.org\/what-is-gc\/mission\/principles\/principle-2\">Z\u00e1sada 2<\/a>: Zabezpe\u010di\u0165, aby sa nepodie\u013eali na poru\u0161ovan\u00ed \u013eudsk\u00fdch pr\u00e1v.<\/p>\n\n<div style=\"height:36px\" aria-hidden=\"true\" class=\"wp-block-spacer\"><\/div>\n\n<h2 class=\"wp-block-heading\">Pr\u00e1ca<\/h2>\n\n<p><a href=\"https:\/\/www.unglobalcompact.org\/what-is-gc\/mission\/principles\/principle-3\">Z\u00e1sada 3<\/a>: Podniky by mali podporova\u0165 slobodu zdru\u017eovania a \u00fa\u010dinn\u00e9 uzn\u00e1vanie pr\u00e1va na kolekt\u00edvne vyjedn\u00e1vanie;<\/p>\n\n<p><a href=\"https:\/\/www.unglobalcompact.org\/what-is-gc\/mission\/principles\/principle-4\">Z\u00e1sada 4<\/a>: Zru\u0161enie v\u0161etk\u00fdch foriem n\u00fatenej a povinnej pr\u00e1ce;<\/p>\n\n<p><a href=\"https:\/\/www.unglobalcompact.org\/what-is-gc\/mission\/principles\/principle-5\">z\u00e1sada 5<\/a>: \u00fa\u010dinn\u00e9 zru\u0161enie detskej pr\u00e1ce a<\/p>\n\n<p><a href=\"https:\/\/www.unglobalcompact.org\/what-is-gc\/mission\/principles\/principle-6\">Z\u00e1sada 6<\/a>: Odstr\u00e1nenie diskrimin\u00e1cie v oblasti zamestnania a povolania.<\/p>\n\n<div style=\"height:36px\" aria-hidden=\"true\" class=\"wp-block-spacer\"><\/div>\n\n<h2 class=\"wp-block-heading\">\u017divotn\u00e9 prostredie<\/h2>\n\n<p><a href=\"https:\/\/www.unglobalcompact.org\/what-is-gc\/mission\/principles\/principle-7\">Z\u00e1sada 7<\/a>: Podniky by mali podporova\u0165 prevent\u00edvny pr\u00edstup k environment\u00e1lnym v\u00fdzvam;<\/p>\n\n<p><a href=\"https:\/\/www.unglobalcompact.org\/what-is-gc\/mission\/principles\/principle-8\">Z\u00e1sada 8<\/a>: Podnika\u0165 iniciat\u00edvy na podporu v\u00e4\u010d\u0161ej environment\u00e1lnej zodpovednosti a<\/p>\n\n<p><a href=\"https:\/\/www.unglobalcompact.org\/what-is-gc\/mission\/principles\/principle-9\">Z\u00e1sada 9<\/a>: Podporova\u0165 rozvoj a \u0161\u00edrenie technol\u00f3gi\u00ed \u0161etrn\u00fdch k \u017eivotn\u00e9mu prostrediu.<\/p>\n\n<div style=\"height:36px\" aria-hidden=\"true\" class=\"wp-block-spacer\"><\/div>\n\n<h2 class=\"wp-block-heading\">Boj proti korupcii<\/h2>\n\n<p><a href=\"https:\/\/www.unglobalcompact.org\/what-is-gc\/mission\/principles\/principle-10\">Z\u00e1sada 10<\/a>: Podniky by mali bojova\u0165 proti korupcii vo v\u0161etk\u00fdch jej form\u00e1ch vr\u00e1tane vydierania a \u00faplatk\u00e1rstva.<\/p>\n\n<div style=\"height:36px\" aria-hidden=\"true\" class=\"wp-block-spacer\"><\/div>\n\n<p><strong>N\u00e1\u0161 profil OSN n\u00e1jdete <a href=\"https:\/\/www.unglobalcompact.org\/what-is-gc\/participants\/142590-G-H-GmbH-Rothschenk#cop\">tu.<\/a><\/strong><\/p>\n\n<div style=\"height:36px\" aria-hidden=\"true\" class=\"wp-block-spacer\"><\/div>\n\n<figure class=\"wp-block-gallery has-nested-images columns-default is-cropped wp-block-gallery-1 is-layout-flex wp-block-gallery-is-layout-flex\">\n<figure class=\"wp-block-image size-large\"><img fetchpriority=\"high\" decoding=\"async\" width=\"900\" height=\"600\" data-id=\"166917\" src=\"https:\/\/rothschenk.de\/wp-content\/uploads\/2021\/12\/rothschenk-solibrot-nachhaltigkeit.jpg\" alt=\"\" class=\"wp-image-166917\" srcset=\"https:\/\/rothschenk.de\/wp-content\/uploads\/2021\/12\/rothschenk-solibrot-nachhaltigkeit.jpg 900w, https:\/\/rothschenk.de\/wp-content\/uploads\/2021\/12\/rothschenk-solibrot-nachhaltigkeit-300x200.jpg 300w, https:\/\/rothschenk.de\/wp-content\/uploads\/2021\/12\/rothschenk-solibrot-nachhaltigkeit-768x512.jpg 768w, https:\/\/rothschenk.de\/wp-content\/uploads\/2021\/12\/rothschenk-solibrot-nachhaltigkeit-600x400.jpg 600w\" sizes=\"(max-width: 900px) 100vw, 900px\" \/><\/figure>\n\n\n\n<figure class=\"wp-block-image size-large\"><img decoding=\"async\" width=\"768\" height=\"431\" data-id=\"166920\" src=\"https:\/\/rothschenk.de\/wp-content\/uploads\/2021\/12\/rothschenk-firma-produktion.jpg\" alt=\"\" class=\"wp-image-166920\" srcset=\"https:\/\/rothschenk.de\/wp-content\/uploads\/2021\/12\/rothschenk-firma-produktion.jpg 768w, https:\/\/rothschenk.de\/wp-content\/uploads\/2021\/12\/rothschenk-firma-produktion-300x168.jpg 300w, https:\/\/rothschenk.de\/wp-content\/uploads\/2021\/12\/rothschenk-firma-produktion-600x337.jpg 600w\" sizes=\"(max-width: 768px) 100vw, 768px\" \/><\/figure>\n\n\n\n<figure class=\"wp-block-image size-large\"><img decoding=\"async\" width=\"720\" height=\"480\" data-id=\"166923\" src=\"https:\/\/rothschenk.de\/wp-content\/uploads\/2021\/12\/teambesprechung_bei_rothschenk.jpg\" alt=\"\" class=\"wp-image-166923\" srcset=\"https:\/\/rothschenk.de\/wp-content\/uploads\/2021\/12\/teambesprechung_bei_rothschenk.jpg 720w, https:\/\/rothschenk.de\/wp-content\/uploads\/2021\/12\/teambesprechung_bei_rothschenk-300x200.jpg 300w, https:\/\/rothschenk.de\/wp-content\/uploads\/2021\/12\/teambesprechung_bei_rothschenk-600x400.jpg 600w\" sizes=\"(max-width: 720px) 100vw, 720px\" \/><\/figure>\n<\/figure>\n","protected":false},"excerpt":{"rendered":"<p>Od 15. decembra 2021 sme akt\u00edvnym \u010dlenom iniciat\u00edvy UN Global Compact. To znamen\u00e1, \u017ee sa na n\u00e1s vz\u0165ahuje 10 z\u00e1sad tohto ocenenia. \u013dudsk\u00e9 pr\u00e1va Z\u00e1sada 1: Podniky by mali podporova\u0165 a re\u0161pektova\u0165 ochranu medzin\u00e1rodne vyhl\u00e1sen\u00fdch \u013eudsk\u00fdch pr\u00e1v a Z\u00e1sada 2: Zabezpe\u010di\u0165, aby sa nepodie\u013eali na poru\u0161ovan\u00ed \u013eudsk\u00fdch pr\u00e1v. Pr\u00e1ca Z\u00e1sada 3: Podniky by mali podporova\u0165 [&hellip;]<\/p>\n","protected":false},"author":1539,"featured_media":0,"comment_status":"open","ping_status":"closed","sticky":false,"template":"","format":"standard","meta":{"_acf_changed":false,"footnotes":""},"categories":[870],"tags":[],"class_list":["post-681109","post","type-post","status-publish","format-standard","hentry","category-rothschenk-novinky-sk"],"acf":[],"yoast_head":"<!-- This site is optimized with the Yoast SEO plugin v27.5 - https:\/\/yoast.com\/product\/yoast-seo-wordpress\/ -->\n<title>UN Global Compact - Rothschenk<\/title>\n<meta name=\"description\" content=\"UN Global Compact | 10 princ\u00edpov | \u013dudsk\u00e9 pr\u00e1va | Protikorupcia | \u017divotn\u00e9 prostredie | Pr\u00e1ca | Sme akt\u00edvni | Rothschenk load securing\" \/>\n<meta name=\"robots\" content=\"index, follow, max-snippet:-1, max-image-preview:large, max-video-preview:-1\" \/>\n<link rel=\"canonical\" href=\"https:\/\/rothschenk.de\/sk\/desat-zasad-iniciativy-osn-global-compact\/\" \/>\n<meta property=\"og:locale\" content=\"sk_SK\" \/>\n<meta property=\"og:type\" content=\"article\" \/>\n<meta property=\"og:title\" content=\"UN Global Compact - Rothschenk\" \/>\n<meta property=\"og:description\" content=\"UN Global Compact | 10 princ\u00edpov | \u013dudsk\u00e9 pr\u00e1va | Protikorupcia | \u017divotn\u00e9 prostredie | Pr\u00e1ca | Sme akt\u00edvni | Rothschenk load securing\" \/>\n<meta property=\"og:url\" content=\"https:\/\/rothschenk.de\/sk\/desat-zasad-iniciativy-osn-global-compact\/\" \/>\n<meta property=\"og:site_name\" content=\"Rothschenk\" \/>\n<meta property=\"article:publisher\" content=\"https:\/\/de-de.facebook.com\/FirmaRothschenk\/\" \/>\n<meta property=\"article:published_time\" content=\"2021-12-15T10:00:10+00:00\" \/>\n<meta property=\"article:modified_time\" content=\"2025-06-30T15:03:42+00:00\" \/>\n<meta property=\"og:image\" content=\"https:\/\/rothschenk.de\/wp-content\/uploads\/2021\/12\/rothschenk-solibrot-nachhaltigkeit.jpg\" \/>\n\t<meta property=\"og:image:width\" content=\"900\" \/>\n\t<meta property=\"og:image:height\" content=\"600\" \/>\n\t<meta property=\"og:image:type\" content=\"image\/jpeg\" \/>\n<meta name=\"author\" content=\"Rothschenk\" \/>\n<meta name=\"twitter:card\" content=\"summary_large_image\" \/>\n<meta name=\"twitter:label1\" content=\"Autor\" \/>\n\t<meta name=\"twitter:data1\" content=\"Rothschenk\" \/>\n\t<meta name=\"twitter:label2\" content=\"Predpokladan\u00fd \u010das \u010d\u00edtania\" \/>\n\t<meta name=\"twitter:data2\" content=\"2 min\u00faty\" \/>\n<script type=\"application\/ld+json\" class=\"yoast-schema-graph\">{\"@context\":\"https:\\\/\\\/schema.org\",\"@graph\":[{\"@type\":\"Article\",\"@id\":\"https:\\\/\\\/rothschenk.de\\\/sk\\\/desat-zasad-iniciativy-osn-global-compact\\\/#article\",\"isPartOf\":{\"@id\":\"https:\\\/\\\/rothschenk.de\\\/sk\\\/desat-zasad-iniciativy-osn-global-compact\\\/\"},\"author\":{\"name\":\"Rothschenk\",\"@id\":\"https:\\\/\\\/rothschenk.de\\\/sk\\\/#\\\/schema\\\/person\\\/e29bf5cc9df61e6c87f80cdf8ba1be93\"},\"headline\":\"Desa\u0165 z\u00e1sad iniciat\u00edvy OSN Global Compact\",\"datePublished\":\"2021-12-15T10:00:10+00:00\",\"dateModified\":\"2025-06-30T15:03:42+00:00\",\"mainEntityOfPage\":{\"@id\":\"https:\\\/\\\/rothschenk.de\\\/sk\\\/desat-zasad-iniciativy-osn-global-compact\\\/\"},\"wordCount\":386,\"commentCount\":0,\"image\":{\"@id\":\"https:\\\/\\\/rothschenk.de\\\/sk\\\/desat-zasad-iniciativy-osn-global-compact\\\/#primaryimage\"},\"thumbnailUrl\":\"https:\\\/\\\/rothschenk.de\\\/wp-content\\\/uploads\\\/2021\\\/12\\\/rothschenk-solibrot-nachhaltigkeit.jpg\",\"articleSection\":[\"Rothschenk Novinky\"],\"inLanguage\":\"sk-SK\",\"potentialAction\":[{\"@type\":\"CommentAction\",\"name\":\"Comment\",\"target\":[\"https:\\\/\\\/rothschenk.de\\\/sk\\\/desat-zasad-iniciativy-osn-global-compact\\\/#respond\"]}]},{\"@type\":\"WebPage\",\"@id\":\"https:\\\/\\\/rothschenk.de\\\/sk\\\/desat-zasad-iniciativy-osn-global-compact\\\/\",\"url\":\"https:\\\/\\\/rothschenk.de\\\/sk\\\/desat-zasad-iniciativy-osn-global-compact\\\/\",\"name\":\"UN Global Compact - Rothschenk\",\"isPartOf\":{\"@id\":\"https:\\\/\\\/rothschenk.de\\\/sk\\\/#website\"},\"primaryImageOfPage\":{\"@id\":\"https:\\\/\\\/rothschenk.de\\\/sk\\\/desat-zasad-iniciativy-osn-global-compact\\\/#primaryimage\"},\"image\":{\"@id\":\"https:\\\/\\\/rothschenk.de\\\/sk\\\/desat-zasad-iniciativy-osn-global-compact\\\/#primaryimage\"},\"thumbnailUrl\":\"https:\\\/\\\/rothschenk.de\\\/wp-content\\\/uploads\\\/2021\\\/12\\\/rothschenk-solibrot-nachhaltigkeit.jpg\",\"datePublished\":\"2021-12-15T10:00:10+00:00\",\"dateModified\":\"2025-06-30T15:03:42+00:00\",\"author\":{\"@id\":\"https:\\\/\\\/rothschenk.de\\\/sk\\\/#\\\/schema\\\/person\\\/e29bf5cc9df61e6c87f80cdf8ba1be93\"},\"description\":\"UN Global Compact | 10 princ\u00edpov | \u013dudsk\u00e9 pr\u00e1va | Protikorupcia | \u017divotn\u00e9 prostredie | Pr\u00e1ca | Sme akt\u00edvni | Rothschenk load securing\",\"breadcrumb\":{\"@id\":\"https:\\\/\\\/rothschenk.de\\\/sk\\\/desat-zasad-iniciativy-osn-global-compact\\\/#breadcrumb\"},\"inLanguage\":\"sk-SK\",\"potentialAction\":[{\"@type\":\"ReadAction\",\"target\":[\"https:\\\/\\\/rothschenk.de\\\/sk\\\/desat-zasad-iniciativy-osn-global-compact\\\/\"]}]},{\"@type\":\"ImageObject\",\"inLanguage\":\"sk-SK\",\"@id\":\"https:\\\/\\\/rothschenk.de\\\/sk\\\/desat-zasad-iniciativy-osn-global-compact\\\/#primaryimage\",\"url\":\"https:\\\/\\\/rothschenk.de\\\/wp-content\\\/uploads\\\/2021\\\/12\\\/rothschenk-solibrot-nachhaltigkeit.jpg\",\"contentUrl\":\"https:\\\/\\\/rothschenk.de\\\/wp-content\\\/uploads\\\/2021\\\/12\\\/rothschenk-solibrot-nachhaltigkeit.jpg\"},{\"@type\":\"BreadcrumbList\",\"@id\":\"https:\\\/\\\/rothschenk.de\\\/sk\\\/desat-zasad-iniciativy-osn-global-compact\\\/#breadcrumb\",\"itemListElement\":[{\"@type\":\"ListItem\",\"position\":1,\"name\":\"Domovsk\u00e1 str\u00e1nka\",\"item\":\"https:\\\/\\\/rothschenk.de\\\/sk\\\/domovska-stranka\\\/\"},{\"@type\":\"ListItem\",\"position\":2,\"name\":\"Desa\u0165 z\u00e1sad iniciat\u00edvy OSN Global Compact\"}]},{\"@type\":\"WebSite\",\"@id\":\"https:\\\/\\\/rothschenk.de\\\/sk\\\/#website\",\"url\":\"https:\\\/\\\/rothschenk.de\\\/sk\\\/\",\"name\":\"Rothschenk - Der Online Shop f\u00fcr Ladungssicherung\",\"description\":\"Der Online Shop f\u00fcr Ladungssicherung\",\"potentialAction\":[{\"@type\":\"SearchAction\",\"target\":{\"@type\":\"EntryPoint\",\"urlTemplate\":\"https:\\\/\\\/rothschenk.de\\\/sk\\\/?s={search_term_string}\"},\"query-input\":{\"@type\":\"PropertyValueSpecification\",\"valueRequired\":true,\"valueName\":\"search_term_string\"}}],\"inLanguage\":\"sk-SK\"},{\"@type\":\"Person\",\"@id\":\"https:\\\/\\\/rothschenk.de\\\/sk\\\/#\\\/schema\\\/person\\\/e29bf5cc9df61e6c87f80cdf8ba1be93\",\"name\":\"Rothschenk\",\"image\":{\"@type\":\"ImageObject\",\"inLanguage\":\"sk-SK\",\"@id\":\"https:\\\/\\\/rothschenk.de\\\/wp-content\\\/uploads\\\/2024\\\/03\\\/cropped-cropped-Rothschenk-logo-ladungssicherung-1-96x96.png\",\"url\":\"https:\\\/\\\/rothschenk.de\\\/wp-content\\\/uploads\\\/2024\\\/03\\\/cropped-cropped-Rothschenk-logo-ladungssicherung-1-96x96.png\",\"contentUrl\":\"https:\\\/\\\/rothschenk.de\\\/wp-content\\\/uploads\\\/2024\\\/03\\\/cropped-cropped-Rothschenk-logo-ladungssicherung-1-96x96.png\",\"caption\":\"Rothschenk\"},\"description\":\"\u2714 Profi in der Beratung \u2714 Profi an der Laderampe \u2714 Profi bei der Abwicklung Ihrer W\u00fcnsche \u2714 Ladungssicherung Made in Germany\",\"url\":\"https:\\\/\\\/rothschenk.de\\\/sk\\\/author\\\/rothschenk\\\/\"}]}<\/script>\n<!-- \/ Yoast SEO plugin. -->","yoast_head_json":{"title":"UN Global Compact - Rothschenk","description":"UN Global Compact | 10 princ\u00edpov | \u013dudsk\u00e9 pr\u00e1va | Protikorupcia | \u017divotn\u00e9 prostredie | Pr\u00e1ca | Sme akt\u00edvni | Rothschenk load securing","robots":{"index":"index","follow":"follow","max-snippet":"max-snippet:-1","max-image-preview":"max-image-preview:large","max-video-preview":"max-video-preview:-1"},"canonical":"https:\/\/rothschenk.de\/sk\/desat-zasad-iniciativy-osn-global-compact\/","og_locale":"sk_SK","og_type":"article","og_title":"UN Global Compact - Rothschenk","og_description":"UN Global Compact | 10 princ\u00edpov | \u013dudsk\u00e9 pr\u00e1va | Protikorupcia | \u017divotn\u00e9 prostredie | Pr\u00e1ca | Sme akt\u00edvni | Rothschenk load securing","og_url":"https:\/\/rothschenk.de\/sk\/desat-zasad-iniciativy-osn-global-compact\/","og_site_name":"Rothschenk","article_publisher":"https:\/\/de-de.facebook.com\/FirmaRothschenk\/","article_published_time":"2021-12-15T10:00:10+00:00","article_modified_time":"2025-06-30T15:03:42+00:00","og_image":[{"width":900,"height":600,"url":"https:\/\/rothschenk.de\/wp-content\/uploads\/2021\/12\/rothschenk-solibrot-nachhaltigkeit.jpg","type":"image\/jpeg"}],"author":"Rothschenk","twitter_card":"summary_large_image","twitter_misc":{"Autor":"Rothschenk","Predpokladan\u00fd \u010das \u010d\u00edtania":"2 min\u00faty"},"schema":{"@context":"https:\/\/schema.org","@graph":[{"@type":"Article","@id":"https:\/\/rothschenk.de\/sk\/desat-zasad-iniciativy-osn-global-compact\/#article","isPartOf":{"@id":"https:\/\/rothschenk.de\/sk\/desat-zasad-iniciativy-osn-global-compact\/"},"author":{"name":"Rothschenk","@id":"https:\/\/rothschenk.de\/sk\/#\/schema\/person\/e29bf5cc9df61e6c87f80cdf8ba1be93"},"headline":"Desa\u0165 z\u00e1sad iniciat\u00edvy OSN Global Compact","datePublished":"2021-12-15T10:00:10+00:00","dateModified":"2025-06-30T15:03:42+00:00","mainEntityOfPage":{"@id":"https:\/\/rothschenk.de\/sk\/desat-zasad-iniciativy-osn-global-compact\/"},"wordCount":386,"commentCount":0,"image":{"@id":"https:\/\/rothschenk.de\/sk\/desat-zasad-iniciativy-osn-global-compact\/#primaryimage"},"thumbnailUrl":"https:\/\/rothschenk.de\/wp-content\/uploads\/2021\/12\/rothschenk-solibrot-nachhaltigkeit.jpg","articleSection":["Rothschenk Novinky"],"inLanguage":"sk-SK","potentialAction":[{"@type":"CommentAction","name":"Comment","target":["https:\/\/rothschenk.de\/sk\/desat-zasad-iniciativy-osn-global-compact\/#respond"]}]},{"@type":"WebPage","@id":"https:\/\/rothschenk.de\/sk\/desat-zasad-iniciativy-osn-global-compact\/","url":"https:\/\/rothschenk.de\/sk\/desat-zasad-iniciativy-osn-global-compact\/","name":"UN Global Compact - Rothschenk","isPartOf":{"@id":"https:\/\/rothschenk.de\/sk\/#website"},"primaryImageOfPage":{"@id":"https:\/\/rothschenk.de\/sk\/desat-zasad-iniciativy-osn-global-compact\/#primaryimage"},"image":{"@id":"https:\/\/rothschenk.de\/sk\/desat-zasad-iniciativy-osn-global-compact\/#primaryimage"},"thumbnailUrl":"https:\/\/rothschenk.de\/wp-content\/uploads\/2021\/12\/rothschenk-solibrot-nachhaltigkeit.jpg","datePublished":"2021-12-15T10:00:10+00:00","dateModified":"2025-06-30T15:03:42+00:00","author":{"@id":"https:\/\/rothschenk.de\/sk\/#\/schema\/person\/e29bf5cc9df61e6c87f80cdf8ba1be93"},"description":"UN Global Compact | 10 princ\u00edpov | \u013dudsk\u00e9 pr\u00e1va | Protikorupcia | \u017divotn\u00e9 prostredie | Pr\u00e1ca | Sme akt\u00edvni | Rothschenk load securing","breadcrumb":{"@id":"https:\/\/rothschenk.de\/sk\/desat-zasad-iniciativy-osn-global-compact\/#breadcrumb"},"inLanguage":"sk-SK","potentialAction":[{"@type":"ReadAction","target":["https:\/\/rothschenk.de\/sk\/desat-zasad-iniciativy-osn-global-compact\/"]}]},{"@type":"ImageObject","inLanguage":"sk-SK","@id":"https:\/\/rothschenk.de\/sk\/desat-zasad-iniciativy-osn-global-compact\/#primaryimage","url":"https:\/\/rothschenk.de\/wp-content\/uploads\/2021\/12\/rothschenk-solibrot-nachhaltigkeit.jpg","contentUrl":"https:\/\/rothschenk.de\/wp-content\/uploads\/2021\/12\/rothschenk-solibrot-nachhaltigkeit.jpg"},{"@type":"BreadcrumbList","@id":"https:\/\/rothschenk.de\/sk\/desat-zasad-iniciativy-osn-global-compact\/#breadcrumb","itemListElement":[{"@type":"ListItem","position":1,"name":"Domovsk\u00e1 str\u00e1nka","item":"https:\/\/rothschenk.de\/sk\/domovska-stranka\/"},{"@type":"ListItem","position":2,"name":"Desa\u0165 z\u00e1sad iniciat\u00edvy OSN Global Compact"}]},{"@type":"WebSite","@id":"https:\/\/rothschenk.de\/sk\/#website","url":"https:\/\/rothschenk.de\/sk\/","name":"Rothschenk - Der Online Shop f\u00fcr Ladungssicherung","description":"Der Online Shop f\u00fcr Ladungssicherung","potentialAction":[{"@type":"SearchAction","target":{"@type":"EntryPoint","urlTemplate":"https:\/\/rothschenk.de\/sk\/?s={search_term_string}"},"query-input":{"@type":"PropertyValueSpecification","valueRequired":true,"valueName":"search_term_string"}}],"inLanguage":"sk-SK"},{"@type":"Person","@id":"https:\/\/rothschenk.de\/sk\/#\/schema\/person\/e29bf5cc9df61e6c87f80cdf8ba1be93","name":"Rothschenk","image":{"@type":"ImageObject","inLanguage":"sk-SK","@id":"https:\/\/rothschenk.de\/wp-content\/uploads\/2024\/03\/cropped-cropped-Rothschenk-logo-ladungssicherung-1-96x96.png","url":"https:\/\/rothschenk.de\/wp-content\/uploads\/2024\/03\/cropped-cropped-Rothschenk-logo-ladungssicherung-1-96x96.png","contentUrl":"https:\/\/rothschenk.de\/wp-content\/uploads\/2024\/03\/cropped-cropped-Rothschenk-logo-ladungssicherung-1-96x96.png","caption":"Rothschenk"},"description":"\u2714 Profi in der Beratung \u2714 Profi an der Laderampe \u2714 Profi bei der Abwicklung Ihrer W\u00fcnsche \u2714 Ladungssicherung Made in Germany","url":"https:\/\/rothschenk.de\/sk\/author\/rothschenk\/"}]}},"_links":{"self":[{"href":"https:\/\/rothschenk.de\/sk\/wp-json\/wp\/v2\/posts\/681109","targetHints":{"allow":["GET"]}}],"collection":[{"href":"https:\/\/rothschenk.de\/sk\/wp-json\/wp\/v2\/posts"}],"about":[{"href":"https:\/\/rothschenk.de\/sk\/wp-json\/wp\/v2\/types\/post"}],"author":[{"embeddable":true,"href":"https:\/\/rothschenk.de\/sk\/wp-json\/wp\/v2\/users\/1539"}],"replies":[{"embeddable":true,"href":"https:\/\/rothschenk.de\/sk\/wp-json\/wp\/v2\/comments?post=681109"}],"version-history":[{"count":1,"href":"https:\/\/rothschenk.de\/sk\/wp-json\/wp\/v2\/posts\/681109\/revisions"}],"predecessor-version":[{"id":681111,"href":"https:\/\/rothschenk.de\/sk\/wp-json\/wp\/v2\/posts\/681109\/revisions\/681111"}],"wp:attachment":[{"href":"https:\/\/rothschenk.de\/sk\/wp-json\/wp\/v2\/media?parent=681109"}],"wp:term":[{"taxonomy":"category","embeddable":true,"href":"https:\/\/rothschenk.de\/sk\/wp-json\/wp\/v2\/categories?post=681109"},{"taxonomy":"post_tag","embeddable":true,"href":"https:\/\/rothschenk.de\/sk\/wp-json\/wp\/v2\/tags?post=681109"}],"curies":[{"name":"wp","href":"https:\/\/api.w.org\/{rel}","templated":true}]}}