{"id":681244,"date":"2023-03-01T10:08:08","date_gmt":"2023-03-01T09:08:08","guid":{"rendered":"https:\/\/rothschenk.de\/rozhovor-s-ihk-priekopnik-udrzatelneho-riadenia\/"},"modified":"2025-06-30T17:04:33","modified_gmt":"2025-06-30T15:04:33","slug":"rozhovor-s-ihk-priekopnik-udrzatelneho-riadenia","status":"publish","type":"post","link":"https:\/\/rothschenk.de\/sk\/rozhovor-s-ihk-priekopnik-udrzatelneho-riadenia\/","title":{"rendered":"Rozhovor s IHK &#8211; priekopn\u00edk udr\u017eate\u013en\u00e9ho riadenia"},"content":{"rendered":"\n<p>Rothschenk sa dost\u00e1va na tituln\u00fa stranu. Prirodzene, dostan\u00fa sa tam len najd\u00f4le\u017eitej\u0161ie t\u00e9my a popredn\u00e9 spolo\u010dnosti. To zd\u00f4raz\u0148uje na\u0161e tvrdenie, \u017ee sme &#8222;l\u00eddrom v oblasti inov\u00e1ci\u00ed&#8220; v tomto odvetv\u00ed. Nielen v na\u0161ich v\u00fdrobkoch, ale aj v ich v\u00fdrobn\u00fdch krokoch, v podnikov\u00fdch \u0161trukt\u00farach a v celom hospod\u00e1rskom procese.   <\/p>\n\n<p>S jedn\u00fdm z konate\u013eov spolo\u010dnosti G&amp;H GmbH bol vopred uskuto\u010dnen\u00fd rozhovor s cie\u013eom z\u00edska\u0165 potrebn\u00e9 podklady pre \u010dl\u00e1nok IHK.<\/p>\n\n<p>Tla\u010dov\u00e1 kancel\u00e1ria tie\u017e dok\u00e1zala &#8222;nasa\u0165&#8220; &#8222;ducha&#8220; t\u00edmovo orientovanej spolo\u010dnosti.<\/p>\n\n<figure class=\"wp-block-gallery has-nested-images columns-default is-cropped wp-block-gallery-1 is-layout-flex wp-block-gallery-is-layout-flex\">\n<figure data-wp-context=\"{&quot;imageId&quot;:&quot;69f5ceb85e9c5&quot;}\" data-wp-interactive=\"core\/image\" data-wp-key=\"69f5ceb85e9c5\" class=\"wp-block-image size-large wp-lightbox-container\"><img fetchpriority=\"high\" decoding=\"async\" width=\"900\" height=\"600\" data-wp-class--hide=\"state.isContentHidden\" data-wp-class--show=\"state.isContentVisible\" data-wp-init=\"callbacks.setButtonStyles\" data-wp-on--click=\"actions.showLightbox\" data-wp-on--load=\"callbacks.setButtonStyles\" data-wp-on-window--resize=\"callbacks.setButtonStyles\" data-id=\"166217\" src=\"https:\/\/rothschenk.de\/wp-content\/uploads\/2023\/03\/ihk-interview-rothschenk-ladungssicherung-nachhaltigkeit-pionier-nachhaltiges-wachstum-iwm-magazin-3-1.jpg\" alt=\"\" class=\"wp-image-166217\" srcset=\"https:\/\/rothschenk.de\/wp-content\/uploads\/2023\/03\/ihk-interview-rothschenk-ladungssicherung-nachhaltigkeit-pionier-nachhaltiges-wachstum-iwm-magazin-3-1.jpg 900w, https:\/\/rothschenk.de\/wp-content\/uploads\/2023\/03\/ihk-interview-rothschenk-ladungssicherung-nachhaltigkeit-pionier-nachhaltiges-wachstum-iwm-magazin-3-1-300x200.jpg 300w, https:\/\/rothschenk.de\/wp-content\/uploads\/2023\/03\/ihk-interview-rothschenk-ladungssicherung-nachhaltigkeit-pionier-nachhaltiges-wachstum-iwm-magazin-3-1-768x512.jpg 768w, https:\/\/rothschenk.de\/wp-content\/uploads\/2023\/03\/ihk-interview-rothschenk-ladungssicherung-nachhaltigkeit-pionier-nachhaltiges-wachstum-iwm-magazin-3-1-600x400.jpg 600w\" sizes=\"(max-width: 900px) 100vw, 900px\" \/><button\n\t\t\tclass=\"lightbox-trigger\"\n\t\t\ttype=\"button\"\n\t\t\taria-haspopup=\"dialog\"\n\t\t\taria-label=\"Zv\u00e4\u010d\u0161i\u0165\"\n\t\t\tdata-wp-init=\"callbacks.initTriggerButton\"\n\t\t\tdata-wp-on--click=\"actions.showLightbox\"\n\t\t\tdata-wp-style--right=\"state.imageButtonRight\"\n\t\t\tdata-wp-style--top=\"state.imageButtonTop\"\n\t\t>\n\t\t\t<svg xmlns=\"http:\/\/www.w3.org\/2000\/svg\" width=\"12\" height=\"12\" fill=\"none\" viewBox=\"0 0 12 12\">\n\t\t\t\t<path fill=\"#fff\" d=\"M2 0a2 2 0 0 0-2 2v2h1.5V2a.5.5 0 0 1 .5-.5h2V0H2Zm2 10.5H2a.5.5 0 0 1-.5-.5V8H0v2a2 2 0 0 0 2 2h2v-1.5ZM8 12v-1.5h2a.5.5 0 0 0 .5-.5V8H12v2a2 2 0 0 1-2 2H8Zm2-12a2 2 0 0 1 2 2v2h-1.5V2a.5.5 0 0 0-.5-.5H8V0h2Z\" \/>\n\t\t\t<\/svg>\n\t\t<\/button><\/figure>\n\n\n\n<figure data-wp-context=\"{&quot;imageId&quot;:&quot;69f5ceb85ed2a&quot;}\" data-wp-interactive=\"core\/image\" data-wp-key=\"69f5ceb85ed2a\" class=\"wp-block-image size-large wp-lightbox-container\"><img decoding=\"async\" width=\"900\" height=\"600\" data-wp-class--hide=\"state.isContentHidden\" data-wp-class--show=\"state.isContentVisible\" data-wp-init=\"callbacks.setButtonStyles\" data-wp-on--click=\"actions.showLightbox\" data-wp-on--load=\"callbacks.setButtonStyles\" data-wp-on-window--resize=\"callbacks.setButtonStyles\" data-id=\"166220\" src=\"https:\/\/rothschenk.de\/wp-content\/uploads\/2023\/03\/ihk-interview-rothschenk-ladungssicherung-nachhaltigkeit-pionier-nachhaltiges-wachstum-iwm-magazin-3-2.jpg\" alt=\"\" class=\"wp-image-166220\" srcset=\"https:\/\/rothschenk.de\/wp-content\/uploads\/2023\/03\/ihk-interview-rothschenk-ladungssicherung-nachhaltigkeit-pionier-nachhaltiges-wachstum-iwm-magazin-3-2.jpg 900w, https:\/\/rothschenk.de\/wp-content\/uploads\/2023\/03\/ihk-interview-rothschenk-ladungssicherung-nachhaltigkeit-pionier-nachhaltiges-wachstum-iwm-magazin-3-2-300x200.jpg 300w, https:\/\/rothschenk.de\/wp-content\/uploads\/2023\/03\/ihk-interview-rothschenk-ladungssicherung-nachhaltigkeit-pionier-nachhaltiges-wachstum-iwm-magazin-3-2-768x512.jpg 768w, https:\/\/rothschenk.de\/wp-content\/uploads\/2023\/03\/ihk-interview-rothschenk-ladungssicherung-nachhaltigkeit-pionier-nachhaltiges-wachstum-iwm-magazin-3-2-600x400.jpg 600w\" sizes=\"(max-width: 900px) 100vw, 900px\" \/><button\n\t\t\tclass=\"lightbox-trigger\"\n\t\t\ttype=\"button\"\n\t\t\taria-haspopup=\"dialog\"\n\t\t\taria-label=\"Zv\u00e4\u010d\u0161i\u0165\"\n\t\t\tdata-wp-init=\"callbacks.initTriggerButton\"\n\t\t\tdata-wp-on--click=\"actions.showLightbox\"\n\t\t\tdata-wp-style--right=\"state.imageButtonRight\"\n\t\t\tdata-wp-style--top=\"state.imageButtonTop\"\n\t\t>\n\t\t\t<svg xmlns=\"http:\/\/www.w3.org\/2000\/svg\" width=\"12\" height=\"12\" fill=\"none\" viewBox=\"0 0 12 12\">\n\t\t\t\t<path fill=\"#fff\" d=\"M2 0a2 2 0 0 0-2 2v2h1.5V2a.5.5 0 0 1 .5-.5h2V0H2Zm2 10.5H2a.5.5 0 0 1-.5-.5V8H0v2a2 2 0 0 0 2 2h2v-1.5ZM8 12v-1.5h2a.5.5 0 0 0 .5-.5V8H12v2a2 2 0 0 1-2 2H8Zm2-12a2 2 0 0 1 2 2v2h-1.5V2a.5.5 0 0 0-.5-.5H8V0h2Z\" \/>\n\t\t\t<\/svg>\n\t\t<\/button><\/figure>\n\n\n\n<figure data-wp-context=\"{&quot;imageId&quot;:&quot;69f5ceb85f02b&quot;}\" data-wp-interactive=\"core\/image\" data-wp-key=\"69f5ceb85f02b\" class=\"wp-block-image size-large wp-lightbox-container\"><img decoding=\"async\" width=\"900\" height=\"600\" data-wp-class--hide=\"state.isContentHidden\" data-wp-class--show=\"state.isContentVisible\" data-wp-init=\"callbacks.setButtonStyles\" data-wp-on--click=\"actions.showLightbox\" data-wp-on--load=\"callbacks.setButtonStyles\" data-wp-on-window--resize=\"callbacks.setButtonStyles\" data-id=\"166223\" src=\"https:\/\/rothschenk.de\/wp-content\/uploads\/2023\/03\/ihk-interview-rothschenk-ladungssicherung-nachhaltigkeit-pionier-nachhaltiges-wachstum-iwm-magazin-3-3.jpg\" alt=\"\" class=\"wp-image-166223\" srcset=\"https:\/\/rothschenk.de\/wp-content\/uploads\/2023\/03\/ihk-interview-rothschenk-ladungssicherung-nachhaltigkeit-pionier-nachhaltiges-wachstum-iwm-magazin-3-3.jpg 900w, https:\/\/rothschenk.de\/wp-content\/uploads\/2023\/03\/ihk-interview-rothschenk-ladungssicherung-nachhaltigkeit-pionier-nachhaltiges-wachstum-iwm-magazin-3-3-300x200.jpg 300w, https:\/\/rothschenk.de\/wp-content\/uploads\/2023\/03\/ihk-interview-rothschenk-ladungssicherung-nachhaltigkeit-pionier-nachhaltiges-wachstum-iwm-magazin-3-3-768x512.jpg 768w, https:\/\/rothschenk.de\/wp-content\/uploads\/2023\/03\/ihk-interview-rothschenk-ladungssicherung-nachhaltigkeit-pionier-nachhaltiges-wachstum-iwm-magazin-3-3-600x400.jpg 600w\" sizes=\"(max-width: 900px) 100vw, 900px\" \/><button\n\t\t\tclass=\"lightbox-trigger\"\n\t\t\ttype=\"button\"\n\t\t\taria-haspopup=\"dialog\"\n\t\t\taria-label=\"Zv\u00e4\u010d\u0161i\u0165\"\n\t\t\tdata-wp-init=\"callbacks.initTriggerButton\"\n\t\t\tdata-wp-on--click=\"actions.showLightbox\"\n\t\t\tdata-wp-style--right=\"state.imageButtonRight\"\n\t\t\tdata-wp-style--top=\"state.imageButtonTop\"\n\t\t>\n\t\t\t<svg xmlns=\"http:\/\/www.w3.org\/2000\/svg\" width=\"12\" height=\"12\" fill=\"none\" viewBox=\"0 0 12 12\">\n\t\t\t\t<path fill=\"#fff\" d=\"M2 0a2 2 0 0 0-2 2v2h1.5V2a.5.5 0 0 1 .5-.5h2V0H2Zm2 10.5H2a.5.5 0 0 1-.5-.5V8H0v2a2 2 0 0 0 2 2h2v-1.5ZM8 12v-1.5h2a.5.5 0 0 0 .5-.5V8H12v2a2 2 0 0 1-2 2H8Zm2-12a2 2 0 0 1 2 2v2h-1.5V2a.5.5 0 0 0-.5-.5H8V0h2Z\" \/>\n\t\t\t<\/svg>\n\t\t<\/button><\/figure>\n<\/figure>\n\n<p>J\u00fcrgen Schulte-Wieking, zodpovedn\u00fd za pl\u00e1novanie v\u00fdroby v spolo\u010dnosti a zodpovedn\u00fd za zavedenie \u0165a\u017eiskov\u00fdch bodov udr\u017eate\u013enosti, vysvetlil r\u00f4zne prek\u00e1\u017eky a v\u00fdzvy, ale aj rie\u0161enia.<\/p>\n\n<p>1. marca 2013 vy\u0161iel nov\u00fd \u010dasopis IHK W\u00fcrzburg-Schweinfurt IWM (Wirtschaft in Mainfranken).<\/p>\n\n<p>Osobitn\u00e1 pocta pre n\u00e1s: Rothschenk ako hlavn\u00fd \u010dl\u00e1nok pre renomovan\u00e9 obchodn\u00e9 noviny. Ke\u010f\u017ee IHK aktuell sa vo svojich spr\u00e1vach venuje najm\u00e4 t\u00e9me &#8222;udr\u017eate\u013enosti&#8220;, bolo d\u00f4le\u017eit\u00e9 vybra\u0165 spolo\u010dnos\u0165, ktor\u00e1 vynik\u00e1 osobitn\u00fdm nasaden\u00edm v tejto oblasti. <\/p>\n\n<p>Spolo\u010dnos\u0165 G&amp;H GmbH Rothschenk u\u017e v posledn\u00fdch rokoch up\u00fatala pozornos\u0165 v\u00fdnimo\u010dn\u00fdmi oceneniami. Okrem be\u017en\u00fdch certifik\u00e1tov, ako je DIN ISO 9001:2014, spolo\u010dnos\u0165 dosiahla aj v\u00fdnimo\u010dn\u00e9 krit\u00e9ri\u00e1: napr. EMAS a dokonca najvy\u0161\u0161iu dosiahnute\u013en\u00fa \u00farove\u0148 v Ecovadis: platinov\u00fa. T\u00fa dosahuje menej ako 1 % v\u0161etk\u00fdch tam uveden\u00fdch spolo\u010dnost\u00ed.  <\/p>\n\n<p>Pr\u00edspevok IHK potvrdzuje \u00fasilie posledn\u00fdch rokov. Spolo\u010dnos\u0165 Rothschenk ako v\u00fdrobca syst\u00e9mov na zabezpe\u010denie n\u00e1kladu bude v tejto ceste pokra\u010dova\u0165 aj na\u010falej. Nielen preto, \u017ee to vy\u017eaduje \u010doraz viac z\u00e1kazn\u00edkov, ale predov\u0161etk\u00fdm kv\u00f4li zamestnancom a \u017eivotn\u00e9mu prostrediu.  <\/p>\n\n<p>Cel\u00fd \u010dl\u00e1nok IHK si m\u00f4\u017eete pre\u010d\u00edta\u0165 tu.<\/p>\n\n<p><a href=\"https:\/\/rothschenk.de\/wp-content\/uploads\/2023\/03\/IHK-WIM_low.pdf\">PDF na stiahnutie<\/a><\/p>\n\n<p><a href=\"https:\/\/wim.wuerzburg.ihk.de\/de\/profiles\/95b963f13909\/editions\/42b2db4422f5961f2fe2\/pages\">PDF-stiahnite si kompletn\u00fd WIM<\/a><\/p>\n\n<p><a href=\"https:\/\/www.wuerzburg.ihk.de\/wim\/\">Webov\u00e1 str\u00e1nka IHK<\/a><\/p>\n\n<p>Prezent\u00e1cia aktu\u00e1lneho certifik\u00e1tu EMAS pre spolo\u010dnos\u0165 Rothschenk bola tie\u017e dokonale na\u010dasovan\u00e1. Dr. Kargerbauer pri\u0161iel osobne 22.02.23, aby odovzdal certifik\u00e1t t\u00edmu Rothschenk. Osobitne by sme sa chceli po\u010fakova\u0165 referentke pre \u017eivotn\u00e9 prostredie Biance Schmittovej a Johanne Ottovej, ktor\u00e1 je zodpovedn\u00e1 za integrovan\u00fd mana\u017ement projektov a za mana\u017ement udr\u017eate\u013enosti a kvality.  <\/p>\n\n<p>P\u00e1n Kargerbauer absolvoval kr\u00e1tku prehliadku spolo\u010dnosti, aby z\u00edskal preh\u013ead o procesoch v\u00fdrobcu zabezpe\u010dovac\u00edch zariaden\u00ed. Okrem t\u00e9my trvalej udr\u017eate\u013enosti sa zameral aj na v\u00fdzvy spojen\u00e9 s udr\u017ean\u00edm vlastnej v\u00fdroby v Nemecku. Okrem toho aj na expanziu dolnofranskej spolo\u010dnosti s novovybudovan\u00fdm logistick\u00fdm centrom. Aj v tomto pr\u00edpade spolo\u010dnos\u0165 otv\u00e1ra nov\u00e9 mo\u017enosti v regi\u00f3ne s pripojen\u00edm na dia\u013ekov\u00e9 vykurovanie, normami KfW40 a fotovoltikou.   <\/p>\n\n<figure class=\"wp-block-gallery has-nested-images columns-default is-cropped wp-block-gallery-2 is-layout-flex wp-block-gallery-is-layout-flex\">\n<figure class=\"wp-block-image size-large\"><img loading=\"lazy\" decoding=\"async\" width=\"911\" height=\"600\" data-id=\"166229\" src=\"https:\/\/rothschenk.de\/wp-content\/uploads\/2023\/03\/ihk-emas-urkunde-uebergabe-4.jpg\" alt=\"\" class=\"wp-image-166229\" srcset=\"https:\/\/rothschenk.de\/wp-content\/uploads\/2023\/03\/ihk-emas-urkunde-uebergabe-4.jpg 911w, https:\/\/rothschenk.de\/wp-content\/uploads\/2023\/03\/ihk-emas-urkunde-uebergabe-4-300x198.jpg 300w, https:\/\/rothschenk.de\/wp-content\/uploads\/2023\/03\/ihk-emas-urkunde-uebergabe-4-768x506.jpg 768w, https:\/\/rothschenk.de\/wp-content\/uploads\/2023\/03\/ihk-emas-urkunde-uebergabe-4-600x395.jpg 600w\" sizes=\"(max-width: 911px) 100vw, 911px\" \/><\/figure>\n\n\n\n<figure class=\"wp-block-image size-large\"><img loading=\"lazy\" decoding=\"async\" width=\"900\" height=\"600\" data-id=\"166214\" src=\"https:\/\/rothschenk.de\/wp-content\/uploads\/2023\/03\/ihk-emas-urkunde-uebergabe-11.jpg\" alt=\"\" class=\"wp-image-166214\" srcset=\"https:\/\/rothschenk.de\/wp-content\/uploads\/2023\/03\/ihk-emas-urkunde-uebergabe-11.jpg 900w, https:\/\/rothschenk.de\/wp-content\/uploads\/2023\/03\/ihk-emas-urkunde-uebergabe-11-300x200.jpg 300w, https:\/\/rothschenk.de\/wp-content\/uploads\/2023\/03\/ihk-emas-urkunde-uebergabe-11-768x512.jpg 768w, https:\/\/rothschenk.de\/wp-content\/uploads\/2023\/03\/ihk-emas-urkunde-uebergabe-11-600x400.jpg 600w\" sizes=\"(max-width: 900px) 100vw, 900px\" \/><\/figure>\n\n\n\n<figure class=\"wp-block-image size-large\"><img loading=\"lazy\" decoding=\"async\" width=\"913\" height=\"600\" data-id=\"166211\" src=\"https:\/\/rothschenk.de\/wp-content\/uploads\/2023\/03\/ihk-emas-urkunde-uebergabe-8.jpg\" alt=\"\" class=\"wp-image-166211\" srcset=\"https:\/\/rothschenk.de\/wp-content\/uploads\/2023\/03\/ihk-emas-urkunde-uebergabe-8.jpg 913w, https:\/\/rothschenk.de\/wp-content\/uploads\/2023\/03\/ihk-emas-urkunde-uebergabe-8-300x197.jpg 300w, https:\/\/rothschenk.de\/wp-content\/uploads\/2023\/03\/ihk-emas-urkunde-uebergabe-8-768x505.jpg 768w, https:\/\/rothschenk.de\/wp-content\/uploads\/2023\/03\/ihk-emas-urkunde-uebergabe-8-600x394.jpg 600w\" sizes=\"(max-width: 913px) 100vw, 913px\" \/><\/figure>\n<\/figure>\n\n<div style=\"height:35px\" aria-hidden=\"true\" class=\"wp-block-spacer\"><\/div>\n","protected":false},"excerpt":{"rendered":"<p>Rothschenk sa dost\u00e1va na tituln\u00fa stranu. Prirodzene, dostan\u00fa sa tam len najd\u00f4le\u017eitej\u0161ie t\u00e9my a popredn\u00e9 spolo\u010dnosti. To zd\u00f4raz\u0148uje na\u0161e tvrdenie, \u017ee sme &#8222;l\u00eddrom v oblasti inov\u00e1ci\u00ed&#8220; v tomto odvetv\u00ed. Nielen v na\u0161ich v\u00fdrobkoch, ale aj v ich v\u00fdrobn\u00fdch krokoch, v podnikov\u00fdch \u0161trukt\u00farach a v celom hospod\u00e1rskom procese. S jedn\u00fdm z konate\u013eov spolo\u010dnosti G&amp;H GmbH bol [&hellip;]<\/p>\n","protected":false},"author":1539,"featured_media":0,"comment_status":"open","ping_status":"closed","sticky":false,"template":"","format":"standard","meta":{"_acf_changed":false,"footnotes":""},"categories":[870],"tags":[],"class_list":["post-681244","post","type-post","status-publish","format-standard","hentry","category-rothschenk-novinky-sk"],"acf":[],"yoast_head":"<!-- This site is optimized with the Yoast SEO plugin v27.5 - https:\/\/yoast.com\/product\/yoast-seo-wordpress\/ -->\n<title>Priekopn\u00edk udr\u017eate\u013en\u00e9ho hospod\u00e1renia - Rothschenk - pr\u00edspevok IHK<\/title>\n<meta name=\"description\" content=\"Tituln\u00fd \u010dl\u00e1nok marec 2023 v ofici\u00e1lnych novin\u00e1ch IHK W\u00fcrzburg-Schweinfurt! Pre\u010d\u00edtajte si, \u010do rob\u00ed Rothschenk priekopn\u00edkom vo svojom odvetv\u00ed...\" \/>\n<meta name=\"robots\" content=\"index, follow, max-snippet:-1, max-image-preview:large, max-video-preview:-1\" \/>\n<link rel=\"canonical\" href=\"https:\/\/rothschenk.de\/sk\/rozhovor-s-ihk-priekopnik-udrzatelneho-riadenia\/\" \/>\n<meta property=\"og:locale\" content=\"sk_SK\" \/>\n<meta property=\"og:type\" content=\"article\" \/>\n<meta property=\"og:title\" content=\"Priekopn\u00edk udr\u017eate\u013en\u00e9ho hospod\u00e1renia - Rothschenk - pr\u00edspevok IHK\" \/>\n<meta property=\"og:description\" content=\"Tituln\u00fd \u010dl\u00e1nok marec 2023 v ofici\u00e1lnych novin\u00e1ch IHK W\u00fcrzburg-Schweinfurt! Pre\u010d\u00edtajte si, \u010do rob\u00ed Rothschenk priekopn\u00edkom vo svojom odvetv\u00ed...\" \/>\n<meta property=\"og:url\" content=\"https:\/\/rothschenk.de\/sk\/rozhovor-s-ihk-priekopnik-udrzatelneho-riadenia\/\" \/>\n<meta property=\"og:site_name\" content=\"Rothschenk\" \/>\n<meta property=\"article:publisher\" content=\"https:\/\/de-de.facebook.com\/FirmaRothschenk\/\" \/>\n<meta property=\"article:published_time\" content=\"2023-03-01T09:08:08+00:00\" \/>\n<meta property=\"article:modified_time\" content=\"2025-06-30T15:04:33+00:00\" \/>\n<meta property=\"og:image\" content=\"https:\/\/rothschenk.de\/wp-content\/uploads\/2023\/03\/ihk-interview-rothschenk-ladungssicherung-nachhaltigkeit-pionier-nachhaltiges-wachstum-iwm-magazin-3-1.jpg\" \/>\n\t<meta property=\"og:image:width\" content=\"900\" \/>\n\t<meta property=\"og:image:height\" content=\"600\" \/>\n\t<meta property=\"og:image:type\" content=\"image\/jpeg\" \/>\n<meta name=\"author\" content=\"Rothschenk\" \/>\n<meta name=\"twitter:card\" content=\"summary_large_image\" \/>\n<meta name=\"twitter:label1\" content=\"Autor\" \/>\n\t<meta name=\"twitter:data1\" content=\"Rothschenk\" \/>\n\t<meta name=\"twitter:label2\" content=\"Predpokladan\u00fd \u010das \u010d\u00edtania\" \/>\n\t<meta name=\"twitter:data2\" content=\"2 min\u00faty\" \/>\n<script type=\"application\/ld+json\" class=\"yoast-schema-graph\">{\"@context\":\"https:\\\/\\\/schema.org\",\"@graph\":[{\"@type\":\"Article\",\"@id\":\"https:\\\/\\\/rothschenk.de\\\/sk\\\/rozhovor-s-ihk-priekopnik-udrzatelneho-riadenia\\\/#article\",\"isPartOf\":{\"@id\":\"https:\\\/\\\/rothschenk.de\\\/sk\\\/rozhovor-s-ihk-priekopnik-udrzatelneho-riadenia\\\/\"},\"author\":{\"name\":\"Rothschenk\",\"@id\":\"https:\\\/\\\/rothschenk.de\\\/sk\\\/#\\\/schema\\\/person\\\/e29bf5cc9df61e6c87f80cdf8ba1be93\"},\"headline\":\"Rozhovor s IHK &#8211; priekopn\u00edk udr\u017eate\u013en\u00e9ho riadenia\",\"datePublished\":\"2023-03-01T09:08:08+00:00\",\"dateModified\":\"2025-06-30T15:04:33+00:00\",\"mainEntityOfPage\":{\"@id\":\"https:\\\/\\\/rothschenk.de\\\/sk\\\/rozhovor-s-ihk-priekopnik-udrzatelneho-riadenia\\\/\"},\"wordCount\":493,\"commentCount\":0,\"image\":{\"@id\":\"https:\\\/\\\/rothschenk.de\\\/sk\\\/rozhovor-s-ihk-priekopnik-udrzatelneho-riadenia\\\/#primaryimage\"},\"thumbnailUrl\":\"https:\\\/\\\/rothschenk.de\\\/wp-content\\\/uploads\\\/2023\\\/03\\\/ihk-interview-rothschenk-ladungssicherung-nachhaltigkeit-pionier-nachhaltiges-wachstum-iwm-magazin-3-1.jpg\",\"articleSection\":[\"Rothschenk Novinky\"],\"inLanguage\":\"sk-SK\",\"potentialAction\":[{\"@type\":\"CommentAction\",\"name\":\"Comment\",\"target\":[\"https:\\\/\\\/rothschenk.de\\\/sk\\\/rozhovor-s-ihk-priekopnik-udrzatelneho-riadenia\\\/#respond\"]}]},{\"@type\":\"WebPage\",\"@id\":\"https:\\\/\\\/rothschenk.de\\\/sk\\\/rozhovor-s-ihk-priekopnik-udrzatelneho-riadenia\\\/\",\"url\":\"https:\\\/\\\/rothschenk.de\\\/sk\\\/rozhovor-s-ihk-priekopnik-udrzatelneho-riadenia\\\/\",\"name\":\"Priekopn\u00edk udr\u017eate\u013en\u00e9ho hospod\u00e1renia - Rothschenk - pr\u00edspevok IHK\",\"isPartOf\":{\"@id\":\"https:\\\/\\\/rothschenk.de\\\/sk\\\/#website\"},\"primaryImageOfPage\":{\"@id\":\"https:\\\/\\\/rothschenk.de\\\/sk\\\/rozhovor-s-ihk-priekopnik-udrzatelneho-riadenia\\\/#primaryimage\"},\"image\":{\"@id\":\"https:\\\/\\\/rothschenk.de\\\/sk\\\/rozhovor-s-ihk-priekopnik-udrzatelneho-riadenia\\\/#primaryimage\"},\"thumbnailUrl\":\"https:\\\/\\\/rothschenk.de\\\/wp-content\\\/uploads\\\/2023\\\/03\\\/ihk-interview-rothschenk-ladungssicherung-nachhaltigkeit-pionier-nachhaltiges-wachstum-iwm-magazin-3-1.jpg\",\"datePublished\":\"2023-03-01T09:08:08+00:00\",\"dateModified\":\"2025-06-30T15:04:33+00:00\",\"author\":{\"@id\":\"https:\\\/\\\/rothschenk.de\\\/sk\\\/#\\\/schema\\\/person\\\/e29bf5cc9df61e6c87f80cdf8ba1be93\"},\"description\":\"Tituln\u00fd \u010dl\u00e1nok marec 2023 v ofici\u00e1lnych novin\u00e1ch IHK W\u00fcrzburg-Schweinfurt! Pre\u010d\u00edtajte si, \u010do rob\u00ed Rothschenk priekopn\u00edkom vo svojom odvetv\u00ed...\",\"breadcrumb\":{\"@id\":\"https:\\\/\\\/rothschenk.de\\\/sk\\\/rozhovor-s-ihk-priekopnik-udrzatelneho-riadenia\\\/#breadcrumb\"},\"inLanguage\":\"sk-SK\",\"potentialAction\":[{\"@type\":\"ReadAction\",\"target\":[\"https:\\\/\\\/rothschenk.de\\\/sk\\\/rozhovor-s-ihk-priekopnik-udrzatelneho-riadenia\\\/\"]}]},{\"@type\":\"ImageObject\",\"inLanguage\":\"sk-SK\",\"@id\":\"https:\\\/\\\/rothschenk.de\\\/sk\\\/rozhovor-s-ihk-priekopnik-udrzatelneho-riadenia\\\/#primaryimage\",\"url\":\"https:\\\/\\\/rothschenk.de\\\/wp-content\\\/uploads\\\/2023\\\/03\\\/ihk-interview-rothschenk-ladungssicherung-nachhaltigkeit-pionier-nachhaltiges-wachstum-iwm-magazin-3-1.jpg\",\"contentUrl\":\"https:\\\/\\\/rothschenk.de\\\/wp-content\\\/uploads\\\/2023\\\/03\\\/ihk-interview-rothschenk-ladungssicherung-nachhaltigkeit-pionier-nachhaltiges-wachstum-iwm-magazin-3-1.jpg\"},{\"@type\":\"BreadcrumbList\",\"@id\":\"https:\\\/\\\/rothschenk.de\\\/sk\\\/rozhovor-s-ihk-priekopnik-udrzatelneho-riadenia\\\/#breadcrumb\",\"itemListElement\":[{\"@type\":\"ListItem\",\"position\":1,\"name\":\"Domovsk\u00e1 str\u00e1nka\",\"item\":\"https:\\\/\\\/rothschenk.de\\\/sk\\\/domovska-stranka\\\/\"},{\"@type\":\"ListItem\",\"position\":2,\"name\":\"Rozhovor s IHK &#8211; priekopn\u00edk udr\u017eate\u013en\u00e9ho riadenia\"}]},{\"@type\":\"WebSite\",\"@id\":\"https:\\\/\\\/rothschenk.de\\\/sk\\\/#website\",\"url\":\"https:\\\/\\\/rothschenk.de\\\/sk\\\/\",\"name\":\"Rothschenk - Der Online Shop f\u00fcr Ladungssicherung\",\"description\":\"Der Online Shop f\u00fcr Ladungssicherung\",\"potentialAction\":[{\"@type\":\"SearchAction\",\"target\":{\"@type\":\"EntryPoint\",\"urlTemplate\":\"https:\\\/\\\/rothschenk.de\\\/sk\\\/?s={search_term_string}\"},\"query-input\":{\"@type\":\"PropertyValueSpecification\",\"valueRequired\":true,\"valueName\":\"search_term_string\"}}],\"inLanguage\":\"sk-SK\"},{\"@type\":\"Person\",\"@id\":\"https:\\\/\\\/rothschenk.de\\\/sk\\\/#\\\/schema\\\/person\\\/e29bf5cc9df61e6c87f80cdf8ba1be93\",\"name\":\"Rothschenk\",\"image\":{\"@type\":\"ImageObject\",\"inLanguage\":\"sk-SK\",\"@id\":\"https:\\\/\\\/rothschenk.de\\\/wp-content\\\/uploads\\\/2024\\\/03\\\/cropped-cropped-Rothschenk-logo-ladungssicherung-1-96x96.png\",\"url\":\"https:\\\/\\\/rothschenk.de\\\/wp-content\\\/uploads\\\/2024\\\/03\\\/cropped-cropped-Rothschenk-logo-ladungssicherung-1-96x96.png\",\"contentUrl\":\"https:\\\/\\\/rothschenk.de\\\/wp-content\\\/uploads\\\/2024\\\/03\\\/cropped-cropped-Rothschenk-logo-ladungssicherung-1-96x96.png\",\"caption\":\"Rothschenk\"},\"description\":\"\u2714 Profi in der Beratung \u2714 Profi an der Laderampe \u2714 Profi bei der Abwicklung Ihrer W\u00fcnsche \u2714 Ladungssicherung Made in Germany\",\"url\":\"https:\\\/\\\/rothschenk.de\\\/sk\\\/author\\\/rothschenk\\\/\"}]}<\/script>\n<!-- \/ Yoast SEO plugin. -->","yoast_head_json":{"title":"Priekopn\u00edk udr\u017eate\u013en\u00e9ho hospod\u00e1renia - Rothschenk - pr\u00edspevok IHK","description":"Tituln\u00fd \u010dl\u00e1nok marec 2023 v ofici\u00e1lnych novin\u00e1ch IHK W\u00fcrzburg-Schweinfurt! Pre\u010d\u00edtajte si, \u010do rob\u00ed Rothschenk priekopn\u00edkom vo svojom odvetv\u00ed...","robots":{"index":"index","follow":"follow","max-snippet":"max-snippet:-1","max-image-preview":"max-image-preview:large","max-video-preview":"max-video-preview:-1"},"canonical":"https:\/\/rothschenk.de\/sk\/rozhovor-s-ihk-priekopnik-udrzatelneho-riadenia\/","og_locale":"sk_SK","og_type":"article","og_title":"Priekopn\u00edk udr\u017eate\u013en\u00e9ho hospod\u00e1renia - Rothschenk - pr\u00edspevok IHK","og_description":"Tituln\u00fd \u010dl\u00e1nok marec 2023 v ofici\u00e1lnych novin\u00e1ch IHK W\u00fcrzburg-Schweinfurt! Pre\u010d\u00edtajte si, \u010do rob\u00ed Rothschenk priekopn\u00edkom vo svojom odvetv\u00ed...","og_url":"https:\/\/rothschenk.de\/sk\/rozhovor-s-ihk-priekopnik-udrzatelneho-riadenia\/","og_site_name":"Rothschenk","article_publisher":"https:\/\/de-de.facebook.com\/FirmaRothschenk\/","article_published_time":"2023-03-01T09:08:08+00:00","article_modified_time":"2025-06-30T15:04:33+00:00","og_image":[{"width":900,"height":600,"url":"https:\/\/rothschenk.de\/wp-content\/uploads\/2023\/03\/ihk-interview-rothschenk-ladungssicherung-nachhaltigkeit-pionier-nachhaltiges-wachstum-iwm-magazin-3-1.jpg","type":"image\/jpeg"}],"author":"Rothschenk","twitter_card":"summary_large_image","twitter_misc":{"Autor":"Rothschenk","Predpokladan\u00fd \u010das \u010d\u00edtania":"2 min\u00faty"},"schema":{"@context":"https:\/\/schema.org","@graph":[{"@type":"Article","@id":"https:\/\/rothschenk.de\/sk\/rozhovor-s-ihk-priekopnik-udrzatelneho-riadenia\/#article","isPartOf":{"@id":"https:\/\/rothschenk.de\/sk\/rozhovor-s-ihk-priekopnik-udrzatelneho-riadenia\/"},"author":{"name":"Rothschenk","@id":"https:\/\/rothschenk.de\/sk\/#\/schema\/person\/e29bf5cc9df61e6c87f80cdf8ba1be93"},"headline":"Rozhovor s IHK &#8211; priekopn\u00edk udr\u017eate\u013en\u00e9ho riadenia","datePublished":"2023-03-01T09:08:08+00:00","dateModified":"2025-06-30T15:04:33+00:00","mainEntityOfPage":{"@id":"https:\/\/rothschenk.de\/sk\/rozhovor-s-ihk-priekopnik-udrzatelneho-riadenia\/"},"wordCount":493,"commentCount":0,"image":{"@id":"https:\/\/rothschenk.de\/sk\/rozhovor-s-ihk-priekopnik-udrzatelneho-riadenia\/#primaryimage"},"thumbnailUrl":"https:\/\/rothschenk.de\/wp-content\/uploads\/2023\/03\/ihk-interview-rothschenk-ladungssicherung-nachhaltigkeit-pionier-nachhaltiges-wachstum-iwm-magazin-3-1.jpg","articleSection":["Rothschenk Novinky"],"inLanguage":"sk-SK","potentialAction":[{"@type":"CommentAction","name":"Comment","target":["https:\/\/rothschenk.de\/sk\/rozhovor-s-ihk-priekopnik-udrzatelneho-riadenia\/#respond"]}]},{"@type":"WebPage","@id":"https:\/\/rothschenk.de\/sk\/rozhovor-s-ihk-priekopnik-udrzatelneho-riadenia\/","url":"https:\/\/rothschenk.de\/sk\/rozhovor-s-ihk-priekopnik-udrzatelneho-riadenia\/","name":"Priekopn\u00edk udr\u017eate\u013en\u00e9ho hospod\u00e1renia - Rothschenk - pr\u00edspevok IHK","isPartOf":{"@id":"https:\/\/rothschenk.de\/sk\/#website"},"primaryImageOfPage":{"@id":"https:\/\/rothschenk.de\/sk\/rozhovor-s-ihk-priekopnik-udrzatelneho-riadenia\/#primaryimage"},"image":{"@id":"https:\/\/rothschenk.de\/sk\/rozhovor-s-ihk-priekopnik-udrzatelneho-riadenia\/#primaryimage"},"thumbnailUrl":"https:\/\/rothschenk.de\/wp-content\/uploads\/2023\/03\/ihk-interview-rothschenk-ladungssicherung-nachhaltigkeit-pionier-nachhaltiges-wachstum-iwm-magazin-3-1.jpg","datePublished":"2023-03-01T09:08:08+00:00","dateModified":"2025-06-30T15:04:33+00:00","author":{"@id":"https:\/\/rothschenk.de\/sk\/#\/schema\/person\/e29bf5cc9df61e6c87f80cdf8ba1be93"},"description":"Tituln\u00fd \u010dl\u00e1nok marec 2023 v ofici\u00e1lnych novin\u00e1ch IHK W\u00fcrzburg-Schweinfurt! Pre\u010d\u00edtajte si, \u010do rob\u00ed Rothschenk priekopn\u00edkom vo svojom odvetv\u00ed...","breadcrumb":{"@id":"https:\/\/rothschenk.de\/sk\/rozhovor-s-ihk-priekopnik-udrzatelneho-riadenia\/#breadcrumb"},"inLanguage":"sk-SK","potentialAction":[{"@type":"ReadAction","target":["https:\/\/rothschenk.de\/sk\/rozhovor-s-ihk-priekopnik-udrzatelneho-riadenia\/"]}]},{"@type":"ImageObject","inLanguage":"sk-SK","@id":"https:\/\/rothschenk.de\/sk\/rozhovor-s-ihk-priekopnik-udrzatelneho-riadenia\/#primaryimage","url":"https:\/\/rothschenk.de\/wp-content\/uploads\/2023\/03\/ihk-interview-rothschenk-ladungssicherung-nachhaltigkeit-pionier-nachhaltiges-wachstum-iwm-magazin-3-1.jpg","contentUrl":"https:\/\/rothschenk.de\/wp-content\/uploads\/2023\/03\/ihk-interview-rothschenk-ladungssicherung-nachhaltigkeit-pionier-nachhaltiges-wachstum-iwm-magazin-3-1.jpg"},{"@type":"BreadcrumbList","@id":"https:\/\/rothschenk.de\/sk\/rozhovor-s-ihk-priekopnik-udrzatelneho-riadenia\/#breadcrumb","itemListElement":[{"@type":"ListItem","position":1,"name":"Domovsk\u00e1 str\u00e1nka","item":"https:\/\/rothschenk.de\/sk\/domovska-stranka\/"},{"@type":"ListItem","position":2,"name":"Rozhovor s IHK &#8211; priekopn\u00edk udr\u017eate\u013en\u00e9ho riadenia"}]},{"@type":"WebSite","@id":"https:\/\/rothschenk.de\/sk\/#website","url":"https:\/\/rothschenk.de\/sk\/","name":"Rothschenk - Der Online Shop f\u00fcr Ladungssicherung","description":"Der Online Shop f\u00fcr Ladungssicherung","potentialAction":[{"@type":"SearchAction","target":{"@type":"EntryPoint","urlTemplate":"https:\/\/rothschenk.de\/sk\/?s={search_term_string}"},"query-input":{"@type":"PropertyValueSpecification","valueRequired":true,"valueName":"search_term_string"}}],"inLanguage":"sk-SK"},{"@type":"Person","@id":"https:\/\/rothschenk.de\/sk\/#\/schema\/person\/e29bf5cc9df61e6c87f80cdf8ba1be93","name":"Rothschenk","image":{"@type":"ImageObject","inLanguage":"sk-SK","@id":"https:\/\/rothschenk.de\/wp-content\/uploads\/2024\/03\/cropped-cropped-Rothschenk-logo-ladungssicherung-1-96x96.png","url":"https:\/\/rothschenk.de\/wp-content\/uploads\/2024\/03\/cropped-cropped-Rothschenk-logo-ladungssicherung-1-96x96.png","contentUrl":"https:\/\/rothschenk.de\/wp-content\/uploads\/2024\/03\/cropped-cropped-Rothschenk-logo-ladungssicherung-1-96x96.png","caption":"Rothschenk"},"description":"\u2714 Profi in der Beratung \u2714 Profi an der Laderampe \u2714 Profi bei der Abwicklung Ihrer W\u00fcnsche \u2714 Ladungssicherung Made in Germany","url":"https:\/\/rothschenk.de\/sk\/author\/rothschenk\/"}]}},"_links":{"self":[{"href":"https:\/\/rothschenk.de\/sk\/wp-json\/wp\/v2\/posts\/681244","targetHints":{"allow":["GET"]}}],"collection":[{"href":"https:\/\/rothschenk.de\/sk\/wp-json\/wp\/v2\/posts"}],"about":[{"href":"https:\/\/rothschenk.de\/sk\/wp-json\/wp\/v2\/types\/post"}],"author":[{"embeddable":true,"href":"https:\/\/rothschenk.de\/sk\/wp-json\/wp\/v2\/users\/1539"}],"replies":[{"embeddable":true,"href":"https:\/\/rothschenk.de\/sk\/wp-json\/wp\/v2\/comments?post=681244"}],"version-history":[{"count":1,"href":"https:\/\/rothschenk.de\/sk\/wp-json\/wp\/v2\/posts\/681244\/revisions"}],"predecessor-version":[{"id":681245,"href":"https:\/\/rothschenk.de\/sk\/wp-json\/wp\/v2\/posts\/681244\/revisions\/681245"}],"wp:attachment":[{"href":"https:\/\/rothschenk.de\/sk\/wp-json\/wp\/v2\/media?parent=681244"}],"wp:term":[{"taxonomy":"category","embeddable":true,"href":"https:\/\/rothschenk.de\/sk\/wp-json\/wp\/v2\/categories?post=681244"},{"taxonomy":"post_tag","embeddable":true,"href":"https:\/\/rothschenk.de\/sk\/wp-json\/wp\/v2\/tags?post=681244"}],"curies":[{"name":"wp","href":"https:\/\/api.w.org\/{rel}","templated":true}]}}