{"id":681263,"date":"2015-10-02T14:05:34","date_gmt":"2015-10-02T12:05:34","guid":{"rendered":"https:\/\/rothschenk.de\/fachpack-norimberg-zvlastne-momenty-red-line-zaznam\/"},"modified":"2025-06-30T17:05:53","modified_gmt":"2025-06-30T15:05:53","slug":"fachpack-norimberg-zvlastne-momenty-red-line-zaznam","status":"publish","type":"post","link":"https:\/\/rothschenk.de\/sk\/fachpack-norimberg-zvlastne-momenty-red-line-zaznam\/","title":{"rendered":"Fachpack Norimberg: Zvl\u00e1\u0161tne momenty, RED LINE, z\u00e1znam!"},"content":{"rendered":"\n<p>Spolo\u010dnos\u0165 Rothschenk je pravideln\u00fdm vystavovate\u013eom na ve\u013etrhu FACHPACK v Norimbergu u\u017e viac ako desa\u0165 rokov. Aj tento rok dok\u00e1zal eur\u00f3psky ve\u013etrh obalov, technol\u00f3gi\u00ed, kone\u010dnej \u00fapravy a logistiky naplni\u0165 o\u010dak\u00e1vania v\u0161etk\u00fdch z\u00fa\u010dastnen\u00fdch. Ak ich dokonca neprekonal: do st\u00e1nkov <strong>1 565 vystavovate\u013eov<\/strong> zav\u00edtalo viac ako <strong>43 000 n\u00e1v\u0161tevn\u00edkov<\/strong> &#8211; <strong>rekord<\/strong>! To v\u0161ak nebol jedin\u00fd d\u00f4vod, pre\u010do boli dni v Norimbergu pre spolo\u010dnos\u0165 Rothschenk <strong>v\u00fdnimo\u010dnou udalos\u0165ou<\/strong>. Netrpezlivo sa o\u010dak\u00e1vala prv\u00e1 prezent\u00e1cia n\u00e1\u0161ho nov\u00e9ho produktov\u00e9ho radu v\u00fdpl\u0148ov\u00fd vak <strong>RED LINE<\/strong> pred ve\u013ek\u00fdm publikom. A bola \u00faspe\u0161n\u00e1. <strong>St\u00e1nok<\/strong> v hale 7a, ktor\u00fd bol po\u010das v\u0161etk\u00fdch troch dn\u00ed <strong>ve\u013emi dobre nav\u0161tevovan\u00fd<\/strong>, a <strong>ve\u013ek\u00fd dopyt<\/strong> ukazuj\u00fa, \u017ee <strong>RED LINE <\/strong>m\u00f4\u017ee by\u0165 pre spolo\u010dnos\u0165 Rothschenk v segmente v\u00fdpl\u0148ov\u00fd vak prelomov\u00fd. V\u00fdrobok, ktor\u00fd je dostupn\u00fd <strong>zo skladu v<\/strong> kr\u00e1tkom \u010dase vo v\u0161etk\u00fdch <strong>\u0161tandardn\u00fdch ve\u013ekostiach<\/strong>, sp\u013a\u0148a po\u017eiadavky <strong>smern\u00edc AAR<\/strong> platn\u00fdch v USA. Viac inform\u00e1ci\u00ed o <a href=\"https:\/\/www.rothschenk.de\/?p=120\" target=\"_blank\" rel=\"noreferrer noopener\"><strong>v\u00fdrobku RED LINE<\/strong> n\u00e1jdete tu.<\/a>       <\/p>\n\n<p><strong>Gisela Rothschenk<\/strong> bola pr\u00edtomn\u00e1 aj v st\u00e1nku na ve\u013etrhu v Norimbergu. <strong>Priekopn\u00ed\u010dka v oblasti zabezpe\u010dovania n\u00e1kladu<\/strong>, ktor\u00e1 sa te\u0161\u00ed ve\u013ekej ob\u013eube u z\u00e1kazn\u00edkov a zamestnancov, u\u017e dlho h\u013eadala vhodn\u00e9ho n\u00e1stupcu, ktor\u00fd by viedol jej rodinn\u00fd podnik. V j\u00fali kone\u010dne na\u0161la to, \u010do h\u013eadala. Gisela vyu\u017eila dni Fachpacku na to, aby sa osobne rozl\u00fa\u010dila so svojimi z\u00e1kazn\u00edkmi, ktor\u00ed sa za tie roky stali jej priate\u013emi.   <\/p>\n\n<div style=\"height:35px\" aria-hidden=\"true\" class=\"wp-block-spacer\"><\/div>\n\n<figure class=\"wp-block-gallery has-nested-images columns-default is-cropped wp-block-gallery-1 is-layout-flex wp-block-gallery-is-layout-flex\">\n<figure class=\"wp-block-image size-large\"><img fetchpriority=\"high\" decoding=\"async\" width=\"1024\" height=\"683\" data-id=\"168399\" src=\"https:\/\/rothschenk.de\/wp-content\/uploads\/2015\/10\/rothschenk-fachpack-messe-ladungssicherung-2.jpg\" alt=\"\" class=\"wp-image-168399\" srcset=\"https:\/\/rothschenk.de\/wp-content\/uploads\/2015\/10\/rothschenk-fachpack-messe-ladungssicherung-2.jpg 1024w, https:\/\/rothschenk.de\/wp-content\/uploads\/2015\/10\/rothschenk-fachpack-messe-ladungssicherung-2-300x200.jpg 300w, https:\/\/rothschenk.de\/wp-content\/uploads\/2015\/10\/rothschenk-fachpack-messe-ladungssicherung-2-768x512.jpg 768w, https:\/\/rothschenk.de\/wp-content\/uploads\/2015\/10\/rothschenk-fachpack-messe-ladungssicherung-2-600x400.jpg 600w\" sizes=\"(max-width: 1024px) 100vw, 1024px\" \/><\/figure>\n\n\n\n<figure class=\"wp-block-image size-large\"><img decoding=\"async\" width=\"560\" height=\"367\" data-id=\"168402\" src=\"https:\/\/rothschenk.de\/wp-content\/uploads\/2015\/10\/rothschenk-fachpack-messe-ladungssicherung-1.jpg\" alt=\"\" class=\"wp-image-168402\" srcset=\"https:\/\/rothschenk.de\/wp-content\/uploads\/2015\/10\/rothschenk-fachpack-messe-ladungssicherung-1.jpg 560w, https:\/\/rothschenk.de\/wp-content\/uploads\/2015\/10\/rothschenk-fachpack-messe-ladungssicherung-1-300x197.jpg 300w\" sizes=\"(max-width: 560px) 100vw, 560px\" \/><\/figure>\n<\/figure>\n","protected":false},"excerpt":{"rendered":"<p>Spolo\u010dnos\u0165 Rothschenk je pravideln\u00fdm vystavovate\u013eom na ve\u013etrhu FACHPACK v Norimbergu u\u017e viac ako desa\u0165 rokov. Aj tento rok dok\u00e1zal eur\u00f3psky ve\u013etrh obalov, technol\u00f3gi\u00ed, kone\u010dnej \u00fapravy a logistiky naplni\u0165 o\u010dak\u00e1vania v\u0161etk\u00fdch z\u00fa\u010dastnen\u00fdch. Ak ich dokonca neprekonal: do st\u00e1nkov 1 565 vystavovate\u013eov zav\u00edtalo viac ako 43 000 n\u00e1v\u0161tevn\u00edkov &#8211; rekord! To v\u0161ak nebol jedin\u00fd d\u00f4vod, pre\u010do boli [&hellip;]<\/p>\n","protected":false},"author":1539,"featured_media":0,"comment_status":"open","ping_status":"closed","sticky":false,"template":"","format":"standard","meta":{"_acf_changed":false,"footnotes":""},"categories":[870],"tags":[],"class_list":["post-681263","post","type-post","status-publish","format-standard","hentry","category-rothschenk-novinky-sk"],"acf":[],"yoast_head":"<!-- This site is optimized with the Yoast SEO plugin v27.5 - https:\/\/yoast.com\/product\/yoast-seo-wordpress\/ -->\n<title>Fachpack Norimberg: Zvl\u00e1\u0161tne momenty, RED LINE, z\u00e1znam! - Rothschenk<\/title>\n<meta name=\"description\" content=\"Na tohtoro\u010dnom ve\u013etrhu Fachpack v Norimbergu predstavila spolo\u010dnos\u0165 G&amp;H Gmbh Rothschenk svoj nov\u00fd, s\u013eubn\u00fd produktov\u00fd rad &quot;RED LINE&quot;.\" \/>\n<meta name=\"robots\" content=\"index, follow, max-snippet:-1, max-image-preview:large, max-video-preview:-1\" \/>\n<link rel=\"canonical\" href=\"https:\/\/rothschenk.de\/sk\/fachpack-norimberg-zvlastne-momenty-red-line-zaznam\/\" \/>\n<meta property=\"og:locale\" content=\"sk_SK\" \/>\n<meta property=\"og:type\" content=\"article\" \/>\n<meta property=\"og:title\" content=\"Fachpack Norimberg: Zvl\u00e1\u0161tne momenty, RED LINE, z\u00e1znam! - Rothschenk\" \/>\n<meta property=\"og:description\" content=\"Na tohtoro\u010dnom ve\u013etrhu Fachpack v Norimbergu predstavila spolo\u010dnos\u0165 G&amp;H Gmbh Rothschenk svoj nov\u00fd, s\u013eubn\u00fd produktov\u00fd rad &quot;RED LINE&quot;.\" \/>\n<meta property=\"og:url\" content=\"https:\/\/rothschenk.de\/sk\/fachpack-norimberg-zvlastne-momenty-red-line-zaznam\/\" \/>\n<meta property=\"og:site_name\" content=\"Rothschenk\" \/>\n<meta property=\"article:publisher\" content=\"https:\/\/de-de.facebook.com\/FirmaRothschenk\/\" \/>\n<meta property=\"article:published_time\" content=\"2015-10-02T12:05:34+00:00\" \/>\n<meta property=\"article:modified_time\" content=\"2025-06-30T15:05:53+00:00\" \/>\n<meta property=\"og:image\" content=\"https:\/\/rothschenk.de\/wp-content\/uploads\/2015\/10\/rothschenk-fachpack-messe-ladungssicherung-2.jpg\" \/>\n\t<meta property=\"og:image:width\" content=\"1024\" \/>\n\t<meta property=\"og:image:height\" content=\"683\" \/>\n\t<meta property=\"og:image:type\" content=\"image\/jpeg\" \/>\n<meta name=\"author\" content=\"Rothschenk\" \/>\n<meta name=\"twitter:card\" content=\"summary_large_image\" \/>\n<meta name=\"twitter:label1\" content=\"Autor\" \/>\n\t<meta name=\"twitter:data1\" content=\"Rothschenk\" \/>\n\t<meta name=\"twitter:label2\" content=\"Predpokladan\u00fd \u010das \u010d\u00edtania\" \/>\n\t<meta name=\"twitter:data2\" content=\"1 min\u00fata\" \/>\n<script type=\"application\/ld+json\" class=\"yoast-schema-graph\">{\"@context\":\"https:\\\/\\\/schema.org\",\"@graph\":[{\"@type\":\"Article\",\"@id\":\"https:\\\/\\\/rothschenk.de\\\/sk\\\/fachpack-norimberg-zvlastne-momenty-red-line-zaznam\\\/#article\",\"isPartOf\":{\"@id\":\"https:\\\/\\\/rothschenk.de\\\/sk\\\/fachpack-norimberg-zvlastne-momenty-red-line-zaznam\\\/\"},\"author\":{\"name\":\"Rothschenk\",\"@id\":\"https:\\\/\\\/rothschenk.de\\\/sk\\\/#\\\/schema\\\/person\\\/e29bf5cc9df61e6c87f80cdf8ba1be93\"},\"headline\":\"Fachpack Norimberg: Zvl\u00e1\u0161tne momenty, RED LINE, z\u00e1znam!\",\"datePublished\":\"2015-10-02T12:05:34+00:00\",\"dateModified\":\"2025-06-30T15:05:53+00:00\",\"mainEntityOfPage\":{\"@id\":\"https:\\\/\\\/rothschenk.de\\\/sk\\\/fachpack-norimberg-zvlastne-momenty-red-line-zaznam\\\/\"},\"wordCount\":294,\"commentCount\":0,\"image\":{\"@id\":\"https:\\\/\\\/rothschenk.de\\\/sk\\\/fachpack-norimberg-zvlastne-momenty-red-line-zaznam\\\/#primaryimage\"},\"thumbnailUrl\":\"https:\\\/\\\/rothschenk.de\\\/wp-content\\\/uploads\\\/2015\\\/10\\\/rothschenk-fachpack-messe-ladungssicherung-2.jpg\",\"articleSection\":[\"Rothschenk Novinky\"],\"inLanguage\":\"sk-SK\",\"potentialAction\":[{\"@type\":\"CommentAction\",\"name\":\"Comment\",\"target\":[\"https:\\\/\\\/rothschenk.de\\\/sk\\\/fachpack-norimberg-zvlastne-momenty-red-line-zaznam\\\/#respond\"]}]},{\"@type\":\"WebPage\",\"@id\":\"https:\\\/\\\/rothschenk.de\\\/sk\\\/fachpack-norimberg-zvlastne-momenty-red-line-zaznam\\\/\",\"url\":\"https:\\\/\\\/rothschenk.de\\\/sk\\\/fachpack-norimberg-zvlastne-momenty-red-line-zaznam\\\/\",\"name\":\"Fachpack Norimberg: Zvl\u00e1\u0161tne momenty, RED LINE, z\u00e1znam! - Rothschenk\",\"isPartOf\":{\"@id\":\"https:\\\/\\\/rothschenk.de\\\/sk\\\/#website\"},\"primaryImageOfPage\":{\"@id\":\"https:\\\/\\\/rothschenk.de\\\/sk\\\/fachpack-norimberg-zvlastne-momenty-red-line-zaznam\\\/#primaryimage\"},\"image\":{\"@id\":\"https:\\\/\\\/rothschenk.de\\\/sk\\\/fachpack-norimberg-zvlastne-momenty-red-line-zaznam\\\/#primaryimage\"},\"thumbnailUrl\":\"https:\\\/\\\/rothschenk.de\\\/wp-content\\\/uploads\\\/2015\\\/10\\\/rothschenk-fachpack-messe-ladungssicherung-2.jpg\",\"datePublished\":\"2015-10-02T12:05:34+00:00\",\"dateModified\":\"2025-06-30T15:05:53+00:00\",\"author\":{\"@id\":\"https:\\\/\\\/rothschenk.de\\\/sk\\\/#\\\/schema\\\/person\\\/e29bf5cc9df61e6c87f80cdf8ba1be93\"},\"description\":\"Na tohtoro\u010dnom ve\u013etrhu Fachpack v Norimbergu predstavila spolo\u010dnos\u0165 G&H Gmbh Rothschenk svoj nov\u00fd, s\u013eubn\u00fd produktov\u00fd rad \\\"RED LINE\\\".\",\"breadcrumb\":{\"@id\":\"https:\\\/\\\/rothschenk.de\\\/sk\\\/fachpack-norimberg-zvlastne-momenty-red-line-zaznam\\\/#breadcrumb\"},\"inLanguage\":\"sk-SK\",\"potentialAction\":[{\"@type\":\"ReadAction\",\"target\":[\"https:\\\/\\\/rothschenk.de\\\/sk\\\/fachpack-norimberg-zvlastne-momenty-red-line-zaznam\\\/\"]}]},{\"@type\":\"ImageObject\",\"inLanguage\":\"sk-SK\",\"@id\":\"https:\\\/\\\/rothschenk.de\\\/sk\\\/fachpack-norimberg-zvlastne-momenty-red-line-zaznam\\\/#primaryimage\",\"url\":\"https:\\\/\\\/rothschenk.de\\\/wp-content\\\/uploads\\\/2015\\\/10\\\/rothschenk-fachpack-messe-ladungssicherung-2.jpg\",\"contentUrl\":\"https:\\\/\\\/rothschenk.de\\\/wp-content\\\/uploads\\\/2015\\\/10\\\/rothschenk-fachpack-messe-ladungssicherung-2.jpg\"},{\"@type\":\"BreadcrumbList\",\"@id\":\"https:\\\/\\\/rothschenk.de\\\/sk\\\/fachpack-norimberg-zvlastne-momenty-red-line-zaznam\\\/#breadcrumb\",\"itemListElement\":[{\"@type\":\"ListItem\",\"position\":1,\"name\":\"Domovsk\u00e1 str\u00e1nka\",\"item\":\"https:\\\/\\\/rothschenk.de\\\/sk\\\/domovska-stranka\\\/\"},{\"@type\":\"ListItem\",\"position\":2,\"name\":\"Fachpack Norimberg: Zvl\u00e1\u0161tne momenty, RED LINE, z\u00e1znam!\"}]},{\"@type\":\"WebSite\",\"@id\":\"https:\\\/\\\/rothschenk.de\\\/sk\\\/#website\",\"url\":\"https:\\\/\\\/rothschenk.de\\\/sk\\\/\",\"name\":\"Rothschenk - Der Online Shop f\u00fcr Ladungssicherung\",\"description\":\"Der Online Shop f\u00fcr Ladungssicherung\",\"potentialAction\":[{\"@type\":\"SearchAction\",\"target\":{\"@type\":\"EntryPoint\",\"urlTemplate\":\"https:\\\/\\\/rothschenk.de\\\/sk\\\/?s={search_term_string}\"},\"query-input\":{\"@type\":\"PropertyValueSpecification\",\"valueRequired\":true,\"valueName\":\"search_term_string\"}}],\"inLanguage\":\"sk-SK\"},{\"@type\":\"Person\",\"@id\":\"https:\\\/\\\/rothschenk.de\\\/sk\\\/#\\\/schema\\\/person\\\/e29bf5cc9df61e6c87f80cdf8ba1be93\",\"name\":\"Rothschenk\",\"image\":{\"@type\":\"ImageObject\",\"inLanguage\":\"sk-SK\",\"@id\":\"https:\\\/\\\/rothschenk.de\\\/wp-content\\\/uploads\\\/2024\\\/03\\\/cropped-cropped-Rothschenk-logo-ladungssicherung-1-96x96.png\",\"url\":\"https:\\\/\\\/rothschenk.de\\\/wp-content\\\/uploads\\\/2024\\\/03\\\/cropped-cropped-Rothschenk-logo-ladungssicherung-1-96x96.png\",\"contentUrl\":\"https:\\\/\\\/rothschenk.de\\\/wp-content\\\/uploads\\\/2024\\\/03\\\/cropped-cropped-Rothschenk-logo-ladungssicherung-1-96x96.png\",\"caption\":\"Rothschenk\"},\"description\":\"\u2714 Profi in der Beratung \u2714 Profi an der Laderampe \u2714 Profi bei der Abwicklung Ihrer W\u00fcnsche \u2714 Ladungssicherung Made in Germany\",\"url\":\"https:\\\/\\\/rothschenk.de\\\/sk\\\/author\\\/rothschenk\\\/\"}]}<\/script>\n<!-- \/ Yoast SEO plugin. -->","yoast_head_json":{"title":"Fachpack Norimberg: Zvl\u00e1\u0161tne momenty, RED LINE, z\u00e1znam! - Rothschenk","description":"Na tohtoro\u010dnom ve\u013etrhu Fachpack v Norimbergu predstavila spolo\u010dnos\u0165 G&H Gmbh Rothschenk svoj nov\u00fd, s\u013eubn\u00fd produktov\u00fd rad \"RED LINE\".","robots":{"index":"index","follow":"follow","max-snippet":"max-snippet:-1","max-image-preview":"max-image-preview:large","max-video-preview":"max-video-preview:-1"},"canonical":"https:\/\/rothschenk.de\/sk\/fachpack-norimberg-zvlastne-momenty-red-line-zaznam\/","og_locale":"sk_SK","og_type":"article","og_title":"Fachpack Norimberg: Zvl\u00e1\u0161tne momenty, RED LINE, z\u00e1znam! - Rothschenk","og_description":"Na tohtoro\u010dnom ve\u013etrhu Fachpack v Norimbergu predstavila spolo\u010dnos\u0165 G&H Gmbh Rothschenk svoj nov\u00fd, s\u013eubn\u00fd produktov\u00fd rad \"RED LINE\".","og_url":"https:\/\/rothschenk.de\/sk\/fachpack-norimberg-zvlastne-momenty-red-line-zaznam\/","og_site_name":"Rothschenk","article_publisher":"https:\/\/de-de.facebook.com\/FirmaRothschenk\/","article_published_time":"2015-10-02T12:05:34+00:00","article_modified_time":"2025-06-30T15:05:53+00:00","og_image":[{"width":1024,"height":683,"url":"https:\/\/rothschenk.de\/wp-content\/uploads\/2015\/10\/rothschenk-fachpack-messe-ladungssicherung-2.jpg","type":"image\/jpeg"}],"author":"Rothschenk","twitter_card":"summary_large_image","twitter_misc":{"Autor":"Rothschenk","Predpokladan\u00fd \u010das \u010d\u00edtania":"1 min\u00fata"},"schema":{"@context":"https:\/\/schema.org","@graph":[{"@type":"Article","@id":"https:\/\/rothschenk.de\/sk\/fachpack-norimberg-zvlastne-momenty-red-line-zaznam\/#article","isPartOf":{"@id":"https:\/\/rothschenk.de\/sk\/fachpack-norimberg-zvlastne-momenty-red-line-zaznam\/"},"author":{"name":"Rothschenk","@id":"https:\/\/rothschenk.de\/sk\/#\/schema\/person\/e29bf5cc9df61e6c87f80cdf8ba1be93"},"headline":"Fachpack Norimberg: Zvl\u00e1\u0161tne momenty, RED LINE, z\u00e1znam!","datePublished":"2015-10-02T12:05:34+00:00","dateModified":"2025-06-30T15:05:53+00:00","mainEntityOfPage":{"@id":"https:\/\/rothschenk.de\/sk\/fachpack-norimberg-zvlastne-momenty-red-line-zaznam\/"},"wordCount":294,"commentCount":0,"image":{"@id":"https:\/\/rothschenk.de\/sk\/fachpack-norimberg-zvlastne-momenty-red-line-zaznam\/#primaryimage"},"thumbnailUrl":"https:\/\/rothschenk.de\/wp-content\/uploads\/2015\/10\/rothschenk-fachpack-messe-ladungssicherung-2.jpg","articleSection":["Rothschenk Novinky"],"inLanguage":"sk-SK","potentialAction":[{"@type":"CommentAction","name":"Comment","target":["https:\/\/rothschenk.de\/sk\/fachpack-norimberg-zvlastne-momenty-red-line-zaznam\/#respond"]}]},{"@type":"WebPage","@id":"https:\/\/rothschenk.de\/sk\/fachpack-norimberg-zvlastne-momenty-red-line-zaznam\/","url":"https:\/\/rothschenk.de\/sk\/fachpack-norimberg-zvlastne-momenty-red-line-zaznam\/","name":"Fachpack Norimberg: Zvl\u00e1\u0161tne momenty, RED LINE, z\u00e1znam! - Rothschenk","isPartOf":{"@id":"https:\/\/rothschenk.de\/sk\/#website"},"primaryImageOfPage":{"@id":"https:\/\/rothschenk.de\/sk\/fachpack-norimberg-zvlastne-momenty-red-line-zaznam\/#primaryimage"},"image":{"@id":"https:\/\/rothschenk.de\/sk\/fachpack-norimberg-zvlastne-momenty-red-line-zaznam\/#primaryimage"},"thumbnailUrl":"https:\/\/rothschenk.de\/wp-content\/uploads\/2015\/10\/rothschenk-fachpack-messe-ladungssicherung-2.jpg","datePublished":"2015-10-02T12:05:34+00:00","dateModified":"2025-06-30T15:05:53+00:00","author":{"@id":"https:\/\/rothschenk.de\/sk\/#\/schema\/person\/e29bf5cc9df61e6c87f80cdf8ba1be93"},"description":"Na tohtoro\u010dnom ve\u013etrhu Fachpack v Norimbergu predstavila spolo\u010dnos\u0165 G&H Gmbh Rothschenk svoj nov\u00fd, s\u013eubn\u00fd produktov\u00fd rad \"RED LINE\".","breadcrumb":{"@id":"https:\/\/rothschenk.de\/sk\/fachpack-norimberg-zvlastne-momenty-red-line-zaznam\/#breadcrumb"},"inLanguage":"sk-SK","potentialAction":[{"@type":"ReadAction","target":["https:\/\/rothschenk.de\/sk\/fachpack-norimberg-zvlastne-momenty-red-line-zaznam\/"]}]},{"@type":"ImageObject","inLanguage":"sk-SK","@id":"https:\/\/rothschenk.de\/sk\/fachpack-norimberg-zvlastne-momenty-red-line-zaznam\/#primaryimage","url":"https:\/\/rothschenk.de\/wp-content\/uploads\/2015\/10\/rothschenk-fachpack-messe-ladungssicherung-2.jpg","contentUrl":"https:\/\/rothschenk.de\/wp-content\/uploads\/2015\/10\/rothschenk-fachpack-messe-ladungssicherung-2.jpg"},{"@type":"BreadcrumbList","@id":"https:\/\/rothschenk.de\/sk\/fachpack-norimberg-zvlastne-momenty-red-line-zaznam\/#breadcrumb","itemListElement":[{"@type":"ListItem","position":1,"name":"Domovsk\u00e1 str\u00e1nka","item":"https:\/\/rothschenk.de\/sk\/domovska-stranka\/"},{"@type":"ListItem","position":2,"name":"Fachpack Norimberg: Zvl\u00e1\u0161tne momenty, RED LINE, z\u00e1znam!"}]},{"@type":"WebSite","@id":"https:\/\/rothschenk.de\/sk\/#website","url":"https:\/\/rothschenk.de\/sk\/","name":"Rothschenk - Der Online Shop f\u00fcr Ladungssicherung","description":"Der Online Shop f\u00fcr Ladungssicherung","potentialAction":[{"@type":"SearchAction","target":{"@type":"EntryPoint","urlTemplate":"https:\/\/rothschenk.de\/sk\/?s={search_term_string}"},"query-input":{"@type":"PropertyValueSpecification","valueRequired":true,"valueName":"search_term_string"}}],"inLanguage":"sk-SK"},{"@type":"Person","@id":"https:\/\/rothschenk.de\/sk\/#\/schema\/person\/e29bf5cc9df61e6c87f80cdf8ba1be93","name":"Rothschenk","image":{"@type":"ImageObject","inLanguage":"sk-SK","@id":"https:\/\/rothschenk.de\/wp-content\/uploads\/2024\/03\/cropped-cropped-Rothschenk-logo-ladungssicherung-1-96x96.png","url":"https:\/\/rothschenk.de\/wp-content\/uploads\/2024\/03\/cropped-cropped-Rothschenk-logo-ladungssicherung-1-96x96.png","contentUrl":"https:\/\/rothschenk.de\/wp-content\/uploads\/2024\/03\/cropped-cropped-Rothschenk-logo-ladungssicherung-1-96x96.png","caption":"Rothschenk"},"description":"\u2714 Profi in der Beratung \u2714 Profi an der Laderampe \u2714 Profi bei der Abwicklung Ihrer W\u00fcnsche \u2714 Ladungssicherung Made in Germany","url":"https:\/\/rothschenk.de\/sk\/author\/rothschenk\/"}]}},"_links":{"self":[{"href":"https:\/\/rothschenk.de\/sk\/wp-json\/wp\/v2\/posts\/681263","targetHints":{"allow":["GET"]}}],"collection":[{"href":"https:\/\/rothschenk.de\/sk\/wp-json\/wp\/v2\/posts"}],"about":[{"href":"https:\/\/rothschenk.de\/sk\/wp-json\/wp\/v2\/types\/post"}],"author":[{"embeddable":true,"href":"https:\/\/rothschenk.de\/sk\/wp-json\/wp\/v2\/users\/1539"}],"replies":[{"embeddable":true,"href":"https:\/\/rothschenk.de\/sk\/wp-json\/wp\/v2\/comments?post=681263"}],"version-history":[{"count":1,"href":"https:\/\/rothschenk.de\/sk\/wp-json\/wp\/v2\/posts\/681263\/revisions"}],"predecessor-version":[{"id":681265,"href":"https:\/\/rothschenk.de\/sk\/wp-json\/wp\/v2\/posts\/681263\/revisions\/681265"}],"wp:attachment":[{"href":"https:\/\/rothschenk.de\/sk\/wp-json\/wp\/v2\/media?parent=681263"}],"wp:term":[{"taxonomy":"category","embeddable":true,"href":"https:\/\/rothschenk.de\/sk\/wp-json\/wp\/v2\/categories?post=681263"},{"taxonomy":"post_tag","embeddable":true,"href":"https:\/\/rothschenk.de\/sk\/wp-json\/wp\/v2\/tags?post=681263"}],"curies":[{"name":"wp","href":"https:\/\/api.w.org\/{rel}","templated":true}]}}