{"id":681529,"date":"2018-10-04T13:45:11","date_gmt":"2018-10-04T11:45:11","guid":{"rendered":"https:\/\/rothschenk.de\/den-mysi-zaujal-deti\/"},"modified":"2025-06-30T17:08:05","modified_gmt":"2025-06-30T15:08:05","slug":"den-mysi-zaujal-deti","status":"publish","type":"post","link":"https:\/\/rothschenk.de\/sk\/den-mysi-zaujal-deti\/","title":{"rendered":"De\u0148 my\u0161\u00ed zaujal deti"},"content":{"rendered":"\n<p>3. okt\u00f3bra 2018 sme v spolupr\u00e1ci s WDR op\u00e4\u0165 zorganizovali De\u0148 my\u0161\u00ed.<\/p>\n\n<p>T\u00edm Rothschenk vynalo\u017eil ve\u013ea \u00fasilia na to, aby vymyslel skvel\u00e9 hry a atrakcie, ktor\u00e9 de\u0165om sprostredkuj\u00fa technick\u00fd svet kontajnerov a \u00fav\u00e4zov sp\u00f4sobom vhodn\u00fdm pre deti, <a href=\"https:\/\/www.rothschenk.de\/staupolster\/\">v\u00fdpl\u0148ov\u00fd vak<\/a> a <a href=\"https:\/\/www.rothschenk.de\/lashings\/\">viazanie<\/a> sp\u00f4sobom vhodn\u00fdm pre deti.<\/p>\n\n<p>Celkovo 90 det\u00ed v sprievode svojich rodi\u010dov sa mohlo ponori\u0165 do sveta zabezpe\u010dovania n\u00e1kladu na 7 staniciach.<\/p>\n\n<p>V niektor\u00fdch pr\u00edpadoch bolo potrebn\u00e9 vynalo\u017ei\u0165 zna\u010dn\u00e9 \u00fasilie, ktor\u00e9 v\u0161ak bolo viac ne\u017e odmenen\u00e9 \u017eiariacimi o\u010dami a mno\u017estvom \u00faprimn\u00e9ho smiechu.<\/p>\n\n<div style=\"height:35px\" aria-hidden=\"true\" class=\"wp-block-spacer\"><\/div>\n\n<h2 class=\"wp-block-heading\">Podrobn\u00e9 inform\u00e1cie o staniciach:<\/h2>\n\n<h3 class=\"wp-block-heading\">Mapa sveta &#8211; Odkia\u013e vlastne poch\u00e1dzaj\u00fa moje ra\u0148ajky?<\/h3>\n\n<figure class=\"wp-block-gallery has-nested-images columns-default is-cropped wp-block-gallery-1 is-layout-flex wp-block-gallery-is-layout-flex\">\n<figure class=\"wp-block-image size-large\"><img fetchpriority=\"high\" decoding=\"async\" width=\"1024\" height=\"683\" data-id=\"168032\" src=\"https:\/\/rothschenk.de\/wp-content\/uploads\/2018\/10\/tueroeffnertag-mit-der-maus-wdr-2018-rothschenk-4.jpg\" alt=\"\" class=\"wp-image-168032\" srcset=\"https:\/\/rothschenk.de\/wp-content\/uploads\/2018\/10\/tueroeffnertag-mit-der-maus-wdr-2018-rothschenk-4.jpg 1024w, https:\/\/rothschenk.de\/wp-content\/uploads\/2018\/10\/tueroeffnertag-mit-der-maus-wdr-2018-rothschenk-4-300x200.jpg 300w, https:\/\/rothschenk.de\/wp-content\/uploads\/2018\/10\/tueroeffnertag-mit-der-maus-wdr-2018-rothschenk-4-768x512.jpg 768w, https:\/\/rothschenk.de\/wp-content\/uploads\/2018\/10\/tueroeffnertag-mit-der-maus-wdr-2018-rothschenk-4-600x400.jpg 600w\" sizes=\"(max-width: 1024px) 100vw, 1024px\" \/><\/figure>\n\n\n\n<figure class=\"wp-block-image size-large\"><img decoding=\"async\" width=\"1024\" height=\"683\" data-id=\"168086\" src=\"https:\/\/rothschenk.de\/wp-content\/uploads\/2018\/10\/tueroeffnertag-mit-der-maus-wdr-2018-rothschenk-22.jpg\" alt=\"\" class=\"wp-image-168086\" srcset=\"https:\/\/rothschenk.de\/wp-content\/uploads\/2018\/10\/tueroeffnertag-mit-der-maus-wdr-2018-rothschenk-22.jpg 1024w, https:\/\/rothschenk.de\/wp-content\/uploads\/2018\/10\/tueroeffnertag-mit-der-maus-wdr-2018-rothschenk-22-300x200.jpg 300w, https:\/\/rothschenk.de\/wp-content\/uploads\/2018\/10\/tueroeffnertag-mit-der-maus-wdr-2018-rothschenk-22-768x512.jpg 768w, https:\/\/rothschenk.de\/wp-content\/uploads\/2018\/10\/tueroeffnertag-mit-der-maus-wdr-2018-rothschenk-22-600x400.jpg 600w\" sizes=\"(max-width: 1024px) 100vw, 1024px\" \/><\/figure>\n\n\n\n<figure class=\"wp-block-image size-large\"><img decoding=\"async\" width=\"1024\" height=\"683\" data-id=\"168083\" src=\"https:\/\/rothschenk.de\/wp-content\/uploads\/2018\/10\/tueroeffnertag-mit-der-maus-wdr-2018-rothschenk-21.jpg\" alt=\"\" class=\"wp-image-168083\" srcset=\"https:\/\/rothschenk.de\/wp-content\/uploads\/2018\/10\/tueroeffnertag-mit-der-maus-wdr-2018-rothschenk-21.jpg 1024w, https:\/\/rothschenk.de\/wp-content\/uploads\/2018\/10\/tueroeffnertag-mit-der-maus-wdr-2018-rothschenk-21-300x200.jpg 300w, https:\/\/rothschenk.de\/wp-content\/uploads\/2018\/10\/tueroeffnertag-mit-der-maus-wdr-2018-rothschenk-21-768x512.jpg 768w, https:\/\/rothschenk.de\/wp-content\/uploads\/2018\/10\/tueroeffnertag-mit-der-maus-wdr-2018-rothschenk-21-600x400.jpg 600w\" sizes=\"(max-width: 1024px) 100vw, 1024px\" \/><\/figure>\n<\/figure>\n\n<h3 class=\"wp-block-heading\">viazac\u00ed syst\u00e9m &#8211; Skl\u00e1pacia sk\u00fa\u0161ka s ve\u013ek\u00fdmi strojmi<\/h3>\n\n<figure class=\"wp-block-gallery has-nested-images columns-default is-cropped wp-block-gallery-2 is-layout-flex wp-block-gallery-is-layout-flex\">\n<figure class=\"wp-block-image size-large\"><img loading=\"lazy\" decoding=\"async\" width=\"1024\" height=\"683\" data-id=\"168053\" src=\"https:\/\/rothschenk.de\/wp-content\/uploads\/2018\/10\/tueroeffnertag-mit-der-maus-wdr-2018-rothschenk-11.jpg\" alt=\"\" class=\"wp-image-168053\" srcset=\"https:\/\/rothschenk.de\/wp-content\/uploads\/2018\/10\/tueroeffnertag-mit-der-maus-wdr-2018-rothschenk-11.jpg 1024w, https:\/\/rothschenk.de\/wp-content\/uploads\/2018\/10\/tueroeffnertag-mit-der-maus-wdr-2018-rothschenk-11-300x200.jpg 300w, https:\/\/rothschenk.de\/wp-content\/uploads\/2018\/10\/tueroeffnertag-mit-der-maus-wdr-2018-rothschenk-11-768x512.jpg 768w, https:\/\/rothschenk.de\/wp-content\/uploads\/2018\/10\/tueroeffnertag-mit-der-maus-wdr-2018-rothschenk-11-600x400.jpg 600w\" sizes=\"(max-width: 1024px) 100vw, 1024px\" \/><\/figure>\n\n\n\n<figure class=\"wp-block-image size-large\"><img loading=\"lazy\" decoding=\"async\" width=\"1024\" height=\"683\" data-id=\"168023\" src=\"https:\/\/rothschenk.de\/wp-content\/uploads\/2018\/10\/tueroeffnertag-mit-der-maus-wdr-2018-rothschenk-1.jpg\" alt=\"\" class=\"wp-image-168023\" srcset=\"https:\/\/rothschenk.de\/wp-content\/uploads\/2018\/10\/tueroeffnertag-mit-der-maus-wdr-2018-rothschenk-1.jpg 1024w, https:\/\/rothschenk.de\/wp-content\/uploads\/2018\/10\/tueroeffnertag-mit-der-maus-wdr-2018-rothschenk-1-300x200.jpg 300w, https:\/\/rothschenk.de\/wp-content\/uploads\/2018\/10\/tueroeffnertag-mit-der-maus-wdr-2018-rothschenk-1-768x512.jpg 768w, https:\/\/rothschenk.de\/wp-content\/uploads\/2018\/10\/tueroeffnertag-mit-der-maus-wdr-2018-rothschenk-1-600x400.jpg 600w\" sizes=\"(max-width: 1024px) 100vw, 1024px\" \/><\/figure>\n\n\n\n<figure class=\"wp-block-image size-large\"><img loading=\"lazy\" decoding=\"async\" width=\"1024\" height=\"683\" data-id=\"168074\" src=\"https:\/\/rothschenk.de\/wp-content\/uploads\/2018\/10\/tueroeffnertag-mit-der-maus-wdr-2018-rothschenk-18.jpg\" alt=\"\" class=\"wp-image-168074\" srcset=\"https:\/\/rothschenk.de\/wp-content\/uploads\/2018\/10\/tueroeffnertag-mit-der-maus-wdr-2018-rothschenk-18.jpg 1024w, https:\/\/rothschenk.de\/wp-content\/uploads\/2018\/10\/tueroeffnertag-mit-der-maus-wdr-2018-rothschenk-18-300x200.jpg 300w, https:\/\/rothschenk.de\/wp-content\/uploads\/2018\/10\/tueroeffnertag-mit-der-maus-wdr-2018-rothschenk-18-768x512.jpg 768w, https:\/\/rothschenk.de\/wp-content\/uploads\/2018\/10\/tueroeffnertag-mit-der-maus-wdr-2018-rothschenk-18-600x400.jpg 600w\" sizes=\"(max-width: 1024px) 100vw, 1024px\" \/><\/figure>\n\n\n\n<figure class=\"wp-block-image size-large\"><img loading=\"lazy\" decoding=\"async\" width=\"1024\" height=\"683\" data-id=\"168062\" src=\"https:\/\/rothschenk.de\/wp-content\/uploads\/2018\/10\/tueroeffnertag-mit-der-maus-wdr-2018-rothschenk-14.jpg\" alt=\"\" class=\"wp-image-168062\" srcset=\"https:\/\/rothschenk.de\/wp-content\/uploads\/2018\/10\/tueroeffnertag-mit-der-maus-wdr-2018-rothschenk-14.jpg 1024w, https:\/\/rothschenk.de\/wp-content\/uploads\/2018\/10\/tueroeffnertag-mit-der-maus-wdr-2018-rothschenk-14-300x200.jpg 300w, https:\/\/rothschenk.de\/wp-content\/uploads\/2018\/10\/tueroeffnertag-mit-der-maus-wdr-2018-rothschenk-14-768x512.jpg 768w, https:\/\/rothschenk.de\/wp-content\/uploads\/2018\/10\/tueroeffnertag-mit-der-maus-wdr-2018-rothschenk-14-600x400.jpg 600w\" sizes=\"(max-width: 1024px) 100vw, 1024px\" \/><\/figure>\n\n\n\n<figure class=\"wp-block-image size-large\"><img loading=\"lazy\" decoding=\"async\" width=\"1024\" height=\"683\" data-id=\"168080\" src=\"https:\/\/rothschenk.de\/wp-content\/uploads\/2018\/10\/tueroeffnertag-mit-der-maus-wdr-2018-rothschenk-20.jpg\" alt=\"\" class=\"wp-image-168080\" srcset=\"https:\/\/rothschenk.de\/wp-content\/uploads\/2018\/10\/tueroeffnertag-mit-der-maus-wdr-2018-rothschenk-20.jpg 1024w, https:\/\/rothschenk.de\/wp-content\/uploads\/2018\/10\/tueroeffnertag-mit-der-maus-wdr-2018-rothschenk-20-300x200.jpg 300w, https:\/\/rothschenk.de\/wp-content\/uploads\/2018\/10\/tueroeffnertag-mit-der-maus-wdr-2018-rothschenk-20-768x512.jpg 768w, https:\/\/rothschenk.de\/wp-content\/uploads\/2018\/10\/tueroeffnertag-mit-der-maus-wdr-2018-rothschenk-20-600x400.jpg 600w\" sizes=\"(max-width: 1024px) 100vw, 1024px\" \/><\/figure>\n<\/figure>\n\n<h3 class=\"wp-block-heading\">viazac\u00ed syst\u00e9m &#8211; U\u0161ite si ho sami pomocou \u0161pi\u010dkovej technol\u00f3gie<\/h3>\n\n<figure class=\"wp-block-gallery has-nested-images columns-default is-cropped wp-block-gallery-3 is-layout-flex wp-block-gallery-is-layout-flex\">\n<figure class=\"wp-block-image size-large\"><img loading=\"lazy\" decoding=\"async\" width=\"1024\" height=\"683\" data-id=\"168038\" src=\"https:\/\/rothschenk.de\/wp-content\/uploads\/2018\/10\/tueroeffnertag-mit-der-maus-wdr-2018-rothschenk-6.jpg\" alt=\"\" class=\"wp-image-168038\" srcset=\"https:\/\/rothschenk.de\/wp-content\/uploads\/2018\/10\/tueroeffnertag-mit-der-maus-wdr-2018-rothschenk-6.jpg 1024w, https:\/\/rothschenk.de\/wp-content\/uploads\/2018\/10\/tueroeffnertag-mit-der-maus-wdr-2018-rothschenk-6-300x200.jpg 300w, https:\/\/rothschenk.de\/wp-content\/uploads\/2018\/10\/tueroeffnertag-mit-der-maus-wdr-2018-rothschenk-6-768x512.jpg 768w, https:\/\/rothschenk.de\/wp-content\/uploads\/2018\/10\/tueroeffnertag-mit-der-maus-wdr-2018-rothschenk-6-600x400.jpg 600w\" sizes=\"(max-width: 1024px) 100vw, 1024px\" \/><\/figure>\n\n\n\n<figure class=\"wp-block-image size-large\"><img loading=\"lazy\" decoding=\"async\" width=\"1024\" height=\"683\" data-id=\"168065\" src=\"https:\/\/rothschenk.de\/wp-content\/uploads\/2018\/10\/tueroeffnertag-mit-der-maus-wdr-2018-rothschenk-15.jpg\" alt=\"\" class=\"wp-image-168065\" srcset=\"https:\/\/rothschenk.de\/wp-content\/uploads\/2018\/10\/tueroeffnertag-mit-der-maus-wdr-2018-rothschenk-15.jpg 1024w, https:\/\/rothschenk.de\/wp-content\/uploads\/2018\/10\/tueroeffnertag-mit-der-maus-wdr-2018-rothschenk-15-300x200.jpg 300w, https:\/\/rothschenk.de\/wp-content\/uploads\/2018\/10\/tueroeffnertag-mit-der-maus-wdr-2018-rothschenk-15-768x512.jpg 768w, https:\/\/rothschenk.de\/wp-content\/uploads\/2018\/10\/tueroeffnertag-mit-der-maus-wdr-2018-rothschenk-15-600x400.jpg 600w\" sizes=\"(max-width: 1024px) 100vw, 1024px\" \/><\/figure>\n<\/figure>\n\n<h3 class=\"wp-block-heading\">KnallHalla &#8211; v\u00fdpl\u0148ov\u00fd vak na hranici<\/h3>\n\n<figure class=\"wp-block-gallery has-nested-images columns-default is-cropped wp-block-gallery-4 is-layout-flex wp-block-gallery-is-layout-flex\">\n<figure class=\"wp-block-image\"><img loading=\"lazy\" decoding=\"async\" width=\"1024\" height=\"683\" data-id=\"168035\" src=\"https:\/\/rothschenk.de\/wp-content\/uploads\/2018\/10\/tueroeffnertag-mit-der-maus-wdr-2018-rothschenk-5.jpg\" alt=\"\" class=\"wp-image-168035\" srcset=\"https:\/\/rothschenk.de\/wp-content\/uploads\/2018\/10\/tueroeffnertag-mit-der-maus-wdr-2018-rothschenk-5.jpg 1024w, https:\/\/rothschenk.de\/wp-content\/uploads\/2018\/10\/tueroeffnertag-mit-der-maus-wdr-2018-rothschenk-5-300x200.jpg 300w, https:\/\/rothschenk.de\/wp-content\/uploads\/2018\/10\/tueroeffnertag-mit-der-maus-wdr-2018-rothschenk-5-768x512.jpg 768w, https:\/\/rothschenk.de\/wp-content\/uploads\/2018\/10\/tueroeffnertag-mit-der-maus-wdr-2018-rothschenk-5-600x400.jpg 600w\" sizes=\"(max-width: 1024px) 100vw, 1024px\" \/><\/figure>\n\n\n\n<figure class=\"wp-block-image\"><img loading=\"lazy\" decoding=\"async\" width=\"1024\" height=\"683\" data-id=\"168050\" src=\"https:\/\/rothschenk.de\/wp-content\/uploads\/2018\/10\/tueroeffnertag-mit-der-maus-wdr-2018-rothschenk-10.jpg\" alt=\"\" class=\"wp-image-168050\" srcset=\"https:\/\/rothschenk.de\/wp-content\/uploads\/2018\/10\/tueroeffnertag-mit-der-maus-wdr-2018-rothschenk-10.jpg 1024w, https:\/\/rothschenk.de\/wp-content\/uploads\/2018\/10\/tueroeffnertag-mit-der-maus-wdr-2018-rothschenk-10-300x200.jpg 300w, https:\/\/rothschenk.de\/wp-content\/uploads\/2018\/10\/tueroeffnertag-mit-der-maus-wdr-2018-rothschenk-10-768x512.jpg 768w, https:\/\/rothschenk.de\/wp-content\/uploads\/2018\/10\/tueroeffnertag-mit-der-maus-wdr-2018-rothschenk-10-600x400.jpg 600w\" sizes=\"(max-width: 1024px) 100vw, 1024px\" \/><\/figure>\n<\/figure>\n\n<h3 class=\"wp-block-heading\">Slackline &#8211; rovnov\u00e1ha zmyslov<\/h3>\n\n<figure class=\"wp-block-gallery has-nested-images columns-default is-cropped wp-block-gallery-5 is-layout-flex wp-block-gallery-is-layout-flex\">\n<figure class=\"wp-block-image size-large\"><img loading=\"lazy\" decoding=\"async\" width=\"1024\" height=\"683\" data-id=\"168041\" src=\"https:\/\/rothschenk.de\/wp-content\/uploads\/2018\/10\/tueroeffnertag-mit-der-maus-wdr-2018-rothschenk-7.jpg\" alt=\"\" class=\"wp-image-168041\" srcset=\"https:\/\/rothschenk.de\/wp-content\/uploads\/2018\/10\/tueroeffnertag-mit-der-maus-wdr-2018-rothschenk-7.jpg 1024w, https:\/\/rothschenk.de\/wp-content\/uploads\/2018\/10\/tueroeffnertag-mit-der-maus-wdr-2018-rothschenk-7-300x200.jpg 300w, https:\/\/rothschenk.de\/wp-content\/uploads\/2018\/10\/tueroeffnertag-mit-der-maus-wdr-2018-rothschenk-7-768x512.jpg 768w, https:\/\/rothschenk.de\/wp-content\/uploads\/2018\/10\/tueroeffnertag-mit-der-maus-wdr-2018-rothschenk-7-600x400.jpg 600w\" sizes=\"(max-width: 1024px) 100vw, 1024px\" \/><\/figure>\n\n\n\n<figure class=\"wp-block-image size-large\"><img loading=\"lazy\" decoding=\"async\" width=\"1024\" height=\"683\" data-id=\"168047\" src=\"https:\/\/rothschenk.de\/wp-content\/uploads\/2018\/10\/tueroeffnertag-mit-der-maus-wdr-2018-rothschenk-9.jpg\" alt=\"\" class=\"wp-image-168047\" srcset=\"https:\/\/rothschenk.de\/wp-content\/uploads\/2018\/10\/tueroeffnertag-mit-der-maus-wdr-2018-rothschenk-9.jpg 1024w, https:\/\/rothschenk.de\/wp-content\/uploads\/2018\/10\/tueroeffnertag-mit-der-maus-wdr-2018-rothschenk-9-300x200.jpg 300w, https:\/\/rothschenk.de\/wp-content\/uploads\/2018\/10\/tueroeffnertag-mit-der-maus-wdr-2018-rothschenk-9-768x512.jpg 768w, https:\/\/rothschenk.de\/wp-content\/uploads\/2018\/10\/tueroeffnertag-mit-der-maus-wdr-2018-rothschenk-9-600x400.jpg 600w\" sizes=\"(max-width: 1024px) 100vw, 1024px\" \/><\/figure>\n<\/figure>\n\n<h3 class=\"wp-block-heading\">1,2 alebo 3 &#8211; Triedenie odpadu sa u\u010d\u00ed hrou<\/h3>\n\n<figure class=\"wp-block-gallery has-nested-images columns-default is-cropped wp-block-gallery-6 is-layout-flex wp-block-gallery-is-layout-flex\">\n<figure class=\"wp-block-image size-large\"><img loading=\"lazy\" decoding=\"async\" width=\"1024\" height=\"683\" data-id=\"168071\" src=\"https:\/\/rothschenk.de\/wp-content\/uploads\/2018\/10\/tueroeffnertag-mit-der-maus-wdr-2018-rothschenk-17.jpg\" alt=\"\" class=\"wp-image-168071\" srcset=\"https:\/\/rothschenk.de\/wp-content\/uploads\/2018\/10\/tueroeffnertag-mit-der-maus-wdr-2018-rothschenk-17.jpg 1024w, https:\/\/rothschenk.de\/wp-content\/uploads\/2018\/10\/tueroeffnertag-mit-der-maus-wdr-2018-rothschenk-17-300x200.jpg 300w, https:\/\/rothschenk.de\/wp-content\/uploads\/2018\/10\/tueroeffnertag-mit-der-maus-wdr-2018-rothschenk-17-768x512.jpg 768w, https:\/\/rothschenk.de\/wp-content\/uploads\/2018\/10\/tueroeffnertag-mit-der-maus-wdr-2018-rothschenk-17-600x400.jpg 600w\" sizes=\"(max-width: 1024px) 100vw, 1024px\" \/><\/figure>\n\n\n\n<figure class=\"wp-block-image size-large\"><img loading=\"lazy\" decoding=\"async\" width=\"1024\" height=\"683\" data-id=\"168029\" src=\"https:\/\/rothschenk.de\/wp-content\/uploads\/2018\/10\/tueroeffnertag-mit-der-maus-wdr-2018-rothschenk-3.jpg\" alt=\"\" class=\"wp-image-168029\" srcset=\"https:\/\/rothschenk.de\/wp-content\/uploads\/2018\/10\/tueroeffnertag-mit-der-maus-wdr-2018-rothschenk-3.jpg 1024w, https:\/\/rothschenk.de\/wp-content\/uploads\/2018\/10\/tueroeffnertag-mit-der-maus-wdr-2018-rothschenk-3-300x200.jpg 300w, https:\/\/rothschenk.de\/wp-content\/uploads\/2018\/10\/tueroeffnertag-mit-der-maus-wdr-2018-rothschenk-3-768x512.jpg 768w, https:\/\/rothschenk.de\/wp-content\/uploads\/2018\/10\/tueroeffnertag-mit-der-maus-wdr-2018-rothschenk-3-600x400.jpg 600w\" sizes=\"(max-width: 1024px) 100vw, 1024px\" \/><\/figure>\n<\/figure>\n\n<h3 class=\"wp-block-heading\">v\u00fdpl\u0148ov\u00fd vak &#8211; Najv\u00e4\u010d\u0161ia maliarska oblas\u0165 vo Francii?<\/h3>\n\n<figure class=\"wp-block-gallery has-nested-images columns-default is-cropped wp-block-gallery-7 is-layout-flex wp-block-gallery-is-layout-flex\">\n<figure class=\"wp-block-image size-large\"><img loading=\"lazy\" decoding=\"async\" width=\"1024\" height=\"683\" data-id=\"168077\" src=\"https:\/\/rothschenk.de\/wp-content\/uploads\/2018\/10\/tueroeffnertag-mit-der-maus-wdr-2018-rothschenk-19.jpg\" alt=\"\" class=\"wp-image-168077\" srcset=\"https:\/\/rothschenk.de\/wp-content\/uploads\/2018\/10\/tueroeffnertag-mit-der-maus-wdr-2018-rothschenk-19.jpg 1024w, https:\/\/rothschenk.de\/wp-content\/uploads\/2018\/10\/tueroeffnertag-mit-der-maus-wdr-2018-rothschenk-19-300x200.jpg 300w, https:\/\/rothschenk.de\/wp-content\/uploads\/2018\/10\/tueroeffnertag-mit-der-maus-wdr-2018-rothschenk-19-768x512.jpg 768w, https:\/\/rothschenk.de\/wp-content\/uploads\/2018\/10\/tueroeffnertag-mit-der-maus-wdr-2018-rothschenk-19-600x400.jpg 600w\" sizes=\"(max-width: 1024px) 100vw, 1024px\" \/><\/figure>\n\n\n\n<figure class=\"wp-block-image size-large\"><img loading=\"lazy\" decoding=\"async\" width=\"1024\" height=\"683\" data-id=\"168068\" src=\"https:\/\/rothschenk.de\/wp-content\/uploads\/2018\/10\/tueroeffnertag-mit-der-maus-wdr-2018-rothschenk-16.jpg\" alt=\"\" class=\"wp-image-168068\" srcset=\"https:\/\/rothschenk.de\/wp-content\/uploads\/2018\/10\/tueroeffnertag-mit-der-maus-wdr-2018-rothschenk-16.jpg 1024w, https:\/\/rothschenk.de\/wp-content\/uploads\/2018\/10\/tueroeffnertag-mit-der-maus-wdr-2018-rothschenk-16-300x200.jpg 300w, https:\/\/rothschenk.de\/wp-content\/uploads\/2018\/10\/tueroeffnertag-mit-der-maus-wdr-2018-rothschenk-16-768x512.jpg 768w, https:\/\/rothschenk.de\/wp-content\/uploads\/2018\/10\/tueroeffnertag-mit-der-maus-wdr-2018-rothschenk-16-600x400.jpg 600w\" sizes=\"(max-width: 1024px) 100vw, 1024px\" \/><\/figure>\n\n\n\n<figure class=\"wp-block-image size-large\"><img loading=\"lazy\" decoding=\"async\" width=\"1024\" height=\"683\" data-id=\"168044\" src=\"https:\/\/rothschenk.de\/wp-content\/uploads\/2018\/10\/tueroeffnertag-mit-der-maus-wdr-2018-rothschenk-8.jpg\" alt=\"\" class=\"wp-image-168044\" srcset=\"https:\/\/rothschenk.de\/wp-content\/uploads\/2018\/10\/tueroeffnertag-mit-der-maus-wdr-2018-rothschenk-8.jpg 1024w, https:\/\/rothschenk.de\/wp-content\/uploads\/2018\/10\/tueroeffnertag-mit-der-maus-wdr-2018-rothschenk-8-300x200.jpg 300w, https:\/\/rothschenk.de\/wp-content\/uploads\/2018\/10\/tueroeffnertag-mit-der-maus-wdr-2018-rothschenk-8-768x512.jpg 768w, https:\/\/rothschenk.de\/wp-content\/uploads\/2018\/10\/tueroeffnertag-mit-der-maus-wdr-2018-rothschenk-8-600x400.jpg 600w\" sizes=\"(max-width: 1024px) 100vw, 1024px\" \/><\/figure>\n<\/figure>\n\n<div style=\"height:35px\" aria-hidden=\"true\" class=\"wp-block-spacer\"><\/div>\n\n<h2 class=\"wp-block-heading\">Hlavn\u00e1 po\u0161ta<\/h2>\n\n<p><strong>&lt;&lt;<\/strong>  Spr\u00e1vu v denn\u00edku MainPost n\u00e1jdete <a href=\"https:\/\/www.mainpost.de\/regional\/wuerzburg\/Volle-Ladung-an-Wissen;art779,10074370\">tu<\/a>.<\/p>\n\n<p>&#8230;alebo n\u00e1s sledujte na <a href=\"https:\/\/de-de.facebook.com\/FirmaRothschenk\/\">Facebooku. <\/a> <\/p>\n\n<p><a href=\"https:\/\/de-de.facebook.com\/FirmaRothschenk\/\">Mimochodom, najdlh\u0161iu cestu sme mali z norimberskej \u0161tvrte Stein. Tejto rodine a v\u0161etk\u00fdm ostatn\u00fdm by sme sa chceli po\u010fakova\u0165 za pozit\u00edvne ohlasy po podujat\u00ed. <\/a><\/p>\n\n<p><strong>Sp\u00e4tn\u00e1 v\u00e4zba od jedn\u00e9ho z na\u0161ich n\u00e1v\u0161tevn\u00edkov:<\/strong> &#8222;\u010eakujeme za pou\u010dn\u00fa a zauj\u00edmav\u00fa prehliadku va\u0161ej spolo\u010dnosti. Ve\u013emi sa n\u00e1m p\u00e1\u010dila. Taktie\u017e cel\u00e9mu person\u00e1lu za v\u0161etky praktick\u00e9 aktivity. S \u00factou, L. a G. Beckovci z okolia Rothenburgu ob der Tauber &#8222;<\/p>\n\n<div style=\"height:35px\" aria-hidden=\"true\" class=\"wp-block-spacer\"><\/div>\n\n<p><strong>&gt;  Term\u00edny vysielania filmu &#8222;Die Sendung mit der Maus&#8220; s\u00fa:<\/strong><\/p>\n\n<p><strong>Ne. 9.30 hod. na Ersten, 11.30 hod. na KIKA, So. 11.30 hod. na WDR   &lt;<\/strong><\/p>\n\n<p>Chceli by sme sa po\u010fakova\u0165 v\u0161etk\u00fdm de\u0165om a rodi\u010dom, ktor\u00ed zdie\u013eali na\u0161e nad\u0161enie, ako aj v\u0161etk\u00fdm zamestnancom, novin\u00e1rom a sponzorom n\u00e1\u0161ho podujatia. Vzh\u013eadom na v\u00fdborn\u00fa odozvu sa D\u0148a my\u0161\u00ed radi z\u00fa\u010dastn\u00edme aj na bud\u00faci rok. <\/p>\n\n<p>Obrazov\u00fd materi\u00e1l bol vytvoren\u00fd v s\u00falade s usmerneniami o ochrane \u00fadajov uznan\u00fdmi v \u010dase registr\u00e1cie. Ak si napriek tomu \u017eel\u00e1te, aby sme vymazali obr\u00e1zky alebo obsah, m\u00f4\u017eete n\u00e1s kedyko\u013evek kontaktova\u0165. Va\u0161u \u017eiados\u0165 potom okam\u017eite spln\u00edme. Kontakt: Thomas Bauer, Mail: <a href=\"mailto:thomas.bauer@rothschenk.de\">thomas.bauer(at)rothschenk.de<\/a>   <\/p>\n\n<p><a href=\"https:\/\/www.rothschenk.de\/wp-content\/uploads\/2018\/12\/Teilnehmerurkunde.pdf\">\u00da\u010dastn\u00edcky certifik\u00e1t Mouse Door Opener Day<\/a><\/p>\n","protected":false},"excerpt":{"rendered":"<p>3. okt\u00f3bra 2018 sme v spolupr\u00e1ci s WDR op\u00e4\u0165 zorganizovali De\u0148 my\u0161\u00ed. T\u00edm Rothschenk vynalo\u017eil ve\u013ea \u00fasilia na to, aby vymyslel skvel\u00e9 hry a atrakcie, ktor\u00e9 de\u0165om sprostredkuj\u00fa technick\u00fd svet kontajnerov a \u00fav\u00e4zov sp\u00f4sobom vhodn\u00fdm pre deti, v\u00fdpl\u0148ov\u00fd vak a viazanie sp\u00f4sobom vhodn\u00fdm pre deti. Celkovo 90 det\u00ed v sprievode svojich rodi\u010dov sa mohlo ponori\u0165 [&hellip;]<\/p>\n","protected":false},"author":1539,"featured_media":680426,"comment_status":"open","ping_status":"closed","sticky":false,"template":"","format":"standard","meta":{"_acf_changed":false,"footnotes":""},"categories":[870],"tags":[],"class_list":["post-681529","post","type-post","status-publish","format-standard","has-post-thumbnail","hentry","category-rothschenk-novinky-sk"],"acf":[],"yoast_head":"<!-- This site is optimized with the Yoast SEO plugin v27.4 - https:\/\/yoast.com\/product\/yoast-seo-wordpress\/ -->\n<title>De\u0148 my\u0161\u00ed zaujal deti - Rothschenk<\/title>\n<meta name=\"description\" content=\"V De\u0148 my\u0161\u00ed predstavila spolo\u010dnos\u0165 G&amp;H GmbH Rothschenk v spolupr\u00e1ci s WDR svet zabezpe\u010denia n\u00e1kladu vo svojich priestoroch.\" \/>\n<meta name=\"robots\" content=\"index, follow, max-snippet:-1, max-image-preview:large, max-video-preview:-1\" \/>\n<link rel=\"canonical\" href=\"https:\/\/rothschenk.de\/sk\/den-mysi-zaujal-deti\/\" \/>\n<meta property=\"og:locale\" content=\"sk_SK\" \/>\n<meta property=\"og:type\" content=\"article\" \/>\n<meta property=\"og:title\" content=\"De\u0148 my\u0161\u00ed zaujal deti - Rothschenk\" \/>\n<meta property=\"og:description\" content=\"V De\u0148 my\u0161\u00ed predstavila spolo\u010dnos\u0165 G&amp;H GmbH Rothschenk v spolupr\u00e1ci s WDR svet zabezpe\u010denia n\u00e1kladu vo svojich priestoroch.\" \/>\n<meta property=\"og:url\" content=\"https:\/\/rothschenk.de\/sk\/den-mysi-zaujal-deti\/\" \/>\n<meta property=\"og:site_name\" content=\"Rothschenk\" \/>\n<meta property=\"article:publisher\" content=\"https:\/\/de-de.facebook.com\/FirmaRothschenk\/\" \/>\n<meta property=\"article:published_time\" content=\"2018-10-04T11:45:11+00:00\" \/>\n<meta property=\"article:modified_time\" content=\"2025-06-30T15:08:05+00:00\" \/>\n<meta property=\"og:image\" content=\"https:\/\/rothschenk.de\/wp-content\/uploads\/2023\/12\/kinder-gefesselt-vom-maustag.jpg\" \/>\n\t<meta property=\"og:image:width\" content=\"1920\" \/>\n\t<meta property=\"og:image:height\" content=\"1078\" \/>\n\t<meta property=\"og:image:type\" content=\"image\/jpeg\" \/>\n<meta name=\"author\" content=\"Rothschenk\" \/>\n<meta name=\"twitter:card\" content=\"summary_large_image\" \/>\n<meta name=\"twitter:label1\" content=\"Autor\" \/>\n\t<meta name=\"twitter:data1\" content=\"Rothschenk\" \/>\n\t<meta name=\"twitter:label2\" content=\"Predpokladan\u00fd \u010das \u010d\u00edtania\" \/>\n\t<meta name=\"twitter:data2\" content=\"2 min\u00faty\" \/>\n<script type=\"application\/ld+json\" class=\"yoast-schema-graph\">{\"@context\":\"https:\\\/\\\/schema.org\",\"@graph\":[{\"@type\":\"Article\",\"@id\":\"https:\\\/\\\/rothschenk.de\\\/sk\\\/den-mysi-zaujal-deti\\\/#article\",\"isPartOf\":{\"@id\":\"https:\\\/\\\/rothschenk.de\\\/sk\\\/den-mysi-zaujal-deti\\\/\"},\"author\":{\"name\":\"Rothschenk\",\"@id\":\"https:\\\/\\\/rothschenk.de\\\/sk\\\/#\\\/schema\\\/person\\\/e29bf5cc9df61e6c87f80cdf8ba1be93\"},\"headline\":\"De\u0148 my\u0161\u00ed zaujal deti\",\"datePublished\":\"2018-10-04T11:45:11+00:00\",\"dateModified\":\"2025-06-30T15:08:05+00:00\",\"mainEntityOfPage\":{\"@id\":\"https:\\\/\\\/rothschenk.de\\\/sk\\\/den-mysi-zaujal-deti\\\/\"},\"wordCount\":424,\"commentCount\":0,\"image\":{\"@id\":\"https:\\\/\\\/rothschenk.de\\\/sk\\\/den-mysi-zaujal-deti\\\/#primaryimage\"},\"thumbnailUrl\":\"https:\\\/\\\/rothschenk.de\\\/wp-content\\\/uploads\\\/2023\\\/12\\\/kinder-gefesselt-vom-maustag.jpg\",\"articleSection\":[\"Rothschenk Novinky\"],\"inLanguage\":\"sk-SK\",\"potentialAction\":[{\"@type\":\"CommentAction\",\"name\":\"Comment\",\"target\":[\"https:\\\/\\\/rothschenk.de\\\/sk\\\/den-mysi-zaujal-deti\\\/#respond\"]}]},{\"@type\":\"WebPage\",\"@id\":\"https:\\\/\\\/rothschenk.de\\\/sk\\\/den-mysi-zaujal-deti\\\/\",\"url\":\"https:\\\/\\\/rothschenk.de\\\/sk\\\/den-mysi-zaujal-deti\\\/\",\"name\":\"De\u0148 my\u0161\u00ed zaujal deti - Rothschenk\",\"isPartOf\":{\"@id\":\"https:\\\/\\\/rothschenk.de\\\/sk\\\/#website\"},\"primaryImageOfPage\":{\"@id\":\"https:\\\/\\\/rothschenk.de\\\/sk\\\/den-mysi-zaujal-deti\\\/#primaryimage\"},\"image\":{\"@id\":\"https:\\\/\\\/rothschenk.de\\\/sk\\\/den-mysi-zaujal-deti\\\/#primaryimage\"},\"thumbnailUrl\":\"https:\\\/\\\/rothschenk.de\\\/wp-content\\\/uploads\\\/2023\\\/12\\\/kinder-gefesselt-vom-maustag.jpg\",\"datePublished\":\"2018-10-04T11:45:11+00:00\",\"dateModified\":\"2025-06-30T15:08:05+00:00\",\"author\":{\"@id\":\"https:\\\/\\\/rothschenk.de\\\/sk\\\/#\\\/schema\\\/person\\\/e29bf5cc9df61e6c87f80cdf8ba1be93\"},\"description\":\"V De\u0148 my\u0161\u00ed predstavila spolo\u010dnos\u0165 G&H GmbH Rothschenk v spolupr\u00e1ci s WDR svet zabezpe\u010denia n\u00e1kladu vo svojich priestoroch.\",\"breadcrumb\":{\"@id\":\"https:\\\/\\\/rothschenk.de\\\/sk\\\/den-mysi-zaujal-deti\\\/#breadcrumb\"},\"inLanguage\":\"sk-SK\",\"potentialAction\":[{\"@type\":\"ReadAction\",\"target\":[\"https:\\\/\\\/rothschenk.de\\\/sk\\\/den-mysi-zaujal-deti\\\/\"]}]},{\"@type\":\"ImageObject\",\"inLanguage\":\"sk-SK\",\"@id\":\"https:\\\/\\\/rothschenk.de\\\/sk\\\/den-mysi-zaujal-deti\\\/#primaryimage\",\"url\":\"https:\\\/\\\/rothschenk.de\\\/wp-content\\\/uploads\\\/2023\\\/12\\\/kinder-gefesselt-vom-maustag.jpg\",\"contentUrl\":\"https:\\\/\\\/rothschenk.de\\\/wp-content\\\/uploads\\\/2023\\\/12\\\/kinder-gefesselt-vom-maustag.jpg\",\"width\":1920,\"height\":1078},{\"@type\":\"BreadcrumbList\",\"@id\":\"https:\\\/\\\/rothschenk.de\\\/sk\\\/den-mysi-zaujal-deti\\\/#breadcrumb\",\"itemListElement\":[{\"@type\":\"ListItem\",\"position\":1,\"name\":\"Domovsk\u00e1 str\u00e1nka\",\"item\":\"https:\\\/\\\/rothschenk.de\\\/sk\\\/domovska-stranka\\\/\"},{\"@type\":\"ListItem\",\"position\":2,\"name\":\"De\u0148 my\u0161\u00ed zaujal deti\"}]},{\"@type\":\"WebSite\",\"@id\":\"https:\\\/\\\/rothschenk.de\\\/sk\\\/#website\",\"url\":\"https:\\\/\\\/rothschenk.de\\\/sk\\\/\",\"name\":\"Rothschenk - Der Online Shop f\u00fcr Ladungssicherung\",\"description\":\"Der Online Shop f\u00fcr Ladungssicherung\",\"potentialAction\":[{\"@type\":\"SearchAction\",\"target\":{\"@type\":\"EntryPoint\",\"urlTemplate\":\"https:\\\/\\\/rothschenk.de\\\/sk\\\/?s={search_term_string}\"},\"query-input\":{\"@type\":\"PropertyValueSpecification\",\"valueRequired\":true,\"valueName\":\"search_term_string\"}}],\"inLanguage\":\"sk-SK\"},{\"@type\":\"Person\",\"@id\":\"https:\\\/\\\/rothschenk.de\\\/sk\\\/#\\\/schema\\\/person\\\/e29bf5cc9df61e6c87f80cdf8ba1be93\",\"name\":\"Rothschenk\",\"image\":{\"@type\":\"ImageObject\",\"inLanguage\":\"sk-SK\",\"@id\":\"https:\\\/\\\/rothschenk.de\\\/wp-content\\\/uploads\\\/2024\\\/03\\\/cropped-cropped-Rothschenk-logo-ladungssicherung-1-96x96.png\",\"url\":\"https:\\\/\\\/rothschenk.de\\\/wp-content\\\/uploads\\\/2024\\\/03\\\/cropped-cropped-Rothschenk-logo-ladungssicherung-1-96x96.png\",\"contentUrl\":\"https:\\\/\\\/rothschenk.de\\\/wp-content\\\/uploads\\\/2024\\\/03\\\/cropped-cropped-Rothschenk-logo-ladungssicherung-1-96x96.png\",\"caption\":\"Rothschenk\"},\"description\":\"\u2714 Profi in der Beratung \u2714 Profi an der Laderampe \u2714 Profi bei der Abwicklung Ihrer W\u00fcnsche \u2714 Ladungssicherung Made in Germany\",\"url\":\"https:\\\/\\\/rothschenk.de\\\/sk\\\/author\\\/rothschenk\\\/\"}]}<\/script>\n<!-- \/ Yoast SEO plugin. -->","yoast_head_json":{"title":"De\u0148 my\u0161\u00ed zaujal deti - Rothschenk","description":"V De\u0148 my\u0161\u00ed predstavila spolo\u010dnos\u0165 G&H GmbH Rothschenk v spolupr\u00e1ci s WDR svet zabezpe\u010denia n\u00e1kladu vo svojich priestoroch.","robots":{"index":"index","follow":"follow","max-snippet":"max-snippet:-1","max-image-preview":"max-image-preview:large","max-video-preview":"max-video-preview:-1"},"canonical":"https:\/\/rothschenk.de\/sk\/den-mysi-zaujal-deti\/","og_locale":"sk_SK","og_type":"article","og_title":"De\u0148 my\u0161\u00ed zaujal deti - Rothschenk","og_description":"V De\u0148 my\u0161\u00ed predstavila spolo\u010dnos\u0165 G&H GmbH Rothschenk v spolupr\u00e1ci s WDR svet zabezpe\u010denia n\u00e1kladu vo svojich priestoroch.","og_url":"https:\/\/rothschenk.de\/sk\/den-mysi-zaujal-deti\/","og_site_name":"Rothschenk","article_publisher":"https:\/\/de-de.facebook.com\/FirmaRothschenk\/","article_published_time":"2018-10-04T11:45:11+00:00","article_modified_time":"2025-06-30T15:08:05+00:00","og_image":[{"width":1920,"height":1078,"url":"https:\/\/rothschenk.de\/wp-content\/uploads\/2023\/12\/kinder-gefesselt-vom-maustag.jpg","type":"image\/jpeg"}],"author":"Rothschenk","twitter_card":"summary_large_image","twitter_misc":{"Autor":"Rothschenk","Predpokladan\u00fd \u010das \u010d\u00edtania":"2 min\u00faty"},"schema":{"@context":"https:\/\/schema.org","@graph":[{"@type":"Article","@id":"https:\/\/rothschenk.de\/sk\/den-mysi-zaujal-deti\/#article","isPartOf":{"@id":"https:\/\/rothschenk.de\/sk\/den-mysi-zaujal-deti\/"},"author":{"name":"Rothschenk","@id":"https:\/\/rothschenk.de\/sk\/#\/schema\/person\/e29bf5cc9df61e6c87f80cdf8ba1be93"},"headline":"De\u0148 my\u0161\u00ed zaujal deti","datePublished":"2018-10-04T11:45:11+00:00","dateModified":"2025-06-30T15:08:05+00:00","mainEntityOfPage":{"@id":"https:\/\/rothschenk.de\/sk\/den-mysi-zaujal-deti\/"},"wordCount":424,"commentCount":0,"image":{"@id":"https:\/\/rothschenk.de\/sk\/den-mysi-zaujal-deti\/#primaryimage"},"thumbnailUrl":"https:\/\/rothschenk.de\/wp-content\/uploads\/2023\/12\/kinder-gefesselt-vom-maustag.jpg","articleSection":["Rothschenk Novinky"],"inLanguage":"sk-SK","potentialAction":[{"@type":"CommentAction","name":"Comment","target":["https:\/\/rothschenk.de\/sk\/den-mysi-zaujal-deti\/#respond"]}]},{"@type":"WebPage","@id":"https:\/\/rothschenk.de\/sk\/den-mysi-zaujal-deti\/","url":"https:\/\/rothschenk.de\/sk\/den-mysi-zaujal-deti\/","name":"De\u0148 my\u0161\u00ed zaujal deti - Rothschenk","isPartOf":{"@id":"https:\/\/rothschenk.de\/sk\/#website"},"primaryImageOfPage":{"@id":"https:\/\/rothschenk.de\/sk\/den-mysi-zaujal-deti\/#primaryimage"},"image":{"@id":"https:\/\/rothschenk.de\/sk\/den-mysi-zaujal-deti\/#primaryimage"},"thumbnailUrl":"https:\/\/rothschenk.de\/wp-content\/uploads\/2023\/12\/kinder-gefesselt-vom-maustag.jpg","datePublished":"2018-10-04T11:45:11+00:00","dateModified":"2025-06-30T15:08:05+00:00","author":{"@id":"https:\/\/rothschenk.de\/sk\/#\/schema\/person\/e29bf5cc9df61e6c87f80cdf8ba1be93"},"description":"V De\u0148 my\u0161\u00ed predstavila spolo\u010dnos\u0165 G&H GmbH Rothschenk v spolupr\u00e1ci s WDR svet zabezpe\u010denia n\u00e1kladu vo svojich priestoroch.","breadcrumb":{"@id":"https:\/\/rothschenk.de\/sk\/den-mysi-zaujal-deti\/#breadcrumb"},"inLanguage":"sk-SK","potentialAction":[{"@type":"ReadAction","target":["https:\/\/rothschenk.de\/sk\/den-mysi-zaujal-deti\/"]}]},{"@type":"ImageObject","inLanguage":"sk-SK","@id":"https:\/\/rothschenk.de\/sk\/den-mysi-zaujal-deti\/#primaryimage","url":"https:\/\/rothschenk.de\/wp-content\/uploads\/2023\/12\/kinder-gefesselt-vom-maustag.jpg","contentUrl":"https:\/\/rothschenk.de\/wp-content\/uploads\/2023\/12\/kinder-gefesselt-vom-maustag.jpg","width":1920,"height":1078},{"@type":"BreadcrumbList","@id":"https:\/\/rothschenk.de\/sk\/den-mysi-zaujal-deti\/#breadcrumb","itemListElement":[{"@type":"ListItem","position":1,"name":"Domovsk\u00e1 str\u00e1nka","item":"https:\/\/rothschenk.de\/sk\/domovska-stranka\/"},{"@type":"ListItem","position":2,"name":"De\u0148 my\u0161\u00ed zaujal deti"}]},{"@type":"WebSite","@id":"https:\/\/rothschenk.de\/sk\/#website","url":"https:\/\/rothschenk.de\/sk\/","name":"Rothschenk - Der Online Shop f\u00fcr Ladungssicherung","description":"Der Online Shop f\u00fcr Ladungssicherung","potentialAction":[{"@type":"SearchAction","target":{"@type":"EntryPoint","urlTemplate":"https:\/\/rothschenk.de\/sk\/?s={search_term_string}"},"query-input":{"@type":"PropertyValueSpecification","valueRequired":true,"valueName":"search_term_string"}}],"inLanguage":"sk-SK"},{"@type":"Person","@id":"https:\/\/rothschenk.de\/sk\/#\/schema\/person\/e29bf5cc9df61e6c87f80cdf8ba1be93","name":"Rothschenk","image":{"@type":"ImageObject","inLanguage":"sk-SK","@id":"https:\/\/rothschenk.de\/wp-content\/uploads\/2024\/03\/cropped-cropped-Rothschenk-logo-ladungssicherung-1-96x96.png","url":"https:\/\/rothschenk.de\/wp-content\/uploads\/2024\/03\/cropped-cropped-Rothschenk-logo-ladungssicherung-1-96x96.png","contentUrl":"https:\/\/rothschenk.de\/wp-content\/uploads\/2024\/03\/cropped-cropped-Rothschenk-logo-ladungssicherung-1-96x96.png","caption":"Rothschenk"},"description":"\u2714 Profi in der Beratung \u2714 Profi an der Laderampe \u2714 Profi bei der Abwicklung Ihrer W\u00fcnsche \u2714 Ladungssicherung Made in Germany","url":"https:\/\/rothschenk.de\/sk\/author\/rothschenk\/"}]}},"_links":{"self":[{"href":"https:\/\/rothschenk.de\/sk\/wp-json\/wp\/v2\/posts\/681529","targetHints":{"allow":["GET"]}}],"collection":[{"href":"https:\/\/rothschenk.de\/sk\/wp-json\/wp\/v2\/posts"}],"about":[{"href":"https:\/\/rothschenk.de\/sk\/wp-json\/wp\/v2\/types\/post"}],"author":[{"embeddable":true,"href":"https:\/\/rothschenk.de\/sk\/wp-json\/wp\/v2\/users\/1539"}],"replies":[{"embeddable":true,"href":"https:\/\/rothschenk.de\/sk\/wp-json\/wp\/v2\/comments?post=681529"}],"version-history":[{"count":1,"href":"https:\/\/rothschenk.de\/sk\/wp-json\/wp\/v2\/posts\/681529\/revisions"}],"predecessor-version":[{"id":681552,"href":"https:\/\/rothschenk.de\/sk\/wp-json\/wp\/v2\/posts\/681529\/revisions\/681552"}],"wp:featuredmedia":[{"embeddable":true,"href":"https:\/\/rothschenk.de\/sk\/wp-json\/wp\/v2\/media\/680426"}],"wp:attachment":[{"href":"https:\/\/rothschenk.de\/sk\/wp-json\/wp\/v2\/media?parent=681529"}],"wp:term":[{"taxonomy":"category","embeddable":true,"href":"https:\/\/rothschenk.de\/sk\/wp-json\/wp\/v2\/categories?post=681529"},{"taxonomy":"post_tag","embeddable":true,"href":"https:\/\/rothschenk.de\/sk\/wp-json\/wp\/v2\/tags?post=681529"}],"curies":[{"name":"wp","href":"https:\/\/api.w.org\/{rel}","templated":true}]}}