{"id":935239,"date":"2025-12-01T16:29:55","date_gmt":"2025-12-01T15:29:55","guid":{"rendered":"https:\/\/rothschenk.de\/epizoda-63-vianocny-special-majte-oci-otvorene-v-cestnej-premavke\/"},"modified":"2026-01-08T11:17:05","modified_gmt":"2026-01-08T10:17:05","slug":"epizoda-63-vianocny-special-majte-oci-otvorene-v-cestnej-premavke","status":"publish","type":"post","link":"https:\/\/rothschenk.de\/sk\/epizoda-63-vianocny-special-majte-oci-otvorene-v-cestnej-premavke\/","title":{"rendered":"Epiz\u00f3da 63: Viano\u010dn\u00fd \u0161peci\u00e1l &#8211; Majte o\u010di otvoren\u00e9 v cestnej prem\u00e1vke"},"content":{"rendered":"\n<p>Tentoraz by som v\u00e1m chcel uk\u00e1za\u0165 nieko\u013eko situ\u00e1ci\u00ed, ktor\u00e9 by ka\u017ed\u00fd, kto m\u00e1 bystr\u00e9 oko a spr\u00e1vny zrak, mohol vidie\u0165 aj v cestnej prem\u00e1vke.<br \/><br \/>Bystr\u00fdm okom mysl\u00edm schopnos\u0165 vidie\u0165 veci\/situ\u00e1cie bez toho, aby ste ich skuto\u010dne h\u013eadali. Ka\u017ed\u00fd, kto si t\u00fato schopnos\u0165 osvojil, ju, d\u00fafam, vyu\u017eije aj vo svojej firme. S\u00fa tu len v\u00fdhody!  <\/p>\n\n<p><strong>Beispiel 1:<\/strong><\/p>\n\n<div class=\"wp-block-columns is-layout-flex wp-container-core-columns-is-layout-28f84493 wp-block-columns-is-layout-flex\">\n<div class=\"wp-block-column is-layout-flow wp-block-column-is-layout-flow\">\n<figure class=\"wp-block-image size-full\"><img fetchpriority=\"high\" decoding=\"async\" width=\"997\" height=\"712\" src=\"https:\/\/rothschenk.de\/wp-content\/uploads\/2025\/12\/LKW-Betonfertigteil-Kopflashing-Kette-Rothschenk-Ladungssicherung.jpeg\" alt=\"\" class=\"wp-image-935034\" srcset=\"https:\/\/rothschenk.de\/wp-content\/uploads\/2025\/12\/LKW-Betonfertigteil-Kopflashing-Kette-Rothschenk-Ladungssicherung.jpeg 997w, https:\/\/rothschenk.de\/wp-content\/uploads\/2025\/12\/LKW-Betonfertigteil-Kopflashing-Kette-Rothschenk-Ladungssicherung-300x214.jpeg 300w, https:\/\/rothschenk.de\/wp-content\/uploads\/2025\/12\/LKW-Betonfertigteil-Kopflashing-Kette-Rothschenk-Ladungssicherung-768x548.jpeg 768w, https:\/\/rothschenk.de\/wp-content\/uploads\/2025\/12\/LKW-Betonfertigteil-Kopflashing-Kette-Rothschenk-Ladungssicherung-600x428.jpeg 600w\" sizes=\"(max-width: 997px) 100vw, 997px\" \/><\/figure>\n<\/div>\n<\/div>\n\n<p>Bohu\u017eia\u013e sa mi nepodarilo z\u00edska\u0165 lep\u0161iu fotografiu. Re\u0165aze pou\u017e\u00edvan\u00e9 na zabezpe\u010denie n\u00e1kladu sa pou\u017e\u00edvaj\u00fa r\u00f4znymi met\u00f3dami. <br \/><br \/>Upevnenie vzadu pomocou re\u0165aze zodpoved\u00e1 blikaniu hlavy. Zatia\u013e je to v poriadku. Upevnenie vpredu pomocou dvoch re\u0165az\u00ed zodpoved\u00e1 sp\u00f4sobu viazania. To sa d\u00e1 rozpozna\u0165 pod\u013ea uhlov. V pr\u00edpade n\u00fadzov\u00e9ho brzdenia by sa bet\u00f3nov\u00e1 \u010das\u0165 mohla posun\u00fa\u0165 dopredu, k\u00fdm sa re\u0165aze nenapn\u00fa. \u010celn\u00e1 stena z dreven\u00fdch tr\u00e1mov, podopret\u00e1 st\u013apikmi, sn\u00e1\u010f tomuto pohybu zabr\u00e1ni.       <br \/><br \/>Efekt\u00edvnej\u0161ie by bolo pripevni\u0165 \u0161tyri h\u00e1ky re\u0165az\u00ed asi o 1 meter \u010falej. T\u00fdm by sa z viazacieho upevnenia s pou\u017eit\u00edm sily stalo upevnenie s tvarovou \u00fapravou. <\/p>\n\n<p><strong>Beispiel 2:<\/strong><\/p>\n\n<div class=\"wp-block-columns is-layout-flex wp-container-core-columns-is-layout-28f84493 wp-block-columns-is-layout-flex\">\n<div class=\"wp-block-column is-layout-flow wp-block-column-is-layout-flow\">\n<figure class=\"wp-block-image size-full\"><img decoding=\"async\" width=\"1327\" height=\"972\" src=\"https:\/\/rothschenk.de\/wp-content\/uploads\/2025\/12\/LKW-Kunststoff-Absperrelemente-Niederzurren-Rothschenk-Ladungssicherung.jpeg\" alt=\"\" class=\"wp-image-935043\" srcset=\"https:\/\/rothschenk.de\/wp-content\/uploads\/2025\/12\/LKW-Kunststoff-Absperrelemente-Niederzurren-Rothschenk-Ladungssicherung.jpeg 1327w, https:\/\/rothschenk.de\/wp-content\/uploads\/2025\/12\/LKW-Kunststoff-Absperrelemente-Niederzurren-Rothschenk-Ladungssicherung-300x220.jpeg 300w, https:\/\/rothschenk.de\/wp-content\/uploads\/2025\/12\/LKW-Kunststoff-Absperrelemente-Niederzurren-Rothschenk-Ladungssicherung-1024x750.jpeg 1024w, https:\/\/rothschenk.de\/wp-content\/uploads\/2025\/12\/LKW-Kunststoff-Absperrelemente-Niederzurren-Rothschenk-Ladungssicherung-768x563.jpeg 768w, https:\/\/rothschenk.de\/wp-content\/uploads\/2025\/12\/LKW-Kunststoff-Absperrelemente-Niederzurren-Rothschenk-Ladungssicherung-600x439.jpeg 600w\" sizes=\"(max-width: 1327px) 100vw, 1327px\" \/><\/figure>\n<\/div>\n<\/div>\n\n<p>Toto za\u0165a\u017eenie pozost\u00e1va z plastov\u00fdch bari\u00e9rov\u00fdch prvkov, a preto ur\u010dite nie je \u0165a\u017ek\u00e9. Popruhy s\u00fa pripevnen\u00e9 k r\u00e1mu bo\u010dnice, ktor\u00fd nie je na tento \u00fa\u010del ur\u010den\u00fd.   <br \/><br \/>Pravdepodobne ide o nadstavbu na vo\u013ene lo\u017een\u00fd tovar, ktor\u00e1 nem\u00e1 na lo\u017enej ploche \u017eiadne upev\u0148ovacie body. Bez oh\u013eadu na to, \u010di je n\u00e1klad primerane upevnen\u00fd alebo nie, vozidlo nie je vhodn\u00e9 na prepravu v\u0161eobecn\u00e9ho n\u00e1kladu. <\/p>\n\n<p><strong>Beispiel 3:<\/strong><\/p>\n\n<div class=\"wp-block-columns is-layout-flex wp-container-core-columns-is-layout-28f84493 wp-block-columns-is-layout-flex\">\n<div class=\"wp-block-column is-layout-flow wp-block-column-is-layout-flow\">\n<figure class=\"wp-block-image size-full\"><img decoding=\"async\" width=\"629\" height=\"853\" src=\"https:\/\/rothschenk.de\/wp-content\/uploads\/2025\/12\/LKW-Container-Plombe-falsch-angebracht-Rothschenk-Ladungssicherung.jpeg\" alt=\"\" class=\"wp-image-935059\" srcset=\"https:\/\/rothschenk.de\/wp-content\/uploads\/2025\/12\/LKW-Container-Plombe-falsch-angebracht-Rothschenk-Ladungssicherung.jpeg 629w, https:\/\/rothschenk.de\/wp-content\/uploads\/2025\/12\/LKW-Container-Plombe-falsch-angebracht-Rothschenk-Ladungssicherung-221x300.jpeg 221w, https:\/\/rothschenk.de\/wp-content\/uploads\/2025\/12\/LKW-Container-Plombe-falsch-angebracht-Rothschenk-Ladungssicherung-600x814.jpeg 600w\" sizes=\"(max-width: 629px) 100vw, 629px\" \/><\/figure>\n<\/div>\n\n\n\n<div class=\"wp-block-column is-layout-flow wp-block-column-is-layout-flow\">\n<figure class=\"wp-block-image size-full is-resized\"><img loading=\"lazy\" decoding=\"async\" width=\"424\" height=\"837\" src=\"https:\/\/rothschenk.de\/wp-content\/uploads\/2025\/12\/LKW-Container-Plombe-falsch-angebracht-Detail-Rothschenk-Ladungssicherung.jpeg\" alt=\"\" class=\"wp-image-935074\" style=\"width:343px;height:auto\" srcset=\"https:\/\/rothschenk.de\/wp-content\/uploads\/2025\/12\/LKW-Container-Plombe-falsch-angebracht-Detail-Rothschenk-Ladungssicherung.jpeg 424w, https:\/\/rothschenk.de\/wp-content\/uploads\/2025\/12\/LKW-Container-Plombe-falsch-angebracht-Detail-Rothschenk-Ladungssicherung-152x300.jpeg 152w\" sizes=\"(max-width: 424px) 100vw, 424px\" \/><\/figure>\n<\/div>\n<\/div>\n\n<p>Ka\u017ed\u00fd, kto sa okrem in\u00e9ho zaober\u00e1 nakladan\u00edm kontajnerov, ur\u010dite vie, \u017ee tesnenie by sa muselo pripevni\u0165 oto\u010den\u00e9 o 180 stup\u0148ov.  <br \/><br \/>T\u00e1to situ\u00e1cia vyvol\u00e1va v div\u00e1kovi dojem, \u017ee z\u00fa\u010dastnen\u00e9 osoby presne nevedia, ako to maj\u00fa robi\u0165. In\u0161pektori v pr\u00edstave si to tie\u017e v\u0161imn\u00fa a pomyslia si, nu\u017e, pozrime sa na to. <\/p>\n\n<p><strong>Beispiel 4:<\/strong><\/p>\n\n<div class=\"wp-block-columns is-layout-flex wp-container-core-columns-is-layout-28f84493 wp-block-columns-is-layout-flex\">\n<div class=\"wp-block-column is-layout-flow wp-block-column-is-layout-flow\">\n<figure class=\"wp-block-image size-full\"><img loading=\"lazy\" decoding=\"async\" width=\"1013\" height=\"696\" src=\"https:\/\/rothschenk.de\/wp-content\/uploads\/2025\/12\/PKW-ueberladen-mit-Zementsaecken-Rothschenk-Ladungssicherung.jpeg\" alt=\"\" class=\"wp-image-935092\" srcset=\"https:\/\/rothschenk.de\/wp-content\/uploads\/2025\/12\/PKW-ueberladen-mit-Zementsaecken-Rothschenk-Ladungssicherung.jpeg 1013w, https:\/\/rothschenk.de\/wp-content\/uploads\/2025\/12\/PKW-ueberladen-mit-Zementsaecken-Rothschenk-Ladungssicherung-300x206.jpeg 300w, https:\/\/rothschenk.de\/wp-content\/uploads\/2025\/12\/PKW-ueberladen-mit-Zementsaecken-Rothschenk-Ladungssicherung-768x528.jpeg 768w, https:\/\/rothschenk.de\/wp-content\/uploads\/2025\/12\/PKW-ueberladen-mit-Zementsaecken-Rothschenk-Ladungssicherung-600x412.jpeg 600w\" sizes=\"(max-width: 1013px) 100vw, 1013px\" \/><\/figure>\n<\/div>\n<\/div>\n\n<p>Ak my\u0161lienkovo spoj\u00edte horn\u00fd okraj kolies a podbehy kolies \u010diarou, zist\u00edte, \u017ee nie s\u00fa rovnobe\u017en\u00e9. To nejako vyzer\u00e1 ako pre\u0165a\u017eenie.   <br \/><br \/>Pre\u0165a\u017eenie m\u00e1 vplyv na schopnos\u0165 riadenia a brzdenia, t. j. na bezpe\u010dnos\u0165 prev\u00e1dzky. Za to je zodpovedn\u00fd vodi\u010d v s\u00falade s \u00a7 23 StVO Povinnosti vodi\u010da.  <\/p>\n\n<p><strong>Beispiel 5:<\/strong><\/p>\n\n<div class=\"wp-block-columns is-layout-flex wp-container-core-columns-is-layout-28f84493 wp-block-columns-is-layout-flex\">\n<div class=\"wp-block-column is-layout-flow wp-block-column-is-layout-flow\">\n<figure class=\"wp-block-image size-full\"><img loading=\"lazy\" decoding=\"async\" width=\"1359\" height=\"931\" src=\"https:\/\/rothschenk.de\/wp-content\/uploads\/2025\/12\/PKW-mit-Hydraulikhammer-Bagger-falsch-gesichert-Rothschenk-Ladungssicherung.jpeg\" alt=\"\" class=\"wp-image-935113\" srcset=\"https:\/\/rothschenk.de\/wp-content\/uploads\/2025\/12\/PKW-mit-Hydraulikhammer-Bagger-falsch-gesichert-Rothschenk-Ladungssicherung.jpeg 1359w, https:\/\/rothschenk.de\/wp-content\/uploads\/2025\/12\/PKW-mit-Hydraulikhammer-Bagger-falsch-gesichert-Rothschenk-Ladungssicherung-300x206.jpeg 300w, https:\/\/rothschenk.de\/wp-content\/uploads\/2025\/12\/PKW-mit-Hydraulikhammer-Bagger-falsch-gesichert-Rothschenk-Ladungssicherung-1024x702.jpeg 1024w, https:\/\/rothschenk.de\/wp-content\/uploads\/2025\/12\/PKW-mit-Hydraulikhammer-Bagger-falsch-gesichert-Rothschenk-Ladungssicherung-768x526.jpeg 768w, https:\/\/rothschenk.de\/wp-content\/uploads\/2025\/12\/PKW-mit-Hydraulikhammer-Bagger-falsch-gesichert-Rothschenk-Ladungssicherung-600x411.jpeg 600w\" sizes=\"(max-width: 1359px) 100vw, 1359px\" \/><\/figure>\n<\/div>\n<\/div>\n\n<p>Hydraulick\u00e9 kladivo pre r\u00fdpadlo je ur\u010dite \u0165a\u017ek\u00e9. Zabezpe\u010duje sa silov\u00fdm viazan\u00edm, \u010do je v z\u00e1sade nev\u00fdhodn\u00e1 met\u00f3da. Predpoklad\u00e1 sa, \u017ee brzdn\u00e9 spomalenie osobn\u00e9ho auta je 0,9 g, n\u00e1kladn\u00e9ho auta len 0,8 g.    <br \/><br \/>\u010co by sa stalo, keby vodi\u010d musel brzdi\u0165? Je \u0165a\u017ek\u00e9 si to predstavi\u0165. V najhor\u0161om pr\u00edpade m\u00e1 vodi\u010d hydraulick\u00e9 kladivo v kufri svojho auta.  <\/p>\n\n<p><strong>Beispiel 6:<\/strong><\/p>\n\n<div class=\"wp-block-columns is-layout-flex wp-container-core-columns-is-layout-28f84493 wp-block-columns-is-layout-flex\">\n<div class=\"wp-block-column is-layout-flow wp-block-column-is-layout-flow\">\n<figure class=\"wp-block-image size-full\"><img loading=\"lazy\" decoding=\"async\" width=\"1013\" height=\"665\" src=\"https:\/\/rothschenk.de\/wp-content\/uploads\/2025\/12\/LKW-Metallteil-schlecht-mangelhaft-gesichert-Rothschenk-Ladungssicherung.jpeg\" alt=\"\" class=\"wp-image-935127\" srcset=\"https:\/\/rothschenk.de\/wp-content\/uploads\/2025\/12\/LKW-Metallteil-schlecht-mangelhaft-gesichert-Rothschenk-Ladungssicherung.jpeg 1013w, https:\/\/rothschenk.de\/wp-content\/uploads\/2025\/12\/LKW-Metallteil-schlecht-mangelhaft-gesichert-Rothschenk-Ladungssicherung-300x197.jpeg 300w, https:\/\/rothschenk.de\/wp-content\/uploads\/2025\/12\/LKW-Metallteil-schlecht-mangelhaft-gesichert-Rothschenk-Ladungssicherung-768x504.jpeg 768w, https:\/\/rothschenk.de\/wp-content\/uploads\/2025\/12\/LKW-Metallteil-schlecht-mangelhaft-gesichert-Rothschenk-Ladungssicherung-600x394.jpeg 600w\" sizes=\"(max-width: 1013px) 100vw, 1013px\" \/><\/figure>\n<\/div>\n<\/div>\n\n<p>Opakom dobra s\u00fa dobr\u00e9 \u00famysly. Tak\u00fdto dojem vyvol\u00e1va t\u00e1to situ\u00e1cia. Zadn\u00fd p\u00e1s zabezpe\u010duje n\u00e1klad proti odletu, ale nie proti sk\u013aznutiu pri vyn\u00fatenom vyh\u00fdbacom pohybe 0,5 g do\u013eava alebo doprava. Predn\u00fd p\u00e1s prech\u00e1dza cez n\u00e1klad tak plocho, \u017ee nevytv\u00e1ra \u017eiadnu v\u00fdznamn\u00fa zais\u0165ovaciu silu.     <br \/><br \/>N\u00e1klad by bol zabezpe\u010den\u00fd, ak by sa pou\u017eila proti\u0161mykov\u00e1 podlo\u017eka. Tie v\u0161ak nie je mo\u017en\u00e9 rozpozna\u0165 vzh\u013eadom na uhol poh\u013eadu. Celkov\u00fd dojem sk\u00f4r nazna\u010duje, \u017ee nie.    <\/p>\n\n<p><strong>Beispiel 7:<\/strong><\/p>\n\n<div class=\"wp-block-columns is-layout-flex wp-container-core-columns-is-layout-28f84493 wp-block-columns-is-layout-flex\">\n<div class=\"wp-block-column is-layout-flow wp-block-column-is-layout-flow\">\n<figure class=\"wp-block-image size-full\"><img loading=\"lazy\" decoding=\"async\" width=\"1356\" height=\"640\" src=\"https:\/\/rothschenk.de\/wp-content\/uploads\/2025\/12\/Perfektes-Kopflashing-Betonfertigteile-Rothschenk-Ladungssicherung.jpeg\" alt=\"\" class=\"wp-image-935136\" srcset=\"https:\/\/rothschenk.de\/wp-content\/uploads\/2025\/12\/Perfektes-Kopflashing-Betonfertigteile-Rothschenk-Ladungssicherung.jpeg 1356w, https:\/\/rothschenk.de\/wp-content\/uploads\/2025\/12\/Perfektes-Kopflashing-Betonfertigteile-Rothschenk-Ladungssicherung-300x142.jpeg 300w, https:\/\/rothschenk.de\/wp-content\/uploads\/2025\/12\/Perfektes-Kopflashing-Betonfertigteile-Rothschenk-Ladungssicherung-1024x483.jpeg 1024w, https:\/\/rothschenk.de\/wp-content\/uploads\/2025\/12\/Perfektes-Kopflashing-Betonfertigteile-Rothschenk-Ladungssicherung-768x362.jpeg 768w, https:\/\/rothschenk.de\/wp-content\/uploads\/2025\/12\/Perfektes-Kopflashing-Betonfertigteile-Rothschenk-Ladungssicherung-600x283.jpeg 600w\" sizes=\"(max-width: 1356px) 100vw, 1356px\" \/><\/figure>\n<\/div>\n<\/div>\n\n<p>\u0164a\u017ek\u00e9 bet\u00f3nov\u00e9 prefabrik\u00e1ty. Jednotliv\u00e9 nakladacie jednotky s\u00fa vzorne upevnen\u00e9 pomocou hlavov\u00fdch \u00fachytov. Na priehyboch sa pou\u017e\u00edvaj\u00fa okrajov\u00e9 klz\u00e1ky. Z\u00fa\u010dastnen\u00e9 osoby vedia, \u010do tu maj\u00fa robi\u0165. Takto by to malo by\u0165.    <\/p>\n\n<p><strong>Beispiel 8:<\/strong><\/p>\n\n<div class=\"wp-block-columns is-layout-flex wp-container-core-columns-is-layout-28f84493 wp-block-columns-is-layout-flex\">\n<div class=\"wp-block-column is-layout-flow wp-block-column-is-layout-flow\">\n<figure class=\"wp-block-image size-full\"><img loading=\"lazy\" decoding=\"async\" width=\"1346\" height=\"961\" src=\"https:\/\/rothschenk.de\/wp-content\/uploads\/2025\/12\/Spundwand-mangelhaft-gesichert-auf-LKW-Rothschenk-Ladungssicherung.jpeg\" alt=\"\" class=\"wp-image-935145\" srcset=\"https:\/\/rothschenk.de\/wp-content\/uploads\/2025\/12\/Spundwand-mangelhaft-gesichert-auf-LKW-Rothschenk-Ladungssicherung.jpeg 1346w, https:\/\/rothschenk.de\/wp-content\/uploads\/2025\/12\/Spundwand-mangelhaft-gesichert-auf-LKW-Rothschenk-Ladungssicherung-300x214.jpeg 300w, https:\/\/rothschenk.de\/wp-content\/uploads\/2025\/12\/Spundwand-mangelhaft-gesichert-auf-LKW-Rothschenk-Ladungssicherung-1024x731.jpeg 1024w, https:\/\/rothschenk.de\/wp-content\/uploads\/2025\/12\/Spundwand-mangelhaft-gesichert-auf-LKW-Rothschenk-Ladungssicherung-768x548.jpeg 768w, https:\/\/rothschenk.de\/wp-content\/uploads\/2025\/12\/Spundwand-mangelhaft-gesichert-auf-LKW-Rothschenk-Ladungssicherung-600x428.jpeg 600w\" sizes=\"(max-width: 1346px) 100vw, 1346px\" \/><\/figure>\n\n\n\n<p>Hromady plechu pripevnen\u00e9 re\u0165azami. Zatia\u013e sa ni\u010d nestalo, ale toto zabezpe\u010denie je \u00faplne nedostato\u010dn\u00e9. Neexistuje ani \u017eiadne pozit\u00edvne spojenie so stojkami. Na stene budovy mo\u017eno pre\u010d\u00edta\u0165 n\u00e1pis &#8222;HaarScharf&#8220;. Mo\u017eno ide o proroctvo.      <br \/><br \/>Nasleduj\u00facu fotografiu som neurobil ja, ale KLSK. Ukazuje n\u00e1sledky nespr\u00e1vnej poistky. Mohlo to dopadn\u00fa\u0165 hor\u0161ie.  <\/p>\n<\/div>\n<\/div>\n\n<div class=\"wp-block-columns is-layout-flex wp-container-core-columns-is-layout-28f84493 wp-block-columns-is-layout-flex\">\n<div class=\"wp-block-column is-layout-flow wp-block-column-is-layout-flow\">\n<figure class=\"wp-block-image size-full\"><img loading=\"lazy\" decoding=\"async\" width=\"800\" height=\"582\" src=\"https:\/\/rothschenk.de\/wp-content\/uploads\/2025\/12\/Spundwand-mangelhaft-gesichert-Schaden-auf-LKW-Rothschenk-Ladungssicherung.jpeg\" alt=\"\" class=\"wp-image-935161\" srcset=\"https:\/\/rothschenk.de\/wp-content\/uploads\/2025\/12\/Spundwand-mangelhaft-gesichert-Schaden-auf-LKW-Rothschenk-Ladungssicherung.jpeg 800w, https:\/\/rothschenk.de\/wp-content\/uploads\/2025\/12\/Spundwand-mangelhaft-gesichert-Schaden-auf-LKW-Rothschenk-Ladungssicherung-300x218.jpeg 300w, https:\/\/rothschenk.de\/wp-content\/uploads\/2025\/12\/Spundwand-mangelhaft-gesichert-Schaden-auf-LKW-Rothschenk-Ladungssicherung-768x559.jpeg 768w, https:\/\/rothschenk.de\/wp-content\/uploads\/2025\/12\/Spundwand-mangelhaft-gesichert-Schaden-auf-LKW-Rothschenk-Ladungssicherung-600x437.jpeg 600w\" sizes=\"(max-width: 800px) 100vw, 800px\" \/><\/figure>\n\n\n\n<p><a href=\"%20Juli\">Zdroj: KLSK e.V. J\u00fal<\/a><\/p>\n\n\n\n<p><strong>Beispiel 9:<\/strong><\/p>\n<\/div>\n<\/div>\n\n<div class=\"wp-block-columns is-layout-flex wp-container-core-columns-is-layout-28f84493 wp-block-columns-is-layout-flex\">\n<div class=\"wp-block-column is-layout-flow wp-block-column-is-layout-flow\">\n<figure class=\"wp-block-image size-full\"><img loading=\"lazy\" decoding=\"async\" width=\"1300\" height=\"976\" src=\"https:\/\/rothschenk.de\/wp-content\/uploads\/2025\/12\/Perfekte-Ladungssicherung-Rothschenk-LKW-Blog.jpeg\" alt=\"\" class=\"wp-image-935170\" srcset=\"https:\/\/rothschenk.de\/wp-content\/uploads\/2025\/12\/Perfekte-Ladungssicherung-Rothschenk-LKW-Blog.jpeg 1300w, https:\/\/rothschenk.de\/wp-content\/uploads\/2025\/12\/Perfekte-Ladungssicherung-Rothschenk-LKW-Blog-300x225.jpeg 300w, https:\/\/rothschenk.de\/wp-content\/uploads\/2025\/12\/Perfekte-Ladungssicherung-Rothschenk-LKW-Blog-1024x769.jpeg 1024w, https:\/\/rothschenk.de\/wp-content\/uploads\/2025\/12\/Perfekte-Ladungssicherung-Rothschenk-LKW-Blog-768x577.jpeg 768w, https:\/\/rothschenk.de\/wp-content\/uploads\/2025\/12\/Perfekte-Ladungssicherung-Rothschenk-LKW-Blog-600x450.jpeg 600w\" sizes=\"(max-width: 1300px) 100vw, 1300px\" \/><\/figure>\n<\/div>\n<\/div>\n\n<p>Ve\u013emi pekn\u00e9, v\u0161etko dobre zabezpe\u010den\u00e9. Takto by to malo by\u0165. <\/p>\n\n<p>Hoci ako d\u00f4chodca u\u017e nesed\u00edm v prvom rade, nem\u00f4\u017eem sa tejto t\u00e9my vzda\u0165. Ako vodi\u010da auta sa ma v\u0161ak m\u00f4\u017ee dotkn\u00fa\u0165 kedyko\u013evek. To by malo \u010ditate\u013eov mojich \u010dl\u00e1nkov znepokoji\u0165 a podnieti\u0165 ich k tomu, aby h\u013eadali zlep\u0161enia vo vlastnej spolo\u010dnosti.  <br \/><br \/>V tejto s\u00favislosti \u017eel\u00e1m v\u0161etk\u00fdm \u010ditate\u013eom pokojn\u00e9 Vianoce a dobr\u00fd za\u010diatok nov\u00e9ho roka. Potom budeme pokra\u010dova\u0165 \u010fal\u0161\u00edm dielom, preto\u017ee t\u00e1to t\u00e9ma je takmer nevy\u010derpate\u013en\u00e1.<br \/>Pustite sa do toho, m\u00f4\u017ee to by\u0165 len lep\u0161ie! <\/p>\n\n<p>V\u00e1\u0161, Sigurd Ehringer<\/p>\n\n<div class=\"wp-block-columns alignfull are-vertically-aligned-center has-background is-layout-flex wp-container-core-columns-is-layout-28f84493 wp-block-columns-is-layout-flex\" style=\"background-color:#516062\">\n<div class=\"wp-block-column blog_autor_zusatz is-layout-flow wp-block-column-is-layout-flow\" style=\"flex-basis:10vw\"><\/div>\n\n\n\n<div class=\"wp-block-column is-vertically-aligned-center is-layout-flow wp-block-column-is-layout-flow\" style=\"flex-basis:20%\">\n<figure class=\"wp-block-image aligncenter size-large is-resized is-style-rounded\"><img loading=\"lazy\" decoding=\"async\" width=\"1024\" height=\"1024\" src=\"https:\/\/rothschenk.de\/wp-content\/uploads\/2024\/02\/sigurd-ehringer-ladungssicherung-ausbilder-und-berater-1024x1024.jpg\" alt=\"\" class=\"wp-image-143199\" style=\"width:150px\" srcset=\"https:\/\/rothschenk.de\/wp-content\/uploads\/2024\/02\/sigurd-ehringer-ladungssicherung-ausbilder-und-berater-1024x1024.jpg 1024w, https:\/\/rothschenk.de\/wp-content\/uploads\/2024\/02\/sigurd-ehringer-ladungssicherung-ausbilder-und-berater-300x300.jpg 300w, https:\/\/rothschenk.de\/wp-content\/uploads\/2024\/02\/sigurd-ehringer-ladungssicherung-ausbilder-und-berater-150x150.jpg 150w, https:\/\/rothschenk.de\/wp-content\/uploads\/2024\/02\/sigurd-ehringer-ladungssicherung-ausbilder-und-berater-768x767.jpg 768w, https:\/\/rothschenk.de\/wp-content\/uploads\/2024\/02\/sigurd-ehringer-ladungssicherung-ausbilder-und-berater-600x600.jpg 600w, https:\/\/rothschenk.de\/wp-content\/uploads\/2024\/02\/sigurd-ehringer-ladungssicherung-ausbilder-und-berater-100x100.jpg 100w, https:\/\/rothschenk.de\/wp-content\/uploads\/2024\/02\/sigurd-ehringer-ladungssicherung-ausbilder-und-berater.jpg 1500w\" sizes=\"(max-width: 1024px) 100vw, 1024px\" \/><\/figure>\n<\/div>\n\n\n\n<div class=\"wp-block-column is-vertically-aligned-center is-layout-flow wp-block-column-is-layout-flow\"><div class=\"wp-block-post-author\"><div class=\"wp-block-post-author__content\"><p class=\"wp-block-post-author__name\">Sigurd Ehringer<\/p><p class=\"wp-block-post-author__bio\">\u2714 VDI-zertifizierter Ausbilder f\u00fcr Ladungssicherung\r\n\u2714 Fachbuch-Autor\r\n\u2714 8 Jahre Projektmanager\r\n\u2714 12 Jahre bei der Bundeswehr (Kompaniechef)\r\n\u2714 20 Jahre Vertriebserfahrung\r\n\u2714 seit 1996 Berater\/Ausbilder in der Logistik\r\n\u2714 44 Jahre Ausbilder\/Trainer in verschiedenen Bereichen &#8212;&gt;\r\n\r\nIn einer Reihe von Fachbeitr\u00e4gen aus der Praxis, zu Themen rund um den Container und LKW, erhalten Sie Profiwissen aus erster Hand. Wie sichert man Ladung korrekt und was sind die Grundlagen der Ladungssicherung?\r\nErarbeitet und vorgestellt werden sie von Sigurd Ehringer, Inhaber von <a href=\"http:\/\/www.se-logcon.de\/\">SE-LogCon<\/a>.<\/p><\/div><\/div><\/div>\n\n\n\n<div class=\"wp-block-column blog_autor_zusatz is-layout-flow wp-block-column-is-layout-flow\" style=\"flex-basis:10vw\"><\/div>\n<\/div>\n\n<div class=\"wp-block-columns is-layout-flex wp-container-core-columns-is-layout-28f84493 wp-block-columns-is-layout-flex\">\n<div class=\"wp-block-column is-layout-flow wp-block-column-is-layout-flow\">\n<p>&lt;&lt;  Predch\u00e1dzaj\u00faci \u010dl\u00e1nok<br \/><a href=\"https:\/\/rothschenk.de\/sk\/epizoda-61-problemove-zatazenie-cast-3-spravne-zabezpecenie-tasky-bigbag\/\"> Epiz\u00f3da 62: Kontroly vozidiel &#8211; ako sa<\/a> vyhn\u00fa\u0165 z\u00e1vad\u00e1m<\/p>\n<\/div>\n\n\n\n<div class=\"wp-block-column is-layout-flow wp-block-column-is-layout-flow\">\n<p class=\"has-text-align-right\">Zum n\u00e4chsten Beitrag &gt;&gt; <br \/><a href=\"https:\/\/rothschenk.de\/wer-haftet-bei-schaeden-im-werksverkehr-die-firma-das-unbekannte-wesen\/\">Folge 64: Solperdr\u00e4hte &#8211; die Firma, das unbekannte Wesen<\/a><\/p>\n<\/div>\n<\/div>\n\n<p><\/p>\n","protected":false},"excerpt":{"rendered":"<p>Tentoraz by som v\u00e1m chcel uk\u00e1za\u0165 nieko\u013eko situ\u00e1ci\u00ed, ktor\u00e9 by ka\u017ed\u00fd, kto m\u00e1 bystr\u00e9 oko a spr\u00e1vny zrak, mohol vidie\u0165 aj v cestnej prem\u00e1vke. Bystr\u00fdm okom mysl\u00edm schopnos\u0165 vidie\u0165 veci\/situ\u00e1cie bez toho, aby ste ich skuto\u010dne h\u013eadali. Ka\u017ed\u00fd, kto si t\u00fato schopnos\u0165 osvojil, ju, d\u00fafam, vyu\u017eije aj vo svojej firme. S\u00fa tu len v\u00fdhody! Beispiel [&hellip;]<\/p>\n","protected":false},"author":1536,"featured_media":935175,"comment_status":"open","ping_status":"closed","sticky":false,"template":"","format":"standard","meta":{"_acf_changed":false,"footnotes":""},"categories":[872,874,892],"tags":[1094,1096,1095],"class_list":["post-935239","post","type-post","status-publish","format-standard","has-post-thumbnail","hentry","category-cargo-blog-sk","category-fyzicka-stranka-sk","category-lorry-sk","tag-nespravne-aplikacie","tag-nespravne-upevnenie-nakladu","tag-pozorovanie-dialnice"],"acf":[],"yoast_head":"<!-- This site is optimized with the Yoast SEO plugin v27.4 - https:\/\/yoast.com\/product\/yoast-seo-wordpress\/ -->\n<title>Epiz\u00f3da 63: Viano\u010dn\u00fd \u0161peci\u00e1l - Majte o\u010di otvoren\u00e9 v cestnej prem\u00e1vke<\/title>\n<meta name=\"description\" content=\"N\u00e1kladn\u00e9 vozidl\u00e1 - nedostatok Ladungssicherung\u2714\ufe0f Najhor\u0161\u00ed pr\u00edpad scenario\u2714\ufe0f Technick\u00fd \u010dl\u00e1nok s konkr\u00e9tnymi pr\u00edkladmi \u2714\ufe0f Odborn\u00fd blogov\u00fd pr\u00edspevok\" \/>\n<meta name=\"robots\" content=\"index, follow, max-snippet:-1, max-image-preview:large, max-video-preview:-1\" \/>\n<link rel=\"canonical\" href=\"https:\/\/rothschenk.de\/sk\/epizoda-63-vianocny-special-majte-oci-otvorene-v-cestnej-premavke\/\" \/>\n<meta property=\"og:locale\" content=\"sk_SK\" \/>\n<meta property=\"og:type\" content=\"article\" \/>\n<meta property=\"og:title\" content=\"Epiz\u00f3da 63: Viano\u010dn\u00fd \u0161peci\u00e1l - Majte o\u010di otvoren\u00e9 v cestnej prem\u00e1vke\" \/>\n<meta property=\"og:description\" content=\"N\u00e1kladn\u00e9 vozidl\u00e1 - nedostatok Ladungssicherung\u2714\ufe0f Najhor\u0161\u00ed pr\u00edpad scenario\u2714\ufe0f Technick\u00fd \u010dl\u00e1nok s konkr\u00e9tnymi pr\u00edkladmi \u2714\ufe0f Odborn\u00fd blogov\u00fd pr\u00edspevok\" \/>\n<meta property=\"og:url\" content=\"https:\/\/rothschenk.de\/sk\/epizoda-63-vianocny-special-majte-oci-otvorene-v-cestnej-premavke\/\" \/>\n<meta property=\"og:site_name\" content=\"Rothschenk\" \/>\n<meta property=\"article:publisher\" content=\"https:\/\/de-de.facebook.com\/FirmaRothschenk\/\" \/>\n<meta property=\"article:published_time\" content=\"2025-12-01T15:29:55+00:00\" \/>\n<meta property=\"article:modified_time\" content=\"2026-01-08T10:17:05+00:00\" \/>\n<meta property=\"og:image\" content=\"https:\/\/rothschenk.de\/wp-content\/uploads\/2025\/12\/Perfekte-Ladungssicherung-Rothschenk-LKW-Blog.jpeg\" \/>\n\t<meta property=\"og:image:width\" content=\"1300\" \/>\n\t<meta property=\"og:image:height\" content=\"976\" \/>\n\t<meta property=\"og:image:type\" content=\"image\/jpeg\" \/>\n<meta name=\"author\" content=\"Sigurd Ehringer\" \/>\n<meta name=\"twitter:card\" content=\"summary_large_image\" \/>\n<meta name=\"twitter:label1\" content=\"Autor\" \/>\n\t<meta name=\"twitter:data1\" content=\"Sigurd Ehringer\" \/>\n\t<meta name=\"twitter:label2\" content=\"Predpokladan\u00fd \u010das \u010d\u00edtania\" \/>\n\t<meta name=\"twitter:data2\" content=\"4 min\u00faty\" \/>\n<script type=\"application\/ld+json\" class=\"yoast-schema-graph\">{\"@context\":\"https:\\\/\\\/schema.org\",\"@graph\":[{\"@type\":\"Article\",\"@id\":\"https:\\\/\\\/rothschenk.de\\\/sk\\\/epizoda-63-vianocny-special-majte-oci-otvorene-v-cestnej-premavke\\\/#article\",\"isPartOf\":{\"@id\":\"https:\\\/\\\/rothschenk.de\\\/sk\\\/epizoda-63-vianocny-special-majte-oci-otvorene-v-cestnej-premavke\\\/\"},\"author\":{\"name\":\"Sigurd Ehringer\",\"@id\":\"https:\\\/\\\/rothschenk.de\\\/sk\\\/#\\\/schema\\\/person\\\/8878c3ce4ac9607e11b12c500ead07e8\"},\"headline\":\"Epiz\u00f3da 63: Viano\u010dn\u00fd \u0161peci\u00e1l &#8211; Majte o\u010di otvoren\u00e9 v cestnej prem\u00e1vke\",\"datePublished\":\"2025-12-01T15:29:55+00:00\",\"dateModified\":\"2026-01-08T10:17:05+00:00\",\"mainEntityOfPage\":{\"@id\":\"https:\\\/\\\/rothschenk.de\\\/sk\\\/epizoda-63-vianocny-special-majte-oci-otvorene-v-cestnej-premavke\\\/\"},\"wordCount\":837,\"commentCount\":0,\"image\":{\"@id\":\"https:\\\/\\\/rothschenk.de\\\/sk\\\/epizoda-63-vianocny-special-majte-oci-otvorene-v-cestnej-premavke\\\/#primaryimage\"},\"thumbnailUrl\":\"https:\\\/\\\/rothschenk.de\\\/wp-content\\\/uploads\\\/2025\\\/12\\\/Perfekte-Ladungssicherung-Rothschenk-LKW-Blog.jpeg\",\"keywords\":[\"Nespr\u00e1vne aplik\u00e1cie\",\"Nespr\u00e1vne upevnenie n\u00e1kladu\",\"Pozorovanie dia\u013enice\"],\"articleSection\":[\"Cargo Blog\",\"Fyzick\u00e1 str\u00e1nka\",\"LORRY\"],\"inLanguage\":\"sk-SK\",\"potentialAction\":[{\"@type\":\"CommentAction\",\"name\":\"Comment\",\"target\":[\"https:\\\/\\\/rothschenk.de\\\/sk\\\/epizoda-63-vianocny-special-majte-oci-otvorene-v-cestnej-premavke\\\/#respond\"]}]},{\"@type\":\"WebPage\",\"@id\":\"https:\\\/\\\/rothschenk.de\\\/sk\\\/epizoda-63-vianocny-special-majte-oci-otvorene-v-cestnej-premavke\\\/\",\"url\":\"https:\\\/\\\/rothschenk.de\\\/sk\\\/epizoda-63-vianocny-special-majte-oci-otvorene-v-cestnej-premavke\\\/\",\"name\":\"Epiz\u00f3da 63: Viano\u010dn\u00fd \u0161peci\u00e1l - Majte o\u010di otvoren\u00e9 v cestnej prem\u00e1vke\",\"isPartOf\":{\"@id\":\"https:\\\/\\\/rothschenk.de\\\/sk\\\/#website\"},\"primaryImageOfPage\":{\"@id\":\"https:\\\/\\\/rothschenk.de\\\/sk\\\/epizoda-63-vianocny-special-majte-oci-otvorene-v-cestnej-premavke\\\/#primaryimage\"},\"image\":{\"@id\":\"https:\\\/\\\/rothschenk.de\\\/sk\\\/epizoda-63-vianocny-special-majte-oci-otvorene-v-cestnej-premavke\\\/#primaryimage\"},\"thumbnailUrl\":\"https:\\\/\\\/rothschenk.de\\\/wp-content\\\/uploads\\\/2025\\\/12\\\/Perfekte-Ladungssicherung-Rothschenk-LKW-Blog.jpeg\",\"datePublished\":\"2025-12-01T15:29:55+00:00\",\"dateModified\":\"2026-01-08T10:17:05+00:00\",\"author\":{\"@id\":\"https:\\\/\\\/rothschenk.de\\\/sk\\\/#\\\/schema\\\/person\\\/8878c3ce4ac9607e11b12c500ead07e8\"},\"description\":\"N\u00e1kladn\u00e9 vozidl\u00e1 - nedostatok Ladungssicherung\u2714\ufe0f Najhor\u0161\u00ed pr\u00edpad scenario\u2714\ufe0f Technick\u00fd \u010dl\u00e1nok s konkr\u00e9tnymi pr\u00edkladmi \u2714\ufe0f Odborn\u00fd blogov\u00fd pr\u00edspevok\",\"breadcrumb\":{\"@id\":\"https:\\\/\\\/rothschenk.de\\\/sk\\\/epizoda-63-vianocny-special-majte-oci-otvorene-v-cestnej-premavke\\\/#breadcrumb\"},\"inLanguage\":\"sk-SK\",\"potentialAction\":[{\"@type\":\"ReadAction\",\"target\":[\"https:\\\/\\\/rothschenk.de\\\/sk\\\/epizoda-63-vianocny-special-majte-oci-otvorene-v-cestnej-premavke\\\/\"]}]},{\"@type\":\"ImageObject\",\"inLanguage\":\"sk-SK\",\"@id\":\"https:\\\/\\\/rothschenk.de\\\/sk\\\/epizoda-63-vianocny-special-majte-oci-otvorene-v-cestnej-premavke\\\/#primaryimage\",\"url\":\"https:\\\/\\\/rothschenk.de\\\/wp-content\\\/uploads\\\/2025\\\/12\\\/Perfekte-Ladungssicherung-Rothschenk-LKW-Blog.jpeg\",\"contentUrl\":\"https:\\\/\\\/rothschenk.de\\\/wp-content\\\/uploads\\\/2025\\\/12\\\/Perfekte-Ladungssicherung-Rothschenk-LKW-Blog.jpeg\",\"width\":1300,\"height\":976},{\"@type\":\"BreadcrumbList\",\"@id\":\"https:\\\/\\\/rothschenk.de\\\/sk\\\/epizoda-63-vianocny-special-majte-oci-otvorene-v-cestnej-premavke\\\/#breadcrumb\",\"itemListElement\":[{\"@type\":\"ListItem\",\"position\":1,\"name\":\"Domovsk\u00e1 str\u00e1nka\",\"item\":\"https:\\\/\\\/rothschenk.de\\\/sk\\\/domovska-stranka\\\/\"},{\"@type\":\"ListItem\",\"position\":2,\"name\":\"Epiz\u00f3da 63: Viano\u010dn\u00fd \u0161peci\u00e1l - Majte o\u010di otvoren\u00e9 v cestnej prem\u00e1vke\"}]},{\"@type\":\"WebSite\",\"@id\":\"https:\\\/\\\/rothschenk.de\\\/sk\\\/#website\",\"url\":\"https:\\\/\\\/rothschenk.de\\\/sk\\\/\",\"name\":\"Rothschenk - Der Online Shop f\u00fcr Ladungssicherung\",\"description\":\"Der Online Shop f\u00fcr Ladungssicherung\",\"potentialAction\":[{\"@type\":\"SearchAction\",\"target\":{\"@type\":\"EntryPoint\",\"urlTemplate\":\"https:\\\/\\\/rothschenk.de\\\/sk\\\/?s={search_term_string}\"},\"query-input\":{\"@type\":\"PropertyValueSpecification\",\"valueRequired\":true,\"valueName\":\"search_term_string\"}}],\"inLanguage\":\"sk-SK\"},{\"@type\":\"Person\",\"@id\":\"https:\\\/\\\/rothschenk.de\\\/sk\\\/#\\\/schema\\\/person\\\/8878c3ce4ac9607e11b12c500ead07e8\",\"name\":\"Sigurd Ehringer\",\"image\":{\"@type\":\"ImageObject\",\"inLanguage\":\"sk-SK\",\"@id\":\"https:\\\/\\\/rothschenk.de\\\/wp-content\\\/uploads\\\/2024\\\/02\\\/sigurd-ehringer-ladungssicherung-ausbilder-und-berater-96x96.jpg\",\"url\":\"https:\\\/\\\/rothschenk.de\\\/wp-content\\\/uploads\\\/2024\\\/02\\\/sigurd-ehringer-ladungssicherung-ausbilder-und-berater-96x96.jpg\",\"contentUrl\":\"https:\\\/\\\/rothschenk.de\\\/wp-content\\\/uploads\\\/2024\\\/02\\\/sigurd-ehringer-ladungssicherung-ausbilder-und-berater-96x96.jpg\",\"caption\":\"Sigurd Ehringer\"},\"description\":\"\u2714 VDI-zertifizierter Ausbilder f\u00fcr Ladungssicherung \u2714 Fachbuch-Autor \u2714 8 Jahre Projektmanager \u2714 12 Jahre bei der Bundeswehr (Kompaniechef) \u2714 20 Jahre Vertriebserfahrung \u2714 seit 1996 Berater\\\/Ausbilder in der Logistik \u2714 44 Jahre Ausbilder\\\/Trainer in verschiedenen Bereichen ---&gt; In einer Reihe von Fachbeitr\u00e4gen aus der Praxis, zu Themen rund um den Container und LKW, erhalten Sie Profiwissen aus erster Hand. Wie sichert man Ladung korrekt und was sind die Grundlagen der Ladungssicherung? Erarbeitet und vorgestellt werden sie von Sigurd Ehringer, Inhaber von SE-LogCon.\",\"url\":\"https:\\\/\\\/rothschenk.de\\\/sk\\\/author\\\/sigurd-ehringer\\\/\"}]}<\/script>\n<!-- \/ Yoast SEO plugin. -->","yoast_head_json":{"title":"Epiz\u00f3da 63: Viano\u010dn\u00fd \u0161peci\u00e1l - Majte o\u010di otvoren\u00e9 v cestnej prem\u00e1vke","description":"N\u00e1kladn\u00e9 vozidl\u00e1 - nedostatok Ladungssicherung\u2714\ufe0f Najhor\u0161\u00ed pr\u00edpad scenario\u2714\ufe0f Technick\u00fd \u010dl\u00e1nok s konkr\u00e9tnymi pr\u00edkladmi \u2714\ufe0f Odborn\u00fd blogov\u00fd pr\u00edspevok","robots":{"index":"index","follow":"follow","max-snippet":"max-snippet:-1","max-image-preview":"max-image-preview:large","max-video-preview":"max-video-preview:-1"},"canonical":"https:\/\/rothschenk.de\/sk\/epizoda-63-vianocny-special-majte-oci-otvorene-v-cestnej-premavke\/","og_locale":"sk_SK","og_type":"article","og_title":"Epiz\u00f3da 63: Viano\u010dn\u00fd \u0161peci\u00e1l - Majte o\u010di otvoren\u00e9 v cestnej prem\u00e1vke","og_description":"N\u00e1kladn\u00e9 vozidl\u00e1 - nedostatok Ladungssicherung\u2714\ufe0f Najhor\u0161\u00ed pr\u00edpad scenario\u2714\ufe0f Technick\u00fd \u010dl\u00e1nok s konkr\u00e9tnymi pr\u00edkladmi \u2714\ufe0f Odborn\u00fd blogov\u00fd pr\u00edspevok","og_url":"https:\/\/rothschenk.de\/sk\/epizoda-63-vianocny-special-majte-oci-otvorene-v-cestnej-premavke\/","og_site_name":"Rothschenk","article_publisher":"https:\/\/de-de.facebook.com\/FirmaRothschenk\/","article_published_time":"2025-12-01T15:29:55+00:00","article_modified_time":"2026-01-08T10:17:05+00:00","og_image":[{"width":1300,"height":976,"url":"https:\/\/rothschenk.de\/wp-content\/uploads\/2025\/12\/Perfekte-Ladungssicherung-Rothschenk-LKW-Blog.jpeg","type":"image\/jpeg"}],"author":"Sigurd Ehringer","twitter_card":"summary_large_image","twitter_misc":{"Autor":"Sigurd Ehringer","Predpokladan\u00fd \u010das \u010d\u00edtania":"4 min\u00faty"},"schema":{"@context":"https:\/\/schema.org","@graph":[{"@type":"Article","@id":"https:\/\/rothschenk.de\/sk\/epizoda-63-vianocny-special-majte-oci-otvorene-v-cestnej-premavke\/#article","isPartOf":{"@id":"https:\/\/rothschenk.de\/sk\/epizoda-63-vianocny-special-majte-oci-otvorene-v-cestnej-premavke\/"},"author":{"name":"Sigurd Ehringer","@id":"https:\/\/rothschenk.de\/sk\/#\/schema\/person\/8878c3ce4ac9607e11b12c500ead07e8"},"headline":"Epiz\u00f3da 63: Viano\u010dn\u00fd \u0161peci\u00e1l &#8211; Majte o\u010di otvoren\u00e9 v cestnej prem\u00e1vke","datePublished":"2025-12-01T15:29:55+00:00","dateModified":"2026-01-08T10:17:05+00:00","mainEntityOfPage":{"@id":"https:\/\/rothschenk.de\/sk\/epizoda-63-vianocny-special-majte-oci-otvorene-v-cestnej-premavke\/"},"wordCount":837,"commentCount":0,"image":{"@id":"https:\/\/rothschenk.de\/sk\/epizoda-63-vianocny-special-majte-oci-otvorene-v-cestnej-premavke\/#primaryimage"},"thumbnailUrl":"https:\/\/rothschenk.de\/wp-content\/uploads\/2025\/12\/Perfekte-Ladungssicherung-Rothschenk-LKW-Blog.jpeg","keywords":["Nespr\u00e1vne aplik\u00e1cie","Nespr\u00e1vne upevnenie n\u00e1kladu","Pozorovanie dia\u013enice"],"articleSection":["Cargo Blog","Fyzick\u00e1 str\u00e1nka","LORRY"],"inLanguage":"sk-SK","potentialAction":[{"@type":"CommentAction","name":"Comment","target":["https:\/\/rothschenk.de\/sk\/epizoda-63-vianocny-special-majte-oci-otvorene-v-cestnej-premavke\/#respond"]}]},{"@type":"WebPage","@id":"https:\/\/rothschenk.de\/sk\/epizoda-63-vianocny-special-majte-oci-otvorene-v-cestnej-premavke\/","url":"https:\/\/rothschenk.de\/sk\/epizoda-63-vianocny-special-majte-oci-otvorene-v-cestnej-premavke\/","name":"Epiz\u00f3da 63: Viano\u010dn\u00fd \u0161peci\u00e1l - Majte o\u010di otvoren\u00e9 v cestnej prem\u00e1vke","isPartOf":{"@id":"https:\/\/rothschenk.de\/sk\/#website"},"primaryImageOfPage":{"@id":"https:\/\/rothschenk.de\/sk\/epizoda-63-vianocny-special-majte-oci-otvorene-v-cestnej-premavke\/#primaryimage"},"image":{"@id":"https:\/\/rothschenk.de\/sk\/epizoda-63-vianocny-special-majte-oci-otvorene-v-cestnej-premavke\/#primaryimage"},"thumbnailUrl":"https:\/\/rothschenk.de\/wp-content\/uploads\/2025\/12\/Perfekte-Ladungssicherung-Rothschenk-LKW-Blog.jpeg","datePublished":"2025-12-01T15:29:55+00:00","dateModified":"2026-01-08T10:17:05+00:00","author":{"@id":"https:\/\/rothschenk.de\/sk\/#\/schema\/person\/8878c3ce4ac9607e11b12c500ead07e8"},"description":"N\u00e1kladn\u00e9 vozidl\u00e1 - nedostatok Ladungssicherung\u2714\ufe0f Najhor\u0161\u00ed pr\u00edpad scenario\u2714\ufe0f Technick\u00fd \u010dl\u00e1nok s konkr\u00e9tnymi pr\u00edkladmi \u2714\ufe0f Odborn\u00fd blogov\u00fd pr\u00edspevok","breadcrumb":{"@id":"https:\/\/rothschenk.de\/sk\/epizoda-63-vianocny-special-majte-oci-otvorene-v-cestnej-premavke\/#breadcrumb"},"inLanguage":"sk-SK","potentialAction":[{"@type":"ReadAction","target":["https:\/\/rothschenk.de\/sk\/epizoda-63-vianocny-special-majte-oci-otvorene-v-cestnej-premavke\/"]}]},{"@type":"ImageObject","inLanguage":"sk-SK","@id":"https:\/\/rothschenk.de\/sk\/epizoda-63-vianocny-special-majte-oci-otvorene-v-cestnej-premavke\/#primaryimage","url":"https:\/\/rothschenk.de\/wp-content\/uploads\/2025\/12\/Perfekte-Ladungssicherung-Rothschenk-LKW-Blog.jpeg","contentUrl":"https:\/\/rothschenk.de\/wp-content\/uploads\/2025\/12\/Perfekte-Ladungssicherung-Rothschenk-LKW-Blog.jpeg","width":1300,"height":976},{"@type":"BreadcrumbList","@id":"https:\/\/rothschenk.de\/sk\/epizoda-63-vianocny-special-majte-oci-otvorene-v-cestnej-premavke\/#breadcrumb","itemListElement":[{"@type":"ListItem","position":1,"name":"Domovsk\u00e1 str\u00e1nka","item":"https:\/\/rothschenk.de\/sk\/domovska-stranka\/"},{"@type":"ListItem","position":2,"name":"Epiz\u00f3da 63: Viano\u010dn\u00fd \u0161peci\u00e1l - Majte o\u010di otvoren\u00e9 v cestnej prem\u00e1vke"}]},{"@type":"WebSite","@id":"https:\/\/rothschenk.de\/sk\/#website","url":"https:\/\/rothschenk.de\/sk\/","name":"Rothschenk - Der Online Shop f\u00fcr Ladungssicherung","description":"Der Online Shop f\u00fcr Ladungssicherung","potentialAction":[{"@type":"SearchAction","target":{"@type":"EntryPoint","urlTemplate":"https:\/\/rothschenk.de\/sk\/?s={search_term_string}"},"query-input":{"@type":"PropertyValueSpecification","valueRequired":true,"valueName":"search_term_string"}}],"inLanguage":"sk-SK"},{"@type":"Person","@id":"https:\/\/rothschenk.de\/sk\/#\/schema\/person\/8878c3ce4ac9607e11b12c500ead07e8","name":"Sigurd Ehringer","image":{"@type":"ImageObject","inLanguage":"sk-SK","@id":"https:\/\/rothschenk.de\/wp-content\/uploads\/2024\/02\/sigurd-ehringer-ladungssicherung-ausbilder-und-berater-96x96.jpg","url":"https:\/\/rothschenk.de\/wp-content\/uploads\/2024\/02\/sigurd-ehringer-ladungssicherung-ausbilder-und-berater-96x96.jpg","contentUrl":"https:\/\/rothschenk.de\/wp-content\/uploads\/2024\/02\/sigurd-ehringer-ladungssicherung-ausbilder-und-berater-96x96.jpg","caption":"Sigurd Ehringer"},"description":"\u2714 VDI-zertifizierter Ausbilder f\u00fcr Ladungssicherung \u2714 Fachbuch-Autor \u2714 8 Jahre Projektmanager \u2714 12 Jahre bei der Bundeswehr (Kompaniechef) \u2714 20 Jahre Vertriebserfahrung \u2714 seit 1996 Berater\/Ausbilder in der Logistik \u2714 44 Jahre Ausbilder\/Trainer in verschiedenen Bereichen ---&gt; In einer Reihe von Fachbeitr\u00e4gen aus der Praxis, zu Themen rund um den Container und LKW, erhalten Sie Profiwissen aus erster Hand. Wie sichert man Ladung korrekt und was sind die Grundlagen der Ladungssicherung? Erarbeitet und vorgestellt werden sie von Sigurd Ehringer, Inhaber von SE-LogCon.","url":"https:\/\/rothschenk.de\/sk\/author\/sigurd-ehringer\/"}]}},"_links":{"self":[{"href":"https:\/\/rothschenk.de\/sk\/wp-json\/wp\/v2\/posts\/935239","targetHints":{"allow":["GET"]}}],"collection":[{"href":"https:\/\/rothschenk.de\/sk\/wp-json\/wp\/v2\/posts"}],"about":[{"href":"https:\/\/rothschenk.de\/sk\/wp-json\/wp\/v2\/types\/post"}],"author":[{"embeddable":true,"href":"https:\/\/rothschenk.de\/sk\/wp-json\/wp\/v2\/users\/1536"}],"replies":[{"embeddable":true,"href":"https:\/\/rothschenk.de\/sk\/wp-json\/wp\/v2\/comments?post=935239"}],"version-history":[{"count":2,"href":"https:\/\/rothschenk.de\/sk\/wp-json\/wp\/v2\/posts\/935239\/revisions"}],"predecessor-version":[{"id":986691,"href":"https:\/\/rothschenk.de\/sk\/wp-json\/wp\/v2\/posts\/935239\/revisions\/986691"}],"wp:featuredmedia":[{"embeddable":true,"href":"https:\/\/rothschenk.de\/sk\/wp-json\/wp\/v2\/media\/935175"}],"wp:attachment":[{"href":"https:\/\/rothschenk.de\/sk\/wp-json\/wp\/v2\/media?parent=935239"}],"wp:term":[{"taxonomy":"category","embeddable":true,"href":"https:\/\/rothschenk.de\/sk\/wp-json\/wp\/v2\/categories?post=935239"},{"taxonomy":"post_tag","embeddable":true,"href":"https:\/\/rothschenk.de\/sk\/wp-json\/wp\/v2\/tags?post=935239"}],"curies":[{"name":"wp","href":"https:\/\/api.w.org\/{rel}","templated":true}]}}